{"id":343739,"date":"2023-01-09T23:27:44","date_gmt":"2023-01-10T02:27:44","guid":{"rendered":"https:\/\/www.suno.com.br\/noticias\/?p=343739"},"modified":"2023-01-09T23:28:12","modified_gmt":"2023-01-10T02:28:12","slug":"radar-vivo-vivt3-tim-tims3-oi-oibr3-hapvida-hapv3","status":"publish","type":"post","link":"https:\/\/www.suno.com.br\/noticias\/radar-vivo-vivt3-tim-tims3-oi-oibr3-hapvida-hapv3\/","title":{"rendered":"Radar: Vivo (VIVT3) e Tim (TIMS3) devem ter resultados &#8220;mornos&#8221; no 4T22, Hapvida (HAPV3) derrete na Bolsa e Oi (OIBR3) sobe ap\u00f3s grupamento de a\u00e7\u00f5es"},"content":{"rendered":"<p>O Santander acredita que a<strong> <a class=\"suno-keyword\" data-force=\"yes\" data-priority=\"2\" href=\"https:\/\/www.suno.com.br\/acoes\/VIVT3\/\" target=\"_blank\" rel=\"noopener\">Vivo<\/a><\/strong><a class=\"suno-keyword\" data-force=\"yes\" data-priority=\"2\" href=\"https:\/\/www.suno.com.br\/acoes\/VIVT3\/\" target=\"_blank\" rel=\"noopener\"> (VIVT3)<\/a> e a <a class=\"suno-keyword\" data-force=\"yes\" data-priority=\"2\" href=\"https:\/\/www.suno.com.br\/acoes\/TIMS3\/\" target=\"_blank\" rel=\"noopener\">Tim (TIMS3)<\/a> ter\u00e3o resultados &#8220;mornos&#8221; no quarto trimestre de 2022, com desacelera\u00e7\u00e3o de margens no crescimento da receita, contra\u00e7\u00e3o na lucratividade e um &#8220;<a href=\"https:\/\/www.suno.com.br\/artigos\/capex\/\">capex <\/a>crescente&#8221;.<\/p>\t<div class=\"wrapper-featured-image\">\n\t\t<figure class=\"spotlightImg\">\n\n\t\t\t<picture>\n\t\t\t\t<source media=\"(max-width: 768px)\" srcset=\"https:\/\/files.sunoresearch.com.br\/n\/uploads\/2021\/03\/01c9a5a1-vivo-400x200.webp\">\n\t\t\t\t<img loading=\"lazy\" decoding=\"async\" class=\"newsContent__article__imgCapa lazyloadDisabled \" src=\"https:\/\/files.sunoresearch.com.br\/n\/uploads\/2021\/03\/01c9a5a1-vivo-800x450.webp\" width=\"800\" height=\"450\" alt=\"Radar: Vivo (VIVT3) e Tim (TIMS3) devem ter resultados &#8220;mornos&#8221; no 4T22, Hapvida (HAPV3) derrete na Bolsa e Oi (OIBR3) sobe ap\u00f3s grupamento de a\u00e7\u00f5es\" fetchpriority=high \/>\n\t\t\t<\/picture>\n\n\t\t\t<figcaption class=\"wp-caption-text wp-caption-text--show\">Vivo, da Telef\u00f4nica (VIVT3) - Foto: Vivo\/Divulga\u00e7\u00e3o<\/figcaption>\n\t\t<\/figure>\n\t<\/div>\n\n\n\n\n\n\t<p>\n\t\t<a href=\"\" target=\"_blank\" data-element=\"shortcode-suno-banner\" title=\"Banner SUNO, clique e saiba mais\">\n\t\t\t<picture>\n\t\t\t\t<source media=\"(max-width: 500px)\" srcset=\"\">\n\t\t\t\t<img class=\"newsContent__article__imgCapa newsContent__article__imgCapa--banner\"\n\t\t\t\t\tsrc=\"\"\n\t\t\t\t\tdata-promo-id=\"138420\"\t\t\t\t\t\t\t\t\t\t\t\t\t\t\talt=\"\"\n\t\t\t\t>\n\t\t\t<\/picture>\n\t\t<\/a>\n\t<\/p>\n\n\n\n\n\n<p>Os <strong>analistas do Santander<\/strong> afirmam que a aus\u00eancia de aumentos de pre\u00e7o no trimestre e recargas pr\u00e9-pagas mais fracas, devido ao cen\u00e1rio macro vol\u00e1til, podem impactar negativamente o <strong>4T22 da Vivo<\/strong> e da <strong>Tim<\/strong>.<\/p>\n\n\n\n<p>&#8220;Na frente do Ebitda [Lucros antes de juros, impostos, <a class=\"suno-keyword\" data-force=\"no\" data-priority=\"1\" href=\"https:\/\/www.suno.com.br\/artigos\/depreciacao-amortizacao\/\" target=\"_blank\" rel=\"noopener\">deprecia\u00e7\u00e3o e amortiza\u00e7\u00e3o<\/a>], esperamos que ambas as empresas reportem margens menores anualmente, representando uma ruptura com as tend\u00eancias observadas no 3T22&#8243;, explicaram os analistas. <\/p>\n\n\n\n<p>No 4T21, a Vivo apresentou<strong> <a class=\"suno-keyword\" data-force=\"no\" data-priority=\"1\" href=\"https:\/\/www.suno.com.br\/artigos\/margem-ebitda\/\" target=\"_blank\" rel=\"noopener\">margem Ebitda<\/a><\/strong> recorrente de 42,9%, enquanto a Tim obteve margem Ebitda de&nbsp;51,0%.<\/p>\n\n\n\n<p>O <a class=\"suno-keyword\" data-force=\"no\" data-priority=\"1\" href=\"https:\/\/www.suno.com.br\/artigos\/lucro-liquido\/\" target=\"_blank\" rel=\"noopener\">l<\/a><strong><a class=\"suno-keyword\" data-force=\"no\" data-priority=\"1\" href=\"https:\/\/www.suno.com.br\/artigos\/lucro-liquido\/\" target=\"_blank\" rel=\"noopener\">ucro l\u00edquido<\/a> da Vivo<\/strong> e da Tim pode permanecer pressionado por um alto n\u00edvel de deprecia\u00e7\u00e3o, exaust\u00e3o e amortiza\u00e7\u00e3o e <a class=\"suno-keyword\" data-force=\"no\" data-priority=\"1\" href=\"https:\/\/www.suno.com.br\/artigos\/despesas-financeiras\/\" target=\"_blank\" rel=\"noopener\">despesas financeiras<\/a>, diz o Santander. <\/p>\n\n\n\n<p>A Tim, no entanto, deve ter uma desacelera\u00e7\u00e3o mais significativa do que a Vivo no trimestre. \u00c9 que para a Tim \u00e9 projetado um crescimento menor, principalmente no segmento m\u00f3vel. Os analistas observam que os <strong>resultados da Tim<\/strong> podem ser pressionados por um baixo n\u00edvel de adi\u00e7\u00f5es l\u00edquidas de assinantes e pela din\u00e2mica mais fraca do pr\u00e9-pago. <\/p>\n\n\n\n<p>Por fim, o Santander espera que as tend\u00eancias operacionais da Vivo e da Tim devem eventualmente melhorar com a consolida\u00e7\u00e3o de sinergias, mais aparentes apenas a partir do segundo semestre de 2023.<\/p>\n\n\n\n<h2 class=\"wp-block-heading\" id=\"h-projecoes-do-4t22-da-tim\">Proje\u00e7\u00f5es do 4T22 da Tim<\/h2>\n\n\n\n<p>O Santander espera que a TIm reporte uma <a class=\"suno-keyword\" data-force=\"no\" data-priority=\"1\" href=\"https:\/\/www.suno.com.br\/artigos\/o-que-receita-liquida\/\" target=\"_blank\" rel=\"noopener\">receita l\u00edquida<\/a> de R$ 5,8 bilh\u00f5es no quarto trimestre de 2022, 21% maior na compara\u00e7\u00e3o anual. <\/p>\n\n\n\n<p>O Ebitda no trimestre da Tim deve ser de R$ 2,9 bilh\u00f5es, implicando um crescimento de 19% contra o 4T21 e <a class=\"suno-keyword\" data-force=\"no\" data-priority=\"1\" href=\"https:\/\/www.suno.com.br\/artigos\/margem-ebitda\/\" target=\"_blank\" rel=\"noopener\">margem Ebitda<\/a> de 50%, contra\u00e7\u00e3o de 100 pontos-base na mesma compara\u00e7\u00e3o., <\/p>\n\n\n\n<p>O<strong> <a class=\"suno-keyword\" data-force=\"no\" data-priority=\"1\" href=\"https:\/\/www.suno.com.br\/artigos\/lucro-liquido\/\" target=\"_blank\" rel=\"noopener\">lucro l\u00edquido<\/a> da Tim <\/strong>deve atingir R$ 414 milh\u00f5es, representando uma queda de 46% em rela\u00e7\u00e3o ao ano anterior. <\/p>\n\n\n\n<p>Por fim, projetam capex de R$ 1,5 bi, levando a Tim a fechar o ano de 2022 no patamar de R$ 4,8 bilh\u00f5es, em linha com o guidance.<\/p>\n\n\n\n<p><strong>Abaixo, veja as estimativas do Santander versus o consenso de mercado para os resultados (em R$):<\/strong><\/p>\n\n\n\n<figure class=\"wp-block-image size-full\"><img loading=\"lazy\" decoding=\"async\" width=\"487\" height=\"193\" src=\"https:\/\/files.sunoresearch.com.br\/n\/uploads\/2023\/01\/santander-tim-tims3-4t22.png\" alt=\"\" class=\"wp-image-343527\" srcset=\"https:\/\/files.sunoresearch.com.br\/n\/uploads\/2023\/01\/santander-tim-tims3-4t22.png 487w, https:\/\/files.sunoresearch.com.br\/n\/uploads\/2023\/01\/santander-tim-tims3-4t22-300x119.png 300w, https:\/\/files.sunoresearch.com.br\/n\/uploads\/2023\/01\/santander-tim-tims3-4t22-150x59.png 150w\" sizes=\"(max-width: 487px) 100vw, 487px\" \/><figcaption class=\"wp-element-caption\">Fonte: Santander<\/figcaption><\/figure>\n\n\n\n<h2 class=\"wp-block-heading\"><strong>Proje\u00e7\u00f5es do 4T22 da Vivo<\/strong><\/h2>\n\n\n\n<p>O Santander espera a Vivo reporte uma <a class=\"suno-keyword\" target=\"_blank\" data-force=\"no\" data-priority=\"1\" href=\"https:\/\/www.suno.com.br\/artigos\/o-que-receita-liquida\/\" rel=\"noopener\">receita l\u00edquida<\/a> de R$ 12,5 bilh\u00f5es no 4T22, implicando um crescimento de 9% anualmente.<\/p>\n\n\n\n<p>&#8220;Do ponto de vista da unidade de neg\u00f3cios, esperamos que o empresa apresente crescimento um pouco menor no segmento m\u00f3vel, enquanto a fixa deve apresentar tend\u00eancias semelhantes \u00e0s do 3T22&#8221;, ressaltou o Santander.<\/p>\n\n\n\n<p>Al\u00e9m disso, a Vivo deve reportar um Ebitda de R$ 5,3 bilh\u00f5es com margem de 42,3%, queda de 60 pontos-base na compara\u00e7\u00e3o anual.<\/p>\n\n\n\n<p>Para o lucro l\u00edquido, projetam que a Vivo reporte R$ 1,1 bilh\u00e3o, tamb\u00e9m pressionado por maiores deprecia\u00e7\u00e3o e amortiza\u00e7\u00e3o e despesas financeiras. <\/p>\n\n\n\n<p>Por fim, acreditam que o <strong>capex da Vivo<\/strong> pode ser um &#8220;fator negativo surpresa&#8221; no quarto trimestre, pressionado pelo lan\u00e7amento de 5G e expans\u00e3o de FTTH (Fiber to the home ou Fibra para a resid\u00eancia).<\/p>\n\n\n\n<p>Assim, o capex deve totalizar  R$ 2,5 bilh\u00f5es, levando a Vivo a fechar o ano de 2022 no patamar de R$ 9,5 bilh\u00f5es. <\/p>\n\n\n\n<p><strong>Abaixo, veja as estimativas do Santander versus o consenso de mercado para os resultados (em R$):<\/strong><\/p>\n\n\n\n<figure class=\"wp-block-image size-full\"><img loading=\"lazy\" decoding=\"async\" width=\"497\" height=\"205\" src=\"https:\/\/files.sunoresearch.com.br\/n\/uploads\/2023\/01\/santander-vivo-vivt3-4t22.png\" alt=\"\" class=\"wp-image-343539\" srcset=\"https:\/\/files.sunoresearch.com.br\/n\/uploads\/2023\/01\/santander-vivo-vivt3-4t22.png 497w, https:\/\/files.sunoresearch.com.br\/n\/uploads\/2023\/01\/santander-vivo-vivt3-4t22-300x124.png 300w, https:\/\/files.sunoresearch.com.br\/n\/uploads\/2023\/01\/santander-vivo-vivt3-4t22-150x62.png 150w\" sizes=\"(max-width: 497px) 100vw, 497px\" \/><figcaption class=\"wp-element-caption\">Fonte: Santander<\/figcaption><\/figure>\n\n\n\n<h2 class=\"wp-block-heading\"><strong>Cota\u00e7\u00e3o<\/strong><\/h2>\n\n\n\n<p>As a\u00e7\u00f5es da <strong>Vivo<\/strong> fecharam esta segunda-feira (9) em queda de 0,31%, cotadas a R$ 38,10 e as da Tim subiram 0,084%, cotadas a R$ 11,95.<\/p>\n\n\n\n<p><em>Al\u00e9m da<\/em><strong><em>&nbsp;Vivo<\/em><\/strong><em>, confira outros destaques desta segunda-feira<\/em>:<a href=\"https:\/\/lp.suno.com.br\/cl\/sr-guia-como-investir-em-2023\/\" target=\"_blank\" rel=\"noreferrer noopener\"><\/a><a href=\"https:\/\/lp.suno.com.br\/pv\/sr-internacional\/de-o-proximo-passo-internacional\/\" target=\"_blank\" rel=\"noreferrer noopener\"><\/a><\/p>\n\n\n\t<p>\n\t\t<a href=\"https:\/\/lp.suno.com.br\/planilha-controle-gastos\/\" target=\"_blank\" data-element=\"shortcode-suno-banner\" title=\"Banner SUNO, clique e saiba mais\">\n\t\t\t<picture>\n\t\t\t\t<source media=\"(max-width: 500px)\" srcset=\"https:\/\/files.sunoresearch.com.br\/n\/uploads\/2023\/03\/400x300-Planilha-controle-de-gastos.png\">\n\t\t\t\t<img class=\"newsContent__article__imgCapa newsContent__article__imgCapa--banner\"\n\t\t\t\t\tsrc=\"https:\/\/files.sunoresearch.com.br\/n\/uploads\/2023\/03\/1420x240-Planilha-controle-de-gastos.png\"\n\t\t\t\t\tdata-promo-id=\"101751\"\t\t\t\t\t\t\t\t\t\twidth='1420' height='240'\t\t\t\t\talt=\"https:\/\/files.sunoresearch.com.br\/n\/uploads\/2023\/03\/1420x240-Planilha-controle-de-gastos.png\"\n\t\t\t\t>\n\t\t\t<\/picture>\n\t\t<\/a>\n\t<\/p>\n\n\n\n\n\n<h2 class=\"wp-block-heading\">Oi (OIBR3) registra alta de 3% ap\u00f3s grupamento de a\u00e7\u00f5es e papel abandona penny stocks<\/h2>\n\n\n\n<ul class=\"wp-block-list\">\n<li>As a\u00e7\u00f5es da <strong>Oi<\/strong> (<a href=\"https:\/\/suno.com.br\/acoes\/oibr3\/\" target=\"_blank\" rel=\"noreferrer noopener\">OIBR3<\/a>) foram grupadas nesta segunda (9). Ap\u00f3s a valoriza\u00e7\u00e3o inicial, que fez com que esses ativos deixassem de ser <a class=\"suno-keyword\" data-force=\"no\" data-priority=\"1\" href=\"https:\/\/www.suno.com.br\/artigos\/penny-stocks\/\" target=\"_blank\" rel=\"noopener\">penny stocks<\/a> (quando uma a\u00e7\u00e3o \u00e9 comercializada por menos de R$ 1), os pap\u00e9is foram negociados com altas superiores a 5% no intra-dia.<\/li>\n\n\n\n<li>As <strong>a\u00e7\u00f5es da Oi<\/strong> fecharam hoje (9) em alta de 3,12%, negociadas a R$ 1,65.<\/li>\n\n\n\n<li>O <a class=\"suno-keyword\" data-force=\"no\" data-priority=\"1\" href=\"https:\/\/www.suno.com.br\/artigos\/grupamento-de-acoes\/\" target=\"_blank\" rel=\"noopener\">grupamento de a\u00e7\u00f5es<\/a> ocorreu na propor\u00e7\u00e3o de dez para um. Na sexta (6), \u00faltimo dia antes da uni\u00e3o dos pap\u00e9is, o ticker <strong>OIBR3<\/strong> fechou o preg\u00e3o sendo negociado a R$ 0,16.<\/li>\n\n\n\n<li>O <strong>grupamento de a\u00e7\u00f5es da Oi<\/strong> foi aprovado pelos acionistas da empresa em dezembro de 2022.<\/li>\n\n\n\n<li>Nessa iniciativa, cada lote de 10 a\u00e7\u00f5es foi grupado em uma \u00fanica a\u00e7\u00e3o da Oi de mesma esp\u00e9cie &#8212; regra v\u00e1lida tanto para OIBR3 como para OIBR4.<\/li>\n\n\n\n<li>O grupamento tamb\u00e9m permite que os pap\u00e9is da empresa voltem a atender um dos crit\u00e9rios para que sejam eleg\u00edveis \u00e0 composi\u00e7\u00e3o de \u00edndices de mercado, como o \u00edndice Bovespa da B3.<\/li>\n\n\n\n<li><strong>Oi: empresa quer separar &#8220;fil\u00e9&#8221; do &#8220;osso&#8221;<\/strong><\/li>\n\n\n\n<li>Com o fim da <strong>recupera\u00e7\u00e3o judicial<\/strong>, a Oi estuda separar as opera\u00e7\u00f5es da Oi Fibra em uma nova empresa independente, batizada temporariamente como ClientCo. <\/li>\n\n\n\n<li>Segundo informa\u00e7\u00f5es divulgadas pela Coluna do Broadcast, do jornal O Estado de S\u00e3o Paulo, o projeto da companhia telef\u00f4nica prev\u00ea que o \u201cfil\u00e9\u201d do grupo seja desmembrado, enquanto o \u201cosso\u201d segue dentro da companhia.<\/li>\n\n\n\n<li>Assim, os ativos da <strong>Oi Fibra<\/strong>, que s\u00e3o a base de clientes, canais de comunica\u00e7\u00e3o, venda e atendimento e os sistemas para a presta\u00e7\u00e3o do servi\u00e7o de banda larga, iriam para esse novo neg\u00f3cio, enquanto o &#8220;osso&#8221;, as unidades respons\u00e1veis pela telefonia fixa, TV por assinatura e as subsidi\u00e1rias de manuten\u00e7\u00e3o de redes e call center, ficariam na empresa-m\u00e3e.<\/li>\n\n\n\n<li>Em 2022, a opera\u00e7\u00e3o da Oi Fibra conta com <a class=\"suno-keyword\" target=\"_blank\" data-force=\"no\" data-priority=\"1\" href=\"https:\/\/www.suno.com.br\/artigos\/lucro-operacional\/\" rel=\"noopener\">lucro operacional<\/a> estimado de R$ 238 milh\u00f5es e existe a previs\u00e3o de que esse bra\u00e7o da Oi chegue a R$ 1,6 bilh\u00e3o em 2024. J\u00e1 o &#8220;osso&#8221; amarga um preju\u00edzo operacional de R$ 92 milh\u00f5es no ano passado, e a previs\u00e3o \u00e9 de que essa \u00e1rea consuma bem mais de R$ 1 bilh\u00e3o de caixa nos pr\u00f3ximos dois anos.<\/li>\n\n\n\n<li>A <strong>Oi Solu\u00e7\u00f5es<\/strong>, respons\u00e1vel pelos servi\u00e7os de tecnologia da informa\u00e7\u00e3o e de conectividade para empresas, tamb\u00e9m seguiria dentro da empresa-m\u00e3e. Ao contr\u00e1rio do \u201cosso\u201d, esse neg\u00f3cio fecha no azul, com <a class=\"suno-keyword\" target=\"_blank\" data-force=\"no\" data-priority=\"1\" href=\"https:\/\/www.suno.com.br\/artigos\/lucro-operacional\/\" rel=\"noopener\">lucro operacional<\/a> estimado de R$ 640 milh\u00f5es em 2022.<\/li>\n\n\n\n<li>Procurada pela publica\u00e7\u00e3o, a <strong>Oi<\/strong> n\u00e3o quis se manifestar sobre o caso.<\/li>\n<\/ul>\n\n\n\n<h2 class=\"wp-block-heading\">Vale a pena investir nas a\u00e7\u00f5es da Petrobras (PETR4) em 2023?<\/h2>\n\n\n\n<ul class=\"wp-block-list\">\n<li>Os investidores da <strong>Petrobras<\/strong> (<a href=\"https:\/\/www.suno.com.br\/acoes\/petr4\/\">PETR4<\/a>) est\u00e3o mais apreensivos neste in\u00edcio de ano com a chegada do novo governo e os impactos nas a\u00e7\u00f5es da companhia. Mas h\u00e1 motivos para se preocupar? Analistas consultados pelo Suno Not\u00edcias dizem o que pode mudar na empresa com a nova gest\u00e3o, do pagamento de dividendos aos pre\u00e7os das a\u00e7\u00f5es.<\/li>\n\n\n\n<li>Para Andr\u00e9 Vidal, head de \u00d2leo, G\u00e1s e Materiais B\u00e1sicos da XP, apesar dos riscos da mudan\u00e7a de <strong><a href=\"https:\/\/www.suno.com.br\/noticias\/governo-acelerar-aprovacao-prates-petrobras-petr4\/\">comando na Petrobras<\/a><\/strong>, que traz incertezas, o cen\u00e1rio para a petroleira ainda segue positivo.<\/li>\n\n\n\n<li>\u201cNossa recomenda\u00e7\u00e3o de compra para as <strong>a\u00e7\u00f5es da Petrobras<\/strong>, com pre\u00e7o-alvo de R$ 35,50, se sustenta na manuten\u00e7\u00e3o da pol\u00edtica de paridade de importa\u00e7\u00e3o nos pre\u00e7os dos combust\u00edveis, que tem na Lei das Estatais uma das suas principais defesas, mas n\u00e3o a \u00fanica\u201d, disse Vidal.<\/li>\n\n\n\n<li>O especialista pontuou que, caso a lei seja aprovada, a flexibiliza\u00e7\u00e3o nas indica\u00e7\u00f5es pol\u00edticas e a amplia\u00e7\u00e3o dos gastos com publicidade teriam consequ\u00eancias bastante negativas para a Petrobras no curto, m\u00e9dio e longo prazos.<\/li>\n\n\n\n<li>\u201cApenas como refer\u00eancia, 1,5% de Receita Bruta anual (o adicional de limite de despesas com publicidade e patroc\u00ednio) equivale ao redor de R$ 8,5 a R$ 11 bilh\u00f5es anuais, nos pr\u00f3ximos 4 anos (a depender do pre\u00e7o do barril do petr\u00f3leo e da taxa de c\u00e2mbio). Se f\u00f4ssemos calcular essa perda de margem (1,5% da Receita Bruta) de forma permanente para a Petrobras em nosso modelo, isso implicaria em uma redu\u00e7\u00e3o no nosso pre\u00e7o-alvo ao redor dos ~R$ 3,50\/PETR4\u201d, disse Vidal em relat\u00f3rio enviado \u00e0 Suno.<\/li>\n\n\n\n<li>Na avalia\u00e7\u00e3o de Jo\u00e3o Lucas Tonello, CNPI, analista da Benndorf Research, apesar de uma parte relevante do <strong>risco pol\u00edtico para a Petrobras<\/strong> j\u00e1 estar precificada, sem que haja respostas para algumas quest\u00f5es importantes sobre como a companhia ser\u00e1 gerida pelo novo governo, as a\u00e7\u00f5es devem sofrer impactos negativos nas primeiras semanas do ano.<\/li>\n\n\n\n<li>Em dezembro, o BTG Pactual j\u00e1 mantinha a recomenda\u00e7\u00e3o &#8220;neutra&#8221; para as a\u00e7\u00f5es da <a class=\"suno-keyword\" data-force=\"yes\" data-priority=\"2\" href=\"https:\/\/www.suno.com.br\/acoes\/PETR4\/\" target=\"_blank\" rel=\"noopener\"><strong>Petrobras <\/strong>(PETR4)<\/a>, com o pre\u00e7o-alvo de R$ 35, 70. Os analistas sugeriam cautela com o investimento em <strong>a\u00e7\u00f5es da Petrobras<\/strong>, ao menos durante a mudan\u00e7a no comando da estatal.<\/li>\n\n\n\n<li>Em rela\u00e7\u00e3o \u00e0s expectativas para o <strong>quarto trimestre de 2022<\/strong>, Vidal destacou que devem vir bons resultados para a Petrobras. No entanto, \u00e0 medida em que avan\u00e7a o horizonte temporal, maiores ficam as incertezas sobre qual ser\u00e1 o futuro da estatal.<\/li>\n\n\n\n<li>Para o analista da Benndorf Research, apesar de tamb\u00e9m acreditar em bons resultados, lembra que a <strong>a\u00e7\u00e3o da Petrobras<\/strong> vem sofrendo maior volatilidade, comparado com o terceiro trimestre de 2022. Para que ocorra um bom desempenho operacional neste ano, Tonello avaliou ser fundamental que o novo governo mantenha a pol\u00edtica de pre\u00e7os da estatal.&nbsp;<\/li>\n\n\n\n<li>Ainda na avalia\u00e7\u00e3o de Vidal, existem v\u00e1rias quest\u00f5es em aberto sobre como ser\u00e1 a governan\u00e7a corporativa da empresa a partir de 2023.<\/li>\n\n\n\n<li>\u201cNosso cen\u00e1rio base ainda \u00e9 que os pre\u00e7os dos combust\u00edveis sigam a precifica\u00e7\u00e3o por paridade de importa\u00e7\u00e3o (PPI) e sem grandes desembolsos de CAPEX para projetos greenfield a serem implantados nos pr\u00f3ximos anos. Mas acreditamos que os investidores negociar\u00e3o a a\u00e7\u00e3o no curto prazo de acordo com o fluxo de not\u00edcias relacionadas a indica\u00e7\u00f5es de como o pr\u00f3ximo governo se comportar\u00e1 em suas pol\u00edticas econ\u00f4micas. No entanto, vemos muitos dos piores resultados j\u00e1 incorporados nos pre\u00e7os das a\u00e7\u00f5es e, portanto, mantemos nossa classifica\u00e7\u00e3o de compra\u201d, avaliou.<\/li>\n\n\n\n<li>No trimestre anterior, a companhia apresentou um forte Ebitda (sigla em ingl\u00eas para lucro antes de juros, impostos, deprecia\u00e7\u00f5es e amortiza\u00e7\u00f5es) em gera\u00e7\u00e3o de caixa livre &#8211; 50% yield anualizado sobre valor de mercado &#8211; e pagamento de dividendos &#8211; R$ 3,35\/a\u00e7\u00e3o, 45% de yield anualizado sobre PETR4 &#8211; com uma s\u00f3lida posi\u00e7\u00e3o financeira &#8211; 0,7 x DL\/Ebitda. Al\u00e9m disso, Vidal mencionou que a empresa conseguiu manter-se como uma das majors de O&amp;G mais baratas do mundo, a 2,2 EV\/Ebitida 2023.&nbsp;<\/li>\n\n\n\n<li><strong>O futuro da Petrobras<\/strong><\/li>\n\n\n\n<li>Ap\u00f3s o presidente Luiz In\u00e1cio Lula da Silva (PT) barrar processo de <strong>privatiza\u00e7\u00e3o da Petrobra<\/strong>s e de mais sete estatais, as a\u00e7\u00f5es da companhia ca\u00edram mais de 6% no preg\u00e3o do primeiro dia \u00fatil do ano, segunda-feira (2).&nbsp;Na primeira semana de 2023, os <strong>pap\u00e9is da Petrobras<\/strong> valorizaram 3,79%, cotados a R$ 23,82. <\/li>\n\n\n\n<li>O novo governo quer que a petrol\u00edfera priorize novos investimentos e fique menos focada na remunera\u00e7\u00e3o dos acionistas.<\/li>\n\n\n\n<li>Como uma das primeiras medidas adotadas pelo presidente veio a indica\u00e7\u00e3o do senador Jean Paul Prates para ocupar o cargo de presidente da Petrobras, oficializada pelo Minist\u00e9rio de Minas e Energia (MME) na \u00faltima ter\u00e7a-feira (3). Logo ap\u00f3s a indica\u00e7\u00e3o, Caio M\u00e1rio Paes de Andrade anunciou ren\u00fancia antecipada da posi\u00e7\u00e3o, o que colocou interinamente Jo\u00e3o Henrique Rittershaussen, diretor-executivo de Desenvolvimento da Produ\u00e7\u00e3o, no posto. Prates ainda precisa do aval do Conselho de Administra\u00e7\u00e3o da empresa para assumir como CEO da estatal.<\/li>\n\n\n\n<li>A decis\u00e3o levanta uma especula\u00e7\u00e3o de que possa haver altera\u00e7\u00e3o na pol\u00edtica de pre\u00e7os de combust\u00edveis nos pr\u00f3ximos meses.<\/li>\n\n\n\n<li>Para que isso aconte\u00e7a ser\u00e1 necess\u00e1rio alterar dois pontos importantes da Lei das Estatais: o primeiro deles \u00e9 o que determina que as estatais devem manter pr\u00e1ticas de mercado. J\u00e1 a segunda quest\u00e3o \u00e9 a dificuldade nas nomea\u00e7\u00f5es dos pol\u00edticos.<\/li>\n\n\n\n<li>No m\u00eas anterior, a C\u00e2mara dos Deputados aprovou algumas mudan\u00e7as na lei reduzindo de 36 meses para 30 dias a quarentena para que pol\u00edticos possam ocupar cargos nessas empresas e aumentando o limite de gastos com publicidade. O Senado acabou adiando a an\u00e1lise do projeto ap\u00f3s press\u00e3o da opini\u00e3o p\u00fablica.<\/li>\n\n\n\n<li><strong>Petrobras (PETR4): desafios v\u00e3o al\u00e9m de mudan\u00e7a na pol\u00edtica de pre\u00e7os<\/strong><\/li>\n\n\n\n<li>Ainda sem data para come\u00e7ar, a nova gest\u00e3o da&nbsp;<strong>Petrobras<\/strong>&nbsp;(<a href=\"https:\/\/www.suno.com.br\/acoes\/petr4\/\" target=\"_blank\" rel=\"noreferrer noopener\">PETR4<\/a>) ter\u00e1 como prioridade resolver a quest\u00e3o do reajuste dos pre\u00e7os dos combust\u00edveis. \u00c9 o que sinaliza o indicado pelo governo do presidente Luiz In\u00e1cio Lula da Silva (PT) para a presid\u00eancia da empresa, o senador Jean Paul Prates (PT-RN), que deve assumir a companhia nas pr\u00f3ximas semanas.<\/li>\n\n\n\n<li>Com experi\u00eancia de mais de&nbsp;<a href=\"https:\/\/www.suno.com.br\/noticias\/prates-petrobras-petr4-empresas-participacao\/\" target=\"_blank\" rel=\"noreferrer noopener\">30 anos no setor de \u00f3leo e g\u00e1s,&nbsp;<strong>Prates<\/strong><\/a>&nbsp;n\u00e3o deve ter problemas para ser aprovado pelo conselho da companhia. Foi membro da assessoria jur\u00eddica da Petrobras internacional (Braspetro), no fim da d\u00e9cada de 1980 e, no in\u00edcio da d\u00e9cada de 1990, fundou a primeira consultoria brasileira especializada em petr\u00f3leo.<\/li>\n\n\n\n<li>Ele tamb\u00e9m foi secret\u00e1rio de Energia do Rio Grande do Norte em 2007 e, antes disso, foi um dos respons\u00e1veis pelo marco regulat\u00f3rio da&nbsp;<a href=\"https:\/\/www.suno.com.br\/artigos\/abertura-do-mercado\/\" target=\"_blank\" rel=\"noreferrer noopener\">abertura do mercado<\/a>&nbsp;de petr\u00f3leo, em 1997. Mais recentemente, foi relator de dois projetos para redu\u00e7\u00e3o do<strong>&nbsp;pre\u00e7o dos combust\u00edveis<\/strong>.<\/li>\n\n\n\n<li>Contudo, essa indica\u00e7\u00e3o para a&nbsp;<strong>presid\u00eancia da Petrobras<\/strong>&nbsp;foi parar na Justi\u00e7a, conforme antecipado pelo Suno Not\u00edcias. O vereador de S\u00e3o Paulo Rubinho Nunes, do Uni\u00e3o Brasil, afirma que o senador n\u00e3o pode comandar a estatal porque isso fere a Lei das Estatais.<\/li>\n\n\n\n<li>A indica\u00e7\u00e3o de&nbsp;<strong>Jean Paul Prates<\/strong>&nbsp;para a presid\u00eancia da&nbsp;<strong>Petrobras<\/strong>&nbsp;(<a href=\"https:\/\/www.suno.com.br\/acoes\/petr4\/\" target=\"_blank\" rel=\"noreferrer noopener\">PETR4<\/a>) pode ganhar novos cap\u00edtulos. Al\u00e9m de ter a&nbsp;recomenda\u00e7\u00e3o questionada na justi\u00e7a&nbsp;pelo vereador de S\u00e3o Paulo Rubinho Nunes, o senador estaria em uma situa\u00e7\u00e3o incompat\u00edvel com a Lei das Estatais por ter&nbsp;<a href=\"https:\/\/www.suno.com.br\/noticias\/prates-petrobras-petr4-empresas-participacao\/\">participa\u00e7\u00e3o em empresas na \u00e1rea de \u00f3leo e g\u00e1s<\/a>&nbsp;e petr\u00f3leo \u2014 o que pode configurar conflito de interesses.<\/li>\n\n\n\n<li><strong>Pol\u00edtica de pre\u00e7os da Petrobras<\/strong><\/li>\n\n\n\n<li>O senador nega que sua inten\u00e7\u00e3o seja intervir diretamente nos pre\u00e7os, preferindo indicar uma abordagem via pol\u00edtica p\u00fablica, como a cria\u00e7\u00e3o de uma conta de compensa\u00e7\u00e3o de pre\u00e7os.<\/li>\n\n\n\n<li>\u201cN\u00e3o tem bala de prata\u201d, costumava dizer Prates, muito antes da vit\u00f3ria do&nbsp;<strong>presidente Lula<\/strong>&nbsp;nas elei\u00e7\u00f5es presidenciais do ano passado.<\/li>\n\n\n\n<li>Em outubro, Prates explicou ao Estad\u00e3o\/Broadcast que a mudan\u00e7a na&nbsp;<strong>pol\u00edtica de pre\u00e7os da Petrobras<\/strong>&nbsp;est\u00e1 baseada em quatro pilares. O primeiro seria substituir a atual pol\u00edtica de paridade de importa\u00e7\u00e3o por um pre\u00e7o de refer\u00eancia, que seria aplicado por produto, por regi\u00e3o e por \u00e1rea de influ\u00eancia.<\/li>\n\n\n\n<li>Outra proposta \u00e9 uma conta de estabiliza\u00e7\u00e3o, que seria alimentada por lucros extraordin\u00e1rios das empresas do setor, royalties e&nbsp;<a target=\"_blank\" href=\"https:\/\/www.suno.com.br\/guias\/dividendos\/\" rel=\"noreferrer noopener\">dividendos<\/a>. Inicialmente, era previsto tamb\u00e9m arrecada\u00e7\u00e3o de recursos via&nbsp;<a target=\"_blank\" href=\"https:\/\/www.suno.com.br\/artigos\/imposto-de-exportacao\/\" rel=\"noreferrer noopener\">imposto de exporta\u00e7\u00e3o<\/a>&nbsp;de petr\u00f3leo, mas a ideia teve resist\u00eancia e foi descartada.<\/li>\n\n\n\n<li>O terceiro pilar para uma queda sustent\u00e1vel dos pre\u00e7os tamb\u00e9m passa pela cria\u00e7\u00e3o de estoques reguladores, com uma estrutura\u00e7\u00e3o de pol\u00edtica nacional junto a todas as empresas do mercado de \u00f3leo e g\u00e1s e de biocombust\u00edveis.<\/li>\n\n\n\n<li>Para completar o processo, o futuro presidente da estatal pretende ampliar a capacidade de refino da companhia com amplia\u00e7\u00f5es das plantas j\u00e1 existentes e com a conclus\u00e3o de obras ou unidades novas, com foco em diesel, g\u00e1s liquefeito de petr\u00f3leo (GLP) e aproveitamento do g\u00e1s natural, disse Prates em outubro.<\/li>\n\n\n\n<li><strong>Refinarias e quest\u00e3o ambiental na Petrobras<\/strong><\/li>\n\n\n\n<li>A proposta enterra de vez o programa de desinvestimento em&nbsp;<strong>refino<\/strong>&nbsp;da gest\u00e3o anterior, que, em 2019, colocou \u00e0 venda oito das 13 refinarias da companhia.<\/li>\n\n\n\n<li>O programa conseguiu vender apenas uma refinaria de grande porte, na Bahia, e duas pequenas: uma no Paran\u00e1 (SIX) e outra no Amazonas (Reman). A Refinaria de Mataripe, na Bahia, \u00e9 dona de 14% do mercado de refino. Hoje, \u00e9 controlada pela Acelen, bra\u00e7o de investimento do&nbsp;<a target=\"_blank\" href=\"https:\/\/www.suno.com.br\/artigos\/fundo-de-investimento-em-participacoes\/\" rel=\"noreferrer noopener\">fundo de investimento<\/a>&nbsp;\u00e1rabe Mubadala.<\/li>\n\n\n\n<li>Diferentemente dos quatro presidentes que passaram pela empresa no governo Bolsonaro, Prates defende que a Petrobras explore&nbsp;<strong>energias renov\u00e1veis<\/strong>, seguindo o caminho das principais petroleiras globais, o que indica diversificar investimentos.<\/li>\n\n\n\n<li>Hoje, a maioria dos recursos est\u00e1 concentrada na explora\u00e7\u00e3o e produ\u00e7\u00e3o, principalmente na regi\u00e3o do pr\u00e9-sal. Na gest\u00e3o anterior, a teoria era a de que a Petrobras deveria se concentrar na produ\u00e7\u00e3o de combust\u00edveis mais limpos, como o diesel RX, resultante do coprocessamento do diesel f\u00f3ssil com \u00f3leos vegetais, cuja produ\u00e7\u00e3o ainda \u00e9 t\u00edmida.<\/li>\n\n\n\n<li><strong>Dividendos da Petrobras<\/strong><\/li>\n\n\n\n<li>A pretens\u00e3o de Prates \u00e9 bem aceita por especialistas do setor, mas contraria a atual estrat\u00e9gia da empresa. Para executar o novo plano, ser\u00e1 preciso aumentar, e muito, o volume de investimentos nos pr\u00f3ximos anos, e, por consequ\u00eancia, reduzir o pagamento de&nbsp;<strong>dividendos da Petrobras<\/strong>.<\/li>\n\n\n\n<li>Em plano estrat\u00e9gico divulgado no fim de novembro do ano passado, a atual diretoria da Petrobras informou pretender investir US$ 78 bilh\u00f5es de 2023 at\u00e9 2027, sendo 83% reservados \u00e0 explora\u00e7\u00e3o e produ\u00e7\u00e3o de petr\u00f3leo. O montante n\u00e3o \u00e9 pequeno para o que se prop\u00f5e, mas, segundo o entorno de Prates, \u00e9 limitado para a transforma\u00e7\u00e3o pretendida.<\/li>\n\n\n\n<li>\u201cOs&nbsp;<strong>proventos da Petrobras<\/strong>&nbsp;no ano passado foram altos, mas n\u00e3o devemos ver essa for\u00e7a no quarto trimestre, porque j\u00e1 deve ter a influ\u00eancia do novo presidente, e isso j\u00e1 est\u00e1 sendo precificado nas a\u00e7\u00f5es\u201d, disse o analista da Ativa Investimentos Ilan Arbetman.<\/li>\n<\/ul>\n\n\n\t<p>\n\t\t<a href=\"https:\/\/lp.suno.com.br\/planilha-da-vida-financeira\/\" target=\"_blank\" data-element=\"shortcode-suno-banner\" title=\"Banner SUNO, clique e saiba mais\">\n\t\t\t<picture>\n\t\t\t\t<source media=\"(max-width: 500px)\" srcset=\"https:\/\/files.sunoresearch.com.br\/n\/uploads\/2023\/04\/400x300-Planilha-vida-financeira-true.png\">\n\t\t\t\t<img class=\"newsContent__article__imgCapa newsContent__article__imgCapa--banner\"\n\t\t\t\t\tsrc=\"https:\/\/files.sunoresearch.com.br\/n\/uploads\/2023\/04\/1420x240-Planilha-vida-financeira-true.png\"\n\t\t\t\t\tdata-promo-id=\"106682\"\t\t\t\t\t\t\t\t\t\twidth='1420' height='240'\t\t\t\t\talt=\"https:\/\/files.sunoresearch.com.br\/n\/uploads\/2023\/04\/1420x240-Planilha-vida-financeira-true.png\"\n\t\t\t\t>\n\t\t\t<\/picture>\n\t\t<\/a>\n\t<\/p>\n\n\n\n\n\n<h2 class=\"wp-block-heading\">Pague Menos (PGMN3): nova fus\u00e3o e aquisi\u00e7\u00e3o? Veja os planos da empresa para este e o pr\u00f3ximo ano<\/h2>\n\n\n\n<ul class=\"wp-block-list\">\n<li>O ano de 2022 foi muito importante para a <a class=\"suno-keyword\" data-force=\"yes\" data-priority=\"2\" href=\"https:\/\/www.suno.com.br\/acoes\/PGMN3\/\" target=\"_blank\" rel=\"noopener\"><strong>Pague Menos<\/strong> (PGMN3)<\/a>, com a aquisi\u00e7\u00e3o das 382 farm\u00e1cias Extrafarma, que ajudaram a companhia a se tornar a segunda maior rede de farm\u00e1cias do Brasil, atr\u00e1s apenas da Raia Drogasil (RADL3). A companhia revelou ao Suno Not\u00edcias estrat\u00e9gias para crescer ainda mais em 2023 e 2024.<\/li>\n\n\n\n<li>Em 2022, o<strong> faturamento da Pague Menos <\/strong>atingir\u00e1 cerca de R$ 10 bilh\u00f5es, segundo a empresa, R$ 2 bilh\u00f5es a mais do que o faturamento de 2021.<\/li>\n\n\n\n<li>Em entrevista ao Suno Not\u00edcias, Luiz Novais, VP financeiro e de RI da companhia, afirmou que o foco agora \u00e9 a integra\u00e7\u00e3o das lojas da <strong>Extrafarma<\/strong>, que durar\u00e1 dois anos, cujo desenvolvimento se dar\u00e1 principalmente em 2023. \u201cO volume relevante de capturas de sinergias vai acontecer a partir do segundo trimestre do pr\u00f3ximo ano\u201d, comentou o executivo.<\/li>\n\n\n\n<li>Essas sinergias resultam em um Ebitda (Lucros antes de juros, impostos, <a class=\"suno-keyword\" data-force=\"no\" data-priority=\"1\" href=\"https:\/\/www.suno.com.br\/artigos\/depreciacao-amortizacao\/\" target=\"_blank\" rel=\"noopener\">deprecia\u00e7\u00e3o e amortiza\u00e7\u00e3o<\/a>) incremental por ano estimado em R$ 180 a R$ 257 milh\u00f5es. Em 2021, a Pague Menos teve um Ebitda ajustado de R$ 671,0 milh\u00f5es.<\/li>\n\n\n\n<li>Depois disso, existe a possibilidade de a Pague Menos buscar em uma nova fus\u00e3o ou aquisi\u00e7\u00e3o (M&amp;A) a partir de 2024, diz o executivo.<\/li>\n\n\n\n<li>O outro foco est\u00e1 nas <strong>inaugura\u00e7\u00f5es de 60 lojas<\/strong> em 2023 e 120 em 2024. Em compara\u00e7\u00e3o, foram inauguradas 80 lojas em 2021 e 129 em 2022. Al\u00e9m disso, deve ocorrer o amadurecimento de cerca de 200 lojas abertas, que deve durar 3 anos, na avalia\u00e7\u00e3o de Novais.<\/li>\n\n\n\n<li>Atualmente, a Pague Menos possui 1600 <strong>pontos de venda<\/strong>. O objetivo \u00e9 refor\u00e7ar os servi\u00e7os de sa\u00fade. As redes t\u00eam 60 servi\u00e7os diferentes oferecidos, no espa\u00e7o intitulado \u201cClinic Farma\u201d, com testes de covid, telemedicina, hemogramas, por exemplo.<\/li>\n\n\n\n<li>Existe, por exemplo, a parceria com a <a class=\"suno-keyword\" data-force=\"yes\" data-priority=\"2\" href=\"https:\/\/www.suno.com.br\/acoes\/HAPV3\/\" target=\"_blank\" rel=\"noopener\"><strong>Hapvida <\/strong>(HAPV3)<\/a>, que oferece servi\u00e7os gratuitos nas lojas para os benefici\u00e1rios, trazendo um fluxo adicional de clientes, e com a<strong> <a class=\"suno-keyword\" data-force=\"yes\" data-priority=\"2\" href=\"https:\/\/www.suno.com.br\/acoes\/DASA3\/\" target=\"_blank\" rel=\"noopener\">Dasa<\/a><\/strong><a class=\"suno-keyword\" data-force=\"yes\" data-priority=\"2\" href=\"https:\/\/www.suno.com.br\/acoes\/DASA3\/\" target=\"_blank\" rel=\"noopener\"> (DASA3)<\/a>,<strong> <\/strong>para proporcionar uma estrutura para a venda e aplica\u00e7\u00e3o dos produtos farmac\u00eauticos da companhia.<\/li>\n\n\n\n<li>O p\u00fablico-alvo destas unidades de sa\u00fade \u00e9 a popula\u00e7\u00e3o com sal\u00e1rio de at\u00e9 R$ 4,500. Entre esses clientes, 77% n\u00e3o t\u00eam plano de sa\u00fade integrado.<\/li>\n\n\n\n<li>\u201cOferecemos servi\u00e7os de sa\u00fade a um pre\u00e7o bastante acess\u00edvel. Em uma telemedicina, por exemplo, vendemos pacotes por R$ 9,90, sem agendamento.\u201d, ressalta o executivo.<\/li>\n\n\n\n<li>O objetivo final desta estrat\u00e9gia \u00e9 a fideliza\u00e7\u00e3o de <strong>clientes da Pague Menos<\/strong>. O cliente do programa de fidelidade da companhia, o Sempre Bem Sa\u00fade, possui um ticket m\u00e9dio 38% maior do que o cliente regular da companhia. O primeiro, ao passar em uma teleconsulta gasta R$ 105, enquanto o segundo compra R$ 76 em produtos na loja.<\/li>\n\n\n\n<li><strong>M&amp;A da Pague Menos em 2024? Entenda<\/strong><\/li>\n\n\n\n<li>Antes de considerar uma fus\u00e3o ou aquisi\u00e7\u00e3o nova, a Pague Menos prioriza a integra\u00e7\u00e3o completa da Extrafarma, mas a empresa n\u00e3o descarta a possibilidade de um novo M&amp;A a partir de 2024.<\/li>\n\n\n\n<li>\u201cA gente considera a possibilidade de novas aquisi\u00e7\u00f5es, mas depender\u00e1 se encontrarmos no mercado outra rede de farm\u00e1cia que tenha um <a class=\"suno-keyword\" target=\"_blank\" data-force=\"no\" data-priority=\"1\" href=\"https:\/\/www.suno.com.br\/artigos\/valor-justo\/\" rel=\"noopener\">valor justo<\/a> &#8211; como foi o da Extrafarma\u201d, explica Novais.<\/li>\n\n\n\n<li>H\u00e1 oportunidades relevantes para a Pague Menos neste mercado, pois cerca de 50% de lojas farmac\u00eauticas est\u00e3o nas m\u00e3os de farm\u00e1cias independentes.<\/li>\n\n\n\n<li>Para monitorar essa estrat\u00e9gia, a Pague Menos constituiu uma Diretoria de <a class=\"suno-keyword\" target=\"_blank\" data-force=\"no\" data-priority=\"1\" href=\"https:\/\/www.suno.com.br\/artigos\/fusoes-aquisicoes\/\" rel=\"noopener\">fus\u00f5es e aquisi\u00e7\u00f5es<\/a> neste ano.<\/li>\n\n\n\n<li><strong>E-commerce e marketplace da Pague Menos<\/strong><\/li>\n\n\n\n<li>O e-commerce e o<strong> marketplace da Pague Menos<\/strong> s\u00e3o frentes que a companhia investe h\u00e1 quatro anos. O resultado deste foco no digital representa 11% das vendas totais da companhia.<\/li>\n\n\n\n<li>Dos R$ 10 bilh\u00f5es projetados para faturar em 2022, cerca de R$ 1 bilh\u00e3o vieram dos canais digitais da empresa.<\/li>\n\n\n\n<li>Segundo o executivo, esta ferramenta tem um potencial de incremento muito alto.<\/li>\n\n\n\n<li>Em 2023, a Pague Menos ser\u00e1 patrocinadora do Big Brother Brasil. A companhia ir\u00e1 fazer campanhas promocionais \u201crel\u00e2mpagos\u201d por meio dos canais digitais. \u201cEstamos fomentando o cliente tradicional de farm\u00e1cia a comprar mais atrav\u00e9s dos canais digitais\u201d, completa Novais.<\/li>\n\n\n\n<li><strong>Envelhecimento da popula\u00e7\u00e3o <\/strong><\/li>\n\n\n\n<li>A companhia afirma que deve continuar priorizando a assist\u00eancia do envelhecimento da popula\u00e7\u00e3o &#8211; \u201cp\u00fablico fiel\u201d de farm\u00e1cias e medicamentos.<\/li>\n\n\n\n<li>O executivo lembra que a popula\u00e7\u00e3o est\u00e1 envelhecendo muito r\u00e1pido: \u201cA cada ano que passa, 1,5 milh\u00e3o de pessoas atingem 50 anos. Este \u00e9 um p\u00fablico que, na m\u00e9dia, consome quatro vezes mais produtos de sa\u00fade do que os mais jovens.\u201d<\/li>\n\n\n\n<li>Por esse motivo, apesar dos efeitos macroecon\u00f4micos, a Pague Menos enxerga que o setor farmac\u00eautico crescer\u00e1 de 10% a 14% anualmente. <\/li>\n\n\n\n<li><strong>A\u00e7\u00f5es da Pague Menos: comprar ou n\u00e3o?<\/strong><\/li>\n\n\n\n<li>A XP Investimentos possui recomenda\u00e7\u00e3o de &#8220;compra&#8221; para as <strong>a\u00e7\u00f5es da Pague Menos<\/strong>, com pre\u00e7o-alvo de R$ 7. <\/li>\n\n\n\n<li>Os analistas consideram que a expans\u00e3o org\u00e2nica da<strong> rede de farm\u00e1cias <\/strong>permanece no caminho certo, depois dos resultados do terceiro trimestre de 2022. Para o 4T22, acreditam que ver\u00e3o economias de despesas gerais e administrativas por conta da unifica\u00e7\u00e3o da estrutura corporativa.<\/li>\n\n\n\n<li>Para o BB Investimentos, que conferiu recomenda\u00e7\u00e3o de &#8220;compra&#8221; e pre\u00e7o-alvo de R$ 10 para o ativo,  a companhia est\u00e1 vivenciando um momento expans\u00e3o org\u00e2nica combinado com a integra\u00e7\u00e3o da Extrafarma ao neg\u00f3cio, adicionando maior complexidade \u00e0 execu\u00e7\u00e3o de sua estrat\u00e9gia.<\/li>\n\n\n\n<li>A Genial Investimentos tamb\u00e9m destaca que os desafios daqui para frente para a<strong> Pague Menos<\/strong> s\u00e3o o fluxo maior de clientes, a cesta de compras e as <strong>rupturas de estoque<\/strong>. As rupturas s\u00e3o caracterizadas pelos momentos em que h\u00e1 falta de produtos para atender a demanda.<\/li>\n\n\n\n<li> Os analistas t\u00eam recomenda\u00e7\u00e3o de &#8220;compra&#8221;, com pre\u00e7o-alvo de R$ 11.<\/li>\n\n\n\n<li>Em 2022, as a\u00e7\u00f5es da <strong>Pague Menos <\/strong>ca\u00edram cerca de 52%, terminando o ano cotadas a R$ 4,38. Desde o in\u00edcio de 2023 at\u00e9 esta segunda-feira (9), as a\u00e7\u00f5es caem 0,70%. <\/li>\n<\/ul>\n\n\n\t<p>\n\t\t<a href=\"https:\/\/lp.suno.com.br\/ebook-como-analisar-uma-acao\/\" target=\"_blank\" data-element=\"shortcode-suno-banner\" title=\"Banner SUNO, clique e saiba mais\">\n\t\t\t<picture>\n\t\t\t\t<source media=\"(max-width: 500px)\" srcset=\"https:\/\/files.sunoresearch.com.br\/n\/uploads\/2023\/03\/Ebook-Acoes-Mobile-1.jpg\">\n\t\t\t\t<img class=\"newsContent__article__imgCapa newsContent__article__imgCapa--banner\"\n\t\t\t\t\tsrc=\"https:\/\/files.sunoresearch.com.br\/n\/uploads\/2023\/03\/Ebook-Acoes-Desktop-1.jpg\"\n\t\t\t\t\tdata-promo-id=\"171998\"\t\t\t\t\t\t\t\t\t\twidth='1420' height='286'\t\t\t\t\talt=\"https:\/\/files.sunoresearch.com.br\/n\/uploads\/2023\/03\/Ebook-Acoes-Desktop-1.jpg\"\n\t\t\t\t>\n\t\t\t<\/picture>\n\t\t<\/a>\n\t<\/p>\n\n\n\n\n\n<h2 class=\"wp-block-heading\">Hapvida (HAPV3) derrete 11% ap\u00f3s cortes de analistas<\/h2>\n\n\n\n<ul class=\"wp-block-list\">\n<li>Seguindo na toada negativa desde a \u00faltima semana de 2022, a <strong>Hapvida <\/strong>(<a href=\"https:\/\/www.suno.com.br\/acoes\/hapv3\" target=\"_blank\" rel=\"noreferrer noopener\">HAPV3<\/a>) caiu 11% nesta segunda-feira (9), cotada a R$ 4,20, figurando como a maior queda do Ibovespa.<\/li>\n\n\n\n<li>A companhia do segmento de <strong>sa\u00fade <\/strong>sofreu um recente corte nas suas estimativas por parte de analistas que agora estimam um aumento da <a href=\"https:\/\/www.suno.com.br\/artigos\/sinistralidade\/\" target=\"_blank\" rel=\"noreferrer noopener\">sinistralidade<\/a> com os dados da <a href=\"https:\/\/www.gov.br\/ans\/pt-br\" target=\"_blank\" rel=\"noreferrer noopener\">Ag\u00eancia Nacional de Sa\u00fade (ANS)<\/a>, al\u00e9m de levarem em considera\u00e7\u00e3o os resultados do terceiro trimestre de 2022 da Hapvida.<\/li>\n\n\n\n<li>O <strong>Bradesco BBI e o JP Morgan<\/strong> rebaixaram os pap\u00e9is <strong><a href=\"https:\/\/statusinvest.com.br\/acoes\/hapv3\" target=\"_blank\" rel=\"noreferrer noopener\">HAPV3<\/a><\/strong> de recomenda\u00e7\u00e3o de compra para neutro, com pre\u00e7os-alvo de R$ 6,50 e R$ 5,50, respectivamente.<\/li>\n\n\n\n<li>Al\u00e9m disso, o Bank of America (BofA) tamb\u00e9m cortou suas previs\u00f5es para a companhia, revertendo as proje\u00e7\u00f5es positivas de relat\u00f3rios anteriores.<\/li>\n\n\n\n<li>Os <strong>analistas <\/strong>da casa estimam um pre\u00e7o-alvo de R$ 6.<\/li>\n\n\n\n<li>&#8220;Os resultados est\u00e3o deteriorando significativamente desde o M&amp;A com a NotreDame Interm\u00e9dica (GNDI3) e acreditamos que a companhia est\u00e1 passando por mudan\u00e7as estruturais, especialmente em termos de MLR [medical loss ratio, em ingl\u00eas; um indicador de sinistralidade]&#8221;, diz o BofA.<\/li>\n\n\n\n<li>Al\u00e9m disso, os analistas destacam os m\u00faltiplos atuais, considerados excessivos. As <strong><a href=\"https:\/\/www.suno.com.br\/noticias\/hapvida-hapv3-irlau-ceo-acoes\/\" target=\"_blank\" rel=\"noreferrer noopener\">a\u00e7\u00f5es da Hapvida<\/a><\/strong> negociam cerca de 29x o lucro estimado para 2023.<\/li>\n\n\n\n<li>O BBI destacou ter uma vis\u00e3o &#8220;mais cautelosa&#8221; com as margens ap\u00f3s ver os n\u00fameros do \u00faltimo trimestre, al\u00e9m de cortar em 18% as estimativas para o Ebitda e 40% as proje\u00e7\u00f5es de lucro &#8211; para R$ 3,65 bilh\u00f5es e R$ 965 milh\u00f5es, respectivamente.<\/li>\n\n\n\n<li><strong>Corte do JP Morgan para Hapvida<\/strong><\/li>\n\n\n\n<li>Vindo na sexta (6), o corte do banco americano veio com uma sinaliza\u00e7\u00e3o de que a companhia tem um cen\u00e1rio dif\u00edcil a enfrentar nos pr\u00f3ximos dois anos, apesar de estimar um eventual ganho de <a href=\"https:\/\/www.suno.com.br\/artigos\/market-share\/\" target=\"_blank\" rel=\"noreferrer noopener\">market share e (participa\u00e7\u00e3o de mercado, do ingl\u00eas)<\/a> no segmento de planos de sa\u00fade.<\/li>\n\n\n\n<li>A fus\u00e3o com a Interm\u00e9dica tamb\u00e9m \u00e9 citada como um fator negativo, podendo gerar ru\u00eddos e impactar a gest\u00e3o da companhia.<\/li>\n\n\n\n<li>\u201cEmbora ainda vejamos a empresa como um ganhador estrutural de market share dentro planos de sa\u00fade privados, principalmente se tivermos uma perspectiva positiva para o mercado de trabalho, acreditamos que os pr\u00f3ximos 24-30 meses devem ser mais desafiadores do que o mercado espera\u201d, destacam os especialistas sobre a <strong>Hapvida<\/strong>.<\/li>\n<\/ul>\n\n\n\n<h2 class=\"wp-block-heading\">Acionista minorit\u00e1ria da Gafisa (GFSA3) convoca assembleia para suspender direitos do grupo de Tanure; entenda<\/h2>\n\n\n\n<ul class=\"wp-block-list\">\n<li><a href=\"https:\/\/www.suno.com.br\/noticias\/gafisa-gfsa3-justica-autoriza-aumento-capital\/\" target=\"_blank\" rel=\"noreferrer noopener\">Ap\u00f3s a Justi\u00e7a de S\u00e3o Paulo (TJ-SP) revogar a suspens\u00e3o do aumento de capital de R$ 78 milh\u00f5es<\/a> da&nbsp;<strong>Gafisa<\/strong>&nbsp;(<a href=\"https:\/\/suno.com.br\/acoes\/gfsa3\/\" target=\"_blank\" rel=\"noreferrer noopener\">GFSA3<\/a>), a Esh Capital convocou uma nova assembleia. O objetivo, segundo a gestora, \u00e9 suspender os direitos do grupo Master, controlado por Nelson Tanure, at\u00e9 que uma oferta p\u00fablica de aquisi\u00e7\u00e3o (OPA) seja realizada com base na<em>&nbsp;<a href=\"https:\/\/www.suno.com.br\/artigos\/poison-pills\/\">poison pill<\/a><\/em> \u2014 t\u00e1tica criada pelas empresas para desencorajar ou at\u00e9 mesmo impedir aquisi\u00e7\u00f5es consideradas hostis de companhias no&nbsp;<a href=\"https:\/\/www.suno.com.br\/artigos\/mercado-de-capitais-conceito\/\" target=\"_blank\" rel=\"noreferrer noopener\">mercado de capitais<\/a><\/li>\n\n\n\n<li>Ao Suno Not\u00edcias, <strong>Vladimir Timerman, gestor da Esh Capital<\/strong>, afirma que a convoca\u00e7\u00e3o da assembleia se deve ao fato de o grupo Master ter adquirido mais de 30% das a\u00e7\u00f5es da Gafisa, sem ter anunciado o movimento.<\/li>\n\n\n\n<li>O poison pill est\u00e1 em acordo com o artigo 50 do <strong>estatuto social da Gafisa<\/strong>. Nele, \u00e9 determinado que qualquer acionista ou grupo que atinja 30% do total de a\u00e7\u00f5es de emiss\u00e3o da companhia deve comunicar ao diretor de rela\u00e7\u00f5es com investidores e lan\u00e7ar uma oferta p\u00fablica das a\u00e7\u00f5es dos demais acionistas.<\/li>\n\n\n\n<li>&#8220;J\u00e1 fizemos o pedido e o conselho de administra\u00e7\u00e3o tem 8 dias para convocar a assembleia para deliberar. Quem tiver os direitos pol\u00edticos cassados n\u00e3o poder\u00e1 votar e, depois, dever\u00e1 ser feito um edital da OPA (oferta p\u00fablica de aquisi\u00e7\u00e3o)&#8221;, explica Timerman ao Suno Not\u00edcias.<\/li>\n\n\n\n<li><strong>Esh: &#8220;Aumento de capital se deu de forma ilegal&#8221;<\/strong><\/li>\n\n\n\n<li>Em nota ao Suno Not\u00edcias, a Esh afirmou que o<strong> aumento de capital da Gafisa<\/strong> concretizado no \u00faltimo domingo (8) se deu de forma ilegal, sem que houvesse discuss\u00e3o com os acionistas minorit\u00e1rios. &#8220;A companhia nem apresentou o parecer do conselho fiscal aos acionistas, processo necess\u00e1rio para realizar o aumento&#8221;, diz a nota.<\/li>\n\n\n\n<li>Al\u00e9m disso, para se defender da vota\u00e7\u00e3o que aconteceria na AGE marcada para essa segunda-feira (9), o <strong>grupo Master comprou a\u00e7\u00f5es da Gafisa<\/strong> de forma que, mesmo que o aumento de capital da companhia fosse discutido na assembleia, a Esh n\u00e3o conseguiria prevalecer.<\/li>\n\n\n\n<li>&#8220;Diante disso, estamos solicitando a convoca\u00e7\u00e3o de uma assembleia, conforme previsto no artigo 50 do Estatuto Social da Gafisa, com o objetivo de suspender os direitos pol\u00edticos at\u00e9 que a OPA (oferta p\u00fablica de aquisi\u00e7\u00e3o) de poison pill seja realizada&#8221;, finaliza o comunicado.<\/li>\n\n\n\n<li><strong>Gafisa n\u00e3o confirma as informa\u00e7\u00f5es<\/strong><\/li>\n\n\n\n<li>Em nota, a Gafisa informa que, em consulta a sua base acion\u00e1ria, n\u00e3o confirmou nenhuma das informa\u00e7\u00f5es divulgadas pela Esh.<\/li>\n\n\n\n<li>&#8220;Mais uma vez, a atua\u00e7\u00e3o da Esh Capital tem como \u00fanico prop\u00f3sito desinformar o mercado e satisfazer os seus pr\u00f3prios interesses. A companhia reafirma a sua governan\u00e7a e conformidade legal e ratifica as medidas que j\u00e1 adotou e continuar\u00e1 a adotar para preservar os interesses de todos os seus mais de 39 mil acionistas&#8221;, afirma a construtora.<\/li>\n\n\n\n<li><strong>Tanure x Esh Capital<\/strong><\/li>\n\n\n\n<li>Nos \u00faltimos meses, a Gafisa, controlada pelo empres\u00e1rio Nelson Tanure, protagonizou embates contra a&nbsp;<strong>Esh Capital<\/strong>, de Vladimir Timerman.<\/li>\n\n\n\n<li>Em dezembro de 2022, Tanure enfrentou questionamentos da gestora sobre uma emiss\u00e3o de&nbsp;<a href=\"https:\/\/www.suno.com.br\/artigos\/debentures-conversiveis\/\" target=\"_blank\" rel=\"noreferrer noopener\">deb\u00eantures convers\u00edveis<\/a>&nbsp;em a\u00e7\u00f5es de quase R$ 250 milh\u00f5es. A Esh tentou convocar uma Assembleia Geral Extraordin\u00e1ria (AGE) e chegou a pedir a destitui\u00e7\u00e3o dos conselhos fiscal e de administra\u00e7\u00e3o da companhia.<\/li>\n\n\n\n<li>Na \u00faltima&nbsp;<a href=\"https:\/\/www.suno.com.br\/noticias\/acoes-gafisa-gfsa3-disparam-suspensao-aumento-capital\/\" target=\"_blank\" rel=\"noreferrer noopener\">quinta (5), o TJ-SP havia barrado<\/a>&nbsp;o&nbsp;<strong>aumento de capital da Gafisa<\/strong>&nbsp;sob o argumento de que a opera\u00e7\u00e3o tinha um \u201cevidente risco de danos irrepar\u00e1veis ou de dif\u00edcil repara\u00e7\u00e3o\u201d \u00e0 Esh Capital, acionista minorit\u00e1ria da empresa.<\/li>\n\n\n\n<li>Procurado pela&nbsp;Suno Not\u00edcias na sexta-feira (6), <strong>Henrique Blecher, CEO da Gafisa<\/strong>, refor\u00e7ou que tem tentado explicar a todos os acionistas que o procuram a necessidade da opera\u00e7\u00e3o.<\/li>\n\n\n\n<li>&#8220;N\u00f3s precisamos de um caixa fortalecido para enfrentar as condi\u00e7\u00f5es de mercado neste ano.&#8221;<\/li>\n\n\n\n<li><strong>Rali de GFSA3<\/strong><\/li>\n\n\n\n<li>Com a not\u00edcia da suspens\u00e3o do aumento de capital, as a\u00e7\u00f5es da Gafisa&nbsp;dispararam e acumularam alta de mais de 200% desde o preg\u00e3o do dia 29 de dezembro. Com isso, os pap\u00e9is&nbsp;<strong>GFSA3<\/strong>&nbsp;protagonizam um dos maiores ralis no in\u00edcio do ano de 2023.<\/li>\n\n\n\n<li>Em 25 de novembro, ao oficializar o&nbsp;<a href=\"https:\/\/www.suno.com.br\/artigos\/aumento-capital\/\" target=\"_blank\" rel=\"noreferrer noopener\">aumento de capital<\/a>, as<strong>&nbsp;a\u00e7\u00f5es da Gafisa<\/strong>&nbsp;eram cotadas a R$ 6,25. Na quinta-feira (5), quando o movimento foi&nbsp;<a href=\"https:\/\/www.suno.com.br\/noticias\/acoes-gafisa-gfsa3-disparam-suspensao-aumento-capital\/\" target=\"_blank\" rel=\"noreferrer noopener\">barrado por decis\u00e3o judicial<\/a>, os pap\u00e9is fecharam o preg\u00e3o em R$ 30,70. J\u00e1 no preg\u00e3o da sexta-feira, o pre\u00e7o fechou R$ 23,00, em queda de 25,08%<\/li>\n\n\n\n<li>Antes da reviravolta envolvendo o&nbsp;<a href=\"https:\/\/www.suno.com.br\/artigos\/aumento-capital\/\" target=\"_blank\" rel=\"noreferrer noopener\">aumento de capital<\/a>, as a\u00e7\u00f5es<strong>&nbsp;<\/strong>haviam ca\u00eddo cerca de 58% no acumulado de 2022 (considerando a janela do primeiro preg\u00e3o ao dia 28 de dezembro).<\/li>\n\n\n\n<li><strong>Cota\u00e7\u00e3o nesta segunda-feira<\/strong><\/li>\n\n\n\n<li>Nesta segunda-feira (9), as a\u00e7\u00f5es da <strong>Gafisa<\/strong> operam o preg\u00e3o ao pre\u00e7o de R$ 24,99, em alta de 8,65%. No acumulado dos \u00faltimos 12 meses, a valoriza\u00e7\u00e3o do papel est\u00e1 em 67,38%.<\/li>\n<\/ul>\n\n\n\n<p><em>Da&nbsp;<\/em><strong><em>Vivo<\/em><\/strong><em>&nbsp;a Gafisa, essas foram as empresas que se destacaram hoje. Para ler todas as mat\u00e9rias&nbsp;<\/em><a href=\"https:\/\/www.suno.com.br\/noticias\/todos\/\" target=\"_blank\" rel=\"noreferrer noopener\">clique aqui.<\/a><\/p>\n\n\n\n<p><\/p>\n\n\n\n<p><a href=\"https:\/\/lp.suno.com.br\/planilha-de-controle-de-investimentos\/\" target=\"_blank\" rel=\"noreferrer noopener\"><\/a><a href=\"https:\/\/lp.suno.com.br\/pv\/sr-internacional\/de-o-proximo-passo-internacional\/\" target=\"_blank\" rel=\"noreferrer noopener\"><\/a><\/p>\n\n\n\t<p>\n\t\t<a href=\"https:\/\/lp.suno.com.br\/planilha-de-controle-de-investimentos\/\" target=\"_blank\" data-element=\"shortcode-suno-banner\" title=\"Banner SUNO, clique e saiba mais\">\n\t\t\t<picture>\n\t\t\t\t<source media=\"(max-width: 500px)\" srcset=\"https:\/\/files.sunoresearch.com.br\/n\/uploads\/2023\/03\/400x300-Controle-de-Investimentos.png\">\n\t\t\t\t<img class=\"newsContent__article__imgCapa newsContent__article__imgCapa--banner\"\n\t\t\t\t\tsrc=\"https:\/\/files.sunoresearch.com.br\/n\/uploads\/2023\/03\/1420x240-Controle-de-Investimentos.png\"\n\t\t\t\t\tdata-promo-id=\"75934\"\t\t\t\t\t\t\t\t\t\twidth='1420' height='240'\t\t\t\t\talt=\"https:\/\/files.sunoresearch.com.br\/n\/uploads\/2023\/03\/1420x240-Controle-de-Investimentos.png\"\n\t\t\t\t>\n\t\t\t<\/picture>\n\t\t<\/a>\n\t<\/p>\n\n\n","protected":false},"excerpt":{"rendered":"<p>O Santander acredita que a Vivo (VIVT3) e a Tim (TIMS3) ter\u00e3o resultados &#8220;mornos&#8221; no quarto trimestre de 2022, com desacelera\u00e7\u00e3o de margens no crescimento da receita, contra\u00e7\u00e3o na lucratividade e um &#8220;capex crescente&#8221;. Vivo, da Telef\u00f4nica (VIVT3) &#8211; Foto: Vivo\/Divulga\u00e7\u00e3o Os analistas do Santander afirmam que a aus\u00eancia de aumentos de pre\u00e7o no trimestre [&hellip;]<\/p>\n","protected":false},"author":194,"featured_media":130499,"comment_status":"closed","ping_status":"closed","sticky":false,"template":"","format":"standard","meta":[],"categories":[64],"tags":[484,497,584,60051,595,663,1141],"suno_strategy":[],"class_list":["post-343739","post","type-post","status-publish","format-standard","has-post-thumbnail","hentry","category-negocios","tag-gafisa-gfsa3","tag-hapvida-hapv3","tag-oi-oibr3-oibr4","tag-pague-menos-pgmn3","tag-petrobras-petr4","tag-tim-tims3","tag-vivo"],"yoast_head":"<!-- This site is optimized with the Yoast SEO plugin v24.4 - https:\/\/yoast.com\/wordpress\/plugins\/seo\/ -->\n<title>Radar: Vivo (VIVT3) e Tim (TIMS3) devem ter resultados &quot;mornos&quot; no 4T22, Hapvida (HAPV3) derrete na Bolsa e Oi (OIBR3) sobe ap\u00f3s grupamento de a\u00e7\u00f5es<\/title>\n<meta name=\"description\" content=\"Resultados do 4T22 da Vivo e Tim deve ser mornos e Oi registra alta nas a\u00e7\u00f5es. Clique aqui para saber mais not\u00edcias.\" \/>\n<meta name=\"robots\" content=\"index, follow, max-snippet:-1, max-image-preview:large, max-video-preview:-1\" \/>\n<link rel=\"canonical\" href=\"https:\/\/www.suno.com.br\/noticias\/radar-vivo-vivt3-tim-tims3-oi-oibr3-hapvida-hapv3\/\" \/>\n<meta property=\"og:locale\" content=\"pt_BR\" \/>\n<meta property=\"og:type\" content=\"article\" \/>\n<meta property=\"og:title\" content=\"Radar: Vivo (VIVT3) e Tim (TIMS3) devem ter resultados &quot;mornos&quot; no 4T22, Hapvida (HAPV3) derrete na Bolsa e Oi (OIBR3) sobe ap\u00f3s grupamento de a\u00e7\u00f5es\" \/>\n<meta property=\"og:description\" content=\"Resultados do 4T22 da Vivo e Tim deve ser mornos e Oi registra alta nas a\u00e7\u00f5es. Clique aqui para saber mais not\u00edcias.\" \/>\n<meta property=\"og:url\" content=\"https:\/\/www.suno.com.br\/noticias\/radar-vivo-vivt3-tim-tims3-oi-oibr3-hapvida-hapv3\/\" \/>\n<meta property=\"og:site_name\" content=\"Suno Not\u00edcias\" \/>\n<meta property=\"article:publisher\" content=\"https:\/\/facebook.com\/sunoresearch\" \/>\n<meta property=\"og:image\" content=\"https:\/\/files.sunoresearch.com.br\/n\/uploads\/2021\/03\/01c9a5a1-vivo.jpg\" \/>\n\t<meta property=\"og:image:width\" content=\"1200\" \/>\n\t<meta property=\"og:image:height\" content=\"800\" \/>\n\t<meta property=\"og:image:type\" content=\"image\/jpeg\" \/>\n<meta name=\"author\" content=\"Isabella Taglapietra\" \/>\n<meta name=\"twitter:card\" content=\"summary_large_image\" \/>\n<meta name=\"twitter:creator\" content=\"@sunoresearch\" \/>\n<meta name=\"twitter:site\" content=\"@sunoresearch\" \/>\n<meta name=\"twitter:label1\" content=\"Escrito por\" \/>\n\t<meta name=\"twitter:data1\" content=\"Isabella Taglapietra\" \/>\n\t<meta name=\"twitter:label2\" content=\"Est. tempo de leitura\" \/>\n\t<meta name=\"twitter:data2\" content=\"28 minutos\" \/>\n<script type=\"application\/ld+json\" class=\"yoast-schema-graph\">{\"@context\":\"https:\/\/schema.org\",\"@graph\":[{\"@type\":\"NewsArticle\",\"@id\":\"https:\/\/www.suno.com.br\/noticias\/radar-vivo-vivt3-tim-tims3-oi-oibr3-hapvida-hapv3\/#article\",\"isPartOf\":{\"@id\":\"https:\/\/www.suno.com.br\/noticias\/radar-vivo-vivt3-tim-tims3-oi-oibr3-hapvida-hapv3\/\"},\"author\":{\"name\":\"Isabella Taglapietra\",\"@id\":\"https:\/\/www.suno.com.br\/noticias\/#\/schema\/person\/a0be106724f6f5d705d70f04333cb249\"},\"headline\":\"Radar: Vivo (VIVT3) e Tim (TIMS3) devem ter resultados &#8220;mornos&#8221; no 4T22, Hapvida (HAPV3) derrete na Bolsa e Oi (OIBR3) sobe ap\u00f3s grupamento de a\u00e7\u00f5es\",\"datePublished\":\"2023-01-10T02:27:44+00:00\",\"dateModified\":\"2023-01-10T02:28:12+00:00\",\"mainEntityOfPage\":{\"@id\":\"https:\/\/www.suno.com.br\/noticias\/radar-vivo-vivt3-tim-tims3-oi-oibr3-hapvida-hapv3\/\"},\"wordCount\":5342,\"publisher\":{\"@id\":\"https:\/\/www.suno.com.br\/noticias\/#organization\"},\"image\":{\"@id\":\"https:\/\/www.suno.com.br\/noticias\/radar-vivo-vivt3-tim-tims3-oi-oibr3-hapvida-hapv3\/#primaryimage\"},\"thumbnailUrl\":\"https:\/\/files.sunoresearch.com.br\/n\/uploads\/2021\/03\/01c9a5a1-vivo-jpg.webp\",\"keywords\":[\"Gafisa (GFSA3)\",\"Hapvida (HAPV3)\",\"Oi (OIBR3\/OIBR4)\",\"Pague Menos (PGMN3)\",\"Petrobras (PETR4)\",\"TIM (TIMS3)\",\"Vivo\"],\"articleSection\":[\"Neg\u00f3cios\"],\"inLanguage\":\"pt-BR\"},{\"@type\":\"WebPage\",\"@id\":\"https:\/\/www.suno.com.br\/noticias\/radar-vivo-vivt3-tim-tims3-oi-oibr3-hapvida-hapv3\/\",\"url\":\"https:\/\/www.suno.com.br\/noticias\/radar-vivo-vivt3-tim-tims3-oi-oibr3-hapvida-hapv3\/\",\"name\":\"Radar: Vivo (VIVT3) e Tim (TIMS3) devem ter resultados \\\"mornos\\\" no 4T22, Hapvida (HAPV3) derrete na Bolsa e Oi (OIBR3) sobe ap\u00f3s grupamento de a\u00e7\u00f5es\",\"isPartOf\":{\"@id\":\"https:\/\/www.suno.com.br\/noticias\/#website\"},\"primaryImageOfPage\":{\"@id\":\"https:\/\/www.suno.com.br\/noticias\/radar-vivo-vivt3-tim-tims3-oi-oibr3-hapvida-hapv3\/#primaryimage\"},\"image\":{\"@id\":\"https:\/\/www.suno.com.br\/noticias\/radar-vivo-vivt3-tim-tims3-oi-oibr3-hapvida-hapv3\/#primaryimage\"},\"thumbnailUrl\":\"https:\/\/files.sunoresearch.com.br\/n\/uploads\/2021\/03\/01c9a5a1-vivo-jpg.webp\",\"datePublished\":\"2023-01-10T02:27:44+00:00\",\"dateModified\":\"2023-01-10T02:28:12+00:00\",\"description\":\"Resultados do 4T22 da Vivo e Tim deve ser mornos e Oi registra alta nas a\u00e7\u00f5es. Clique aqui para saber mais not\u00edcias.\",\"breadcrumb\":{\"@id\":\"https:\/\/www.suno.com.br\/noticias\/radar-vivo-vivt3-tim-tims3-oi-oibr3-hapvida-hapv3\/#breadcrumb\"},\"inLanguage\":\"pt-BR\",\"potentialAction\":[{\"@type\":\"ReadAction\",\"target\":[\"https:\/\/www.suno.com.br\/noticias\/radar-vivo-vivt3-tim-tims3-oi-oibr3-hapvida-hapv3\/\"]}]},{\"@type\":\"ImageObject\",\"inLanguage\":\"pt-BR\",\"@id\":\"https:\/\/www.suno.com.br\/noticias\/radar-vivo-vivt3-tim-tims3-oi-oibr3-hapvida-hapv3\/#primaryimage\",\"url\":\"https:\/\/files.sunoresearch.com.br\/n\/uploads\/2021\/03\/01c9a5a1-vivo-jpg.webp\",\"contentUrl\":\"https:\/\/files.sunoresearch.com.br\/n\/uploads\/2021\/03\/01c9a5a1-vivo-jpg.webp\",\"width\":1200,\"height\":800,\"caption\":\"Vivo, da Telef\u00f4nica (VIVT3) - Foto: Vivo\/Divulga\u00e7\u00e3o\"},{\"@type\":\"BreadcrumbList\",\"@id\":\"https:\/\/www.suno.com.br\/noticias\/radar-vivo-vivt3-tim-tims3-oi-oibr3-hapvida-hapv3\/#breadcrumb\",\"itemListElement\":[{\"@type\":\"ListItem\",\"position\":1,\"name\":\"Not\u00edcias\",\"item\":\"https:\/\/www.suno.com.br\/noticias\/\"},{\"@type\":\"ListItem\",\"position\":2,\"name\":\"Neg\u00f3cios\",\"item\":\"https:\/\/www.suno.com.br\/noticias\/negocios\/\"},{\"@type\":\"ListItem\",\"position\":3,\"name\":\"Radar: Vivo (VIVT3) e Tim (TIMS3) devem ter resultados &#8220;mornos&#8221; no 4T22, Hapvida (HAPV3) derrete na Bolsa e Oi (OIBR3) sobe ap\u00f3s grupamento de a\u00e7\u00f5es\"}]},{\"@type\":\"WebSite\",\"@id\":\"https:\/\/www.suno.com.br\/noticias\/#website\",\"url\":\"https:\/\/www.suno.com.br\/noticias\/\",\"name\":\"Suno Not\u00edcias\",\"description\":\"Seu portal de informa\u00e7\u00e3o sobre o mundo dos investimentos\",\"publisher\":{\"@id\":\"https:\/\/www.suno.com.br\/noticias\/#organization\"},\"potentialAction\":[{\"@type\":\"SearchAction\",\"target\":{\"@type\":\"EntryPoint\",\"urlTemplate\":\"https:\/\/www.suno.com.br\/noticias\/?s={search_term_string}\"},\"query-input\":{\"@type\":\"PropertyValueSpecification\",\"valueRequired\":true,\"valueName\":\"search_term_string\"}}],\"inLanguage\":\"pt-BR\"},{\"@type\":\"Organization\",\"@id\":\"https:\/\/www.suno.com.br\/noticias\/#organization\",\"name\":\"Suno Not\u00edcias\",\"url\":\"https:\/\/www.suno.com.br\/noticias\/\",\"logo\":{\"@type\":\"ImageObject\",\"inLanguage\":\"pt-BR\",\"@id\":\"https:\/\/www.suno.com.br\/noticias\/#\/schema\/logo\/image\/\",\"url\":\"https:\/\/files.sunoresearch.com.br\/n\/uploads\/2021\/09\/suno-logo.png\",\"contentUrl\":\"https:\/\/files.sunoresearch.com.br\/n\/uploads\/2021\/09\/suno-logo.png\",\"width\":180,\"height\":180,\"caption\":\"Suno Not\u00edcias\"},\"image\":{\"@id\":\"https:\/\/www.suno.com.br\/noticias\/#\/schema\/logo\/image\/\"},\"sameAs\":[\"https:\/\/facebook.com\/sunoresearch\",\"https:\/\/x.com\/sunoresearch\",\"https:\/\/www.instagram.com\/suno\",\"https:\/\/www.linkedin.com\/company\/suno-research\/\",\"https:\/\/www.youtube.com\/c\/sunoresearch\"]},{\"@type\":\"Person\",\"@id\":\"https:\/\/www.suno.com.br\/noticias\/#\/schema\/person\/a0be106724f6f5d705d70f04333cb249\",\"name\":\"Isabella Taglapietra\",\"image\":{\"@type\":\"ImageObject\",\"inLanguage\":\"pt-BR\",\"@id\":\"https:\/\/www.suno.com.br\/noticias\/#\/schema\/person\/image\/\",\"url\":\"https:\/\/secure.gravatar.com\/avatar\/089c9e06b71de293117116aaf339e22f?s=96&r=g\",\"contentUrl\":\"https:\/\/secure.gravatar.com\/avatar\/089c9e06b71de293117116aaf339e22f?s=96&r=g\",\"caption\":\"Isabella Taglapietra\"},\"description\":\"Rep\u00f3rter freelancer no Suno Not\u00edcias, cobre not\u00edcias di\u00e1rias sobre economia, balan\u00e7os trimestrais e pesquisas. Formada em jornalismo pela Faculdade C\u00e1sper L\u00edbero e p\u00f3s-graduanda em mercado de capitais pela Fecap, atuou como rep\u00f3rter de economia e finan\u00e7as no portal CRC!News e Elas que Lucrem, al\u00e9m de social media para empresas do mercado financeiro.\",\"url\":\"https:\/\/www.suno.com.br\/noticias\/author\/isabella-taglapietra\/\"}]}<\/script>\n<!-- \/ Yoast SEO plugin. -->","yoast_head_json":{"title":"Radar: Vivo (VIVT3) e Tim (TIMS3) devem ter resultados \"mornos\" no 4T22, Hapvida (HAPV3) derrete na Bolsa e Oi (OIBR3) sobe ap\u00f3s grupamento de a\u00e7\u00f5es","description":"Resultados do 4T22 da Vivo e Tim deve ser mornos e Oi registra alta nas a\u00e7\u00f5es. Clique aqui para saber mais not\u00edcias.","robots":{"index":"index","follow":"follow","max-snippet":"max-snippet:-1","max-image-preview":"max-image-preview:large","max-video-preview":"max-video-preview:-1"},"canonical":"https:\/\/www.suno.com.br\/noticias\/radar-vivo-vivt3-tim-tims3-oi-oibr3-hapvida-hapv3\/","og_locale":"pt_BR","og_type":"article","og_title":"Radar: Vivo (VIVT3) e Tim (TIMS3) devem ter resultados \"mornos\" no 4T22, Hapvida (HAPV3) derrete na Bolsa e Oi (OIBR3) sobe ap\u00f3s grupamento de a\u00e7\u00f5es","og_description":"Resultados do 4T22 da Vivo e Tim deve ser mornos e Oi registra alta nas a\u00e7\u00f5es. Clique aqui para saber mais not\u00edcias.","og_url":"https:\/\/www.suno.com.br\/noticias\/radar-vivo-vivt3-tim-tims3-oi-oibr3-hapvida-hapv3\/","og_site_name":"Suno Not\u00edcias","article_publisher":"https:\/\/facebook.com\/sunoresearch","og_image":[{"width":1200,"height":800,"url":"https:\/\/files.sunoresearch.com.br\/n\/uploads\/2021\/03\/01c9a5a1-vivo.jpg","type":"image\/jpeg"}],"author":"Isabella Taglapietra","twitter_card":"summary_large_image","twitter_creator":"@sunoresearch","twitter_site":"@sunoresearch","twitter_misc":{"Escrito por":"Isabella Taglapietra","Est. tempo de leitura":"28 minutos"},"schema":{"@context":"https:\/\/schema.org","@graph":[{"@type":"NewsArticle","@id":"https:\/\/www.suno.com.br\/noticias\/radar-vivo-vivt3-tim-tims3-oi-oibr3-hapvida-hapv3\/#article","isPartOf":{"@id":"https:\/\/www.suno.com.br\/noticias\/radar-vivo-vivt3-tim-tims3-oi-oibr3-hapvida-hapv3\/"},"author":{"name":"Isabella Taglapietra","@id":"https:\/\/www.suno.com.br\/noticias\/#\/schema\/person\/a0be106724f6f5d705d70f04333cb249"},"headline":"Radar: Vivo (VIVT3) e Tim (TIMS3) devem ter resultados &#8220;mornos&#8221; no 4T22, Hapvida (HAPV3) derrete na Bolsa e Oi (OIBR3) sobe ap\u00f3s grupamento de a\u00e7\u00f5es","datePublished":"2023-01-10T02:27:44+00:00","dateModified":"2023-01-10T02:28:12+00:00","mainEntityOfPage":{"@id":"https:\/\/www.suno.com.br\/noticias\/radar-vivo-vivt3-tim-tims3-oi-oibr3-hapvida-hapv3\/"},"wordCount":5342,"publisher":{"@id":"https:\/\/www.suno.com.br\/noticias\/#organization"},"image":{"@id":"https:\/\/www.suno.com.br\/noticias\/radar-vivo-vivt3-tim-tims3-oi-oibr3-hapvida-hapv3\/#primaryimage"},"thumbnailUrl":"https:\/\/files.sunoresearch.com.br\/n\/uploads\/2021\/03\/01c9a5a1-vivo-jpg.webp","keywords":["Gafisa (GFSA3)","Hapvida (HAPV3)","Oi (OIBR3\/OIBR4)","Pague Menos (PGMN3)","Petrobras (PETR4)","TIM (TIMS3)","Vivo"],"articleSection":["Neg\u00f3cios"],"inLanguage":"pt-BR"},{"@type":"WebPage","@id":"https:\/\/www.suno.com.br\/noticias\/radar-vivo-vivt3-tim-tims3-oi-oibr3-hapvida-hapv3\/","url":"https:\/\/www.suno.com.br\/noticias\/radar-vivo-vivt3-tim-tims3-oi-oibr3-hapvida-hapv3\/","name":"Radar: Vivo (VIVT3) e Tim (TIMS3) devem ter resultados \"mornos\" no 4T22, Hapvida (HAPV3) derrete na Bolsa e Oi (OIBR3) sobe ap\u00f3s grupamento de a\u00e7\u00f5es","isPartOf":{"@id":"https:\/\/www.suno.com.br\/noticias\/#website"},"primaryImageOfPage":{"@id":"https:\/\/www.suno.com.br\/noticias\/radar-vivo-vivt3-tim-tims3-oi-oibr3-hapvida-hapv3\/#primaryimage"},"image":{"@id":"https:\/\/www.suno.com.br\/noticias\/radar-vivo-vivt3-tim-tims3-oi-oibr3-hapvida-hapv3\/#primaryimage"},"thumbnailUrl":"https:\/\/files.sunoresearch.com.br\/n\/uploads\/2021\/03\/01c9a5a1-vivo-jpg.webp","datePublished":"2023-01-10T02:27:44+00:00","dateModified":"2023-01-10T02:28:12+00:00","description":"Resultados do 4T22 da Vivo e Tim deve ser mornos e Oi registra alta nas a\u00e7\u00f5es. Clique aqui para saber mais not\u00edcias.","breadcrumb":{"@id":"https:\/\/www.suno.com.br\/noticias\/radar-vivo-vivt3-tim-tims3-oi-oibr3-hapvida-hapv3\/#breadcrumb"},"inLanguage":"pt-BR","potentialAction":[{"@type":"ReadAction","target":["https:\/\/www.suno.com.br\/noticias\/radar-vivo-vivt3-tim-tims3-oi-oibr3-hapvida-hapv3\/"]}]},{"@type":"ImageObject","inLanguage":"pt-BR","@id":"https:\/\/www.suno.com.br\/noticias\/radar-vivo-vivt3-tim-tims3-oi-oibr3-hapvida-hapv3\/#primaryimage","url":"https:\/\/files.sunoresearch.com.br\/n\/uploads\/2021\/03\/01c9a5a1-vivo-jpg.webp","contentUrl":"https:\/\/files.sunoresearch.com.br\/n\/uploads\/2021\/03\/01c9a5a1-vivo-jpg.webp","width":1200,"height":800,"caption":"Vivo, da Telef\u00f4nica (VIVT3) - Foto: Vivo\/Divulga\u00e7\u00e3o"},{"@type":"BreadcrumbList","@id":"https:\/\/www.suno.com.br\/noticias\/radar-vivo-vivt3-tim-tims3-oi-oibr3-hapvida-hapv3\/#breadcrumb","itemListElement":[{"@type":"ListItem","position":1,"name":"Not\u00edcias","item":"https:\/\/www.suno.com.br\/noticias\/"},{"@type":"ListItem","position":2,"name":"Neg\u00f3cios","item":"https:\/\/www.suno.com.br\/noticias\/negocios\/"},{"@type":"ListItem","position":3,"name":"Radar: Vivo (VIVT3) e Tim (TIMS3) devem ter resultados &#8220;mornos&#8221; no 4T22, Hapvida (HAPV3) derrete na Bolsa e Oi (OIBR3) sobe ap\u00f3s grupamento de a\u00e7\u00f5es"}]},{"@type":"WebSite","@id":"https:\/\/www.suno.com.br\/noticias\/#website","url":"https:\/\/www.suno.com.br\/noticias\/","name":"Suno Not\u00edcias","description":"Seu portal de informa\u00e7\u00e3o sobre o mundo dos investimentos","publisher":{"@id":"https:\/\/www.suno.com.br\/noticias\/#organization"},"potentialAction":[{"@type":"SearchAction","target":{"@type":"EntryPoint","urlTemplate":"https:\/\/www.suno.com.br\/noticias\/?s={search_term_string}"},"query-input":{"@type":"PropertyValueSpecification","valueRequired":true,"valueName":"search_term_string"}}],"inLanguage":"pt-BR"},{"@type":"Organization","@id":"https:\/\/www.suno.com.br\/noticias\/#organization","name":"Suno Not\u00edcias","url":"https:\/\/www.suno.com.br\/noticias\/","logo":{"@type":"ImageObject","inLanguage":"pt-BR","@id":"https:\/\/www.suno.com.br\/noticias\/#\/schema\/logo\/image\/","url":"https:\/\/files.sunoresearch.com.br\/n\/uploads\/2021\/09\/suno-logo.png","contentUrl":"https:\/\/files.sunoresearch.com.br\/n\/uploads\/2021\/09\/suno-logo.png","width":180,"height":180,"caption":"Suno Not\u00edcias"},"image":{"@id":"https:\/\/www.suno.com.br\/noticias\/#\/schema\/logo\/image\/"},"sameAs":["https:\/\/facebook.com\/sunoresearch","https:\/\/x.com\/sunoresearch","https:\/\/www.instagram.com\/suno","https:\/\/www.linkedin.com\/company\/suno-research\/","https:\/\/www.youtube.com\/c\/sunoresearch"]},{"@type":"Person","@id":"https:\/\/www.suno.com.br\/noticias\/#\/schema\/person\/a0be106724f6f5d705d70f04333cb249","name":"Isabella Taglapietra","image":{"@type":"ImageObject","inLanguage":"pt-BR","@id":"https:\/\/www.suno.com.br\/noticias\/#\/schema\/person\/image\/","url":"https:\/\/secure.gravatar.com\/avatar\/089c9e06b71de293117116aaf339e22f?s=96&r=g","contentUrl":"https:\/\/secure.gravatar.com\/avatar\/089c9e06b71de293117116aaf339e22f?s=96&r=g","caption":"Isabella Taglapietra"},"description":"Rep\u00f3rter freelancer no Suno Not\u00edcias, cobre not\u00edcias di\u00e1rias sobre economia, balan\u00e7os trimestrais e pesquisas. Formada em jornalismo pela Faculdade C\u00e1sper L\u00edbero e p\u00f3s-graduanda em mercado de capitais pela Fecap, atuou como rep\u00f3rter de economia e finan\u00e7as no portal CRC!News e Elas que Lucrem, al\u00e9m de social media para empresas do mercado financeiro.","url":"https:\/\/www.suno.com.br\/noticias\/author\/isabella-taglapietra\/"}]}},"default_loop_html":"<div class=\"cardsPage__listCard__boxs\"><div class=\"cardsPage__listCard__boxs__img\"><a href=\"https:\/\/www.suno.com.br\/noticias\/radar-vivo-vivt3-tim-tims3-oi-oibr3-hapvida-hapv3\/\"><img class=\"mask\" src=\"https:\/\/www.suno.com.br\/noticias\/wp-content\/themes\/suno\/resources\/images\/spotlight\/spotlight1img\/bg-mask.png\" alt=\"Image Mask\"\/><img src=\"https:\/\/files.sunoresearch.com.br\/n\/uploads\/2021\/03\/01c9a5a1-vivo-400x200.webp\" alt=\"Radar: Vivo (VIVT3) e Tim (TIMS3) devem ter resultados &#8220;mornos&#8221; no 4T22, Hapvida (HAPV3) derrete na Bolsa e Oi (OIBR3) sobe ap\u00f3s grupamento de a\u00e7\u00f5es\"\/><\/a><span class=\"spotlightCategory\"><a href=\"https:\/\/www.suno.com.br\/noticias\/negocios\/\">Neg\u00f3cios<\/a><\/span><\/div><div class=\"cardsPage__listCard__boxs__content\"><a href=\"https:\/\/www.suno.com.br\/noticias\/radar-vivo-vivt3-tim-tims3-oi-oibr3-hapvida-hapv3\/\"><h2 class=\"content__title\">Radar: Vivo (VIVT3) e Tim (TIMS3) devem ter resultados &#8220;mornos&#8221; no 4T22, Hapvida (HAPV3) derrete na Bolsa e Oi (OIBR3) sobe ap\u00f3s grupamento de a\u00e7\u00f5es<\/h2><\/a><div class=\"newsContent__article__meta\"><div class=\"newsContent__article__meta__authorBox\"><a href=\"https:\/\/www.suno.com.br\/noticias\/author\/isabella-taglapietra\/\" class=\"authorBox__avatar noMobi\"><img src=\"https:\/\/files.sunoresearch.com.br\/n\/uploads\/2022\/08\/WhatsApp-Image-2022-08-04-at-12.40.27-150x150.jpeg\" alt=\"Isabella Taglapietra\"><\/a><div class=\"authorBox__name\"><span>por\n\t\t\t<a href=\"https:\/\/www.suno.com.br\/noticias\/author\/isabella-taglapietra\/\"><span itemprop=\"author\">Isabella Taglapietra<\/span><\/a><\/span><time datetime=\"2023-01-09T23:27:44-03:00\" itemprop=\"datePublished\">09\/01\/2023 23:27<\/time><\/div><\/div><\/div><\/div><\/div>","single_layout":"posts","amp_enabled":true,"_links":{"self":[{"href":"https:\/\/www.suno.com.br\/noticias\/wp-json\/wp\/v2\/posts\/343739"}],"collection":[{"href":"https:\/\/www.suno.com.br\/noticias\/wp-json\/wp\/v2\/posts"}],"about":[{"href":"https:\/\/www.suno.com.br\/noticias\/wp-json\/wp\/v2\/types\/post"}],"author":[{"embeddable":true,"href":"https:\/\/www.suno.com.br\/noticias\/wp-json\/wp\/v2\/users\/194"}],"replies":[{"embeddable":true,"href":"https:\/\/www.suno.com.br\/noticias\/wp-json\/wp\/v2\/comments?post=343739"}],"version-history":[{"count":3,"href":"https:\/\/www.suno.com.br\/noticias\/wp-json\/wp\/v2\/posts\/343739\/revisions"}],"predecessor-version":[{"id":343774,"href":"https:\/\/www.suno.com.br\/noticias\/wp-json\/wp\/v2\/posts\/343739\/revisions\/343774"}],"wp:featuredmedia":[{"embeddable":true,"href":"https:\/\/www.suno.com.br\/noticias\/wp-json\/wp\/v2\/media\/130499"}],"wp:attachment":[{"href":"https:\/\/www.suno.com.br\/noticias\/wp-json\/wp\/v2\/media?parent=343739"}],"wp:term":[{"taxonomy":"category","embeddable":true,"href":"https:\/\/www.suno.com.br\/noticias\/wp-json\/wp\/v2\/categories?post=343739"},{"taxonomy":"post_tag","embeddable":true,"href":"https:\/\/www.suno.com.br\/noticias\/wp-json\/wp\/v2\/tags?post=343739"},{"taxonomy":"suno_strategy","embeddable":true,"href":"https:\/\/www.suno.com.br\/noticias\/wp-json\/wp\/v2\/suno_strategy?post=343739"}],"curies":[{"name":"wp","href":"https:\/\/api.w.org\/{rel}","templated":true}]}}