{"id":343313,"date":"2023-01-09T17:07:04","date_gmt":"2023-01-09T20:07:04","guid":{"rendered":"https:\/\/www.suno.com.br\/noticias\/?p=343313"},"modified":"2023-01-09T21:41:48","modified_gmt":"2023-01-10T00:41:48","slug":"invasoes-em-brasilia-bolsonaro-responsabilidade-politica","status":"publish","type":"post","link":"https:\/\/www.suno.com.br\/noticias\/invasoes-em-brasilia-bolsonaro-responsabilidade-politica\/","title":{"rendered":"Invas\u00f5es em Bras\u00edlia: &#8220;Bolsonaro tem responsabilidade pol\u00edtica por ataques&#8221;, dizem cientistas pol\u00edticos"},"content":{"rendered":"<p>Os atos golpistas em Bras\u00edlia no domingo (8) chamaram a aten\u00e7\u00e3o do mundo. Criminosos invadiram as instala\u00e7\u00f5es dos Tr\u00eas Poderes, <a href=\"https:\/\/www.suno.com.br\/noticias\/fotos-veja-imagens-da-invasao-ao-planalto-congresso-e-stf\/\">vandalizando ambientes e o patrim\u00f4nio hist\u00f3rico do pa\u00eds<\/a>. Segundo o cientista pol\u00edtico e professor da Universidade Presbiteriana Mackenzie Rodrigo Prando, \u201ccom as <strong>invas\u00f5es em Bras\u00edlia<\/strong>, uma fronteira foi rompida entre todos os discursos ou falas dos golpistas que pareciam apenas engra\u00e7adas. O movimento \u00e9 de \u00f3dio e as autoridades dever\u00e3o trabalhar para interromp\u00ea-lo\u201d.<\/p><div class=\"videoFull \">\n\t\t\t<div class=\"videoWrapper yt-lazyload center\"\n\t\t\t\tdata-width=\"960\"\n\t\t\t\tdata-height=\"540\"\n\t\t\t\tdata-id=\"Jn6Fy32hWno\"\n\t\t\t\tdata-alt=\"V\u00eddeo do YouTube - clique para reproduzir\"\n\t\t\t\tdata-logo=\"3\"\n\t\t\t\tdata-imagequality=\"maxres\">\n\t\t\t<\/div>\n\t\t<\/div><script type=\"application\/ld+json\">{\"@context\":\"https:\/\/schema.org\",\"@type\":\"VideoObject\",\"name\":\"Invas\u00f5es em Bras\u00edlia: Lula sair\u00e1 mais fraco ou mais forte? | Suno Not\u00edcias\",\"description\":\"\ud83d\udea8\ud83d\udcb8\ud835\udc01\ud835\udc1a\ud835\udc22\ud835\udc31\ud835\udc1e \ud835\udc28 \ud835\udc20\ud835\udc2e\ud835\udc22\ud835\udc1a \"\ud835\udc02\ud835\udc28\ud835\udc26\ud835\udc28 \ud835\udc22\ud835\udc27\ud835\udc2f\ud835\udc1e\ud835\udc2c\ud835\udc2d\ud835\udc22\ud835\udc2b \ud835\udc1e\ud835\udc26 \ud835\udfd0\ud835\udfce\ud835\udfd0\ud835\udfd1\" \ud835\udc27\ud835\udc28 \ud835\udc25\ud835\udc22\ud835\udc27\ud835\udc24 \ud83d\udc47 https:\/\/lp.suno.com.br\/cl\/sr-guia-como-investir-em-2023\/?utm_source=youtube.noticias&utm_medium=video&utm_campaign=N\/A.ns.20230109&utm_content=ytnoticias.lula.09012023 #noticiasdodia #Not\u00edcias #manifesta\u00e7\u00f5es #investimentos #rendavari\u00e1vel #bolsadevalores #governolula #a\u00e7\u00f5es #invas\u00e3oembrasilia \ud83d\udd34\ud835\udc08\ud835\udc0d\ud835\udc12\ud835\udc02\ud835\udc11\ud835\udc04\ud835\udc15\ud835\udc00-\ud835\udc12\ud835\udc04 \ud835\udc0d\ud835\udc0e \ud835\udc02\ud835\udc00\ud835\udc0d\ud835\udc00\ud835\udc0b \ud835\udc04 \ud835\udc00\ud835\udc13\ud835\udc08\ud835\udc15\ud835\udc04 \ud835\udc0e \ud835\udc12\ud835\udc08\ud835\udc0d\ud835\udc0e \ud83d\udc47 https:\/\/bit.ly\/INSCREVA-SEATIVEOSINO \ud83d\udcda \ud835\udfcf\ud835\udfce \ud835\udc0b\ud835\udc22\ud835\udc2f\ud835\udc2b\ud835\udc28\ud835\udc2c \ud835\udc2a\ud835\udc2e\ud835\udc1e \ud835\udc13\ud835\udc28\ud835\udc1d\ud835\udc28 \ud835\udc08\ud835\udc27\ud835\udc2f\ud835\udc1e\ud835\udc2c\ud835\udc2d\ud835\udc22\ud835\udc1d\ud835\udc28\ud835\udc2b \ud835\udc1d\ud835\udc1e\ud835\udc2f\ud835\udc1e\ud835\udc2b\ud835\udc22\ud835\udc1a \ud835\udc0b\ud835\udc1e\ud835\udc2b\ud83d\udc47 https:\/\/lp.suno.com.br\/ebook-10-livros\/?utm_source=youtube.noticias&utm_medium=video&utm_campaign=ebook10livrosparainvestidores.20230105&utm_content=youtube.noticias.05012023 \ud83d\udcda \ud83d\udcb8 \ud83d\udcca \ud835\udde3\ud835\udddf\ud835\uddd4\ud835\udde1\ud835\udddc\ud835\udddf\ud835\udddb\ud835\uddd4 \ud835\uddd7\ud835\uddd8 \ud835\uddd6\ud835\udde2\ud835\udde1\ud835\udde7\ud835\udde5\ud835\udde2\ud835\udddf\ud835\uddd8 \ud835\uddd9\ud835\udddc\ud835\udde1\ud835\uddd4\ud835\udde1\ud835\uddd6\ud835\uddd8\ud835\udddc\ud835\udde5\ud835\udde2: \ud835\uddd5\ud835\uddee\ud835\uddf6\ud835\ude05\ud835\uddf2 \ud835\uddee \ud835\uddfd\ud835\uddf9\ud835\uddee\ud835\uddfb\ud835\uddf6\ud835\uddf9\ud835\uddf5\ud835\uddee AGORA antes que acabe! \ud83d\udc49 https:\/\/lp.suno.com.br\/planilha-da-vida-financeira\/?utm_source=youtube.noticias&utm_medium=live&utm_campaign=planilhadavidafinanceira.20221128&utm_content=ytnoticias.morning.02122022 \ud83d\udcda\u2026\",\"duration\":\"PT1M44S\",\"embedUrl\":\"https:\/\/www.youtube.com\/embed\/Jn6Fy32hWno\",\"regionsAllowed\":\"pt-BR\",\"interactionStatistic\":{\"@type\":\"InteractionCounter\",\"interactionType\":{\"@type\":\"WatchAction\"},\"userInteractionCount\":1068},\"thumbnailUrl\":\"https:\/\/i.ytimg.com\/vi\/Jn6Fy32hWno\/default.jpg\",\"uploadDate\":\"2023-01-09T19:11:42Z\"}<\/script>\n\n\n\n\n\t<p>\n\t\t<a href=\"\" target=\"_blank\" data-element=\"shortcode-suno-banner\" title=\"Banner SUNO, clique e saiba mais\">\n\t\t\t<picture>\n\t\t\t\t<source media=\"(max-width: 500px)\" srcset=\"\">\n\t\t\t\t<img class=\"newsContent__article__imgCapa newsContent__article__imgCapa--banner\"\n\t\t\t\t\tsrc=\"\"\n\t\t\t\t\tdata-promo-id=\"138420\"\t\t\t\t\t\t\t\t\t\t\t\t\t\t\talt=\"\"\n\t\t\t\t>\n\t\t\t<\/picture>\n\t\t<\/a>\n\t<\/p>\n\n\n\n\n\n<p>Extremistas que <strong>questionam o resultado das elei\u00e7\u00f5es presidenciais de 2022<\/strong> e a presid\u00eancia de Luiz In\u00e1cio Lula da Silva (PT) <a href=\"https:\/\/www.suno.com.br\/noticias\/bolsonaristas-manifestantes-invasao-congresso-nacional-palacio-planalto\/\">invadiram os pr\u00e9dios do <strong>Congresso Nacional, do Supremo Tribunal Federal e o Pal\u00e1cio do Planalto<\/strong><\/a>, em Bras\u00edlia. Desde a derrota de Jair Bolsonaro (PL) para Lula no segundo turno das elei\u00e7\u00f5es, diversos seguidores do ex-presidente passaram a acampar em frente a estruturas das For\u00e7as Armadas e a bloquear vias.<\/p>\n\n\n\n<p>De acordo com o especialista, os ataques j\u00e1 estavam desenhados h\u00e1 semanas. \u201cSe esses atos criminosos n\u00e3o forem barrados de forma clara e precisa, eles poder\u00e3o se multiplicar. Atacar o estado democr\u00e1tico de direito e o patrim\u00f4nio hist\u00f3rico do pa\u00eds n\u00e3o \u00e9 manifestar\u201d, disse.<\/p>\n\n\n\n<h2 class=\"wp-block-heading\" id=\"h-bolsonaro-pode-ser-culpado-ou-indiciado-por-invasoes-em-brasilia\">Bolsonaro pode ser culpado ou indiciado por invas\u00f5es em Bras\u00edlia?<\/h2>\n\n\n\n<p>Rodrigo Prando explica que, da perspectiva jur\u00eddica, com as informa\u00e7\u00f5es dispon\u00edveis at\u00e9 ent\u00e3o, o nome de <strong>Jair Bolsonaro n\u00e3o deve ser associado aos ataques antidemocr\u00e1ticos <\/strong>em Bras\u00edlia. O campo jur\u00eddico ir\u00e1 atr\u00e1s dos financiadores desses atos para compreender quem disponibilizou recursos para \u00f4nibus, refei\u00e7\u00f5es, entre outros.<\/p>\n\n\n\n<p>Apesar de n\u00e3o ter sido o articulador dos ataques, <strong>Bolsonaro tem a responsabilidade pol\u00edtica<\/strong> pelos atos. \u201cComo presidente, sabia da responsabilidade que tinha ao criticar o sistema eleitoral do pa\u00eds, atacar as urnas e a pr\u00f3pria democracia\u201d, sustenta.<\/p>\n\n\n\n\t<div data-element=\"shortcode-read-more\" class=\"readToo\">\n\t\t\t\t<span class=\"readToo__title\">Leia mais<\/span>\n\t\t\t\t<ul class=\"readToo__list\">\n\t\t\t<li><a href=\"https:\/\/www.suno.com.br\/noticias\/bolsonaro-internado-orlando-eua\/\">Bolsonaro \u00e9 internado em hospital nos EUA<\/a><\/li><li><a href=\"https:\/\/www.suno.com.br\/noticias\/atos-golpistas-recesso-parlamentar-congresso\/\">Ap\u00f3s atos golpistas, recesso \u00e9 encerrado e parlamentares voltam ao trabalho<\/a><\/li><li><a href=\"https:\/\/www.suno.com.br\/noticias\/carta-tres-poderes-lula-invasao-brasilia\/\">Em carta, presidentes dos Tr\u00eas Poderes chamam invas\u00f5es em Bras\u00edlia de &#8216;atos terroristas&#8217; e pedem &#8216;serenidade&#8217;<\/a><\/li>\t\t<\/ul>\n\t<\/div>\n\n\n\n\n<p>O ex-presidente se comunica constantemente com seus apoiadores por meio de mensagens nas redes sociais, utilizando \u201clinguagem d\u00fabia, no limite e encorajadora dessa conduta vista em Bras\u00edlia\u201d, explicou.<\/p>\n\n\n\n<p>Para Rafael Cortez, s\u00f3cio e cientista pol\u00edtico da Tend\u00eancias Consultoria, &#8220;\u00e9 evidente o impacto que a postura do ex-presidente Bolsonaro teve no processo de deslegitima\u00e7\u00e3o do processo democr\u00e1tico brasileiro nas suas diferentes manifesta\u00e7\u00f5es&#8221;.<\/p>\n\n\n\n<p>Cortez observa que muitos atos do pr\u00f3prio mandato de Bolsonaro foram marcados pela ambiguidade. O ex-presidente n\u00e3o exerceu seu mandato at\u00e9 o final. Quando derrotado nas elei\u00e7\u00f5es, <a href=\"https:\/\/www.suno.com.br\/noticias\/jair-bolsonaro-presidente-pronunciamento-eleicoes\/\">permaneceu em sil\u00eancio por mais de 40 horas<\/a> at\u00e9 um pronunciamento oficial e, nos meses seguintes, seguiu a tend\u00eancia. &#8220;<strong>Bolsonaro sai do governo<\/strong> antes do per\u00edodo formal como um sinal de que n\u00e3o aceita as regras do jogo. Isso naturalmente tem um peso no comportamento desses movimentos antidemocr\u00e1ticos&#8221;, avaliou. <\/p>\n\n\n\n<figure class=\"wp-block-image size-large\"><img loading=\"lazy\" decoding=\"async\" width=\"1024\" height=\"768\" src=\"https:\/\/files.sunoresearch.com.br\/n\/uploads\/2023\/01\/manifestacao1_mcamgo_abr_080120231818-2-1024x768.jpg\" alt=\"Invas\u00f5es em Bras\u00edlia: \u201cBolsonaro tem responsabilidade pol\u00edtica sobre ataques\u201d, diz cientista pol\u00edtico\" class=\"wp-image-343318\" srcset=\"https:\/\/files.sunoresearch.com.br\/n\/uploads\/2023\/01\/manifestacao1_mcamgo_abr_080120231818-2-1024x768.jpg 1024w, https:\/\/files.sunoresearch.com.br\/n\/uploads\/2023\/01\/manifestacao1_mcamgo_abr_080120231818-2-300x225.jpg 300w, https:\/\/files.sunoresearch.com.br\/n\/uploads\/2023\/01\/manifestacao1_mcamgo_abr_080120231818-2-768x576.jpg 768w, https:\/\/files.sunoresearch.com.br\/n\/uploads\/2023\/01\/manifestacao1_mcamgo_abr_080120231818-2-180x135.jpg 180w, https:\/\/files.sunoresearch.com.br\/n\/uploads\/2023\/01\/manifestacao1_mcamgo_abr_080120231818-2-400x300.jpg 400w, https:\/\/files.sunoresearch.com.br\/n\/uploads\/2023\/01\/manifestacao1_mcamgo_abr_080120231818-2-150x113.jpg 150w, https:\/\/files.sunoresearch.com.br\/n\/uploads\/2023\/01\/manifestacao1_mcamgo_abr_080120231818-2.jpg 1200w\" sizes=\"(max-width: 1024px) 100vw, 1024px\" \/><figcaption class=\"wp-element-caption\">Invas\u00f5es em Bras\u00edlia: Manifestantes invadem Congresso, STF e Pal\u00e1cio do Planalto. Foto: Marcelo Camargo\/Ag\u00eancia Brasil<\/figcaption><\/figure>\n\n\n\n<h2 class=\"wp-block-heading\">&#8220;Lula \u00e9 maior do que PT, mas o bolsonarismo \u00e9 maior do que Bolsonaro&#8221;<\/h2>\n\n\n\n<p>O movimento bolsonarista, atualmente caracterizado como a extrema-direita do Brasil, faz oposi\u00e7\u00e3o \u00e0 presid\u00eancia de Lula e constantemente invoca a interven\u00e7\u00e3o militar, o que vai contra a Constitui\u00e7\u00e3o do Brasil. Prando v\u00ea que o &#8216;car\u00e1ter bolsonarista&#8217; supera a figura do pr\u00f3prio Jair Bolsonaro, de quem leva o nome.<\/p>\n\n\n\n<p>\u201cLula \u00e9 maior do que o PT e o bolsonarismo \u00e9 maior do que Jair Bolsonaro. A <strong>figura de Jair Bolsonaro deve perder for\u00e7a <\/strong>e ser escanteada, mas outros podem assumir o papel que ele teve at\u00e9 ent\u00e3o. Personalidades ainda mais radicais, inclusive\u201d, avaliou.<\/p>\n\n\n\n<p>Com a <strong><a href=\"https:\/\/www.suno.com.br\/noticias\/lideres-internacionais-condenam-invasao-brasilia\/\">repercuss\u00e3o global que os ataques em Bras\u00edlia tomaram<\/a><\/strong>, Bolsonaro deve perder sua popularidade entre pol\u00edticos e antigos aliados. \u201cN\u00e3o se sabe se ele ter\u00e1 capacidade o suficiente mesmo para levantar um projeto de oposi\u00e7\u00e3o a Lula depois dos atos dos criminosos. Para nenhum pol\u00edtico ou governante no Brasil interessa um estado de caos que nos tire da normalidade pol\u00edtica\u201d, disse Prando.<\/p>\n\n\n\t<p>\n\t\t<a href=\"\" target=\"_blank\" data-element=\"shortcode-suno-banner\" title=\"Banner SUNO, clique e saiba mais\">\n\t\t\t<picture>\n\t\t\t\t<source media=\"(max-width: 500px)\" srcset=\"\">\n\t\t\t\t<img class=\"newsContent__article__imgCapa newsContent__article__imgCapa--banner\"\n\t\t\t\t\tsrc=\"\"\n\t\t\t\t\tdata-promo-id=\"240038\"\t\t\t\t\t\t\t\t\t\t\t\t\t\t\talt=\"\"\n\t\t\t\t>\n\t\t\t<\/picture>\n\t\t<\/a>\n\t<\/p>\n\n\n\n\n\n<h2 class=\"wp-block-heading\">Lula pode se fortalecer ap\u00f3s atos em Bras\u00edlia, mas deve mudar postura<\/h2>\n\n\n\n<p>Na vis\u00e3o de Prando, Lula tem falado como se ainda fosse candidato em um palanque, como mais um sinal de que a polariza\u00e7\u00e3o pol\u00edtica n\u00e3o arrefeceu mesmo com sua vit\u00f3ria nas urnas em outubro de 2022.<\/p>\n\n\n\n<p>\u201cLula deve entender que \u00e9 o presidente, um poder autorizado. Seus esfor\u00e7os, somados aos dos outros Poderes, devem distensionar a sociedade brasileira. Aqueles que n\u00e3o aceitarem, dever\u00e3o ser encarados como os que ultrapassam o limite da lei. Essa deve ser a postura de Lula daqui para frente.\u201d<\/p>\n\n\n\n<p>Rafael Cortez avalia que <strong>Lula pode ser fortalecido<\/strong> em alguma dimens\u00e3o. &#8220;De fato, mostra que \u00e9 um problema institucional com impactos na normalidade democr\u00e1tica para al\u00e9m do governo federal. Nesse sentido, acaba com a tese da simetria, de que a polariza\u00e7\u00e3o Lula e Bolsonaro representaria os mesmos lados de risco.&#8221;<\/p>\n\n\n\n<p>No entanto, os efeitos positivos para Lula, localmente, em quest\u00e3o de popularidade, n\u00e3o devem ser t\u00e3o densos. &#8220;Ainda estamos em um pa\u00eds dividido em aspectos. Lula tem um capital pol\u00edtico relevante, mas, ao mesmo tempo, j\u00e1 carrega uma rejei\u00e7\u00e3o alta. A quest\u00e3o econ\u00f4mica deve colocar ainda mais gasolina nessa insatisfa\u00e7\u00e3o e 2023 ser\u00e1 um ano dif\u00edcil&#8221;, apontou Cortez. <\/p>\n\n\n\n<p>H\u00e1 um indicativo de que os Tr\u00eas Poderes se unificaram em torno do combate a essas posturas radicais, de forma que todos foram atacados simultaneamente nas<strong> invas\u00f5es em Bras\u00edlia<\/strong>. A reuni\u00e3o dos governadores com Lula nesta segunda-feira (9) \u00e9 esperada, pois pode firmar um pacto federativo constitu\u00eddo na luta e defesa da democracia, apontam os especialistas.<\/p>\n\n\n\t<p>\n\t\t<a href=\"https:\/\/lp.suno.com.br\/planilha-da-vida-financeira\/\" target=\"_blank\" data-element=\"shortcode-suno-banner\" title=\"Banner SUNO, clique e saiba mais\">\n\t\t\t<picture>\n\t\t\t\t<source media=\"(max-width: 500px)\" srcset=\"https:\/\/files.sunoresearch.com.br\/n\/uploads\/2023\/04\/400x300-Planilha-vida-financeira-true.png\">\n\t\t\t\t<img class=\"newsContent__article__imgCapa newsContent__article__imgCapa--banner\"\n\t\t\t\t\tsrc=\"https:\/\/files.sunoresearch.com.br\/n\/uploads\/2023\/04\/1420x240-Planilha-vida-financeira-true.png\"\n\t\t\t\t\tdata-promo-id=\"106682\"\t\t\t\t\t\t\t\t\t\twidth='1420' height='240'\t\t\t\t\talt=\"https:\/\/files.sunoresearch.com.br\/n\/uploads\/2023\/04\/1420x240-Planilha-vida-financeira-true.png\"\n\t\t\t\t>\n\t\t\t<\/picture>\n\t\t<\/a>\n\t<\/p>\n\n\n","protected":false},"excerpt":{"rendered":"<p>Os atos golpistas em Bras\u00edlia no domingo (8) chamaram a aten\u00e7\u00e3o do mundo. Criminosos invadiram as instala\u00e7\u00f5es dos Tr\u00eas Poderes, vandalizando ambientes e o patrim\u00f4nio hist\u00f3rico do pa\u00eds. Segundo o cientista pol\u00edtico e professor da Universidade Presbiteriana Mackenzie Rodrigo Prando, \u201ccom as invas\u00f5es em Bras\u00edlia, uma fronteira foi rompida entre todos os discursos ou falas [&hellip;]<\/p>\n","protected":false},"author":70,"featured_media":343319,"comment_status":"closed","ping_status":"closed","sticky":false,"template":"","format":"standard","meta":[],"categories":[61],"tags":[901,105816,719,709,785],"suno_strategy":[],"class_list":["post-343313","post","type-post","status-publish","format-standard","has-post-thumbnail","hentry","category-politica","tag-congresso-nacional","tag-especialistas","tag-jair-bolsonaro","tag-lula","tag-supremo-tribunal-federal-stf"],"yoast_head":"<!-- This site is optimized with the Yoast SEO plugin v24.4 - https:\/\/yoast.com\/wordpress\/plugins\/seo\/ -->\n<title>Invas\u00f5es em Bras\u00edlia: \u201cBolsonaro tem responsabilidade pol\u00edtica\u201d<\/title>\n<meta name=\"description\" content=\"Invas\u00f5es em Bras\u00edlia tomaram as aten\u00e7\u00f5es do mundo, com criminosos invadindo as instala\u00e7\u00f5es dos Tr\u00eas Poderes. Veja an\u00e1lises pol\u00edticas do caso.\" \/>\n<meta name=\"robots\" content=\"index, follow, max-snippet:-1, max-image-preview:large, max-video-preview:-1\" \/>\n<link rel=\"canonical\" href=\"https:\/\/www.suno.com.br\/noticias\/invasoes-em-brasilia-bolsonaro-responsabilidade-politica\/\" \/>\n<meta property=\"og:locale\" content=\"pt_BR\" \/>\n<meta property=\"og:type\" content=\"article\" \/>\n<meta property=\"og:title\" content=\"Invas\u00f5es em Bras\u00edlia: \u201cBolsonaro tem responsabilidade pol\u00edtica\u201d\" \/>\n<meta property=\"og:description\" content=\"Invas\u00f5es em Bras\u00edlia tomaram as aten\u00e7\u00f5es do mundo, com criminosos invadindo as instala\u00e7\u00f5es dos Tr\u00eas Poderes. Veja an\u00e1lises pol\u00edticas do caso.\" \/>\n<meta property=\"og:url\" content=\"https:\/\/www.suno.com.br\/noticias\/invasoes-em-brasilia-bolsonaro-responsabilidade-politica\/\" \/>\n<meta property=\"og:site_name\" content=\"Suno Not\u00edcias\" \/>\n<meta property=\"article:publisher\" content=\"https:\/\/facebook.com\/sunoresearch\" \/>\n<meta property=\"og:image\" content=\"https:\/\/files.sunoresearch.com.br\/n\/uploads\/2023\/01\/manifestacao_mcamgo_abr_080120231818-9.jpg\" \/>\n\t<meta property=\"og:image:width\" content=\"1200\" \/>\n\t<meta property=\"og:image:height\" content=\"900\" \/>\n\t<meta property=\"og:image:type\" content=\"image\/jpeg\" \/>\n<meta name=\"author\" content=\"Beatriz Boyadjian\" \/>\n<meta name=\"twitter:card\" content=\"summary_large_image\" \/>\n<meta name=\"twitter:creator\" content=\"@sunoresearch\" \/>\n<meta name=\"twitter:site\" content=\"@sunoresearch\" \/>\n<meta name=\"twitter:label1\" content=\"Escrito por\" \/>\n\t<meta name=\"twitter:data1\" content=\"Beatriz Boyadjian\" \/>\n\t<meta name=\"twitter:label2\" content=\"Est. tempo de leitura\" \/>\n\t<meta name=\"twitter:data2\" content=\"5 minutos\" \/>\n<script type=\"application\/ld+json\" class=\"yoast-schema-graph\">{\"@context\":\"https:\/\/schema.org\",\"@graph\":[{\"@type\":\"NewsArticle\",\"@id\":\"https:\/\/www.suno.com.br\/noticias\/invasoes-em-brasilia-bolsonaro-responsabilidade-politica\/#article\",\"isPartOf\":{\"@id\":\"https:\/\/www.suno.com.br\/noticias\/invasoes-em-brasilia-bolsonaro-responsabilidade-politica\/\"},\"author\":{\"name\":\"Beatriz Boyadjian\",\"@id\":\"https:\/\/www.suno.com.br\/noticias\/#\/schema\/person\/c9d40f227e4ffee8114b1299c28902b0\"},\"headline\":\"Invas\u00f5es em Bras\u00edlia: &#8220;Bolsonaro tem responsabilidade pol\u00edtica por ataques&#8221;, dizem cientistas pol\u00edticos\",\"datePublished\":\"2023-01-09T20:07:04+00:00\",\"dateModified\":\"2023-01-10T00:41:48+00:00\",\"mainEntityOfPage\":{\"@id\":\"https:\/\/www.suno.com.br\/noticias\/invasoes-em-brasilia-bolsonaro-responsabilidade-politica\/\"},\"wordCount\":977,\"publisher\":{\"@id\":\"https:\/\/www.suno.com.br\/noticias\/#organization\"},\"image\":{\"@id\":\"https:\/\/www.suno.com.br\/noticias\/invasoes-em-brasilia-bolsonaro-responsabilidade-politica\/#primaryimage\"},\"thumbnailUrl\":\"https:\/\/files.sunoresearch.com.br\/n\/uploads\/2023\/01\/manifestacao_mcamgo_abr_080120231818-9.jpg\",\"keywords\":[\"Congresso Nacional\",\"Especialistas\",\"Jair Bolsonaro\",\"Lula\",\"Supremo Tribunal Federal (STF)\"],\"articleSection\":[\"Pol\u00edtica\"],\"inLanguage\":\"pt-BR\"},{\"@type\":\"WebPage\",\"@id\":\"https:\/\/www.suno.com.br\/noticias\/invasoes-em-brasilia-bolsonaro-responsabilidade-politica\/\",\"url\":\"https:\/\/www.suno.com.br\/noticias\/invasoes-em-brasilia-bolsonaro-responsabilidade-politica\/\",\"name\":\"Invas\u00f5es em Bras\u00edlia: \u201cBolsonaro tem responsabilidade pol\u00edtica\u201d\",\"isPartOf\":{\"@id\":\"https:\/\/www.suno.com.br\/noticias\/#website\"},\"primaryImageOfPage\":{\"@id\":\"https:\/\/www.suno.com.br\/noticias\/invasoes-em-brasilia-bolsonaro-responsabilidade-politica\/#primaryimage\"},\"image\":{\"@id\":\"https:\/\/www.suno.com.br\/noticias\/invasoes-em-brasilia-bolsonaro-responsabilidade-politica\/#primaryimage\"},\"thumbnailUrl\":\"https:\/\/files.sunoresearch.com.br\/n\/uploads\/2023\/01\/manifestacao_mcamgo_abr_080120231818-9.jpg\",\"datePublished\":\"2023-01-09T20:07:04+00:00\",\"dateModified\":\"2023-01-10T00:41:48+00:00\",\"description\":\"Invas\u00f5es em Bras\u00edlia tomaram as aten\u00e7\u00f5es do mundo, com criminosos invadindo as instala\u00e7\u00f5es dos Tr\u00eas Poderes. Veja an\u00e1lises pol\u00edticas do caso.\",\"breadcrumb\":{\"@id\":\"https:\/\/www.suno.com.br\/noticias\/invasoes-em-brasilia-bolsonaro-responsabilidade-politica\/#breadcrumb\"},\"inLanguage\":\"pt-BR\",\"potentialAction\":[{\"@type\":\"ReadAction\",\"target\":[\"https:\/\/www.suno.com.br\/noticias\/invasoes-em-brasilia-bolsonaro-responsabilidade-politica\/\"]}]},{\"@type\":\"ImageObject\",\"inLanguage\":\"pt-BR\",\"@id\":\"https:\/\/www.suno.com.br\/noticias\/invasoes-em-brasilia-bolsonaro-responsabilidade-politica\/#primaryimage\",\"url\":\"https:\/\/files.sunoresearch.com.br\/n\/uploads\/2023\/01\/manifestacao_mcamgo_abr_080120231818-9.jpg\",\"contentUrl\":\"https:\/\/files.sunoresearch.com.br\/n\/uploads\/2023\/01\/manifestacao_mcamgo_abr_080120231818-9.jpg\",\"width\":1200,\"height\":900,\"caption\":\"Invas\u00f5es em Bras\u00edlia: Manifestantes invadem Congresso, STF e Pal\u00e1cio do Planalto. Foto: Marcelo Camargo\/Ag\u00eancia Brasil\"},{\"@type\":\"BreadcrumbList\",\"@id\":\"https:\/\/www.suno.com.br\/noticias\/invasoes-em-brasilia-bolsonaro-responsabilidade-politica\/#breadcrumb\",\"itemListElement\":[{\"@type\":\"ListItem\",\"position\":1,\"name\":\"Not\u00edcias\",\"item\":\"https:\/\/www.suno.com.br\/noticias\/\"},{\"@type\":\"ListItem\",\"position\":2,\"name\":\"Pol\u00edtica\",\"item\":\"https:\/\/www.suno.com.br\/noticias\/politica\/\"},{\"@type\":\"ListItem\",\"position\":3,\"name\":\"Invas\u00f5es em Bras\u00edlia: &#8220;Bolsonaro tem responsabilidade pol\u00edtica por ataques&#8221;, dizem cientistas pol\u00edticos\"}]},{\"@type\":\"WebSite\",\"@id\":\"https:\/\/www.suno.com.br\/noticias\/#website\",\"url\":\"https:\/\/www.suno.com.br\/noticias\/\",\"name\":\"Suno Not\u00edcias\",\"description\":\"Seu portal de informa\u00e7\u00e3o sobre o mundo dos investimentos\",\"publisher\":{\"@id\":\"https:\/\/www.suno.com.br\/noticias\/#organization\"},\"potentialAction\":[{\"@type\":\"SearchAction\",\"target\":{\"@type\":\"EntryPoint\",\"urlTemplate\":\"https:\/\/www.suno.com.br\/noticias\/?s={search_term_string}\"},\"query-input\":{\"@type\":\"PropertyValueSpecification\",\"valueRequired\":true,\"valueName\":\"search_term_string\"}}],\"inLanguage\":\"pt-BR\"},{\"@type\":\"Organization\",\"@id\":\"https:\/\/www.suno.com.br\/noticias\/#organization\",\"name\":\"Suno Not\u00edcias\",\"url\":\"https:\/\/www.suno.com.br\/noticias\/\",\"logo\":{\"@type\":\"ImageObject\",\"inLanguage\":\"pt-BR\",\"@id\":\"https:\/\/www.suno.com.br\/noticias\/#\/schema\/logo\/image\/\",\"url\":\"https:\/\/files.sunoresearch.com.br\/n\/uploads\/2021\/09\/suno-logo.png\",\"contentUrl\":\"https:\/\/files.sunoresearch.com.br\/n\/uploads\/2021\/09\/suno-logo.png\",\"width\":180,\"height\":180,\"caption\":\"Suno Not\u00edcias\"},\"image\":{\"@id\":\"https:\/\/www.suno.com.br\/noticias\/#\/schema\/logo\/image\/\"},\"sameAs\":[\"https:\/\/facebook.com\/sunoresearch\",\"https:\/\/x.com\/sunoresearch\",\"https:\/\/www.instagram.com\/suno\",\"https:\/\/www.linkedin.com\/company\/suno-research\/\",\"https:\/\/www.youtube.com\/c\/sunoresearch\"]},{\"@type\":\"Person\",\"@id\":\"https:\/\/www.suno.com.br\/noticias\/#\/schema\/person\/c9d40f227e4ffee8114b1299c28902b0\",\"name\":\"Beatriz Boyadjian\",\"image\":{\"@type\":\"ImageObject\",\"inLanguage\":\"pt-BR\",\"@id\":\"https:\/\/www.suno.com.br\/noticias\/#\/schema\/person\/image\/\",\"url\":\"https:\/\/secure.gravatar.com\/avatar\/4c3c59f4030e268f950437c4f36e38b7?s=96&r=g\",\"contentUrl\":\"https:\/\/secure.gravatar.com\/avatar\/4c3c59f4030e268f950437c4f36e38b7?s=96&r=g\",\"caption\":\"Beatriz Boyadjian\"},\"description\":\"Rep\u00f3rter multim\u00eddia no Suno Not\u00edcias. Jornalista formada pela Faculdade C\u00e1sper L\u00edbero, foi rep\u00f3rter da Forbes Brasil e atuou na cobertura de hard news, economia, neg\u00f3cios e lifestyle. Gerenciou as redes sociais da edi\u00e7\u00e3o brasileira da tradicional revista de neg\u00f3cios. Na M\u00e1quina Cohn&amp;Wolfe, atuou como rela\u00e7\u00f5es p\u00fablicas de clientes do N\u00facleo de Sa\u00fade da empresa. Produziu releases, notas, relat\u00f3rios, entre outros, para empresas como Biomm, Hypera, FIDI. Anteriormente, respons\u00e1vel pelas redes sociais do Suno Not\u00edcias.\",\"sameAs\":[\"https:\/\/www.linkedin.com\/in\/beatriz-boyadjian\/\"],\"url\":\"https:\/\/www.suno.com.br\/noticias\/author\/beatriz-boyadjian\/\"}]}<\/script>\n<!-- \/ Yoast SEO plugin. -->","yoast_head_json":{"title":"Invas\u00f5es em Bras\u00edlia: \u201cBolsonaro tem responsabilidade pol\u00edtica\u201d","description":"Invas\u00f5es em Bras\u00edlia tomaram as aten\u00e7\u00f5es do mundo, com criminosos invadindo as instala\u00e7\u00f5es dos Tr\u00eas Poderes. Veja an\u00e1lises pol\u00edticas do caso.","robots":{"index":"index","follow":"follow","max-snippet":"max-snippet:-1","max-image-preview":"max-image-preview:large","max-video-preview":"max-video-preview:-1"},"canonical":"https:\/\/www.suno.com.br\/noticias\/invasoes-em-brasilia-bolsonaro-responsabilidade-politica\/","og_locale":"pt_BR","og_type":"article","og_title":"Invas\u00f5es em Bras\u00edlia: \u201cBolsonaro tem responsabilidade pol\u00edtica\u201d","og_description":"Invas\u00f5es em Bras\u00edlia tomaram as aten\u00e7\u00f5es do mundo, com criminosos invadindo as instala\u00e7\u00f5es dos Tr\u00eas Poderes. Veja an\u00e1lises pol\u00edticas do caso.","og_url":"https:\/\/www.suno.com.br\/noticias\/invasoes-em-brasilia-bolsonaro-responsabilidade-politica\/","og_site_name":"Suno Not\u00edcias","article_publisher":"https:\/\/facebook.com\/sunoresearch","og_image":[{"width":1200,"height":900,"url":"https:\/\/files.sunoresearch.com.br\/n\/uploads\/2023\/01\/manifestacao_mcamgo_abr_080120231818-9.jpg","type":"image\/jpeg"}],"author":"Beatriz Boyadjian","twitter_card":"summary_large_image","twitter_creator":"@sunoresearch","twitter_site":"@sunoresearch","twitter_misc":{"Escrito por":"Beatriz Boyadjian","Est. tempo de leitura":"5 minutos"},"schema":{"@context":"https:\/\/schema.org","@graph":[{"@type":"NewsArticle","@id":"https:\/\/www.suno.com.br\/noticias\/invasoes-em-brasilia-bolsonaro-responsabilidade-politica\/#article","isPartOf":{"@id":"https:\/\/www.suno.com.br\/noticias\/invasoes-em-brasilia-bolsonaro-responsabilidade-politica\/"},"author":{"name":"Beatriz Boyadjian","@id":"https:\/\/www.suno.com.br\/noticias\/#\/schema\/person\/c9d40f227e4ffee8114b1299c28902b0"},"headline":"Invas\u00f5es em Bras\u00edlia: &#8220;Bolsonaro tem responsabilidade pol\u00edtica por ataques&#8221;, dizem cientistas pol\u00edticos","datePublished":"2023-01-09T20:07:04+00:00","dateModified":"2023-01-10T00:41:48+00:00","mainEntityOfPage":{"@id":"https:\/\/www.suno.com.br\/noticias\/invasoes-em-brasilia-bolsonaro-responsabilidade-politica\/"},"wordCount":977,"publisher":{"@id":"https:\/\/www.suno.com.br\/noticias\/#organization"},"image":{"@id":"https:\/\/www.suno.com.br\/noticias\/invasoes-em-brasilia-bolsonaro-responsabilidade-politica\/#primaryimage"},"thumbnailUrl":"https:\/\/files.sunoresearch.com.br\/n\/uploads\/2023\/01\/manifestacao_mcamgo_abr_080120231818-9.jpg","keywords":["Congresso Nacional","Especialistas","Jair Bolsonaro","Lula","Supremo Tribunal Federal (STF)"],"articleSection":["Pol\u00edtica"],"inLanguage":"pt-BR"},{"@type":"WebPage","@id":"https:\/\/www.suno.com.br\/noticias\/invasoes-em-brasilia-bolsonaro-responsabilidade-politica\/","url":"https:\/\/www.suno.com.br\/noticias\/invasoes-em-brasilia-bolsonaro-responsabilidade-politica\/","name":"Invas\u00f5es em Bras\u00edlia: \u201cBolsonaro tem responsabilidade pol\u00edtica\u201d","isPartOf":{"@id":"https:\/\/www.suno.com.br\/noticias\/#website"},"primaryImageOfPage":{"@id":"https:\/\/www.suno.com.br\/noticias\/invasoes-em-brasilia-bolsonaro-responsabilidade-politica\/#primaryimage"},"image":{"@id":"https:\/\/www.suno.com.br\/noticias\/invasoes-em-brasilia-bolsonaro-responsabilidade-politica\/#primaryimage"},"thumbnailUrl":"https:\/\/files.sunoresearch.com.br\/n\/uploads\/2023\/01\/manifestacao_mcamgo_abr_080120231818-9.jpg","datePublished":"2023-01-09T20:07:04+00:00","dateModified":"2023-01-10T00:41:48+00:00","description":"Invas\u00f5es em Bras\u00edlia tomaram as aten\u00e7\u00f5es do mundo, com criminosos invadindo as instala\u00e7\u00f5es dos Tr\u00eas Poderes. Veja an\u00e1lises pol\u00edticas do caso.","breadcrumb":{"@id":"https:\/\/www.suno.com.br\/noticias\/invasoes-em-brasilia-bolsonaro-responsabilidade-politica\/#breadcrumb"},"inLanguage":"pt-BR","potentialAction":[{"@type":"ReadAction","target":["https:\/\/www.suno.com.br\/noticias\/invasoes-em-brasilia-bolsonaro-responsabilidade-politica\/"]}]},{"@type":"ImageObject","inLanguage":"pt-BR","@id":"https:\/\/www.suno.com.br\/noticias\/invasoes-em-brasilia-bolsonaro-responsabilidade-politica\/#primaryimage","url":"https:\/\/files.sunoresearch.com.br\/n\/uploads\/2023\/01\/manifestacao_mcamgo_abr_080120231818-9.jpg","contentUrl":"https:\/\/files.sunoresearch.com.br\/n\/uploads\/2023\/01\/manifestacao_mcamgo_abr_080120231818-9.jpg","width":1200,"height":900,"caption":"Invas\u00f5es em Bras\u00edlia: Manifestantes invadem Congresso, STF e Pal\u00e1cio do Planalto. Foto: Marcelo Camargo\/Ag\u00eancia Brasil"},{"@type":"BreadcrumbList","@id":"https:\/\/www.suno.com.br\/noticias\/invasoes-em-brasilia-bolsonaro-responsabilidade-politica\/#breadcrumb","itemListElement":[{"@type":"ListItem","position":1,"name":"Not\u00edcias","item":"https:\/\/www.suno.com.br\/noticias\/"},{"@type":"ListItem","position":2,"name":"Pol\u00edtica","item":"https:\/\/www.suno.com.br\/noticias\/politica\/"},{"@type":"ListItem","position":3,"name":"Invas\u00f5es em Bras\u00edlia: &#8220;Bolsonaro tem responsabilidade pol\u00edtica por ataques&#8221;, dizem cientistas pol\u00edticos"}]},{"@type":"WebSite","@id":"https:\/\/www.suno.com.br\/noticias\/#website","url":"https:\/\/www.suno.com.br\/noticias\/","name":"Suno Not\u00edcias","description":"Seu portal de informa\u00e7\u00e3o sobre o mundo dos investimentos","publisher":{"@id":"https:\/\/www.suno.com.br\/noticias\/#organization"},"potentialAction":[{"@type":"SearchAction","target":{"@type":"EntryPoint","urlTemplate":"https:\/\/www.suno.com.br\/noticias\/?s={search_term_string}"},"query-input":{"@type":"PropertyValueSpecification","valueRequired":true,"valueName":"search_term_string"}}],"inLanguage":"pt-BR"},{"@type":"Organization","@id":"https:\/\/www.suno.com.br\/noticias\/#organization","name":"Suno Not\u00edcias","url":"https:\/\/www.suno.com.br\/noticias\/","logo":{"@type":"ImageObject","inLanguage":"pt-BR","@id":"https:\/\/www.suno.com.br\/noticias\/#\/schema\/logo\/image\/","url":"https:\/\/files.sunoresearch.com.br\/n\/uploads\/2021\/09\/suno-logo.png","contentUrl":"https:\/\/files.sunoresearch.com.br\/n\/uploads\/2021\/09\/suno-logo.png","width":180,"height":180,"caption":"Suno Not\u00edcias"},"image":{"@id":"https:\/\/www.suno.com.br\/noticias\/#\/schema\/logo\/image\/"},"sameAs":["https:\/\/facebook.com\/sunoresearch","https:\/\/x.com\/sunoresearch","https:\/\/www.instagram.com\/suno","https:\/\/www.linkedin.com\/company\/suno-research\/","https:\/\/www.youtube.com\/c\/sunoresearch"]},{"@type":"Person","@id":"https:\/\/www.suno.com.br\/noticias\/#\/schema\/person\/c9d40f227e4ffee8114b1299c28902b0","name":"Beatriz Boyadjian","image":{"@type":"ImageObject","inLanguage":"pt-BR","@id":"https:\/\/www.suno.com.br\/noticias\/#\/schema\/person\/image\/","url":"https:\/\/secure.gravatar.com\/avatar\/4c3c59f4030e268f950437c4f36e38b7?s=96&r=g","contentUrl":"https:\/\/secure.gravatar.com\/avatar\/4c3c59f4030e268f950437c4f36e38b7?s=96&r=g","caption":"Beatriz Boyadjian"},"description":"Rep\u00f3rter multim\u00eddia no Suno Not\u00edcias. Jornalista formada pela Faculdade C\u00e1sper L\u00edbero, foi rep\u00f3rter da Forbes Brasil e atuou na cobertura de hard news, economia, neg\u00f3cios e lifestyle. Gerenciou as redes sociais da edi\u00e7\u00e3o brasileira da tradicional revista de neg\u00f3cios. Na M\u00e1quina Cohn&amp;Wolfe, atuou como rela\u00e7\u00f5es p\u00fablicas de clientes do N\u00facleo de Sa\u00fade da empresa. Produziu releases, notas, relat\u00f3rios, entre outros, para empresas como Biomm, Hypera, FIDI. Anteriormente, respons\u00e1vel pelas redes sociais do Suno Not\u00edcias.","sameAs":["https:\/\/www.linkedin.com\/in\/beatriz-boyadjian\/"],"url":"https:\/\/www.suno.com.br\/noticias\/author\/beatriz-boyadjian\/"}]}},"default_loop_html":"<div class=\"cardsPage__listCard__boxs\"><div class=\"cardsPage__listCard__boxs__img\"><a href=\"https:\/\/www.suno.com.br\/noticias\/invasoes-em-brasilia-bolsonaro-responsabilidade-politica\/\"><img class=\"mask\" src=\"https:\/\/www.suno.com.br\/noticias\/wp-content\/themes\/suno\/resources\/images\/spotlight\/spotlight1img\/bg-mask.png\" alt=\"Image Mask\"\/><img src=\"https:\/\/files.sunoresearch.com.br\/n\/uploads\/2023\/01\/manifestacao_mcamgo_abr_080120231818-9-400x200.jpg\" alt=\"Invas\u00f5es em Bras\u00edlia: &#8220;Bolsonaro tem responsabilidade pol\u00edtica por ataques&#8221;, dizem cientistas pol\u00edticos\"\/><\/a><span class=\"spotlightCategory\"><a href=\"https:\/\/www.suno.com.br\/noticias\/politica\/\">Pol\u00edtica<\/a><\/span><\/div><div class=\"cardsPage__listCard__boxs__content\"><a href=\"https:\/\/www.suno.com.br\/noticias\/invasoes-em-brasilia-bolsonaro-responsabilidade-politica\/\"><h2 class=\"content__title\">Invas\u00f5es em Bras\u00edlia: &#8220;Bolsonaro tem responsabilidade pol\u00edtica por ataques&#8221;, dizem cientistas pol\u00edticos<\/h2><\/a><div class=\"newsContent__article__meta\"><div class=\"newsContent__article__meta__authorBox\"><a href=\"https:\/\/www.suno.com.br\/noticias\/author\/gregory-prudenciano\/\" class=\"authorBox__avatar noMobi\"><img src=\"https:\/\/secure.gravatar.com\/avatar\/a1a3184084b4e5c438b40b55330461f8?s=96&#038;r=g\" alt=\"Gregory Prudenciano\"><\/a><div class=\"authorBox__name\"><span>por\n\t\t\t<a href=\"https:\/\/www.suno.com.br\/noticias\/author\/gregory-prudenciano\/\"><span itemprop=\"author\">Gregory Prudenciano<\/span><\/a><\/span><time datetime=\"2023-01-09T17:07:04-03:00\" itemprop=\"datePublished\">09\/01\/2023 17:07<\/time><\/div><\/div><\/div><\/div><\/div>","single_layout":"posts","amp_enabled":true,"_links":{"self":[{"href":"https:\/\/www.suno.com.br\/noticias\/wp-json\/wp\/v2\/posts\/343313"}],"collection":[{"href":"https:\/\/www.suno.com.br\/noticias\/wp-json\/wp\/v2\/posts"}],"about":[{"href":"https:\/\/www.suno.com.br\/noticias\/wp-json\/wp\/v2\/types\/post"}],"author":[{"embeddable":true,"href":"https:\/\/www.suno.com.br\/noticias\/wp-json\/wp\/v2\/users\/70"}],"replies":[{"embeddable":true,"href":"https:\/\/www.suno.com.br\/noticias\/wp-json\/wp\/v2\/comments?post=343313"}],"version-history":[{"count":2,"href":"https:\/\/www.suno.com.br\/noticias\/wp-json\/wp\/v2\/posts\/343313\/revisions"}],"predecessor-version":[{"id":343751,"href":"https:\/\/www.suno.com.br\/noticias\/wp-json\/wp\/v2\/posts\/343313\/revisions\/343751"}],"wp:featuredmedia":[{"embeddable":true,"href":"https:\/\/www.suno.com.br\/noticias\/wp-json\/wp\/v2\/media\/343319"}],"wp:attachment":[{"href":"https:\/\/www.suno.com.br\/noticias\/wp-json\/wp\/v2\/media?parent=343313"}],"wp:term":[{"taxonomy":"category","embeddable":true,"href":"https:\/\/www.suno.com.br\/noticias\/wp-json\/wp\/v2\/categories?post=343313"},{"taxonomy":"post_tag","embeddable":true,"href":"https:\/\/www.suno.com.br\/noticias\/wp-json\/wp\/v2\/tags?post=343313"},{"taxonomy":"suno_strategy","embeddable":true,"href":"https:\/\/www.suno.com.br\/noticias\/wp-json\/wp\/v2\/suno_strategy?post=343313"}],"curies":[{"name":"wp","href":"https:\/\/api.w.org\/{rel}","templated":true}]}}