{"id":343225,"date":"2023-01-09T14:04:31","date_gmt":"2023-01-09T17:04:31","guid":{"rendered":"https:\/\/www.suno.com.br\/noticias\/?p=343225"},"modified":"2023-01-09T14:05:10","modified_gmt":"2023-01-09T17:05:10","slug":"atos-golpistas-recesso-parlamentar-congresso","status":"publish","type":"post","link":"https:\/\/www.suno.com.br\/noticias\/atos-golpistas-recesso-parlamentar-congresso\/","title":{"rendered":"Ap\u00f3s atos golpistas, recesso \u00e9 encerrado e parlamentares voltam ao trabalho"},"content":{"rendered":"<p>O presidente do Senado, <a href=\"https:\/\/www.suno.com.br\/noticias\/lei-das-estatais-votacao-senado-em-2023\/\" target=\"_blank\" rel=\"noreferrer noopener\">Rodrigo Pacheco (PSD-MG)<\/a>, suspendeu as f\u00e9rias na Fran\u00e7a e deve retornar ao Brasil j\u00e1 nesta segunda (9)<a href=\"https:\/\/www.suno.com.br\/noticias\/policia-federal-vandalismo-brasilia\/\" target=\"_blank\" rel=\"noreferrer noopener\"> ap\u00f3s os atos golpistas em Bras\u00edlia na v\u00e9spera<\/a>, suspendendo o <strong>recesso<\/strong> parlamentar por tempo indeterminado.<\/p><div class=\"videoFull \">\n\t\t\t<div class=\"videoWrapper yt-lazyload center\"\n\t\t\t\tdata-width=\"960\"\n\t\t\t\tdata-height=\"540\"\n\t\t\t\tdata-id=\"tB4vwahjp5E\"\n\t\t\t\tdata-alt=\"V\u00eddeo do YouTube - clique para reproduzir\"\n\t\t\t\tdata-logo=\"3\"\n\t\t\t\tdata-imagequality=\"maxres\">\n\t\t\t<\/div>\n\t\t<\/div><script type=\"application\/ld+json\">{\"@context\":\"https:\/\/schema.org\",\"@type\":\"VideoObject\",\"name\":\"Invas\u00f5es em Bras\u00edlia: e o mercado com isso? | Suno Not\u00edcias\",\"description\":\"\ud83d\udea8\ud83d\udcb8\ud835\udc01\ud835\udc1a\ud835\udc22\ud835\udc31\ud835\udc1e \ud835\udc28 \ud835\udc20\ud835\udc2e\ud835\udc22\ud835\udc1a \"\ud835\udc02\ud835\udc28\ud835\udc26\ud835\udc28 \ud835\udc22\ud835\udc27\ud835\udc2f\ud835\udc1e\ud835\udc2c\ud835\udc2d\ud835\udc22\ud835\udc2b \ud835\udc1e\ud835\udc26 \ud835\udfd0\ud835\udfce\ud835\udfd0\ud835\udfd1\" \ud835\udc27\ud835\udc28 \ud835\udc25\ud835\udc22\ud835\udc27\ud835\udc24 \ud83d\udc47 https:\/\/lp.suno.com.br\/cl\/sr-guia-como-investir-em-2023\/?utm_source=youtube.noticias&utm_medium=video&utm_campaign=N\/A.ns.20230109&utm_content=ytnoticias.brasilia.09012023 #Not\u00edciasdoDia #Not\u00edcias #invasao #investimentos #rendavari\u00e1vel #bolsadevalores #a\u00e7\u00f5es #invasaoabrasilia #manisfestacoes \ud83d\udd34\ud835\udc08\ud835\udc0d\ud835\udc12\ud835\udc02\ud835\udc11\ud835\udc04\ud835\udc15\ud835\udc00-\ud835\udc12\ud835\udc04 \ud835\udc0d\ud835\udc0e \ud835\udc02\ud835\udc00\ud835\udc0d\ud835\udc00\ud835\udc0b \ud835\udc04 \ud835\udc00\ud835\udc13\ud835\udc08\ud835\udc15\ud835\udc04 \ud835\udc0e \ud835\udc12\ud835\udc08\ud835\udc0d\ud835\udc0e \ud83d\udc47 https:\/\/bit.ly\/INSCREVA-SEATIVEOSINO \ud83d\udcda \ud835\udfcf\ud835\udfce \ud835\udc0b\ud835\udc22\ud835\udc2f\ud835\udc2b\ud835\udc28\ud835\udc2c \ud835\udc2a\ud835\udc2e\ud835\udc1e \ud835\udc13\ud835\udc28\ud835\udc1d\ud835\udc28 \ud835\udc08\ud835\udc27\ud835\udc2f\ud835\udc1e\ud835\udc2c\ud835\udc2d\ud835\udc22\ud835\udc1d\ud835\udc28\ud835\udc2b \ud835\udc1d\ud835\udc1e\ud835\udc2f\ud835\udc1e\ud835\udc2b\ud835\udc22\ud835\udc1a \ud835\udc0b\ud835\udc1e\ud835\udc2b\ud83d\udc47 https:\/\/lp.suno.com.br\/ebook-10-livros\/?utm_source=youtube.noticias&utm_medium=video&utm_campaign=ebook10livrosparainvestidores.20230105&utm_content=youtube.noticias.05012023 \ud83d\udcda \ud83d\udcb8 \ud83d\udcca \ud835\udde3\ud835\udddf\ud835\uddd4\ud835\udde1\ud835\udddc\ud835\udddf\ud835\udddb\ud835\uddd4 \ud835\uddd7\ud835\uddd8 \ud835\uddd6\ud835\udde2\ud835\udde1\ud835\udde7\ud835\udde5\ud835\udde2\ud835\udddf\ud835\uddd8 \ud835\uddd9\ud835\udddc\ud835\udde1\ud835\uddd4\ud835\udde1\ud835\uddd6\ud835\uddd8\ud835\udddc\ud835\udde5\ud835\udde2: \ud835\uddd5\ud835\uddee\ud835\uddf6\ud835\ude05\ud835\uddf2 \ud835\uddee \ud835\uddfd\ud835\uddf9\ud835\uddee\ud835\uddfb\ud835\uddf6\ud835\uddf9\ud835\uddf5\ud835\uddee AGORA antes que acabe! \ud83d\udc49 https:\/\/lp.suno.com.br\/planilha-da-vida-financeira\/?utm_source=youtube.noticias&utm_medium=live&utm_campaign=planilhadavidafinanceira.20221128&utm_content=ytnoticias.morning.02122022 \ud83d\udcda\u2026\",\"duration\":\"PT2M6S\",\"embedUrl\":\"https:\/\/www.youtube.com\/embed\/tB4vwahjp5E\",\"regionsAllowed\":\"pt-BR\",\"interactionStatistic\":{\"@type\":\"InteractionCounter\",\"interactionType\":{\"@type\":\"WatchAction\"},\"userInteractionCount\":1171},\"thumbnailUrl\":\"https:\/\/i.ytimg.com\/vi\/tB4vwahjp5E\/default.jpg\",\"uploadDate\":\"2023-01-09T15:57:09Z\"}<\/script>\n\n\n\n\n\t<p>\n\t\t<a href=\"\" target=\"_blank\" data-element=\"shortcode-suno-banner\" title=\"Banner SUNO, clique e saiba mais\">\n\t\t\t<picture>\n\t\t\t\t<source media=\"(max-width: 500px)\" srcset=\"\">\n\t\t\t\t<img class=\"newsContent__article__imgCapa newsContent__article__imgCapa--banner\"\n\t\t\t\t\tsrc=\"\"\n\t\t\t\t\tdata-promo-id=\"240038\"\t\t\t\t\t\t\t\t\t\t\t\t\t\t\talt=\"\"\n\t\t\t\t>\n\t\t\t<\/picture>\n\t\t<\/a>\n\t<\/p>\n\n\n\n\n\n<p>O senador convocou extraordinariamente o <a href=\"https:\/\/www.suno.com.br\/noticias\/fotos-veja-imagens-da-invasao-ao-planalto-congresso-e-stf\/\" target=\"_blank\" rel=\"noreferrer noopener\">Congresso Nacional<\/a> para apreciar o decreto de interven\u00e7\u00e3o federal no Distrito Federal, assinado pelo presidente Luiz In\u00e1cio Lula da Silva (PT). Antes do ato convocat\u00f3rio, o <strong>recesso parlamentar<\/strong> iria at\u00e9 o dia 1\u00ba de fevereiro, conforme a normativa atual.<\/p>\n\n\n\n<p>\u201cO Congresso Nacional \u00e9 convocado extraordinariamente, sem pagamento de ajuda de custo, durante o prazo necess\u00e1rio para apreciar o <a href=\"https:\/\/presrepublica.jusbrasil.com.br\/legislacao\/1731480649\/decreto-11377-23\" target=\"_blank\" rel=\"noopener\">Decreto n\u00ba 11.377, de 8 de janeiro de 2023<\/a>, que decreta <strong>interven\u00e7\u00e3o federal no Distrito Federal<\/strong> com o objetivo de p\u00f4r termo ao grave comprometimento da ordem p\u00fablica, nos termos que espec\u00edfica\u201d, diz o documento<\/p>\n\n\n\n<p>O <strong>presidente do Senado<\/strong> destacou o trabalho da pol\u00edcia legislativa, \u00f3rg\u00e3o respons\u00e1vel pela seguran\u00e7a do Congresso Nacional. Segundo o senador, eles realizaram \u201c44 pris\u00f5es em flagrante de criminosos que protagonizaram atos antidemocr\u00e1ticos e cenas de selvageria em Bras\u00edlia\u201d.<\/p>\n\n\n\n\t<div data-element=\"shortcode-read-more\" class=\"readToo\">\n\t\t\t\t<span class=\"readToo__title\">Leia mais<\/span>\n\t\t\t\t<ul class=\"readToo__list\">\n\t\t\t<li><a href=\"https:\/\/www.suno.com.br\/noticias\/ibovespa-vira-positivo-protestos-atos-brasilia\/\">Ibovespa vira para alta com exterior positivo e movimentos do governo contra atos golpistas<\/a><\/li><li><a href=\"https:\/\/www.suno.com.br\/noticias\/fup-refinarias-petrobras-atos-antidemocraticos\/\">Petrobras (PETR4): 4 refinarias est\u00e3o na mira de atos antidemocr\u00e1ticos; governo garante abastecimento<\/a><\/li><li><a href=\"https:\/\/www.suno.com.br\/noticias\/dolar-sobe-instabilidade-atos-golpistas\/\">D\u00f3lar sobe para R$ 5,3 com instabilidade pol\u00edtica ap\u00f3s atos golpistas<\/a><\/li><li><a href=\"https:\/\/www.suno.com.br\/noticias\/ibaneis-rocha-governador-df-afastado-alexandre-moraes\/\">Ibaneis Rocha, governador do DF, \u00e9 afastado por Alexandre de Moraes<\/a><\/li><li><a href=\"https:\/\/www.suno.com.br\/noticias\/fotos-veja-imagens-da-invasao-ao-planalto-congresso-e-stf\/\">FOTOS: Veja imagens da invas\u00e3o ao Planalto, Congresso e STF<\/a><\/li>\t\t<\/ul>\n\t<\/div>\n\n\n\n\n<p>Os detidos foram encaminhados para o Complexo Penitenci\u00e1rio da Papuda, no Distrito Federal. Com eles, disse <strong>Pacheco<\/strong>, os policiais encontraram machadinhas, fac\u00f5es, porretes e estilingues com esferas de a\u00e7o usados para atacar os policiais.<\/p>\n\n\n\n<p>Assim como nas sedes do <strong>Executivo <\/strong>e do <strong>Judici\u00e1rio<\/strong>, a do <strong>Legislativo <\/strong>teve equipamentos e parte da infraestrutura destru\u00eddas, al\u00e9m de obras de arte danificadas ou roubadas.<\/p>\n\n\n\t<p>\n\t\t<a href=\"https:\/\/lp.suno.com.br\/planilha-controle-gastos\/\" target=\"_blank\" data-element=\"shortcode-suno-banner\" title=\"Banner SUNO, clique e saiba mais\">\n\t\t\t<picture>\n\t\t\t\t<source media=\"(max-width: 500px)\" srcset=\"https:\/\/files.sunoresearch.com.br\/n\/uploads\/2023\/03\/400x300-Planilha-controle-de-gastos.png\">\n\t\t\t\t<img class=\"newsContent__article__imgCapa newsContent__article__imgCapa--banner\"\n\t\t\t\t\tsrc=\"https:\/\/files.sunoresearch.com.br\/n\/uploads\/2023\/03\/1420x240-Planilha-controle-de-gastos.png\"\n\t\t\t\t\tdata-promo-id=\"101751\"\t\t\t\t\t\t\t\t\t\twidth='1420' height='240'\t\t\t\t\talt=\"https:\/\/files.sunoresearch.com.br\/n\/uploads\/2023\/03\/1420x240-Planilha-controle-de-gastos.png\"\n\t\t\t\t>\n\t\t\t<\/picture>\n\t\t<\/a>\n\t<\/p>\n\n\n\n\n\n<h2 class=\"wp-block-heading\" id=\"h-golpistas-presos-chegam-a-1-2-mil\">Golpistas presos chegam a 1,2 mil<\/h2>\n\n\n\n<p>Aproximadamente 1,2 mil <strong>golpistas <\/strong>foram presos nesta segunda-feira (9) ap\u00f3s <a href=\"https:\/\/www.suno.com.br\/noticias\/bolsonaristas-manifestantes-invasao-congresso-nacional-palacio-planalto\/\" target=\"_blank\" rel=\"noreferrer noopener\">atos antidemocr\u00e1ticos aos Tr\u00eas Poderes<\/a>. A Pol\u00edcia do Ex\u00e9rcito e a Pol\u00edcia Militar do Distrito Federal (PM-DF) come\u00e7aram a desocupar a \u00e1rea em frente ao Quartel-General do Ex\u00e9rcito\u00a0em Bras\u00edlia. O n\u00famero de presos foi informado pelo Minist\u00e9rio da Justi\u00e7a e Seguran\u00e7a P\u00fablica.<\/p>\n\n\n\n<p>As pessoas foram presas no local e levadas em dezenas de \u00f4nibus at\u00e9 a Superintend\u00eancia da Policia Federal (PF). Imagens de TV mostraram o comboio chegando \u00e0 sede da PF. <\/p>\n\n\n\n<p>Os <strong>golpistas detidos<\/strong> passar\u00e3o por triagem no Instituto de Criminal\u00edstica e devem ser ouvidos por integrantes\u00a0da PF. <\/p>\n\n\n\n<p>Contudo, n\u00e3o est\u00e1 claro se permanecer\u00e3o presos ou se ser\u00e3o liberados em seguida. Em\u00a0rede social, o presidente do Senado, Rodrigo Pacheco, que encerrou o <strong>recesso<\/strong> parlamentar, confirmou que a Pol\u00edcia Legislativa prendeu\u00a044 golpistas que invadiram Bras\u00edlia no\u00a0domingo.<\/p>\n\n\n\n<p>Com informa\u00e7\u00f5es da Ag\u00eancia Brasil<\/p>\n\n\n\t<p>\n\t\t<a href=\"https:\/\/lp.suno.com.br\/planilha-da-vida-financeira\/\" target=\"_blank\" data-element=\"shortcode-suno-banner\" title=\"Banner SUNO, clique e saiba mais\">\n\t\t\t<picture>\n\t\t\t\t<source media=\"(max-width: 500px)\" srcset=\"https:\/\/files.sunoresearch.com.br\/n\/uploads\/2023\/04\/400x300-Planilha-vida-financeira-true.png\">\n\t\t\t\t<img class=\"newsContent__article__imgCapa newsContent__article__imgCapa--banner\"\n\t\t\t\t\tsrc=\"https:\/\/files.sunoresearch.com.br\/n\/uploads\/2023\/04\/1420x240-Planilha-vida-financeira-true.png\"\n\t\t\t\t\tdata-promo-id=\"106682\"\t\t\t\t\t\t\t\t\t\twidth='1420' height='240'\t\t\t\t\talt=\"https:\/\/files.sunoresearch.com.br\/n\/uploads\/2023\/04\/1420x240-Planilha-vida-financeira-true.png\"\n\t\t\t\t>\n\t\t\t<\/picture>\n\t\t<\/a>\n\t<\/p>\n\n\n","protected":false},"excerpt":{"rendered":"<p>O presidente do Senado, Rodrigo Pacheco (PSD-MG), suspendeu as f\u00e9rias na Fran\u00e7a e deve retornar ao Brasil j\u00e1 nesta segunda (9) ap\u00f3s os atos golpistas em Bras\u00edlia na v\u00e9spera, suspendendo o recesso parlamentar por tempo indeterminado. O senador convocou extraordinariamente o Congresso Nacional para apreciar o decreto de interven\u00e7\u00e3o federal no Distrito Federal, assinado pelo [&hellip;]<\/p>\n","protected":false},"author":73,"featured_media":335461,"comment_status":"closed","ping_status":"closed","sticky":false,"template":"","format":"standard","meta":[],"categories":[61],"tags":[106444,938,901,1068],"suno_strategy":[],"class_list":["post-343225","post","type-post","status-publish","format-standard","has-post-thumbnail","hentry","category-politica","tag-agencias","tag-camara-dos-deputados","tag-congresso-nacional","tag-senado-federal"],"yoast_head":"<!-- This site is optimized with the Yoast SEO plugin v24.4 - https:\/\/yoast.com\/wordpress\/plugins\/seo\/ -->\n<title>Ap\u00f3s atos golpistas, recesso parlamentar \u00e9 suspenso<\/title>\n<meta name=\"description\" content=\"O presidente do Senado, Rodrigo Pacheco (PSD-MG), suspendeu as f\u00e9rias na Fran\u00e7a e fez ato convocat\u00f3rio prevendo suspens\u00e3o do recesso. Veja!\" \/>\n<meta name=\"robots\" content=\"index, follow, max-snippet:-1, max-image-preview:large, max-video-preview:-1\" \/>\n<link rel=\"canonical\" href=\"https:\/\/www.suno.com.br\/noticias\/atos-golpistas-recesso-parlamentar-congresso\/\" \/>\n<meta property=\"og:locale\" content=\"pt_BR\" \/>\n<meta property=\"og:type\" content=\"article\" \/>\n<meta property=\"og:title\" content=\"Ap\u00f3s atos golpistas, recesso parlamentar \u00e9 suspenso\" \/>\n<meta property=\"og:description\" content=\"O presidente do Senado, Rodrigo Pacheco (PSD-MG), suspendeu as f\u00e9rias na Fran\u00e7a e fez ato convocat\u00f3rio prevendo suspens\u00e3o do recesso. Veja!\" \/>\n<meta property=\"og:url\" content=\"https:\/\/www.suno.com.br\/noticias\/atos-golpistas-recesso-parlamentar-congresso\/\" \/>\n<meta property=\"og:site_name\" content=\"Suno Not\u00edcias\" \/>\n<meta property=\"article:publisher\" content=\"https:\/\/facebook.com\/sunoresearch\" \/>\n<meta property=\"og:image\" content=\"https:\/\/files.sunoresearch.com.br\/n\/uploads\/2022\/12\/presidente_do_senado_rodrigo_pacheco.jpg\" \/>\n\t<meta property=\"og:image:width\" content=\"1200\" \/>\n\t<meta property=\"og:image:height\" content=\"800\" \/>\n\t<meta property=\"og:image:type\" content=\"image\/jpeg\" \/>\n<meta name=\"author\" content=\"Eduardo Vargas\" \/>\n<meta name=\"twitter:card\" content=\"summary_large_image\" \/>\n<meta name=\"twitter:creator\" content=\"@sunoresearch\" \/>\n<meta name=\"twitter:site\" content=\"@sunoresearch\" \/>\n<meta name=\"twitter:label1\" content=\"Escrito por\" \/>\n\t<meta name=\"twitter:data1\" content=\"Eduardo Vargas\" \/>\n\t<meta name=\"twitter:label2\" content=\"Est. tempo de leitura\" \/>\n\t<meta name=\"twitter:data2\" content=\"3 minutos\" \/>\n<script type=\"application\/ld+json\" class=\"yoast-schema-graph\">{\"@context\":\"https:\/\/schema.org\",\"@graph\":[{\"@type\":\"NewsArticle\",\"@id\":\"https:\/\/www.suno.com.br\/noticias\/atos-golpistas-recesso-parlamentar-congresso\/#article\",\"isPartOf\":{\"@id\":\"https:\/\/www.suno.com.br\/noticias\/atos-golpistas-recesso-parlamentar-congresso\/\"},\"author\":{\"name\":\"Eduardo Vargas\",\"@id\":\"https:\/\/www.suno.com.br\/noticias\/#\/schema\/person\/7f4d362bf3518e76090143ae77bb49a5\"},\"headline\":\"Ap\u00f3s atos golpistas, recesso \u00e9 encerrado e parlamentares voltam ao trabalho\",\"datePublished\":\"2023-01-09T17:04:31+00:00\",\"dateModified\":\"2023-01-09T17:05:10+00:00\",\"mainEntityOfPage\":{\"@id\":\"https:\/\/www.suno.com.br\/noticias\/atos-golpistas-recesso-parlamentar-congresso\/\"},\"wordCount\":443,\"publisher\":{\"@id\":\"https:\/\/www.suno.com.br\/noticias\/#organization\"},\"image\":{\"@id\":\"https:\/\/www.suno.com.br\/noticias\/atos-golpistas-recesso-parlamentar-congresso\/#primaryimage\"},\"thumbnailUrl\":\"https:\/\/files.sunoresearch.com.br\/n\/uploads\/2022\/12\/presidente_do_senado_rodrigo_pacheco.jpg\",\"keywords\":[\"Ag\u00eancias\",\"C\u00e2mara dos Deputados\",\"Congresso Nacional\",\"Senado Federal\"],\"articleSection\":[\"Pol\u00edtica\"],\"inLanguage\":\"pt-BR\"},{\"@type\":\"WebPage\",\"@id\":\"https:\/\/www.suno.com.br\/noticias\/atos-golpistas-recesso-parlamentar-congresso\/\",\"url\":\"https:\/\/www.suno.com.br\/noticias\/atos-golpistas-recesso-parlamentar-congresso\/\",\"name\":\"Ap\u00f3s atos golpistas, recesso parlamentar \u00e9 suspenso\",\"isPartOf\":{\"@id\":\"https:\/\/www.suno.com.br\/noticias\/#website\"},\"primaryImageOfPage\":{\"@id\":\"https:\/\/www.suno.com.br\/noticias\/atos-golpistas-recesso-parlamentar-congresso\/#primaryimage\"},\"image\":{\"@id\":\"https:\/\/www.suno.com.br\/noticias\/atos-golpistas-recesso-parlamentar-congresso\/#primaryimage\"},\"thumbnailUrl\":\"https:\/\/files.sunoresearch.com.br\/n\/uploads\/2022\/12\/presidente_do_senado_rodrigo_pacheco.jpg\",\"datePublished\":\"2023-01-09T17:04:31+00:00\",\"dateModified\":\"2023-01-09T17:05:10+00:00\",\"description\":\"O presidente do Senado, Rodrigo Pacheco (PSD-MG), suspendeu as f\u00e9rias na Fran\u00e7a e fez ato convocat\u00f3rio prevendo suspens\u00e3o do recesso. Veja!\",\"breadcrumb\":{\"@id\":\"https:\/\/www.suno.com.br\/noticias\/atos-golpistas-recesso-parlamentar-congresso\/#breadcrumb\"},\"inLanguage\":\"pt-BR\",\"potentialAction\":[{\"@type\":\"ReadAction\",\"target\":[\"https:\/\/www.suno.com.br\/noticias\/atos-golpistas-recesso-parlamentar-congresso\/\"]}]},{\"@type\":\"ImageObject\",\"inLanguage\":\"pt-BR\",\"@id\":\"https:\/\/www.suno.com.br\/noticias\/atos-golpistas-recesso-parlamentar-congresso\/#primaryimage\",\"url\":\"https:\/\/files.sunoresearch.com.br\/n\/uploads\/2022\/12\/presidente_do_senado_rodrigo_pacheco.jpg\",\"contentUrl\":\"https:\/\/files.sunoresearch.com.br\/n\/uploads\/2022\/12\/presidente_do_senado_rodrigo_pacheco.jpg\",\"width\":1200,\"height\":800,\"caption\":\"Rodrigo Pacheco. Foto: Fabio Rodrigues Pozzebom\/Ag\u00eancia Brasil\"},{\"@type\":\"BreadcrumbList\",\"@id\":\"https:\/\/www.suno.com.br\/noticias\/atos-golpistas-recesso-parlamentar-congresso\/#breadcrumb\",\"itemListElement\":[{\"@type\":\"ListItem\",\"position\":1,\"name\":\"Not\u00edcias\",\"item\":\"https:\/\/www.suno.com.br\/noticias\/\"},{\"@type\":\"ListItem\",\"position\":2,\"name\":\"Pol\u00edtica\",\"item\":\"https:\/\/www.suno.com.br\/noticias\/politica\/\"},{\"@type\":\"ListItem\",\"position\":3,\"name\":\"Ap\u00f3s atos golpistas, recesso \u00e9 encerrado e parlamentares voltam ao trabalho\"}]},{\"@type\":\"WebSite\",\"@id\":\"https:\/\/www.suno.com.br\/noticias\/#website\",\"url\":\"https:\/\/www.suno.com.br\/noticias\/\",\"name\":\"Suno Not\u00edcias\",\"description\":\"Seu portal de informa\u00e7\u00e3o sobre o mundo dos investimentos\",\"publisher\":{\"@id\":\"https:\/\/www.suno.com.br\/noticias\/#organization\"},\"potentialAction\":[{\"@type\":\"SearchAction\",\"target\":{\"@type\":\"EntryPoint\",\"urlTemplate\":\"https:\/\/www.suno.com.br\/noticias\/?s={search_term_string}\"},\"query-input\":{\"@type\":\"PropertyValueSpecification\",\"valueRequired\":true,\"valueName\":\"search_term_string\"}}],\"inLanguage\":\"pt-BR\"},{\"@type\":\"Organization\",\"@id\":\"https:\/\/www.suno.com.br\/noticias\/#organization\",\"name\":\"Suno Not\u00edcias\",\"url\":\"https:\/\/www.suno.com.br\/noticias\/\",\"logo\":{\"@type\":\"ImageObject\",\"inLanguage\":\"pt-BR\",\"@id\":\"https:\/\/www.suno.com.br\/noticias\/#\/schema\/logo\/image\/\",\"url\":\"https:\/\/files.sunoresearch.com.br\/n\/uploads\/2021\/09\/suno-logo.png\",\"contentUrl\":\"https:\/\/files.sunoresearch.com.br\/n\/uploads\/2021\/09\/suno-logo.png\",\"width\":180,\"height\":180,\"caption\":\"Suno Not\u00edcias\"},\"image\":{\"@id\":\"https:\/\/www.suno.com.br\/noticias\/#\/schema\/logo\/image\/\"},\"sameAs\":[\"https:\/\/facebook.com\/sunoresearch\",\"https:\/\/x.com\/sunoresearch\",\"https:\/\/www.instagram.com\/suno\",\"https:\/\/www.linkedin.com\/company\/suno-research\/\",\"https:\/\/www.youtube.com\/c\/sunoresearch\"]},{\"@type\":\"Person\",\"@id\":\"https:\/\/www.suno.com.br\/noticias\/#\/schema\/person\/7f4d362bf3518e76090143ae77bb49a5\",\"name\":\"Eduardo Vargas\",\"image\":{\"@type\":\"ImageObject\",\"inLanguage\":\"pt-BR\",\"@id\":\"https:\/\/www.suno.com.br\/noticias\/#\/schema\/person\/image\/\",\"url\":\"https:\/\/secure.gravatar.com\/avatar\/dac340933427a22924c9f99d1eb2e3f2?s=96&r=g\",\"contentUrl\":\"https:\/\/secure.gravatar.com\/avatar\/dac340933427a22924c9f99d1eb2e3f2?s=96&r=g\",\"caption\":\"Eduardo Vargas\"},\"description\":\"Jornalista formado pela UFSC, cobre macroeconomia, neg\u00f3cios e startups para o Suno Not\u00edcias, escrevendo principalmente not\u00edcias sobre o mercado financeiro e a bolsa de valores. No YouTube e no Instagram, \u00e9 respons\u00e1vel pela produ\u00e7\u00e3o de Reels e Shorts do Suno Not\u00edcias. Anteriormente, trabalhou cobrindo economia e cotidiano no ND+ e para o ND, maior jornal impresso de Santa Catarina. Cursou um semestre letivo de Estudos de M\u00eddia na Universidad de Buenos Aires.\",\"url\":\"https:\/\/www.suno.com.br\/noticias\/author\/eduardo-vargas\/\"}]}<\/script>\n<!-- \/ Yoast SEO plugin. -->","yoast_head_json":{"title":"Ap\u00f3s atos golpistas, recesso parlamentar \u00e9 suspenso","description":"O presidente do Senado, Rodrigo Pacheco (PSD-MG), suspendeu as f\u00e9rias na Fran\u00e7a e fez ato convocat\u00f3rio prevendo suspens\u00e3o do recesso. Veja!","robots":{"index":"index","follow":"follow","max-snippet":"max-snippet:-1","max-image-preview":"max-image-preview:large","max-video-preview":"max-video-preview:-1"},"canonical":"https:\/\/www.suno.com.br\/noticias\/atos-golpistas-recesso-parlamentar-congresso\/","og_locale":"pt_BR","og_type":"article","og_title":"Ap\u00f3s atos golpistas, recesso parlamentar \u00e9 suspenso","og_description":"O presidente do Senado, Rodrigo Pacheco (PSD-MG), suspendeu as f\u00e9rias na Fran\u00e7a e fez ato convocat\u00f3rio prevendo suspens\u00e3o do recesso. Veja!","og_url":"https:\/\/www.suno.com.br\/noticias\/atos-golpistas-recesso-parlamentar-congresso\/","og_site_name":"Suno Not\u00edcias","article_publisher":"https:\/\/facebook.com\/sunoresearch","og_image":[{"width":1200,"height":800,"url":"https:\/\/files.sunoresearch.com.br\/n\/uploads\/2022\/12\/presidente_do_senado_rodrigo_pacheco.jpg","type":"image\/jpeg"}],"author":"Eduardo Vargas","twitter_card":"summary_large_image","twitter_creator":"@sunoresearch","twitter_site":"@sunoresearch","twitter_misc":{"Escrito por":"Eduardo Vargas","Est. tempo de leitura":"3 minutos"},"schema":{"@context":"https:\/\/schema.org","@graph":[{"@type":"NewsArticle","@id":"https:\/\/www.suno.com.br\/noticias\/atos-golpistas-recesso-parlamentar-congresso\/#article","isPartOf":{"@id":"https:\/\/www.suno.com.br\/noticias\/atos-golpistas-recesso-parlamentar-congresso\/"},"author":{"name":"Eduardo Vargas","@id":"https:\/\/www.suno.com.br\/noticias\/#\/schema\/person\/7f4d362bf3518e76090143ae77bb49a5"},"headline":"Ap\u00f3s atos golpistas, recesso \u00e9 encerrado e parlamentares voltam ao trabalho","datePublished":"2023-01-09T17:04:31+00:00","dateModified":"2023-01-09T17:05:10+00:00","mainEntityOfPage":{"@id":"https:\/\/www.suno.com.br\/noticias\/atos-golpistas-recesso-parlamentar-congresso\/"},"wordCount":443,"publisher":{"@id":"https:\/\/www.suno.com.br\/noticias\/#organization"},"image":{"@id":"https:\/\/www.suno.com.br\/noticias\/atos-golpistas-recesso-parlamentar-congresso\/#primaryimage"},"thumbnailUrl":"https:\/\/files.sunoresearch.com.br\/n\/uploads\/2022\/12\/presidente_do_senado_rodrigo_pacheco.jpg","keywords":["Ag\u00eancias","C\u00e2mara dos Deputados","Congresso Nacional","Senado Federal"],"articleSection":["Pol\u00edtica"],"inLanguage":"pt-BR"},{"@type":"WebPage","@id":"https:\/\/www.suno.com.br\/noticias\/atos-golpistas-recesso-parlamentar-congresso\/","url":"https:\/\/www.suno.com.br\/noticias\/atos-golpistas-recesso-parlamentar-congresso\/","name":"Ap\u00f3s atos golpistas, recesso parlamentar \u00e9 suspenso","isPartOf":{"@id":"https:\/\/www.suno.com.br\/noticias\/#website"},"primaryImageOfPage":{"@id":"https:\/\/www.suno.com.br\/noticias\/atos-golpistas-recesso-parlamentar-congresso\/#primaryimage"},"image":{"@id":"https:\/\/www.suno.com.br\/noticias\/atos-golpistas-recesso-parlamentar-congresso\/#primaryimage"},"thumbnailUrl":"https:\/\/files.sunoresearch.com.br\/n\/uploads\/2022\/12\/presidente_do_senado_rodrigo_pacheco.jpg","datePublished":"2023-01-09T17:04:31+00:00","dateModified":"2023-01-09T17:05:10+00:00","description":"O presidente do Senado, Rodrigo Pacheco (PSD-MG), suspendeu as f\u00e9rias na Fran\u00e7a e fez ato convocat\u00f3rio prevendo suspens\u00e3o do recesso. Veja!","breadcrumb":{"@id":"https:\/\/www.suno.com.br\/noticias\/atos-golpistas-recesso-parlamentar-congresso\/#breadcrumb"},"inLanguage":"pt-BR","potentialAction":[{"@type":"ReadAction","target":["https:\/\/www.suno.com.br\/noticias\/atos-golpistas-recesso-parlamentar-congresso\/"]}]},{"@type":"ImageObject","inLanguage":"pt-BR","@id":"https:\/\/www.suno.com.br\/noticias\/atos-golpistas-recesso-parlamentar-congresso\/#primaryimage","url":"https:\/\/files.sunoresearch.com.br\/n\/uploads\/2022\/12\/presidente_do_senado_rodrigo_pacheco.jpg","contentUrl":"https:\/\/files.sunoresearch.com.br\/n\/uploads\/2022\/12\/presidente_do_senado_rodrigo_pacheco.jpg","width":1200,"height":800,"caption":"Rodrigo Pacheco. Foto: Fabio Rodrigues Pozzebom\/Ag\u00eancia Brasil"},{"@type":"BreadcrumbList","@id":"https:\/\/www.suno.com.br\/noticias\/atos-golpistas-recesso-parlamentar-congresso\/#breadcrumb","itemListElement":[{"@type":"ListItem","position":1,"name":"Not\u00edcias","item":"https:\/\/www.suno.com.br\/noticias\/"},{"@type":"ListItem","position":2,"name":"Pol\u00edtica","item":"https:\/\/www.suno.com.br\/noticias\/politica\/"},{"@type":"ListItem","position":3,"name":"Ap\u00f3s atos golpistas, recesso \u00e9 encerrado e parlamentares voltam ao trabalho"}]},{"@type":"WebSite","@id":"https:\/\/www.suno.com.br\/noticias\/#website","url":"https:\/\/www.suno.com.br\/noticias\/","name":"Suno Not\u00edcias","description":"Seu portal de informa\u00e7\u00e3o sobre o mundo dos investimentos","publisher":{"@id":"https:\/\/www.suno.com.br\/noticias\/#organization"},"potentialAction":[{"@type":"SearchAction","target":{"@type":"EntryPoint","urlTemplate":"https:\/\/www.suno.com.br\/noticias\/?s={search_term_string}"},"query-input":{"@type":"PropertyValueSpecification","valueRequired":true,"valueName":"search_term_string"}}],"inLanguage":"pt-BR"},{"@type":"Organization","@id":"https:\/\/www.suno.com.br\/noticias\/#organization","name":"Suno Not\u00edcias","url":"https:\/\/www.suno.com.br\/noticias\/","logo":{"@type":"ImageObject","inLanguage":"pt-BR","@id":"https:\/\/www.suno.com.br\/noticias\/#\/schema\/logo\/image\/","url":"https:\/\/files.sunoresearch.com.br\/n\/uploads\/2021\/09\/suno-logo.png","contentUrl":"https:\/\/files.sunoresearch.com.br\/n\/uploads\/2021\/09\/suno-logo.png","width":180,"height":180,"caption":"Suno Not\u00edcias"},"image":{"@id":"https:\/\/www.suno.com.br\/noticias\/#\/schema\/logo\/image\/"},"sameAs":["https:\/\/facebook.com\/sunoresearch","https:\/\/x.com\/sunoresearch","https:\/\/www.instagram.com\/suno","https:\/\/www.linkedin.com\/company\/suno-research\/","https:\/\/www.youtube.com\/c\/sunoresearch"]},{"@type":"Person","@id":"https:\/\/www.suno.com.br\/noticias\/#\/schema\/person\/7f4d362bf3518e76090143ae77bb49a5","name":"Eduardo Vargas","image":{"@type":"ImageObject","inLanguage":"pt-BR","@id":"https:\/\/www.suno.com.br\/noticias\/#\/schema\/person\/image\/","url":"https:\/\/secure.gravatar.com\/avatar\/dac340933427a22924c9f99d1eb2e3f2?s=96&r=g","contentUrl":"https:\/\/secure.gravatar.com\/avatar\/dac340933427a22924c9f99d1eb2e3f2?s=96&r=g","caption":"Eduardo Vargas"},"description":"Jornalista formado pela UFSC, cobre macroeconomia, neg\u00f3cios e startups para o Suno Not\u00edcias, escrevendo principalmente not\u00edcias sobre o mercado financeiro e a bolsa de valores. No YouTube e no Instagram, \u00e9 respons\u00e1vel pela produ\u00e7\u00e3o de Reels e Shorts do Suno Not\u00edcias. Anteriormente, trabalhou cobrindo economia e cotidiano no ND+ e para o ND, maior jornal impresso de Santa Catarina. Cursou um semestre letivo de Estudos de M\u00eddia na Universidad de Buenos Aires.","url":"https:\/\/www.suno.com.br\/noticias\/author\/eduardo-vargas\/"}]}},"default_loop_html":"<div class=\"cardsPage__listCard__boxs\"><div class=\"cardsPage__listCard__boxs__img\"><a href=\"https:\/\/www.suno.com.br\/noticias\/atos-golpistas-recesso-parlamentar-congresso\/\"><img class=\"mask\" src=\"https:\/\/www.suno.com.br\/noticias\/wp-content\/themes\/suno\/resources\/images\/spotlight\/spotlight1img\/bg-mask.png\" alt=\"Image Mask\"\/><img src=\"https:\/\/files.sunoresearch.com.br\/n\/uploads\/2022\/12\/presidente_do_senado_rodrigo_pacheco-400x200.jpg\" alt=\"Ap\u00f3s atos golpistas, recesso \u00e9 encerrado e parlamentares voltam ao trabalho\"\/><\/a><span class=\"spotlightCategory\"><a href=\"https:\/\/www.suno.com.br\/noticias\/politica\/\">Pol\u00edtica<\/a><\/span><\/div><div class=\"cardsPage__listCard__boxs__content\"><a href=\"https:\/\/www.suno.com.br\/noticias\/atos-golpistas-recesso-parlamentar-congresso\/\"><h2 class=\"content__title\">Ap\u00f3s atos golpistas, recesso \u00e9 encerrado e parlamentares voltam ao trabalho<\/h2><\/a><div class=\"newsContent__article__meta\"><div class=\"newsContent__article__meta__authorBox\"><a href=\"https:\/\/www.suno.com.br\/noticias\/author\/redacao-suno\/\" class=\"authorBox__avatar noMobi\"><img src=\"https:\/\/files.sunoresearch.com.br\/n\/uploads\/2020\/08\/0ace682d-redacao-1-150x150.webp\" alt=\"Reda\u00e7\u00e3o Suno Not\u00edcias\"><\/a><div class=\"authorBox__name\"><span>por\n\t\t\t<a href=\"https:\/\/www.suno.com.br\/noticias\/author\/redacao-suno\/\"><span itemprop=\"author\">Reda\u00e7\u00e3o Suno Not\u00edcias<\/span><\/a><\/span><time datetime=\"2023-01-09T14:04:31-03:00\" itemprop=\"datePublished\">09\/01\/2023 14:04<\/time><\/div><\/div><\/div><\/div><\/div>","single_layout":"posts","amp_enabled":true,"_links":{"self":[{"href":"https:\/\/www.suno.com.br\/noticias\/wp-json\/wp\/v2\/posts\/343225"}],"collection":[{"href":"https:\/\/www.suno.com.br\/noticias\/wp-json\/wp\/v2\/posts"}],"about":[{"href":"https:\/\/www.suno.com.br\/noticias\/wp-json\/wp\/v2\/types\/post"}],"author":[{"embeddable":true,"href":"https:\/\/www.suno.com.br\/noticias\/wp-json\/wp\/v2\/users\/73"}],"replies":[{"embeddable":true,"href":"https:\/\/www.suno.com.br\/noticias\/wp-json\/wp\/v2\/comments?post=343225"}],"version-history":[{"count":3,"href":"https:\/\/www.suno.com.br\/noticias\/wp-json\/wp\/v2\/posts\/343225\/revisions"}],"predecessor-version":[{"id":343295,"href":"https:\/\/www.suno.com.br\/noticias\/wp-json\/wp\/v2\/posts\/343225\/revisions\/343295"}],"wp:featuredmedia":[{"embeddable":true,"href":"https:\/\/www.suno.com.br\/noticias\/wp-json\/wp\/v2\/media\/335461"}],"wp:attachment":[{"href":"https:\/\/www.suno.com.br\/noticias\/wp-json\/wp\/v2\/media?parent=343225"}],"wp:term":[{"taxonomy":"category","embeddable":true,"href":"https:\/\/www.suno.com.br\/noticias\/wp-json\/wp\/v2\/categories?post=343225"},{"taxonomy":"post_tag","embeddable":true,"href":"https:\/\/www.suno.com.br\/noticias\/wp-json\/wp\/v2\/tags?post=343225"},{"taxonomy":"suno_strategy","embeddable":true,"href":"https:\/\/www.suno.com.br\/noticias\/wp-json\/wp\/v2\/suno_strategy?post=343225"}],"curies":[{"name":"wp","href":"https:\/\/api.w.org\/{rel}","templated":true}]}}