{"id":343182,"date":"2023-01-09T13:16:57","date_gmt":"2023-01-09T16:16:57","guid":{"rendered":"https:\/\/www.suno.com.br\/noticias\/?p=343182"},"modified":"2023-01-09T13:54:19","modified_gmt":"2023-01-09T16:54:19","slug":"invasoes-brasilia-extradicao-bolsonaro-calheiros","status":"publish","type":"post","link":"https:\/\/www.suno.com.br\/noticias\/invasoes-brasilia-extradicao-bolsonaro-calheiros\/","title":{"rendered":"Invas\u00f5es em Bras\u00edlia: extradi\u00e7\u00e3o de Bolsonaro \u00e9 articulada por Renan Calheiros"},"content":{"rendered":"<p>Ap\u00f3s <a href=\"https:\/\/www.suno.com.br\/noticias\/bolsonaristas-manifestantes-invasao-congresso-nacional-palacio-planalto\/\" target=\"_blank\" rel=\"noreferrer noopener\">as <strong>invas\u00f5es em Bras\u00edlia<\/strong><\/a>, o senador Renan Calheiros (MDB) come\u00e7ou a articular a instala\u00e7\u00e3o de uma Comiss\u00e3o Parlamentar de Inqu\u00e9rito (CPI) sobre o caso. Uma das primeiras medidas da CPI ser\u00e1 o pedido de extradi\u00e7\u00e3o do ex-presidente Jair Bolsonaro (PL), que est\u00e1 nos Estados Unidos.<\/p><div class=\"videoFull \">\n\t\t\t<div class=\"videoWrapper yt-lazyload center\"\n\t\t\t\tdata-width=\"960\"\n\t\t\t\tdata-height=\"540\"\n\t\t\t\tdata-id=\"q_X4x3VqJEY\"\n\t\t\t\tdata-alt=\"V\u00eddeo do YouTube - clique para reproduzir\"\n\t\t\t\tdata-logo=\"3\"\n\t\t\t\tdata-imagequality=\"maxres\">\n\t\t\t<\/div>\n\t\t<\/div><script type=\"application\/ld+json\">{\"@context\":\"https:\/\/schema.org\",\"@type\":\"VideoObject\",\"name\":\"EXTREMISTAS INVADEM CONGRESSO, PAL\u00c1CIO DO PLANALTO E STF | Lula decreta interven\u00e7\u00e3o federal\",\"description\":\"#investimentos #mercadofinanceiro #ibovespa #dinheiro #bolsadevalores #investidores #lula #pol\u00edtica #economia #congressonacional #stf #distritofederal #brasilia #morningcall \ud83d\udea8\ud83d\udcb8\ud835\udc01\ud835\udc1a\ud835\udc22\ud835\udc31\ud835\udc1e \ud835\udc28 \ud835\udc20\ud835\udc2e\ud835\udc22\ud835\udc1a \"\ud835\udc02\ud835\udc28\ud835\udc26\ud835\udc28 \ud835\udc22\ud835\udc27\ud835\udc2f\ud835\udc1e\ud835\udc2c\ud835\udc2d\ud835\udc22\ud835\udc2b \ud835\udc1e\ud835\udc26 \ud835\udfd0\ud835\udfce\ud835\udfd0\ud835\udfd1\" \ud835\udc27\ud835\udc28 \ud835\udc25\ud835\udc22\ud835\udc27\ud835\udc24 \ud83d\udc47 https:\/\/lp.suno.com.br\/cl\/sr-guia-como-investir-em-2023\/?utm_source=youtube.noticias&utm_medium=live&utm_campaign=N\/A.ns.20230106&utm_content=ytnoticias.morning.09012023 #Not\u00edciasdoDia #Not\u00edcias \ud83d\udd34\ud835\udc08\ud835\udc0d\ud835\udc12\ud835\udc02\ud835\udc11\ud835\udc04\ud835\udc15\ud835\udc00-\ud835\udc12\ud835\udc04 \ud835\udc0d\ud835\udc0e \ud835\udc02\ud835\udc00\ud835\udc0d\ud835\udc00\ud835\udc0b \ud835\udc04 \ud835\udc00\ud835\udc13\ud835\udc08\ud835\udc15\ud835\udc04 \ud835\udc0e \ud835\udc12\ud835\udc08\ud835\udc0d\ud835\udc0e \ud83d\udc47 https:\/\/bit.ly\/INSCREVA-SEATIVEOSINO \ud83d\udcda \ud835\udfcf\ud835\udfce \ud835\udc0b\ud835\udc22\ud835\udc2f\ud835\udc2b\ud835\udc28\ud835\udc2c \ud835\udc2a\ud835\udc2e\ud835\udc1e \ud835\udc13\ud835\udc28\ud835\udc1d\ud835\udc28 \ud835\udc08\ud835\udc27\ud835\udc2f\ud835\udc1e\ud835\udc2c\ud835\udc2d\ud835\udc22\ud835\udc1d\ud835\udc28\ud835\udc2b \ud835\udc1d\ud835\udc1e\ud835\udc2f\ud835\udc1e\ud835\udc2b\ud835\udc22\ud835\udc1a \ud835\udc0b\ud835\udc1e\ud835\udc2b\ud83d\udc47 https:\/\/lp.suno.com.br\/ebook-10-livros\/?utm_source=youtube.noticias&utm_medium=video&utm_campaign=ebook10livrosparainvestidores.20230105&utm_content=youtube.noticias.05012023 \ud83d\udcda \ud83d\udcb8 \ud83d\udcca \ud835\udde3\ud835\udddf\ud835\uddd4\ud835\udde1\ud835\udddc\ud835\udddf\ud835\udddb\ud835\uddd4 \ud835\uddd7\ud835\uddd8 \ud835\uddd6\ud835\udde2\ud835\udde1\ud835\udde7\ud835\udde5\ud835\udde2\ud835\udddf\ud835\uddd8 \ud835\uddd9\ud835\udddc\ud835\udde1\ud835\uddd4\ud835\udde1\ud835\uddd6\ud835\uddd8\ud835\udddc\ud835\udde5\ud835\udde2: \ud835\uddd5\ud835\uddee\ud835\uddf6\ud835\ude05\ud835\uddf2 \ud835\uddee \ud835\uddfd\ud835\uddf9\ud835\uddee\ud835\uddfb\ud835\uddf6\ud835\uddf9\ud835\uddf5\ud835\uddee\u2026\",\"duration\":\"PT49M41S\",\"embedUrl\":\"https:\/\/www.youtube.com\/embed\/q_X4x3VqJEY\",\"regionsAllowed\":\"pt-BR\",\"interactionStatistic\":{\"@type\":\"InteractionCounter\",\"interactionType\":{\"@type\":\"WatchAction\"},\"userInteractionCount\":4649},\"thumbnailUrl\":\"https:\/\/i.ytimg.com\/vi\/q_X4x3VqJEY\/default.jpg\",\"uploadDate\":\"2023-01-09T12:59:30Z\"}<\/script>\n\n\n\n\n\t<p>\n\t\t<a href=\"\" target=\"_blank\" data-element=\"shortcode-suno-banner\" title=\"Banner SUNO, clique e saiba mais\">\n\t\t\t<picture>\n\t\t\t\t<source media=\"(max-width: 500px)\" srcset=\"\">\n\t\t\t\t<img class=\"newsContent__article__imgCapa newsContent__article__imgCapa--banner\"\n\t\t\t\t\tsrc=\"\"\n\t\t\t\t\tdata-promo-id=\"240038\"\t\t\t\t\t\t\t\t\t\t\t\t\t\t\talt=\"\"\n\t\t\t\t>\n\t\t\t<\/picture>\n\t\t<\/a>\n\t<\/p>\n\n\n\n\n\n<p>&#8220;Bolsonaro pode e vai ser convocado. Tem que vir responder por crimes que cometeu. Al\u00e9m disso, ele agora ser\u00e1 investigado na primeira inst\u00e2ncia&#8221;, destacou Calheiros em entrevista ao Valor Econ\u00f4mico.<\/p>\n\n\n\n<p>A abertura de uma CPI para investigar os atos terroristas no \u00faltimo domingo em Bras\u00edlia conta com o apoio de 31 dos 81 senadores. O m\u00ednimo de assinaturas \u00e9 de 27 senadores. Soraya Thronicke (Uni\u00e3o-MS) articula apoios para conseguir mais nomes de parlamentares.<\/p>\n\n\n\n<p>Segundo o senador, o pedido de <strong>extradi\u00e7\u00e3o de Bolsonaro<\/strong> ser\u00e1 feito caso o pol\u00edtico ainda n\u00e3o tenha voltado para o Brasil em fevereiro, quando ocorrer\u00e3o as mudan\u00e7as de legislaturas no Congresso Nacional, momento em que a CPI dever\u00e1 ser instalada.<\/p>\n\n\n\n<p>&#8220;Precisa ser objetivo. Aqui \u00e9 a oportunidade para investigar tudo. Quem nas For\u00e7as Armadas colaborou, quem no empresariado financiou esse atos, quem na classe pol\u00edtica facilitou&#8221;, avisou.<\/p>\n\n\n\t<p>\n\t\t<a href=\"https:\/\/lp.suno.com.br\/planilha-controle-gastos\/\" target=\"_blank\" data-element=\"shortcode-suno-banner\" title=\"Banner SUNO, clique e saiba mais\">\n\t\t\t<picture>\n\t\t\t\t<source media=\"(max-width: 500px)\" srcset=\"https:\/\/files.sunoresearch.com.br\/n\/uploads\/2023\/03\/400x300-Planilha-controle-de-gastos.png\">\n\t\t\t\t<img class=\"newsContent__article__imgCapa newsContent__article__imgCapa--banner\"\n\t\t\t\t\tsrc=\"https:\/\/files.sunoresearch.com.br\/n\/uploads\/2023\/03\/1420x240-Planilha-controle-de-gastos.png\"\n\t\t\t\t\tdata-promo-id=\"101751\"\t\t\t\t\t\t\t\t\t\twidth='1420' height='240'\t\t\t\t\talt=\"https:\/\/files.sunoresearch.com.br\/n\/uploads\/2023\/03\/1420x240-Planilha-controle-de-gastos.png\"\n\t\t\t\t>\n\t\t\t<\/picture>\n\t\t<\/a>\n\t<\/p>\n\n\n\n\n\n<p>Contudo, <strong>Renan Calheiros<\/strong> quer que a CPI fique restrita ao Senado Federal &#8212; o senador \u00e9 inimigo pol\u00edtico do presidente da C\u00e2mara, Arthur Lira (PP-AL). &#8220;Lira estava at\u00e9 ontem abra\u00e7ado com Bolsonaro e querendo aprovar cargo de senador vital\u00edcio para ele&#8221;, disse o pol\u00edtico.<\/p>\n\n\n\n<p>Al\u00e9m da abertura da CPI e da poss\u00edvel extradi\u00e7\u00e3o de Bolsonaro, Calheiros articula a expuls\u00e3o de Ibaneis Rocha, governador do Distrito Federal, do MDB. Na madrugada desta segunda, o ministro do Supremo Tribunal Federal (STF), Alexandre de Moraes, afastou o <a href=\"https:\/\/www.suno.com.br\/noticias\/ibaneis-rocha-governador-df-afastado-alexandre-moraes\/\" target=\"_blank\" rel=\"noreferrer noopener\">emedebista do comando distrital<\/a> pelos pr\u00f3ximos 90 dias.<\/p>\n\n\n\t<p>\n\t\t<a href=\"https:\/\/lp.suno.com.br\/planilha-da-vida-financeira\/\" target=\"_blank\" data-element=\"shortcode-suno-banner\" title=\"Banner SUNO, clique e saiba mais\">\n\t\t\t<picture>\n\t\t\t\t<source media=\"(max-width: 500px)\" srcset=\"https:\/\/files.sunoresearch.com.br\/n\/uploads\/2023\/04\/400x300-Planilha-vida-financeira-true.png\">\n\t\t\t\t<img class=\"newsContent__article__imgCapa newsContent__article__imgCapa--banner\"\n\t\t\t\t\tsrc=\"https:\/\/files.sunoresearch.com.br\/n\/uploads\/2023\/04\/1420x240-Planilha-vida-financeira-true.png\"\n\t\t\t\t\tdata-promo-id=\"106682\"\t\t\t\t\t\t\t\t\t\twidth='1420' height='240'\t\t\t\t\talt=\"https:\/\/files.sunoresearch.com.br\/n\/uploads\/2023\/04\/1420x240-Planilha-vida-financeira-true.png\"\n\t\t\t\t>\n\t\t\t<\/picture>\n\t\t<\/a>\n\t<\/p>\n\n\n\n\n\n<h2 class=\"wp-block-heading\" id=\"h-invasoes-em-brasilia\">Invas\u00f5es em Bras\u00edlia<\/h2>\n\n\n\n<p>No domingo (8), <strong>manifestantes extremistas<\/strong> invadiram os pr\u00e9dios do Congresso Nacional, do Supremo Tribunal Federal (STF) e tamb\u00e9m o Pal\u00e1cio do Planalto, em Bras\u00edlia. Os v\u00e2ndalos <a href=\"https:\/\/www.suno.com.br\/noticias\/carta-tres-poderes-lula-invasao-brasilia\/\" target=\"_blank\" rel=\"noreferrer noopener\">questionam o resultado das elei\u00e7\u00f5es presidenciais de 2022<\/a> e a presid\u00eancia de Luiz In\u00e1cio Lula da Silva (PT).<\/p>\n\n\n\n<p>A a\u00e7\u00e3o dos radicais que n\u00e3o aceitam a <strong>derrota de Jair Bolsonaro<\/strong> em Bras\u00edlia n\u00e3o chega a ser uma surpresa. No s\u00e1bado (7), o ministro da Justi\u00e7a e da Seguran\u00e7a P\u00fablica, Fl\u00e1vio Dino, assinou uma portaria que autorizou a atua\u00e7\u00e3o da For\u00e7a Nacional contra o que classificou como \u201camea\u00e7as veiculadas contra a democracia\u201d. <\/p>\n\n\n\n<p>O governo j\u00e1 sabia que os protestantes estavam se organizando para tentar invadir a Pra\u00e7a dos Tr\u00eas Poderes. Apesar disso, as for\u00e7as de seguran\u00e7a n\u00e3o foram capazes de conter os golpistas. Cerca de 1,2 mil pessoas foram detidas nas \u00faltimas horas pelas for\u00e7as de seguran\u00e7a. <\/p>\n\n\n\t<p>\n\t\t<a href=\"https:\/\/lp.suno.com.br\/ebook-como-analisar-uma-acao\/\" target=\"_blank\" data-element=\"shortcode-suno-banner\" title=\"Banner SUNO, clique e saiba mais\">\n\t\t\t<picture>\n\t\t\t\t<source media=\"(max-width: 500px)\" srcset=\"https:\/\/files.sunoresearch.com.br\/n\/uploads\/2023\/03\/Ebook-Acoes-Mobile-1.jpg\">\n\t\t\t\t<img class=\"newsContent__article__imgCapa newsContent__article__imgCapa--banner\"\n\t\t\t\t\tsrc=\"https:\/\/files.sunoresearch.com.br\/n\/uploads\/2023\/03\/Ebook-Acoes-Desktop-1.jpg\"\n\t\t\t\t\tdata-promo-id=\"171998\"\t\t\t\t\t\t\t\t\t\twidth='1420' height='286'\t\t\t\t\talt=\"https:\/\/files.sunoresearch.com.br\/n\/uploads\/2023\/03\/Ebook-Acoes-Desktop-1.jpg\"\n\t\t\t\t>\n\t\t\t<\/picture>\n\t\t<\/a>\n\t<\/p>\n\n\n\n\n\n<p>Lula decretou uma <strong>interven\u00e7\u00e3o federal no DF<\/strong> at\u00e9 o dia 31 de janeiro. De acordo com o decreto, a decis\u00e3o visa &#8220;p\u00f4r termo ao grave comprometimento da ordem p\u00fablica&#8221;.<\/p>\n\n\n\n<p>No Twitter, Bolsonaro repudiou as acusa\u00e7\u00f5es de que \u00e9 um dos culpados pelas <strong>invas\u00f5es em Bras\u00edlia<\/strong>. &#8220;Manifesta\u00e7\u00f5es pac\u00edficas, na forma da lei, fazem parte da democracia. Contudo, depreda\u00e7\u00f5es e invas\u00f5es de pr\u00e9dios p\u00fablicos, assim como os praticados pela esquerda em 2013 e 2017, fogem \u00e0 regra&#8221;, escreveu o pol\u00edtico na rede social. Confira os tu\u00edtes:<\/p>\n\n\n\n<figure class=\"wp-block-embed is-type-rich is-provider-twitter wp-block-embed-twitter\"><div class=\"wp-block-embed__wrapper\">\n<blockquote class=\"twitter-tweet\" data-width=\"550\" data-dnt=\"true\"><p lang=\"pt\" dir=\"ltr\">&#8211; Ao longo do meu mandato, sempre estive dentro das quatro linhas da Constitui\u00e7\u00e3o respeitando e defendendo as leis, a democracia, a transpar\u00eancia e a nossa sagrada liberdade.<\/p>&mdash; Jair M. Bolsonaro 2\ufe0f\u20e32\ufe0f\u20e3 (@jairbolsonaro) <a href=\"https:\/\/twitter.com\/jairbolsonaro\/status\/1612242020961062912?ref_src=twsrc%5Etfw\">January 9, 2023<\/a><\/blockquote>\n<\/div><\/figure>\n\n\n\n<figure class=\"wp-block-embed is-type-rich is-provider-twitter wp-block-embed-twitter\"><div class=\"wp-block-embed__wrapper\">\n<blockquote class=\"twitter-tweet\" data-width=\"550\" data-dnt=\"true\"><p lang=\"pt\" dir=\"ltr\">&#8211; No mais, repudio as acusa\u00e7\u00f5es, sem provas, a mim atribu\u00eddas por parte do atual chefe do executivo do Brasil.<\/p>&mdash; Jair M. Bolsonaro 2\ufe0f\u20e32\ufe0f\u20e3 (@jairbolsonaro) <a href=\"https:\/\/twitter.com\/jairbolsonaro\/status\/1612242022143762433?ref_src=twsrc%5Etfw\">January 9, 2023<\/a><\/blockquote>\n<\/div><\/figure>\n\n\n\n<p> <\/p>\n\n\n\t<p>\n\t\t<a href=\"https:\/\/lp.suno.com.br\/planilha-de-controle-de-investimentos\/\" target=\"_blank\" data-element=\"shortcode-suno-banner\" title=\"Banner SUNO, clique e saiba mais\">\n\t\t\t<picture>\n\t\t\t\t<source media=\"(max-width: 500px)\" srcset=\"https:\/\/files.sunoresearch.com.br\/n\/uploads\/2023\/03\/400x300-Controle-de-Investimentos.png\">\n\t\t\t\t<img class=\"newsContent__article__imgCapa newsContent__article__imgCapa--banner\"\n\t\t\t\t\tsrc=\"https:\/\/files.sunoresearch.com.br\/n\/uploads\/2023\/03\/1420x240-Controle-de-Investimentos.png\"\n\t\t\t\t\tdata-promo-id=\"75934\"\t\t\t\t\t\t\t\t\t\twidth='1420' height='240'\t\t\t\t\talt=\"https:\/\/files.sunoresearch.com.br\/n\/uploads\/2023\/03\/1420x240-Controle-de-Investimentos.png\"\n\t\t\t\t>\n\t\t\t<\/picture>\n\t\t<\/a>\n\t<\/p>\n\n\n","protected":false},"excerpt":{"rendered":"<p>Ap\u00f3s as invas\u00f5es em Bras\u00edlia, o senador Renan Calheiros (MDB) come\u00e7ou a articular a instala\u00e7\u00e3o de uma Comiss\u00e3o Parlamentar de Inqu\u00e9rito (CPI) sobre o caso. Uma das primeiras medidas da CPI ser\u00e1 o pedido de extradi\u00e7\u00e3o do ex-presidente Jair Bolsonaro (PL), que est\u00e1 nos Estados Unidos. &#8220;Bolsonaro pode e vai ser convocado. Tem que vir [&hellip;]<\/p>\n","protected":false},"author":232,"featured_media":265457,"comment_status":"closed","ping_status":"closed","sticky":false,"template":"","format":"standard","meta":[],"categories":[61],"tags":[719,709],"suno_strategy":[],"class_list":["post-343182","post","type-post","status-publish","format-standard","has-post-thumbnail","hentry","category-politica","tag-jair-bolsonaro","tag-lula"],"yoast_head":"<!-- This site is optimized with the Yoast SEO plugin v24.4 - https:\/\/yoast.com\/wordpress\/plugins\/seo\/ -->\n<title>Invas\u00f5es em Bras\u00edlia: extradi\u00e7\u00e3o de Bolsonaro \u00e9 articulada por Calheiros<\/title>\n<meta name=\"description\" content=\"Ap\u00f3s as invas\u00f5es em Bras\u00edlia, o senador Renan Calheiros (MDB) articula a extradi\u00e7\u00e3o de Jair Bolsonaro e um CPI sobre o caso\" \/>\n<meta name=\"robots\" content=\"index, follow, max-snippet:-1, max-image-preview:large, max-video-preview:-1\" \/>\n<link rel=\"canonical\" href=\"https:\/\/www.suno.com.br\/noticias\/invasoes-brasilia-extradicao-bolsonaro-calheiros\/\" \/>\n<meta property=\"og:locale\" content=\"pt_BR\" \/>\n<meta property=\"og:type\" content=\"article\" \/>\n<meta property=\"og:title\" content=\"Invas\u00f5es em Bras\u00edlia: extradi\u00e7\u00e3o de Bolsonaro \u00e9 articulada por Calheiros\" \/>\n<meta property=\"og:description\" content=\"Ap\u00f3s as invas\u00f5es em Bras\u00edlia, o senador Renan Calheiros (MDB) articula a extradi\u00e7\u00e3o de Jair Bolsonaro e um CPI sobre o caso\" \/>\n<meta property=\"og:url\" content=\"https:\/\/www.suno.com.br\/noticias\/invasoes-brasilia-extradicao-bolsonaro-calheiros\/\" \/>\n<meta property=\"og:site_name\" content=\"Suno Not\u00edcias\" \/>\n<meta property=\"article:publisher\" content=\"https:\/\/facebook.com\/sunoresearch\" \/>\n<meta property=\"og:image\" content=\"https:\/\/files.sunoresearch.com.br\/n\/uploads\/2022\/06\/jair-bolsonaro.jpg\" \/>\n\t<meta property=\"og:image:width\" content=\"1280\" \/>\n\t<meta property=\"og:image:height\" content=\"853\" \/>\n\t<meta property=\"og:image:type\" content=\"image\/jpeg\" \/>\n<meta name=\"author\" content=\"Erick Matheus Nery\" \/>\n<meta name=\"twitter:card\" content=\"summary_large_image\" \/>\n<meta name=\"twitter:creator\" content=\"@sunoresearch\" \/>\n<meta name=\"twitter:site\" content=\"@sunoresearch\" \/>\n<meta name=\"twitter:label1\" content=\"Escrito por\" \/>\n\t<meta name=\"twitter:data1\" content=\"Erick Matheus Nery\" \/>\n\t<meta name=\"twitter:label2\" content=\"Est. tempo de leitura\" \/>\n\t<meta name=\"twitter:data2\" content=\"3 minutos\" \/>\n<script type=\"application\/ld+json\" class=\"yoast-schema-graph\">{\"@context\":\"https:\/\/schema.org\",\"@graph\":[{\"@type\":\"NewsArticle\",\"@id\":\"https:\/\/www.suno.com.br\/noticias\/invasoes-brasilia-extradicao-bolsonaro-calheiros\/#article\",\"isPartOf\":{\"@id\":\"https:\/\/www.suno.com.br\/noticias\/invasoes-brasilia-extradicao-bolsonaro-calheiros\/\"},\"author\":{\"name\":\"Erick Matheus Nery\",\"@id\":\"https:\/\/www.suno.com.br\/noticias\/#\/schema\/person\/6899bc3f19d1a7315f807131c2c013a0\"},\"headline\":\"Invas\u00f5es em Bras\u00edlia: extradi\u00e7\u00e3o de Bolsonaro \u00e9 articulada por Renan Calheiros\",\"datePublished\":\"2023-01-09T16:16:57+00:00\",\"dateModified\":\"2023-01-09T16:54:19+00:00\",\"mainEntityOfPage\":{\"@id\":\"https:\/\/www.suno.com.br\/noticias\/invasoes-brasilia-extradicao-bolsonaro-calheiros\/\"},\"wordCount\":604,\"publisher\":{\"@id\":\"https:\/\/www.suno.com.br\/noticias\/#organization\"},\"image\":{\"@id\":\"https:\/\/www.suno.com.br\/noticias\/invasoes-brasilia-extradicao-bolsonaro-calheiros\/#primaryimage\"},\"thumbnailUrl\":\"https:\/\/files.sunoresearch.com.br\/n\/uploads\/2022\/06\/jair-bolsonaro.jpg\",\"keywords\":[\"Jair Bolsonaro\",\"Lula\"],\"articleSection\":[\"Pol\u00edtica\"],\"inLanguage\":\"pt-BR\"},{\"@type\":\"WebPage\",\"@id\":\"https:\/\/www.suno.com.br\/noticias\/invasoes-brasilia-extradicao-bolsonaro-calheiros\/\",\"url\":\"https:\/\/www.suno.com.br\/noticias\/invasoes-brasilia-extradicao-bolsonaro-calheiros\/\",\"name\":\"Invas\u00f5es em Bras\u00edlia: extradi\u00e7\u00e3o de Bolsonaro \u00e9 articulada por Calheiros\",\"isPartOf\":{\"@id\":\"https:\/\/www.suno.com.br\/noticias\/#website\"},\"primaryImageOfPage\":{\"@id\":\"https:\/\/www.suno.com.br\/noticias\/invasoes-brasilia-extradicao-bolsonaro-calheiros\/#primaryimage\"},\"image\":{\"@id\":\"https:\/\/www.suno.com.br\/noticias\/invasoes-brasilia-extradicao-bolsonaro-calheiros\/#primaryimage\"},\"thumbnailUrl\":\"https:\/\/files.sunoresearch.com.br\/n\/uploads\/2022\/06\/jair-bolsonaro.jpg\",\"datePublished\":\"2023-01-09T16:16:57+00:00\",\"dateModified\":\"2023-01-09T16:54:19+00:00\",\"description\":\"Ap\u00f3s as invas\u00f5es em Bras\u00edlia, o senador Renan Calheiros (MDB) articula a extradi\u00e7\u00e3o de Jair Bolsonaro e um CPI sobre o caso\",\"breadcrumb\":{\"@id\":\"https:\/\/www.suno.com.br\/noticias\/invasoes-brasilia-extradicao-bolsonaro-calheiros\/#breadcrumb\"},\"inLanguage\":\"pt-BR\",\"potentialAction\":[{\"@type\":\"ReadAction\",\"target\":[\"https:\/\/www.suno.com.br\/noticias\/invasoes-brasilia-extradicao-bolsonaro-calheiros\/\"]}]},{\"@type\":\"ImageObject\",\"inLanguage\":\"pt-BR\",\"@id\":\"https:\/\/www.suno.com.br\/noticias\/invasoes-brasilia-extradicao-bolsonaro-calheiros\/#primaryimage\",\"url\":\"https:\/\/files.sunoresearch.com.br\/n\/uploads\/2022\/06\/jair-bolsonaro.jpg\",\"contentUrl\":\"https:\/\/files.sunoresearch.com.br\/n\/uploads\/2022\/06\/jair-bolsonaro.jpg\",\"width\":1280,\"height\":853,\"caption\":\"Ex-presidente Jair Bolsonaro. Foto: Fabio Rodrigues-Pozzebom\/Ag\u00eancia Brasil\"},{\"@type\":\"BreadcrumbList\",\"@id\":\"https:\/\/www.suno.com.br\/noticias\/invasoes-brasilia-extradicao-bolsonaro-calheiros\/#breadcrumb\",\"itemListElement\":[{\"@type\":\"ListItem\",\"position\":1,\"name\":\"Not\u00edcias\",\"item\":\"https:\/\/www.suno.com.br\/noticias\/\"},{\"@type\":\"ListItem\",\"position\":2,\"name\":\"Pol\u00edtica\",\"item\":\"https:\/\/www.suno.com.br\/noticias\/politica\/\"},{\"@type\":\"ListItem\",\"position\":3,\"name\":\"Invas\u00f5es em Bras\u00edlia: extradi\u00e7\u00e3o de Bolsonaro \u00e9 articulada por Renan Calheiros\"}]},{\"@type\":\"WebSite\",\"@id\":\"https:\/\/www.suno.com.br\/noticias\/#website\",\"url\":\"https:\/\/www.suno.com.br\/noticias\/\",\"name\":\"Suno Not\u00edcias\",\"description\":\"Seu portal de informa\u00e7\u00e3o sobre o mundo dos investimentos\",\"publisher\":{\"@id\":\"https:\/\/www.suno.com.br\/noticias\/#organization\"},\"potentialAction\":[{\"@type\":\"SearchAction\",\"target\":{\"@type\":\"EntryPoint\",\"urlTemplate\":\"https:\/\/www.suno.com.br\/noticias\/?s={search_term_string}\"},\"query-input\":{\"@type\":\"PropertyValueSpecification\",\"valueRequired\":true,\"valueName\":\"search_term_string\"}}],\"inLanguage\":\"pt-BR\"},{\"@type\":\"Organization\",\"@id\":\"https:\/\/www.suno.com.br\/noticias\/#organization\",\"name\":\"Suno Not\u00edcias\",\"url\":\"https:\/\/www.suno.com.br\/noticias\/\",\"logo\":{\"@type\":\"ImageObject\",\"inLanguage\":\"pt-BR\",\"@id\":\"https:\/\/www.suno.com.br\/noticias\/#\/schema\/logo\/image\/\",\"url\":\"https:\/\/files.sunoresearch.com.br\/n\/uploads\/2021\/09\/suno-logo.png\",\"contentUrl\":\"https:\/\/files.sunoresearch.com.br\/n\/uploads\/2021\/09\/suno-logo.png\",\"width\":180,\"height\":180,\"caption\":\"Suno Not\u00edcias\"},\"image\":{\"@id\":\"https:\/\/www.suno.com.br\/noticias\/#\/schema\/logo\/image\/\"},\"sameAs\":[\"https:\/\/facebook.com\/sunoresearch\",\"https:\/\/x.com\/sunoresearch\",\"https:\/\/www.instagram.com\/suno\",\"https:\/\/www.linkedin.com\/company\/suno-research\/\",\"https:\/\/www.youtube.com\/c\/sunoresearch\"]},{\"@type\":\"Person\",\"@id\":\"https:\/\/www.suno.com.br\/noticias\/#\/schema\/person\/6899bc3f19d1a7315f807131c2c013a0\",\"name\":\"Erick Matheus Nery\",\"image\":{\"@type\":\"ImageObject\",\"inLanguage\":\"pt-BR\",\"@id\":\"https:\/\/www.suno.com.br\/noticias\/#\/schema\/person\/image\/\",\"url\":\"https:\/\/secure.gravatar.com\/avatar\/518ddffe438ccb767782d372a66304d2?s=96&r=g\",\"contentUrl\":\"https:\/\/secure.gravatar.com\/avatar\/518ddffe438ccb767782d372a66304d2?s=96&r=g\",\"caption\":\"Erick Matheus Nery\"},\"description\":\"Formado em Jornalismo pela Universidade Federal do Par\u00e1 (UFPA), conta com extens\u00e3o em Jornalismo Econ\u00f4mico pela Funda\u00e7\u00e3o Get\u00falio Vargas (FGV). No Suno Not\u00edcias, atua como rep\u00f3rter de Mercado, com foco nos setores de telecomunica\u00e7\u00f5es, varejo, alimentos e renda fixa. Conta com passagens pelo jornal O Estado de S\u00e3o Paulo, como trainee de Jornalismo Econ\u00f4mico, e pelo site Not\u00edcias da TV.\",\"url\":\"https:\/\/www.suno.com.br\/noticias\/author\/erick-nery\/\"}]}<\/script>\n<!-- \/ Yoast SEO plugin. -->","yoast_head_json":{"title":"Invas\u00f5es em Bras\u00edlia: extradi\u00e7\u00e3o de Bolsonaro \u00e9 articulada por Calheiros","description":"Ap\u00f3s as invas\u00f5es em Bras\u00edlia, o senador Renan Calheiros (MDB) articula a extradi\u00e7\u00e3o de Jair Bolsonaro e um CPI sobre o caso","robots":{"index":"index","follow":"follow","max-snippet":"max-snippet:-1","max-image-preview":"max-image-preview:large","max-video-preview":"max-video-preview:-1"},"canonical":"https:\/\/www.suno.com.br\/noticias\/invasoes-brasilia-extradicao-bolsonaro-calheiros\/","og_locale":"pt_BR","og_type":"article","og_title":"Invas\u00f5es em Bras\u00edlia: extradi\u00e7\u00e3o de Bolsonaro \u00e9 articulada por Calheiros","og_description":"Ap\u00f3s as invas\u00f5es em Bras\u00edlia, o senador Renan Calheiros (MDB) articula a extradi\u00e7\u00e3o de Jair Bolsonaro e um CPI sobre o caso","og_url":"https:\/\/www.suno.com.br\/noticias\/invasoes-brasilia-extradicao-bolsonaro-calheiros\/","og_site_name":"Suno Not\u00edcias","article_publisher":"https:\/\/facebook.com\/sunoresearch","og_image":[{"width":1280,"height":853,"url":"https:\/\/files.sunoresearch.com.br\/n\/uploads\/2022\/06\/jair-bolsonaro.jpg","type":"image\/jpeg"}],"author":"Erick Matheus Nery","twitter_card":"summary_large_image","twitter_creator":"@sunoresearch","twitter_site":"@sunoresearch","twitter_misc":{"Escrito por":"Erick Matheus Nery","Est. tempo de leitura":"3 minutos"},"schema":{"@context":"https:\/\/schema.org","@graph":[{"@type":"NewsArticle","@id":"https:\/\/www.suno.com.br\/noticias\/invasoes-brasilia-extradicao-bolsonaro-calheiros\/#article","isPartOf":{"@id":"https:\/\/www.suno.com.br\/noticias\/invasoes-brasilia-extradicao-bolsonaro-calheiros\/"},"author":{"name":"Erick Matheus Nery","@id":"https:\/\/www.suno.com.br\/noticias\/#\/schema\/person\/6899bc3f19d1a7315f807131c2c013a0"},"headline":"Invas\u00f5es em Bras\u00edlia: extradi\u00e7\u00e3o de Bolsonaro \u00e9 articulada por Renan Calheiros","datePublished":"2023-01-09T16:16:57+00:00","dateModified":"2023-01-09T16:54:19+00:00","mainEntityOfPage":{"@id":"https:\/\/www.suno.com.br\/noticias\/invasoes-brasilia-extradicao-bolsonaro-calheiros\/"},"wordCount":604,"publisher":{"@id":"https:\/\/www.suno.com.br\/noticias\/#organization"},"image":{"@id":"https:\/\/www.suno.com.br\/noticias\/invasoes-brasilia-extradicao-bolsonaro-calheiros\/#primaryimage"},"thumbnailUrl":"https:\/\/files.sunoresearch.com.br\/n\/uploads\/2022\/06\/jair-bolsonaro.jpg","keywords":["Jair Bolsonaro","Lula"],"articleSection":["Pol\u00edtica"],"inLanguage":"pt-BR"},{"@type":"WebPage","@id":"https:\/\/www.suno.com.br\/noticias\/invasoes-brasilia-extradicao-bolsonaro-calheiros\/","url":"https:\/\/www.suno.com.br\/noticias\/invasoes-brasilia-extradicao-bolsonaro-calheiros\/","name":"Invas\u00f5es em Bras\u00edlia: extradi\u00e7\u00e3o de Bolsonaro \u00e9 articulada por Calheiros","isPartOf":{"@id":"https:\/\/www.suno.com.br\/noticias\/#website"},"primaryImageOfPage":{"@id":"https:\/\/www.suno.com.br\/noticias\/invasoes-brasilia-extradicao-bolsonaro-calheiros\/#primaryimage"},"image":{"@id":"https:\/\/www.suno.com.br\/noticias\/invasoes-brasilia-extradicao-bolsonaro-calheiros\/#primaryimage"},"thumbnailUrl":"https:\/\/files.sunoresearch.com.br\/n\/uploads\/2022\/06\/jair-bolsonaro.jpg","datePublished":"2023-01-09T16:16:57+00:00","dateModified":"2023-01-09T16:54:19+00:00","description":"Ap\u00f3s as invas\u00f5es em Bras\u00edlia, o senador Renan Calheiros (MDB) articula a extradi\u00e7\u00e3o de Jair Bolsonaro e um CPI sobre o caso","breadcrumb":{"@id":"https:\/\/www.suno.com.br\/noticias\/invasoes-brasilia-extradicao-bolsonaro-calheiros\/#breadcrumb"},"inLanguage":"pt-BR","potentialAction":[{"@type":"ReadAction","target":["https:\/\/www.suno.com.br\/noticias\/invasoes-brasilia-extradicao-bolsonaro-calheiros\/"]}]},{"@type":"ImageObject","inLanguage":"pt-BR","@id":"https:\/\/www.suno.com.br\/noticias\/invasoes-brasilia-extradicao-bolsonaro-calheiros\/#primaryimage","url":"https:\/\/files.sunoresearch.com.br\/n\/uploads\/2022\/06\/jair-bolsonaro.jpg","contentUrl":"https:\/\/files.sunoresearch.com.br\/n\/uploads\/2022\/06\/jair-bolsonaro.jpg","width":1280,"height":853,"caption":"Ex-presidente Jair Bolsonaro. Foto: Fabio Rodrigues-Pozzebom\/Ag\u00eancia Brasil"},{"@type":"BreadcrumbList","@id":"https:\/\/www.suno.com.br\/noticias\/invasoes-brasilia-extradicao-bolsonaro-calheiros\/#breadcrumb","itemListElement":[{"@type":"ListItem","position":1,"name":"Not\u00edcias","item":"https:\/\/www.suno.com.br\/noticias\/"},{"@type":"ListItem","position":2,"name":"Pol\u00edtica","item":"https:\/\/www.suno.com.br\/noticias\/politica\/"},{"@type":"ListItem","position":3,"name":"Invas\u00f5es em Bras\u00edlia: extradi\u00e7\u00e3o de Bolsonaro \u00e9 articulada por Renan Calheiros"}]},{"@type":"WebSite","@id":"https:\/\/www.suno.com.br\/noticias\/#website","url":"https:\/\/www.suno.com.br\/noticias\/","name":"Suno Not\u00edcias","description":"Seu portal de informa\u00e7\u00e3o sobre o mundo dos investimentos","publisher":{"@id":"https:\/\/www.suno.com.br\/noticias\/#organization"},"potentialAction":[{"@type":"SearchAction","target":{"@type":"EntryPoint","urlTemplate":"https:\/\/www.suno.com.br\/noticias\/?s={search_term_string}"},"query-input":{"@type":"PropertyValueSpecification","valueRequired":true,"valueName":"search_term_string"}}],"inLanguage":"pt-BR"},{"@type":"Organization","@id":"https:\/\/www.suno.com.br\/noticias\/#organization","name":"Suno Not\u00edcias","url":"https:\/\/www.suno.com.br\/noticias\/","logo":{"@type":"ImageObject","inLanguage":"pt-BR","@id":"https:\/\/www.suno.com.br\/noticias\/#\/schema\/logo\/image\/","url":"https:\/\/files.sunoresearch.com.br\/n\/uploads\/2021\/09\/suno-logo.png","contentUrl":"https:\/\/files.sunoresearch.com.br\/n\/uploads\/2021\/09\/suno-logo.png","width":180,"height":180,"caption":"Suno Not\u00edcias"},"image":{"@id":"https:\/\/www.suno.com.br\/noticias\/#\/schema\/logo\/image\/"},"sameAs":["https:\/\/facebook.com\/sunoresearch","https:\/\/x.com\/sunoresearch","https:\/\/www.instagram.com\/suno","https:\/\/www.linkedin.com\/company\/suno-research\/","https:\/\/www.youtube.com\/c\/sunoresearch"]},{"@type":"Person","@id":"https:\/\/www.suno.com.br\/noticias\/#\/schema\/person\/6899bc3f19d1a7315f807131c2c013a0","name":"Erick Matheus Nery","image":{"@type":"ImageObject","inLanguage":"pt-BR","@id":"https:\/\/www.suno.com.br\/noticias\/#\/schema\/person\/image\/","url":"https:\/\/secure.gravatar.com\/avatar\/518ddffe438ccb767782d372a66304d2?s=96&r=g","contentUrl":"https:\/\/secure.gravatar.com\/avatar\/518ddffe438ccb767782d372a66304d2?s=96&r=g","caption":"Erick Matheus Nery"},"description":"Formado em Jornalismo pela Universidade Federal do Par\u00e1 (UFPA), conta com extens\u00e3o em Jornalismo Econ\u00f4mico pela Funda\u00e7\u00e3o Get\u00falio Vargas (FGV). No Suno Not\u00edcias, atua como rep\u00f3rter de Mercado, com foco nos setores de telecomunica\u00e7\u00f5es, varejo, alimentos e renda fixa. Conta com passagens pelo jornal O Estado de S\u00e3o Paulo, como trainee de Jornalismo Econ\u00f4mico, e pelo site Not\u00edcias da TV.","url":"https:\/\/www.suno.com.br\/noticias\/author\/erick-nery\/"}]}},"default_loop_html":"<div class=\"cardsPage__listCard__boxs\"><div class=\"cardsPage__listCard__boxs__img\"><a href=\"https:\/\/www.suno.com.br\/noticias\/invasoes-brasilia-extradicao-bolsonaro-calheiros\/\"><img class=\"mask\" src=\"https:\/\/www.suno.com.br\/noticias\/wp-content\/themes\/suno\/resources\/images\/spotlight\/spotlight1img\/bg-mask.png\" alt=\"Image Mask\"\/><img src=\"https:\/\/files.sunoresearch.com.br\/n\/uploads\/2022\/06\/jair-bolsonaro-400x200.jpg\" alt=\"Invas\u00f5es em Bras\u00edlia: extradi\u00e7\u00e3o de Bolsonaro \u00e9 articulada por Renan Calheiros\"\/><\/a><span class=\"spotlightCategory\"><a href=\"https:\/\/www.suno.com.br\/noticias\/politica\/\">Pol\u00edtica<\/a><\/span><\/div><div class=\"cardsPage__listCard__boxs__content\"><a href=\"https:\/\/www.suno.com.br\/noticias\/invasoes-brasilia-extradicao-bolsonaro-calheiros\/\"><h2 class=\"content__title\">Invas\u00f5es em Bras\u00edlia: extradi\u00e7\u00e3o de Bolsonaro \u00e9 articulada por Renan Calheiros<\/h2><\/a><div class=\"newsContent__article__meta\"><div class=\"newsContent__article__meta__authorBox\"><a href=\"https:\/\/www.suno.com.br\/noticias\/author\/erick-nery\/\" class=\"authorBox__avatar noMobi\"><img src=\"https:\/\/secure.gravatar.com\/avatar\/518ddffe438ccb767782d372a66304d2?s=96&#038;r=g\" alt=\"Erick Matheus Nery\"><\/a><div class=\"authorBox__name\"><span>por\n\t\t\t<a href=\"https:\/\/www.suno.com.br\/noticias\/author\/erick-nery\/\"><span itemprop=\"author\">Erick Matheus Nery<\/span><\/a><\/span><time datetime=\"2023-01-09T13:16:57-03:00\" itemprop=\"datePublished\">09\/01\/2023 13:16<\/time><\/div><\/div><\/div><\/div><\/div>","single_layout":"posts","amp_enabled":true,"_links":{"self":[{"href":"https:\/\/www.suno.com.br\/noticias\/wp-json\/wp\/v2\/posts\/343182"}],"collection":[{"href":"https:\/\/www.suno.com.br\/noticias\/wp-json\/wp\/v2\/posts"}],"about":[{"href":"https:\/\/www.suno.com.br\/noticias\/wp-json\/wp\/v2\/types\/post"}],"author":[{"embeddable":true,"href":"https:\/\/www.suno.com.br\/noticias\/wp-json\/wp\/v2\/users\/232"}],"replies":[{"embeddable":true,"href":"https:\/\/www.suno.com.br\/noticias\/wp-json\/wp\/v2\/comments?post=343182"}],"version-history":[{"count":2,"href":"https:\/\/www.suno.com.br\/noticias\/wp-json\/wp\/v2\/posts\/343182\/revisions"}],"predecessor-version":[{"id":343274,"href":"https:\/\/www.suno.com.br\/noticias\/wp-json\/wp\/v2\/posts\/343182\/revisions\/343274"}],"wp:featuredmedia":[{"embeddable":true,"href":"https:\/\/www.suno.com.br\/noticias\/wp-json\/wp\/v2\/media\/265457"}],"wp:attachment":[{"href":"https:\/\/www.suno.com.br\/noticias\/wp-json\/wp\/v2\/media?parent=343182"}],"wp:term":[{"taxonomy":"category","embeddable":true,"href":"https:\/\/www.suno.com.br\/noticias\/wp-json\/wp\/v2\/categories?post=343182"},{"taxonomy":"post_tag","embeddable":true,"href":"https:\/\/www.suno.com.br\/noticias\/wp-json\/wp\/v2\/tags?post=343182"},{"taxonomy":"suno_strategy","embeddable":true,"href":"https:\/\/www.suno.com.br\/noticias\/wp-json\/wp\/v2\/suno_strategy?post=343182"}],"curies":[{"name":"wp","href":"https:\/\/api.w.org\/{rel}","templated":true}]}}