{"id":343165,"date":"2023-01-09T13:39:35","date_gmt":"2023-01-09T16:39:35","guid":{"rendered":"https:\/\/www.suno.com.br\/noticias\/?p=343165"},"modified":"2023-01-09T14:32:31","modified_gmt":"2023-01-09T17:32:31","slug":"ibovespa-vira-positivo-protestos-atos-brasilia","status":"publish","type":"post","link":"https:\/\/www.suno.com.br\/noticias\/ibovespa-vira-positivo-protestos-atos-brasilia\/","title":{"rendered":"Ibovespa vira para alta com exterior positivo e movimentos do governo contra atos golpistas"},"content":{"rendered":"<p>O <strong><a href=\"https:\/\/www.suno.com.br\/artigos\/ibovespa\" target=\"_blank\" rel=\"noreferrer noopener\">Ibovespa<\/a><\/strong>, que abriu em queda nesta segunda-feira (9) <a href=\"https:\/\/www.suno.com.br\/noticias\/invasoes-brasilia-extradicao-bolsonaro-calheiros\/\" target=\"_blank\" rel=\"noreferrer noopener\">ap\u00f3s diversos atos golpistas em Bras\u00edlia<\/a>, virou para o campo positivo. \u00e0s 13h20, o \u00edndice opera em alta de 0,15% aos 109.123 pontos.<\/p><div class=\"videoFull \">\n\t\t\t<div class=\"videoWrapper yt-lazyload center\"\n\t\t\t\tdata-width=\"960\"\n\t\t\t\tdata-height=\"540\"\n\t\t\t\tdata-id=\"tB4vwahjp5E\"\n\t\t\t\tdata-alt=\"V\u00eddeo do YouTube - clique para reproduzir\"\n\t\t\t\tdata-logo=\"3\"\n\t\t\t\tdata-imagequality=\"maxres\">\n\t\t\t<\/div>\n\t\t<\/div><script type=\"application\/ld+json\">{\"@context\":\"https:\/\/schema.org\",\"@type\":\"VideoObject\",\"name\":\"Invas\u00f5es em Bras\u00edlia: e o mercado com isso? | Suno Not\u00edcias\",\"description\":\"\ud83d\udea8\ud83d\udcb8\ud835\udc01\ud835\udc1a\ud835\udc22\ud835\udc31\ud835\udc1e \ud835\udc28 \ud835\udc20\ud835\udc2e\ud835\udc22\ud835\udc1a \"\ud835\udc02\ud835\udc28\ud835\udc26\ud835\udc28 \ud835\udc22\ud835\udc27\ud835\udc2f\ud835\udc1e\ud835\udc2c\ud835\udc2d\ud835\udc22\ud835\udc2b \ud835\udc1e\ud835\udc26 \ud835\udfd0\ud835\udfce\ud835\udfd0\ud835\udfd1\" \ud835\udc27\ud835\udc28 \ud835\udc25\ud835\udc22\ud835\udc27\ud835\udc24 \ud83d\udc47 https:\/\/lp.suno.com.br\/cl\/sr-guia-como-investir-em-2023\/?utm_source=youtube.noticias&utm_medium=video&utm_campaign=N\/A.ns.20230109&utm_content=ytnoticias.brasilia.09012023 #Not\u00edciasdoDia #Not\u00edcias #invasao #investimentos #rendavari\u00e1vel #bolsadevalores #a\u00e7\u00f5es #invasaoabrasilia #manisfestacoes \ud83d\udd34\ud835\udc08\ud835\udc0d\ud835\udc12\ud835\udc02\ud835\udc11\ud835\udc04\ud835\udc15\ud835\udc00-\ud835\udc12\ud835\udc04 \ud835\udc0d\ud835\udc0e \ud835\udc02\ud835\udc00\ud835\udc0d\ud835\udc00\ud835\udc0b \ud835\udc04 \ud835\udc00\ud835\udc13\ud835\udc08\ud835\udc15\ud835\udc04 \ud835\udc0e \ud835\udc12\ud835\udc08\ud835\udc0d\ud835\udc0e \ud83d\udc47 https:\/\/bit.ly\/INSCREVA-SEATIVEOSINO \ud83d\udcda \ud835\udfcf\ud835\udfce \ud835\udc0b\ud835\udc22\ud835\udc2f\ud835\udc2b\ud835\udc28\ud835\udc2c \ud835\udc2a\ud835\udc2e\ud835\udc1e \ud835\udc13\ud835\udc28\ud835\udc1d\ud835\udc28 \ud835\udc08\ud835\udc27\ud835\udc2f\ud835\udc1e\ud835\udc2c\ud835\udc2d\ud835\udc22\ud835\udc1d\ud835\udc28\ud835\udc2b \ud835\udc1d\ud835\udc1e\ud835\udc2f\ud835\udc1e\ud835\udc2b\ud835\udc22\ud835\udc1a \ud835\udc0b\ud835\udc1e\ud835\udc2b\ud83d\udc47 https:\/\/lp.suno.com.br\/ebook-10-livros\/?utm_source=youtube.noticias&utm_medium=video&utm_campaign=ebook10livrosparainvestidores.20230105&utm_content=youtube.noticias.05012023 \ud83d\udcda \ud83d\udcb8 \ud83d\udcca \ud835\udde3\ud835\udddf\ud835\uddd4\ud835\udde1\ud835\udddc\ud835\udddf\ud835\udddb\ud835\uddd4 \ud835\uddd7\ud835\uddd8 \ud835\uddd6\ud835\udde2\ud835\udde1\ud835\udde7\ud835\udde5\ud835\udde2\ud835\udddf\ud835\uddd8 \ud835\uddd9\ud835\udddc\ud835\udde1\ud835\uddd4\ud835\udde1\ud835\uddd6\ud835\uddd8\ud835\udddc\ud835\udde5\ud835\udde2: \ud835\uddd5\ud835\uddee\ud835\uddf6\ud835\ude05\ud835\uddf2 \ud835\uddee \ud835\uddfd\ud835\uddf9\ud835\uddee\ud835\uddfb\ud835\uddf6\ud835\uddf9\ud835\uddf5\ud835\uddee AGORA antes que acabe! \ud83d\udc49 https:\/\/lp.suno.com.br\/planilha-da-vida-financeira\/?utm_source=youtube.noticias&utm_medium=live&utm_campaign=planilhadavidafinanceira.20221128&utm_content=ytnoticias.morning.02122022 \ud83d\udcda\u2026\",\"duration\":\"PT2M6S\",\"embedUrl\":\"https:\/\/www.youtube.com\/embed\/tB4vwahjp5E\",\"regionsAllowed\":\"pt-BR\",\"interactionStatistic\":{\"@type\":\"InteractionCounter\",\"interactionType\":{\"@type\":\"WatchAction\"},\"userInteractionCount\":1171},\"thumbnailUrl\":\"https:\/\/i.ytimg.com\/vi\/tB4vwahjp5E\/default.jpg\",\"uploadDate\":\"2023-01-09T15:57:09Z\"}<\/script>\n\n\n\n\n\t<p>\n\t\t<a href=\"\" target=\"_blank\" data-element=\"shortcode-suno-banner\" title=\"Banner SUNO, clique e saiba mais\">\n\t\t\t<picture>\n\t\t\t\t<source media=\"(max-width: 500px)\" srcset=\"\">\n\t\t\t\t<img class=\"newsContent__article__imgCapa newsContent__article__imgCapa--banner\"\n\t\t\t\t\tsrc=\"\"\n\t\t\t\t\tdata-promo-id=\"138420\"\t\t\t\t\t\t\t\t\t\t\t\t\t\t\talt=\"\"\n\t\t\t\t>\n\t\t\t<\/picture>\n\t\t<\/a>\n\t<\/p>\n\n\n\n\n\n<p>Assim, as medidas adotas pelo governo contra os atos extremistas, o apoio de entidades, autoridades e da comunidade internacional n\u00e3o s\u00f3 atenuaram a <strong><a href=\"https:\/\/www.suno.com.br\/noticias\/ibovespa-hoje-09012023\/\" target=\"_blank\" rel=\"noreferrer noopener\">desvaloriza\u00e7\u00e3o do Ibovespa<\/a><\/strong> como reverteram o desempenho do \u00edndice.<\/p>\n\n\n\n<p>Al\u00e9m disso, o exterior tamb\u00e9m mostra valoriza\u00e7\u00f5es no intradia, com <a href=\"https:\/\/statusinvest.com.br\/indices\/eua\/sp-500\" target=\"_blank\" rel=\"noreferrer noopener\">avan\u00e7o de 1,4% no S&amp;P<\/a> e 0,8% no <a href=\"https:\/\/www.suno.com.br\/artigos\/indice-dow-jones-djia\/\" target=\"_blank\" rel=\"noreferrer noopener\">Dow Jones<\/a>, al\u00e9m da alta de 1% do \u00edndice paneuropeu Stoxx-600 em 1%.<\/p>\n\n\n\n<p>Segundo Victor Inoue, head de produtos da WIT Invest, o efeito no <strong>\u00edndice Bovespa<\/strong> \u00e9 limitado pois a maioria das declara\u00e7\u00f5es de centro de direita repudiam os atos. &#8220;Ou seja, n\u00e3o tem perigo de rompimento do atual governo&#8221;, diz.<\/p>\n\n\n\n<p>Outro ponto que inibe um recuo forte do indicador da <strong>B3<\/strong>, acrescenta Inoue, \u00e9 o fato de estar atrativo. &#8220;Esperava um pouco mais de queda, mas bateu mais no <a href=\"https:\/\/www.suno.com.br\/noticias\/dolar-sobe-instabilidade-atos-golpistas\/\" target=\"_blank\" rel=\"noreferrer noopener\">d\u00f3lar<\/a>, at\u00e9 porque l\u00e1 fora cai. Dif\u00edcil o Ibovespa cair muito mais pois o valuation est\u00e1 comprimido. Se n\u00e3o fossem os ataques, poderia acompanhar o exterior&#8221;, afirma.<\/p>\n\n\n\n<p>Os ataques de grupos radicais na capital federal no domingo influenciam o \u00edndice Bovespa pois mostram uma situa\u00e7\u00e3o de intranquilidade, expondo uma fragilidade &#8220;gigantesca&#8221; do Brasil, avalia a economista-chefe da CM Capital, Carla Argenta. Em sua opini\u00e3o, em meio a estimativas de aumento das d\u00favidas, o investidor estrangeiro \u00e9 o que mais tende a se retrair.<\/p>\n\n\n\n<p>Apesar da gravidade das cenas de extremistas, o recuo \u00e9 modesto, sem gerar &#8220;p\u00e2nico&#8221;, como descreve Enrico Cozzolino, head de an\u00e1lise e s\u00f3cio da Levante Investimentos. <\/p>\n\n\n\n\t<div data-element=\"shortcode-read-more\" class=\"readToo\">\n\t\t\t\t<span class=\"readToo__title\">Leia mais<\/span>\n\t\t\t\t<ul class=\"readToo__list\">\n\t\t\t<li><a href=\"https:\/\/www.suno.com.br\/noticias\/invasoes-brasilia-extradicao-bolsonaro-calheiros\/\">Invas\u00f5es em Bras\u00edlia: extradi\u00e7\u00e3o de Bolsonaro \u00e9 articulada por Renan Calheiros<\/a><\/li><li><a href=\"https:\/\/www.suno.com.br\/noticias\/fup-refinarias-petrobras-atos-antidemocraticos\/\">Petrobras (PETR4): 4 refinarias est\u00e3o na mira de atos antidemocr\u00e1ticos; governo garante abastecimento<\/a><\/li><li><a href=\"https:\/\/www.suno.com.br\/noticias\/dolar-sobe-instabilidade-atos-golpistas\/\">D\u00f3lar sobe para R$ 5,3 com instabilidade pol\u00edtica ap\u00f3s atos golpistas<\/a><\/li><li><a href=\"https:\/\/www.suno.com.br\/noticias\/banco-do-brasil-bbas3-dividendos-2023-xp-2\/\">Banco do Brasil (BBAS3) fechar\u00e1 o ano pagando 13% em dividendos, projeta XP<\/a><\/li>\t\t<\/ul>\n\t<\/div>\n\n\n\n\n<h2 class=\"wp-block-heading\" id=\"h-bolsa-barata\">Bolsa barata<\/h2>\n\n\n\n<p>Al\u00e9m disso, para Ariane Benedito, economista especialista em <strong>mercado <\/strong>de capitais, o desempenho moderado do mercado local pode estar associado ao fato de estar &#8220;subavaliado, a despeito das primeiras iniciativas do governo eleito, que elevaram o n\u00edvel de risco pol\u00edtico e econ\u00f4mico.&#8221;<\/p>\n\n\n\n<p> Segundo a economista, a continuidade dos efeitos negativos dos <strong><a href=\"https:\/\/www.suno.com.br\/noticias\/lira-tebet-dino-gleisi-invasao-tres-poderes-brasilia-congresso-planalto-stf\/\" target=\"_blank\" rel=\"noreferrer noopener\">atos golpistas<\/a><\/strong> nos ativos depender\u00e1 de como o governo se posicionar\u00e1 em rela\u00e7\u00e3o aos acontecimentos, das medidas impostas e se haver\u00e1 prolongamento das manifesta\u00e7\u00f5es.<\/p>\n\n\n\t<p>\n\t\t<a href=\"https:\/\/lp.suno.com.br\/planilha-controle-gastos\/\" target=\"_blank\" data-element=\"shortcode-suno-banner\" title=\"Banner SUNO, clique e saiba mais\">\n\t\t\t<picture>\n\t\t\t\t<source media=\"(max-width: 500px)\" srcset=\"https:\/\/files.sunoresearch.com.br\/n\/uploads\/2023\/03\/400x300-Planilha-controle-de-gastos.png\">\n\t\t\t\t<img class=\"newsContent__article__imgCapa newsContent__article__imgCapa--banner\"\n\t\t\t\t\tsrc=\"https:\/\/files.sunoresearch.com.br\/n\/uploads\/2023\/03\/1420x240-Planilha-controle-de-gastos.png\"\n\t\t\t\t\tdata-promo-id=\"101751\"\t\t\t\t\t\t\t\t\t\twidth='1420' height='240'\t\t\t\t\talt=\"https:\/\/files.sunoresearch.com.br\/n\/uploads\/2023\/03\/1420x240-Planilha-controle-de-gastos.png\"\n\t\t\t\t>\n\t\t\t<\/picture>\n\t\t<\/a>\n\t<\/p>\n\n\n\n\n\n<p>No exterior, h\u00e1 alta dos <a href=\"https:\/\/www.suno.com.br\/noticias\/oferta-demanda-petroleo-2023-aumentar-aie\/\" target=\"_blank\" rel=\"noreferrer noopener\"><strong>a\u00e7\u00f5es internacionais<\/strong> e do petr\u00f3leo<\/a>, em meio a perspectivas de um Fed menos duro na condu\u00e7\u00e3o dos juros e por reabertura da China. <\/p>\n\n\n\n<p>Ao mesmo tempo, analistas avaliam como positiva a postura do presidente <strong>Lula<\/strong> (PT), ontem, durante os ataques. Avaliam com bons olhos a postura firme do governo federal, a indica\u00e7\u00e3o de uni\u00e3o entre o Estado, entes regionais e a <a href=\"https:\/\/www.suno.com.br\/noticias\/ibaneis-rocha-governador-df-afastado-alexandre-moraes\/\" target=\"_blank\" rel=\"noreferrer noopener\">Suprema Corte<\/a>, ainda que isso possa ser um teste de governabilidade ao presidente Lula.<\/p>\n\n\n\n<p>Mesmo que a desconfian\u00e7a n\u00e3o seja extrema, as d\u00favidas persistir\u00e3o, dado que n\u00e3o se sabe at\u00e9 onde esses manifestos podem chegar. Isso porque os opositores ao governo podem n\u00e3o parar de agir. H\u00e1 risco de bloqueios em estradas, por exemplo.<\/p>\n\n\n\n<p>Ainda que o novo governo tenha assumido e que n\u00e3o haja espa\u00e7o para contesta\u00e7\u00e3o do resultado da elei\u00e7\u00e3o nas urnas, Bruno Takeo, analista da Ouro Preto Investimentos, pondera que \u00e9 preciso acompanhar os acontecimentos passados e futuros com aten\u00e7\u00e3o. <\/p>\n\n\n\n<p>&#8220;\u00c9 preciso ver se os atos perdurar\u00e3o e se continuar\u00e3o fortes&#8221;, comenta.<\/p>\n\n\n\n<p>Neste sentido, os investidores v\u00e3o continuar monitorando com afinco os desdobramentos dos ataques ontem na capital federal e as eventuais novas a\u00e7\u00f5es de Lula, que se re\u00fane com a ministra Rosa Weber (STF) e com governadores.<\/p>\n\n\n\n<h2 class=\"wp-block-heading\">Entenda os atos em Bras\u00edlia<\/h2>\n\n\n\n<p>Em meio aos ataques ontem em Bras\u00edlia, o presidente Lula decretou uma interven\u00e7\u00e3o sobre o governo do Distrito Federal e anunciou como interventor o atual secret\u00e1rio-executivo do Minist\u00e9rio da Justi\u00e7a e Seguran\u00e7a P\u00fablica, Ricardo Capelli. <\/p>\n\n\n\n<p>Ao mesmo tempo, o Ex\u00e9rcito p\u00f4s 2,5 mil homens de cinco unidades do Comando Militar do Planalto (CMP) para enfrentar os radicais bolsonaristas que invadiram os pr\u00e9dios na pra\u00e7a dos Tr\u00eas Poderes. J\u00e1 Alexandre de Moraes, do STF, determinou o afastamento por 90 dias do governador do Distrito Federal, Ibaneis Rocha (MDB), do cargo, e a desocupa\u00e7\u00e3o total dos acampamentos em 24 horas.<\/p>\n\n\n\n<h2 class=\"wp-block-heading\" id=\"h-maiores-altas-do-ibovespa\">Maiores altas do Ibovespa<\/h2>\n\n\n\n<ul class=\"wp-block-list\">\n<li>GOLL4: +3,6%<\/li>\n\n\n\n<li>TOTS3: 3,6%<\/li>\n\n\n\n<li>AMER3: +3,1%<\/li>\n\n\n\n<li>CVCB3: +3%<\/li>\n\n\n\n<li>EMBR3: +2,8%<\/li>\n<\/ul>\n\n\n\n<h2 class=\"wp-block-heading\" id=\"h-maiores-baixas-do-ibovespa\">Maiores baixas do Ibovespa<\/h2>\n\n\n\n<ul class=\"wp-block-list\">\n<li>HAPV3: -8,2%<\/li>\n\n\n\n<li>ENEV3: -2,7%<\/li>\n\n\n\n<li>SMTO3: -2,2%<\/li>\n\n\n\n<li>CSAN3: -2,1%<\/li>\n\n\n\n<li>SOMA3: -1,5%<\/li>\n<\/ul>\n\n\n\n<h2 class=\"wp-block-heading\" id=\"h-ultima-cotacao-do-ibovespa\">\u00daltima cota\u00e7\u00e3o do Ibovespa<\/h2>\n\n\n\n<p>O <strong>Ibovespa<\/strong> encerrou o preg\u00e3o da sexta-feira (6) em alta de 1,23%, a 108.964 pontos.<\/p>\n\n\n\n<p>Com informa\u00e7\u00f5es do Estad\u00e3o Conte\u00fado<\/p>\n\n\n\t<p>\n\t\t<a href=\"https:\/\/lp.suno.com.br\/planilha-da-vida-financeira\/\" target=\"_blank\" data-element=\"shortcode-suno-banner\" title=\"Banner SUNO, clique e saiba mais\">\n\t\t\t<picture>\n\t\t\t\t<source media=\"(max-width: 500px)\" srcset=\"https:\/\/files.sunoresearch.com.br\/n\/uploads\/2023\/04\/400x300-Planilha-vida-financeira-true.png\">\n\t\t\t\t<img class=\"newsContent__article__imgCapa newsContent__article__imgCapa--banner\"\n\t\t\t\t\tsrc=\"https:\/\/files.sunoresearch.com.br\/n\/uploads\/2023\/04\/1420x240-Planilha-vida-financeira-true.png\"\n\t\t\t\t\tdata-promo-id=\"106682\"\t\t\t\t\t\t\t\t\t\twidth='1420' height='240'\t\t\t\t\talt=\"https:\/\/files.sunoresearch.com.br\/n\/uploads\/2023\/04\/1420x240-Planilha-vida-financeira-true.png\"\n\t\t\t\t>\n\t\t\t<\/picture>\n\t\t<\/a>\n\t<\/p>\n\n\n","protected":false},"excerpt":{"rendered":"<p>O Ibovespa, que abriu em queda nesta segunda-feira (9) ap\u00f3s diversos atos golpistas em Bras\u00edlia, virou para o campo positivo. \u00e0s 13h20, o \u00edndice opera em alta de 0,15% aos 109.123 pontos. Assim, as medidas adotas pelo governo contra os atos extremistas, o apoio de entidades, autoridades e da comunidade internacional n\u00e3o s\u00f3 atenuaram a [&hellip;]<\/p>\n","protected":false},"author":73,"featured_media":337795,"comment_status":"closed","ping_status":"closed","sticky":false,"template":"","format":"standard","meta":[],"categories":[60],"tags":[286,309,721],"suno_strategy":[],"class_list":["post-343165","post","type-post","status-publish","format-standard","has-post-thumbnail","hentry","category-mercado","tag-acoes","tag-bolsa-de-valores","tag-ibovespa"],"yoast_head":"<!-- This site is optimized with the Yoast SEO plugin v24.4 - https:\/\/yoast.com\/wordpress\/plugins\/seo\/ -->\n<title>Ibovespa vira para alta com exterior positivo e movimentos do Governo<\/title>\n<meta name=\"description\" content=\"Ap\u00f3s abrir em queda em meio ao contexto de atos de vandalismo em Bras\u00edlia, Ibovespa passa a operar em alta moderada. Clique e confira!\" \/>\n<meta name=\"robots\" content=\"index, follow, max-snippet:-1, max-image-preview:large, max-video-preview:-1\" \/>\n<link rel=\"canonical\" href=\"https:\/\/www.suno.com.br\/noticias\/ibovespa-vira-positivo-protestos-atos-brasilia\/\" \/>\n<meta property=\"og:locale\" content=\"pt_BR\" \/>\n<meta property=\"og:type\" content=\"article\" \/>\n<meta property=\"og:title\" content=\"Ibovespa vira para alta com exterior positivo e movimentos do Governo\" \/>\n<meta property=\"og:description\" content=\"Ap\u00f3s abrir em queda em meio ao contexto de atos de vandalismo em Bras\u00edlia, Ibovespa passa a operar em alta moderada. Clique e confira!\" \/>\n<meta property=\"og:url\" content=\"https:\/\/www.suno.com.br\/noticias\/ibovespa-vira-positivo-protestos-atos-brasilia\/\" \/>\n<meta property=\"og:site_name\" content=\"Suno Not\u00edcias\" \/>\n<meta property=\"article:publisher\" content=\"https:\/\/facebook.com\/sunoresearch\" \/>\n<meta property=\"og:image\" content=\"https:\/\/files.sunoresearch.com.br\/n\/uploads\/2022\/12\/ibovespab3.jpg\" \/>\n\t<meta property=\"og:image:width\" content=\"1200\" \/>\n\t<meta property=\"og:image:height\" content=\"800\" \/>\n\t<meta property=\"og:image:type\" content=\"image\/jpeg\" \/>\n<meta name=\"author\" content=\"Eduardo Vargas\" \/>\n<meta name=\"twitter:card\" content=\"summary_large_image\" \/>\n<meta name=\"twitter:creator\" content=\"@sunoresearch\" \/>\n<meta name=\"twitter:site\" content=\"@sunoresearch\" \/>\n<meta name=\"twitter:label1\" content=\"Escrito por\" \/>\n\t<meta name=\"twitter:data1\" content=\"Eduardo Vargas\" \/>\n\t<meta name=\"twitter:label2\" content=\"Est. tempo de leitura\" \/>\n\t<meta name=\"twitter:data2\" content=\"4 minutos\" \/>\n<script type=\"application\/ld+json\" class=\"yoast-schema-graph\">{\"@context\":\"https:\/\/schema.org\",\"@graph\":[{\"@type\":\"NewsArticle\",\"@id\":\"https:\/\/www.suno.com.br\/noticias\/ibovespa-vira-positivo-protestos-atos-brasilia\/#article\",\"isPartOf\":{\"@id\":\"https:\/\/www.suno.com.br\/noticias\/ibovespa-vira-positivo-protestos-atos-brasilia\/\"},\"author\":{\"name\":\"Eduardo Vargas\",\"@id\":\"https:\/\/www.suno.com.br\/noticias\/#\/schema\/person\/7f4d362bf3518e76090143ae77bb49a5\"},\"headline\":\"Ibovespa vira para alta com exterior positivo e movimentos do governo contra atos golpistas\",\"datePublished\":\"2023-01-09T16:39:35+00:00\",\"dateModified\":\"2023-01-09T17:32:31+00:00\",\"mainEntityOfPage\":{\"@id\":\"https:\/\/www.suno.com.br\/noticias\/ibovespa-vira-positivo-protestos-atos-brasilia\/\"},\"wordCount\":778,\"publisher\":{\"@id\":\"https:\/\/www.suno.com.br\/noticias\/#organization\"},\"image\":{\"@id\":\"https:\/\/www.suno.com.br\/noticias\/ibovespa-vira-positivo-protestos-atos-brasilia\/#primaryimage\"},\"thumbnailUrl\":\"https:\/\/files.sunoresearch.com.br\/n\/uploads\/2022\/12\/ibovespab3.jpg\",\"keywords\":[\"A\u00e7\u00f5es\",\"Bolsa de Valores\",\"Ibovespa\"],\"articleSection\":[\"Mercado\"],\"inLanguage\":\"pt-BR\"},{\"@type\":\"WebPage\",\"@id\":\"https:\/\/www.suno.com.br\/noticias\/ibovespa-vira-positivo-protestos-atos-brasilia\/\",\"url\":\"https:\/\/www.suno.com.br\/noticias\/ibovespa-vira-positivo-protestos-atos-brasilia\/\",\"name\":\"Ibovespa vira para alta com exterior positivo e movimentos do Governo\",\"isPartOf\":{\"@id\":\"https:\/\/www.suno.com.br\/noticias\/#website\"},\"primaryImageOfPage\":{\"@id\":\"https:\/\/www.suno.com.br\/noticias\/ibovespa-vira-positivo-protestos-atos-brasilia\/#primaryimage\"},\"image\":{\"@id\":\"https:\/\/www.suno.com.br\/noticias\/ibovespa-vira-positivo-protestos-atos-brasilia\/#primaryimage\"},\"thumbnailUrl\":\"https:\/\/files.sunoresearch.com.br\/n\/uploads\/2022\/12\/ibovespab3.jpg\",\"datePublished\":\"2023-01-09T16:39:35+00:00\",\"dateModified\":\"2023-01-09T17:32:31+00:00\",\"description\":\"Ap\u00f3s abrir em queda em meio ao contexto de atos de vandalismo em Bras\u00edlia, Ibovespa passa a operar em alta moderada. Clique e confira!\",\"breadcrumb\":{\"@id\":\"https:\/\/www.suno.com.br\/noticias\/ibovespa-vira-positivo-protestos-atos-brasilia\/#breadcrumb\"},\"inLanguage\":\"pt-BR\",\"potentialAction\":[{\"@type\":\"ReadAction\",\"target\":[\"https:\/\/www.suno.com.br\/noticias\/ibovespa-vira-positivo-protestos-atos-brasilia\/\"]}]},{\"@type\":\"ImageObject\",\"inLanguage\":\"pt-BR\",\"@id\":\"https:\/\/www.suno.com.br\/noticias\/ibovespa-vira-positivo-protestos-atos-brasilia\/#primaryimage\",\"url\":\"https:\/\/files.sunoresearch.com.br\/n\/uploads\/2022\/12\/ibovespab3.jpg\",\"contentUrl\":\"https:\/\/files.sunoresearch.com.br\/n\/uploads\/2022\/12\/ibovespab3.jpg\",\"width\":1200,\"height\":800,\"caption\":\"Ibovespa hoje. Foto: Divulga\u00e7\u00e3o\/B3\"},{\"@type\":\"BreadcrumbList\",\"@id\":\"https:\/\/www.suno.com.br\/noticias\/ibovespa-vira-positivo-protestos-atos-brasilia\/#breadcrumb\",\"itemListElement\":[{\"@type\":\"ListItem\",\"position\":1,\"name\":\"Not\u00edcias\",\"item\":\"https:\/\/www.suno.com.br\/noticias\/\"},{\"@type\":\"ListItem\",\"position\":2,\"name\":\"Mercado\",\"item\":\"https:\/\/www.suno.com.br\/noticias\/mercado\/\"},{\"@type\":\"ListItem\",\"position\":3,\"name\":\"Ibovespa vira para alta com exterior positivo e movimentos do governo contra atos golpistas\"}]},{\"@type\":\"WebSite\",\"@id\":\"https:\/\/www.suno.com.br\/noticias\/#website\",\"url\":\"https:\/\/www.suno.com.br\/noticias\/\",\"name\":\"Suno Not\u00edcias\",\"description\":\"Seu portal de informa\u00e7\u00e3o sobre o mundo dos investimentos\",\"publisher\":{\"@id\":\"https:\/\/www.suno.com.br\/noticias\/#organization\"},\"potentialAction\":[{\"@type\":\"SearchAction\",\"target\":{\"@type\":\"EntryPoint\",\"urlTemplate\":\"https:\/\/www.suno.com.br\/noticias\/?s={search_term_string}\"},\"query-input\":{\"@type\":\"PropertyValueSpecification\",\"valueRequired\":true,\"valueName\":\"search_term_string\"}}],\"inLanguage\":\"pt-BR\"},{\"@type\":\"Organization\",\"@id\":\"https:\/\/www.suno.com.br\/noticias\/#organization\",\"name\":\"Suno Not\u00edcias\",\"url\":\"https:\/\/www.suno.com.br\/noticias\/\",\"logo\":{\"@type\":\"ImageObject\",\"inLanguage\":\"pt-BR\",\"@id\":\"https:\/\/www.suno.com.br\/noticias\/#\/schema\/logo\/image\/\",\"url\":\"https:\/\/files.sunoresearch.com.br\/n\/uploads\/2021\/09\/suno-logo.png\",\"contentUrl\":\"https:\/\/files.sunoresearch.com.br\/n\/uploads\/2021\/09\/suno-logo.png\",\"width\":180,\"height\":180,\"caption\":\"Suno Not\u00edcias\"},\"image\":{\"@id\":\"https:\/\/www.suno.com.br\/noticias\/#\/schema\/logo\/image\/\"},\"sameAs\":[\"https:\/\/facebook.com\/sunoresearch\",\"https:\/\/x.com\/sunoresearch\",\"https:\/\/www.instagram.com\/suno\",\"https:\/\/www.linkedin.com\/company\/suno-research\/\",\"https:\/\/www.youtube.com\/c\/sunoresearch\"]},{\"@type\":\"Person\",\"@id\":\"https:\/\/www.suno.com.br\/noticias\/#\/schema\/person\/7f4d362bf3518e76090143ae77bb49a5\",\"name\":\"Eduardo Vargas\",\"image\":{\"@type\":\"ImageObject\",\"inLanguage\":\"pt-BR\",\"@id\":\"https:\/\/www.suno.com.br\/noticias\/#\/schema\/person\/image\/\",\"url\":\"https:\/\/secure.gravatar.com\/avatar\/dac340933427a22924c9f99d1eb2e3f2?s=96&r=g\",\"contentUrl\":\"https:\/\/secure.gravatar.com\/avatar\/dac340933427a22924c9f99d1eb2e3f2?s=96&r=g\",\"caption\":\"Eduardo Vargas\"},\"description\":\"Jornalista formado pela UFSC, cobre macroeconomia, neg\u00f3cios e startups para o Suno Not\u00edcias, escrevendo principalmente not\u00edcias sobre o mercado financeiro e a bolsa de valores. No YouTube e no Instagram, \u00e9 respons\u00e1vel pela produ\u00e7\u00e3o de Reels e Shorts do Suno Not\u00edcias. Anteriormente, trabalhou cobrindo economia e cotidiano no ND+ e para o ND, maior jornal impresso de Santa Catarina. Cursou um semestre letivo de Estudos de M\u00eddia na Universidad de Buenos Aires.\",\"url\":\"https:\/\/www.suno.com.br\/noticias\/author\/eduardo-vargas\/\"}]}<\/script>\n<!-- \/ Yoast SEO plugin. -->","yoast_head_json":{"title":"Ibovespa vira para alta com exterior positivo e movimentos do Governo","description":"Ap\u00f3s abrir em queda em meio ao contexto de atos de vandalismo em Bras\u00edlia, Ibovespa passa a operar em alta moderada. Clique e confira!","robots":{"index":"index","follow":"follow","max-snippet":"max-snippet:-1","max-image-preview":"max-image-preview:large","max-video-preview":"max-video-preview:-1"},"canonical":"https:\/\/www.suno.com.br\/noticias\/ibovespa-vira-positivo-protestos-atos-brasilia\/","og_locale":"pt_BR","og_type":"article","og_title":"Ibovespa vira para alta com exterior positivo e movimentos do Governo","og_description":"Ap\u00f3s abrir em queda em meio ao contexto de atos de vandalismo em Bras\u00edlia, Ibovespa passa a operar em alta moderada. Clique e confira!","og_url":"https:\/\/www.suno.com.br\/noticias\/ibovespa-vira-positivo-protestos-atos-brasilia\/","og_site_name":"Suno Not\u00edcias","article_publisher":"https:\/\/facebook.com\/sunoresearch","og_image":[{"width":1200,"height":800,"url":"https:\/\/files.sunoresearch.com.br\/n\/uploads\/2022\/12\/ibovespab3.jpg","type":"image\/jpeg"}],"author":"Eduardo Vargas","twitter_card":"summary_large_image","twitter_creator":"@sunoresearch","twitter_site":"@sunoresearch","twitter_misc":{"Escrito por":"Eduardo Vargas","Est. tempo de leitura":"4 minutos"},"schema":{"@context":"https:\/\/schema.org","@graph":[{"@type":"NewsArticle","@id":"https:\/\/www.suno.com.br\/noticias\/ibovespa-vira-positivo-protestos-atos-brasilia\/#article","isPartOf":{"@id":"https:\/\/www.suno.com.br\/noticias\/ibovespa-vira-positivo-protestos-atos-brasilia\/"},"author":{"name":"Eduardo Vargas","@id":"https:\/\/www.suno.com.br\/noticias\/#\/schema\/person\/7f4d362bf3518e76090143ae77bb49a5"},"headline":"Ibovespa vira para alta com exterior positivo e movimentos do governo contra atos golpistas","datePublished":"2023-01-09T16:39:35+00:00","dateModified":"2023-01-09T17:32:31+00:00","mainEntityOfPage":{"@id":"https:\/\/www.suno.com.br\/noticias\/ibovespa-vira-positivo-protestos-atos-brasilia\/"},"wordCount":778,"publisher":{"@id":"https:\/\/www.suno.com.br\/noticias\/#organization"},"image":{"@id":"https:\/\/www.suno.com.br\/noticias\/ibovespa-vira-positivo-protestos-atos-brasilia\/#primaryimage"},"thumbnailUrl":"https:\/\/files.sunoresearch.com.br\/n\/uploads\/2022\/12\/ibovespab3.jpg","keywords":["A\u00e7\u00f5es","Bolsa de Valores","Ibovespa"],"articleSection":["Mercado"],"inLanguage":"pt-BR"},{"@type":"WebPage","@id":"https:\/\/www.suno.com.br\/noticias\/ibovespa-vira-positivo-protestos-atos-brasilia\/","url":"https:\/\/www.suno.com.br\/noticias\/ibovespa-vira-positivo-protestos-atos-brasilia\/","name":"Ibovespa vira para alta com exterior positivo e movimentos do Governo","isPartOf":{"@id":"https:\/\/www.suno.com.br\/noticias\/#website"},"primaryImageOfPage":{"@id":"https:\/\/www.suno.com.br\/noticias\/ibovespa-vira-positivo-protestos-atos-brasilia\/#primaryimage"},"image":{"@id":"https:\/\/www.suno.com.br\/noticias\/ibovespa-vira-positivo-protestos-atos-brasilia\/#primaryimage"},"thumbnailUrl":"https:\/\/files.sunoresearch.com.br\/n\/uploads\/2022\/12\/ibovespab3.jpg","datePublished":"2023-01-09T16:39:35+00:00","dateModified":"2023-01-09T17:32:31+00:00","description":"Ap\u00f3s abrir em queda em meio ao contexto de atos de vandalismo em Bras\u00edlia, Ibovespa passa a operar em alta moderada. Clique e confira!","breadcrumb":{"@id":"https:\/\/www.suno.com.br\/noticias\/ibovespa-vira-positivo-protestos-atos-brasilia\/#breadcrumb"},"inLanguage":"pt-BR","potentialAction":[{"@type":"ReadAction","target":["https:\/\/www.suno.com.br\/noticias\/ibovespa-vira-positivo-protestos-atos-brasilia\/"]}]},{"@type":"ImageObject","inLanguage":"pt-BR","@id":"https:\/\/www.suno.com.br\/noticias\/ibovespa-vira-positivo-protestos-atos-brasilia\/#primaryimage","url":"https:\/\/files.sunoresearch.com.br\/n\/uploads\/2022\/12\/ibovespab3.jpg","contentUrl":"https:\/\/files.sunoresearch.com.br\/n\/uploads\/2022\/12\/ibovespab3.jpg","width":1200,"height":800,"caption":"Ibovespa hoje. Foto: Divulga\u00e7\u00e3o\/B3"},{"@type":"BreadcrumbList","@id":"https:\/\/www.suno.com.br\/noticias\/ibovespa-vira-positivo-protestos-atos-brasilia\/#breadcrumb","itemListElement":[{"@type":"ListItem","position":1,"name":"Not\u00edcias","item":"https:\/\/www.suno.com.br\/noticias\/"},{"@type":"ListItem","position":2,"name":"Mercado","item":"https:\/\/www.suno.com.br\/noticias\/mercado\/"},{"@type":"ListItem","position":3,"name":"Ibovespa vira para alta com exterior positivo e movimentos do governo contra atos golpistas"}]},{"@type":"WebSite","@id":"https:\/\/www.suno.com.br\/noticias\/#website","url":"https:\/\/www.suno.com.br\/noticias\/","name":"Suno Not\u00edcias","description":"Seu portal de informa\u00e7\u00e3o sobre o mundo dos investimentos","publisher":{"@id":"https:\/\/www.suno.com.br\/noticias\/#organization"},"potentialAction":[{"@type":"SearchAction","target":{"@type":"EntryPoint","urlTemplate":"https:\/\/www.suno.com.br\/noticias\/?s={search_term_string}"},"query-input":{"@type":"PropertyValueSpecification","valueRequired":true,"valueName":"search_term_string"}}],"inLanguage":"pt-BR"},{"@type":"Organization","@id":"https:\/\/www.suno.com.br\/noticias\/#organization","name":"Suno Not\u00edcias","url":"https:\/\/www.suno.com.br\/noticias\/","logo":{"@type":"ImageObject","inLanguage":"pt-BR","@id":"https:\/\/www.suno.com.br\/noticias\/#\/schema\/logo\/image\/","url":"https:\/\/files.sunoresearch.com.br\/n\/uploads\/2021\/09\/suno-logo.png","contentUrl":"https:\/\/files.sunoresearch.com.br\/n\/uploads\/2021\/09\/suno-logo.png","width":180,"height":180,"caption":"Suno Not\u00edcias"},"image":{"@id":"https:\/\/www.suno.com.br\/noticias\/#\/schema\/logo\/image\/"},"sameAs":["https:\/\/facebook.com\/sunoresearch","https:\/\/x.com\/sunoresearch","https:\/\/www.instagram.com\/suno","https:\/\/www.linkedin.com\/company\/suno-research\/","https:\/\/www.youtube.com\/c\/sunoresearch"]},{"@type":"Person","@id":"https:\/\/www.suno.com.br\/noticias\/#\/schema\/person\/7f4d362bf3518e76090143ae77bb49a5","name":"Eduardo Vargas","image":{"@type":"ImageObject","inLanguage":"pt-BR","@id":"https:\/\/www.suno.com.br\/noticias\/#\/schema\/person\/image\/","url":"https:\/\/secure.gravatar.com\/avatar\/dac340933427a22924c9f99d1eb2e3f2?s=96&r=g","contentUrl":"https:\/\/secure.gravatar.com\/avatar\/dac340933427a22924c9f99d1eb2e3f2?s=96&r=g","caption":"Eduardo Vargas"},"description":"Jornalista formado pela UFSC, cobre macroeconomia, neg\u00f3cios e startups para o Suno Not\u00edcias, escrevendo principalmente not\u00edcias sobre o mercado financeiro e a bolsa de valores. No YouTube e no Instagram, \u00e9 respons\u00e1vel pela produ\u00e7\u00e3o de Reels e Shorts do Suno Not\u00edcias. Anteriormente, trabalhou cobrindo economia e cotidiano no ND+ e para o ND, maior jornal impresso de Santa Catarina. Cursou um semestre letivo de Estudos de M\u00eddia na Universidad de Buenos Aires.","url":"https:\/\/www.suno.com.br\/noticias\/author\/eduardo-vargas\/"}]}},"default_loop_html":"<div class=\"cardsPage__listCard__boxs\"><div class=\"cardsPage__listCard__boxs__img\"><a href=\"https:\/\/www.suno.com.br\/noticias\/ibovespa-vira-positivo-protestos-atos-brasilia\/\"><img class=\"mask\" src=\"https:\/\/www.suno.com.br\/noticias\/wp-content\/themes\/suno\/resources\/images\/spotlight\/spotlight1img\/bg-mask.png\" alt=\"Image Mask\"\/><img src=\"https:\/\/files.sunoresearch.com.br\/n\/uploads\/2022\/12\/ibovespab3-400x200.jpg\" alt=\"Ibovespa vira para alta com exterior positivo e movimentos do governo contra atos golpistas\"\/><\/a><span class=\"spotlightCategory\"><a href=\"https:\/\/www.suno.com.br\/noticias\/mercado\/\">Mercado<\/a><\/span><\/div><div class=\"cardsPage__listCard__boxs__content\"><a href=\"https:\/\/www.suno.com.br\/noticias\/ibovespa-vira-positivo-protestos-atos-brasilia\/\"><h2 class=\"content__title\">Ibovespa vira para alta com exterior positivo e movimentos do governo contra atos golpistas<\/h2><\/a><div class=\"newsContent__article__meta\"><div class=\"newsContent__article__meta__authorBox\"><a href=\"https:\/\/www.suno.com.br\/noticias\/author\/eduardo-vargas\/\" class=\"authorBox__avatar noMobi\"><img src=\"https:\/\/secure.gravatar.com\/avatar\/dac340933427a22924c9f99d1eb2e3f2?s=96&#038;r=g\" alt=\"Eduardo Vargas\"><\/a><div class=\"authorBox__name\"><span>por\n\t\t\t<a href=\"https:\/\/www.suno.com.br\/noticias\/author\/eduardo-vargas\/\"><span itemprop=\"author\">Eduardo Vargas<\/span><\/a><\/span><time datetime=\"2023-01-09T13:39:35-03:00\" itemprop=\"datePublished\">09\/01\/2023 13:39<\/time><\/div><\/div><\/div><\/div><\/div>","single_layout":"posts","amp_enabled":true,"_links":{"self":[{"href":"https:\/\/www.suno.com.br\/noticias\/wp-json\/wp\/v2\/posts\/343165"}],"collection":[{"href":"https:\/\/www.suno.com.br\/noticias\/wp-json\/wp\/v2\/posts"}],"about":[{"href":"https:\/\/www.suno.com.br\/noticias\/wp-json\/wp\/v2\/types\/post"}],"author":[{"embeddable":true,"href":"https:\/\/www.suno.com.br\/noticias\/wp-json\/wp\/v2\/users\/73"}],"replies":[{"embeddable":true,"href":"https:\/\/www.suno.com.br\/noticias\/wp-json\/wp\/v2\/comments?post=343165"}],"version-history":[{"count":3,"href":"https:\/\/www.suno.com.br\/noticias\/wp-json\/wp\/v2\/posts\/343165\/revisions"}],"predecessor-version":[{"id":343332,"href":"https:\/\/www.suno.com.br\/noticias\/wp-json\/wp\/v2\/posts\/343165\/revisions\/343332"}],"wp:featuredmedia":[{"embeddable":true,"href":"https:\/\/www.suno.com.br\/noticias\/wp-json\/wp\/v2\/media\/337795"}],"wp:attachment":[{"href":"https:\/\/www.suno.com.br\/noticias\/wp-json\/wp\/v2\/media?parent=343165"}],"wp:term":[{"taxonomy":"category","embeddable":true,"href":"https:\/\/www.suno.com.br\/noticias\/wp-json\/wp\/v2\/categories?post=343165"},{"taxonomy":"post_tag","embeddable":true,"href":"https:\/\/www.suno.com.br\/noticias\/wp-json\/wp\/v2\/tags?post=343165"},{"taxonomy":"suno_strategy","embeddable":true,"href":"https:\/\/www.suno.com.br\/noticias\/wp-json\/wp\/v2\/suno_strategy?post=343165"}],"curies":[{"name":"wp","href":"https:\/\/api.w.org\/{rel}","templated":true}]}}