{"id":343000,"date":"2023-01-09T07:28:17","date_gmt":"2023-01-09T10:28:17","guid":{"rendered":"https:\/\/www.suno.com.br\/noticias\/?p=343000"},"modified":"2023-01-09T14:18:57","modified_gmt":"2023-01-09T17:18:57","slug":"ibaneis-rocha-governador-df-afastado-alexandre-moraes","status":"publish","type":"post","link":"https:\/\/www.suno.com.br\/noticias\/ibaneis-rocha-governador-df-afastado-alexandre-moraes\/","title":{"rendered":"Ibaneis Rocha, governador do DF, \u00e9 afastado por Alexandre de Moraes"},"content":{"rendered":"<p>Durante a madrugada de domingo (8) para segunda (9), o ministro do Supremo Tribunal Federal (STF), Alexandre de Moraes, determinou o afastamento de <a href=\"https:\/\/www.suno.com.br\/noticias\/governador-exonera-secretario-seguranca-df\/\" target=\"_blank\" rel=\"noreferrer noopener\"><strong>Ibaneis Rocha<\/strong> (MDB)<\/a>, governador do Distrito Federal (DF) por 90 dias.<\/p><div class=\"videoFull \">\n\t\t\t<div class=\"videoWrapper yt-lazyload center\"\n\t\t\t\tdata-width=\"960\"\n\t\t\t\tdata-height=\"540\"\n\t\t\t\tdata-id=\"q_X4x3VqJEY\"\n\t\t\t\tdata-alt=\"V\u00eddeo do YouTube - clique para reproduzir\"\n\t\t\t\tdata-logo=\"3\"\n\t\t\t\tdata-imagequality=\"maxres\">\n\t\t\t<\/div>\n\t\t<\/div><script type=\"application\/ld+json\">{\"@context\":\"https:\/\/schema.org\",\"@type\":\"VideoObject\",\"name\":\"EXTREMISTAS INVADEM CONGRESSO, PAL\u00c1CIO DO PLANALTO E STF | Lula decreta interven\u00e7\u00e3o federal\",\"description\":\"#investimentos #mercadofinanceiro #ibovespa #dinheiro #bolsadevalores #investidores #lula #pol\u00edtica #economia #congressonacional #stf #distritofederal #brasilia #morningcall \ud83d\udea8\ud83d\udcb8\ud835\udc01\ud835\udc1a\ud835\udc22\ud835\udc31\ud835\udc1e \ud835\udc28 \ud835\udc20\ud835\udc2e\ud835\udc22\ud835\udc1a \"\ud835\udc02\ud835\udc28\ud835\udc26\ud835\udc28 \ud835\udc22\ud835\udc27\ud835\udc2f\ud835\udc1e\ud835\udc2c\ud835\udc2d\ud835\udc22\ud835\udc2b \ud835\udc1e\ud835\udc26 \ud835\udfd0\ud835\udfce\ud835\udfd0\ud835\udfd1\" \ud835\udc27\ud835\udc28 \ud835\udc25\ud835\udc22\ud835\udc27\ud835\udc24 \ud83d\udc47 https:\/\/lp.suno.com.br\/cl\/sr-guia-como-investir-em-2023\/?utm_source=youtube.noticias&utm_medium=live&utm_campaign=N\/A.ns.20230106&utm_content=ytnoticias.morning.09012023 #Not\u00edciasdoDia #Not\u00edcias \ud83d\udd34\ud835\udc08\ud835\udc0d\ud835\udc12\ud835\udc02\ud835\udc11\ud835\udc04\ud835\udc15\ud835\udc00-\ud835\udc12\ud835\udc04 \ud835\udc0d\ud835\udc0e \ud835\udc02\ud835\udc00\ud835\udc0d\ud835\udc00\ud835\udc0b \ud835\udc04 \ud835\udc00\ud835\udc13\ud835\udc08\ud835\udc15\ud835\udc04 \ud835\udc0e \ud835\udc12\ud835\udc08\ud835\udc0d\ud835\udc0e \ud83d\udc47 https:\/\/bit.ly\/INSCREVA-SEATIVEOSINO \ud83d\udcda \ud835\udfcf\ud835\udfce \ud835\udc0b\ud835\udc22\ud835\udc2f\ud835\udc2b\ud835\udc28\ud835\udc2c \ud835\udc2a\ud835\udc2e\ud835\udc1e \ud835\udc13\ud835\udc28\ud835\udc1d\ud835\udc28 \ud835\udc08\ud835\udc27\ud835\udc2f\ud835\udc1e\ud835\udc2c\ud835\udc2d\ud835\udc22\ud835\udc1d\ud835\udc28\ud835\udc2b \ud835\udc1d\ud835\udc1e\ud835\udc2f\ud835\udc1e\ud835\udc2b\ud835\udc22\ud835\udc1a \ud835\udc0b\ud835\udc1e\ud835\udc2b\ud83d\udc47 https:\/\/lp.suno.com.br\/ebook-10-livros\/?utm_source=youtube.noticias&utm_medium=video&utm_campaign=ebook10livrosparainvestidores.20230105&utm_content=youtube.noticias.05012023 \ud83d\udcda \ud83d\udcb8 \ud83d\udcca \ud835\udde3\ud835\udddf\ud835\uddd4\ud835\udde1\ud835\udddc\ud835\udddf\ud835\udddb\ud835\uddd4 \ud835\uddd7\ud835\uddd8 \ud835\uddd6\ud835\udde2\ud835\udde1\ud835\udde7\ud835\udde5\ud835\udde2\ud835\udddf\ud835\uddd8 \ud835\uddd9\ud835\udddc\ud835\udde1\ud835\uddd4\ud835\udde1\ud835\uddd6\ud835\uddd8\ud835\udddc\ud835\udde5\ud835\udde2: \ud835\uddd5\ud835\uddee\ud835\uddf6\ud835\ude05\ud835\uddf2 \ud835\uddee \ud835\uddfd\ud835\uddf9\ud835\uddee\ud835\uddfb\ud835\uddf6\ud835\uddf9\ud835\uddf5\ud835\uddee\u2026\",\"duration\":\"PT49M41S\",\"embedUrl\":\"https:\/\/www.youtube.com\/embed\/q_X4x3VqJEY\",\"regionsAllowed\":\"pt-BR\",\"interactionStatistic\":{\"@type\":\"InteractionCounter\",\"interactionType\":{\"@type\":\"WatchAction\"},\"userInteractionCount\":4649},\"thumbnailUrl\":\"https:\/\/i.ytimg.com\/vi\/q_X4x3VqJEY\/default.jpg\",\"uploadDate\":\"2023-01-09T12:59:30Z\"}<\/script>\n\n\n\n\n\t<p>\n\t\t<a href=\"\" target=\"_blank\" data-element=\"shortcode-suno-banner\" title=\"Banner SUNO, clique e saiba mais\">\n\t\t\t<picture>\n\t\t\t\t<source media=\"(max-width: 500px)\" srcset=\"\">\n\t\t\t\t<img class=\"newsContent__article__imgCapa newsContent__article__imgCapa--banner\"\n\t\t\t\t\tsrc=\"\"\n\t\t\t\t\tdata-promo-id=\"240038\"\t\t\t\t\t\t\t\t\t\t\t\t\t\t\talt=\"\"\n\t\t\t\t>\n\t\t\t<\/picture>\n\t\t<\/a>\n\t<\/p>\n\n\n\n\n\n<p>O <strong><a href=\"https:\/\/portal.stf.jus.br\/\" target=\"_blank\" rel=\"noreferrer noopener\">ministro do STF<\/a><\/strong> destacou que &#8220;o descaso e coniv\u00eancia&#8221; de Ibaneis &#8220;com qualquer planejamento que garantisse a seguran\u00e7a e a ordem&#8221; foram justificativas cab\u00edveis para o afastamento.<\/p>\n\n\n\n<p>Na mesma decis\u00e3o, <a href=\"https:\/\/www.suno.com.br\/noticias\/moraes-acao-pl-multa\/\" target=\"_blank\" rel=\"noreferrer noopener\"><strong>Alexandre de Moraes<\/strong> <\/a>determinou a inclus\u00e3o de Ibaneis e do secret\u00e1rio de seguran\u00e7a &#8211; rec\u00e9m exonerado &#8211; Anderson Torres em inqu\u00e9rito que investiga atos antidemocr\u00e1ticos.<\/p>\n\n\n\n<p>Moraes tamb\u00e9m deu carta branca para uso da for\u00e7a na desmobiliza\u00e7\u00e3o de acampamentos em <strong>Bras\u00edlia<\/strong>, autorizando o uso da for\u00e7a. <\/p>\n\n\n\n<p>O ministro deu 24 horas para que as for\u00e7as policiais retirem os manifestantes do Quartel General de Bras\u00edlia, sob pena de responsabiliza\u00e7\u00e3o de comandantes e tamb\u00e9m do Ministro da Defesa.<\/p>\n\n\n\n\t<div data-element=\"shortcode-read-more\" class=\"readToo\">\n\t\t\t\t<span class=\"readToo__title\">Leia mais<\/span>\n\t\t\t\t<ul class=\"readToo__list\">\n\t\t\t<li><a href=\"https:\/\/www.suno.com.br\/noticias\/extremistas-manifestantes-stf-brasilia-palacio-planalto\/\">Extremistas destroem instala\u00e7\u00f5es no STF e gabinetes no Pal\u00e1cio do Planalto; veja imagens<\/a><\/li><li><a href=\"https:\/\/www.suno.com.br\/noticias\/lula-intervencao-federal-distrito-federal-brasilia-invasoes\/\">Lula decreta interven\u00e7\u00e3o federal na seguran\u00e7a p\u00fablica do Distrito Federal<\/a><\/li>\t\t<\/ul>\n\t<\/div>\n\n\n\n\n<p>Em sua decis\u00e3o sobre os <strong><a href=\"https:\/\/www.suno.com.br\/noticias\/lideres-internacionais-condenam-invasao-brasilia\/\" target=\"_blank\" rel=\"noreferrer noopener\">v\u00e2ndalos em Bras\u00edlia<\/a><\/strong>, Moraes citou o ditador Adolf Hitler e declarou que &#8220;todos ser\u00e3o responsabilizados civil, pol\u00edtica e criminalmente pelos atos atentat\u00f3rios \u00e0 democracia.<\/p>\n\n\n\n<p>\u201cA Democracia brasileira n\u00e3o ir\u00e1 mais suportar a ign\u00f3bil politica de apaziguamento, cujo fracasso foi amplamente demonstrado na tentativa de acordo do ent\u00e3o primeiro-ministro ingl\u00eas Neville Chamberlain com Adolf Hitler\u201d, escreveu o <strong>ministro do STF<\/strong>.<\/p>\n\n\n\n<p>\u201cOs agentes p\u00fablicos (atuais e anteriores) que continuarem a ser portar dolosamente dessa maneira, pactuando covardemente com a quebra da Democracia e a instala\u00e7\u00e3o de um estado de exce\u00e7\u00e3o, ser\u00e3o responsabilizados, pois como ensinava Winston Churchill, \u2018um apaziguador \u00e9 algu\u00e9m que alimenta um crocodilo esperando ser o \u00faltimo a ser devorado&#8221;, seguiu, em documento.<\/p>\n\n\n\t<p>\n\t\t<a href=\"https:\/\/lp.suno.com.br\/planilha-controle-gastos\/\" target=\"_blank\" data-element=\"shortcode-suno-banner\" title=\"Banner SUNO, clique e saiba mais\">\n\t\t\t<picture>\n\t\t\t\t<source media=\"(max-width: 500px)\" srcset=\"https:\/\/files.sunoresearch.com.br\/n\/uploads\/2023\/03\/400x300-Planilha-controle-de-gastos.png\">\n\t\t\t\t<img class=\"newsContent__article__imgCapa newsContent__article__imgCapa--banner\"\n\t\t\t\t\tsrc=\"https:\/\/files.sunoresearch.com.br\/n\/uploads\/2023\/03\/1420x240-Planilha-controle-de-gastos.png\"\n\t\t\t\t\tdata-promo-id=\"101751\"\t\t\t\t\t\t\t\t\t\twidth='1420' height='240'\t\t\t\t\talt=\"https:\/\/files.sunoresearch.com.br\/n\/uploads\/2023\/03\/1420x240-Planilha-controle-de-gastos.png\"\n\t\t\t\t>\n\t\t\t<\/picture>\n\t\t<\/a>\n\t<\/p>\n\n\n\n\n\n<h2 class=\"wp-block-heading\" id=\"h-ibaneis-havia-pedido-desculpas-publicas-horas-antes\">Ibaneis havia pedido desculpas p\u00fablicas horas antes<\/h2>\n\n\n\n<p> Sofrendo press\u00e3o pol\u00edtica ao longo do dia por conta das <strong>manifesta\u00e7\u00f5es de radicais<\/strong>, Ibaneis Rocha havia se pronunciado horas antes da decis\u00e3o de afastamento.<\/p>\n\n\n\n<p>&#8220;Venho informar que mais de 400 pessoas j\u00e1 foram presas e pagar\u00e3o pelos crimes cometidos. Continuamos trabalhando para identificar todas as outras que participaram desses atos terroristas na tarde de hoje no Distrito Federal. Seguimos trabalhando para que a ordem se restabele\u00e7a&#8221;, disse.<\/p>\n\n\n\n<p>Al\u00e9m disso, o <strong>governador do Distrito Federal<\/strong> pediu desculpas se dirigindo \u00e0 <strong>Lula<\/strong> (PT) e aos l\u00edderes da C\u00e2mara e no Senado. Ibaneis disse que o que ocorreu foi &#8220;inaceit\u00e1vel&#8221;.<\/p>\n\n\n\n<figure class=\"wp-block-embed is-type-rich is-provider-twitter wp-block-embed-twitter\"><div class=\"wp-block-embed__wrapper\">\n<blockquote class=\"twitter-tweet\" data-width=\"550\" data-dnt=\"true\"><p lang=\"pt\" dir=\"ltr\">V\u00eddeo oficial na \u00edntegra. <a href=\"https:\/\/t.co\/lv6NTXkS0k\">pic.twitter.com\/lv6NTXkS0k<\/a><\/p>&mdash; Ibaneis Rocha (@IbaneisOficial) <a href=\"https:\/\/twitter.com\/IbaneisOficial\/status\/1612230260791148544?ref_src=twsrc%5Etfw\">January 8, 2023<\/a><\/blockquote>\n<\/div><\/figure>\n\n\n\n<p>Ibaneis<strong> <\/strong>havia exonerado o Secret\u00e1rio de Seguran\u00e7a do Distrito Federal mais cedo, mas seguiu sofrendo press\u00e3o pol\u00edtica pelo fato de os manifestantes terem tido \u00eaxito em invadir as instala\u00e7\u00f5es dos tr\u00eas poderes em Bras\u00edlia e <a href=\"https:\/\/www.suno.com.br\/noticias\/extremistas-manifestantes-stf-brasilia-palacio-planalto\/\" target=\"_blank\" rel=\"noreferrer noopener\">depredarem m\u00f3veis, obras de artes e outros itens<\/a>.<\/p>\n\n\n\n<p>Nesta segunda, <strong>Ibaneis<\/strong> divulgou nota dizendo que repudia a barb\u00e1rie da invas\u00e3o aos Tr\u00eas Poderes em Bras\u00edlia e qie defende responsabilizar a rede de financiamento dos atos terroristas:<br><br><br><\/p>\n\n\n\n<figure class=\"wp-block-embed is-type-rich is-provider-twitter wp-block-embed-twitter\"><div class=\"wp-block-embed__wrapper\">\n<blockquote class=\"twitter-tweet\" data-width=\"550\" data-dnt=\"true\"><p lang=\"es\" dir=\"ltr\">Nota oficial. <a href=\"https:\/\/t.co\/jgy6T5ovZk\">pic.twitter.com\/jgy6T5ovZk<\/a><\/p>&mdash; Ibaneis Rocha (@IbaneisOficial) <a href=\"https:\/\/twitter.com\/IbaneisOficial\/status\/1612485012238045191?ref_src=twsrc%5Etfw\">January 9, 2023<\/a><\/blockquote>\n<\/div><\/figure>\n\n\n\t<p>\n\t\t<a href=\"https:\/\/lp.suno.com.br\/planilha-da-vida-financeira\/\" target=\"_blank\" data-element=\"shortcode-suno-banner\" title=\"Banner SUNO, clique e saiba mais\">\n\t\t\t<picture>\n\t\t\t\t<source media=\"(max-width: 500px)\" srcset=\"https:\/\/files.sunoresearch.com.br\/n\/uploads\/2023\/04\/400x300-Planilha-vida-financeira-true.png\">\n\t\t\t\t<img class=\"newsContent__article__imgCapa newsContent__article__imgCapa--banner\"\n\t\t\t\t\tsrc=\"https:\/\/files.sunoresearch.com.br\/n\/uploads\/2023\/04\/1420x240-Planilha-vida-financeira-true.png\"\n\t\t\t\t\tdata-promo-id=\"106682\"\t\t\t\t\t\t\t\t\t\twidth='1420' height='240'\t\t\t\t\talt=\"https:\/\/files.sunoresearch.com.br\/n\/uploads\/2023\/04\/1420x240-Planilha-vida-financeira-true.png\"\n\t\t\t\t>\n\t\t\t<\/picture>\n\t\t<\/a>\n\t<\/p>\n\n\n","protected":false},"excerpt":{"rendered":"<p>Durante a madrugada de domingo (8) para segunda (9), o ministro do Supremo Tribunal Federal (STF), Alexandre de Moraes, determinou o afastamento de Ibaneis Rocha (MDB), governador do Distrito Federal (DF) por 90 dias. O ministro do STF destacou que &#8220;o descaso e coniv\u00eancia&#8221; de Ibaneis &#8220;com qualquer planejamento que garantisse a seguran\u00e7a e a [&hellip;]<\/p>\n","protected":false},"author":73,"featured_media":342870,"comment_status":"closed","ping_status":"closed","sticky":false,"template":"","format":"standard","meta":[],"categories":[61],"tags":[785],"suno_strategy":[],"class_list":["post-343000","post","type-post","status-publish","format-standard","has-post-thumbnail","hentry","category-politica","tag-supremo-tribunal-federal-stf"],"yoast_head":"<!-- This site is optimized with the Yoast SEO plugin v24.4 - https:\/\/yoast.com\/wordpress\/plugins\/seo\/ -->\n<title>Ibaneis Rocha, governador do DF, \u00e9 afastado por Alexandre de Moraes<\/title>\n<meta name=\"description\" content=\"Ap\u00f3s os atos com v\u00e2ndalos em Bras\u00edlia no domingo (8), o ministro do STF deu ordem que afastou o Ibaneis por 90 dias. Clique e confira!\" \/>\n<meta name=\"robots\" content=\"index, follow, max-snippet:-1, max-image-preview:large, max-video-preview:-1\" \/>\n<link rel=\"canonical\" href=\"https:\/\/www.suno.com.br\/noticias\/ibaneis-rocha-governador-df-afastado-alexandre-moraes\/\" \/>\n<meta property=\"og:locale\" content=\"pt_BR\" \/>\n<meta property=\"og:type\" content=\"article\" \/>\n<meta property=\"og:title\" content=\"Ibaneis Rocha, governador do DF, \u00e9 afastado por Alexandre de Moraes\" \/>\n<meta property=\"og:description\" content=\"Ap\u00f3s os atos com v\u00e2ndalos em Bras\u00edlia no domingo (8), o ministro do STF deu ordem que afastou o Ibaneis por 90 dias. Clique e confira!\" \/>\n<meta property=\"og:url\" content=\"https:\/\/www.suno.com.br\/noticias\/ibaneis-rocha-governador-df-afastado-alexandre-moraes\/\" \/>\n<meta property=\"og:site_name\" content=\"Suno Not\u00edcias\" \/>\n<meta property=\"article:publisher\" content=\"https:\/\/facebook.com\/sunoresearch\" \/>\n<meta property=\"og:image\" content=\"https:\/\/files.sunoresearch.com.br\/n\/uploads\/2023\/01\/Ibaneiis-Rocha.jpg\" \/>\n\t<meta property=\"og:image:width\" content=\"1350\" \/>\n\t<meta property=\"og:image:height\" content=\"808\" \/>\n\t<meta property=\"og:image:type\" content=\"image\/jpeg\" \/>\n<meta name=\"author\" content=\"Eduardo Vargas\" \/>\n<meta name=\"twitter:card\" content=\"summary_large_image\" \/>\n<meta name=\"twitter:creator\" content=\"@sunoresearch\" \/>\n<meta name=\"twitter:site\" content=\"@sunoresearch\" \/>\n<meta name=\"twitter:label1\" content=\"Escrito por\" \/>\n\t<meta name=\"twitter:data1\" content=\"Eduardo Vargas\" \/>\n\t<meta name=\"twitter:label2\" content=\"Est. tempo de leitura\" \/>\n\t<meta name=\"twitter:data2\" content=\"3 minutos\" \/>\n<script type=\"application\/ld+json\" class=\"yoast-schema-graph\">{\"@context\":\"https:\/\/schema.org\",\"@graph\":[{\"@type\":\"NewsArticle\",\"@id\":\"https:\/\/www.suno.com.br\/noticias\/ibaneis-rocha-governador-df-afastado-alexandre-moraes\/#article\",\"isPartOf\":{\"@id\":\"https:\/\/www.suno.com.br\/noticias\/ibaneis-rocha-governador-df-afastado-alexandre-moraes\/\"},\"author\":{\"name\":\"Eduardo Vargas\",\"@id\":\"https:\/\/www.suno.com.br\/noticias\/#\/schema\/person\/7f4d362bf3518e76090143ae77bb49a5\"},\"headline\":\"Ibaneis Rocha, governador do DF, \u00e9 afastado por Alexandre de Moraes\",\"datePublished\":\"2023-01-09T10:28:17+00:00\",\"dateModified\":\"2023-01-09T17:18:57+00:00\",\"mainEntityOfPage\":{\"@id\":\"https:\/\/www.suno.com.br\/noticias\/ibaneis-rocha-governador-df-afastado-alexandre-moraes\/\"},\"wordCount\":519,\"publisher\":{\"@id\":\"https:\/\/www.suno.com.br\/noticias\/#organization\"},\"image\":{\"@id\":\"https:\/\/www.suno.com.br\/noticias\/ibaneis-rocha-governador-df-afastado-alexandre-moraes\/#primaryimage\"},\"thumbnailUrl\":\"https:\/\/files.sunoresearch.com.br\/n\/uploads\/2023\/01\/Ibaneiis-Rocha.jpg\",\"keywords\":[\"Supremo Tribunal Federal (STF)\"],\"articleSection\":[\"Pol\u00edtica\"],\"inLanguage\":\"pt-BR\"},{\"@type\":\"WebPage\",\"@id\":\"https:\/\/www.suno.com.br\/noticias\/ibaneis-rocha-governador-df-afastado-alexandre-moraes\/\",\"url\":\"https:\/\/www.suno.com.br\/noticias\/ibaneis-rocha-governador-df-afastado-alexandre-moraes\/\",\"name\":\"Ibaneis Rocha, governador do DF, \u00e9 afastado por Alexandre de Moraes\",\"isPartOf\":{\"@id\":\"https:\/\/www.suno.com.br\/noticias\/#website\"},\"primaryImageOfPage\":{\"@id\":\"https:\/\/www.suno.com.br\/noticias\/ibaneis-rocha-governador-df-afastado-alexandre-moraes\/#primaryimage\"},\"image\":{\"@id\":\"https:\/\/www.suno.com.br\/noticias\/ibaneis-rocha-governador-df-afastado-alexandre-moraes\/#primaryimage\"},\"thumbnailUrl\":\"https:\/\/files.sunoresearch.com.br\/n\/uploads\/2023\/01\/Ibaneiis-Rocha.jpg\",\"datePublished\":\"2023-01-09T10:28:17+00:00\",\"dateModified\":\"2023-01-09T17:18:57+00:00\",\"description\":\"Ap\u00f3s os atos com v\u00e2ndalos em Bras\u00edlia no domingo (8), o ministro do STF deu ordem que afastou o Ibaneis por 90 dias. Clique e confira!\",\"breadcrumb\":{\"@id\":\"https:\/\/www.suno.com.br\/noticias\/ibaneis-rocha-governador-df-afastado-alexandre-moraes\/#breadcrumb\"},\"inLanguage\":\"pt-BR\",\"potentialAction\":[{\"@type\":\"ReadAction\",\"target\":[\"https:\/\/www.suno.com.br\/noticias\/ibaneis-rocha-governador-df-afastado-alexandre-moraes\/\"]}]},{\"@type\":\"ImageObject\",\"inLanguage\":\"pt-BR\",\"@id\":\"https:\/\/www.suno.com.br\/noticias\/ibaneis-rocha-governador-df-afastado-alexandre-moraes\/#primaryimage\",\"url\":\"https:\/\/files.sunoresearch.com.br\/n\/uploads\/2023\/01\/Ibaneiis-Rocha.jpg\",\"contentUrl\":\"https:\/\/files.sunoresearch.com.br\/n\/uploads\/2023\/01\/Ibaneiis-Rocha.jpg\",\"width\":1350,\"height\":808,\"caption\":\"Ibaneis Rocha. Foto: Marcelo Camargo\/Ag\u00eancia Brasil\"},{\"@type\":\"BreadcrumbList\",\"@id\":\"https:\/\/www.suno.com.br\/noticias\/ibaneis-rocha-governador-df-afastado-alexandre-moraes\/#breadcrumb\",\"itemListElement\":[{\"@type\":\"ListItem\",\"position\":1,\"name\":\"Not\u00edcias\",\"item\":\"https:\/\/www.suno.com.br\/noticias\/\"},{\"@type\":\"ListItem\",\"position\":2,\"name\":\"Pol\u00edtica\",\"item\":\"https:\/\/www.suno.com.br\/noticias\/politica\/\"},{\"@type\":\"ListItem\",\"position\":3,\"name\":\"Ibaneis Rocha, governador do DF, \u00e9 afastado por Alexandre de Moraes\"}]},{\"@type\":\"WebSite\",\"@id\":\"https:\/\/www.suno.com.br\/noticias\/#website\",\"url\":\"https:\/\/www.suno.com.br\/noticias\/\",\"name\":\"Suno Not\u00edcias\",\"description\":\"Seu portal de informa\u00e7\u00e3o sobre o mundo dos investimentos\",\"publisher\":{\"@id\":\"https:\/\/www.suno.com.br\/noticias\/#organization\"},\"potentialAction\":[{\"@type\":\"SearchAction\",\"target\":{\"@type\":\"EntryPoint\",\"urlTemplate\":\"https:\/\/www.suno.com.br\/noticias\/?s={search_term_string}\"},\"query-input\":{\"@type\":\"PropertyValueSpecification\",\"valueRequired\":true,\"valueName\":\"search_term_string\"}}],\"inLanguage\":\"pt-BR\"},{\"@type\":\"Organization\",\"@id\":\"https:\/\/www.suno.com.br\/noticias\/#organization\",\"name\":\"Suno Not\u00edcias\",\"url\":\"https:\/\/www.suno.com.br\/noticias\/\",\"logo\":{\"@type\":\"ImageObject\",\"inLanguage\":\"pt-BR\",\"@id\":\"https:\/\/www.suno.com.br\/noticias\/#\/schema\/logo\/image\/\",\"url\":\"https:\/\/files.sunoresearch.com.br\/n\/uploads\/2021\/09\/suno-logo.png\",\"contentUrl\":\"https:\/\/files.sunoresearch.com.br\/n\/uploads\/2021\/09\/suno-logo.png\",\"width\":180,\"height\":180,\"caption\":\"Suno Not\u00edcias\"},\"image\":{\"@id\":\"https:\/\/www.suno.com.br\/noticias\/#\/schema\/logo\/image\/\"},\"sameAs\":[\"https:\/\/facebook.com\/sunoresearch\",\"https:\/\/x.com\/sunoresearch\",\"https:\/\/www.instagram.com\/suno\",\"https:\/\/www.linkedin.com\/company\/suno-research\/\",\"https:\/\/www.youtube.com\/c\/sunoresearch\"]},{\"@type\":\"Person\",\"@id\":\"https:\/\/www.suno.com.br\/noticias\/#\/schema\/person\/7f4d362bf3518e76090143ae77bb49a5\",\"name\":\"Eduardo Vargas\",\"image\":{\"@type\":\"ImageObject\",\"inLanguage\":\"pt-BR\",\"@id\":\"https:\/\/www.suno.com.br\/noticias\/#\/schema\/person\/image\/\",\"url\":\"https:\/\/secure.gravatar.com\/avatar\/dac340933427a22924c9f99d1eb2e3f2?s=96&r=g\",\"contentUrl\":\"https:\/\/secure.gravatar.com\/avatar\/dac340933427a22924c9f99d1eb2e3f2?s=96&r=g\",\"caption\":\"Eduardo Vargas\"},\"description\":\"Jornalista formado pela UFSC, cobre macroeconomia, neg\u00f3cios e startups para o Suno Not\u00edcias, escrevendo principalmente not\u00edcias sobre o mercado financeiro e a bolsa de valores. No YouTube e no Instagram, \u00e9 respons\u00e1vel pela produ\u00e7\u00e3o de Reels e Shorts do Suno Not\u00edcias. Anteriormente, trabalhou cobrindo economia e cotidiano no ND+ e para o ND, maior jornal impresso de Santa Catarina. Cursou um semestre letivo de Estudos de M\u00eddia na Universidad de Buenos Aires.\",\"url\":\"https:\/\/www.suno.com.br\/noticias\/author\/eduardo-vargas\/\"}]}<\/script>\n<!-- \/ Yoast SEO plugin. -->","yoast_head_json":{"title":"Ibaneis Rocha, governador do DF, \u00e9 afastado por Alexandre de Moraes","description":"Ap\u00f3s os atos com v\u00e2ndalos em Bras\u00edlia no domingo (8), o ministro do STF deu ordem que afastou o Ibaneis por 90 dias. Clique e confira!","robots":{"index":"index","follow":"follow","max-snippet":"max-snippet:-1","max-image-preview":"max-image-preview:large","max-video-preview":"max-video-preview:-1"},"canonical":"https:\/\/www.suno.com.br\/noticias\/ibaneis-rocha-governador-df-afastado-alexandre-moraes\/","og_locale":"pt_BR","og_type":"article","og_title":"Ibaneis Rocha, governador do DF, \u00e9 afastado por Alexandre de Moraes","og_description":"Ap\u00f3s os atos com v\u00e2ndalos em Bras\u00edlia no domingo (8), o ministro do STF deu ordem que afastou o Ibaneis por 90 dias. Clique e confira!","og_url":"https:\/\/www.suno.com.br\/noticias\/ibaneis-rocha-governador-df-afastado-alexandre-moraes\/","og_site_name":"Suno Not\u00edcias","article_publisher":"https:\/\/facebook.com\/sunoresearch","og_image":[{"width":1350,"height":808,"url":"https:\/\/files.sunoresearch.com.br\/n\/uploads\/2023\/01\/Ibaneiis-Rocha.jpg","type":"image\/jpeg"}],"author":"Eduardo Vargas","twitter_card":"summary_large_image","twitter_creator":"@sunoresearch","twitter_site":"@sunoresearch","twitter_misc":{"Escrito por":"Eduardo Vargas","Est. tempo de leitura":"3 minutos"},"schema":{"@context":"https:\/\/schema.org","@graph":[{"@type":"NewsArticle","@id":"https:\/\/www.suno.com.br\/noticias\/ibaneis-rocha-governador-df-afastado-alexandre-moraes\/#article","isPartOf":{"@id":"https:\/\/www.suno.com.br\/noticias\/ibaneis-rocha-governador-df-afastado-alexandre-moraes\/"},"author":{"name":"Eduardo Vargas","@id":"https:\/\/www.suno.com.br\/noticias\/#\/schema\/person\/7f4d362bf3518e76090143ae77bb49a5"},"headline":"Ibaneis Rocha, governador do DF, \u00e9 afastado por Alexandre de Moraes","datePublished":"2023-01-09T10:28:17+00:00","dateModified":"2023-01-09T17:18:57+00:00","mainEntityOfPage":{"@id":"https:\/\/www.suno.com.br\/noticias\/ibaneis-rocha-governador-df-afastado-alexandre-moraes\/"},"wordCount":519,"publisher":{"@id":"https:\/\/www.suno.com.br\/noticias\/#organization"},"image":{"@id":"https:\/\/www.suno.com.br\/noticias\/ibaneis-rocha-governador-df-afastado-alexandre-moraes\/#primaryimage"},"thumbnailUrl":"https:\/\/files.sunoresearch.com.br\/n\/uploads\/2023\/01\/Ibaneiis-Rocha.jpg","keywords":["Supremo Tribunal Federal (STF)"],"articleSection":["Pol\u00edtica"],"inLanguage":"pt-BR"},{"@type":"WebPage","@id":"https:\/\/www.suno.com.br\/noticias\/ibaneis-rocha-governador-df-afastado-alexandre-moraes\/","url":"https:\/\/www.suno.com.br\/noticias\/ibaneis-rocha-governador-df-afastado-alexandre-moraes\/","name":"Ibaneis Rocha, governador do DF, \u00e9 afastado por Alexandre de Moraes","isPartOf":{"@id":"https:\/\/www.suno.com.br\/noticias\/#website"},"primaryImageOfPage":{"@id":"https:\/\/www.suno.com.br\/noticias\/ibaneis-rocha-governador-df-afastado-alexandre-moraes\/#primaryimage"},"image":{"@id":"https:\/\/www.suno.com.br\/noticias\/ibaneis-rocha-governador-df-afastado-alexandre-moraes\/#primaryimage"},"thumbnailUrl":"https:\/\/files.sunoresearch.com.br\/n\/uploads\/2023\/01\/Ibaneiis-Rocha.jpg","datePublished":"2023-01-09T10:28:17+00:00","dateModified":"2023-01-09T17:18:57+00:00","description":"Ap\u00f3s os atos com v\u00e2ndalos em Bras\u00edlia no domingo (8), o ministro do STF deu ordem que afastou o Ibaneis por 90 dias. Clique e confira!","breadcrumb":{"@id":"https:\/\/www.suno.com.br\/noticias\/ibaneis-rocha-governador-df-afastado-alexandre-moraes\/#breadcrumb"},"inLanguage":"pt-BR","potentialAction":[{"@type":"ReadAction","target":["https:\/\/www.suno.com.br\/noticias\/ibaneis-rocha-governador-df-afastado-alexandre-moraes\/"]}]},{"@type":"ImageObject","inLanguage":"pt-BR","@id":"https:\/\/www.suno.com.br\/noticias\/ibaneis-rocha-governador-df-afastado-alexandre-moraes\/#primaryimage","url":"https:\/\/files.sunoresearch.com.br\/n\/uploads\/2023\/01\/Ibaneiis-Rocha.jpg","contentUrl":"https:\/\/files.sunoresearch.com.br\/n\/uploads\/2023\/01\/Ibaneiis-Rocha.jpg","width":1350,"height":808,"caption":"Ibaneis Rocha. Foto: Marcelo Camargo\/Ag\u00eancia Brasil"},{"@type":"BreadcrumbList","@id":"https:\/\/www.suno.com.br\/noticias\/ibaneis-rocha-governador-df-afastado-alexandre-moraes\/#breadcrumb","itemListElement":[{"@type":"ListItem","position":1,"name":"Not\u00edcias","item":"https:\/\/www.suno.com.br\/noticias\/"},{"@type":"ListItem","position":2,"name":"Pol\u00edtica","item":"https:\/\/www.suno.com.br\/noticias\/politica\/"},{"@type":"ListItem","position":3,"name":"Ibaneis Rocha, governador do DF, \u00e9 afastado por Alexandre de Moraes"}]},{"@type":"WebSite","@id":"https:\/\/www.suno.com.br\/noticias\/#website","url":"https:\/\/www.suno.com.br\/noticias\/","name":"Suno Not\u00edcias","description":"Seu portal de informa\u00e7\u00e3o sobre o mundo dos investimentos","publisher":{"@id":"https:\/\/www.suno.com.br\/noticias\/#organization"},"potentialAction":[{"@type":"SearchAction","target":{"@type":"EntryPoint","urlTemplate":"https:\/\/www.suno.com.br\/noticias\/?s={search_term_string}"},"query-input":{"@type":"PropertyValueSpecification","valueRequired":true,"valueName":"search_term_string"}}],"inLanguage":"pt-BR"},{"@type":"Organization","@id":"https:\/\/www.suno.com.br\/noticias\/#organization","name":"Suno Not\u00edcias","url":"https:\/\/www.suno.com.br\/noticias\/","logo":{"@type":"ImageObject","inLanguage":"pt-BR","@id":"https:\/\/www.suno.com.br\/noticias\/#\/schema\/logo\/image\/","url":"https:\/\/files.sunoresearch.com.br\/n\/uploads\/2021\/09\/suno-logo.png","contentUrl":"https:\/\/files.sunoresearch.com.br\/n\/uploads\/2021\/09\/suno-logo.png","width":180,"height":180,"caption":"Suno Not\u00edcias"},"image":{"@id":"https:\/\/www.suno.com.br\/noticias\/#\/schema\/logo\/image\/"},"sameAs":["https:\/\/facebook.com\/sunoresearch","https:\/\/x.com\/sunoresearch","https:\/\/www.instagram.com\/suno","https:\/\/www.linkedin.com\/company\/suno-research\/","https:\/\/www.youtube.com\/c\/sunoresearch"]},{"@type":"Person","@id":"https:\/\/www.suno.com.br\/noticias\/#\/schema\/person\/7f4d362bf3518e76090143ae77bb49a5","name":"Eduardo Vargas","image":{"@type":"ImageObject","inLanguage":"pt-BR","@id":"https:\/\/www.suno.com.br\/noticias\/#\/schema\/person\/image\/","url":"https:\/\/secure.gravatar.com\/avatar\/dac340933427a22924c9f99d1eb2e3f2?s=96&r=g","contentUrl":"https:\/\/secure.gravatar.com\/avatar\/dac340933427a22924c9f99d1eb2e3f2?s=96&r=g","caption":"Eduardo Vargas"},"description":"Jornalista formado pela UFSC, cobre macroeconomia, neg\u00f3cios e startups para o Suno Not\u00edcias, escrevendo principalmente not\u00edcias sobre o mercado financeiro e a bolsa de valores. No YouTube e no Instagram, \u00e9 respons\u00e1vel pela produ\u00e7\u00e3o de Reels e Shorts do Suno Not\u00edcias. Anteriormente, trabalhou cobrindo economia e cotidiano no ND+ e para o ND, maior jornal impresso de Santa Catarina. Cursou um semestre letivo de Estudos de M\u00eddia na Universidad de Buenos Aires.","url":"https:\/\/www.suno.com.br\/noticias\/author\/eduardo-vargas\/"}]}},"default_loop_html":"<div class=\"cardsPage__listCard__boxs\"><div class=\"cardsPage__listCard__boxs__img\"><a href=\"https:\/\/www.suno.com.br\/noticias\/ibaneis-rocha-governador-df-afastado-alexandre-moraes\/\"><img class=\"mask\" src=\"https:\/\/www.suno.com.br\/noticias\/wp-content\/themes\/suno\/resources\/images\/spotlight\/spotlight1img\/bg-mask.png\" alt=\"Image Mask\"\/><img src=\"https:\/\/files.sunoresearch.com.br\/n\/uploads\/2023\/01\/Ibaneiis-Rocha-400x200.jpg\" alt=\"Ibaneis Rocha, governador do DF, \u00e9 afastado por Alexandre de Moraes\"\/><\/a><span class=\"spotlightCategory\"><a href=\"https:\/\/www.suno.com.br\/noticias\/politica\/\">Pol\u00edtica<\/a><\/span><\/div><div class=\"cardsPage__listCard__boxs__content\"><a href=\"https:\/\/www.suno.com.br\/noticias\/ibaneis-rocha-governador-df-afastado-alexandre-moraes\/\"><h2 class=\"content__title\">Ibaneis Rocha, governador do DF, \u00e9 afastado por Alexandre de Moraes<\/h2><\/a><div class=\"newsContent__article__meta\"><div class=\"newsContent__article__meta__authorBox\"><a href=\"https:\/\/www.suno.com.br\/noticias\/author\/gregory-prudenciano\/\" class=\"authorBox__avatar noMobi\"><img src=\"https:\/\/secure.gravatar.com\/avatar\/a1a3184084b4e5c438b40b55330461f8?s=96&#038;r=g\" alt=\"Gregory Prudenciano\"><\/a><div class=\"authorBox__name\"><span>por\n\t\t\t<a href=\"https:\/\/www.suno.com.br\/noticias\/author\/gregory-prudenciano\/\"><span itemprop=\"author\">Gregory Prudenciano<\/span><\/a><\/span><time datetime=\"2023-01-09T07:28:17-03:00\" itemprop=\"datePublished\">09\/01\/2023 07:28<\/time><\/div><\/div><\/div><\/div><\/div>","single_layout":"posts","amp_enabled":true,"_links":{"self":[{"href":"https:\/\/www.suno.com.br\/noticias\/wp-json\/wp\/v2\/posts\/343000"}],"collection":[{"href":"https:\/\/www.suno.com.br\/noticias\/wp-json\/wp\/v2\/posts"}],"about":[{"href":"https:\/\/www.suno.com.br\/noticias\/wp-json\/wp\/v2\/types\/post"}],"author":[{"embeddable":true,"href":"https:\/\/www.suno.com.br\/noticias\/wp-json\/wp\/v2\/users\/73"}],"replies":[{"embeddable":true,"href":"https:\/\/www.suno.com.br\/noticias\/wp-json\/wp\/v2\/comments?post=343000"}],"version-history":[{"count":2,"href":"https:\/\/www.suno.com.br\/noticias\/wp-json\/wp\/v2\/posts\/343000\/revisions"}],"predecessor-version":[{"id":343309,"href":"https:\/\/www.suno.com.br\/noticias\/wp-json\/wp\/v2\/posts\/343000\/revisions\/343309"}],"wp:featuredmedia":[{"embeddable":true,"href":"https:\/\/www.suno.com.br\/noticias\/wp-json\/wp\/v2\/media\/342870"}],"wp:attachment":[{"href":"https:\/\/www.suno.com.br\/noticias\/wp-json\/wp\/v2\/media?parent=343000"}],"wp:term":[{"taxonomy":"category","embeddable":true,"href":"https:\/\/www.suno.com.br\/noticias\/wp-json\/wp\/v2\/categories?post=343000"},{"taxonomy":"post_tag","embeddable":true,"href":"https:\/\/www.suno.com.br\/noticias\/wp-json\/wp\/v2\/tags?post=343000"},{"taxonomy":"suno_strategy","embeddable":true,"href":"https:\/\/www.suno.com.br\/noticias\/wp-json\/wp\/v2\/suno_strategy?post=343000"}],"curies":[{"name":"wp","href":"https:\/\/api.w.org\/{rel}","templated":true}]}}