{"id":342712,"date":"2023-01-08T18:48:14","date_gmt":"2023-01-08T21:48:14","guid":{"rendered":"https:\/\/www.suno.com.br\/noticias\/?p=342712"},"modified":"2023-01-08T19:50:19","modified_gmt":"2023-01-08T22:50:19","slug":"governador-exonera-secretario-seguranca-df","status":"publish","type":"post","link":"https:\/\/www.suno.com.br\/noticias\/governador-exonera-secretario-seguranca-df\/","title":{"rendered":"Governador Ibaneis Rocha exonera secret\u00e1rio de Seguran\u00e7a P\u00fablica do DF"},"content":{"rendered":"<p>O governador do Distrito Federal, Ibaneis Rocha (MDB), acabou de exonerar o<strong> secret\u00e1rio de Seguran\u00e7a P\u00fablica <\/strong>do Distrito Federal, Anderson Torres. O governador confirmou a decis\u00e3o na rede social Twitter. A determina\u00e7\u00e3o ocorreu minutos antes de o presidente Luiz In\u00e1cio Lula da Silva decretar interven\u00e7\u00e3o federal no governo do DF. <\/p>\t<div class=\"wrapper-featured-image\">\n\t\t<figure class=\"spotlightImg\">\n\n\t\t\t<picture>\n\t\t\t\t<source media=\"(max-width: 768px)\" srcset=\"https:\/\/files.sunoresearch.com.br\/n\/uploads\/2023\/01\/Ibaneiis-Rocha-400x200.jpg\">\n\t\t\t\t<img loading=\"lazy\" decoding=\"async\" class=\"newsContent__article__imgCapa lazyloadDisabled \" src=\"https:\/\/files.sunoresearch.com.br\/n\/uploads\/2023\/01\/Ibaneiis-Rocha-800x450.jpg\" width=\"800\" height=\"450\" alt=\"Governador Ibaneis Rocha exonera secret\u00e1rio de Seguran\u00e7a P\u00fablica do DF\" fetchpriority=high \/>\n\t\t\t<\/picture>\n\n\t\t\t<figcaption class=\"wp-caption-text wp-caption-text--show\">Ibaneis Rocha. Foto: Marcelo Camargo\/Ag\u00eancia Brasil<\/figcaption>\n\t\t<\/figure>\n\t<\/div>\n\n\n\n\n\n\n<p>\u201cDeterminei a exonera\u00e7\u00e3o do <strong>Secret\u00e1rio de Seguran\u00e7a DF<\/strong>, ao mesmo tempo em que coloquei todo o efetivo das for\u00e7as de seguran\u00e7a nas ruas, com determina\u00e7\u00e3o de prender e punir os respons\u00e1veis. Tamb\u00e9m solicitei apoio do governo federal e coloco o GDF [governo do Distrito Federal] \u00e0 disposi\u00e7\u00e3o do mesmo\u201d, escreveu o governador nas redes sociais. Ibaneis informou estar em Bras\u00edlia, monitorando as manifesta\u00e7\u00f5es e tomando todas as provid\u00eancias para \u201cconter a baderna antidemocr\u00e1tica na Esplanada dos Minist\u00e9rios\u201d, disse <strong>Ibaneis Rocha.<\/strong><\/p>\n\n\n\n<figure class=\"wp-block-embed is-type-rich is-provider-twitter wp-block-embed-twitter\"><div class=\"wp-block-embed__wrapper\">\n<blockquote class=\"twitter-tweet\" data-width=\"550\" data-dnt=\"true\"><p lang=\"pt\" dir=\"ltr\">Determinei a exonera\u00e7\u00e3o do Secret\u00e1rio de Seguran\u00e7a DF, ao mesmo tempo em que coloquei todo o efetivo das for\u00e7as de seguran\u00e7a nas ruas, com determina\u00e7\u00e3o de prender e punir os respons\u00e1veis.<br><br>Tamb\u00e9m solicitei apoio do governo federal e coloco o GDF \u00e0 disposi\u00e7\u00e3o do mesmo.<\/p>&mdash; Ibaneis Rocha (@IbaneisOficial) <a href=\"https:\/\/twitter.com\/IbaneisOficial\/status\/1612179567351066624?ref_src=twsrc%5Etfw\">January 8, 2023<\/a><\/blockquote>\n<\/div><\/figure>\n\n\n\n<p>H\u00e1 duas horas, Torres postou, na rede social Twitter, que tinha determinado \u201cprovid\u00eancias imediatas para o restabelecimento da ordem no <strong>centro de Bras\u00edlia<\/strong>\u201d. H\u00e1 cerca de meia hora, voltou a escrever, classificando de \u201cinconceb\u00edvel\u201d a desordem e o desrespeito \u00e0s institui\u00e7\u00f5es e dizendo que \u201ccriminosos n\u00e3o sair\u00e3o impunes\u201d.<\/p>\n\n\n\n<p>A <strong>exonera\u00e7\u00e3o do secret\u00e1rio de seguran\u00e7a<\/strong> ocorre ap\u00f3s o Partido Verde (PV) anunciar que pedir\u00e1 ao Supremo Tribunal Federal (STF) a interven\u00e7\u00e3o federal no Governo do Distrito Federal ap\u00f3s as <strong>manifesta\u00e7\u00f5es radicais no DF<\/strong>. \u201cA interven\u00e7\u00e3o faz-se necess\u00e1ria pela total falta de controle da situa\u00e7\u00e3o atual por parte do governo Ibaneis Rocha\u201d, escreveu o PV em nota.<\/p>\n\n\n\n<p>Nas redes sociais, o l\u00edder do Governo no Congresso, senador Randolfe Rodrigues (Rede-AP), tamb\u00e9m tinha informado que pedir\u00e1, em conjunto com a Presid\u00eancia do PT, junto \u00e0 Procuradoria-Geral da Rep\u00fablica, a interven\u00e7\u00e3o na Seguran\u00e7a P\u00fablica do DF. O presidente Lula acabou decretando a<strong> interven\u00e7\u00e3o federal no DF.<\/strong> <\/p>\n\n\n\n<p>\u00c0 Ag\u00eancia Brasil, o comando da Pol\u00edcia Militar do DF informou que o \u00f3rg\u00e3o s\u00f3 executa ordens determinadas pela Secretaria de Seguran\u00e7a P\u00fablica. Segundo a PM, cabe \u00e0 secretaria definir o efetivo e o esquema de seguran\u00e7a.<\/p>\n\n\n\n<p>Manifestantes apoiadores do ex-presidente Jair Bolsonaro inconformados com o resultado das elei\u00e7\u00f5es invadiram o Congresso Nacional, o Pal\u00e1cio do Planalto e o Supremo Tribunal Federal (STF). A invas\u00e3o come\u00e7ou ap\u00f3s a barreira formada por policiais militares na Esplanada dos Minist\u00e9rio, que estava fechada, ter sido rompida. O Congresso Nacional foi o primeiro a ser invadido, com os manifestantes ocupando a rampa e soltando foguetes. Depois eles quebraram vidro do Sal\u00e3o Negro do Congresso e danificaram o plen\u00e1rio da Casa.<\/p>\n\n\n\n<p>Ap\u00f3s a depreda\u00e7\u00e3o no Congresso, eles invadiram o Pal\u00e1cio do Planalto e o Supremo Tribunal Federal (STF). No STF, quebraram vidros e m\u00f3veis.<\/p>\n\n\n\n<p>As imagens mostram que o efetivo de policiais militares que estava nas proximidades do Congresso Nacional usou sprays de pimenta em uma tentativa sem sucesso de conter os manifestantes que entoavam palavras de ordem golpistas.<\/p>\n\n\n\n<p>Via redes sociais, o ministro da Justi\u00e7a, Fl\u00e1vio Dino, disse que &#8220;essa absurda tentativa de impor a vontade pela for\u00e7a n\u00e3o vai prevalecer&#8221;. Ele acrescentou ter ouvido do governo do Distrito Federal que o efetivo seria refor\u00e7ado. &#8220;As for\u00e7as de que dispomos est\u00e3o agindo. Estou na sede do Minist\u00e9rio da Justi\u00e7a&#8221;, escreveu o ministro.<\/p>\n\n\n\n<p>Ex-ministro da Justi\u00e7a do governo Bolsonaro e atual secret\u00e1rio de Seguran\u00e7a P\u00fablica do Governo do Distrito Federal, Anderson Torres, que se encontra nos Estados Unidos, disse, via Twitter, ter determinado ao setor de opera\u00e7\u00f5es &#8220;provid\u00eancias imediatas para o restabelecimento da ordem no centro de Bras\u00edlia&#8221;.<\/p>\n\n\n\n<p>O ministro-chefe da Secretaria de Comunica\u00e7\u00e3o, Paulo Pimenta, disse nas redes sociais, que tem certeza que a maioria dos brasileiros quer uni\u00e3o e paz para que o Brasil siga em frente. \u201cEssa manifesta\u00e7\u00e3o \u00e9 de uma minoria golpista que n\u00e3o aceita o resultado da elei\u00e7\u00e3o e que prega a viol\u00eancia. Uma minoria violenta, que vai ser tratada com o rigor da lei\u201d.<\/p>\n","protected":false},"excerpt":{"rendered":"<p>O governador do Distrito Federal, Ibaneis Rocha (MDB), acabou de exonerar o secret\u00e1rio de Seguran\u00e7a P\u00fablica do Distrito Federal, Anderson Torres. O governador confirmou a decis\u00e3o na rede social Twitter. A determina\u00e7\u00e3o ocorreu minutos antes de o presidente Luiz In\u00e1cio Lula da Silva decretar interven\u00e7\u00e3o federal no governo do DF. Ibaneis Rocha. Foto: Marcelo Camargo\/Ag\u00eancia [&hellip;]<\/p>\n","protected":false},"author":98,"featured_media":342870,"comment_status":"closed","ping_status":"closed","sticky":false,"template":"","format":"standard","meta":[],"categories":[61],"tags":[],"suno_strategy":[],"class_list":["post-342712","post","type-post","status-publish","format-standard","has-post-thumbnail","hentry","category-politica"],"yoast_head":"<!-- This site is optimized with the Yoast SEO plugin v24.4 - https:\/\/yoast.com\/wordpress\/plugins\/seo\/ -->\n<title>Ibaneis Rocha exonera secret\u00e1rio de Seguran\u00e7a P\u00fablica do DF<\/title>\n<meta name=\"description\" content=\"O governador do Distrito Federal, Ibaneis Rocha (MDB), exonerou o secret\u00e1rio de Seguran\u00e7a P\u00fablica do Distrito Federal, Anderson Torres\" \/>\n<meta name=\"robots\" content=\"index, follow, max-snippet:-1, max-image-preview:large, max-video-preview:-1\" \/>\n<link rel=\"canonical\" href=\"https:\/\/www.suno.com.br\/noticias\/governador-exonera-secretario-seguranca-df\/\" \/>\n<meta property=\"og:locale\" content=\"pt_BR\" \/>\n<meta property=\"og:type\" content=\"article\" \/>\n<meta property=\"og:title\" content=\"Ibaneis Rocha exonera secret\u00e1rio de Seguran\u00e7a P\u00fablica do DF\" \/>\n<meta property=\"og:description\" content=\"O governador do Distrito Federal, Ibaneis Rocha (MDB), exonerou o secret\u00e1rio de Seguran\u00e7a P\u00fablica do Distrito Federal, Anderson Torres\" \/>\n<meta property=\"og:url\" content=\"https:\/\/www.suno.com.br\/noticias\/governador-exonera-secretario-seguranca-df\/\" \/>\n<meta property=\"og:site_name\" content=\"Suno Not\u00edcias\" \/>\n<meta property=\"article:publisher\" content=\"https:\/\/facebook.com\/sunoresearch\" \/>\n<meta property=\"og:image\" content=\"https:\/\/files.sunoresearch.com.br\/n\/uploads\/2023\/01\/Ibaneiis-Rocha.jpg\" \/>\n\t<meta property=\"og:image:width\" content=\"1350\" \/>\n\t<meta property=\"og:image:height\" content=\"808\" \/>\n\t<meta property=\"og:image:type\" content=\"image\/jpeg\" \/>\n<meta name=\"author\" content=\"Marco Ant\u00f4nio Lopes\" \/>\n<meta name=\"twitter:card\" content=\"summary_large_image\" \/>\n<meta name=\"twitter:creator\" content=\"@sunoresearch\" \/>\n<meta name=\"twitter:site\" content=\"@sunoresearch\" \/>\n<meta name=\"twitter:label1\" content=\"Escrito por\" \/>\n\t<meta name=\"twitter:data1\" content=\"Marco Ant\u00f4nio Lopes\" \/>\n\t<meta name=\"twitter:label2\" content=\"Est. tempo de leitura\" \/>\n\t<meta name=\"twitter:data2\" content=\"4 minutos\" \/>\n<script type=\"application\/ld+json\" class=\"yoast-schema-graph\">{\"@context\":\"https:\/\/schema.org\",\"@graph\":[{\"@type\":\"NewsArticle\",\"@id\":\"https:\/\/www.suno.com.br\/noticias\/governador-exonera-secretario-seguranca-df\/#article\",\"isPartOf\":{\"@id\":\"https:\/\/www.suno.com.br\/noticias\/governador-exonera-secretario-seguranca-df\/\"},\"author\":{\"name\":\"Marco Ant\u00f4nio Lopes\",\"@id\":\"https:\/\/www.suno.com.br\/noticias\/#\/schema\/person\/829bbe8d57f84333b966b96229c6bf5f\"},\"headline\":\"Governador Ibaneis Rocha exonera secret\u00e1rio de Seguran\u00e7a P\u00fablica do DF\",\"datePublished\":\"2023-01-08T21:48:14+00:00\",\"dateModified\":\"2023-01-08T22:50:19+00:00\",\"mainEntityOfPage\":{\"@id\":\"https:\/\/www.suno.com.br\/noticias\/governador-exonera-secretario-seguranca-df\/\"},\"wordCount\":723,\"publisher\":{\"@id\":\"https:\/\/www.suno.com.br\/noticias\/#organization\"},\"image\":{\"@id\":\"https:\/\/www.suno.com.br\/noticias\/governador-exonera-secretario-seguranca-df\/#primaryimage\"},\"thumbnailUrl\":\"https:\/\/files.sunoresearch.com.br\/n\/uploads\/2023\/01\/Ibaneiis-Rocha.jpg\",\"articleSection\":[\"Pol\u00edtica\"],\"inLanguage\":\"pt-BR\"},{\"@type\":\"WebPage\",\"@id\":\"https:\/\/www.suno.com.br\/noticias\/governador-exonera-secretario-seguranca-df\/\",\"url\":\"https:\/\/www.suno.com.br\/noticias\/governador-exonera-secretario-seguranca-df\/\",\"name\":\"Ibaneis Rocha exonera secret\u00e1rio de Seguran\u00e7a P\u00fablica do DF\",\"isPartOf\":{\"@id\":\"https:\/\/www.suno.com.br\/noticias\/#website\"},\"primaryImageOfPage\":{\"@id\":\"https:\/\/www.suno.com.br\/noticias\/governador-exonera-secretario-seguranca-df\/#primaryimage\"},\"image\":{\"@id\":\"https:\/\/www.suno.com.br\/noticias\/governador-exonera-secretario-seguranca-df\/#primaryimage\"},\"thumbnailUrl\":\"https:\/\/files.sunoresearch.com.br\/n\/uploads\/2023\/01\/Ibaneiis-Rocha.jpg\",\"datePublished\":\"2023-01-08T21:48:14+00:00\",\"dateModified\":\"2023-01-08T22:50:19+00:00\",\"description\":\"O governador do Distrito Federal, Ibaneis Rocha (MDB), exonerou o secret\u00e1rio de Seguran\u00e7a P\u00fablica do Distrito Federal, Anderson Torres\",\"breadcrumb\":{\"@id\":\"https:\/\/www.suno.com.br\/noticias\/governador-exonera-secretario-seguranca-df\/#breadcrumb\"},\"inLanguage\":\"pt-BR\",\"potentialAction\":[{\"@type\":\"ReadAction\",\"target\":[\"https:\/\/www.suno.com.br\/noticias\/governador-exonera-secretario-seguranca-df\/\"]}]},{\"@type\":\"ImageObject\",\"inLanguage\":\"pt-BR\",\"@id\":\"https:\/\/www.suno.com.br\/noticias\/governador-exonera-secretario-seguranca-df\/#primaryimage\",\"url\":\"https:\/\/files.sunoresearch.com.br\/n\/uploads\/2023\/01\/Ibaneiis-Rocha.jpg\",\"contentUrl\":\"https:\/\/files.sunoresearch.com.br\/n\/uploads\/2023\/01\/Ibaneiis-Rocha.jpg\",\"width\":1350,\"height\":808,\"caption\":\"Ibaneis Rocha. Foto: Marcelo Camargo\/Ag\u00eancia Brasil\"},{\"@type\":\"BreadcrumbList\",\"@id\":\"https:\/\/www.suno.com.br\/noticias\/governador-exonera-secretario-seguranca-df\/#breadcrumb\",\"itemListElement\":[{\"@type\":\"ListItem\",\"position\":1,\"name\":\"Not\u00edcias\",\"item\":\"https:\/\/www.suno.com.br\/noticias\/\"},{\"@type\":\"ListItem\",\"position\":2,\"name\":\"Pol\u00edtica\",\"item\":\"https:\/\/www.suno.com.br\/noticias\/politica\/\"},{\"@type\":\"ListItem\",\"position\":3,\"name\":\"Governador Ibaneis Rocha exonera secret\u00e1rio de Seguran\u00e7a P\u00fablica do DF\"}]},{\"@type\":\"WebSite\",\"@id\":\"https:\/\/www.suno.com.br\/noticias\/#website\",\"url\":\"https:\/\/www.suno.com.br\/noticias\/\",\"name\":\"Suno Not\u00edcias\",\"description\":\"Seu portal de informa\u00e7\u00e3o sobre o mundo dos investimentos\",\"publisher\":{\"@id\":\"https:\/\/www.suno.com.br\/noticias\/#organization\"},\"potentialAction\":[{\"@type\":\"SearchAction\",\"target\":{\"@type\":\"EntryPoint\",\"urlTemplate\":\"https:\/\/www.suno.com.br\/noticias\/?s={search_term_string}\"},\"query-input\":{\"@type\":\"PropertyValueSpecification\",\"valueRequired\":true,\"valueName\":\"search_term_string\"}}],\"inLanguage\":\"pt-BR\"},{\"@type\":\"Organization\",\"@id\":\"https:\/\/www.suno.com.br\/noticias\/#organization\",\"name\":\"Suno Not\u00edcias\",\"url\":\"https:\/\/www.suno.com.br\/noticias\/\",\"logo\":{\"@type\":\"ImageObject\",\"inLanguage\":\"pt-BR\",\"@id\":\"https:\/\/www.suno.com.br\/noticias\/#\/schema\/logo\/image\/\",\"url\":\"https:\/\/files.sunoresearch.com.br\/n\/uploads\/2021\/09\/suno-logo.png\",\"contentUrl\":\"https:\/\/files.sunoresearch.com.br\/n\/uploads\/2021\/09\/suno-logo.png\",\"width\":180,\"height\":180,\"caption\":\"Suno Not\u00edcias\"},\"image\":{\"@id\":\"https:\/\/www.suno.com.br\/noticias\/#\/schema\/logo\/image\/\"},\"sameAs\":[\"https:\/\/facebook.com\/sunoresearch\",\"https:\/\/x.com\/sunoresearch\",\"https:\/\/www.instagram.com\/suno\",\"https:\/\/www.linkedin.com\/company\/suno-research\/\",\"https:\/\/www.youtube.com\/c\/sunoresearch\"]},{\"@type\":\"Person\",\"@id\":\"https:\/\/www.suno.com.br\/noticias\/#\/schema\/person\/829bbe8d57f84333b966b96229c6bf5f\",\"name\":\"Marco Ant\u00f4nio Lopes\",\"image\":{\"@type\":\"ImageObject\",\"inLanguage\":\"pt-BR\",\"@id\":\"https:\/\/www.suno.com.br\/noticias\/#\/schema\/person\/image\/\",\"url\":\"https:\/\/secure.gravatar.com\/avatar\/385167b012fbc1cde32c5446ee253313?s=96&r=g\",\"contentUrl\":\"https:\/\/secure.gravatar.com\/avatar\/385167b012fbc1cde32c5446ee253313?s=96&r=g\",\"caption\":\"Marco Ant\u00f4nio Lopes\"},\"description\":\"Jornalista, \u00e9 editor no Suno Not\u00edcias. Trabalhou nas revistas Playboy, Super, Veja Comer &amp; Beber, Homem Vogue e Universo Masculino, al\u00e9m dos portais Abril.com, R7, nas editorias de Home, Esportes, Hora 7, Entretenimento e Geral, e Eu Quero Investir. Autor do livro Bruce Lee: Definitivo (Editora Conrad). Colaborou nas revistas Nova, Veja SP, Grandes Guerras, Placar, Bizz, Casa Claudia e Quatro Rodas.\",\"url\":\"https:\/\/www.suno.com.br\/noticias\/author\/marco-lopes\/\"}]}<\/script>\n<!-- \/ Yoast SEO plugin. -->","yoast_head_json":{"title":"Ibaneis Rocha exonera secret\u00e1rio de Seguran\u00e7a P\u00fablica do DF","description":"O governador do Distrito Federal, Ibaneis Rocha (MDB), exonerou o secret\u00e1rio de Seguran\u00e7a P\u00fablica do Distrito Federal, Anderson Torres","robots":{"index":"index","follow":"follow","max-snippet":"max-snippet:-1","max-image-preview":"max-image-preview:large","max-video-preview":"max-video-preview:-1"},"canonical":"https:\/\/www.suno.com.br\/noticias\/governador-exonera-secretario-seguranca-df\/","og_locale":"pt_BR","og_type":"article","og_title":"Ibaneis Rocha exonera secret\u00e1rio de Seguran\u00e7a P\u00fablica do DF","og_description":"O governador do Distrito Federal, Ibaneis Rocha (MDB), exonerou o secret\u00e1rio de Seguran\u00e7a P\u00fablica do Distrito Federal, Anderson Torres","og_url":"https:\/\/www.suno.com.br\/noticias\/governador-exonera-secretario-seguranca-df\/","og_site_name":"Suno Not\u00edcias","article_publisher":"https:\/\/facebook.com\/sunoresearch","og_image":[{"width":1350,"height":808,"url":"https:\/\/files.sunoresearch.com.br\/n\/uploads\/2023\/01\/Ibaneiis-Rocha.jpg","type":"image\/jpeg"}],"author":"Marco Ant\u00f4nio Lopes","twitter_card":"summary_large_image","twitter_creator":"@sunoresearch","twitter_site":"@sunoresearch","twitter_misc":{"Escrito por":"Marco Ant\u00f4nio Lopes","Est. tempo de leitura":"4 minutos"},"schema":{"@context":"https:\/\/schema.org","@graph":[{"@type":"NewsArticle","@id":"https:\/\/www.suno.com.br\/noticias\/governador-exonera-secretario-seguranca-df\/#article","isPartOf":{"@id":"https:\/\/www.suno.com.br\/noticias\/governador-exonera-secretario-seguranca-df\/"},"author":{"name":"Marco Ant\u00f4nio Lopes","@id":"https:\/\/www.suno.com.br\/noticias\/#\/schema\/person\/829bbe8d57f84333b966b96229c6bf5f"},"headline":"Governador Ibaneis Rocha exonera secret\u00e1rio de Seguran\u00e7a P\u00fablica do DF","datePublished":"2023-01-08T21:48:14+00:00","dateModified":"2023-01-08T22:50:19+00:00","mainEntityOfPage":{"@id":"https:\/\/www.suno.com.br\/noticias\/governador-exonera-secretario-seguranca-df\/"},"wordCount":723,"publisher":{"@id":"https:\/\/www.suno.com.br\/noticias\/#organization"},"image":{"@id":"https:\/\/www.suno.com.br\/noticias\/governador-exonera-secretario-seguranca-df\/#primaryimage"},"thumbnailUrl":"https:\/\/files.sunoresearch.com.br\/n\/uploads\/2023\/01\/Ibaneiis-Rocha.jpg","articleSection":["Pol\u00edtica"],"inLanguage":"pt-BR"},{"@type":"WebPage","@id":"https:\/\/www.suno.com.br\/noticias\/governador-exonera-secretario-seguranca-df\/","url":"https:\/\/www.suno.com.br\/noticias\/governador-exonera-secretario-seguranca-df\/","name":"Ibaneis Rocha exonera secret\u00e1rio de Seguran\u00e7a P\u00fablica do DF","isPartOf":{"@id":"https:\/\/www.suno.com.br\/noticias\/#website"},"primaryImageOfPage":{"@id":"https:\/\/www.suno.com.br\/noticias\/governador-exonera-secretario-seguranca-df\/#primaryimage"},"image":{"@id":"https:\/\/www.suno.com.br\/noticias\/governador-exonera-secretario-seguranca-df\/#primaryimage"},"thumbnailUrl":"https:\/\/files.sunoresearch.com.br\/n\/uploads\/2023\/01\/Ibaneiis-Rocha.jpg","datePublished":"2023-01-08T21:48:14+00:00","dateModified":"2023-01-08T22:50:19+00:00","description":"O governador do Distrito Federal, Ibaneis Rocha (MDB), exonerou o secret\u00e1rio de Seguran\u00e7a P\u00fablica do Distrito Federal, Anderson Torres","breadcrumb":{"@id":"https:\/\/www.suno.com.br\/noticias\/governador-exonera-secretario-seguranca-df\/#breadcrumb"},"inLanguage":"pt-BR","potentialAction":[{"@type":"ReadAction","target":["https:\/\/www.suno.com.br\/noticias\/governador-exonera-secretario-seguranca-df\/"]}]},{"@type":"ImageObject","inLanguage":"pt-BR","@id":"https:\/\/www.suno.com.br\/noticias\/governador-exonera-secretario-seguranca-df\/#primaryimage","url":"https:\/\/files.sunoresearch.com.br\/n\/uploads\/2023\/01\/Ibaneiis-Rocha.jpg","contentUrl":"https:\/\/files.sunoresearch.com.br\/n\/uploads\/2023\/01\/Ibaneiis-Rocha.jpg","width":1350,"height":808,"caption":"Ibaneis Rocha. Foto: Marcelo Camargo\/Ag\u00eancia Brasil"},{"@type":"BreadcrumbList","@id":"https:\/\/www.suno.com.br\/noticias\/governador-exonera-secretario-seguranca-df\/#breadcrumb","itemListElement":[{"@type":"ListItem","position":1,"name":"Not\u00edcias","item":"https:\/\/www.suno.com.br\/noticias\/"},{"@type":"ListItem","position":2,"name":"Pol\u00edtica","item":"https:\/\/www.suno.com.br\/noticias\/politica\/"},{"@type":"ListItem","position":3,"name":"Governador Ibaneis Rocha exonera secret\u00e1rio de Seguran\u00e7a P\u00fablica do DF"}]},{"@type":"WebSite","@id":"https:\/\/www.suno.com.br\/noticias\/#website","url":"https:\/\/www.suno.com.br\/noticias\/","name":"Suno Not\u00edcias","description":"Seu portal de informa\u00e7\u00e3o sobre o mundo dos investimentos","publisher":{"@id":"https:\/\/www.suno.com.br\/noticias\/#organization"},"potentialAction":[{"@type":"SearchAction","target":{"@type":"EntryPoint","urlTemplate":"https:\/\/www.suno.com.br\/noticias\/?s={search_term_string}"},"query-input":{"@type":"PropertyValueSpecification","valueRequired":true,"valueName":"search_term_string"}}],"inLanguage":"pt-BR"},{"@type":"Organization","@id":"https:\/\/www.suno.com.br\/noticias\/#organization","name":"Suno Not\u00edcias","url":"https:\/\/www.suno.com.br\/noticias\/","logo":{"@type":"ImageObject","inLanguage":"pt-BR","@id":"https:\/\/www.suno.com.br\/noticias\/#\/schema\/logo\/image\/","url":"https:\/\/files.sunoresearch.com.br\/n\/uploads\/2021\/09\/suno-logo.png","contentUrl":"https:\/\/files.sunoresearch.com.br\/n\/uploads\/2021\/09\/suno-logo.png","width":180,"height":180,"caption":"Suno Not\u00edcias"},"image":{"@id":"https:\/\/www.suno.com.br\/noticias\/#\/schema\/logo\/image\/"},"sameAs":["https:\/\/facebook.com\/sunoresearch","https:\/\/x.com\/sunoresearch","https:\/\/www.instagram.com\/suno","https:\/\/www.linkedin.com\/company\/suno-research\/","https:\/\/www.youtube.com\/c\/sunoresearch"]},{"@type":"Person","@id":"https:\/\/www.suno.com.br\/noticias\/#\/schema\/person\/829bbe8d57f84333b966b96229c6bf5f","name":"Marco Ant\u00f4nio Lopes","image":{"@type":"ImageObject","inLanguage":"pt-BR","@id":"https:\/\/www.suno.com.br\/noticias\/#\/schema\/person\/image\/","url":"https:\/\/secure.gravatar.com\/avatar\/385167b012fbc1cde32c5446ee253313?s=96&r=g","contentUrl":"https:\/\/secure.gravatar.com\/avatar\/385167b012fbc1cde32c5446ee253313?s=96&r=g","caption":"Marco Ant\u00f4nio Lopes"},"description":"Jornalista, \u00e9 editor no Suno Not\u00edcias. Trabalhou nas revistas Playboy, Super, Veja Comer &amp; Beber, Homem Vogue e Universo Masculino, al\u00e9m dos portais Abril.com, R7, nas editorias de Home, Esportes, Hora 7, Entretenimento e Geral, e Eu Quero Investir. Autor do livro Bruce Lee: Definitivo (Editora Conrad). Colaborou nas revistas Nova, Veja SP, Grandes Guerras, Placar, Bizz, Casa Claudia e Quatro Rodas.","url":"https:\/\/www.suno.com.br\/noticias\/author\/marco-lopes\/"}]}},"default_loop_html":"<div class=\"cardsPage__listCard__boxs\"><div class=\"cardsPage__listCard__boxs__img\"><a href=\"https:\/\/www.suno.com.br\/noticias\/governador-exonera-secretario-seguranca-df\/\"><img class=\"mask\" src=\"https:\/\/www.suno.com.br\/noticias\/wp-content\/themes\/suno\/resources\/images\/spotlight\/spotlight1img\/bg-mask.png\" alt=\"Image Mask\"\/><img src=\"https:\/\/files.sunoresearch.com.br\/n\/uploads\/2023\/01\/Ibaneiis-Rocha-400x200.jpg\" alt=\"Governador Ibaneis Rocha exonera secret\u00e1rio de Seguran\u00e7a P\u00fablica do DF\"\/><\/a><span class=\"spotlightCategory\"><a href=\"https:\/\/www.suno.com.br\/noticias\/politica\/\">Pol\u00edtica<\/a><\/span><\/div><div class=\"cardsPage__listCard__boxs__content\"><a href=\"https:\/\/www.suno.com.br\/noticias\/governador-exonera-secretario-seguranca-df\/\"><h2 class=\"content__title\">Governador Ibaneis Rocha exonera secret\u00e1rio de Seguran\u00e7a P\u00fablica do DF<\/h2><\/a><div class=\"newsContent__article__meta\"><div class=\"newsContent__article__meta__authorBox\"><a href=\"https:\/\/www.suno.com.br\/noticias\/author\/marco-lopes\/\" class=\"authorBox__avatar noMobi\"><img src=\"https:\/\/secure.gravatar.com\/avatar\/385167b012fbc1cde32c5446ee253313?s=96&#038;r=g\" alt=\"Marco Ant\u00f4nio Lopes\"><\/a><div class=\"authorBox__name\"><span>por\n\t\t\t<a href=\"https:\/\/www.suno.com.br\/noticias\/author\/marco-lopes\/\"><span itemprop=\"author\">Marco Ant\u00f4nio Lopes<\/span><\/a><\/span><time datetime=\"2023-01-08T18:48:14-03:00\" itemprop=\"datePublished\">08\/01\/2023 18:48<\/time><\/div><\/div><\/div><\/div><\/div>","single_layout":"posts","amp_enabled":true,"_links":{"self":[{"href":"https:\/\/www.suno.com.br\/noticias\/wp-json\/wp\/v2\/posts\/342712"}],"collection":[{"href":"https:\/\/www.suno.com.br\/noticias\/wp-json\/wp\/v2\/posts"}],"about":[{"href":"https:\/\/www.suno.com.br\/noticias\/wp-json\/wp\/v2\/types\/post"}],"author":[{"embeddable":true,"href":"https:\/\/www.suno.com.br\/noticias\/wp-json\/wp\/v2\/users\/98"}],"replies":[{"embeddable":true,"href":"https:\/\/www.suno.com.br\/noticias\/wp-json\/wp\/v2\/comments?post=342712"}],"version-history":[{"count":2,"href":"https:\/\/www.suno.com.br\/noticias\/wp-json\/wp\/v2\/posts\/342712\/revisions"}],"predecessor-version":[{"id":342909,"href":"https:\/\/www.suno.com.br\/noticias\/wp-json\/wp\/v2\/posts\/342712\/revisions\/342909"}],"wp:featuredmedia":[{"embeddable":true,"href":"https:\/\/www.suno.com.br\/noticias\/wp-json\/wp\/v2\/media\/342870"}],"wp:attachment":[{"href":"https:\/\/www.suno.com.br\/noticias\/wp-json\/wp\/v2\/media?parent=342712"}],"wp:term":[{"taxonomy":"category","embeddable":true,"href":"https:\/\/www.suno.com.br\/noticias\/wp-json\/wp\/v2\/categories?post=342712"},{"taxonomy":"post_tag","embeddable":true,"href":"https:\/\/www.suno.com.br\/noticias\/wp-json\/wp\/v2\/tags?post=342712"},{"taxonomy":"suno_strategy","embeddable":true,"href":"https:\/\/www.suno.com.br\/noticias\/wp-json\/wp\/v2\/suno_strategy?post=342712"}],"curies":[{"name":"wp","href":"https:\/\/api.w.org\/{rel}","templated":true}]}}