{"id":342537,"date":"2023-01-08T11:51:20","date_gmt":"2023-01-08T14:51:20","guid":{"rendered":"https:\/\/www.suno.com.br\/noticias\/?p=342537"},"modified":"2023-01-08T11:51:22","modified_gmt":"2023-01-08T14:51:22","slug":"stf-demissao-sem-justa-causa","status":"publish","type":"post","link":"https:\/\/www.suno.com.br\/noticias\/stf-demissao-sem-justa-causa\/","title":{"rendered":"STF proibir\u00e1 a demiss\u00e3o sem justa causa? Veja o andamento do julgamento"},"content":{"rendered":"<p>Neste ano, o Supremo Tribunal Federal (STF) pode concluir um julgamento que aborda a <strong>demiss\u00e3o <\/strong>sem justa causa. H\u00e1 25 anos, se arrasta no Supremo o processo relativo \u00e0 sa\u00edda do Brasil de um tratado que proibia os desligamentos de funcion\u00e1rios sem uma justificativa comprovada. &nbsp;<\/p>\t<div class=\"wrapper-featured-image\">\n\t\t<figure class=\"spotlightImg\">\n\n\t\t\t<picture>\n\t\t\t\t<source media=\"(max-width: 768px)\" srcset=\"https:\/\/files.sunoresearch.com.br\/n\/uploads\/2023\/01\/Carteira-de-Trabalho-400x200.jpg\">\n\t\t\t\t<img loading=\"lazy\" decoding=\"async\" class=\"newsContent__article__imgCapa lazyloadDisabled \" src=\"https:\/\/files.sunoresearch.com.br\/n\/uploads\/2023\/01\/Carteira-de-Trabalho-800x450.jpg\" width=\"800\" height=\"450\" alt=\"STF proibir\u00e1 a demiss\u00e3o sem justa causa? Veja o andamento do julgamento\" fetchpriority=high \/>\n\t\t\t<\/picture>\n\n\t\t\t<figcaption class=\"wp-caption-text wp-caption-text--show\">STF proibir\u00e1 a demiss\u00e3o sem justa causa? Entenda o andamento do julgamento. Foto: Marcelo Camargo\/Ag\u00eancia Brasil<\/figcaption>\n\t\t<\/figure>\n\t<\/div>\n\n\n\n\n\n\t<p>\n\t\t<a href=\"\" target=\"_blank\" data-element=\"shortcode-suno-banner\" title=\"Banner SUNO, clique e saiba mais\">\n\t\t\t<picture>\n\t\t\t\t<source media=\"(max-width: 500px)\" srcset=\"\">\n\t\t\t\t<img class=\"newsContent__article__imgCapa newsContent__article__imgCapa--banner\"\n\t\t\t\t\tsrc=\"\"\n\t\t\t\t\tdata-promo-id=\"240038\"\t\t\t\t\t\t\t\t\t\t\t\t\t\t\talt=\"\"\n\t\t\t\t>\n\t\t\t<\/picture>\n\t\t<\/a>\n\t<\/p>\n\n\n\n\n\n<p>Em 1997, a Confedera\u00e7\u00e3o Nacional dos Trabalhos na Agricultura (Contag) apresentou uma a\u00e7\u00e3o contr\u00e1ria ao decreto do ent\u00e3o presidente Fernando Henrique Cardoso, que estabeleceu a retirada do pa\u00eds de uma conven\u00e7\u00e3o da Organiza\u00e7\u00e3o Internacional do Trabalho (OIT) que pro\u00edbe demiss\u00e3o sem a apresenta\u00e7\u00e3o de justificativa.<\/p>\n\n\n\n<p>No fim do ano passado, aconteceu o \u00faltimo andamento deste processo que aborda a demiss\u00e3o sem justa causa. Nesta ocasi\u00e3o, o ministro Gilmar Mendes realizou pedido de vista (mais tempo para a an\u00e1lise de processos), de modo a suspender o julgamento por um per\u00edodo indeterminado.<\/p>\n\n\n\n<p>Apesar disso, em dezembro, o Supremo alterou suas regras a respeito dos pedidos de vista. Diante disso, foi definido um prazo m\u00e1ximo de 90 dias para que os ministros devolvam os processos ap\u00f3s esse pedido.<\/p>\n\n\n\n<h2 class=\"wp-block-heading\" id=\"h-a-votacao-do-julgamento-sobre-a-demissao-sem-justa-causa\">A vota\u00e7\u00e3o do julgamento sobre a demiss\u00e3o sem justa causa<\/h2>\n\n\n\n<p>Ao longo do per\u00edodo de tramita\u00e7\u00e3o, oito ministros chegaram a votar, com tr\u00eas diferentes interpreta\u00e7\u00f5es. Tr\u00eas consideram que o presidente n\u00e3o pode, sozinho, revogar decreto sem o aval do Congresso. Tamb\u00e9m h\u00e1 tr\u00eas que entendem a decis\u00e3o anterior presidencial como v\u00e1lida.<\/p>\n\n\n\n<p>Ainda h\u00e1 dois ministros que interpretaram que a revoga\u00e7\u00e3o do decreto necessita de referendo por parte do Congresso. Neste caso, os congressistas deveriam decidir pelo fim \u2014 ou n\u00e3o \u2014 do decreto. <\/p>\n\n\n\n<p>Dentre os ministros votantes, apenas tr\u00eas seguem no Supremo. Este \u00e9 o caso de Rosa Weber, Dias Toffoli e Ricardo Lewandowski.<\/p>\n\n\n\n<p>Foram mantidos os votos de ministros atualmente aposentados. Sendo assim, os sucessores n\u00e3o poder\u00e3o votar neste julgamento a respeito da demiss\u00e3o sem justa causa.<\/p>\n\n\n\t<p>\n\t\t<a href=\"https:\/\/lp.suno.com.br\/planilha-controle-gastos\/\" target=\"_blank\" data-element=\"shortcode-suno-banner\" title=\"Banner SUNO, clique e saiba mais\">\n\t\t\t<picture>\n\t\t\t\t<source media=\"(max-width: 500px)\" srcset=\"https:\/\/files.sunoresearch.com.br\/n\/uploads\/2023\/03\/400x300-Planilha-controle-de-gastos.png\">\n\t\t\t\t<img class=\"newsContent__article__imgCapa newsContent__article__imgCapa--banner\"\n\t\t\t\t\tsrc=\"https:\/\/files.sunoresearch.com.br\/n\/uploads\/2023\/03\/1420x240-Planilha-controle-de-gastos.png\"\n\t\t\t\t\tdata-promo-id=\"101751\"\t\t\t\t\t\t\t\t\t\twidth='1420' height='240'\t\t\t\t\talt=\"https:\/\/files.sunoresearch.com.br\/n\/uploads\/2023\/03\/1420x240-Planilha-controle-de-gastos.png\"\n\t\t\t\t>\n\t\t\t<\/picture>\n\t\t<\/a>\n\t<\/p>\n\n\n\n\n\n<p>Os votos de Andr\u00e9 Mendon\u00e7a, Kassio Nunes Marques e Gilmar Mendes ainda n\u00e3o foram realizados. Ainda existe a possibilidade de que Weber, Toffoli e Lewandowski alterem seus respectivos votos. Diante disso, a maioria poderia ser revertida.<\/p>\n\n\n\n<p>Atualmente, o entendimento majorit\u00e1rio dos ministros seria de que o presidente do pa\u00eds, por conta pr\u00f3pria, n\u00e3o poderia deixar acordos internacionais existentes.<\/p>\n\n\n\n<h2 class=\"wp-block-heading\" id=\"h-a-lei-atual\">A lei atual<\/h2>\n\n\n\n<p>Atualmente, os trabalhadores que atuam sob o regime da Consolida\u00e7\u00e3o das Leis do Trabalho (CLT) podem ser desligados conforme o crit\u00e9rio pr\u00f3prio do patr\u00e3o. Como resultado, o funcion\u00e1rio possui direito a uma indeniza\u00e7\u00e3o equivalente a 40% do <a class=\"suno-keyword\" target=\"_blank\" data-force=\"no\" data-priority=\"3\" href=\"https:\/\/www.suno.com.br\/artigos\/fgts\/\" rel=\"noopener\">Fundo de Garantia do Tempo de Servi\u00e7o (FGTS)<\/a>, por exemplo.<\/p>\n\n\n\n<p>J\u00e1 no caso de <strong>demiss\u00e3o <\/strong>por justa causa, o profissional n\u00e3o poder\u00e1 ter direito a essa quantia. &nbsp;<\/p>\n\n\n\t<p>\n\t\t<a href=\"https:\/\/lp.suno.com.br\/planilha-da-vida-financeira\/\" target=\"_blank\" data-element=\"shortcode-suno-banner\" title=\"Banner SUNO, clique e saiba mais\">\n\t\t\t<picture>\n\t\t\t\t<source media=\"(max-width: 500px)\" srcset=\"https:\/\/files.sunoresearch.com.br\/n\/uploads\/2023\/04\/400x300-Planilha-vida-financeira-true.png\">\n\t\t\t\t<img class=\"newsContent__article__imgCapa newsContent__article__imgCapa--banner\"\n\t\t\t\t\tsrc=\"https:\/\/files.sunoresearch.com.br\/n\/uploads\/2023\/04\/1420x240-Planilha-vida-financeira-true.png\"\n\t\t\t\t\tdata-promo-id=\"106682\"\t\t\t\t\t\t\t\t\t\twidth='1420' height='240'\t\t\t\t\talt=\"https:\/\/files.sunoresearch.com.br\/n\/uploads\/2023\/04\/1420x240-Planilha-vida-financeira-true.png\"\n\t\t\t\t>\n\t\t\t<\/picture>\n\t\t<\/a>\n\t<\/p>\n\n\n","protected":false},"excerpt":{"rendered":"<p>Neste ano, o Supremo Tribunal Federal (STF) pode concluir um julgamento que aborda a demiss\u00e3o sem justa causa. H\u00e1 25 anos, se arrasta no Supremo o processo relativo \u00e0 sa\u00edda do Brasil de um tratado que proibia os desligamentos de funcion\u00e1rios sem uma justificativa comprovada. &nbsp; STF proibir\u00e1 a demiss\u00e3o sem justa causa? Entenda o [&hellip;]<\/p>\n","protected":false},"author":224,"featured_media":342538,"comment_status":"closed","ping_status":"closed","sticky":false,"template":"","format":"standard","meta":[],"categories":[62],"tags":[785],"suno_strategy":[],"class_list":["post-342537","post","type-post","status-publish","format-standard","has-post-thumbnail","hentry","category-economia","tag-supremo-tribunal-federal-stf"],"yoast_head":"<!-- This site is optimized with the Yoast SEO plugin v24.4 - https:\/\/yoast.com\/wordpress\/plugins\/seo\/ -->\n<title>STF proibir\u00e1 a demiss\u00e3o sem justa causa? Entenda o julgamento<\/title>\n<meta name=\"description\" content=\"Neste ano, o Supremo Tribunal Federal (STF) pode concluir um julgamento que aborda a demiss\u00e3o sem justa causa. Saiba mais.\" \/>\n<meta name=\"robots\" content=\"index, follow, max-snippet:-1, max-image-preview:large, max-video-preview:-1\" \/>\n<link rel=\"canonical\" href=\"https:\/\/www.suno.com.br\/noticias\/stf-demissao-sem-justa-causa\/\" \/>\n<meta property=\"og:locale\" content=\"pt_BR\" \/>\n<meta property=\"og:type\" content=\"article\" \/>\n<meta property=\"og:title\" content=\"STF proibir\u00e1 a demiss\u00e3o sem justa causa? Entenda o julgamento\" \/>\n<meta property=\"og:description\" content=\"Neste ano, o Supremo Tribunal Federal (STF) pode concluir um julgamento que aborda a demiss\u00e3o sem justa causa. Saiba mais.\" \/>\n<meta property=\"og:url\" content=\"https:\/\/www.suno.com.br\/noticias\/stf-demissao-sem-justa-causa\/\" \/>\n<meta property=\"og:site_name\" content=\"Suno Not\u00edcias\" \/>\n<meta property=\"article:publisher\" content=\"https:\/\/facebook.com\/sunoresearch\" \/>\n<meta property=\"og:image\" content=\"https:\/\/files.sunoresearch.com.br\/n\/uploads\/2023\/01\/Carteira-de-Trabalho-scaled.jpg\" \/>\n\t<meta property=\"og:image:width\" content=\"2560\" \/>\n\t<meta property=\"og:image:height\" content=\"1707\" \/>\n\t<meta property=\"og:image:type\" content=\"image\/jpeg\" \/>\n<meta name=\"author\" content=\"Silvio Suehiro\" \/>\n<meta name=\"twitter:card\" content=\"summary_large_image\" \/>\n<meta name=\"twitter:creator\" content=\"@sunoresearch\" \/>\n<meta name=\"twitter:site\" content=\"@sunoresearch\" \/>\n<meta name=\"twitter:label1\" content=\"Escrito por\" \/>\n\t<meta name=\"twitter:data1\" content=\"Silvio Suehiro\" \/>\n\t<meta name=\"twitter:label2\" content=\"Est. tempo de leitura\" \/>\n\t<meta name=\"twitter:data2\" content=\"3 minutos\" \/>\n<script type=\"application\/ld+json\" class=\"yoast-schema-graph\">{\"@context\":\"https:\/\/schema.org\",\"@graph\":[{\"@type\":\"NewsArticle\",\"@id\":\"https:\/\/www.suno.com.br\/noticias\/stf-demissao-sem-justa-causa\/#article\",\"isPartOf\":{\"@id\":\"https:\/\/www.suno.com.br\/noticias\/stf-demissao-sem-justa-causa\/\"},\"author\":{\"name\":\"Silvio Suehiro\",\"@id\":\"https:\/\/www.suno.com.br\/noticias\/#\/schema\/person\/c94f387eeb0598ad381eac3e47a8686c\"},\"headline\":\"STF proibir\u00e1 a demiss\u00e3o sem justa causa? Veja o andamento do julgamento\",\"datePublished\":\"2023-01-08T14:51:20+00:00\",\"dateModified\":\"2023-01-08T14:51:22+00:00\",\"mainEntityOfPage\":{\"@id\":\"https:\/\/www.suno.com.br\/noticias\/stf-demissao-sem-justa-causa\/\"},\"wordCount\":491,\"publisher\":{\"@id\":\"https:\/\/www.suno.com.br\/noticias\/#organization\"},\"image\":{\"@id\":\"https:\/\/www.suno.com.br\/noticias\/stf-demissao-sem-justa-causa\/#primaryimage\"},\"thumbnailUrl\":\"https:\/\/files.sunoresearch.com.br\/n\/uploads\/2023\/01\/Carteira-de-Trabalho-scaled.jpg\",\"keywords\":[\"Supremo Tribunal Federal (STF)\"],\"articleSection\":[\"Economia\"],\"inLanguage\":\"pt-BR\"},{\"@type\":\"WebPage\",\"@id\":\"https:\/\/www.suno.com.br\/noticias\/stf-demissao-sem-justa-causa\/\",\"url\":\"https:\/\/www.suno.com.br\/noticias\/stf-demissao-sem-justa-causa\/\",\"name\":\"STF proibir\u00e1 a demiss\u00e3o sem justa causa? Entenda o julgamento\",\"isPartOf\":{\"@id\":\"https:\/\/www.suno.com.br\/noticias\/#website\"},\"primaryImageOfPage\":{\"@id\":\"https:\/\/www.suno.com.br\/noticias\/stf-demissao-sem-justa-causa\/#primaryimage\"},\"image\":{\"@id\":\"https:\/\/www.suno.com.br\/noticias\/stf-demissao-sem-justa-causa\/#primaryimage\"},\"thumbnailUrl\":\"https:\/\/files.sunoresearch.com.br\/n\/uploads\/2023\/01\/Carteira-de-Trabalho-scaled.jpg\",\"datePublished\":\"2023-01-08T14:51:20+00:00\",\"dateModified\":\"2023-01-08T14:51:22+00:00\",\"description\":\"Neste ano, o Supremo Tribunal Federal (STF) pode concluir um julgamento que aborda a demiss\u00e3o sem justa causa. Saiba mais.\",\"breadcrumb\":{\"@id\":\"https:\/\/www.suno.com.br\/noticias\/stf-demissao-sem-justa-causa\/#breadcrumb\"},\"inLanguage\":\"pt-BR\",\"potentialAction\":[{\"@type\":\"ReadAction\",\"target\":[\"https:\/\/www.suno.com.br\/noticias\/stf-demissao-sem-justa-causa\/\"]}]},{\"@type\":\"ImageObject\",\"inLanguage\":\"pt-BR\",\"@id\":\"https:\/\/www.suno.com.br\/noticias\/stf-demissao-sem-justa-causa\/#primaryimage\",\"url\":\"https:\/\/files.sunoresearch.com.br\/n\/uploads\/2023\/01\/Carteira-de-Trabalho-scaled.jpg\",\"contentUrl\":\"https:\/\/files.sunoresearch.com.br\/n\/uploads\/2023\/01\/Carteira-de-Trabalho-scaled.jpg\",\"width\":2560,\"height\":1707,\"caption\":\"STF proibir\u00e1 a demiss\u00e3o sem justa causa? Entenda o andamento do julgamento. Foto: Marcelo Camargo\/Ag\u00eancia Brasil\"},{\"@type\":\"BreadcrumbList\",\"@id\":\"https:\/\/www.suno.com.br\/noticias\/stf-demissao-sem-justa-causa\/#breadcrumb\",\"itemListElement\":[{\"@type\":\"ListItem\",\"position\":1,\"name\":\"Not\u00edcias\",\"item\":\"https:\/\/www.suno.com.br\/noticias\/\"},{\"@type\":\"ListItem\",\"position\":2,\"name\":\"Economia\",\"item\":\"https:\/\/www.suno.com.br\/noticias\/economia\/\"},{\"@type\":\"ListItem\",\"position\":3,\"name\":\"STF proibir\u00e1 a demiss\u00e3o sem justa causa? Veja o andamento do julgamento\"}]},{\"@type\":\"WebSite\",\"@id\":\"https:\/\/www.suno.com.br\/noticias\/#website\",\"url\":\"https:\/\/www.suno.com.br\/noticias\/\",\"name\":\"Suno Not\u00edcias\",\"description\":\"Seu portal de informa\u00e7\u00e3o sobre o mundo dos investimentos\",\"publisher\":{\"@id\":\"https:\/\/www.suno.com.br\/noticias\/#organization\"},\"potentialAction\":[{\"@type\":\"SearchAction\",\"target\":{\"@type\":\"EntryPoint\",\"urlTemplate\":\"https:\/\/www.suno.com.br\/noticias\/?s={search_term_string}\"},\"query-input\":{\"@type\":\"PropertyValueSpecification\",\"valueRequired\":true,\"valueName\":\"search_term_string\"}}],\"inLanguage\":\"pt-BR\"},{\"@type\":\"Organization\",\"@id\":\"https:\/\/www.suno.com.br\/noticias\/#organization\",\"name\":\"Suno Not\u00edcias\",\"url\":\"https:\/\/www.suno.com.br\/noticias\/\",\"logo\":{\"@type\":\"ImageObject\",\"inLanguage\":\"pt-BR\",\"@id\":\"https:\/\/www.suno.com.br\/noticias\/#\/schema\/logo\/image\/\",\"url\":\"https:\/\/files.sunoresearch.com.br\/n\/uploads\/2021\/09\/suno-logo.png\",\"contentUrl\":\"https:\/\/files.sunoresearch.com.br\/n\/uploads\/2021\/09\/suno-logo.png\",\"width\":180,\"height\":180,\"caption\":\"Suno Not\u00edcias\"},\"image\":{\"@id\":\"https:\/\/www.suno.com.br\/noticias\/#\/schema\/logo\/image\/\"},\"sameAs\":[\"https:\/\/facebook.com\/sunoresearch\",\"https:\/\/x.com\/sunoresearch\",\"https:\/\/www.instagram.com\/suno\",\"https:\/\/www.linkedin.com\/company\/suno-research\/\",\"https:\/\/www.youtube.com\/c\/sunoresearch\"]},{\"@type\":\"Person\",\"@id\":\"https:\/\/www.suno.com.br\/noticias\/#\/schema\/person\/c94f387eeb0598ad381eac3e47a8686c\",\"name\":\"Silvio Suehiro\",\"image\":{\"@type\":\"ImageObject\",\"inLanguage\":\"pt-BR\",\"@id\":\"https:\/\/www.suno.com.br\/noticias\/#\/schema\/person\/image\/\",\"url\":\"https:\/\/secure.gravatar.com\/avatar\/06585eb21140975c6be6bb79a07edac1?s=96&r=g\",\"contentUrl\":\"https:\/\/secure.gravatar.com\/avatar\/06585eb21140975c6be6bb79a07edac1?s=96&r=g\",\"caption\":\"Silvio Suehiro\"},\"description\":\"Redator freelancer, com experi\u00eancia na produ\u00e7\u00e3o de not\u00edcias e artigos para as \u00e1reas de economia, finan\u00e7as e investimentos. Graduado em Comunica\u00e7\u00e3o Social - Jornalismo pela Universidade de Mogi das Cruzes (UMC), e p\u00f3s-graduado em Produ\u00e7\u00e3o Audiovisual Multiplataforma pela Universidade Anhembi Morumbi (UAM).\",\"url\":\"https:\/\/www.suno.com.br\/noticias\/author\/silvio-suehiro\/\"}]}<\/script>\n<!-- \/ Yoast SEO plugin. -->","yoast_head_json":{"title":"STF proibir\u00e1 a demiss\u00e3o sem justa causa? Entenda o julgamento","description":"Neste ano, o Supremo Tribunal Federal (STF) pode concluir um julgamento que aborda a demiss\u00e3o sem justa causa. Saiba mais.","robots":{"index":"index","follow":"follow","max-snippet":"max-snippet:-1","max-image-preview":"max-image-preview:large","max-video-preview":"max-video-preview:-1"},"canonical":"https:\/\/www.suno.com.br\/noticias\/stf-demissao-sem-justa-causa\/","og_locale":"pt_BR","og_type":"article","og_title":"STF proibir\u00e1 a demiss\u00e3o sem justa causa? Entenda o julgamento","og_description":"Neste ano, o Supremo Tribunal Federal (STF) pode concluir um julgamento que aborda a demiss\u00e3o sem justa causa. Saiba mais.","og_url":"https:\/\/www.suno.com.br\/noticias\/stf-demissao-sem-justa-causa\/","og_site_name":"Suno Not\u00edcias","article_publisher":"https:\/\/facebook.com\/sunoresearch","og_image":[{"width":2560,"height":1707,"url":"https:\/\/files.sunoresearch.com.br\/n\/uploads\/2023\/01\/Carteira-de-Trabalho-scaled.jpg","type":"image\/jpeg"}],"author":"Silvio Suehiro","twitter_card":"summary_large_image","twitter_creator":"@sunoresearch","twitter_site":"@sunoresearch","twitter_misc":{"Escrito por":"Silvio Suehiro","Est. tempo de leitura":"3 minutos"},"schema":{"@context":"https:\/\/schema.org","@graph":[{"@type":"NewsArticle","@id":"https:\/\/www.suno.com.br\/noticias\/stf-demissao-sem-justa-causa\/#article","isPartOf":{"@id":"https:\/\/www.suno.com.br\/noticias\/stf-demissao-sem-justa-causa\/"},"author":{"name":"Silvio Suehiro","@id":"https:\/\/www.suno.com.br\/noticias\/#\/schema\/person\/c94f387eeb0598ad381eac3e47a8686c"},"headline":"STF proibir\u00e1 a demiss\u00e3o sem justa causa? Veja o andamento do julgamento","datePublished":"2023-01-08T14:51:20+00:00","dateModified":"2023-01-08T14:51:22+00:00","mainEntityOfPage":{"@id":"https:\/\/www.suno.com.br\/noticias\/stf-demissao-sem-justa-causa\/"},"wordCount":491,"publisher":{"@id":"https:\/\/www.suno.com.br\/noticias\/#organization"},"image":{"@id":"https:\/\/www.suno.com.br\/noticias\/stf-demissao-sem-justa-causa\/#primaryimage"},"thumbnailUrl":"https:\/\/files.sunoresearch.com.br\/n\/uploads\/2023\/01\/Carteira-de-Trabalho-scaled.jpg","keywords":["Supremo Tribunal Federal (STF)"],"articleSection":["Economia"],"inLanguage":"pt-BR"},{"@type":"WebPage","@id":"https:\/\/www.suno.com.br\/noticias\/stf-demissao-sem-justa-causa\/","url":"https:\/\/www.suno.com.br\/noticias\/stf-demissao-sem-justa-causa\/","name":"STF proibir\u00e1 a demiss\u00e3o sem justa causa? Entenda o julgamento","isPartOf":{"@id":"https:\/\/www.suno.com.br\/noticias\/#website"},"primaryImageOfPage":{"@id":"https:\/\/www.suno.com.br\/noticias\/stf-demissao-sem-justa-causa\/#primaryimage"},"image":{"@id":"https:\/\/www.suno.com.br\/noticias\/stf-demissao-sem-justa-causa\/#primaryimage"},"thumbnailUrl":"https:\/\/files.sunoresearch.com.br\/n\/uploads\/2023\/01\/Carteira-de-Trabalho-scaled.jpg","datePublished":"2023-01-08T14:51:20+00:00","dateModified":"2023-01-08T14:51:22+00:00","description":"Neste ano, o Supremo Tribunal Federal (STF) pode concluir um julgamento que aborda a demiss\u00e3o sem justa causa. Saiba mais.","breadcrumb":{"@id":"https:\/\/www.suno.com.br\/noticias\/stf-demissao-sem-justa-causa\/#breadcrumb"},"inLanguage":"pt-BR","potentialAction":[{"@type":"ReadAction","target":["https:\/\/www.suno.com.br\/noticias\/stf-demissao-sem-justa-causa\/"]}]},{"@type":"ImageObject","inLanguage":"pt-BR","@id":"https:\/\/www.suno.com.br\/noticias\/stf-demissao-sem-justa-causa\/#primaryimage","url":"https:\/\/files.sunoresearch.com.br\/n\/uploads\/2023\/01\/Carteira-de-Trabalho-scaled.jpg","contentUrl":"https:\/\/files.sunoresearch.com.br\/n\/uploads\/2023\/01\/Carteira-de-Trabalho-scaled.jpg","width":2560,"height":1707,"caption":"STF proibir\u00e1 a demiss\u00e3o sem justa causa? Entenda o andamento do julgamento. Foto: Marcelo Camargo\/Ag\u00eancia Brasil"},{"@type":"BreadcrumbList","@id":"https:\/\/www.suno.com.br\/noticias\/stf-demissao-sem-justa-causa\/#breadcrumb","itemListElement":[{"@type":"ListItem","position":1,"name":"Not\u00edcias","item":"https:\/\/www.suno.com.br\/noticias\/"},{"@type":"ListItem","position":2,"name":"Economia","item":"https:\/\/www.suno.com.br\/noticias\/economia\/"},{"@type":"ListItem","position":3,"name":"STF proibir\u00e1 a demiss\u00e3o sem justa causa? Veja o andamento do julgamento"}]},{"@type":"WebSite","@id":"https:\/\/www.suno.com.br\/noticias\/#website","url":"https:\/\/www.suno.com.br\/noticias\/","name":"Suno Not\u00edcias","description":"Seu portal de informa\u00e7\u00e3o sobre o mundo dos investimentos","publisher":{"@id":"https:\/\/www.suno.com.br\/noticias\/#organization"},"potentialAction":[{"@type":"SearchAction","target":{"@type":"EntryPoint","urlTemplate":"https:\/\/www.suno.com.br\/noticias\/?s={search_term_string}"},"query-input":{"@type":"PropertyValueSpecification","valueRequired":true,"valueName":"search_term_string"}}],"inLanguage":"pt-BR"},{"@type":"Organization","@id":"https:\/\/www.suno.com.br\/noticias\/#organization","name":"Suno Not\u00edcias","url":"https:\/\/www.suno.com.br\/noticias\/","logo":{"@type":"ImageObject","inLanguage":"pt-BR","@id":"https:\/\/www.suno.com.br\/noticias\/#\/schema\/logo\/image\/","url":"https:\/\/files.sunoresearch.com.br\/n\/uploads\/2021\/09\/suno-logo.png","contentUrl":"https:\/\/files.sunoresearch.com.br\/n\/uploads\/2021\/09\/suno-logo.png","width":180,"height":180,"caption":"Suno Not\u00edcias"},"image":{"@id":"https:\/\/www.suno.com.br\/noticias\/#\/schema\/logo\/image\/"},"sameAs":["https:\/\/facebook.com\/sunoresearch","https:\/\/x.com\/sunoresearch","https:\/\/www.instagram.com\/suno","https:\/\/www.linkedin.com\/company\/suno-research\/","https:\/\/www.youtube.com\/c\/sunoresearch"]},{"@type":"Person","@id":"https:\/\/www.suno.com.br\/noticias\/#\/schema\/person\/c94f387eeb0598ad381eac3e47a8686c","name":"Silvio Suehiro","image":{"@type":"ImageObject","inLanguage":"pt-BR","@id":"https:\/\/www.suno.com.br\/noticias\/#\/schema\/person\/image\/","url":"https:\/\/secure.gravatar.com\/avatar\/06585eb21140975c6be6bb79a07edac1?s=96&r=g","contentUrl":"https:\/\/secure.gravatar.com\/avatar\/06585eb21140975c6be6bb79a07edac1?s=96&r=g","caption":"Silvio Suehiro"},"description":"Redator freelancer, com experi\u00eancia na produ\u00e7\u00e3o de not\u00edcias e artigos para as \u00e1reas de economia, finan\u00e7as e investimentos. Graduado em Comunica\u00e7\u00e3o Social - Jornalismo pela Universidade de Mogi das Cruzes (UMC), e p\u00f3s-graduado em Produ\u00e7\u00e3o Audiovisual Multiplataforma pela Universidade Anhembi Morumbi (UAM).","url":"https:\/\/www.suno.com.br\/noticias\/author\/silvio-suehiro\/"}]}},"default_loop_html":"<div class=\"cardsPage__listCard__boxs\"><div class=\"cardsPage__listCard__boxs__img\"><a href=\"https:\/\/www.suno.com.br\/noticias\/stf-demissao-sem-justa-causa\/\"><img class=\"mask\" src=\"https:\/\/www.suno.com.br\/noticias\/wp-content\/themes\/suno\/resources\/images\/spotlight\/spotlight1img\/bg-mask.png\" alt=\"Image Mask\"\/><img src=\"https:\/\/files.sunoresearch.com.br\/n\/uploads\/2023\/01\/Carteira-de-Trabalho-400x200.jpg\" alt=\"STF proibir\u00e1 a demiss\u00e3o sem justa causa? Veja o andamento do julgamento\"\/><\/a><span class=\"spotlightCategory\"><a href=\"https:\/\/www.suno.com.br\/noticias\/economia\/\">Economia<\/a><\/span><\/div><div class=\"cardsPage__listCard__boxs__content\"><a href=\"https:\/\/www.suno.com.br\/noticias\/stf-demissao-sem-justa-causa\/\"><h2 class=\"content__title\">STF proibir\u00e1 a demiss\u00e3o sem justa causa? Veja o andamento do julgamento<\/h2><\/a><div class=\"newsContent__article__meta\"><div class=\"newsContent__article__meta__authorBox\"><a href=\"https:\/\/www.suno.com.br\/noticias\/author\/silvio-suehiro\/\" class=\"authorBox__avatar noMobi\"><img src=\"https:\/\/secure.gravatar.com\/avatar\/06585eb21140975c6be6bb79a07edac1?s=96&#038;r=g\" alt=\"Silvio Suehiro\"><\/a><div class=\"authorBox__name\"><span>por\n\t\t\t<a href=\"https:\/\/www.suno.com.br\/noticias\/author\/silvio-suehiro\/\"><span itemprop=\"author\">Silvio Suehiro<\/span><\/a><\/span><time datetime=\"2023-01-08T11:51:20-03:00\" itemprop=\"datePublished\">08\/01\/2023 11:51<\/time><\/div><\/div><\/div><\/div><\/div>","single_layout":"posts","amp_enabled":true,"_links":{"self":[{"href":"https:\/\/www.suno.com.br\/noticias\/wp-json\/wp\/v2\/posts\/342537"}],"collection":[{"href":"https:\/\/www.suno.com.br\/noticias\/wp-json\/wp\/v2\/posts"}],"about":[{"href":"https:\/\/www.suno.com.br\/noticias\/wp-json\/wp\/v2\/types\/post"}],"author":[{"embeddable":true,"href":"https:\/\/www.suno.com.br\/noticias\/wp-json\/wp\/v2\/users\/224"}],"replies":[{"embeddable":true,"href":"https:\/\/www.suno.com.br\/noticias\/wp-json\/wp\/v2\/comments?post=342537"}],"version-history":[{"count":2,"href":"https:\/\/www.suno.com.br\/noticias\/wp-json\/wp\/v2\/posts\/342537\/revisions"}],"predecessor-version":[{"id":342540,"href":"https:\/\/www.suno.com.br\/noticias\/wp-json\/wp\/v2\/posts\/342537\/revisions\/342540"}],"wp:featuredmedia":[{"embeddable":true,"href":"https:\/\/www.suno.com.br\/noticias\/wp-json\/wp\/v2\/media\/342538"}],"wp:attachment":[{"href":"https:\/\/www.suno.com.br\/noticias\/wp-json\/wp\/v2\/media?parent=342537"}],"wp:term":[{"taxonomy":"category","embeddable":true,"href":"https:\/\/www.suno.com.br\/noticias\/wp-json\/wp\/v2\/categories?post=342537"},{"taxonomy":"post_tag","embeddable":true,"href":"https:\/\/www.suno.com.br\/noticias\/wp-json\/wp\/v2\/tags?post=342537"},{"taxonomy":"suno_strategy","embeddable":true,"href":"https:\/\/www.suno.com.br\/noticias\/wp-json\/wp\/v2\/suno_strategy?post=342537"}],"curies":[{"name":"wp","href":"https:\/\/api.w.org\/{rel}","templated":true}]}}