{"id":342448,"date":"2023-01-07T09:32:01","date_gmt":"2023-01-07T12:32:01","guid":{"rendered":"https:\/\/www.suno.com.br\/noticias\/?p=342448"},"modified":"2023-01-07T20:13:18","modified_gmt":"2023-01-07T23:13:18","slug":"governo-acelerar-aprovacao-prates-petrobras-petr4","status":"publish","type":"post","link":"https:\/\/www.suno.com.br\/noticias\/governo-acelerar-aprovacao-prates-petrobras-petr4\/","title":{"rendered":"Governo articula para acelerar a aprova\u00e7\u00e3o de Prates na Petrobras (PETR4)"},"content":{"rendered":"<p>Dias ap\u00f3s indicar o nome de Jean-Paul Prates \u00e0 presid\u00eancia da <strong>Petrobras<\/strong> (<a href=\"https:\/\/www.suno.com.br\/acoes\/petr4\/\" target=\"_blank\" rel=\"noopener\">PETR4<\/a>), o novo governo j\u00e1 articula sua aprova\u00e7\u00e3o como interino junto ao atual conselho de administra\u00e7\u00e3o da estatal. As conversas com os atuais conselheiros acontecem em paralelo \u00e0 checagem dos documentos e do curr\u00edculo de Prates pela \u00e1rea de conformidade da estatal.<\/p>\t<div class=\"wrapper-featured-image\">\n\t\t<figure class=\"spotlightImg\">\n\n\t\t\t<picture>\n\t\t\t\t<source media=\"(max-width: 768px)\" srcset=\"https:\/\/files.sunoresearch.com.br\/n\/uploads\/2022\/11\/petrobras-petr4-400x200.jpg\">\n\t\t\t\t<img loading=\"lazy\" decoding=\"async\" class=\"newsContent__article__imgCapa lazyloadDisabled \" src=\"https:\/\/files.sunoresearch.com.br\/n\/uploads\/2022\/11\/petrobras-petr4-800x450.jpg\" width=\"800\" height=\"450\" alt=\"Governo articula para acelerar a aprova\u00e7\u00e3o de Prates na Petrobras (PETR4)\" fetchpriority=high \/>\n\t\t\t<\/picture>\n\n\t\t\t<figcaption class=\"wp-caption-text wp-caption-text--show\">Petrobras (PETR4). Foto: Divulga\u00e7\u00e3o<\/figcaption>\n\t\t<\/figure>\n\t<\/div>\n\n\n\t<p>\n\t\t<a href=\"https:\/\/lp2.suno.com.br\/cl\/black-friday-2025\/?utm_campaign=_SNCDF0E4858_\" target=\"_blank\" data-element=\"shortcode-suno-banner\" title=\"Banner SUNO, clique e saiba mais\">\n\t\t\t<picture>\n\t\t\t\t<source media=\"(max-width: 500px)\" srcset=\"https:\/\/files.sunoresearch.com.br\/n\/uploads\/2025\/10\/Artigos-e-Noticias-Banner-Home-artigos-01-Mobile_-400x300-1-png.webp\">\n\t\t\t\t<img class=\"newsContent__article__imgCapa newsContent__article__imgCapa--banner\"\n\t\t\t\t\tsrc=\"https:\/\/files.sunoresearch.com.br\/n\/uploads\/2025\/10\/Artigos-e-Noticias-Banner-Home-artigos-01-Desktop_-1420x240-1-png.webp\"\n\t\t\t\t\tdata-promo-id=\"311259\"\t\t\t\t\t\t\t\t\t\twidth='1420' height='240'\t\t\t\t\talt=\"https:\/\/files.sunoresearch.com.br\/n\/uploads\/2025\/10\/Artigos-e-Noticias-Banner-Home-artigos-01-Desktop_-1420x240-1-png.webp\"\n\t\t\t\t>\n\t\t\t<\/picture>\n\t\t<\/a>\n\t<\/p>\n\n\n<p>O objetivo \u00e9 que Prates, cujo mandato no Senado termina neste ano, assuma o quanto antes o <strong>comando da Petrobras<\/strong> para s\u00f3 depois ser confirmado no cargo em car\u00e1ter permanente por meio de uma assembleia geral extraordin\u00e1ria de <a href=\"https:\/\/www.suno.com.br\/artigos\/acionista-companhias-abertas\/\" target=\"_blank\" rel=\"noopener\">acionistas<\/a> (AGE).<\/p>\n<p>Capaz de reformar o <a href=\"https:\/\/www.suno.com.br\/artigos\/conselho-administracao\/\" target=\"_blank\" rel=\"noopener\">conselho<\/a>, a realiza\u00e7\u00e3o de uma AGE \u00e9 mais demorada em fun\u00e7\u00e3o da checagem de mais nomes pela empresa e do rito de convoca\u00e7\u00e3o, que envolve acionistas estrangeiros e exige intervalo de no m\u00ednimo 30 dias.<\/p>\n\t<div data-element=\"shortcode-read-more\" class=\"knowMore\">\n\t\t\t\t<span class=\"knowMore__title\">Leia mais:<\/span>\n\t\t\t\t<a class=\"knowMore__link\" href=\"https:\/\/www.suno.com.br\/noticias\/even-even3-direcional-dirr3-agenda-dividendos-07012023\/\">\n\t\t\tEven (EVEN3), Direcional (DIRR3): Veja as datas de corte e quem vai pagar dividendos na semana\t\t<\/a>\n\t<\/div>\n\n\n<p>Para que Prates seja aprovado pelo <strong>conselho de administra\u00e7\u00e3o da Petrobras<\/strong>, \u00e9 necess\u00e1ria a maioria simples de votos, ou seja, seis dos dez votos ora existentes no colegiado, uma vez que o 11\u00ba conselheiro, o ex-presidente da empresa Caio Paes de Andrade, renunciou ao cargo esta semana para assumir uma secretaria no governo de S\u00e3o Paulo.<\/p>\n<p>Pessoa do entorno de Prates afirma que o ex-senador j\u00e1 conta com votos de quatro conselheiros, cuja opini\u00e3o s\u00f3 mudaria na hip\u00f3tese de o comit\u00ea de pessoas da Petrobras apontar irregularidade clara na indica\u00e7\u00e3o. Bastariam, portanto, mais duas posi\u00e7\u00f5es favor\u00e1veis.<\/p>\n<p>O <i>Broadcast<\/i>, sistema de not\u00edcias em tempo real do Grupo Estado, apurou que os votos favor\u00e1veis de momento viriam da representante dos funcion\u00e1rios no conselho, Ros\u00e2ngela Buzanelli, e de tr\u00eas dos quatro conselheiros minorit\u00e1rios interessados em encerrar as incertezas do mercado sobre o futuro comando da empresa.<\/p>\n<p>Procurada, Buzanelli n\u00e3o respondeu. Outros conselheiros disseram aguardar a checagem do nome pela companhia. Mas para estes, al\u00e9m do entendimento de que o controle da Uni\u00e3o vai se impor, pesaria o fato de Prates ser um nome t\u00e9cnico do setor de \u00f3leo e g\u00e1s, o que a companhia n\u00e3o via h\u00e1 anos e, ao mesmo tempo, pol\u00edtico moderado.<\/p>\n<h2><b>Rito burocr\u00e1tico exige avalia\u00e7\u00e3o de indicado<\/b><\/h2>\n<p>Embora a articula\u00e7\u00e3o pol\u00edtica em torno da <strong>indica\u00e7\u00e3o de Jean-Paul Prates<\/strong> esteja avan\u00e7ada, h\u00e1 toda uma burocracia interna na Petrobras a ser cumprida. Ap\u00f3s o recebimento do nome pela Petrobras, o que ocorreu na \u00faltima ter\u00e7a-feira, t\u00e9cnicos da \u00e1rea de conformidade come\u00e7aram a elaborar relat\u00f3rios, os chamados &#8220;background checks&#8221; de gest\u00e3o e integridade, processo que pode levar de 5 a 20 dias.<\/p>\n<p>Uma vez prontos, os documentos s\u00e3o enviados ao conselho de administra\u00e7\u00e3o, onde s\u00e3o analisados por um subgrupo, o Comit\u00ea de Elegibilidade (Celeg), que t\u00eam oito dias prorrog\u00e1veis para emitir um parecer. S\u00f3 ent\u00e3o a indica\u00e7\u00e3o \u00e9 apreciada em reuni\u00e3o com todos os membros do conselho.<\/p>\n<h2><b>Entraves de Prates na Petrobras<\/b><\/h2>\n<p>Antes mesmo da confirma\u00e7\u00e3o do nome, j\u00e1 pairavam d\u00favidas sobre poss\u00edveis impedimentos a Prates previstos na <a href=\"https:\/\/www.suno.com.br\/noticias\/lei-das-estatais-revogada-queda-petrobras-petr4-bb-bbas3\/\" target=\"_blank\" rel=\"noopener\">Lei das Estatais<\/a>. Isso porque ele foi suplente de candidato ao Senado nas \u00faltimas elei\u00e7\u00f5es e a lei veda a entrada nas estatais de lideran\u00e7as partid\u00e1rias ou pessoas que tenham trabalhado em campanha eleitoral nos \u00faltimos tr\u00eas anos.<\/p>\n<p>O grupo de Prates minimiza a quest\u00e3o sob o argumento de que o &#8220;esp\u00edrito do legislador&#8221; n\u00e3o imp\u00f5e veda\u00e7\u00e3o neste caso. Advogados que atuam em assuntos relacionados \u00e0 Petrobras concordam com a tese.<\/p>\n<p>Outro poss\u00edvel entrave para assumir o comando da <strong>Petrobras<\/strong> \u00e9 a participa\u00e7\u00e3o de Prates em tr\u00eas empresas, das quais pelo menos duas, a Carcar\u00e1 Petr\u00f3leo e a Bioconsultants, t\u00eam rela\u00e7\u00e3o direta com o setor de energia. Em nota, ele disse que vai se desligar dessas empresas.<\/p>\n<p>(Com informa\u00e7\u00f5es s\u00e3o do jornal <b>O Estado de S. Paulo<\/b> e Estad\u00e3o Conte\u00fado)<\/p>\n\t<p>\n\t\t<a href=\"https:\/\/lp.suno.com.br\/ebook-como-analisar-uma-acao\/\" target=\"_blank\" data-element=\"shortcode-suno-banner\" title=\"Banner SUNO, clique e saiba mais\">\n\t\t\t<picture>\n\t\t\t\t<source media=\"(max-width: 500px)\" srcset=\"https:\/\/files.sunoresearch.com.br\/n\/uploads\/2023\/12\/Ebook-Acoes-Mobile.jpg\">\n\t\t\t\t<img class=\"newsContent__article__imgCapa newsContent__article__imgCapa--banner\"\n\t\t\t\t\tsrc=\"https:\/\/files.sunoresearch.com.br\/n\/uploads\/2023\/12\/Ebook-Acoes-Desktop.webp\"\n\t\t\t\t\tdata-promo-id=\"311260\"\t\t\t\t\t\t\t\t\t\twidth='1420' height='286'\t\t\t\t\talt=\"https:\/\/files.sunoresearch.com.br\/n\/uploads\/2023\/12\/Ebook-Acoes-Desktop.webp\"\n\t\t\t\t>\n\t\t\t<\/picture>\n\t\t<\/a>\n\t<\/p>\n\n\n","protected":false},"excerpt":{"rendered":"<p>Dias ap\u00f3s indicar o nome de Jean-Paul Prates \u00e0 presid\u00eancia da Petrobras (PETR4), o novo governo j\u00e1 articula sua aprova\u00e7\u00e3o como interino junto ao atual conselho de administra\u00e7\u00e3o da estatal. As conversas com os atuais conselheiros acontecem em paralelo \u00e0 checagem dos documentos e do curr\u00edculo de Prates pela \u00e1rea de conformidade da estatal. Petrobras [&hellip;]<\/p>\n","protected":false},"author":173,"featured_media":323503,"comment_status":"closed","ping_status":"closed","sticky":false,"template":"","format":"standard","meta":[],"categories":[64],"tags":[595],"suno_strategy":[],"class_list":["post-342448","post","type-post","status-publish","format-standard","has-post-thumbnail","hentry","category-negocios","tag-petrobras-petr4"],"yoast_head":"<!-- This site is optimized with the Yoast SEO plugin v24.4 - https:\/\/yoast.com\/wordpress\/plugins\/seo\/ -->\n<title>Governo articula para acelerar a aprova\u00e7\u00e3o de Prates na Petrobras<\/title>\n<meta name=\"description\" content=\"O governo est\u00e1 articulando para acelerar a aprova\u00e7\u00e3o de Prates na Petrobras (PETR4). Saiba mais informa\u00e7\u00f5es sobre o comando da Petrobras.\" \/>\n<meta name=\"robots\" content=\"index, follow, max-snippet:-1, max-image-preview:large, max-video-preview:-1\" \/>\n<link rel=\"canonical\" href=\"https:\/\/www.suno.com.br\/noticias\/governo-acelerar-aprovacao-prates-petrobras-petr4\/\" \/>\n<meta property=\"og:locale\" content=\"pt_BR\" \/>\n<meta property=\"og:type\" content=\"article\" \/>\n<meta property=\"og:title\" content=\"Governo articula para acelerar a aprova\u00e7\u00e3o de Prates na Petrobras\" \/>\n<meta property=\"og:description\" content=\"O governo est\u00e1 articulando para acelerar a aprova\u00e7\u00e3o de Prates na Petrobras (PETR4). Saiba mais informa\u00e7\u00f5es sobre o comando da Petrobras.\" \/>\n<meta property=\"og:url\" content=\"https:\/\/www.suno.com.br\/noticias\/governo-acelerar-aprovacao-prates-petrobras-petr4\/\" \/>\n<meta property=\"og:site_name\" content=\"Suno Not\u00edcias\" \/>\n<meta property=\"article:publisher\" content=\"https:\/\/facebook.com\/sunoresearch\" \/>\n<meta property=\"og:image\" content=\"https:\/\/files.sunoresearch.com.br\/n\/uploads\/2022\/11\/petrobras-petr4.jpg\" \/>\n\t<meta property=\"og:image:width\" content=\"1200\" \/>\n\t<meta property=\"og:image:height\" content=\"800\" \/>\n\t<meta property=\"og:image:type\" content=\"image\/jpeg\" \/>\n<meta name=\"author\" content=\"Jo\u00e3o Vitor\" \/>\n<meta name=\"twitter:card\" content=\"summary_large_image\" \/>\n<meta name=\"twitter:creator\" content=\"@sunoresearch\" \/>\n<meta name=\"twitter:site\" content=\"@sunoresearch\" \/>\n<meta name=\"twitter:label1\" content=\"Escrito por\" \/>\n\t<meta name=\"twitter:data1\" content=\"Jo\u00e3o Vitor\" \/>\n\t<meta name=\"twitter:label2\" content=\"Est. tempo de leitura\" \/>\n\t<meta name=\"twitter:data2\" content=\"3 minutos\" \/>\n<script type=\"application\/ld+json\" class=\"yoast-schema-graph\">{\"@context\":\"https:\/\/schema.org\",\"@graph\":[{\"@type\":\"NewsArticle\",\"@id\":\"https:\/\/www.suno.com.br\/noticias\/governo-acelerar-aprovacao-prates-petrobras-petr4\/#article\",\"isPartOf\":{\"@id\":\"https:\/\/www.suno.com.br\/noticias\/governo-acelerar-aprovacao-prates-petrobras-petr4\/\"},\"author\":{\"name\":\"Jo\u00e3o Vitor\",\"@id\":\"https:\/\/www.suno.com.br\/noticias\/#\/schema\/person\/87fc6973867c52dd884811905c43afba\"},\"headline\":\"Governo articula para acelerar a aprova\u00e7\u00e3o de Prates na Petrobras (PETR4)\",\"datePublished\":\"2023-01-07T12:32:01+00:00\",\"dateModified\":\"2023-01-07T23:13:18+00:00\",\"mainEntityOfPage\":{\"@id\":\"https:\/\/www.suno.com.br\/noticias\/governo-acelerar-aprovacao-prates-petrobras-petr4\/\"},\"wordCount\":685,\"publisher\":{\"@id\":\"https:\/\/www.suno.com.br\/noticias\/#organization\"},\"image\":{\"@id\":\"https:\/\/www.suno.com.br\/noticias\/governo-acelerar-aprovacao-prates-petrobras-petr4\/#primaryimage\"},\"thumbnailUrl\":\"https:\/\/files.sunoresearch.com.br\/n\/uploads\/2022\/11\/petrobras-petr4.jpg\",\"keywords\":[\"Petrobras (PETR4)\"],\"articleSection\":[\"Neg\u00f3cios\"],\"inLanguage\":\"pt-BR\"},{\"@type\":\"WebPage\",\"@id\":\"https:\/\/www.suno.com.br\/noticias\/governo-acelerar-aprovacao-prates-petrobras-petr4\/\",\"url\":\"https:\/\/www.suno.com.br\/noticias\/governo-acelerar-aprovacao-prates-petrobras-petr4\/\",\"name\":\"Governo articula para acelerar a aprova\u00e7\u00e3o de Prates na Petrobras\",\"isPartOf\":{\"@id\":\"https:\/\/www.suno.com.br\/noticias\/#website\"},\"primaryImageOfPage\":{\"@id\":\"https:\/\/www.suno.com.br\/noticias\/governo-acelerar-aprovacao-prates-petrobras-petr4\/#primaryimage\"},\"image\":{\"@id\":\"https:\/\/www.suno.com.br\/noticias\/governo-acelerar-aprovacao-prates-petrobras-petr4\/#primaryimage\"},\"thumbnailUrl\":\"https:\/\/files.sunoresearch.com.br\/n\/uploads\/2022\/11\/petrobras-petr4.jpg\",\"datePublished\":\"2023-01-07T12:32:01+00:00\",\"dateModified\":\"2023-01-07T23:13:18+00:00\",\"description\":\"O governo est\u00e1 articulando para acelerar a aprova\u00e7\u00e3o de Prates na Petrobras (PETR4). Saiba mais informa\u00e7\u00f5es sobre o comando da Petrobras.\",\"breadcrumb\":{\"@id\":\"https:\/\/www.suno.com.br\/noticias\/governo-acelerar-aprovacao-prates-petrobras-petr4\/#breadcrumb\"},\"inLanguage\":\"pt-BR\",\"potentialAction\":[{\"@type\":\"ReadAction\",\"target\":[\"https:\/\/www.suno.com.br\/noticias\/governo-acelerar-aprovacao-prates-petrobras-petr4\/\"]}]},{\"@type\":\"ImageObject\",\"inLanguage\":\"pt-BR\",\"@id\":\"https:\/\/www.suno.com.br\/noticias\/governo-acelerar-aprovacao-prates-petrobras-petr4\/#primaryimage\",\"url\":\"https:\/\/files.sunoresearch.com.br\/n\/uploads\/2022\/11\/petrobras-petr4.jpg\",\"contentUrl\":\"https:\/\/files.sunoresearch.com.br\/n\/uploads\/2022\/11\/petrobras-petr4.jpg\",\"width\":1200,\"height\":800,\"caption\":\"Petrobras (PETR4). Foto: Divulga\u00e7\u00e3o\"},{\"@type\":\"BreadcrumbList\",\"@id\":\"https:\/\/www.suno.com.br\/noticias\/governo-acelerar-aprovacao-prates-petrobras-petr4\/#breadcrumb\",\"itemListElement\":[{\"@type\":\"ListItem\",\"position\":1,\"name\":\"Not\u00edcias\",\"item\":\"https:\/\/www.suno.com.br\/noticias\/\"},{\"@type\":\"ListItem\",\"position\":2,\"name\":\"Neg\u00f3cios\",\"item\":\"https:\/\/www.suno.com.br\/noticias\/negocios\/\"},{\"@type\":\"ListItem\",\"position\":3,\"name\":\"Governo articula para acelerar a aprova\u00e7\u00e3o de Prates na Petrobras (PETR4)\"}]},{\"@type\":\"WebSite\",\"@id\":\"https:\/\/www.suno.com.br\/noticias\/#website\",\"url\":\"https:\/\/www.suno.com.br\/noticias\/\",\"name\":\"Suno Not\u00edcias\",\"description\":\"Seu portal de informa\u00e7\u00e3o sobre o mundo dos investimentos\",\"publisher\":{\"@id\":\"https:\/\/www.suno.com.br\/noticias\/#organization\"},\"potentialAction\":[{\"@type\":\"SearchAction\",\"target\":{\"@type\":\"EntryPoint\",\"urlTemplate\":\"https:\/\/www.suno.com.br\/noticias\/?s={search_term_string}\"},\"query-input\":{\"@type\":\"PropertyValueSpecification\",\"valueRequired\":true,\"valueName\":\"search_term_string\"}}],\"inLanguage\":\"pt-BR\"},{\"@type\":\"Organization\",\"@id\":\"https:\/\/www.suno.com.br\/noticias\/#organization\",\"name\":\"Suno Not\u00edcias\",\"url\":\"https:\/\/www.suno.com.br\/noticias\/\",\"logo\":{\"@type\":\"ImageObject\",\"inLanguage\":\"pt-BR\",\"@id\":\"https:\/\/www.suno.com.br\/noticias\/#\/schema\/logo\/image\/\",\"url\":\"https:\/\/files.sunoresearch.com.br\/n\/uploads\/2021\/09\/suno-logo.png\",\"contentUrl\":\"https:\/\/files.sunoresearch.com.br\/n\/uploads\/2021\/09\/suno-logo.png\",\"width\":180,\"height\":180,\"caption\":\"Suno Not\u00edcias\"},\"image\":{\"@id\":\"https:\/\/www.suno.com.br\/noticias\/#\/schema\/logo\/image\/\"},\"sameAs\":[\"https:\/\/facebook.com\/sunoresearch\",\"https:\/\/x.com\/sunoresearch\",\"https:\/\/www.instagram.com\/suno\",\"https:\/\/www.linkedin.com\/company\/suno-research\/\",\"https:\/\/www.youtube.com\/c\/sunoresearch\"]},{\"@type\":\"Person\",\"@id\":\"https:\/\/www.suno.com.br\/noticias\/#\/schema\/person\/87fc6973867c52dd884811905c43afba\",\"name\":\"Jo\u00e3o Vitor\",\"image\":{\"@type\":\"ImageObject\",\"inLanguage\":\"pt-BR\",\"@id\":\"https:\/\/www.suno.com.br\/noticias\/#\/schema\/person\/image\/\",\"url\":\"https:\/\/secure.gravatar.com\/avatar\/2843227ca03ccf8cc7ccca45204c127e?s=96&r=g\",\"contentUrl\":\"https:\/\/secure.gravatar.com\/avatar\/2843227ca03ccf8cc7ccca45204c127e?s=96&r=g\",\"caption\":\"Jo\u00e3o Vitor\"},\"description\":\"Redator profissional, com atua\u00e7\u00e3o no mercado editorial na produ\u00e7\u00e3o de not\u00edcias e conte\u00fados sobre o mercado de a\u00e7\u00f5es, fundos imobili\u00e1rios e economia popular. Graduando em Engenharia Qu\u00edmica pela Unesp, tamb\u00e9m j\u00e1 atuou como consultor financeiro.\",\"url\":\"https:\/\/www.suno.com.br\/noticias\/author\/joao-vitor-jacintho\/\"}]}<\/script>\n<!-- \/ Yoast SEO plugin. -->","yoast_head_json":{"title":"Governo articula para acelerar a aprova\u00e7\u00e3o de Prates na Petrobras","description":"O governo est\u00e1 articulando para acelerar a aprova\u00e7\u00e3o de Prates na Petrobras (PETR4). Saiba mais informa\u00e7\u00f5es sobre o comando da Petrobras.","robots":{"index":"index","follow":"follow","max-snippet":"max-snippet:-1","max-image-preview":"max-image-preview:large","max-video-preview":"max-video-preview:-1"},"canonical":"https:\/\/www.suno.com.br\/noticias\/governo-acelerar-aprovacao-prates-petrobras-petr4\/","og_locale":"pt_BR","og_type":"article","og_title":"Governo articula para acelerar a aprova\u00e7\u00e3o de Prates na Petrobras","og_description":"O governo est\u00e1 articulando para acelerar a aprova\u00e7\u00e3o de Prates na Petrobras (PETR4). Saiba mais informa\u00e7\u00f5es sobre o comando da Petrobras.","og_url":"https:\/\/www.suno.com.br\/noticias\/governo-acelerar-aprovacao-prates-petrobras-petr4\/","og_site_name":"Suno Not\u00edcias","article_publisher":"https:\/\/facebook.com\/sunoresearch","og_image":[{"width":1200,"height":800,"url":"https:\/\/files.sunoresearch.com.br\/n\/uploads\/2022\/11\/petrobras-petr4.jpg","type":"image\/jpeg"}],"author":"Jo\u00e3o Vitor","twitter_card":"summary_large_image","twitter_creator":"@sunoresearch","twitter_site":"@sunoresearch","twitter_misc":{"Escrito por":"Jo\u00e3o Vitor","Est. tempo de leitura":"3 minutos"},"schema":{"@context":"https:\/\/schema.org","@graph":[{"@type":"NewsArticle","@id":"https:\/\/www.suno.com.br\/noticias\/governo-acelerar-aprovacao-prates-petrobras-petr4\/#article","isPartOf":{"@id":"https:\/\/www.suno.com.br\/noticias\/governo-acelerar-aprovacao-prates-petrobras-petr4\/"},"author":{"name":"Jo\u00e3o Vitor","@id":"https:\/\/www.suno.com.br\/noticias\/#\/schema\/person\/87fc6973867c52dd884811905c43afba"},"headline":"Governo articula para acelerar a aprova\u00e7\u00e3o de Prates na Petrobras (PETR4)","datePublished":"2023-01-07T12:32:01+00:00","dateModified":"2023-01-07T23:13:18+00:00","mainEntityOfPage":{"@id":"https:\/\/www.suno.com.br\/noticias\/governo-acelerar-aprovacao-prates-petrobras-petr4\/"},"wordCount":685,"publisher":{"@id":"https:\/\/www.suno.com.br\/noticias\/#organization"},"image":{"@id":"https:\/\/www.suno.com.br\/noticias\/governo-acelerar-aprovacao-prates-petrobras-petr4\/#primaryimage"},"thumbnailUrl":"https:\/\/files.sunoresearch.com.br\/n\/uploads\/2022\/11\/petrobras-petr4.jpg","keywords":["Petrobras (PETR4)"],"articleSection":["Neg\u00f3cios"],"inLanguage":"pt-BR"},{"@type":"WebPage","@id":"https:\/\/www.suno.com.br\/noticias\/governo-acelerar-aprovacao-prates-petrobras-petr4\/","url":"https:\/\/www.suno.com.br\/noticias\/governo-acelerar-aprovacao-prates-petrobras-petr4\/","name":"Governo articula para acelerar a aprova\u00e7\u00e3o de Prates na Petrobras","isPartOf":{"@id":"https:\/\/www.suno.com.br\/noticias\/#website"},"primaryImageOfPage":{"@id":"https:\/\/www.suno.com.br\/noticias\/governo-acelerar-aprovacao-prates-petrobras-petr4\/#primaryimage"},"image":{"@id":"https:\/\/www.suno.com.br\/noticias\/governo-acelerar-aprovacao-prates-petrobras-petr4\/#primaryimage"},"thumbnailUrl":"https:\/\/files.sunoresearch.com.br\/n\/uploads\/2022\/11\/petrobras-petr4.jpg","datePublished":"2023-01-07T12:32:01+00:00","dateModified":"2023-01-07T23:13:18+00:00","description":"O governo est\u00e1 articulando para acelerar a aprova\u00e7\u00e3o de Prates na Petrobras (PETR4). Saiba mais informa\u00e7\u00f5es sobre o comando da Petrobras.","breadcrumb":{"@id":"https:\/\/www.suno.com.br\/noticias\/governo-acelerar-aprovacao-prates-petrobras-petr4\/#breadcrumb"},"inLanguage":"pt-BR","potentialAction":[{"@type":"ReadAction","target":["https:\/\/www.suno.com.br\/noticias\/governo-acelerar-aprovacao-prates-petrobras-petr4\/"]}]},{"@type":"ImageObject","inLanguage":"pt-BR","@id":"https:\/\/www.suno.com.br\/noticias\/governo-acelerar-aprovacao-prates-petrobras-petr4\/#primaryimage","url":"https:\/\/files.sunoresearch.com.br\/n\/uploads\/2022\/11\/petrobras-petr4.jpg","contentUrl":"https:\/\/files.sunoresearch.com.br\/n\/uploads\/2022\/11\/petrobras-petr4.jpg","width":1200,"height":800,"caption":"Petrobras (PETR4). Foto: Divulga\u00e7\u00e3o"},{"@type":"BreadcrumbList","@id":"https:\/\/www.suno.com.br\/noticias\/governo-acelerar-aprovacao-prates-petrobras-petr4\/#breadcrumb","itemListElement":[{"@type":"ListItem","position":1,"name":"Not\u00edcias","item":"https:\/\/www.suno.com.br\/noticias\/"},{"@type":"ListItem","position":2,"name":"Neg\u00f3cios","item":"https:\/\/www.suno.com.br\/noticias\/negocios\/"},{"@type":"ListItem","position":3,"name":"Governo articula para acelerar a aprova\u00e7\u00e3o de Prates na Petrobras (PETR4)"}]},{"@type":"WebSite","@id":"https:\/\/www.suno.com.br\/noticias\/#website","url":"https:\/\/www.suno.com.br\/noticias\/","name":"Suno Not\u00edcias","description":"Seu portal de informa\u00e7\u00e3o sobre o mundo dos investimentos","publisher":{"@id":"https:\/\/www.suno.com.br\/noticias\/#organization"},"potentialAction":[{"@type":"SearchAction","target":{"@type":"EntryPoint","urlTemplate":"https:\/\/www.suno.com.br\/noticias\/?s={search_term_string}"},"query-input":{"@type":"PropertyValueSpecification","valueRequired":true,"valueName":"search_term_string"}}],"inLanguage":"pt-BR"},{"@type":"Organization","@id":"https:\/\/www.suno.com.br\/noticias\/#organization","name":"Suno Not\u00edcias","url":"https:\/\/www.suno.com.br\/noticias\/","logo":{"@type":"ImageObject","inLanguage":"pt-BR","@id":"https:\/\/www.suno.com.br\/noticias\/#\/schema\/logo\/image\/","url":"https:\/\/files.sunoresearch.com.br\/n\/uploads\/2021\/09\/suno-logo.png","contentUrl":"https:\/\/files.sunoresearch.com.br\/n\/uploads\/2021\/09\/suno-logo.png","width":180,"height":180,"caption":"Suno Not\u00edcias"},"image":{"@id":"https:\/\/www.suno.com.br\/noticias\/#\/schema\/logo\/image\/"},"sameAs":["https:\/\/facebook.com\/sunoresearch","https:\/\/x.com\/sunoresearch","https:\/\/www.instagram.com\/suno","https:\/\/www.linkedin.com\/company\/suno-research\/","https:\/\/www.youtube.com\/c\/sunoresearch"]},{"@type":"Person","@id":"https:\/\/www.suno.com.br\/noticias\/#\/schema\/person\/87fc6973867c52dd884811905c43afba","name":"Jo\u00e3o Vitor","image":{"@type":"ImageObject","inLanguage":"pt-BR","@id":"https:\/\/www.suno.com.br\/noticias\/#\/schema\/person\/image\/","url":"https:\/\/secure.gravatar.com\/avatar\/2843227ca03ccf8cc7ccca45204c127e?s=96&r=g","contentUrl":"https:\/\/secure.gravatar.com\/avatar\/2843227ca03ccf8cc7ccca45204c127e?s=96&r=g","caption":"Jo\u00e3o Vitor"},"description":"Redator profissional, com atua\u00e7\u00e3o no mercado editorial na produ\u00e7\u00e3o de not\u00edcias e conte\u00fados sobre o mercado de a\u00e7\u00f5es, fundos imobili\u00e1rios e economia popular. Graduando em Engenharia Qu\u00edmica pela Unesp, tamb\u00e9m j\u00e1 atuou como consultor financeiro.","url":"https:\/\/www.suno.com.br\/noticias\/author\/joao-vitor-jacintho\/"}]}},"default_loop_html":"<div class=\"cardsPage__listCard__boxs\"><div class=\"cardsPage__listCard__boxs__img\"><a href=\"https:\/\/www.suno.com.br\/noticias\/governo-acelerar-aprovacao-prates-petrobras-petr4\/\"><img class=\"mask\" src=\"https:\/\/www.suno.com.br\/noticias\/wp-content\/themes\/suno\/resources\/images\/spotlight\/spotlight1img\/bg-mask.png\" alt=\"Image Mask\"\/><img src=\"https:\/\/files.sunoresearch.com.br\/n\/uploads\/2022\/11\/petrobras-petr4-400x200.jpg\" alt=\"Governo articula para acelerar a aprova\u00e7\u00e3o de Prates na Petrobras (PETR4)\"\/><\/a><span class=\"spotlightCategory\"><a href=\"https:\/\/www.suno.com.br\/noticias\/negocios\/\">Neg\u00f3cios<\/a><\/span><\/div><div class=\"cardsPage__listCard__boxs__content\"><a href=\"https:\/\/www.suno.com.br\/noticias\/governo-acelerar-aprovacao-prates-petrobras-petr4\/\"><h2 class=\"content__title\">Governo articula para acelerar a aprova\u00e7\u00e3o de Prates na Petrobras (PETR4)<\/h2><\/a><div class=\"newsContent__article__meta\"><div class=\"newsContent__article__meta__authorBox\"><a href=\"https:\/\/www.suno.com.br\/noticias\/author\/joao-vitor-jacintho\/\" class=\"authorBox__avatar noMobi\"><img src=\"https:\/\/secure.gravatar.com\/avatar\/2843227ca03ccf8cc7ccca45204c127e?s=96&#038;r=g\" alt=\"Jo\u00e3o Vitor Jacintho\"><\/a><div class=\"authorBox__name\"><span>por\n\t\t\t<a href=\"https:\/\/www.suno.com.br\/noticias\/author\/joao-vitor-jacintho\/\"><span itemprop=\"author\">Jo\u00e3o Vitor Jacintho<\/span><\/a><\/span><time datetime=\"2023-01-07T09:32:01-03:00\" itemprop=\"datePublished\">07\/01\/2023 09:32<\/time><\/div><\/div><\/div><\/div><\/div>","single_layout":"posts","amp_enabled":true,"_links":{"self":[{"href":"https:\/\/www.suno.com.br\/noticias\/wp-json\/wp\/v2\/posts\/342448"}],"collection":[{"href":"https:\/\/www.suno.com.br\/noticias\/wp-json\/wp\/v2\/posts"}],"about":[{"href":"https:\/\/www.suno.com.br\/noticias\/wp-json\/wp\/v2\/types\/post"}],"author":[{"embeddable":true,"href":"https:\/\/www.suno.com.br\/noticias\/wp-json\/wp\/v2\/users\/173"}],"replies":[{"embeddable":true,"href":"https:\/\/www.suno.com.br\/noticias\/wp-json\/wp\/v2\/comments?post=342448"}],"version-history":[{"count":3,"href":"https:\/\/www.suno.com.br\/noticias\/wp-json\/wp\/v2\/posts\/342448\/revisions"}],"predecessor-version":[{"id":342535,"href":"https:\/\/www.suno.com.br\/noticias\/wp-json\/wp\/v2\/posts\/342448\/revisions\/342535"}],"wp:featuredmedia":[{"embeddable":true,"href":"https:\/\/www.suno.com.br\/noticias\/wp-json\/wp\/v2\/media\/323503"}],"wp:attachment":[{"href":"https:\/\/www.suno.com.br\/noticias\/wp-json\/wp\/v2\/media?parent=342448"}],"wp:term":[{"taxonomy":"category","embeddable":true,"href":"https:\/\/www.suno.com.br\/noticias\/wp-json\/wp\/v2\/categories?post=342448"},{"taxonomy":"post_tag","embeddable":true,"href":"https:\/\/www.suno.com.br\/noticias\/wp-json\/wp\/v2\/tags?post=342448"},{"taxonomy":"suno_strategy","embeddable":true,"href":"https:\/\/www.suno.com.br\/noticias\/wp-json\/wp\/v2\/suno_strategy?post=342448"}],"curies":[{"name":"wp","href":"https:\/\/api.w.org\/{rel}","templated":true}]}}