{"id":342099,"date":"2023-01-06T18:27:30","date_gmt":"2023-01-06T21:27:30","guid":{"rendered":"https:\/\/www.suno.com.br\/noticias\/?p=342099"},"modified":"2023-01-06T18:27:35","modified_gmt":"2023-01-06T21:27:35","slug":"petrobras-petr4-lula-articulacao-prates","status":"publish","type":"post","link":"https:\/\/www.suno.com.br\/noticias\/petrobras-petr4-lula-articulacao-prates\/","title":{"rendered":"Petrobras (PETR4): Governo Lula se aproxima dos votos no Conselho para Prates poder assumir presid\u00eancia"},"content":{"rendered":"<p>Indicado pelo presidente Luiz In\u00e1cio Lula da Silva (PT) para a presid\u00eancia da <strong>Petrobras (<a href=\"https:\/\/www.suno.com.br\/acoes\/petr4\/\" target=\"_blank\" rel=\"noreferrer noopener\">PETR4<\/a>)<\/strong>, o senador Jean Paul Prates conta com quatro dos seis votos necess\u00e1rios para assumir a gest\u00e3o da estatal. Segundo informa\u00e7\u00f5es divulgadas nesta sexta (6), o governo petista articula a aprova\u00e7\u00e3o do pol\u00edtico junto ao atual <a class=\"suno-keyword\" data-force=\"no\" data-priority=\"1\" href=\"https:\/\/www.suno.com.br\/artigos\/conselho-administracao\/\" target=\"_blank\" rel=\"noopener\">conselho de administra\u00e7\u00e3o<\/a> da companhia.<\/p><div class=\"videoFull \">\n\t\t\t<div class=\"videoWrapper yt-lazyload center\"\n\t\t\t\tdata-width=\"960\"\n\t\t\t\tdata-height=\"540\"\n\t\t\t\tdata-id=\"bbSIcc4GYBs\"\n\t\t\t\tdata-alt=\"V\u00eddeo do YouTube - clique para reproduzir\"\n\t\t\t\tdata-logo=\"3\"\n\t\t\t\tdata-imagequality=\"maxres\">\n\t\t\t<\/div>\n\t\t<\/div><script type=\"application\/ld+json\">{\"@context\":\"https:\/\/schema.org\",\"@type\":\"VideoObject\",\"name\":\"PETROBRAS (PETR4): Quem \u00e9 novo CEO Jean Paul Prates e o que defende | Suno Not\u00edcias\",\"description\":\"\ud83d\udea8\ud83d\udcb8\ud835\udc01\ud835\udc1a\ud835\udc22\ud835\udc31\ud835\udc1e \ud835\udc28 \ud835\udc20\ud835\udc2e\ud835\udc22\ud835\udc1a \"\ud835\udc02\ud835\udc28\ud835\udc26\ud835\udc28 \ud835\udc22\ud835\udc27\ud835\udc2f\ud835\udc1e\ud835\udc2c\ud835\udc2d\ud835\udc22\ud835\udc2b \ud835\udc1e\ud835\udc26 \ud835\udfd0\ud835\udfce\ud835\udfd0\ud835\udfd1\" \ud835\udc27\ud835\udc28 \ud835\udc25\ud835\udc22\ud835\udc27\ud835\udc24 \ud83d\udc47 https:\/\/lp.suno.com.br\/cl\/sr-guia-como-investir-em-2023\/?utm_source=youtube.noticias&utm_medium=video&utm_campaign=N\/A.ns.20230105&utm_content=ytnoticias.ceopetr4.05012023 #Not\u00edciasdoDia #Not\u00edcias #petr4 #petrobras #petrobras2023 #ceodapetrobras #presidentedapetrobras #ppi #a\u00e7\u00f5es #rendavari\u00e1vel #rendavariavel #governolula \ud83d\udd34\ud835\udc08\ud835\udc0d\ud835\udc12\ud835\udc02\ud835\udc11\ud835\udc04\ud835\udc15\ud835\udc00-\ud835\udc12\ud835\udc04 \ud835\udc0d\ud835\udc0e \ud835\udc02\ud835\udc00\ud835\udc0d\ud835\udc00\ud835\udc0b \ud835\udc04 \ud835\udc00\ud835\udc13\ud835\udc08\ud835\udc15\ud835\udc04 \ud835\udc0e \ud835\udc12\ud835\udc08\ud835\udc0d\ud835\udc0e \ud83d\udc47 https:\/\/bit.ly\/INSCREVA-SEATIVEOSINO Jean Paul Prates tem mais de 30 anos de trabalho nas \u00e1reas de petr\u00f3leo, g\u00e1s natural, biocombust\u00edveis, energia renov\u00e1vel e recursos naturais. Ele\u2026\",\"duration\":\"PT6M48S\",\"embedUrl\":\"https:\/\/www.youtube.com\/embed\/bbSIcc4GYBs\",\"regionsAllowed\":\"pt-BR\",\"interactionStatistic\":{\"@type\":\"InteractionCounter\",\"interactionType\":{\"@type\":\"WatchAction\"},\"userInteractionCount\":921},\"thumbnailUrl\":\"https:\/\/i.ytimg.com\/vi\/bbSIcc4GYBs\/default.jpg\",\"uploadDate\":\"2023-01-05T15:34:24Z\"}<\/script>\n\n\n\n\n\t<p>\n\t\t<a href=\"\" target=\"_blank\" data-element=\"shortcode-suno-banner\" title=\"Banner SUNO, clique e saiba mais\">\n\t\t\t<picture>\n\t\t\t\t<source media=\"(max-width: 500px)\" srcset=\"\">\n\t\t\t\t<img class=\"newsContent__article__imgCapa newsContent__article__imgCapa--banner\"\n\t\t\t\t\tsrc=\"\"\n\t\t\t\t\tdata-promo-id=\"254218\"\t\t\t\t\t\t\t\t\t\t\t\t\t\t\talt=\"\"\n\t\t\t\t>\n\t\t\t<\/picture>\n\t\t<\/a>\n\t<\/p>\n\n\n\n\n\n<p>De acordo com a apura\u00e7\u00e3o do Broadcast\/O Estado de S\u00e3o Paulo, esses votos favor\u00e1veis a <strong>Jean Paul Prates<\/strong> seriam de tr\u00eas dos quatro conselheiros minorit\u00e1rios da estatal e de Ros\u00e2ngela Buzanelli, representante dos funcion\u00e1rios no conselho.<\/p>\n\n\n\n<p>Atualmente, o<strong> <a class=\"suno-keyword\" target=\"_blank\" data-force=\"no\" data-priority=\"1\" href=\"https:\/\/www.suno.com.br\/artigos\/conselho-administracao\/\" rel=\"noopener\">conselho de administra\u00e7\u00e3o<\/a> da Petrobras<\/strong> \u00e9 composto por cinco conselheiros majorit\u00e1rios, indicados pelo ex-presidente Jair Bolsonaro (PL), quatro minorit\u00e1rios e a representante dos funcion\u00e1rios. Caio Paes de Andrade, ex-presidente da estatal e 11\u00ba conselheiro, renunciou ao cargo nesta semana.<\/p>\n\n\n\n<p>Segundo a apura\u00e7\u00e3o, esses quatro votos favor\u00e1veis s\u00f3 mudariam caso o comit\u00ea de pessoas da Petrobras aponte claras irregularidades na indica\u00e7\u00e3o.<\/p>\n\n\n\t<p>\n\t\t<a href=\"https:\/\/lp.suno.com.br\/planilha-controle-gastos\/\" target=\"_blank\" data-element=\"shortcode-suno-banner\" title=\"Banner SUNO, clique e saiba mais\">\n\t\t\t<picture>\n\t\t\t\t<source media=\"(max-width: 500px)\" srcset=\"https:\/\/files.sunoresearch.com.br\/n\/uploads\/2023\/03\/400x300-Planilha-controle-de-gastos.png\">\n\t\t\t\t<img class=\"newsContent__article__imgCapa newsContent__article__imgCapa--banner\"\n\t\t\t\t\tsrc=\"https:\/\/files.sunoresearch.com.br\/n\/uploads\/2023\/03\/1420x240-Planilha-controle-de-gastos.png\"\n\t\t\t\t\tdata-promo-id=\"101751\"\t\t\t\t\t\t\t\t\t\twidth='1420' height='240'\t\t\t\t\talt=\"https:\/\/files.sunoresearch.com.br\/n\/uploads\/2023\/03\/1420x240-Planilha-controle-de-gastos.png\"\n\t\t\t\t>\n\t\t\t<\/picture>\n\t\t<\/a>\n\t<\/p>\n\n\n\n\n\n<p>Prates tem dito que esse tr\u00e2mite deve acabar nas duas pr\u00f3ximas semanas, mas uma fonte da reportagem argumenta que a defini\u00e7\u00e3o dessa troca de comando deve ir at\u00e9 a virada de janeiro para fevereiro. &#8220;De toda forma, as coisas v\u00e3o acontecer mais r\u00e1pido do que uma parte do mercado espera&#8221;, avisa a fonte.<\/p>\n\n\n\n<p>Al\u00e9m dos tr\u00e2mites internos da Petrobras, a <strong>nomea\u00e7\u00e3o de Prates<\/strong> pode ser atingida por uma a\u00e7\u00e3o movida pelo vereador de S\u00e3o Paulo Rubinho Nunes, do Uni\u00e3o Brasil. Conforme antecipado pelo Suno Not\u00edcias, o vereador afirma que o senador n\u00e3o pode comandar a estatal porque isso fere a Lei das Estatais.<\/p>\n\n\n\n<p>\u201cPrates disputou as elei\u00e7\u00f5es em 2020, ent\u00e3o n\u00e3o cumpre o per\u00edodo de quarentena de 36 meses que deveria cumprir. Por esse motivo, a gente pede liminarmente que seja afastada a nomea\u00e7\u00e3o dele\u201d, destaca Nunes.<\/p>\n\n\n\n\t<div data-element=\"shortcode-read-more\" class=\"readToo\">\n\t\t\t\t<span class=\"readToo__title\">Leia mais<\/span>\n\t\t\t\t<ul class=\"readToo__list\">\n\t\t\t<li><a href=\"https:\/\/www.suno.com.br\/noticias\/petrobras-petr4-desafios-nova-gestao\/\">Petrobras (PETR4): desafios v\u00e3o al\u00e9m de mudan\u00e7a na pol\u00edtica de pre\u00e7os; entenda<\/a><\/li><li><a href=\"https:\/\/www.suno.com.br\/noticias\/petrobras-petr4-prates-presidencia-justica\/\">Petrobras (PETR4): indica\u00e7\u00e3o de Jean Paul Prates \u00e0 presid\u00eancia \u00e9 questionada e vai parar na Justi\u00e7a<\/a><\/li>\t\t<\/ul>\n\t<\/div>\n\n\n\n\n<p>Prates se candidatou \u00e0 prefeitura de Natal (RN) em 2020. Pela regra em vigor, pessoas que ocuparam estrutura decis\u00f3ria de partido ou estiveram presentes em campanhas eleitorais s\u00f3 podem ocupar cargos de presid\u00eancia ou dire\u00e7\u00e3o de empresas p\u00fablicas ap\u00f3s uma quarentena de 36 meses.<\/p>\n\n\n\n<p>Em dezembro de 2022, a C\u00e2mara dos Deputados aprovou uma mudan\u00e7a na Lei das Estatais, que diminui esse per\u00edodo para 30 dias. Contudo, esse ajuste s\u00f3 entra em vigor ap\u00f3s a aprova\u00e7\u00e3o no Senado e a san\u00e7\u00e3o presidencial.<\/p>\n\n\n\n<p>Al\u00e9m de beneficiar Prates, a altera\u00e7\u00e3o possibilita que Aloizio Mercadante (PT) assuma o comando do <a class=\"suno-keyword\" target=\"_blank\" data-force=\"no\" data-priority=\"2\" href=\"https:\/\/www.suno.com.br\/artigos\/bndes\/\" rel=\"noopener\">Banco Nacional de Desenvolvimento Econ\u00f4mico e Social (BNDES)<\/a>, outra indica\u00e7\u00e3o presidencial.<\/p>\n\n\n\n<p>Em dezembro, Nunes tamb\u00e9m havia entrado com uma a\u00e7\u00e3o na 5\u00aa Vara Federal do Distrito Federal contra a indica\u00e7\u00e3o de Mercadante, por tamb\u00e9m estar, segundo ele, em desacordo com a Lei das Estatais.<\/p>\n\n\n\t<p>\n\t\t<a href=\"https:\/\/lp.suno.com.br\/ebook-como-analisar-uma-acao\/\" target=\"_blank\" data-element=\"shortcode-suno-banner\" title=\"Banner SUNO, clique e saiba mais\">\n\t\t\t<picture>\n\t\t\t\t<source media=\"(max-width: 500px)\" srcset=\"https:\/\/files.sunoresearch.com.br\/n\/uploads\/2023\/03\/Ebook-Acoes-Mobile-1.jpg\">\n\t\t\t\t<img class=\"newsContent__article__imgCapa newsContent__article__imgCapa--banner\"\n\t\t\t\t\tsrc=\"https:\/\/files.sunoresearch.com.br\/n\/uploads\/2023\/03\/Ebook-Acoes-Desktop-1.jpg\"\n\t\t\t\t\tdata-promo-id=\"171998\"\t\t\t\t\t\t\t\t\t\twidth='1420' height='286'\t\t\t\t\talt=\"https:\/\/files.sunoresearch.com.br\/n\/uploads\/2023\/03\/Ebook-Acoes-Desktop-1.jpg\"\n\t\t\t\t>\n\t\t\t<\/picture>\n\t\t<\/a>\n\t<\/p>\n\n\n\n\n\n<h2 class=\"wp-block-heading\" id=\"h-prates-na-petrobras\">Prates na Petrobras<\/h2>\n\n\n\n<p>Na \u00faltima ter\u00e7a (3), o Minist\u00e9rio de Minas e Energia (MME) encaminhou a indica\u00e7\u00e3o de Prates para a estatal.<\/p>\n\n\n\n<p>\u201cDe acordo com o of\u00edcio, o nome do senhor Jean Paul Terra Prates foi encaminhado \u00e0 Casa Civil da Presid\u00eancia da Rep\u00fablica, conforme disp\u00f5e o Decreto 8.945, de 27 de dezembro de 2016, e t\u00e3o logo a documenta\u00e7\u00e3o seja analisada e retorne ao Minist\u00e9rio das Minas e Energia, ser\u00e1 encaminhada \u00e0 Petrobras\u201d, comentou a <strong>Petrobras<\/strong> em nota.<\/p>\n\n\n\t<p>\n\t\t<a href=\"https:\/\/lp.suno.com.br\/planilha-de-controle-de-investimentos\/\" target=\"_blank\" data-element=\"shortcode-suno-banner\" title=\"Banner SUNO, clique e saiba mais\">\n\t\t\t<picture>\n\t\t\t\t<source media=\"(max-width: 500px)\" srcset=\"https:\/\/files.sunoresearch.com.br\/n\/uploads\/2023\/03\/400x300-Controle-de-Investimentos.png\">\n\t\t\t\t<img class=\"newsContent__article__imgCapa newsContent__article__imgCapa--banner\"\n\t\t\t\t\tsrc=\"https:\/\/files.sunoresearch.com.br\/n\/uploads\/2023\/03\/1420x240-Controle-de-Investimentos.png\"\n\t\t\t\t\tdata-promo-id=\"75934\"\t\t\t\t\t\t\t\t\t\twidth='1420' height='240'\t\t\t\t\talt=\"https:\/\/files.sunoresearch.com.br\/n\/uploads\/2023\/03\/1420x240-Controle-de-Investimentos.png\"\n\t\t\t\t>\n\t\t\t<\/picture>\n\t\t<\/a>\n\t<\/p>\n\n\n","protected":false},"excerpt":{"rendered":"<p>Indicado pelo presidente Luiz In\u00e1cio Lula da Silva (PT) para a presid\u00eancia da Petrobras (PETR4), o senador Jean Paul Prates conta com quatro dos seis votos necess\u00e1rios para assumir a gest\u00e3o da estatal. Segundo informa\u00e7\u00f5es divulgadas nesta sexta (6), o governo petista articula a aprova\u00e7\u00e3o do pol\u00edtico junto ao atual conselho de administra\u00e7\u00e3o da companhia. [&hellip;]<\/p>\n","protected":false},"author":232,"featured_media":342123,"comment_status":"closed","ping_status":"closed","sticky":false,"template":"","format":"standard","meta":[],"categories":[64],"tags":[286,595],"suno_strategy":[],"class_list":["post-342099","post","type-post","status-publish","format-standard","has-post-thumbnail","hentry","category-negocios","tag-acoes","tag-petrobras-petr4"],"yoast_head":"<!-- This site is optimized with the Yoast SEO plugin v24.4 - https:\/\/yoast.com\/wordpress\/plugins\/seo\/ -->\n<title>Petrobras (PETR4): Lula articula votos para Prates assumir presid\u00eancia<\/title>\n<meta name=\"description\" content=\"Indicado por Lula para a presid\u00eancia da Petrobras (PETR4), o senador Jean Paul Prates conta com quatro dos seis votos. Saiba mais!\" \/>\n<meta name=\"robots\" content=\"index, follow, max-snippet:-1, max-image-preview:large, max-video-preview:-1\" \/>\n<link rel=\"canonical\" href=\"https:\/\/www.suno.com.br\/noticias\/petrobras-petr4-lula-articulacao-prates\/\" \/>\n<meta property=\"og:locale\" content=\"pt_BR\" \/>\n<meta property=\"og:type\" content=\"article\" \/>\n<meta property=\"og:title\" content=\"Petrobras (PETR4): Lula articula votos para Prates assumir presid\u00eancia\" \/>\n<meta property=\"og:description\" content=\"Indicado por Lula para a presid\u00eancia da Petrobras (PETR4), o senador Jean Paul Prates conta com quatro dos seis votos. Saiba mais!\" \/>\n<meta property=\"og:url\" content=\"https:\/\/www.suno.com.br\/noticias\/petrobras-petr4-lula-articulacao-prates\/\" \/>\n<meta property=\"og:site_name\" content=\"Suno Not\u00edcias\" \/>\n<meta property=\"article:publisher\" content=\"https:\/\/facebook.com\/sunoresearch\" \/>\n<meta property=\"og:image\" content=\"https:\/\/files.sunoresearch.com.br\/n\/uploads\/2023\/01\/petrobras-petr4-senador-jean-paul-prates-foto-roque-de-sa-agencia-senado.jpg\" \/>\n\t<meta property=\"og:image:width\" content=\"1200\" \/>\n\t<meta property=\"og:image:height\" content=\"675\" \/>\n\t<meta property=\"og:image:type\" content=\"image\/jpeg\" \/>\n<meta name=\"author\" content=\"Erick Matheus Nery\" \/>\n<meta name=\"twitter:card\" content=\"summary_large_image\" \/>\n<meta name=\"twitter:creator\" content=\"@sunoresearch\" \/>\n<meta name=\"twitter:site\" content=\"@sunoresearch\" \/>\n<meta name=\"twitter:label1\" content=\"Escrito por\" \/>\n\t<meta name=\"twitter:data1\" content=\"Erick Matheus Nery\" \/>\n\t<meta name=\"twitter:label2\" content=\"Est. tempo de leitura\" \/>\n\t<meta name=\"twitter:data2\" content=\"3 minutos\" \/>\n<script type=\"application\/ld+json\" class=\"yoast-schema-graph\">{\"@context\":\"https:\/\/schema.org\",\"@graph\":[{\"@type\":\"NewsArticle\",\"@id\":\"https:\/\/www.suno.com.br\/noticias\/petrobras-petr4-lula-articulacao-prates\/#article\",\"isPartOf\":{\"@id\":\"https:\/\/www.suno.com.br\/noticias\/petrobras-petr4-lula-articulacao-prates\/\"},\"author\":{\"name\":\"Erick Matheus Nery\",\"@id\":\"https:\/\/www.suno.com.br\/noticias\/#\/schema\/person\/6899bc3f19d1a7315f807131c2c013a0\"},\"headline\":\"Petrobras (PETR4): Governo Lula se aproxima dos votos no Conselho para Prates poder assumir presid\u00eancia\",\"datePublished\":\"2023-01-06T21:27:30+00:00\",\"dateModified\":\"2023-01-06T21:27:35+00:00\",\"mainEntityOfPage\":{\"@id\":\"https:\/\/www.suno.com.br\/noticias\/petrobras-petr4-lula-articulacao-prates\/\"},\"wordCount\":591,\"publisher\":{\"@id\":\"https:\/\/www.suno.com.br\/noticias\/#organization\"},\"image\":{\"@id\":\"https:\/\/www.suno.com.br\/noticias\/petrobras-petr4-lula-articulacao-prates\/#primaryimage\"},\"thumbnailUrl\":\"https:\/\/files.sunoresearch.com.br\/n\/uploads\/2023\/01\/petrobras-petr4-senador-jean-paul-prates-foto-roque-de-sa-agencia-senado.jpg\",\"keywords\":[\"A\u00e7\u00f5es\",\"Petrobras (PETR4)\"],\"articleSection\":[\"Neg\u00f3cios\"],\"inLanguage\":\"pt-BR\"},{\"@type\":\"WebPage\",\"@id\":\"https:\/\/www.suno.com.br\/noticias\/petrobras-petr4-lula-articulacao-prates\/\",\"url\":\"https:\/\/www.suno.com.br\/noticias\/petrobras-petr4-lula-articulacao-prates\/\",\"name\":\"Petrobras (PETR4): Lula articula votos para Prates assumir presid\u00eancia\",\"isPartOf\":{\"@id\":\"https:\/\/www.suno.com.br\/noticias\/#website\"},\"primaryImageOfPage\":{\"@id\":\"https:\/\/www.suno.com.br\/noticias\/petrobras-petr4-lula-articulacao-prates\/#primaryimage\"},\"image\":{\"@id\":\"https:\/\/www.suno.com.br\/noticias\/petrobras-petr4-lula-articulacao-prates\/#primaryimage\"},\"thumbnailUrl\":\"https:\/\/files.sunoresearch.com.br\/n\/uploads\/2023\/01\/petrobras-petr4-senador-jean-paul-prates-foto-roque-de-sa-agencia-senado.jpg\",\"datePublished\":\"2023-01-06T21:27:30+00:00\",\"dateModified\":\"2023-01-06T21:27:35+00:00\",\"description\":\"Indicado por Lula para a presid\u00eancia da Petrobras (PETR4), o senador Jean Paul Prates conta com quatro dos seis votos. Saiba mais!\",\"breadcrumb\":{\"@id\":\"https:\/\/www.suno.com.br\/noticias\/petrobras-petr4-lula-articulacao-prates\/#breadcrumb\"},\"inLanguage\":\"pt-BR\",\"potentialAction\":[{\"@type\":\"ReadAction\",\"target\":[\"https:\/\/www.suno.com.br\/noticias\/petrobras-petr4-lula-articulacao-prates\/\"]}]},{\"@type\":\"ImageObject\",\"inLanguage\":\"pt-BR\",\"@id\":\"https:\/\/www.suno.com.br\/noticias\/petrobras-petr4-lula-articulacao-prates\/#primaryimage\",\"url\":\"https:\/\/files.sunoresearch.com.br\/n\/uploads\/2023\/01\/petrobras-petr4-senador-jean-paul-prates-foto-roque-de-sa-agencia-senado.jpg\",\"contentUrl\":\"https:\/\/files.sunoresearch.com.br\/n\/uploads\/2023\/01\/petrobras-petr4-senador-jean-paul-prates-foto-roque-de-sa-agencia-senado.jpg\",\"width\":1200,\"height\":675,\"caption\":\"Jean Paul Prates, presidente da Petrobras (PETR4). Foto: Roque de S\u00e1\/Ag\u00eancia Senado\"},{\"@type\":\"BreadcrumbList\",\"@id\":\"https:\/\/www.suno.com.br\/noticias\/petrobras-petr4-lula-articulacao-prates\/#breadcrumb\",\"itemListElement\":[{\"@type\":\"ListItem\",\"position\":1,\"name\":\"Not\u00edcias\",\"item\":\"https:\/\/www.suno.com.br\/noticias\/\"},{\"@type\":\"ListItem\",\"position\":2,\"name\":\"Neg\u00f3cios\",\"item\":\"https:\/\/www.suno.com.br\/noticias\/negocios\/\"},{\"@type\":\"ListItem\",\"position\":3,\"name\":\"Petrobras (PETR4): Governo Lula se aproxima dos votos no Conselho para Prates poder assumir presid\u00eancia\"}]},{\"@type\":\"WebSite\",\"@id\":\"https:\/\/www.suno.com.br\/noticias\/#website\",\"url\":\"https:\/\/www.suno.com.br\/noticias\/\",\"name\":\"Suno Not\u00edcias\",\"description\":\"Seu portal de informa\u00e7\u00e3o sobre o mundo dos investimentos\",\"publisher\":{\"@id\":\"https:\/\/www.suno.com.br\/noticias\/#organization\"},\"potentialAction\":[{\"@type\":\"SearchAction\",\"target\":{\"@type\":\"EntryPoint\",\"urlTemplate\":\"https:\/\/www.suno.com.br\/noticias\/?s={search_term_string}\"},\"query-input\":{\"@type\":\"PropertyValueSpecification\",\"valueRequired\":true,\"valueName\":\"search_term_string\"}}],\"inLanguage\":\"pt-BR\"},{\"@type\":\"Organization\",\"@id\":\"https:\/\/www.suno.com.br\/noticias\/#organization\",\"name\":\"Suno Not\u00edcias\",\"url\":\"https:\/\/www.suno.com.br\/noticias\/\",\"logo\":{\"@type\":\"ImageObject\",\"inLanguage\":\"pt-BR\",\"@id\":\"https:\/\/www.suno.com.br\/noticias\/#\/schema\/logo\/image\/\",\"url\":\"https:\/\/files.sunoresearch.com.br\/n\/uploads\/2021\/09\/suno-logo.png\",\"contentUrl\":\"https:\/\/files.sunoresearch.com.br\/n\/uploads\/2021\/09\/suno-logo.png\",\"width\":180,\"height\":180,\"caption\":\"Suno Not\u00edcias\"},\"image\":{\"@id\":\"https:\/\/www.suno.com.br\/noticias\/#\/schema\/logo\/image\/\"},\"sameAs\":[\"https:\/\/facebook.com\/sunoresearch\",\"https:\/\/x.com\/sunoresearch\",\"https:\/\/www.instagram.com\/suno\",\"https:\/\/www.linkedin.com\/company\/suno-research\/\",\"https:\/\/www.youtube.com\/c\/sunoresearch\"]},{\"@type\":\"Person\",\"@id\":\"https:\/\/www.suno.com.br\/noticias\/#\/schema\/person\/6899bc3f19d1a7315f807131c2c013a0\",\"name\":\"Erick Matheus Nery\",\"image\":{\"@type\":\"ImageObject\",\"inLanguage\":\"pt-BR\",\"@id\":\"https:\/\/www.suno.com.br\/noticias\/#\/schema\/person\/image\/\",\"url\":\"https:\/\/secure.gravatar.com\/avatar\/518ddffe438ccb767782d372a66304d2?s=96&r=g\",\"contentUrl\":\"https:\/\/secure.gravatar.com\/avatar\/518ddffe438ccb767782d372a66304d2?s=96&r=g\",\"caption\":\"Erick Matheus Nery\"},\"description\":\"Formado em Jornalismo pela Universidade Federal do Par\u00e1 (UFPA), conta com extens\u00e3o em Jornalismo Econ\u00f4mico pela Funda\u00e7\u00e3o Get\u00falio Vargas (FGV). No Suno Not\u00edcias, atua como rep\u00f3rter de Mercado, com foco nos setores de telecomunica\u00e7\u00f5es, varejo, alimentos e renda fixa. Conta com passagens pelo jornal O Estado de S\u00e3o Paulo, como trainee de Jornalismo Econ\u00f4mico, e pelo site Not\u00edcias da TV.\",\"url\":\"https:\/\/www.suno.com.br\/noticias\/author\/erick-nery\/\"}]}<\/script>\n<!-- \/ Yoast SEO plugin. -->","yoast_head_json":{"title":"Petrobras (PETR4): Lula articula votos para Prates assumir presid\u00eancia","description":"Indicado por Lula para a presid\u00eancia da Petrobras (PETR4), o senador Jean Paul Prates conta com quatro dos seis votos. Saiba mais!","robots":{"index":"index","follow":"follow","max-snippet":"max-snippet:-1","max-image-preview":"max-image-preview:large","max-video-preview":"max-video-preview:-1"},"canonical":"https:\/\/www.suno.com.br\/noticias\/petrobras-petr4-lula-articulacao-prates\/","og_locale":"pt_BR","og_type":"article","og_title":"Petrobras (PETR4): Lula articula votos para Prates assumir presid\u00eancia","og_description":"Indicado por Lula para a presid\u00eancia da Petrobras (PETR4), o senador Jean Paul Prates conta com quatro dos seis votos. Saiba mais!","og_url":"https:\/\/www.suno.com.br\/noticias\/petrobras-petr4-lula-articulacao-prates\/","og_site_name":"Suno Not\u00edcias","article_publisher":"https:\/\/facebook.com\/sunoresearch","og_image":[{"width":1200,"height":675,"url":"https:\/\/files.sunoresearch.com.br\/n\/uploads\/2023\/01\/petrobras-petr4-senador-jean-paul-prates-foto-roque-de-sa-agencia-senado.jpg","type":"image\/jpeg"}],"author":"Erick Matheus Nery","twitter_card":"summary_large_image","twitter_creator":"@sunoresearch","twitter_site":"@sunoresearch","twitter_misc":{"Escrito por":"Erick Matheus Nery","Est. tempo de leitura":"3 minutos"},"schema":{"@context":"https:\/\/schema.org","@graph":[{"@type":"NewsArticle","@id":"https:\/\/www.suno.com.br\/noticias\/petrobras-petr4-lula-articulacao-prates\/#article","isPartOf":{"@id":"https:\/\/www.suno.com.br\/noticias\/petrobras-petr4-lula-articulacao-prates\/"},"author":{"name":"Erick Matheus Nery","@id":"https:\/\/www.suno.com.br\/noticias\/#\/schema\/person\/6899bc3f19d1a7315f807131c2c013a0"},"headline":"Petrobras (PETR4): Governo Lula se aproxima dos votos no Conselho para Prates poder assumir presid\u00eancia","datePublished":"2023-01-06T21:27:30+00:00","dateModified":"2023-01-06T21:27:35+00:00","mainEntityOfPage":{"@id":"https:\/\/www.suno.com.br\/noticias\/petrobras-petr4-lula-articulacao-prates\/"},"wordCount":591,"publisher":{"@id":"https:\/\/www.suno.com.br\/noticias\/#organization"},"image":{"@id":"https:\/\/www.suno.com.br\/noticias\/petrobras-petr4-lula-articulacao-prates\/#primaryimage"},"thumbnailUrl":"https:\/\/files.sunoresearch.com.br\/n\/uploads\/2023\/01\/petrobras-petr4-senador-jean-paul-prates-foto-roque-de-sa-agencia-senado.jpg","keywords":["A\u00e7\u00f5es","Petrobras (PETR4)"],"articleSection":["Neg\u00f3cios"],"inLanguage":"pt-BR"},{"@type":"WebPage","@id":"https:\/\/www.suno.com.br\/noticias\/petrobras-petr4-lula-articulacao-prates\/","url":"https:\/\/www.suno.com.br\/noticias\/petrobras-petr4-lula-articulacao-prates\/","name":"Petrobras (PETR4): Lula articula votos para Prates assumir presid\u00eancia","isPartOf":{"@id":"https:\/\/www.suno.com.br\/noticias\/#website"},"primaryImageOfPage":{"@id":"https:\/\/www.suno.com.br\/noticias\/petrobras-petr4-lula-articulacao-prates\/#primaryimage"},"image":{"@id":"https:\/\/www.suno.com.br\/noticias\/petrobras-petr4-lula-articulacao-prates\/#primaryimage"},"thumbnailUrl":"https:\/\/files.sunoresearch.com.br\/n\/uploads\/2023\/01\/petrobras-petr4-senador-jean-paul-prates-foto-roque-de-sa-agencia-senado.jpg","datePublished":"2023-01-06T21:27:30+00:00","dateModified":"2023-01-06T21:27:35+00:00","description":"Indicado por Lula para a presid\u00eancia da Petrobras (PETR4), o senador Jean Paul Prates conta com quatro dos seis votos. Saiba mais!","breadcrumb":{"@id":"https:\/\/www.suno.com.br\/noticias\/petrobras-petr4-lula-articulacao-prates\/#breadcrumb"},"inLanguage":"pt-BR","potentialAction":[{"@type":"ReadAction","target":["https:\/\/www.suno.com.br\/noticias\/petrobras-petr4-lula-articulacao-prates\/"]}]},{"@type":"ImageObject","inLanguage":"pt-BR","@id":"https:\/\/www.suno.com.br\/noticias\/petrobras-petr4-lula-articulacao-prates\/#primaryimage","url":"https:\/\/files.sunoresearch.com.br\/n\/uploads\/2023\/01\/petrobras-petr4-senador-jean-paul-prates-foto-roque-de-sa-agencia-senado.jpg","contentUrl":"https:\/\/files.sunoresearch.com.br\/n\/uploads\/2023\/01\/petrobras-petr4-senador-jean-paul-prates-foto-roque-de-sa-agencia-senado.jpg","width":1200,"height":675,"caption":"Jean Paul Prates, presidente da Petrobras (PETR4). Foto: Roque de S\u00e1\/Ag\u00eancia Senado"},{"@type":"BreadcrumbList","@id":"https:\/\/www.suno.com.br\/noticias\/petrobras-petr4-lula-articulacao-prates\/#breadcrumb","itemListElement":[{"@type":"ListItem","position":1,"name":"Not\u00edcias","item":"https:\/\/www.suno.com.br\/noticias\/"},{"@type":"ListItem","position":2,"name":"Neg\u00f3cios","item":"https:\/\/www.suno.com.br\/noticias\/negocios\/"},{"@type":"ListItem","position":3,"name":"Petrobras (PETR4): Governo Lula se aproxima dos votos no Conselho para Prates poder assumir presid\u00eancia"}]},{"@type":"WebSite","@id":"https:\/\/www.suno.com.br\/noticias\/#website","url":"https:\/\/www.suno.com.br\/noticias\/","name":"Suno Not\u00edcias","description":"Seu portal de informa\u00e7\u00e3o sobre o mundo dos investimentos","publisher":{"@id":"https:\/\/www.suno.com.br\/noticias\/#organization"},"potentialAction":[{"@type":"SearchAction","target":{"@type":"EntryPoint","urlTemplate":"https:\/\/www.suno.com.br\/noticias\/?s={search_term_string}"},"query-input":{"@type":"PropertyValueSpecification","valueRequired":true,"valueName":"search_term_string"}}],"inLanguage":"pt-BR"},{"@type":"Organization","@id":"https:\/\/www.suno.com.br\/noticias\/#organization","name":"Suno Not\u00edcias","url":"https:\/\/www.suno.com.br\/noticias\/","logo":{"@type":"ImageObject","inLanguage":"pt-BR","@id":"https:\/\/www.suno.com.br\/noticias\/#\/schema\/logo\/image\/","url":"https:\/\/files.sunoresearch.com.br\/n\/uploads\/2021\/09\/suno-logo.png","contentUrl":"https:\/\/files.sunoresearch.com.br\/n\/uploads\/2021\/09\/suno-logo.png","width":180,"height":180,"caption":"Suno Not\u00edcias"},"image":{"@id":"https:\/\/www.suno.com.br\/noticias\/#\/schema\/logo\/image\/"},"sameAs":["https:\/\/facebook.com\/sunoresearch","https:\/\/x.com\/sunoresearch","https:\/\/www.instagram.com\/suno","https:\/\/www.linkedin.com\/company\/suno-research\/","https:\/\/www.youtube.com\/c\/sunoresearch"]},{"@type":"Person","@id":"https:\/\/www.suno.com.br\/noticias\/#\/schema\/person\/6899bc3f19d1a7315f807131c2c013a0","name":"Erick Matheus Nery","image":{"@type":"ImageObject","inLanguage":"pt-BR","@id":"https:\/\/www.suno.com.br\/noticias\/#\/schema\/person\/image\/","url":"https:\/\/secure.gravatar.com\/avatar\/518ddffe438ccb767782d372a66304d2?s=96&r=g","contentUrl":"https:\/\/secure.gravatar.com\/avatar\/518ddffe438ccb767782d372a66304d2?s=96&r=g","caption":"Erick Matheus Nery"},"description":"Formado em Jornalismo pela Universidade Federal do Par\u00e1 (UFPA), conta com extens\u00e3o em Jornalismo Econ\u00f4mico pela Funda\u00e7\u00e3o Get\u00falio Vargas (FGV). No Suno Not\u00edcias, atua como rep\u00f3rter de Mercado, com foco nos setores de telecomunica\u00e7\u00f5es, varejo, alimentos e renda fixa. Conta com passagens pelo jornal O Estado de S\u00e3o Paulo, como trainee de Jornalismo Econ\u00f4mico, e pelo site Not\u00edcias da TV.","url":"https:\/\/www.suno.com.br\/noticias\/author\/erick-nery\/"}]}},"default_loop_html":"<div class=\"cardsPage__listCard__boxs\"><div class=\"cardsPage__listCard__boxs__img\"><a href=\"https:\/\/www.suno.com.br\/noticias\/petrobras-petr4-lula-articulacao-prates\/\"><img class=\"mask\" src=\"https:\/\/www.suno.com.br\/noticias\/wp-content\/themes\/suno\/resources\/images\/spotlight\/spotlight1img\/bg-mask.png\" alt=\"Image Mask\"\/><img src=\"https:\/\/files.sunoresearch.com.br\/n\/uploads\/2023\/01\/petrobras-petr4-senador-jean-paul-prates-foto-roque-de-sa-agencia-senado-400x200.jpg\" alt=\"Petrobras (PETR4): Governo Lula se aproxima dos votos no Conselho para Prates poder assumir presid\u00eancia\"\/><\/a><span class=\"spotlightCategory\"><a href=\"https:\/\/www.suno.com.br\/noticias\/negocios\/\">Neg\u00f3cios<\/a><\/span><\/div><div class=\"cardsPage__listCard__boxs__content\"><a href=\"https:\/\/www.suno.com.br\/noticias\/petrobras-petr4-lula-articulacao-prates\/\"><h2 class=\"content__title\">Petrobras (PETR4): Governo Lula se aproxima dos votos no Conselho para Prates poder assumir presid\u00eancia<\/h2><\/a><div class=\"newsContent__article__meta\"><div class=\"newsContent__article__meta__authorBox\"><a href=\"https:\/\/www.suno.com.br\/noticias\/author\/erick-nery\/\" class=\"authorBox__avatar noMobi\"><img src=\"https:\/\/secure.gravatar.com\/avatar\/518ddffe438ccb767782d372a66304d2?s=96&#038;r=g\" alt=\"Erick Matheus Nery\"><\/a><div class=\"authorBox__name\"><span>por\n\t\t\t<a href=\"https:\/\/www.suno.com.br\/noticias\/author\/erick-nery\/\"><span itemprop=\"author\">Erick Matheus Nery<\/span><\/a><\/span><time datetime=\"2023-01-06T18:27:30-03:00\" itemprop=\"datePublished\">06\/01\/2023 18:27<\/time><\/div><\/div><\/div><\/div><\/div>","single_layout":"posts","amp_enabled":true,"_links":{"self":[{"href":"https:\/\/www.suno.com.br\/noticias\/wp-json\/wp\/v2\/posts\/342099"}],"collection":[{"href":"https:\/\/www.suno.com.br\/noticias\/wp-json\/wp\/v2\/posts"}],"about":[{"href":"https:\/\/www.suno.com.br\/noticias\/wp-json\/wp\/v2\/types\/post"}],"author":[{"embeddable":true,"href":"https:\/\/www.suno.com.br\/noticias\/wp-json\/wp\/v2\/users\/232"}],"replies":[{"embeddable":true,"href":"https:\/\/www.suno.com.br\/noticias\/wp-json\/wp\/v2\/comments?post=342099"}],"version-history":[{"count":2,"href":"https:\/\/www.suno.com.br\/noticias\/wp-json\/wp\/v2\/posts\/342099\/revisions"}],"predecessor-version":[{"id":342229,"href":"https:\/\/www.suno.com.br\/noticias\/wp-json\/wp\/v2\/posts\/342099\/revisions\/342229"}],"wp:featuredmedia":[{"embeddable":true,"href":"https:\/\/www.suno.com.br\/noticias\/wp-json\/wp\/v2\/media\/342123"}],"wp:attachment":[{"href":"https:\/\/www.suno.com.br\/noticias\/wp-json\/wp\/v2\/media?parent=342099"}],"wp:term":[{"taxonomy":"category","embeddable":true,"href":"https:\/\/www.suno.com.br\/noticias\/wp-json\/wp\/v2\/categories?post=342099"},{"taxonomy":"post_tag","embeddable":true,"href":"https:\/\/www.suno.com.br\/noticias\/wp-json\/wp\/v2\/tags?post=342099"},{"taxonomy":"suno_strategy","embeddable":true,"href":"https:\/\/www.suno.com.br\/noticias\/wp-json\/wp\/v2\/suno_strategy?post=342099"}],"curies":[{"name":"wp","href":"https:\/\/api.w.org\/{rel}","templated":true}]}}