{"id":341714,"date":"2023-01-06T14:28:03","date_gmt":"2023-01-06T17:28:03","guid":{"rendered":"https:\/\/www.suno.com.br\/noticias\/?p=341714"},"modified":"2023-01-06T14:28:11","modified_gmt":"2023-01-06T17:28:11","slug":"petrobras-petr4-desafios-nova-gestao","status":"publish","type":"post","link":"https:\/\/www.suno.com.br\/noticias\/petrobras-petr4-desafios-nova-gestao\/","title":{"rendered":"Petrobras (PETR4): desafios v\u00e3o al\u00e9m de mudan\u00e7a na pol\u00edtica de pre\u00e7os; entenda"},"content":{"rendered":"<p>Ainda sem data para come\u00e7ar, a nova gest\u00e3o da <strong>Petrobras<\/strong> (<a href=\"https:\/\/www.suno.com.br\/acoes\/petr4\/\" target=\"_blank\" rel=\"noreferrer noopener\">PETR4<\/a>) ter\u00e1 como prioridade resolver a quest\u00e3o do reajuste dos pre\u00e7os dos combust\u00edveis. \u00c9 o que sinaliza o indicado pelo governo do presidente Luiz In\u00e1cio Lula da Silva (PT) para a presid\u00eancia da empresa, o senador Jean Paul Prates (PT-RN), que deve assumir a companhia nas pr\u00f3ximas semanas.<\/p><div class=\"videoFull \">\n\t\t\t<div class=\"videoWrapper yt-lazyload center\"\n\t\t\t\tdata-width=\"960\"\n\t\t\t\tdata-height=\"540\"\n\t\t\t\tdata-id=\"fudAMGus-rs\"\n\t\t\t\tdata-alt=\"V\u00eddeo do YouTube - clique para reproduzir\"\n\t\t\t\tdata-logo=\"3\"\n\t\t\t\tdata-imagequality=\"maxres\">\n\t\t\t<\/div>\n\t\t<\/div><script type=\"application\/ld+json\">{\"@context\":\"https:\/\/schema.org\",\"@type\":\"VideoObject\",\"name\":\"PRIMEIRA REUNI\u00c3O MINISTERIAL: freio de arruma\u00e7\u00e3o em Bras\u00edlia | Payroll nos EUA\",\"description\":\"#pol\u00edtica #mercadofinanceiro #investimentos #ministros #lula #brasil #payroll #petr4 #oibr3 #elet3 #estadosunidos #morningcall \ud83d\udea8\ud83d\udcb8\ud835\udc01\ud835\udc1a\ud835\udc22\ud835\udc31\ud835\udc1e \ud835\udc28 \ud835\udc20\ud835\udc2e\ud835\udc22\ud835\udc1a \"\ud835\udc02\ud835\udc28\ud835\udc26\ud835\udc28 \ud835\udc22\ud835\udc27\ud835\udc2f\ud835\udc1e\ud835\udc2c\ud835\udc2d\ud835\udc22\ud835\udc2b \ud835\udc1e\ud835\udc26 \ud835\udfd0\ud835\udfce\ud835\udfd0\ud835\udfd1\" \ud835\udc27\ud835\udc28 \ud835\udc25\ud835\udc22\ud835\udc27\ud835\udc24 \ud83d\udc47 https:\/\/lp.suno.com.br\/cl\/sr-guia-como-investir-em-2023\/?utm_source=youtube.noticias&utm_medium=live&utm_campaign=N\/A.ns.20230105&utm_content=ytnoticias.morning.06012023 \ud835\udc08\ud835\udc0d\ud835\udc12\ud835\udc02\ud835\udc11\ud835\udc04\ud835\udc15\ud835\udc00-\ud835\udc12\ud835\udc04 \ud835\udc0d\ud835\udc0e \ud835\udc02\ud835\udc00\ud835\udc0d\ud835\udc00\ud835\udc0b \ud835\udc04 \ud835\udc00\ud835\udc13\ud835\udc08\ud835\udc15\ud835\udc04 \ud835\udc0e \ud835\udc12\ud835\udc08\ud835\udc0d\ud835\udc0e \ud83d\udc47 https:\/\/bit.ly\/INSCREVA-SEATIVEOSINO \ud83d\udcda \ud83d\udcb8 \ud83d\udcca \ud835\udde3\ud835\udddf\ud835\uddd4\ud835\udde1\ud835\udddc\ud835\udddf\ud835\udddb\ud835\uddd4 \ud835\uddd7\ud835\uddd8 \ud835\uddd6\ud835\udde2\ud835\udde1\ud835\udde7\ud835\udde5\ud835\udde2\ud835\udddf\ud835\uddd8 \ud835\uddd9\ud835\udddc\ud835\udde1\ud835\uddd4\ud835\udde1\ud835\uddd6\ud835\uddd8\ud835\udddc\ud835\udde5\ud835\udde2: \ud835\uddd5\ud835\uddee\ud835\uddf6\ud835\ude05\ud835\uddf2 \ud835\uddee \ud835\uddfd\ud835\uddf9\ud835\uddee\ud835\uddfb\ud835\uddf6\ud835\uddf9\ud835\uddf5\ud835\uddee AGORA antes que acabe! \ud83d\udc49 https:\/\/lp.suno.com.br\/planilha-da-vida-financeira\/?utm_source=youtube.noticias&utm_medium=live&utm_campaign=planilhadavidafinanceira.20221128&utm_content=ytnoticias.morning.02122022 \ud83d\udcda \ud835\udc04-\ud835\udc1b\ud835\udc28\ud835\udc28\ud835\udc24 \"\ud835\udc02\ud835\udc28\ud835\udc26\ud835\udc28 \ud835\udc22\ud835\udc27\ud835\udc2f\ud835\udc1e\ud835\udc2c\ud835\udc2d\ud835\udc22\ud835\udc2b \ud835\udc1e\ud835\udc26 \ud835\udc03\ud835\udc22\ud835\udc2f\ud835\udc22\ud835\udc1d\ud835\udc1e\ud835\udc27\ud835\udc1d\ud835\udc28\ud835\udc2c?\"\ud83d\udc47 -\u2026\",\"duration\":\"PT32M15S\",\"embedUrl\":\"https:\/\/www.youtube.com\/embed\/fudAMGus-rs\",\"regionsAllowed\":\"pt-BR\",\"interactionStatistic\":{\"@type\":\"InteractionCounter\",\"interactionType\":{\"@type\":\"WatchAction\"},\"userInteractionCount\":2096},\"thumbnailUrl\":\"https:\/\/i.ytimg.com\/vi\/fudAMGus-rs\/default.jpg\",\"uploadDate\":\"2023-01-06T12:47:30Z\"}<\/script>\n\n\n\n\n\t<p>\n\t\t<a href=\"\" target=\"_blank\" data-element=\"shortcode-suno-banner\" title=\"Banner SUNO, clique e saiba mais\">\n\t\t\t<picture>\n\t\t\t\t<source media=\"(max-width: 500px)\" srcset=\"\">\n\t\t\t\t<img class=\"newsContent__article__imgCapa newsContent__article__imgCapa--banner\"\n\t\t\t\t\tsrc=\"\"\n\t\t\t\t\tdata-promo-id=\"254218\"\t\t\t\t\t\t\t\t\t\t\t\t\t\t\talt=\"\"\n\t\t\t\t>\n\t\t\t<\/picture>\n\t\t<\/a>\n\t<\/p>\n\n\n\n\n\n<p>Com experi\u00eancia de mais de <a href=\"https:\/\/www.suno.com.br\/noticias\/prates-petrobras-petr4-empresas-participacao\/\" target=\"_blank\" rel=\"noreferrer noopener\">30 anos no setor de \u00f3leo e g\u00e1s, <strong>Prates<\/strong><\/a> n\u00e3o deve ter problemas para ser aprovado pelo conselho da companhia. Foi membro da assessoria jur\u00eddica da Petrobras internacional (Braspetro), no fim da d\u00e9cada de 1980 e, no in\u00edcio da d\u00e9cada de 1990, fundou a primeira consultoria brasileira especializada em petr\u00f3leo. <\/p>\n\n\n\n<p>Ele tamb\u00e9m foi secret\u00e1rio de Energia do Rio Grande do Norte em 2007 e, antes disso, foi um dos respons\u00e1veis pelo marco regulat\u00f3rio da <a class=\"suno-keyword\" data-force=\"no\" data-priority=\"1\" href=\"https:\/\/www.suno.com.br\/artigos\/abertura-do-mercado\/\" target=\"_blank\" rel=\"noopener\">abertura do mercado<\/a> de petr\u00f3leo, em 1997. Mais recentemente, foi relator de dois projetos para redu\u00e7\u00e3o do<strong> pre\u00e7o dos combust\u00edveis<\/strong>. <\/p>\n\n\n\n<p>Contudo, essa indica\u00e7\u00e3o para a <strong>presid\u00eancia da Petrobras<\/strong> foi parar na Justi\u00e7a, conforme antecipado pelo Suno Not\u00edcias. O vereador de S\u00e3o Paulo Rubinho Nunes, do Uni\u00e3o Brasil, afirma que o senador n\u00e3o pode comandar a estatal porque isso fere a Lei das Estatais.<\/p>\n\n\n\n<p>A indica\u00e7\u00e3o de\u00a0<strong>Jean Paul Prates<\/strong>\u00a0para a presid\u00eancia da\u00a0<strong>Petrobras<\/strong>\u00a0(<a href=\"https:\/\/www.suno.com.br\/acoes\/petr4\/\" target=\"_blank\" rel=\"noreferrer noopener\">PETR4<\/a>) pode ganhar novos cap\u00edtulos. Al\u00e9m de ter a\u00a0recomenda\u00e7\u00e3o questionada na justi\u00e7a\u00a0pelo vereador de S\u00e3o Paulo Rubinho Nunes, o senador estaria em uma situa\u00e7\u00e3o incompat\u00edvel com a Lei das Estatais por ter <a href=\"https:\/\/www.suno.com.br\/noticias\/prates-petrobras-petr4-empresas-participacao\/\">participa\u00e7\u00e3o em empresas na \u00e1rea de \u00f3leo e g\u00e1s<\/a> e petr\u00f3leo \u2014 o que pode configurar conflito de interesses.<\/p>\n\n\n\t<div data-element=\"shortcode-read-more\" class=\"knowMore\">\n\t\t\t\t<span class=\"knowMore__title\">Leia mais<\/span>\n\t\t\t\t<a class=\"knowMore__link\" href=\"https:\/\/www.suno.com.br\/noticias\/petrobras-petr4-prates-presidencia-justica\/\">\n\t\t\tPetrobras (PETR4): indica\u00e7\u00e3o de Jean Paul Prates \u00e0 presid\u00eancia \u00e9 questionada e vai parar na Justi\u00e7a\t\t<\/a>\n\t<\/div>\n\n\n\n\n<h2 class=\"wp-block-heading\" id=\"h-politica-de-precos-da-petrobras\">Pol\u00edtica de pre\u00e7os da Petrobras<\/h2>\n\n\n\n<p>O senador nega que sua inten\u00e7\u00e3o seja intervir diretamente nos pre\u00e7os, preferindo indicar uma abordagem via pol\u00edtica p\u00fablica, como a cria\u00e7\u00e3o de uma conta de compensa\u00e7\u00e3o de pre\u00e7os. <\/p>\n\n\n\n<p>&#8220;N\u00e3o tem bala de prata&#8221;, costumava dizer Prates, muito antes da vit\u00f3ria do <strong>presidente Lula<\/strong> nas elei\u00e7\u00f5es presidenciais do ano passado.<\/p>\n\n\n\n<p>Em outubro, Prates explicou ao Estad\u00e3o\/Broadcast que a mudan\u00e7a na <strong>pol\u00edtica de pre\u00e7os da Petrobras<\/strong> est\u00e1 baseada em quatro pilares. O primeiro seria substituir a atual pol\u00edtica de paridade de importa\u00e7\u00e3o por um pre\u00e7o de refer\u00eancia, que seria aplicado por produto, por regi\u00e3o e por \u00e1rea de influ\u00eancia.<\/p>\n\n\n\n<p>Outra proposta \u00e9 uma conta de estabiliza\u00e7\u00e3o, que seria alimentada por lucros extraordin\u00e1rios das empresas do setor, royalties e <a class=\"suno-keyword\" target=\"_blank\" data-force=\"no\" data-priority=\"1\" href=\"https:\/\/www.suno.com.br\/guias\/dividendos\/\" rel=\"noopener\">dividendos<\/a>. Inicialmente, era previsto tamb\u00e9m arrecada\u00e7\u00e3o de recursos via <a class=\"suno-keyword\" target=\"_blank\" data-force=\"no\" data-priority=\"1\" href=\"https:\/\/www.suno.com.br\/artigos\/imposto-de-exportacao\/\" rel=\"noopener\">imposto de exporta\u00e7\u00e3o<\/a> de petr\u00f3leo, mas a ideia teve resist\u00eancia e foi descartada.<\/p>\n\n\n\n<p>O terceiro pilar para uma queda sustent\u00e1vel dos pre\u00e7os tamb\u00e9m passa pela cria\u00e7\u00e3o de estoques reguladores, com uma estrutura\u00e7\u00e3o de pol\u00edtica nacional junto a todas as empresas do mercado de \u00f3leo e g\u00e1s e de biocombust\u00edveis. <\/p>\n\n\n\n<p>Para completar o processo, o futuro presidente da estatal pretende ampliar a capacidade de refino da companhia com amplia\u00e7\u00f5es das plantas j\u00e1 existentes e com a conclus\u00e3o de obras ou unidades novas, com foco em diesel, g\u00e1s liquefeito de petr\u00f3leo (GLP) e aproveitamento do g\u00e1s natural, disse Prates em outubro.<\/p>\n\n\n\t<p>\n\t\t<a href=\"https:\/\/lp.suno.com.br\/planilha-controle-gastos\/\" target=\"_blank\" data-element=\"shortcode-suno-banner\" title=\"Banner SUNO, clique e saiba mais\">\n\t\t\t<picture>\n\t\t\t\t<source media=\"(max-width: 500px)\" srcset=\"https:\/\/files.sunoresearch.com.br\/n\/uploads\/2023\/03\/400x300-Planilha-controle-de-gastos.png\">\n\t\t\t\t<img class=\"newsContent__article__imgCapa newsContent__article__imgCapa--banner\"\n\t\t\t\t\tsrc=\"https:\/\/files.sunoresearch.com.br\/n\/uploads\/2023\/03\/1420x240-Planilha-controle-de-gastos.png\"\n\t\t\t\t\tdata-promo-id=\"101751\"\t\t\t\t\t\t\t\t\t\twidth='1420' height='240'\t\t\t\t\talt=\"https:\/\/files.sunoresearch.com.br\/n\/uploads\/2023\/03\/1420x240-Planilha-controle-de-gastos.png\"\n\t\t\t\t>\n\t\t\t<\/picture>\n\t\t<\/a>\n\t<\/p>\n\n\n\n\n\n<h2 class=\"wp-block-heading\">Refinarias e quest\u00e3o ambiental na Petrobras<\/h2>\n\n\n\n<p>A proposta enterra de vez o programa de desinvestimento em <strong>refino<\/strong> da gest\u00e3o anterior, que, em 2019, colocou \u00e0 venda oito das 13 refinarias da companhia.<\/p>\n\n\n\n<p>O programa conseguiu vender apenas uma refinaria de grande porte, na Bahia, e duas pequenas: uma no Paran\u00e1 (SIX) e outra no Amazonas (Reman). A Refinaria de Mataripe, na Bahia, \u00e9 dona de 14% do mercado de refino. Hoje, \u00e9 controlada pela Acelen, bra\u00e7o de investimento do <a class=\"suno-keyword\" target=\"_blank\" data-force=\"no\" data-priority=\"2\" href=\"https:\/\/www.suno.com.br\/artigos\/fundo-de-investimento-em-participacoes\/\" rel=\"noopener\">fundo de investimento<\/a> \u00e1rabe Mubadala.<\/p>\n\n\n\n<p>Diferentemente dos quatro presidentes que passaram pela empresa no governo Bolsonaro, Prates defende que a Petrobras explore <strong>energias renov\u00e1veis<\/strong>, seguindo o caminho das principais petroleiras globais, o que indica diversificar investimentos. <\/p>\n\n\n\n<p>Hoje, a maioria dos recursos est\u00e1 concentrada na explora\u00e7\u00e3o e produ\u00e7\u00e3o, principalmente na regi\u00e3o do pr\u00e9-sal. Na gest\u00e3o anterior, a teoria era a de que a Petrobras deveria se concentrar na produ\u00e7\u00e3o de combust\u00edveis mais limpos, como o diesel RX, resultante do coprocessamento do diesel f\u00f3ssil com \u00f3leos vegetais, cuja produ\u00e7\u00e3o ainda \u00e9 t\u00edmida.<\/p>\n\n\n\t<p>\n\t\t<a href=\"https:\/\/lp.suno.com.br\/ebook-como-analisar-uma-acao\/\" target=\"_blank\" data-element=\"shortcode-suno-banner\" title=\"Banner SUNO, clique e saiba mais\">\n\t\t\t<picture>\n\t\t\t\t<source media=\"(max-width: 500px)\" srcset=\"https:\/\/files.sunoresearch.com.br\/n\/uploads\/2023\/03\/Ebook-Acoes-Mobile-1.jpg\">\n\t\t\t\t<img class=\"newsContent__article__imgCapa newsContent__article__imgCapa--banner\"\n\t\t\t\t\tsrc=\"https:\/\/files.sunoresearch.com.br\/n\/uploads\/2023\/03\/Ebook-Acoes-Desktop-1.jpg\"\n\t\t\t\t\tdata-promo-id=\"171998\"\t\t\t\t\t\t\t\t\t\twidth='1420' height='286'\t\t\t\t\talt=\"https:\/\/files.sunoresearch.com.br\/n\/uploads\/2023\/03\/Ebook-Acoes-Desktop-1.jpg\"\n\t\t\t\t>\n\t\t\t<\/picture>\n\t\t<\/a>\n\t<\/p>\n\n\n\n\n\n<h2 class=\"wp-block-heading\">Dividendos da Petrobras<\/h2>\n\n\n\n<p>A pretens\u00e3o de Prates \u00e9 bem aceita por especialistas do setor, mas contraria a atual estrat\u00e9gia da empresa. Para executar o novo plano, ser\u00e1 preciso aumentar, e muito, o volume de investimentos nos pr\u00f3ximos anos, e, por consequ\u00eancia, reduzir o pagamento de <strong>dividendos da Petrobras<\/strong>.<\/p>\n\n\n\n<p>Em plano estrat\u00e9gico divulgado no fim de novembro do ano passado, a atual diretoria da Petrobras informou pretender investir US$ 78 bilh\u00f5es de 2023 at\u00e9 2027, sendo 83% reservados \u00e0 explora\u00e7\u00e3o e produ\u00e7\u00e3o de petr\u00f3leo. O montante n\u00e3o \u00e9 pequeno para o que se prop\u00f5e, mas, segundo o entorno de Prates, \u00e9 limitado para a transforma\u00e7\u00e3o pretendida.<\/p>\n\n\n\n<p>&#8220;Os <strong>proventos da Petrobras<\/strong> no ano passado foram altos, mas n\u00e3o devemos ver essa for\u00e7a no quarto trimestre, porque j\u00e1 deve ter a influ\u00eancia do novo presidente, e isso j\u00e1 est\u00e1 sendo precificado nas a\u00e7\u00f5es&#8221;, disse o analista da Ativa Investimentos Ilan Arbetman.<\/p>\n\n\n\n<p>Por volta das 14h26, as a\u00e7\u00f5es da <strong>Petrobras<\/strong> eram negociadas em queda de 0,37%, ao pre\u00e7o de R$ 23,79, segundo dados do Status Invest.<\/p>\n\n\n\n<p><em>As informa\u00e7\u00f5es s\u00e3o do jornal O Estado de S. Paulo, com Estad\u00e3o Conte\u00fado<\/em><\/p>\n\n\n\t<p>\n\t\t<a href=\"https:\/\/lp.suno.com.br\/planilha-de-controle-de-investimentos\/\" target=\"_blank\" data-element=\"shortcode-suno-banner\" title=\"Banner SUNO, clique e saiba mais\">\n\t\t\t<picture>\n\t\t\t\t<source media=\"(max-width: 500px)\" srcset=\"https:\/\/files.sunoresearch.com.br\/n\/uploads\/2023\/03\/400x300-Controle-de-Investimentos.png\">\n\t\t\t\t<img class=\"newsContent__article__imgCapa newsContent__article__imgCapa--banner\"\n\t\t\t\t\tsrc=\"https:\/\/files.sunoresearch.com.br\/n\/uploads\/2023\/03\/1420x240-Controle-de-Investimentos.png\"\n\t\t\t\t\tdata-promo-id=\"75934\"\t\t\t\t\t\t\t\t\t\twidth='1420' height='240'\t\t\t\t\talt=\"https:\/\/files.sunoresearch.com.br\/n\/uploads\/2023\/03\/1420x240-Controle-de-Investimentos.png\"\n\t\t\t\t>\n\t\t\t<\/picture>\n\t\t<\/a>\n\t<\/p>\n\n\n","protected":false},"excerpt":{"rendered":"<p>Ainda sem data para come\u00e7ar, a nova gest\u00e3o da Petrobras (PETR4) ter\u00e1 como prioridade resolver a quest\u00e3o do reajuste dos pre\u00e7os dos combust\u00edveis. \u00c9 o que sinaliza o indicado pelo governo do presidente Luiz In\u00e1cio Lula da Silva (PT) para a presid\u00eancia da empresa, o senador Jean Paul Prates (PT-RN), que deve assumir a companhia [&hellip;]<\/p>\n","protected":false},"author":232,"featured_media":323503,"comment_status":"closed","ping_status":"closed","sticky":false,"template":"","format":"standard","meta":[],"categories":[64],"tags":[286,105816,595],"suno_strategy":[],"class_list":["post-341714","post","type-post","status-publish","format-standard","has-post-thumbnail","hentry","category-negocios","tag-acoes","tag-especialistas","tag-petrobras-petr4"],"yoast_head":"<!-- This site is optimized with the Yoast SEO plugin v24.4 - https:\/\/yoast.com\/wordpress\/plugins\/seo\/ -->\n<title>Petrobras (PETR4): Desafios v\u00e3o al\u00e9m de mudan\u00e7a na pol\u00edtica de pre\u00e7os<\/title>\n<meta name=\"description\" content=\"A nova gest\u00e3o da Petrobras (PETR4) conta com desafios que v\u00e3o al\u00e9m da mudan\u00e7a na pol\u00edtica de pre\u00e7os. Clique e entenda!\" \/>\n<meta name=\"robots\" content=\"index, follow, max-snippet:-1, max-image-preview:large, max-video-preview:-1\" \/>\n<link rel=\"canonical\" href=\"https:\/\/www.suno.com.br\/noticias\/petrobras-petr4-desafios-nova-gestao\/\" \/>\n<meta property=\"og:locale\" content=\"pt_BR\" \/>\n<meta property=\"og:type\" content=\"article\" \/>\n<meta property=\"og:title\" content=\"Petrobras (PETR4): Desafios v\u00e3o al\u00e9m de mudan\u00e7a na pol\u00edtica de pre\u00e7os\" \/>\n<meta property=\"og:description\" content=\"A nova gest\u00e3o da Petrobras (PETR4) conta com desafios que v\u00e3o al\u00e9m da mudan\u00e7a na pol\u00edtica de pre\u00e7os. Clique e entenda!\" \/>\n<meta property=\"og:url\" content=\"https:\/\/www.suno.com.br\/noticias\/petrobras-petr4-desafios-nova-gestao\/\" \/>\n<meta property=\"og:site_name\" content=\"Suno Not\u00edcias\" \/>\n<meta property=\"article:publisher\" content=\"https:\/\/facebook.com\/sunoresearch\" \/>\n<meta property=\"og:image\" content=\"https:\/\/files.sunoresearch.com.br\/n\/uploads\/2022\/11\/petrobras-petr4.jpg\" \/>\n\t<meta property=\"og:image:width\" content=\"1200\" \/>\n\t<meta property=\"og:image:height\" content=\"800\" \/>\n\t<meta property=\"og:image:type\" content=\"image\/jpeg\" \/>\n<meta name=\"author\" content=\"Erick Matheus Nery\" \/>\n<meta name=\"twitter:card\" content=\"summary_large_image\" \/>\n<meta name=\"twitter:creator\" content=\"@sunoresearch\" \/>\n<meta name=\"twitter:site\" content=\"@sunoresearch\" \/>\n<meta name=\"twitter:label1\" content=\"Escrito por\" \/>\n\t<meta name=\"twitter:data1\" content=\"Erick Matheus Nery\" \/>\n\t<meta name=\"twitter:label2\" content=\"Est. tempo de leitura\" \/>\n\t<meta name=\"twitter:data2\" content=\"5 minutos\" \/>\n<script type=\"application\/ld+json\" class=\"yoast-schema-graph\">{\"@context\":\"https:\/\/schema.org\",\"@graph\":[{\"@type\":\"NewsArticle\",\"@id\":\"https:\/\/www.suno.com.br\/noticias\/petrobras-petr4-desafios-nova-gestao\/#article\",\"isPartOf\":{\"@id\":\"https:\/\/www.suno.com.br\/noticias\/petrobras-petr4-desafios-nova-gestao\/\"},\"author\":{\"name\":\"Erick Matheus Nery\",\"@id\":\"https:\/\/www.suno.com.br\/noticias\/#\/schema\/person\/6899bc3f19d1a7315f807131c2c013a0\"},\"headline\":\"Petrobras (PETR4): desafios v\u00e3o al\u00e9m de mudan\u00e7a na pol\u00edtica de pre\u00e7os; entenda\",\"datePublished\":\"2023-01-06T17:28:03+00:00\",\"dateModified\":\"2023-01-06T17:28:11+00:00\",\"mainEntityOfPage\":{\"@id\":\"https:\/\/www.suno.com.br\/noticias\/petrobras-petr4-desafios-nova-gestao\/\"},\"wordCount\":973,\"publisher\":{\"@id\":\"https:\/\/www.suno.com.br\/noticias\/#organization\"},\"image\":{\"@id\":\"https:\/\/www.suno.com.br\/noticias\/petrobras-petr4-desafios-nova-gestao\/#primaryimage\"},\"thumbnailUrl\":\"https:\/\/files.sunoresearch.com.br\/n\/uploads\/2022\/11\/petrobras-petr4.jpg\",\"keywords\":[\"A\u00e7\u00f5es\",\"Especialistas\",\"Petrobras (PETR4)\"],\"articleSection\":[\"Neg\u00f3cios\"],\"inLanguage\":\"pt-BR\"},{\"@type\":\"WebPage\",\"@id\":\"https:\/\/www.suno.com.br\/noticias\/petrobras-petr4-desafios-nova-gestao\/\",\"url\":\"https:\/\/www.suno.com.br\/noticias\/petrobras-petr4-desafios-nova-gestao\/\",\"name\":\"Petrobras (PETR4): Desafios v\u00e3o al\u00e9m de mudan\u00e7a na pol\u00edtica de pre\u00e7os\",\"isPartOf\":{\"@id\":\"https:\/\/www.suno.com.br\/noticias\/#website\"},\"primaryImageOfPage\":{\"@id\":\"https:\/\/www.suno.com.br\/noticias\/petrobras-petr4-desafios-nova-gestao\/#primaryimage\"},\"image\":{\"@id\":\"https:\/\/www.suno.com.br\/noticias\/petrobras-petr4-desafios-nova-gestao\/#primaryimage\"},\"thumbnailUrl\":\"https:\/\/files.sunoresearch.com.br\/n\/uploads\/2022\/11\/petrobras-petr4.jpg\",\"datePublished\":\"2023-01-06T17:28:03+00:00\",\"dateModified\":\"2023-01-06T17:28:11+00:00\",\"description\":\"A nova gest\u00e3o da Petrobras (PETR4) conta com desafios que v\u00e3o al\u00e9m da mudan\u00e7a na pol\u00edtica de pre\u00e7os. Clique e entenda!\",\"breadcrumb\":{\"@id\":\"https:\/\/www.suno.com.br\/noticias\/petrobras-petr4-desafios-nova-gestao\/#breadcrumb\"},\"inLanguage\":\"pt-BR\",\"potentialAction\":[{\"@type\":\"ReadAction\",\"target\":[\"https:\/\/www.suno.com.br\/noticias\/petrobras-petr4-desafios-nova-gestao\/\"]}]},{\"@type\":\"ImageObject\",\"inLanguage\":\"pt-BR\",\"@id\":\"https:\/\/www.suno.com.br\/noticias\/petrobras-petr4-desafios-nova-gestao\/#primaryimage\",\"url\":\"https:\/\/files.sunoresearch.com.br\/n\/uploads\/2022\/11\/petrobras-petr4.jpg\",\"contentUrl\":\"https:\/\/files.sunoresearch.com.br\/n\/uploads\/2022\/11\/petrobras-petr4.jpg\",\"width\":1200,\"height\":800,\"caption\":\"Petrobras (PETR4). Foto: Divulga\u00e7\u00e3o\"},{\"@type\":\"BreadcrumbList\",\"@id\":\"https:\/\/www.suno.com.br\/noticias\/petrobras-petr4-desafios-nova-gestao\/#breadcrumb\",\"itemListElement\":[{\"@type\":\"ListItem\",\"position\":1,\"name\":\"Not\u00edcias\",\"item\":\"https:\/\/www.suno.com.br\/noticias\/\"},{\"@type\":\"ListItem\",\"position\":2,\"name\":\"Neg\u00f3cios\",\"item\":\"https:\/\/www.suno.com.br\/noticias\/negocios\/\"},{\"@type\":\"ListItem\",\"position\":3,\"name\":\"Petrobras (PETR4): desafios v\u00e3o al\u00e9m de mudan\u00e7a na pol\u00edtica de pre\u00e7os; entenda\"}]},{\"@type\":\"WebSite\",\"@id\":\"https:\/\/www.suno.com.br\/noticias\/#website\",\"url\":\"https:\/\/www.suno.com.br\/noticias\/\",\"name\":\"Suno Not\u00edcias\",\"description\":\"Seu portal de informa\u00e7\u00e3o sobre o mundo dos investimentos\",\"publisher\":{\"@id\":\"https:\/\/www.suno.com.br\/noticias\/#organization\"},\"potentialAction\":[{\"@type\":\"SearchAction\",\"target\":{\"@type\":\"EntryPoint\",\"urlTemplate\":\"https:\/\/www.suno.com.br\/noticias\/?s={search_term_string}\"},\"query-input\":{\"@type\":\"PropertyValueSpecification\",\"valueRequired\":true,\"valueName\":\"search_term_string\"}}],\"inLanguage\":\"pt-BR\"},{\"@type\":\"Organization\",\"@id\":\"https:\/\/www.suno.com.br\/noticias\/#organization\",\"name\":\"Suno Not\u00edcias\",\"url\":\"https:\/\/www.suno.com.br\/noticias\/\",\"logo\":{\"@type\":\"ImageObject\",\"inLanguage\":\"pt-BR\",\"@id\":\"https:\/\/www.suno.com.br\/noticias\/#\/schema\/logo\/image\/\",\"url\":\"https:\/\/files.sunoresearch.com.br\/n\/uploads\/2021\/09\/suno-logo.png\",\"contentUrl\":\"https:\/\/files.sunoresearch.com.br\/n\/uploads\/2021\/09\/suno-logo.png\",\"width\":180,\"height\":180,\"caption\":\"Suno Not\u00edcias\"},\"image\":{\"@id\":\"https:\/\/www.suno.com.br\/noticias\/#\/schema\/logo\/image\/\"},\"sameAs\":[\"https:\/\/facebook.com\/sunoresearch\",\"https:\/\/x.com\/sunoresearch\",\"https:\/\/www.instagram.com\/suno\",\"https:\/\/www.linkedin.com\/company\/suno-research\/\",\"https:\/\/www.youtube.com\/c\/sunoresearch\"]},{\"@type\":\"Person\",\"@id\":\"https:\/\/www.suno.com.br\/noticias\/#\/schema\/person\/6899bc3f19d1a7315f807131c2c013a0\",\"name\":\"Erick Matheus Nery\",\"image\":{\"@type\":\"ImageObject\",\"inLanguage\":\"pt-BR\",\"@id\":\"https:\/\/www.suno.com.br\/noticias\/#\/schema\/person\/image\/\",\"url\":\"https:\/\/secure.gravatar.com\/avatar\/518ddffe438ccb767782d372a66304d2?s=96&r=g\",\"contentUrl\":\"https:\/\/secure.gravatar.com\/avatar\/518ddffe438ccb767782d372a66304d2?s=96&r=g\",\"caption\":\"Erick Matheus Nery\"},\"description\":\"Formado em Jornalismo pela Universidade Federal do Par\u00e1 (UFPA), conta com extens\u00e3o em Jornalismo Econ\u00f4mico pela Funda\u00e7\u00e3o Get\u00falio Vargas (FGV). No Suno Not\u00edcias, atua como rep\u00f3rter de Mercado, com foco nos setores de telecomunica\u00e7\u00f5es, varejo, alimentos e renda fixa. Conta com passagens pelo jornal O Estado de S\u00e3o Paulo, como trainee de Jornalismo Econ\u00f4mico, e pelo site Not\u00edcias da TV.\",\"url\":\"https:\/\/www.suno.com.br\/noticias\/author\/erick-nery\/\"}]}<\/script>\n<!-- \/ Yoast SEO plugin. -->","yoast_head_json":{"title":"Petrobras (PETR4): Desafios v\u00e3o al\u00e9m de mudan\u00e7a na pol\u00edtica de pre\u00e7os","description":"A nova gest\u00e3o da Petrobras (PETR4) conta com desafios que v\u00e3o al\u00e9m da mudan\u00e7a na pol\u00edtica de pre\u00e7os. Clique e entenda!","robots":{"index":"index","follow":"follow","max-snippet":"max-snippet:-1","max-image-preview":"max-image-preview:large","max-video-preview":"max-video-preview:-1"},"canonical":"https:\/\/www.suno.com.br\/noticias\/petrobras-petr4-desafios-nova-gestao\/","og_locale":"pt_BR","og_type":"article","og_title":"Petrobras (PETR4): Desafios v\u00e3o al\u00e9m de mudan\u00e7a na pol\u00edtica de pre\u00e7os","og_description":"A nova gest\u00e3o da Petrobras (PETR4) conta com desafios que v\u00e3o al\u00e9m da mudan\u00e7a na pol\u00edtica de pre\u00e7os. Clique e entenda!","og_url":"https:\/\/www.suno.com.br\/noticias\/petrobras-petr4-desafios-nova-gestao\/","og_site_name":"Suno Not\u00edcias","article_publisher":"https:\/\/facebook.com\/sunoresearch","og_image":[{"width":1200,"height":800,"url":"https:\/\/files.sunoresearch.com.br\/n\/uploads\/2022\/11\/petrobras-petr4.jpg","type":"image\/jpeg"}],"author":"Erick Matheus Nery","twitter_card":"summary_large_image","twitter_creator":"@sunoresearch","twitter_site":"@sunoresearch","twitter_misc":{"Escrito por":"Erick Matheus Nery","Est. tempo de leitura":"5 minutos"},"schema":{"@context":"https:\/\/schema.org","@graph":[{"@type":"NewsArticle","@id":"https:\/\/www.suno.com.br\/noticias\/petrobras-petr4-desafios-nova-gestao\/#article","isPartOf":{"@id":"https:\/\/www.suno.com.br\/noticias\/petrobras-petr4-desafios-nova-gestao\/"},"author":{"name":"Erick Matheus Nery","@id":"https:\/\/www.suno.com.br\/noticias\/#\/schema\/person\/6899bc3f19d1a7315f807131c2c013a0"},"headline":"Petrobras (PETR4): desafios v\u00e3o al\u00e9m de mudan\u00e7a na pol\u00edtica de pre\u00e7os; entenda","datePublished":"2023-01-06T17:28:03+00:00","dateModified":"2023-01-06T17:28:11+00:00","mainEntityOfPage":{"@id":"https:\/\/www.suno.com.br\/noticias\/petrobras-petr4-desafios-nova-gestao\/"},"wordCount":973,"publisher":{"@id":"https:\/\/www.suno.com.br\/noticias\/#organization"},"image":{"@id":"https:\/\/www.suno.com.br\/noticias\/petrobras-petr4-desafios-nova-gestao\/#primaryimage"},"thumbnailUrl":"https:\/\/files.sunoresearch.com.br\/n\/uploads\/2022\/11\/petrobras-petr4.jpg","keywords":["A\u00e7\u00f5es","Especialistas","Petrobras (PETR4)"],"articleSection":["Neg\u00f3cios"],"inLanguage":"pt-BR"},{"@type":"WebPage","@id":"https:\/\/www.suno.com.br\/noticias\/petrobras-petr4-desafios-nova-gestao\/","url":"https:\/\/www.suno.com.br\/noticias\/petrobras-petr4-desafios-nova-gestao\/","name":"Petrobras (PETR4): Desafios v\u00e3o al\u00e9m de mudan\u00e7a na pol\u00edtica de pre\u00e7os","isPartOf":{"@id":"https:\/\/www.suno.com.br\/noticias\/#website"},"primaryImageOfPage":{"@id":"https:\/\/www.suno.com.br\/noticias\/petrobras-petr4-desafios-nova-gestao\/#primaryimage"},"image":{"@id":"https:\/\/www.suno.com.br\/noticias\/petrobras-petr4-desafios-nova-gestao\/#primaryimage"},"thumbnailUrl":"https:\/\/files.sunoresearch.com.br\/n\/uploads\/2022\/11\/petrobras-petr4.jpg","datePublished":"2023-01-06T17:28:03+00:00","dateModified":"2023-01-06T17:28:11+00:00","description":"A nova gest\u00e3o da Petrobras (PETR4) conta com desafios que v\u00e3o al\u00e9m da mudan\u00e7a na pol\u00edtica de pre\u00e7os. Clique e entenda!","breadcrumb":{"@id":"https:\/\/www.suno.com.br\/noticias\/petrobras-petr4-desafios-nova-gestao\/#breadcrumb"},"inLanguage":"pt-BR","potentialAction":[{"@type":"ReadAction","target":["https:\/\/www.suno.com.br\/noticias\/petrobras-petr4-desafios-nova-gestao\/"]}]},{"@type":"ImageObject","inLanguage":"pt-BR","@id":"https:\/\/www.suno.com.br\/noticias\/petrobras-petr4-desafios-nova-gestao\/#primaryimage","url":"https:\/\/files.sunoresearch.com.br\/n\/uploads\/2022\/11\/petrobras-petr4.jpg","contentUrl":"https:\/\/files.sunoresearch.com.br\/n\/uploads\/2022\/11\/petrobras-petr4.jpg","width":1200,"height":800,"caption":"Petrobras (PETR4). Foto: Divulga\u00e7\u00e3o"},{"@type":"BreadcrumbList","@id":"https:\/\/www.suno.com.br\/noticias\/petrobras-petr4-desafios-nova-gestao\/#breadcrumb","itemListElement":[{"@type":"ListItem","position":1,"name":"Not\u00edcias","item":"https:\/\/www.suno.com.br\/noticias\/"},{"@type":"ListItem","position":2,"name":"Neg\u00f3cios","item":"https:\/\/www.suno.com.br\/noticias\/negocios\/"},{"@type":"ListItem","position":3,"name":"Petrobras (PETR4): desafios v\u00e3o al\u00e9m de mudan\u00e7a na pol\u00edtica de pre\u00e7os; entenda"}]},{"@type":"WebSite","@id":"https:\/\/www.suno.com.br\/noticias\/#website","url":"https:\/\/www.suno.com.br\/noticias\/","name":"Suno Not\u00edcias","description":"Seu portal de informa\u00e7\u00e3o sobre o mundo dos investimentos","publisher":{"@id":"https:\/\/www.suno.com.br\/noticias\/#organization"},"potentialAction":[{"@type":"SearchAction","target":{"@type":"EntryPoint","urlTemplate":"https:\/\/www.suno.com.br\/noticias\/?s={search_term_string}"},"query-input":{"@type":"PropertyValueSpecification","valueRequired":true,"valueName":"search_term_string"}}],"inLanguage":"pt-BR"},{"@type":"Organization","@id":"https:\/\/www.suno.com.br\/noticias\/#organization","name":"Suno Not\u00edcias","url":"https:\/\/www.suno.com.br\/noticias\/","logo":{"@type":"ImageObject","inLanguage":"pt-BR","@id":"https:\/\/www.suno.com.br\/noticias\/#\/schema\/logo\/image\/","url":"https:\/\/files.sunoresearch.com.br\/n\/uploads\/2021\/09\/suno-logo.png","contentUrl":"https:\/\/files.sunoresearch.com.br\/n\/uploads\/2021\/09\/suno-logo.png","width":180,"height":180,"caption":"Suno Not\u00edcias"},"image":{"@id":"https:\/\/www.suno.com.br\/noticias\/#\/schema\/logo\/image\/"},"sameAs":["https:\/\/facebook.com\/sunoresearch","https:\/\/x.com\/sunoresearch","https:\/\/www.instagram.com\/suno","https:\/\/www.linkedin.com\/company\/suno-research\/","https:\/\/www.youtube.com\/c\/sunoresearch"]},{"@type":"Person","@id":"https:\/\/www.suno.com.br\/noticias\/#\/schema\/person\/6899bc3f19d1a7315f807131c2c013a0","name":"Erick Matheus Nery","image":{"@type":"ImageObject","inLanguage":"pt-BR","@id":"https:\/\/www.suno.com.br\/noticias\/#\/schema\/person\/image\/","url":"https:\/\/secure.gravatar.com\/avatar\/518ddffe438ccb767782d372a66304d2?s=96&r=g","contentUrl":"https:\/\/secure.gravatar.com\/avatar\/518ddffe438ccb767782d372a66304d2?s=96&r=g","caption":"Erick Matheus Nery"},"description":"Formado em Jornalismo pela Universidade Federal do Par\u00e1 (UFPA), conta com extens\u00e3o em Jornalismo Econ\u00f4mico pela Funda\u00e7\u00e3o Get\u00falio Vargas (FGV). No Suno Not\u00edcias, atua como rep\u00f3rter de Mercado, com foco nos setores de telecomunica\u00e7\u00f5es, varejo, alimentos e renda fixa. Conta com passagens pelo jornal O Estado de S\u00e3o Paulo, como trainee de Jornalismo Econ\u00f4mico, e pelo site Not\u00edcias da TV.","url":"https:\/\/www.suno.com.br\/noticias\/author\/erick-nery\/"}]}},"default_loop_html":"<div class=\"cardsPage__listCard__boxs\"><div class=\"cardsPage__listCard__boxs__img\"><a href=\"https:\/\/www.suno.com.br\/noticias\/petrobras-petr4-desafios-nova-gestao\/\"><img class=\"mask\" src=\"https:\/\/www.suno.com.br\/noticias\/wp-content\/themes\/suno\/resources\/images\/spotlight\/spotlight1img\/bg-mask.png\" alt=\"Image Mask\"\/><img src=\"https:\/\/files.sunoresearch.com.br\/n\/uploads\/2022\/11\/petrobras-petr4-400x200.jpg\" alt=\"Petrobras (PETR4): desafios v\u00e3o al\u00e9m de mudan\u00e7a na pol\u00edtica de pre\u00e7os; entenda\"\/><\/a><span class=\"spotlightCategory\"><a href=\"https:\/\/www.suno.com.br\/noticias\/negocios\/\">Neg\u00f3cios<\/a><\/span><\/div><div class=\"cardsPage__listCard__boxs__content\"><a href=\"https:\/\/www.suno.com.br\/noticias\/petrobras-petr4-desafios-nova-gestao\/\"><h2 class=\"content__title\">Petrobras (PETR4): desafios v\u00e3o al\u00e9m de mudan\u00e7a na pol\u00edtica de pre\u00e7os; entenda<\/h2><\/a><div class=\"newsContent__article__meta\"><div class=\"newsContent__article__meta__authorBox\"><a href=\"https:\/\/www.suno.com.br\/noticias\/author\/erick-nery\/\" class=\"authorBox__avatar noMobi\"><img src=\"https:\/\/secure.gravatar.com\/avatar\/518ddffe438ccb767782d372a66304d2?s=96&#038;r=g\" alt=\"Erick Matheus Nery\"><\/a><div class=\"authorBox__name\"><span>por\n\t\t\t<a href=\"https:\/\/www.suno.com.br\/noticias\/author\/erick-nery\/\"><span itemprop=\"author\">Erick Matheus Nery<\/span><\/a><\/span><time datetime=\"2023-01-06T14:28:03-03:00\" itemprop=\"datePublished\">06\/01\/2023 14:28<\/time><\/div><\/div><\/div><\/div><\/div>","single_layout":"posts","amp_enabled":true,"_links":{"self":[{"href":"https:\/\/www.suno.com.br\/noticias\/wp-json\/wp\/v2\/posts\/341714"}],"collection":[{"href":"https:\/\/www.suno.com.br\/noticias\/wp-json\/wp\/v2\/posts"}],"about":[{"href":"https:\/\/www.suno.com.br\/noticias\/wp-json\/wp\/v2\/types\/post"}],"author":[{"embeddable":true,"href":"https:\/\/www.suno.com.br\/noticias\/wp-json\/wp\/v2\/users\/232"}],"replies":[{"embeddable":true,"href":"https:\/\/www.suno.com.br\/noticias\/wp-json\/wp\/v2\/comments?post=341714"}],"version-history":[{"count":2,"href":"https:\/\/www.suno.com.br\/noticias\/wp-json\/wp\/v2\/posts\/341714\/revisions"}],"predecessor-version":[{"id":341988,"href":"https:\/\/www.suno.com.br\/noticias\/wp-json\/wp\/v2\/posts\/341714\/revisions\/341988"}],"wp:featuredmedia":[{"embeddable":true,"href":"https:\/\/www.suno.com.br\/noticias\/wp-json\/wp\/v2\/media\/323503"}],"wp:attachment":[{"href":"https:\/\/www.suno.com.br\/noticias\/wp-json\/wp\/v2\/media?parent=341714"}],"wp:term":[{"taxonomy":"category","embeddable":true,"href":"https:\/\/www.suno.com.br\/noticias\/wp-json\/wp\/v2\/categories?post=341714"},{"taxonomy":"post_tag","embeddable":true,"href":"https:\/\/www.suno.com.br\/noticias\/wp-json\/wp\/v2\/tags?post=341714"},{"taxonomy":"suno_strategy","embeddable":true,"href":"https:\/\/www.suno.com.br\/noticias\/wp-json\/wp\/v2\/suno_strategy?post=341714"}],"curies":[{"name":"wp","href":"https:\/\/api.w.org\/{rel}","templated":true}]}}