{"id":341690,"date":"2023-01-06T08:35:43","date_gmt":"2023-01-06T11:35:43","guid":{"rendered":"https:\/\/www.suno.com.br\/noticias\/?p=341690"},"modified":"2023-01-06T08:35:47","modified_gmt":"2023-01-06T11:35:47","slug":"eletrbras-elet3-assembleia-incorporacao-acoes-subsidiarias","status":"publish","type":"post","link":"https:\/\/www.suno.com.br\/noticias\/eletrbras-elet3-assembleia-incorporacao-acoes-subsidiarias\/","title":{"rendered":"Eletrobras (ELET3): Incorpora\u00e7\u00e3o de a\u00e7\u00f5es de subsidi\u00e1rias \u00e9 aprovada em assembleia"},"content":{"rendered":"<p>A incorpora\u00e7\u00e3o das a\u00e7\u00f5es das subsidi\u00e1rias da <strong>Eletrobras <\/strong>(<a href=\"https:\/\/suno.com.br\/acoes\/elet3\/\" target=\"_blank\" rel=\"noreferrer noopener\">ELET3<\/a>) pela empresa foi aprovada em <a href=\"https:\/\/www.suno.com.br\/artigos\/assembleia-geral-extraordinaria\/\" target=\"_blank\" rel=\"noreferrer noopener\">Assembleia Geral Extraordin\u00e1ria (AGE) <\/a>na tarde de quinta-feira (6).<\/p><div class=\"videoFull \">\n\t\t\t<div class=\"videoWrapper yt-lazyload center\"\n\t\t\t\tdata-width=\"960\"\n\t\t\t\tdata-height=\"540\"\n\t\t\t\tdata-id=\"GEpMnNfXX84\"\n\t\t\t\tdata-alt=\"V\u00eddeo do YouTube - clique para reproduzir\"\n\t\t\t\tdata-logo=\"3\"\n\t\t\t\tdata-imagequality=\"maxres\">\n\t\t\t<\/div>\n\t\t<\/div><script type=\"application\/ld+json\">{\"@context\":\"https:\/\/schema.org\",\"@type\":\"VideoObject\",\"name\":\"Entenda a privatiza\u00e7\u00e3o da Eletrobras, com o professor Vitor Schirato\",\"description\":\"#ELETROBRAS #ELET3 #ELET6 #INVESTIMENTOS Entenda a privatiza\u00e7\u00e3o da Eletrobras, com o professor Vitor Schirato #Investimentos \ud83d\udcca \ud835\udc00\ud835\udc29\ud835\udc2b\ud835\udc1e\ud835\udc27\ud835\udc1d\ud835\udc1a \ud835\udc1c\ud835\udc28\ud835\udc26\ud835\udc28 \ud835\udc1a\ud835\udc27\ud835\udc1a\ud835\udc25\ud835\udc22\ud835\udc2c\ud835\udc1a\ud835\udc2b \ud835\udc2e\ud835\udc26\ud835\udc1a \ud835\udc1a\u00e7\u00e3\ud835\udc28 [\ud835\udc04\ud835\udc01\ud835\udc0e\ud835\udc0e\ud835\udc0a \ud835\udc06\ud835\udc11\ud835\udc00\ud835\udc13\ud835\udc14\ud835\udc08\ud835\udc13\ud835\udc0e] \ud83d\udc49 https:\/\/lp.suno.com.br\/ebook-como-analisar-uma-acao\/?utm_source=youtube.noticias&utm_medium=video&utm_campaign=ebookcomoanalisarumaacao.20220307&utm_content= \ud83d\udcda [\ud835\udc04-\ud835\udc1b\ud835\udc28\ud835\udc28\ud835\udc24 \ud835\udc06\ud835\udc2b\ud835\udc1a\ud835\udc2d\ud835\udc2e\ud835\udc22\ud835\udc2d\ud835\udc28] \ud835\udc06\ud835\udc2e\ud835\udc22\ud835\udc1a \ud835\udc02\ud835\udc28\ud835\udc26\ud835\udc29\ud835\udc25\ud835\udc1e\ud835\udc2d\ud835\udc28: \ud835\udc03\ud835\udc22\ud835\udc2f\ud835\udc22\ud835\udc1d\ud835\udc1e\ud835\udc27\ud835\udc1d\ud835\udc28\ud835\udc2c: https:\/\/lp.suno.com.br\/lm\/ebook\/guia-completo-dividendos\/?utm_source=youtube.noticias&utm_medium=video&utm_campaign=ebook-guiacompleto:dividendos.20220315&utm_content= \ud83d\udcda [\ud835\udc04-\ud835\udc1b\ud835\udc28\ud835\udc28\ud835\udc24 \ud835\udc06\ud835\udc2b\ud835\udc1a\ud835\udc2d\ud835\udc2e\ud835\udc22\ud835\udc2d\ud835\udc28] \ud835\udde7\ud835\udde8\ud835\uddd7\ud835\udde2 \ud835\udde6\ud835\udde2\ud835\uddd5\ud835\udde5\ud835\uddd8 \ud835\udde5\ud835\uddd8\ud835\udde1\ud835\uddd7\ud835\uddd4 \ud835\uddd9\ud835\udddc\ud835\uddeb\ud835\uddd4 \ud83d\udc49 https:\/\/lp.suno.com.br\/lm\/ebook\/renda-fixa\/?utm_source=youtube.noticias&utm_medium=video&utm_campaign=ebook:rendafixa.20220411 \ud83d\udc47 \ud835\udc12\ud835\udc22\ud835\udc20\ud835\udc1a \ud835\udc27\ud835\udc28\ud835\udc2c\ud835\udc2c\ud835\udc1a\ud835\udc2c \ud835\udc2b\ud835\udc1e\ud835\udc1d\ud835\udc1e\ud835\udc2c \ud835\udc2c\ud835\udc28\ud835\udc1c\ud835\udc22\ud835\udc1a\ud835\udc22\ud835\udc2c: Portal Suno Not\u00edcias: https:\/\/www.suno.com.br\/noticias\/ Twitter: https:\/\/twitter.com\/sunonoticias Instagram: https:\/\/www.instagram.com\/sunonoticias\/ Telegram:\u2026\",\"duration\":\"PT22M40S\",\"embedUrl\":\"https:\/\/www.youtube.com\/embed\/GEpMnNfXX84\",\"regionsAllowed\":\"pt-BR\",\"interactionStatistic\":{\"@type\":\"InteractionCounter\",\"interactionType\":{\"@type\":\"WatchAction\"},\"userInteractionCount\":9974},\"thumbnailUrl\":\"https:\/\/i.ytimg.com\/vi\/GEpMnNfXX84\/default.jpg\",\"uploadDate\":\"2022-05-22T14:00:05Z\"}<\/script>\n\n\n\n\n\t<p>\n\t\t<a href=\"\" target=\"_blank\" data-element=\"shortcode-suno-banner\" title=\"Banner SUNO, clique e saiba mais\">\n\t\t\t<picture>\n\t\t\t\t<source media=\"(max-width: 500px)\" srcset=\"\">\n\t\t\t\t<img class=\"newsContent__article__imgCapa newsContent__article__imgCapa--banner\"\n\t\t\t\t\tsrc=\"\"\n\t\t\t\t\tdata-promo-id=\"265372\"\t\t\t\t\t\t\t\t\t\t\t\t\t\t\talt=\"\"\n\t\t\t\t>\n\t\t\t<\/picture>\n\t\t<\/a>\n\t<\/p>\n\n\n\n\n\n<p>As <strong>subsidi\u00e1rias da Eletrobras<\/strong> que tiveram a\u00e7\u00f5es incorporadas foram Chesf, Eletronorte, Furnas e CGT Eletrosul.<\/p>\n\n\n\n<p>Em assembleias pr\u00e9vias, os acionistas das subsidi\u00e1rias j\u00e1 haviam aprovado a incorpora\u00e7\u00e3o de suas a\u00e7\u00f5es pela companhia.<\/p>\n\n\n\n<p>Dentre os que votaram contra a <strong>incorpora\u00e7\u00e3o das a\u00e7\u00f5es<\/strong> est\u00e3o membros da Associa\u00e7\u00e3o dos Empregados da Eletrobras (AEEL) e da Associa\u00e7\u00e3o dos Empregados de Furnas (Asef) &#8211; que tamb\u00e9m se manifestaram contr\u00e1rios \u00e0 privatiza\u00e7\u00e3o da Eletrobras em ocasi\u00f5es anteriores.<\/p>\n\n\n\n\t<div data-element=\"shortcode-read-more\" class=\"readToo\">\n\t\t\t\t<span class=\"readToo__title\">Leia mais<\/span>\n\t\t\t\t<ul class=\"readToo__list\">\n\t\t\t<li><a href=\"https:\/\/www.suno.com.br\/noticias\/radar-banco-do-brasil-bbas3-petrobras-petr4-cogna-cogn3\/\">Radar: dividendos do Banco do Brasil (BBAS3), indica\u00e7\u00e3o de CEO da Petrobras (PETR4) \u00e9 questionada na Justi\u00e7a e a\u00e7\u00f5es da Cogna (COGN3) sobem<\/a><\/li><li><a href=\"https:\/\/www.suno.com.br\/noticias\/petrobras-petr4-prates-presidencia-justica\/\">Petrobras (PETR4): indica\u00e7\u00e3o de Jean Paul Prates \u00e0 presid\u00eancia \u00e9 questionada e vai parar na Justi\u00e7a<\/a><\/li><li><a href=\"https:\/\/www.suno.com.br\/noticias\/banco-do-brasil-bbas3-dividendos-2023-xp-2\/\">Banco do Brasil (BBAS3) fechar\u00e1 o ano pagando 13% em dividendos, projeta XP<\/a><\/li>\t\t<\/ul>\n\t<\/div>\n\n\n\n\n<p>Conforme comunicado pela companhia, ap\u00f3s a decis\u00e3o da <strong>Assembleia da Eletrobras<\/strong> s\u00f3 poder\u00e3o exercer direito de recesso aqueles acionistas titulares de a\u00e7\u00f5es preferenciais classe \u201cA\u201d de emiss\u00e3o da Companhia.<\/p>\n\n\n\n<p>&#8220;O reembolso do valor das a\u00e7\u00f5es dos acionistas detentores de A\u00e7\u00f5es PNA somente ser\u00e1 assegurado em rela\u00e7\u00e3o \u00e0s a\u00e7\u00f5es detidas por tais acionistas que sejam mantidas, de forma ininterrupta e comprovada, desde o dia 05 de dezembro de 2022 (data da divulga\u00e7\u00e3o da Proposta da Administra\u00e7\u00e3o para a 185\u00aa AGE), at\u00e9 a data de exerc\u00edcio do efetivo exerc\u00edcio do direito de recesso&#8221;, <a href=\"https:\/\/www.rad.cvm.gov.br\/ENET\/frmExibirArquivoIPEExterno.aspx?NumeroProtocoloEntrega=1047271\" target=\"_blank\" rel=\"noreferrer noopener\">diz o fato relevante da companhia<\/a>.<\/p>\n\n\n\t<p>\n\t\t<a href=\"https:\/\/lp.suno.com.br\/planilha-controle-gastos\/\" target=\"_blank\" data-element=\"shortcode-suno-banner\" title=\"Banner SUNO, clique e saiba mais\">\n\t\t\t<picture>\n\t\t\t\t<source media=\"(max-width: 500px)\" srcset=\"https:\/\/files.sunoresearch.com.br\/n\/uploads\/2023\/03\/400x300-Planilha-controle-de-gastos.png\">\n\t\t\t\t<img class=\"newsContent__article__imgCapa newsContent__article__imgCapa--banner\"\n\t\t\t\t\tsrc=\"https:\/\/files.sunoresearch.com.br\/n\/uploads\/2023\/03\/1420x240-Planilha-controle-de-gastos.png\"\n\t\t\t\t\tdata-promo-id=\"101751\"\t\t\t\t\t\t\t\t\t\twidth='1420' height='240'\t\t\t\t\talt=\"https:\/\/files.sunoresearch.com.br\/n\/uploads\/2023\/03\/1420x240-Planilha-controle-de-gastos.png\"\n\t\t\t\t>\n\t\t\t<\/picture>\n\t\t<\/a>\n\t<\/p>\n\n\n\n\n\n<h2 class=\"wp-block-heading\" id=\"h-resgate-de-acoes-ficou-fora-da-assembleia\">Resgate de a\u00e7\u00f5es ficou fora da Assembleia<\/h2>\n\n\n\n<p>Em meio a um imbr\u00f3glio envolvendo a Comiss\u00e3o de Valores Mobili\u00e1rios (CVM), a Eletrobras decidiu retirar o resgate de a\u00e7\u00f5es da pauta da AGE.<\/p>\n\n\n\n<p>Os demais itens, como a incorpora\u00e7\u00e3o de a\u00e7\u00f5es, foram votados, mas o <a href=\"https:\/\/www.suno.com.br\/artigos\/acoes-preferenciais\/\" target=\"_blank\" rel=\"noreferrer noopener\">resgate de a\u00e7\u00f5es preferenciais de classe A (PNA)<\/a>, exclusivamente, ficou de fora.<\/p>\n\n\n\n<p>Com isso, os boletins de voto a dist\u00e2ncia que se posicionaram sobre o resgate de <strong><a href=\"https:\/\/statusinvest.com.br\/acoes\/elet3\" target=\"_blank\" rel=\"noreferrer noopener\">a\u00e7\u00f5es da Eletrobras <\/a><\/strong>nesta AGE foram desconsiderados pela companhia.<\/p>\n\n\n\n<p>&#8220;A <strong>Eletrobras <\/strong>estudar\u00e1 com seus assessores as alternativas relacionadas ao tema e, oportunamente, informar\u00e1 os acionistas sobre a eventual retomada das respectivas delibera\u00e7\u00f5es em futura assembleia da companhia&#8221;, diz o comunicado arquivado na <a href=\"https:\/\/www.suno.com.br\/artigos\/cvm\/\" target=\"_blank\" rel=\"noreferrer noopener\">Comiss\u00e3o de Valores Mobili\u00e1rios (CVM)<\/a>.<\/p>\n\n\n\t<p>\n\t\t<a href=\"https:\/\/lp.suno.com.br\/ebook-como-analisar-uma-acao\/\" target=\"_blank\" data-element=\"shortcode-suno-banner\" title=\"Banner SUNO, clique e saiba mais\">\n\t\t\t<picture>\n\t\t\t\t<source media=\"(max-width: 500px)\" srcset=\"https:\/\/files.sunoresearch.com.br\/n\/uploads\/2023\/03\/Ebook-Acoes-Mobile-1.jpg\">\n\t\t\t\t<img class=\"newsContent__article__imgCapa newsContent__article__imgCapa--banner\"\n\t\t\t\t\tsrc=\"https:\/\/files.sunoresearch.com.br\/n\/uploads\/2023\/03\/Ebook-Acoes-Desktop-1.jpg\"\n\t\t\t\t\tdata-promo-id=\"171998\"\t\t\t\t\t\t\t\t\t\twidth='1420' height='286'\t\t\t\t\talt=\"https:\/\/files.sunoresearch.com.br\/n\/uploads\/2023\/03\/Ebook-Acoes-Desktop-1.jpg\"\n\t\t\t\t>\n\t\t\t<\/picture>\n\t\t<\/a>\n\t<\/p>\n\n\n","protected":false},"excerpt":{"rendered":"<p>A incorpora\u00e7\u00e3o das a\u00e7\u00f5es das subsidi\u00e1rias da Eletrobras (ELET3) pela empresa foi aprovada em Assembleia Geral Extraordin\u00e1ria (AGE) na tarde de quinta-feira (6). As subsidi\u00e1rias da Eletrobras que tiveram a\u00e7\u00f5es incorporadas foram Chesf, Eletronorte, Furnas e CGT Eletrosul. Em assembleias pr\u00e9vias, os acionistas das subsidi\u00e1rias j\u00e1 haviam aprovado a incorpora\u00e7\u00e3o de suas a\u00e7\u00f5es pela companhia. [&hellip;]<\/p>\n","protected":false},"author":73,"featured_media":321736,"comment_status":"closed","ping_status":"closed","sticky":false,"template":"","format":"standard","meta":[],"categories":[64],"tags":[286,17221,455],"suno_strategy":[],"class_list":["post-341690","post","type-post","status-publish","format-standard","has-post-thumbnail","hentry","category-negocios","tag-acoes","tag-assembleia-geral","tag-eletrobras-elet3-elet5-elet6"],"yoast_head":"<!-- This site is optimized with the Yoast SEO plugin v24.4 - https:\/\/yoast.com\/wordpress\/plugins\/seo\/ -->\n<title>Eletrobras (ELET3): Incorpora\u00e7\u00e3o de a\u00e7\u00f5es \u00e9 aprovada em assembleia<\/title>\n<meta name=\"description\" content=\"Em assembleia geral extraordin\u00e1ria, acionistas da Eletrobras aprovaram a incorpora\u00e7\u00e3o de a\u00e7\u00f5es de subsidi\u00e1rias como a Eletronorte. Confira!\" \/>\n<meta name=\"robots\" content=\"index, follow, max-snippet:-1, max-image-preview:large, max-video-preview:-1\" \/>\n<link rel=\"canonical\" href=\"https:\/\/www.suno.com.br\/noticias\/eletrbras-elet3-assembleia-incorporacao-acoes-subsidiarias\/\" \/>\n<meta property=\"og:locale\" content=\"pt_BR\" \/>\n<meta property=\"og:type\" content=\"article\" \/>\n<meta property=\"og:title\" content=\"Eletrobras (ELET3): Incorpora\u00e7\u00e3o de a\u00e7\u00f5es \u00e9 aprovada em assembleia\" \/>\n<meta property=\"og:description\" content=\"Em assembleia geral extraordin\u00e1ria, acionistas da Eletrobras aprovaram a incorpora\u00e7\u00e3o de a\u00e7\u00f5es de subsidi\u00e1rias como a Eletronorte. Confira!\" \/>\n<meta property=\"og:url\" content=\"https:\/\/www.suno.com.br\/noticias\/eletrbras-elet3-assembleia-incorporacao-acoes-subsidiarias\/\" \/>\n<meta property=\"og:site_name\" content=\"Suno Not\u00edcias\" \/>\n<meta property=\"article:publisher\" content=\"https:\/\/facebook.com\/sunoresearch\" \/>\n<meta property=\"og:image\" content=\"https:\/\/files.sunoresearch.com.br\/n\/uploads\/2022\/11\/eletrobras-elet3.jpg\" \/>\n\t<meta property=\"og:image:width\" content=\"1200\" \/>\n\t<meta property=\"og:image:height\" content=\"800\" \/>\n\t<meta property=\"og:image:type\" content=\"image\/jpeg\" \/>\n<meta name=\"author\" content=\"Eduardo Vargas\" \/>\n<meta name=\"twitter:card\" content=\"summary_large_image\" \/>\n<meta name=\"twitter:creator\" content=\"@sunoresearch\" \/>\n<meta name=\"twitter:site\" content=\"@sunoresearch\" \/>\n<meta name=\"twitter:label1\" content=\"Escrito por\" \/>\n\t<meta name=\"twitter:data1\" content=\"Eduardo Vargas\" \/>\n\t<meta name=\"twitter:label2\" content=\"Est. tempo de leitura\" \/>\n\t<meta name=\"twitter:data2\" content=\"2 minutos\" \/>\n<script type=\"application\/ld+json\" class=\"yoast-schema-graph\">{\"@context\":\"https:\/\/schema.org\",\"@graph\":[{\"@type\":\"NewsArticle\",\"@id\":\"https:\/\/www.suno.com.br\/noticias\/eletrbras-elet3-assembleia-incorporacao-acoes-subsidiarias\/#article\",\"isPartOf\":{\"@id\":\"https:\/\/www.suno.com.br\/noticias\/eletrbras-elet3-assembleia-incorporacao-acoes-subsidiarias\/\"},\"author\":{\"name\":\"Eduardo Vargas\",\"@id\":\"https:\/\/www.suno.com.br\/noticias\/#\/schema\/person\/7f4d362bf3518e76090143ae77bb49a5\"},\"headline\":\"Eletrobras (ELET3): Incorpora\u00e7\u00e3o de a\u00e7\u00f5es de subsidi\u00e1rias \u00e9 aprovada em assembleia\",\"datePublished\":\"2023-01-06T11:35:43+00:00\",\"dateModified\":\"2023-01-06T11:35:47+00:00\",\"mainEntityOfPage\":{\"@id\":\"https:\/\/www.suno.com.br\/noticias\/eletrbras-elet3-assembleia-incorporacao-acoes-subsidiarias\/\"},\"wordCount\":370,\"publisher\":{\"@id\":\"https:\/\/www.suno.com.br\/noticias\/#organization\"},\"image\":{\"@id\":\"https:\/\/www.suno.com.br\/noticias\/eletrbras-elet3-assembleia-incorporacao-acoes-subsidiarias\/#primaryimage\"},\"thumbnailUrl\":\"https:\/\/files.sunoresearch.com.br\/n\/uploads\/2022\/11\/eletrobras-elet3.jpg\",\"keywords\":[\"A\u00e7\u00f5es\",\"Assembleia Geral\",\"Eletrobras (ELET3\/ELET5\/ELET6)\"],\"articleSection\":[\"Neg\u00f3cios\"],\"inLanguage\":\"pt-BR\"},{\"@type\":\"WebPage\",\"@id\":\"https:\/\/www.suno.com.br\/noticias\/eletrbras-elet3-assembleia-incorporacao-acoes-subsidiarias\/\",\"url\":\"https:\/\/www.suno.com.br\/noticias\/eletrbras-elet3-assembleia-incorporacao-acoes-subsidiarias\/\",\"name\":\"Eletrobras (ELET3): Incorpora\u00e7\u00e3o de a\u00e7\u00f5es \u00e9 aprovada em assembleia\",\"isPartOf\":{\"@id\":\"https:\/\/www.suno.com.br\/noticias\/#website\"},\"primaryImageOfPage\":{\"@id\":\"https:\/\/www.suno.com.br\/noticias\/eletrbras-elet3-assembleia-incorporacao-acoes-subsidiarias\/#primaryimage\"},\"image\":{\"@id\":\"https:\/\/www.suno.com.br\/noticias\/eletrbras-elet3-assembleia-incorporacao-acoes-subsidiarias\/#primaryimage\"},\"thumbnailUrl\":\"https:\/\/files.sunoresearch.com.br\/n\/uploads\/2022\/11\/eletrobras-elet3.jpg\",\"datePublished\":\"2023-01-06T11:35:43+00:00\",\"dateModified\":\"2023-01-06T11:35:47+00:00\",\"description\":\"Em assembleia geral extraordin\u00e1ria, acionistas da Eletrobras aprovaram a incorpora\u00e7\u00e3o de a\u00e7\u00f5es de subsidi\u00e1rias como a Eletronorte. Confira!\",\"breadcrumb\":{\"@id\":\"https:\/\/www.suno.com.br\/noticias\/eletrbras-elet3-assembleia-incorporacao-acoes-subsidiarias\/#breadcrumb\"},\"inLanguage\":\"pt-BR\",\"potentialAction\":[{\"@type\":\"ReadAction\",\"target\":[\"https:\/\/www.suno.com.br\/noticias\/eletrbras-elet3-assembleia-incorporacao-acoes-subsidiarias\/\"]}]},{\"@type\":\"ImageObject\",\"inLanguage\":\"pt-BR\",\"@id\":\"https:\/\/www.suno.com.br\/noticias\/eletrbras-elet3-assembleia-incorporacao-acoes-subsidiarias\/#primaryimage\",\"url\":\"https:\/\/files.sunoresearch.com.br\/n\/uploads\/2022\/11\/eletrobras-elet3.jpg\",\"contentUrl\":\"https:\/\/files.sunoresearch.com.br\/n\/uploads\/2022\/11\/eletrobras-elet3.jpg\",\"width\":1200,\"height\":800,\"caption\":\"Eletrobras (ELET3). Foto: Divulga\u00e7\u00e3o\"},{\"@type\":\"BreadcrumbList\",\"@id\":\"https:\/\/www.suno.com.br\/noticias\/eletrbras-elet3-assembleia-incorporacao-acoes-subsidiarias\/#breadcrumb\",\"itemListElement\":[{\"@type\":\"ListItem\",\"position\":1,\"name\":\"Not\u00edcias\",\"item\":\"https:\/\/www.suno.com.br\/noticias\/\"},{\"@type\":\"ListItem\",\"position\":2,\"name\":\"Neg\u00f3cios\",\"item\":\"https:\/\/www.suno.com.br\/noticias\/negocios\/\"},{\"@type\":\"ListItem\",\"position\":3,\"name\":\"Eletrobras (ELET3): Incorpora\u00e7\u00e3o de a\u00e7\u00f5es de subsidi\u00e1rias \u00e9 aprovada em assembleia\"}]},{\"@type\":\"WebSite\",\"@id\":\"https:\/\/www.suno.com.br\/noticias\/#website\",\"url\":\"https:\/\/www.suno.com.br\/noticias\/\",\"name\":\"Suno Not\u00edcias\",\"description\":\"Seu portal de informa\u00e7\u00e3o sobre o mundo dos investimentos\",\"publisher\":{\"@id\":\"https:\/\/www.suno.com.br\/noticias\/#organization\"},\"potentialAction\":[{\"@type\":\"SearchAction\",\"target\":{\"@type\":\"EntryPoint\",\"urlTemplate\":\"https:\/\/www.suno.com.br\/noticias\/?s={search_term_string}\"},\"query-input\":{\"@type\":\"PropertyValueSpecification\",\"valueRequired\":true,\"valueName\":\"search_term_string\"}}],\"inLanguage\":\"pt-BR\"},{\"@type\":\"Organization\",\"@id\":\"https:\/\/www.suno.com.br\/noticias\/#organization\",\"name\":\"Suno Not\u00edcias\",\"url\":\"https:\/\/www.suno.com.br\/noticias\/\",\"logo\":{\"@type\":\"ImageObject\",\"inLanguage\":\"pt-BR\",\"@id\":\"https:\/\/www.suno.com.br\/noticias\/#\/schema\/logo\/image\/\",\"url\":\"https:\/\/files.sunoresearch.com.br\/n\/uploads\/2021\/09\/suno-logo.png\",\"contentUrl\":\"https:\/\/files.sunoresearch.com.br\/n\/uploads\/2021\/09\/suno-logo.png\",\"width\":180,\"height\":180,\"caption\":\"Suno Not\u00edcias\"},\"image\":{\"@id\":\"https:\/\/www.suno.com.br\/noticias\/#\/schema\/logo\/image\/\"},\"sameAs\":[\"https:\/\/facebook.com\/sunoresearch\",\"https:\/\/x.com\/sunoresearch\",\"https:\/\/www.instagram.com\/suno\",\"https:\/\/www.linkedin.com\/company\/suno-research\/\",\"https:\/\/www.youtube.com\/c\/sunoresearch\"]},{\"@type\":\"Person\",\"@id\":\"https:\/\/www.suno.com.br\/noticias\/#\/schema\/person\/7f4d362bf3518e76090143ae77bb49a5\",\"name\":\"Eduardo Vargas\",\"image\":{\"@type\":\"ImageObject\",\"inLanguage\":\"pt-BR\",\"@id\":\"https:\/\/www.suno.com.br\/noticias\/#\/schema\/person\/image\/\",\"url\":\"https:\/\/secure.gravatar.com\/avatar\/dac340933427a22924c9f99d1eb2e3f2?s=96&r=g\",\"contentUrl\":\"https:\/\/secure.gravatar.com\/avatar\/dac340933427a22924c9f99d1eb2e3f2?s=96&r=g\",\"caption\":\"Eduardo Vargas\"},\"description\":\"Jornalista formado pela UFSC, cobre macroeconomia, neg\u00f3cios e startups para o Suno Not\u00edcias, escrevendo principalmente not\u00edcias sobre o mercado financeiro e a bolsa de valores. No YouTube e no Instagram, \u00e9 respons\u00e1vel pela produ\u00e7\u00e3o de Reels e Shorts do Suno Not\u00edcias. Anteriormente, trabalhou cobrindo economia e cotidiano no ND+ e para o ND, maior jornal impresso de Santa Catarina. Cursou um semestre letivo de Estudos de M\u00eddia na Universidad de Buenos Aires.\",\"url\":\"https:\/\/www.suno.com.br\/noticias\/author\/eduardo-vargas\/\"}]}<\/script>\n<!-- \/ Yoast SEO plugin. -->","yoast_head_json":{"title":"Eletrobras (ELET3): Incorpora\u00e7\u00e3o de a\u00e7\u00f5es \u00e9 aprovada em assembleia","description":"Em assembleia geral extraordin\u00e1ria, acionistas da Eletrobras aprovaram a incorpora\u00e7\u00e3o de a\u00e7\u00f5es de subsidi\u00e1rias como a Eletronorte. Confira!","robots":{"index":"index","follow":"follow","max-snippet":"max-snippet:-1","max-image-preview":"max-image-preview:large","max-video-preview":"max-video-preview:-1"},"canonical":"https:\/\/www.suno.com.br\/noticias\/eletrbras-elet3-assembleia-incorporacao-acoes-subsidiarias\/","og_locale":"pt_BR","og_type":"article","og_title":"Eletrobras (ELET3): Incorpora\u00e7\u00e3o de a\u00e7\u00f5es \u00e9 aprovada em assembleia","og_description":"Em assembleia geral extraordin\u00e1ria, acionistas da Eletrobras aprovaram a incorpora\u00e7\u00e3o de a\u00e7\u00f5es de subsidi\u00e1rias como a Eletronorte. Confira!","og_url":"https:\/\/www.suno.com.br\/noticias\/eletrbras-elet3-assembleia-incorporacao-acoes-subsidiarias\/","og_site_name":"Suno Not\u00edcias","article_publisher":"https:\/\/facebook.com\/sunoresearch","og_image":[{"width":1200,"height":800,"url":"https:\/\/files.sunoresearch.com.br\/n\/uploads\/2022\/11\/eletrobras-elet3.jpg","type":"image\/jpeg"}],"author":"Eduardo Vargas","twitter_card":"summary_large_image","twitter_creator":"@sunoresearch","twitter_site":"@sunoresearch","twitter_misc":{"Escrito por":"Eduardo Vargas","Est. tempo de leitura":"2 minutos"},"schema":{"@context":"https:\/\/schema.org","@graph":[{"@type":"NewsArticle","@id":"https:\/\/www.suno.com.br\/noticias\/eletrbras-elet3-assembleia-incorporacao-acoes-subsidiarias\/#article","isPartOf":{"@id":"https:\/\/www.suno.com.br\/noticias\/eletrbras-elet3-assembleia-incorporacao-acoes-subsidiarias\/"},"author":{"name":"Eduardo Vargas","@id":"https:\/\/www.suno.com.br\/noticias\/#\/schema\/person\/7f4d362bf3518e76090143ae77bb49a5"},"headline":"Eletrobras (ELET3): Incorpora\u00e7\u00e3o de a\u00e7\u00f5es de subsidi\u00e1rias \u00e9 aprovada em assembleia","datePublished":"2023-01-06T11:35:43+00:00","dateModified":"2023-01-06T11:35:47+00:00","mainEntityOfPage":{"@id":"https:\/\/www.suno.com.br\/noticias\/eletrbras-elet3-assembleia-incorporacao-acoes-subsidiarias\/"},"wordCount":370,"publisher":{"@id":"https:\/\/www.suno.com.br\/noticias\/#organization"},"image":{"@id":"https:\/\/www.suno.com.br\/noticias\/eletrbras-elet3-assembleia-incorporacao-acoes-subsidiarias\/#primaryimage"},"thumbnailUrl":"https:\/\/files.sunoresearch.com.br\/n\/uploads\/2022\/11\/eletrobras-elet3.jpg","keywords":["A\u00e7\u00f5es","Assembleia Geral","Eletrobras (ELET3\/ELET5\/ELET6)"],"articleSection":["Neg\u00f3cios"],"inLanguage":"pt-BR"},{"@type":"WebPage","@id":"https:\/\/www.suno.com.br\/noticias\/eletrbras-elet3-assembleia-incorporacao-acoes-subsidiarias\/","url":"https:\/\/www.suno.com.br\/noticias\/eletrbras-elet3-assembleia-incorporacao-acoes-subsidiarias\/","name":"Eletrobras (ELET3): Incorpora\u00e7\u00e3o de a\u00e7\u00f5es \u00e9 aprovada em assembleia","isPartOf":{"@id":"https:\/\/www.suno.com.br\/noticias\/#website"},"primaryImageOfPage":{"@id":"https:\/\/www.suno.com.br\/noticias\/eletrbras-elet3-assembleia-incorporacao-acoes-subsidiarias\/#primaryimage"},"image":{"@id":"https:\/\/www.suno.com.br\/noticias\/eletrbras-elet3-assembleia-incorporacao-acoes-subsidiarias\/#primaryimage"},"thumbnailUrl":"https:\/\/files.sunoresearch.com.br\/n\/uploads\/2022\/11\/eletrobras-elet3.jpg","datePublished":"2023-01-06T11:35:43+00:00","dateModified":"2023-01-06T11:35:47+00:00","description":"Em assembleia geral extraordin\u00e1ria, acionistas da Eletrobras aprovaram a incorpora\u00e7\u00e3o de a\u00e7\u00f5es de subsidi\u00e1rias como a Eletronorte. Confira!","breadcrumb":{"@id":"https:\/\/www.suno.com.br\/noticias\/eletrbras-elet3-assembleia-incorporacao-acoes-subsidiarias\/#breadcrumb"},"inLanguage":"pt-BR","potentialAction":[{"@type":"ReadAction","target":["https:\/\/www.suno.com.br\/noticias\/eletrbras-elet3-assembleia-incorporacao-acoes-subsidiarias\/"]}]},{"@type":"ImageObject","inLanguage":"pt-BR","@id":"https:\/\/www.suno.com.br\/noticias\/eletrbras-elet3-assembleia-incorporacao-acoes-subsidiarias\/#primaryimage","url":"https:\/\/files.sunoresearch.com.br\/n\/uploads\/2022\/11\/eletrobras-elet3.jpg","contentUrl":"https:\/\/files.sunoresearch.com.br\/n\/uploads\/2022\/11\/eletrobras-elet3.jpg","width":1200,"height":800,"caption":"Eletrobras (ELET3). Foto: Divulga\u00e7\u00e3o"},{"@type":"BreadcrumbList","@id":"https:\/\/www.suno.com.br\/noticias\/eletrbras-elet3-assembleia-incorporacao-acoes-subsidiarias\/#breadcrumb","itemListElement":[{"@type":"ListItem","position":1,"name":"Not\u00edcias","item":"https:\/\/www.suno.com.br\/noticias\/"},{"@type":"ListItem","position":2,"name":"Neg\u00f3cios","item":"https:\/\/www.suno.com.br\/noticias\/negocios\/"},{"@type":"ListItem","position":3,"name":"Eletrobras (ELET3): Incorpora\u00e7\u00e3o de a\u00e7\u00f5es de subsidi\u00e1rias \u00e9 aprovada em assembleia"}]},{"@type":"WebSite","@id":"https:\/\/www.suno.com.br\/noticias\/#website","url":"https:\/\/www.suno.com.br\/noticias\/","name":"Suno Not\u00edcias","description":"Seu portal de informa\u00e7\u00e3o sobre o mundo dos investimentos","publisher":{"@id":"https:\/\/www.suno.com.br\/noticias\/#organization"},"potentialAction":[{"@type":"SearchAction","target":{"@type":"EntryPoint","urlTemplate":"https:\/\/www.suno.com.br\/noticias\/?s={search_term_string}"},"query-input":{"@type":"PropertyValueSpecification","valueRequired":true,"valueName":"search_term_string"}}],"inLanguage":"pt-BR"},{"@type":"Organization","@id":"https:\/\/www.suno.com.br\/noticias\/#organization","name":"Suno Not\u00edcias","url":"https:\/\/www.suno.com.br\/noticias\/","logo":{"@type":"ImageObject","inLanguage":"pt-BR","@id":"https:\/\/www.suno.com.br\/noticias\/#\/schema\/logo\/image\/","url":"https:\/\/files.sunoresearch.com.br\/n\/uploads\/2021\/09\/suno-logo.png","contentUrl":"https:\/\/files.sunoresearch.com.br\/n\/uploads\/2021\/09\/suno-logo.png","width":180,"height":180,"caption":"Suno Not\u00edcias"},"image":{"@id":"https:\/\/www.suno.com.br\/noticias\/#\/schema\/logo\/image\/"},"sameAs":["https:\/\/facebook.com\/sunoresearch","https:\/\/x.com\/sunoresearch","https:\/\/www.instagram.com\/suno","https:\/\/www.linkedin.com\/company\/suno-research\/","https:\/\/www.youtube.com\/c\/sunoresearch"]},{"@type":"Person","@id":"https:\/\/www.suno.com.br\/noticias\/#\/schema\/person\/7f4d362bf3518e76090143ae77bb49a5","name":"Eduardo Vargas","image":{"@type":"ImageObject","inLanguage":"pt-BR","@id":"https:\/\/www.suno.com.br\/noticias\/#\/schema\/person\/image\/","url":"https:\/\/secure.gravatar.com\/avatar\/dac340933427a22924c9f99d1eb2e3f2?s=96&r=g","contentUrl":"https:\/\/secure.gravatar.com\/avatar\/dac340933427a22924c9f99d1eb2e3f2?s=96&r=g","caption":"Eduardo Vargas"},"description":"Jornalista formado pela UFSC, cobre macroeconomia, neg\u00f3cios e startups para o Suno Not\u00edcias, escrevendo principalmente not\u00edcias sobre o mercado financeiro e a bolsa de valores. No YouTube e no Instagram, \u00e9 respons\u00e1vel pela produ\u00e7\u00e3o de Reels e Shorts do Suno Not\u00edcias. Anteriormente, trabalhou cobrindo economia e cotidiano no ND+ e para o ND, maior jornal impresso de Santa Catarina. Cursou um semestre letivo de Estudos de M\u00eddia na Universidad de Buenos Aires.","url":"https:\/\/www.suno.com.br\/noticias\/author\/eduardo-vargas\/"}]}},"default_loop_html":"<div class=\"cardsPage__listCard__boxs\"><div class=\"cardsPage__listCard__boxs__img\"><a href=\"https:\/\/www.suno.com.br\/noticias\/eletrbras-elet3-assembleia-incorporacao-acoes-subsidiarias\/\"><img class=\"mask\" src=\"https:\/\/www.suno.com.br\/noticias\/wp-content\/themes\/suno\/resources\/images\/spotlight\/spotlight1img\/bg-mask.png\" alt=\"Image Mask\"\/><img src=\"https:\/\/files.sunoresearch.com.br\/n\/uploads\/2022\/11\/eletrobras-elet3-400x200.jpg\" alt=\"Eletrobras (ELET3): Incorpora\u00e7\u00e3o de a\u00e7\u00f5es de subsidi\u00e1rias \u00e9 aprovada em assembleia\"\/><\/a><span class=\"spotlightCategory\"><a href=\"https:\/\/www.suno.com.br\/noticias\/negocios\/\">Neg\u00f3cios<\/a><\/span><\/div><div class=\"cardsPage__listCard__boxs__content\"><a href=\"https:\/\/www.suno.com.br\/noticias\/eletrbras-elet3-assembleia-incorporacao-acoes-subsidiarias\/\"><h2 class=\"content__title\">Eletrobras (ELET3): Incorpora\u00e7\u00e3o de a\u00e7\u00f5es de subsidi\u00e1rias \u00e9 aprovada em assembleia<\/h2><\/a><div class=\"newsContent__article__meta\"><div class=\"newsContent__article__meta__authorBox\"><a href=\"https:\/\/www.suno.com.br\/noticias\/author\/eduardo-vargas\/\" class=\"authorBox__avatar noMobi\"><img src=\"https:\/\/secure.gravatar.com\/avatar\/dac340933427a22924c9f99d1eb2e3f2?s=96&#038;r=g\" alt=\"Eduardo Vargas\"><\/a><div class=\"authorBox__name\"><span>por\n\t\t\t<a href=\"https:\/\/www.suno.com.br\/noticias\/author\/eduardo-vargas\/\"><span itemprop=\"author\">Eduardo Vargas<\/span><\/a><\/span><time datetime=\"2023-01-06T08:35:43-03:00\" itemprop=\"datePublished\">06\/01\/2023 08:35<\/time><\/div><\/div><\/div><\/div><\/div>","single_layout":"posts","amp_enabled":true,"_links":{"self":[{"href":"https:\/\/www.suno.com.br\/noticias\/wp-json\/wp\/v2\/posts\/341690"}],"collection":[{"href":"https:\/\/www.suno.com.br\/noticias\/wp-json\/wp\/v2\/posts"}],"about":[{"href":"https:\/\/www.suno.com.br\/noticias\/wp-json\/wp\/v2\/types\/post"}],"author":[{"embeddable":true,"href":"https:\/\/www.suno.com.br\/noticias\/wp-json\/wp\/v2\/users\/73"}],"replies":[{"embeddable":true,"href":"https:\/\/www.suno.com.br\/noticias\/wp-json\/wp\/v2\/comments?post=341690"}],"version-history":[{"count":3,"href":"https:\/\/www.suno.com.br\/noticias\/wp-json\/wp\/v2\/posts\/341690\/revisions"}],"predecessor-version":[{"id":341703,"href":"https:\/\/www.suno.com.br\/noticias\/wp-json\/wp\/v2\/posts\/341690\/revisions\/341703"}],"wp:featuredmedia":[{"embeddable":true,"href":"https:\/\/www.suno.com.br\/noticias\/wp-json\/wp\/v2\/media\/321736"}],"wp:attachment":[{"href":"https:\/\/www.suno.com.br\/noticias\/wp-json\/wp\/v2\/media?parent=341690"}],"wp:term":[{"taxonomy":"category","embeddable":true,"href":"https:\/\/www.suno.com.br\/noticias\/wp-json\/wp\/v2\/categories?post=341690"},{"taxonomy":"post_tag","embeddable":true,"href":"https:\/\/www.suno.com.br\/noticias\/wp-json\/wp\/v2\/tags?post=341690"},{"taxonomy":"suno_strategy","embeddable":true,"href":"https:\/\/www.suno.com.br\/noticias\/wp-json\/wp\/v2\/suno_strategy?post=341690"}],"curies":[{"name":"wp","href":"https:\/\/api.w.org\/{rel}","templated":true}]}}