{"id":34147,"date":"2019-08-15T10:13:01","date_gmt":"2019-08-15T13:13:01","guid":{"rendered":"https:\/\/www.suno.com.br\/noticias\/?p=34147"},"modified":"2019-08-16T07:12:51","modified_gmt":"2019-08-16T10:12:51","slug":"desemprego-recua-2-trimestre-ibge","status":"publish","type":"post","link":"https:\/\/www.suno.com.br\/noticias\/desemprego-recua-2-trimestre-ibge\/","title":{"rendered":"Desemprego recua em 10 das 27 unidades da federa\u00e7\u00e3o no 2\u00ba tri, segundo IBGE"},"content":{"rendered":"<p>O <a href=\"https:\/\/www.suno.com.br\/artigos\/indice-de-desemprego\/\">desemprego<\/a> caiu em 10 das 27 unidades da federa\u00e7\u00e3o no per\u00edodo de abril a junho deste ano, em compara\u00e7\u00e3o com o trimestre anterior deste ano.<\/p>\t<div class=\"wrapper-featured-image\">\n\t\t<figure class=\"spotlightImg\">\n\n\t\t\t<picture>\n\t\t\t\t<source media=\"(max-width: 768px)\" srcset=\"https:\/\/files.sunoresearch.com.br\/n\/uploads\/2019\/05\/847fac19-desemprego-400x200.webp\">\n\t\t\t\t<img loading=\"lazy\" decoding=\"async\" class=\"newsContent__article__imgCapa lazyloadDisabled newsContent__article__imgCapa--noCaption\" src=\"https:\/\/files.sunoresearch.com.br\/n\/uploads\/2019\/05\/847fac19-desemprego-jpg.webp\" width=\"800\" height=\"450\" alt=\"Desemprego recua em 10 das 27 unidades da federa\u00e7\u00e3o no 2\u00ba tri, segundo IBGE\" fetchpriority=high \/>\n\t\t\t<\/picture>\n\n\t\t\t<figcaption class=\"wp-caption-text wp-caption-text--hide\">Desemprego recua em 10 das 27 unidades da federa\u00e7\u00e3o no 2\u00ba tri, segundo IBGE<\/figcaption>\n\t\t<\/figure>\n\t<\/div>\n\n\n<p>Os dados divulgados pelo <strong>Instituto Brasileiro de Geografia e Estat\u00edstica (IBGE)<\/strong> permanecem est\u00e1veis nas demais unidades.<\/p>\n\n<h2>Desemprego: 26,2% procuram trabalho h\u00e1 pelo menos 2 anos<\/h2>\n<p>Mais de um quarto (26,2%) dos <strong>desempregados<\/strong> no Brasil procuram um emprego h\u00e1 pelo menos dois anos. Isso equivale a 3,347 milh\u00f5es de pessoas nesse situa\u00e7\u00e3o.<\/p>\n<p>Segundo a <strong>Pesquisa Nacional por Amostra de Domic\u00edlios Cont\u00ednua (PNAD Cont\u00ednua)<\/strong> divulgou hoje (15), esses n\u00fameros s\u00e3o os maiores em um trimestre desde 2012.<\/p>\n<p>Em apenas um ano, houve o acr\u00e9scimo de 196 mil pessoas nessa condi\u00e7\u00e3o. Esse total estava em 1,435 milh\u00f5es de pessoas em 2015, indicando que o in\u00edcio da crise econ\u00f4mica, por volta do final de 2014, traria maiores dificuldades de inser\u00e7\u00e3o no mercado de trabalho.<\/p>\n\t<p>\n\t\t<a href=\"https:\/\/lp.suno.com.br\/planilha-controle-gastos\/\" target=\"_blank\" data-element=\"shortcode-suno-banner\" title=\"Banner SUNO, clique e saiba mais\">\n\t\t\t<picture>\n\t\t\t\t<source media=\"(max-width: 500px)\" srcset=\"https:\/\/files.sunoresearch.com.br\/n\/uploads\/2023\/03\/400x300-Planilha-controle-de-gastos.png\">\n\t\t\t\t<img class=\"newsContent__article__imgCapa newsContent__article__imgCapa--banner\"\n\t\t\t\t\tsrc=\"https:\/\/files.sunoresearch.com.br\/n\/uploads\/2023\/03\/1420x240-Planilha-controle-de-gastos.png\"\n\t\t\t\t\tdata-promo-id=\"383122\"\t\t\t\t\t\t\t\t\t\twidth='1420' height='240'\t\t\t\t\talt=\"https:\/\/files.sunoresearch.com.br\/n\/uploads\/2023\/03\/1420x240-Planilha-controle-de-gastos.png\"\n\t\t\t\t>\n\t\t\t<\/picture>\n\t\t<\/a>\n\t<\/p>\n\n\n<p>O contexto impacta fortemente na <strong>informalidade<\/strong>. A estimativa \u00e9 de que, hoje, existam 19,4 milh\u00f5es de pessoas trabalhando por conta pr\u00f3pria sem CNPJ, 11,5 milh\u00f5es de empregados sem carteira assinada e 873 mil empregadores sem CNPJ.<\/p>\n<p><a href=\"https:\/\/www.suno.com.br\/noticias\/mp-da-liberdade-economica-3-mi-empregos\/\">Veja tamb\u00e9m: MP da Liberdade Econ\u00f4mica ir\u00e1 gerar 3,7 milh\u00f5es de empregos, diz governo<\/a><\/p>\n<p>O elevado per\u00edodo de procura por um emprego \u00e9 uma das vari\u00e1veis que explicam o <strong>desalento<\/strong>, por exemplo. No segundo trimestre deste ano, o Pa\u00eds tinha 4,9 milh\u00f5es de pessoas que desistiram de procurar um trabalho. A maior parte est\u00e1 no Nordeste, com 766 mil pessoas na Bahia e 588 mil pessoas no Maranh\u00e3o.<\/p>\n<h2>Varia\u00e7\u00e3o por unidade federativa<\/h2>\n<p>Veja as maiores taxas de desemprego por estado:<\/p>\n<ul>\n<li>Bahia (17,3%)<\/li>\n<li>Amap\u00e1 (16,9%)<\/li>\n<li>Pernambuco (16,0%)<\/li>\n<li>Sergipe (15%)<\/li>\n<li>Rio de Janeiro (15,1%)<\/li>\n<\/ul>\n\t<p>\n\t\t<a href=\"https:\/\/lp.suno.com.br\/asset\/fundos\/suno-fiagro-snag11\/\" target=\"_blank\" data-element=\"shortcode-suno-banner\" title=\"Banner SUNO, clique e saiba mais\">\n\t\t\t<picture>\n\t\t\t\t<source media=\"(max-width: 500px)\" srcset=\"https:\/\/files.sunoresearch.com.br\/n\/uploads\/2024\/03\/400x300-Mobile-Artigos-1_SNAG.png\">\n\t\t\t\t<img class=\"newsContent__article__imgCapa newsContent__article__imgCapa--banner\"\n\t\t\t\t\tsrc=\"https:\/\/files.sunoresearch.com.br\/n\/uploads\/2024\/03\/1420x240-Banner-Artigos-1-_-Banner-Materias-1_SNAG.png\"\n\t\t\t\t\tdata-promo-id=\"364416\"\t\t\t\t\t\t\t\t\t\twidth='1420' height='240'\t\t\t\t\talt=\"https:\/\/files.sunoresearch.com.br\/n\/uploads\/2024\/03\/1420x240-Banner-Artigos-1-_-Banner-Materias-1_SNAG.png\"\n\t\t\t\t>\n\t\t\t<\/picture>\n\t\t<\/a>\n\t<\/p>\n\n\n<p>O <strong>IBGE<\/strong> informou, tamb\u00e9m, que as maiores varia\u00e7\u00f5es negativas em rela\u00e7\u00e3o ao primeiro trimestre foram no Acre (-4,4 p.p), Amap\u00e1 (-3,3 p.p) e Rond\u00f4nia (-2,2 p.p). J\u00e1 os n\u00fameros aumentaram em Roraima (3,7 p.p) e Distrito Federal (1,5 p.p).<\/p>\n<p><a href=\"https:\/\/www.suno.com.br\/noticias\/medidas-crescer-pib-paulo-guedes\/\">Confira: Medidas podem fazer crescer o PIB at\u00e9 4%, diz Paulo Guedes<\/a><\/p>\n<p>A taxa de <strong>desemprego<\/strong> m\u00e9dia no Pa\u00eds foi retra\u00edda para 12% no segundo trimestre, frente a 12,7% nos primeiros tr\u00eas meses do ano. A faixa de desocupa\u00e7\u00e3o empregat\u00edcia ainda atinge 12,8 milh\u00f5es de brasileiros.<\/p>\n","protected":false},"excerpt":{"rendered":"<p>O desemprego caiu em 10 das 27 unidades da federa\u00e7\u00e3o no per\u00edodo de abril a junho deste ano, em compara\u00e7\u00e3o com o trimestre anterior deste ano. Desemprego recua em 10 das 27 unidades da federa\u00e7\u00e3o no 2\u00ba tri, segundo IBGE Os dados divulgados pelo Instituto Brasileiro de Geografia e Estat\u00edstica (IBGE) permanecem est\u00e1veis nas demais [&hellip;]<\/p>\n","protected":false},"author":24,"featured_media":26718,"comment_status":"closed","ping_status":"closed","sticky":false,"template":"","format":"standard","meta":[],"categories":[62],"tags":[1296,740,821],"suno_strategy":[],"class_list":["post-34147","post","type-post","status-publish","format-standard","has-post-thumbnail","hentry","category-economia","tag-desemprego","tag-economia","tag-ibge"],"yoast_head":"<!-- This site is optimized with the Yoast SEO plugin v24.4 - https:\/\/yoast.com\/wordpress\/plugins\/seo\/ -->\n<title>Desemprego recua em 10 estados no 2\u00ba tri, segundo IBGE<\/title>\n<meta name=\"description\" content=\"O desemprego caiu em 10 estados no per\u00edodo de abril a junho deste ano, em compara\u00e7\u00e3o no trimestre anterior deste ano. Saiba mais.\" \/>\n<meta name=\"robots\" content=\"index, follow, max-snippet:-1, max-image-preview:large, max-video-preview:-1\" \/>\n<link rel=\"canonical\" href=\"https:\/\/www.suno.com.br\/noticias\/desemprego-recua-2-trimestre-ibge\/\" \/>\n<meta property=\"og:locale\" content=\"pt_BR\" \/>\n<meta property=\"og:type\" content=\"article\" \/>\n<meta property=\"og:title\" content=\"Desemprego recua em 10 estados no 2\u00ba tri, segundo IBGE\" \/>\n<meta property=\"og:description\" content=\"O desemprego caiu em 10 estados no per\u00edodo de abril a junho deste ano, em compara\u00e7\u00e3o no trimestre anterior deste ano. Saiba mais.\" \/>\n<meta property=\"og:url\" content=\"https:\/\/www.suno.com.br\/noticias\/desemprego-recua-2-trimestre-ibge\/\" \/>\n<meta property=\"og:site_name\" content=\"Suno Not\u00edcias\" \/>\n<meta property=\"article:publisher\" content=\"https:\/\/facebook.com\/sunoresearch\" \/>\n<meta property=\"og:image\" content=\"https:\/\/files.sunoresearch.com.br\/n\/uploads\/2019\/05\/847fac19-desemprego.jpg\" \/>\n\t<meta property=\"og:image:width\" content=\"1100\" \/>\n\t<meta property=\"og:image:height\" content=\"370\" \/>\n\t<meta property=\"og:image:type\" content=\"image\/jpeg\" \/>\n<meta name=\"author\" content=\"Jader Lazarini\" \/>\n<meta name=\"twitter:card\" content=\"summary_large_image\" \/>\n<meta name=\"twitter:creator\" content=\"@sunoresearch\" \/>\n<meta name=\"twitter:site\" content=\"@sunoresearch\" \/>\n<meta name=\"twitter:label1\" content=\"Escrito por\" \/>\n\t<meta name=\"twitter:data1\" content=\"Jader Lazarini\" \/>\n\t<meta name=\"twitter:label2\" content=\"Est. tempo de leitura\" \/>\n\t<meta name=\"twitter:data2\" content=\"2 minutos\" \/>\n<script type=\"application\/ld+json\" class=\"yoast-schema-graph\">{\"@context\":\"https:\/\/schema.org\",\"@graph\":[{\"@type\":\"NewsArticle\",\"@id\":\"https:\/\/www.suno.com.br\/noticias\/desemprego-recua-2-trimestre-ibge\/#article\",\"isPartOf\":{\"@id\":\"https:\/\/www.suno.com.br\/noticias\/desemprego-recua-2-trimestre-ibge\/\"},\"author\":{\"name\":\"Jader Lazarini\",\"@id\":\"https:\/\/www.suno.com.br\/noticias\/#\/schema\/person\/918d79de1f0281f01599b93f9ea6e23f\"},\"headline\":\"Desemprego recua em 10 das 27 unidades da federa\u00e7\u00e3o no 2\u00ba tri, segundo IBGE\",\"datePublished\":\"2019-08-15T13:13:01+00:00\",\"dateModified\":\"2019-08-16T10:12:51+00:00\",\"mainEntityOfPage\":{\"@id\":\"https:\/\/www.suno.com.br\/noticias\/desemprego-recua-2-trimestre-ibge\/\"},\"wordCount\":394,\"publisher\":{\"@id\":\"https:\/\/www.suno.com.br\/noticias\/#organization\"},\"image\":{\"@id\":\"https:\/\/www.suno.com.br\/noticias\/desemprego-recua-2-trimestre-ibge\/#primaryimage\"},\"thumbnailUrl\":\"https:\/\/files.sunoresearch.com.br\/n\/uploads\/2019\/05\/847fac19-desemprego-jpg.webp\",\"keywords\":[\"Desemprego\",\"Economia\",\"IBGE\"],\"articleSection\":[\"Economia\"],\"inLanguage\":\"pt-BR\"},{\"@type\":\"WebPage\",\"@id\":\"https:\/\/www.suno.com.br\/noticias\/desemprego-recua-2-trimestre-ibge\/\",\"url\":\"https:\/\/www.suno.com.br\/noticias\/desemprego-recua-2-trimestre-ibge\/\",\"name\":\"Desemprego recua em 10 estados no 2\u00ba tri, segundo IBGE\",\"isPartOf\":{\"@id\":\"https:\/\/www.suno.com.br\/noticias\/#website\"},\"primaryImageOfPage\":{\"@id\":\"https:\/\/www.suno.com.br\/noticias\/desemprego-recua-2-trimestre-ibge\/#primaryimage\"},\"image\":{\"@id\":\"https:\/\/www.suno.com.br\/noticias\/desemprego-recua-2-trimestre-ibge\/#primaryimage\"},\"thumbnailUrl\":\"https:\/\/files.sunoresearch.com.br\/n\/uploads\/2019\/05\/847fac19-desemprego-jpg.webp\",\"datePublished\":\"2019-08-15T13:13:01+00:00\",\"dateModified\":\"2019-08-16T10:12:51+00:00\",\"description\":\"O desemprego caiu em 10 estados no per\u00edodo de abril a junho deste ano, em compara\u00e7\u00e3o no trimestre anterior deste ano. Saiba mais.\",\"breadcrumb\":{\"@id\":\"https:\/\/www.suno.com.br\/noticias\/desemprego-recua-2-trimestre-ibge\/#breadcrumb\"},\"inLanguage\":\"pt-BR\",\"potentialAction\":[{\"@type\":\"ReadAction\",\"target\":[\"https:\/\/www.suno.com.br\/noticias\/desemprego-recua-2-trimestre-ibge\/\"]}]},{\"@type\":\"ImageObject\",\"inLanguage\":\"pt-BR\",\"@id\":\"https:\/\/www.suno.com.br\/noticias\/desemprego-recua-2-trimestre-ibge\/#primaryimage\",\"url\":\"https:\/\/files.sunoresearch.com.br\/n\/uploads\/2019\/05\/847fac19-desemprego-jpg.webp\",\"contentUrl\":\"https:\/\/files.sunoresearch.com.br\/n\/uploads\/2019\/05\/847fac19-desemprego-jpg.webp\",\"width\":1100,\"height\":370,\"caption\":\"Desemprego recua em 10 das 27 unidades da federa\u00e7\u00e3o no 2\u00ba tri, segundo IBGE\"},{\"@type\":\"BreadcrumbList\",\"@id\":\"https:\/\/www.suno.com.br\/noticias\/desemprego-recua-2-trimestre-ibge\/#breadcrumb\",\"itemListElement\":[{\"@type\":\"ListItem\",\"position\":1,\"name\":\"Not\u00edcias\",\"item\":\"https:\/\/www.suno.com.br\/noticias\/\"},{\"@type\":\"ListItem\",\"position\":2,\"name\":\"Economia\",\"item\":\"https:\/\/www.suno.com.br\/noticias\/economia\/\"},{\"@type\":\"ListItem\",\"position\":3,\"name\":\"Desemprego recua em 10 das 27 unidades da federa\u00e7\u00e3o no 2\u00ba tri, segundo IBGE\"}]},{\"@type\":\"WebSite\",\"@id\":\"https:\/\/www.suno.com.br\/noticias\/#website\",\"url\":\"https:\/\/www.suno.com.br\/noticias\/\",\"name\":\"Suno Not\u00edcias\",\"description\":\"Seu portal de informa\u00e7\u00e3o sobre o mundo dos investimentos\",\"publisher\":{\"@id\":\"https:\/\/www.suno.com.br\/noticias\/#organization\"},\"potentialAction\":[{\"@type\":\"SearchAction\",\"target\":{\"@type\":\"EntryPoint\",\"urlTemplate\":\"https:\/\/www.suno.com.br\/noticias\/?s={search_term_string}\"},\"query-input\":{\"@type\":\"PropertyValueSpecification\",\"valueRequired\":true,\"valueName\":\"search_term_string\"}}],\"inLanguage\":\"pt-BR\"},{\"@type\":\"Organization\",\"@id\":\"https:\/\/www.suno.com.br\/noticias\/#organization\",\"name\":\"Suno Not\u00edcias\",\"url\":\"https:\/\/www.suno.com.br\/noticias\/\",\"logo\":{\"@type\":\"ImageObject\",\"inLanguage\":\"pt-BR\",\"@id\":\"https:\/\/www.suno.com.br\/noticias\/#\/schema\/logo\/image\/\",\"url\":\"https:\/\/files.sunoresearch.com.br\/n\/uploads\/2021\/09\/suno-logo.png\",\"contentUrl\":\"https:\/\/files.sunoresearch.com.br\/n\/uploads\/2021\/09\/suno-logo.png\",\"width\":180,\"height\":180,\"caption\":\"Suno Not\u00edcias\"},\"image\":{\"@id\":\"https:\/\/www.suno.com.br\/noticias\/#\/schema\/logo\/image\/\"},\"sameAs\":[\"https:\/\/facebook.com\/sunoresearch\",\"https:\/\/x.com\/sunoresearch\",\"https:\/\/www.instagram.com\/suno\",\"https:\/\/www.linkedin.com\/company\/suno-research\/\",\"https:\/\/www.youtube.com\/c\/sunoresearch\"]},{\"@type\":\"Person\",\"@id\":\"https:\/\/www.suno.com.br\/noticias\/#\/schema\/person\/918d79de1f0281f01599b93f9ea6e23f\",\"name\":\"Jader Lazarini\",\"image\":{\"@type\":\"ImageObject\",\"inLanguage\":\"pt-BR\",\"@id\":\"https:\/\/www.suno.com.br\/noticias\/#\/schema\/person\/image\/\",\"url\":\"https:\/\/secure.gravatar.com\/avatar\/3c1ad8caa51589841baeb923fcddea97?s=96&r=g\",\"contentUrl\":\"https:\/\/secure.gravatar.com\/avatar\/3c1ad8caa51589841baeb923fcddea97?s=96&r=g\",\"caption\":\"Jader Lazarini\"},\"description\":\"Jader Lazarini escreve sobre investimentos, finan\u00e7as, economia e neg\u00f3cios. \u00c9 bacharel em Rela\u00e7\u00f5es Internacionais e analista CNPI (2619).\",\"url\":\"https:\/\/www.suno.com.br\/noticias\/author\/jader-lazarini\/\"}]}<\/script>\n<!-- \/ Yoast SEO plugin. -->","yoast_head_json":{"title":"Desemprego recua em 10 estados no 2\u00ba tri, segundo IBGE","description":"O desemprego caiu em 10 estados no per\u00edodo de abril a junho deste ano, em compara\u00e7\u00e3o no trimestre anterior deste ano. Saiba mais.","robots":{"index":"index","follow":"follow","max-snippet":"max-snippet:-1","max-image-preview":"max-image-preview:large","max-video-preview":"max-video-preview:-1"},"canonical":"https:\/\/www.suno.com.br\/noticias\/desemprego-recua-2-trimestre-ibge\/","og_locale":"pt_BR","og_type":"article","og_title":"Desemprego recua em 10 estados no 2\u00ba tri, segundo IBGE","og_description":"O desemprego caiu em 10 estados no per\u00edodo de abril a junho deste ano, em compara\u00e7\u00e3o no trimestre anterior deste ano. Saiba mais.","og_url":"https:\/\/www.suno.com.br\/noticias\/desemprego-recua-2-trimestre-ibge\/","og_site_name":"Suno Not\u00edcias","article_publisher":"https:\/\/facebook.com\/sunoresearch","og_image":[{"width":1100,"height":370,"url":"https:\/\/files.sunoresearch.com.br\/n\/uploads\/2019\/05\/847fac19-desemprego.jpg","type":"image\/jpeg"}],"author":"Jader Lazarini","twitter_card":"summary_large_image","twitter_creator":"@sunoresearch","twitter_site":"@sunoresearch","twitter_misc":{"Escrito por":"Jader Lazarini","Est. tempo de leitura":"2 minutos"},"schema":{"@context":"https:\/\/schema.org","@graph":[{"@type":"NewsArticle","@id":"https:\/\/www.suno.com.br\/noticias\/desemprego-recua-2-trimestre-ibge\/#article","isPartOf":{"@id":"https:\/\/www.suno.com.br\/noticias\/desemprego-recua-2-trimestre-ibge\/"},"author":{"name":"Jader Lazarini","@id":"https:\/\/www.suno.com.br\/noticias\/#\/schema\/person\/918d79de1f0281f01599b93f9ea6e23f"},"headline":"Desemprego recua em 10 das 27 unidades da federa\u00e7\u00e3o no 2\u00ba tri, segundo IBGE","datePublished":"2019-08-15T13:13:01+00:00","dateModified":"2019-08-16T10:12:51+00:00","mainEntityOfPage":{"@id":"https:\/\/www.suno.com.br\/noticias\/desemprego-recua-2-trimestre-ibge\/"},"wordCount":394,"publisher":{"@id":"https:\/\/www.suno.com.br\/noticias\/#organization"},"image":{"@id":"https:\/\/www.suno.com.br\/noticias\/desemprego-recua-2-trimestre-ibge\/#primaryimage"},"thumbnailUrl":"https:\/\/files.sunoresearch.com.br\/n\/uploads\/2019\/05\/847fac19-desemprego-jpg.webp","keywords":["Desemprego","Economia","IBGE"],"articleSection":["Economia"],"inLanguage":"pt-BR"},{"@type":"WebPage","@id":"https:\/\/www.suno.com.br\/noticias\/desemprego-recua-2-trimestre-ibge\/","url":"https:\/\/www.suno.com.br\/noticias\/desemprego-recua-2-trimestre-ibge\/","name":"Desemprego recua em 10 estados no 2\u00ba tri, segundo IBGE","isPartOf":{"@id":"https:\/\/www.suno.com.br\/noticias\/#website"},"primaryImageOfPage":{"@id":"https:\/\/www.suno.com.br\/noticias\/desemprego-recua-2-trimestre-ibge\/#primaryimage"},"image":{"@id":"https:\/\/www.suno.com.br\/noticias\/desemprego-recua-2-trimestre-ibge\/#primaryimage"},"thumbnailUrl":"https:\/\/files.sunoresearch.com.br\/n\/uploads\/2019\/05\/847fac19-desemprego-jpg.webp","datePublished":"2019-08-15T13:13:01+00:00","dateModified":"2019-08-16T10:12:51+00:00","description":"O desemprego caiu em 10 estados no per\u00edodo de abril a junho deste ano, em compara\u00e7\u00e3o no trimestre anterior deste ano. Saiba mais.","breadcrumb":{"@id":"https:\/\/www.suno.com.br\/noticias\/desemprego-recua-2-trimestre-ibge\/#breadcrumb"},"inLanguage":"pt-BR","potentialAction":[{"@type":"ReadAction","target":["https:\/\/www.suno.com.br\/noticias\/desemprego-recua-2-trimestre-ibge\/"]}]},{"@type":"ImageObject","inLanguage":"pt-BR","@id":"https:\/\/www.suno.com.br\/noticias\/desemprego-recua-2-trimestre-ibge\/#primaryimage","url":"https:\/\/files.sunoresearch.com.br\/n\/uploads\/2019\/05\/847fac19-desemprego-jpg.webp","contentUrl":"https:\/\/files.sunoresearch.com.br\/n\/uploads\/2019\/05\/847fac19-desemprego-jpg.webp","width":1100,"height":370,"caption":"Desemprego recua em 10 das 27 unidades da federa\u00e7\u00e3o no 2\u00ba tri, segundo IBGE"},{"@type":"BreadcrumbList","@id":"https:\/\/www.suno.com.br\/noticias\/desemprego-recua-2-trimestre-ibge\/#breadcrumb","itemListElement":[{"@type":"ListItem","position":1,"name":"Not\u00edcias","item":"https:\/\/www.suno.com.br\/noticias\/"},{"@type":"ListItem","position":2,"name":"Economia","item":"https:\/\/www.suno.com.br\/noticias\/economia\/"},{"@type":"ListItem","position":3,"name":"Desemprego recua em 10 das 27 unidades da federa\u00e7\u00e3o no 2\u00ba tri, segundo IBGE"}]},{"@type":"WebSite","@id":"https:\/\/www.suno.com.br\/noticias\/#website","url":"https:\/\/www.suno.com.br\/noticias\/","name":"Suno Not\u00edcias","description":"Seu portal de informa\u00e7\u00e3o sobre o mundo dos investimentos","publisher":{"@id":"https:\/\/www.suno.com.br\/noticias\/#organization"},"potentialAction":[{"@type":"SearchAction","target":{"@type":"EntryPoint","urlTemplate":"https:\/\/www.suno.com.br\/noticias\/?s={search_term_string}"},"query-input":{"@type":"PropertyValueSpecification","valueRequired":true,"valueName":"search_term_string"}}],"inLanguage":"pt-BR"},{"@type":"Organization","@id":"https:\/\/www.suno.com.br\/noticias\/#organization","name":"Suno Not\u00edcias","url":"https:\/\/www.suno.com.br\/noticias\/","logo":{"@type":"ImageObject","inLanguage":"pt-BR","@id":"https:\/\/www.suno.com.br\/noticias\/#\/schema\/logo\/image\/","url":"https:\/\/files.sunoresearch.com.br\/n\/uploads\/2021\/09\/suno-logo.png","contentUrl":"https:\/\/files.sunoresearch.com.br\/n\/uploads\/2021\/09\/suno-logo.png","width":180,"height":180,"caption":"Suno Not\u00edcias"},"image":{"@id":"https:\/\/www.suno.com.br\/noticias\/#\/schema\/logo\/image\/"},"sameAs":["https:\/\/facebook.com\/sunoresearch","https:\/\/x.com\/sunoresearch","https:\/\/www.instagram.com\/suno","https:\/\/www.linkedin.com\/company\/suno-research\/","https:\/\/www.youtube.com\/c\/sunoresearch"]},{"@type":"Person","@id":"https:\/\/www.suno.com.br\/noticias\/#\/schema\/person\/918d79de1f0281f01599b93f9ea6e23f","name":"Jader Lazarini","image":{"@type":"ImageObject","inLanguage":"pt-BR","@id":"https:\/\/www.suno.com.br\/noticias\/#\/schema\/person\/image\/","url":"https:\/\/secure.gravatar.com\/avatar\/3c1ad8caa51589841baeb923fcddea97?s=96&r=g","contentUrl":"https:\/\/secure.gravatar.com\/avatar\/3c1ad8caa51589841baeb923fcddea97?s=96&r=g","caption":"Jader Lazarini"},"description":"Jader Lazarini escreve sobre investimentos, finan\u00e7as, economia e neg\u00f3cios. \u00c9 bacharel em Rela\u00e7\u00f5es Internacionais e analista CNPI (2619).","url":"https:\/\/www.suno.com.br\/noticias\/author\/jader-lazarini\/"}]}},"default_loop_html":"<div class=\"cardsPage__listCard__boxs\"><div class=\"cardsPage__listCard__boxs__img\"><a href=\"https:\/\/www.suno.com.br\/noticias\/desemprego-recua-2-trimestre-ibge\/\"><img class=\"mask\" src=\"https:\/\/www.suno.com.br\/noticias\/wp-content\/themes\/suno\/resources\/images\/spotlight\/spotlight1img\/bg-mask.png\" alt=\"Image Mask\"\/><img src=\"https:\/\/files.sunoresearch.com.br\/n\/uploads\/2019\/05\/847fac19-desemprego-400x200.webp\" alt=\"Desemprego recua em 10 das 27 unidades da federa\u00e7\u00e3o no 2\u00ba tri, segundo IBGE\"\/><\/a><span class=\"spotlightCategory\"><a href=\"https:\/\/www.suno.com.br\/noticias\/economia\/\">Economia<\/a><\/span><\/div><div class=\"cardsPage__listCard__boxs__content\"><a href=\"https:\/\/www.suno.com.br\/noticias\/desemprego-recua-2-trimestre-ibge\/\"><h2 class=\"content__title\">Desemprego recua em 10 das 27 unidades da federa\u00e7\u00e3o no 2\u00ba tri, segundo IBGE<\/h2><\/a><div class=\"newsContent__article__meta\"><div class=\"newsContent__article__meta__authorBox\"><a href=\"https:\/\/www.suno.com.br\/noticias\/author\/jader-lazarini\/\" class=\"authorBox__avatar noMobi\"><img src=\"https:\/\/files.sunoresearch.com.br\/n\/uploads\/2021\/01\/178e6598-foto-perfil-2-150x150.jpg\" alt=\"Jader Lazarini\"><\/a><div class=\"authorBox__name\"><span>por\n\t\t\t<a href=\"https:\/\/www.suno.com.br\/noticias\/author\/jader-lazarini\/\"><span itemprop=\"author\">Jader Lazarini<\/span><\/a><\/span><time datetime=\"2019-08-15T10:13:01-03:00\" itemprop=\"datePublished\">15\/08\/2019 10:13<\/time><\/div><\/div><\/div><\/div><\/div>","single_layout":"posts","amp_enabled":true,"_links":{"self":[{"href":"https:\/\/www.suno.com.br\/noticias\/wp-json\/wp\/v2\/posts\/34147"}],"collection":[{"href":"https:\/\/www.suno.com.br\/noticias\/wp-json\/wp\/v2\/posts"}],"about":[{"href":"https:\/\/www.suno.com.br\/noticias\/wp-json\/wp\/v2\/types\/post"}],"author":[{"embeddable":true,"href":"https:\/\/www.suno.com.br\/noticias\/wp-json\/wp\/v2\/users\/24"}],"replies":[{"embeddable":true,"href":"https:\/\/www.suno.com.br\/noticias\/wp-json\/wp\/v2\/comments?post=34147"}],"version-history":[{"count":0,"href":"https:\/\/www.suno.com.br\/noticias\/wp-json\/wp\/v2\/posts\/34147\/revisions"}],"wp:featuredmedia":[{"embeddable":true,"href":"https:\/\/www.suno.com.br\/noticias\/wp-json\/wp\/v2\/media\/26718"}],"wp:attachment":[{"href":"https:\/\/www.suno.com.br\/noticias\/wp-json\/wp\/v2\/media?parent=34147"}],"wp:term":[{"taxonomy":"category","embeddable":true,"href":"https:\/\/www.suno.com.br\/noticias\/wp-json\/wp\/v2\/categories?post=34147"},{"taxonomy":"post_tag","embeddable":true,"href":"https:\/\/www.suno.com.br\/noticias\/wp-json\/wp\/v2\/tags?post=34147"},{"taxonomy":"suno_strategy","embeddable":true,"href":"https:\/\/www.suno.com.br\/noticias\/wp-json\/wp\/v2\/suno_strategy?post=34147"}],"curies":[{"name":"wp","href":"https:\/\/api.w.org\/{rel}","templated":true}]}}