{"id":34126,"date":"2019-08-15T08:42:01","date_gmt":"2019-08-15T11:42:01","guid":{"rendered":"https:\/\/www.suno.com.br\/noticias\/?p=34126"},"modified":"2019-08-15T08:42:01","modified_gmt":"2019-08-15T11:42:01","slug":"oi-tem-queda-nas-receitas-e-eleva-o-prejuizo-atribuido-aos-acionistas","status":"publish","type":"post","link":"https:\/\/www.suno.com.br\/noticias\/oi-tem-queda-nas-receitas-e-eleva-o-prejuizo-atribuido-aos-acionistas\/","title":{"rendered":"Oi tem queda nas receitas e eleva o preju\u00edzo atribu\u00eddo aos acionistas"},"content":{"rendered":"<p>A Oi (<strong>OIBR3<\/strong>) voltou a apresentar queda nas receitas no segundo trimestre. A companhia elevou o preju\u00edzo em 24% no per\u00edodo de abril e junho, conforme o balan\u00e7o divulgado na noite da \u00faltima quarta-feira (14).<\/p>\t<div class=\"wrapper-featured-image\">\n\t\t<figure class=\"spotlightImg\">\n\n\t\t\t<picture>\n\t\t\t\t<source media=\"(max-width: 768px)\" srcset=\"https:\/\/files.sunoresearch.com.br\/n\/uploads\/2019\/07\/9c6b39a1-oi-400x200.webp\">\n\t\t\t\t<img loading=\"lazy\" decoding=\"async\" class=\"newsContent__article__imgCapa lazyloadDisabled newsContent__article__imgCapa--noCaption\" src=\"https:\/\/files.sunoresearch.com.br\/n\/uploads\/2019\/07\/9c6b39a1-oi-jpg.webp\" width=\"800\" height=\"450\" alt=\"Oi tem queda nas receitas e eleva o preju\u00edzo atribu\u00eddo aos acionistas\" fetchpriority=high \/>\n\t\t\t<\/picture>\n\n\t\t\t<figcaption class=\"wp-caption-text wp-caption-text--hide\">BTG faz proposta por 51% da rede de fibra \u00f3ptica da Oi (OIBR3)<\/figcaption>\n\t\t<\/figure>\n\t<\/div>\n\n\n<p>O preju\u00edzo l\u00edquido atribu\u00eddo da <strong>Oi<\/strong> foi de R$ 1,559 bilh\u00e3o. O resultado consolidado das opera\u00e7\u00f5es continuadas ficou em R$ 1,625 bilh\u00e3o negativos.<\/p>\n\n<h2>Dificuldades operacionais da Oi<\/h2>\n<p>A <a href=\"https:\/\/www.suno.com.br\/artigos\/o-que-receita-liquida\/\"><strong>receita l\u00edquida<\/strong><\/a> foi de R$ 5,091 bilh\u00f5es nos \u00faltimos tr\u00eas meses, uma queda de 8,2% no comparativo anual. No semestre, o somat\u00f3rio \u00e9 de R$ 10,211 bilh\u00f5es, retra\u00e7\u00e3o de 8,8%.<\/p>\n<p>Atrav\u00e9s do balan\u00e7o divulgado pela <strong>Oi<\/strong>, a companhia reitera que \u00e9 poss\u00edvel visualizar melhorias na compara\u00e7\u00e3o mensal e justifica dizendo que todos os segmentos sofreram o impacto da queda do tr\u00e1fego de voz, mas destaca a eleva\u00e7\u00e3o, principalmente, da receita de dados no segmento m\u00f3vel e do TI corporativo, que compensaram parcialmente a queda.<\/p>\n\t<p>\n\t\t<a href=\"https:\/\/lp.suno.com.br\/4-emissao-snel11\/\" target=\"_blank\" data-element=\"shortcode-suno-banner\" title=\"Banner SUNO, clique e saiba mais\">\n\t\t\t<picture>\n\t\t\t\t<source media=\"(max-width: 500px)\" srcset=\"https:\/\/files.sunoresearch.com.br\/n\/uploads\/2025\/07\/400x300-Mobile-Artigos-7.webp\">\n\t\t\t\t<img class=\"newsContent__article__imgCapa newsContent__article__imgCapa--banner\"\n\t\t\t\t\tsrc=\"https:\/\/files.sunoresearch.com.br\/n\/uploads\/2025\/07\/1420x240-Banner-Artigos-1-_-Banner-Materias-5.webp\"\n\t\t\t\t\tdata-promo-id=\"364417\"\t\t\t\t\t\t\t\t\t\twidth='1420' height='240'\t\t\t\t\talt=\"https:\/\/files.sunoresearch.com.br\/n\/uploads\/2025\/07\/1420x240-Banner-Artigos-1-_-Banner-Materias-5.webp\"\n\t\t\t\t>\n\t\t\t<\/picture>\n\t\t<\/a>\n\t<\/p>\n\n\n<p>Confira as receitas que mais recuaram no segundo trimestre e no primeiro semestre desse ano, respectivamente:<\/p>\n<ul>\n<li>Residencial: R$ 1,857 bilh\u00e3o (-12,1%) e R$ 3,738 bilh\u00f5es (-13,4%)<\/li>\n<li>Mobilidade pessoal: R$ 1,691 bilh\u00e3o (-3,7%) e R$ 3,390 bilh\u00f5es (-3,8%)<\/li>\n<li>B2B: R$ 1,418 bilh\u00e3o (-7%) e R$ 2,834 bilh\u00f5es (-7,7%)<\/li>\n<\/ul>\n<p>O <a href=\"https:\/\/www.suno.com.br\/artigos\/ebitda\/\"><strong>Ebitda<\/strong><\/a>, sigla em ingl\u00eas que representa o lucro antes dos juros, impostos, deprecia\u00e7\u00e3o e amortiza\u00e7\u00e3o, caiu 22,1% e finalizou o per\u00edodo de abril a junho com o total de R$ 1,218 bilh\u00e3o.<\/p>\n<p>Considerando o intervalo desde janeiro, o Ebitda de rotina foi de R$ 2,468 bilh\u00f5es, retra\u00e7\u00e3o de 21,3% na compara\u00e7\u00e3o anual. J\u00e1 a margem Ebitda de rotina foi de 23,9% no trimestre (retra\u00e7\u00e3o de 4,3 p.p) e de 24,1% (queda de 3,8 p.p).<\/p>\n<p><a href=\"https:\/\/www.suno.com.br\/noticias\/via-varejo-lucro-liquido-prejuizo-balanco\/\">Veja tamb\u00e9m: Via Varejo registra preju\u00edzo l\u00edquido de R$ 154 milh\u00f5es no 2T19<\/a><\/p>\n<p>O <a href=\"https:\/\/www.suno.com.br\/artigos\/capex\/\"><strong>Capex<\/strong><\/a>, investimentos consolidados, levando em considera\u00e7\u00e3o as opera\u00e7\u00f5es internacionais, aumentaram 50,7%, chegando a R$ 2,061 bilh\u00f5es. &#8220;O crescimento do Capex no 2T19, em especial, reflete a acelera\u00e7\u00e3o dos investimentos previstos no Plano de Estrat\u00e9gico da Companhia com foco principal na expans\u00e3o de FTTH, oferecendo banda larga de alta velocidade, al\u00e9m da expans\u00e3o da cobertura m\u00f3vel 4G e 4,5G&#8221;, destaca o informe.<\/p>\n\t<p>\n\t\t<a href=\"https:\/\/lp.statusinvest.com.br\/ao\/assessoria-status-invest\/\" target=\"_blank\" data-element=\"shortcode-suno-banner\" title=\"Banner SUNO, clique e saiba mais\">\n\t\t\t<picture>\n\t\t\t\t<source media=\"(max-width: 500px)\" srcset=\"https:\/\/files.sunoresearch.com.br\/n\/uploads\/2024\/03\/400x300-Mobile-1.png\">\n\t\t\t\t<img class=\"newsContent__article__imgCapa newsContent__article__imgCapa--banner\"\n\t\t\t\t\tsrc=\"https:\/\/files.sunoresearch.com.br\/n\/uploads\/2024\/03\/1420-x-240-Desktop.png\"\n\t\t\t\t\tdata-promo-id=\"537299\"\t\t\t\t\t\t\t\t\t\twidth='1420' height='250'\t\t\t\t\talt=\"https:\/\/files.sunoresearch.com.br\/n\/uploads\/2024\/03\/1420-x-240-Desktop.png\"\n\t\t\t\t>\n\t\t\t<\/picture>\n\t\t<\/a>\n\t<\/p>\n\n\n<p>O caixa dispon\u00edvel apresentado foi de R$ 4,296 bilh\u00f5es. Dessa forma, o fluxo de caixa operacional (ou seja, Ebitda &#8211; Capex) de rotina ajustado da <strong>Oi<\/strong> ficou negativo em R$ 469 milh\u00f5es no trimestre e R$ 571 milh\u00f5es no semestre, frente ao fluxo de caixa positivo registrado no ano passado.<\/p>\n<h2>Reflexo acion\u00e1rio<\/h2>\n<p>Nos \u00faltimos 12 meses, as a\u00e7\u00f5es ordin\u00e1rias da Oi ca\u00edram 37,23%.<\/p>\n<p>Ontem (14), as a\u00e7\u00f5es ordin\u00e1rias da <strong>Oi <\/strong>fecharam o preg\u00e3o com uma queda de -2,03%, sendo negociadas a R$ 1,45 na Bolsa de Valores de S\u00e3o Paulo.<\/p>\n","protected":false},"excerpt":{"rendered":"<p>A Oi (OIBR3) voltou a apresentar queda nas receitas no segundo trimestre. A companhia elevou o preju\u00edzo em 24% no per\u00edodo de abril e junho, conforme o balan\u00e7o divulgado na noite da \u00faltima quarta-feira (14). BTG faz proposta por 51% da rede de fibra \u00f3ptica da Oi (OIBR3) O preju\u00edzo l\u00edquido atribu\u00eddo da Oi foi [&hellip;]<\/p>\n","protected":false},"author":24,"featured_media":31185,"comment_status":"closed","ping_status":"closed","sticky":false,"template":"","format":"standard","meta":[],"categories":[64],"tags":[1029,721,584],"suno_strategy":[],"class_list":["post-34126","post","type-post","status-publish","format-standard","has-post-thumbnail","hentry","category-negocios","tag-balancos-trimestrais","tag-ibovespa","tag-oi-oibr3-oibr4"],"yoast_head":"<!-- This site is optimized with the Yoast SEO plugin v24.4 - https:\/\/yoast.com\/wordpress\/plugins\/seo\/ -->\n<title>Oi tem queda nas receitas e eleva o preju\u00edzo atribu\u00eddo aos acionistas<\/title>\n<meta name=\"description\" content=\"A Oi apresentou queda nas receitas no segundo trimestre. A companhia elevou o preju\u00edzo em 24% no per\u00edodo de abril e junho. Saiba mais.\" \/>\n<meta name=\"robots\" content=\"index, follow, max-snippet:-1, max-image-preview:large, max-video-preview:-1\" \/>\n<link rel=\"canonical\" href=\"https:\/\/www.suno.com.br\/noticias\/oi-tem-queda-nas-receitas-e-eleva-o-prejuizo-atribuido-aos-acionistas\/\" \/>\n<meta property=\"og:locale\" content=\"pt_BR\" \/>\n<meta property=\"og:type\" content=\"article\" \/>\n<meta property=\"og:title\" content=\"Oi tem queda nas receitas e eleva o preju\u00edzo atribu\u00eddo aos acionistas\" \/>\n<meta property=\"og:description\" content=\"A Oi apresentou queda nas receitas no segundo trimestre. A companhia elevou o preju\u00edzo em 24% no per\u00edodo de abril e junho. Saiba mais.\" \/>\n<meta property=\"og:url\" content=\"https:\/\/www.suno.com.br\/noticias\/oi-tem-queda-nas-receitas-e-eleva-o-prejuizo-atribuido-aos-acionistas\/\" \/>\n<meta property=\"og:site_name\" content=\"Suno Not\u00edcias\" \/>\n<meta property=\"article:publisher\" content=\"https:\/\/facebook.com\/sunoresearch\" \/>\n<meta property=\"og:image\" content=\"https:\/\/files.sunoresearch.com.br\/n\/uploads\/2019\/07\/9c6b39a1-oi.jpg\" \/>\n\t<meta property=\"og:image:width\" content=\"620\" \/>\n\t<meta property=\"og:image:height\" content=\"400\" \/>\n\t<meta property=\"og:image:type\" content=\"image\/jpeg\" \/>\n<meta name=\"author\" content=\"Jader Lazarini\" \/>\n<meta name=\"twitter:card\" content=\"summary_large_image\" \/>\n<meta name=\"twitter:creator\" content=\"@sunoresearch\" \/>\n<meta name=\"twitter:site\" content=\"@sunoresearch\" \/>\n<meta name=\"twitter:label1\" content=\"Escrito por\" \/>\n\t<meta name=\"twitter:data1\" content=\"Jader Lazarini\" \/>\n\t<meta name=\"twitter:label2\" content=\"Est. tempo de leitura\" \/>\n\t<meta name=\"twitter:data2\" content=\"2 minutos\" \/>\n<script type=\"application\/ld+json\" class=\"yoast-schema-graph\">{\"@context\":\"https:\/\/schema.org\",\"@graph\":[{\"@type\":\"NewsArticle\",\"@id\":\"https:\/\/www.suno.com.br\/noticias\/oi-tem-queda-nas-receitas-e-eleva-o-prejuizo-atribuido-aos-acionistas\/#article\",\"isPartOf\":{\"@id\":\"https:\/\/www.suno.com.br\/noticias\/oi-tem-queda-nas-receitas-e-eleva-o-prejuizo-atribuido-aos-acionistas\/\"},\"author\":{\"name\":\"Jader Lazarini\",\"@id\":\"https:\/\/www.suno.com.br\/noticias\/#\/schema\/person\/918d79de1f0281f01599b93f9ea6e23f\"},\"headline\":\"Oi tem queda nas receitas e eleva o preju\u00edzo atribu\u00eddo aos acionistas\",\"datePublished\":\"2019-08-15T11:42:01+00:00\",\"mainEntityOfPage\":{\"@id\":\"https:\/\/www.suno.com.br\/noticias\/oi-tem-queda-nas-receitas-e-eleva-o-prejuizo-atribuido-aos-acionistas\/\"},\"wordCount\":487,\"publisher\":{\"@id\":\"https:\/\/www.suno.com.br\/noticias\/#organization\"},\"image\":{\"@id\":\"https:\/\/www.suno.com.br\/noticias\/oi-tem-queda-nas-receitas-e-eleva-o-prejuizo-atribuido-aos-acionistas\/#primaryimage\"},\"thumbnailUrl\":\"https:\/\/files.sunoresearch.com.br\/n\/uploads\/2019\/07\/9c6b39a1-oi-jpg.webp\",\"keywords\":[\"balan\u00e7os trimestrais\",\"Ibovespa\",\"Oi (OIBR3\/OIBR4)\"],\"articleSection\":[\"Neg\u00f3cios\"],\"inLanguage\":\"pt-BR\"},{\"@type\":\"WebPage\",\"@id\":\"https:\/\/www.suno.com.br\/noticias\/oi-tem-queda-nas-receitas-e-eleva-o-prejuizo-atribuido-aos-acionistas\/\",\"url\":\"https:\/\/www.suno.com.br\/noticias\/oi-tem-queda-nas-receitas-e-eleva-o-prejuizo-atribuido-aos-acionistas\/\",\"name\":\"Oi tem queda nas receitas e eleva o preju\u00edzo atribu\u00eddo aos acionistas\",\"isPartOf\":{\"@id\":\"https:\/\/www.suno.com.br\/noticias\/#website\"},\"primaryImageOfPage\":{\"@id\":\"https:\/\/www.suno.com.br\/noticias\/oi-tem-queda-nas-receitas-e-eleva-o-prejuizo-atribuido-aos-acionistas\/#primaryimage\"},\"image\":{\"@id\":\"https:\/\/www.suno.com.br\/noticias\/oi-tem-queda-nas-receitas-e-eleva-o-prejuizo-atribuido-aos-acionistas\/#primaryimage\"},\"thumbnailUrl\":\"https:\/\/files.sunoresearch.com.br\/n\/uploads\/2019\/07\/9c6b39a1-oi-jpg.webp\",\"datePublished\":\"2019-08-15T11:42:01+00:00\",\"description\":\"A Oi apresentou queda nas receitas no segundo trimestre. A companhia elevou o preju\u00edzo em 24% no per\u00edodo de abril e junho. Saiba mais.\",\"breadcrumb\":{\"@id\":\"https:\/\/www.suno.com.br\/noticias\/oi-tem-queda-nas-receitas-e-eleva-o-prejuizo-atribuido-aos-acionistas\/#breadcrumb\"},\"inLanguage\":\"pt-BR\",\"potentialAction\":[{\"@type\":\"ReadAction\",\"target\":[\"https:\/\/www.suno.com.br\/noticias\/oi-tem-queda-nas-receitas-e-eleva-o-prejuizo-atribuido-aos-acionistas\/\"]}]},{\"@type\":\"ImageObject\",\"inLanguage\":\"pt-BR\",\"@id\":\"https:\/\/www.suno.com.br\/noticias\/oi-tem-queda-nas-receitas-e-eleva-o-prejuizo-atribuido-aos-acionistas\/#primaryimage\",\"url\":\"https:\/\/files.sunoresearch.com.br\/n\/uploads\/2019\/07\/9c6b39a1-oi-jpg.webp\",\"contentUrl\":\"https:\/\/files.sunoresearch.com.br\/n\/uploads\/2019\/07\/9c6b39a1-oi-jpg.webp\",\"width\":620,\"height\":400,\"caption\":\"BTG faz proposta por 51% da rede de fibra \u00f3ptica da Oi (OIBR3)\"},{\"@type\":\"BreadcrumbList\",\"@id\":\"https:\/\/www.suno.com.br\/noticias\/oi-tem-queda-nas-receitas-e-eleva-o-prejuizo-atribuido-aos-acionistas\/#breadcrumb\",\"itemListElement\":[{\"@type\":\"ListItem\",\"position\":1,\"name\":\"Not\u00edcias\",\"item\":\"https:\/\/www.suno.com.br\/noticias\/\"},{\"@type\":\"ListItem\",\"position\":2,\"name\":\"Neg\u00f3cios\",\"item\":\"https:\/\/www.suno.com.br\/noticias\/negocios\/\"},{\"@type\":\"ListItem\",\"position\":3,\"name\":\"Oi tem queda nas receitas e eleva o preju\u00edzo atribu\u00eddo aos acionistas\"}]},{\"@type\":\"WebSite\",\"@id\":\"https:\/\/www.suno.com.br\/noticias\/#website\",\"url\":\"https:\/\/www.suno.com.br\/noticias\/\",\"name\":\"Suno Not\u00edcias\",\"description\":\"Seu portal de informa\u00e7\u00e3o sobre o mundo dos investimentos\",\"publisher\":{\"@id\":\"https:\/\/www.suno.com.br\/noticias\/#organization\"},\"potentialAction\":[{\"@type\":\"SearchAction\",\"target\":{\"@type\":\"EntryPoint\",\"urlTemplate\":\"https:\/\/www.suno.com.br\/noticias\/?s={search_term_string}\"},\"query-input\":{\"@type\":\"PropertyValueSpecification\",\"valueRequired\":true,\"valueName\":\"search_term_string\"}}],\"inLanguage\":\"pt-BR\"},{\"@type\":\"Organization\",\"@id\":\"https:\/\/www.suno.com.br\/noticias\/#organization\",\"name\":\"Suno Not\u00edcias\",\"url\":\"https:\/\/www.suno.com.br\/noticias\/\",\"logo\":{\"@type\":\"ImageObject\",\"inLanguage\":\"pt-BR\",\"@id\":\"https:\/\/www.suno.com.br\/noticias\/#\/schema\/logo\/image\/\",\"url\":\"https:\/\/files.sunoresearch.com.br\/n\/uploads\/2021\/09\/suno-logo.png\",\"contentUrl\":\"https:\/\/files.sunoresearch.com.br\/n\/uploads\/2021\/09\/suno-logo.png\",\"width\":180,\"height\":180,\"caption\":\"Suno Not\u00edcias\"},\"image\":{\"@id\":\"https:\/\/www.suno.com.br\/noticias\/#\/schema\/logo\/image\/\"},\"sameAs\":[\"https:\/\/facebook.com\/sunoresearch\",\"https:\/\/x.com\/sunoresearch\",\"https:\/\/www.instagram.com\/suno\",\"https:\/\/www.linkedin.com\/company\/suno-research\/\",\"https:\/\/www.youtube.com\/c\/sunoresearch\"]},{\"@type\":\"Person\",\"@id\":\"https:\/\/www.suno.com.br\/noticias\/#\/schema\/person\/918d79de1f0281f01599b93f9ea6e23f\",\"name\":\"Jader Lazarini\",\"image\":{\"@type\":\"ImageObject\",\"inLanguage\":\"pt-BR\",\"@id\":\"https:\/\/www.suno.com.br\/noticias\/#\/schema\/person\/image\/\",\"url\":\"https:\/\/secure.gravatar.com\/avatar\/3c1ad8caa51589841baeb923fcddea97?s=96&r=g\",\"contentUrl\":\"https:\/\/secure.gravatar.com\/avatar\/3c1ad8caa51589841baeb923fcddea97?s=96&r=g\",\"caption\":\"Jader Lazarini\"},\"description\":\"Jader Lazarini escreve sobre investimentos, finan\u00e7as, economia e neg\u00f3cios. \u00c9 bacharel em Rela\u00e7\u00f5es Internacionais e analista CNPI (2619).\",\"url\":\"https:\/\/www.suno.com.br\/noticias\/author\/jader-lazarini\/\"}]}<\/script>\n<!-- \/ Yoast SEO plugin. -->","yoast_head_json":{"title":"Oi tem queda nas receitas e eleva o preju\u00edzo atribu\u00eddo aos acionistas","description":"A Oi apresentou queda nas receitas no segundo trimestre. A companhia elevou o preju\u00edzo em 24% no per\u00edodo de abril e junho. Saiba mais.","robots":{"index":"index","follow":"follow","max-snippet":"max-snippet:-1","max-image-preview":"max-image-preview:large","max-video-preview":"max-video-preview:-1"},"canonical":"https:\/\/www.suno.com.br\/noticias\/oi-tem-queda-nas-receitas-e-eleva-o-prejuizo-atribuido-aos-acionistas\/","og_locale":"pt_BR","og_type":"article","og_title":"Oi tem queda nas receitas e eleva o preju\u00edzo atribu\u00eddo aos acionistas","og_description":"A Oi apresentou queda nas receitas no segundo trimestre. A companhia elevou o preju\u00edzo em 24% no per\u00edodo de abril e junho. Saiba mais.","og_url":"https:\/\/www.suno.com.br\/noticias\/oi-tem-queda-nas-receitas-e-eleva-o-prejuizo-atribuido-aos-acionistas\/","og_site_name":"Suno Not\u00edcias","article_publisher":"https:\/\/facebook.com\/sunoresearch","og_image":[{"width":620,"height":400,"url":"https:\/\/files.sunoresearch.com.br\/n\/uploads\/2019\/07\/9c6b39a1-oi.jpg","type":"image\/jpeg"}],"author":"Jader Lazarini","twitter_card":"summary_large_image","twitter_creator":"@sunoresearch","twitter_site":"@sunoresearch","twitter_misc":{"Escrito por":"Jader Lazarini","Est. tempo de leitura":"2 minutos"},"schema":{"@context":"https:\/\/schema.org","@graph":[{"@type":"NewsArticle","@id":"https:\/\/www.suno.com.br\/noticias\/oi-tem-queda-nas-receitas-e-eleva-o-prejuizo-atribuido-aos-acionistas\/#article","isPartOf":{"@id":"https:\/\/www.suno.com.br\/noticias\/oi-tem-queda-nas-receitas-e-eleva-o-prejuizo-atribuido-aos-acionistas\/"},"author":{"name":"Jader Lazarini","@id":"https:\/\/www.suno.com.br\/noticias\/#\/schema\/person\/918d79de1f0281f01599b93f9ea6e23f"},"headline":"Oi tem queda nas receitas e eleva o preju\u00edzo atribu\u00eddo aos acionistas","datePublished":"2019-08-15T11:42:01+00:00","mainEntityOfPage":{"@id":"https:\/\/www.suno.com.br\/noticias\/oi-tem-queda-nas-receitas-e-eleva-o-prejuizo-atribuido-aos-acionistas\/"},"wordCount":487,"publisher":{"@id":"https:\/\/www.suno.com.br\/noticias\/#organization"},"image":{"@id":"https:\/\/www.suno.com.br\/noticias\/oi-tem-queda-nas-receitas-e-eleva-o-prejuizo-atribuido-aos-acionistas\/#primaryimage"},"thumbnailUrl":"https:\/\/files.sunoresearch.com.br\/n\/uploads\/2019\/07\/9c6b39a1-oi-jpg.webp","keywords":["balan\u00e7os trimestrais","Ibovespa","Oi (OIBR3\/OIBR4)"],"articleSection":["Neg\u00f3cios"],"inLanguage":"pt-BR"},{"@type":"WebPage","@id":"https:\/\/www.suno.com.br\/noticias\/oi-tem-queda-nas-receitas-e-eleva-o-prejuizo-atribuido-aos-acionistas\/","url":"https:\/\/www.suno.com.br\/noticias\/oi-tem-queda-nas-receitas-e-eleva-o-prejuizo-atribuido-aos-acionistas\/","name":"Oi tem queda nas receitas e eleva o preju\u00edzo atribu\u00eddo aos acionistas","isPartOf":{"@id":"https:\/\/www.suno.com.br\/noticias\/#website"},"primaryImageOfPage":{"@id":"https:\/\/www.suno.com.br\/noticias\/oi-tem-queda-nas-receitas-e-eleva-o-prejuizo-atribuido-aos-acionistas\/#primaryimage"},"image":{"@id":"https:\/\/www.suno.com.br\/noticias\/oi-tem-queda-nas-receitas-e-eleva-o-prejuizo-atribuido-aos-acionistas\/#primaryimage"},"thumbnailUrl":"https:\/\/files.sunoresearch.com.br\/n\/uploads\/2019\/07\/9c6b39a1-oi-jpg.webp","datePublished":"2019-08-15T11:42:01+00:00","description":"A Oi apresentou queda nas receitas no segundo trimestre. A companhia elevou o preju\u00edzo em 24% no per\u00edodo de abril e junho. Saiba mais.","breadcrumb":{"@id":"https:\/\/www.suno.com.br\/noticias\/oi-tem-queda-nas-receitas-e-eleva-o-prejuizo-atribuido-aos-acionistas\/#breadcrumb"},"inLanguage":"pt-BR","potentialAction":[{"@type":"ReadAction","target":["https:\/\/www.suno.com.br\/noticias\/oi-tem-queda-nas-receitas-e-eleva-o-prejuizo-atribuido-aos-acionistas\/"]}]},{"@type":"ImageObject","inLanguage":"pt-BR","@id":"https:\/\/www.suno.com.br\/noticias\/oi-tem-queda-nas-receitas-e-eleva-o-prejuizo-atribuido-aos-acionistas\/#primaryimage","url":"https:\/\/files.sunoresearch.com.br\/n\/uploads\/2019\/07\/9c6b39a1-oi-jpg.webp","contentUrl":"https:\/\/files.sunoresearch.com.br\/n\/uploads\/2019\/07\/9c6b39a1-oi-jpg.webp","width":620,"height":400,"caption":"BTG faz proposta por 51% da rede de fibra \u00f3ptica da Oi (OIBR3)"},{"@type":"BreadcrumbList","@id":"https:\/\/www.suno.com.br\/noticias\/oi-tem-queda-nas-receitas-e-eleva-o-prejuizo-atribuido-aos-acionistas\/#breadcrumb","itemListElement":[{"@type":"ListItem","position":1,"name":"Not\u00edcias","item":"https:\/\/www.suno.com.br\/noticias\/"},{"@type":"ListItem","position":2,"name":"Neg\u00f3cios","item":"https:\/\/www.suno.com.br\/noticias\/negocios\/"},{"@type":"ListItem","position":3,"name":"Oi tem queda nas receitas e eleva o preju\u00edzo atribu\u00eddo aos acionistas"}]},{"@type":"WebSite","@id":"https:\/\/www.suno.com.br\/noticias\/#website","url":"https:\/\/www.suno.com.br\/noticias\/","name":"Suno Not\u00edcias","description":"Seu portal de informa\u00e7\u00e3o sobre o mundo dos investimentos","publisher":{"@id":"https:\/\/www.suno.com.br\/noticias\/#organization"},"potentialAction":[{"@type":"SearchAction","target":{"@type":"EntryPoint","urlTemplate":"https:\/\/www.suno.com.br\/noticias\/?s={search_term_string}"},"query-input":{"@type":"PropertyValueSpecification","valueRequired":true,"valueName":"search_term_string"}}],"inLanguage":"pt-BR"},{"@type":"Organization","@id":"https:\/\/www.suno.com.br\/noticias\/#organization","name":"Suno Not\u00edcias","url":"https:\/\/www.suno.com.br\/noticias\/","logo":{"@type":"ImageObject","inLanguage":"pt-BR","@id":"https:\/\/www.suno.com.br\/noticias\/#\/schema\/logo\/image\/","url":"https:\/\/files.sunoresearch.com.br\/n\/uploads\/2021\/09\/suno-logo.png","contentUrl":"https:\/\/files.sunoresearch.com.br\/n\/uploads\/2021\/09\/suno-logo.png","width":180,"height":180,"caption":"Suno Not\u00edcias"},"image":{"@id":"https:\/\/www.suno.com.br\/noticias\/#\/schema\/logo\/image\/"},"sameAs":["https:\/\/facebook.com\/sunoresearch","https:\/\/x.com\/sunoresearch","https:\/\/www.instagram.com\/suno","https:\/\/www.linkedin.com\/company\/suno-research\/","https:\/\/www.youtube.com\/c\/sunoresearch"]},{"@type":"Person","@id":"https:\/\/www.suno.com.br\/noticias\/#\/schema\/person\/918d79de1f0281f01599b93f9ea6e23f","name":"Jader Lazarini","image":{"@type":"ImageObject","inLanguage":"pt-BR","@id":"https:\/\/www.suno.com.br\/noticias\/#\/schema\/person\/image\/","url":"https:\/\/secure.gravatar.com\/avatar\/3c1ad8caa51589841baeb923fcddea97?s=96&r=g","contentUrl":"https:\/\/secure.gravatar.com\/avatar\/3c1ad8caa51589841baeb923fcddea97?s=96&r=g","caption":"Jader Lazarini"},"description":"Jader Lazarini escreve sobre investimentos, finan\u00e7as, economia e neg\u00f3cios. \u00c9 bacharel em Rela\u00e7\u00f5es Internacionais e analista CNPI (2619).","url":"https:\/\/www.suno.com.br\/noticias\/author\/jader-lazarini\/"}]}},"default_loop_html":"<div class=\"cardsPage__listCard__boxs\"><div class=\"cardsPage__listCard__boxs__img\"><a href=\"https:\/\/www.suno.com.br\/noticias\/oi-tem-queda-nas-receitas-e-eleva-o-prejuizo-atribuido-aos-acionistas\/\"><img class=\"mask\" src=\"https:\/\/www.suno.com.br\/noticias\/wp-content\/themes\/suno\/resources\/images\/spotlight\/spotlight1img\/bg-mask.png\" alt=\"Image Mask\"\/><img src=\"https:\/\/files.sunoresearch.com.br\/n\/uploads\/2019\/07\/9c6b39a1-oi-400x200.webp\" alt=\"Oi tem queda nas receitas e eleva o preju\u00edzo atribu\u00eddo aos acionistas\"\/><\/a><span class=\"spotlightCategory\"><a href=\"https:\/\/www.suno.com.br\/noticias\/negocios\/\">Neg\u00f3cios<\/a><\/span><\/div><div class=\"cardsPage__listCard__boxs__content\"><a href=\"https:\/\/www.suno.com.br\/noticias\/oi-tem-queda-nas-receitas-e-eleva-o-prejuizo-atribuido-aos-acionistas\/\"><h2 class=\"content__title\">Oi tem queda nas receitas e eleva o preju\u00edzo atribu\u00eddo aos acionistas<\/h2><\/a><div class=\"newsContent__article__meta\"><div class=\"newsContent__article__meta__authorBox\"><a href=\"https:\/\/www.suno.com.br\/noticias\/author\/jader-lazarini\/\" class=\"authorBox__avatar noMobi\"><img src=\"https:\/\/files.sunoresearch.com.br\/n\/uploads\/2021\/01\/178e6598-foto-perfil-2-150x150.jpg\" alt=\"Jader Lazarini\"><\/a><div class=\"authorBox__name\"><span>por\n\t\t\t<a href=\"https:\/\/www.suno.com.br\/noticias\/author\/jader-lazarini\/\"><span itemprop=\"author\">Jader Lazarini<\/span><\/a><\/span><time datetime=\"2019-08-15T08:42:01-03:00\" itemprop=\"datePublished\">15\/08\/2019 08:42<\/time><\/div><\/div><\/div><\/div><\/div>","single_layout":"posts","amp_enabled":true,"_links":{"self":[{"href":"https:\/\/www.suno.com.br\/noticias\/wp-json\/wp\/v2\/posts\/34126"}],"collection":[{"href":"https:\/\/www.suno.com.br\/noticias\/wp-json\/wp\/v2\/posts"}],"about":[{"href":"https:\/\/www.suno.com.br\/noticias\/wp-json\/wp\/v2\/types\/post"}],"author":[{"embeddable":true,"href":"https:\/\/www.suno.com.br\/noticias\/wp-json\/wp\/v2\/users\/24"}],"replies":[{"embeddable":true,"href":"https:\/\/www.suno.com.br\/noticias\/wp-json\/wp\/v2\/comments?post=34126"}],"version-history":[{"count":0,"href":"https:\/\/www.suno.com.br\/noticias\/wp-json\/wp\/v2\/posts\/34126\/revisions"}],"wp:featuredmedia":[{"embeddable":true,"href":"https:\/\/www.suno.com.br\/noticias\/wp-json\/wp\/v2\/media\/31185"}],"wp:attachment":[{"href":"https:\/\/www.suno.com.br\/noticias\/wp-json\/wp\/v2\/media?parent=34126"}],"wp:term":[{"taxonomy":"category","embeddable":true,"href":"https:\/\/www.suno.com.br\/noticias\/wp-json\/wp\/v2\/categories?post=34126"},{"taxonomy":"post_tag","embeddable":true,"href":"https:\/\/www.suno.com.br\/noticias\/wp-json\/wp\/v2\/tags?post=34126"},{"taxonomy":"suno_strategy","embeddable":true,"href":"https:\/\/www.suno.com.br\/noticias\/wp-json\/wp\/v2\/suno_strategy?post=34126"}],"curies":[{"name":"wp","href":"https:\/\/api.w.org\/{rel}","templated":true}]}}