{"id":341204,"date":"2023-01-05T18:44:22","date_gmt":"2023-01-05T21:44:22","guid":{"rendered":"https:\/\/www.suno.com.br\/noticias\/?p=341204"},"modified":"2023-01-06T20:00:44","modified_gmt":"2023-01-06T23:00:44","slug":"fundos-imobiliarios-janeiro-carteira-analistas","status":"publish","type":"post","link":"https:\/\/www.suno.com.br\/noticias\/fundos-imobiliarios-janeiro-carteira-analistas\/","title":{"rendered":"Fundos imobili\u00e1rios: veja os FIIs recomendados para janeiro de 2023 por analistas"},"content":{"rendered":"<p>Neste come\u00e7o de ano, casas de an\u00e1lise, bancos de investimentos e corretoras divulgaram as suas carteiras recomendadas de <strong>Fundos Imobili\u00e1rios<\/strong> (FIIs) para o m\u00eas de janeiro. <\/p>\t<div class=\"wrapper-featured-image\">\n\t\t<figure class=\"spotlightImg\">\n\n\t\t\t<picture>\n\t\t\t\t<source media=\"(max-width: 768px)\" srcset=\"https:\/\/files.sunoresearch.com.br\/n\/uploads\/2022\/10\/joel-filipe-RFDP7_80v5A-unsplash-400x200.jpg\">\n\t\t\t\t<img loading=\"lazy\" decoding=\"async\" class=\"newsContent__article__imgCapa lazyloadDisabled \" src=\"https:\/\/files.sunoresearch.com.br\/n\/uploads\/2022\/10\/joel-filipe-RFDP7_80v5A-unsplash-800x450.jpg\" width=\"800\" height=\"450\" alt=\"Fundos imobili\u00e1rios: veja os FIIs recomendados para janeiro de 2023 por analistas\" fetchpriority=high \/>\n\t\t\t<\/picture>\n\n\t\t\t<figcaption class=\"wp-caption-text wp-caption-text--show\">Fundos Imobili\u00e1rios Foto: Unsplash<\/figcaption>\n\t\t<\/figure>\n\t<\/div>\n\n\n\n\n\n\t<p>\n\t\t<a href=\"\" target=\"_blank\" data-element=\"shortcode-suno-banner\" title=\"Banner SUNO, clique e saiba mais\">\n\t\t\t<picture>\n\t\t\t\t<source media=\"(max-width: 500px)\" srcset=\"\">\n\t\t\t\t<img class=\"newsContent__article__imgCapa newsContent__article__imgCapa--banner\"\n\t\t\t\t\tsrc=\"\"\n\t\t\t\t\tdata-promo-id=\"77050\"\t\t\t\t\t\t\t\t\t\t\t\t\t\t\talt=\"\"\n\t\t\t\t>\n\t\t\t<\/picture>\n\t\t<\/a>\n\t<\/p>\n\n\n\n\n\n<p>O Suno Not\u00edcias reuniu 3 carteiras de <strong>FIIs recomendadas<\/strong> para investir em janeiro. Foram elaboradas pela Genial Investimentos, BTG Pactual e Guide.<\/p>\n\n\n\n<p>Antes de qualquer investimento em a\u00e7\u00f5es ou <a class=\"suno-keyword\" target=\"_blank\" data-force=\"no\" data-priority=\"2\" href=\"https:\/\/www.suno.com.br\/fundos-imobiliarios\/\" rel=\"noopener\">fundos imobili\u00e1rios<\/a> \u00e9 importante ressaltar que quitar as d\u00edvidas e fazer uma reserva de emerg\u00eancia deve sempre ser a prioridade. Acima de tudo, os investidores precisam analisar outros indicadores, al\u00e9m do&nbsp;<strong>dividend yield<\/strong>.<\/p>\n\n\n\n<p>Os analistas da Suno Research sempre salientam que \u00e9 necess\u00e1rio, antes, poupar dinheiro para depois investir em fundos imobili\u00e1rios, e nunca se endividar para investir.<\/p>\n\n\n\n<p>Lembrando: esta mat\u00e9ria n\u00e3o \u00e9 uma recomenda\u00e7\u00e3o de investimento.<\/p>\n\n\n\n<h2 class=\"wp-block-heading\" id=\"h-ifix-em-2022\">IFIX em 2022<\/h2>\n\n\n\n<p>O IFIX, principal \u00edndice de <a class=\"suno-keyword\" target=\"_blank\" data-force=\"no\" data-priority=\"2\" href=\"https:\/\/www.suno.com.br\/fundos-imobiliarios\/\" rel=\"noopener\">fundos imobili\u00e1rios<\/a> da Bolsa de Valores brasileira (B3), encerrou o ano de 2022 em alta de 2,22%, o primeiro desempenho positivo ap\u00f3s dois anos de quedas consecutivas.<\/p>\n\n\n\n<p>O \u00edndice de <a class=\"suno-keyword\" target=\"_blank\" data-force=\"no\" data-priority=\"2\" href=\"https:\/\/www.suno.com.br\/fundos-imobiliarios\/\" rel=\"noopener\">fundos imobili\u00e1rios<\/a> terminou o m\u00eas de dezembro est\u00e1vel. Antes disso, o IFIX havia registrado 4 meses com um desempenho mensal negativo, outros 6 meses no positivo e o m\u00eas de outubro praticamente est\u00e1vel.<\/p>\n\n\n\n<p>A cota\u00e7\u00e3o do IFIX registrou a m\u00e1xima do ano em outubro, aos 3.006,54 pontos, enquanto a m\u00ednima foi alcan\u00e7ada aos 2.648,98 pontos, em fevereiro.<\/p>\n\n\n\n<p>Assim como o mercado de a\u00e7\u00f5es, o desempenho dos <strong><a class=\"suno-keyword\" data-force=\"no\" data-priority=\"2\" href=\"https:\/\/www.suno.com.br\/fundos-imobiliarios\/\" target=\"_blank\" rel=\"noopener\">fundos imobili\u00e1rios<\/a> de tijolo<\/strong> acabou sendo prejudicado em um cen\u00e1rio de eleva\u00e7\u00e3o dos juros no Brasil, por meio da Selic.<\/p>\n\n\n\t<div data-element=\"shortcode-read-more\" class=\"knowMore\">\n\t\t\t\t<span class=\"knowMore__title\">Leia mais<\/span>\n\t\t\t\t<a class=\"knowMore__link\" href=\"https:\/\/www.suno.com.br\/noticias\/fundos-imobiliarios-maiores-altas-baixas-ifix-2022\/\">\n\t\t\tFundos imobili\u00e1rios: veja as 5 maiores altas e baixas do IFIX em 2022\t\t<\/a>\n\t<\/div>\n\n\n\n\n<h2 class=\"wp-block-heading\">RBRR11 e BTCI11 na carteira mensal do BTG Pactual<\/h2>\n\n\n\n<p>A carteira de <a class=\"suno-keyword\" data-force=\"no\" data-priority=\"2\" href=\"https:\/\/www.suno.com.br\/fundos-imobiliarios\/\" target=\"_blank\" rel=\"noopener\">fundos imobili\u00e1rios<\/a> do BTG Pactual registrou queda de 0,53% no m\u00eas de dezembro. <\/p>\n\n\n\n<p>A carteira do BTG tem 15 ativos, divididos entre 5 segmentos. Em conjunto, os fundos t\u00eam o dividend yield anualizado de 10,7% e o dividend yield para os pr\u00f3ximos 12 meses, de 11,5%, enquanto as<br>cotas dos fundos sugeridos negociam, na m\u00e9dia, com desconto de 14% em rela\u00e7\u00e3o aos seus valores patrimoniais, diz o banco.<\/p>\n\n\n\n<p>O BTG n\u00e3o realizou mudan\u00e7as na carteira de dezembro para janeiro.<\/p>\n\n\n\n<p>Veja como ficou a <strong>lista de <a class=\"suno-keyword\" target=\"_blank\" data-force=\"no\" data-priority=\"2\" href=\"https:\/\/www.suno.com.br\/fundos-imobiliarios\/\" rel=\"noopener\">fundos imobili\u00e1rios<\/a> recomendados<\/strong> pelo BTG para janeiro:<\/p>\n\n\n\n<figure class=\"wp-block-table\"><table><tbody><tr><td><strong>TICKER<\/strong><\/td><td><strong>SEGMENTO<\/strong><\/td><td><strong>POSI\u00c7\u00c3O (%)<\/strong><\/td><td><strong>R$ COTA<\/strong><\/td><td><strong>DY 12M (%)<\/strong><\/td><\/tr><tr><td>BTCI11<\/td><td>Receb\u00edveis<\/td><td>12,5%<\/td><td>80,9<\/td><td>13,4%<\/td><\/tr><tr><td>RBRR11<\/td><td>Receb\u00edveis<\/td><td>6,0%<\/td><td>84,2<\/td><td>10,0%<\/td><\/tr><tr><td>KNCR11<\/td><td>Receb\u00edveis<\/td><td>19,0%<\/td><td>98,7<\/td><td>14,6%<\/td><\/tr><tr><td>CPTS11<\/td><td>Receb\u00edveis<\/td><td>12,5%<\/td><td>82,1<\/td><td>5,4%<\/td><\/tr><tr><td>HGCR11<\/td><td>Receb\u00edveis<\/td><td>5,0%<\/td><td>102,2<\/td><td>14,1%<\/td><\/tr><tr><td>KNSC11<\/td><td>Receb\u00edveis<\/td><td>2,5%<\/td><td>86,4<\/td><td>13,1%<\/td><\/tr><tr><td>VILG11<\/td><td>Galp\u00f5es Log\u00edsticos<\/td><td>7,5%<\/td><td>99,9<\/td><td>8,4%<\/td><\/tr><tr><td>HSLG11<\/td><td>Galp\u00f5es Log\u00edsticos<\/td><td>6,0%<\/td><td>88,9<\/td><td>9,4%<\/td><\/tr><tr><td>BRCO11<\/td><td>Galp\u00f5es Log\u00edsticos<\/td><td>2,5%<\/td><td>98,3<\/td><td>7,9%<\/td><\/tr><tr><td>RBRP11<\/td><td>H\u00edbrido<\/td><td>2,5%<\/td><td>51,0<\/td><td>6,4%<\/td><\/tr><tr><td>BRCR11<\/td><td>Lajes Corporativas<\/td><td>8,0%<\/td><td>59,2<\/td><td>10,1%<\/td><\/tr><tr><td>RCRB11<\/td><td>Lajes Corporativas<\/td><td>3,0%<\/td><td>127,1<\/td><td>7,2%<\/td><\/tr><tr><td>HGRE11<\/td><td>Lajes Corporativas<\/td><td>8,0%<\/td><td>123,0<\/td><td>10,7%<\/td><\/tr><tr><td>JSRE11<\/td><td>Lajes Corporativas<\/td><td>2,5%<\/td><td>73<\/td><td>8,1%<\/td><\/tr><tr><td>BTRA11<\/td><td>Agroneg\u00f3cio<\/td><td>2,5%<\/td><td>86,2<\/td><td>11,8%<\/td><\/tr><\/tbody><\/table><figcaption class=\"wp-element-caption\">Fonte: BTG Pactual<\/figcaption><\/figure>\n\n\n\n<h2 class=\"wp-block-heading\">Carteira mensal de FIIs da Genial segue inalterada<\/h2>\n\n\n\n<p>A carteira mensal de <a class=\"suno-keyword\" data-force=\"no\" data-priority=\"2\" href=\"https:\/\/www.suno.com.br\/fundos-imobiliarios\/\" target=\"_blank\" rel=\"noopener\">fundos imobili\u00e1rios<\/a> da Genial &#8211; Genial Carteira Renda- de dezembro teve desempenho negativo em 0,98% com 1% de <a class=\"suno-keyword\" data-force=\"no\" data-priority=\"1\" href=\"https:\/\/www.suno.com.br\/guias\/dividendos\/\" target=\"_blank\" rel=\"noopener\">dividendos<\/a>. &#8220;O maior promotor do m\u00eas foi o <a class=\"suno-keyword\" data-force=\"yes\" data-priority=\"2\" href=\"https:\/\/www.suno.com.br\/fundos-imobiliarios\/hgru11\/\" target=\"_blank\" rel=\"noopener\">HGRU11<\/a> e o detrator foi o RBRR11&#8243;, resumiram os analistas.<\/p>\n\n\n\n<p>A Genial manteve a carteira sem altera\u00e7\u00f5es na troca de m\u00eas.<\/p>\n\n\n\t<p>\n\t\t<a href=\"https:\/\/lp.suno.com.br\/planilha-controle-gastos\/\" target=\"_blank\" data-element=\"shortcode-suno-banner\" title=\"Banner SUNO, clique e saiba mais\">\n\t\t\t<picture>\n\t\t\t\t<source media=\"(max-width: 500px)\" srcset=\"https:\/\/files.sunoresearch.com.br\/n\/uploads\/2023\/03\/400x300-Planilha-controle-de-gastos.png\">\n\t\t\t\t<img class=\"newsContent__article__imgCapa newsContent__article__imgCapa--banner\"\n\t\t\t\t\tsrc=\"https:\/\/files.sunoresearch.com.br\/n\/uploads\/2023\/03\/1420x240-Planilha-controle-de-gastos.png\"\n\t\t\t\t\tdata-promo-id=\"101751\"\t\t\t\t\t\t\t\t\t\twidth='1420' height='240'\t\t\t\t\talt=\"https:\/\/files.sunoresearch.com.br\/n\/uploads\/2023\/03\/1420x240-Planilha-controle-de-gastos.png\"\n\t\t\t\t>\n\t\t\t<\/picture>\n\t\t<\/a>\n\t<\/p>\n\n\n\n\n\n<p>Veja como ficou a&nbsp;lista de fundos imobili\u00e1rios&nbsp;recomendados pela Genial para janeiro<\/p>\n\n\n\n<figure class=\"wp-block-table\"><table><tbody><tr><td><strong>TICKER<\/strong><\/td><td><strong>SEGMENTO<\/strong><\/td><td><strong>POSI\u00c7\u00c3O (%)<br><\/strong><\/td><td><strong>R$ COTA<br><\/strong><\/td><td><strong>DY 12M (%)<\/strong><\/td><\/tr><tr><td>HGRE11<\/td><td>Lajes Comerciais<\/td><td>17,5%<\/td><td>123,05<\/td><td>7,7%<\/td><\/tr><tr><td>BRCO11<\/td><td>Log\u00edsticos<\/td><td>17,5%<\/td><td>98<\/td><td>8,2%<\/td><\/tr><tr><td>VILG11<\/td><td>Log\u00edstica<\/td><td>15%<\/td><td>99,23<\/td><td>8,6%<\/td><\/tr><tr><td>KNCR11<\/td><td>Receb\u00edveis<\/td><td>20%<\/td><td>97,15<\/td><td>13%<\/td><\/tr><tr><td>RBRR11<\/td><td>Receb\u00edveis<\/td><td>15%<\/td><td>84,22<\/td><td>14,6%<\/td><\/tr><tr><td>HGRU11<\/td><td>Renda Urbana<\/td><td>15%<\/td><td>119,77<\/td><td>9,4%<\/td><\/tr><\/tbody><\/table><figcaption class=\"wp-element-caption\">Fonte: Genial Investimntos<\/figcaption><\/figure>\n\n\n\n<h2 class=\"wp-block-heading\">Carteira de FIIs da Guide inclui XPML11 e BTLG11<\/h2>\n\n\n\n<p>No m\u00eas de dezembro, a carteira mensal de <a class=\"suno-keyword\" target=\"_blank\" data-force=\"no\" data-priority=\"2\" href=\"https:\/\/www.suno.com.br\/fundos-imobiliarios\/\" rel=\"noopener\">fundos imobili\u00e1rios<\/a> da Guide teve alta de 0,4%.<\/p>\n\n\n\n<p>A casa destacou positivamente os segmentos corporativos e log\u00edsticos, que apresentaram &#8220;altas elevadas&#8221;. J\u00e1 os fundos de receb\u00edveis imobili\u00e1rios se provaram mais uma vez como o segmento mais resiliente, com menor volatilidade, explicaram os especialistas.<\/p>\n\n\n\n<p>Para o m\u00eas de janeiro, a carteira da Guide segue inalterada.<\/p>\n\n\n\n<p>&#8220;Refor\u00e7amos nossa prefer\u00eancia por setores mais defensivos, com boa capacidade de absor\u00e7\u00e3o da infla\u00e7\u00e3o e modelos operacionais resilientes&#8221;, completaram os analistas.<\/p>\n\n\n\n<p>Considerando uma m\u00e9dia ponderada por pesos, a carteira apresenta um Dividend Yield de 11,6%.<\/p>\n\n\n\n<p>Veja como ficou a&nbsp;lista de fundos imobili\u00e1rios&nbsp;recomendados pela Guide para janeiro:<\/p>\n\n\n\n<figure class=\"wp-block-table\"><table><tbody><tr><td><strong>TICKER<\/strong><\/td><td><strong>SEGMENTO<\/strong><\/td><td><strong>POSI\u00c7\u00c3O (%)<\/strong><\/td><td><strong>R$ COTA<\/strong><\/td><td><strong>DY 12M (%)<\/strong><\/td><\/tr><tr><td>BRCO11<\/td><td>Log\u00edstico<\/td><td>10%<\/td><td>98,3<\/td><td>8,2%<\/td><\/tr><tr><td>BTLG11<\/td><td>Log\u00edstico<\/td><td>10%<\/td><td>100,4<\/td><td>9,5%<\/td><\/tr><tr><td>CPTS11<\/td><td>Receb\u00edveis<\/td><td>10%<\/td><td>82,1<\/td><td>14,8%<\/td><\/tr><tr><td>XPML11<\/td><td>Shoppings<\/td><td>10%<\/td><td>95,7<\/td><td>8,9%<\/td><\/tr><tr><td>RBRF11<\/td><td>Fundo de Fundos<\/td><td>10%<\/td><td>68,8<\/td><td>10,8%<\/td><\/tr><tr><td>RBRR11<\/td><td>Receb\u00edveis<\/td><td>10%<\/td><td>84,2<\/td><td>14,6%<\/td><\/tr><tr><td>RBRY11<\/td><td>Receb\u00edveis<\/td><td>10%<\/td><td>98,4<\/td><td>14,6%<\/td><\/tr><tr><td>BRCR11<\/td><td>Lajes<\/td><td>10%<\/td><td>59,2<\/td><td>9,8%<\/td><\/tr><tr><td>VISC11<\/td><td>Shoppings<\/td><td>10%<\/td><td>106,2<\/td><td>8,1%<\/td><\/tr><tr><td>HGCR11<\/td><td>Receb\u00edveis<\/td><td>10%<\/td><td>102,2<\/td><td>13,5%<\/td><\/tr><\/tbody><\/table><figcaption class=\"wp-element-caption\">Fonte: Guide Investimentos<\/figcaption><\/figure>\n\n\n\n<p>Esta mat\u00e9ria n\u00e3o \u00e9 uma recomenda\u00e7\u00e3o em <strong>fundos imobili\u00e1rios<\/strong>.<\/p>\n\n\n\t<p>\n\t\t<a href=\"https:\/\/lp.suno.com.br\/planilha-da-vida-financeira\/\" target=\"_blank\" data-element=\"shortcode-suno-banner\" title=\"Banner SUNO, clique e saiba mais\">\n\t\t\t<picture>\n\t\t\t\t<source media=\"(max-width: 500px)\" srcset=\"https:\/\/files.sunoresearch.com.br\/n\/uploads\/2023\/04\/400x300-Planilha-vida-financeira-true.png\">\n\t\t\t\t<img class=\"newsContent__article__imgCapa newsContent__article__imgCapa--banner\"\n\t\t\t\t\tsrc=\"https:\/\/files.sunoresearch.com.br\/n\/uploads\/2023\/04\/1420x240-Planilha-vida-financeira-true.png\"\n\t\t\t\t\tdata-promo-id=\"106682\"\t\t\t\t\t\t\t\t\t\twidth='1420' height='240'\t\t\t\t\talt=\"https:\/\/files.sunoresearch.com.br\/n\/uploads\/2023\/04\/1420x240-Planilha-vida-financeira-true.png\"\n\t\t\t\t>\n\t\t\t<\/picture>\n\t\t<\/a>\n\t<\/p>\n\n\n","protected":false},"excerpt":{"rendered":"<p>Neste come\u00e7o de ano, casas de an\u00e1lise, bancos de investimentos e corretoras divulgaram as suas carteiras recomendadas de Fundos Imobili\u00e1rios (FIIs) para o m\u00eas de janeiro. Fundos Imobili\u00e1rios Foto: Unsplash O Suno Not\u00edcias reuniu 3 carteiras de FIIs recomendadas para investir em janeiro. Foram elaboradas pela Genial Investimentos, BTG Pactual e Guide. Antes de qualquer [&hellip;]<\/p>\n","protected":false},"author":195,"featured_media":312840,"comment_status":"closed","ping_status":"closed","sticky":false,"template":"","format":"standard","meta":[],"categories":[64],"tags":[106952,315],"suno_strategy":[],"class_list":["post-341204","post","type-post","status-publish","format-standard","has-post-thumbnail","hentry","category-negocios","tag-euinvistoem2023","tag-fundos-imobiliarios-fiis"],"yoast_head":"<!-- This site is optimized with the Yoast SEO plugin v24.4 - https:\/\/yoast.com\/wordpress\/plugins\/seo\/ -->\n<title>Fundos imobili\u00e1rios: veja os FIIs recomendados para janeiro de 2023<\/title>\n<meta name=\"description\" content=\"Confira as carteiras recomendadas de fundos imobili\u00e1rios por analistas para o m\u00eas de janeiro de diferentes especialistas! Clique aqui.\" \/>\n<meta name=\"robots\" content=\"index, follow, max-snippet:-1, max-image-preview:large, max-video-preview:-1\" \/>\n<link rel=\"canonical\" href=\"https:\/\/www.suno.com.br\/noticias\/fundos-imobiliarios-janeiro-carteira-analistas\/\" \/>\n<meta property=\"og:locale\" content=\"pt_BR\" \/>\n<meta property=\"og:type\" content=\"article\" \/>\n<meta property=\"og:title\" content=\"Fundos imobili\u00e1rios: veja os FIIs recomendados para janeiro de 2023\" \/>\n<meta property=\"og:description\" content=\"Confira as carteiras recomendadas de fundos imobili\u00e1rios por analistas para o m\u00eas de janeiro de diferentes especialistas! Clique aqui.\" \/>\n<meta property=\"og:url\" content=\"https:\/\/www.suno.com.br\/noticias\/fundos-imobiliarios-janeiro-carteira-analistas\/\" \/>\n<meta property=\"og:site_name\" content=\"Suno Not\u00edcias\" \/>\n<meta property=\"article:publisher\" content=\"https:\/\/facebook.com\/sunoresearch\" \/>\n<meta property=\"og:image\" content=\"https:\/\/files.sunoresearch.com.br\/n\/uploads\/2022\/10\/joel-filipe-RFDP7_80v5A-unsplash-scaled.jpg\" \/>\n\t<meta property=\"og:image:width\" content=\"1809\" \/>\n\t<meta property=\"og:image:height\" content=\"2560\" \/>\n\t<meta property=\"og:image:type\" content=\"image\/jpeg\" \/>\n<meta name=\"author\" content=\"Ana Clara Macedo\" \/>\n<meta name=\"twitter:card\" content=\"summary_large_image\" \/>\n<meta name=\"twitter:creator\" content=\"@sunoresearch\" \/>\n<meta name=\"twitter:site\" content=\"@sunoresearch\" \/>\n<meta name=\"twitter:label1\" content=\"Escrito por\" \/>\n\t<meta name=\"twitter:data1\" content=\"Ana Clara Macedo\" \/>\n\t<meta name=\"twitter:label2\" content=\"Est. tempo de leitura\" \/>\n\t<meta name=\"twitter:data2\" content=\"5 minutos\" \/>\n<script type=\"application\/ld+json\" class=\"yoast-schema-graph\">{\"@context\":\"https:\/\/schema.org\",\"@graph\":[{\"@type\":\"NewsArticle\",\"@id\":\"https:\/\/www.suno.com.br\/noticias\/fundos-imobiliarios-janeiro-carteira-analistas\/#article\",\"isPartOf\":{\"@id\":\"https:\/\/www.suno.com.br\/noticias\/fundos-imobiliarios-janeiro-carteira-analistas\/\"},\"author\":{\"name\":\"Ana Clara Macedo\",\"@id\":\"https:\/\/www.suno.com.br\/noticias\/#\/schema\/person\/a70f3c52ef8c814d62ed63b30bb30176\"},\"headline\":\"Fundos imobili\u00e1rios: veja os FIIs recomendados para janeiro de 2023 por analistas\",\"datePublished\":\"2023-01-05T21:44:22+00:00\",\"dateModified\":\"2023-01-06T23:00:44+00:00\",\"mainEntityOfPage\":{\"@id\":\"https:\/\/www.suno.com.br\/noticias\/fundos-imobiliarios-janeiro-carteira-analistas\/\"},\"wordCount\":742,\"publisher\":{\"@id\":\"https:\/\/www.suno.com.br\/noticias\/#organization\"},\"image\":{\"@id\":\"https:\/\/www.suno.com.br\/noticias\/fundos-imobiliarios-janeiro-carteira-analistas\/#primaryimage\"},\"thumbnailUrl\":\"https:\/\/files.sunoresearch.com.br\/n\/uploads\/2022\/10\/joel-filipe-RFDP7_80v5A-unsplash-scaled.jpg\",\"keywords\":[\"Eu invisto em 2023\",\"Fundos Imobili\u00e1rios (FIIs)\"],\"articleSection\":[\"Neg\u00f3cios\"],\"inLanguage\":\"pt-BR\"},{\"@type\":\"WebPage\",\"@id\":\"https:\/\/www.suno.com.br\/noticias\/fundos-imobiliarios-janeiro-carteira-analistas\/\",\"url\":\"https:\/\/www.suno.com.br\/noticias\/fundos-imobiliarios-janeiro-carteira-analistas\/\",\"name\":\"Fundos imobili\u00e1rios: veja os FIIs recomendados para janeiro de 2023\",\"isPartOf\":{\"@id\":\"https:\/\/www.suno.com.br\/noticias\/#website\"},\"primaryImageOfPage\":{\"@id\":\"https:\/\/www.suno.com.br\/noticias\/fundos-imobiliarios-janeiro-carteira-analistas\/#primaryimage\"},\"image\":{\"@id\":\"https:\/\/www.suno.com.br\/noticias\/fundos-imobiliarios-janeiro-carteira-analistas\/#primaryimage\"},\"thumbnailUrl\":\"https:\/\/files.sunoresearch.com.br\/n\/uploads\/2022\/10\/joel-filipe-RFDP7_80v5A-unsplash-scaled.jpg\",\"datePublished\":\"2023-01-05T21:44:22+00:00\",\"dateModified\":\"2023-01-06T23:00:44+00:00\",\"description\":\"Confira as carteiras recomendadas de fundos imobili\u00e1rios por analistas para o m\u00eas de janeiro de diferentes especialistas! Clique aqui.\",\"breadcrumb\":{\"@id\":\"https:\/\/www.suno.com.br\/noticias\/fundos-imobiliarios-janeiro-carteira-analistas\/#breadcrumb\"},\"inLanguage\":\"pt-BR\",\"potentialAction\":[{\"@type\":\"ReadAction\",\"target\":[\"https:\/\/www.suno.com.br\/noticias\/fundos-imobiliarios-janeiro-carteira-analistas\/\"]}]},{\"@type\":\"ImageObject\",\"inLanguage\":\"pt-BR\",\"@id\":\"https:\/\/www.suno.com.br\/noticias\/fundos-imobiliarios-janeiro-carteira-analistas\/#primaryimage\",\"url\":\"https:\/\/files.sunoresearch.com.br\/n\/uploads\/2022\/10\/joel-filipe-RFDP7_80v5A-unsplash-scaled.jpg\",\"contentUrl\":\"https:\/\/files.sunoresearch.com.br\/n\/uploads\/2022\/10\/joel-filipe-RFDP7_80v5A-unsplash-scaled.jpg\",\"width\":1809,\"height\":2560,\"caption\":\"Fundos Imobili\u00e1rios Foto: Unsplash\"},{\"@type\":\"BreadcrumbList\",\"@id\":\"https:\/\/www.suno.com.br\/noticias\/fundos-imobiliarios-janeiro-carteira-analistas\/#breadcrumb\",\"itemListElement\":[{\"@type\":\"ListItem\",\"position\":1,\"name\":\"Not\u00edcias\",\"item\":\"https:\/\/www.suno.com.br\/noticias\/\"},{\"@type\":\"ListItem\",\"position\":2,\"name\":\"Neg\u00f3cios\",\"item\":\"https:\/\/www.suno.com.br\/noticias\/negocios\/\"},{\"@type\":\"ListItem\",\"position\":3,\"name\":\"Fundos imobili\u00e1rios: veja os FIIs recomendados para janeiro de 2023 por analistas\"}]},{\"@type\":\"WebSite\",\"@id\":\"https:\/\/www.suno.com.br\/noticias\/#website\",\"url\":\"https:\/\/www.suno.com.br\/noticias\/\",\"name\":\"Suno Not\u00edcias\",\"description\":\"Seu portal de informa\u00e7\u00e3o sobre o mundo dos investimentos\",\"publisher\":{\"@id\":\"https:\/\/www.suno.com.br\/noticias\/#organization\"},\"potentialAction\":[{\"@type\":\"SearchAction\",\"target\":{\"@type\":\"EntryPoint\",\"urlTemplate\":\"https:\/\/www.suno.com.br\/noticias\/?s={search_term_string}\"},\"query-input\":{\"@type\":\"PropertyValueSpecification\",\"valueRequired\":true,\"valueName\":\"search_term_string\"}}],\"inLanguage\":\"pt-BR\"},{\"@type\":\"Organization\",\"@id\":\"https:\/\/www.suno.com.br\/noticias\/#organization\",\"name\":\"Suno Not\u00edcias\",\"url\":\"https:\/\/www.suno.com.br\/noticias\/\",\"logo\":{\"@type\":\"ImageObject\",\"inLanguage\":\"pt-BR\",\"@id\":\"https:\/\/www.suno.com.br\/noticias\/#\/schema\/logo\/image\/\",\"url\":\"https:\/\/files.sunoresearch.com.br\/n\/uploads\/2021\/09\/suno-logo.png\",\"contentUrl\":\"https:\/\/files.sunoresearch.com.br\/n\/uploads\/2021\/09\/suno-logo.png\",\"width\":180,\"height\":180,\"caption\":\"Suno Not\u00edcias\"},\"image\":{\"@id\":\"https:\/\/www.suno.com.br\/noticias\/#\/schema\/logo\/image\/\"},\"sameAs\":[\"https:\/\/facebook.com\/sunoresearch\",\"https:\/\/x.com\/sunoresearch\",\"https:\/\/www.instagram.com\/suno\",\"https:\/\/www.linkedin.com\/company\/suno-research\/\",\"https:\/\/www.youtube.com\/c\/sunoresearch\"]},{\"@type\":\"Person\",\"@id\":\"https:\/\/www.suno.com.br\/noticias\/#\/schema\/person\/a70f3c52ef8c814d62ed63b30bb30176\",\"name\":\"Ana Clara Macedo\",\"image\":{\"@type\":\"ImageObject\",\"inLanguage\":\"pt-BR\",\"@id\":\"https:\/\/www.suno.com.br\/noticias\/#\/schema\/person\/image\/\",\"url\":\"https:\/\/secure.gravatar.com\/avatar\/40810da86786bd5619f8cd594b0f44ef?s=96&r=g\",\"contentUrl\":\"https:\/\/secure.gravatar.com\/avatar\/40810da86786bd5619f8cd594b0f44ef?s=96&r=g\",\"caption\":\"Ana Clara Macedo\"},\"description\":\"Rep\u00f3rter no Suno Not\u00edcias, cobrindo acontecimentos sobre neg\u00f3cios, mercado financeiro e economia. Anteriormente trabalhou como Rep\u00f3rter no Mercado News e produziu relat\u00f3rios e artigos sobre empresas de capital aberto.\",\"url\":\"https:\/\/www.suno.com.br\/noticias\/author\/ana-clara-macedo\/\"}]}<\/script>\n<!-- \/ Yoast SEO plugin. -->","yoast_head_json":{"title":"Fundos imobili\u00e1rios: veja os FIIs recomendados para janeiro de 2023","description":"Confira as carteiras recomendadas de fundos imobili\u00e1rios por analistas para o m\u00eas de janeiro de diferentes especialistas! Clique aqui.","robots":{"index":"index","follow":"follow","max-snippet":"max-snippet:-1","max-image-preview":"max-image-preview:large","max-video-preview":"max-video-preview:-1"},"canonical":"https:\/\/www.suno.com.br\/noticias\/fundos-imobiliarios-janeiro-carteira-analistas\/","og_locale":"pt_BR","og_type":"article","og_title":"Fundos imobili\u00e1rios: veja os FIIs recomendados para janeiro de 2023","og_description":"Confira as carteiras recomendadas de fundos imobili\u00e1rios por analistas para o m\u00eas de janeiro de diferentes especialistas! Clique aqui.","og_url":"https:\/\/www.suno.com.br\/noticias\/fundos-imobiliarios-janeiro-carteira-analistas\/","og_site_name":"Suno Not\u00edcias","article_publisher":"https:\/\/facebook.com\/sunoresearch","og_image":[{"width":1809,"height":2560,"url":"https:\/\/files.sunoresearch.com.br\/n\/uploads\/2022\/10\/joel-filipe-RFDP7_80v5A-unsplash-scaled.jpg","type":"image\/jpeg"}],"author":"Ana Clara Macedo","twitter_card":"summary_large_image","twitter_creator":"@sunoresearch","twitter_site":"@sunoresearch","twitter_misc":{"Escrito por":"Ana Clara Macedo","Est. tempo de leitura":"5 minutos"},"schema":{"@context":"https:\/\/schema.org","@graph":[{"@type":"NewsArticle","@id":"https:\/\/www.suno.com.br\/noticias\/fundos-imobiliarios-janeiro-carteira-analistas\/#article","isPartOf":{"@id":"https:\/\/www.suno.com.br\/noticias\/fundos-imobiliarios-janeiro-carteira-analistas\/"},"author":{"name":"Ana Clara Macedo","@id":"https:\/\/www.suno.com.br\/noticias\/#\/schema\/person\/a70f3c52ef8c814d62ed63b30bb30176"},"headline":"Fundos imobili\u00e1rios: veja os FIIs recomendados para janeiro de 2023 por analistas","datePublished":"2023-01-05T21:44:22+00:00","dateModified":"2023-01-06T23:00:44+00:00","mainEntityOfPage":{"@id":"https:\/\/www.suno.com.br\/noticias\/fundos-imobiliarios-janeiro-carteira-analistas\/"},"wordCount":742,"publisher":{"@id":"https:\/\/www.suno.com.br\/noticias\/#organization"},"image":{"@id":"https:\/\/www.suno.com.br\/noticias\/fundos-imobiliarios-janeiro-carteira-analistas\/#primaryimage"},"thumbnailUrl":"https:\/\/files.sunoresearch.com.br\/n\/uploads\/2022\/10\/joel-filipe-RFDP7_80v5A-unsplash-scaled.jpg","keywords":["Eu invisto em 2023","Fundos Imobili\u00e1rios (FIIs)"],"articleSection":["Neg\u00f3cios"],"inLanguage":"pt-BR"},{"@type":"WebPage","@id":"https:\/\/www.suno.com.br\/noticias\/fundos-imobiliarios-janeiro-carteira-analistas\/","url":"https:\/\/www.suno.com.br\/noticias\/fundos-imobiliarios-janeiro-carteira-analistas\/","name":"Fundos imobili\u00e1rios: veja os FIIs recomendados para janeiro de 2023","isPartOf":{"@id":"https:\/\/www.suno.com.br\/noticias\/#website"},"primaryImageOfPage":{"@id":"https:\/\/www.suno.com.br\/noticias\/fundos-imobiliarios-janeiro-carteira-analistas\/#primaryimage"},"image":{"@id":"https:\/\/www.suno.com.br\/noticias\/fundos-imobiliarios-janeiro-carteira-analistas\/#primaryimage"},"thumbnailUrl":"https:\/\/files.sunoresearch.com.br\/n\/uploads\/2022\/10\/joel-filipe-RFDP7_80v5A-unsplash-scaled.jpg","datePublished":"2023-01-05T21:44:22+00:00","dateModified":"2023-01-06T23:00:44+00:00","description":"Confira as carteiras recomendadas de fundos imobili\u00e1rios por analistas para o m\u00eas de janeiro de diferentes especialistas! Clique aqui.","breadcrumb":{"@id":"https:\/\/www.suno.com.br\/noticias\/fundos-imobiliarios-janeiro-carteira-analistas\/#breadcrumb"},"inLanguage":"pt-BR","potentialAction":[{"@type":"ReadAction","target":["https:\/\/www.suno.com.br\/noticias\/fundos-imobiliarios-janeiro-carteira-analistas\/"]}]},{"@type":"ImageObject","inLanguage":"pt-BR","@id":"https:\/\/www.suno.com.br\/noticias\/fundos-imobiliarios-janeiro-carteira-analistas\/#primaryimage","url":"https:\/\/files.sunoresearch.com.br\/n\/uploads\/2022\/10\/joel-filipe-RFDP7_80v5A-unsplash-scaled.jpg","contentUrl":"https:\/\/files.sunoresearch.com.br\/n\/uploads\/2022\/10\/joel-filipe-RFDP7_80v5A-unsplash-scaled.jpg","width":1809,"height":2560,"caption":"Fundos Imobili\u00e1rios Foto: Unsplash"},{"@type":"BreadcrumbList","@id":"https:\/\/www.suno.com.br\/noticias\/fundos-imobiliarios-janeiro-carteira-analistas\/#breadcrumb","itemListElement":[{"@type":"ListItem","position":1,"name":"Not\u00edcias","item":"https:\/\/www.suno.com.br\/noticias\/"},{"@type":"ListItem","position":2,"name":"Neg\u00f3cios","item":"https:\/\/www.suno.com.br\/noticias\/negocios\/"},{"@type":"ListItem","position":3,"name":"Fundos imobili\u00e1rios: veja os FIIs recomendados para janeiro de 2023 por analistas"}]},{"@type":"WebSite","@id":"https:\/\/www.suno.com.br\/noticias\/#website","url":"https:\/\/www.suno.com.br\/noticias\/","name":"Suno Not\u00edcias","description":"Seu portal de informa\u00e7\u00e3o sobre o mundo dos investimentos","publisher":{"@id":"https:\/\/www.suno.com.br\/noticias\/#organization"},"potentialAction":[{"@type":"SearchAction","target":{"@type":"EntryPoint","urlTemplate":"https:\/\/www.suno.com.br\/noticias\/?s={search_term_string}"},"query-input":{"@type":"PropertyValueSpecification","valueRequired":true,"valueName":"search_term_string"}}],"inLanguage":"pt-BR"},{"@type":"Organization","@id":"https:\/\/www.suno.com.br\/noticias\/#organization","name":"Suno Not\u00edcias","url":"https:\/\/www.suno.com.br\/noticias\/","logo":{"@type":"ImageObject","inLanguage":"pt-BR","@id":"https:\/\/www.suno.com.br\/noticias\/#\/schema\/logo\/image\/","url":"https:\/\/files.sunoresearch.com.br\/n\/uploads\/2021\/09\/suno-logo.png","contentUrl":"https:\/\/files.sunoresearch.com.br\/n\/uploads\/2021\/09\/suno-logo.png","width":180,"height":180,"caption":"Suno Not\u00edcias"},"image":{"@id":"https:\/\/www.suno.com.br\/noticias\/#\/schema\/logo\/image\/"},"sameAs":["https:\/\/facebook.com\/sunoresearch","https:\/\/x.com\/sunoresearch","https:\/\/www.instagram.com\/suno","https:\/\/www.linkedin.com\/company\/suno-research\/","https:\/\/www.youtube.com\/c\/sunoresearch"]},{"@type":"Person","@id":"https:\/\/www.suno.com.br\/noticias\/#\/schema\/person\/a70f3c52ef8c814d62ed63b30bb30176","name":"Ana Clara Macedo","image":{"@type":"ImageObject","inLanguage":"pt-BR","@id":"https:\/\/www.suno.com.br\/noticias\/#\/schema\/person\/image\/","url":"https:\/\/secure.gravatar.com\/avatar\/40810da86786bd5619f8cd594b0f44ef?s=96&r=g","contentUrl":"https:\/\/secure.gravatar.com\/avatar\/40810da86786bd5619f8cd594b0f44ef?s=96&r=g","caption":"Ana Clara Macedo"},"description":"Rep\u00f3rter no Suno Not\u00edcias, cobrindo acontecimentos sobre neg\u00f3cios, mercado financeiro e economia. Anteriormente trabalhou como Rep\u00f3rter no Mercado News e produziu relat\u00f3rios e artigos sobre empresas de capital aberto.","url":"https:\/\/www.suno.com.br\/noticias\/author\/ana-clara-macedo\/"}]}},"default_loop_html":"<div class=\"cardsPage__listCard__boxs\"><div class=\"cardsPage__listCard__boxs__img\"><a href=\"https:\/\/www.suno.com.br\/noticias\/fundos-imobiliarios-janeiro-carteira-analistas\/\"><img class=\"mask\" src=\"https:\/\/www.suno.com.br\/noticias\/wp-content\/themes\/suno\/resources\/images\/spotlight\/spotlight1img\/bg-mask.png\" alt=\"Image Mask\"\/><img src=\"https:\/\/files.sunoresearch.com.br\/n\/uploads\/2022\/10\/joel-filipe-RFDP7_80v5A-unsplash-400x200.jpg\" alt=\"Fundos imobili\u00e1rios: veja os FIIs recomendados para janeiro de 2023 por analistas\"\/><\/a><span class=\"spotlightCategory\"><a href=\"https:\/\/www.suno.com.br\/noticias\/negocios\/\">Neg\u00f3cios<\/a><\/span><\/div><div class=\"cardsPage__listCard__boxs__content\"><a href=\"https:\/\/www.suno.com.br\/noticias\/fundos-imobiliarios-janeiro-carteira-analistas\/\"><h2 class=\"content__title\">Fundos imobili\u00e1rios: veja os FIIs recomendados para janeiro de 2023 por analistas<\/h2><\/a><div class=\"newsContent__article__meta\"><div class=\"newsContent__article__meta__authorBox\"><a href=\"https:\/\/www.suno.com.br\/noticias\/author\/ana-clara-macedo\/\" class=\"authorBox__avatar noMobi\"><img src=\"https:\/\/secure.gravatar.com\/avatar\/40810da86786bd5619f8cd594b0f44ef?s=96&#038;r=g\" alt=\"Ana Clara Macedo\"><\/a><div class=\"authorBox__name\"><span>por\n\t\t\t<a href=\"https:\/\/www.suno.com.br\/noticias\/author\/ana-clara-macedo\/\"><span itemprop=\"author\">Ana Clara Macedo<\/span><\/a><\/span><time datetime=\"2023-01-05T18:44:22-03:00\" itemprop=\"datePublished\">05\/01\/2023 18:44<\/time><\/div><\/div><\/div><\/div><\/div>","single_layout":"posts","amp_enabled":true,"_links":{"self":[{"href":"https:\/\/www.suno.com.br\/noticias\/wp-json\/wp\/v2\/posts\/341204"}],"collection":[{"href":"https:\/\/www.suno.com.br\/noticias\/wp-json\/wp\/v2\/posts"}],"about":[{"href":"https:\/\/www.suno.com.br\/noticias\/wp-json\/wp\/v2\/types\/post"}],"author":[{"embeddable":true,"href":"https:\/\/www.suno.com.br\/noticias\/wp-json\/wp\/v2\/users\/195"}],"replies":[{"embeddable":true,"href":"https:\/\/www.suno.com.br\/noticias\/wp-json\/wp\/v2\/comments?post=341204"}],"version-history":[{"count":3,"href":"https:\/\/www.suno.com.br\/noticias\/wp-json\/wp\/v2\/posts\/341204\/revisions"}],"predecessor-version":[{"id":342360,"href":"https:\/\/www.suno.com.br\/noticias\/wp-json\/wp\/v2\/posts\/341204\/revisions\/342360"}],"wp:featuredmedia":[{"embeddable":true,"href":"https:\/\/www.suno.com.br\/noticias\/wp-json\/wp\/v2\/media\/312840"}],"wp:attachment":[{"href":"https:\/\/www.suno.com.br\/noticias\/wp-json\/wp\/v2\/media?parent=341204"}],"wp:term":[{"taxonomy":"category","embeddable":true,"href":"https:\/\/www.suno.com.br\/noticias\/wp-json\/wp\/v2\/categories?post=341204"},{"taxonomy":"post_tag","embeddable":true,"href":"https:\/\/www.suno.com.br\/noticias\/wp-json\/wp\/v2\/tags?post=341204"},{"taxonomy":"suno_strategy","embeddable":true,"href":"https:\/\/www.suno.com.br\/noticias\/wp-json\/wp\/v2\/suno_strategy?post=341204"}],"curies":[{"name":"wp","href":"https:\/\/api.w.org\/{rel}","templated":true}]}}