{"id":34104,"date":"2019-08-14T20:07:24","date_gmt":"2019-08-14T23:07:24","guid":{"rendered":"https:\/\/www.suno.com.br\/noticias\/?p=34104"},"modified":"2021-02-17T22:48:00","modified_gmt":"2021-02-18T01:48:00","slug":"banco-central-vender-dolar-2009","status":"publish","type":"post","link":"https:\/\/www.suno.com.br\/noticias\/banco-central-vender-dolar-2009\/","title":{"rendered":"Banco Central volta a vender d\u00f3lares pela primeira vez desde 2009"},"content":{"rendered":"<p>O <a href=\"https:\/\/www.suno.com.br\/artigos\/sisbacen\/\">Banco Central (BC)<\/a> anunciou nesta quarta-feira (14) que vender\u00e1 <strong>d\u00f3lares<\/strong> \u00e0 vista das suas reservas internacionais. Essa \u00e9 a primeira vez que a institui\u00e7\u00e3o monet\u00e1ria central atua vendendo moeda norte-americana desde fevereiro de 2009.<\/p>\t<div class=\"wrapper-featured-image\">\n\t\t<figure class=\"spotlightImg\">\n\n\t\t\t<picture>\n\t\t\t\t<source media=\"(max-width: 768px)\" srcset=\"https:\/\/files.sunoresearch.com.br\/n\/uploads\/2018\/12\/2c1e4757-bolsonaro-400x200.webp\">\n\t\t\t\t<img loading=\"lazy\" decoding=\"async\" class=\"newsContent__article__imgCapa lazyloadDisabled newsContent__article__imgCapa--noCaption\" src=\"https:\/\/files.sunoresearch.com.br\/n\/uploads\/2018\/12\/2c1e4757-bolsonaro-800x450.webp\" width=\"800\" height=\"450\" alt=\"Banco Central volta a vender d\u00f3lares pela primeira vez desde 2009\" fetchpriority=high \/>\n\t\t\t<\/picture>\n\n\t\t\t<figcaption class=\"wp-caption-text wp-caption-text--hide\">BC: uso de instrumentos cambiais ajudou mercados, diz diretor<\/figcaption>\n\t\t<\/figure>\n\t<\/div>\n\n\n\n<p>O <strong>Banco<\/strong>\u00a0<strong>Central<\/strong> tamb\u00e9m informou que oferecer\u00e1 contratos de <a href=\"https:\/\/www.suno.com.br\/artigos\/swap-cambial\/\"><strong>swap<\/strong>\u00a0<strong>cambial<\/strong><\/a> no mercado. Entretanto, segundo a institui\u00e7\u00e3o monet\u00e1ria, esse instrumento n\u00e3o ser\u00e1 suficiente para atender \u00e0 demanda por moeda estrangeira impulsionada pela \u201cconjuntura econ\u00f4mica atual\u201d.<\/p>\n<p>\u201cConsiderando a conjuntura econ\u00f4mica atual, a redu\u00e7\u00e3o na demanda de prote\u00e7\u00e3o cambial <strong>(hedge)<\/strong> pelos agentes econ\u00f4micos por meio de swaps cambiais e o aumento da demanda de liquidez no mercado de c\u00e2mbio \u00e0 vista, o <strong>Banco Central<\/strong> do Brasil comunica que, para efeito de rolagem da sua carteira de <strong>swaps,<\/strong> implementar\u00e1 a oferta de leil\u00f5es simult\u00e2neos de c\u00e2mbio \u00e0 vista e de swaps reversos\u201d, informou o BC em nota.<\/p>\n<p><a href=\"https:\/\/www.suno.com.br\/noticias\/pib-zona-euro-cresce-apenas-02-segundo-trimestre\/\">Saiba mais: PIB da zona do euro cresce apenas 0,2% no segundo trimestre\u00a0<\/a><\/p>\n<p>O <strong>d\u00f3lar<\/strong> fechou nesta quarta-feira com uma alta de 1,78%, cotado em R$ 4,0410. Esse foi o maior patamar desde 23 de maio deste ano.<\/p>\n<p>A cota\u00e7\u00e3o da moeda norte-americana foi impulsionada pelos dados macroecon\u00f4micos negativos da China e da Alemanha. A divulga\u00e7\u00e3o do <a href=\"https:\/\/www.suno.com.br\/artigos\/o-produto-interno-bruto-pib\/\"><strong>Produto Interno Bruto (PIB)<\/strong><\/a> e da produ\u00e7\u00e3o industrial gerou uma onda de pessimismo nos mercados financeiros do mundo inteiro.<\/p>\n<p>O <strong>PIB<\/strong>\u00a0da <strong>zona do euro<\/strong> teve avan\u00e7o de 0,2% nos meses de abril a junho deste ano. Entretanto, nos primeiros tr\u00eas meses de 2019, o crescimento registrado foi de 0,4%.<\/p>\n<p>O <strong>PIB<\/strong> da Alemanha teve uma baixa de 0,1% no segundo trimestre de 2019, em compara\u00e7\u00e3o ao primeiro trimestre deste ano. Vale ressaltar que a Alemanha \u00e9 a maior pot\u00eancia econ\u00f4mica da Europa.<\/p>\n<p>A produ\u00e7\u00e3o industrial da Alemanha caiu 1,8% no segundo trimestre em rela\u00e7\u00e3o aos tr\u00eas meses anteriores. Segundo o <strong>Minist\u00e9rio da Economia de Berlim<\/strong>, as fortes perdas na produ\u00e7\u00e3o de metais, autom\u00f3veis e maquin\u00e1rio, s\u00e3o as principais causas dessa queda.<\/p>\n<h2>Banco Central decide vender swap cambiais<\/h2>\n<p>O <strong>Banco Central<\/strong> tamb\u00e9m informou que do dia 21 at\u00e9 o dia 29 de agosto inciar\u00e1 uma s\u00e9rie de outras opera\u00e7\u00f5es sobre o c\u00e2mbio. Entre elas, a rolagem de contratos de swap que vencem em 1\u00ba de outubro. Parte desses pap\u00e9is ser\u00e1 rolada por meio dos mesmos contratos e parte por meio de d\u00f3lar \u00e0 vista. No total, o vencimento chegar\u00e1 a US$ 3,8445 bilh\u00f5es.<\/p>\n\t<p>\n\t\t<a href=\"https:\/\/lp.suno.com.br\/ao\/sessao-estrategica-consultoria-c\/?utm_source=suno-noticias&#038;utm_medium=banner&#038;utm_campaing=dolar-cair-juros\" target=\"_blank\" data-element=\"shortcode-suno-banner\" title=\"Banner SUNO, clique e saiba mais\">\n\t\t\t<picture>\n\t\t\t\t<source media=\"(max-width: 500px)\" srcset=\"https:\/\/files.sunoresearch.com.br\/n\/uploads\/2025\/09\/300x400.webp\">\n\t\t\t\t<img class=\"newsContent__article__imgCapa newsContent__article__imgCapa--banner\"\n\t\t\t\t\tsrc=\"https:\/\/files.sunoresearch.com.br\/n\/uploads\/2025\/09\/SN-DT-1420x240-1.webp\"\n\t\t\t\t\tdata-promo-id=\"624946\"\t\t\t\t\t\t\t\t\t\twidth='1420' height='240'\t\t\t\t\talt=\"https:\/\/files.sunoresearch.com.br\/n\/uploads\/2025\/09\/SN-DT-1420x240-1.webp\"\n\t\t\t\t>\n\t\t\t<\/picture>\n\t\t<\/a>\n\t<\/p>\n\n\n<p>A institui\u00e7\u00e3o monet\u00e1ria central vender\u00e1 diariamente at\u00e9 US$ 550 milh\u00f5es \u00e0 vista. Ao mesmo tempo, comprar\u00e1 o mesmo valor em d\u00f3lares no mercado futuro atrav\u00e9s <strong>swap<\/strong> reversos. Caso a demanda seja inferior a esse valor, o <strong>BC<\/strong> complementar\u00e1 a opera\u00e7\u00e3o com uma oferta de contratos de swaps.<\/p>\n<p>Segundo o <strong>BC,<\/strong> essa atua\u00e7\u00e3o n\u00e3o altera a pol\u00edtica cambial, que continua sendo pautada no c\u00e2mbio flutuante. Sua atua\u00e7\u00e3o teria como objetivo manter o regular funcionamento do mercado.<\/p>\n<p><a href=\"https:\/\/www.suno.com.br\/noticias\/dolar-sobe-a-r404-turbulencia-internacional\/\">Saiba mais: D\u00f3lar sobe e chega a R$ 4,04 em dia de turbul\u00eancia internacional\u00a0<\/a><\/p>\n<p>\u201cTrata-se de aperfei\u00e7oamento no uso dos instrumentos \u00e0 sua disposi\u00e7\u00e3o para atua\u00e7\u00e3o no mercado de c\u00e2mbio, como parte da Agenda BC#, tendo em conta as condi\u00e7\u00f5es presentes neste momento no mercado&#8221;, explicou a institui\u00e7\u00e3o<\/p>\n<h2>Reservas internacionais<\/h2>\n<p>O <strong>Banco Central<\/strong> tem cerca de US$ 400 bilh\u00f5es em reservas internacionais. A redu\u00e7\u00e3o desse estoque ser\u00e1 contrabalanceada com a venda de contratos de swap. Atualmente, o montante desses contratos chega a um valor pr\u00f3ximo de US$ 70 bilh\u00f5es.<\/p>\n","protected":false},"excerpt":{"rendered":"<p>O Banco Central (BC) anunciou nesta quarta-feira (14) que vender\u00e1 d\u00f3lares \u00e0 vista das suas reservas internacionais. Essa \u00e9 a primeira vez que a institui\u00e7\u00e3o monet\u00e1ria central atua vendendo moeda norte-americana desde fevereiro de 2009. BC: uso de instrumentos cambiais ajudou mercados, diz diretor O Banco\u00a0Central tamb\u00e9m informou que oferecer\u00e1 contratos de swap\u00a0cambial no mercado. [&hellip;]<\/p>\n","protected":false},"author":9,"featured_media":8835,"comment_status":"closed","ping_status":"closed","sticky":false,"template":"","format":"standard","meta":[],"categories":[60],"tags":[1842,326],"suno_strategy":[],"class_list":["post-34104","post","type-post","status-publish","format-standard","has-post-thumbnail","hentry","category-mercado","tag-banco-central-bc","tag-dolar"],"yoast_head":"<!-- This site is optimized with the Yoast SEO plugin v24.4 - https:\/\/yoast.com\/wordpress\/plugins\/seo\/ -->\n<title>Banco Central volta a vender d\u00f3lares pela primeira vez desde 2009<\/title>\n<meta name=\"description\" content=\"O Banco Central (BC) anunciou que vender\u00e1 d\u00f3lares \u00e0 vista das suas reservas internacionais. Clique aqui para saber mais.\" \/>\n<meta name=\"robots\" content=\"index, follow, max-snippet:-1, max-image-preview:large, max-video-preview:-1\" \/>\n<link rel=\"canonical\" href=\"https:\/\/www.suno.com.br\/noticias\/banco-central-vender-dolar-2009\/\" \/>\n<meta property=\"og:locale\" content=\"pt_BR\" \/>\n<meta property=\"og:type\" content=\"article\" \/>\n<meta property=\"og:title\" content=\"Banco Central volta a vender d\u00f3lares pela primeira vez desde 2009\" \/>\n<meta property=\"og:description\" content=\"O Banco Central (BC) anunciou que vender\u00e1 d\u00f3lares \u00e0 vista das suas reservas internacionais. Clique aqui para saber mais.\" \/>\n<meta property=\"og:url\" content=\"https:\/\/www.suno.com.br\/noticias\/banco-central-vender-dolar-2009\/\" \/>\n<meta property=\"og:site_name\" content=\"Suno Not\u00edcias\" \/>\n<meta property=\"article:publisher\" content=\"https:\/\/facebook.com\/sunoresearch\" \/>\n<meta property=\"og:image\" content=\"https:\/\/files.sunoresearch.com.br\/n\/uploads\/2018\/12\/2c1e4757-bolsonaro.jpg\" \/>\n\t<meta property=\"og:image:width\" content=\"2051\" \/>\n\t<meta property=\"og:image:height\" content=\"3081\" \/>\n\t<meta property=\"og:image:type\" content=\"image\/jpeg\" \/>\n<meta name=\"author\" content=\"Carlo Cauti\" \/>\n<meta name=\"twitter:card\" content=\"summary_large_image\" \/>\n<meta name=\"twitter:creator\" content=\"@sunoresearch\" \/>\n<meta name=\"twitter:site\" content=\"@sunoresearch\" \/>\n<meta name=\"twitter:label1\" content=\"Escrito por\" \/>\n\t<meta name=\"twitter:data1\" content=\"Carlo Cauti\" \/>\n\t<meta name=\"twitter:label2\" content=\"Est. tempo de leitura\" \/>\n\t<meta name=\"twitter:data2\" content=\"3 minutos\" \/>\n<script type=\"application\/ld+json\" class=\"yoast-schema-graph\">{\"@context\":\"https:\/\/schema.org\",\"@graph\":[{\"@type\":\"NewsArticle\",\"@id\":\"https:\/\/www.suno.com.br\/noticias\/banco-central-vender-dolar-2009\/#article\",\"isPartOf\":{\"@id\":\"https:\/\/www.suno.com.br\/noticias\/banco-central-vender-dolar-2009\/\"},\"author\":{\"name\":\"Carlo Cauti\",\"@id\":\"https:\/\/www.suno.com.br\/noticias\/#\/schema\/person\/e6e0f723cc177805027f4566c1d5e0c8\"},\"headline\":\"Banco Central volta a vender d\u00f3lares pela primeira vez desde 2009\",\"datePublished\":\"2019-08-14T23:07:24+00:00\",\"dateModified\":\"2021-02-18T01:48:00+00:00\",\"mainEntityOfPage\":{\"@id\":\"https:\/\/www.suno.com.br\/noticias\/banco-central-vender-dolar-2009\/\"},\"wordCount\":604,\"publisher\":{\"@id\":\"https:\/\/www.suno.com.br\/noticias\/#organization\"},\"image\":{\"@id\":\"https:\/\/www.suno.com.br\/noticias\/banco-central-vender-dolar-2009\/#primaryimage\"},\"thumbnailUrl\":\"https:\/\/files.sunoresearch.com.br\/n\/uploads\/2018\/12\/2c1e4757-bolsonaro-scaled.webp\",\"keywords\":[\"Banco Central (BC)\",\"d\u00f3lar\"],\"articleSection\":[\"Mercado\"],\"inLanguage\":\"pt-BR\"},{\"@type\":\"WebPage\",\"@id\":\"https:\/\/www.suno.com.br\/noticias\/banco-central-vender-dolar-2009\/\",\"url\":\"https:\/\/www.suno.com.br\/noticias\/banco-central-vender-dolar-2009\/\",\"name\":\"Banco Central volta a vender d\u00f3lares pela primeira vez desde 2009\",\"isPartOf\":{\"@id\":\"https:\/\/www.suno.com.br\/noticias\/#website\"},\"primaryImageOfPage\":{\"@id\":\"https:\/\/www.suno.com.br\/noticias\/banco-central-vender-dolar-2009\/#primaryimage\"},\"image\":{\"@id\":\"https:\/\/www.suno.com.br\/noticias\/banco-central-vender-dolar-2009\/#primaryimage\"},\"thumbnailUrl\":\"https:\/\/files.sunoresearch.com.br\/n\/uploads\/2018\/12\/2c1e4757-bolsonaro-scaled.webp\",\"datePublished\":\"2019-08-14T23:07:24+00:00\",\"dateModified\":\"2021-02-18T01:48:00+00:00\",\"description\":\"O Banco Central (BC) anunciou que vender\u00e1 d\u00f3lares \u00e0 vista das suas reservas internacionais. Clique aqui para saber mais.\",\"breadcrumb\":{\"@id\":\"https:\/\/www.suno.com.br\/noticias\/banco-central-vender-dolar-2009\/#breadcrumb\"},\"inLanguage\":\"pt-BR\",\"potentialAction\":[{\"@type\":\"ReadAction\",\"target\":[\"https:\/\/www.suno.com.br\/noticias\/banco-central-vender-dolar-2009\/\"]}]},{\"@type\":\"ImageObject\",\"inLanguage\":\"pt-BR\",\"@id\":\"https:\/\/www.suno.com.br\/noticias\/banco-central-vender-dolar-2009\/#primaryimage\",\"url\":\"https:\/\/files.sunoresearch.com.br\/n\/uploads\/2018\/12\/2c1e4757-bolsonaro-scaled.webp\",\"contentUrl\":\"https:\/\/files.sunoresearch.com.br\/n\/uploads\/2018\/12\/2c1e4757-bolsonaro-scaled.webp\",\"width\":1704,\"height\":2560,\"caption\":\"BC: uso de instrumentos cambiais ajudou mercados, diz diretor\"},{\"@type\":\"BreadcrumbList\",\"@id\":\"https:\/\/www.suno.com.br\/noticias\/banco-central-vender-dolar-2009\/#breadcrumb\",\"itemListElement\":[{\"@type\":\"ListItem\",\"position\":1,\"name\":\"Not\u00edcias\",\"item\":\"https:\/\/www.suno.com.br\/noticias\/\"},{\"@type\":\"ListItem\",\"position\":2,\"name\":\"Mercado\",\"item\":\"https:\/\/www.suno.com.br\/noticias\/mercado\/\"},{\"@type\":\"ListItem\",\"position\":3,\"name\":\"Banco Central volta a vender d\u00f3lares pela primeira vez desde 2009\"}]},{\"@type\":\"WebSite\",\"@id\":\"https:\/\/www.suno.com.br\/noticias\/#website\",\"url\":\"https:\/\/www.suno.com.br\/noticias\/\",\"name\":\"Suno Not\u00edcias\",\"description\":\"Seu portal de informa\u00e7\u00e3o sobre o mundo dos investimentos\",\"publisher\":{\"@id\":\"https:\/\/www.suno.com.br\/noticias\/#organization\"},\"potentialAction\":[{\"@type\":\"SearchAction\",\"target\":{\"@type\":\"EntryPoint\",\"urlTemplate\":\"https:\/\/www.suno.com.br\/noticias\/?s={search_term_string}\"},\"query-input\":{\"@type\":\"PropertyValueSpecification\",\"valueRequired\":true,\"valueName\":\"search_term_string\"}}],\"inLanguage\":\"pt-BR\"},{\"@type\":\"Organization\",\"@id\":\"https:\/\/www.suno.com.br\/noticias\/#organization\",\"name\":\"Suno Not\u00edcias\",\"url\":\"https:\/\/www.suno.com.br\/noticias\/\",\"logo\":{\"@type\":\"ImageObject\",\"inLanguage\":\"pt-BR\",\"@id\":\"https:\/\/www.suno.com.br\/noticias\/#\/schema\/logo\/image\/\",\"url\":\"https:\/\/files.sunoresearch.com.br\/n\/uploads\/2021\/09\/suno-logo.png\",\"contentUrl\":\"https:\/\/files.sunoresearch.com.br\/n\/uploads\/2021\/09\/suno-logo.png\",\"width\":180,\"height\":180,\"caption\":\"Suno Not\u00edcias\"},\"image\":{\"@id\":\"https:\/\/www.suno.com.br\/noticias\/#\/schema\/logo\/image\/\"},\"sameAs\":[\"https:\/\/facebook.com\/sunoresearch\",\"https:\/\/x.com\/sunoresearch\",\"https:\/\/www.instagram.com\/suno\",\"https:\/\/www.linkedin.com\/company\/suno-research\/\",\"https:\/\/www.youtube.com\/c\/sunoresearch\"]},{\"@type\":\"Person\",\"@id\":\"https:\/\/www.suno.com.br\/noticias\/#\/schema\/person\/e6e0f723cc177805027f4566c1d5e0c8\",\"name\":\"Carlo Cauti\",\"image\":{\"@type\":\"ImageObject\",\"inLanguage\":\"pt-BR\",\"@id\":\"https:\/\/www.suno.com.br\/noticias\/#\/schema\/person\/image\/\",\"url\":\"https:\/\/secure.gravatar.com\/avatar\/3ada9e0bd164c23abd4792a9606d583c?s=96&r=g\",\"contentUrl\":\"https:\/\/secure.gravatar.com\/avatar\/3ada9e0bd164c23abd4792a9606d583c?s=96&r=g\",\"caption\":\"Carlo Cauti\"},\"description\":\"Editor multim\u00eddia do SUNO Not\u00edcias. Italiano, formado em Ci\u00eancias Pol\u00edticas pela universidade LUISS G. Carli de Roma e mestre cum laude em Rela\u00e7\u00f5es Internacionais, Jornalismo Internacional e de Guerra e em Economia Internacional. Concluiu tamb\u00e9m um MBA em Finan\u00e7as na B3. No Brasil, teve passagem por ve\u00edculos como Estad\u00e3o, Globo, Veja e EXAME. e nas ag\u00eancias de not\u00edcias italianas ANSA e NOVA.\",\"url\":\"https:\/\/www.suno.com.br\/noticias\/author\/carlo-cauti\/\"}]}<\/script>\n<!-- \/ Yoast SEO plugin. -->","yoast_head_json":{"title":"Banco Central volta a vender d\u00f3lares pela primeira vez desde 2009","description":"O Banco Central (BC) anunciou que vender\u00e1 d\u00f3lares \u00e0 vista das suas reservas internacionais. Clique aqui para saber mais.","robots":{"index":"index","follow":"follow","max-snippet":"max-snippet:-1","max-image-preview":"max-image-preview:large","max-video-preview":"max-video-preview:-1"},"canonical":"https:\/\/www.suno.com.br\/noticias\/banco-central-vender-dolar-2009\/","og_locale":"pt_BR","og_type":"article","og_title":"Banco Central volta a vender d\u00f3lares pela primeira vez desde 2009","og_description":"O Banco Central (BC) anunciou que vender\u00e1 d\u00f3lares \u00e0 vista das suas reservas internacionais. Clique aqui para saber mais.","og_url":"https:\/\/www.suno.com.br\/noticias\/banco-central-vender-dolar-2009\/","og_site_name":"Suno Not\u00edcias","article_publisher":"https:\/\/facebook.com\/sunoresearch","og_image":[{"width":2051,"height":3081,"url":"https:\/\/files.sunoresearch.com.br\/n\/uploads\/2018\/12\/2c1e4757-bolsonaro.jpg","type":"image\/jpeg"}],"author":"Carlo Cauti","twitter_card":"summary_large_image","twitter_creator":"@sunoresearch","twitter_site":"@sunoresearch","twitter_misc":{"Escrito por":"Carlo Cauti","Est. tempo de leitura":"3 minutos"},"schema":{"@context":"https:\/\/schema.org","@graph":[{"@type":"NewsArticle","@id":"https:\/\/www.suno.com.br\/noticias\/banco-central-vender-dolar-2009\/#article","isPartOf":{"@id":"https:\/\/www.suno.com.br\/noticias\/banco-central-vender-dolar-2009\/"},"author":{"name":"Carlo Cauti","@id":"https:\/\/www.suno.com.br\/noticias\/#\/schema\/person\/e6e0f723cc177805027f4566c1d5e0c8"},"headline":"Banco Central volta a vender d\u00f3lares pela primeira vez desde 2009","datePublished":"2019-08-14T23:07:24+00:00","dateModified":"2021-02-18T01:48:00+00:00","mainEntityOfPage":{"@id":"https:\/\/www.suno.com.br\/noticias\/banco-central-vender-dolar-2009\/"},"wordCount":604,"publisher":{"@id":"https:\/\/www.suno.com.br\/noticias\/#organization"},"image":{"@id":"https:\/\/www.suno.com.br\/noticias\/banco-central-vender-dolar-2009\/#primaryimage"},"thumbnailUrl":"https:\/\/files.sunoresearch.com.br\/n\/uploads\/2018\/12\/2c1e4757-bolsonaro-scaled.webp","keywords":["Banco Central (BC)","d\u00f3lar"],"articleSection":["Mercado"],"inLanguage":"pt-BR"},{"@type":"WebPage","@id":"https:\/\/www.suno.com.br\/noticias\/banco-central-vender-dolar-2009\/","url":"https:\/\/www.suno.com.br\/noticias\/banco-central-vender-dolar-2009\/","name":"Banco Central volta a vender d\u00f3lares pela primeira vez desde 2009","isPartOf":{"@id":"https:\/\/www.suno.com.br\/noticias\/#website"},"primaryImageOfPage":{"@id":"https:\/\/www.suno.com.br\/noticias\/banco-central-vender-dolar-2009\/#primaryimage"},"image":{"@id":"https:\/\/www.suno.com.br\/noticias\/banco-central-vender-dolar-2009\/#primaryimage"},"thumbnailUrl":"https:\/\/files.sunoresearch.com.br\/n\/uploads\/2018\/12\/2c1e4757-bolsonaro-scaled.webp","datePublished":"2019-08-14T23:07:24+00:00","dateModified":"2021-02-18T01:48:00+00:00","description":"O Banco Central (BC) anunciou que vender\u00e1 d\u00f3lares \u00e0 vista das suas reservas internacionais. Clique aqui para saber mais.","breadcrumb":{"@id":"https:\/\/www.suno.com.br\/noticias\/banco-central-vender-dolar-2009\/#breadcrumb"},"inLanguage":"pt-BR","potentialAction":[{"@type":"ReadAction","target":["https:\/\/www.suno.com.br\/noticias\/banco-central-vender-dolar-2009\/"]}]},{"@type":"ImageObject","inLanguage":"pt-BR","@id":"https:\/\/www.suno.com.br\/noticias\/banco-central-vender-dolar-2009\/#primaryimage","url":"https:\/\/files.sunoresearch.com.br\/n\/uploads\/2018\/12\/2c1e4757-bolsonaro-scaled.webp","contentUrl":"https:\/\/files.sunoresearch.com.br\/n\/uploads\/2018\/12\/2c1e4757-bolsonaro-scaled.webp","width":1704,"height":2560,"caption":"BC: uso de instrumentos cambiais ajudou mercados, diz diretor"},{"@type":"BreadcrumbList","@id":"https:\/\/www.suno.com.br\/noticias\/banco-central-vender-dolar-2009\/#breadcrumb","itemListElement":[{"@type":"ListItem","position":1,"name":"Not\u00edcias","item":"https:\/\/www.suno.com.br\/noticias\/"},{"@type":"ListItem","position":2,"name":"Mercado","item":"https:\/\/www.suno.com.br\/noticias\/mercado\/"},{"@type":"ListItem","position":3,"name":"Banco Central volta a vender d\u00f3lares pela primeira vez desde 2009"}]},{"@type":"WebSite","@id":"https:\/\/www.suno.com.br\/noticias\/#website","url":"https:\/\/www.suno.com.br\/noticias\/","name":"Suno Not\u00edcias","description":"Seu portal de informa\u00e7\u00e3o sobre o mundo dos investimentos","publisher":{"@id":"https:\/\/www.suno.com.br\/noticias\/#organization"},"potentialAction":[{"@type":"SearchAction","target":{"@type":"EntryPoint","urlTemplate":"https:\/\/www.suno.com.br\/noticias\/?s={search_term_string}"},"query-input":{"@type":"PropertyValueSpecification","valueRequired":true,"valueName":"search_term_string"}}],"inLanguage":"pt-BR"},{"@type":"Organization","@id":"https:\/\/www.suno.com.br\/noticias\/#organization","name":"Suno Not\u00edcias","url":"https:\/\/www.suno.com.br\/noticias\/","logo":{"@type":"ImageObject","inLanguage":"pt-BR","@id":"https:\/\/www.suno.com.br\/noticias\/#\/schema\/logo\/image\/","url":"https:\/\/files.sunoresearch.com.br\/n\/uploads\/2021\/09\/suno-logo.png","contentUrl":"https:\/\/files.sunoresearch.com.br\/n\/uploads\/2021\/09\/suno-logo.png","width":180,"height":180,"caption":"Suno Not\u00edcias"},"image":{"@id":"https:\/\/www.suno.com.br\/noticias\/#\/schema\/logo\/image\/"},"sameAs":["https:\/\/facebook.com\/sunoresearch","https:\/\/x.com\/sunoresearch","https:\/\/www.instagram.com\/suno","https:\/\/www.linkedin.com\/company\/suno-research\/","https:\/\/www.youtube.com\/c\/sunoresearch"]},{"@type":"Person","@id":"https:\/\/www.suno.com.br\/noticias\/#\/schema\/person\/e6e0f723cc177805027f4566c1d5e0c8","name":"Carlo Cauti","image":{"@type":"ImageObject","inLanguage":"pt-BR","@id":"https:\/\/www.suno.com.br\/noticias\/#\/schema\/person\/image\/","url":"https:\/\/secure.gravatar.com\/avatar\/3ada9e0bd164c23abd4792a9606d583c?s=96&r=g","contentUrl":"https:\/\/secure.gravatar.com\/avatar\/3ada9e0bd164c23abd4792a9606d583c?s=96&r=g","caption":"Carlo Cauti"},"description":"Editor multim\u00eddia do SUNO Not\u00edcias. Italiano, formado em Ci\u00eancias Pol\u00edticas pela universidade LUISS G. Carli de Roma e mestre cum laude em Rela\u00e7\u00f5es Internacionais, Jornalismo Internacional e de Guerra e em Economia Internacional. Concluiu tamb\u00e9m um MBA em Finan\u00e7as na B3. No Brasil, teve passagem por ve\u00edculos como Estad\u00e3o, Globo, Veja e EXAME. e nas ag\u00eancias de not\u00edcias italianas ANSA e NOVA.","url":"https:\/\/www.suno.com.br\/noticias\/author\/carlo-cauti\/"}]}},"default_loop_html":"<div class=\"cardsPage__listCard__boxs\"><div class=\"cardsPage__listCard__boxs__img\"><a href=\"https:\/\/www.suno.com.br\/noticias\/banco-central-vender-dolar-2009\/\"><img class=\"mask\" src=\"https:\/\/www.suno.com.br\/noticias\/wp-content\/themes\/suno\/resources\/images\/spotlight\/spotlight1img\/bg-mask.png\" alt=\"Image Mask\"\/><img src=\"https:\/\/files.sunoresearch.com.br\/n\/uploads\/2018\/12\/2c1e4757-bolsonaro-400x200.webp\" alt=\"Banco Central volta a vender d\u00f3lares pela primeira vez desde 2009\"\/><\/a><span class=\"spotlightCategory\"><a href=\"https:\/\/www.suno.com.br\/noticias\/mercado\/\">Mercado<\/a><\/span><\/div><div class=\"cardsPage__listCard__boxs__content\"><a href=\"https:\/\/www.suno.com.br\/noticias\/banco-central-vender-dolar-2009\/\"><h2 class=\"content__title\">Banco Central volta a vender d\u00f3lares pela primeira vez desde 2009<\/h2><\/a><div class=\"newsContent__article__meta\"><div class=\"newsContent__article__meta__authorBox\"><a href=\"https:\/\/www.suno.com.br\/noticias\/author\/carlo-cauti\/\" class=\"authorBox__avatar noMobi\"><img src=\"https:\/\/files.sunoresearch.com.br\/n\/uploads\/2020\/08\/e3745f9a-perfil-carlo-cauti-150x150.webp\" alt=\"Carlo Cauti\"><\/a><div class=\"authorBox__name\"><span>por\n\t\t\t<a href=\"https:\/\/www.suno.com.br\/noticias\/author\/carlo-cauti\/\"><span itemprop=\"author\">Carlo Cauti<\/span><\/a><\/span><time datetime=\"2019-08-14T20:07:24-03:00\" itemprop=\"datePublished\">14\/08\/2019 20:07<\/time><\/div><\/div><\/div><\/div><\/div>","single_layout":"posts","amp_enabled":true,"_links":{"self":[{"href":"https:\/\/www.suno.com.br\/noticias\/wp-json\/wp\/v2\/posts\/34104"}],"collection":[{"href":"https:\/\/www.suno.com.br\/noticias\/wp-json\/wp\/v2\/posts"}],"about":[{"href":"https:\/\/www.suno.com.br\/noticias\/wp-json\/wp\/v2\/types\/post"}],"author":[{"embeddable":true,"href":"https:\/\/www.suno.com.br\/noticias\/wp-json\/wp\/v2\/users\/9"}],"replies":[{"embeddable":true,"href":"https:\/\/www.suno.com.br\/noticias\/wp-json\/wp\/v2\/comments?post=34104"}],"version-history":[{"count":0,"href":"https:\/\/www.suno.com.br\/noticias\/wp-json\/wp\/v2\/posts\/34104\/revisions"}],"wp:featuredmedia":[{"embeddable":true,"href":"https:\/\/www.suno.com.br\/noticias\/wp-json\/wp\/v2\/media\/8835"}],"wp:attachment":[{"href":"https:\/\/www.suno.com.br\/noticias\/wp-json\/wp\/v2\/media?parent=34104"}],"wp:term":[{"taxonomy":"category","embeddable":true,"href":"https:\/\/www.suno.com.br\/noticias\/wp-json\/wp\/v2\/categories?post=34104"},{"taxonomy":"post_tag","embeddable":true,"href":"https:\/\/www.suno.com.br\/noticias\/wp-json\/wp\/v2\/tags?post=34104"},{"taxonomy":"suno_strategy","embeddable":true,"href":"https:\/\/www.suno.com.br\/noticias\/wp-json\/wp\/v2\/suno_strategy?post=34104"}],"curies":[{"name":"wp","href":"https:\/\/api.w.org\/{rel}","templated":true}]}}