{"id":340978,"date":"2023-01-05T10:10:42","date_gmt":"2023-01-05T13:10:42","guid":{"rendered":"https:\/\/www.suno.com.br\/noticias\/?p=340978"},"modified":"2023-01-05T10:10:47","modified_gmt":"2023-01-05T13:10:47","slug":"amazon-amzo34-demissoes-massa","status":"publish","type":"post","link":"https:\/\/www.suno.com.br\/noticias\/amazon-amzo34-demissoes-massa\/","title":{"rendered":"Amazon (AMZO34) planeja demitir 18 mil funcion\u00e1rios em maior corte da hist\u00f3ria"},"content":{"rendered":"<p>A <strong>Amazon <\/strong>(<a href=\"https:\/\/www.suno.com.br\/bdrs\/amzo34\/\" target=\"_blank\" rel=\"noreferrer noopener\">AMZO34<\/a>) planeja uma redu\u00e7\u00e3o no quadro de funcion\u00e1rios que cortar\u00e1 18 mil empregos em 2023. Caso seja concretizada, essa demiss\u00e3o em massa poder\u00e1 ser a maior da hist\u00f3ria da Amazon e tamb\u00e9m a maior <a href=\"https:\/\/www.suno.com.br\/noticias\/netflix-nflx34-demissa-massa-300-desaceleracao\/\" target=\"_blank\" rel=\"noreferrer noopener\">dentre os an\u00fancios recentes de companhias de tecnologia<\/a>.<\/p><div class=\"videoFull \">\n\t\t\t<div class=\"videoWrapper yt-lazyload center\"\n\t\t\t\tdata-width=\"960\"\n\t\t\t\tdata-height=\"540\"\n\t\t\t\tdata-id=\"edzboXIavAk\"\n\t\t\t\tdata-alt=\"V\u00eddeo do YouTube - clique para reproduzir\"\n\t\t\t\tdata-logo=\"3\"\n\t\t\t\tdata-imagequality=\"maxres\">\n\t\t\t<\/div>\n\t\t<\/div><script type=\"application\/ld+json\">{\"@context\":\"https:\/\/schema.org\",\"@type\":\"VideoObject\",\"name\":\"Ministros de Lula se desencontram | Petrobras (PETR4) no foco | Oi (OIBR3) prepara cis\u00e3o da Oi Fibra\",\"description\":\"#Not\u00edciasdoDia #Not\u00edcias #lula #pol\u00edtica #mercadofinanceiro #investimentos #ibovespa #haddad #fernandohaddad #petrobras #petr4 #oibr3 #oifibra #oi #apple #amazon #morningcall \ud835\udc08\ud835\udc0d\ud835\udc12\ud835\udc02\ud835\udc11\ud835\udc04\ud835\udc15\ud835\udc00-\ud835\udc12\ud835\udc04 \ud835\udc0d\ud835\udc0e \ud835\udc02\ud835\udc00\ud835\udc0d\ud835\udc00\ud835\udc0b \ud835\udc04 \ud835\udc00\ud835\udc13\ud835\udc08\ud835\udc15\ud835\udc04 \ud835\udc0e \ud835\udc12\ud835\udc08\ud835\udc0d\ud835\udc0e \ud83d\udc47 https:\/\/bit.ly\/INSCREVA-SEATIVEOSINO \ud83d\udcda \ud83d\udcb8 \ud83d\udcca \ud835\udde3\ud835\udddf\ud835\uddd4\ud835\udde1\ud835\udddc\ud835\udddf\ud835\udddb\ud835\uddd4 \ud835\uddd7\ud835\uddd8 \ud835\uddd6\ud835\udde2\ud835\udde1\ud835\udde7\ud835\udde5\ud835\udde2\ud835\udddf\ud835\uddd8 \ud835\uddd9\ud835\udddc\ud835\udde1\ud835\uddd4\ud835\udde1\ud835\uddd6\ud835\uddd8\ud835\udddc\ud835\udde5\ud835\udde2: \ud835\uddd5\ud835\uddee\ud835\uddf6\ud835\ude05\ud835\uddf2 \ud835\uddee \ud835\uddfd\ud835\uddf9\ud835\uddee\ud835\uddfb\ud835\uddf6\ud835\uddf9\ud835\uddf5\ud835\uddee AGORA antes que acabe! \ud83d\udc49 https:\/\/lp.suno.com.br\/planilha-da-vida-financeira\/?utm_source=youtube.noticias&utm_medium=live&utm_campaign=planilhadavidafinanceira.20221128&utm_content=ytnoticias.morning.02122022 \ud83d\udcda \ud835\udc04-\ud835\udc1b\ud835\udc28\ud835\udc28\ud835\udc24 \"\ud835\udc02\ud835\udc28\ud835\udc26\ud835\udc28 \ud835\udc22\ud835\udc27\ud835\udc2f\ud835\udc1e\ud835\udc2c\ud835\udc2d\ud835\udc22\ud835\udc2b \ud835\udc1e\ud835\udc26 \ud835\udc03\ud835\udc22\ud835\udc2f\ud835\udc22\ud835\udc1d\ud835\udc1e\ud835\udc27\ud835\udc1d\ud835\udc28\ud835\udc2c?\"\ud83d\udc47 - \ud835\udc1b\ud835\udc1a\ud835\udc22\ud835\udc31\ud835\udc1e \ud835\udc20\ud835\udc2b\ud835\udc1a\ud835\udc2d\ud835\udc2e\ud835\udc22\ud835\udc2d\ud835\udc1a\ud835\udc26\ud835\udc1e\ud835\udc27\ud835\udc2d\ud835\udc1e \ud835\udc1e \ud835\udc1a\ud835\udc29\ud835\udc2b\ud835\udc1e\ud835\udc27\ud835\udc1d\ud835\udc1a: https:\/\/bit.ly\/ebookGRATUITOdoSunoNoticiasComoinvestiremDividendos \ud83d\udc47\u2026\",\"duration\":\"PT36M20S\",\"embedUrl\":\"https:\/\/www.youtube.com\/embed\/edzboXIavAk\",\"regionsAllowed\":\"pt-BR\",\"interactionStatistic\":{\"@type\":\"InteractionCounter\",\"interactionType\":{\"@type\":\"WatchAction\"},\"userInteractionCount\":2486},\"thumbnailUrl\":\"https:\/\/i.ytimg.com\/vi\/edzboXIavAk\/default.jpg\",\"uploadDate\":\"2023-01-05T12:41:19Z\"}<\/script>\n\n\n\n\n\t<p>\n\t\t<a href=\"\" target=\"_blank\" data-element=\"shortcode-suno-banner\" title=\"Banner SUNO, clique e saiba mais\">\n\t\t\t<picture>\n\t\t\t\t<source media=\"(max-width: 500px)\" srcset=\"\">\n\t\t\t\t<img class=\"newsContent__article__imgCapa newsContent__article__imgCapa--banner\"\n\t\t\t\t\tsrc=\"\"\n\t\t\t\t\tdata-promo-id=\"240038\"\t\t\t\t\t\t\t\t\t\t\t\t\t\t\talt=\"\"\n\t\t\t\t>\n\t\t\t<\/picture>\n\t\t<\/a>\n\t<\/p>\n\n\n\n\n\n<p>A <strong><a href=\"https:\/\/www.suno.com.br\/noticias\/loft-demissoes-demissao-desligamentos\/\" target=\"_blank\" rel=\"noreferrer noopener\">demiss\u00e3o em massa<\/a><\/strong> representa uma redu\u00e7\u00e3o de cerca de 6% da m\u00e3o de obra corporativa da <a href=\"https:\/\/statusinvest.com.br\/bdrs\/amzo34\" target=\"_blank\" rel=\"noreferrer noopener\">Amazon<\/a>, que soma cerca de 300 mil empregados.<\/p>\n\n\n\n<p>Segundo o The Wall Street Journal, as <a href=\"https:\/\/www.suno.com.br\/noticias\/amazon-amzo34-demissoes-2023-dificil\/\" target=\"_blank\" rel=\"noreferrer noopener\"><strong>demiss\u00f5es na Amazon<\/strong> <\/a>tamb\u00e9m ficariam acima do que era esperado por analistas de mercado e pelos rumores que circularam na imprensa nos \u00faltimos meses. <\/p>\n\n\n\n<p>Em meados de novembro do ano passado, o The New York Times reportou que os planos da companhia eram de cortar 10 mil <strong><a href=\"https:\/\/www.suno.com.br\/noticias\/payroll-eua-empregos-novembro\/\" target=\"_blank\" rel=\"noreferrer noopener\">empregos<\/a><\/strong>.<\/p>\n\n\n\n<p>A Amazon \u00e9 atualmente a segunda maior empregadora dos Estados Unidos. Se considerados todos os <strong>trabalhadores da Amazon<\/strong>, a for\u00e7a de trabalho chega a 1,5 milh\u00e3o de pessoas, deixando-a apenas atr\u00e1s <a href=\"https:\/\/www.suno.com.br\/noticias\/walmart-walm34-eua-contratacoes\/\" target=\"_blank\" rel=\"noreferrer noopener\">Walmart<\/a>, que emprega 2,3 milh\u00f5es, segundo dados da consultoria Statista.<\/p>\n\n\n\n<p>Em memorando divulgado ao p\u00fablico, o <strong><a href=\"https:\/\/www.suno.com.br\/artigos\/ceo\" target=\"_blank\" rel=\"noreferrer noopener\">CEO da Amazon<\/a><\/strong>, Andy Jassy, destacou que a redu\u00e7\u00e3o vem ap\u00f3s estudos de diretores e coordenadores sobre a for\u00e7a de trabalho das equipes e em meio \u00e0s incertezas econ\u00f4micas.<\/p>\n\n\n\n<p>&#8220;A revis\u00e3o deste ano foi mais dif\u00edcil devido \u00e0 economia incerta e o grande e repentino n\u00famero de contrata\u00e7\u00f5es nos \u00faltimos anos. Em novembro, comunicamos a dif\u00edcil decis\u00e3o de cortar v\u00e1rios cargos em nossos neg\u00f3cios de Dispositivos e Livros e tamb\u00e9m anunciamos uma oferta de demiss\u00e3o volunt\u00e1ria para alguns funcion\u00e1rios no setor de Pessoas, Experi\u00eancia e Tecnologia (PXT, na sigla em ingl\u00eas)&#8221;, disse o executivo no comunicado.<\/p>\n\n\n\n\t<div data-element=\"shortcode-read-more\" class=\"readToo\">\n\t\t\t\t<span class=\"readToo__title\">Leia mais<\/span>\n\t\t\t\t<ul class=\"readToo__list\">\n\t\t\t<li><a href=\"https:\/\/www.suno.com.br\/noticias\/loft-demissoes-demissao-desligamentos\/\">Loft faz nova demiss\u00e3o em massa; desligamentos beiram 855 em 2022<\/a><\/li><li><a href=\"https:\/\/www.suno.com.br\/noticias\/black-friday-amazon-amzo34-greve\/\">Black Friday: funcion\u00e1rios da Amazon (AMZO34) s\u00e3o convocados para greve em escala global<\/a><\/li><li><a href=\"https:\/\/www.suno.com.br\/noticias\/elon-musk-promove-nova-onda-demissoes-twitter-twtr34\/\">Elon Musk promove nova onda de demiss\u00f5es no Twitter (TWTR34), diz ag\u00eancia<\/a><\/li><li><a href=\"https:\/\/www.suno.com.br\/noticias\/musk-demissao-twitter-brasil\/\">Twitter (TWTR34): Brasil \u00e9 afetado com demiss\u00e3o em massa por Musk<\/a><\/li>\t\t<\/ul>\n\t<\/div>\n\n\n\n\n<p>Jassy refor\u00e7ou que a &#8220;a dif\u00edcil decis\u00e3o de eliminar mais empregos&#8221; deve afetar v\u00e1rias equipes, especialmente os trabalhadores vinculados \u00e0s lojas da Amazon (Amazon Store) e os do time de Pessoas, Experi\u00eancia e Tecnologia (PXT).<\/p>\n\n\n\n<p>&#8220;A Amazon resistiu a economias incertas e dif\u00edceis no passado, e continuaremos fazendo isso&#8221;, justificou o CEO da companhia de tecnologia.<\/p>\n\n\n\t<p>\n\t\t<a href=\"\" target=\"_blank\" data-element=\"shortcode-suno-banner\" title=\"Banner SUNO, clique e saiba mais\">\n\t\t\t<picture>\n\t\t\t\t<source media=\"(max-width: 500px)\" srcset=\"\">\n\t\t\t\t<img class=\"newsContent__article__imgCapa newsContent__article__imgCapa--banner\"\n\t\t\t\t\tsrc=\"\"\n\t\t\t\t\tdata-promo-id=\"274968\"\t\t\t\t\t\t\t\t\t\t\t\t\t\t\talt=\"\"\n\t\t\t\t>\n\t\t\t<\/picture>\n\t\t<\/a>\n\t<\/p>\n\n\n\n\n\n<h2 class=\"wp-block-heading\" id=\"h-demissao-em-massa-foi-vazada-diz-ceo-da-amazon\">Demiss\u00e3o em massa foi vazada, diz CEO da Amazon<\/h2>\n\n\n\n<p>Em seu comunicado, Jassy destacou que fala sobre o assunto e os planos de demiss\u00e3o pelo fato de que a informa\u00e7\u00e3o foi vazada por um colega.<\/p>\n\n\n\n<p>&#8220;Usualmente n\u00f3s aguardamos para comunicar sobre esses assuntos para que possamos falar com as pessoas diretamente afetadas. No entanto, como um de nossos colegas vazou essa informa\u00e7\u00e3o externamente, decidimos que era melhor compartilhar essa not\u00edcia antes para que voc\u00eas pudesse ouvir os detalhes diretamente de mim&#8221;, disse o CEO em seu memorando.<\/p>\n\n\n\n<p>A inten\u00e7\u00e3o \u00e9 dialogar com os funcion\u00e1rios afetados pelas demiss\u00f5es a partir do dia 18 de janeiro, oferecendo suporte na recoloca\u00e7\u00e3o no mercado de trabalho e demais benef\u00edcios previstos na cultura corporativa da Amazon.<\/p>\n\n\n\n<h2 class=\"wp-block-heading\">Sal\u00e1rios aumentaram para &#8216;buscar novos talento&#8217;<\/h2>\n\n\n\n<p>Em 2022 a companhia aumentou o teto salarial para US$ 350 mil, ante uma cifra anterior de US$ 160 mil  anteriormente.<\/p>\n\n\n\n<p>Em memorando, <a href=\"https:\/\/www.suno.com.br\/tudo-sobre\/jeff-bezos\/\" target=\"_blank\" rel=\"noreferrer noopener\">a gigante de Jeff Bezos disse<\/a> que fez o ajuste em meio \u00e0 &#8220;alta competitividade no mercado de trabalho&#8221; e dada a necessidade da <strong>Amazon<\/strong> de &#8220;manter a competitividade e reter os melhores talentos&#8221;.<\/p>\n\n\n\t<p>\n\t\t<a href=\"https:\/\/lp.suno.com.br\/planilha-controle-gastos\/\" target=\"_blank\" data-element=\"shortcode-suno-banner\" title=\"Banner SUNO, clique e saiba mais\">\n\t\t\t<picture>\n\t\t\t\t<source media=\"(max-width: 500px)\" srcset=\"https:\/\/files.sunoresearch.com.br\/n\/uploads\/2023\/03\/400x300-Planilha-controle-de-gastos.png\">\n\t\t\t\t<img class=\"newsContent__article__imgCapa newsContent__article__imgCapa--banner\"\n\t\t\t\t\tsrc=\"https:\/\/files.sunoresearch.com.br\/n\/uploads\/2023\/03\/1420x240-Planilha-controle-de-gastos.png\"\n\t\t\t\t\tdata-promo-id=\"101751\"\t\t\t\t\t\t\t\t\t\twidth='1420' height='240'\t\t\t\t\talt=\"https:\/\/files.sunoresearch.com.br\/n\/uploads\/2023\/03\/1420x240-Planilha-controle-de-gastos.png\"\n\t\t\t\t>\n\t\t\t<\/picture>\n\t\t<\/a>\n\t<\/p>\n\n\n","protected":false},"excerpt":{"rendered":"<p>A Amazon (AMZO34) planeja uma redu\u00e7\u00e3o no quadro de funcion\u00e1rios que cortar\u00e1 18 mil empregos em 2023. Caso seja concretizada, essa demiss\u00e3o em massa poder\u00e1 ser a maior da hist\u00f3ria da Amazon e tamb\u00e9m a maior dentre os an\u00fancios recentes de companhias de tecnologia. A demiss\u00e3o em massa representa uma redu\u00e7\u00e3o de cerca de 6% [&hellip;]<\/p>\n","protected":false},"author":73,"featured_media":118251,"comment_status":"closed","ping_status":"closed","sticky":false,"template":"","format":"standard","meta":[],"categories":[64],"tags":[286,694,2625],"suno_strategy":[],"class_list":["post-340978","post","type-post","status-publish","format-standard","has-post-thumbnail","hentry","category-negocios","tag-acoes","tag-amazon-amzo34","tag-demissoes"],"yoast_head":"<!-- This site is optimized with the Yoast SEO plugin v24.4 - https:\/\/yoast.com\/wordpress\/plugins\/seo\/ -->\n<title>Amazon (AMZO34) demitir\u00e1 18 mil funcion\u00e1rios em maior corte da hist\u00f3ria<\/title>\n<meta name=\"description\" content=\"A demiss\u00e3o em massa representa uma redu\u00e7\u00e3o de cerca de 6% da m\u00e3o de obra corporativa da Amazon, que soma cerca de 300 mil empregados. Confira!\" \/>\n<meta name=\"robots\" content=\"index, follow, max-snippet:-1, max-image-preview:large, max-video-preview:-1\" \/>\n<link rel=\"canonical\" href=\"https:\/\/www.suno.com.br\/noticias\/amazon-amzo34-demissoes-massa\/\" \/>\n<meta property=\"og:locale\" content=\"pt_BR\" \/>\n<meta property=\"og:type\" content=\"article\" \/>\n<meta property=\"og:title\" content=\"Amazon (AMZO34) demitir\u00e1 18 mil funcion\u00e1rios em maior corte da hist\u00f3ria\" \/>\n<meta property=\"og:description\" content=\"A demiss\u00e3o em massa representa uma redu\u00e7\u00e3o de cerca de 6% da m\u00e3o de obra corporativa da Amazon, que soma cerca de 300 mil empregados. Confira!\" \/>\n<meta property=\"og:url\" content=\"https:\/\/www.suno.com.br\/noticias\/amazon-amzo34-demissoes-massa\/\" \/>\n<meta property=\"og:site_name\" content=\"Suno Not\u00edcias\" \/>\n<meta property=\"article:publisher\" content=\"https:\/\/facebook.com\/sunoresearch\" \/>\n<meta property=\"og:image\" content=\"https:\/\/files.sunoresearch.com.br\/n\/uploads\/2021\/02\/d74f461d-amazon_social_crop.jpg\" \/>\n\t<meta property=\"og:image:width\" content=\"1280\" \/>\n\t<meta property=\"og:image:height\" content=\"720\" \/>\n\t<meta property=\"og:image:type\" content=\"image\/jpeg\" \/>\n<meta name=\"author\" content=\"Eduardo Vargas\" \/>\n<meta name=\"twitter:card\" content=\"summary_large_image\" \/>\n<meta name=\"twitter:creator\" content=\"@sunoresearch\" \/>\n<meta name=\"twitter:site\" content=\"@sunoresearch\" \/>\n<meta name=\"twitter:label1\" content=\"Escrito por\" \/>\n\t<meta name=\"twitter:data1\" content=\"Eduardo Vargas\" \/>\n\t<meta name=\"twitter:label2\" content=\"Est. tempo de leitura\" \/>\n\t<meta name=\"twitter:data2\" content=\"3 minutos\" \/>\n<script type=\"application\/ld+json\" class=\"yoast-schema-graph\">{\"@context\":\"https:\/\/schema.org\",\"@graph\":[{\"@type\":\"NewsArticle\",\"@id\":\"https:\/\/www.suno.com.br\/noticias\/amazon-amzo34-demissoes-massa\/#article\",\"isPartOf\":{\"@id\":\"https:\/\/www.suno.com.br\/noticias\/amazon-amzo34-demissoes-massa\/\"},\"author\":{\"name\":\"Eduardo Vargas\",\"@id\":\"https:\/\/www.suno.com.br\/noticias\/#\/schema\/person\/7f4d362bf3518e76090143ae77bb49a5\"},\"headline\":\"Amazon (AMZO34) planeja demitir 18 mil funcion\u00e1rios em maior corte da hist\u00f3ria\",\"datePublished\":\"2023-01-05T13:10:42+00:00\",\"dateModified\":\"2023-01-05T13:10:47+00:00\",\"mainEntityOfPage\":{\"@id\":\"https:\/\/www.suno.com.br\/noticias\/amazon-amzo34-demissoes-massa\/\"},\"wordCount\":567,\"publisher\":{\"@id\":\"https:\/\/www.suno.com.br\/noticias\/#organization\"},\"image\":{\"@id\":\"https:\/\/www.suno.com.br\/noticias\/amazon-amzo34-demissoes-massa\/#primaryimage\"},\"thumbnailUrl\":\"https:\/\/files.sunoresearch.com.br\/n\/uploads\/2021\/02\/d74f461d-amazon_social_crop-jpg.webp\",\"keywords\":[\"A\u00e7\u00f5es\",\"Amazon (AMZO34)\",\"demiss\u00f5es\"],\"articleSection\":[\"Neg\u00f3cios\"],\"inLanguage\":\"pt-BR\"},{\"@type\":\"WebPage\",\"@id\":\"https:\/\/www.suno.com.br\/noticias\/amazon-amzo34-demissoes-massa\/\",\"url\":\"https:\/\/www.suno.com.br\/noticias\/amazon-amzo34-demissoes-massa\/\",\"name\":\"Amazon (AMZO34) demitir\u00e1 18 mil funcion\u00e1rios em maior corte da hist\u00f3ria\",\"isPartOf\":{\"@id\":\"https:\/\/www.suno.com.br\/noticias\/#website\"},\"primaryImageOfPage\":{\"@id\":\"https:\/\/www.suno.com.br\/noticias\/amazon-amzo34-demissoes-massa\/#primaryimage\"},\"image\":{\"@id\":\"https:\/\/www.suno.com.br\/noticias\/amazon-amzo34-demissoes-massa\/#primaryimage\"},\"thumbnailUrl\":\"https:\/\/files.sunoresearch.com.br\/n\/uploads\/2021\/02\/d74f461d-amazon_social_crop-jpg.webp\",\"datePublished\":\"2023-01-05T13:10:42+00:00\",\"dateModified\":\"2023-01-05T13:10:47+00:00\",\"description\":\"A demiss\u00e3o em massa representa uma redu\u00e7\u00e3o de cerca de 6% da m\u00e3o de obra corporativa da Amazon, que soma cerca de 300 mil empregados. Confira!\",\"breadcrumb\":{\"@id\":\"https:\/\/www.suno.com.br\/noticias\/amazon-amzo34-demissoes-massa\/#breadcrumb\"},\"inLanguage\":\"pt-BR\",\"potentialAction\":[{\"@type\":\"ReadAction\",\"target\":[\"https:\/\/www.suno.com.br\/noticias\/amazon-amzo34-demissoes-massa\/\"]}]},{\"@type\":\"ImageObject\",\"inLanguage\":\"pt-BR\",\"@id\":\"https:\/\/www.suno.com.br\/noticias\/amazon-amzo34-demissoes-massa\/#primaryimage\",\"url\":\"https:\/\/files.sunoresearch.com.br\/n\/uploads\/2021\/02\/d74f461d-amazon_social_crop-jpg.webp\",\"contentUrl\":\"https:\/\/files.sunoresearch.com.br\/n\/uploads\/2021\/02\/d74f461d-amazon_social_crop-jpg.webp\",\"width\":1280,\"height\":720,\"caption\":\"Amazon.\"},{\"@type\":\"BreadcrumbList\",\"@id\":\"https:\/\/www.suno.com.br\/noticias\/amazon-amzo34-demissoes-massa\/#breadcrumb\",\"itemListElement\":[{\"@type\":\"ListItem\",\"position\":1,\"name\":\"Not\u00edcias\",\"item\":\"https:\/\/www.suno.com.br\/noticias\/\"},{\"@type\":\"ListItem\",\"position\":2,\"name\":\"Neg\u00f3cios\",\"item\":\"https:\/\/www.suno.com.br\/noticias\/negocios\/\"},{\"@type\":\"ListItem\",\"position\":3,\"name\":\"Amazon (AMZO34) planeja demitir 18 mil funcion\u00e1rios em maior corte da hist\u00f3ria\"}]},{\"@type\":\"WebSite\",\"@id\":\"https:\/\/www.suno.com.br\/noticias\/#website\",\"url\":\"https:\/\/www.suno.com.br\/noticias\/\",\"name\":\"Suno Not\u00edcias\",\"description\":\"Seu portal de informa\u00e7\u00e3o sobre o mundo dos investimentos\",\"publisher\":{\"@id\":\"https:\/\/www.suno.com.br\/noticias\/#organization\"},\"potentialAction\":[{\"@type\":\"SearchAction\",\"target\":{\"@type\":\"EntryPoint\",\"urlTemplate\":\"https:\/\/www.suno.com.br\/noticias\/?s={search_term_string}\"},\"query-input\":{\"@type\":\"PropertyValueSpecification\",\"valueRequired\":true,\"valueName\":\"search_term_string\"}}],\"inLanguage\":\"pt-BR\"},{\"@type\":\"Organization\",\"@id\":\"https:\/\/www.suno.com.br\/noticias\/#organization\",\"name\":\"Suno Not\u00edcias\",\"url\":\"https:\/\/www.suno.com.br\/noticias\/\",\"logo\":{\"@type\":\"ImageObject\",\"inLanguage\":\"pt-BR\",\"@id\":\"https:\/\/www.suno.com.br\/noticias\/#\/schema\/logo\/image\/\",\"url\":\"https:\/\/files.sunoresearch.com.br\/n\/uploads\/2021\/09\/suno-logo.png\",\"contentUrl\":\"https:\/\/files.sunoresearch.com.br\/n\/uploads\/2021\/09\/suno-logo.png\",\"width\":180,\"height\":180,\"caption\":\"Suno Not\u00edcias\"},\"image\":{\"@id\":\"https:\/\/www.suno.com.br\/noticias\/#\/schema\/logo\/image\/\"},\"sameAs\":[\"https:\/\/facebook.com\/sunoresearch\",\"https:\/\/x.com\/sunoresearch\",\"https:\/\/www.instagram.com\/suno\",\"https:\/\/www.linkedin.com\/company\/suno-research\/\",\"https:\/\/www.youtube.com\/c\/sunoresearch\"]},{\"@type\":\"Person\",\"@id\":\"https:\/\/www.suno.com.br\/noticias\/#\/schema\/person\/7f4d362bf3518e76090143ae77bb49a5\",\"name\":\"Eduardo Vargas\",\"image\":{\"@type\":\"ImageObject\",\"inLanguage\":\"pt-BR\",\"@id\":\"https:\/\/www.suno.com.br\/noticias\/#\/schema\/person\/image\/\",\"url\":\"https:\/\/secure.gravatar.com\/avatar\/dac340933427a22924c9f99d1eb2e3f2?s=96&r=g\",\"contentUrl\":\"https:\/\/secure.gravatar.com\/avatar\/dac340933427a22924c9f99d1eb2e3f2?s=96&r=g\",\"caption\":\"Eduardo Vargas\"},\"description\":\"Jornalista formado pela UFSC, cobre macroeconomia, neg\u00f3cios e startups para o Suno Not\u00edcias, escrevendo principalmente not\u00edcias sobre o mercado financeiro e a bolsa de valores. No YouTube e no Instagram, \u00e9 respons\u00e1vel pela produ\u00e7\u00e3o de Reels e Shorts do Suno Not\u00edcias. Anteriormente, trabalhou cobrindo economia e cotidiano no ND+ e para o ND, maior jornal impresso de Santa Catarina. Cursou um semestre letivo de Estudos de M\u00eddia na Universidad de Buenos Aires.\",\"url\":\"https:\/\/www.suno.com.br\/noticias\/author\/eduardo-vargas\/\"}]}<\/script>\n<!-- \/ Yoast SEO plugin. -->","yoast_head_json":{"title":"Amazon (AMZO34) demitir\u00e1 18 mil funcion\u00e1rios em maior corte da hist\u00f3ria","description":"A demiss\u00e3o em massa representa uma redu\u00e7\u00e3o de cerca de 6% da m\u00e3o de obra corporativa da Amazon, que soma cerca de 300 mil empregados. Confira!","robots":{"index":"index","follow":"follow","max-snippet":"max-snippet:-1","max-image-preview":"max-image-preview:large","max-video-preview":"max-video-preview:-1"},"canonical":"https:\/\/www.suno.com.br\/noticias\/amazon-amzo34-demissoes-massa\/","og_locale":"pt_BR","og_type":"article","og_title":"Amazon (AMZO34) demitir\u00e1 18 mil funcion\u00e1rios em maior corte da hist\u00f3ria","og_description":"A demiss\u00e3o em massa representa uma redu\u00e7\u00e3o de cerca de 6% da m\u00e3o de obra corporativa da Amazon, que soma cerca de 300 mil empregados. Confira!","og_url":"https:\/\/www.suno.com.br\/noticias\/amazon-amzo34-demissoes-massa\/","og_site_name":"Suno Not\u00edcias","article_publisher":"https:\/\/facebook.com\/sunoresearch","og_image":[{"width":1280,"height":720,"url":"https:\/\/files.sunoresearch.com.br\/n\/uploads\/2021\/02\/d74f461d-amazon_social_crop.jpg","type":"image\/jpeg"}],"author":"Eduardo Vargas","twitter_card":"summary_large_image","twitter_creator":"@sunoresearch","twitter_site":"@sunoresearch","twitter_misc":{"Escrito por":"Eduardo Vargas","Est. tempo de leitura":"3 minutos"},"schema":{"@context":"https:\/\/schema.org","@graph":[{"@type":"NewsArticle","@id":"https:\/\/www.suno.com.br\/noticias\/amazon-amzo34-demissoes-massa\/#article","isPartOf":{"@id":"https:\/\/www.suno.com.br\/noticias\/amazon-amzo34-demissoes-massa\/"},"author":{"name":"Eduardo Vargas","@id":"https:\/\/www.suno.com.br\/noticias\/#\/schema\/person\/7f4d362bf3518e76090143ae77bb49a5"},"headline":"Amazon (AMZO34) planeja demitir 18 mil funcion\u00e1rios em maior corte da hist\u00f3ria","datePublished":"2023-01-05T13:10:42+00:00","dateModified":"2023-01-05T13:10:47+00:00","mainEntityOfPage":{"@id":"https:\/\/www.suno.com.br\/noticias\/amazon-amzo34-demissoes-massa\/"},"wordCount":567,"publisher":{"@id":"https:\/\/www.suno.com.br\/noticias\/#organization"},"image":{"@id":"https:\/\/www.suno.com.br\/noticias\/amazon-amzo34-demissoes-massa\/#primaryimage"},"thumbnailUrl":"https:\/\/files.sunoresearch.com.br\/n\/uploads\/2021\/02\/d74f461d-amazon_social_crop-jpg.webp","keywords":["A\u00e7\u00f5es","Amazon (AMZO34)","demiss\u00f5es"],"articleSection":["Neg\u00f3cios"],"inLanguage":"pt-BR"},{"@type":"WebPage","@id":"https:\/\/www.suno.com.br\/noticias\/amazon-amzo34-demissoes-massa\/","url":"https:\/\/www.suno.com.br\/noticias\/amazon-amzo34-demissoes-massa\/","name":"Amazon (AMZO34) demitir\u00e1 18 mil funcion\u00e1rios em maior corte da hist\u00f3ria","isPartOf":{"@id":"https:\/\/www.suno.com.br\/noticias\/#website"},"primaryImageOfPage":{"@id":"https:\/\/www.suno.com.br\/noticias\/amazon-amzo34-demissoes-massa\/#primaryimage"},"image":{"@id":"https:\/\/www.suno.com.br\/noticias\/amazon-amzo34-demissoes-massa\/#primaryimage"},"thumbnailUrl":"https:\/\/files.sunoresearch.com.br\/n\/uploads\/2021\/02\/d74f461d-amazon_social_crop-jpg.webp","datePublished":"2023-01-05T13:10:42+00:00","dateModified":"2023-01-05T13:10:47+00:00","description":"A demiss\u00e3o em massa representa uma redu\u00e7\u00e3o de cerca de 6% da m\u00e3o de obra corporativa da Amazon, que soma cerca de 300 mil empregados. Confira!","breadcrumb":{"@id":"https:\/\/www.suno.com.br\/noticias\/amazon-amzo34-demissoes-massa\/#breadcrumb"},"inLanguage":"pt-BR","potentialAction":[{"@type":"ReadAction","target":["https:\/\/www.suno.com.br\/noticias\/amazon-amzo34-demissoes-massa\/"]}]},{"@type":"ImageObject","inLanguage":"pt-BR","@id":"https:\/\/www.suno.com.br\/noticias\/amazon-amzo34-demissoes-massa\/#primaryimage","url":"https:\/\/files.sunoresearch.com.br\/n\/uploads\/2021\/02\/d74f461d-amazon_social_crop-jpg.webp","contentUrl":"https:\/\/files.sunoresearch.com.br\/n\/uploads\/2021\/02\/d74f461d-amazon_social_crop-jpg.webp","width":1280,"height":720,"caption":"Amazon."},{"@type":"BreadcrumbList","@id":"https:\/\/www.suno.com.br\/noticias\/amazon-amzo34-demissoes-massa\/#breadcrumb","itemListElement":[{"@type":"ListItem","position":1,"name":"Not\u00edcias","item":"https:\/\/www.suno.com.br\/noticias\/"},{"@type":"ListItem","position":2,"name":"Neg\u00f3cios","item":"https:\/\/www.suno.com.br\/noticias\/negocios\/"},{"@type":"ListItem","position":3,"name":"Amazon (AMZO34) planeja demitir 18 mil funcion\u00e1rios em maior corte da hist\u00f3ria"}]},{"@type":"WebSite","@id":"https:\/\/www.suno.com.br\/noticias\/#website","url":"https:\/\/www.suno.com.br\/noticias\/","name":"Suno Not\u00edcias","description":"Seu portal de informa\u00e7\u00e3o sobre o mundo dos investimentos","publisher":{"@id":"https:\/\/www.suno.com.br\/noticias\/#organization"},"potentialAction":[{"@type":"SearchAction","target":{"@type":"EntryPoint","urlTemplate":"https:\/\/www.suno.com.br\/noticias\/?s={search_term_string}"},"query-input":{"@type":"PropertyValueSpecification","valueRequired":true,"valueName":"search_term_string"}}],"inLanguage":"pt-BR"},{"@type":"Organization","@id":"https:\/\/www.suno.com.br\/noticias\/#organization","name":"Suno Not\u00edcias","url":"https:\/\/www.suno.com.br\/noticias\/","logo":{"@type":"ImageObject","inLanguage":"pt-BR","@id":"https:\/\/www.suno.com.br\/noticias\/#\/schema\/logo\/image\/","url":"https:\/\/files.sunoresearch.com.br\/n\/uploads\/2021\/09\/suno-logo.png","contentUrl":"https:\/\/files.sunoresearch.com.br\/n\/uploads\/2021\/09\/suno-logo.png","width":180,"height":180,"caption":"Suno Not\u00edcias"},"image":{"@id":"https:\/\/www.suno.com.br\/noticias\/#\/schema\/logo\/image\/"},"sameAs":["https:\/\/facebook.com\/sunoresearch","https:\/\/x.com\/sunoresearch","https:\/\/www.instagram.com\/suno","https:\/\/www.linkedin.com\/company\/suno-research\/","https:\/\/www.youtube.com\/c\/sunoresearch"]},{"@type":"Person","@id":"https:\/\/www.suno.com.br\/noticias\/#\/schema\/person\/7f4d362bf3518e76090143ae77bb49a5","name":"Eduardo Vargas","image":{"@type":"ImageObject","inLanguage":"pt-BR","@id":"https:\/\/www.suno.com.br\/noticias\/#\/schema\/person\/image\/","url":"https:\/\/secure.gravatar.com\/avatar\/dac340933427a22924c9f99d1eb2e3f2?s=96&r=g","contentUrl":"https:\/\/secure.gravatar.com\/avatar\/dac340933427a22924c9f99d1eb2e3f2?s=96&r=g","caption":"Eduardo Vargas"},"description":"Jornalista formado pela UFSC, cobre macroeconomia, neg\u00f3cios e startups para o Suno Not\u00edcias, escrevendo principalmente not\u00edcias sobre o mercado financeiro e a bolsa de valores. No YouTube e no Instagram, \u00e9 respons\u00e1vel pela produ\u00e7\u00e3o de Reels e Shorts do Suno Not\u00edcias. Anteriormente, trabalhou cobrindo economia e cotidiano no ND+ e para o ND, maior jornal impresso de Santa Catarina. Cursou um semestre letivo de Estudos de M\u00eddia na Universidad de Buenos Aires.","url":"https:\/\/www.suno.com.br\/noticias\/author\/eduardo-vargas\/"}]}},"default_loop_html":"<div class=\"cardsPage__listCard__boxs\"><div class=\"cardsPage__listCard__boxs__img\"><a href=\"https:\/\/www.suno.com.br\/noticias\/amazon-amzo34-demissoes-massa\/\"><img class=\"mask\" src=\"https:\/\/www.suno.com.br\/noticias\/wp-content\/themes\/suno\/resources\/images\/spotlight\/spotlight1img\/bg-mask.png\" alt=\"Image Mask\"\/><img src=\"https:\/\/files.sunoresearch.com.br\/n\/uploads\/2021\/02\/d74f461d-amazon_social_crop-400x200.webp\" alt=\"Amazon (AMZO34) planeja demitir 18 mil funcion\u00e1rios em maior corte da hist\u00f3ria\"\/><\/a><span class=\"spotlightCategory\"><a href=\"https:\/\/www.suno.com.br\/noticias\/negocios\/\">Neg\u00f3cios<\/a><\/span><\/div><div class=\"cardsPage__listCard__boxs__content\"><a href=\"https:\/\/www.suno.com.br\/noticias\/amazon-amzo34-demissoes-massa\/\"><h2 class=\"content__title\">Amazon (AMZO34) planeja demitir 18 mil funcion\u00e1rios em maior corte da hist\u00f3ria<\/h2><\/a><div class=\"newsContent__article__meta\"><div class=\"newsContent__article__meta__authorBox\"><a href=\"https:\/\/www.suno.com.br\/noticias\/author\/ana-clara-macedo\/\" class=\"authorBox__avatar noMobi\"><img src=\"https:\/\/secure.gravatar.com\/avatar\/40810da86786bd5619f8cd594b0f44ef?s=96&#038;r=g\" alt=\"Ana Clara Macedo\"><\/a><div class=\"authorBox__name\"><span>por\n\t\t\t<a href=\"https:\/\/www.suno.com.br\/noticias\/author\/ana-clara-macedo\/\"><span itemprop=\"author\">Ana Clara Macedo<\/span><\/a><\/span><time datetime=\"2023-01-05T10:10:42-03:00\" itemprop=\"datePublished\">05\/01\/2023 10:10<\/time><\/div><\/div><\/div><\/div><\/div>","single_layout":"posts","amp_enabled":true,"_links":{"self":[{"href":"https:\/\/www.suno.com.br\/noticias\/wp-json\/wp\/v2\/posts\/340978"}],"collection":[{"href":"https:\/\/www.suno.com.br\/noticias\/wp-json\/wp\/v2\/posts"}],"about":[{"href":"https:\/\/www.suno.com.br\/noticias\/wp-json\/wp\/v2\/types\/post"}],"author":[{"embeddable":true,"href":"https:\/\/www.suno.com.br\/noticias\/wp-json\/wp\/v2\/users\/73"}],"replies":[{"embeddable":true,"href":"https:\/\/www.suno.com.br\/noticias\/wp-json\/wp\/v2\/comments?post=340978"}],"version-history":[{"count":3,"href":"https:\/\/www.suno.com.br\/noticias\/wp-json\/wp\/v2\/posts\/340978\/revisions"}],"predecessor-version":[{"id":341260,"href":"https:\/\/www.suno.com.br\/noticias\/wp-json\/wp\/v2\/posts\/340978\/revisions\/341260"}],"wp:featuredmedia":[{"embeddable":true,"href":"https:\/\/www.suno.com.br\/noticias\/wp-json\/wp\/v2\/media\/118251"}],"wp:attachment":[{"href":"https:\/\/www.suno.com.br\/noticias\/wp-json\/wp\/v2\/media?parent=340978"}],"wp:term":[{"taxonomy":"category","embeddable":true,"href":"https:\/\/www.suno.com.br\/noticias\/wp-json\/wp\/v2\/categories?post=340978"},{"taxonomy":"post_tag","embeddable":true,"href":"https:\/\/www.suno.com.br\/noticias\/wp-json\/wp\/v2\/tags?post=340978"},{"taxonomy":"suno_strategy","embeddable":true,"href":"https:\/\/www.suno.com.br\/noticias\/wp-json\/wp\/v2\/suno_strategy?post=340978"}],"curies":[{"name":"wp","href":"https:\/\/api.w.org\/{rel}","templated":true}]}}