{"id":340909,"date":"2023-01-04T21:33:42","date_gmt":"2023-01-05T00:33:42","guid":{"rendered":"https:\/\/www.suno.com.br\/noticias\/?p=340909"},"modified":"2023-01-04T21:33:44","modified_gmt":"2023-01-05T00:33:44","slug":"radar-banco-do-brasil-bbas3-petrobras-petr4-cogna-cogn3","status":"publish","type":"post","link":"https:\/\/www.suno.com.br\/noticias\/radar-banco-do-brasil-bbas3-petrobras-petr4-cogna-cogn3\/","title":{"rendered":"Radar: dividendos do Banco do Brasil (BBAS3), indica\u00e7\u00e3o de CEO da Petrobras (PETR4) \u00e9 questionada na Justi\u00e7a e a\u00e7\u00f5es da Cogna (COGN3) sobem"},"content":{"rendered":"<p>O&nbsp;<strong>Banco do Brasil<\/strong>&nbsp;(<a href=\"https:\/\/www.suno.com.br\/acoes\/bbas3\" target=\"_blank\" rel=\"noreferrer noopener\">BBAS3<\/a>) pagar\u00e1 proporcionalmente o maior volume de dividendos (<a href=\"https:\/\/www.suno.com.br\/artigos\/dividend-yield\" target=\"_blank\" rel=\"noreferrer noopener\">dividend yield, ou DY<\/a>) entre os bancos em 2023 e em 2024, segundo proje\u00e7\u00f5es dos analistas da XP Investimentos.<\/p>\t<div class=\"wrapper-featured-image\">\n\t\t<figure class=\"spotlightImg\">\n\n\t\t\t<picture>\n\t\t\t\t<source media=\"(max-width: 768px)\" srcset=\"https:\/\/files.sunoresearch.com.br\/n\/uploads\/2022\/07\/Banco-do-Brasil-400x200.jpg\">\n\t\t\t\t<img loading=\"lazy\" decoding=\"async\" class=\"newsContent__article__imgCapa lazyloadDisabled \" src=\"https:\/\/files.sunoresearch.com.br\/n\/uploads\/2022\/07\/Banco-do-Brasil-800x450.jpg\" width=\"800\" height=\"450\" alt=\"Radar: dividendos do Banco do Brasil (BBAS3), indica\u00e7\u00e3o de CEO da Petrobras (PETR4) \u00e9 questionada na Justi\u00e7a e a\u00e7\u00f5es da Cogna (COGN3) sobem\" fetchpriority=high \/>\n\t\t\t<\/picture>\n\n\t\t\t<figcaption class=\"wp-caption-text wp-caption-text--show\">Banco do Brasil. Foto: Banco do Brasil\/Divulga\u00e7\u00e3o<\/figcaption>\n\t\t<\/figure>\n\t<\/div>\n\n\n\n\n\n\t<p>\n\t\t<a href=\"\" target=\"_blank\" data-element=\"shortcode-suno-banner\" title=\"Banner SUNO, clique e saiba mais\">\n\t\t\t<picture>\n\t\t\t\t<source media=\"(max-width: 500px)\" srcset=\"\">\n\t\t\t\t<img class=\"newsContent__article__imgCapa newsContent__article__imgCapa--banner\"\n\t\t\t\t\tsrc=\"\"\n\t\t\t\t\tdata-promo-id=\"240038\"\t\t\t\t\t\t\t\t\t\t\t\t\t\t\talt=\"\"\n\t\t\t\t>\n\t\t\t<\/picture>\n\t\t<\/a>\n\t<\/p>\n\n\n\n\n\n<p>A expectativa \u00e9 de que o os&nbsp;<strong><a href=\"https:\/\/www.suno.com.br\/noticias\/web-stories\/acoes-mais-pagaram-dividendos-2022\/\" target=\"_blank\" rel=\"noreferrer noopener\">dividendos do Banco do Brasil<\/a><\/strong>&nbsp;fechem este ano em 13,7% e o ano que vem em 14,4%.<\/p>\n\n\n\n<p><a href=\"https:\/\/statusinvest.com.br\/acoes\/bbas3?__hstc=189907700.a6a3c0f889dbabbf12a3704bf30b0bd8.1669153633978.1672872200122.1672875174143.188&amp;__hssc=189907700.7.1672875174143&amp;__hsfp=1123496843\" target=\"_blank\" rel=\"noreferrer noopener\">Segundo o Status Invest, o yield de&nbsp;<strong>BBAS3<\/strong><\/a>&nbsp;\u00e9 de 12,7% atualmente, considerando a cota\u00e7\u00e3o das a\u00e7\u00f5es na casa dos R$ 32 e os R$ 4,17 pagos em dividendos por a\u00e7\u00e3o ordin\u00e1ria nos \u00faltimos 12 meses.<\/p>\n\n\n\n<figure class=\"wp-block-image size-full\"><img loading=\"lazy\" decoding=\"async\" width=\"974\" height=\"615\" src=\"https:\/\/files.sunoresearch.com.br\/n\/uploads\/2023\/01\/DY-PROJETADO-BANCO-DO-BRASIL-BBAS3.jpg\" alt=\"Proje\u00e7\u00f5es da XP Investimentos para indicadores financeiros dos bancos - Foto: Reprodu\u00e7\u00e3o\/XP Investimentos\" class=\"wp-image-340584\" srcset=\"https:\/\/files.sunoresearch.com.br\/n\/uploads\/2023\/01\/DY-PROJETADO-BANCO-DO-BRASIL-BBAS3.jpg 974w, https:\/\/files.sunoresearch.com.br\/n\/uploads\/2023\/01\/DY-PROJETADO-BANCO-DO-BRASIL-BBAS3-300x189.jpg 300w, https:\/\/files.sunoresearch.com.br\/n\/uploads\/2023\/01\/DY-PROJETADO-BANCO-DO-BRASIL-BBAS3-768x485.jpg 768w, https:\/\/files.sunoresearch.com.br\/n\/uploads\/2023\/01\/DY-PROJETADO-BANCO-DO-BRASIL-BBAS3-150x95.jpg 150w\" sizes=\"(max-width: 974px) 100vw, 974px\" \/><figcaption class=\"wp-element-caption\">Proje\u00e7\u00f5es da XP Investimentos para indicadores financeiros dos bancos &#8211; Foto: Reprodu\u00e7\u00e3o\/XP Investimentos<\/figcaption><\/figure>\n\n\n\n<p>Atualmente a recomenda\u00e7\u00e3o dos analistas da XP \u00e9 de compra para as&nbsp;<strong><a href=\"https:\/\/www.suno.com.br\/noticias\/petrobras-petr4-banco-do-brasil-bbas3-lei-das-estatais\/\" target=\"_blank\" rel=\"noreferrer noopener\">a\u00e7\u00f5es do Banco do Brasil<\/a><\/strong>, com pre\u00e7o-alvo de R$ 61 para o fim deste ano.<\/p>\n\n\n\n<p>O \u00faltimo parecer dos especialistas foi no dia 30 de dezembro,<a href=\"https:\/\/www.suno.com.br\/noticias\/haddad-presidentes-banco-brasil-caixa\/\" target=\"_blank\" rel=\"noreferrer noopener\">&nbsp;ap\u00f3s a indica\u00e7\u00e3o de Tarciana Medeiros para presidir a companhia<\/a>.<\/p>\n\n\n\n<p>A indica\u00e7\u00e3o que fora anunciada pelo Ministro da Fazenda,<a href=\"https:\/\/www.suno.com.br\/noticias\/banco-do-brasil-bbas3-xp\/\" target=\"_blank\" rel=\"noreferrer noopener\">&nbsp;Fernando Haddad foi \u201cvista como positiva\u201d pelos especialistas<\/a>.<\/p>\n\n\n\n<p>\u201cA longa e renomada experi\u00eancia da Sra. Medeiros no banco (incluindo diversas \u00e1reas do segmento de banco de varejo e seguros) combinada com suas qualifica\u00e7\u00f5es em tecnologia e an\u00e1lise de dados devem levar o banco a manter seus investimentos em inova\u00e7\u00e3o e tecnologia, bem como sustentar sua <a class=\"suno-keyword\" target=\"_blank\" data-force=\"no\" data-priority=\"1\" href=\"https:\/\/www.suno.com.br\/artigos\/eficiencia-operacional\/\" rel=\"noopener\">efici\u00eancia operacional<\/a>\u201d, dizem os analistas da XP.<\/p>\n\n\n\n<p>\u201cEmbora ainda estejam pendentes novos an\u00fancios relacionados \u00e0s opera\u00e7\u00f5es do banco, o que pode continuar pressionando a a\u00e7\u00e3o no <a class=\"suno-keyword\" target=\"_blank\" data-force=\"no\" data-priority=\"1\" href=\"https:\/\/www.suno.com.br\/artigos\/curto-prazo\/\" rel=\"noopener\">curto prazo<\/a>, acreditamos que seus resultados devem continuar fortes no pr\u00f3ximo ano e vemos seu valuation como atraente\u201d, seguem.<\/p>\n\n\n\n<p>Al\u00e9m do <strong>Banco do Brasil<\/strong>, confira outros destaques desta quinta-feira:<\/p>\n\n\n\t<p>\n\t\t<a href=\"https:\/\/lp.suno.com.br\/planilha-controle-gastos\/\" target=\"_blank\" data-element=\"shortcode-suno-banner\" title=\"Banner SUNO, clique e saiba mais\">\n\t\t\t<picture>\n\t\t\t\t<source media=\"(max-width: 500px)\" srcset=\"https:\/\/files.sunoresearch.com.br\/n\/uploads\/2023\/03\/400x300-Planilha-controle-de-gastos.png\">\n\t\t\t\t<img class=\"newsContent__article__imgCapa newsContent__article__imgCapa--banner\"\n\t\t\t\t\tsrc=\"https:\/\/files.sunoresearch.com.br\/n\/uploads\/2023\/03\/1420x240-Planilha-controle-de-gastos.png\"\n\t\t\t\t\tdata-promo-id=\"101751\"\t\t\t\t\t\t\t\t\t\twidth='1420' height='240'\t\t\t\t\talt=\"https:\/\/files.sunoresearch.com.br\/n\/uploads\/2023\/03\/1420x240-Planilha-controle-de-gastos.png\"\n\t\t\t\t>\n\t\t\t<\/picture>\n\t\t<\/a>\n\t<\/p>\n\n\n\n\n\n<h2 class=\"wp-block-heading\" id=\"h-petrobras-petr4-indicacao-de-jean-paul-prates-a-presidencia-e-questionada-e-vai-parar-na-justica\">Petrobras (PETR4): indica\u00e7\u00e3o de Jean Paul Prates \u00e0 presid\u00eancia \u00e9 questionada e vai parar na Justi\u00e7a<\/h2>\n\n\n\n<p>A indica\u00e7\u00e3o do senador Jean Paul Prates (PT) para a presid\u00eancia da&nbsp;<strong>Petrobras<\/strong>&nbsp;(<a href=\"https:\/\/www.suno.com.br\/acoes\/petr4\/\" target=\"_blank\" rel=\"noreferrer noopener\">PETR4<\/a>) virou caso de Justi\u00e7a. Nesta quarta (4), o vereador de S\u00e3o Paulo Rubinho Nunes, do Uni\u00e3o Brasil, decidiu entrar com uma a\u00e7\u00e3o popular em regime de urg\u00eancia, na Justi\u00e7a do Distrito Federal, contra a nomea\u00e7\u00e3o do petista. Para o pol\u00edtico paulista, essa decis\u00e3o do governo Lula fere o que est\u00e1 determinado na Lei das Estatais.<\/p>\n\n\n\n<p>\u201cPrates disputou as elei\u00e7\u00f5es em 2020, ent\u00e3o n\u00e3o cumpre o per\u00edodo de quarentena de 36 meses que deveria cumprir. Por esse motivo, a gente pede liminarmente que seja afastada a nomea\u00e7\u00e3o dele\u201d, explica Nunes ao Suno Not\u00edcias.<\/p>\n\n\n\n<p>Nunes \u00e9 advogado. Um dos cofundadores do Movimento Brasil Livre (MBL), ele deixou o MBL em outubro. A&nbsp;<strong>a\u00e7\u00e3o do vereador na Justi\u00e7a<\/strong>&nbsp;do DF tamb\u00e9m cita o&nbsp;<strong>ministro de Minas e Energia<\/strong>&nbsp;Alexandre Silveira, senador pelo PSD-MG, que indicou Prates \u00e0 Petrobras.<\/p>\n\n\n\n<p><strong>Jean Paul Prates<\/strong>&nbsp;se candidatou \u00e0 prefeitura de Natal (RN) em 2020. Pela regra em vigor, pessoas que ocuparam estrutura decis\u00f3ria de partido ou estiveram presentes em campanhas eleitorais s\u00f3 podem ocupar cargos de presid\u00eancia ou dire\u00e7\u00e3o de empresas p\u00fablicas ap\u00f3s uma quarentena de 36 meses.<\/p>\n\n\n\n<p>Em dezembro de 2022, a C\u00e2mara dos Deputados&nbsp;<a href=\"https:\/\/www.suno.com.br\/noticias\/camara-lei-das-estatais-quarentena\/\" target=\"_blank\" rel=\"noreferrer noopener\">aprovou uma mudan\u00e7a&nbsp;<\/a>na&nbsp;<strong>Lei das Estatais<\/strong>, que diminui esse per\u00edodo para 30 dias. Contudo, esse ajuste s\u00f3 entra em vigor ap\u00f3s a aprova\u00e7\u00e3o no Senado e a san\u00e7\u00e3o presidencial.<\/p>\n\n\n\n<p>Al\u00e9m de beneficiar Prates, a altera\u00e7\u00e3o possibilita que Aloizio Mercadante (PT) assuma o comando do Banco Nacional de&nbsp;<a href=\"https:\/\/www.suno.com.br\/artigos\/desenvolvimento-economico\/\" target=\"_blank\" rel=\"noreferrer noopener\">Desenvolvimento Econ\u00f4mico<\/a>&nbsp;e Social (BNDES), outra indica\u00e7\u00e3o presidencial.<\/p>\n\n\n\n<p>Em dezembro, Nunes tamb\u00e9m havia entrado com uma a\u00e7\u00e3o na 5\u00aa Vara Federal do Distrito Federal contra a&nbsp;<a href=\"https:\/\/www.suno.com.br\/noticias\/mercadante-indicar-barbosa-campello-bndes\/\">indica\u00e7\u00e3o de Mercadante<\/a>, por tamb\u00e9m estar, segundo ele, em desacordo com a Lei das Estatais.<\/p>\n\n\n\n<p>Na peti\u00e7\u00e3o sobre Prates, Nunes pede que o poder judici\u00e1rio suspenda a nomea\u00e7\u00e3o do senador e que o Minist\u00e9rio P\u00fablico Federal seja intimado a tomar as medidas cab\u00edveis perante o caso.<a href=\"https:\/\/lp.suno.com.br\/pv\/sr-transforme-seus-sonhos-em-acoes\/\" target=\"_blank\" rel=\"noreferrer noopener\"><\/a><\/p>\n\n\n\n<h2 class=\"wp-block-heading\" id=\"h-prates-na-petrobras\">Prates na Petrobras<\/h2>\n\n\n\n<p>Na ter\u00e7a (3), o Minist\u00e9rio de Minas e Energia (MME)&nbsp;<a href=\"https:\/\/www.suno.com.br\/noticias\/petrobras-petr4-indicacao-prates-presidencia\/\" target=\"_blank\" rel=\"noreferrer noopener\">encaminhou a indica\u00e7\u00e3o de Prates<\/a>&nbsp;para a estatal.<\/p>\n\n\n\n<p>\u201cDe acordo com o of\u00edcio, o nome do senhor Jean Paul Terra Prates foi encaminhado \u00e0 Casa Civil da Presid\u00eancia da Rep\u00fablica, conforme disp\u00f5e o Decreto 8.945, de 27 de dezembro de 2016, e t\u00e3o logo a documenta\u00e7\u00e3o seja analisada e retorne ao Minist\u00e9rio das Minas e Energia, ser\u00e1 encaminhada \u00e0 Petrobras\u201d, comentou a Petrobras em nota.<\/p>\n\n\n\n<p>Al\u00e9m do imbr\u00f3glio jur\u00eddico sobre a Lei das Estatais, a indica\u00e7\u00e3o de Prates precisa passar pelo processo de governan\u00e7a interna da petroleira.<\/p>\n\n\n\n<h2 class=\"wp-block-heading\" id=\"h-cogna-cogn3-acoes-sobem-mais-de-4-hoje-entenda-por-que\">Cogna (COGN3): a\u00e7\u00f5es sobem mais de 4% hoje; entenda por qu\u00ea<\/h2>\n\n\n\n<p>As a\u00e7\u00f5es da&nbsp;<a href=\"https:\/\/www.suno.com.br\/acoes\/COGN3\/\" target=\"_blank\" rel=\"noreferrer noopener\"><strong>Cogna<\/strong>&nbsp;(COGN3)<\/a>&nbsp;subiram acima de 4% no preg\u00e3o na Bolsa de Valores Brasileira, nesta quarta-feira (4), cotadas a R$ 2.<\/p>\n\n\n\n<p>Em semana vol\u00e1til, as&nbsp;<strong>a\u00e7\u00f5es da Cogna<\/strong>&nbsp;ca\u00edram 4,8% na ter\u00e7a-feira (3), cotadas a R$ 1,95. Segundo Rafael Barros, analista da XP Investimentos, o sobe e desce do papel e do mercado financeiro \u00e9 resultado dos discursos do novo governo, liderado por Luiz In\u00e1cio&nbsp;<strong>Lula<\/strong>&nbsp;da Silva (PT).<\/p>\n\n\n\n<p>Na segunda-feira (2), o novo ministro da Educa\u00e7\u00e3o,&nbsp;<strong>Camilo Santana<\/strong>, assumiu o cargo e afirmou que pretende reverter os danos educacionais provocados pela pandemia no Brasil. Disse ainda que a&nbsp;<strong>alfabetiza\u00e7\u00e3o<\/strong>&nbsp;na idade adequada \u00e9 a prioridade.<\/p>\n\n\n\n<p>Al\u00e9m disso, o pol\u00edtico trouxe alerta para a \u00faltima avalia\u00e7\u00e3o, feita pelo Saeb (Sistema Nacional de Avalia\u00e7\u00e3o da Educa\u00e7\u00e3o B\u00e1sica). O estudo detalhou que uma em cada tr\u00eas crian\u00e7as \u00e9 alfabetizada na idade certa no Brasil.<\/p>\n\n\n\n<p>A \u201cidade certa\u201d para a alfabetiza\u00e7\u00e3o ocorre por volta dos seis anos, de acordo com a Base Nacional Comum Curricular (BNCC).<\/p>\n\n\n\n<p>Na ter\u00e7a-feira (3), o Santander divulgou um relat\u00f3rio analisando as companhias do setor de educa\u00e7\u00e3o, incluindo a Cogna. Na vis\u00e3o dos analistas do banco, 2023 ser\u00e1 mais um ano de desafios para essas companhias, com os ventos macroecon\u00f4micos \u2013 infla\u00e7\u00e3o alta, juros elevados -, soprando contra.<\/p>\n\n\n\n<p>O potencial catalisador que pode levar a uma reclassifica\u00e7\u00e3o do setor s\u00e3o as poss\u00edveis mudan\u00e7as no programa de financiamento do governo (<strong>FIES<\/strong>), que o expandiria e tornaria menos restritivo.<\/p>\n\n\n\n<p>\u201cAcreditamos que o ensino a dist\u00e2ncia (EAD) e premium (incluindo Medicina) continuam sendo os melhores da categoria\u201d, destacam os analistas. A top pick do setor para o banco de investimentos \u00e9 a&nbsp;<a href=\"https:\/\/www.suno.com.br\/acoes\/yduq3\/\" target=\"_blank\" rel=\"noreferrer noopener\">Yduqs (YDUQ3)<\/a>, com o pre\u00e7o-alvo de R$ 25.<\/p>\n\n\n\n<p>Depois disso, h\u00e1 prefer\u00eancia, respectivamente, por Cruzeiro do Sul (CSED3), \u00c2nima (ANIM3) e <a class=\"suno-keyword\" target=\"_blank\" data-force=\"yes\" data-priority=\"2\" href=\"https:\/\/www.suno.com.br\/acoes\/SEER3\/\" rel=\"noopener\">Ser Educacional (SEER3)<\/a>, todos com recomenda\u00e7\u00e3o de \u201coutperform\u201d, equivalente a \u201ccompra\u201d.<\/p>\n\n\n\n<p>Para Cogna, a recomenda\u00e7\u00e3o \u00e9 \u201cneutra\u201d, com o pre\u00e7o-alvo de R$ 2,50. Os analistas acreditam que a companhia chegou \u201catrasada para a festa\u201d e a \u00fanica maneira crescer significativamente \u00e9 por meio de M&amp;A (<a href=\"https:\/\/www.suno.com.br\/artigos\/fusoes-aquisicoes\/\" target=\"_blank\" rel=\"noreferrer noopener\">fus\u00f5es e aquisi\u00e7\u00f5es<\/a>).<\/p>\n\n\n\n<p>Embora a alavancagem da&nbsp;<strong>Cogna&nbsp;<\/strong>esteja \u201csob controle\u201d, os analistas preveem que a empresa provavelmente continuar\u00e1 focando na&nbsp;<a href=\"https:\/\/www.suno.com.br\/artigos\/gestao-de-caixa\/\" target=\"_blank\" rel=\"noreferrer noopener\">gest\u00e3o de caixa<\/a>&nbsp;e evitar\u00e1 <a class=\"suno-keyword\" target=\"_blank\" data-force=\"no\" data-priority=\"1\" href=\"https:\/\/www.suno.com.br\/artigos\/fusoes-aquisicoes\/\" rel=\"noopener\">fus\u00f5es e aquisi\u00e7\u00f5es<\/a> no&nbsp;<a href=\"https:\/\/www.suno.com.br\/artigos\/curto-prazo\/\" target=\"_blank\" rel=\"noreferrer noopener\">curto prazo<\/a>.<a href=\"https:\/\/lp.blue3investimentos.com.br\/fale-com-um-especialista-blue3?utm_source=parceria&amp;utm_medium=banner&amp;utm_campaign=parceria_suno&amp;utm_content=suno_noticias_banner\" target=\"_blank\" rel=\"noreferrer noopener\"><\/a><\/p>\n\n\n\n<h2 class=\"wp-block-heading\" id=\"h-gol-goll4-estima-queda-de-r-2-30-por-acao-no-4t22-projecoes-dividem-analistas\">Gol (GOLL4) estima queda de R$ 2,30 por a\u00e7\u00e3o no 4T22; proje\u00e7\u00f5es dividem analistas<\/h2>\n\n\n\n<p>A&nbsp;<strong><a href=\"https:\/\/www.suno.com.br\/acoes\/goll4\/\" target=\"_blank\" rel=\"noreferrer noopener\">Gol (GOLL4)<\/a><\/strong>&nbsp;anunciou ontem (3) as proje\u00e7\u00f5es sobre seu desempenho operacional no quarto trimestre de 2022. Entre os destaques, est\u00e1 a estimativa de preju\u00edzo por a\u00e7\u00e3o de R$ 2,30. Diante desse cen\u00e1rio, analistas do mercado se dividiram: o Ita\u00fa BBA recomenda cautela, enquanto o Goldman Sachs (<a href=\"https:\/\/www.suno.com.br\/bdrs\/gsgi34\/\" target=\"_blank\" rel=\"noreferrer noopener\">GSGI34<\/a>) reiterou a compra de pap\u00e9is da Gol.<\/p>\n\n\n\n<p>De acordo com as&nbsp;<strong>proje\u00e7\u00f5es da Gol<\/strong>&nbsp;enviadas ao mercado, a a\u00e9rea estima que, entre outubro e dezembro, tenha obtido um Ebitda (lucros antes de juros, impostos,&nbsp;<a href=\"https:\/\/www.suno.com.br\/artigos\/depreciacao-amortizacao\/\" target=\"_blank\" rel=\"noreferrer noopener\">deprecia\u00e7\u00e3o e amortiza\u00e7\u00e3o<\/a>) de aproximadamente R$ 3,6 bilh\u00f5es, alta anual de 20%.<\/p>\n\n\n\n<p>J\u00e1 a&nbsp;<strong>receita unit\u00e1ria de passageiros da Gol (PRASK)<\/strong>&nbsp;tamb\u00e9m pode ter crescido 20% em rela\u00e7\u00e3o ao mesmo per\u00edodo do ano anterior. Al\u00e9m disso, a companhia destaca que a demanda (RPK) deve subir 27% e capacidade (ASK), 31% no 4T22 em rela\u00e7\u00e3o ao mesmo per\u00edodo de 2021.<\/p>\n\n\n\n<p>\u201c[A alta foi] impulsionada pela recupera\u00e7\u00e3o cont\u00ednua na demanda de viagens de lazer combinada com um aumento em viagens internacionais\u201d, explica a Gol.<\/p>\n\n\n\n<h2 class=\"wp-block-heading\" id=\"h-itau-bba-continua-cauteloso-com-as-acoes-da-gol\">Ita\u00fa BBA continua cauteloso com as a\u00e7\u00f5es da Gol<\/h2>\n\n\n\n<p>Diante dos n\u00fameros apresentados, o Ita\u00fa BBA manteve recomenda\u00e7\u00e3o neutra de compra de&nbsp;<strong>a\u00e7\u00f5es da Gol<\/strong>&nbsp;com pre\u00e7o-alvo de R$ 22. Segundo os analistas Daniel Gasparete, Gabriel Rezende e Luiz Capistrano, o Ebitda apresentado ficou abaixo do esperado, assim como a deteriora\u00e7\u00e3o na alavancagem da empresa.<\/p>\n\n\n\n<p>Apesar disso, o banco apontou que alguns dados positivos tamb\u00e9m foram apresentados \u2014 como a alta de 6% nas passagens em rela\u00e7\u00e3o ao terceiro trimestre.<\/p>\n\n\n\n<p>\u201cO rendimento impl\u00edcito sugere que os pre\u00e7os das passagens a\u00e9reas subiram 6% na compara\u00e7\u00e3o com o trimestre imediatamente anterior e 24% em rela\u00e7\u00e3o ao mesmo per\u00edodo do ano passado, refor\u00e7ando nossa vis\u00e3o de que o setor est\u00e1 conseguindo ser racional na precifica\u00e7\u00e3o.\u201d<\/p>\n\n\n\n<h2 class=\"wp-block-heading\" id=\"h-goldman-sachs-recomenda-compra\">Goldman Sachs recomenda compra<\/h2>\n\n\n\n<p>J\u00e1 o <\/p>\n\n\n\n<p>Goldman Sachs manteve a recomenda\u00e7\u00e3o de compra das a\u00e7\u00f5es da Gol, com um pre\u00e7o-alvo de R$ 14,90. Segundo o banco, \u201cas proje\u00e7\u00f5es da a\u00e9rea indicam que ela tem conseguido repassar seus custos e elevar gradualmente sua lucratividade\u201d.<\/p>\n\n\n\n<p>Bruno Amorim, Jo\u00e3o Frizo e Guilherme Costa Martins, analistas que assinam o relat\u00f3rio, tamb\u00e9m destacam que a expans\u00e3o das receitas unit\u00e1rias, no comparativo anual, refor\u00e7a a habilidade da Gol em transferir o impacto do aumento do combust\u00edvel de avia\u00e7\u00e3o nas despesas aos pre\u00e7os das passagens.<\/p>\n\n\n\n<h2 class=\"wp-block-heading\">Otimismo para 2023<\/h2>\n\n\n\n<p>A Gol disse estar otimista com este ano. Divulgadas hoje, as&nbsp;<strong>proje\u00e7\u00f5es da Gol para 2023<\/strong>&nbsp;estimam uma&nbsp;<a href=\"https:\/\/www.suno.com.br\/artigos\/o-que-receita-liquida\/\" target=\"_blank\" rel=\"noreferrer noopener\">receita l\u00edquida<\/a>&nbsp;de R$ 20 bilh\u00f5es neste ano. O valor apontado representa um crescimento de 31,5% sobre a proje\u00e7\u00e3o de faturamento de R$ 15,2 bilh\u00f5es em 2022.<\/p>\n\n\n\n<p>Al\u00e9m disso, a companhia a\u00e9rea espera gerar um&nbsp;<a href=\"https:\/\/www.suno.com.br\/artigos\/lpa-lucro-por-acao\/\" target=\"_blank\" rel=\"noreferrer noopener\">lucro por a\u00e7\u00e3o<\/a>&nbsp;dilu\u00eddo estimado em R$ 0,30 (ou US$ 0,20), representando aproximadamente R$ 130 milh\u00f5es. Os n\u00fameros v\u00e3o contra o preju\u00edzo por a\u00e7\u00e3o de R$ 4,60 projetado em 2022 (ou US$ 2,30), em cerca de R$ 2 bilh\u00f5es.<\/p>\n\n\n\n<p>Ainda para 2023, a companhia projeta que seus resultados ter\u00e3o inclu\u00eddos tamb\u00e9m R$ 450 milh\u00f5es da reincorpora\u00e7\u00e3o da Smiles e R$ 400 milh\u00f5es das aeronaves Max adicionais na frota. Ao todo, a Gol espera operar entre 118 e 122 aeronaves neste ano.<\/p>\n\n\n\n<h2 class=\"wp-block-heading\" id=\"h-sabesp-sbsp3-chance-de-privatizacao-diminui-apos-mudancas-nos-ministerios-diz-genial\">Sabesp (SBSP3): chance de privatiza\u00e7\u00e3o diminui ap\u00f3s mudan\u00e7as nos minist\u00e9rios, diz Genial<\/h2>\n\n\n\n<p>As chances de privatiza\u00e7\u00e3o da&nbsp;<strong>Sabesp&nbsp;<\/strong>(<a href=\"https:\/\/www.suno.com.br\/acoes\/sbsp3\" target=\"_blank\" rel=\"noreferrer noopener\">SBSP3<\/a>) \u2013 assim como as da&nbsp;<a href=\"https:\/\/www.suno.com.br\/acoes\/sapr11\" target=\"_blank\" rel=\"noreferrer noopener\">Sanepar (SAPR11)<\/a>&nbsp;e da&nbsp;<a href=\"https:\/\/www.suno.com.br\/acoes\/csmg3\" target=\"_blank\" rel=\"noreferrer noopener\">Copasa (CSMG3)<\/a>&nbsp;\u2013 diminu\u00edram, segundo analistas, com&nbsp;<a href=\"https:\/\/www.suno.com.br\/noticias\/setor-saneamento-mudancas-regulatorias\/\" target=\"_blank\" rel=\"noreferrer noopener\">as recentes mudan\u00e7as regulat\u00f3rias no segmento de saneamento<\/a>. Houve altera\u00e7\u00f5es nas atribui\u00e7\u00f5es da Ag\u00eancia Nacional de \u00c1guas (ANA), que agora ficar\u00e1 sob o guarda-chuva do Minist\u00e9rio do Meio Ambiente.<\/p>\n\n\n\n<p>Com isso a tese de investimento para Sabesp, Sanepar e Copasa \u2018sai enfraquecida\u2019.<\/p>\n\n\n\n<p>Entre as tr\u00eas, a Genial tem recomenda\u00e7\u00e3o de compra somente para as&nbsp;<strong>a\u00e7\u00f5es da Copasa<\/strong>, cujo pre\u00e7o-alvo \u00e9 de R$ 20.<\/p>\n\n\n\n<p>A recomenda\u00e7\u00e3o da Genial \u00e9 neutra para a&nbsp;<strong><a href=\"https:\/\/statusinvest.com.br\/acoes\/sbsp3?__hstc=189907700.a6a3c0f889dbabbf12a3704bf30b0bd8.1669153633978.1672872200122.1672875174143.188&amp;__hssc=189907700.5.1672875174143&amp;__hsfp=1123496843\" target=\"_blank\" rel=\"noreferrer noopener\">SBSP3&nbsp;<\/a><\/strong>e&nbsp;<strong><a href=\"https:\/\/statusinvest.com.br\/acoes\/sapr1?__hstc=189907700.a6a3c0f889dbabbf12a3704bf30b0bd8.1669153633978.1672872200122.1672875174143.188&amp;__hssc=189907700.5.1672875174143&amp;__hsfp=1123496843\" target=\"_blank\" rel=\"noreferrer noopener\">SAPR11<\/a><\/strong>, com pre\u00e7o-alvo de R$ 58 para a empresa paulista e R$ 24 para a companhia paranaense.<\/p>\n\n\n\n<p>\u201cVemos as teses de privatiza\u00e7\u00e3o das empresas de&nbsp;<strong>saneamento&nbsp;<\/strong>sob nossa cobertura (Sabesp, Copasa e Sanepar) enfraquecidas. Essa leitura \u00e9 preliminar e a pr\u00f3pria altera\u00e7\u00e3o via medida provis\u00f3ria faz com que o Congresso tenha que ainda chancelar eventuais atribui\u00e7\u00f5es da ag\u00eancia\u201d, analisa Vitor Sousa.<\/p>\n\n\n\n<p>Segundo a Genial, caso a&nbsp;<strong>ANA&nbsp;<\/strong>mude de fato suas atribui\u00e7\u00f5es, haver\u00e1 um desgaste do&nbsp;<strong>marco regulat\u00f3rio do saneamento b\u00e1sico<\/strong>. Com isso, ocorrer\u00e1 uma diminui\u00e7\u00e3o do apetite do capital privado por novas oportunidades no segmento.<\/p>\n\n\n\n<p>O impacto pr\u00e1tico seria uma menor atratividade para os governos estaduais em realizar a privatiza\u00e7\u00e3o de empresas como&nbsp;<strong>Sanepar&nbsp;<\/strong>e Sabesp.<\/p>\n\n\n\n<p>\u201cEm nossa leitura, os governadores podem optar por n\u00e3o privatizar as empresas estaduais por julgar que o pre\u00e7o a ser pago por esses ativos em um poss\u00edvel leil\u00e3o v\u00e1 ser pouco atrativo tendo em vista as altera\u00e7\u00f5es do Marco do Saneamento e o desinteresse que isso poderia ocasionar. Ou seja: pode ter a redu\u00e7\u00e3o pelo interesse em privatizar a Sabesp, Sanepar e Copasa\u201d, diz a Genial.<\/p>\n\n\n\n<p>\u201cMencionamos inclusive o leil\u00e3o da Corsan, que se materializou com apenas um cons\u00f3rcio interessado e praticamente sem pr\u00eamio em rela\u00e7\u00e3o ao valor m\u00ednimo estabelecido tendo em vista o fluxo de not\u00edcias negativo referente ao governo de transi\u00e7\u00e3o e suas ideias relacionadas ao marco do saneamento\u201d, segue.<\/p>\n\n\n\n<h2 class=\"wp-block-heading\" id=\"h-apple-aapl34-derrete-us-1-trilhao-em-valor-de-mercado-em-um-ano-saiba-os-motivos\">Apple (<a class=\"suno-keyword\" target=\"_blank\" data-force=\"yes\" data-priority=\"2\" href=\"https:\/\/www.suno.com.br\/bdrs\/aapl34\/\" rel=\"noopener\">AAPL34<\/a>) derrete US$ 1 trilh\u00e3o em <a class=\"suno-keyword\" target=\"_blank\" data-force=\"no\" data-priority=\"1\" href=\"https:\/\/www.suno.com.br\/artigos\/valor-de-mercado\/\" rel=\"noopener\">valor de mercado<\/a> em um ano; saiba os motivos<\/h2>\n\n\n\n<p>As a\u00e7\u00f5es da&nbsp;<strong>Apple<\/strong>&nbsp;(<a href=\"https:\/\/www.suno.com.br\/bdrs\/aapl34\/\" target=\"_blank\" rel=\"noreferrer noopener\">AAPL34<\/a>) derreteram US$ 1 trilh\u00e3o na Nasdaq nos \u00faltimos doze meses. Os investidores temem novas interrup\u00e7\u00f5es nas f\u00e1bricas da companhia na China, o que prejudica a produ\u00e7\u00e3o dos aparelhos eletr\u00f4nicos. O cen\u00e1rio macroecon\u00f4mico tamb\u00e9m \u00e9 apontado como um dos motivos desta queda.<\/p>\n\n\n\n<p>De acordo com um levantamento feito pelo Financial Times, as&nbsp;<strong>a\u00e7\u00f5es da Apple<\/strong>&nbsp;recuaram 27% nos \u00faltimos doze meses. Em janeiro de 2022, a empresa havia se tornado a \u00fanica empresa a alcan\u00e7ar o&nbsp;<a href=\"https:\/\/www.suno.com.br\/artigos\/valor-de-mercado\/\" target=\"_blank\" rel=\"noreferrer noopener\">valor de mercado<\/a>&nbsp;de US$ 3 trilh\u00f5es.<\/p>\n\n\n\n<p>J\u00e1 na \u00faltima ter\u00e7a (3), os pap\u00e9is foram cotados a US$ 1,9 trilh\u00e3o na Nasdaq, ponto mais baixo desde junho de 2021.<\/p>\n\n\n\n<p>Mesmo com os n\u00fameros negativos, o resultado n\u00e3o foi t\u00e3o ruim quando comparado com as demais empresas de tecnologia: o \u00edndice&nbsp;<strong>Nasdaq<\/strong>&nbsp;Composite, composto por a\u00e7\u00f5es deste setor, recuou 33% no mesmo per\u00edodo.<\/p>\n\n\n\n<p>Segundo o Status Invest, as<strong>&nbsp;BDRs da Apple<\/strong>&nbsp;tamb\u00e9m derreteram. Nos \u00faltimos doze meses, os pap\u00e9is operados com o ticker AAPL34 na B3 ca\u00edram 31,29%.<\/p>\n\n\n\n<p>Ao longo da pandemia da Covid-19, o neg\u00f3cio co-fundado por Steve Jobs (1955-2011) teve um forte desempenho, com 14 trimestres consecutivos de crescimento. At\u00e9 setembro do ano passado, a empresa tinha atingido um&nbsp;<a target=\"_blank\" href=\"https:\/\/www.suno.com.br\/artigos\/lucro-liquido\/\" rel=\"noreferrer noopener\">lucro l\u00edquido<\/a>&nbsp;de quase US$ 100 bilh\u00f5es e uma receita recorde de US$ 394 bilh\u00f5es.<\/p>\n\n\n\n<h2 class=\"wp-block-heading\" id=\"h-apple-o-que-explica-a-queda\">Apple: O que explica a queda?<\/h2>\n\n\n\n<p>Contudo, mesmo com os n\u00fameros recordes, essa&nbsp;<strong>queda da Apple<\/strong>&nbsp;\u00e9 reflexo de uma cautela do mercado, tendo em vista que os investidores lidam com uma infla\u00e7\u00e3o alta, uma recess\u00e3o iminente e uma mudan\u00e7a s\u00fabita na&nbsp;<a href=\"https:\/\/www.suno.com.br\/artigos\/politica-monetaria\/\" target=\"_blank\" rel=\"noreferrer noopener\">pol\u00edtica monet\u00e1ria<\/a>&nbsp;global, que vinha nos \u00faltimos anos com taxas de juros em patamares muito baixos.<\/p>\n\n\n\n<p>Somado a esse cen\u00e1rio macroecon\u00f4mico, a Apple viveu um caos nos \u00faltimos meses com<a href=\"https:\/\/www.suno.com.br\/noticias\/iphone-protestos-fabrica-china\/\" target=\"_blank\" rel=\"noreferrer noopener\">&nbsp;interrup\u00e7\u00f5es significativas na montagem dos<strong>&nbsp;iPhones<\/strong><\/a>&nbsp;na f\u00e1brica chinesa administrada pela Foxconn, sua maior montadora.<\/p>\n\n\n\n<p>\u201cA situa\u00e7\u00e3o atual da Covid-19 na China \u00e9 a maior inc\u00f3gnita para os&nbsp;<strong>resultados operacionais da Apple<\/strong>&nbsp;no ano calend\u00e1rio de 2023\u2033, detalhou Tom Forte, analista da DA Davidson &amp; Co, ao citar o aumento de casos de infec\u00e7\u00f5es no pa\u00eds nas \u00faltimas semanas.<\/p>\n\n\n\n<p>A partir desse cen\u00e1rio delicado, os analistas reduziram as suas previs\u00f5es para o resultado do quarto trimestre de 2022 da&nbsp;<strong>Apple<\/strong>, com proje\u00e7\u00f5es de queda de 8% no <a class=\"suno-keyword\" target=\"_blank\" data-force=\"no\" data-priority=\"1\" href=\"https:\/\/www.suno.com.br\/artigos\/lucro-liquido\/\" rel=\"noopener\">lucro l\u00edquido<\/a>.<\/p>\n\n\n\n<h2 class=\"wp-block-heading\" id=\"h-blackrock-aumenta-participacao-na-brf-brfs3-gestora-passa-a-ter-5-3-da-empresa\">BlackRock aumenta participa\u00e7\u00e3o na <a class=\"suno-keyword\" target=\"_blank\" data-force=\"yes\" data-priority=\"2\" href=\"https:\/\/www.suno.com.br\/acoes\/BRFS3\/\" rel=\"noopener\">BRF (BRFS3)<\/a>; gestora passa a ter 5,3% da empresa<\/h2>\n\n\n\n<p>A&nbsp;<strong>BlackRock<\/strong>&nbsp;aumentou sua participa\u00e7\u00e3o na&nbsp;<a href=\"https:\/\/www.suno.com.br\/acoes\/BRFS3\/\" target=\"_blank\" rel=\"noreferrer noopener\">BRF (BRFS3)<\/a>. Em comunicado enviado \u00e0 Comiss\u00e3o de Valores Mobili\u00e1rios nesta quarta (4), a empresa aliment\u00edcia informou que a maior gestora de recursos do mundo passa a conta com 5,279% das&nbsp;<a href=\"https:\/\/www.suno.com.br\/artigos\/o-que-sao-acoes-ordinarias-preferenciais-e-units\/\" target=\"_blank\" rel=\"noreferrer noopener\">a\u00e7\u00f5es ordin\u00e1rias<\/a>&nbsp;do neg\u00f3cio.<\/p>\n\n\n\n<p>Segundo o informe, a opera\u00e7\u00e3o foi realizada por meio da compra de 57 milh\u00f5es de&nbsp;<strong>a\u00e7\u00f5es da BRF<\/strong>&nbsp;pela gestora, divididas em 54,4 milh\u00f5es de&nbsp;<a target=\"_blank\" href=\"https:\/\/www.suno.com.br\/artigos\/o-que-sao-acoes-ordinarias-preferenciais-e-units\/\" rel=\"noreferrer noopener\">a\u00e7\u00f5es ordin\u00e1rias<\/a>&nbsp;e 2,7 milh\u00f5es de American Depositary Receipts (ADRs) da companhia que controla as marcas Perdig\u00e3o e Sadia.<\/p>\n\n\n\n<p>Al\u00e9m disso, a BlackRock conta com 669,8 mil&nbsp;<a target=\"_blank\" href=\"https:\/\/www.suno.com.br\/artigos\/instrumentos-financeiros\/\" rel=\"noreferrer noopener\">instrumentos financeiros<\/a>&nbsp;derivativos referenciados em a\u00e7\u00f5es<br>ordin\u00e1rias com&nbsp;<a target=\"_blank\" href=\"https:\/\/www.suno.com.br\/artigos\/liquidacao-financeira\/\" rel=\"noreferrer noopener\">liquida\u00e7\u00e3o financeira<\/a>, o que representa cerca de 0,061% do total de&nbsp;<a target=\"_blank\" href=\"https:\/\/www.suno.com.br\/artigos\/o-que-sao-acoes-ordinarias-preferenciais-e-units\/\" rel=\"noreferrer noopener\">a\u00e7\u00f5es ordin\u00e1rias<\/a>&nbsp;emitidas pela&nbsp;<strong>BRF<\/strong>.<\/p>\n\n\n\n<p>A gestora declarou que o objetivo dessa compra \u00e9 \u201cestritamente de investimento, n\u00e3o objetivando altera\u00e7\u00e3o do&nbsp;<a target=\"_blank\" href=\"https:\/\/www.suno.com.br\/artigos\/controle-acionario\/\" rel=\"noreferrer noopener\">controle acion\u00e1rio<\/a>&nbsp;ou da estrutura administrativa da companhia\u201d.<\/p>\n\n\n\n<p>No comunicado ao mercado, a BlackRock argumentou que n\u00e3o celebrou quaisquer contratos que regulem o exerc\u00edcio de direito de voto ou a compra e venda de valores mobili\u00e1rios emitidos pela BRF.<\/p>\n\n\n\n<p>No ano passado, a&nbsp;<strong>participa\u00e7\u00e3o da gestora<\/strong>&nbsp;mundial na BRF tinha ca\u00eddo para 3,95%, devido ao&nbsp;<a target=\"_blank\" href=\"https:\/\/www.suno.com.br\/artigos\/aumento-capital\/\" rel=\"noreferrer noopener\">aumento de capital<\/a>&nbsp;social da empresa brasileira. Na \u00e9poca, o neg\u00f3cio de alimentos levantou R$ 5,4 bilh\u00f5es para aumentar o capital em uma oferta subsequente de a\u00e7\u00f5es (follow-on).<\/p>\n\n\n\n<p>Com essa opera\u00e7\u00e3o realizada em 2022, R$ 4,9 bilh\u00f5es foram destinados \u00e0 forma\u00e7\u00e3o de&nbsp;<a href=\"https:\/\/www.suno.com.br\/artigos\/reserva-capital\/\" target=\"_blank\" rel=\"noreferrer noopener\">reserva de capital<\/a>, com a emiss\u00e3o de 270 milh\u00f5es de novas a\u00e7\u00f5es. Os R$ 500 milh\u00f5es restantes foram direcionados ao capital social da pr\u00f3pria BRF.<a href=\"https:\/\/lp.suno.com.br\/cl\/sr-guia-melhores-investimentos-para-2023\/\" target=\"_blank\" rel=\"noreferrer noopener\"><\/a><a href=\"https:\/\/lp.suno.com.br\/pv\/sr-transforme-seus-sonhos-em-acoes\/\" target=\"_blank\" rel=\"noreferrer noopener\"><\/a><\/p>\n\n\n\n<h2 class=\"wp-block-heading\" id=\"h-multiplan-mult3-vendas-totais-tem-alta-de-37-e-somam-r-20-bilhoes-em-2022\">Multiplan (MULT3): vendas totais t\u00eam alta de 37% e somam R$ 20 bilh\u00f5es em 2022<\/h2>\n\n\n\n<p>A\u00a0<strong>Multiplan<\/strong>\u00a0(<a href=\"https:\/\/www.suno.com.br\/acoes\/mult3\/\" target=\"_blank\" rel=\"noreferrer noopener\">MULT3<\/a>) informou hoje (4) que as vendas totais dos shoppings de sua rede alcan\u00e7aram R$ 6,3 bilh\u00f5es no quarto trimestre, uma alta de 12,9% sobre o mesmo per\u00edodo de 2021. J\u00e1 no acumulado do ano, a soma foi de R$ 20 bilh\u00f5es \u2014 valor recorde e que representa alta de 37% em rela\u00e7\u00e3o ao ano anterior.<\/p>\n\n\n\n<p>Em documento encaminhado \u00e0 CVM, a empresa explicou que o \u00faltimo trimestre de 2022 foi impactado pelos dois turnos das elei\u00e7\u00f5es e pelos jogos da Copa do Mundo. Desconsiderando esses eventos, que reduzem o movimento nos empreendimentos, o crescimento foi de 15,4%.<\/p>\n\n\n\n<p>Por outro lado, a Black Friday e o Natal foram catalisadores para as vendas. As duas datas superam 2021 em 18,9% e 12,7%, respectivamente. \u201cDesta forma, as vendas dos lojistas foram recorde na semana do Natal, no trimestre, e tamb\u00e9m no ano\u201d, destaca o documento.<\/p>\n\n\n\n<p>No crit\u00e9rio mesmas lojas, os&nbsp;<strong>resultados das vendas da Multiplan<\/strong>&nbsp;do quarto trimestre de 2022 tiveram um aumento de 11,8%. Os segmentos de Servi\u00e7os e Alimenta\u00e7\u00e3o &amp; \u00c1reas Gourmet foram novamente os destaques, registrando altas de 22,3% e 17,4%, respectivamente.<\/p>\n\n\n\n<h2 class=\"wp-block-heading\" id=\"h-resultados-previos-da-multiplan-no-acumulado-do-ano\">Resultados pr\u00e9vios da Multiplan no acumulado do ano<\/h2>\n\n\n\n<p>As vendas totais da Multiplan somaram R$ 20 bilh\u00f5es, novo recorde, superando em 37,1% o valor de 2021. Todos os shoppings do portf\u00f3lio da Multiplan apresentaram crescimento de dois d\u00edgitos na mesma base de compara\u00e7\u00e3o.<\/p>\n\n\n\n<p>O Morumbi registrou alta de 53,7% e o Vila Ol\u00edmpia, 56,6%. O Park Jacarepagu\u00e1, que completou seu primeiro ano em 19 de novembro, registrou, em dezembro de 2022, vendas 34,6% superiores a dezembro de 2021. No conceito mesmas lojas, as vendas cresceram 34,5% em 2021 na compara\u00e7\u00e3o com 2021.<\/p>\n\n\n\n<h2 class=\"wp-block-heading\">Cota\u00e7\u00e3o hoje<\/h2>\n\n\n\n<p>Nesta quarta-feira (4), as&nbsp;a\u00e7\u00f5es da&nbsp;<strong>Multiplan<\/strong>&nbsp;fecharam em alta de 1,70%, com pap\u00e9is cotados a R$ 20,39. J\u00e1 no acumulado dos \u00faltimos 12 meses, a valoriza\u00e7\u00e3o das a\u00e7\u00f5es&nbsp;est\u00e1 em 24,18%.<\/p>\n\n\n\n<p><a href=\"https:\/\/lp.blue3investimentos.com.br\/fale-com-um-especialista-blue3?utm_source=parceria&amp;utm_medium=banner&amp;utm_campaign=parceria_suno&amp;utm_content=suno_noticias_banner\" target=\"_blank\" rel=\"noreferrer noopener\"><\/a><\/p>\n\n\n\n<p>Do\u00a0<strong>Banco do Brasil <\/strong>\u00e0 Multiplan, essas foram as empresas que se destacaram hoje. Para ler todas as mat\u00e9rias\u00a0<strong><a href=\"https:\/\/www.suno.com.br\/noticias\/\" target=\"_blank\" rel=\"noreferrer noopener\">clique aqui<\/a><\/strong>.<\/p>\n\n\n\t<p>\n\t\t<a href=\"https:\/\/lp.suno.com.br\/planilha-da-vida-financeira\/\" target=\"_blank\" data-element=\"shortcode-suno-banner\" title=\"Banner SUNO, clique e saiba mais\">\n\t\t\t<picture>\n\t\t\t\t<source media=\"(max-width: 500px)\" srcset=\"https:\/\/files.sunoresearch.com.br\/n\/uploads\/2023\/04\/400x300-Planilha-vida-financeira-true.png\">\n\t\t\t\t<img class=\"newsContent__article__imgCapa newsContent__article__imgCapa--banner\"\n\t\t\t\t\tsrc=\"https:\/\/files.sunoresearch.com.br\/n\/uploads\/2023\/04\/1420x240-Planilha-vida-financeira-true.png\"\n\t\t\t\t\tdata-promo-id=\"106682\"\t\t\t\t\t\t\t\t\t\twidth='1420' height='240'\t\t\t\t\talt=\"https:\/\/files.sunoresearch.com.br\/n\/uploads\/2023\/04\/1420x240-Planilha-vida-financeira-true.png\"\n\t\t\t\t>\n\t\t\t<\/picture>\n\t\t<\/a>\n\t<\/p>\n\n\n","protected":false},"excerpt":{"rendered":"<p>O&nbsp;Banco do Brasil&nbsp;(BBAS3) pagar\u00e1 proporcionalmente o maior volume de dividendos (dividend yield, ou DY) entre os bancos em 2023 e em 2024, segundo proje\u00e7\u00f5es dos analistas da XP Investimentos. Banco do Brasil. Foto: Banco do Brasil\/Divulga\u00e7\u00e3o A expectativa \u00e9 de que o os&nbsp;dividendos do Banco do Brasil&nbsp;fechem este ano em 13,7% e o ano que [&hellip;]<\/p>\n","protected":false},"author":98,"featured_media":278885,"comment_status":"closed","ping_status":"closed","sticky":false,"template":"","format":"standard","meta":[],"categories":[64],"tags":[794,732,397,2257,489,595,106765],"suno_strategy":[],"class_list":["post-340909","post","type-post","status-publish","format-standard","has-post-thumbnail","hentry","category-negocios","tag-apple-aapl34","tag-banco-do-brasil-bbas3","tag-brf-brfs3","tag-cogna-cogn3","tag-gol-linhas-aereas-goll11-goll4","tag-petrobras-petr4","tag-sabesp-sbsp3"],"yoast_head":"<!-- This site is optimized with the Yoast SEO plugin v24.4 - https:\/\/yoast.com\/wordpress\/plugins\/seo\/ -->\n<title>Radar: dividendos do Banco do Brasil (BBAS3), indica\u00e7\u00e3o de CEO da Petrobras (PETR4) \u00e9 questionada na Justi\u00e7a e a\u00e7\u00f5es da Cogna (COGN3) sobem<\/title>\n<meta name=\"description\" content=\"O Banco do Brasil pagar\u00e1 proporcionalmente o maior volume de dividendos (dividend yield, ou DY) entre os bancos em 2023 e em 2024, diz XP\" \/>\n<meta name=\"robots\" content=\"index, follow, max-snippet:-1, max-image-preview:large, max-video-preview:-1\" \/>\n<link rel=\"canonical\" href=\"https:\/\/www.suno.com.br\/noticias\/radar-banco-do-brasil-bbas3-petrobras-petr4-cogna-cogn3\/\" \/>\n<meta property=\"og:locale\" content=\"pt_BR\" \/>\n<meta property=\"og:type\" content=\"article\" \/>\n<meta property=\"og:title\" content=\"Radar: dividendos do Banco do Brasil (BBAS3), indica\u00e7\u00e3o de CEO da Petrobras (PETR4) \u00e9 questionada na Justi\u00e7a e a\u00e7\u00f5es da Cogna (COGN3) sobem\" \/>\n<meta property=\"og:description\" content=\"O Banco do Brasil pagar\u00e1 proporcionalmente o maior volume de dividendos (dividend yield, ou DY) entre os bancos em 2023 e em 2024, diz XP\" \/>\n<meta property=\"og:url\" content=\"https:\/\/www.suno.com.br\/noticias\/radar-banco-do-brasil-bbas3-petrobras-petr4-cogna-cogn3\/\" \/>\n<meta property=\"og:site_name\" content=\"Suno Not\u00edcias\" \/>\n<meta property=\"article:publisher\" content=\"https:\/\/facebook.com\/sunoresearch\" \/>\n<meta property=\"og:image\" content=\"https:\/\/files.sunoresearch.com.br\/n\/uploads\/2022\/07\/Banco-do-Brasil.jpg\" \/>\n\t<meta property=\"og:image:width\" content=\"1450\" \/>\n\t<meta property=\"og:image:height\" content=\"816\" \/>\n\t<meta property=\"og:image:type\" content=\"image\/jpeg\" \/>\n<meta name=\"author\" content=\"Marco Ant\u00f4nio Lopes\" \/>\n<meta name=\"twitter:card\" content=\"summary_large_image\" \/>\n<meta name=\"twitter:creator\" content=\"@sunoresearch\" \/>\n<meta name=\"twitter:site\" content=\"@sunoresearch\" \/>\n<meta name=\"twitter:label1\" content=\"Escrito por\" \/>\n\t<meta name=\"twitter:data1\" content=\"Marco Ant\u00f4nio Lopes\" \/>\n\t<meta name=\"twitter:label2\" content=\"Est. tempo de leitura\" \/>\n\t<meta name=\"twitter:data2\" content=\"17 minutos\" \/>\n<script type=\"application\/ld+json\" class=\"yoast-schema-graph\">{\"@context\":\"https:\/\/schema.org\",\"@graph\":[{\"@type\":\"NewsArticle\",\"@id\":\"https:\/\/www.suno.com.br\/noticias\/radar-banco-do-brasil-bbas3-petrobras-petr4-cogna-cogn3\/#article\",\"isPartOf\":{\"@id\":\"https:\/\/www.suno.com.br\/noticias\/radar-banco-do-brasil-bbas3-petrobras-petr4-cogna-cogn3\/\"},\"author\":{\"name\":\"Marco Ant\u00f4nio Lopes\",\"@id\":\"https:\/\/www.suno.com.br\/noticias\/#\/schema\/person\/829bbe8d57f84333b966b96229c6bf5f\"},\"headline\":\"Radar: dividendos do Banco do Brasil (BBAS3), indica\u00e7\u00e3o de CEO da Petrobras (PETR4) \u00e9 questionada na Justi\u00e7a e a\u00e7\u00f5es da Cogna (COGN3) sobem\",\"datePublished\":\"2023-01-05T00:33:42+00:00\",\"dateModified\":\"2023-01-05T00:33:44+00:00\",\"mainEntityOfPage\":{\"@id\":\"https:\/\/www.suno.com.br\/noticias\/radar-banco-do-brasil-bbas3-petrobras-petr4-cogna-cogn3\/\"},\"wordCount\":3308,\"publisher\":{\"@id\":\"https:\/\/www.suno.com.br\/noticias\/#organization\"},\"image\":{\"@id\":\"https:\/\/www.suno.com.br\/noticias\/radar-banco-do-brasil-bbas3-petrobras-petr4-cogna-cogn3\/#primaryimage\"},\"thumbnailUrl\":\"https:\/\/files.sunoresearch.com.br\/n\/uploads\/2022\/07\/Banco-do-Brasil.jpg\",\"keywords\":[\"Apple (AAPL34)\",\"Banco do Brasil (BBAS3)\",\"BRF (BRFS3)\",\"Cogna (COGN3)\",\"Gol Linhas A\u00e9reas (GOLL11\/GOLL4)\",\"Petrobras (PETR4)\",\"Sabesp (SBSP3)\"],\"articleSection\":[\"Neg\u00f3cios\"],\"inLanguage\":\"pt-BR\"},{\"@type\":\"WebPage\",\"@id\":\"https:\/\/www.suno.com.br\/noticias\/radar-banco-do-brasil-bbas3-petrobras-petr4-cogna-cogn3\/\",\"url\":\"https:\/\/www.suno.com.br\/noticias\/radar-banco-do-brasil-bbas3-petrobras-petr4-cogna-cogn3\/\",\"name\":\"Radar: dividendos do Banco do Brasil (BBAS3), indica\u00e7\u00e3o de CEO da Petrobras (PETR4) \u00e9 questionada na Justi\u00e7a e a\u00e7\u00f5es da Cogna (COGN3) sobem\",\"isPartOf\":{\"@id\":\"https:\/\/www.suno.com.br\/noticias\/#website\"},\"primaryImageOfPage\":{\"@id\":\"https:\/\/www.suno.com.br\/noticias\/radar-banco-do-brasil-bbas3-petrobras-petr4-cogna-cogn3\/#primaryimage\"},\"image\":{\"@id\":\"https:\/\/www.suno.com.br\/noticias\/radar-banco-do-brasil-bbas3-petrobras-petr4-cogna-cogn3\/#primaryimage\"},\"thumbnailUrl\":\"https:\/\/files.sunoresearch.com.br\/n\/uploads\/2022\/07\/Banco-do-Brasil.jpg\",\"datePublished\":\"2023-01-05T00:33:42+00:00\",\"dateModified\":\"2023-01-05T00:33:44+00:00\",\"description\":\"O Banco do Brasil pagar\u00e1 proporcionalmente o maior volume de dividendos (dividend yield, ou DY) entre os bancos em 2023 e em 2024, diz XP\",\"breadcrumb\":{\"@id\":\"https:\/\/www.suno.com.br\/noticias\/radar-banco-do-brasil-bbas3-petrobras-petr4-cogna-cogn3\/#breadcrumb\"},\"inLanguage\":\"pt-BR\",\"potentialAction\":[{\"@type\":\"ReadAction\",\"target\":[\"https:\/\/www.suno.com.br\/noticias\/radar-banco-do-brasil-bbas3-petrobras-petr4-cogna-cogn3\/\"]}]},{\"@type\":\"ImageObject\",\"inLanguage\":\"pt-BR\",\"@id\":\"https:\/\/www.suno.com.br\/noticias\/radar-banco-do-brasil-bbas3-petrobras-petr4-cogna-cogn3\/#primaryimage\",\"url\":\"https:\/\/files.sunoresearch.com.br\/n\/uploads\/2022\/07\/Banco-do-Brasil.jpg\",\"contentUrl\":\"https:\/\/files.sunoresearch.com.br\/n\/uploads\/2022\/07\/Banco-do-Brasil.jpg\",\"width\":1450,\"height\":816,\"caption\":\"Banco do Brasil. Foto: Banco do Brasil\/Divulga\u00e7\u00e3o\"},{\"@type\":\"BreadcrumbList\",\"@id\":\"https:\/\/www.suno.com.br\/noticias\/radar-banco-do-brasil-bbas3-petrobras-petr4-cogna-cogn3\/#breadcrumb\",\"itemListElement\":[{\"@type\":\"ListItem\",\"position\":1,\"name\":\"Not\u00edcias\",\"item\":\"https:\/\/www.suno.com.br\/noticias\/\"},{\"@type\":\"ListItem\",\"position\":2,\"name\":\"Neg\u00f3cios\",\"item\":\"https:\/\/www.suno.com.br\/noticias\/negocios\/\"},{\"@type\":\"ListItem\",\"position\":3,\"name\":\"Radar: dividendos do Banco do Brasil (BBAS3), indica\u00e7\u00e3o de CEO da Petrobras (PETR4) \u00e9 questionada na Justi\u00e7a e a\u00e7\u00f5es da Cogna (COGN3) sobem\"}]},{\"@type\":\"WebSite\",\"@id\":\"https:\/\/www.suno.com.br\/noticias\/#website\",\"url\":\"https:\/\/www.suno.com.br\/noticias\/\",\"name\":\"Suno Not\u00edcias\",\"description\":\"Seu portal de informa\u00e7\u00e3o sobre o mundo dos investimentos\",\"publisher\":{\"@id\":\"https:\/\/www.suno.com.br\/noticias\/#organization\"},\"potentialAction\":[{\"@type\":\"SearchAction\",\"target\":{\"@type\":\"EntryPoint\",\"urlTemplate\":\"https:\/\/www.suno.com.br\/noticias\/?s={search_term_string}\"},\"query-input\":{\"@type\":\"PropertyValueSpecification\",\"valueRequired\":true,\"valueName\":\"search_term_string\"}}],\"inLanguage\":\"pt-BR\"},{\"@type\":\"Organization\",\"@id\":\"https:\/\/www.suno.com.br\/noticias\/#organization\",\"name\":\"Suno Not\u00edcias\",\"url\":\"https:\/\/www.suno.com.br\/noticias\/\",\"logo\":{\"@type\":\"ImageObject\",\"inLanguage\":\"pt-BR\",\"@id\":\"https:\/\/www.suno.com.br\/noticias\/#\/schema\/logo\/image\/\",\"url\":\"https:\/\/files.sunoresearch.com.br\/n\/uploads\/2021\/09\/suno-logo.png\",\"contentUrl\":\"https:\/\/files.sunoresearch.com.br\/n\/uploads\/2021\/09\/suno-logo.png\",\"width\":180,\"height\":180,\"caption\":\"Suno Not\u00edcias\"},\"image\":{\"@id\":\"https:\/\/www.suno.com.br\/noticias\/#\/schema\/logo\/image\/\"},\"sameAs\":[\"https:\/\/facebook.com\/sunoresearch\",\"https:\/\/x.com\/sunoresearch\",\"https:\/\/www.instagram.com\/suno\",\"https:\/\/www.linkedin.com\/company\/suno-research\/\",\"https:\/\/www.youtube.com\/c\/sunoresearch\"]},{\"@type\":\"Person\",\"@id\":\"https:\/\/www.suno.com.br\/noticias\/#\/schema\/person\/829bbe8d57f84333b966b96229c6bf5f\",\"name\":\"Marco Ant\u00f4nio Lopes\",\"image\":{\"@type\":\"ImageObject\",\"inLanguage\":\"pt-BR\",\"@id\":\"https:\/\/www.suno.com.br\/noticias\/#\/schema\/person\/image\/\",\"url\":\"https:\/\/secure.gravatar.com\/avatar\/385167b012fbc1cde32c5446ee253313?s=96&r=g\",\"contentUrl\":\"https:\/\/secure.gravatar.com\/avatar\/385167b012fbc1cde32c5446ee253313?s=96&r=g\",\"caption\":\"Marco Ant\u00f4nio Lopes\"},\"description\":\"Jornalista, \u00e9 editor no Suno Not\u00edcias. Trabalhou nas revistas Playboy, Super, Veja Comer &amp; Beber, Homem Vogue e Universo Masculino, al\u00e9m dos portais Abril.com, R7, nas editorias de Home, Esportes, Hora 7, Entretenimento e Geral, e Eu Quero Investir. Autor do livro Bruce Lee: Definitivo (Editora Conrad). Colaborou nas revistas Nova, Veja SP, Grandes Guerras, Placar, Bizz, Casa Claudia e Quatro Rodas.\",\"url\":\"https:\/\/www.suno.com.br\/noticias\/author\/marco-lopes\/\"}]}<\/script>\n<!-- \/ Yoast SEO plugin. -->","yoast_head_json":{"title":"Radar: dividendos do Banco do Brasil (BBAS3), indica\u00e7\u00e3o de CEO da Petrobras (PETR4) \u00e9 questionada na Justi\u00e7a e a\u00e7\u00f5es da Cogna (COGN3) sobem","description":"O Banco do Brasil pagar\u00e1 proporcionalmente o maior volume de dividendos (dividend yield, ou DY) entre os bancos em 2023 e em 2024, diz XP","robots":{"index":"index","follow":"follow","max-snippet":"max-snippet:-1","max-image-preview":"max-image-preview:large","max-video-preview":"max-video-preview:-1"},"canonical":"https:\/\/www.suno.com.br\/noticias\/radar-banco-do-brasil-bbas3-petrobras-petr4-cogna-cogn3\/","og_locale":"pt_BR","og_type":"article","og_title":"Radar: dividendos do Banco do Brasil (BBAS3), indica\u00e7\u00e3o de CEO da Petrobras (PETR4) \u00e9 questionada na Justi\u00e7a e a\u00e7\u00f5es da Cogna (COGN3) sobem","og_description":"O Banco do Brasil pagar\u00e1 proporcionalmente o maior volume de dividendos (dividend yield, ou DY) entre os bancos em 2023 e em 2024, diz XP","og_url":"https:\/\/www.suno.com.br\/noticias\/radar-banco-do-brasil-bbas3-petrobras-petr4-cogna-cogn3\/","og_site_name":"Suno Not\u00edcias","article_publisher":"https:\/\/facebook.com\/sunoresearch","og_image":[{"width":1450,"height":816,"url":"https:\/\/files.sunoresearch.com.br\/n\/uploads\/2022\/07\/Banco-do-Brasil.jpg","type":"image\/jpeg"}],"author":"Marco Ant\u00f4nio Lopes","twitter_card":"summary_large_image","twitter_creator":"@sunoresearch","twitter_site":"@sunoresearch","twitter_misc":{"Escrito por":"Marco Ant\u00f4nio Lopes","Est. tempo de leitura":"17 minutos"},"schema":{"@context":"https:\/\/schema.org","@graph":[{"@type":"NewsArticle","@id":"https:\/\/www.suno.com.br\/noticias\/radar-banco-do-brasil-bbas3-petrobras-petr4-cogna-cogn3\/#article","isPartOf":{"@id":"https:\/\/www.suno.com.br\/noticias\/radar-banco-do-brasil-bbas3-petrobras-petr4-cogna-cogn3\/"},"author":{"name":"Marco Ant\u00f4nio Lopes","@id":"https:\/\/www.suno.com.br\/noticias\/#\/schema\/person\/829bbe8d57f84333b966b96229c6bf5f"},"headline":"Radar: dividendos do Banco do Brasil (BBAS3), indica\u00e7\u00e3o de CEO da Petrobras (PETR4) \u00e9 questionada na Justi\u00e7a e a\u00e7\u00f5es da Cogna (COGN3) sobem","datePublished":"2023-01-05T00:33:42+00:00","dateModified":"2023-01-05T00:33:44+00:00","mainEntityOfPage":{"@id":"https:\/\/www.suno.com.br\/noticias\/radar-banco-do-brasil-bbas3-petrobras-petr4-cogna-cogn3\/"},"wordCount":3308,"publisher":{"@id":"https:\/\/www.suno.com.br\/noticias\/#organization"},"image":{"@id":"https:\/\/www.suno.com.br\/noticias\/radar-banco-do-brasil-bbas3-petrobras-petr4-cogna-cogn3\/#primaryimage"},"thumbnailUrl":"https:\/\/files.sunoresearch.com.br\/n\/uploads\/2022\/07\/Banco-do-Brasil.jpg","keywords":["Apple (AAPL34)","Banco do Brasil (BBAS3)","BRF (BRFS3)","Cogna (COGN3)","Gol Linhas A\u00e9reas (GOLL11\/GOLL4)","Petrobras (PETR4)","Sabesp (SBSP3)"],"articleSection":["Neg\u00f3cios"],"inLanguage":"pt-BR"},{"@type":"WebPage","@id":"https:\/\/www.suno.com.br\/noticias\/radar-banco-do-brasil-bbas3-petrobras-petr4-cogna-cogn3\/","url":"https:\/\/www.suno.com.br\/noticias\/radar-banco-do-brasil-bbas3-petrobras-petr4-cogna-cogn3\/","name":"Radar: dividendos do Banco do Brasil (BBAS3), indica\u00e7\u00e3o de CEO da Petrobras (PETR4) \u00e9 questionada na Justi\u00e7a e a\u00e7\u00f5es da Cogna (COGN3) sobem","isPartOf":{"@id":"https:\/\/www.suno.com.br\/noticias\/#website"},"primaryImageOfPage":{"@id":"https:\/\/www.suno.com.br\/noticias\/radar-banco-do-brasil-bbas3-petrobras-petr4-cogna-cogn3\/#primaryimage"},"image":{"@id":"https:\/\/www.suno.com.br\/noticias\/radar-banco-do-brasil-bbas3-petrobras-petr4-cogna-cogn3\/#primaryimage"},"thumbnailUrl":"https:\/\/files.sunoresearch.com.br\/n\/uploads\/2022\/07\/Banco-do-Brasil.jpg","datePublished":"2023-01-05T00:33:42+00:00","dateModified":"2023-01-05T00:33:44+00:00","description":"O Banco do Brasil pagar\u00e1 proporcionalmente o maior volume de dividendos (dividend yield, ou DY) entre os bancos em 2023 e em 2024, diz XP","breadcrumb":{"@id":"https:\/\/www.suno.com.br\/noticias\/radar-banco-do-brasil-bbas3-petrobras-petr4-cogna-cogn3\/#breadcrumb"},"inLanguage":"pt-BR","potentialAction":[{"@type":"ReadAction","target":["https:\/\/www.suno.com.br\/noticias\/radar-banco-do-brasil-bbas3-petrobras-petr4-cogna-cogn3\/"]}]},{"@type":"ImageObject","inLanguage":"pt-BR","@id":"https:\/\/www.suno.com.br\/noticias\/radar-banco-do-brasil-bbas3-petrobras-petr4-cogna-cogn3\/#primaryimage","url":"https:\/\/files.sunoresearch.com.br\/n\/uploads\/2022\/07\/Banco-do-Brasil.jpg","contentUrl":"https:\/\/files.sunoresearch.com.br\/n\/uploads\/2022\/07\/Banco-do-Brasil.jpg","width":1450,"height":816,"caption":"Banco do Brasil. Foto: Banco do Brasil\/Divulga\u00e7\u00e3o"},{"@type":"BreadcrumbList","@id":"https:\/\/www.suno.com.br\/noticias\/radar-banco-do-brasil-bbas3-petrobras-petr4-cogna-cogn3\/#breadcrumb","itemListElement":[{"@type":"ListItem","position":1,"name":"Not\u00edcias","item":"https:\/\/www.suno.com.br\/noticias\/"},{"@type":"ListItem","position":2,"name":"Neg\u00f3cios","item":"https:\/\/www.suno.com.br\/noticias\/negocios\/"},{"@type":"ListItem","position":3,"name":"Radar: dividendos do Banco do Brasil (BBAS3), indica\u00e7\u00e3o de CEO da Petrobras (PETR4) \u00e9 questionada na Justi\u00e7a e a\u00e7\u00f5es da Cogna (COGN3) sobem"}]},{"@type":"WebSite","@id":"https:\/\/www.suno.com.br\/noticias\/#website","url":"https:\/\/www.suno.com.br\/noticias\/","name":"Suno Not\u00edcias","description":"Seu portal de informa\u00e7\u00e3o sobre o mundo dos investimentos","publisher":{"@id":"https:\/\/www.suno.com.br\/noticias\/#organization"},"potentialAction":[{"@type":"SearchAction","target":{"@type":"EntryPoint","urlTemplate":"https:\/\/www.suno.com.br\/noticias\/?s={search_term_string}"},"query-input":{"@type":"PropertyValueSpecification","valueRequired":true,"valueName":"search_term_string"}}],"inLanguage":"pt-BR"},{"@type":"Organization","@id":"https:\/\/www.suno.com.br\/noticias\/#organization","name":"Suno Not\u00edcias","url":"https:\/\/www.suno.com.br\/noticias\/","logo":{"@type":"ImageObject","inLanguage":"pt-BR","@id":"https:\/\/www.suno.com.br\/noticias\/#\/schema\/logo\/image\/","url":"https:\/\/files.sunoresearch.com.br\/n\/uploads\/2021\/09\/suno-logo.png","contentUrl":"https:\/\/files.sunoresearch.com.br\/n\/uploads\/2021\/09\/suno-logo.png","width":180,"height":180,"caption":"Suno Not\u00edcias"},"image":{"@id":"https:\/\/www.suno.com.br\/noticias\/#\/schema\/logo\/image\/"},"sameAs":["https:\/\/facebook.com\/sunoresearch","https:\/\/x.com\/sunoresearch","https:\/\/www.instagram.com\/suno","https:\/\/www.linkedin.com\/company\/suno-research\/","https:\/\/www.youtube.com\/c\/sunoresearch"]},{"@type":"Person","@id":"https:\/\/www.suno.com.br\/noticias\/#\/schema\/person\/829bbe8d57f84333b966b96229c6bf5f","name":"Marco Ant\u00f4nio Lopes","image":{"@type":"ImageObject","inLanguage":"pt-BR","@id":"https:\/\/www.suno.com.br\/noticias\/#\/schema\/person\/image\/","url":"https:\/\/secure.gravatar.com\/avatar\/385167b012fbc1cde32c5446ee253313?s=96&r=g","contentUrl":"https:\/\/secure.gravatar.com\/avatar\/385167b012fbc1cde32c5446ee253313?s=96&r=g","caption":"Marco Ant\u00f4nio Lopes"},"description":"Jornalista, \u00e9 editor no Suno Not\u00edcias. Trabalhou nas revistas Playboy, Super, Veja Comer &amp; Beber, Homem Vogue e Universo Masculino, al\u00e9m dos portais Abril.com, R7, nas editorias de Home, Esportes, Hora 7, Entretenimento e Geral, e Eu Quero Investir. Autor do livro Bruce Lee: Definitivo (Editora Conrad). Colaborou nas revistas Nova, Veja SP, Grandes Guerras, Placar, Bizz, Casa Claudia e Quatro Rodas.","url":"https:\/\/www.suno.com.br\/noticias\/author\/marco-lopes\/"}]}},"default_loop_html":"<div class=\"cardsPage__listCard__boxs\"><div class=\"cardsPage__listCard__boxs__img\"><a href=\"https:\/\/www.suno.com.br\/noticias\/radar-banco-do-brasil-bbas3-petrobras-petr4-cogna-cogn3\/\"><img class=\"mask\" src=\"https:\/\/www.suno.com.br\/noticias\/wp-content\/themes\/suno\/resources\/images\/spotlight\/spotlight1img\/bg-mask.png\" alt=\"Image Mask\"\/><img src=\"https:\/\/files.sunoresearch.com.br\/n\/uploads\/2022\/07\/Banco-do-Brasil-400x200.jpg\" alt=\"Radar: dividendos do Banco do Brasil (BBAS3), indica\u00e7\u00e3o de CEO da Petrobras (PETR4) \u00e9 questionada na Justi\u00e7a e a\u00e7\u00f5es da Cogna (COGN3) sobem\"\/><\/a><span class=\"spotlightCategory\"><a href=\"https:\/\/www.suno.com.br\/noticias\/negocios\/\">Neg\u00f3cios<\/a><\/span><\/div><div class=\"cardsPage__listCard__boxs__content\"><a href=\"https:\/\/www.suno.com.br\/noticias\/radar-banco-do-brasil-bbas3-petrobras-petr4-cogna-cogn3\/\"><h2 class=\"content__title\">Radar: dividendos do Banco do Brasil (BBAS3), indica\u00e7\u00e3o de CEO da Petrobras (PETR4) \u00e9 questionada na Justi\u00e7a e a\u00e7\u00f5es da Cogna (COGN3) sobem<\/h2><\/a><div class=\"newsContent__article__meta\"><div class=\"newsContent__article__meta__authorBox\"><a href=\"https:\/\/www.suno.com.br\/noticias\/author\/marco-lopes\/\" class=\"authorBox__avatar noMobi\"><img src=\"https:\/\/secure.gravatar.com\/avatar\/385167b012fbc1cde32c5446ee253313?s=96&#038;r=g\" alt=\"Marco Ant\u00f4nio Lopes\"><\/a><div class=\"authorBox__name\"><span>por\n\t\t\t<a href=\"https:\/\/www.suno.com.br\/noticias\/author\/marco-lopes\/\"><span itemprop=\"author\">Marco Ant\u00f4nio Lopes<\/span><\/a><\/span><time datetime=\"2023-01-04T21:33:42-03:00\" itemprop=\"datePublished\">04\/01\/2023 21:33<\/time><\/div><\/div><\/div><\/div><\/div>","single_layout":"posts","amp_enabled":true,"_links":{"self":[{"href":"https:\/\/www.suno.com.br\/noticias\/wp-json\/wp\/v2\/posts\/340909"}],"collection":[{"href":"https:\/\/www.suno.com.br\/noticias\/wp-json\/wp\/v2\/posts"}],"about":[{"href":"https:\/\/www.suno.com.br\/noticias\/wp-json\/wp\/v2\/types\/post"}],"author":[{"embeddable":true,"href":"https:\/\/www.suno.com.br\/noticias\/wp-json\/wp\/v2\/users\/98"}],"replies":[{"embeddable":true,"href":"https:\/\/www.suno.com.br\/noticias\/wp-json\/wp\/v2\/comments?post=340909"}],"version-history":[{"count":2,"href":"https:\/\/www.suno.com.br\/noticias\/wp-json\/wp\/v2\/posts\/340909\/revisions"}],"predecessor-version":[{"id":340941,"href":"https:\/\/www.suno.com.br\/noticias\/wp-json\/wp\/v2\/posts\/340909\/revisions\/340941"}],"wp:featuredmedia":[{"embeddable":true,"href":"https:\/\/www.suno.com.br\/noticias\/wp-json\/wp\/v2\/media\/278885"}],"wp:attachment":[{"href":"https:\/\/www.suno.com.br\/noticias\/wp-json\/wp\/v2\/media?parent=340909"}],"wp:term":[{"taxonomy":"category","embeddable":true,"href":"https:\/\/www.suno.com.br\/noticias\/wp-json\/wp\/v2\/categories?post=340909"},{"taxonomy":"post_tag","embeddable":true,"href":"https:\/\/www.suno.com.br\/noticias\/wp-json\/wp\/v2\/tags?post=340909"},{"taxonomy":"suno_strategy","embeddable":true,"href":"https:\/\/www.suno.com.br\/noticias\/wp-json\/wp\/v2\/suno_strategy?post=340909"}],"curies":[{"name":"wp","href":"https:\/\/api.w.org\/{rel}","templated":true}]}}