{"id":34072,"date":"2019-08-14T17:51:18","date_gmt":"2019-08-14T20:51:18","guid":{"rendered":"https:\/\/www.suno.com.br\/noticias\/?p=34072"},"modified":"2019-08-14T19:45:38","modified_gmt":"2019-08-14T22:45:38","slug":"medidas-crescer-pib-paulo-guedes","status":"publish","type":"post","link":"https:\/\/www.suno.com.br\/noticias\/medidas-crescer-pib-paulo-guedes\/","title":{"rendered":"Medidas podem fazer crescer PIB at\u00e9 4%, diz Paulo Guedes"},"content":{"rendered":"<p>O ministro da Economia, <strong><a href=\"https:\/\/www.suno.com.br\/tudo-sobre\/paulo-guedes\/\">Paulo Guedes<\/a><\/strong>, afirmou nesta quarta-feira (14) que o destravamento da economia pode gerar um crescimento do PIB em 3% ou 4% por ano at\u00e9 2027.<\/p>\t<div class=\"wrapper-featured-image\">\n\t\t<figure class=\"spotlightImg\">\n\n\t\t\t<picture>\n\t\t\t\t<source media=\"(max-width: 768px)\" srcset=\"https:\/\/files.sunoresearch.com.br\/n\/uploads\/2019\/08\/6d4ea4fe-guedes_paulo-400x200.webp\">\n\t\t\t\t<img loading=\"lazy\" decoding=\"async\" class=\"newsContent__article__imgCapa lazyloadDisabled newsContent__article__imgCapa--noCaption\" src=\"https:\/\/files.sunoresearch.com.br\/n\/uploads\/2019\/08\/6d4ea4fe-guedes_paulo-800x450.webp\" width=\"800\" height=\"450\" alt=\"Medidas podem fazer crescer PIB at\u00e9 4%, diz Paulo Guedes\" fetchpriority=high \/>\n\t\t\t<\/picture>\n\n\t\t\t<figcaption class=\"wp-caption-text wp-caption-text--hide\">O ministro da Economia, Paulo Guedes. <\/figcaption>\n\t\t<\/figure>\n\t<\/div>\n\n\n\n<p>O discurso, real\u00e7ando a poss\u00edvel melhora do <strong>PIB<\/strong>, foi durante uma reuni\u00e3o fechada com empres\u00e1rios e entidades que atuaram no Congresso para garantir a aprova\u00e7\u00e3o da Medida Provis\u00f3ria n\u00ba881, a chamada &#8220;MP da Liberdade Econ\u00f4mica&#8221;, conforme publicado pelo jornal &#8220;Valor Econ\u00f4mico&#8221;.<\/p>\n<p><strong>Guedes<\/strong> afirmou que o maior desafio do Brasil \u00e9 transformar recursos naturais em conhecimento, educa\u00e7\u00e3o, tecnologia e capital humano.<\/p>\n<p><iframe loading=\"lazy\" title=\"?Bolsa cai e d\u00f3lar sobe em dia de turbul\u00eancia internacional e Guedes promete PIB em +4%\" width=\"200\" height=\"113\" src=\"https:\/\/www.youtube.com\/embed\/fy5ZA9NBPFo?feature=oembed\" frameborder=\"0\" allow=\"accelerometer; autoplay; encrypted-media; gyroscope; picture-in-picture\" allowfullscreen><\/iframe><\/p>\n<h2>Melhora no ambiente econ\u00f4mico para o PIB crescer<\/h2>\n<p>O ministro tamb\u00e9m citou os esfor\u00e7os para a cria\u00e7\u00e3o de um melhor ambiente de neg\u00f3cios. Favorecendo a acumula\u00e7\u00e3o de capital e a observa\u00e7\u00e3o de avan\u00e7os no ambiente institucional e na economia.<\/p>\n<p>\u201cA curto e m\u00e9dio prazo, temos um espa\u00e7o grande de atua\u00e7\u00e3o que pode criar um crescimento de 3% e 4% ao ano por tr\u00eas, quatro, cinco, seis, sete, oito anos seguidos, se tivermos sucesso nesse destravamento da economia\u201d, afirmou, Guedes.<\/p>\n<p><strong>O ministro da\u00a0<\/strong><span style=\"font-size: 19.4286px;\"><b>Economia<\/b><\/span>\u00a0voltou a criticar o intervencionismo econ\u00f4mico, a centraliza\u00e7\u00e3o do poder e a corrup\u00e7\u00e3o sist\u00eamica. Segundo ele, estes foram os fatores levaram o Pa\u00eds \u00e0 estagna\u00e7\u00e3o financeira atual.<\/p>\n\t<p>\n\t\t<a href=\"https:\/\/lp.suno.com.br\/planilha-controle-gastos\/\" target=\"_blank\" data-element=\"shortcode-suno-banner\" title=\"Banner SUNO, clique e saiba mais\">\n\t\t\t<picture>\n\t\t\t\t<source media=\"(max-width: 500px)\" srcset=\"https:\/\/files.sunoresearch.com.br\/n\/uploads\/2023\/03\/400x300-Planilha-controle-de-gastos.png\">\n\t\t\t\t<img class=\"newsContent__article__imgCapa newsContent__article__imgCapa--banner\"\n\t\t\t\t\tsrc=\"https:\/\/files.sunoresearch.com.br\/n\/uploads\/2023\/03\/1420x240-Planilha-controle-de-gastos.png\"\n\t\t\t\t\tdata-promo-id=\"383122\"\t\t\t\t\t\t\t\t\t\twidth='1420' height='240'\t\t\t\t\talt=\"https:\/\/files.sunoresearch.com.br\/n\/uploads\/2023\/03\/1420x240-Planilha-controle-de-gastos.png\"\n\t\t\t\t>\n\t\t\t<\/picture>\n\t\t<\/a>\n\t<\/p>\n\n\n<p>&#8220;Sabemos o que estamos combatendo, e estamos combatendo em todas as dimens\u00f5es\u201d, afirmou, dizendo que o governo Jair Bolsonaro est\u00e1 descentralizando, desburocratizando, e privilegiando o cidad\u00e3o.<\/p>\n<p>\u201cVamos fazer a reforma tribut\u00e1ria, vamos fazer privatiza\u00e7\u00f5es, vamos abrir a economia, vamos simplificar o Estado e desregulamentar&#8221;, disse Guedes.<\/p>\n<p>Segundo o ministro, o enriquecimento de na\u00e7\u00f5es e indiv\u00edduos, a longo prazo, depende de acumula\u00e7\u00e3o de capital al\u00e9m do desenvolvimento da educa\u00e7\u00e3o e das tecnologias, recursos naturais e uma superestrutura institucional.<\/p>\n\t<p>\n\t\t<a href=\"https:\/\/lp.suno.com.br\/cl\/impacto-tarifas-trump\/?utm_source=sunoresearch&#038;utm_medium=banner.noticias&#038;utm_campaign=_SNC903E88AA_\" target=\"_blank\" data-element=\"shortcode-suno-banner\" title=\"Banner SUNO, clique e saiba mais\">\n\t\t\t<picture>\n\t\t\t\t<source media=\"(max-width: 500px)\" srcset=\"https:\/\/files.sunoresearch.com.br\/n\/uploads\/2025\/07\/trump-mobile.webp\">\n\t\t\t\t<img class=\"newsContent__article__imgCapa newsContent__article__imgCapa--banner\"\n\t\t\t\t\tsrc=\"https:\/\/files.sunoresearch.com.br\/n\/uploads\/2025\/07\/trump-banner-desktop.webp\"\n\t\t\t\t\tdata-promo-id=\"613126\"\t\t\t\t\t\t\t\t\t\twidth='1000' height='325'\t\t\t\t\talt=\"https:\/\/files.sunoresearch.com.br\/n\/uploads\/2025\/07\/trump-banner-desktop.webp\"\n\t\t\t\t>\n\t\t\t<\/picture>\n\t\t<\/a>\n\t<\/p>\n\n\n<p>\u201cPa\u00edses com muitos recursos naturais, como o Brasil, n\u00e3o conseguem transformar em riqueza esses recursos exatamente porque essa superestrutura institucional \u00e9 muito ruim. Somos prisioneiros cognitivos de modelos obsoletos\u201d, afirmou o ministro.<\/p>\n<h2>Pr\u00f3ximo passo \u00e9 a reforma tribut\u00e1ria<\/h2>\n<p>Para ele, a reforma da Previd\u00eancia que foi aprovada na C\u00e2mara \u00e9 apenas o in\u00edcio. \u201cFizemos uma reforma da Previd\u00eancia que \u00e9 s\u00f3 um passo inicial. N\u00e3o chegamos ainda \u00e0 capitaliza\u00e7\u00e3o, que \u00e9 o objetivo final nosso, para colocar o Brasil para crescer\u201d, disse Guedes.<\/p>\n<p>O ministro tamb\u00e9m lembrou que dois grandes desafios no Pa\u00eds, ainda n\u00e3o foram atacados. \u201cN\u00e3o resolvemos ainda o problema da gera\u00e7\u00e3o de emprego aos milh\u00f5es e a acumula\u00e7\u00e3o de capital, que o Brasil precisa\u201d, afirmou. \u201cEsses dois itens est\u00e3o faltando e s\u00f3 a Nova Previd\u00eancia traria.\u201d, completou Guedes.<\/p>\n<p>&#8220;O <strong>Brasil<\/strong> vai ter energia el\u00e9trica mais barata&#8221;, afirmou o ministro ap\u00f3s afirmar que o pr\u00f3ximo passo ap\u00f3s a aprova\u00e7\u00e3o da <a href=\"https:\/\/www.suno.com.br\/noticias\/reforma-da-previdencia-calendario-confira\/\">reforma da Previd\u00eancia<\/a> e da Medida Provis\u00f3ria n\u00ba881, \u00e9 a Reforma Tribut\u00e1ria.<\/p>\n<p><a href=\"https:\/\/www.suno.com.br\/noticias\/mp-da-liberdade-economica-3-mi-empregos\/\">Saiba mais: MP da Liberdade Econ\u00f4mica ir\u00e1 gerar 3,7 milh\u00f5es de empregos, diz governo<\/a><\/p>\n<p>O ministro informou tamb\u00e9m que haver\u00e1 impacto positivo para as fam\u00edlias de menor renda. &#8221; Vamos atingir as classes mais baixas com um botij\u00e3o de g\u00e1s a 30%, 40% mais barato&#8221;, completou o ministro. O Novo Mercado do G\u00e1s, segundo ele, romper\u00e1 com os dois monop\u00f3lios da Petrobras: o de explora\u00e7\u00e3o e distribui\u00e7\u00e3o.<\/p>\n<p>Segundo o ministro da Economia, ap\u00f3s trabalhar na &#8220;<a href=\"https:\/\/www.suno.com.br\/noticias\/mp-da-liberdade-economica-3-mi-empregos\/\">MP da Liberdade Econ\u00f4mica<\/a>&#8220;, o secret\u00e1rio de Desburocratiza\u00e7\u00e3o, Paulo Uebel, ir\u00e1 trabalhar fortemente na chamada &#8220;reforma do Estado&#8221;. \u201cPrimeiro, ele mexeu no ambiente, no ecossistema onde vivemos, para criar um ambiente melhor para o empreendedorismo, agora temos de reformar a m\u00e1quina.&#8221;, completou o ministro.<\/p>\n<p>Os projetos tem como objetivo levar um aumento ainda expressivo do <strong>PIB<\/strong> no Brasil nos pr\u00f3ximos anos.<\/p>\n","protected":false},"excerpt":{"rendered":"<p>O ministro da Economia, Paulo Guedes, afirmou nesta quarta-feira (14) que o destravamento da economia pode gerar um crescimento do PIB em 3% ou 4% por ano at\u00e9 2027. O ministro da Economia, Paulo Guedes. O discurso, real\u00e7ando a poss\u00edvel melhora do PIB, foi durante uma reuni\u00e3o fechada com empres\u00e1rios e entidades que atuaram no [&hellip;]<\/p>\n","protected":false},"author":23,"featured_media":34080,"comment_status":"closed","ping_status":"closed","sticky":false,"template":"","format":"standard","meta":[],"categories":[61],"tags":[909,1850,796,807],"suno_strategy":[],"class_list":["post-34072","post","type-post","status-publish","format-standard","has-post-thumbnail","hentry","category-politica","tag-ministerio-da-economia","tag-mp-da-liberdade-economica","tag-paulo-guedes","tag-produto-interno-bruto-pib"],"yoast_head":"<!-- This site is optimized with the Yoast SEO plugin v24.4 - https:\/\/yoast.com\/wordpress\/plugins\/seo\/ -->\n<title>Medidas podem fazer crescer PIB at\u00e9 4%, diz Paulo Guedes<\/title>\n<meta name=\"description\" content=\"O ministro da Economia afirmou que o destravamento da economia pode gerar um crescimento deo PIB de 3% ou 4% por ano. Clique para saber mais.\" \/>\n<meta name=\"robots\" content=\"index, follow, max-snippet:-1, max-image-preview:large, max-video-preview:-1\" \/>\n<link rel=\"canonical\" href=\"https:\/\/www.suno.com.br\/noticias\/medidas-crescer-pib-paulo-guedes\/\" \/>\n<meta property=\"og:locale\" content=\"pt_BR\" \/>\n<meta property=\"og:type\" content=\"article\" \/>\n<meta property=\"og:title\" content=\"Medidas podem fazer crescer PIB at\u00e9 4%, diz Paulo Guedes\" \/>\n<meta property=\"og:description\" content=\"O ministro da Economia afirmou que o destravamento da economia pode gerar um crescimento deo PIB de 3% ou 4% por ano. Clique para saber mais.\" \/>\n<meta property=\"og:url\" content=\"https:\/\/www.suno.com.br\/noticias\/medidas-crescer-pib-paulo-guedes\/\" \/>\n<meta property=\"og:site_name\" content=\"Suno Not\u00edcias\" \/>\n<meta property=\"article:publisher\" content=\"https:\/\/facebook.com\/sunoresearch\" \/>\n<meta property=\"og:image\" content=\"https:\/\/files.sunoresearch.com.br\/n\/uploads\/2019\/08\/6d4ea4fe-guedes_paulo.jpg\" \/>\n\t<meta property=\"og:image:width\" content=\"800\" \/>\n\t<meta property=\"og:image:height\" content=\"500\" \/>\n\t<meta property=\"og:image:type\" content=\"image\/jpeg\" \/>\n<meta name=\"author\" content=\"Rafael Lara\" \/>\n<meta name=\"twitter:card\" content=\"summary_large_image\" \/>\n<meta name=\"twitter:creator\" content=\"@sunoresearch\" \/>\n<meta name=\"twitter:site\" content=\"@sunoresearch\" \/>\n<meta name=\"twitter:label1\" content=\"Escrito por\" \/>\n\t<meta name=\"twitter:data1\" content=\"Rafael Lara\" \/>\n\t<meta name=\"twitter:label2\" content=\"Est. tempo de leitura\" \/>\n\t<meta name=\"twitter:data2\" content=\"3 minutos\" \/>\n<script type=\"application\/ld+json\" class=\"yoast-schema-graph\">{\"@context\":\"https:\/\/schema.org\",\"@graph\":[{\"@type\":\"NewsArticle\",\"@id\":\"https:\/\/www.suno.com.br\/noticias\/medidas-crescer-pib-paulo-guedes\/#article\",\"isPartOf\":{\"@id\":\"https:\/\/www.suno.com.br\/noticias\/medidas-crescer-pib-paulo-guedes\/\"},\"author\":{\"name\":\"Rafael Lara\",\"@id\":\"https:\/\/www.suno.com.br\/noticias\/#\/schema\/person\/098743caeed97b37f51315c9576c4078\"},\"headline\":\"Medidas podem fazer crescer PIB at\u00e9 4%, diz Paulo Guedes\",\"datePublished\":\"2019-08-14T20:51:18+00:00\",\"dateModified\":\"2019-08-14T22:45:38+00:00\",\"mainEntityOfPage\":{\"@id\":\"https:\/\/www.suno.com.br\/noticias\/medidas-crescer-pib-paulo-guedes\/\"},\"wordCount\":665,\"publisher\":{\"@id\":\"https:\/\/www.suno.com.br\/noticias\/#organization\"},\"image\":{\"@id\":\"https:\/\/www.suno.com.br\/noticias\/medidas-crescer-pib-paulo-guedes\/#primaryimage\"},\"thumbnailUrl\":\"https:\/\/files.sunoresearch.com.br\/n\/uploads\/2019\/08\/6d4ea4fe-guedes_paulo-jpg.webp\",\"keywords\":[\"Minist\u00e9rio da Economia\",\"MP da Liberdade Econ\u00f4mica\",\"Paulo Guedes\",\"Produto Interno Bruto (PIB)\"],\"articleSection\":[\"Pol\u00edtica\"],\"inLanguage\":\"pt-BR\"},{\"@type\":\"WebPage\",\"@id\":\"https:\/\/www.suno.com.br\/noticias\/medidas-crescer-pib-paulo-guedes\/\",\"url\":\"https:\/\/www.suno.com.br\/noticias\/medidas-crescer-pib-paulo-guedes\/\",\"name\":\"Medidas podem fazer crescer PIB at\u00e9 4%, diz Paulo Guedes\",\"isPartOf\":{\"@id\":\"https:\/\/www.suno.com.br\/noticias\/#website\"},\"primaryImageOfPage\":{\"@id\":\"https:\/\/www.suno.com.br\/noticias\/medidas-crescer-pib-paulo-guedes\/#primaryimage\"},\"image\":{\"@id\":\"https:\/\/www.suno.com.br\/noticias\/medidas-crescer-pib-paulo-guedes\/#primaryimage\"},\"thumbnailUrl\":\"https:\/\/files.sunoresearch.com.br\/n\/uploads\/2019\/08\/6d4ea4fe-guedes_paulo-jpg.webp\",\"datePublished\":\"2019-08-14T20:51:18+00:00\",\"dateModified\":\"2019-08-14T22:45:38+00:00\",\"description\":\"O ministro da Economia afirmou que o destravamento da economia pode gerar um crescimento deo PIB de 3% ou 4% por ano. Clique para saber mais.\",\"breadcrumb\":{\"@id\":\"https:\/\/www.suno.com.br\/noticias\/medidas-crescer-pib-paulo-guedes\/#breadcrumb\"},\"inLanguage\":\"pt-BR\",\"potentialAction\":[{\"@type\":\"ReadAction\",\"target\":[\"https:\/\/www.suno.com.br\/noticias\/medidas-crescer-pib-paulo-guedes\/\"]}]},{\"@type\":\"ImageObject\",\"inLanguage\":\"pt-BR\",\"@id\":\"https:\/\/www.suno.com.br\/noticias\/medidas-crescer-pib-paulo-guedes\/#primaryimage\",\"url\":\"https:\/\/files.sunoresearch.com.br\/n\/uploads\/2019\/08\/6d4ea4fe-guedes_paulo-jpg.webp\",\"contentUrl\":\"https:\/\/files.sunoresearch.com.br\/n\/uploads\/2019\/08\/6d4ea4fe-guedes_paulo-jpg.webp\",\"width\":800,\"height\":500,\"caption\":\"O ministro da Economia, Paulo Guedes.\"},{\"@type\":\"BreadcrumbList\",\"@id\":\"https:\/\/www.suno.com.br\/noticias\/medidas-crescer-pib-paulo-guedes\/#breadcrumb\",\"itemListElement\":[{\"@type\":\"ListItem\",\"position\":1,\"name\":\"Not\u00edcias\",\"item\":\"https:\/\/www.suno.com.br\/noticias\/\"},{\"@type\":\"ListItem\",\"position\":2,\"name\":\"Pol\u00edtica\",\"item\":\"https:\/\/www.suno.com.br\/noticias\/politica\/\"},{\"@type\":\"ListItem\",\"position\":3,\"name\":\"Medidas podem fazer crescer PIB at\u00e9 4%, diz Paulo Guedes\"}]},{\"@type\":\"WebSite\",\"@id\":\"https:\/\/www.suno.com.br\/noticias\/#website\",\"url\":\"https:\/\/www.suno.com.br\/noticias\/\",\"name\":\"Suno Not\u00edcias\",\"description\":\"Seu portal de informa\u00e7\u00e3o sobre o mundo dos investimentos\",\"publisher\":{\"@id\":\"https:\/\/www.suno.com.br\/noticias\/#organization\"},\"potentialAction\":[{\"@type\":\"SearchAction\",\"target\":{\"@type\":\"EntryPoint\",\"urlTemplate\":\"https:\/\/www.suno.com.br\/noticias\/?s={search_term_string}\"},\"query-input\":{\"@type\":\"PropertyValueSpecification\",\"valueRequired\":true,\"valueName\":\"search_term_string\"}}],\"inLanguage\":\"pt-BR\"},{\"@type\":\"Organization\",\"@id\":\"https:\/\/www.suno.com.br\/noticias\/#organization\",\"name\":\"Suno Not\u00edcias\",\"url\":\"https:\/\/www.suno.com.br\/noticias\/\",\"logo\":{\"@type\":\"ImageObject\",\"inLanguage\":\"pt-BR\",\"@id\":\"https:\/\/www.suno.com.br\/noticias\/#\/schema\/logo\/image\/\",\"url\":\"https:\/\/files.sunoresearch.com.br\/n\/uploads\/2021\/09\/suno-logo.png\",\"contentUrl\":\"https:\/\/files.sunoresearch.com.br\/n\/uploads\/2021\/09\/suno-logo.png\",\"width\":180,\"height\":180,\"caption\":\"Suno Not\u00edcias\"},\"image\":{\"@id\":\"https:\/\/www.suno.com.br\/noticias\/#\/schema\/logo\/image\/\"},\"sameAs\":[\"https:\/\/facebook.com\/sunoresearch\",\"https:\/\/x.com\/sunoresearch\",\"https:\/\/www.instagram.com\/suno\",\"https:\/\/www.linkedin.com\/company\/suno-research\/\",\"https:\/\/www.youtube.com\/c\/sunoresearch\"]},{\"@type\":\"Person\",\"@id\":\"https:\/\/www.suno.com.br\/noticias\/#\/schema\/person\/098743caeed97b37f51315c9576c4078\",\"name\":\"Rafael Lara\",\"image\":{\"@type\":\"ImageObject\",\"inLanguage\":\"pt-BR\",\"@id\":\"https:\/\/www.suno.com.br\/noticias\/#\/schema\/person\/image\/\",\"url\":\"https:\/\/secure.gravatar.com\/avatar\/dfc254ab9bb2ea1895d98b9e9dae4bdd?s=96&r=g\",\"contentUrl\":\"https:\/\/secure.gravatar.com\/avatar\/dfc254ab9bb2ea1895d98b9e9dae4bdd?s=96&r=g\",\"caption\":\"Rafael Lara\"},\"description\":\"Rafael Lara cursa jornalismo na Faculdade C\u00e1sper L\u00edbero. Escreve sobre pol\u00edtica, economia e neg\u00f3cios para o portal Suno Not\u00edcias. Antes, colaborou na TV Gazeta na produ\u00e7\u00e3o do programa Edi\u00e7\u00e3o Extra.\",\"url\":\"https:\/\/www.suno.com.br\/noticias\/author\/rafael\/\"}]}<\/script>\n<!-- \/ Yoast SEO plugin. -->","yoast_head_json":{"title":"Medidas podem fazer crescer PIB at\u00e9 4%, diz Paulo Guedes","description":"O ministro da Economia afirmou que o destravamento da economia pode gerar um crescimento deo PIB de 3% ou 4% por ano. Clique para saber mais.","robots":{"index":"index","follow":"follow","max-snippet":"max-snippet:-1","max-image-preview":"max-image-preview:large","max-video-preview":"max-video-preview:-1"},"canonical":"https:\/\/www.suno.com.br\/noticias\/medidas-crescer-pib-paulo-guedes\/","og_locale":"pt_BR","og_type":"article","og_title":"Medidas podem fazer crescer PIB at\u00e9 4%, diz Paulo Guedes","og_description":"O ministro da Economia afirmou que o destravamento da economia pode gerar um crescimento deo PIB de 3% ou 4% por ano. Clique para saber mais.","og_url":"https:\/\/www.suno.com.br\/noticias\/medidas-crescer-pib-paulo-guedes\/","og_site_name":"Suno Not\u00edcias","article_publisher":"https:\/\/facebook.com\/sunoresearch","og_image":[{"width":800,"height":500,"url":"https:\/\/files.sunoresearch.com.br\/n\/uploads\/2019\/08\/6d4ea4fe-guedes_paulo.jpg","type":"image\/jpeg"}],"author":"Rafael Lara","twitter_card":"summary_large_image","twitter_creator":"@sunoresearch","twitter_site":"@sunoresearch","twitter_misc":{"Escrito por":"Rafael Lara","Est. tempo de leitura":"3 minutos"},"schema":{"@context":"https:\/\/schema.org","@graph":[{"@type":"NewsArticle","@id":"https:\/\/www.suno.com.br\/noticias\/medidas-crescer-pib-paulo-guedes\/#article","isPartOf":{"@id":"https:\/\/www.suno.com.br\/noticias\/medidas-crescer-pib-paulo-guedes\/"},"author":{"name":"Rafael Lara","@id":"https:\/\/www.suno.com.br\/noticias\/#\/schema\/person\/098743caeed97b37f51315c9576c4078"},"headline":"Medidas podem fazer crescer PIB at\u00e9 4%, diz Paulo Guedes","datePublished":"2019-08-14T20:51:18+00:00","dateModified":"2019-08-14T22:45:38+00:00","mainEntityOfPage":{"@id":"https:\/\/www.suno.com.br\/noticias\/medidas-crescer-pib-paulo-guedes\/"},"wordCount":665,"publisher":{"@id":"https:\/\/www.suno.com.br\/noticias\/#organization"},"image":{"@id":"https:\/\/www.suno.com.br\/noticias\/medidas-crescer-pib-paulo-guedes\/#primaryimage"},"thumbnailUrl":"https:\/\/files.sunoresearch.com.br\/n\/uploads\/2019\/08\/6d4ea4fe-guedes_paulo-jpg.webp","keywords":["Minist\u00e9rio da Economia","MP da Liberdade Econ\u00f4mica","Paulo Guedes","Produto Interno Bruto (PIB)"],"articleSection":["Pol\u00edtica"],"inLanguage":"pt-BR"},{"@type":"WebPage","@id":"https:\/\/www.suno.com.br\/noticias\/medidas-crescer-pib-paulo-guedes\/","url":"https:\/\/www.suno.com.br\/noticias\/medidas-crescer-pib-paulo-guedes\/","name":"Medidas podem fazer crescer PIB at\u00e9 4%, diz Paulo Guedes","isPartOf":{"@id":"https:\/\/www.suno.com.br\/noticias\/#website"},"primaryImageOfPage":{"@id":"https:\/\/www.suno.com.br\/noticias\/medidas-crescer-pib-paulo-guedes\/#primaryimage"},"image":{"@id":"https:\/\/www.suno.com.br\/noticias\/medidas-crescer-pib-paulo-guedes\/#primaryimage"},"thumbnailUrl":"https:\/\/files.sunoresearch.com.br\/n\/uploads\/2019\/08\/6d4ea4fe-guedes_paulo-jpg.webp","datePublished":"2019-08-14T20:51:18+00:00","dateModified":"2019-08-14T22:45:38+00:00","description":"O ministro da Economia afirmou que o destravamento da economia pode gerar um crescimento deo PIB de 3% ou 4% por ano. Clique para saber mais.","breadcrumb":{"@id":"https:\/\/www.suno.com.br\/noticias\/medidas-crescer-pib-paulo-guedes\/#breadcrumb"},"inLanguage":"pt-BR","potentialAction":[{"@type":"ReadAction","target":["https:\/\/www.suno.com.br\/noticias\/medidas-crescer-pib-paulo-guedes\/"]}]},{"@type":"ImageObject","inLanguage":"pt-BR","@id":"https:\/\/www.suno.com.br\/noticias\/medidas-crescer-pib-paulo-guedes\/#primaryimage","url":"https:\/\/files.sunoresearch.com.br\/n\/uploads\/2019\/08\/6d4ea4fe-guedes_paulo-jpg.webp","contentUrl":"https:\/\/files.sunoresearch.com.br\/n\/uploads\/2019\/08\/6d4ea4fe-guedes_paulo-jpg.webp","width":800,"height":500,"caption":"O ministro da Economia, Paulo Guedes."},{"@type":"BreadcrumbList","@id":"https:\/\/www.suno.com.br\/noticias\/medidas-crescer-pib-paulo-guedes\/#breadcrumb","itemListElement":[{"@type":"ListItem","position":1,"name":"Not\u00edcias","item":"https:\/\/www.suno.com.br\/noticias\/"},{"@type":"ListItem","position":2,"name":"Pol\u00edtica","item":"https:\/\/www.suno.com.br\/noticias\/politica\/"},{"@type":"ListItem","position":3,"name":"Medidas podem fazer crescer PIB at\u00e9 4%, diz Paulo Guedes"}]},{"@type":"WebSite","@id":"https:\/\/www.suno.com.br\/noticias\/#website","url":"https:\/\/www.suno.com.br\/noticias\/","name":"Suno Not\u00edcias","description":"Seu portal de informa\u00e7\u00e3o sobre o mundo dos investimentos","publisher":{"@id":"https:\/\/www.suno.com.br\/noticias\/#organization"},"potentialAction":[{"@type":"SearchAction","target":{"@type":"EntryPoint","urlTemplate":"https:\/\/www.suno.com.br\/noticias\/?s={search_term_string}"},"query-input":{"@type":"PropertyValueSpecification","valueRequired":true,"valueName":"search_term_string"}}],"inLanguage":"pt-BR"},{"@type":"Organization","@id":"https:\/\/www.suno.com.br\/noticias\/#organization","name":"Suno Not\u00edcias","url":"https:\/\/www.suno.com.br\/noticias\/","logo":{"@type":"ImageObject","inLanguage":"pt-BR","@id":"https:\/\/www.suno.com.br\/noticias\/#\/schema\/logo\/image\/","url":"https:\/\/files.sunoresearch.com.br\/n\/uploads\/2021\/09\/suno-logo.png","contentUrl":"https:\/\/files.sunoresearch.com.br\/n\/uploads\/2021\/09\/suno-logo.png","width":180,"height":180,"caption":"Suno Not\u00edcias"},"image":{"@id":"https:\/\/www.suno.com.br\/noticias\/#\/schema\/logo\/image\/"},"sameAs":["https:\/\/facebook.com\/sunoresearch","https:\/\/x.com\/sunoresearch","https:\/\/www.instagram.com\/suno","https:\/\/www.linkedin.com\/company\/suno-research\/","https:\/\/www.youtube.com\/c\/sunoresearch"]},{"@type":"Person","@id":"https:\/\/www.suno.com.br\/noticias\/#\/schema\/person\/098743caeed97b37f51315c9576c4078","name":"Rafael Lara","image":{"@type":"ImageObject","inLanguage":"pt-BR","@id":"https:\/\/www.suno.com.br\/noticias\/#\/schema\/person\/image\/","url":"https:\/\/secure.gravatar.com\/avatar\/dfc254ab9bb2ea1895d98b9e9dae4bdd?s=96&r=g","contentUrl":"https:\/\/secure.gravatar.com\/avatar\/dfc254ab9bb2ea1895d98b9e9dae4bdd?s=96&r=g","caption":"Rafael Lara"},"description":"Rafael Lara cursa jornalismo na Faculdade C\u00e1sper L\u00edbero. Escreve sobre pol\u00edtica, economia e neg\u00f3cios para o portal Suno Not\u00edcias. Antes, colaborou na TV Gazeta na produ\u00e7\u00e3o do programa Edi\u00e7\u00e3o Extra.","url":"https:\/\/www.suno.com.br\/noticias\/author\/rafael\/"}]}},"default_loop_html":"<div class=\"cardsPage__listCard__boxs\"><div class=\"cardsPage__listCard__boxs__img\"><a href=\"https:\/\/www.suno.com.br\/noticias\/medidas-crescer-pib-paulo-guedes\/\"><img class=\"mask\" src=\"https:\/\/www.suno.com.br\/noticias\/wp-content\/themes\/suno\/resources\/images\/spotlight\/spotlight1img\/bg-mask.png\" alt=\"Image Mask\"\/><img src=\"https:\/\/files.sunoresearch.com.br\/n\/uploads\/2019\/08\/6d4ea4fe-guedes_paulo-400x200.webp\" alt=\"Medidas podem fazer crescer PIB at\u00e9 4%, diz Paulo Guedes\"\/><\/a><span class=\"spotlightCategory\"><a href=\"https:\/\/www.suno.com.br\/noticias\/politica\/\">Pol\u00edtica<\/a><\/span><\/div><div class=\"cardsPage__listCard__boxs__content\"><a href=\"https:\/\/www.suno.com.br\/noticias\/medidas-crescer-pib-paulo-guedes\/\"><h2 class=\"content__title\">Medidas podem fazer crescer PIB at\u00e9 4%, diz Paulo Guedes<\/h2><\/a><div class=\"newsContent__article__meta\"><div class=\"newsContent__article__meta__authorBox\"><a href=\"https:\/\/www.suno.com.br\/noticias\/author\/rafael\/\" class=\"authorBox__avatar noMobi\"><img src=\"https:\/\/secure.gravatar.com\/avatar\/dfc254ab9bb2ea1895d98b9e9dae4bdd?s=96&#038;r=g\" alt=\"Rafael Lara\"><\/a><div class=\"authorBox__name\"><span>por\n\t\t\t<a href=\"https:\/\/www.suno.com.br\/noticias\/author\/rafael\/\"><span itemprop=\"author\">Rafael Lara<\/span><\/a><\/span><time datetime=\"2019-08-14T17:51:18-03:00\" itemprop=\"datePublished\">14\/08\/2019 17:51<\/time><\/div><\/div><\/div><\/div><\/div>","single_layout":"posts","amp_enabled":true,"_links":{"self":[{"href":"https:\/\/www.suno.com.br\/noticias\/wp-json\/wp\/v2\/posts\/34072"}],"collection":[{"href":"https:\/\/www.suno.com.br\/noticias\/wp-json\/wp\/v2\/posts"}],"about":[{"href":"https:\/\/www.suno.com.br\/noticias\/wp-json\/wp\/v2\/types\/post"}],"author":[{"embeddable":true,"href":"https:\/\/www.suno.com.br\/noticias\/wp-json\/wp\/v2\/users\/23"}],"replies":[{"embeddable":true,"href":"https:\/\/www.suno.com.br\/noticias\/wp-json\/wp\/v2\/comments?post=34072"}],"version-history":[{"count":0,"href":"https:\/\/www.suno.com.br\/noticias\/wp-json\/wp\/v2\/posts\/34072\/revisions"}],"wp:featuredmedia":[{"embeddable":true,"href":"https:\/\/www.suno.com.br\/noticias\/wp-json\/wp\/v2\/media\/34080"}],"wp:attachment":[{"href":"https:\/\/www.suno.com.br\/noticias\/wp-json\/wp\/v2\/media?parent=34072"}],"wp:term":[{"taxonomy":"category","embeddable":true,"href":"https:\/\/www.suno.com.br\/noticias\/wp-json\/wp\/v2\/categories?post=34072"},{"taxonomy":"post_tag","embeddable":true,"href":"https:\/\/www.suno.com.br\/noticias\/wp-json\/wp\/v2\/tags?post=34072"},{"taxonomy":"suno_strategy","embeddable":true,"href":"https:\/\/www.suno.com.br\/noticias\/wp-json\/wp\/v2\/suno_strategy?post=34072"}],"curies":[{"name":"wp","href":"https:\/\/api.w.org\/{rel}","templated":true}]}}