{"id":340710,"date":"2023-01-04T18:56:10","date_gmt":"2023-01-04T21:56:10","guid":{"rendered":"https:\/\/www.suno.com.br\/noticias\/?p=340710"},"modified":"2023-01-04T18:56:16","modified_gmt":"2023-01-04T21:56:16","slug":"petrobras-petr4-prates-presidencia-justica","status":"publish","type":"post","link":"https:\/\/www.suno.com.br\/noticias\/petrobras-petr4-prates-presidencia-justica\/","title":{"rendered":"Petrobras (PETR4): indica\u00e7\u00e3o de Jean Paul Prates \u00e0 presid\u00eancia \u00e9 questionada e vai parar na Justi\u00e7a"},"content":{"rendered":"<p>A indica\u00e7\u00e3o do senador Jean Paul Prates (PT) para a presid\u00eancia da <strong>Petrobras<\/strong> (<a href=\"https:\/\/www.suno.com.br\/acoes\/petr4\/\" target=\"_blank\" rel=\"noreferrer noopener\">PETR4<\/a>) virou caso de Justi\u00e7a. Nesta quarta (4), o vereador de S\u00e3o Paulo Rubinho Nunes, do Uni\u00e3o Brasil, decidiu entrar com uma a\u00e7\u00e3o popular em regime de urg\u00eancia, na Justi\u00e7a do Distrito Federal, contra a nomea\u00e7\u00e3o do petista. Para o pol\u00edtico paulista, essa decis\u00e3o do governo Lula fere o que est\u00e1 determinado na Lei das Estatais.<\/p>\t<div class=\"wrapper-featured-image\">\n\t\t<figure class=\"spotlightImg\">\n\n\t\t\t<picture>\n\t\t\t\t<source media=\"(max-width: 768px)\" srcset=\"https:\/\/files.sunoresearch.com.br\/n\/uploads\/2023\/01\/Jean-Paul-Prates-400x200.jpg\">\n\t\t\t\t<img loading=\"lazy\" decoding=\"async\" class=\"newsContent__article__imgCapa lazyloadDisabled \" src=\"https:\/\/files.sunoresearch.com.br\/n\/uploads\/2023\/01\/Jean-Paul-Prates-800x450.jpg\" width=\"800\" height=\"450\" alt=\"Petrobras (PETR4): indica\u00e7\u00e3o de Jean Paul Prates \u00e0 presid\u00eancia \u00e9 questionada e vai parar na Justi\u00e7a\" fetchpriority=high \/>\n\t\t\t<\/picture>\n\n\t\t\t<figcaption class=\"wp-caption-text wp-caption-text--show\">Jean Paul Prates. Foto: Roque de S\u00e1\/Ag\u00eancia Senado<\/figcaption>\n\t\t<\/figure>\n\t<\/div>\n\n\n\n\n\n\t<p>\n\t\t<a href=\"\" target=\"_blank\" data-element=\"shortcode-suno-banner\" title=\"Banner SUNO, clique e saiba mais\">\n\t\t\t<picture>\n\t\t\t\t<source media=\"(max-width: 500px)\" srcset=\"\">\n\t\t\t\t<img class=\"newsContent__article__imgCapa newsContent__article__imgCapa--banner\"\n\t\t\t\t\tsrc=\"\"\n\t\t\t\t\tdata-promo-id=\"254218\"\t\t\t\t\t\t\t\t\t\t\t\t\t\t\talt=\"\"\n\t\t\t\t>\n\t\t\t<\/picture>\n\t\t<\/a>\n\t<\/p>\n\n\n\n\n\n<p>&#8220;Prates disputou as elei\u00e7\u00f5es em 2020, ent\u00e3o n\u00e3o cumpre o per\u00edodo de quarentena de 36 meses que deveria cumprir. Por esse motivo, a gente pede liminarmente que seja afastada a nomea\u00e7\u00e3o dele&#8221;, explica Nunes ao Suno Not\u00edcias.<\/p>\n\n\n\n<p>Nunes \u00e9 advogado. Um dos cofundadores do Movimento Brasil Livre (MBL), ele deixou o MBL em outubro. A <strong>a\u00e7\u00e3o do vereador na Justi\u00e7a<\/strong> do DF tamb\u00e9m cita o <strong>ministro de Minas e Energia<\/strong> Alexandre Silveira, senador pelo PSD-MG, que indicou Prates \u00e0 Petrobras. <\/p>\n\n\n\n<p><strong>Jean Paul Prates<\/strong> se candidatou \u00e0 prefeitura de Natal (RN) em 2020. Pela regra em vigor, pessoas que ocuparam estrutura decis\u00f3ria de partido ou estiveram presentes em campanhas eleitorais s\u00f3 podem ocupar cargos de presid\u00eancia ou dire\u00e7\u00e3o de empresas p\u00fablicas ap\u00f3s uma quarentena de 36 meses.<\/p>\n\n\n\n<p>Em dezembro de 2022, a C\u00e2mara dos Deputados <a href=\"https:\/\/www.suno.com.br\/noticias\/camara-lei-das-estatais-quarentena\/\" target=\"_blank\" rel=\"noreferrer noopener\">aprovou uma mudan\u00e7a <\/a>na <strong>Lei das Estatais<\/strong>, que diminui esse per\u00edodo para 30 dias. Contudo, esse ajuste s\u00f3 entra em vigor ap\u00f3s a aprova\u00e7\u00e3o no Senado e a san\u00e7\u00e3o presidencial.<\/p>\n\n\n\n<p>Al\u00e9m de beneficiar Prates, a altera\u00e7\u00e3o possibilita que Aloizio Mercadante (PT) assuma o comando do Banco Nacional de <a class=\"suno-keyword\" data-force=\"no\" data-priority=\"1\" href=\"https:\/\/www.suno.com.br\/artigos\/desenvolvimento-economico\/\" target=\"_blank\" rel=\"noopener\">Desenvolvimento Econ\u00f4mico<\/a> e Social (BNDES), outra indica\u00e7\u00e3o presidencial.<\/p>\n\n\n\n<p>Em dezembro, Nunes tamb\u00e9m havia entrado com uma a\u00e7\u00e3o na 5\u00aa Vara Federal do Distrito Federal contra a <a href=\"https:\/\/www.suno.com.br\/noticias\/mercadante-indicar-barbosa-campello-bndes\/\">indica\u00e7\u00e3o de Mercadante<\/a>, por tamb\u00e9m estar, segundo ele, em desacordo com a Lei das Estatais. <\/p>\n\n\n\n<p>Na peti\u00e7\u00e3o sobre Prates, Nunes pede que o poder judici\u00e1rio suspenda a nomea\u00e7\u00e3o do senador e que o Minist\u00e9rio P\u00fablico Federal seja intimado a tomar as medidas cab\u00edveis perante o caso.<\/p>\n\n\n\t<p>\n\t\t<a href=\"https:\/\/lp.suno.com.br\/planilha-controle-gastos\/\" target=\"_blank\" data-element=\"shortcode-suno-banner\" title=\"Banner SUNO, clique e saiba mais\">\n\t\t\t<picture>\n\t\t\t\t<source media=\"(max-width: 500px)\" srcset=\"https:\/\/files.sunoresearch.com.br\/n\/uploads\/2023\/03\/400x300-Planilha-controle-de-gastos.png\">\n\t\t\t\t<img class=\"newsContent__article__imgCapa newsContent__article__imgCapa--banner\"\n\t\t\t\t\tsrc=\"https:\/\/files.sunoresearch.com.br\/n\/uploads\/2023\/03\/1420x240-Planilha-controle-de-gastos.png\"\n\t\t\t\t\tdata-promo-id=\"101751\"\t\t\t\t\t\t\t\t\t\twidth='1420' height='240'\t\t\t\t\talt=\"https:\/\/files.sunoresearch.com.br\/n\/uploads\/2023\/03\/1420x240-Planilha-controle-de-gastos.png\"\n\t\t\t\t>\n\t\t\t<\/picture>\n\t\t<\/a>\n\t<\/p>\n\n\n\n\n\n<h2 class=\"wp-block-heading\" id=\"h-prates-na-petrobras\">Prates na Petrobras<\/h2>\n\n\n\n<p>Na ter\u00e7a (3), o Minist\u00e9rio de Minas e Energia (MME) <a href=\"https:\/\/www.suno.com.br\/noticias\/petrobras-petr4-indicacao-prates-presidencia\/\" target=\"_blank\" rel=\"noreferrer noopener\">encaminhou a indica\u00e7\u00e3o de Prates<\/a> para a estatal.<\/p>\n\n\n\n<p>\u201cDe acordo com o of\u00edcio, o nome do senhor Jean Paul Terra Prates foi encaminhado \u00e0 Casa Civil da Presid\u00eancia da Rep\u00fablica, conforme disp\u00f5e o Decreto 8.945, de 27 de dezembro de 2016, e t\u00e3o logo a documenta\u00e7\u00e3o seja analisada e retorne ao Minist\u00e9rio das Minas e Energia, ser\u00e1 encaminhada \u00e0 Petrobras\u201d, comentou a Petrobras em nota.<\/p>\n\n\n\n<p>Al\u00e9m do imbr\u00f3glio jur\u00eddico sobre a Lei das Estatais, a indica\u00e7\u00e3o de Prates precisa passar pelo processo de governan\u00e7a interna da petroleira. <\/p>\n\n\n\t<p>\n\t\t<a href=\"https:\/\/lp.suno.com.br\/ebook-como-analisar-uma-acao\/\" target=\"_blank\" data-element=\"shortcode-suno-banner\" title=\"Banner SUNO, clique e saiba mais\">\n\t\t\t<picture>\n\t\t\t\t<source media=\"(max-width: 500px)\" srcset=\"https:\/\/files.sunoresearch.com.br\/n\/uploads\/2023\/03\/Ebook-Acoes-Mobile-1.jpg\">\n\t\t\t\t<img class=\"newsContent__article__imgCapa newsContent__article__imgCapa--banner\"\n\t\t\t\t\tsrc=\"https:\/\/files.sunoresearch.com.br\/n\/uploads\/2023\/03\/Ebook-Acoes-Desktop-1.jpg\"\n\t\t\t\t\tdata-promo-id=\"171998\"\t\t\t\t\t\t\t\t\t\twidth='1420' height='286'\t\t\t\t\talt=\"https:\/\/files.sunoresearch.com.br\/n\/uploads\/2023\/03\/Ebook-Acoes-Desktop-1.jpg\"\n\t\t\t\t>\n\t\t\t<\/picture>\n\t\t<\/a>\n\t<\/p>\n\n\n\n\n\n<p><a href=\"https:\/\/www.suno.com.br\/noticias\/petrobras-petr4-presidente-renuncia\/\" target=\"_blank\" rel=\"noreferrer noopener\">Caio Paes de Andrade, ent\u00e3o presidente da empresa<\/a>, renunciou ao cargo nesta ter\u00e7a (3). Jo\u00e3o Henrique Rittershaussen, diretor de Desenvolvimento da Produ\u00e7\u00e3o, assumiu interinamente a lideran\u00e7a da estatal.<\/p>\n\n\n\n<p>Segundo a Bloomberg, Prates disse que n\u00e3o haver\u00e1 interven\u00e7\u00e3o direta no pre\u00e7o dos combust\u00edveis durante a sua gest\u00e3o. Essa fala fez os pap\u00e9is da companhia dispararem no preg\u00e3o desta quarta. As a\u00e7\u00f5es da Petrobras fecharam em alta de 2,86%, de acordo com dados do Status Invest.<\/p>\n\n\n\n<p>O Suno Not\u00edcias entrou em contato com a assessoria do senador Jean Paul Prates sobre o pedido de suspen\u00e7\u00e3o da indica\u00e7\u00e3o \u00e0 presid\u00eancia da <strong>Petrobras<\/strong>, mas n\u00e3o obteve retorno at\u00e9 a publica\u00e7\u00e3o desta reportagem.<\/p>\n\n\n\t<p>\n\t\t<a href=\"https:\/\/lp.suno.com.br\/planilha-de-controle-de-investimentos\/\" target=\"_blank\" data-element=\"shortcode-suno-banner\" title=\"Banner SUNO, clique e saiba mais\">\n\t\t\t<picture>\n\t\t\t\t<source media=\"(max-width: 500px)\" srcset=\"https:\/\/files.sunoresearch.com.br\/n\/uploads\/2023\/03\/400x300-Controle-de-Investimentos.png\">\n\t\t\t\t<img class=\"newsContent__article__imgCapa newsContent__article__imgCapa--banner\"\n\t\t\t\t\tsrc=\"https:\/\/files.sunoresearch.com.br\/n\/uploads\/2023\/03\/1420x240-Controle-de-Investimentos.png\"\n\t\t\t\t\tdata-promo-id=\"75934\"\t\t\t\t\t\t\t\t\t\twidth='1420' height='240'\t\t\t\t\talt=\"https:\/\/files.sunoresearch.com.br\/n\/uploads\/2023\/03\/1420x240-Controle-de-Investimentos.png\"\n\t\t\t\t>\n\t\t\t<\/picture>\n\t\t<\/a>\n\t<\/p>\n\n\n","protected":false},"excerpt":{"rendered":"<p>A indica\u00e7\u00e3o do senador Jean Paul Prates (PT) para a presid\u00eancia da Petrobras (PETR4) virou caso de Justi\u00e7a. Nesta quarta (4), o vereador de S\u00e3o Paulo Rubinho Nunes, do Uni\u00e3o Brasil, decidiu entrar com uma a\u00e7\u00e3o popular em regime de urg\u00eancia, na Justi\u00e7a do Distrito Federal, contra a nomea\u00e7\u00e3o do petista. Para o pol\u00edtico paulista, [&hellip;]<\/p>\n","protected":false},"author":232,"featured_media":340829,"comment_status":"closed","ping_status":"closed","sticky":false,"template":"","format":"standard","meta":[],"categories":[60],"tags":[286,1288,105815,595],"suno_strategy":[],"class_list":["post-340710","post","type-post","status-publish","format-standard","has-post-thumbnail","hentry","category-mercado","tag-acoes","tag-empresas-estatais","tag-especial","tag-petrobras-petr4"],"yoast_head":"<!-- This site is optimized with the Yoast SEO plugin v24.4 - https:\/\/yoast.com\/wordpress\/plugins\/seo\/ -->\n<title>Petrobras (PETR4): Indica\u00e7\u00e3o de Prates \u00e0 presid\u00eancia vai parar na Justi\u00e7a<\/title>\n<meta name=\"description\" content=\"A indica\u00e7\u00e3o do senador Jean Paul Prates (PT) para a presid\u00eancia da Petrobras (PETR4) virou caso de Justi\u00e7a. Clique e saiba mais,\" \/>\n<meta name=\"robots\" content=\"index, follow, max-snippet:-1, max-image-preview:large, max-video-preview:-1\" \/>\n<link rel=\"canonical\" href=\"https:\/\/www.suno.com.br\/noticias\/petrobras-petr4-prates-presidencia-justica\/\" \/>\n<meta property=\"og:locale\" content=\"pt_BR\" \/>\n<meta property=\"og:type\" content=\"article\" \/>\n<meta property=\"og:title\" content=\"Petrobras (PETR4): Indica\u00e7\u00e3o de Prates \u00e0 presid\u00eancia vai parar na Justi\u00e7a\" \/>\n<meta property=\"og:description\" content=\"A indica\u00e7\u00e3o do senador Jean Paul Prates (PT) para a presid\u00eancia da Petrobras (PETR4) virou caso de Justi\u00e7a. Clique e saiba mais,\" \/>\n<meta property=\"og:url\" content=\"https:\/\/www.suno.com.br\/noticias\/petrobras-petr4-prates-presidencia-justica\/\" \/>\n<meta property=\"og:site_name\" content=\"Suno Not\u00edcias\" \/>\n<meta property=\"article:publisher\" content=\"https:\/\/facebook.com\/sunoresearch\" \/>\n<meta property=\"og:image\" content=\"https:\/\/files.sunoresearch.com.br\/n\/uploads\/2023\/01\/Jean-Paul-Prates.jpg\" \/>\n\t<meta property=\"og:image:width\" content=\"1200\" \/>\n\t<meta property=\"og:image:height\" content=\"800\" \/>\n\t<meta property=\"og:image:type\" content=\"image\/jpeg\" \/>\n<meta name=\"author\" content=\"Erick Matheus Nery\" \/>\n<meta name=\"twitter:card\" content=\"summary_large_image\" \/>\n<meta name=\"twitter:creator\" content=\"@sunoresearch\" \/>\n<meta name=\"twitter:site\" content=\"@sunoresearch\" \/>\n<meta name=\"twitter:label1\" content=\"Escrito por\" \/>\n\t<meta name=\"twitter:data1\" content=\"Erick Matheus Nery\" \/>\n\t<meta name=\"twitter:label2\" content=\"Est. tempo de leitura\" \/>\n\t<meta name=\"twitter:data2\" content=\"3 minutos\" \/>\n<script type=\"application\/ld+json\" class=\"yoast-schema-graph\">{\"@context\":\"https:\/\/schema.org\",\"@graph\":[{\"@type\":\"NewsArticle\",\"@id\":\"https:\/\/www.suno.com.br\/noticias\/petrobras-petr4-prates-presidencia-justica\/#article\",\"isPartOf\":{\"@id\":\"https:\/\/www.suno.com.br\/noticias\/petrobras-petr4-prates-presidencia-justica\/\"},\"author\":{\"name\":\"Erick Matheus Nery\",\"@id\":\"https:\/\/www.suno.com.br\/noticias\/#\/schema\/person\/6899bc3f19d1a7315f807131c2c013a0\"},\"headline\":\"Petrobras (PETR4): indica\u00e7\u00e3o de Jean Paul Prates \u00e0 presid\u00eancia \u00e9 questionada e vai parar na Justi\u00e7a\",\"datePublished\":\"2023-01-04T21:56:10+00:00\",\"dateModified\":\"2023-01-04T21:56:16+00:00\",\"mainEntityOfPage\":{\"@id\":\"https:\/\/www.suno.com.br\/noticias\/petrobras-petr4-prates-presidencia-justica\/\"},\"wordCount\":619,\"publisher\":{\"@id\":\"https:\/\/www.suno.com.br\/noticias\/#organization\"},\"image\":{\"@id\":\"https:\/\/www.suno.com.br\/noticias\/petrobras-petr4-prates-presidencia-justica\/#primaryimage\"},\"thumbnailUrl\":\"https:\/\/files.sunoresearch.com.br\/n\/uploads\/2023\/01\/Jean-Paul-Prates.jpg\",\"keywords\":[\"A\u00e7\u00f5es\",\"empresas estatais\",\"Especiais\",\"Petrobras (PETR4)\"],\"articleSection\":[\"Mercado\"],\"inLanguage\":\"pt-BR\"},{\"@type\":\"WebPage\",\"@id\":\"https:\/\/www.suno.com.br\/noticias\/petrobras-petr4-prates-presidencia-justica\/\",\"url\":\"https:\/\/www.suno.com.br\/noticias\/petrobras-petr4-prates-presidencia-justica\/\",\"name\":\"Petrobras (PETR4): Indica\u00e7\u00e3o de Prates \u00e0 presid\u00eancia vai parar na Justi\u00e7a\",\"isPartOf\":{\"@id\":\"https:\/\/www.suno.com.br\/noticias\/#website\"},\"primaryImageOfPage\":{\"@id\":\"https:\/\/www.suno.com.br\/noticias\/petrobras-petr4-prates-presidencia-justica\/#primaryimage\"},\"image\":{\"@id\":\"https:\/\/www.suno.com.br\/noticias\/petrobras-petr4-prates-presidencia-justica\/#primaryimage\"},\"thumbnailUrl\":\"https:\/\/files.sunoresearch.com.br\/n\/uploads\/2023\/01\/Jean-Paul-Prates.jpg\",\"datePublished\":\"2023-01-04T21:56:10+00:00\",\"dateModified\":\"2023-01-04T21:56:16+00:00\",\"description\":\"A indica\u00e7\u00e3o do senador Jean Paul Prates (PT) para a presid\u00eancia da Petrobras (PETR4) virou caso de Justi\u00e7a. Clique e saiba mais,\",\"breadcrumb\":{\"@id\":\"https:\/\/www.suno.com.br\/noticias\/petrobras-petr4-prates-presidencia-justica\/#breadcrumb\"},\"inLanguage\":\"pt-BR\",\"potentialAction\":[{\"@type\":\"ReadAction\",\"target\":[\"https:\/\/www.suno.com.br\/noticias\/petrobras-petr4-prates-presidencia-justica\/\"]}]},{\"@type\":\"ImageObject\",\"inLanguage\":\"pt-BR\",\"@id\":\"https:\/\/www.suno.com.br\/noticias\/petrobras-petr4-prates-presidencia-justica\/#primaryimage\",\"url\":\"https:\/\/files.sunoresearch.com.br\/n\/uploads\/2023\/01\/Jean-Paul-Prates.jpg\",\"contentUrl\":\"https:\/\/files.sunoresearch.com.br\/n\/uploads\/2023\/01\/Jean-Paul-Prates.jpg\",\"width\":1200,\"height\":800,\"caption\":\"Jean Paul Prates. Foto: Roque de S\u00e1\/Ag\u00eancia Senado\"},{\"@type\":\"BreadcrumbList\",\"@id\":\"https:\/\/www.suno.com.br\/noticias\/petrobras-petr4-prates-presidencia-justica\/#breadcrumb\",\"itemListElement\":[{\"@type\":\"ListItem\",\"position\":1,\"name\":\"Not\u00edcias\",\"item\":\"https:\/\/www.suno.com.br\/noticias\/\"},{\"@type\":\"ListItem\",\"position\":2,\"name\":\"Mercado\",\"item\":\"https:\/\/www.suno.com.br\/noticias\/mercado\/\"},{\"@type\":\"ListItem\",\"position\":3,\"name\":\"Petrobras (PETR4): indica\u00e7\u00e3o de Jean Paul Prates \u00e0 presid\u00eancia \u00e9 questionada e vai parar na Justi\u00e7a\"}]},{\"@type\":\"WebSite\",\"@id\":\"https:\/\/www.suno.com.br\/noticias\/#website\",\"url\":\"https:\/\/www.suno.com.br\/noticias\/\",\"name\":\"Suno Not\u00edcias\",\"description\":\"Seu portal de informa\u00e7\u00e3o sobre o mundo dos investimentos\",\"publisher\":{\"@id\":\"https:\/\/www.suno.com.br\/noticias\/#organization\"},\"potentialAction\":[{\"@type\":\"SearchAction\",\"target\":{\"@type\":\"EntryPoint\",\"urlTemplate\":\"https:\/\/www.suno.com.br\/noticias\/?s={search_term_string}\"},\"query-input\":{\"@type\":\"PropertyValueSpecification\",\"valueRequired\":true,\"valueName\":\"search_term_string\"}}],\"inLanguage\":\"pt-BR\"},{\"@type\":\"Organization\",\"@id\":\"https:\/\/www.suno.com.br\/noticias\/#organization\",\"name\":\"Suno Not\u00edcias\",\"url\":\"https:\/\/www.suno.com.br\/noticias\/\",\"logo\":{\"@type\":\"ImageObject\",\"inLanguage\":\"pt-BR\",\"@id\":\"https:\/\/www.suno.com.br\/noticias\/#\/schema\/logo\/image\/\",\"url\":\"https:\/\/files.sunoresearch.com.br\/n\/uploads\/2021\/09\/suno-logo.png\",\"contentUrl\":\"https:\/\/files.sunoresearch.com.br\/n\/uploads\/2021\/09\/suno-logo.png\",\"width\":180,\"height\":180,\"caption\":\"Suno Not\u00edcias\"},\"image\":{\"@id\":\"https:\/\/www.suno.com.br\/noticias\/#\/schema\/logo\/image\/\"},\"sameAs\":[\"https:\/\/facebook.com\/sunoresearch\",\"https:\/\/x.com\/sunoresearch\",\"https:\/\/www.instagram.com\/suno\",\"https:\/\/www.linkedin.com\/company\/suno-research\/\",\"https:\/\/www.youtube.com\/c\/sunoresearch\"]},{\"@type\":\"Person\",\"@id\":\"https:\/\/www.suno.com.br\/noticias\/#\/schema\/person\/6899bc3f19d1a7315f807131c2c013a0\",\"name\":\"Erick Matheus Nery\",\"image\":{\"@type\":\"ImageObject\",\"inLanguage\":\"pt-BR\",\"@id\":\"https:\/\/www.suno.com.br\/noticias\/#\/schema\/person\/image\/\",\"url\":\"https:\/\/secure.gravatar.com\/avatar\/518ddffe438ccb767782d372a66304d2?s=96&r=g\",\"contentUrl\":\"https:\/\/secure.gravatar.com\/avatar\/518ddffe438ccb767782d372a66304d2?s=96&r=g\",\"caption\":\"Erick Matheus Nery\"},\"description\":\"Formado em Jornalismo pela Universidade Federal do Par\u00e1 (UFPA), conta com extens\u00e3o em Jornalismo Econ\u00f4mico pela Funda\u00e7\u00e3o Get\u00falio Vargas (FGV). No Suno Not\u00edcias, atua como rep\u00f3rter de Mercado, com foco nos setores de telecomunica\u00e7\u00f5es, varejo, alimentos e renda fixa. Conta com passagens pelo jornal O Estado de S\u00e3o Paulo, como trainee de Jornalismo Econ\u00f4mico, e pelo site Not\u00edcias da TV.\",\"url\":\"https:\/\/www.suno.com.br\/noticias\/author\/erick-nery\/\"}]}<\/script>\n<!-- \/ Yoast SEO plugin. -->","yoast_head_json":{"title":"Petrobras (PETR4): Indica\u00e7\u00e3o de Prates \u00e0 presid\u00eancia vai parar na Justi\u00e7a","description":"A indica\u00e7\u00e3o do senador Jean Paul Prates (PT) para a presid\u00eancia da Petrobras (PETR4) virou caso de Justi\u00e7a. Clique e saiba mais,","robots":{"index":"index","follow":"follow","max-snippet":"max-snippet:-1","max-image-preview":"max-image-preview:large","max-video-preview":"max-video-preview:-1"},"canonical":"https:\/\/www.suno.com.br\/noticias\/petrobras-petr4-prates-presidencia-justica\/","og_locale":"pt_BR","og_type":"article","og_title":"Petrobras (PETR4): Indica\u00e7\u00e3o de Prates \u00e0 presid\u00eancia vai parar na Justi\u00e7a","og_description":"A indica\u00e7\u00e3o do senador Jean Paul Prates (PT) para a presid\u00eancia da Petrobras (PETR4) virou caso de Justi\u00e7a. Clique e saiba mais,","og_url":"https:\/\/www.suno.com.br\/noticias\/petrobras-petr4-prates-presidencia-justica\/","og_site_name":"Suno Not\u00edcias","article_publisher":"https:\/\/facebook.com\/sunoresearch","og_image":[{"width":1200,"height":800,"url":"https:\/\/files.sunoresearch.com.br\/n\/uploads\/2023\/01\/Jean-Paul-Prates.jpg","type":"image\/jpeg"}],"author":"Erick Matheus Nery","twitter_card":"summary_large_image","twitter_creator":"@sunoresearch","twitter_site":"@sunoresearch","twitter_misc":{"Escrito por":"Erick Matheus Nery","Est. tempo de leitura":"3 minutos"},"schema":{"@context":"https:\/\/schema.org","@graph":[{"@type":"NewsArticle","@id":"https:\/\/www.suno.com.br\/noticias\/petrobras-petr4-prates-presidencia-justica\/#article","isPartOf":{"@id":"https:\/\/www.suno.com.br\/noticias\/petrobras-petr4-prates-presidencia-justica\/"},"author":{"name":"Erick Matheus Nery","@id":"https:\/\/www.suno.com.br\/noticias\/#\/schema\/person\/6899bc3f19d1a7315f807131c2c013a0"},"headline":"Petrobras (PETR4): indica\u00e7\u00e3o de Jean Paul Prates \u00e0 presid\u00eancia \u00e9 questionada e vai parar na Justi\u00e7a","datePublished":"2023-01-04T21:56:10+00:00","dateModified":"2023-01-04T21:56:16+00:00","mainEntityOfPage":{"@id":"https:\/\/www.suno.com.br\/noticias\/petrobras-petr4-prates-presidencia-justica\/"},"wordCount":619,"publisher":{"@id":"https:\/\/www.suno.com.br\/noticias\/#organization"},"image":{"@id":"https:\/\/www.suno.com.br\/noticias\/petrobras-petr4-prates-presidencia-justica\/#primaryimage"},"thumbnailUrl":"https:\/\/files.sunoresearch.com.br\/n\/uploads\/2023\/01\/Jean-Paul-Prates.jpg","keywords":["A\u00e7\u00f5es","empresas estatais","Especiais","Petrobras (PETR4)"],"articleSection":["Mercado"],"inLanguage":"pt-BR"},{"@type":"WebPage","@id":"https:\/\/www.suno.com.br\/noticias\/petrobras-petr4-prates-presidencia-justica\/","url":"https:\/\/www.suno.com.br\/noticias\/petrobras-petr4-prates-presidencia-justica\/","name":"Petrobras (PETR4): Indica\u00e7\u00e3o de Prates \u00e0 presid\u00eancia vai parar na Justi\u00e7a","isPartOf":{"@id":"https:\/\/www.suno.com.br\/noticias\/#website"},"primaryImageOfPage":{"@id":"https:\/\/www.suno.com.br\/noticias\/petrobras-petr4-prates-presidencia-justica\/#primaryimage"},"image":{"@id":"https:\/\/www.suno.com.br\/noticias\/petrobras-petr4-prates-presidencia-justica\/#primaryimage"},"thumbnailUrl":"https:\/\/files.sunoresearch.com.br\/n\/uploads\/2023\/01\/Jean-Paul-Prates.jpg","datePublished":"2023-01-04T21:56:10+00:00","dateModified":"2023-01-04T21:56:16+00:00","description":"A indica\u00e7\u00e3o do senador Jean Paul Prates (PT) para a presid\u00eancia da Petrobras (PETR4) virou caso de Justi\u00e7a. Clique e saiba mais,","breadcrumb":{"@id":"https:\/\/www.suno.com.br\/noticias\/petrobras-petr4-prates-presidencia-justica\/#breadcrumb"},"inLanguage":"pt-BR","potentialAction":[{"@type":"ReadAction","target":["https:\/\/www.suno.com.br\/noticias\/petrobras-petr4-prates-presidencia-justica\/"]}]},{"@type":"ImageObject","inLanguage":"pt-BR","@id":"https:\/\/www.suno.com.br\/noticias\/petrobras-petr4-prates-presidencia-justica\/#primaryimage","url":"https:\/\/files.sunoresearch.com.br\/n\/uploads\/2023\/01\/Jean-Paul-Prates.jpg","contentUrl":"https:\/\/files.sunoresearch.com.br\/n\/uploads\/2023\/01\/Jean-Paul-Prates.jpg","width":1200,"height":800,"caption":"Jean Paul Prates. Foto: Roque de S\u00e1\/Ag\u00eancia Senado"},{"@type":"BreadcrumbList","@id":"https:\/\/www.suno.com.br\/noticias\/petrobras-petr4-prates-presidencia-justica\/#breadcrumb","itemListElement":[{"@type":"ListItem","position":1,"name":"Not\u00edcias","item":"https:\/\/www.suno.com.br\/noticias\/"},{"@type":"ListItem","position":2,"name":"Mercado","item":"https:\/\/www.suno.com.br\/noticias\/mercado\/"},{"@type":"ListItem","position":3,"name":"Petrobras (PETR4): indica\u00e7\u00e3o de Jean Paul Prates \u00e0 presid\u00eancia \u00e9 questionada e vai parar na Justi\u00e7a"}]},{"@type":"WebSite","@id":"https:\/\/www.suno.com.br\/noticias\/#website","url":"https:\/\/www.suno.com.br\/noticias\/","name":"Suno Not\u00edcias","description":"Seu portal de informa\u00e7\u00e3o sobre o mundo dos investimentos","publisher":{"@id":"https:\/\/www.suno.com.br\/noticias\/#organization"},"potentialAction":[{"@type":"SearchAction","target":{"@type":"EntryPoint","urlTemplate":"https:\/\/www.suno.com.br\/noticias\/?s={search_term_string}"},"query-input":{"@type":"PropertyValueSpecification","valueRequired":true,"valueName":"search_term_string"}}],"inLanguage":"pt-BR"},{"@type":"Organization","@id":"https:\/\/www.suno.com.br\/noticias\/#organization","name":"Suno Not\u00edcias","url":"https:\/\/www.suno.com.br\/noticias\/","logo":{"@type":"ImageObject","inLanguage":"pt-BR","@id":"https:\/\/www.suno.com.br\/noticias\/#\/schema\/logo\/image\/","url":"https:\/\/files.sunoresearch.com.br\/n\/uploads\/2021\/09\/suno-logo.png","contentUrl":"https:\/\/files.sunoresearch.com.br\/n\/uploads\/2021\/09\/suno-logo.png","width":180,"height":180,"caption":"Suno Not\u00edcias"},"image":{"@id":"https:\/\/www.suno.com.br\/noticias\/#\/schema\/logo\/image\/"},"sameAs":["https:\/\/facebook.com\/sunoresearch","https:\/\/x.com\/sunoresearch","https:\/\/www.instagram.com\/suno","https:\/\/www.linkedin.com\/company\/suno-research\/","https:\/\/www.youtube.com\/c\/sunoresearch"]},{"@type":"Person","@id":"https:\/\/www.suno.com.br\/noticias\/#\/schema\/person\/6899bc3f19d1a7315f807131c2c013a0","name":"Erick Matheus Nery","image":{"@type":"ImageObject","inLanguage":"pt-BR","@id":"https:\/\/www.suno.com.br\/noticias\/#\/schema\/person\/image\/","url":"https:\/\/secure.gravatar.com\/avatar\/518ddffe438ccb767782d372a66304d2?s=96&r=g","contentUrl":"https:\/\/secure.gravatar.com\/avatar\/518ddffe438ccb767782d372a66304d2?s=96&r=g","caption":"Erick Matheus Nery"},"description":"Formado em Jornalismo pela Universidade Federal do Par\u00e1 (UFPA), conta com extens\u00e3o em Jornalismo Econ\u00f4mico pela Funda\u00e7\u00e3o Get\u00falio Vargas (FGV). No Suno Not\u00edcias, atua como rep\u00f3rter de Mercado, com foco nos setores de telecomunica\u00e7\u00f5es, varejo, alimentos e renda fixa. Conta com passagens pelo jornal O Estado de S\u00e3o Paulo, como trainee de Jornalismo Econ\u00f4mico, e pelo site Not\u00edcias da TV.","url":"https:\/\/www.suno.com.br\/noticias\/author\/erick-nery\/"}]}},"default_loop_html":"<div class=\"cardsPage__listCard__boxs\"><div class=\"cardsPage__listCard__boxs__img\"><a href=\"https:\/\/www.suno.com.br\/noticias\/petrobras-petr4-prates-presidencia-justica\/\"><img class=\"mask\" src=\"https:\/\/www.suno.com.br\/noticias\/wp-content\/themes\/suno\/resources\/images\/spotlight\/spotlight1img\/bg-mask.png\" alt=\"Image Mask\"\/><img src=\"https:\/\/files.sunoresearch.com.br\/n\/uploads\/2023\/01\/Jean-Paul-Prates-400x200.jpg\" alt=\"Petrobras (PETR4): indica\u00e7\u00e3o de Jean Paul Prates \u00e0 presid\u00eancia \u00e9 questionada e vai parar na Justi\u00e7a\"\/><\/a><span class=\"spotlightCategory\"><a href=\"https:\/\/www.suno.com.br\/noticias\/mercado\/\">Mercado<\/a><\/span><\/div><div class=\"cardsPage__listCard__boxs__content\"><a href=\"https:\/\/www.suno.com.br\/noticias\/petrobras-petr4-prates-presidencia-justica\/\"><h2 class=\"content__title\">Petrobras (PETR4): indica\u00e7\u00e3o de Jean Paul Prates \u00e0 presid\u00eancia \u00e9 questionada e vai parar na Justi\u00e7a<\/h2><\/a><div class=\"newsContent__article__meta\"><div class=\"newsContent__article__meta__authorBox\"><a href=\"https:\/\/www.suno.com.br\/noticias\/author\/erick-nery\/\" class=\"authorBox__avatar noMobi\"><img src=\"https:\/\/secure.gravatar.com\/avatar\/518ddffe438ccb767782d372a66304d2?s=96&#038;r=g\" alt=\"Erick Matheus Nery\"><\/a><div class=\"authorBox__name\"><span>por\n\t\t\t<a href=\"https:\/\/www.suno.com.br\/noticias\/author\/erick-nery\/\"><span itemprop=\"author\">Erick Matheus Nery<\/span><\/a><\/span><time datetime=\"2023-01-04T18:56:10-03:00\" itemprop=\"datePublished\">04\/01\/2023 18:56<\/time><\/div><\/div><\/div><\/div><\/div>","single_layout":"posts","amp_enabled":true,"_links":{"self":[{"href":"https:\/\/www.suno.com.br\/noticias\/wp-json\/wp\/v2\/posts\/340710"}],"collection":[{"href":"https:\/\/www.suno.com.br\/noticias\/wp-json\/wp\/v2\/posts"}],"about":[{"href":"https:\/\/www.suno.com.br\/noticias\/wp-json\/wp\/v2\/types\/post"}],"author":[{"embeddable":true,"href":"https:\/\/www.suno.com.br\/noticias\/wp-json\/wp\/v2\/users\/232"}],"replies":[{"embeddable":true,"href":"https:\/\/www.suno.com.br\/noticias\/wp-json\/wp\/v2\/comments?post=340710"}],"version-history":[{"count":2,"href":"https:\/\/www.suno.com.br\/noticias\/wp-json\/wp\/v2\/posts\/340710\/revisions"}],"predecessor-version":[{"id":340837,"href":"https:\/\/www.suno.com.br\/noticias\/wp-json\/wp\/v2\/posts\/340710\/revisions\/340837"}],"wp:featuredmedia":[{"embeddable":true,"href":"https:\/\/www.suno.com.br\/noticias\/wp-json\/wp\/v2\/media\/340829"}],"wp:attachment":[{"href":"https:\/\/www.suno.com.br\/noticias\/wp-json\/wp\/v2\/media?parent=340710"}],"wp:term":[{"taxonomy":"category","embeddable":true,"href":"https:\/\/www.suno.com.br\/noticias\/wp-json\/wp\/v2\/categories?post=340710"},{"taxonomy":"post_tag","embeddable":true,"href":"https:\/\/www.suno.com.br\/noticias\/wp-json\/wp\/v2\/tags?post=340710"},{"taxonomy":"suno_strategy","embeddable":true,"href":"https:\/\/www.suno.com.br\/noticias\/wp-json\/wp\/v2\/suno_strategy?post=340710"}],"curies":[{"name":"wp","href":"https:\/\/api.w.org\/{rel}","templated":true}]}}