{"id":34064,"date":"2019-08-14T16:49:38","date_gmt":"2019-08-14T19:49:38","guid":{"rendered":"https:\/\/www.suno.com.br\/noticias\/?p=34064"},"modified":"2019-08-14T16:49:38","modified_gmt":"2019-08-14T19:49:38","slug":"camara-comeca-analise-previdencia-militares","status":"publish","type":"post","link":"https:\/\/www.suno.com.br\/noticias\/camara-comeca-analise-previdencia-militares\/","title":{"rendered":"C\u00e2mara come\u00e7a an\u00e1lise da reforma da previd\u00eancia dos Militares"},"content":{"rendered":"<p>Foi instalada nesta quarta-feira (14) a comiss\u00e3o especial da <strong>C\u00e2mara dos Deputados<\/strong> que ir\u00e1 analisar o projeto de lei que reorganiza o sistema de Previd\u00eancia dos militares das For\u00e7as Armadas.<\/p>\t<div class=\"wrapper-featured-image\">\n\t\t<figure class=\"spotlightImg\">\n\n\t\t\t<picture>\n\t\t\t\t<source media=\"(max-width: 768px)\" srcset=\"https:\/\/files.sunoresearch.com.br\/n\/uploads\/2019\/02\/9e5bd0d3-reforma-da-previd\u00eancia-400x200.webp\">\n\t\t\t\t<img loading=\"lazy\" decoding=\"async\" class=\"newsContent__article__imgCapa lazyloadDisabled newsContent__article__imgCapa--noCaption\" src=\"https:\/\/files.sunoresearch.com.br\/n\/uploads\/2019\/02\/9e5bd0d3-reforma-da-previd\u00eancia-800x450.webp\" width=\"800\" height=\"450\" alt=\"C\u00e2mara come\u00e7a an\u00e1lise da reforma da previd\u00eancia dos Militares\" fetchpriority=high \/>\n\t\t\t<\/picture>\n\n\t\t\t<figcaption class=\"wp-caption-text wp-caption-text--hide\">IFI pontua necessidade de corte no or\u00e7amento para evitar furo do teto<\/figcaption>\n\t\t<\/figure>\n\t<\/div>\n\n\n\n<p>A proposta de reforma da <strong>previd\u00eancia<\/strong> dos militares, entregue ao <strong>Congresso<\/strong> no fim de mar\u00e7o, aumentar\u00e1 o tempo de servi\u00e7o dos oficiais ativos e tamb\u00e9m a al\u00edquota de contribui\u00e7\u00e3o da categoria. Segundo o Minist\u00e9rio da Economia, a economia l\u00edquida deve superar R$ 10 bilh\u00f5es em 10 anos.<\/p>\n<p>O deputado Jos\u00e9 Priante (MDB-PA) e Vin\u00edcius Carvalho (PRB-SP) foram eleitos e oficializados como presidente da comiss\u00e3o e relator da proposta, respectivamente.<\/p>\n<p>O vice-presidente ser\u00e1 eleito na pr\u00f3xima reuni\u00e3o da comiss\u00e3o.<\/p>\n<h2>Bancada Militar defende a proposta<\/h2>\n<p>O deputado Capit\u00e3o Augusto (PL-SP) afirmou: &#8220;N\u00e3o nos consideramos nem melhores nem piores do que os civis, mas somos obviamente diferentes. Por isso, temos de ter tratamento diferente&#8221;.<\/p>\n<p>&#8220;O militar est\u00e1 apto a ir para guerra e o nosso policial vai para a guerra todos os dias. E quando algu\u00e9m vai para a guerra, como o militar vai para a guerra, ele precisa de uma prote\u00e7\u00e3o, uma prote\u00e7\u00e3o para a sua fam\u00edlia, porque ele sabe que ele pode morrer a qualquer momento e ele precisa deixar protegido toda a sua fam\u00edlia, porque sen\u00e3o ele n\u00e3o vai ter o mesmo afinco no combate&#8221;, disse o deputado Capit\u00e3o Alberto Neto (PRB-AM).<\/p>\n\t<p>\n\t\t<a href=\"https:\/\/lps.suno.com.br\/asset\/newsletter\/\" target=\"_blank\" data-element=\"shortcode-suno-banner\" title=\"Banner SUNO, clique e saiba mais\">\n\t\t\t<picture>\n\t\t\t\t<source media=\"(max-width: 500px)\" srcset=\"https:\/\/files.sunoresearch.com.br\/n\/uploads\/2023\/04\/400x300-Mobile-Artigos-4.jpg\">\n\t\t\t\t<img class=\"newsContent__article__imgCapa newsContent__article__imgCapa--banner\"\n\t\t\t\t\tsrc=\"https:\/\/files.sunoresearch.com.br\/n\/uploads\/2023\/04\/1420x240-Banner-Artigos-1-_-Banner-Materias-1.jpg\"\n\t\t\t\t\tdata-promo-id=\"386700\"\t\t\t\t\t\t\t\t\t\twidth='1420' height='240'\t\t\t\t\talt=\"https:\/\/files.sunoresearch.com.br\/n\/uploads\/2023\/04\/1420x240-Banner-Artigos-1-_-Banner-Materias-1.jpg\"\n\t\t\t\t>\n\t\t\t<\/picture>\n\t\t<\/a>\n\t<\/p>\n\n\n<p>Se o texto for aprovado pela maioria da comiss\u00e3o (que conta com 34 integrantes titulares e mesmo n\u00famero de suplentes) poder\u00e1 seguir direto para o <strong>Senado<\/strong>, sem an\u00e1lise do plen\u00e1rio, por conta do car\u00e1ter terminativo da comiss\u00e3o.<\/p>\n<p><a href=\"https:\/\/www.suno.com.br\/noticias\/previdencia-ja-teria-votos-necessarios-para-aprovacao-no-senado\/\">\u00a0Saiba mais: Previd\u00eancia j\u00e1 teria votos necess\u00e1rios para aprova\u00e7\u00e3o no Senado<\/a><\/p>\n<p>Caso 51 deputados, no m\u00ednimo, assinem um pedido para que o debate passe pelo <strong>plen\u00e1rio<\/strong>, a proposta teria que passar pela c\u00e2mara.<\/p>\n<h2>\nPR\u00d3XIMOS DIAS<\/h2>\n<p>O cronograma dos pr\u00f3ximos passos \u00e9 o seguinte:<\/p>\n<ul>\n<li>\u00a0Tr\u00eas vice-presidentes ser\u00e3o eleitos na pr\u00f3xima reuni\u00e3o da comiss\u00e3o. Al\u00e9m disso, \u00e9 esperado que Vin\u00edcius de Carvalho, relator da proposta, entregue um plano de trabalho com as programa\u00e7\u00f5es de audi\u00eancias p\u00fablicas para debates.<\/li>\n<li>O ministro da Defesa, Fernando Azevedo e Silva, ser\u00e1 o primeiro a ser chamado, conforme afirmou Jos\u00e9 Priante, presidente da comiss\u00e3o.<\/li>\n<li>O presidente tamb\u00e9m afirmou que a partir da pr\u00f3xima sexta-feira (16), o prazo de cinco sess\u00f5es para apresenta\u00e7\u00e3o de emendas come\u00e7ar\u00e3o a valer.<\/li>\n<li>A aprecia\u00e7\u00e3o do projeto tem prazo de 10 sess\u00f5es, contados a partir da constitui\u00e7\u00e3o da comiss\u00e3o, oficializada na \u00faltima ter\u00e7a (13).<\/li>\n<li>Ainda segundo o presidente, foi sugerido \u00e0s assessorias da Casa, reuni\u00f5es \u00e0s ter\u00e7as-feiras, a partir das 16h00, com possibilidade de convoca\u00e7\u00e3o nas quartas-feiras, se houver espa\u00e7o f\u00edsico.<\/li>\n<\/ul>\n<h2>PMs e Bombeiros ficam de fora do texto da Previd\u00eancia<\/h2>\n<p>Diversos policiais militares e bombeiros dos estados estavam presentes na sess\u00e3o. Ambas categorias ficaram de fora da reforma da <strong>previd\u00eancia<\/strong> (PEC 6), aprovada em julho e tamb\u00e9m n\u00e3o aparecem no texto tramitado nesta quarta.<\/p>\n\t<p>\n\t\t<a href=\"https:\/\/lp.suno.com.br\/asset\/suno-fundo-de-fundos-snff11\/\" target=\"_blank\" data-element=\"shortcode-suno-banner\" title=\"Banner SUNO, clique e saiba mais\">\n\t\t\t<picture>\n\t\t\t\t<source media=\"(max-width: 500px)\" srcset=\"https:\/\/files.sunoresearch.com.br\/n\/uploads\/2024\/01\/400x300-Mobile-Artigos-3-SNFF-AO.png\">\n\t\t\t\t<img class=\"newsContent__article__imgCapa newsContent__article__imgCapa--banner\"\n\t\t\t\t\tsrc=\"https:\/\/files.sunoresearch.com.br\/n\/uploads\/2024\/01\/1420x240-Banner-Artigos-1-_-Banner-Materias-1-SNFF-AO.png\"\n\t\t\t\t\tdata-promo-id=\"364418\"\t\t\t\t\t\t\t\t\t\twidth='1420' height='240'\t\t\t\t\talt=\"https:\/\/files.sunoresearch.com.br\/n\/uploads\/2024\/01\/1420x240-Banner-Artigos-1-_-Banner-Materias-1-SNFF-AO.png\"\n\t\t\t\t>\n\t\t\t<\/picture>\n\t\t<\/a>\n\t<\/p>\n\n\n<p>O presidente da comiss\u00e3o afirmou em declara\u00e7\u00e3o: &#8220;O projeto que foi encaminhado para o Congresso versa sobre a carreira dos policiais militares das For\u00e7as Armadas. Evidentemente que com a responsabilidade que temos j\u00e1 que as policias militares s\u00e3o for\u00e7as auxiliares \u00e0s For\u00e7as Armadas n\u00f3s temos que ter um olhar especial com a quest\u00e3o relativa aos policiais militares, que ficaram de fora da PEC 6&#8221;.<\/p>\n<p><a href=\"https:\/\/www.suno.com.br\/noticias\/reforma-da-previdencia-calendario-confira\/\">Senado define calend\u00e1rio da tramita\u00e7\u00e3o da reforma da Previd\u00eancia; Confira\u00a0<\/a><\/p>\n<p>Em rela\u00e7\u00e3o \u00e0 inclus\u00e3o das duas categorias no projeto, Priante se mostrou favor\u00e1vel a uma solu\u00e7\u00e3o para o caso.<\/p>\n<p>&#8220;Eu defendo que as pol\u00edcias militares merecem tratamento especial por tratar-se de uma situa\u00e7\u00e3o especial\u00edssima, no que diz respeito ao retrato da seguran\u00e7a p\u00fablica&#8221;, disse o deputado.<\/p>\n<p>O deputado Vin\u00edcius Carvalho, relator da proposta, disse ainda ser poss\u00edvel a inclus\u00e3o das duas categorias no texto: &#8220;Sim, \u00e9 poss\u00edvel, desde que a comiss\u00e3o aquies\u00e7a essas emendas para o relat\u00f3rio&#8221;.\u00a0 &#8220;Qualquer emenda que se traga temos de observar o impacto. Aqueles que querem apresentar a emenda devem inclusive trazer a justifica\u00e7\u00e3o, e dentro da justifica\u00e7\u00e3o, mostrando o impacto que ela pode trazer para a Uni\u00e3o. O nosso foco \u00e9 um projeto da Uni\u00e3o&#8221;, afirmou o deputado federal.<\/p>\n<h2>Previd\u00eancia dos Militares aumentar\u00e1 a al\u00edquota<\/h2>\n<p>Foram propostas diversas mudan\u00e7as na contribui\u00e7\u00e3o previdenci\u00e1ria dos militares.<br \/>\nO projeto inclui um aumento da al\u00edquota em 3%, saindo dos atuais 7,5% para 10,5% sobre o rendimento bruto, contando com categorias como:<\/p>\n<ul>\n<li>contribuintes,<\/li>\n<li>pensionistas,<\/li>\n<li>alunos de escolas de forma\u00e7\u00e3o,<\/li>\n<li>cabos e soldados (ap\u00f3s o servi\u00e7o militar obrigat\u00f3rio).<\/li>\n<\/ul>\n<p>A al\u00edquota passar\u00e1 por uma transi\u00e7\u00e3o em 2020 de 8,5%; em 2021 de 9,5%; at\u00e9 chegar a 10,5% em 2022.<\/p>\n\t<p>\n\t\t<a href=\"https:\/\/lp.suno.com.br\/ebook-investindo-em-fiis\/\" target=\"_blank\" data-element=\"shortcode-suno-banner\" title=\"Banner SUNO, clique e saiba mais\">\n\t\t\t<picture>\n\t\t\t\t<source media=\"(max-width: 500px)\" srcset=\"https:\/\/files.sunoresearch.com.br\/n\/uploads\/2023\/07\/Ebook-Fundos-Imobiliarios-Mobile.jpg\">\n\t\t\t\t<img class=\"newsContent__article__imgCapa newsContent__article__imgCapa--banner\"\n\t\t\t\t\tsrc=\"https:\/\/files.sunoresearch.com.br\/n\/uploads\/2023\/07\/Ebook-Fundos-Imobiliarios-Desktop.jpg\"\n\t\t\t\t\tdata-promo-id=\"378301\"\t\t\t\t\t\t\t\t\t\twidth='1420' height='286'\t\t\t\t\talt=\"https:\/\/files.sunoresearch.com.br\/n\/uploads\/2023\/07\/Ebook-Fundos-Imobiliarios-Desktop.jpg\"\n\t\t\t\t>\n\t\t\t<\/picture>\n\t\t<\/a>\n\t<\/p>\n\n\n<p>Pensionistas, cabos e soldados, e tamb\u00e9m ativos e inativos contribuir\u00e3o com 3,5% para o fundo de sa\u00fade. Portanto, a al\u00edquota desses grupos poder\u00e1 chegar a 14% em 2022, somando o fundo de sa\u00fade e o sistema de prote\u00e7\u00e3o social. Estudantes de escolas de forma\u00e7\u00e3o, s\u00e3o isentos da al\u00edquota do fundo de sa\u00fade.<\/p>\n<p>Outras mudan\u00e7as presentes no texto s\u00e3o:<\/p>\n<ul>\n<li>\u00a0redu\u00e7\u00e3o do total de categorias que podem ser enquadradas como dependentes dos militares;<\/li>\n<li>\u00a0tempo m\u00ednimo de servi\u00e7o dos militares aumentar\u00e1 de 30 para 35 anos;<\/li>\n<li>\u00a0Militares com menos de 30 anos de servi\u00e7o quando a lei entrar em vigor, ser\u00e3o submetidos a regra de transi\u00e7\u00e3o, tendo que cumprir o restante do tempo com um ped\u00e1gio de 17% da quantidade restante de anos;<\/li>\n<li>efetivo de militares cair\u00e1 10% em 10 anos. Hoje, o efetivo de militares tempor\u00e1rios \u00e9 de 55% e de carreira \u00e9 de 45%.<\/li>\n<li>\u00a0limites de idade para a transfer\u00eancia para a reserva ser\u00e3o ajustados para o per\u00edodo de 50 a 70 anos, dependendo do posto ou gradua\u00e7\u00e3o.<\/li>\n<li>\u00e9 criado o Adicional de Disponibilidade Militar: uma gratifica\u00e7\u00e3o que corresponde a um percentual incidente sobre o soldo de oficiais e pra\u00e7as, sendo pago mensalmente a partir de 2020. O percentual,que varia de acordo com a patente, pode chegar a 32% para coron\u00e9is e subtenentes;<\/li>\n<li>h\u00e1 uma mudan\u00e7a nas regras do Adicional de Habilita\u00e7\u00e3o, parcela paga mensalmente aos militares que realizam cursos de capacita\u00e7\u00e3o e aperfei\u00e7oamento. A inten\u00e7\u00e3o \u00e9 fazer as reestrutura\u00e7\u00e3o at\u00e9 2023.<\/li>\n<li>\u00a0a Ajuda de Custo, valor que o militar recebe de indeniza\u00e7\u00e3o ao ir para a reserva, aumentar\u00e1 de 4 para 8 vezes o valor da remunera\u00e7\u00e3o, pagos de uma s\u00f3 vez.<\/li>\n<\/ul>\n<p><a href=\"https:\/\/www.suno.com.br\/noticias\/previdencia-ja-teria-votos-necessarios-para-aprovacao-no-senado\/\">A reforma da <strong>previd\u00eancia<\/strong><\/a> dos Militares n\u00e3o t\u00eam data marcada para conclus\u00e3o da sua an\u00e1lise.<\/p>\n","protected":false},"excerpt":{"rendered":"<p>Foi instalada nesta quarta-feira (14) a comiss\u00e3o especial da C\u00e2mara dos Deputados que ir\u00e1 analisar o projeto de lei que reorganiza o sistema de Previd\u00eancia dos militares das For\u00e7as Armadas. IFI pontua necessidade de corte no or\u00e7amento para evitar furo do teto A proposta de reforma da previd\u00eancia dos militares, entregue ao Congresso no fim [&hellip;]<\/p>\n","protected":false},"author":23,"featured_media":15961,"comment_status":"closed","ping_status":"closed","sticky":false,"template":"","format":"standard","meta":[],"categories":[61],"tags":[938,901,1154,940],"suno_strategy":[],"class_list":["post-34064","post","type-post","status-publish","format-standard","has-post-thumbnail","hentry","category-politica","tag-camara-dos-deputados","tag-congresso-nacional","tag-forcas-armadas","tag-reforma-da-previdencia"],"yoast_head":"<!-- This site is optimized with the Yoast SEO plugin v24.4 - https:\/\/yoast.com\/wordpress\/plugins\/seo\/ -->\n<title>C\u00e2mara come\u00e7a an\u00e1lise da reforma da previd\u00eancia dos Militares<\/title>\n<meta name=\"description\" content=\"A comiss\u00e3o especial da C\u00e2mara dos Deputados analisar\u00e1 o projeto de lei que reorganiza a Previd\u00eancia dos militares. Clique para saber mais.\" \/>\n<meta name=\"robots\" content=\"index, follow, max-snippet:-1, max-image-preview:large, max-video-preview:-1\" \/>\n<link rel=\"canonical\" href=\"https:\/\/www.suno.com.br\/noticias\/camara-comeca-analise-previdencia-militares\/\" \/>\n<meta property=\"og:locale\" content=\"pt_BR\" \/>\n<meta property=\"og:type\" content=\"article\" \/>\n<meta property=\"og:title\" content=\"C\u00e2mara come\u00e7a an\u00e1lise da reforma da previd\u00eancia dos Militares\" \/>\n<meta property=\"og:description\" content=\"A comiss\u00e3o especial da C\u00e2mara dos Deputados analisar\u00e1 o projeto de lei que reorganiza a Previd\u00eancia dos militares. Clique para saber mais.\" \/>\n<meta property=\"og:url\" content=\"https:\/\/www.suno.com.br\/noticias\/camara-comeca-analise-previdencia-militares\/\" \/>\n<meta property=\"og:site_name\" content=\"Suno Not\u00edcias\" \/>\n<meta property=\"article:publisher\" content=\"https:\/\/facebook.com\/sunoresearch\" \/>\n<meta property=\"og:image\" content=\"https:\/\/files.sunoresearch.com.br\/n\/uploads\/2019\/02\/9e5bd0d3-reforma-da-previd\u00eancia.jpg\" \/>\n\t<meta property=\"og:image:width\" content=\"1140\" \/>\n\t<meta property=\"og:image:height\" content=\"760\" \/>\n\t<meta property=\"og:image:type\" content=\"image\/jpeg\" \/>\n<meta name=\"author\" content=\"Rafael Lara\" \/>\n<meta name=\"twitter:card\" content=\"summary_large_image\" \/>\n<meta name=\"twitter:creator\" content=\"@sunoresearch\" \/>\n<meta name=\"twitter:site\" content=\"@sunoresearch\" \/>\n<meta name=\"twitter:label1\" content=\"Escrito por\" \/>\n\t<meta name=\"twitter:data1\" content=\"Rafael Lara\" \/>\n\t<meta name=\"twitter:label2\" content=\"Est. tempo de leitura\" \/>\n\t<meta name=\"twitter:data2\" content=\"6 minutos\" \/>\n<script type=\"application\/ld+json\" class=\"yoast-schema-graph\">{\"@context\":\"https:\/\/schema.org\",\"@graph\":[{\"@type\":\"NewsArticle\",\"@id\":\"https:\/\/www.suno.com.br\/noticias\/camara-comeca-analise-previdencia-militares\/#article\",\"isPartOf\":{\"@id\":\"https:\/\/www.suno.com.br\/noticias\/camara-comeca-analise-previdencia-militares\/\"},\"author\":{\"name\":\"Rafael Lara\",\"@id\":\"https:\/\/www.suno.com.br\/noticias\/#\/schema\/person\/098743caeed97b37f51315c9576c4078\"},\"headline\":\"C\u00e2mara come\u00e7a an\u00e1lise da reforma da previd\u00eancia dos Militares\",\"datePublished\":\"2019-08-14T19:49:38+00:00\",\"mainEntityOfPage\":{\"@id\":\"https:\/\/www.suno.com.br\/noticias\/camara-comeca-analise-previdencia-militares\/\"},\"wordCount\":1165,\"publisher\":{\"@id\":\"https:\/\/www.suno.com.br\/noticias\/#organization\"},\"image\":{\"@id\":\"https:\/\/www.suno.com.br\/noticias\/camara-comeca-analise-previdencia-militares\/#primaryimage\"},\"thumbnailUrl\":\"https:\/\/files.sunoresearch.com.br\/n\/uploads\/2019\/02\/9e5bd0d3-reforma-da-previd\u00eancia-jpg.webp\",\"keywords\":[\"C\u00e2mara dos Deputados\",\"Congresso Nacional\",\"For\u00e7as Armadas\",\"Reforma da Previd\u00eancia\"],\"articleSection\":[\"Pol\u00edtica\"],\"inLanguage\":\"pt-BR\"},{\"@type\":\"WebPage\",\"@id\":\"https:\/\/www.suno.com.br\/noticias\/camara-comeca-analise-previdencia-militares\/\",\"url\":\"https:\/\/www.suno.com.br\/noticias\/camara-comeca-analise-previdencia-militares\/\",\"name\":\"C\u00e2mara come\u00e7a an\u00e1lise da reforma da previd\u00eancia dos Militares\",\"isPartOf\":{\"@id\":\"https:\/\/www.suno.com.br\/noticias\/#website\"},\"primaryImageOfPage\":{\"@id\":\"https:\/\/www.suno.com.br\/noticias\/camara-comeca-analise-previdencia-militares\/#primaryimage\"},\"image\":{\"@id\":\"https:\/\/www.suno.com.br\/noticias\/camara-comeca-analise-previdencia-militares\/#primaryimage\"},\"thumbnailUrl\":\"https:\/\/files.sunoresearch.com.br\/n\/uploads\/2019\/02\/9e5bd0d3-reforma-da-previd\u00eancia-jpg.webp\",\"datePublished\":\"2019-08-14T19:49:38+00:00\",\"description\":\"A comiss\u00e3o especial da C\u00e2mara dos Deputados analisar\u00e1 o projeto de lei que reorganiza a Previd\u00eancia dos militares. Clique para saber mais.\",\"breadcrumb\":{\"@id\":\"https:\/\/www.suno.com.br\/noticias\/camara-comeca-analise-previdencia-militares\/#breadcrumb\"},\"inLanguage\":\"pt-BR\",\"potentialAction\":[{\"@type\":\"ReadAction\",\"target\":[\"https:\/\/www.suno.com.br\/noticias\/camara-comeca-analise-previdencia-militares\/\"]}]},{\"@type\":\"ImageObject\",\"inLanguage\":\"pt-BR\",\"@id\":\"https:\/\/www.suno.com.br\/noticias\/camara-comeca-analise-previdencia-militares\/#primaryimage\",\"url\":\"https:\/\/files.sunoresearch.com.br\/n\/uploads\/2019\/02\/9e5bd0d3-reforma-da-previd\u00eancia-jpg.webp\",\"contentUrl\":\"https:\/\/files.sunoresearch.com.br\/n\/uploads\/2019\/02\/9e5bd0d3-reforma-da-previd\u00eancia-jpg.webp\",\"width\":1140,\"height\":760,\"caption\":\"IFI pontua necessidade de corte no or\u00e7amento para evitar furo do teto\"},{\"@type\":\"BreadcrumbList\",\"@id\":\"https:\/\/www.suno.com.br\/noticias\/camara-comeca-analise-previdencia-militares\/#breadcrumb\",\"itemListElement\":[{\"@type\":\"ListItem\",\"position\":1,\"name\":\"Not\u00edcias\",\"item\":\"https:\/\/www.suno.com.br\/noticias\/\"},{\"@type\":\"ListItem\",\"position\":2,\"name\":\"Pol\u00edtica\",\"item\":\"https:\/\/www.suno.com.br\/noticias\/politica\/\"},{\"@type\":\"ListItem\",\"position\":3,\"name\":\"C\u00e2mara come\u00e7a an\u00e1lise da reforma da previd\u00eancia dos Militares\"}]},{\"@type\":\"WebSite\",\"@id\":\"https:\/\/www.suno.com.br\/noticias\/#website\",\"url\":\"https:\/\/www.suno.com.br\/noticias\/\",\"name\":\"Suno Not\u00edcias\",\"description\":\"Seu portal de informa\u00e7\u00e3o sobre o mundo dos investimentos\",\"publisher\":{\"@id\":\"https:\/\/www.suno.com.br\/noticias\/#organization\"},\"potentialAction\":[{\"@type\":\"SearchAction\",\"target\":{\"@type\":\"EntryPoint\",\"urlTemplate\":\"https:\/\/www.suno.com.br\/noticias\/?s={search_term_string}\"},\"query-input\":{\"@type\":\"PropertyValueSpecification\",\"valueRequired\":true,\"valueName\":\"search_term_string\"}}],\"inLanguage\":\"pt-BR\"},{\"@type\":\"Organization\",\"@id\":\"https:\/\/www.suno.com.br\/noticias\/#organization\",\"name\":\"Suno Not\u00edcias\",\"url\":\"https:\/\/www.suno.com.br\/noticias\/\",\"logo\":{\"@type\":\"ImageObject\",\"inLanguage\":\"pt-BR\",\"@id\":\"https:\/\/www.suno.com.br\/noticias\/#\/schema\/logo\/image\/\",\"url\":\"https:\/\/files.sunoresearch.com.br\/n\/uploads\/2021\/09\/suno-logo.png\",\"contentUrl\":\"https:\/\/files.sunoresearch.com.br\/n\/uploads\/2021\/09\/suno-logo.png\",\"width\":180,\"height\":180,\"caption\":\"Suno Not\u00edcias\"},\"image\":{\"@id\":\"https:\/\/www.suno.com.br\/noticias\/#\/schema\/logo\/image\/\"},\"sameAs\":[\"https:\/\/facebook.com\/sunoresearch\",\"https:\/\/x.com\/sunoresearch\",\"https:\/\/www.instagram.com\/suno\",\"https:\/\/www.linkedin.com\/company\/suno-research\/\",\"https:\/\/www.youtube.com\/c\/sunoresearch\"]},{\"@type\":\"Person\",\"@id\":\"https:\/\/www.suno.com.br\/noticias\/#\/schema\/person\/098743caeed97b37f51315c9576c4078\",\"name\":\"Rafael Lara\",\"image\":{\"@type\":\"ImageObject\",\"inLanguage\":\"pt-BR\",\"@id\":\"https:\/\/www.suno.com.br\/noticias\/#\/schema\/person\/image\/\",\"url\":\"https:\/\/secure.gravatar.com\/avatar\/dfc254ab9bb2ea1895d98b9e9dae4bdd?s=96&r=g\",\"contentUrl\":\"https:\/\/secure.gravatar.com\/avatar\/dfc254ab9bb2ea1895d98b9e9dae4bdd?s=96&r=g\",\"caption\":\"Rafael Lara\"},\"description\":\"Rafael Lara cursa jornalismo na Faculdade C\u00e1sper L\u00edbero. Escreve sobre pol\u00edtica, economia e neg\u00f3cios para o portal Suno Not\u00edcias. Antes, colaborou na TV Gazeta na produ\u00e7\u00e3o do programa Edi\u00e7\u00e3o Extra.\",\"url\":\"https:\/\/www.suno.com.br\/noticias\/author\/rafael\/\"}]}<\/script>\n<!-- \/ Yoast SEO plugin. -->","yoast_head_json":{"title":"C\u00e2mara come\u00e7a an\u00e1lise da reforma da previd\u00eancia dos Militares","description":"A comiss\u00e3o especial da C\u00e2mara dos Deputados analisar\u00e1 o projeto de lei que reorganiza a Previd\u00eancia dos militares. Clique para saber mais.","robots":{"index":"index","follow":"follow","max-snippet":"max-snippet:-1","max-image-preview":"max-image-preview:large","max-video-preview":"max-video-preview:-1"},"canonical":"https:\/\/www.suno.com.br\/noticias\/camara-comeca-analise-previdencia-militares\/","og_locale":"pt_BR","og_type":"article","og_title":"C\u00e2mara come\u00e7a an\u00e1lise da reforma da previd\u00eancia dos Militares","og_description":"A comiss\u00e3o especial da C\u00e2mara dos Deputados analisar\u00e1 o projeto de lei que reorganiza a Previd\u00eancia dos militares. Clique para saber mais.","og_url":"https:\/\/www.suno.com.br\/noticias\/camara-comeca-analise-previdencia-militares\/","og_site_name":"Suno Not\u00edcias","article_publisher":"https:\/\/facebook.com\/sunoresearch","og_image":[{"width":1140,"height":760,"url":"https:\/\/files.sunoresearch.com.br\/n\/uploads\/2019\/02\/9e5bd0d3-reforma-da-previd\u00eancia.jpg","type":"image\/jpeg"}],"author":"Rafael Lara","twitter_card":"summary_large_image","twitter_creator":"@sunoresearch","twitter_site":"@sunoresearch","twitter_misc":{"Escrito por":"Rafael Lara","Est. tempo de leitura":"6 minutos"},"schema":{"@context":"https:\/\/schema.org","@graph":[{"@type":"NewsArticle","@id":"https:\/\/www.suno.com.br\/noticias\/camara-comeca-analise-previdencia-militares\/#article","isPartOf":{"@id":"https:\/\/www.suno.com.br\/noticias\/camara-comeca-analise-previdencia-militares\/"},"author":{"name":"Rafael Lara","@id":"https:\/\/www.suno.com.br\/noticias\/#\/schema\/person\/098743caeed97b37f51315c9576c4078"},"headline":"C\u00e2mara come\u00e7a an\u00e1lise da reforma da previd\u00eancia dos Militares","datePublished":"2019-08-14T19:49:38+00:00","mainEntityOfPage":{"@id":"https:\/\/www.suno.com.br\/noticias\/camara-comeca-analise-previdencia-militares\/"},"wordCount":1165,"publisher":{"@id":"https:\/\/www.suno.com.br\/noticias\/#organization"},"image":{"@id":"https:\/\/www.suno.com.br\/noticias\/camara-comeca-analise-previdencia-militares\/#primaryimage"},"thumbnailUrl":"https:\/\/files.sunoresearch.com.br\/n\/uploads\/2019\/02\/9e5bd0d3-reforma-da-previd\u00eancia-jpg.webp","keywords":["C\u00e2mara dos Deputados","Congresso Nacional","For\u00e7as Armadas","Reforma da Previd\u00eancia"],"articleSection":["Pol\u00edtica"],"inLanguage":"pt-BR"},{"@type":"WebPage","@id":"https:\/\/www.suno.com.br\/noticias\/camara-comeca-analise-previdencia-militares\/","url":"https:\/\/www.suno.com.br\/noticias\/camara-comeca-analise-previdencia-militares\/","name":"C\u00e2mara come\u00e7a an\u00e1lise da reforma da previd\u00eancia dos Militares","isPartOf":{"@id":"https:\/\/www.suno.com.br\/noticias\/#website"},"primaryImageOfPage":{"@id":"https:\/\/www.suno.com.br\/noticias\/camara-comeca-analise-previdencia-militares\/#primaryimage"},"image":{"@id":"https:\/\/www.suno.com.br\/noticias\/camara-comeca-analise-previdencia-militares\/#primaryimage"},"thumbnailUrl":"https:\/\/files.sunoresearch.com.br\/n\/uploads\/2019\/02\/9e5bd0d3-reforma-da-previd\u00eancia-jpg.webp","datePublished":"2019-08-14T19:49:38+00:00","description":"A comiss\u00e3o especial da C\u00e2mara dos Deputados analisar\u00e1 o projeto de lei que reorganiza a Previd\u00eancia dos militares. Clique para saber mais.","breadcrumb":{"@id":"https:\/\/www.suno.com.br\/noticias\/camara-comeca-analise-previdencia-militares\/#breadcrumb"},"inLanguage":"pt-BR","potentialAction":[{"@type":"ReadAction","target":["https:\/\/www.suno.com.br\/noticias\/camara-comeca-analise-previdencia-militares\/"]}]},{"@type":"ImageObject","inLanguage":"pt-BR","@id":"https:\/\/www.suno.com.br\/noticias\/camara-comeca-analise-previdencia-militares\/#primaryimage","url":"https:\/\/files.sunoresearch.com.br\/n\/uploads\/2019\/02\/9e5bd0d3-reforma-da-previd\u00eancia-jpg.webp","contentUrl":"https:\/\/files.sunoresearch.com.br\/n\/uploads\/2019\/02\/9e5bd0d3-reforma-da-previd\u00eancia-jpg.webp","width":1140,"height":760,"caption":"IFI pontua necessidade de corte no or\u00e7amento para evitar furo do teto"},{"@type":"BreadcrumbList","@id":"https:\/\/www.suno.com.br\/noticias\/camara-comeca-analise-previdencia-militares\/#breadcrumb","itemListElement":[{"@type":"ListItem","position":1,"name":"Not\u00edcias","item":"https:\/\/www.suno.com.br\/noticias\/"},{"@type":"ListItem","position":2,"name":"Pol\u00edtica","item":"https:\/\/www.suno.com.br\/noticias\/politica\/"},{"@type":"ListItem","position":3,"name":"C\u00e2mara come\u00e7a an\u00e1lise da reforma da previd\u00eancia dos Militares"}]},{"@type":"WebSite","@id":"https:\/\/www.suno.com.br\/noticias\/#website","url":"https:\/\/www.suno.com.br\/noticias\/","name":"Suno Not\u00edcias","description":"Seu portal de informa\u00e7\u00e3o sobre o mundo dos investimentos","publisher":{"@id":"https:\/\/www.suno.com.br\/noticias\/#organization"},"potentialAction":[{"@type":"SearchAction","target":{"@type":"EntryPoint","urlTemplate":"https:\/\/www.suno.com.br\/noticias\/?s={search_term_string}"},"query-input":{"@type":"PropertyValueSpecification","valueRequired":true,"valueName":"search_term_string"}}],"inLanguage":"pt-BR"},{"@type":"Organization","@id":"https:\/\/www.suno.com.br\/noticias\/#organization","name":"Suno Not\u00edcias","url":"https:\/\/www.suno.com.br\/noticias\/","logo":{"@type":"ImageObject","inLanguage":"pt-BR","@id":"https:\/\/www.suno.com.br\/noticias\/#\/schema\/logo\/image\/","url":"https:\/\/files.sunoresearch.com.br\/n\/uploads\/2021\/09\/suno-logo.png","contentUrl":"https:\/\/files.sunoresearch.com.br\/n\/uploads\/2021\/09\/suno-logo.png","width":180,"height":180,"caption":"Suno Not\u00edcias"},"image":{"@id":"https:\/\/www.suno.com.br\/noticias\/#\/schema\/logo\/image\/"},"sameAs":["https:\/\/facebook.com\/sunoresearch","https:\/\/x.com\/sunoresearch","https:\/\/www.instagram.com\/suno","https:\/\/www.linkedin.com\/company\/suno-research\/","https:\/\/www.youtube.com\/c\/sunoresearch"]},{"@type":"Person","@id":"https:\/\/www.suno.com.br\/noticias\/#\/schema\/person\/098743caeed97b37f51315c9576c4078","name":"Rafael Lara","image":{"@type":"ImageObject","inLanguage":"pt-BR","@id":"https:\/\/www.suno.com.br\/noticias\/#\/schema\/person\/image\/","url":"https:\/\/secure.gravatar.com\/avatar\/dfc254ab9bb2ea1895d98b9e9dae4bdd?s=96&r=g","contentUrl":"https:\/\/secure.gravatar.com\/avatar\/dfc254ab9bb2ea1895d98b9e9dae4bdd?s=96&r=g","caption":"Rafael Lara"},"description":"Rafael Lara cursa jornalismo na Faculdade C\u00e1sper L\u00edbero. Escreve sobre pol\u00edtica, economia e neg\u00f3cios para o portal Suno Not\u00edcias. Antes, colaborou na TV Gazeta na produ\u00e7\u00e3o do programa Edi\u00e7\u00e3o Extra.","url":"https:\/\/www.suno.com.br\/noticias\/author\/rafael\/"}]}},"default_loop_html":"<div class=\"cardsPage__listCard__boxs\"><div class=\"cardsPage__listCard__boxs__img\"><a href=\"https:\/\/www.suno.com.br\/noticias\/camara-comeca-analise-previdencia-militares\/\"><img class=\"mask\" src=\"https:\/\/www.suno.com.br\/noticias\/wp-content\/themes\/suno\/resources\/images\/spotlight\/spotlight1img\/bg-mask.png\" alt=\"Image Mask\"\/><img src=\"https:\/\/files.sunoresearch.com.br\/n\/uploads\/2019\/02\/9e5bd0d3-reforma-da-previd\u00eancia-400x200.webp\" alt=\"C\u00e2mara come\u00e7a an\u00e1lise da reforma da previd\u00eancia dos Militares\"\/><\/a><span class=\"spotlightCategory\"><a href=\"https:\/\/www.suno.com.br\/noticias\/politica\/\">Pol\u00edtica<\/a><\/span><\/div><div class=\"cardsPage__listCard__boxs__content\"><a href=\"https:\/\/www.suno.com.br\/noticias\/camara-comeca-analise-previdencia-militares\/\"><h2 class=\"content__title\">C\u00e2mara come\u00e7a an\u00e1lise da reforma da previd\u00eancia dos Militares<\/h2><\/a><div class=\"newsContent__article__meta\"><div class=\"newsContent__article__meta__authorBox\"><a href=\"https:\/\/www.suno.com.br\/noticias\/author\/rafael\/\" class=\"authorBox__avatar noMobi\"><img src=\"https:\/\/secure.gravatar.com\/avatar\/dfc254ab9bb2ea1895d98b9e9dae4bdd?s=96&#038;r=g\" alt=\"Rafael Lara\"><\/a><div class=\"authorBox__name\"><span>por\n\t\t\t<a href=\"https:\/\/www.suno.com.br\/noticias\/author\/rafael\/\"><span itemprop=\"author\">Rafael Lara<\/span><\/a><\/span><time datetime=\"2019-08-14T16:49:38-03:00\" itemprop=\"datePublished\">14\/08\/2019 16:49<\/time><\/div><\/div><\/div><\/div><\/div>","single_layout":"posts","amp_enabled":true,"_links":{"self":[{"href":"https:\/\/www.suno.com.br\/noticias\/wp-json\/wp\/v2\/posts\/34064"}],"collection":[{"href":"https:\/\/www.suno.com.br\/noticias\/wp-json\/wp\/v2\/posts"}],"about":[{"href":"https:\/\/www.suno.com.br\/noticias\/wp-json\/wp\/v2\/types\/post"}],"author":[{"embeddable":true,"href":"https:\/\/www.suno.com.br\/noticias\/wp-json\/wp\/v2\/users\/23"}],"replies":[{"embeddable":true,"href":"https:\/\/www.suno.com.br\/noticias\/wp-json\/wp\/v2\/comments?post=34064"}],"version-history":[{"count":0,"href":"https:\/\/www.suno.com.br\/noticias\/wp-json\/wp\/v2\/posts\/34064\/revisions"}],"wp:featuredmedia":[{"embeddable":true,"href":"https:\/\/www.suno.com.br\/noticias\/wp-json\/wp\/v2\/media\/15961"}],"wp:attachment":[{"href":"https:\/\/www.suno.com.br\/noticias\/wp-json\/wp\/v2\/media?parent=34064"}],"wp:term":[{"taxonomy":"category","embeddable":true,"href":"https:\/\/www.suno.com.br\/noticias\/wp-json\/wp\/v2\/categories?post=34064"},{"taxonomy":"post_tag","embeddable":true,"href":"https:\/\/www.suno.com.br\/noticias\/wp-json\/wp\/v2\/tags?post=34064"},{"taxonomy":"suno_strategy","embeddable":true,"href":"https:\/\/www.suno.com.br\/noticias\/wp-json\/wp\/v2\/suno_strategy?post=34064"}],"curies":[{"name":"wp","href":"https:\/\/api.w.org\/{rel}","templated":true}]}}