{"id":34054,"date":"2019-08-14T16:00:06","date_gmt":"2019-08-14T19:00:06","guid":{"rendered":"https:\/\/www.suno.com.br\/noticias\/?p=34054"},"modified":"2019-08-14T16:50:46","modified_gmt":"2019-08-14T19:50:46","slug":"mp-da-liberdade-economica-3-mi-empregos","status":"publish","type":"post","link":"https:\/\/www.suno.com.br\/noticias\/mp-da-liberdade-economica-3-mi-empregos\/","title":{"rendered":"MP da Liberdade Econ\u00f4mica ir\u00e1 gerar 3,7 milh\u00f5es de empregos, diz governo"},"content":{"rendered":"<p>A MP da Liberdade Econ\u00f4mica pode gerar 3,7 milh\u00f5es de <strong>postos de trabalho<\/strong> em um per\u00edodo de dez anos. A informa\u00e7\u00e3o faz parte de um estudo divulgado pelo <strong>Minist\u00e9rio da Economia<\/strong> nesta quarta-feira (14).<\/p>\t<div class=\"wrapper-featured-image\">\n\t\t<figure class=\"spotlightImg\">\n\n\t\t\t<picture>\n\t\t\t\t<source media=\"(max-width: 768px)\" srcset=\"https:\/\/files.sunoresearch.com.br\/n\/uploads\/2019\/08\/c40cc7ae-carteira-de-trabalhoo--400x200.webp\">\n\t\t\t\t<img loading=\"lazy\" decoding=\"async\" class=\"newsContent__article__imgCapa lazyloadDisabled newsContent__article__imgCapa--noCaption\" src=\"https:\/\/files.sunoresearch.com.br\/n\/uploads\/2019\/08\/c40cc7ae-carteira-de-trabalhoo--800x450.webp\" width=\"800\" height=\"450\" alt=\"MP da Liberdade Econ\u00f4mica ir\u00e1 gerar 3,7 milh\u00f5es de empregos, diz governo\" fetchpriority=high \/>\n\t\t\t<\/picture>\n\n\t\t\t<figcaption class=\"wp-caption-text wp-caption-text--hide\">Brasil tem 331.901 vagas de trabalho fechadas em maio, diz Caged<\/figcaption>\n\t\t<\/figure>\n\t<\/div>\n\n\n<p>Conforme o estudo, al\u00e9m da gera\u00e7\u00e3o de empregos, a <strong>MP da Liberdade Econ\u00f4mica<\/strong> aumentar\u00e1 o <a href=\"https:\/\/www.suno.com.br\/artigos\/o-produto-interno-bruto-pib\/\">Produto Interno Bruto (PIB)<\/a> em 7%, em 10 anos.<\/p>\n\n<p>De acordo com o governo, a cria\u00e7\u00e3o de postos de trabalho ocorrer\u00e1 por conta da redu\u00e7\u00e3o na burocracia das atividades econ\u00f4micas.<\/p>\n<p>O secret\u00e1rio especial de Desburocratiza\u00e7\u00e3o, Gest\u00e3o e Governo Digital do Minist\u00e9rio da Economia, Paulo Uebel e o ministro da Economia, <strong><a href=\"https:\/\/www.suno.com.br\/tudo-sobre\/paulo-guedes\/\">Paulo Guedes<\/a><\/strong>, participaram de uma reuni\u00e3o hoje para debater a medida.<\/p>\n<p>\u201cIsso \u00e9 um crescimento muito expressivo. Em 2019, por exemplo, o PIB poderia dobrar, se as mudan\u00e7as pudessem ser introduzidas no in\u00edcio do ano\u201d, disse Uebel sobre os n\u00fameros apontados pelo minist\u00e9rio da Economia.<\/p>\n<h2>Impactos de curto prazo da medida<\/h2>\n<p>O secret\u00e1rio falou ainda que os micro e pequenos empreendedores ser\u00e3o impactados de forma imediata pela <strong>MP<\/strong>.<\/p>\n<p>&#8220;Eles n\u00e3o precisar\u00e3o mais esperar por um alvar\u00e1, uma autoriza\u00e7\u00e3o, para come\u00e7ar uma atividade de costureira, um pequeno com\u00e9rcio de rua, uma atividade de sapateiro&#8221;, afirmou Uebel.<\/p>\n\t<p>\n\t\t<a href=\"https:\/\/simulador-aposentadoria.suno.com.br\/?utm_source=suno-noticias&#038;utm_medium=banner&#038;utm_content=como-investir-para-aposentadoria-carteira-go&#038;utm_campaign=_SNC36CE4E9F_\" target=\"_blank\" data-element=\"shortcode-suno-banner\" title=\"Banner SUNO, clique e saiba mais\">\n\t\t\t<picture>\n\t\t\t\t<source media=\"(max-width: 500px)\" srcset=\"https:\/\/files.sunoresearch.com.br\/n\/uploads\/2025\/11\/400x300.webp\">\n\t\t\t\t<img class=\"newsContent__article__imgCapa newsContent__article__imgCapa--banner\"\n\t\t\t\t\tsrc=\"https:\/\/files.sunoresearch.com.br\/n\/uploads\/2025\/11\/1420x240.webp\"\n\t\t\t\t\tdata-promo-id=\"631530\"\t\t\t\t\t\t\t\t\t\twidth='1420' height='240'\t\t\t\t\talt=\"https:\/\/files.sunoresearch.com.br\/n\/uploads\/2025\/11\/1420x240.webp\"\n\t\t\t\t>\n\t\t\t<\/picture>\n\t\t<\/a>\n\t<\/p>\n\n\n<p>Uebel falou tamb\u00e9m sobre a possibilidade das empresas de digitalizar documentos.<\/p>\n<p>Al\u00e9m disso, segundo o secret\u00e1rio, uma imunidade tribut\u00e1ria para a inova\u00e7\u00e3o poderia aproximar o Brasil de pa\u00edses desenvolvidos.<\/p>\n<p>&#8220;Est\u00e1 mais pr\u00f3ximo das regras praticadas em pa\u00edses desenvolvidos, em pa\u00edses-membros da <a href=\"https:\/\/www.suno.com.br\/artigos\/ocde\/\">OCDE<\/a>, j\u00e1 nesse trabalho de harmoniza\u00e7\u00e3o de regras para que o Brasil possa fazer parte da organiza\u00e7\u00e3o em breve&#8221;, declarou o secret\u00e1rio especial.<\/p>\n<h2>MP da Liberdade Econ\u00f4mica aprovada na C\u00e2mara<\/h2>\n<p>A C\u00e2mara dos Deputados aprovou o texto-base da MP da Liberdade Econ\u00f4mica na \u00faltima ter\u00e7a-feira (13). A vota\u00e7\u00e3o contou com 345 votos favor\u00e1veis e 76 contr\u00e1rios.<\/p>\n<p><a href=\"https:\/\/www.suno.com.br\/noticias\/mp-da-liberdade-economica-tem-texto-base-aprovado\/\">Saiba mais: MP da Liberdade Econ\u00f4mica tem texto-base aprovado<\/a><\/p>\n<p>Nesta quarta, ser\u00e3o analisados 17 requerimentos para votar emendas destacadas ou abandonar parte da proposta.<\/p>\n<p>A vota\u00e7\u00e3o da medida foi intermediada pelo presidente da C\u00e2mara, Rodrigo Maia (DEM-RJ). O parlamentar retirou os itens desalinhados com o conte\u00fado prim\u00e1rio idealizado na medida.<\/p>\n<p>A<strong> MP da Liberdade Econ\u00f4mica\u00a0<\/strong>\u00e9 uma das principais formas de desburocratizar o ambiente de neg\u00f3cios do Pa\u00eds. Assim, a medida deve facilitar abertura e o fechamento de empresas, estimulando a atividade econ\u00f4mica.<\/p>\n","protected":false},"excerpt":{"rendered":"<p>A MP da Liberdade Econ\u00f4mica pode gerar 3,7 milh\u00f5es de postos de trabalho em um per\u00edodo de dez anos. A informa\u00e7\u00e3o faz parte de um estudo divulgado pelo Minist\u00e9rio da Economia nesta quarta-feira (14). Brasil tem 331.901 vagas de trabalho fechadas em maio, diz Caged Conforme o estudo, al\u00e9m da gera\u00e7\u00e3o de empregos, a MP [&hellip;]<\/p>\n","protected":false},"author":18,"featured_media":34057,"comment_status":"closed","ping_status":"closed","sticky":false,"template":"","format":"standard","meta":[],"categories":[62],"tags":[909,1850,796],"suno_strategy":[],"class_list":["post-34054","post","type-post","status-publish","format-standard","has-post-thumbnail","hentry","category-economia","tag-ministerio-da-economia","tag-mp-da-liberdade-economica","tag-paulo-guedes"],"yoast_head":"<!-- This site is optimized with the Yoast SEO plugin v24.4 - https:\/\/yoast.com\/wordpress\/plugins\/seo\/ -->\n<title>MP da Liberdade Econ\u00f4mica ir\u00e1 gerar 3,7 mi de empregos, diz governo<\/title>\n<meta name=\"description\" content=\"A MP da Liberdade Econ\u00f4mica pode gerar 3,7 milh\u00f5es de postos de trabalho em um per\u00edodo de dez anos. Clique para saber mais.\" \/>\n<meta name=\"robots\" content=\"index, follow, max-snippet:-1, max-image-preview:large, max-video-preview:-1\" \/>\n<link rel=\"canonical\" href=\"https:\/\/www.suno.com.br\/noticias\/mp-da-liberdade-economica-3-mi-empregos\/\" \/>\n<meta property=\"og:locale\" content=\"pt_BR\" \/>\n<meta property=\"og:type\" content=\"article\" \/>\n<meta property=\"og:title\" content=\"MP da Liberdade Econ\u00f4mica ir\u00e1 gerar 3,7 mi de empregos, diz governo\" \/>\n<meta property=\"og:description\" content=\"A MP da Liberdade Econ\u00f4mica pode gerar 3,7 milh\u00f5es de postos de trabalho em um per\u00edodo de dez anos. Clique para saber mais.\" \/>\n<meta property=\"og:url\" content=\"https:\/\/www.suno.com.br\/noticias\/mp-da-liberdade-economica-3-mi-empregos\/\" \/>\n<meta property=\"og:site_name\" content=\"Suno Not\u00edcias\" \/>\n<meta property=\"article:publisher\" content=\"https:\/\/facebook.com\/sunoresearch\" \/>\n<meta property=\"og:image\" content=\"https:\/\/files.sunoresearch.com.br\/n\/uploads\/2019\/08\/c40cc7ae-carteira-de-trabalhoo-.jpg\" \/>\n\t<meta property=\"og:image:width\" content=\"960\" \/>\n\t<meta property=\"og:image:height\" content=\"640\" \/>\n\t<meta property=\"og:image:type\" content=\"image\/jpeg\" \/>\n<meta name=\"author\" content=\"Giovanna Oliveira\" \/>\n<meta name=\"twitter:card\" content=\"summary_large_image\" \/>\n<meta name=\"twitter:creator\" content=\"@sunoresearch\" \/>\n<meta name=\"twitter:site\" content=\"@sunoresearch\" \/>\n<meta name=\"twitter:label1\" content=\"Escrito por\" \/>\n\t<meta name=\"twitter:data1\" content=\"Giovanna Oliveira\" \/>\n\t<meta name=\"twitter:label2\" content=\"Est. tempo de leitura\" \/>\n\t<meta name=\"twitter:data2\" content=\"2 minutos\" \/>\n<script type=\"application\/ld+json\" class=\"yoast-schema-graph\">{\"@context\":\"https:\/\/schema.org\",\"@graph\":[{\"@type\":\"NewsArticle\",\"@id\":\"https:\/\/www.suno.com.br\/noticias\/mp-da-liberdade-economica-3-mi-empregos\/#article\",\"isPartOf\":{\"@id\":\"https:\/\/www.suno.com.br\/noticias\/mp-da-liberdade-economica-3-mi-empregos\/\"},\"author\":{\"name\":\"Giovanna Oliveira\",\"@id\":\"https:\/\/www.suno.com.br\/noticias\/#\/schema\/person\/4e19e3d2575736e5283d58eb3199d120\"},\"headline\":\"MP da Liberdade Econ\u00f4mica ir\u00e1 gerar 3,7 milh\u00f5es de empregos, diz governo\",\"datePublished\":\"2019-08-14T19:00:06+00:00\",\"dateModified\":\"2019-08-14T19:50:46+00:00\",\"mainEntityOfPage\":{\"@id\":\"https:\/\/www.suno.com.br\/noticias\/mp-da-liberdade-economica-3-mi-empregos\/\"},\"wordCount\":438,\"publisher\":{\"@id\":\"https:\/\/www.suno.com.br\/noticias\/#organization\"},\"image\":{\"@id\":\"https:\/\/www.suno.com.br\/noticias\/mp-da-liberdade-economica-3-mi-empregos\/#primaryimage\"},\"thumbnailUrl\":\"https:\/\/files.sunoresearch.com.br\/n\/uploads\/2019\/08\/c40cc7ae-carteira-de-trabalhoo--jpg.webp\",\"keywords\":[\"Minist\u00e9rio da Economia\",\"MP da Liberdade Econ\u00f4mica\",\"Paulo Guedes\"],\"articleSection\":[\"Economia\"],\"inLanguage\":\"pt-BR\"},{\"@type\":\"WebPage\",\"@id\":\"https:\/\/www.suno.com.br\/noticias\/mp-da-liberdade-economica-3-mi-empregos\/\",\"url\":\"https:\/\/www.suno.com.br\/noticias\/mp-da-liberdade-economica-3-mi-empregos\/\",\"name\":\"MP da Liberdade Econ\u00f4mica ir\u00e1 gerar 3,7 mi de empregos, diz governo\",\"isPartOf\":{\"@id\":\"https:\/\/www.suno.com.br\/noticias\/#website\"},\"primaryImageOfPage\":{\"@id\":\"https:\/\/www.suno.com.br\/noticias\/mp-da-liberdade-economica-3-mi-empregos\/#primaryimage\"},\"image\":{\"@id\":\"https:\/\/www.suno.com.br\/noticias\/mp-da-liberdade-economica-3-mi-empregos\/#primaryimage\"},\"thumbnailUrl\":\"https:\/\/files.sunoresearch.com.br\/n\/uploads\/2019\/08\/c40cc7ae-carteira-de-trabalhoo--jpg.webp\",\"datePublished\":\"2019-08-14T19:00:06+00:00\",\"dateModified\":\"2019-08-14T19:50:46+00:00\",\"description\":\"A MP da Liberdade Econ\u00f4mica pode gerar 3,7 milh\u00f5es de postos de trabalho em um per\u00edodo de dez anos. Clique para saber mais.\",\"breadcrumb\":{\"@id\":\"https:\/\/www.suno.com.br\/noticias\/mp-da-liberdade-economica-3-mi-empregos\/#breadcrumb\"},\"inLanguage\":\"pt-BR\",\"potentialAction\":[{\"@type\":\"ReadAction\",\"target\":[\"https:\/\/www.suno.com.br\/noticias\/mp-da-liberdade-economica-3-mi-empregos\/\"]}]},{\"@type\":\"ImageObject\",\"inLanguage\":\"pt-BR\",\"@id\":\"https:\/\/www.suno.com.br\/noticias\/mp-da-liberdade-economica-3-mi-empregos\/#primaryimage\",\"url\":\"https:\/\/files.sunoresearch.com.br\/n\/uploads\/2019\/08\/c40cc7ae-carteira-de-trabalhoo--jpg.webp\",\"contentUrl\":\"https:\/\/files.sunoresearch.com.br\/n\/uploads\/2019\/08\/c40cc7ae-carteira-de-trabalhoo--jpg.webp\",\"width\":960,\"height\":640,\"caption\":\"Brasil tem 331.901 vagas de trabalho fechadas em maio, diz Caged\"},{\"@type\":\"BreadcrumbList\",\"@id\":\"https:\/\/www.suno.com.br\/noticias\/mp-da-liberdade-economica-3-mi-empregos\/#breadcrumb\",\"itemListElement\":[{\"@type\":\"ListItem\",\"position\":1,\"name\":\"Not\u00edcias\",\"item\":\"https:\/\/www.suno.com.br\/noticias\/\"},{\"@type\":\"ListItem\",\"position\":2,\"name\":\"Economia\",\"item\":\"https:\/\/www.suno.com.br\/noticias\/economia\/\"},{\"@type\":\"ListItem\",\"position\":3,\"name\":\"MP da Liberdade Econ\u00f4mica ir\u00e1 gerar 3,7 milh\u00f5es de empregos, diz governo\"}]},{\"@type\":\"WebSite\",\"@id\":\"https:\/\/www.suno.com.br\/noticias\/#website\",\"url\":\"https:\/\/www.suno.com.br\/noticias\/\",\"name\":\"Suno Not\u00edcias\",\"description\":\"Seu portal de informa\u00e7\u00e3o sobre o mundo dos investimentos\",\"publisher\":{\"@id\":\"https:\/\/www.suno.com.br\/noticias\/#organization\"},\"potentialAction\":[{\"@type\":\"SearchAction\",\"target\":{\"@type\":\"EntryPoint\",\"urlTemplate\":\"https:\/\/www.suno.com.br\/noticias\/?s={search_term_string}\"},\"query-input\":{\"@type\":\"PropertyValueSpecification\",\"valueRequired\":true,\"valueName\":\"search_term_string\"}}],\"inLanguage\":\"pt-BR\"},{\"@type\":\"Organization\",\"@id\":\"https:\/\/www.suno.com.br\/noticias\/#organization\",\"name\":\"Suno Not\u00edcias\",\"url\":\"https:\/\/www.suno.com.br\/noticias\/\",\"logo\":{\"@type\":\"ImageObject\",\"inLanguage\":\"pt-BR\",\"@id\":\"https:\/\/www.suno.com.br\/noticias\/#\/schema\/logo\/image\/\",\"url\":\"https:\/\/files.sunoresearch.com.br\/n\/uploads\/2021\/09\/suno-logo.png\",\"contentUrl\":\"https:\/\/files.sunoresearch.com.br\/n\/uploads\/2021\/09\/suno-logo.png\",\"width\":180,\"height\":180,\"caption\":\"Suno Not\u00edcias\"},\"image\":{\"@id\":\"https:\/\/www.suno.com.br\/noticias\/#\/schema\/logo\/image\/\"},\"sameAs\":[\"https:\/\/facebook.com\/sunoresearch\",\"https:\/\/x.com\/sunoresearch\",\"https:\/\/www.instagram.com\/suno\",\"https:\/\/www.linkedin.com\/company\/suno-research\/\",\"https:\/\/www.youtube.com\/c\/sunoresearch\"]},{\"@type\":\"Person\",\"@id\":\"https:\/\/www.suno.com.br\/noticias\/#\/schema\/person\/4e19e3d2575736e5283d58eb3199d120\",\"name\":\"Giovanna Oliveira\",\"image\":{\"@type\":\"ImageObject\",\"inLanguage\":\"pt-BR\",\"@id\":\"https:\/\/www.suno.com.br\/noticias\/#\/schema\/person\/image\/\",\"url\":\"https:\/\/secure.gravatar.com\/avatar\/9a37b3ae208962ac568992d0ffdbc2eb?s=96&r=g\",\"contentUrl\":\"https:\/\/secure.gravatar.com\/avatar\/9a37b3ae208962ac568992d0ffdbc2eb?s=96&r=g\",\"caption\":\"Giovanna Oliveira\"},\"description\":\"Giovanna Oliveira escreve sobre economia e pol\u00edtica. Foi rep\u00f3rter do portal de jornalismo da ESPM-SP e produziu conte\u00fado para a Corinthians TV. \u00c9 estudante da ESPM.\",\"url\":\"https:\/\/www.suno.com.br\/noticias\/author\/giovanna\/\"}]}<\/script>\n<!-- \/ Yoast SEO plugin. -->","yoast_head_json":{"title":"MP da Liberdade Econ\u00f4mica ir\u00e1 gerar 3,7 mi de empregos, diz governo","description":"A MP da Liberdade Econ\u00f4mica pode gerar 3,7 milh\u00f5es de postos de trabalho em um per\u00edodo de dez anos. Clique para saber mais.","robots":{"index":"index","follow":"follow","max-snippet":"max-snippet:-1","max-image-preview":"max-image-preview:large","max-video-preview":"max-video-preview:-1"},"canonical":"https:\/\/www.suno.com.br\/noticias\/mp-da-liberdade-economica-3-mi-empregos\/","og_locale":"pt_BR","og_type":"article","og_title":"MP da Liberdade Econ\u00f4mica ir\u00e1 gerar 3,7 mi de empregos, diz governo","og_description":"A MP da Liberdade Econ\u00f4mica pode gerar 3,7 milh\u00f5es de postos de trabalho em um per\u00edodo de dez anos. Clique para saber mais.","og_url":"https:\/\/www.suno.com.br\/noticias\/mp-da-liberdade-economica-3-mi-empregos\/","og_site_name":"Suno Not\u00edcias","article_publisher":"https:\/\/facebook.com\/sunoresearch","og_image":[{"width":960,"height":640,"url":"https:\/\/files.sunoresearch.com.br\/n\/uploads\/2019\/08\/c40cc7ae-carteira-de-trabalhoo-.jpg","type":"image\/jpeg"}],"author":"Giovanna Oliveira","twitter_card":"summary_large_image","twitter_creator":"@sunoresearch","twitter_site":"@sunoresearch","twitter_misc":{"Escrito por":"Giovanna Oliveira","Est. tempo de leitura":"2 minutos"},"schema":{"@context":"https:\/\/schema.org","@graph":[{"@type":"NewsArticle","@id":"https:\/\/www.suno.com.br\/noticias\/mp-da-liberdade-economica-3-mi-empregos\/#article","isPartOf":{"@id":"https:\/\/www.suno.com.br\/noticias\/mp-da-liberdade-economica-3-mi-empregos\/"},"author":{"name":"Giovanna Oliveira","@id":"https:\/\/www.suno.com.br\/noticias\/#\/schema\/person\/4e19e3d2575736e5283d58eb3199d120"},"headline":"MP da Liberdade Econ\u00f4mica ir\u00e1 gerar 3,7 milh\u00f5es de empregos, diz governo","datePublished":"2019-08-14T19:00:06+00:00","dateModified":"2019-08-14T19:50:46+00:00","mainEntityOfPage":{"@id":"https:\/\/www.suno.com.br\/noticias\/mp-da-liberdade-economica-3-mi-empregos\/"},"wordCount":438,"publisher":{"@id":"https:\/\/www.suno.com.br\/noticias\/#organization"},"image":{"@id":"https:\/\/www.suno.com.br\/noticias\/mp-da-liberdade-economica-3-mi-empregos\/#primaryimage"},"thumbnailUrl":"https:\/\/files.sunoresearch.com.br\/n\/uploads\/2019\/08\/c40cc7ae-carteira-de-trabalhoo--jpg.webp","keywords":["Minist\u00e9rio da Economia","MP da Liberdade Econ\u00f4mica","Paulo Guedes"],"articleSection":["Economia"],"inLanguage":"pt-BR"},{"@type":"WebPage","@id":"https:\/\/www.suno.com.br\/noticias\/mp-da-liberdade-economica-3-mi-empregos\/","url":"https:\/\/www.suno.com.br\/noticias\/mp-da-liberdade-economica-3-mi-empregos\/","name":"MP da Liberdade Econ\u00f4mica ir\u00e1 gerar 3,7 mi de empregos, diz governo","isPartOf":{"@id":"https:\/\/www.suno.com.br\/noticias\/#website"},"primaryImageOfPage":{"@id":"https:\/\/www.suno.com.br\/noticias\/mp-da-liberdade-economica-3-mi-empregos\/#primaryimage"},"image":{"@id":"https:\/\/www.suno.com.br\/noticias\/mp-da-liberdade-economica-3-mi-empregos\/#primaryimage"},"thumbnailUrl":"https:\/\/files.sunoresearch.com.br\/n\/uploads\/2019\/08\/c40cc7ae-carteira-de-trabalhoo--jpg.webp","datePublished":"2019-08-14T19:00:06+00:00","dateModified":"2019-08-14T19:50:46+00:00","description":"A MP da Liberdade Econ\u00f4mica pode gerar 3,7 milh\u00f5es de postos de trabalho em um per\u00edodo de dez anos. Clique para saber mais.","breadcrumb":{"@id":"https:\/\/www.suno.com.br\/noticias\/mp-da-liberdade-economica-3-mi-empregos\/#breadcrumb"},"inLanguage":"pt-BR","potentialAction":[{"@type":"ReadAction","target":["https:\/\/www.suno.com.br\/noticias\/mp-da-liberdade-economica-3-mi-empregos\/"]}]},{"@type":"ImageObject","inLanguage":"pt-BR","@id":"https:\/\/www.suno.com.br\/noticias\/mp-da-liberdade-economica-3-mi-empregos\/#primaryimage","url":"https:\/\/files.sunoresearch.com.br\/n\/uploads\/2019\/08\/c40cc7ae-carteira-de-trabalhoo--jpg.webp","contentUrl":"https:\/\/files.sunoresearch.com.br\/n\/uploads\/2019\/08\/c40cc7ae-carteira-de-trabalhoo--jpg.webp","width":960,"height":640,"caption":"Brasil tem 331.901 vagas de trabalho fechadas em maio, diz Caged"},{"@type":"BreadcrumbList","@id":"https:\/\/www.suno.com.br\/noticias\/mp-da-liberdade-economica-3-mi-empregos\/#breadcrumb","itemListElement":[{"@type":"ListItem","position":1,"name":"Not\u00edcias","item":"https:\/\/www.suno.com.br\/noticias\/"},{"@type":"ListItem","position":2,"name":"Economia","item":"https:\/\/www.suno.com.br\/noticias\/economia\/"},{"@type":"ListItem","position":3,"name":"MP da Liberdade Econ\u00f4mica ir\u00e1 gerar 3,7 milh\u00f5es de empregos, diz governo"}]},{"@type":"WebSite","@id":"https:\/\/www.suno.com.br\/noticias\/#website","url":"https:\/\/www.suno.com.br\/noticias\/","name":"Suno Not\u00edcias","description":"Seu portal de informa\u00e7\u00e3o sobre o mundo dos investimentos","publisher":{"@id":"https:\/\/www.suno.com.br\/noticias\/#organization"},"potentialAction":[{"@type":"SearchAction","target":{"@type":"EntryPoint","urlTemplate":"https:\/\/www.suno.com.br\/noticias\/?s={search_term_string}"},"query-input":{"@type":"PropertyValueSpecification","valueRequired":true,"valueName":"search_term_string"}}],"inLanguage":"pt-BR"},{"@type":"Organization","@id":"https:\/\/www.suno.com.br\/noticias\/#organization","name":"Suno Not\u00edcias","url":"https:\/\/www.suno.com.br\/noticias\/","logo":{"@type":"ImageObject","inLanguage":"pt-BR","@id":"https:\/\/www.suno.com.br\/noticias\/#\/schema\/logo\/image\/","url":"https:\/\/files.sunoresearch.com.br\/n\/uploads\/2021\/09\/suno-logo.png","contentUrl":"https:\/\/files.sunoresearch.com.br\/n\/uploads\/2021\/09\/suno-logo.png","width":180,"height":180,"caption":"Suno Not\u00edcias"},"image":{"@id":"https:\/\/www.suno.com.br\/noticias\/#\/schema\/logo\/image\/"},"sameAs":["https:\/\/facebook.com\/sunoresearch","https:\/\/x.com\/sunoresearch","https:\/\/www.instagram.com\/suno","https:\/\/www.linkedin.com\/company\/suno-research\/","https:\/\/www.youtube.com\/c\/sunoresearch"]},{"@type":"Person","@id":"https:\/\/www.suno.com.br\/noticias\/#\/schema\/person\/4e19e3d2575736e5283d58eb3199d120","name":"Giovanna Oliveira","image":{"@type":"ImageObject","inLanguage":"pt-BR","@id":"https:\/\/www.suno.com.br\/noticias\/#\/schema\/person\/image\/","url":"https:\/\/secure.gravatar.com\/avatar\/9a37b3ae208962ac568992d0ffdbc2eb?s=96&r=g","contentUrl":"https:\/\/secure.gravatar.com\/avatar\/9a37b3ae208962ac568992d0ffdbc2eb?s=96&r=g","caption":"Giovanna Oliveira"},"description":"Giovanna Oliveira escreve sobre economia e pol\u00edtica. Foi rep\u00f3rter do portal de jornalismo da ESPM-SP e produziu conte\u00fado para a Corinthians TV. \u00c9 estudante da ESPM.","url":"https:\/\/www.suno.com.br\/noticias\/author\/giovanna\/"}]}},"default_loop_html":"<div class=\"cardsPage__listCard__boxs\"><div class=\"cardsPage__listCard__boxs__img\"><a href=\"https:\/\/www.suno.com.br\/noticias\/mp-da-liberdade-economica-3-mi-empregos\/\"><img class=\"mask\" src=\"https:\/\/www.suno.com.br\/noticias\/wp-content\/themes\/suno\/resources\/images\/spotlight\/spotlight1img\/bg-mask.png\" alt=\"Image Mask\"\/><img src=\"https:\/\/files.sunoresearch.com.br\/n\/uploads\/2019\/08\/c40cc7ae-carteira-de-trabalhoo--400x200.webp\" alt=\"MP da Liberdade Econ\u00f4mica ir\u00e1 gerar 3,7 milh\u00f5es de empregos, diz governo\"\/><\/a><span class=\"spotlightCategory\"><a href=\"https:\/\/www.suno.com.br\/noticias\/economia\/\">Economia<\/a><\/span><\/div><div class=\"cardsPage__listCard__boxs__content\"><a href=\"https:\/\/www.suno.com.br\/noticias\/mp-da-liberdade-economica-3-mi-empregos\/\"><h2 class=\"content__title\">MP da Liberdade Econ\u00f4mica ir\u00e1 gerar 3,7 milh\u00f5es de empregos, diz governo<\/h2><\/a><div class=\"newsContent__article__meta\"><div class=\"newsContent__article__meta__authorBox\"><a href=\"https:\/\/www.suno.com.br\/noticias\/author\/giovanna\/\" class=\"authorBox__avatar noMobi\"><img src=\"https:\/\/files.sunoresearch.com.br\/n\/uploads\/2019\/06\/952a89ca-screenshot_20190608-171507-150x150.webp\" alt=\"Giovanna Oliveira\"><\/a><div class=\"authorBox__name\"><span>por\n\t\t\t<a href=\"https:\/\/www.suno.com.br\/noticias\/author\/giovanna\/\"><span itemprop=\"author\">Giovanna Oliveira<\/span><\/a><\/span><time datetime=\"2019-08-14T16:00:06-03:00\" itemprop=\"datePublished\">14\/08\/2019 16:00<\/time><\/div><\/div><\/div><\/div><\/div>","single_layout":"posts","amp_enabled":true,"_links":{"self":[{"href":"https:\/\/www.suno.com.br\/noticias\/wp-json\/wp\/v2\/posts\/34054"}],"collection":[{"href":"https:\/\/www.suno.com.br\/noticias\/wp-json\/wp\/v2\/posts"}],"about":[{"href":"https:\/\/www.suno.com.br\/noticias\/wp-json\/wp\/v2\/types\/post"}],"author":[{"embeddable":true,"href":"https:\/\/www.suno.com.br\/noticias\/wp-json\/wp\/v2\/users\/18"}],"replies":[{"embeddable":true,"href":"https:\/\/www.suno.com.br\/noticias\/wp-json\/wp\/v2\/comments?post=34054"}],"version-history":[{"count":0,"href":"https:\/\/www.suno.com.br\/noticias\/wp-json\/wp\/v2\/posts\/34054\/revisions"}],"wp:featuredmedia":[{"embeddable":true,"href":"https:\/\/www.suno.com.br\/noticias\/wp-json\/wp\/v2\/media\/34057"}],"wp:attachment":[{"href":"https:\/\/www.suno.com.br\/noticias\/wp-json\/wp\/v2\/media?parent=34054"}],"wp:term":[{"taxonomy":"category","embeddable":true,"href":"https:\/\/www.suno.com.br\/noticias\/wp-json\/wp\/v2\/categories?post=34054"},{"taxonomy":"post_tag","embeddable":true,"href":"https:\/\/www.suno.com.br\/noticias\/wp-json\/wp\/v2\/tags?post=34054"},{"taxonomy":"suno_strategy","embeddable":true,"href":"https:\/\/www.suno.com.br\/noticias\/wp-json\/wp\/v2\/suno_strategy?post=34054"}],"curies":[{"name":"wp","href":"https:\/\/api.w.org\/{rel}","templated":true}]}}