{"id":340499,"date":"2023-01-04T13:52:58","date_gmt":"2023-01-04T16:52:58","guid":{"rendered":"https:\/\/www.suno.com.br\/noticias\/?p=340499"},"modified":"2023-01-04T14:04:17","modified_gmt":"2023-01-04T17:04:17","slug":"fgts-saque-aniversario-sera-encerrado-marinho","status":"publish","type":"post","link":"https:\/\/www.suno.com.br\/noticias\/fgts-saque-aniversario-sera-encerrado-marinho\/","title":{"rendered":"FGTS: saque-anivers\u00e1rio ser\u00e1 encerrado, diz ministro Luiz Marinho"},"content":{"rendered":"<p>O novo ministro do Trabalho Luiz Marinho (PT) afirmou que o governo do presidente Luiz In\u00e1cio Lula da Silva (PT) encerrar\u00e1 a modalidade do saque-anivers\u00e1rio do Fundo de Garantia por Tempo de Servi\u00e7o (<strong>FGTS<\/strong>). Segundo o chefe da pasta, em entrevista ao jornal O Globo, publicada nesta quarta-feira (4), o objetivo \u00e9 resgatar o car\u00e1ter de prote\u00e7\u00e3o social do Fundo.<\/p>\t<div class=\"wrapper-featured-image\">\n\t\t<figure class=\"spotlightImg\">\n\n\t\t\t<picture>\n\t\t\t\t<source media=\"(max-width: 768px)\" srcset=\"https:\/\/files.sunoresearch.com.br\/n\/uploads\/2022\/06\/saque-extraordinario-do-FGTS-2-400x200.jpg\">\n\t\t\t\t<img loading=\"lazy\" decoding=\"async\" class=\"newsContent__article__imgCapa lazyloadDisabled \" src=\"https:\/\/files.sunoresearch.com.br\/n\/uploads\/2022\/06\/saque-extraordinario-do-FGTS-2-800x450.jpg\" width=\"800\" height=\"450\" alt=\"FGTS: saque-anivers\u00e1rio ser\u00e1 encerrado, diz ministro Luiz Marinho\" fetchpriority=high \/>\n\t\t\t<\/picture>\n\n\t\t\t<figcaption class=\"wp-caption-text wp-caption-text--show\">FGTS: governo pode mudar saque-anivers\u00e1rio e desbloquear saldo a demitidos. Foto: Ag\u00eancia Brasil.<\/figcaption>\n\t\t<\/figure>\n\t<\/div>\n\n\n\n\n\n\t<p>\n\t\t<a href=\"\" target=\"_blank\" data-element=\"shortcode-suno-banner\" title=\"Banner SUNO, clique e saiba mais\">\n\t\t\t<picture>\n\t\t\t\t<source media=\"(max-width: 500px)\" srcset=\"\">\n\t\t\t\t<img class=\"newsContent__article__imgCapa newsContent__article__imgCapa--banner\"\n\t\t\t\t\tsrc=\"\"\n\t\t\t\t\tdata-promo-id=\"138420\"\t\t\t\t\t\t\t\t\t\t\t\t\t\t\talt=\"\"\n\t\t\t\t>\n\t\t\t<\/picture>\n\t\t<\/a>\n\t<\/p>\n\n\n\n\n\n<p>O recurso do<strong> <a href=\"https:\/\/www.suno.com.br\/noticias\/fgts-casa-propria-atrasada-parcelas\/\">FGTS<\/a><\/strong> <strong>garante um saque extra anual <\/strong>para 28,6 milh\u00f5es de trabalhadores que aderiram \u00e0 modalidade. Em m\u00e9dia, R$ 12 bilh\u00f5es s\u00e3o sacados por ano. Desde sua cria\u00e7\u00e3o, o <strong>saque-anivers\u00e1rio<\/strong> j\u00e1 retirou cerca de R$ 34 bilh\u00f5es do Fundo de Garantia por Tempo de Servi\u00e7o.<\/p>\n\n\n\n<p>\u201cN\u00f3s vamos rever. O <a href=\"https:\/\/www.suno.com.br\/noticias\/uso-fgts-futuro-financiamentos-imobiliarios\/\">FGTS tem dois objetivos<\/a>, historicamente. Um deles \u00e9 estimular um fundo para investimento, que \u00e9 de habita\u00e7\u00e3o. E n\u00f3s criamos \u2013 eu criei, quando ministro do Trabalho \u2013 o FI-FGTS, para financiar produ\u00e7\u00e3o, projetos para gerar empregos e crescimento, para aumentar ainda mais o Fundo e beneficiar os cotistas\u201d, diz Marinho.<\/p>\n\n\n\n<p>Na vis\u00e3o do ministro, o outro <strong>objetivo do FGTS<\/strong> \u00e9 a poupan\u00e7a do cotista, do trabalhador na hora da \u2018ang\u00fastia do desemprego\u2019, propriedade que a pasta quer resgatar.<\/p>\n\n\n\n<p>\u201cQuando se estimula sacar em todos os anivers\u00e1rios, quando o cidad\u00e3o precisar dele (do <strong>FGTS<\/strong>), n\u00e3o tem. Como tem acontecido reclama\u00e7\u00e3o de trabalhadores demitidos que v\u00e3o l\u00e1 e n\u00e3o t\u00eam nada\u201d, pondera.<\/p>\n\n\n\n<h2 class=\"wp-block-heading\" id=\"h-reforma-trabalhista-para-valorizar-negociacao-coletiva-e-fortalecer-salarios\"><strong>Reforma trabalhista para \u201cvalorizar negocia\u00e7\u00e3o coletiva e fortalecer sal\u00e1rios\u201d<\/strong><\/h2>\n\n\n\n<p>Luiz Marinho, que esteve \u00e0 frente da pasta do Trabalho entre os anos de 2005 e 2007, disse que \u201cn\u00e3o h\u00e1 motivos para temor\u201d. As prioridades da nova gest\u00e3o, segundo ele, s\u00e3o a gera\u00e7\u00e3o de empregos, o fortalecimento do <a class=\"suno-keyword\" target=\"_blank\" data-force=\"no\" data-priority=\"3\" href=\"https:\/\/www.suno.com.br\/artigos\/salario-minimo\/\" rel=\"noopener\">sal\u00e1rio m\u00ednimo<\/a> e a utiliza\u00e7\u00e3o do <strong>FGTS como instrumento de investimento<\/strong>.<\/p>\n\n\n\n<p>Marinho descartou mudan\u00e7as em car\u00e1ter de \u201crevoga\u00e7o\u201d e afirmou que o di\u00e1logo entre as categorias ser\u00e1 priorizado. Haver\u00e1 interlocu\u00e7\u00e3o com empregadores, o Poder Judici\u00e1rio e o Minist\u00e9rio P\u00fablico do Trabalho.<\/p>\n\n\n\n<p>\u201cMuita coisa passar\u00e1 por debate com o mundo empresarial e com os trabalhadores. N\u00e3o existe revoga\u00e7\u00e3o. Quando se fala em &#8216;revoga\u00e7o&#8217;, significa restabelecer o que se tinha de volta. Isso n\u00e3o vai acontecer. O que vai acontecer \u00e9 a constru\u00e7\u00e3o gradativa de uma <strong>nova legisla\u00e7\u00e3o do trabalho <\/strong>para valorizar a negocia\u00e7\u00e3o coletiva e fortalecer os sal\u00e1rios\u201d, pontua.<\/p>\n\n\n\t<p>\n\t\t<a href=\"https:\/\/lp.suno.com.br\/planilha-controle-gastos\/\" target=\"_blank\" data-element=\"shortcode-suno-banner\" title=\"Banner SUNO, clique e saiba mais\">\n\t\t\t<picture>\n\t\t\t\t<source media=\"(max-width: 500px)\" srcset=\"https:\/\/files.sunoresearch.com.br\/n\/uploads\/2023\/03\/400x300-Planilha-controle-de-gastos.png\">\n\t\t\t\t<img class=\"newsContent__article__imgCapa newsContent__article__imgCapa--banner\"\n\t\t\t\t\tsrc=\"https:\/\/files.sunoresearch.com.br\/n\/uploads\/2023\/03\/1420x240-Planilha-controle-de-gastos.png\"\n\t\t\t\t\tdata-promo-id=\"101751\"\t\t\t\t\t\t\t\t\t\twidth='1420' height='240'\t\t\t\t\talt=\"https:\/\/files.sunoresearch.com.br\/n\/uploads\/2023\/03\/1420x240-Planilha-controle-de-gastos.png\"\n\t\t\t\t>\n\t\t\t<\/picture>\n\t\t<\/a>\n\t<\/p>\n\n\n","protected":false},"excerpt":{"rendered":"<p>O novo ministro do Trabalho Luiz Marinho (PT) afirmou que o governo do presidente Luiz In\u00e1cio Lula da Silva (PT) encerrar\u00e1 a modalidade do saque-anivers\u00e1rio do Fundo de Garantia por Tempo de Servi\u00e7o (FGTS). Segundo o chefe da pasta, em entrevista ao jornal O Globo, publicada nesta quarta-feira (4), o objetivo \u00e9 resgatar o car\u00e1ter [&hellip;]<\/p>\n","protected":false},"author":70,"featured_media":266030,"comment_status":"closed","ping_status":"closed","sticky":false,"template":"","format":"standard","meta":[],"categories":[62],"tags":[910,709],"suno_strategy":[],"class_list":["post-340499","post","type-post","status-publish","format-standard","has-post-thumbnail","hentry","category-economia","tag-fgts","tag-lula"],"yoast_head":"<!-- This site is optimized with the Yoast SEO plugin v24.4 - https:\/\/yoast.com\/wordpress\/plugins\/seo\/ -->\n<title>FGTS: saque-anivers\u00e1rio ser\u00e1 encerrado, diz ministro Luiz Marinho<\/title>\n<meta name=\"description\" content=\"Novo ministro do Trabalho quer resgatar o car\u00e1ter de &#039;prote\u00e7\u00e3o social&#039; do FGTS no momento do desemprego. Entenda!\" \/>\n<meta name=\"robots\" content=\"index, follow, max-snippet:-1, max-image-preview:large, max-video-preview:-1\" \/>\n<link rel=\"canonical\" href=\"https:\/\/www.suno.com.br\/noticias\/fgts-saque-aniversario-sera-encerrado-marinho\/\" \/>\n<meta property=\"og:locale\" content=\"pt_BR\" \/>\n<meta property=\"og:type\" content=\"article\" \/>\n<meta property=\"og:title\" content=\"FGTS: saque-anivers\u00e1rio ser\u00e1 encerrado, diz ministro Luiz Marinho\" \/>\n<meta property=\"og:description\" content=\"Novo ministro do Trabalho quer resgatar o car\u00e1ter de &#039;prote\u00e7\u00e3o social&#039; do FGTS no momento do desemprego. Entenda!\" \/>\n<meta property=\"og:url\" content=\"https:\/\/www.suno.com.br\/noticias\/fgts-saque-aniversario-sera-encerrado-marinho\/\" \/>\n<meta property=\"og:site_name\" content=\"Suno Not\u00edcias\" \/>\n<meta property=\"article:publisher\" content=\"https:\/\/facebook.com\/sunoresearch\" \/>\n<meta property=\"og:image\" content=\"https:\/\/files.sunoresearch.com.br\/n\/uploads\/2022\/06\/saque-extraordinario-do-FGTS-2.jpg\" \/>\n\t<meta property=\"og:image:width\" content=\"1280\" \/>\n\t<meta property=\"og:image:height\" content=\"720\" \/>\n\t<meta property=\"og:image:type\" content=\"image\/jpeg\" \/>\n<meta name=\"author\" content=\"Beatriz Boyadjian\" \/>\n<meta name=\"twitter:card\" content=\"summary_large_image\" \/>\n<meta name=\"twitter:creator\" content=\"@sunoresearch\" \/>\n<meta name=\"twitter:site\" content=\"@sunoresearch\" \/>\n<meta name=\"twitter:label1\" content=\"Escrito por\" \/>\n\t<meta name=\"twitter:data1\" content=\"Beatriz Boyadjian\" \/>\n\t<meta name=\"twitter:label2\" content=\"Est. tempo de leitura\" \/>\n\t<meta name=\"twitter:data2\" content=\"3 minutos\" \/>\n<script type=\"application\/ld+json\" class=\"yoast-schema-graph\">{\"@context\":\"https:\/\/schema.org\",\"@graph\":[{\"@type\":\"NewsArticle\",\"@id\":\"https:\/\/www.suno.com.br\/noticias\/fgts-saque-aniversario-sera-encerrado-marinho\/#article\",\"isPartOf\":{\"@id\":\"https:\/\/www.suno.com.br\/noticias\/fgts-saque-aniversario-sera-encerrado-marinho\/\"},\"author\":{\"name\":\"Beatriz Boyadjian\",\"@id\":\"https:\/\/www.suno.com.br\/noticias\/#\/schema\/person\/c9d40f227e4ffee8114b1299c28902b0\"},\"headline\":\"FGTS: saque-anivers\u00e1rio ser\u00e1 encerrado, diz ministro Luiz Marinho\",\"datePublished\":\"2023-01-04T16:52:58+00:00\",\"dateModified\":\"2023-01-04T17:04:17+00:00\",\"mainEntityOfPage\":{\"@id\":\"https:\/\/www.suno.com.br\/noticias\/fgts-saque-aniversario-sera-encerrado-marinho\/\"},\"wordCount\":420,\"publisher\":{\"@id\":\"https:\/\/www.suno.com.br\/noticias\/#organization\"},\"image\":{\"@id\":\"https:\/\/www.suno.com.br\/noticias\/fgts-saque-aniversario-sera-encerrado-marinho\/#primaryimage\"},\"thumbnailUrl\":\"https:\/\/files.sunoresearch.com.br\/n\/uploads\/2022\/06\/saque-extraordinario-do-FGTS-2.jpg\",\"keywords\":[\"FGTS\",\"Lula\"],\"articleSection\":[\"Economia\"],\"inLanguage\":\"pt-BR\"},{\"@type\":\"WebPage\",\"@id\":\"https:\/\/www.suno.com.br\/noticias\/fgts-saque-aniversario-sera-encerrado-marinho\/\",\"url\":\"https:\/\/www.suno.com.br\/noticias\/fgts-saque-aniversario-sera-encerrado-marinho\/\",\"name\":\"FGTS: saque-anivers\u00e1rio ser\u00e1 encerrado, diz ministro Luiz Marinho\",\"isPartOf\":{\"@id\":\"https:\/\/www.suno.com.br\/noticias\/#website\"},\"primaryImageOfPage\":{\"@id\":\"https:\/\/www.suno.com.br\/noticias\/fgts-saque-aniversario-sera-encerrado-marinho\/#primaryimage\"},\"image\":{\"@id\":\"https:\/\/www.suno.com.br\/noticias\/fgts-saque-aniversario-sera-encerrado-marinho\/#primaryimage\"},\"thumbnailUrl\":\"https:\/\/files.sunoresearch.com.br\/n\/uploads\/2022\/06\/saque-extraordinario-do-FGTS-2.jpg\",\"datePublished\":\"2023-01-04T16:52:58+00:00\",\"dateModified\":\"2023-01-04T17:04:17+00:00\",\"description\":\"Novo ministro do Trabalho quer resgatar o car\u00e1ter de 'prote\u00e7\u00e3o social' do FGTS no momento do desemprego. Entenda!\",\"breadcrumb\":{\"@id\":\"https:\/\/www.suno.com.br\/noticias\/fgts-saque-aniversario-sera-encerrado-marinho\/#breadcrumb\"},\"inLanguage\":\"pt-BR\",\"potentialAction\":[{\"@type\":\"ReadAction\",\"target\":[\"https:\/\/www.suno.com.br\/noticias\/fgts-saque-aniversario-sera-encerrado-marinho\/\"]}]},{\"@type\":\"ImageObject\",\"inLanguage\":\"pt-BR\",\"@id\":\"https:\/\/www.suno.com.br\/noticias\/fgts-saque-aniversario-sera-encerrado-marinho\/#primaryimage\",\"url\":\"https:\/\/files.sunoresearch.com.br\/n\/uploads\/2022\/06\/saque-extraordinario-do-FGTS-2.jpg\",\"contentUrl\":\"https:\/\/files.sunoresearch.com.br\/n\/uploads\/2022\/06\/saque-extraordinario-do-FGTS-2.jpg\",\"width\":1280,\"height\":720,\"caption\":\"FGTS: governo pode mudar saque-anivers\u00e1rio e desbloquear saldo a demitidos. Foto: Ag\u00eancia Brasil.\"},{\"@type\":\"BreadcrumbList\",\"@id\":\"https:\/\/www.suno.com.br\/noticias\/fgts-saque-aniversario-sera-encerrado-marinho\/#breadcrumb\",\"itemListElement\":[{\"@type\":\"ListItem\",\"position\":1,\"name\":\"Not\u00edcias\",\"item\":\"https:\/\/www.suno.com.br\/noticias\/\"},{\"@type\":\"ListItem\",\"position\":2,\"name\":\"Economia\",\"item\":\"https:\/\/www.suno.com.br\/noticias\/economia\/\"},{\"@type\":\"ListItem\",\"position\":3,\"name\":\"FGTS: saque-anivers\u00e1rio ser\u00e1 encerrado, diz ministro Luiz Marinho\"}]},{\"@type\":\"WebSite\",\"@id\":\"https:\/\/www.suno.com.br\/noticias\/#website\",\"url\":\"https:\/\/www.suno.com.br\/noticias\/\",\"name\":\"Suno Not\u00edcias\",\"description\":\"Seu portal de informa\u00e7\u00e3o sobre o mundo dos investimentos\",\"publisher\":{\"@id\":\"https:\/\/www.suno.com.br\/noticias\/#organization\"},\"potentialAction\":[{\"@type\":\"SearchAction\",\"target\":{\"@type\":\"EntryPoint\",\"urlTemplate\":\"https:\/\/www.suno.com.br\/noticias\/?s={search_term_string}\"},\"query-input\":{\"@type\":\"PropertyValueSpecification\",\"valueRequired\":true,\"valueName\":\"search_term_string\"}}],\"inLanguage\":\"pt-BR\"},{\"@type\":\"Organization\",\"@id\":\"https:\/\/www.suno.com.br\/noticias\/#organization\",\"name\":\"Suno Not\u00edcias\",\"url\":\"https:\/\/www.suno.com.br\/noticias\/\",\"logo\":{\"@type\":\"ImageObject\",\"inLanguage\":\"pt-BR\",\"@id\":\"https:\/\/www.suno.com.br\/noticias\/#\/schema\/logo\/image\/\",\"url\":\"https:\/\/files.sunoresearch.com.br\/n\/uploads\/2021\/09\/suno-logo.png\",\"contentUrl\":\"https:\/\/files.sunoresearch.com.br\/n\/uploads\/2021\/09\/suno-logo.png\",\"width\":180,\"height\":180,\"caption\":\"Suno Not\u00edcias\"},\"image\":{\"@id\":\"https:\/\/www.suno.com.br\/noticias\/#\/schema\/logo\/image\/\"},\"sameAs\":[\"https:\/\/facebook.com\/sunoresearch\",\"https:\/\/x.com\/sunoresearch\",\"https:\/\/www.instagram.com\/suno\",\"https:\/\/www.linkedin.com\/company\/suno-research\/\",\"https:\/\/www.youtube.com\/c\/sunoresearch\"]},{\"@type\":\"Person\",\"@id\":\"https:\/\/www.suno.com.br\/noticias\/#\/schema\/person\/c9d40f227e4ffee8114b1299c28902b0\",\"name\":\"Beatriz Boyadjian\",\"image\":{\"@type\":\"ImageObject\",\"inLanguage\":\"pt-BR\",\"@id\":\"https:\/\/www.suno.com.br\/noticias\/#\/schema\/person\/image\/\",\"url\":\"https:\/\/secure.gravatar.com\/avatar\/4c3c59f4030e268f950437c4f36e38b7?s=96&r=g\",\"contentUrl\":\"https:\/\/secure.gravatar.com\/avatar\/4c3c59f4030e268f950437c4f36e38b7?s=96&r=g\",\"caption\":\"Beatriz Boyadjian\"},\"description\":\"Rep\u00f3rter multim\u00eddia no Suno Not\u00edcias. Jornalista formada pela Faculdade C\u00e1sper L\u00edbero, foi rep\u00f3rter da Forbes Brasil e atuou na cobertura de hard news, economia, neg\u00f3cios e lifestyle. Gerenciou as redes sociais da edi\u00e7\u00e3o brasileira da tradicional revista de neg\u00f3cios. Na M\u00e1quina Cohn&amp;Wolfe, atuou como rela\u00e7\u00f5es p\u00fablicas de clientes do N\u00facleo de Sa\u00fade da empresa. Produziu releases, notas, relat\u00f3rios, entre outros, para empresas como Biomm, Hypera, FIDI. Anteriormente, respons\u00e1vel pelas redes sociais do Suno Not\u00edcias.\",\"sameAs\":[\"https:\/\/www.linkedin.com\/in\/beatriz-boyadjian\/\"],\"url\":\"https:\/\/www.suno.com.br\/noticias\/author\/beatriz-boyadjian\/\"}]}<\/script>\n<!-- \/ Yoast SEO plugin. -->","yoast_head_json":{"title":"FGTS: saque-anivers\u00e1rio ser\u00e1 encerrado, diz ministro Luiz Marinho","description":"Novo ministro do Trabalho quer resgatar o car\u00e1ter de 'prote\u00e7\u00e3o social' do FGTS no momento do desemprego. Entenda!","robots":{"index":"index","follow":"follow","max-snippet":"max-snippet:-1","max-image-preview":"max-image-preview:large","max-video-preview":"max-video-preview:-1"},"canonical":"https:\/\/www.suno.com.br\/noticias\/fgts-saque-aniversario-sera-encerrado-marinho\/","og_locale":"pt_BR","og_type":"article","og_title":"FGTS: saque-anivers\u00e1rio ser\u00e1 encerrado, diz ministro Luiz Marinho","og_description":"Novo ministro do Trabalho quer resgatar o car\u00e1ter de 'prote\u00e7\u00e3o social' do FGTS no momento do desemprego. Entenda!","og_url":"https:\/\/www.suno.com.br\/noticias\/fgts-saque-aniversario-sera-encerrado-marinho\/","og_site_name":"Suno Not\u00edcias","article_publisher":"https:\/\/facebook.com\/sunoresearch","og_image":[{"width":1280,"height":720,"url":"https:\/\/files.sunoresearch.com.br\/n\/uploads\/2022\/06\/saque-extraordinario-do-FGTS-2.jpg","type":"image\/jpeg"}],"author":"Beatriz Boyadjian","twitter_card":"summary_large_image","twitter_creator":"@sunoresearch","twitter_site":"@sunoresearch","twitter_misc":{"Escrito por":"Beatriz Boyadjian","Est. tempo de leitura":"3 minutos"},"schema":{"@context":"https:\/\/schema.org","@graph":[{"@type":"NewsArticle","@id":"https:\/\/www.suno.com.br\/noticias\/fgts-saque-aniversario-sera-encerrado-marinho\/#article","isPartOf":{"@id":"https:\/\/www.suno.com.br\/noticias\/fgts-saque-aniversario-sera-encerrado-marinho\/"},"author":{"name":"Beatriz Boyadjian","@id":"https:\/\/www.suno.com.br\/noticias\/#\/schema\/person\/c9d40f227e4ffee8114b1299c28902b0"},"headline":"FGTS: saque-anivers\u00e1rio ser\u00e1 encerrado, diz ministro Luiz Marinho","datePublished":"2023-01-04T16:52:58+00:00","dateModified":"2023-01-04T17:04:17+00:00","mainEntityOfPage":{"@id":"https:\/\/www.suno.com.br\/noticias\/fgts-saque-aniversario-sera-encerrado-marinho\/"},"wordCount":420,"publisher":{"@id":"https:\/\/www.suno.com.br\/noticias\/#organization"},"image":{"@id":"https:\/\/www.suno.com.br\/noticias\/fgts-saque-aniversario-sera-encerrado-marinho\/#primaryimage"},"thumbnailUrl":"https:\/\/files.sunoresearch.com.br\/n\/uploads\/2022\/06\/saque-extraordinario-do-FGTS-2.jpg","keywords":["FGTS","Lula"],"articleSection":["Economia"],"inLanguage":"pt-BR"},{"@type":"WebPage","@id":"https:\/\/www.suno.com.br\/noticias\/fgts-saque-aniversario-sera-encerrado-marinho\/","url":"https:\/\/www.suno.com.br\/noticias\/fgts-saque-aniversario-sera-encerrado-marinho\/","name":"FGTS: saque-anivers\u00e1rio ser\u00e1 encerrado, diz ministro Luiz Marinho","isPartOf":{"@id":"https:\/\/www.suno.com.br\/noticias\/#website"},"primaryImageOfPage":{"@id":"https:\/\/www.suno.com.br\/noticias\/fgts-saque-aniversario-sera-encerrado-marinho\/#primaryimage"},"image":{"@id":"https:\/\/www.suno.com.br\/noticias\/fgts-saque-aniversario-sera-encerrado-marinho\/#primaryimage"},"thumbnailUrl":"https:\/\/files.sunoresearch.com.br\/n\/uploads\/2022\/06\/saque-extraordinario-do-FGTS-2.jpg","datePublished":"2023-01-04T16:52:58+00:00","dateModified":"2023-01-04T17:04:17+00:00","description":"Novo ministro do Trabalho quer resgatar o car\u00e1ter de 'prote\u00e7\u00e3o social' do FGTS no momento do desemprego. Entenda!","breadcrumb":{"@id":"https:\/\/www.suno.com.br\/noticias\/fgts-saque-aniversario-sera-encerrado-marinho\/#breadcrumb"},"inLanguage":"pt-BR","potentialAction":[{"@type":"ReadAction","target":["https:\/\/www.suno.com.br\/noticias\/fgts-saque-aniversario-sera-encerrado-marinho\/"]}]},{"@type":"ImageObject","inLanguage":"pt-BR","@id":"https:\/\/www.suno.com.br\/noticias\/fgts-saque-aniversario-sera-encerrado-marinho\/#primaryimage","url":"https:\/\/files.sunoresearch.com.br\/n\/uploads\/2022\/06\/saque-extraordinario-do-FGTS-2.jpg","contentUrl":"https:\/\/files.sunoresearch.com.br\/n\/uploads\/2022\/06\/saque-extraordinario-do-FGTS-2.jpg","width":1280,"height":720,"caption":"FGTS: governo pode mudar saque-anivers\u00e1rio e desbloquear saldo a demitidos. Foto: Ag\u00eancia Brasil."},{"@type":"BreadcrumbList","@id":"https:\/\/www.suno.com.br\/noticias\/fgts-saque-aniversario-sera-encerrado-marinho\/#breadcrumb","itemListElement":[{"@type":"ListItem","position":1,"name":"Not\u00edcias","item":"https:\/\/www.suno.com.br\/noticias\/"},{"@type":"ListItem","position":2,"name":"Economia","item":"https:\/\/www.suno.com.br\/noticias\/economia\/"},{"@type":"ListItem","position":3,"name":"FGTS: saque-anivers\u00e1rio ser\u00e1 encerrado, diz ministro Luiz Marinho"}]},{"@type":"WebSite","@id":"https:\/\/www.suno.com.br\/noticias\/#website","url":"https:\/\/www.suno.com.br\/noticias\/","name":"Suno Not\u00edcias","description":"Seu portal de informa\u00e7\u00e3o sobre o mundo dos investimentos","publisher":{"@id":"https:\/\/www.suno.com.br\/noticias\/#organization"},"potentialAction":[{"@type":"SearchAction","target":{"@type":"EntryPoint","urlTemplate":"https:\/\/www.suno.com.br\/noticias\/?s={search_term_string}"},"query-input":{"@type":"PropertyValueSpecification","valueRequired":true,"valueName":"search_term_string"}}],"inLanguage":"pt-BR"},{"@type":"Organization","@id":"https:\/\/www.suno.com.br\/noticias\/#organization","name":"Suno Not\u00edcias","url":"https:\/\/www.suno.com.br\/noticias\/","logo":{"@type":"ImageObject","inLanguage":"pt-BR","@id":"https:\/\/www.suno.com.br\/noticias\/#\/schema\/logo\/image\/","url":"https:\/\/files.sunoresearch.com.br\/n\/uploads\/2021\/09\/suno-logo.png","contentUrl":"https:\/\/files.sunoresearch.com.br\/n\/uploads\/2021\/09\/suno-logo.png","width":180,"height":180,"caption":"Suno Not\u00edcias"},"image":{"@id":"https:\/\/www.suno.com.br\/noticias\/#\/schema\/logo\/image\/"},"sameAs":["https:\/\/facebook.com\/sunoresearch","https:\/\/x.com\/sunoresearch","https:\/\/www.instagram.com\/suno","https:\/\/www.linkedin.com\/company\/suno-research\/","https:\/\/www.youtube.com\/c\/sunoresearch"]},{"@type":"Person","@id":"https:\/\/www.suno.com.br\/noticias\/#\/schema\/person\/c9d40f227e4ffee8114b1299c28902b0","name":"Beatriz Boyadjian","image":{"@type":"ImageObject","inLanguage":"pt-BR","@id":"https:\/\/www.suno.com.br\/noticias\/#\/schema\/person\/image\/","url":"https:\/\/secure.gravatar.com\/avatar\/4c3c59f4030e268f950437c4f36e38b7?s=96&r=g","contentUrl":"https:\/\/secure.gravatar.com\/avatar\/4c3c59f4030e268f950437c4f36e38b7?s=96&r=g","caption":"Beatriz Boyadjian"},"description":"Rep\u00f3rter multim\u00eddia no Suno Not\u00edcias. Jornalista formada pela Faculdade C\u00e1sper L\u00edbero, foi rep\u00f3rter da Forbes Brasil e atuou na cobertura de hard news, economia, neg\u00f3cios e lifestyle. Gerenciou as redes sociais da edi\u00e7\u00e3o brasileira da tradicional revista de neg\u00f3cios. Na M\u00e1quina Cohn&amp;Wolfe, atuou como rela\u00e7\u00f5es p\u00fablicas de clientes do N\u00facleo de Sa\u00fade da empresa. Produziu releases, notas, relat\u00f3rios, entre outros, para empresas como Biomm, Hypera, FIDI. Anteriormente, respons\u00e1vel pelas redes sociais do Suno Not\u00edcias.","sameAs":["https:\/\/www.linkedin.com\/in\/beatriz-boyadjian\/"],"url":"https:\/\/www.suno.com.br\/noticias\/author\/beatriz-boyadjian\/"}]}},"default_loop_html":"<div class=\"cardsPage__listCard__boxs\"><div class=\"cardsPage__listCard__boxs__img\"><a href=\"https:\/\/www.suno.com.br\/noticias\/fgts-saque-aniversario-sera-encerrado-marinho\/\"><img class=\"mask\" src=\"https:\/\/www.suno.com.br\/noticias\/wp-content\/themes\/suno\/resources\/images\/spotlight\/spotlight1img\/bg-mask.png\" alt=\"Image Mask\"\/><img src=\"https:\/\/files.sunoresearch.com.br\/n\/uploads\/2022\/06\/saque-extraordinario-do-FGTS-2-400x200.jpg\" alt=\"FGTS: saque-anivers\u00e1rio ser\u00e1 encerrado, diz ministro Luiz Marinho\"\/><\/a><span class=\"spotlightCategory\"><a href=\"https:\/\/www.suno.com.br\/noticias\/economia\/\">Economia<\/a><\/span><\/div><div class=\"cardsPage__listCard__boxs__content\"><a href=\"https:\/\/www.suno.com.br\/noticias\/fgts-saque-aniversario-sera-encerrado-marinho\/\"><h2 class=\"content__title\">FGTS: saque-anivers\u00e1rio ser\u00e1 encerrado, diz ministro Luiz Marinho<\/h2><\/a><div class=\"newsContent__article__meta\"><div class=\"newsContent__article__meta__authorBox\"><a href=\"https:\/\/www.suno.com.br\/noticias\/author\/beatriz-boyadjian\/\" class=\"authorBox__avatar noMobi\"><img src=\"https:\/\/secure.gravatar.com\/avatar\/4c3c59f4030e268f950437c4f36e38b7?s=96&#038;r=g\" alt=\"Beatriz Boyadjian\"><\/a><div class=\"authorBox__name\"><span>por\n\t\t\t<a href=\"https:\/\/www.suno.com.br\/noticias\/author\/beatriz-boyadjian\/\"><span itemprop=\"author\">Beatriz Boyadjian<\/span><\/a><\/span><time datetime=\"2023-01-04T13:52:58-03:00\" itemprop=\"datePublished\">04\/01\/2023 13:52<\/time><\/div><\/div><\/div><\/div><\/div>","single_layout":"posts","amp_enabled":true,"_links":{"self":[{"href":"https:\/\/www.suno.com.br\/noticias\/wp-json\/wp\/v2\/posts\/340499"}],"collection":[{"href":"https:\/\/www.suno.com.br\/noticias\/wp-json\/wp\/v2\/posts"}],"about":[{"href":"https:\/\/www.suno.com.br\/noticias\/wp-json\/wp\/v2\/types\/post"}],"author":[{"embeddable":true,"href":"https:\/\/www.suno.com.br\/noticias\/wp-json\/wp\/v2\/users\/70"}],"replies":[{"embeddable":true,"href":"https:\/\/www.suno.com.br\/noticias\/wp-json\/wp\/v2\/comments?post=340499"}],"version-history":[{"count":2,"href":"https:\/\/www.suno.com.br\/noticias\/wp-json\/wp\/v2\/posts\/340499\/revisions"}],"predecessor-version":[{"id":340535,"href":"https:\/\/www.suno.com.br\/noticias\/wp-json\/wp\/v2\/posts\/340499\/revisions\/340535"}],"wp:featuredmedia":[{"embeddable":true,"href":"https:\/\/www.suno.com.br\/noticias\/wp-json\/wp\/v2\/media\/266030"}],"wp:attachment":[{"href":"https:\/\/www.suno.com.br\/noticias\/wp-json\/wp\/v2\/media?parent=340499"}],"wp:term":[{"taxonomy":"category","embeddable":true,"href":"https:\/\/www.suno.com.br\/noticias\/wp-json\/wp\/v2\/categories?post=340499"},{"taxonomy":"post_tag","embeddable":true,"href":"https:\/\/www.suno.com.br\/noticias\/wp-json\/wp\/v2\/tags?post=340499"},{"taxonomy":"suno_strategy","embeddable":true,"href":"https:\/\/www.suno.com.br\/noticias\/wp-json\/wp\/v2\/suno_strategy?post=340499"}],"curies":[{"name":"wp","href":"https:\/\/api.w.org\/{rel}","templated":true}]}}