{"id":340493,"date":"2023-01-04T14:01:34","date_gmt":"2023-01-04T17:01:34","guid":{"rendered":"https:\/\/www.suno.com.br\/noticias\/?p=340493"},"modified":"2023-01-06T15:00:30","modified_gmt":"2023-01-06T18:00:30","slug":"petrobras-petr4-prates-acoes-sobem-combustiveis","status":"publish","type":"post","link":"https:\/\/www.suno.com.br\/noticias\/petrobras-petr4-prates-acoes-sobem-combustiveis\/","title":{"rendered":"Petrobras (PETR4): a\u00e7\u00f5es disparam ap\u00f3s Prates negar interven\u00e7\u00e3o no pre\u00e7o dos combust\u00edveis"},"content":{"rendered":"<p>Ap\u00f3s abrirem o preg\u00e3o em queda em meio a troca no comando e a queda do petr\u00f3leo, as a\u00e7\u00f5es da <strong>Petrobras <\/strong>(<a href=\"https:\/\/www.suno.com.br\/acoes\/petr4\" target=\"_blank\" rel=\"noreferrer noopener\">PETR4<\/a>) viraram para alta e sobem 2,5% no intradia desta quarta-feira (4).<\/p><div class=\"videoFull \">\n\t\t\t<div class=\"videoWrapper yt-lazyload center\"\n\t\t\t\tdata-width=\"960\"\n\t\t\t\tdata-height=\"540\"\n\t\t\t\tdata-id=\"_2do0s-QAyQ\"\n\t\t\t\tdata-alt=\"V\u00eddeo do YouTube - clique para reproduzir\"\n\t\t\t\tdata-logo=\"3\"\n\t\t\t\tdata-imagequality=\"maxres\">\n\t\t\t<\/div>\n\t\t<\/div><script type=\"application\/ld+json\">{\"@context\":\"https:\/\/schema.org\",\"@type\":\"VideoObject\",\"name\":\"PETROBRAS (PETR4) VALE A PENA? Prates indicado \u00e0 presid\u00eancia | Ajuste fiscal bilion\u00e1rio da Fazenda\",\"description\":\"#morningcall #Not\u00edcias #petr4 #petrobras #estatais #bbas3 #lula #haddad #fernandohaddad #jeanpaulprates #investimentos #mercadofinanceiro #bolsadevalores #ibovespa #ministrodafazenda #economia PETROBRAS (PETR4) VALE A PENA? Prates indicado \u00e0 presid\u00eancia | Ajuste fiscal bilion\u00e1rio da Fazenda | Morning Call \ud835\udc08\ud835\udc0d\ud835\udc12\ud835\udc02\ud835\udc11\ud835\udc04\ud835\udc15\ud835\udc00-\ud835\udc12\ud835\udc04 \ud835\udc0d\ud835\udc0e \ud835\udc02\ud835\udc00\ud835\udc0d\ud835\udc00\ud835\udc0b \ud835\udc04 \ud835\udc00\ud835\udc13\ud835\udc08\ud835\udc15\ud835\udc04 \ud835\udc0e \ud835\udc12\ud835\udc08\ud835\udc0d\ud835\udc0e \ud83d\udc47 https:\/\/bit.ly\/INSCREVA-SEATIVEOSINO \ud83d\udcda \ud83d\udcb8 \ud83d\udcca \ud835\udde3\ud835\udddf\ud835\uddd4\ud835\udde1\ud835\udddc\ud835\udddf\ud835\udddb\ud835\uddd4 \ud835\uddd7\ud835\uddd8 \ud835\uddd6\ud835\udde2\ud835\udde1\ud835\udde7\ud835\udde5\ud835\udde2\ud835\udddf\ud835\uddd8 \ud835\uddd9\ud835\udddc\ud835\udde1\ud835\uddd4\ud835\udde1\ud835\uddd6\ud835\uddd8\ud835\udddc\ud835\udde5\ud835\udde2: \ud835\uddd5\ud835\uddee\ud835\uddf6\ud835\ude05\ud835\uddf2 \ud835\uddee \ud835\uddfd\ud835\uddf9\ud835\uddee\ud835\uddfb\ud835\uddf6\ud835\uddf9\ud835\uddf5\ud835\uddee AGORA antes\u2026\",\"duration\":\"PT38M\",\"embedUrl\":\"https:\/\/www.youtube.com\/embed\/_2do0s-QAyQ\",\"regionsAllowed\":\"pt-BR\",\"interactionStatistic\":{\"@type\":\"InteractionCounter\",\"interactionType\":{\"@type\":\"WatchAction\"},\"userInteractionCount\":2995},\"thumbnailUrl\":\"https:\/\/i.ytimg.com\/vi\/_2do0s-QAyQ\/default.jpg\",\"uploadDate\":\"2023-01-04T12:47:23Z\"}<\/script>\n\n\n\n\n\t<p>\n\t\t<a href=\"\" target=\"_blank\" data-element=\"shortcode-suno-banner\" title=\"Banner SUNO, clique e saiba mais\">\n\t\t\t<picture>\n\t\t\t\t<source media=\"(max-width: 500px)\" srcset=\"\">\n\t\t\t\t<img class=\"newsContent__article__imgCapa newsContent__article__imgCapa--banner\"\n\t\t\t\t\tsrc=\"\"\n\t\t\t\t\tdata-promo-id=\"254218\"\t\t\t\t\t\t\t\t\t\t\t\t\t\t\talt=\"\"\n\t\t\t\t>\n\t\t\t<\/picture>\n\t\t<\/a>\n\t<\/p>\n\n\n\n\n\n<p>O motivo \u00e9 a fala do Senador <a href=\"https:\/\/www.suno.com.br\/noticias\/petrobras-petr4-indicacao-prates-presidencia\/\" target=\"_blank\" rel=\"noreferrer noopener\">Jean-Paul Prates (PT-RN)<\/a>, que foi indicado pelo governo Lula (PT) como o futuro <strong>presidente da Petrobras<\/strong>.<\/p>\n\n\n\n<p>Conforme informa\u00e7\u00f5es da Bloomberg, Prates afirmou que n\u00e3o haver\u00e1 interven\u00e7\u00e3o direta no <strong><a href=\"https:\/\/www.suno.com.br\/noticias\/petrobras-petr4-patinho-feio-intervencao\/\" target=\"_blank\" rel=\"noreferrer noopener\">pre\u00e7o dos combust\u00edveis<\/a><\/strong>.<\/p>\n\n\n\n<p>Al\u00e9m disso, disse que n\u00e3o haver\u00e1 desvincula\u00e7\u00e3o dos pre\u00e7os internacionais &#8211; em alus\u00e3o \u00e0 paridade internacional, adotada em 2016 pelo governo Temer.<\/p>\n\n\n\n<p>Os pap\u00e9is subiam cerca de 3,8% por volta das 15h45. Chegaram a subir mais de 5% logo ap\u00f3s a fala de <strong>Prates<\/strong>, mais cedo, \u00e0s 13h.<\/p>\n\n\n\n<p>&#8220;O discurso do Prates foi o que o mercado queria ouvir. S\u00f3 n\u00e3o subiu mais porque o petr\u00f3leo cai 4% no exterior. Dois pontos foram muito fortes, a quest\u00e3o da interven\u00e7\u00e3o e a fala de que o &#8216;mercado est\u00e1 acima de tudo'&#8221;, comenta o analista CNPI Rodrigo Cohen.<\/p>\n\n\n\n<p>Assim, com o acumulado de 2,5% de alta do intradia, os pap\u00e9is <strong><a href=\"https:\/\/statusinvest.com.br\/acoes\/petr4\" target=\"_blank\" rel=\"noreferrer noopener\">PETR4 <\/a><\/strong>ainda ficam fora das maiores altas, mas puxam o Ibovespa para cima dada a relev\u00e2ncia na carteira do \u00edndice. O Ibovespa opera em alta de 1%, aos 105 mil pontos.<\/p>\n\n\n\n\t<div data-element=\"shortcode-read-more\" class=\"readToo\">\n\t\t\t\t<span class=\"readToo__title\">Leia mais<\/span>\n\t\t\t\t<ul class=\"readToo__list\">\n\t\t\t<li><a href=\"https:\/\/www.suno.com.br\/noticias\/ibovespa-hoje-04012023-eletrobras-elet3\/\">Ibovespa sobe aos 104 mil pontos; Eletrobras (ELET3) avan\u00e7a 3%<\/a><\/li><li><a href=\"https:\/\/www.suno.com.br\/noticias\/petrobras-petr4-presidente-renuncia\/\">Petrobras (PETR4): Caio Mario Paes de Andrade renuncia \u00e0 presid\u00eancia<\/a><\/li><li><a href=\"https:\/\/www.suno.com.br\/noticias\/petrobras-petr4-indicacao-prates-presidencia\/\">Petrobras (PETR4): Governo envia indica\u00e7\u00e3o de Prates para presidir a empresa<\/a><\/li>\t\t<\/ul>\n\t<\/div>\n\n\n\n\n<h2 class=\"wp-block-heading\" id=\"h-troca-no-comando-da-petrobras\">Troca no comando da Petrobras<\/h2>\n\n\n\n<p>O nome da Prates, j\u00e1 cotado h\u00e1 meses para a Petrobras, foi indicado formalmente na noite de ter\u00e7a (3).<\/p>\n\n\n\n<p>A <strong>indica\u00e7\u00e3o de Prates para a Petrobras<\/strong> ainda deve enfrentar um processo de governan\u00e7a interna para que o parlamentar possa assumir a presid\u00eancia do Conselho de Administra\u00e7\u00e3o da companhia, passando por um Comit\u00ea de Elegibilidade.<\/p>\n\n\n\n<p>Um dos poss\u00edveis impeditivos, a Lei das Estatais, foi alterado pela C\u00e2mara recentemente. <\/p>\n\n\n\t<p>\n\t\t<a href=\"https:\/\/lp.suno.com.br\/planilha-controle-gastos\/\" target=\"_blank\" data-element=\"shortcode-suno-banner\" title=\"Banner SUNO, clique e saiba mais\">\n\t\t\t<picture>\n\t\t\t\t<source media=\"(max-width: 500px)\" srcset=\"https:\/\/files.sunoresearch.com.br\/n\/uploads\/2023\/03\/400x300-Planilha-controle-de-gastos.png\">\n\t\t\t\t<img class=\"newsContent__article__imgCapa newsContent__article__imgCapa--banner\"\n\t\t\t\t\tsrc=\"https:\/\/files.sunoresearch.com.br\/n\/uploads\/2023\/03\/1420x240-Planilha-controle-de-gastos.png\"\n\t\t\t\t\tdata-promo-id=\"101751\"\t\t\t\t\t\t\t\t\t\twidth='1420' height='240'\t\t\t\t\talt=\"https:\/\/files.sunoresearch.com.br\/n\/uploads\/2023\/03\/1420x240-Planilha-controle-de-gastos.png\"\n\t\t\t\t>\n\t\t\t<\/picture>\n\t\t<\/a>\n\t<\/p>\n\n\n\n\n\n<p>O regramento aprovado pelos parlamentares prev\u00ea uma redu\u00e7\u00e3o no tempo m\u00ednimo fora de campanhas pol\u00edticas para poder assumir a presid\u00eancia de uma estatal.<\/p>\n\n\n\n<p>Prates ficaria impossibilitado por ter concorrido \u00e0 prefeitura de Natal (RN) em 2020 e a suplente de Senador nas elei\u00e7\u00f5es federais de 2022.<\/p>\n\n\n\n<h2 class=\"wp-block-heading\">Atual presidente renunciou<\/h2>\n\n\n\n<p>Na manh\u00e3 desta quarta (4) a Petrobras comunicou oficialmente a ren\u00fancia do ent\u00e3o presidente da companhia, <a href=\"https:\/\/www.suno.com.br\/noticias\/caio-paes-de-andrade-posse-petrobras-petr4\/\" target=\"_blank\" rel=\"noreferrer noopener\">Caio Mario Paes de Andrade<\/a>.<\/p>\n\n\n\n<p>Caio Mario Paes de Andrade foi o 4\u00ba <strong>presidente da Petrobras<\/strong> durante o mandato de <a href=\"https:\/\/www.suno.com.br\/noticias\/tags\/jair-bolsonaro\" target=\"_blank\" rel=\"noreferrer noopener\">Jair Bolsonaro (PL)<\/a> e estava no cargo desde junho de 2022.<\/p>\n\n\n\n<p>O executivo deixa o cargo para ocupar o cargo na Secretaria de Gest\u00e3o do governo de <a href=\"https:\/\/www.suno.com.br\/noticias\/tarcisio-de-freitas-empossado-governador-sao-paulo\/\" target=\"_blank\" rel=\"noreferrer noopener\">Tarc\u00edsio Freitas (Republicanos)<\/a>, em S\u00e3o Paulo.<\/p>\n\n\n\n<p>Jo\u00e3o Henrique Rittershaussen, Diretor de Desenvolvimento da Produ\u00e7\u00e3o, foi designado como sucessor ap\u00f3s a formaliza\u00e7\u00e3o da ren\u00fancia, passando a ser ent\u00e3o o presidente interno da <strong>Petrobras<\/strong>.<\/p>\n\n\n\t<p>\n\t\t<a href=\"https:\/\/lp.suno.com.br\/ebook-como-analisar-uma-acao\/\" target=\"_blank\" data-element=\"shortcode-suno-banner\" title=\"Banner SUNO, clique e saiba mais\">\n\t\t\t<picture>\n\t\t\t\t<source media=\"(max-width: 500px)\" srcset=\"https:\/\/files.sunoresearch.com.br\/n\/uploads\/2023\/03\/Ebook-Acoes-Mobile-1.jpg\">\n\t\t\t\t<img class=\"newsContent__article__imgCapa newsContent__article__imgCapa--banner\"\n\t\t\t\t\tsrc=\"https:\/\/files.sunoresearch.com.br\/n\/uploads\/2023\/03\/Ebook-Acoes-Desktop-1.jpg\"\n\t\t\t\t\tdata-promo-id=\"171998\"\t\t\t\t\t\t\t\t\t\twidth='1420' height='286'\t\t\t\t\talt=\"https:\/\/files.sunoresearch.com.br\/n\/uploads\/2023\/03\/Ebook-Acoes-Desktop-1.jpg\"\n\t\t\t\t>\n\t\t\t<\/picture>\n\t\t<\/a>\n\t<\/p>\n\n\n","protected":false},"excerpt":{"rendered":"<p>Ap\u00f3s abrirem o preg\u00e3o em queda em meio a troca no comando e a queda do petr\u00f3leo, as a\u00e7\u00f5es da Petrobras (PETR4) viraram para alta e sobem 2,5% no intradia desta quarta-feira (4). O motivo \u00e9 a fala do Senador Jean-Paul Prates (PT-RN), que foi indicado pelo governo Lula (PT) como o futuro presidente da [&hellip;]<\/p>\n","protected":false},"author":73,"featured_media":132309,"comment_status":"closed","ping_status":"closed","sticky":false,"template":"","format":"standard","meta":[],"categories":[64],"tags":[286,595],"suno_strategy":[],"class_list":["post-340493","post","type-post","status-publish","format-standard","has-post-thumbnail","hentry","category-negocios","tag-acoes","tag-petrobras-petr4"],"yoast_head":"<!-- This site is optimized with the Yoast SEO plugin v24.4 - https:\/\/yoast.com\/wordpress\/plugins\/seo\/ -->\n<title>Petrobras (PETR4): A\u00e7\u00f5es disparam ap\u00f3s Prates negar interven\u00e7\u00e3o<\/title>\n<meta name=\"description\" content=\"Prates, indicado para a presid\u00eancia da Petrobras, negou que governo far\u00e1 interven\u00e7\u00e3o direta no pre\u00e7o dos combust\u00edveis. Clique e confira!\" \/>\n<meta name=\"robots\" content=\"index, follow, max-snippet:-1, max-image-preview:large, max-video-preview:-1\" \/>\n<link rel=\"canonical\" href=\"https:\/\/www.suno.com.br\/noticias\/petrobras-petr4-prates-acoes-sobem-combustiveis\/\" \/>\n<meta property=\"og:locale\" content=\"pt_BR\" \/>\n<meta property=\"og:type\" content=\"article\" \/>\n<meta property=\"og:title\" content=\"Petrobras (PETR4): A\u00e7\u00f5es disparam ap\u00f3s Prates negar interven\u00e7\u00e3o\" \/>\n<meta property=\"og:description\" content=\"Prates, indicado para a presid\u00eancia da Petrobras, negou que governo far\u00e1 interven\u00e7\u00e3o direta no pre\u00e7o dos combust\u00edveis. Clique e confira!\" \/>\n<meta property=\"og:url\" content=\"https:\/\/www.suno.com.br\/noticias\/petrobras-petr4-prates-acoes-sobem-combustiveis\/\" \/>\n<meta property=\"og:site_name\" content=\"Suno Not\u00edcias\" \/>\n<meta property=\"article:publisher\" content=\"https:\/\/facebook.com\/sunoresearch\" \/>\n<meta property=\"og:image\" content=\"https:\/\/files.sunoresearch.com.br\/n\/uploads\/2021\/03\/58852300-48991831746_1ab8b68c02_o-1.jpg\" \/>\n\t<meta property=\"og:image:width\" content=\"1200\" \/>\n\t<meta property=\"og:image:height\" content=\"800\" \/>\n\t<meta property=\"og:image:type\" content=\"image\/jpeg\" \/>\n<meta name=\"author\" content=\"Eduardo Vargas\" \/>\n<meta name=\"twitter:card\" content=\"summary_large_image\" \/>\n<meta name=\"twitter:creator\" content=\"@sunoresearch\" \/>\n<meta name=\"twitter:site\" content=\"@sunoresearch\" \/>\n<meta name=\"twitter:label1\" content=\"Escrito por\" \/>\n\t<meta name=\"twitter:data1\" content=\"Eduardo Vargas\" \/>\n\t<meta name=\"twitter:label2\" content=\"Est. tempo de leitura\" \/>\n\t<meta name=\"twitter:data2\" content=\"3 minutos\" \/>\n<script type=\"application\/ld+json\" class=\"yoast-schema-graph\">{\"@context\":\"https:\/\/schema.org\",\"@graph\":[{\"@type\":\"NewsArticle\",\"@id\":\"https:\/\/www.suno.com.br\/noticias\/petrobras-petr4-prates-acoes-sobem-combustiveis\/#article\",\"isPartOf\":{\"@id\":\"https:\/\/www.suno.com.br\/noticias\/petrobras-petr4-prates-acoes-sobem-combustiveis\/\"},\"author\":{\"name\":\"Eduardo Vargas\",\"@id\":\"https:\/\/www.suno.com.br\/noticias\/#\/schema\/person\/7f4d362bf3518e76090143ae77bb49a5\"},\"headline\":\"Petrobras (PETR4): a\u00e7\u00f5es disparam ap\u00f3s Prates negar interven\u00e7\u00e3o no pre\u00e7o dos combust\u00edveis\",\"datePublished\":\"2023-01-04T17:01:34+00:00\",\"dateModified\":\"2023-01-06T18:00:30+00:00\",\"mainEntityOfPage\":{\"@id\":\"https:\/\/www.suno.com.br\/noticias\/petrobras-petr4-prates-acoes-sobem-combustiveis\/\"},\"wordCount\":479,\"publisher\":{\"@id\":\"https:\/\/www.suno.com.br\/noticias\/#organization\"},\"image\":{\"@id\":\"https:\/\/www.suno.com.br\/noticias\/petrobras-petr4-prates-acoes-sobem-combustiveis\/#primaryimage\"},\"thumbnailUrl\":\"https:\/\/files.sunoresearch.com.br\/n\/uploads\/2021\/03\/58852300-48991831746_1ab8b68c02_o-1-jpg.webp\",\"keywords\":[\"A\u00e7\u00f5es\",\"Petrobras (PETR4)\"],\"articleSection\":[\"Neg\u00f3cios\"],\"inLanguage\":\"pt-BR\"},{\"@type\":\"WebPage\",\"@id\":\"https:\/\/www.suno.com.br\/noticias\/petrobras-petr4-prates-acoes-sobem-combustiveis\/\",\"url\":\"https:\/\/www.suno.com.br\/noticias\/petrobras-petr4-prates-acoes-sobem-combustiveis\/\",\"name\":\"Petrobras (PETR4): A\u00e7\u00f5es disparam ap\u00f3s Prates negar interven\u00e7\u00e3o\",\"isPartOf\":{\"@id\":\"https:\/\/www.suno.com.br\/noticias\/#website\"},\"primaryImageOfPage\":{\"@id\":\"https:\/\/www.suno.com.br\/noticias\/petrobras-petr4-prates-acoes-sobem-combustiveis\/#primaryimage\"},\"image\":{\"@id\":\"https:\/\/www.suno.com.br\/noticias\/petrobras-petr4-prates-acoes-sobem-combustiveis\/#primaryimage\"},\"thumbnailUrl\":\"https:\/\/files.sunoresearch.com.br\/n\/uploads\/2021\/03\/58852300-48991831746_1ab8b68c02_o-1-jpg.webp\",\"datePublished\":\"2023-01-04T17:01:34+00:00\",\"dateModified\":\"2023-01-06T18:00:30+00:00\",\"description\":\"Prates, indicado para a presid\u00eancia da Petrobras, negou que governo far\u00e1 interven\u00e7\u00e3o direta no pre\u00e7o dos combust\u00edveis. Clique e confira!\",\"breadcrumb\":{\"@id\":\"https:\/\/www.suno.com.br\/noticias\/petrobras-petr4-prates-acoes-sobem-combustiveis\/#breadcrumb\"},\"inLanguage\":\"pt-BR\",\"potentialAction\":[{\"@type\":\"ReadAction\",\"target\":[\"https:\/\/www.suno.com.br\/noticias\/petrobras-petr4-prates-acoes-sobem-combustiveis\/\"]}]},{\"@type\":\"ImageObject\",\"inLanguage\":\"pt-BR\",\"@id\":\"https:\/\/www.suno.com.br\/noticias\/petrobras-petr4-prates-acoes-sobem-combustiveis\/#primaryimage\",\"url\":\"https:\/\/files.sunoresearch.com.br\/n\/uploads\/2021\/03\/58852300-48991831746_1ab8b68c02_o-1-jpg.webp\",\"contentUrl\":\"https:\/\/files.sunoresearch.com.br\/n\/uploads\/2021\/03\/58852300-48991831746_1ab8b68c02_o-1-jpg.webp\",\"width\":1200,\"height\":800,\"caption\":\"Jean Paul Prates (PT-RN), presidente da Petrobras. Foto: Marcos Oliveira\/Ag\u00eancia\"},{\"@type\":\"BreadcrumbList\",\"@id\":\"https:\/\/www.suno.com.br\/noticias\/petrobras-petr4-prates-acoes-sobem-combustiveis\/#breadcrumb\",\"itemListElement\":[{\"@type\":\"ListItem\",\"position\":1,\"name\":\"Not\u00edcias\",\"item\":\"https:\/\/www.suno.com.br\/noticias\/\"},{\"@type\":\"ListItem\",\"position\":2,\"name\":\"Neg\u00f3cios\",\"item\":\"https:\/\/www.suno.com.br\/noticias\/negocios\/\"},{\"@type\":\"ListItem\",\"position\":3,\"name\":\"Petrobras (PETR4): a\u00e7\u00f5es disparam ap\u00f3s Prates negar interven\u00e7\u00e3o no pre\u00e7o dos combust\u00edveis\"}]},{\"@type\":\"WebSite\",\"@id\":\"https:\/\/www.suno.com.br\/noticias\/#website\",\"url\":\"https:\/\/www.suno.com.br\/noticias\/\",\"name\":\"Suno Not\u00edcias\",\"description\":\"Seu portal de informa\u00e7\u00e3o sobre o mundo dos investimentos\",\"publisher\":{\"@id\":\"https:\/\/www.suno.com.br\/noticias\/#organization\"},\"potentialAction\":[{\"@type\":\"SearchAction\",\"target\":{\"@type\":\"EntryPoint\",\"urlTemplate\":\"https:\/\/www.suno.com.br\/noticias\/?s={search_term_string}\"},\"query-input\":{\"@type\":\"PropertyValueSpecification\",\"valueRequired\":true,\"valueName\":\"search_term_string\"}}],\"inLanguage\":\"pt-BR\"},{\"@type\":\"Organization\",\"@id\":\"https:\/\/www.suno.com.br\/noticias\/#organization\",\"name\":\"Suno Not\u00edcias\",\"url\":\"https:\/\/www.suno.com.br\/noticias\/\",\"logo\":{\"@type\":\"ImageObject\",\"inLanguage\":\"pt-BR\",\"@id\":\"https:\/\/www.suno.com.br\/noticias\/#\/schema\/logo\/image\/\",\"url\":\"https:\/\/files.sunoresearch.com.br\/n\/uploads\/2021\/09\/suno-logo.png\",\"contentUrl\":\"https:\/\/files.sunoresearch.com.br\/n\/uploads\/2021\/09\/suno-logo.png\",\"width\":180,\"height\":180,\"caption\":\"Suno Not\u00edcias\"},\"image\":{\"@id\":\"https:\/\/www.suno.com.br\/noticias\/#\/schema\/logo\/image\/\"},\"sameAs\":[\"https:\/\/facebook.com\/sunoresearch\",\"https:\/\/x.com\/sunoresearch\",\"https:\/\/www.instagram.com\/suno\",\"https:\/\/www.linkedin.com\/company\/suno-research\/\",\"https:\/\/www.youtube.com\/c\/sunoresearch\"]},{\"@type\":\"Person\",\"@id\":\"https:\/\/www.suno.com.br\/noticias\/#\/schema\/person\/7f4d362bf3518e76090143ae77bb49a5\",\"name\":\"Eduardo Vargas\",\"image\":{\"@type\":\"ImageObject\",\"inLanguage\":\"pt-BR\",\"@id\":\"https:\/\/www.suno.com.br\/noticias\/#\/schema\/person\/image\/\",\"url\":\"https:\/\/secure.gravatar.com\/avatar\/dac340933427a22924c9f99d1eb2e3f2?s=96&r=g\",\"contentUrl\":\"https:\/\/secure.gravatar.com\/avatar\/dac340933427a22924c9f99d1eb2e3f2?s=96&r=g\",\"caption\":\"Eduardo Vargas\"},\"description\":\"Jornalista formado pela UFSC, cobre macroeconomia, neg\u00f3cios e startups para o Suno Not\u00edcias, escrevendo principalmente not\u00edcias sobre o mercado financeiro e a bolsa de valores. No YouTube e no Instagram, \u00e9 respons\u00e1vel pela produ\u00e7\u00e3o de Reels e Shorts do Suno Not\u00edcias. Anteriormente, trabalhou cobrindo economia e cotidiano no ND+ e para o ND, maior jornal impresso de Santa Catarina. Cursou um semestre letivo de Estudos de M\u00eddia na Universidad de Buenos Aires.\",\"url\":\"https:\/\/www.suno.com.br\/noticias\/author\/eduardo-vargas\/\"}]}<\/script>\n<!-- \/ Yoast SEO plugin. -->","yoast_head_json":{"title":"Petrobras (PETR4): A\u00e7\u00f5es disparam ap\u00f3s Prates negar interven\u00e7\u00e3o","description":"Prates, indicado para a presid\u00eancia da Petrobras, negou que governo far\u00e1 interven\u00e7\u00e3o direta no pre\u00e7o dos combust\u00edveis. Clique e confira!","robots":{"index":"index","follow":"follow","max-snippet":"max-snippet:-1","max-image-preview":"max-image-preview:large","max-video-preview":"max-video-preview:-1"},"canonical":"https:\/\/www.suno.com.br\/noticias\/petrobras-petr4-prates-acoes-sobem-combustiveis\/","og_locale":"pt_BR","og_type":"article","og_title":"Petrobras (PETR4): A\u00e7\u00f5es disparam ap\u00f3s Prates negar interven\u00e7\u00e3o","og_description":"Prates, indicado para a presid\u00eancia da Petrobras, negou que governo far\u00e1 interven\u00e7\u00e3o direta no pre\u00e7o dos combust\u00edveis. Clique e confira!","og_url":"https:\/\/www.suno.com.br\/noticias\/petrobras-petr4-prates-acoes-sobem-combustiveis\/","og_site_name":"Suno Not\u00edcias","article_publisher":"https:\/\/facebook.com\/sunoresearch","og_image":[{"width":1200,"height":800,"url":"https:\/\/files.sunoresearch.com.br\/n\/uploads\/2021\/03\/58852300-48991831746_1ab8b68c02_o-1.jpg","type":"image\/jpeg"}],"author":"Eduardo Vargas","twitter_card":"summary_large_image","twitter_creator":"@sunoresearch","twitter_site":"@sunoresearch","twitter_misc":{"Escrito por":"Eduardo Vargas","Est. tempo de leitura":"3 minutos"},"schema":{"@context":"https:\/\/schema.org","@graph":[{"@type":"NewsArticle","@id":"https:\/\/www.suno.com.br\/noticias\/petrobras-petr4-prates-acoes-sobem-combustiveis\/#article","isPartOf":{"@id":"https:\/\/www.suno.com.br\/noticias\/petrobras-petr4-prates-acoes-sobem-combustiveis\/"},"author":{"name":"Eduardo Vargas","@id":"https:\/\/www.suno.com.br\/noticias\/#\/schema\/person\/7f4d362bf3518e76090143ae77bb49a5"},"headline":"Petrobras (PETR4): a\u00e7\u00f5es disparam ap\u00f3s Prates negar interven\u00e7\u00e3o no pre\u00e7o dos combust\u00edveis","datePublished":"2023-01-04T17:01:34+00:00","dateModified":"2023-01-06T18:00:30+00:00","mainEntityOfPage":{"@id":"https:\/\/www.suno.com.br\/noticias\/petrobras-petr4-prates-acoes-sobem-combustiveis\/"},"wordCount":479,"publisher":{"@id":"https:\/\/www.suno.com.br\/noticias\/#organization"},"image":{"@id":"https:\/\/www.suno.com.br\/noticias\/petrobras-petr4-prates-acoes-sobem-combustiveis\/#primaryimage"},"thumbnailUrl":"https:\/\/files.sunoresearch.com.br\/n\/uploads\/2021\/03\/58852300-48991831746_1ab8b68c02_o-1-jpg.webp","keywords":["A\u00e7\u00f5es","Petrobras (PETR4)"],"articleSection":["Neg\u00f3cios"],"inLanguage":"pt-BR"},{"@type":"WebPage","@id":"https:\/\/www.suno.com.br\/noticias\/petrobras-petr4-prates-acoes-sobem-combustiveis\/","url":"https:\/\/www.suno.com.br\/noticias\/petrobras-petr4-prates-acoes-sobem-combustiveis\/","name":"Petrobras (PETR4): A\u00e7\u00f5es disparam ap\u00f3s Prates negar interven\u00e7\u00e3o","isPartOf":{"@id":"https:\/\/www.suno.com.br\/noticias\/#website"},"primaryImageOfPage":{"@id":"https:\/\/www.suno.com.br\/noticias\/petrobras-petr4-prates-acoes-sobem-combustiveis\/#primaryimage"},"image":{"@id":"https:\/\/www.suno.com.br\/noticias\/petrobras-petr4-prates-acoes-sobem-combustiveis\/#primaryimage"},"thumbnailUrl":"https:\/\/files.sunoresearch.com.br\/n\/uploads\/2021\/03\/58852300-48991831746_1ab8b68c02_o-1-jpg.webp","datePublished":"2023-01-04T17:01:34+00:00","dateModified":"2023-01-06T18:00:30+00:00","description":"Prates, indicado para a presid\u00eancia da Petrobras, negou que governo far\u00e1 interven\u00e7\u00e3o direta no pre\u00e7o dos combust\u00edveis. Clique e confira!","breadcrumb":{"@id":"https:\/\/www.suno.com.br\/noticias\/petrobras-petr4-prates-acoes-sobem-combustiveis\/#breadcrumb"},"inLanguage":"pt-BR","potentialAction":[{"@type":"ReadAction","target":["https:\/\/www.suno.com.br\/noticias\/petrobras-petr4-prates-acoes-sobem-combustiveis\/"]}]},{"@type":"ImageObject","inLanguage":"pt-BR","@id":"https:\/\/www.suno.com.br\/noticias\/petrobras-petr4-prates-acoes-sobem-combustiveis\/#primaryimage","url":"https:\/\/files.sunoresearch.com.br\/n\/uploads\/2021\/03\/58852300-48991831746_1ab8b68c02_o-1-jpg.webp","contentUrl":"https:\/\/files.sunoresearch.com.br\/n\/uploads\/2021\/03\/58852300-48991831746_1ab8b68c02_o-1-jpg.webp","width":1200,"height":800,"caption":"Jean Paul Prates (PT-RN), presidente da Petrobras. Foto: Marcos Oliveira\/Ag\u00eancia"},{"@type":"BreadcrumbList","@id":"https:\/\/www.suno.com.br\/noticias\/petrobras-petr4-prates-acoes-sobem-combustiveis\/#breadcrumb","itemListElement":[{"@type":"ListItem","position":1,"name":"Not\u00edcias","item":"https:\/\/www.suno.com.br\/noticias\/"},{"@type":"ListItem","position":2,"name":"Neg\u00f3cios","item":"https:\/\/www.suno.com.br\/noticias\/negocios\/"},{"@type":"ListItem","position":3,"name":"Petrobras (PETR4): a\u00e7\u00f5es disparam ap\u00f3s Prates negar interven\u00e7\u00e3o no pre\u00e7o dos combust\u00edveis"}]},{"@type":"WebSite","@id":"https:\/\/www.suno.com.br\/noticias\/#website","url":"https:\/\/www.suno.com.br\/noticias\/","name":"Suno Not\u00edcias","description":"Seu portal de informa\u00e7\u00e3o sobre o mundo dos investimentos","publisher":{"@id":"https:\/\/www.suno.com.br\/noticias\/#organization"},"potentialAction":[{"@type":"SearchAction","target":{"@type":"EntryPoint","urlTemplate":"https:\/\/www.suno.com.br\/noticias\/?s={search_term_string}"},"query-input":{"@type":"PropertyValueSpecification","valueRequired":true,"valueName":"search_term_string"}}],"inLanguage":"pt-BR"},{"@type":"Organization","@id":"https:\/\/www.suno.com.br\/noticias\/#organization","name":"Suno Not\u00edcias","url":"https:\/\/www.suno.com.br\/noticias\/","logo":{"@type":"ImageObject","inLanguage":"pt-BR","@id":"https:\/\/www.suno.com.br\/noticias\/#\/schema\/logo\/image\/","url":"https:\/\/files.sunoresearch.com.br\/n\/uploads\/2021\/09\/suno-logo.png","contentUrl":"https:\/\/files.sunoresearch.com.br\/n\/uploads\/2021\/09\/suno-logo.png","width":180,"height":180,"caption":"Suno Not\u00edcias"},"image":{"@id":"https:\/\/www.suno.com.br\/noticias\/#\/schema\/logo\/image\/"},"sameAs":["https:\/\/facebook.com\/sunoresearch","https:\/\/x.com\/sunoresearch","https:\/\/www.instagram.com\/suno","https:\/\/www.linkedin.com\/company\/suno-research\/","https:\/\/www.youtube.com\/c\/sunoresearch"]},{"@type":"Person","@id":"https:\/\/www.suno.com.br\/noticias\/#\/schema\/person\/7f4d362bf3518e76090143ae77bb49a5","name":"Eduardo Vargas","image":{"@type":"ImageObject","inLanguage":"pt-BR","@id":"https:\/\/www.suno.com.br\/noticias\/#\/schema\/person\/image\/","url":"https:\/\/secure.gravatar.com\/avatar\/dac340933427a22924c9f99d1eb2e3f2?s=96&r=g","contentUrl":"https:\/\/secure.gravatar.com\/avatar\/dac340933427a22924c9f99d1eb2e3f2?s=96&r=g","caption":"Eduardo Vargas"},"description":"Jornalista formado pela UFSC, cobre macroeconomia, neg\u00f3cios e startups para o Suno Not\u00edcias, escrevendo principalmente not\u00edcias sobre o mercado financeiro e a bolsa de valores. No YouTube e no Instagram, \u00e9 respons\u00e1vel pela produ\u00e7\u00e3o de Reels e Shorts do Suno Not\u00edcias. Anteriormente, trabalhou cobrindo economia e cotidiano no ND+ e para o ND, maior jornal impresso de Santa Catarina. Cursou um semestre letivo de Estudos de M\u00eddia na Universidad de Buenos Aires.","url":"https:\/\/www.suno.com.br\/noticias\/author\/eduardo-vargas\/"}]}},"default_loop_html":"<div class=\"cardsPage__listCard__boxs\"><div class=\"cardsPage__listCard__boxs__img\"><a href=\"https:\/\/www.suno.com.br\/noticias\/petrobras-petr4-prates-acoes-sobem-combustiveis\/\"><img class=\"mask\" src=\"https:\/\/www.suno.com.br\/noticias\/wp-content\/themes\/suno\/resources\/images\/spotlight\/spotlight1img\/bg-mask.png\" alt=\"Image Mask\"\/><img src=\"https:\/\/files.sunoresearch.com.br\/n\/uploads\/2021\/03\/58852300-48991831746_1ab8b68c02_o-1-400x200.webp\" alt=\"Petrobras (PETR4): a\u00e7\u00f5es disparam ap\u00f3s Prates negar interven\u00e7\u00e3o no pre\u00e7o dos combust\u00edveis\"\/><\/a><span class=\"spotlightCategory\"><a href=\"https:\/\/www.suno.com.br\/noticias\/negocios\/\">Neg\u00f3cios<\/a><\/span><\/div><div class=\"cardsPage__listCard__boxs__content\"><a href=\"https:\/\/www.suno.com.br\/noticias\/petrobras-petr4-prates-acoes-sobem-combustiveis\/\"><h2 class=\"content__title\">Petrobras (PETR4): a\u00e7\u00f5es disparam ap\u00f3s Prates negar interven\u00e7\u00e3o no pre\u00e7o dos combust\u00edveis<\/h2><\/a><div class=\"newsContent__article__meta\"><div class=\"newsContent__article__meta__authorBox\"><a href=\"https:\/\/www.suno.com.br\/noticias\/author\/eduardo-vargas\/\" class=\"authorBox__avatar noMobi\"><img src=\"https:\/\/secure.gravatar.com\/avatar\/dac340933427a22924c9f99d1eb2e3f2?s=96&#038;r=g\" alt=\"Eduardo Vargas\"><\/a><div class=\"authorBox__name\"><span>por\n\t\t\t<a href=\"https:\/\/www.suno.com.br\/noticias\/author\/eduardo-vargas\/\"><span itemprop=\"author\">Eduardo Vargas<\/span><\/a><\/span><time datetime=\"2023-01-04T14:01:34-03:00\" itemprop=\"datePublished\">04\/01\/2023 14:01<\/time><\/div><\/div><\/div><\/div><\/div>","single_layout":"posts","amp_enabled":true,"_links":{"self":[{"href":"https:\/\/www.suno.com.br\/noticias\/wp-json\/wp\/v2\/posts\/340493"}],"collection":[{"href":"https:\/\/www.suno.com.br\/noticias\/wp-json\/wp\/v2\/posts"}],"about":[{"href":"https:\/\/www.suno.com.br\/noticias\/wp-json\/wp\/v2\/types\/post"}],"author":[{"embeddable":true,"href":"https:\/\/www.suno.com.br\/noticias\/wp-json\/wp\/v2\/users\/73"}],"replies":[{"embeddable":true,"href":"https:\/\/www.suno.com.br\/noticias\/wp-json\/wp\/v2\/comments?post=340493"}],"version-history":[{"count":2,"href":"https:\/\/www.suno.com.br\/noticias\/wp-json\/wp\/v2\/posts\/340493\/revisions"}],"predecessor-version":[{"id":342011,"href":"https:\/\/www.suno.com.br\/noticias\/wp-json\/wp\/v2\/posts\/340493\/revisions\/342011"}],"wp:featuredmedia":[{"embeddable":true,"href":"https:\/\/www.suno.com.br\/noticias\/wp-json\/wp\/v2\/media\/132309"}],"wp:attachment":[{"href":"https:\/\/www.suno.com.br\/noticias\/wp-json\/wp\/v2\/media?parent=340493"}],"wp:term":[{"taxonomy":"category","embeddable":true,"href":"https:\/\/www.suno.com.br\/noticias\/wp-json\/wp\/v2\/categories?post=340493"},{"taxonomy":"post_tag","embeddable":true,"href":"https:\/\/www.suno.com.br\/noticias\/wp-json\/wp\/v2\/tags?post=340493"},{"taxonomy":"suno_strategy","embeddable":true,"href":"https:\/\/www.suno.com.br\/noticias\/wp-json\/wp\/v2\/suno_strategy?post=340493"}],"curies":[{"name":"wp","href":"https:\/\/api.w.org\/{rel}","templated":true}]}}