{"id":34043,"date":"2019-08-14T14:54:48","date_gmt":"2019-08-14T17:54:48","guid":{"rendered":"https:\/\/www.suno.com.br\/noticias\/?p=34043"},"modified":"2021-02-18T19:48:26","modified_gmt":"2021-02-18T22:48:26","slug":"reforma-tributaria-votada-outubro-diz-relator","status":"publish","type":"post","link":"https:\/\/www.suno.com.br\/noticias\/reforma-tributaria-votada-outubro-diz-relator\/","title":{"rendered":"Reforma tribut\u00e1ria deve ser votada em outubro, diz relator"},"content":{"rendered":"<p>O relator da <a href=\"https:\/\/www.suno.com.br\/artigos\/reforma-tributaria\/\">reforma tribut\u00e1ria<\/a>, Aguinaldo Ribeiro (PP-PB), afirmou na \u00faltima ter\u00e7a-feira (13) que a medida deve ser votada pela comiss\u00e3o especial da <strong>C\u00e2mara dos Deputados<\/strong> em <strong>outubro<\/strong>.<\/p>\t<div class=\"wrapper-featured-image\">\n\t\t<figure class=\"spotlightImg\">\n\n\t\t\t<picture>\n\t\t\t\t<source media=\"(max-width: 768px)\" srcset=\"https:\/\/files.sunoresearch.com.br\/n\/uploads\/2019\/08\/42556879-aguinaldo-ribeiro-400x200.webp\">\n\t\t\t\t<img loading=\"lazy\" decoding=\"async\" class=\"newsContent__article__imgCapa lazyloadDisabled newsContent__article__imgCapa--noCaption\" src=\"https:\/\/files.sunoresearch.com.br\/n\/uploads\/2019\/08\/42556879-aguinaldo-ribeiro-800x450.webp\" width=\"800\" height=\"450\" alt=\"Reforma tribut\u00e1ria deve ser votada em outubro, diz relator\" fetchpriority=high \/>\n\t\t\t<\/picture>\n\n\t\t\t<figcaption class=\"wp-caption-text wp-caption-text--hide\">Reforma tribut\u00e1ria deve ser aprovada at\u00e9 junho, diz relator<\/figcaption>\n\t\t<\/figure>\n\t<\/div>\n\n\n<p>O <strong>deputado federal<\/strong> disse que apresentar\u00e1 seu parecer sobre o relat\u00f3rio no dia 8 de outubro. Dessa forma, o texto da <strong>reforma tribut\u00e1ria<\/strong> dever\u00e1 ser votado por volta de 15 de outubro.<\/p>\n\n<p>O plano de trabalho para a PEC da reforma foi apresentado ontem por Ribeiro. O prazo para a apresenta\u00e7\u00e3o de emendas termina no dia 5 de setembro.<\/p>\n<p>&#8220;\u00c9 poss\u00edvel cumprir [o prazo]. Esse tema foi amplamente discutido, inclusive com as propostas que j\u00e1 foram colocadas&#8221;, disse o parlamentar.<\/p>\n<p>O relator ressaltou que impostos como a <a href=\"https:\/\/www.suno.com.br\/artigos\/cpmf\/\">CPMF<\/a> n\u00e3o voltar\u00e3o a existir. Al\u00e9m disso, Ribeiro declarou que pretende debater a medida com governadores.<\/p>\n<h2>Audi\u00eancias p\u00fablicas<\/h2>\n<p>A primeira audi\u00eancia p\u00fablica sobre a medida ocorrer\u00e1 na pr\u00f3xima ter\u00e7a-feira (20). O diretor do Centro de Cidadania Fiscal (CCiF), <strong>Bernard Appy,<\/strong> e o deputado federal <strong>Baleia<\/strong>\u00a0<strong>Rossi<\/strong> (MDB-SP) dever\u00e3o participar da audi\u00eancia.<\/p>\n<p>O parecer da <strong>reforma tribut\u00e1ria<\/strong>, apresentado por Ribeiro, inclui partes das propostas de Appy e Rossi. &#8220;A proposta do Senado a C\u00e2mara j\u00e1 conhece, analisou no passado. A proposta do governo deve chegar a esta Casa nos pr\u00f3ximos dias. Por isso, j\u00e1 colocamos na nossa sugest\u00e3o de nomes todo o escopo que engloba essa discuss\u00e3o&#8221;, afirmou o relator.<\/p>\n\t<p>\n\t\t<a href=\"https:\/\/lp.suno.com.br\/lm\/simulador-de-renda-passiva\/\" target=\"_blank\" data-element=\"shortcode-suno-banner\" title=\"Banner SUNO, clique e saiba mais\">\n\t\t\t<picture>\n\t\t\t\t<source media=\"(max-width: 500px)\" srcset=\"https:\/\/files.sunoresearch.com.br\/n\/uploads\/2024\/04\/Lead-Magnet-400x300-1.png\">\n\t\t\t\t<img class=\"newsContent__article__imgCapa newsContent__article__imgCapa--banner\"\n\t\t\t\t\tsrc=\"https:\/\/files.sunoresearch.com.br\/n\/uploads\/2024\/04\/Lead-Magnet-1420x240-1.png\"\n\t\t\t\t\tdata-promo-id=\"543552\"\t\t\t\t\t\t\t\t\t\twidth='1420' height='240'\t\t\t\t\talt=\"https:\/\/files.sunoresearch.com.br\/n\/uploads\/2024\/04\/Lead-Magnet-1420x240-1.png\"\n\t\t\t\t>\n\t\t\t<\/picture>\n\t\t<\/a>\n\t<\/p>\n\n\n<p>A expectativa \u00e9 de que o ministro da Economia, <a href=\"https:\/\/www.suno.com.br\/tudo-sobre\/paulo-guedes\/\">Paulo Guedes<\/a> e o secret\u00e1rio especial da Receita Federal, Marcos Cintra, participem de outras audi\u00eancias.<\/p>\n<h2>Bolsonaro e Maia descartam CPMF em reforma tribut\u00e1ria<\/h2>\n<p>O presidente, Jair Bolsonaro, e o presidente da C\u00e2mara dos Deputados, Rodrigo Maia tamb\u00e9m negaram a possibilidade da volta da CPMF na reforma.<\/p>\n<p><a href=\"https:\/\/www.suno.com.br\/noticias\/bolsonaro-descarta-cpmf-reforma-tributaria\/\">Saiba mais: Bolsonaro e Maia descartam nova CPMF em meio \u00e0 reforma tribut\u00e1ria<\/a><\/p>\n<p>O presidente ressaltou, durante uma entrevista em Barra Ribeiro (RS), que o imposto n\u00e3o existir\u00e1. Al\u00e9m disso, Rodrigo Maia\u00a0afirmou que &#8220;a \u00fanica certeza&#8221; que tem \u00e9 que a CPMF n\u00e3o ser\u00e1 retomada &#8220;sob hip\u00f3tese alguma&#8221;.<\/p>\n<p>De acordo com Maia, durante a an\u00e1lise da <strong>reforma tribut\u00e1ria<\/strong> os parlamentares dever\u00e3o buscar alternativas para que nenhum setor econ\u00f4mico seja taxado com al\u00edquotas maiores \u00e0quelas que podem arcar.<\/p>\n","protected":false},"excerpt":{"rendered":"<p>O relator da reforma tribut\u00e1ria, Aguinaldo Ribeiro (PP-PB), afirmou na \u00faltima ter\u00e7a-feira (13) que a medida deve ser votada pela comiss\u00e3o especial da C\u00e2mara dos Deputados em outubro. Reforma tribut\u00e1ria deve ser aprovada at\u00e9 junho, diz relator O deputado federal disse que apresentar\u00e1 seu parecer sobre o relat\u00f3rio no dia 8 de outubro. Dessa forma, [&hellip;]<\/p>\n","protected":false},"author":18,"featured_media":34045,"comment_status":"closed","ping_status":"closed","sticky":false,"template":"","format":"standard","meta":[],"categories":[62],"tags":[1848,1849,938,1286],"suno_strategy":[],"class_list":["post-34043","post","type-post","status-publish","format-standard","has-post-thumbnail","hentry","category-economia","tag-baleia-rossi","tag-bernard-appy","tag-camara-dos-deputados","tag-reforma-tributaria"],"yoast_head":"<!-- This site is optimized with the Yoast SEO plugin v24.4 - https:\/\/yoast.com\/wordpress\/plugins\/seo\/ -->\n<title>Reforma tribut\u00e1ria deve ser votada em outubro, diz relator<\/title>\n<meta name=\"description\" content=\"O relator da reforma tribut\u00e1ria, Aguinaldo Ribeiro, afirmou que a medida deve ser votada pela comiss\u00e3o em outubro. Clique para saber mais.\" \/>\n<meta name=\"robots\" content=\"index, follow, max-snippet:-1, max-image-preview:large, max-video-preview:-1\" \/>\n<link rel=\"canonical\" href=\"https:\/\/www.suno.com.br\/noticias\/reforma-tributaria-votada-outubro-diz-relator\/\" \/>\n<meta property=\"og:locale\" content=\"pt_BR\" \/>\n<meta property=\"og:type\" content=\"article\" \/>\n<meta property=\"og:title\" content=\"Reforma tribut\u00e1ria deve ser votada em outubro, diz relator\" \/>\n<meta property=\"og:description\" content=\"O relator da reforma tribut\u00e1ria, Aguinaldo Ribeiro, afirmou que a medida deve ser votada pela comiss\u00e3o em outubro. Clique para saber mais.\" \/>\n<meta property=\"og:url\" content=\"https:\/\/www.suno.com.br\/noticias\/reforma-tributaria-votada-outubro-diz-relator\/\" \/>\n<meta property=\"og:site_name\" content=\"Suno Not\u00edcias\" \/>\n<meta property=\"article:publisher\" content=\"https:\/\/facebook.com\/sunoresearch\" \/>\n<meta property=\"og:image\" content=\"https:\/\/files.sunoresearch.com.br\/n\/uploads\/2019\/08\/42556879-aguinaldo-ribeiro.jpg\" \/>\n\t<meta property=\"og:image:width\" content=\"1086\" \/>\n\t<meta property=\"og:image:height\" content=\"652\" \/>\n\t<meta property=\"og:image:type\" content=\"image\/jpeg\" \/>\n<meta name=\"author\" content=\"Giovanna Oliveira\" \/>\n<meta name=\"twitter:card\" content=\"summary_large_image\" \/>\n<meta name=\"twitter:creator\" content=\"@sunoresearch\" \/>\n<meta name=\"twitter:site\" content=\"@sunoresearch\" \/>\n<meta name=\"twitter:label1\" content=\"Escrito por\" \/>\n\t<meta name=\"twitter:data1\" content=\"Giovanna Oliveira\" \/>\n\t<meta name=\"twitter:label2\" content=\"Est. tempo de leitura\" \/>\n\t<meta name=\"twitter:data2\" content=\"2 minutos\" \/>\n<script type=\"application\/ld+json\" class=\"yoast-schema-graph\">{\"@context\":\"https:\/\/schema.org\",\"@graph\":[{\"@type\":\"NewsArticle\",\"@id\":\"https:\/\/www.suno.com.br\/noticias\/reforma-tributaria-votada-outubro-diz-relator\/#article\",\"isPartOf\":{\"@id\":\"https:\/\/www.suno.com.br\/noticias\/reforma-tributaria-votada-outubro-diz-relator\/\"},\"author\":{\"name\":\"Giovanna Oliveira\",\"@id\":\"https:\/\/www.suno.com.br\/noticias\/#\/schema\/person\/4e19e3d2575736e5283d58eb3199d120\"},\"headline\":\"Reforma tribut\u00e1ria deve ser votada em outubro, diz relator\",\"datePublished\":\"2019-08-14T17:54:48+00:00\",\"dateModified\":\"2021-02-18T22:48:26+00:00\",\"mainEntityOfPage\":{\"@id\":\"https:\/\/www.suno.com.br\/noticias\/reforma-tributaria-votada-outubro-diz-relator\/\"},\"wordCount\":402,\"publisher\":{\"@id\":\"https:\/\/www.suno.com.br\/noticias\/#organization\"},\"image\":{\"@id\":\"https:\/\/www.suno.com.br\/noticias\/reforma-tributaria-votada-outubro-diz-relator\/#primaryimage\"},\"thumbnailUrl\":\"https:\/\/files.sunoresearch.com.br\/n\/uploads\/2019\/08\/42556879-aguinaldo-ribeiro-jpg.webp\",\"keywords\":[\"Baleia\u00a0Rossi\",\"Bernard Appy\",\"C\u00e2mara dos Deputados\",\"reforma tribut\u00e1ria\"],\"articleSection\":[\"Economia\"],\"inLanguage\":\"pt-BR\"},{\"@type\":\"WebPage\",\"@id\":\"https:\/\/www.suno.com.br\/noticias\/reforma-tributaria-votada-outubro-diz-relator\/\",\"url\":\"https:\/\/www.suno.com.br\/noticias\/reforma-tributaria-votada-outubro-diz-relator\/\",\"name\":\"Reforma tribut\u00e1ria deve ser votada em outubro, diz relator\",\"isPartOf\":{\"@id\":\"https:\/\/www.suno.com.br\/noticias\/#website\"},\"primaryImageOfPage\":{\"@id\":\"https:\/\/www.suno.com.br\/noticias\/reforma-tributaria-votada-outubro-diz-relator\/#primaryimage\"},\"image\":{\"@id\":\"https:\/\/www.suno.com.br\/noticias\/reforma-tributaria-votada-outubro-diz-relator\/#primaryimage\"},\"thumbnailUrl\":\"https:\/\/files.sunoresearch.com.br\/n\/uploads\/2019\/08\/42556879-aguinaldo-ribeiro-jpg.webp\",\"datePublished\":\"2019-08-14T17:54:48+00:00\",\"dateModified\":\"2021-02-18T22:48:26+00:00\",\"description\":\"O relator da reforma tribut\u00e1ria, Aguinaldo Ribeiro, afirmou que a medida deve ser votada pela comiss\u00e3o em outubro. Clique para saber mais.\",\"breadcrumb\":{\"@id\":\"https:\/\/www.suno.com.br\/noticias\/reforma-tributaria-votada-outubro-diz-relator\/#breadcrumb\"},\"inLanguage\":\"pt-BR\",\"potentialAction\":[{\"@type\":\"ReadAction\",\"target\":[\"https:\/\/www.suno.com.br\/noticias\/reforma-tributaria-votada-outubro-diz-relator\/\"]}]},{\"@type\":\"ImageObject\",\"inLanguage\":\"pt-BR\",\"@id\":\"https:\/\/www.suno.com.br\/noticias\/reforma-tributaria-votada-outubro-diz-relator\/#primaryimage\",\"url\":\"https:\/\/files.sunoresearch.com.br\/n\/uploads\/2019\/08\/42556879-aguinaldo-ribeiro-jpg.webp\",\"contentUrl\":\"https:\/\/files.sunoresearch.com.br\/n\/uploads\/2019\/08\/42556879-aguinaldo-ribeiro-jpg.webp\",\"width\":1086,\"height\":652,\"caption\":\"Reforma tribut\u00e1ria deve ser aprovada at\u00e9 junho, diz relator\"},{\"@type\":\"BreadcrumbList\",\"@id\":\"https:\/\/www.suno.com.br\/noticias\/reforma-tributaria-votada-outubro-diz-relator\/#breadcrumb\",\"itemListElement\":[{\"@type\":\"ListItem\",\"position\":1,\"name\":\"Not\u00edcias\",\"item\":\"https:\/\/www.suno.com.br\/noticias\/\"},{\"@type\":\"ListItem\",\"position\":2,\"name\":\"Economia\",\"item\":\"https:\/\/www.suno.com.br\/noticias\/economia\/\"},{\"@type\":\"ListItem\",\"position\":3,\"name\":\"Reforma tribut\u00e1ria deve ser votada em outubro, diz relator\"}]},{\"@type\":\"WebSite\",\"@id\":\"https:\/\/www.suno.com.br\/noticias\/#website\",\"url\":\"https:\/\/www.suno.com.br\/noticias\/\",\"name\":\"Suno Not\u00edcias\",\"description\":\"Seu portal de informa\u00e7\u00e3o sobre o mundo dos investimentos\",\"publisher\":{\"@id\":\"https:\/\/www.suno.com.br\/noticias\/#organization\"},\"potentialAction\":[{\"@type\":\"SearchAction\",\"target\":{\"@type\":\"EntryPoint\",\"urlTemplate\":\"https:\/\/www.suno.com.br\/noticias\/?s={search_term_string}\"},\"query-input\":{\"@type\":\"PropertyValueSpecification\",\"valueRequired\":true,\"valueName\":\"search_term_string\"}}],\"inLanguage\":\"pt-BR\"},{\"@type\":\"Organization\",\"@id\":\"https:\/\/www.suno.com.br\/noticias\/#organization\",\"name\":\"Suno Not\u00edcias\",\"url\":\"https:\/\/www.suno.com.br\/noticias\/\",\"logo\":{\"@type\":\"ImageObject\",\"inLanguage\":\"pt-BR\",\"@id\":\"https:\/\/www.suno.com.br\/noticias\/#\/schema\/logo\/image\/\",\"url\":\"https:\/\/files.sunoresearch.com.br\/n\/uploads\/2021\/09\/suno-logo.png\",\"contentUrl\":\"https:\/\/files.sunoresearch.com.br\/n\/uploads\/2021\/09\/suno-logo.png\",\"width\":180,\"height\":180,\"caption\":\"Suno Not\u00edcias\"},\"image\":{\"@id\":\"https:\/\/www.suno.com.br\/noticias\/#\/schema\/logo\/image\/\"},\"sameAs\":[\"https:\/\/facebook.com\/sunoresearch\",\"https:\/\/x.com\/sunoresearch\",\"https:\/\/www.instagram.com\/suno\",\"https:\/\/www.linkedin.com\/company\/suno-research\/\",\"https:\/\/www.youtube.com\/c\/sunoresearch\"]},{\"@type\":\"Person\",\"@id\":\"https:\/\/www.suno.com.br\/noticias\/#\/schema\/person\/4e19e3d2575736e5283d58eb3199d120\",\"name\":\"Giovanna Oliveira\",\"image\":{\"@type\":\"ImageObject\",\"inLanguage\":\"pt-BR\",\"@id\":\"https:\/\/www.suno.com.br\/noticias\/#\/schema\/person\/image\/\",\"url\":\"https:\/\/secure.gravatar.com\/avatar\/9a37b3ae208962ac568992d0ffdbc2eb?s=96&r=g\",\"contentUrl\":\"https:\/\/secure.gravatar.com\/avatar\/9a37b3ae208962ac568992d0ffdbc2eb?s=96&r=g\",\"caption\":\"Giovanna Oliveira\"},\"description\":\"Giovanna Oliveira escreve sobre economia e pol\u00edtica. Foi rep\u00f3rter do portal de jornalismo da ESPM-SP e produziu conte\u00fado para a Corinthians TV. \u00c9 estudante da ESPM.\",\"url\":\"https:\/\/www.suno.com.br\/noticias\/author\/giovanna\/\"}]}<\/script>\n<!-- \/ Yoast SEO plugin. -->","yoast_head_json":{"title":"Reforma tribut\u00e1ria deve ser votada em outubro, diz relator","description":"O relator da reforma tribut\u00e1ria, Aguinaldo Ribeiro, afirmou que a medida deve ser votada pela comiss\u00e3o em outubro. Clique para saber mais.","robots":{"index":"index","follow":"follow","max-snippet":"max-snippet:-1","max-image-preview":"max-image-preview:large","max-video-preview":"max-video-preview:-1"},"canonical":"https:\/\/www.suno.com.br\/noticias\/reforma-tributaria-votada-outubro-diz-relator\/","og_locale":"pt_BR","og_type":"article","og_title":"Reforma tribut\u00e1ria deve ser votada em outubro, diz relator","og_description":"O relator da reforma tribut\u00e1ria, Aguinaldo Ribeiro, afirmou que a medida deve ser votada pela comiss\u00e3o em outubro. Clique para saber mais.","og_url":"https:\/\/www.suno.com.br\/noticias\/reforma-tributaria-votada-outubro-diz-relator\/","og_site_name":"Suno Not\u00edcias","article_publisher":"https:\/\/facebook.com\/sunoresearch","og_image":[{"width":1086,"height":652,"url":"https:\/\/files.sunoresearch.com.br\/n\/uploads\/2019\/08\/42556879-aguinaldo-ribeiro.jpg","type":"image\/jpeg"}],"author":"Giovanna Oliveira","twitter_card":"summary_large_image","twitter_creator":"@sunoresearch","twitter_site":"@sunoresearch","twitter_misc":{"Escrito por":"Giovanna Oliveira","Est. tempo de leitura":"2 minutos"},"schema":{"@context":"https:\/\/schema.org","@graph":[{"@type":"NewsArticle","@id":"https:\/\/www.suno.com.br\/noticias\/reforma-tributaria-votada-outubro-diz-relator\/#article","isPartOf":{"@id":"https:\/\/www.suno.com.br\/noticias\/reforma-tributaria-votada-outubro-diz-relator\/"},"author":{"name":"Giovanna Oliveira","@id":"https:\/\/www.suno.com.br\/noticias\/#\/schema\/person\/4e19e3d2575736e5283d58eb3199d120"},"headline":"Reforma tribut\u00e1ria deve ser votada em outubro, diz relator","datePublished":"2019-08-14T17:54:48+00:00","dateModified":"2021-02-18T22:48:26+00:00","mainEntityOfPage":{"@id":"https:\/\/www.suno.com.br\/noticias\/reforma-tributaria-votada-outubro-diz-relator\/"},"wordCount":402,"publisher":{"@id":"https:\/\/www.suno.com.br\/noticias\/#organization"},"image":{"@id":"https:\/\/www.suno.com.br\/noticias\/reforma-tributaria-votada-outubro-diz-relator\/#primaryimage"},"thumbnailUrl":"https:\/\/files.sunoresearch.com.br\/n\/uploads\/2019\/08\/42556879-aguinaldo-ribeiro-jpg.webp","keywords":["Baleia\u00a0Rossi","Bernard Appy","C\u00e2mara dos Deputados","reforma tribut\u00e1ria"],"articleSection":["Economia"],"inLanguage":"pt-BR"},{"@type":"WebPage","@id":"https:\/\/www.suno.com.br\/noticias\/reforma-tributaria-votada-outubro-diz-relator\/","url":"https:\/\/www.suno.com.br\/noticias\/reforma-tributaria-votada-outubro-diz-relator\/","name":"Reforma tribut\u00e1ria deve ser votada em outubro, diz relator","isPartOf":{"@id":"https:\/\/www.suno.com.br\/noticias\/#website"},"primaryImageOfPage":{"@id":"https:\/\/www.suno.com.br\/noticias\/reforma-tributaria-votada-outubro-diz-relator\/#primaryimage"},"image":{"@id":"https:\/\/www.suno.com.br\/noticias\/reforma-tributaria-votada-outubro-diz-relator\/#primaryimage"},"thumbnailUrl":"https:\/\/files.sunoresearch.com.br\/n\/uploads\/2019\/08\/42556879-aguinaldo-ribeiro-jpg.webp","datePublished":"2019-08-14T17:54:48+00:00","dateModified":"2021-02-18T22:48:26+00:00","description":"O relator da reforma tribut\u00e1ria, Aguinaldo Ribeiro, afirmou que a medida deve ser votada pela comiss\u00e3o em outubro. Clique para saber mais.","breadcrumb":{"@id":"https:\/\/www.suno.com.br\/noticias\/reforma-tributaria-votada-outubro-diz-relator\/#breadcrumb"},"inLanguage":"pt-BR","potentialAction":[{"@type":"ReadAction","target":["https:\/\/www.suno.com.br\/noticias\/reforma-tributaria-votada-outubro-diz-relator\/"]}]},{"@type":"ImageObject","inLanguage":"pt-BR","@id":"https:\/\/www.suno.com.br\/noticias\/reforma-tributaria-votada-outubro-diz-relator\/#primaryimage","url":"https:\/\/files.sunoresearch.com.br\/n\/uploads\/2019\/08\/42556879-aguinaldo-ribeiro-jpg.webp","contentUrl":"https:\/\/files.sunoresearch.com.br\/n\/uploads\/2019\/08\/42556879-aguinaldo-ribeiro-jpg.webp","width":1086,"height":652,"caption":"Reforma tribut\u00e1ria deve ser aprovada at\u00e9 junho, diz relator"},{"@type":"BreadcrumbList","@id":"https:\/\/www.suno.com.br\/noticias\/reforma-tributaria-votada-outubro-diz-relator\/#breadcrumb","itemListElement":[{"@type":"ListItem","position":1,"name":"Not\u00edcias","item":"https:\/\/www.suno.com.br\/noticias\/"},{"@type":"ListItem","position":2,"name":"Economia","item":"https:\/\/www.suno.com.br\/noticias\/economia\/"},{"@type":"ListItem","position":3,"name":"Reforma tribut\u00e1ria deve ser votada em outubro, diz relator"}]},{"@type":"WebSite","@id":"https:\/\/www.suno.com.br\/noticias\/#website","url":"https:\/\/www.suno.com.br\/noticias\/","name":"Suno Not\u00edcias","description":"Seu portal de informa\u00e7\u00e3o sobre o mundo dos investimentos","publisher":{"@id":"https:\/\/www.suno.com.br\/noticias\/#organization"},"potentialAction":[{"@type":"SearchAction","target":{"@type":"EntryPoint","urlTemplate":"https:\/\/www.suno.com.br\/noticias\/?s={search_term_string}"},"query-input":{"@type":"PropertyValueSpecification","valueRequired":true,"valueName":"search_term_string"}}],"inLanguage":"pt-BR"},{"@type":"Organization","@id":"https:\/\/www.suno.com.br\/noticias\/#organization","name":"Suno Not\u00edcias","url":"https:\/\/www.suno.com.br\/noticias\/","logo":{"@type":"ImageObject","inLanguage":"pt-BR","@id":"https:\/\/www.suno.com.br\/noticias\/#\/schema\/logo\/image\/","url":"https:\/\/files.sunoresearch.com.br\/n\/uploads\/2021\/09\/suno-logo.png","contentUrl":"https:\/\/files.sunoresearch.com.br\/n\/uploads\/2021\/09\/suno-logo.png","width":180,"height":180,"caption":"Suno Not\u00edcias"},"image":{"@id":"https:\/\/www.suno.com.br\/noticias\/#\/schema\/logo\/image\/"},"sameAs":["https:\/\/facebook.com\/sunoresearch","https:\/\/x.com\/sunoresearch","https:\/\/www.instagram.com\/suno","https:\/\/www.linkedin.com\/company\/suno-research\/","https:\/\/www.youtube.com\/c\/sunoresearch"]},{"@type":"Person","@id":"https:\/\/www.suno.com.br\/noticias\/#\/schema\/person\/4e19e3d2575736e5283d58eb3199d120","name":"Giovanna Oliveira","image":{"@type":"ImageObject","inLanguage":"pt-BR","@id":"https:\/\/www.suno.com.br\/noticias\/#\/schema\/person\/image\/","url":"https:\/\/secure.gravatar.com\/avatar\/9a37b3ae208962ac568992d0ffdbc2eb?s=96&r=g","contentUrl":"https:\/\/secure.gravatar.com\/avatar\/9a37b3ae208962ac568992d0ffdbc2eb?s=96&r=g","caption":"Giovanna Oliveira"},"description":"Giovanna Oliveira escreve sobre economia e pol\u00edtica. Foi rep\u00f3rter do portal de jornalismo da ESPM-SP e produziu conte\u00fado para a Corinthians TV. \u00c9 estudante da ESPM.","url":"https:\/\/www.suno.com.br\/noticias\/author\/giovanna\/"}]}},"default_loop_html":"<div class=\"cardsPage__listCard__boxs\"><div class=\"cardsPage__listCard__boxs__img\"><a href=\"https:\/\/www.suno.com.br\/noticias\/reforma-tributaria-votada-outubro-diz-relator\/\"><img class=\"mask\" src=\"https:\/\/www.suno.com.br\/noticias\/wp-content\/themes\/suno\/resources\/images\/spotlight\/spotlight1img\/bg-mask.png\" alt=\"Image Mask\"\/><img src=\"https:\/\/files.sunoresearch.com.br\/n\/uploads\/2019\/08\/42556879-aguinaldo-ribeiro-400x200.webp\" alt=\"Reforma tribut\u00e1ria deve ser votada em outubro, diz relator\"\/><\/a><span class=\"spotlightCategory\"><a href=\"https:\/\/www.suno.com.br\/noticias\/economia\/\">Economia<\/a><\/span><\/div><div class=\"cardsPage__listCard__boxs__content\"><a href=\"https:\/\/www.suno.com.br\/noticias\/reforma-tributaria-votada-outubro-diz-relator\/\"><h2 class=\"content__title\">Reforma tribut\u00e1ria deve ser votada em outubro, diz relator<\/h2><\/a><div class=\"newsContent__article__meta\"><div class=\"newsContent__article__meta__authorBox\"><a href=\"https:\/\/www.suno.com.br\/noticias\/author\/giovanna\/\" class=\"authorBox__avatar noMobi\"><img src=\"https:\/\/files.sunoresearch.com.br\/n\/uploads\/2019\/06\/952a89ca-screenshot_20190608-171507-150x150.webp\" alt=\"Giovanna Oliveira\"><\/a><div class=\"authorBox__name\"><span>por\n\t\t\t<a href=\"https:\/\/www.suno.com.br\/noticias\/author\/giovanna\/\"><span itemprop=\"author\">Giovanna Oliveira<\/span><\/a><\/span><time datetime=\"2019-08-14T14:54:48-03:00\" itemprop=\"datePublished\">14\/08\/2019 14:54<\/time><\/div><\/div><\/div><\/div><\/div>","single_layout":"posts","amp_enabled":true,"_links":{"self":[{"href":"https:\/\/www.suno.com.br\/noticias\/wp-json\/wp\/v2\/posts\/34043"}],"collection":[{"href":"https:\/\/www.suno.com.br\/noticias\/wp-json\/wp\/v2\/posts"}],"about":[{"href":"https:\/\/www.suno.com.br\/noticias\/wp-json\/wp\/v2\/types\/post"}],"author":[{"embeddable":true,"href":"https:\/\/www.suno.com.br\/noticias\/wp-json\/wp\/v2\/users\/18"}],"replies":[{"embeddable":true,"href":"https:\/\/www.suno.com.br\/noticias\/wp-json\/wp\/v2\/comments?post=34043"}],"version-history":[{"count":0,"href":"https:\/\/www.suno.com.br\/noticias\/wp-json\/wp\/v2\/posts\/34043\/revisions"}],"wp:featuredmedia":[{"embeddable":true,"href":"https:\/\/www.suno.com.br\/noticias\/wp-json\/wp\/v2\/media\/34045"}],"wp:attachment":[{"href":"https:\/\/www.suno.com.br\/noticias\/wp-json\/wp\/v2\/media?parent=34043"}],"wp:term":[{"taxonomy":"category","embeddable":true,"href":"https:\/\/www.suno.com.br\/noticias\/wp-json\/wp\/v2\/categories?post=34043"},{"taxonomy":"post_tag","embeddable":true,"href":"https:\/\/www.suno.com.br\/noticias\/wp-json\/wp\/v2\/tags?post=34043"},{"taxonomy":"suno_strategy","embeddable":true,"href":"https:\/\/www.suno.com.br\/noticias\/wp-json\/wp\/v2\/suno_strategy?post=34043"}],"curies":[{"name":"wp","href":"https:\/\/api.w.org\/{rel}","templated":true}]}}