{"id":340321,"date":"2023-01-04T08:28:37","date_gmt":"2023-01-04T11:28:37","guid":{"rendered":"https:\/\/www.suno.com.br\/noticias\/?p=340321"},"modified":"2023-01-04T10:47:46","modified_gmt":"2023-01-04T13:47:46","slug":"petrobras-petr4-indicacao-prates-presidencia","status":"publish","type":"post","link":"https:\/\/www.suno.com.br\/noticias\/petrobras-petr4-indicacao-prates-presidencia\/","title":{"rendered":"Petrobras (PETR4): Governo envia indica\u00e7\u00e3o de Prates para presidir a empresa"},"content":{"rendered":"<p>O <a href=\"https:\/\/www.gov.br\/mme\/pt-br\/assuntos\/noticias\/indicacao-para-a-presidencia-da-petrobras-1\" target=\"_blank\" rel=\"noreferrer noopener\">Minist\u00e9rio de Minas e Energia (MME) enviou<\/a> \u00e0 <strong>Petrobras <\/strong>(<a href=\"https:\/\/www.suno.com.br\/acoes\/petr4\" target=\"_blank\" rel=\"noreferrer noopener\">PETR4<\/a>) a indica\u00e7\u00e3o <a href=\"https:\/\/www.suno.com.br\/noticias\/lula-jean-prates-petrobras-petr4\/\" target=\"_blank\" rel=\"noreferrer noopener\">do senador Jean-Paul Prates (PT-RN) para presidir a estatal<\/a>. O documento foi enviado nesta ter\u00e7a-feira (3).<\/p><div class=\"videoFull \">\n\t\t\t<div class=\"videoWrapper yt-lazyload center\"\n\t\t\t\tdata-width=\"960\"\n\t\t\t\tdata-height=\"540\"\n\t\t\t\tdata-id=\"_2do0s-QAyQ\"\n\t\t\t\tdata-alt=\"V\u00eddeo do YouTube - clique para reproduzir\"\n\t\t\t\tdata-logo=\"3\"\n\t\t\t\tdata-imagequality=\"maxres\">\n\t\t\t<\/div>\n\t\t<\/div><script type=\"application\/ld+json\">{\"@context\":\"https:\/\/schema.org\",\"@type\":\"VideoObject\",\"name\":\"PETROBRAS (PETR4) VALE A PENA? Prates indicado \u00e0 presid\u00eancia | Ajuste fiscal bilion\u00e1rio da Fazenda\",\"description\":\"#morningcall #Not\u00edcias #petr4 #petrobras #estatais #bbas3 #lula #haddad #fernandohaddad #jeanpaulprates #investimentos #mercadofinanceiro #bolsadevalores #ibovespa #ministrodafazenda #economia PETROBRAS (PETR4) VALE A PENA? Prates indicado \u00e0 presid\u00eancia | Ajuste fiscal bilion\u00e1rio da Fazenda | Morning Call \ud835\udc08\ud835\udc0d\ud835\udc12\ud835\udc02\ud835\udc11\ud835\udc04\ud835\udc15\ud835\udc00-\ud835\udc12\ud835\udc04 \ud835\udc0d\ud835\udc0e \ud835\udc02\ud835\udc00\ud835\udc0d\ud835\udc00\ud835\udc0b \ud835\udc04 \ud835\udc00\ud835\udc13\ud835\udc08\ud835\udc15\ud835\udc04 \ud835\udc0e \ud835\udc12\ud835\udc08\ud835\udc0d\ud835\udc0e \ud83d\udc47 https:\/\/bit.ly\/INSCREVA-SEATIVEOSINO \ud83d\udcda \ud83d\udcb8 \ud83d\udcca \ud835\udde3\ud835\udddf\ud835\uddd4\ud835\udde1\ud835\udddc\ud835\udddf\ud835\udddb\ud835\uddd4 \ud835\uddd7\ud835\uddd8 \ud835\uddd6\ud835\udde2\ud835\udde1\ud835\udde7\ud835\udde5\ud835\udde2\ud835\udddf\ud835\uddd8 \ud835\uddd9\ud835\udddc\ud835\udde1\ud835\uddd4\ud835\udde1\ud835\uddd6\ud835\uddd8\ud835\udddc\ud835\udde5\ud835\udde2: \ud835\uddd5\ud835\uddee\ud835\uddf6\ud835\ude05\ud835\uddf2 \ud835\uddee \ud835\uddfd\ud835\uddf9\ud835\uddee\ud835\uddfb\ud835\uddf6\ud835\uddf9\ud835\uddf5\ud835\uddee AGORA antes\u2026\",\"duration\":\"PT38M\",\"embedUrl\":\"https:\/\/www.youtube.com\/embed\/_2do0s-QAyQ\",\"regionsAllowed\":\"pt-BR\",\"interactionStatistic\":{\"@type\":\"InteractionCounter\",\"interactionType\":{\"@type\":\"WatchAction\"},\"userInteractionCount\":2995},\"thumbnailUrl\":\"https:\/\/i.ytimg.com\/vi\/_2do0s-QAyQ\/default.jpg\",\"uploadDate\":\"2023-01-04T12:47:23Z\"}<\/script>\n\n\n\n\n\t<p>\n\t\t<a href=\"\" target=\"_blank\" data-element=\"shortcode-suno-banner\" title=\"Banner SUNO, clique e saiba mais\">\n\t\t\t<picture>\n\t\t\t\t<source media=\"(max-width: 500px)\" srcset=\"\">\n\t\t\t\t<img class=\"newsContent__article__imgCapa newsContent__article__imgCapa--banner\"\n\t\t\t\t\tsrc=\"\"\n\t\t\t\t\tdata-promo-id=\"254218\"\t\t\t\t\t\t\t\t\t\t\t\t\t\t\talt=\"\"\n\t\t\t\t>\n\t\t\t<\/picture>\n\t\t<\/a>\n\t<\/p>\n\n\n\n\n\n<p>Prates j\u00e1 era cotado para ser <strong>presidente da Petrobras<\/strong> e foi anunciado para o cargo pelo presidente Lula (PT) no fim de dezembro.<\/p>\n\n\n\n<p>\u201cDe acordo com o of\u00edcio, o nome do senhor Jean Paul Terra Prates foi encaminhado \u00e0 Casa Civil da Presid\u00eancia da Rep\u00fablica, conforme disp\u00f5e o Decreto 8.945, de 27 de dezembro de 2016, e t\u00e3o logo a documenta\u00e7\u00e3o seja analisada e retorne ao Minist\u00e9rio das Minas e Energia, ser\u00e1 encaminhada \u00e0 Petrobras\u201d, disse a estatal em nota.<\/p>\n\n\n\n<p>A <strong>indica\u00e7\u00e3o de Prates para a Petrobras<\/strong> ainda ter\u00e1 que enfrentar um processo de governan\u00e7a interna para que o parlamentar possa assumir a presid\u00eancia do Conselho de Administra\u00e7\u00e3o da companhia.<\/p>\n\n\n\n<p>Ou seja, Prates precisa passar pelo Comit\u00ea de Elegibilidade e, caso seja aprovado, poder\u00e1 assumir o comando da companhia.<\/p>\n\n\n\n<p>Um dos poss\u00edveis impeditivos para Prates assumir era a <strong><a href=\"https:\/\/www.suno.com.br\/noticias\/tasso-jereissati-lei-das-estatais\/\" target=\"_blank\" rel=\"noreferrer noopener\">Lei das Estatais<\/a><\/strong>. <a href=\"https:\/\/www.suno.com.br\/noticias\/camara-lei-das-estatais-quarentena\/\" target=\"_blank\" rel=\"noreferrer noopener\">A normativa, contudo, j\u00e1 foi alterada pela C\u00e2mara<\/a>. <\/p>\n\n\n\n<p><a href=\"https:\/\/www.suno.com.br\/noticias\/lei-das-estatais-votacao-senado-em-2023\/\" target=\"_blank\" rel=\"noreferrer noopener\">Pelas novas regras, o tempo m\u00ednimo exigido longe de campanhas pol\u00edticas deve ser reduzido para 30 dias.<\/a><\/p>\n\n\n\n\t<div data-element=\"shortcode-read-more\" class=\"readToo\">\n\t\t\t\t<span class=\"readToo__title\">Leia mais<\/span>\n\t\t\t\t<ul class=\"readToo__list\">\n\t\t\t<li><a href=\"https:\/\/www.suno.com.br\/noticias\/ibovespa-hoje-03-01-2023\/\">Ibovespa cai 2,08%, abaixo dos 105 mil pontos; Petrobras (PETR4) e Vale (VALE3) recuam<\/a><\/li><li><a href=\"https:\/\/www.suno.com.br\/noticias\/lula-jean-prates-petrobras-petr4\/\">Lula anuncia Jean Paul Prates para a presid\u00eancia da Petrobras (PETR4)<\/a><\/li><li><a href=\"https:\/\/www.suno.com.br\/noticias\/lula-escolheu-presidente-petrobras-petr4\/\">Lula escolheu Jean Paul Prates para ser presidente da Petrobras (PETR4), diz coordenador da FUP<\/a><\/li>\t\t<\/ul>\n\t<\/div>\n\n\n\n\n<h2 class=\"wp-block-heading\" id=\"h-lei-das-estatais\">Lei das Estatais<\/h2>\n\n\n\n<p>Prates \u00e9 <strong><a href=\"https:\/\/www.suno.com.br\/noticias\/petrobras-petr4-senador-lula-presidencia\/\" target=\"_blank\" rel=\"noreferrer noopener\">senador pelo Partidos dos Trabalhadores (PT)<\/a><\/strong> e seu mandato termina no dia 1\u00ba de fevereiro de 2023.<\/p>\n\n\n\n<p>Nas elei\u00e7\u00f5es federais deste ano, <strong>Prates <\/strong>foi candidato a 1\u00ba suplente de senador na chapa encabe\u00e7ada por Carlos Eduardo (PDT). A chapa, por\u00e9m, perdeu a disputa.<\/p>\n\n\n\n<p>Nas elei\u00e7\u00f5es de 2020, Prates participou da corrida eleitoral da prefeitura de Natal (RN), mas obteve pouco mais de 14% dos votos e tamb\u00e9m, n\u00e3o foi eleito.<\/p>\n\n\n\n<p>Essa disputa, em 2020, era um fato que o deixaria impossibilitado de assumir o comando da Petrobras. Contudo, com o regramento j\u00e1 aprovado pela C\u00e2mara que altera a Lei das Estatais, Prates ganha f\u00f4lego para assumir a estatal.<\/p>\n\n\n\t<p>\n\t\t<a href=\"https:\/\/lp.suno.com.br\/planilha-controle-gastos\/\" target=\"_blank\" data-element=\"shortcode-suno-banner\" title=\"Banner SUNO, clique e saiba mais\">\n\t\t\t<picture>\n\t\t\t\t<source media=\"(max-width: 500px)\" srcset=\"https:\/\/files.sunoresearch.com.br\/n\/uploads\/2023\/03\/400x300-Planilha-controle-de-gastos.png\">\n\t\t\t\t<img class=\"newsContent__article__imgCapa newsContent__article__imgCapa--banner\"\n\t\t\t\t\tsrc=\"https:\/\/files.sunoresearch.com.br\/n\/uploads\/2023\/03\/1420x240-Planilha-controle-de-gastos.png\"\n\t\t\t\t\tdata-promo-id=\"101751\"\t\t\t\t\t\t\t\t\t\twidth='1420' height='240'\t\t\t\t\talt=\"https:\/\/files.sunoresearch.com.br\/n\/uploads\/2023\/03\/1420x240-Planilha-controle-de-gastos.png\"\n\t\t\t\t>\n\t\t\t<\/picture>\n\t\t<\/a>\n\t<\/p>\n\n\n\n\n\n<h2 class=\"wp-block-heading\" id=\"h-quem-e-prates-provavel-novo-presidente-da-petrobras\">Quem \u00e9 Prates, prov\u00e1vel novo presidente da Petrobras<\/h2>\n\n\n\n<p>Na equipe de transi\u00e7\u00e3o, Prates coordenou a \u00e1rea de Petr\u00f3leo, G\u00e1s e Biocombust\u00edveis.<\/p>\n\n\n\n<p>Com 54 anos, o senador \u00e9 advogado e economista, tendo acumulado cerca de 30 anos trabalhando no segmento de petr\u00f3leo, g\u00e1s natural e biocombust\u00edveis.<\/p>\n\n\n\n<p>No fim da d\u00e9cada de 80, Prates integrou a assessoria jur\u00eddica da Petrobras Internacional (Braspetro).<\/p>\n\n\n\n<p>Al\u00e9m disso, fundou a primeira consultoria brasileira especializada em petr\u00f3leo e, em 1997, participou da elabora\u00e7\u00e3o da Lei do Petr\u00f3leo.<\/p>\n\n\n\n<p>Agora cotado para presidir a <strong>Petrobras<\/strong>, Prates tamb\u00e9m j\u00e1 foi Secret\u00e1rio de Energia do Estado do Rio Grande do Norte, em 2007.<\/p>\n\n\n\t<p>\n\t\t<a href=\"https:\/\/lp.suno.com.br\/ebook-como-analisar-uma-acao\/\" target=\"_blank\" data-element=\"shortcode-suno-banner\" title=\"Banner SUNO, clique e saiba mais\">\n\t\t\t<picture>\n\t\t\t\t<source media=\"(max-width: 500px)\" srcset=\"https:\/\/files.sunoresearch.com.br\/n\/uploads\/2023\/03\/Ebook-Acoes-Mobile-1.jpg\">\n\t\t\t\t<img class=\"newsContent__article__imgCapa newsContent__article__imgCapa--banner\"\n\t\t\t\t\tsrc=\"https:\/\/files.sunoresearch.com.br\/n\/uploads\/2023\/03\/Ebook-Acoes-Desktop-1.jpg\"\n\t\t\t\t\tdata-promo-id=\"171998\"\t\t\t\t\t\t\t\t\t\twidth='1420' height='286'\t\t\t\t\talt=\"https:\/\/files.sunoresearch.com.br\/n\/uploads\/2023\/03\/Ebook-Acoes-Desktop-1.jpg\"\n\t\t\t\t>\n\t\t\t<\/picture>\n\t\t<\/a>\n\t<\/p>\n\n\n","protected":false},"excerpt":{"rendered":"<p>O Minist\u00e9rio de Minas e Energia (MME) enviou \u00e0 Petrobras (PETR4) a indica\u00e7\u00e3o do senador Jean-Paul Prates (PT-RN) para presidir a estatal. O documento foi enviado nesta ter\u00e7a-feira (3). Prates j\u00e1 era cotado para ser presidente da Petrobras e foi anunciado para o cargo pelo presidente Lula (PT) no fim de dezembro. \u201cDe acordo com [&hellip;]<\/p>\n","protected":false},"author":73,"featured_media":328499,"comment_status":"closed","ping_status":"closed","sticky":false,"template":"","format":"standard","meta":[],"categories":[61],"tags":[286,1227,595],"suno_strategy":[],"class_list":["post-340321","post","type-post","status-publish","format-standard","has-post-thumbnail","hentry","category-politica","tag-acoes","tag-ministerio-de-minas-e-energia","tag-petrobras-petr4"],"yoast_head":"<!-- This site is optimized with the Yoast SEO plugin v24.4 - https:\/\/yoast.com\/wordpress\/plugins\/seo\/ -->\n<title>Petrobras (PETR4): Governo envia indica\u00e7\u00e3o de Prates para presidir a empresa<\/title>\n<meta name=\"description\" content=\"O Minist\u00e9rio de Minas e Energia enviou, formalmente, o nome do Senador Jean Paul Prates \u00e0 Petrobras. Clique e confira!\" \/>\n<meta name=\"robots\" content=\"index, follow, max-snippet:-1, max-image-preview:large, max-video-preview:-1\" \/>\n<link rel=\"canonical\" href=\"https:\/\/www.suno.com.br\/noticias\/petrobras-petr4-indicacao-prates-presidencia\/\" \/>\n<meta property=\"og:locale\" content=\"pt_BR\" \/>\n<meta property=\"og:type\" content=\"article\" \/>\n<meta property=\"og:title\" content=\"Petrobras (PETR4): Governo envia indica\u00e7\u00e3o de Prates para presidir a empresa\" \/>\n<meta property=\"og:description\" content=\"O Minist\u00e9rio de Minas e Energia enviou, formalmente, o nome do Senador Jean Paul Prates \u00e0 Petrobras. Clique e confira!\" \/>\n<meta property=\"og:url\" content=\"https:\/\/www.suno.com.br\/noticias\/petrobras-petr4-indicacao-prates-presidencia\/\" \/>\n<meta property=\"og:site_name\" content=\"Suno Not\u00edcias\" \/>\n<meta property=\"article:publisher\" content=\"https:\/\/facebook.com\/sunoresearch\" \/>\n<meta property=\"og:image\" content=\"https:\/\/files.sunoresearch.com.br\/n\/uploads\/2022\/12\/jean-paul-prates-senador-pt-foto-pedro-franca-agencia-senado.jpg\" \/>\n\t<meta property=\"og:image:width\" content=\"1200\" \/>\n\t<meta property=\"og:image:height\" content=\"675\" \/>\n\t<meta property=\"og:image:type\" content=\"image\/jpeg\" \/>\n<meta name=\"author\" content=\"Eduardo Vargas\" \/>\n<meta name=\"twitter:card\" content=\"summary_large_image\" \/>\n<meta name=\"twitter:creator\" content=\"@sunoresearch\" \/>\n<meta name=\"twitter:site\" content=\"@sunoresearch\" \/>\n<meta name=\"twitter:label1\" content=\"Escrito por\" \/>\n\t<meta name=\"twitter:data1\" content=\"Eduardo Vargas\" \/>\n\t<meta name=\"twitter:label2\" content=\"Est. tempo de leitura\" \/>\n\t<meta name=\"twitter:data2\" content=\"3 minutos\" \/>\n<script type=\"application\/ld+json\" class=\"yoast-schema-graph\">{\"@context\":\"https:\/\/schema.org\",\"@graph\":[{\"@type\":\"NewsArticle\",\"@id\":\"https:\/\/www.suno.com.br\/noticias\/petrobras-petr4-indicacao-prates-presidencia\/#article\",\"isPartOf\":{\"@id\":\"https:\/\/www.suno.com.br\/noticias\/petrobras-petr4-indicacao-prates-presidencia\/\"},\"author\":{\"name\":\"Eduardo Vargas\",\"@id\":\"https:\/\/www.suno.com.br\/noticias\/#\/schema\/person\/7f4d362bf3518e76090143ae77bb49a5\"},\"headline\":\"Petrobras (PETR4): Governo envia indica\u00e7\u00e3o de Prates para presidir a empresa\",\"datePublished\":\"2023-01-04T11:28:37+00:00\",\"dateModified\":\"2023-01-04T13:47:46+00:00\",\"mainEntityOfPage\":{\"@id\":\"https:\/\/www.suno.com.br\/noticias\/petrobras-petr4-indicacao-prates-presidencia\/\"},\"wordCount\":451,\"publisher\":{\"@id\":\"https:\/\/www.suno.com.br\/noticias\/#organization\"},\"image\":{\"@id\":\"https:\/\/www.suno.com.br\/noticias\/petrobras-petr4-indicacao-prates-presidencia\/#primaryimage\"},\"thumbnailUrl\":\"https:\/\/files.sunoresearch.com.br\/n\/uploads\/2022\/12\/jean-paul-prates-senador-pt-foto-pedro-franca-agencia-senado.jpg\",\"keywords\":[\"A\u00e7\u00f5es\",\"Minist\u00e9rio de Minas e Energia\",\"Petrobras (PETR4)\"],\"articleSection\":[\"Pol\u00edtica\"],\"inLanguage\":\"pt-BR\"},{\"@type\":\"WebPage\",\"@id\":\"https:\/\/www.suno.com.br\/noticias\/petrobras-petr4-indicacao-prates-presidencia\/\",\"url\":\"https:\/\/www.suno.com.br\/noticias\/petrobras-petr4-indicacao-prates-presidencia\/\",\"name\":\"Petrobras (PETR4): Governo envia indica\u00e7\u00e3o de Prates para presidir a empresa\",\"isPartOf\":{\"@id\":\"https:\/\/www.suno.com.br\/noticias\/#website\"},\"primaryImageOfPage\":{\"@id\":\"https:\/\/www.suno.com.br\/noticias\/petrobras-petr4-indicacao-prates-presidencia\/#primaryimage\"},\"image\":{\"@id\":\"https:\/\/www.suno.com.br\/noticias\/petrobras-petr4-indicacao-prates-presidencia\/#primaryimage\"},\"thumbnailUrl\":\"https:\/\/files.sunoresearch.com.br\/n\/uploads\/2022\/12\/jean-paul-prates-senador-pt-foto-pedro-franca-agencia-senado.jpg\",\"datePublished\":\"2023-01-04T11:28:37+00:00\",\"dateModified\":\"2023-01-04T13:47:46+00:00\",\"description\":\"O Minist\u00e9rio de Minas e Energia enviou, formalmente, o nome do Senador Jean Paul Prates \u00e0 Petrobras. Clique e confira!\",\"breadcrumb\":{\"@id\":\"https:\/\/www.suno.com.br\/noticias\/petrobras-petr4-indicacao-prates-presidencia\/#breadcrumb\"},\"inLanguage\":\"pt-BR\",\"potentialAction\":[{\"@type\":\"ReadAction\",\"target\":[\"https:\/\/www.suno.com.br\/noticias\/petrobras-petr4-indicacao-prates-presidencia\/\"]}]},{\"@type\":\"ImageObject\",\"inLanguage\":\"pt-BR\",\"@id\":\"https:\/\/www.suno.com.br\/noticias\/petrobras-petr4-indicacao-prates-presidencia\/#primaryimage\",\"url\":\"https:\/\/files.sunoresearch.com.br\/n\/uploads\/2022\/12\/jean-paul-prates-senador-pt-foto-pedro-franca-agencia-senado.jpg\",\"contentUrl\":\"https:\/\/files.sunoresearch.com.br\/n\/uploads\/2022\/12\/jean-paul-prates-senador-pt-foto-pedro-franca-agencia-senado.jpg\",\"width\":1200,\"height\":675,\"caption\":\"Jean Paul Prates, senador pelo PT do Rio Grande do Norte. Foto: Pedro Fran\u00e7a\/Ag\u00eancia Senado\"},{\"@type\":\"BreadcrumbList\",\"@id\":\"https:\/\/www.suno.com.br\/noticias\/petrobras-petr4-indicacao-prates-presidencia\/#breadcrumb\",\"itemListElement\":[{\"@type\":\"ListItem\",\"position\":1,\"name\":\"Not\u00edcias\",\"item\":\"https:\/\/www.suno.com.br\/noticias\/\"},{\"@type\":\"ListItem\",\"position\":2,\"name\":\"Pol\u00edtica\",\"item\":\"https:\/\/www.suno.com.br\/noticias\/politica\/\"},{\"@type\":\"ListItem\",\"position\":3,\"name\":\"Petrobras (PETR4): Governo envia indica\u00e7\u00e3o de Prates para presidir a empresa\"}]},{\"@type\":\"WebSite\",\"@id\":\"https:\/\/www.suno.com.br\/noticias\/#website\",\"url\":\"https:\/\/www.suno.com.br\/noticias\/\",\"name\":\"Suno Not\u00edcias\",\"description\":\"Seu portal de informa\u00e7\u00e3o sobre o mundo dos investimentos\",\"publisher\":{\"@id\":\"https:\/\/www.suno.com.br\/noticias\/#organization\"},\"potentialAction\":[{\"@type\":\"SearchAction\",\"target\":{\"@type\":\"EntryPoint\",\"urlTemplate\":\"https:\/\/www.suno.com.br\/noticias\/?s={search_term_string}\"},\"query-input\":{\"@type\":\"PropertyValueSpecification\",\"valueRequired\":true,\"valueName\":\"search_term_string\"}}],\"inLanguage\":\"pt-BR\"},{\"@type\":\"Organization\",\"@id\":\"https:\/\/www.suno.com.br\/noticias\/#organization\",\"name\":\"Suno Not\u00edcias\",\"url\":\"https:\/\/www.suno.com.br\/noticias\/\",\"logo\":{\"@type\":\"ImageObject\",\"inLanguage\":\"pt-BR\",\"@id\":\"https:\/\/www.suno.com.br\/noticias\/#\/schema\/logo\/image\/\",\"url\":\"https:\/\/files.sunoresearch.com.br\/n\/uploads\/2021\/09\/suno-logo.png\",\"contentUrl\":\"https:\/\/files.sunoresearch.com.br\/n\/uploads\/2021\/09\/suno-logo.png\",\"width\":180,\"height\":180,\"caption\":\"Suno Not\u00edcias\"},\"image\":{\"@id\":\"https:\/\/www.suno.com.br\/noticias\/#\/schema\/logo\/image\/\"},\"sameAs\":[\"https:\/\/facebook.com\/sunoresearch\",\"https:\/\/x.com\/sunoresearch\",\"https:\/\/www.instagram.com\/suno\",\"https:\/\/www.linkedin.com\/company\/suno-research\/\",\"https:\/\/www.youtube.com\/c\/sunoresearch\"]},{\"@type\":\"Person\",\"@id\":\"https:\/\/www.suno.com.br\/noticias\/#\/schema\/person\/7f4d362bf3518e76090143ae77bb49a5\",\"name\":\"Eduardo Vargas\",\"image\":{\"@type\":\"ImageObject\",\"inLanguage\":\"pt-BR\",\"@id\":\"https:\/\/www.suno.com.br\/noticias\/#\/schema\/person\/image\/\",\"url\":\"https:\/\/secure.gravatar.com\/avatar\/dac340933427a22924c9f99d1eb2e3f2?s=96&r=g\",\"contentUrl\":\"https:\/\/secure.gravatar.com\/avatar\/dac340933427a22924c9f99d1eb2e3f2?s=96&r=g\",\"caption\":\"Eduardo Vargas\"},\"description\":\"Jornalista formado pela UFSC, cobre macroeconomia, neg\u00f3cios e startups para o Suno Not\u00edcias, escrevendo principalmente not\u00edcias sobre o mercado financeiro e a bolsa de valores. No YouTube e no Instagram, \u00e9 respons\u00e1vel pela produ\u00e7\u00e3o de Reels e Shorts do Suno Not\u00edcias. Anteriormente, trabalhou cobrindo economia e cotidiano no ND+ e para o ND, maior jornal impresso de Santa Catarina. Cursou um semestre letivo de Estudos de M\u00eddia na Universidad de Buenos Aires.\",\"url\":\"https:\/\/www.suno.com.br\/noticias\/author\/eduardo-vargas\/\"}]}<\/script>\n<!-- \/ Yoast SEO plugin. -->","yoast_head_json":{"title":"Petrobras (PETR4): Governo envia indica\u00e7\u00e3o de Prates para presidir a empresa","description":"O Minist\u00e9rio de Minas e Energia enviou, formalmente, o nome do Senador Jean Paul Prates \u00e0 Petrobras. Clique e confira!","robots":{"index":"index","follow":"follow","max-snippet":"max-snippet:-1","max-image-preview":"max-image-preview:large","max-video-preview":"max-video-preview:-1"},"canonical":"https:\/\/www.suno.com.br\/noticias\/petrobras-petr4-indicacao-prates-presidencia\/","og_locale":"pt_BR","og_type":"article","og_title":"Petrobras (PETR4): Governo envia indica\u00e7\u00e3o de Prates para presidir a empresa","og_description":"O Minist\u00e9rio de Minas e Energia enviou, formalmente, o nome do Senador Jean Paul Prates \u00e0 Petrobras. Clique e confira!","og_url":"https:\/\/www.suno.com.br\/noticias\/petrobras-petr4-indicacao-prates-presidencia\/","og_site_name":"Suno Not\u00edcias","article_publisher":"https:\/\/facebook.com\/sunoresearch","og_image":[{"width":1200,"height":675,"url":"https:\/\/files.sunoresearch.com.br\/n\/uploads\/2022\/12\/jean-paul-prates-senador-pt-foto-pedro-franca-agencia-senado.jpg","type":"image\/jpeg"}],"author":"Eduardo Vargas","twitter_card":"summary_large_image","twitter_creator":"@sunoresearch","twitter_site":"@sunoresearch","twitter_misc":{"Escrito por":"Eduardo Vargas","Est. tempo de leitura":"3 minutos"},"schema":{"@context":"https:\/\/schema.org","@graph":[{"@type":"NewsArticle","@id":"https:\/\/www.suno.com.br\/noticias\/petrobras-petr4-indicacao-prates-presidencia\/#article","isPartOf":{"@id":"https:\/\/www.suno.com.br\/noticias\/petrobras-petr4-indicacao-prates-presidencia\/"},"author":{"name":"Eduardo Vargas","@id":"https:\/\/www.suno.com.br\/noticias\/#\/schema\/person\/7f4d362bf3518e76090143ae77bb49a5"},"headline":"Petrobras (PETR4): Governo envia indica\u00e7\u00e3o de Prates para presidir a empresa","datePublished":"2023-01-04T11:28:37+00:00","dateModified":"2023-01-04T13:47:46+00:00","mainEntityOfPage":{"@id":"https:\/\/www.suno.com.br\/noticias\/petrobras-petr4-indicacao-prates-presidencia\/"},"wordCount":451,"publisher":{"@id":"https:\/\/www.suno.com.br\/noticias\/#organization"},"image":{"@id":"https:\/\/www.suno.com.br\/noticias\/petrobras-petr4-indicacao-prates-presidencia\/#primaryimage"},"thumbnailUrl":"https:\/\/files.sunoresearch.com.br\/n\/uploads\/2022\/12\/jean-paul-prates-senador-pt-foto-pedro-franca-agencia-senado.jpg","keywords":["A\u00e7\u00f5es","Minist\u00e9rio de Minas e Energia","Petrobras (PETR4)"],"articleSection":["Pol\u00edtica"],"inLanguage":"pt-BR"},{"@type":"WebPage","@id":"https:\/\/www.suno.com.br\/noticias\/petrobras-petr4-indicacao-prates-presidencia\/","url":"https:\/\/www.suno.com.br\/noticias\/petrobras-petr4-indicacao-prates-presidencia\/","name":"Petrobras (PETR4): Governo envia indica\u00e7\u00e3o de Prates para presidir a empresa","isPartOf":{"@id":"https:\/\/www.suno.com.br\/noticias\/#website"},"primaryImageOfPage":{"@id":"https:\/\/www.suno.com.br\/noticias\/petrobras-petr4-indicacao-prates-presidencia\/#primaryimage"},"image":{"@id":"https:\/\/www.suno.com.br\/noticias\/petrobras-petr4-indicacao-prates-presidencia\/#primaryimage"},"thumbnailUrl":"https:\/\/files.sunoresearch.com.br\/n\/uploads\/2022\/12\/jean-paul-prates-senador-pt-foto-pedro-franca-agencia-senado.jpg","datePublished":"2023-01-04T11:28:37+00:00","dateModified":"2023-01-04T13:47:46+00:00","description":"O Minist\u00e9rio de Minas e Energia enviou, formalmente, o nome do Senador Jean Paul Prates \u00e0 Petrobras. Clique e confira!","breadcrumb":{"@id":"https:\/\/www.suno.com.br\/noticias\/petrobras-petr4-indicacao-prates-presidencia\/#breadcrumb"},"inLanguage":"pt-BR","potentialAction":[{"@type":"ReadAction","target":["https:\/\/www.suno.com.br\/noticias\/petrobras-petr4-indicacao-prates-presidencia\/"]}]},{"@type":"ImageObject","inLanguage":"pt-BR","@id":"https:\/\/www.suno.com.br\/noticias\/petrobras-petr4-indicacao-prates-presidencia\/#primaryimage","url":"https:\/\/files.sunoresearch.com.br\/n\/uploads\/2022\/12\/jean-paul-prates-senador-pt-foto-pedro-franca-agencia-senado.jpg","contentUrl":"https:\/\/files.sunoresearch.com.br\/n\/uploads\/2022\/12\/jean-paul-prates-senador-pt-foto-pedro-franca-agencia-senado.jpg","width":1200,"height":675,"caption":"Jean Paul Prates, senador pelo PT do Rio Grande do Norte. Foto: Pedro Fran\u00e7a\/Ag\u00eancia Senado"},{"@type":"BreadcrumbList","@id":"https:\/\/www.suno.com.br\/noticias\/petrobras-petr4-indicacao-prates-presidencia\/#breadcrumb","itemListElement":[{"@type":"ListItem","position":1,"name":"Not\u00edcias","item":"https:\/\/www.suno.com.br\/noticias\/"},{"@type":"ListItem","position":2,"name":"Pol\u00edtica","item":"https:\/\/www.suno.com.br\/noticias\/politica\/"},{"@type":"ListItem","position":3,"name":"Petrobras (PETR4): Governo envia indica\u00e7\u00e3o de Prates para presidir a empresa"}]},{"@type":"WebSite","@id":"https:\/\/www.suno.com.br\/noticias\/#website","url":"https:\/\/www.suno.com.br\/noticias\/","name":"Suno Not\u00edcias","description":"Seu portal de informa\u00e7\u00e3o sobre o mundo dos investimentos","publisher":{"@id":"https:\/\/www.suno.com.br\/noticias\/#organization"},"potentialAction":[{"@type":"SearchAction","target":{"@type":"EntryPoint","urlTemplate":"https:\/\/www.suno.com.br\/noticias\/?s={search_term_string}"},"query-input":{"@type":"PropertyValueSpecification","valueRequired":true,"valueName":"search_term_string"}}],"inLanguage":"pt-BR"},{"@type":"Organization","@id":"https:\/\/www.suno.com.br\/noticias\/#organization","name":"Suno Not\u00edcias","url":"https:\/\/www.suno.com.br\/noticias\/","logo":{"@type":"ImageObject","inLanguage":"pt-BR","@id":"https:\/\/www.suno.com.br\/noticias\/#\/schema\/logo\/image\/","url":"https:\/\/files.sunoresearch.com.br\/n\/uploads\/2021\/09\/suno-logo.png","contentUrl":"https:\/\/files.sunoresearch.com.br\/n\/uploads\/2021\/09\/suno-logo.png","width":180,"height":180,"caption":"Suno Not\u00edcias"},"image":{"@id":"https:\/\/www.suno.com.br\/noticias\/#\/schema\/logo\/image\/"},"sameAs":["https:\/\/facebook.com\/sunoresearch","https:\/\/x.com\/sunoresearch","https:\/\/www.instagram.com\/suno","https:\/\/www.linkedin.com\/company\/suno-research\/","https:\/\/www.youtube.com\/c\/sunoresearch"]},{"@type":"Person","@id":"https:\/\/www.suno.com.br\/noticias\/#\/schema\/person\/7f4d362bf3518e76090143ae77bb49a5","name":"Eduardo Vargas","image":{"@type":"ImageObject","inLanguage":"pt-BR","@id":"https:\/\/www.suno.com.br\/noticias\/#\/schema\/person\/image\/","url":"https:\/\/secure.gravatar.com\/avatar\/dac340933427a22924c9f99d1eb2e3f2?s=96&r=g","contentUrl":"https:\/\/secure.gravatar.com\/avatar\/dac340933427a22924c9f99d1eb2e3f2?s=96&r=g","caption":"Eduardo Vargas"},"description":"Jornalista formado pela UFSC, cobre macroeconomia, neg\u00f3cios e startups para o Suno Not\u00edcias, escrevendo principalmente not\u00edcias sobre o mercado financeiro e a bolsa de valores. No YouTube e no Instagram, \u00e9 respons\u00e1vel pela produ\u00e7\u00e3o de Reels e Shorts do Suno Not\u00edcias. Anteriormente, trabalhou cobrindo economia e cotidiano no ND+ e para o ND, maior jornal impresso de Santa Catarina. Cursou um semestre letivo de Estudos de M\u00eddia na Universidad de Buenos Aires.","url":"https:\/\/www.suno.com.br\/noticias\/author\/eduardo-vargas\/"}]}},"default_loop_html":"<div class=\"cardsPage__listCard__boxs\"><div class=\"cardsPage__listCard__boxs__img\"><a href=\"https:\/\/www.suno.com.br\/noticias\/petrobras-petr4-indicacao-prates-presidencia\/\"><img class=\"mask\" src=\"https:\/\/www.suno.com.br\/noticias\/wp-content\/themes\/suno\/resources\/images\/spotlight\/spotlight1img\/bg-mask.png\" alt=\"Image Mask\"\/><img src=\"https:\/\/files.sunoresearch.com.br\/n\/uploads\/2022\/12\/jean-paul-prates-senador-pt-foto-pedro-franca-agencia-senado-400x200.jpg\" alt=\"Petrobras (PETR4): Governo envia indica\u00e7\u00e3o de Prates para presidir a empresa\"\/><\/a><span class=\"spotlightCategory\"><a href=\"https:\/\/www.suno.com.br\/noticias\/politica\/\">Pol\u00edtica<\/a><\/span><\/div><div class=\"cardsPage__listCard__boxs__content\"><a href=\"https:\/\/www.suno.com.br\/noticias\/petrobras-petr4-indicacao-prates-presidencia\/\"><h2 class=\"content__title\">Petrobras (PETR4): Governo envia indica\u00e7\u00e3o de Prates para presidir a empresa<\/h2><\/a><div class=\"newsContent__article__meta\"><div class=\"newsContent__article__meta__authorBox\"><a href=\"https:\/\/www.suno.com.br\/noticias\/author\/joao-vitor-jacintho\/\" class=\"authorBox__avatar noMobi\"><img src=\"https:\/\/secure.gravatar.com\/avatar\/2843227ca03ccf8cc7ccca45204c127e?s=96&#038;r=g\" alt=\"Jo\u00e3o Vitor Jacintho\"><\/a><div class=\"authorBox__name\"><span>por\n\t\t\t<a href=\"https:\/\/www.suno.com.br\/noticias\/author\/joao-vitor-jacintho\/\"><span itemprop=\"author\">Jo\u00e3o Vitor Jacintho<\/span><\/a><\/span><time datetime=\"2023-01-04T08:28:37-03:00\" itemprop=\"datePublished\">04\/01\/2023 08:28<\/time><\/div><\/div><\/div><\/div><\/div>","single_layout":"posts","amp_enabled":true,"_links":{"self":[{"href":"https:\/\/www.suno.com.br\/noticias\/wp-json\/wp\/v2\/posts\/340321"}],"collection":[{"href":"https:\/\/www.suno.com.br\/noticias\/wp-json\/wp\/v2\/posts"}],"about":[{"href":"https:\/\/www.suno.com.br\/noticias\/wp-json\/wp\/v2\/types\/post"}],"author":[{"embeddable":true,"href":"https:\/\/www.suno.com.br\/noticias\/wp-json\/wp\/v2\/users\/73"}],"replies":[{"embeddable":true,"href":"https:\/\/www.suno.com.br\/noticias\/wp-json\/wp\/v2\/comments?post=340321"}],"version-history":[{"count":3,"href":"https:\/\/www.suno.com.br\/noticias\/wp-json\/wp\/v2\/posts\/340321\/revisions"}],"predecessor-version":[{"id":340395,"href":"https:\/\/www.suno.com.br\/noticias\/wp-json\/wp\/v2\/posts\/340321\/revisions\/340395"}],"wp:featuredmedia":[{"embeddable":true,"href":"https:\/\/www.suno.com.br\/noticias\/wp-json\/wp\/v2\/media\/328499"}],"wp:attachment":[{"href":"https:\/\/www.suno.com.br\/noticias\/wp-json\/wp\/v2\/media?parent=340321"}],"wp:term":[{"taxonomy":"category","embeddable":true,"href":"https:\/\/www.suno.com.br\/noticias\/wp-json\/wp\/v2\/categories?post=340321"},{"taxonomy":"post_tag","embeddable":true,"href":"https:\/\/www.suno.com.br\/noticias\/wp-json\/wp\/v2\/tags?post=340321"},{"taxonomy":"suno_strategy","embeddable":true,"href":"https:\/\/www.suno.com.br\/noticias\/wp-json\/wp\/v2\/suno_strategy?post=340321"}],"curies":[{"name":"wp","href":"https:\/\/api.w.org\/{rel}","templated":true}]}}