{"id":34020,"date":"2019-08-14T10:59:36","date_gmt":"2019-08-14T13:59:36","guid":{"rendered":"https:\/\/www.suno.com.br\/noticias\/?p=34020"},"modified":"2019-08-15T09:11:24","modified_gmt":"2019-08-15T12:11:24","slug":"macri-novas-medidas-salario-minimo-argentina","status":"publish","type":"post","link":"https:\/\/www.suno.com.br\/noticias\/macri-novas-medidas-salario-minimo-argentina\/","title":{"rendered":"Macri promete aumentar sal\u00e1rio m\u00ednimo ap\u00f3s derrota nas elei\u00e7\u00f5es prim\u00e1rias"},"content":{"rendered":"<p>O<strong> presidente<\/strong> da <strong>Argentina<\/strong>, Mauricio Macri, anunciou nesta quarta-feira (14) novas medidas econ\u00f4micas que beneficiar\u00e3o os argentinos. Conforme Macri, as medidas s\u00e3o resposta \u00e0 sua derrota nas elei\u00e7\u00f5es pr\u00e9vias no \u00faltimo domingo (11).<\/p>\t<div class=\"wrapper-featured-image\">\n\t\t<figure class=\"spotlightImg\">\n\n\t\t\t<picture>\n\t\t\t\t<source media=\"(max-width: 768px)\" srcset=\"https:\/\/files.sunoresearch.com.br\/n\/uploads\/2019\/08\/c301e1ba-macri-400x200.webp\">\n\t\t\t\t<img loading=\"lazy\" decoding=\"async\" class=\"newsContent__article__imgCapa lazyloadDisabled newsContent__article__imgCapa--noCaption\" src=\"https:\/\/files.sunoresearch.com.br\/n\/uploads\/2019\/08\/c301e1ba-macri-jpg.webp\" width=\"800\" height=\"450\" alt=\"Macri promete aumentar sal\u00e1rio m\u00ednimo ap\u00f3s derrota nas elei\u00e7\u00f5es prim\u00e1rias\" fetchpriority=high \/>\n\t\t\t<\/picture>\n\n\t\t\t<figcaption class=\"wp-caption-text wp-caption-text--hide\">Macri promete aumentar sal\u00e1rio m\u00ednimo ap\u00f3s derrota nas elei\u00e7\u00f5es prim\u00e1rias<\/figcaption>\n\t\t<\/figure>\n\t<\/div>\n\n\n<p>O candidato \u00e0 reelei\u00e7\u00e3o, <strong>Macri<\/strong>, afirma que as medidas &#8220;trar\u00e3o al\u00edvio para 17 milh\u00f5es de trabalhadores e suas fam\u00edlias&#8221;. O foco est\u00e1 em beneficiar tamb\u00e9m as pequenas m\u00e9dias empresas.<\/p>\n<p>&#8220;As medidas que tomei e que vou compartilhar agora s\u00e3o porque os escutei. Escutei o que quiseram dizer no domingo. S\u00e3o medidas que v\u00e3o trazer al\u00edvio para 17 milh\u00f5es de trabalhadores e suas fam\u00edlias. E a todas as pequenas e m\u00e9dias empresas, que sei que est\u00e3o passando por um momento de muita incerteza&#8221;, afirmou presidente da Argentina.<\/p>\n\n<p>Al\u00e9m disso, o mandat\u00e1rio diz compreender que o respons\u00e1vel pelo mau desempenho nas elei\u00e7\u00f5es &#8220;\u00e9 pura e exclusivamente responsabilidade minha&#8221;.<\/p>\n<p>&#8220;Sobre o resultado da vota\u00e7\u00e3o, quero que saibam que eu os entendi. Saibam que respeito profundamente os argentinos que votaram em outras alternativas&#8221;, completou.<\/p>\n<p>De acordo com as medidas anunciadas ficou definido:<\/p>\n<ul>\n<li>b\u00f4nus de at\u00e9 2 mil pesos extras aos trabalhadores entre setembro e outubro;<\/li>\n<li>informais e desocupados receber\u00e3o dois pagamentos extras do benef\u00edcio que recebem por seus filhos;<\/li>\n<li>empregados p\u00fablicos e das for\u00e7as armadas receber\u00e3o abono de 5 mil pesos no final do m\u00eas;<\/li>\n<li>sal\u00e1rio m\u00ednimo ser\u00e1 elevado (at\u00e9 o momento sem defini\u00e7\u00e3o do valor);<\/li>\n<li>pre\u00e7o da gasolina congelado por 90 dias;<\/li>\n<li>pequenas e m\u00e9dias empresas poder\u00e3o pagar obriga\u00e7\u00f5es tribut\u00e1rias em at\u00e9 dez anos.<\/li>\n<\/ul>\n<p>&#8220;S\u00e3o medidas de al\u00edvio que tomamos neste momento dif\u00edcil&#8221;, disse o candidato \u00e1 reelei\u00e7\u00e3o.<\/p>\n\t<p>\n\t\t<a href=\"https:\/\/lp.statusinvest.com.br\/ao\/assessoria-status-invest\/\" target=\"_blank\" data-element=\"shortcode-suno-banner\" title=\"Banner SUNO, clique e saiba mais\">\n\t\t\t<picture>\n\t\t\t\t<source media=\"(max-width: 500px)\" srcset=\"https:\/\/files.sunoresearch.com.br\/n\/uploads\/2024\/03\/400x300-Mobile.png\">\n\t\t\t\t<img class=\"newsContent__article__imgCapa newsContent__article__imgCapa--banner\"\n\t\t\t\t\tsrc=\"https:\/\/files.sunoresearch.com.br\/n\/uploads\/2024\/03\/1420x240-Desktop.png\"\n\t\t\t\t\tdata-promo-id=\"537248\"\t\t\t\t\t\t\t\t\t\twidth='1400' height='240'\t\t\t\t\talt=\"https:\/\/files.sunoresearch.com.br\/n\/uploads\/2024\/03\/1420x240-Desktop.png\"\n\t\t\t\t>\n\t\t\t<\/picture>\n\t\t<\/a>\n\t<\/p>\n\n\n<h2>Macri \u00e9 derrotado nas elei\u00e7\u00f5es prim\u00e1rias<\/h2>\n<p>Desde a derrota do presidente da Argentina nas elei\u00e7\u00f5es prim\u00e1rias para o candidato de centro-esquerda Alberto Fern\u00e1ndez, que tem como vice a ex-presidente Cristina Kirchner, o peso argentino tem registrado desvaloriza\u00e7\u00e3o.<\/p>\n<p>O candidato de centro-esquerda, Alberto Fern\u00e1ndez, registrou 47,36% do votos. Por sua vez, o candidato de direita e atual presidente do pa\u00eds alcan\u00e7ou apenas 32,23% dos votos.<\/p>\n<p><a href=\"\/\/www.suno.com.br\/noticias\/peso-argentino-macri-eleicoes\/\">Saiba Mais: Peso argentino registra queda de 22% ap\u00f3s derrota do presidente Macri<\/a><\/p>\n<p>Na \u00faltima ter\u00e7a-feira (13), o peso encerrou em queda de -4,29%. Dessa forma, as novas medidas de<strong> Macri<\/strong> al\u00e9m de ser uma resposta aos argentinos \u00e9 uma resposta ao mercado financeiro.<\/p>\n","protected":false},"excerpt":{"rendered":"<p>O presidente da Argentina, Mauricio Macri, anunciou nesta quarta-feira (14) novas medidas econ\u00f4micas que beneficiar\u00e3o os argentinos. Conforme Macri, as medidas s\u00e3o resposta \u00e0 sua derrota nas elei\u00e7\u00f5es pr\u00e9vias no \u00faltimo domingo (11). Macri promete aumentar sal\u00e1rio m\u00ednimo ap\u00f3s derrota nas elei\u00e7\u00f5es prim\u00e1rias O candidato \u00e0 reelei\u00e7\u00e3o, Macri, afirma que as medidas &#8220;trar\u00e3o al\u00edvio para [&hellip;]<\/p>\n","protected":false},"author":15,"featured_media":33759,"comment_status":"closed","ping_status":"closed","sticky":false,"template":"","format":"standard","meta":[],"categories":[63],"tags":[699,697,987,1839],"suno_strategy":[],"class_list":["post-34020","post","type-post","status-publish","format-standard","has-post-thumbnail","hentry","category-internacional","tag-argentina","tag-eleicoes","tag-mauricio-macri","tag-peso-argentino"],"yoast_head":"<!-- This site is optimized with the Yoast SEO plugin v24.4 - https:\/\/yoast.com\/wordpress\/plugins\/seo\/ -->\n<title>Macri promete aumentar sal\u00e1rio m\u00ednimo ap\u00f3s derrota nas elei\u00e7\u00f5es<\/title>\n<meta name=\"description\" content=\"O presidente da Argentina, Mauricio Macri, anunciou nesta quarta (14) novas medidas econ\u00f4micas que beneficiar\u00e1 os argentinos. Clique aqui\" \/>\n<meta name=\"robots\" content=\"index, follow, max-snippet:-1, max-image-preview:large, max-video-preview:-1\" \/>\n<link rel=\"canonical\" href=\"https:\/\/www.suno.com.br\/noticias\/macri-novas-medidas-salario-minimo-argentina\/\" \/>\n<meta property=\"og:locale\" content=\"pt_BR\" \/>\n<meta property=\"og:type\" content=\"article\" \/>\n<meta property=\"og:title\" content=\"Macri promete aumentar sal\u00e1rio m\u00ednimo ap\u00f3s derrota nas elei\u00e7\u00f5es\" \/>\n<meta property=\"og:description\" content=\"O presidente da Argentina, Mauricio Macri, anunciou nesta quarta (14) novas medidas econ\u00f4micas que beneficiar\u00e1 os argentinos. Clique aqui\" \/>\n<meta property=\"og:url\" content=\"https:\/\/www.suno.com.br\/noticias\/macri-novas-medidas-salario-minimo-argentina\/\" \/>\n<meta property=\"og:site_name\" content=\"Suno Not\u00edcias\" \/>\n<meta property=\"article:publisher\" content=\"https:\/\/facebook.com\/sunoresearch\" \/>\n<meta property=\"og:image\" content=\"https:\/\/files.sunoresearch.com.br\/n\/uploads\/2019\/08\/c301e1ba-macri.jpg\" \/>\n\t<meta property=\"og:image:width\" content=\"660\" \/>\n\t<meta property=\"og:image:height\" content=\"330\" \/>\n\t<meta property=\"og:image:type\" content=\"image\/jpeg\" \/>\n<meta name=\"author\" content=\"Poliana Santos\" \/>\n<meta name=\"twitter:card\" content=\"summary_large_image\" \/>\n<meta name=\"twitter:creator\" content=\"@sunoresearch\" \/>\n<meta name=\"twitter:site\" content=\"@sunoresearch\" \/>\n<meta name=\"twitter:label1\" content=\"Escrito por\" \/>\n\t<meta name=\"twitter:data1\" content=\"Poliana Santos\" \/>\n\t<meta name=\"twitter:label2\" content=\"Est. tempo de leitura\" \/>\n\t<meta name=\"twitter:data2\" content=\"2 minutos\" \/>\n<script type=\"application\/ld+json\" class=\"yoast-schema-graph\">{\"@context\":\"https:\/\/schema.org\",\"@graph\":[{\"@type\":\"NewsArticle\",\"@id\":\"https:\/\/www.suno.com.br\/noticias\/macri-novas-medidas-salario-minimo-argentina\/#article\",\"isPartOf\":{\"@id\":\"https:\/\/www.suno.com.br\/noticias\/macri-novas-medidas-salario-minimo-argentina\/\"},\"author\":{\"name\":\"Poliana Santos\",\"@id\":\"https:\/\/www.suno.com.br\/noticias\/#\/schema\/person\/02ec1f752758247878a2bf4abee1aeda\"},\"headline\":\"Macri promete aumentar sal\u00e1rio m\u00ednimo ap\u00f3s derrota nas elei\u00e7\u00f5es prim\u00e1rias\",\"datePublished\":\"2019-08-14T13:59:36+00:00\",\"dateModified\":\"2019-08-15T12:11:24+00:00\",\"mainEntityOfPage\":{\"@id\":\"https:\/\/www.suno.com.br\/noticias\/macri-novas-medidas-salario-minimo-argentina\/\"},\"wordCount\":425,\"publisher\":{\"@id\":\"https:\/\/www.suno.com.br\/noticias\/#organization\"},\"image\":{\"@id\":\"https:\/\/www.suno.com.br\/noticias\/macri-novas-medidas-salario-minimo-argentina\/#primaryimage\"},\"thumbnailUrl\":\"https:\/\/files.sunoresearch.com.br\/n\/uploads\/2019\/08\/c301e1ba-macri-jpg.webp\",\"keywords\":[\"Argentina\",\"Elei\u00e7\u00f5es\",\"Mauricio Macri\",\"peso argentino\"],\"articleSection\":[\"Internacional\"],\"inLanguage\":\"pt-BR\"},{\"@type\":\"WebPage\",\"@id\":\"https:\/\/www.suno.com.br\/noticias\/macri-novas-medidas-salario-minimo-argentina\/\",\"url\":\"https:\/\/www.suno.com.br\/noticias\/macri-novas-medidas-salario-minimo-argentina\/\",\"name\":\"Macri promete aumentar sal\u00e1rio m\u00ednimo ap\u00f3s derrota nas elei\u00e7\u00f5es\",\"isPartOf\":{\"@id\":\"https:\/\/www.suno.com.br\/noticias\/#website\"},\"primaryImageOfPage\":{\"@id\":\"https:\/\/www.suno.com.br\/noticias\/macri-novas-medidas-salario-minimo-argentina\/#primaryimage\"},\"image\":{\"@id\":\"https:\/\/www.suno.com.br\/noticias\/macri-novas-medidas-salario-minimo-argentina\/#primaryimage\"},\"thumbnailUrl\":\"https:\/\/files.sunoresearch.com.br\/n\/uploads\/2019\/08\/c301e1ba-macri-jpg.webp\",\"datePublished\":\"2019-08-14T13:59:36+00:00\",\"dateModified\":\"2019-08-15T12:11:24+00:00\",\"description\":\"O presidente da Argentina, Mauricio Macri, anunciou nesta quarta (14) novas medidas econ\u00f4micas que beneficiar\u00e1 os argentinos. Clique aqui\",\"breadcrumb\":{\"@id\":\"https:\/\/www.suno.com.br\/noticias\/macri-novas-medidas-salario-minimo-argentina\/#breadcrumb\"},\"inLanguage\":\"pt-BR\",\"potentialAction\":[{\"@type\":\"ReadAction\",\"target\":[\"https:\/\/www.suno.com.br\/noticias\/macri-novas-medidas-salario-minimo-argentina\/\"]}]},{\"@type\":\"ImageObject\",\"inLanguage\":\"pt-BR\",\"@id\":\"https:\/\/www.suno.com.br\/noticias\/macri-novas-medidas-salario-minimo-argentina\/#primaryimage\",\"url\":\"https:\/\/files.sunoresearch.com.br\/n\/uploads\/2019\/08\/c301e1ba-macri-jpg.webp\",\"contentUrl\":\"https:\/\/files.sunoresearch.com.br\/n\/uploads\/2019\/08\/c301e1ba-macri-jpg.webp\",\"width\":660,\"height\":330,\"caption\":\"Macri promete aumentar sal\u00e1rio m\u00ednimo ap\u00f3s derrota nas elei\u00e7\u00f5es prim\u00e1rias\"},{\"@type\":\"BreadcrumbList\",\"@id\":\"https:\/\/www.suno.com.br\/noticias\/macri-novas-medidas-salario-minimo-argentina\/#breadcrumb\",\"itemListElement\":[{\"@type\":\"ListItem\",\"position\":1,\"name\":\"Not\u00edcias\",\"item\":\"https:\/\/www.suno.com.br\/noticias\/\"},{\"@type\":\"ListItem\",\"position\":2,\"name\":\"Internacional\",\"item\":\"https:\/\/www.suno.com.br\/noticias\/internacional\/\"},{\"@type\":\"ListItem\",\"position\":3,\"name\":\"Macri promete aumentar sal\u00e1rio m\u00ednimo ap\u00f3s derrota nas elei\u00e7\u00f5es prim\u00e1rias\"}]},{\"@type\":\"WebSite\",\"@id\":\"https:\/\/www.suno.com.br\/noticias\/#website\",\"url\":\"https:\/\/www.suno.com.br\/noticias\/\",\"name\":\"Suno Not\u00edcias\",\"description\":\"Seu portal de informa\u00e7\u00e3o sobre o mundo dos investimentos\",\"publisher\":{\"@id\":\"https:\/\/www.suno.com.br\/noticias\/#organization\"},\"potentialAction\":[{\"@type\":\"SearchAction\",\"target\":{\"@type\":\"EntryPoint\",\"urlTemplate\":\"https:\/\/www.suno.com.br\/noticias\/?s={search_term_string}\"},\"query-input\":{\"@type\":\"PropertyValueSpecification\",\"valueRequired\":true,\"valueName\":\"search_term_string\"}}],\"inLanguage\":\"pt-BR\"},{\"@type\":\"Organization\",\"@id\":\"https:\/\/www.suno.com.br\/noticias\/#organization\",\"name\":\"Suno Not\u00edcias\",\"url\":\"https:\/\/www.suno.com.br\/noticias\/\",\"logo\":{\"@type\":\"ImageObject\",\"inLanguage\":\"pt-BR\",\"@id\":\"https:\/\/www.suno.com.br\/noticias\/#\/schema\/logo\/image\/\",\"url\":\"https:\/\/files.sunoresearch.com.br\/n\/uploads\/2021\/09\/suno-logo.png\",\"contentUrl\":\"https:\/\/files.sunoresearch.com.br\/n\/uploads\/2021\/09\/suno-logo.png\",\"width\":180,\"height\":180,\"caption\":\"Suno Not\u00edcias\"},\"image\":{\"@id\":\"https:\/\/www.suno.com.br\/noticias\/#\/schema\/logo\/image\/\"},\"sameAs\":[\"https:\/\/facebook.com\/sunoresearch\",\"https:\/\/x.com\/sunoresearch\",\"https:\/\/www.instagram.com\/suno\",\"https:\/\/www.linkedin.com\/company\/suno-research\/\",\"https:\/\/www.youtube.com\/c\/sunoresearch\"]},{\"@type\":\"Person\",\"@id\":\"https:\/\/www.suno.com.br\/noticias\/#\/schema\/person\/02ec1f752758247878a2bf4abee1aeda\",\"name\":\"Poliana Santos\",\"image\":{\"@type\":\"ImageObject\",\"inLanguage\":\"pt-BR\",\"@id\":\"https:\/\/www.suno.com.br\/noticias\/#\/schema\/person\/image\/\",\"url\":\"https:\/\/secure.gravatar.com\/avatar\/0645bd32f23d87b2130f2b2dff1d3f8d?s=96&r=g\",\"contentUrl\":\"https:\/\/secure.gravatar.com\/avatar\/0645bd32f23d87b2130f2b2dff1d3f8d?s=96&r=g\",\"caption\":\"Poliana Santos\"},\"description\":\"Rep\u00f3rter no Suno Not\u00edcias, com cobertura em mercado financeiro, economia, finan\u00e7as pessoais, renda fixa e varejo. Jornalista formada pela Faculdade C\u00e1sper L\u00edbero e possui passagem na R\u00e1dio Gazeta AM com a produ\u00e7\u00e3o de conte\u00fado sobre economia, pol\u00edtica, sa\u00fade, moda e m\u00fasica. Possui certificado de conclus\u00e3o do curso de An\u00e1lise de Balan\u00e7os pela Funda\u00e7\u00e3o Bradesco, Agenda Brasil pela FAAP, Educa\u00e7\u00e3o Pol\u00edtica por Alexandre Garcia e do Tesouro Direto e Mercado de A\u00e7\u00f5es pela B3.\",\"url\":\"https:\/\/www.suno.com.br\/noticias\/author\/poliana-santos\/\"}]}<\/script>\n<!-- \/ Yoast SEO plugin. -->","yoast_head_json":{"title":"Macri promete aumentar sal\u00e1rio m\u00ednimo ap\u00f3s derrota nas elei\u00e7\u00f5es","description":"O presidente da Argentina, Mauricio Macri, anunciou nesta quarta (14) novas medidas econ\u00f4micas que beneficiar\u00e1 os argentinos. Clique aqui","robots":{"index":"index","follow":"follow","max-snippet":"max-snippet:-1","max-image-preview":"max-image-preview:large","max-video-preview":"max-video-preview:-1"},"canonical":"https:\/\/www.suno.com.br\/noticias\/macri-novas-medidas-salario-minimo-argentina\/","og_locale":"pt_BR","og_type":"article","og_title":"Macri promete aumentar sal\u00e1rio m\u00ednimo ap\u00f3s derrota nas elei\u00e7\u00f5es","og_description":"O presidente da Argentina, Mauricio Macri, anunciou nesta quarta (14) novas medidas econ\u00f4micas que beneficiar\u00e1 os argentinos. Clique aqui","og_url":"https:\/\/www.suno.com.br\/noticias\/macri-novas-medidas-salario-minimo-argentina\/","og_site_name":"Suno Not\u00edcias","article_publisher":"https:\/\/facebook.com\/sunoresearch","og_image":[{"width":660,"height":330,"url":"https:\/\/files.sunoresearch.com.br\/n\/uploads\/2019\/08\/c301e1ba-macri.jpg","type":"image\/jpeg"}],"author":"Poliana Santos","twitter_card":"summary_large_image","twitter_creator":"@sunoresearch","twitter_site":"@sunoresearch","twitter_misc":{"Escrito por":"Poliana Santos","Est. tempo de leitura":"2 minutos"},"schema":{"@context":"https:\/\/schema.org","@graph":[{"@type":"NewsArticle","@id":"https:\/\/www.suno.com.br\/noticias\/macri-novas-medidas-salario-minimo-argentina\/#article","isPartOf":{"@id":"https:\/\/www.suno.com.br\/noticias\/macri-novas-medidas-salario-minimo-argentina\/"},"author":{"name":"Poliana Santos","@id":"https:\/\/www.suno.com.br\/noticias\/#\/schema\/person\/02ec1f752758247878a2bf4abee1aeda"},"headline":"Macri promete aumentar sal\u00e1rio m\u00ednimo ap\u00f3s derrota nas elei\u00e7\u00f5es prim\u00e1rias","datePublished":"2019-08-14T13:59:36+00:00","dateModified":"2019-08-15T12:11:24+00:00","mainEntityOfPage":{"@id":"https:\/\/www.suno.com.br\/noticias\/macri-novas-medidas-salario-minimo-argentina\/"},"wordCount":425,"publisher":{"@id":"https:\/\/www.suno.com.br\/noticias\/#organization"},"image":{"@id":"https:\/\/www.suno.com.br\/noticias\/macri-novas-medidas-salario-minimo-argentina\/#primaryimage"},"thumbnailUrl":"https:\/\/files.sunoresearch.com.br\/n\/uploads\/2019\/08\/c301e1ba-macri-jpg.webp","keywords":["Argentina","Elei\u00e7\u00f5es","Mauricio Macri","peso argentino"],"articleSection":["Internacional"],"inLanguage":"pt-BR"},{"@type":"WebPage","@id":"https:\/\/www.suno.com.br\/noticias\/macri-novas-medidas-salario-minimo-argentina\/","url":"https:\/\/www.suno.com.br\/noticias\/macri-novas-medidas-salario-minimo-argentina\/","name":"Macri promete aumentar sal\u00e1rio m\u00ednimo ap\u00f3s derrota nas elei\u00e7\u00f5es","isPartOf":{"@id":"https:\/\/www.suno.com.br\/noticias\/#website"},"primaryImageOfPage":{"@id":"https:\/\/www.suno.com.br\/noticias\/macri-novas-medidas-salario-minimo-argentina\/#primaryimage"},"image":{"@id":"https:\/\/www.suno.com.br\/noticias\/macri-novas-medidas-salario-minimo-argentina\/#primaryimage"},"thumbnailUrl":"https:\/\/files.sunoresearch.com.br\/n\/uploads\/2019\/08\/c301e1ba-macri-jpg.webp","datePublished":"2019-08-14T13:59:36+00:00","dateModified":"2019-08-15T12:11:24+00:00","description":"O presidente da Argentina, Mauricio Macri, anunciou nesta quarta (14) novas medidas econ\u00f4micas que beneficiar\u00e1 os argentinos. Clique aqui","breadcrumb":{"@id":"https:\/\/www.suno.com.br\/noticias\/macri-novas-medidas-salario-minimo-argentina\/#breadcrumb"},"inLanguage":"pt-BR","potentialAction":[{"@type":"ReadAction","target":["https:\/\/www.suno.com.br\/noticias\/macri-novas-medidas-salario-minimo-argentina\/"]}]},{"@type":"ImageObject","inLanguage":"pt-BR","@id":"https:\/\/www.suno.com.br\/noticias\/macri-novas-medidas-salario-minimo-argentina\/#primaryimage","url":"https:\/\/files.sunoresearch.com.br\/n\/uploads\/2019\/08\/c301e1ba-macri-jpg.webp","contentUrl":"https:\/\/files.sunoresearch.com.br\/n\/uploads\/2019\/08\/c301e1ba-macri-jpg.webp","width":660,"height":330,"caption":"Macri promete aumentar sal\u00e1rio m\u00ednimo ap\u00f3s derrota nas elei\u00e7\u00f5es prim\u00e1rias"},{"@type":"BreadcrumbList","@id":"https:\/\/www.suno.com.br\/noticias\/macri-novas-medidas-salario-minimo-argentina\/#breadcrumb","itemListElement":[{"@type":"ListItem","position":1,"name":"Not\u00edcias","item":"https:\/\/www.suno.com.br\/noticias\/"},{"@type":"ListItem","position":2,"name":"Internacional","item":"https:\/\/www.suno.com.br\/noticias\/internacional\/"},{"@type":"ListItem","position":3,"name":"Macri promete aumentar sal\u00e1rio m\u00ednimo ap\u00f3s derrota nas elei\u00e7\u00f5es prim\u00e1rias"}]},{"@type":"WebSite","@id":"https:\/\/www.suno.com.br\/noticias\/#website","url":"https:\/\/www.suno.com.br\/noticias\/","name":"Suno Not\u00edcias","description":"Seu portal de informa\u00e7\u00e3o sobre o mundo dos investimentos","publisher":{"@id":"https:\/\/www.suno.com.br\/noticias\/#organization"},"potentialAction":[{"@type":"SearchAction","target":{"@type":"EntryPoint","urlTemplate":"https:\/\/www.suno.com.br\/noticias\/?s={search_term_string}"},"query-input":{"@type":"PropertyValueSpecification","valueRequired":true,"valueName":"search_term_string"}}],"inLanguage":"pt-BR"},{"@type":"Organization","@id":"https:\/\/www.suno.com.br\/noticias\/#organization","name":"Suno Not\u00edcias","url":"https:\/\/www.suno.com.br\/noticias\/","logo":{"@type":"ImageObject","inLanguage":"pt-BR","@id":"https:\/\/www.suno.com.br\/noticias\/#\/schema\/logo\/image\/","url":"https:\/\/files.sunoresearch.com.br\/n\/uploads\/2021\/09\/suno-logo.png","contentUrl":"https:\/\/files.sunoresearch.com.br\/n\/uploads\/2021\/09\/suno-logo.png","width":180,"height":180,"caption":"Suno Not\u00edcias"},"image":{"@id":"https:\/\/www.suno.com.br\/noticias\/#\/schema\/logo\/image\/"},"sameAs":["https:\/\/facebook.com\/sunoresearch","https:\/\/x.com\/sunoresearch","https:\/\/www.instagram.com\/suno","https:\/\/www.linkedin.com\/company\/suno-research\/","https:\/\/www.youtube.com\/c\/sunoresearch"]},{"@type":"Person","@id":"https:\/\/www.suno.com.br\/noticias\/#\/schema\/person\/02ec1f752758247878a2bf4abee1aeda","name":"Poliana Santos","image":{"@type":"ImageObject","inLanguage":"pt-BR","@id":"https:\/\/www.suno.com.br\/noticias\/#\/schema\/person\/image\/","url":"https:\/\/secure.gravatar.com\/avatar\/0645bd32f23d87b2130f2b2dff1d3f8d?s=96&r=g","contentUrl":"https:\/\/secure.gravatar.com\/avatar\/0645bd32f23d87b2130f2b2dff1d3f8d?s=96&r=g","caption":"Poliana Santos"},"description":"Rep\u00f3rter no Suno Not\u00edcias, com cobertura em mercado financeiro, economia, finan\u00e7as pessoais, renda fixa e varejo. Jornalista formada pela Faculdade C\u00e1sper L\u00edbero e possui passagem na R\u00e1dio Gazeta AM com a produ\u00e7\u00e3o de conte\u00fado sobre economia, pol\u00edtica, sa\u00fade, moda e m\u00fasica. Possui certificado de conclus\u00e3o do curso de An\u00e1lise de Balan\u00e7os pela Funda\u00e7\u00e3o Bradesco, Agenda Brasil pela FAAP, Educa\u00e7\u00e3o Pol\u00edtica por Alexandre Garcia e do Tesouro Direto e Mercado de A\u00e7\u00f5es pela B3.","url":"https:\/\/www.suno.com.br\/noticias\/author\/poliana-santos\/"}]}},"default_loop_html":"<div class=\"cardsPage__listCard__boxs\"><div class=\"cardsPage__listCard__boxs__img\"><a href=\"https:\/\/www.suno.com.br\/noticias\/macri-novas-medidas-salario-minimo-argentina\/\"><img class=\"mask\" src=\"https:\/\/www.suno.com.br\/noticias\/wp-content\/themes\/suno\/resources\/images\/spotlight\/spotlight1img\/bg-mask.png\" alt=\"Image Mask\"\/><img src=\"https:\/\/files.sunoresearch.com.br\/n\/uploads\/2019\/08\/c301e1ba-macri-400x200.webp\" alt=\"Macri promete aumentar sal\u00e1rio m\u00ednimo ap\u00f3s derrota nas elei\u00e7\u00f5es prim\u00e1rias\"\/><\/a><span class=\"spotlightCategory\"><a href=\"https:\/\/www.suno.com.br\/noticias\/internacional\/\">Internacional<\/a><\/span><\/div><div class=\"cardsPage__listCard__boxs__content\"><a href=\"https:\/\/www.suno.com.br\/noticias\/macri-novas-medidas-salario-minimo-argentina\/\"><h2 class=\"content__title\">Macri promete aumentar sal\u00e1rio m\u00ednimo ap\u00f3s derrota nas elei\u00e7\u00f5es prim\u00e1rias<\/h2><\/a><div class=\"newsContent__article__meta\"><div class=\"newsContent__article__meta__authorBox\"><a href=\"https:\/\/www.suno.com.br\/noticias\/author\/poliana-santos\/\" class=\"authorBox__avatar noMobi\"><img src=\"https:\/\/files.sunoresearch.com.br\/n\/uploads\/2020\/08\/7ef34026-whatsapp-image-2020-08-03-at-12.37.57-150x150.webp\" alt=\"Poliana Santos\"><\/a><div class=\"authorBox__name\"><span>por\n\t\t\t<a href=\"https:\/\/www.suno.com.br\/noticias\/author\/poliana-santos\/\"><span itemprop=\"author\">Poliana Santos<\/span><\/a><\/span><time datetime=\"2019-08-14T10:59:36-03:00\" itemprop=\"datePublished\">14\/08\/2019 10:59<\/time><\/div><\/div><\/div><\/div><\/div>","single_layout":"posts","amp_enabled":true,"_links":{"self":[{"href":"https:\/\/www.suno.com.br\/noticias\/wp-json\/wp\/v2\/posts\/34020"}],"collection":[{"href":"https:\/\/www.suno.com.br\/noticias\/wp-json\/wp\/v2\/posts"}],"about":[{"href":"https:\/\/www.suno.com.br\/noticias\/wp-json\/wp\/v2\/types\/post"}],"author":[{"embeddable":true,"href":"https:\/\/www.suno.com.br\/noticias\/wp-json\/wp\/v2\/users\/15"}],"replies":[{"embeddable":true,"href":"https:\/\/www.suno.com.br\/noticias\/wp-json\/wp\/v2\/comments?post=34020"}],"version-history":[{"count":0,"href":"https:\/\/www.suno.com.br\/noticias\/wp-json\/wp\/v2\/posts\/34020\/revisions"}],"wp:featuredmedia":[{"embeddable":true,"href":"https:\/\/www.suno.com.br\/noticias\/wp-json\/wp\/v2\/media\/33759"}],"wp:attachment":[{"href":"https:\/\/www.suno.com.br\/noticias\/wp-json\/wp\/v2\/media?parent=34020"}],"wp:term":[{"taxonomy":"category","embeddable":true,"href":"https:\/\/www.suno.com.br\/noticias\/wp-json\/wp\/v2\/categories?post=34020"},{"taxonomy":"post_tag","embeddable":true,"href":"https:\/\/www.suno.com.br\/noticias\/wp-json\/wp\/v2\/tags?post=34020"},{"taxonomy":"suno_strategy","embeddable":true,"href":"https:\/\/www.suno.com.br\/noticias\/wp-json\/wp\/v2\/suno_strategy?post=34020"}],"curies":[{"name":"wp","href":"https:\/\/api.w.org\/{rel}","templated":true}]}}