{"id":33995,"date":"2019-08-14T10:04:20","date_gmt":"2019-08-14T13:04:20","guid":{"rendered":"https:\/\/www.suno.com.br\/noticias\/?p=33995"},"modified":"2019-08-14T10:04:20","modified_gmt":"2019-08-14T13:04:20","slug":"pib-zona-euro-cresce-apenas-02-segundo-trimestre","status":"publish","type":"post","link":"https:\/\/www.suno.com.br\/noticias\/pib-zona-euro-cresce-apenas-02-segundo-trimestre\/","title":{"rendered":"PIB da zona do euro cresce apenas 0,2% no segundo trimestre"},"content":{"rendered":"<p>O <strong>Produto Interno Bruto<\/strong> (PIB) da <strong>zona do euro<\/strong> teve avan\u00e7o de 0,2% nos meses de abril a junho deste ano. Entretanto, nos primeiros tr\u00eas meses de 2019, o crescimento registrado foi de 0,4%. As informa\u00e7\u00f5es foram divulgadas nesta quarta-feira (14) pela ag\u00eancia de estat\u00edsticas da <strong>Uni\u00e3o Europeia<\/strong>, Eurostat.<\/p>\t<div class=\"wrapper-featured-image\">\n\t\t<figure class=\"spotlightImg\">\n\n\t\t\t<picture>\n\t\t\t\t<source media=\"(max-width: 768px)\" srcset=\"https:\/\/files.sunoresearch.com.br\/n\/uploads\/2018\/11\/c2059964-zona-do-euro-1-400x200.webp\">\n\t\t\t\t<img loading=\"lazy\" decoding=\"async\" class=\"newsContent__article__imgCapa lazyloadDisabled newsContent__article__imgCapa--noCaption\" src=\"https:\/\/files.sunoresearch.com.br\/n\/uploads\/2018\/11\/c2059964-zona-do-euro-1-800x450.webp\" width=\"800\" height=\"450\" alt=\"PIB da zona do euro cresce apenas 0,2% no segundo trimestre\" fetchpriority=high \/>\n\t\t\t<\/picture>\n\n\t\t\t<figcaption class=\"wp-caption-text wp-caption-text--hide\">zona do euro<\/figcaption>\n\t\t<\/figure>\n\t<\/div>\n\n\n\n<p>No comparativo ano a ano, o crescimento do <strong>PIB<\/strong> foi de 1,1% no per\u00edodo. Os dados ficaram de acordo com o previsto por especialistas entrevistados pelo &#8220;The Wall Street Journal&#8221;.<\/p>\n<p>A <strong>produ\u00e7\u00e3o<\/strong> <strong>industrial<\/strong> dos 19 pa\u00edses que fazem parte da zona do euro teve baixa de 1,6% no m\u00eas de junho, em compara\u00e7\u00e3o com maio deste ano. Analistas estimavam uma baixa de aproximadamente 1,2%, valor menor do que o obtido.<\/p>\n\t<p>\n\t\t<a href=\"https:\/\/www.seculus.com.br\/blackfriday\" target=\"_blank\" data-element=\"shortcode-suno-banner\" title=\"Banner SUNO, clique e saiba mais\">\n\t\t\t<picture>\n\t\t\t\t<source media=\"(max-width: 500px)\" srcset=\"https:\/\/files.sunoresearch.com.br\/n\/uploads\/2023\/11\/seculus_suno_mobile_1.jpg\">\n\t\t\t\t<img class=\"newsContent__article__imgCapa newsContent__article__imgCapa--banner\"\n\t\t\t\t\tsrc=\"https:\/\/files.sunoresearch.com.br\/n\/uploads\/2023\/11\/seculus_suno_desktop_1.jpg\"\n\t\t\t\t\tdata-promo-id=\"474122\"\t\t\t\t\t\t\t\t\t\twidth='1420' height='240'\t\t\t\t\talt=\"https:\/\/files.sunoresearch.com.br\/n\/uploads\/2023\/11\/seculus_suno_desktop_1.jpg\"\n\t\t\t\t>\n\t\t\t<\/picture>\n\t\t<\/a>\n\t<\/p>\n\n\n<p>Na compara\u00e7\u00e3o ano a ano, a ind\u00fastria caiu 2,6% em produ\u00e7\u00e3o no m\u00eas de junho. O percentual previsto era de 1,2% de queda. Em contrapartida, maio teve alta de 0,8% em compara\u00e7\u00e3o a abril deste ano. Entretanto, houve uma baixa, tamb\u00e9m, de 0,8% na compara\u00e7\u00e3o ano a ano, levando em conta o mesmo per\u00edodo.<\/p>\n<p><a href=\"https:\/\/www.suno.com.br\/noticias\/estados-unidos-adia-tarifas-produtos-chineses\/\">Veja tamb\u00e9m: Estados Unidos adiam imposi\u00e7\u00e3o de tarifas de 10% sobre produtos chineses <\/a><\/p>\n<h2>PIB da Alemanha<\/h2>\n<p>O <strong>PIB<\/strong> da Alemanha teve uma baixa de 0,1% no segundo trimestre de 2019, em compara\u00e7\u00e3o ao primeiro trimestre deste ano. Vale ressaltar que a Alemanha \u00e9 a maior pot\u00eancia econ\u00f4mica da Europa.<\/p>\n<p>A produ\u00e7\u00e3o industrial da Alemanha caiu 1,8% no segundo trimestre em rela\u00e7\u00e3o aos tr\u00eas meses anteriores. Segundo o <strong>Minist\u00e9rio da Economia de Berlim<\/strong>, as fortes perdas na produ\u00e7\u00e3o de metais, autom\u00f3veis e maquin\u00e1rio, s\u00e3o as principais causas dessa queda.<\/p>\n\t<p>\n\t\t<a href=\"https:\/\/lp.suno.com.br\/ao\/servico-especializado-suno-tf\/?utm_source=adwords&#038;utm_medium=search&#038;utm_campaign=search.servico.funilconsultoria&#038;utm_content=1147_responsivo-a&#038;hsa_acc=2326072784&#038;hsa_cam=18022897917&#038;hsa_grp=141470255993&#038;hsa_ad=616145467912&#038;hsa_src=g&#038;hsa_tgt=kwd-303658942458&#038;hsa_kw=gestora+de+investimentos&#038;hsa_mt=b&#038;hsa_net=adwords&#038;hsa_ver=3&#038;gad_source=1&#038;gclid=CjwKCAjw1emzBhB8EiwAHwZZxQMvA3xJVRzLGZ70LmuSzR55X-KvxijSay8c5Hm88Sznnq97j8XbORoC-sMQAvD_BwE\" target=\"_blank\" data-element=\"shortcode-suno-banner\" title=\"Banner SUNO, clique e saiba mais\">\n\t\t\t<picture>\n\t\t\t\t<source media=\"(max-width: 500px)\" srcset=\"https:\/\/files.sunoresearch.com.br\/n\/uploads\/2024\/06\/400x300-Mobile-Artigos-5.png\">\n\t\t\t\t<img class=\"newsContent__article__imgCapa newsContent__article__imgCapa--banner\"\n\t\t\t\t\tsrc=\"https:\/\/files.sunoresearch.com.br\/n\/uploads\/2024\/06\/1420x240-Banner-Artigos-1-_-Banner-Materias-3.png\"\n\t\t\t\t\tdata-promo-id=\"563605\"\t\t\t\t\t\t\t\t\t\twidth='1420' height='240'\t\t\t\t\talt=\"https:\/\/files.sunoresearch.com.br\/n\/uploads\/2024\/06\/1420x240-Banner-Artigos-1-_-Banner-Materias-3.png\"\n\t\t\t\t>\n\t\t\t<\/picture>\n\t\t<\/a>\n\t<\/p>\n\n\n<p>As exporta\u00e7\u00f5es da <strong>Alemanha<\/strong> tamb\u00e9m registraram queda de 8,0% no m\u00eas de junho deste ano. O percentual calculado \u00e9 relativo a compara\u00e7\u00e3o com o valor obtido no mesmo per\u00edodo do ano passado. Os dados foram divulgados no dia 9 de agosto.<\/p>\n<p>Em contrapartida, na compara\u00e7\u00e3o ano a ano, o <strong>PIB<\/strong> alem\u00e3o registrou crescimento de 0,4%, um resultado duas vezes maior do que o estimado por especialistas no per\u00edodo.<\/p>\n","protected":false},"excerpt":{"rendered":"<p>O Produto Interno Bruto (PIB) da zona do euro teve avan\u00e7o de 0,2% nos meses de abril a junho deste ano. Entretanto, nos primeiros tr\u00eas meses de 2019, o crescimento registrado foi de 0,4%. As informa\u00e7\u00f5es foram divulgadas nesta quarta-feira (14) pela ag\u00eancia de estat\u00edsticas da Uni\u00e3o Europeia, Eurostat. zona do euro No comparativo ano [&hellip;]<\/p>\n","protected":false},"author":19,"featured_media":6019,"comment_status":"closed","ping_status":"closed","sticky":false,"template":"","format":"standard","meta":[],"categories":[63],"tags":[856,807,991],"suno_strategy":[],"class_list":["post-33995","post","type-post","status-publish","format-standard","has-post-thumbnail","hentry","category-internacional","tag-alemanha","tag-produto-interno-bruto-pib","tag-zona-do-euro"],"yoast_head":"<!-- This site is optimized with the Yoast SEO plugin v24.4 - https:\/\/yoast.com\/wordpress\/plugins\/seo\/ -->\n<title>PIB da zona do euro cresce apenas 0,2% no segundo trimestre<\/title>\n<meta name=\"description\" content=\"O Produto Interno Bruto (PIB) da zona do euro teve avan\u00e7o de 0,2% entre abril e junho deste ano. Clique aqui para saber mais.\" \/>\n<meta name=\"robots\" content=\"index, follow, max-snippet:-1, max-image-preview:large, max-video-preview:-1\" \/>\n<link rel=\"canonical\" href=\"https:\/\/www.suno.com.br\/noticias\/pib-zona-euro-cresce-apenas-02-segundo-trimestre\/\" \/>\n<meta property=\"og:locale\" content=\"pt_BR\" \/>\n<meta property=\"og:type\" content=\"article\" \/>\n<meta property=\"og:title\" content=\"PIB da zona do euro cresce apenas 0,2% no segundo trimestre\" \/>\n<meta property=\"og:description\" content=\"O Produto Interno Bruto (PIB) da zona do euro teve avan\u00e7o de 0,2% entre abril e junho deste ano. Clique aqui para saber mais.\" \/>\n<meta property=\"og:url\" content=\"https:\/\/www.suno.com.br\/noticias\/pib-zona-euro-cresce-apenas-02-segundo-trimestre\/\" \/>\n<meta property=\"og:site_name\" content=\"Suno Not\u00edcias\" \/>\n<meta property=\"article:publisher\" content=\"https:\/\/facebook.com\/sunoresearch\" \/>\n<meta property=\"og:image\" content=\"https:\/\/files.sunoresearch.com.br\/n\/uploads\/2018\/11\/c2059964-zona-do-euro-1.jpg\" \/>\n\t<meta property=\"og:image:width\" content=\"1920\" \/>\n\t<meta property=\"og:image:height\" content=\"1440\" \/>\n\t<meta property=\"og:image:type\" content=\"image\/jpeg\" \/>\n<meta name=\"author\" content=\"Juliano Passaro\" \/>\n<meta name=\"twitter:card\" content=\"summary_large_image\" \/>\n<meta name=\"twitter:creator\" content=\"@sunoresearch\" \/>\n<meta name=\"twitter:site\" content=\"@sunoresearch\" \/>\n<meta name=\"twitter:label1\" content=\"Escrito por\" \/>\n\t<meta name=\"twitter:data1\" content=\"Juliano Passaro\" \/>\n\t<meta name=\"twitter:label2\" content=\"Est. tempo de leitura\" \/>\n\t<meta name=\"twitter:data2\" content=\"2 minutos\" \/>\n<script type=\"application\/ld+json\" class=\"yoast-schema-graph\">{\"@context\":\"https:\/\/schema.org\",\"@graph\":[{\"@type\":\"NewsArticle\",\"@id\":\"https:\/\/www.suno.com.br\/noticias\/pib-zona-euro-cresce-apenas-02-segundo-trimestre\/#article\",\"isPartOf\":{\"@id\":\"https:\/\/www.suno.com.br\/noticias\/pib-zona-euro-cresce-apenas-02-segundo-trimestre\/\"},\"author\":{\"name\":\"Juliano Passaro\",\"@id\":\"https:\/\/www.suno.com.br\/noticias\/#\/schema\/person\/1db762f78ffd8919a648a63e425953e3\"},\"headline\":\"PIB da zona do euro cresce apenas 0,2% no segundo trimestre\",\"datePublished\":\"2019-08-14T13:04:20+00:00\",\"mainEntityOfPage\":{\"@id\":\"https:\/\/www.suno.com.br\/noticias\/pib-zona-euro-cresce-apenas-02-segundo-trimestre\/\"},\"wordCount\":366,\"publisher\":{\"@id\":\"https:\/\/www.suno.com.br\/noticias\/#organization\"},\"image\":{\"@id\":\"https:\/\/www.suno.com.br\/noticias\/pib-zona-euro-cresce-apenas-02-segundo-trimestre\/#primaryimage\"},\"thumbnailUrl\":\"https:\/\/files.sunoresearch.com.br\/n\/uploads\/2018\/11\/c2059964-zona-do-euro-1-jpg.webp\",\"keywords\":[\"Alemanha\",\"Produto Interno Bruto (PIB)\",\"zona do euro\"],\"articleSection\":[\"Internacional\"],\"inLanguage\":\"pt-BR\"},{\"@type\":\"WebPage\",\"@id\":\"https:\/\/www.suno.com.br\/noticias\/pib-zona-euro-cresce-apenas-02-segundo-trimestre\/\",\"url\":\"https:\/\/www.suno.com.br\/noticias\/pib-zona-euro-cresce-apenas-02-segundo-trimestre\/\",\"name\":\"PIB da zona do euro cresce apenas 0,2% no segundo trimestre\",\"isPartOf\":{\"@id\":\"https:\/\/www.suno.com.br\/noticias\/#website\"},\"primaryImageOfPage\":{\"@id\":\"https:\/\/www.suno.com.br\/noticias\/pib-zona-euro-cresce-apenas-02-segundo-trimestre\/#primaryimage\"},\"image\":{\"@id\":\"https:\/\/www.suno.com.br\/noticias\/pib-zona-euro-cresce-apenas-02-segundo-trimestre\/#primaryimage\"},\"thumbnailUrl\":\"https:\/\/files.sunoresearch.com.br\/n\/uploads\/2018\/11\/c2059964-zona-do-euro-1-jpg.webp\",\"datePublished\":\"2019-08-14T13:04:20+00:00\",\"description\":\"O Produto Interno Bruto (PIB) da zona do euro teve avan\u00e7o de 0,2% entre abril e junho deste ano. Clique aqui para saber mais.\",\"breadcrumb\":{\"@id\":\"https:\/\/www.suno.com.br\/noticias\/pib-zona-euro-cresce-apenas-02-segundo-trimestre\/#breadcrumb\"},\"inLanguage\":\"pt-BR\",\"potentialAction\":[{\"@type\":\"ReadAction\",\"target\":[\"https:\/\/www.suno.com.br\/noticias\/pib-zona-euro-cresce-apenas-02-segundo-trimestre\/\"]}]},{\"@type\":\"ImageObject\",\"inLanguage\":\"pt-BR\",\"@id\":\"https:\/\/www.suno.com.br\/noticias\/pib-zona-euro-cresce-apenas-02-segundo-trimestre\/#primaryimage\",\"url\":\"https:\/\/files.sunoresearch.com.br\/n\/uploads\/2018\/11\/c2059964-zona-do-euro-1-jpg.webp\",\"contentUrl\":\"https:\/\/files.sunoresearch.com.br\/n\/uploads\/2018\/11\/c2059964-zona-do-euro-1-jpg.webp\",\"width\":1920,\"height\":1440,\"caption\":\"zona do euro\"},{\"@type\":\"BreadcrumbList\",\"@id\":\"https:\/\/www.suno.com.br\/noticias\/pib-zona-euro-cresce-apenas-02-segundo-trimestre\/#breadcrumb\",\"itemListElement\":[{\"@type\":\"ListItem\",\"position\":1,\"name\":\"Not\u00edcias\",\"item\":\"https:\/\/www.suno.com.br\/noticias\/\"},{\"@type\":\"ListItem\",\"position\":2,\"name\":\"Internacional\",\"item\":\"https:\/\/www.suno.com.br\/noticias\/internacional\/\"},{\"@type\":\"ListItem\",\"position\":3,\"name\":\"PIB da zona do euro cresce apenas 0,2% no segundo trimestre\"}]},{\"@type\":\"WebSite\",\"@id\":\"https:\/\/www.suno.com.br\/noticias\/#website\",\"url\":\"https:\/\/www.suno.com.br\/noticias\/\",\"name\":\"Suno Not\u00edcias\",\"description\":\"Seu portal de informa\u00e7\u00e3o sobre o mundo dos investimentos\",\"publisher\":{\"@id\":\"https:\/\/www.suno.com.br\/noticias\/#organization\"},\"potentialAction\":[{\"@type\":\"SearchAction\",\"target\":{\"@type\":\"EntryPoint\",\"urlTemplate\":\"https:\/\/www.suno.com.br\/noticias\/?s={search_term_string}\"},\"query-input\":{\"@type\":\"PropertyValueSpecification\",\"valueRequired\":true,\"valueName\":\"search_term_string\"}}],\"inLanguage\":\"pt-BR\"},{\"@type\":\"Organization\",\"@id\":\"https:\/\/www.suno.com.br\/noticias\/#organization\",\"name\":\"Suno Not\u00edcias\",\"url\":\"https:\/\/www.suno.com.br\/noticias\/\",\"logo\":{\"@type\":\"ImageObject\",\"inLanguage\":\"pt-BR\",\"@id\":\"https:\/\/www.suno.com.br\/noticias\/#\/schema\/logo\/image\/\",\"url\":\"https:\/\/files.sunoresearch.com.br\/n\/uploads\/2021\/09\/suno-logo.png\",\"contentUrl\":\"https:\/\/files.sunoresearch.com.br\/n\/uploads\/2021\/09\/suno-logo.png\",\"width\":180,\"height\":180,\"caption\":\"Suno Not\u00edcias\"},\"image\":{\"@id\":\"https:\/\/www.suno.com.br\/noticias\/#\/schema\/logo\/image\/\"},\"sameAs\":[\"https:\/\/facebook.com\/sunoresearch\",\"https:\/\/x.com\/sunoresearch\",\"https:\/\/www.instagram.com\/suno\",\"https:\/\/www.linkedin.com\/company\/suno-research\/\",\"https:\/\/www.youtube.com\/c\/sunoresearch\"]},{\"@type\":\"Person\",\"@id\":\"https:\/\/www.suno.com.br\/noticias\/#\/schema\/person\/1db762f78ffd8919a648a63e425953e3\",\"name\":\"Juliano Passaro\",\"image\":{\"@type\":\"ImageObject\",\"inLanguage\":\"pt-BR\",\"@id\":\"https:\/\/www.suno.com.br\/noticias\/#\/schema\/person\/image\/\",\"url\":\"https:\/\/secure.gravatar.com\/avatar\/743d4df28eebf6dcc46b4ad03c319e92?s=96&r=g\",\"contentUrl\":\"https:\/\/secure.gravatar.com\/avatar\/743d4df28eebf6dcc46b4ad03c319e92?s=96&r=g\",\"caption\":\"Juliano Passaro\"},\"description\":\"Juliano Passaro escreve sobre pol\u00edtica, economia e neg\u00f3cios para o portal da Suno Research. Antes da Suno, trabalhou no Portal da Band. \u00c9 formado em jornalismo pela Universidade Presbiteriana Mackenzie.\",\"url\":\"https:\/\/www.suno.com.br\/noticias\/author\/juliano\/\"}]}<\/script>\n<!-- \/ Yoast SEO plugin. -->","yoast_head_json":{"title":"PIB da zona do euro cresce apenas 0,2% no segundo trimestre","description":"O Produto Interno Bruto (PIB) da zona do euro teve avan\u00e7o de 0,2% entre abril e junho deste ano. Clique aqui para saber mais.","robots":{"index":"index","follow":"follow","max-snippet":"max-snippet:-1","max-image-preview":"max-image-preview:large","max-video-preview":"max-video-preview:-1"},"canonical":"https:\/\/www.suno.com.br\/noticias\/pib-zona-euro-cresce-apenas-02-segundo-trimestre\/","og_locale":"pt_BR","og_type":"article","og_title":"PIB da zona do euro cresce apenas 0,2% no segundo trimestre","og_description":"O Produto Interno Bruto (PIB) da zona do euro teve avan\u00e7o de 0,2% entre abril e junho deste ano. Clique aqui para saber mais.","og_url":"https:\/\/www.suno.com.br\/noticias\/pib-zona-euro-cresce-apenas-02-segundo-trimestre\/","og_site_name":"Suno Not\u00edcias","article_publisher":"https:\/\/facebook.com\/sunoresearch","og_image":[{"width":1920,"height":1440,"url":"https:\/\/files.sunoresearch.com.br\/n\/uploads\/2018\/11\/c2059964-zona-do-euro-1.jpg","type":"image\/jpeg"}],"author":"Juliano Passaro","twitter_card":"summary_large_image","twitter_creator":"@sunoresearch","twitter_site":"@sunoresearch","twitter_misc":{"Escrito por":"Juliano Passaro","Est. tempo de leitura":"2 minutos"},"schema":{"@context":"https:\/\/schema.org","@graph":[{"@type":"NewsArticle","@id":"https:\/\/www.suno.com.br\/noticias\/pib-zona-euro-cresce-apenas-02-segundo-trimestre\/#article","isPartOf":{"@id":"https:\/\/www.suno.com.br\/noticias\/pib-zona-euro-cresce-apenas-02-segundo-trimestre\/"},"author":{"name":"Juliano Passaro","@id":"https:\/\/www.suno.com.br\/noticias\/#\/schema\/person\/1db762f78ffd8919a648a63e425953e3"},"headline":"PIB da zona do euro cresce apenas 0,2% no segundo trimestre","datePublished":"2019-08-14T13:04:20+00:00","mainEntityOfPage":{"@id":"https:\/\/www.suno.com.br\/noticias\/pib-zona-euro-cresce-apenas-02-segundo-trimestre\/"},"wordCount":366,"publisher":{"@id":"https:\/\/www.suno.com.br\/noticias\/#organization"},"image":{"@id":"https:\/\/www.suno.com.br\/noticias\/pib-zona-euro-cresce-apenas-02-segundo-trimestre\/#primaryimage"},"thumbnailUrl":"https:\/\/files.sunoresearch.com.br\/n\/uploads\/2018\/11\/c2059964-zona-do-euro-1-jpg.webp","keywords":["Alemanha","Produto Interno Bruto (PIB)","zona do euro"],"articleSection":["Internacional"],"inLanguage":"pt-BR"},{"@type":"WebPage","@id":"https:\/\/www.suno.com.br\/noticias\/pib-zona-euro-cresce-apenas-02-segundo-trimestre\/","url":"https:\/\/www.suno.com.br\/noticias\/pib-zona-euro-cresce-apenas-02-segundo-trimestre\/","name":"PIB da zona do euro cresce apenas 0,2% no segundo trimestre","isPartOf":{"@id":"https:\/\/www.suno.com.br\/noticias\/#website"},"primaryImageOfPage":{"@id":"https:\/\/www.suno.com.br\/noticias\/pib-zona-euro-cresce-apenas-02-segundo-trimestre\/#primaryimage"},"image":{"@id":"https:\/\/www.suno.com.br\/noticias\/pib-zona-euro-cresce-apenas-02-segundo-trimestre\/#primaryimage"},"thumbnailUrl":"https:\/\/files.sunoresearch.com.br\/n\/uploads\/2018\/11\/c2059964-zona-do-euro-1-jpg.webp","datePublished":"2019-08-14T13:04:20+00:00","description":"O Produto Interno Bruto (PIB) da zona do euro teve avan\u00e7o de 0,2% entre abril e junho deste ano. Clique aqui para saber mais.","breadcrumb":{"@id":"https:\/\/www.suno.com.br\/noticias\/pib-zona-euro-cresce-apenas-02-segundo-trimestre\/#breadcrumb"},"inLanguage":"pt-BR","potentialAction":[{"@type":"ReadAction","target":["https:\/\/www.suno.com.br\/noticias\/pib-zona-euro-cresce-apenas-02-segundo-trimestre\/"]}]},{"@type":"ImageObject","inLanguage":"pt-BR","@id":"https:\/\/www.suno.com.br\/noticias\/pib-zona-euro-cresce-apenas-02-segundo-trimestre\/#primaryimage","url":"https:\/\/files.sunoresearch.com.br\/n\/uploads\/2018\/11\/c2059964-zona-do-euro-1-jpg.webp","contentUrl":"https:\/\/files.sunoresearch.com.br\/n\/uploads\/2018\/11\/c2059964-zona-do-euro-1-jpg.webp","width":1920,"height":1440,"caption":"zona do euro"},{"@type":"BreadcrumbList","@id":"https:\/\/www.suno.com.br\/noticias\/pib-zona-euro-cresce-apenas-02-segundo-trimestre\/#breadcrumb","itemListElement":[{"@type":"ListItem","position":1,"name":"Not\u00edcias","item":"https:\/\/www.suno.com.br\/noticias\/"},{"@type":"ListItem","position":2,"name":"Internacional","item":"https:\/\/www.suno.com.br\/noticias\/internacional\/"},{"@type":"ListItem","position":3,"name":"PIB da zona do euro cresce apenas 0,2% no segundo trimestre"}]},{"@type":"WebSite","@id":"https:\/\/www.suno.com.br\/noticias\/#website","url":"https:\/\/www.suno.com.br\/noticias\/","name":"Suno Not\u00edcias","description":"Seu portal de informa\u00e7\u00e3o sobre o mundo dos investimentos","publisher":{"@id":"https:\/\/www.suno.com.br\/noticias\/#organization"},"potentialAction":[{"@type":"SearchAction","target":{"@type":"EntryPoint","urlTemplate":"https:\/\/www.suno.com.br\/noticias\/?s={search_term_string}"},"query-input":{"@type":"PropertyValueSpecification","valueRequired":true,"valueName":"search_term_string"}}],"inLanguage":"pt-BR"},{"@type":"Organization","@id":"https:\/\/www.suno.com.br\/noticias\/#organization","name":"Suno Not\u00edcias","url":"https:\/\/www.suno.com.br\/noticias\/","logo":{"@type":"ImageObject","inLanguage":"pt-BR","@id":"https:\/\/www.suno.com.br\/noticias\/#\/schema\/logo\/image\/","url":"https:\/\/files.sunoresearch.com.br\/n\/uploads\/2021\/09\/suno-logo.png","contentUrl":"https:\/\/files.sunoresearch.com.br\/n\/uploads\/2021\/09\/suno-logo.png","width":180,"height":180,"caption":"Suno Not\u00edcias"},"image":{"@id":"https:\/\/www.suno.com.br\/noticias\/#\/schema\/logo\/image\/"},"sameAs":["https:\/\/facebook.com\/sunoresearch","https:\/\/x.com\/sunoresearch","https:\/\/www.instagram.com\/suno","https:\/\/www.linkedin.com\/company\/suno-research\/","https:\/\/www.youtube.com\/c\/sunoresearch"]},{"@type":"Person","@id":"https:\/\/www.suno.com.br\/noticias\/#\/schema\/person\/1db762f78ffd8919a648a63e425953e3","name":"Juliano Passaro","image":{"@type":"ImageObject","inLanguage":"pt-BR","@id":"https:\/\/www.suno.com.br\/noticias\/#\/schema\/person\/image\/","url":"https:\/\/secure.gravatar.com\/avatar\/743d4df28eebf6dcc46b4ad03c319e92?s=96&r=g","contentUrl":"https:\/\/secure.gravatar.com\/avatar\/743d4df28eebf6dcc46b4ad03c319e92?s=96&r=g","caption":"Juliano Passaro"},"description":"Juliano Passaro escreve sobre pol\u00edtica, economia e neg\u00f3cios para o portal da Suno Research. Antes da Suno, trabalhou no Portal da Band. \u00c9 formado em jornalismo pela Universidade Presbiteriana Mackenzie.","url":"https:\/\/www.suno.com.br\/noticias\/author\/juliano\/"}]}},"default_loop_html":"<div class=\"cardsPage__listCard__boxs\"><div class=\"cardsPage__listCard__boxs__img\"><a href=\"https:\/\/www.suno.com.br\/noticias\/pib-zona-euro-cresce-apenas-02-segundo-trimestre\/\"><img class=\"mask\" src=\"https:\/\/www.suno.com.br\/noticias\/wp-content\/themes\/suno\/resources\/images\/spotlight\/spotlight1img\/bg-mask.png\" alt=\"Image Mask\"\/><img src=\"https:\/\/files.sunoresearch.com.br\/n\/uploads\/2018\/11\/c2059964-zona-do-euro-1-400x200.webp\" alt=\"PIB da zona do euro cresce apenas 0,2% no segundo trimestre\"\/><\/a><span class=\"spotlightCategory\"><a href=\"https:\/\/www.suno.com.br\/noticias\/internacional\/\">Internacional<\/a><\/span><\/div><div class=\"cardsPage__listCard__boxs__content\"><a href=\"https:\/\/www.suno.com.br\/noticias\/pib-zona-euro-cresce-apenas-02-segundo-trimestre\/\"><h2 class=\"content__title\">PIB da zona do euro cresce apenas 0,2% no segundo trimestre<\/h2><\/a><div class=\"newsContent__article__meta\"><div class=\"newsContent__article__meta__authorBox\"><a href=\"https:\/\/www.suno.com.br\/noticias\/author\/juliano\/\" class=\"authorBox__avatar noMobi\"><img src=\"https:\/\/files.sunoresearch.com.br\/n\/uploads\/2019\/06\/7cc3efea-whatsapp-image-2019-07-18-at-21.59.33-e1563499821209-150x150.webp\" alt=\"Juliano Passaro\"><\/a><div class=\"authorBox__name\"><span>por\n\t\t\t<a href=\"https:\/\/www.suno.com.br\/noticias\/author\/juliano\/\"><span itemprop=\"author\">Juliano Passaro<\/span><\/a><\/span><time datetime=\"2019-08-14T10:04:20-03:00\" itemprop=\"datePublished\">14\/08\/2019 10:04<\/time><\/div><\/div><\/div><\/div><\/div>","single_layout":"posts","amp_enabled":true,"_links":{"self":[{"href":"https:\/\/www.suno.com.br\/noticias\/wp-json\/wp\/v2\/posts\/33995"}],"collection":[{"href":"https:\/\/www.suno.com.br\/noticias\/wp-json\/wp\/v2\/posts"}],"about":[{"href":"https:\/\/www.suno.com.br\/noticias\/wp-json\/wp\/v2\/types\/post"}],"author":[{"embeddable":true,"href":"https:\/\/www.suno.com.br\/noticias\/wp-json\/wp\/v2\/users\/19"}],"replies":[{"embeddable":true,"href":"https:\/\/www.suno.com.br\/noticias\/wp-json\/wp\/v2\/comments?post=33995"}],"version-history":[{"count":0,"href":"https:\/\/www.suno.com.br\/noticias\/wp-json\/wp\/v2\/posts\/33995\/revisions"}],"wp:featuredmedia":[{"embeddable":true,"href":"https:\/\/www.suno.com.br\/noticias\/wp-json\/wp\/v2\/media\/6019"}],"wp:attachment":[{"href":"https:\/\/www.suno.com.br\/noticias\/wp-json\/wp\/v2\/media?parent=33995"}],"wp:term":[{"taxonomy":"category","embeddable":true,"href":"https:\/\/www.suno.com.br\/noticias\/wp-json\/wp\/v2\/categories?post=33995"},{"taxonomy":"post_tag","embeddable":true,"href":"https:\/\/www.suno.com.br\/noticias\/wp-json\/wp\/v2\/tags?post=33995"},{"taxonomy":"suno_strategy","embeddable":true,"href":"https:\/\/www.suno.com.br\/noticias\/wp-json\/wp\/v2\/suno_strategy?post=33995"}],"curies":[{"name":"wp","href":"https:\/\/api.w.org\/{rel}","templated":true}]}}