{"id":33967,"date":"2019-08-14T08:06:48","date_gmt":"2019-08-14T11:06:48","guid":{"rendered":"https:\/\/www.suno.com.br\/noticias\/?p=33967"},"modified":"2019-08-14T09:02:23","modified_gmt":"2019-08-14T12:02:23","slug":"mp-da-liberdade-economica-tem-texto-base-aprovado","status":"publish","type":"post","link":"https:\/\/www.suno.com.br\/noticias\/mp-da-liberdade-economica-tem-texto-base-aprovado\/","title":{"rendered":"MP da Liberdade Econ\u00f4mica tem texto-base aprovado"},"content":{"rendered":"<p>Na noite da \u00faltima ter\u00e7a-feira (13), a <strong>C\u00e2mara dos Deputados<\/strong> aprovou o texto-base da MP da Liberdade Econ\u00f4mica. Com 345 votos \u00e0 favor e 76 contra, a <strong>Medida Provis\u00f3ria (MP)<\/strong> 881 ainda possui 17 requerimentos para votar emendas destacadas ou abandonar parte da proposta, que ser\u00e3o analisados nessa quarta-feira (14).<\/p>\t<div class=\"wrapper-featured-image\">\n\t\t<figure class=\"spotlightImg\">\n\n\t\t\t<picture>\n\t\t\t\t<source media=\"(max-width: 768px)\" srcset=\"https:\/\/files.sunoresearch.com.br\/n\/uploads\/2019\/04\/63c1db04-c\u00e2mara-dos-deputados-400x200.webp\">\n\t\t\t\t<img loading=\"lazy\" decoding=\"async\" class=\"newsContent__article__imgCapa lazyloadDisabled newsContent__article__imgCapa--noCaption\" src=\"https:\/\/files.sunoresearch.com.br\/n\/uploads\/2019\/04\/63c1db04-c\u00e2mara-dos-deputados-800x450.webp\" width=\"800\" height=\"450\" alt=\"MP da Liberdade Econ\u00f4mica tem texto-base aprovado\" fetchpriority=high \/>\n\t\t\t<\/picture>\n\n\t\t\t<figcaption class=\"wp-caption-text wp-caption-text--hide\">C\u00e2mara dos Deputados (foto: divulga\u00e7\u00e3o)<\/figcaption>\n\t\t<\/figure>\n\t<\/div>\n\n\n<p>Toda a intermedia\u00e7\u00e3o da vota\u00e7\u00e3o do projeto foi liderada por <strong>Rodrigo Maia<\/strong> (DEM-RJ), presidente da C\u00e2mara, que retirou os itens desalinhados com o conte\u00fado prim\u00e1rio idealizado na <strong>MP da Liberdade Econ\u00f4mica<\/strong>.<\/p>\n\n<h2>Mudan\u00e7as na MP da Liberdade Econ\u00f4mica<\/h2>\n<p>Alvo de pol\u00eamica, o extenso texto foi reduzido pelo relator da proposta, deputado Jer\u00f4nimo Goergen (PP-RS) na sess\u00e3o, que teve in\u00edcio \u00e0s 18h50 e durou quatro horas.<\/p>\n<p>Algumas mudan\u00e7as pol\u00eamicas na legisla\u00e7\u00e3o trabalhista foram retiradas do projeto da <strong>MP da Liberdade Econ\u00f4mica<\/strong>. S\u00e3o elas:<\/p>\n<ul>\n<li>a aplica\u00e7\u00e3o do Direito Civil para contratos de trabalho de funcion\u00e1rios com sal\u00e1rio acima de R$ 30 mil mensais;<\/li>\n<li>a cria\u00e7\u00e3o de um tribunal administrativo para recursos das autua\u00e7\u00f5es de fiscais trabalhistas;<\/li>\n<li>que a primeira visita desses fiscais fosse sempre de advert\u00eancia, sem multa ou puni\u00e7\u00e3o;<\/li>\n<li>a diminui\u00e7\u00e3o nas multas para pagamento em dia e sem contesta\u00e7\u00e3o;<\/li>\n<li>e as mudan\u00e7as nos contratos agr\u00e1rios e na Comiss\u00e3o Interna de Preven\u00e7\u00e3o de Acidentes (CIPA).<\/li>\n<\/ul>\n\t<p>\n\t\t<a href=\"https:\/\/lp.suno.com.br\/4-emissao-snel11\/\" target=\"_blank\" data-element=\"shortcode-suno-banner\" title=\"Banner SUNO, clique e saiba mais\">\n\t\t\t<picture>\n\t\t\t\t<source media=\"(max-width: 500px)\" srcset=\"https:\/\/files.sunoresearch.com.br\/n\/uploads\/2025\/07\/400x300-Mobile-Artigos-7.webp\">\n\t\t\t\t<img class=\"newsContent__article__imgCapa newsContent__article__imgCapa--banner\"\n\t\t\t\t\tsrc=\"https:\/\/files.sunoresearch.com.br\/n\/uploads\/2025\/07\/1420x240-Banner-Artigos-1-_-Banner-Materias-5.webp\"\n\t\t\t\t\tdata-promo-id=\"613822\"\t\t\t\t\t\t\t\t\t\twidth='1420' height='240'\t\t\t\t\talt=\"https:\/\/files.sunoresearch.com.br\/n\/uploads\/2025\/07\/1420x240-Banner-Artigos-1-_-Banner-Materias-5.webp\"\n\t\t\t\t>\n\t\t\t<\/picture>\n\t\t<\/a>\n\t<\/p>\n\n\n<p>Para diminuir as resist\u00eancias da oposi\u00e7\u00e3o, o relator retirou da proposta mudan\u00e7as na legisla\u00e7\u00e3o ambiental e urban\u00edstica, a cria\u00e7\u00e3o do documento eletr\u00f4nico para o embarque de mercadorias e anistia a multa e tabela de fretes.<\/p>\n<p>Tamb\u00e9m foram exclu\u00eddas do texto o fim do adicional de 150% para multas tribut\u00e1rias quando o Conselho Administrativo de Recursos Fiscais (Carf) mantiver a puni\u00e7\u00e3o de desempate e a extin\u00e7\u00e3o da Empresa Individual de Responsabilidade Limitada (Eireli).<\/p>\n<p><a href=\"https:\/\/www.suno.com.br\/noticias\/brasil-grau-de-investimento-breve-tarcisio-freitas\/\">Veja tamb\u00e9m: Brasil voltar\u00e1 a ter o grau de investimento em breve, diz Tarc\u00edsio de Freitas<\/a><\/p>\n<p>Foi mantido no texto da <strong>MP da Liberdade Econ\u00f4mica<\/strong> a permiss\u00e3o para trabalho as domingos e feriados sem a necessidade de autoriza\u00e7\u00e3o por conven\u00e7\u00e3o coletiva, como \u00e9 exigido atualmente. Foi mantido, tamb\u00e9m, a autoriza\u00e7\u00e3o para o controle de jornada por exce\u00e7\u00e3o e a permiss\u00e3o para que a carteira de trabalho seja digital.<\/p>\n<p>O texto determina que as rela\u00e7\u00f5es entre os cotistas e os fundos de pens\u00e3o n\u00e3o ser\u00e3o regidas pelo <strong>C\u00f3digo de Defesa do Consumidor (CDC)<\/strong>, tema discutido no Judici\u00e1rio, prevendo tamb\u00e9m regras para a digitaliza\u00e7\u00e3o de documentos de ordem p\u00fablica e empresariais.<\/p>\n\t<p>\n\t\t<a href=\"https:\/\/lp.suno.com.br\/lm\/simulador-de-renda-passiva\/\" target=\"_blank\" data-element=\"shortcode-suno-banner\" title=\"Banner SUNO, clique e saiba mais\">\n\t\t\t<picture>\n\t\t\t\t<source media=\"(max-width: 500px)\" srcset=\"https:\/\/files.sunoresearch.com.br\/n\/uploads\/2024\/04\/Lead-Magnet-400x300-1.png\">\n\t\t\t\t<img class=\"newsContent__article__imgCapa newsContent__article__imgCapa--banner\"\n\t\t\t\t\tsrc=\"https:\/\/files.sunoresearch.com.br\/n\/uploads\/2024\/04\/Lead-Magnet-1420x240-1.png\"\n\t\t\t\t\tdata-promo-id=\"543552\"\t\t\t\t\t\t\t\t\t\twidth='1420' height='240'\t\t\t\t\talt=\"https:\/\/files.sunoresearch.com.br\/n\/uploads\/2024\/04\/Lead-Magnet-1420x240-1.png\"\n\t\t\t\t>\n\t\t\t<\/picture>\n\t\t<\/a>\n\t<\/p>\n\n\n<p>Permaneceram no projeto as regras que anteveem a desconsidera\u00e7\u00e3o da personalidade jur\u00eddica apenas quando houver a comprova\u00e7\u00e3o de fraude pelo empregador. Do contr\u00e1rio, n\u00e3o poder\u00e1 mais ser determinado judicialmente que o empres\u00e1rio pague com seu patrim\u00f4nio pessoal, o que ocorre frequentemente nas a\u00e7\u00f5es trabalhistas.<\/p>\n<h2>Entenda o projeto<\/h2>\n<p>O projeto da <strong>MP da Liberdade Econ\u00f4mica<\/strong> \u00e9 uma das principais bandeiras para desburocratizar o ambiente de neg\u00f3cios do pa\u00eds, facilitando a abertura e o fechamento de empresas, estimulando a atividade econ\u00f4mica.<\/p>\n<p><a href=\"https:\/\/www.suno.com.br\/noticias\/previdencia-ja-teria-votos-necessarios-para-aprovacao-no-senado\/\">Confira: Previd\u00eancia j\u00e1 teria votos necess\u00e1rios para aprova\u00e7\u00e3o no Senado<\/a><\/p>\n<p>A permiss\u00e3o para o trabalho as domingos e feriados, por exemplo, ir\u00e1 gerar tr\u00eas milh\u00f5es de empregos &#8220;no longo prazo&#8221;, segundo o governo. Veja os principais pontos aprovados pela C\u00e2mara:<\/p>\n<ul>\n<li>Manuten\u00e7\u00e3o do repouso semanal remunerado um domingo a cada quatro semanas;<\/li>\n<li>Obrigatoriedade de bater o ponto em empresas com mais de 20 empregados (atualmente, a regra vale para empresas com pelo menos 10 trabalhadores);<\/li>\n<li>Caso o empregador der a folga em outro dia da semana, esse dia passar\u00e1 a ser o descanso semanal remunerado;<\/li>\n<li>Libera\u00e7\u00e3o da opera\u00e7\u00e3o de ag\u00eancias banc\u00e1rias aos s\u00e1bados;<\/li>\n<li>Permiss\u00e3o \u00e0 empresas de inova\u00e7\u00e3o para testar e oferecer, gratuitamente ou n\u00e3o, seus produtos e servi\u00e7os;<\/li>\n<li>Atividades econ\u00f4micas podem ser desenvolvidas em qualquer dia e hor\u00e1rio da semana, desde que observem as normais ambientais, trabalhistas e de vizinhan\u00e7a.<\/li>\n<\/ul>\n<p>A medida foi acompanhada por empres\u00e1rios de v\u00e1rios setores, que foram a Bras\u00edlia para conversar com os deputados acerca da necessidade de aprova\u00e7\u00e3o da proposta para destravar o servi\u00e7o p\u00fablico.<\/p>\n\t<p>\n\t\t<a href=\"https:\/\/lp.suno.com.br\/planilha-controle-gastos\/\" target=\"_blank\" data-element=\"shortcode-suno-banner\" title=\"Banner SUNO, clique e saiba mais\">\n\t\t\t<picture>\n\t\t\t\t<source media=\"(max-width: 500px)\" srcset=\"https:\/\/files.sunoresearch.com.br\/n\/uploads\/2023\/03\/400x300-Planilha-controle-de-gastos.png\">\n\t\t\t\t<img class=\"newsContent__article__imgCapa newsContent__article__imgCapa--banner\"\n\t\t\t\t\tsrc=\"https:\/\/files.sunoresearch.com.br\/n\/uploads\/2023\/03\/1420x240-Planilha-controle-de-gastos.png\"\n\t\t\t\t\tdata-promo-id=\"311945\"\t\t\t\t\t\t\t\t\t\twidth='1420' height='240'\t\t\t\t\talt=\"https:\/\/files.sunoresearch.com.br\/n\/uploads\/2023\/03\/1420x240-Planilha-controle-de-gastos.png\"\n\t\t\t\t>\n\t\t\t<\/picture>\n\t\t<\/a>\n\t<\/p>\n\n\n<p>Na defesa da <strong>MP da Liberdade Econ\u00f4mica<\/strong>, a pedido do governo, representantes do Instituto de Estudos Empresariais (IEE) e Entrepreneurs&#8217; Organization (EO) estiveram presentes.<\/p>\n","protected":false},"excerpt":{"rendered":"<p>Na noite da \u00faltima ter\u00e7a-feira (13), a C\u00e2mara dos Deputados aprovou o texto-base da MP da Liberdade Econ\u00f4mica. Com 345 votos \u00e0 favor e 76 contra, a Medida Provis\u00f3ria (MP) 881 ainda possui 17 requerimentos para votar emendas destacadas ou abandonar parte da proposta, que ser\u00e3o analisados nessa quarta-feira (14). C\u00e2mara dos Deputados (foto: divulga\u00e7\u00e3o) [&hellip;]<\/p>\n","protected":false},"author":24,"featured_media":20943,"comment_status":"closed","ping_status":"closed","sticky":false,"template":"","format":"standard","meta":[],"categories":[61],"tags":[719,1836],"suno_strategy":[],"class_list":["post-33967","post","type-post","status-publish","format-standard","has-post-thumbnail","hentry","category-politica","tag-jair-bolsonaro","tag-medida-provisoria"],"yoast_head":"<!-- This site is optimized with the Yoast SEO plugin v24.4 - https:\/\/yoast.com\/wordpress\/plugins\/seo\/ -->\n<title>MP da Liberdade Econ\u00f4mica tem texto-base aprovado<\/title>\n<meta name=\"description\" content=\"Na noite da \u00faltima ter\u00e7a-feira (13), a C\u00e2mara dos Deputados aprovou o texto-base da MP da Liberdade Econ\u00f4mica. Clique e saiba mais.\" \/>\n<meta name=\"robots\" content=\"index, follow, max-snippet:-1, max-image-preview:large, max-video-preview:-1\" \/>\n<link rel=\"canonical\" href=\"https:\/\/www.suno.com.br\/noticias\/mp-da-liberdade-economica-tem-texto-base-aprovado\/\" \/>\n<meta property=\"og:locale\" content=\"pt_BR\" \/>\n<meta property=\"og:type\" content=\"article\" \/>\n<meta property=\"og:title\" content=\"MP da Liberdade Econ\u00f4mica tem texto-base aprovado\" \/>\n<meta property=\"og:description\" content=\"Na noite da \u00faltima ter\u00e7a-feira (13), a C\u00e2mara dos Deputados aprovou o texto-base da MP da Liberdade Econ\u00f4mica. Clique e saiba mais.\" \/>\n<meta property=\"og:url\" content=\"https:\/\/www.suno.com.br\/noticias\/mp-da-liberdade-economica-tem-texto-base-aprovado\/\" \/>\n<meta property=\"og:site_name\" content=\"Suno Not\u00edcias\" \/>\n<meta property=\"article:publisher\" content=\"https:\/\/facebook.com\/sunoresearch\" \/>\n<meta property=\"og:image\" content=\"https:\/\/files.sunoresearch.com.br\/n\/uploads\/2019\/04\/63c1db04-c\u00e2mara-dos-deputados.jpg\" \/>\n\t<meta property=\"og:image:width\" content=\"2760\" \/>\n\t<meta property=\"og:image:height\" content=\"1837\" \/>\n\t<meta property=\"og:image:type\" content=\"image\/jpeg\" \/>\n<meta name=\"author\" content=\"Jader Lazarini\" \/>\n<meta name=\"twitter:card\" content=\"summary_large_image\" \/>\n<meta name=\"twitter:creator\" content=\"@sunoresearch\" \/>\n<meta name=\"twitter:site\" content=\"@sunoresearch\" \/>\n<meta name=\"twitter:label1\" content=\"Escrito por\" \/>\n\t<meta name=\"twitter:data1\" content=\"Jader Lazarini\" \/>\n\t<meta name=\"twitter:label2\" content=\"Est. tempo de leitura\" \/>\n\t<meta name=\"twitter:data2\" content=\"4 minutos\" \/>\n<script type=\"application\/ld+json\" class=\"yoast-schema-graph\">{\"@context\":\"https:\/\/schema.org\",\"@graph\":[{\"@type\":\"NewsArticle\",\"@id\":\"https:\/\/www.suno.com.br\/noticias\/mp-da-liberdade-economica-tem-texto-base-aprovado\/#article\",\"isPartOf\":{\"@id\":\"https:\/\/www.suno.com.br\/noticias\/mp-da-liberdade-economica-tem-texto-base-aprovado\/\"},\"author\":{\"name\":\"Jader Lazarini\",\"@id\":\"https:\/\/www.suno.com.br\/noticias\/#\/schema\/person\/918d79de1f0281f01599b93f9ea6e23f\"},\"headline\":\"MP da Liberdade Econ\u00f4mica tem texto-base aprovado\",\"datePublished\":\"2019-08-14T11:06:48+00:00\",\"dateModified\":\"2019-08-14T12:02:23+00:00\",\"mainEntityOfPage\":{\"@id\":\"https:\/\/www.suno.com.br\/noticias\/mp-da-liberdade-economica-tem-texto-base-aprovado\/\"},\"wordCount\":767,\"publisher\":{\"@id\":\"https:\/\/www.suno.com.br\/noticias\/#organization\"},\"image\":{\"@id\":\"https:\/\/www.suno.com.br\/noticias\/mp-da-liberdade-economica-tem-texto-base-aprovado\/#primaryimage\"},\"thumbnailUrl\":\"https:\/\/files.sunoresearch.com.br\/n\/uploads\/2019\/04\/63c1db04-c\u00e2mara-dos-deputados-scaled.webp\",\"keywords\":[\"Jair Bolsonaro\",\"medida provis\u00f3ria\"],\"articleSection\":[\"Pol\u00edtica\"],\"inLanguage\":\"pt-BR\"},{\"@type\":\"WebPage\",\"@id\":\"https:\/\/www.suno.com.br\/noticias\/mp-da-liberdade-economica-tem-texto-base-aprovado\/\",\"url\":\"https:\/\/www.suno.com.br\/noticias\/mp-da-liberdade-economica-tem-texto-base-aprovado\/\",\"name\":\"MP da Liberdade Econ\u00f4mica tem texto-base aprovado\",\"isPartOf\":{\"@id\":\"https:\/\/www.suno.com.br\/noticias\/#website\"},\"primaryImageOfPage\":{\"@id\":\"https:\/\/www.suno.com.br\/noticias\/mp-da-liberdade-economica-tem-texto-base-aprovado\/#primaryimage\"},\"image\":{\"@id\":\"https:\/\/www.suno.com.br\/noticias\/mp-da-liberdade-economica-tem-texto-base-aprovado\/#primaryimage\"},\"thumbnailUrl\":\"https:\/\/files.sunoresearch.com.br\/n\/uploads\/2019\/04\/63c1db04-c\u00e2mara-dos-deputados-scaled.webp\",\"datePublished\":\"2019-08-14T11:06:48+00:00\",\"dateModified\":\"2019-08-14T12:02:23+00:00\",\"description\":\"Na noite da \u00faltima ter\u00e7a-feira (13), a C\u00e2mara dos Deputados aprovou o texto-base da MP da Liberdade Econ\u00f4mica. Clique e saiba mais.\",\"breadcrumb\":{\"@id\":\"https:\/\/www.suno.com.br\/noticias\/mp-da-liberdade-economica-tem-texto-base-aprovado\/#breadcrumb\"},\"inLanguage\":\"pt-BR\",\"potentialAction\":[{\"@type\":\"ReadAction\",\"target\":[\"https:\/\/www.suno.com.br\/noticias\/mp-da-liberdade-economica-tem-texto-base-aprovado\/\"]}]},{\"@type\":\"ImageObject\",\"inLanguage\":\"pt-BR\",\"@id\":\"https:\/\/www.suno.com.br\/noticias\/mp-da-liberdade-economica-tem-texto-base-aprovado\/#primaryimage\",\"url\":\"https:\/\/files.sunoresearch.com.br\/n\/uploads\/2019\/04\/63c1db04-c\u00e2mara-dos-deputados-scaled.webp\",\"contentUrl\":\"https:\/\/files.sunoresearch.com.br\/n\/uploads\/2019\/04\/63c1db04-c\u00e2mara-dos-deputados-scaled.webp\",\"width\":2560,\"height\":1704,\"caption\":\"C\u00e2mara dos Deputados (foto: divulga\u00e7\u00e3o)\"},{\"@type\":\"BreadcrumbList\",\"@id\":\"https:\/\/www.suno.com.br\/noticias\/mp-da-liberdade-economica-tem-texto-base-aprovado\/#breadcrumb\",\"itemListElement\":[{\"@type\":\"ListItem\",\"position\":1,\"name\":\"Not\u00edcias\",\"item\":\"https:\/\/www.suno.com.br\/noticias\/\"},{\"@type\":\"ListItem\",\"position\":2,\"name\":\"Pol\u00edtica\",\"item\":\"https:\/\/www.suno.com.br\/noticias\/politica\/\"},{\"@type\":\"ListItem\",\"position\":3,\"name\":\"MP da Liberdade Econ\u00f4mica tem texto-base aprovado\"}]},{\"@type\":\"WebSite\",\"@id\":\"https:\/\/www.suno.com.br\/noticias\/#website\",\"url\":\"https:\/\/www.suno.com.br\/noticias\/\",\"name\":\"Suno Not\u00edcias\",\"description\":\"Seu portal de informa\u00e7\u00e3o sobre o mundo dos investimentos\",\"publisher\":{\"@id\":\"https:\/\/www.suno.com.br\/noticias\/#organization\"},\"potentialAction\":[{\"@type\":\"SearchAction\",\"target\":{\"@type\":\"EntryPoint\",\"urlTemplate\":\"https:\/\/www.suno.com.br\/noticias\/?s={search_term_string}\"},\"query-input\":{\"@type\":\"PropertyValueSpecification\",\"valueRequired\":true,\"valueName\":\"search_term_string\"}}],\"inLanguage\":\"pt-BR\"},{\"@type\":\"Organization\",\"@id\":\"https:\/\/www.suno.com.br\/noticias\/#organization\",\"name\":\"Suno Not\u00edcias\",\"url\":\"https:\/\/www.suno.com.br\/noticias\/\",\"logo\":{\"@type\":\"ImageObject\",\"inLanguage\":\"pt-BR\",\"@id\":\"https:\/\/www.suno.com.br\/noticias\/#\/schema\/logo\/image\/\",\"url\":\"https:\/\/files.sunoresearch.com.br\/n\/uploads\/2021\/09\/suno-logo.png\",\"contentUrl\":\"https:\/\/files.sunoresearch.com.br\/n\/uploads\/2021\/09\/suno-logo.png\",\"width\":180,\"height\":180,\"caption\":\"Suno Not\u00edcias\"},\"image\":{\"@id\":\"https:\/\/www.suno.com.br\/noticias\/#\/schema\/logo\/image\/\"},\"sameAs\":[\"https:\/\/facebook.com\/sunoresearch\",\"https:\/\/x.com\/sunoresearch\",\"https:\/\/www.instagram.com\/suno\",\"https:\/\/www.linkedin.com\/company\/suno-research\/\",\"https:\/\/www.youtube.com\/c\/sunoresearch\"]},{\"@type\":\"Person\",\"@id\":\"https:\/\/www.suno.com.br\/noticias\/#\/schema\/person\/918d79de1f0281f01599b93f9ea6e23f\",\"name\":\"Jader Lazarini\",\"image\":{\"@type\":\"ImageObject\",\"inLanguage\":\"pt-BR\",\"@id\":\"https:\/\/www.suno.com.br\/noticias\/#\/schema\/person\/image\/\",\"url\":\"https:\/\/secure.gravatar.com\/avatar\/3c1ad8caa51589841baeb923fcddea97?s=96&r=g\",\"contentUrl\":\"https:\/\/secure.gravatar.com\/avatar\/3c1ad8caa51589841baeb923fcddea97?s=96&r=g\",\"caption\":\"Jader Lazarini\"},\"description\":\"Jader Lazarini escreve sobre investimentos, finan\u00e7as, economia e neg\u00f3cios. \u00c9 bacharel em Rela\u00e7\u00f5es Internacionais e analista CNPI (2619).\",\"url\":\"https:\/\/www.suno.com.br\/noticias\/author\/jader-lazarini\/\"}]}<\/script>\n<!-- \/ Yoast SEO plugin. -->","yoast_head_json":{"title":"MP da Liberdade Econ\u00f4mica tem texto-base aprovado","description":"Na noite da \u00faltima ter\u00e7a-feira (13), a C\u00e2mara dos Deputados aprovou o texto-base da MP da Liberdade Econ\u00f4mica. Clique e saiba mais.","robots":{"index":"index","follow":"follow","max-snippet":"max-snippet:-1","max-image-preview":"max-image-preview:large","max-video-preview":"max-video-preview:-1"},"canonical":"https:\/\/www.suno.com.br\/noticias\/mp-da-liberdade-economica-tem-texto-base-aprovado\/","og_locale":"pt_BR","og_type":"article","og_title":"MP da Liberdade Econ\u00f4mica tem texto-base aprovado","og_description":"Na noite da \u00faltima ter\u00e7a-feira (13), a C\u00e2mara dos Deputados aprovou o texto-base da MP da Liberdade Econ\u00f4mica. Clique e saiba mais.","og_url":"https:\/\/www.suno.com.br\/noticias\/mp-da-liberdade-economica-tem-texto-base-aprovado\/","og_site_name":"Suno Not\u00edcias","article_publisher":"https:\/\/facebook.com\/sunoresearch","og_image":[{"width":2760,"height":1837,"url":"https:\/\/files.sunoresearch.com.br\/n\/uploads\/2019\/04\/63c1db04-c\u00e2mara-dos-deputados.jpg","type":"image\/jpeg"}],"author":"Jader Lazarini","twitter_card":"summary_large_image","twitter_creator":"@sunoresearch","twitter_site":"@sunoresearch","twitter_misc":{"Escrito por":"Jader Lazarini","Est. tempo de leitura":"4 minutos"},"schema":{"@context":"https:\/\/schema.org","@graph":[{"@type":"NewsArticle","@id":"https:\/\/www.suno.com.br\/noticias\/mp-da-liberdade-economica-tem-texto-base-aprovado\/#article","isPartOf":{"@id":"https:\/\/www.suno.com.br\/noticias\/mp-da-liberdade-economica-tem-texto-base-aprovado\/"},"author":{"name":"Jader Lazarini","@id":"https:\/\/www.suno.com.br\/noticias\/#\/schema\/person\/918d79de1f0281f01599b93f9ea6e23f"},"headline":"MP da Liberdade Econ\u00f4mica tem texto-base aprovado","datePublished":"2019-08-14T11:06:48+00:00","dateModified":"2019-08-14T12:02:23+00:00","mainEntityOfPage":{"@id":"https:\/\/www.suno.com.br\/noticias\/mp-da-liberdade-economica-tem-texto-base-aprovado\/"},"wordCount":767,"publisher":{"@id":"https:\/\/www.suno.com.br\/noticias\/#organization"},"image":{"@id":"https:\/\/www.suno.com.br\/noticias\/mp-da-liberdade-economica-tem-texto-base-aprovado\/#primaryimage"},"thumbnailUrl":"https:\/\/files.sunoresearch.com.br\/n\/uploads\/2019\/04\/63c1db04-c\u00e2mara-dos-deputados-scaled.webp","keywords":["Jair Bolsonaro","medida provis\u00f3ria"],"articleSection":["Pol\u00edtica"],"inLanguage":"pt-BR"},{"@type":"WebPage","@id":"https:\/\/www.suno.com.br\/noticias\/mp-da-liberdade-economica-tem-texto-base-aprovado\/","url":"https:\/\/www.suno.com.br\/noticias\/mp-da-liberdade-economica-tem-texto-base-aprovado\/","name":"MP da Liberdade Econ\u00f4mica tem texto-base aprovado","isPartOf":{"@id":"https:\/\/www.suno.com.br\/noticias\/#website"},"primaryImageOfPage":{"@id":"https:\/\/www.suno.com.br\/noticias\/mp-da-liberdade-economica-tem-texto-base-aprovado\/#primaryimage"},"image":{"@id":"https:\/\/www.suno.com.br\/noticias\/mp-da-liberdade-economica-tem-texto-base-aprovado\/#primaryimage"},"thumbnailUrl":"https:\/\/files.sunoresearch.com.br\/n\/uploads\/2019\/04\/63c1db04-c\u00e2mara-dos-deputados-scaled.webp","datePublished":"2019-08-14T11:06:48+00:00","dateModified":"2019-08-14T12:02:23+00:00","description":"Na noite da \u00faltima ter\u00e7a-feira (13), a C\u00e2mara dos Deputados aprovou o texto-base da MP da Liberdade Econ\u00f4mica. Clique e saiba mais.","breadcrumb":{"@id":"https:\/\/www.suno.com.br\/noticias\/mp-da-liberdade-economica-tem-texto-base-aprovado\/#breadcrumb"},"inLanguage":"pt-BR","potentialAction":[{"@type":"ReadAction","target":["https:\/\/www.suno.com.br\/noticias\/mp-da-liberdade-economica-tem-texto-base-aprovado\/"]}]},{"@type":"ImageObject","inLanguage":"pt-BR","@id":"https:\/\/www.suno.com.br\/noticias\/mp-da-liberdade-economica-tem-texto-base-aprovado\/#primaryimage","url":"https:\/\/files.sunoresearch.com.br\/n\/uploads\/2019\/04\/63c1db04-c\u00e2mara-dos-deputados-scaled.webp","contentUrl":"https:\/\/files.sunoresearch.com.br\/n\/uploads\/2019\/04\/63c1db04-c\u00e2mara-dos-deputados-scaled.webp","width":2560,"height":1704,"caption":"C\u00e2mara dos Deputados (foto: divulga\u00e7\u00e3o)"},{"@type":"BreadcrumbList","@id":"https:\/\/www.suno.com.br\/noticias\/mp-da-liberdade-economica-tem-texto-base-aprovado\/#breadcrumb","itemListElement":[{"@type":"ListItem","position":1,"name":"Not\u00edcias","item":"https:\/\/www.suno.com.br\/noticias\/"},{"@type":"ListItem","position":2,"name":"Pol\u00edtica","item":"https:\/\/www.suno.com.br\/noticias\/politica\/"},{"@type":"ListItem","position":3,"name":"MP da Liberdade Econ\u00f4mica tem texto-base aprovado"}]},{"@type":"WebSite","@id":"https:\/\/www.suno.com.br\/noticias\/#website","url":"https:\/\/www.suno.com.br\/noticias\/","name":"Suno Not\u00edcias","description":"Seu portal de informa\u00e7\u00e3o sobre o mundo dos investimentos","publisher":{"@id":"https:\/\/www.suno.com.br\/noticias\/#organization"},"potentialAction":[{"@type":"SearchAction","target":{"@type":"EntryPoint","urlTemplate":"https:\/\/www.suno.com.br\/noticias\/?s={search_term_string}"},"query-input":{"@type":"PropertyValueSpecification","valueRequired":true,"valueName":"search_term_string"}}],"inLanguage":"pt-BR"},{"@type":"Organization","@id":"https:\/\/www.suno.com.br\/noticias\/#organization","name":"Suno Not\u00edcias","url":"https:\/\/www.suno.com.br\/noticias\/","logo":{"@type":"ImageObject","inLanguage":"pt-BR","@id":"https:\/\/www.suno.com.br\/noticias\/#\/schema\/logo\/image\/","url":"https:\/\/files.sunoresearch.com.br\/n\/uploads\/2021\/09\/suno-logo.png","contentUrl":"https:\/\/files.sunoresearch.com.br\/n\/uploads\/2021\/09\/suno-logo.png","width":180,"height":180,"caption":"Suno Not\u00edcias"},"image":{"@id":"https:\/\/www.suno.com.br\/noticias\/#\/schema\/logo\/image\/"},"sameAs":["https:\/\/facebook.com\/sunoresearch","https:\/\/x.com\/sunoresearch","https:\/\/www.instagram.com\/suno","https:\/\/www.linkedin.com\/company\/suno-research\/","https:\/\/www.youtube.com\/c\/sunoresearch"]},{"@type":"Person","@id":"https:\/\/www.suno.com.br\/noticias\/#\/schema\/person\/918d79de1f0281f01599b93f9ea6e23f","name":"Jader Lazarini","image":{"@type":"ImageObject","inLanguage":"pt-BR","@id":"https:\/\/www.suno.com.br\/noticias\/#\/schema\/person\/image\/","url":"https:\/\/secure.gravatar.com\/avatar\/3c1ad8caa51589841baeb923fcddea97?s=96&r=g","contentUrl":"https:\/\/secure.gravatar.com\/avatar\/3c1ad8caa51589841baeb923fcddea97?s=96&r=g","caption":"Jader Lazarini"},"description":"Jader Lazarini escreve sobre investimentos, finan\u00e7as, economia e neg\u00f3cios. \u00c9 bacharel em Rela\u00e7\u00f5es Internacionais e analista CNPI (2619).","url":"https:\/\/www.suno.com.br\/noticias\/author\/jader-lazarini\/"}]}},"default_loop_html":"<div class=\"cardsPage__listCard__boxs\"><div class=\"cardsPage__listCard__boxs__img\"><a href=\"https:\/\/www.suno.com.br\/noticias\/mp-da-liberdade-economica-tem-texto-base-aprovado\/\"><img class=\"mask\" src=\"https:\/\/www.suno.com.br\/noticias\/wp-content\/themes\/suno\/resources\/images\/spotlight\/spotlight1img\/bg-mask.png\" alt=\"Image Mask\"\/><img src=\"https:\/\/files.sunoresearch.com.br\/n\/uploads\/2019\/04\/63c1db04-c\u00e2mara-dos-deputados-400x200.webp\" alt=\"MP da Liberdade Econ\u00f4mica tem texto-base aprovado\"\/><\/a><span class=\"spotlightCategory\"><a href=\"https:\/\/www.suno.com.br\/noticias\/politica\/\">Pol\u00edtica<\/a><\/span><\/div><div class=\"cardsPage__listCard__boxs__content\"><a href=\"https:\/\/www.suno.com.br\/noticias\/mp-da-liberdade-economica-tem-texto-base-aprovado\/\"><h2 class=\"content__title\">MP da Liberdade Econ\u00f4mica tem texto-base aprovado<\/h2><\/a><div class=\"newsContent__article__meta\"><div class=\"newsContent__article__meta__authorBox\"><a href=\"https:\/\/www.suno.com.br\/noticias\/author\/jader-lazarini\/\" class=\"authorBox__avatar noMobi\"><img src=\"https:\/\/files.sunoresearch.com.br\/n\/uploads\/2021\/01\/178e6598-foto-perfil-2-150x150.jpg\" alt=\"Jader Lazarini\"><\/a><div class=\"authorBox__name\"><span>por\n\t\t\t<a href=\"https:\/\/www.suno.com.br\/noticias\/author\/jader-lazarini\/\"><span itemprop=\"author\">Jader Lazarini<\/span><\/a><\/span><time datetime=\"2019-08-14T08:06:48-03:00\" itemprop=\"datePublished\">14\/08\/2019 08:06<\/time><\/div><\/div><\/div><\/div><\/div>","single_layout":"posts","amp_enabled":true,"_links":{"self":[{"href":"https:\/\/www.suno.com.br\/noticias\/wp-json\/wp\/v2\/posts\/33967"}],"collection":[{"href":"https:\/\/www.suno.com.br\/noticias\/wp-json\/wp\/v2\/posts"}],"about":[{"href":"https:\/\/www.suno.com.br\/noticias\/wp-json\/wp\/v2\/types\/post"}],"author":[{"embeddable":true,"href":"https:\/\/www.suno.com.br\/noticias\/wp-json\/wp\/v2\/users\/24"}],"replies":[{"embeddable":true,"href":"https:\/\/www.suno.com.br\/noticias\/wp-json\/wp\/v2\/comments?post=33967"}],"version-history":[{"count":0,"href":"https:\/\/www.suno.com.br\/noticias\/wp-json\/wp\/v2\/posts\/33967\/revisions"}],"wp:featuredmedia":[{"embeddable":true,"href":"https:\/\/www.suno.com.br\/noticias\/wp-json\/wp\/v2\/media\/20943"}],"wp:attachment":[{"href":"https:\/\/www.suno.com.br\/noticias\/wp-json\/wp\/v2\/media?parent=33967"}],"wp:term":[{"taxonomy":"category","embeddable":true,"href":"https:\/\/www.suno.com.br\/noticias\/wp-json\/wp\/v2\/categories?post=33967"},{"taxonomy":"post_tag","embeddable":true,"href":"https:\/\/www.suno.com.br\/noticias\/wp-json\/wp\/v2\/tags?post=33967"},{"taxonomy":"suno_strategy","embeddable":true,"href":"https:\/\/www.suno.com.br\/noticias\/wp-json\/wp\/v2\/suno_strategy?post=33967"}],"curies":[{"name":"wp","href":"https:\/\/api.w.org\/{rel}","templated":true}]}}