{"id":33960,"date":"2019-08-18T17:58:24","date_gmt":"2019-08-18T20:58:24","guid":{"rendered":"https:\/\/www.suno.com.br\/noticias\/?p=33960"},"modified":"2019-08-18T17:58:41","modified_gmt":"2019-08-18T20:58:41","slug":"por-que-brasileiros-nao-investem-bolsa-valores","status":"publish","type":"post","link":"https:\/\/www.suno.com.br\/noticias\/por-que-brasileiros-nao-investem-bolsa-valores\/","title":{"rendered":"Por que os brasileiros n\u00e3o investem na Bolsa de Valores?"},"content":{"rendered":"<p>Em 2018 o Brasil registrou um aumento de 38% no n\u00famero de pessoas f\u00edsicas que come\u00e7aram a investir na <a href=\"https:\/\/www.suno.com.br\/artigos\/b3\/\">Bolsa de Valores de S\u00e3o Paulo (B3)<\/a> em rela\u00e7\u00e3o a 2017.<\/p>\t<div class=\"wrapper-featured-image\">\n\t\t<figure class=\"spotlightImg\">\n\n\t\t\t<picture>\n\t\t\t\t<source media=\"(max-width: 768px)\" srcset=\"https:\/\/files.sunoresearch.com.br\/n\/uploads\/2019\/06\/7e809285-bolsa-de-valores-400x200.webp\">\n\t\t\t\t<img loading=\"lazy\" decoding=\"async\" class=\"newsContent__article__imgCapa lazyloadDisabled newsContent__article__imgCapa--noCaption\" src=\"https:\/\/files.sunoresearch.com.br\/n\/uploads\/2019\/06\/7e809285-bolsa-de-valores-jpg.webp\" width=\"800\" height=\"450\" alt=\"Por que os brasileiros n\u00e3o investem na Bolsa de Valores?\" fetchpriority=high \/>\n\t\t\t<\/picture>\n\n\t\t\t<figcaption class=\"wp-caption-text wp-caption-text--hide\">Por que os brasileiros n\u00e3o investem na Bolsa de Valores?<\/figcaption>\n\t\t<\/figure>\n\t<\/div>\n\n\n\n<p>O n\u00famero de investidores na <strong>Bolsa de Valores<\/strong> nesses tr\u00eas anos foi de:<\/p>\n<ul>\n<li>2017- 619.625 investidores<\/li>\n<li>2018- 813.291 investidores<\/li>\n<li>At\u00e9 julho de 2019- 1.244.953 investidores<\/li>\n<\/ul>\n<p>Apesar do r\u00e1pido crescimento, o total de investidores brasileiros \u00e9 de aproximadamente 1,240 milh\u00e3o de\u00a0 pessoas. Um n\u00famero menor a 1% do total da popula\u00e7\u00e3o do Pa\u00eds.<\/p>\n<p><a href=\"https:\/\/www.suno.com.br\/noticias\/bolsa-milhao-investidores-pessoas-fisicas\/\">Saiba mais: Bolsa de Valores chega a 1 milh\u00e3o de investidores pessoas f\u00edsicas\u00a0<\/a><\/p>\n<p>Em compara\u00e7\u00e3o com os EUA, esse n\u00famero aparece ainda mais impiedoso. Nos Estados Unidos cerca de 60% dos habitantes investe na <a href=\"https:\/\/www.suno.com.br\/artigos\/nyse\/\">Bolsa de Valores de Nova York (NYSE)<\/a>. Profissionais dos mais diversos tipos &#8211; de advogados a professores de escola prim\u00e1ria, at\u00e9 bombeiros &#8211; se tornam investidores seja para aumentar seu patrim\u00f4nio que para garantir sua aposentadoria.<\/p>\n<p>Ent\u00e3o, por que os brasileiros n\u00e3o investem tanto quanto os norte-americanos?<\/p>\n<p>Segundo o fundador da <strong>SUNO<\/strong> <strong>Research<\/strong>, <a href=\"https:\/\/www.suno.com.br\/autor\/tiago-reis\/\">Tiago Reis<\/a>, existem tr\u00eas motivos principais para o baixo n\u00famero de brasileiros operando na Bolsa de S\u00e3o Paulo:<\/p>\n<ul>\n<li>baixa poupan\u00e7a dos brasileiros<\/li>\n<li>juros elevados<\/li>\n<li>modelo de neg\u00f3cios dos bancos<\/li>\n<\/ul>\n<p>&#8220;Os brasileiros tem historicamente uma baixa propens\u00e3o a poupar. Esse \u00e9 o primeiro problema. Para poder investir \u00e9 necess\u00e1rio antes colocar as pr\u00f3prias contas em ordem, ou seja, gastar menos do que se ganha. E isso historicamente aconteceu muito pouco&#8221;, explicou Reis.<\/p>\n\t<p>\n\t\t<a href=\"https:\/\/lp.suno.com.br\/asset\/fundos\/suno-fic-fia\/\" target=\"_blank\" data-element=\"shortcode-suno-banner\" title=\"Banner SUNO, clique e saiba mais\">\n\t\t\t<picture>\n\t\t\t\t<source media=\"(max-width: 500px)\" srcset=\"https:\/\/files.sunoresearch.com.br\/n\/uploads\/2023\/10\/SUNO-FIC-FIA-400x300-Mobile-Artigos-5-v3.png\">\n\t\t\t\t<img class=\"newsContent__article__imgCapa newsContent__article__imgCapa--banner\"\n\t\t\t\t\tsrc=\"https:\/\/files.sunoresearch.com.br\/n\/uploads\/2023\/10\/SUNO-FIC-FIA-1420x240-Banner-Artigos-1-_-Banner-Materias-4-v3-png.webp\"\n\t\t\t\t\tdata-promo-id=\"478744\"\t\t\t\t\t\t\t\t\t\twidth='2560' height='433'\t\t\t\t\talt=\"https:\/\/files.sunoresearch.com.br\/n\/uploads\/2023\/10\/SUNO-FIC-FIA-1420x240-Banner-Artigos-1-_-Banner-Materias-4-v3-png.webp\"\n\t\t\t\t>\n\t\t\t<\/picture>\n\t\t<\/a>\n\t<\/p>\n\n\n<p>Al\u00e9m disso, segundo o fundador da <strong>SUNO Research<\/strong>, existe tamb\u00e9m um problema de &#8220;mentalidade&#8221;. &#8220;Muitas pessoas consideram a <strong>Bolsa de Valores<\/strong> um cassino. Especialmente por causa dos operadores de day trade. <a href=\"https:\/\/www.suno.com.br\/noticias\/estudo-mostra-day-trade-prejuizo\/\">Uma pr\u00e1tica que, no final, se demonstrou somente produtora de preju\u00edzos para mais de 90% dos operadores<\/a>&#8220;, salientou Reis, &#8220;al\u00e9m disso, casos de perdas importantes que ocorreram no passado, como o caso das empresas do Eike Batista, deixaram muita gente com uma vis\u00e3o desconfiada da Bolsa. As empresa do Grupo X seduziram muitos investidores pessoas f\u00edsicas em um certo momento dos anos 2000, e a derrocada do grupo gerou temores sobre outras empresas tamb\u00e9m, mesmo se muito mais sadias&#8221;.<\/p>\n<h2>Juros altos desestimulam investimentos na Bolsa de Valores<\/h2>\n<p>Al\u00e9m de um problema &#8220;cultural&#8221;, existe tamb\u00e9m uma quest\u00e3o ligada as taxas de <strong>juros<\/strong> muito altas. Um ponto fundamental segundo o professor do Departamento de Finan\u00e7as da <strong>FGV-EAESP<\/strong> e coordenador do Centro de Estudos em Micro-finan\u00e7as e Inclus\u00e3o Financeira da FGV, Lauro Gonzalez.<\/p>\n<p><a href=\"https:\/\/www.suno.com.br\/noticias\/poupanca-saques-superam-depositos\/\">Saiba mais: Poupan\u00e7a: Saques superam dep\u00f3sitos em R$ 718,7 mi em maio\u00a0<\/a><\/p>\n<p>&#8220;Historicamente, o Pa\u00eds sempre teve <strong>taxas de juros<\/strong> exorbitantes. E isso jogou contra os novos investidores&#8221;, explicou o professor. Segundo ele, a redu\u00e7\u00e3o da <strong>taxa <a href=\"https:\/\/www.suno.com.br\/artigos\/tesouro-selic\/\">Selic<\/a><\/strong>\u00a0est\u00e1 gerando uma migra\u00e7\u00e3o dos investidores de investimentos e aplica\u00e7\u00f5es de renda fixa para a <strong>renda vari\u00e1vel.<\/strong><\/p>\n\t<p>\n\t\t<a href=\"https:\/\/lp.suno.com.br\/planilha-controle-gastos\/\" target=\"_blank\" data-element=\"shortcode-suno-banner\" title=\"Banner SUNO, clique e saiba mais\">\n\t\t\t<picture>\n\t\t\t\t<source media=\"(max-width: 500px)\" srcset=\"https:\/\/files.sunoresearch.com.br\/n\/uploads\/2023\/03\/400x300-Planilha-controle-de-gastos.png\">\n\t\t\t\t<img class=\"newsContent__article__imgCapa newsContent__article__imgCapa--banner\"\n\t\t\t\t\tsrc=\"https:\/\/files.sunoresearch.com.br\/n\/uploads\/2023\/03\/1420x240-Planilha-controle-de-gastos.png\"\n\t\t\t\t\tdata-promo-id=\"101751\"\t\t\t\t\t\t\t\t\t\twidth='1420' height='240'\t\t\t\t\talt=\"https:\/\/files.sunoresearch.com.br\/n\/uploads\/2023\/03\/1420x240-Planilha-controle-de-gastos.png\"\n\t\t\t\t>\n\t\t\t<\/picture>\n\t\t<\/a>\n\t<\/p>\n\n\n<p>Al\u00e9m disso, o prof. Gonzalez explicou que a <strong>Bolsa de Valores<\/strong> brasileira sempre beneficiou mais aos bancos do que a pr\u00f3pria popula\u00e7\u00e3o. Isso por causa do baixo n\u00famero de ativos presentes no mercado financeiro brasileiro, que limita as escolhas dos investidores.<\/p>\n<h2>Como mudar esse cen\u00e1rio<\/h2>\n<p>Para professora de finan\u00e7as, Virg\u00ednia Prestes da Funda\u00e7\u00e3o Armando Alvares Penteado (FAAP), o melhor caminho para aumentar o n\u00famero de investidores na Bolsa de Valores e a educa\u00e7\u00e3o financeira.<\/p>\n<p><a href=\"https:\/\/www.suno.com.br\/noticias\/banco-central-taxa-selic-basica-de-juros\/\">Saiba mais: Banco Central indica possibilidade de novo corte na taxa Selic\u00a0<\/a><\/p>\n<p>&#8220;As pessoas precisam ter mais conhecimento. Se voc\u00ea for buscar nos \u00faltimos 10 anos vai perceber como mesmo quando o Brasil estava indo melhor, com o Produto Interno Bruto (<a href=\"https:\/\/www.suno.com.br\/artigos\/o-produto-interno-bruto-pib\/\">PIB<\/a>) bom, no governo Lula, a <strong>Bolsa de Valores<\/strong> tinha cerca de 500-600 mil investidores. \u00c9 evidente que esse n\u00famero ficou praticamente parado at\u00e9 recentemente em 2015, 2016.&#8221;, salientou a professora.<\/p>\n","protected":false},"excerpt":{"rendered":"<p>Em 2018 o Brasil registrou um aumento de 38% no n\u00famero de pessoas f\u00edsicas que come\u00e7aram a investir na Bolsa de Valores de S\u00e3o Paulo (B3) em rela\u00e7\u00e3o a 2017. Por que os brasileiros n\u00e3o investem na Bolsa de Valores? O n\u00famero de investidores na Bolsa de Valores nesses tr\u00eas anos foi de: 2017- 619.625 [&hellip;]<\/p>\n","protected":false},"author":23,"featured_media":27818,"comment_status":"closed","ping_status":"closed","sticky":false,"template":"","format":"standard","meta":[],"categories":[65],"tags":[309,965],"suno_strategy":[],"class_list":["post-33960","post","type-post","status-publish","format-standard","has-post-thumbnail","hentry","category-financas-pessoais","tag-bolsa-de-valores","tag-poupanca"],"yoast_head":"<!-- This site is optimized with the Yoast SEO plugin v24.4 - https:\/\/yoast.com\/wordpress\/plugins\/seo\/ -->\n<title>Por que os brasileiros n\u00e3o investem na Bolsa de Valores?<\/title>\n<meta name=\"description\" content=\"Em 2018, o Brasil registrou um aumento de 38% no n\u00famero de pessoas que investem na Bolsa de Valores de S\u00e3o Paulo. Clique para saber mais.\" \/>\n<meta name=\"robots\" content=\"index, follow, max-snippet:-1, max-image-preview:large, max-video-preview:-1\" \/>\n<link rel=\"canonical\" href=\"https:\/\/www.suno.com.br\/noticias\/por-que-brasileiros-nao-investem-bolsa-valores\/\" \/>\n<meta property=\"og:locale\" content=\"pt_BR\" \/>\n<meta property=\"og:type\" content=\"article\" \/>\n<meta property=\"og:title\" content=\"Por que os brasileiros n\u00e3o investem na Bolsa de Valores?\" \/>\n<meta property=\"og:description\" content=\"Em 2018, o Brasil registrou um aumento de 38% no n\u00famero de pessoas que investem na Bolsa de Valores de S\u00e3o Paulo. Clique para saber mais.\" \/>\n<meta property=\"og:url\" content=\"https:\/\/www.suno.com.br\/noticias\/por-que-brasileiros-nao-investem-bolsa-valores\/\" \/>\n<meta property=\"og:site_name\" content=\"Suno Not\u00edcias\" \/>\n<meta property=\"article:publisher\" content=\"https:\/\/facebook.com\/sunoresearch\" \/>\n<meta property=\"og:image\" content=\"https:\/\/files.sunoresearch.com.br\/n\/uploads\/2019\/06\/7e809285-bolsa-de-valores.jpg\" \/>\n\t<meta property=\"og:image:width\" content=\"754\" \/>\n\t<meta property=\"og:image:height\" content=\"413\" \/>\n\t<meta property=\"og:image:type\" content=\"image\/jpeg\" \/>\n<meta name=\"author\" content=\"Rafael Lara\" \/>\n<meta name=\"twitter:card\" content=\"summary_large_image\" \/>\n<meta name=\"twitter:creator\" content=\"@sunoresearch\" \/>\n<meta name=\"twitter:site\" content=\"@sunoresearch\" \/>\n<meta name=\"twitter:label1\" content=\"Escrito por\" \/>\n\t<meta name=\"twitter:data1\" content=\"Rafael Lara\" \/>\n\t<meta name=\"twitter:label2\" content=\"Est. tempo de leitura\" \/>\n\t<meta name=\"twitter:data2\" content=\"3 minutos\" \/>\n<script type=\"application\/ld+json\" class=\"yoast-schema-graph\">{\"@context\":\"https:\/\/schema.org\",\"@graph\":[{\"@type\":\"NewsArticle\",\"@id\":\"https:\/\/www.suno.com.br\/noticias\/por-que-brasileiros-nao-investem-bolsa-valores\/#article\",\"isPartOf\":{\"@id\":\"https:\/\/www.suno.com.br\/noticias\/por-que-brasileiros-nao-investem-bolsa-valores\/\"},\"author\":{\"name\":\"Rafael Lara\",\"@id\":\"https:\/\/www.suno.com.br\/noticias\/#\/schema\/person\/098743caeed97b37f51315c9576c4078\"},\"headline\":\"Por que os brasileiros n\u00e3o investem na Bolsa de Valores?\",\"datePublished\":\"2019-08-18T20:58:24+00:00\",\"dateModified\":\"2019-08-18T20:58:41+00:00\",\"mainEntityOfPage\":{\"@id\":\"https:\/\/www.suno.com.br\/noticias\/por-que-brasileiros-nao-investem-bolsa-valores\/\"},\"wordCount\":661,\"publisher\":{\"@id\":\"https:\/\/www.suno.com.br\/noticias\/#organization\"},\"image\":{\"@id\":\"https:\/\/www.suno.com.br\/noticias\/por-que-brasileiros-nao-investem-bolsa-valores\/#primaryimage\"},\"thumbnailUrl\":\"https:\/\/files.sunoresearch.com.br\/n\/uploads\/2019\/06\/7e809285-bolsa-de-valores-jpg.webp\",\"keywords\":[\"Bolsa de Valores\",\"Poupan\u00e7a\"],\"articleSection\":[\"Finan\u00e7as Pessoais\"],\"inLanguage\":\"pt-BR\"},{\"@type\":\"WebPage\",\"@id\":\"https:\/\/www.suno.com.br\/noticias\/por-que-brasileiros-nao-investem-bolsa-valores\/\",\"url\":\"https:\/\/www.suno.com.br\/noticias\/por-que-brasileiros-nao-investem-bolsa-valores\/\",\"name\":\"Por que os brasileiros n\u00e3o investem na Bolsa de Valores?\",\"isPartOf\":{\"@id\":\"https:\/\/www.suno.com.br\/noticias\/#website\"},\"primaryImageOfPage\":{\"@id\":\"https:\/\/www.suno.com.br\/noticias\/por-que-brasileiros-nao-investem-bolsa-valores\/#primaryimage\"},\"image\":{\"@id\":\"https:\/\/www.suno.com.br\/noticias\/por-que-brasileiros-nao-investem-bolsa-valores\/#primaryimage\"},\"thumbnailUrl\":\"https:\/\/files.sunoresearch.com.br\/n\/uploads\/2019\/06\/7e809285-bolsa-de-valores-jpg.webp\",\"datePublished\":\"2019-08-18T20:58:24+00:00\",\"dateModified\":\"2019-08-18T20:58:41+00:00\",\"description\":\"Em 2018, o Brasil registrou um aumento de 38% no n\u00famero de pessoas que investem na Bolsa de Valores de S\u00e3o Paulo. Clique para saber mais.\",\"breadcrumb\":{\"@id\":\"https:\/\/www.suno.com.br\/noticias\/por-que-brasileiros-nao-investem-bolsa-valores\/#breadcrumb\"},\"inLanguage\":\"pt-BR\",\"potentialAction\":[{\"@type\":\"ReadAction\",\"target\":[\"https:\/\/www.suno.com.br\/noticias\/por-que-brasileiros-nao-investem-bolsa-valores\/\"]}]},{\"@type\":\"ImageObject\",\"inLanguage\":\"pt-BR\",\"@id\":\"https:\/\/www.suno.com.br\/noticias\/por-que-brasileiros-nao-investem-bolsa-valores\/#primaryimage\",\"url\":\"https:\/\/files.sunoresearch.com.br\/n\/uploads\/2019\/06\/7e809285-bolsa-de-valores-jpg.webp\",\"contentUrl\":\"https:\/\/files.sunoresearch.com.br\/n\/uploads\/2019\/06\/7e809285-bolsa-de-valores-jpg.webp\",\"width\":754,\"height\":413,\"caption\":\"Por que os brasileiros n\u00e3o investem na Bolsa de Valores?\"},{\"@type\":\"BreadcrumbList\",\"@id\":\"https:\/\/www.suno.com.br\/noticias\/por-que-brasileiros-nao-investem-bolsa-valores\/#breadcrumb\",\"itemListElement\":[{\"@type\":\"ListItem\",\"position\":1,\"name\":\"Not\u00edcias\",\"item\":\"https:\/\/www.suno.com.br\/noticias\/\"},{\"@type\":\"ListItem\",\"position\":2,\"name\":\"Finan\u00e7as Pessoais\",\"item\":\"https:\/\/www.suno.com.br\/noticias\/financas-pessoais\/\"},{\"@type\":\"ListItem\",\"position\":3,\"name\":\"Por que os brasileiros n\u00e3o investem na Bolsa de Valores?\"}]},{\"@type\":\"WebSite\",\"@id\":\"https:\/\/www.suno.com.br\/noticias\/#website\",\"url\":\"https:\/\/www.suno.com.br\/noticias\/\",\"name\":\"Suno Not\u00edcias\",\"description\":\"Seu portal de informa\u00e7\u00e3o sobre o mundo dos investimentos\",\"publisher\":{\"@id\":\"https:\/\/www.suno.com.br\/noticias\/#organization\"},\"potentialAction\":[{\"@type\":\"SearchAction\",\"target\":{\"@type\":\"EntryPoint\",\"urlTemplate\":\"https:\/\/www.suno.com.br\/noticias\/?s={search_term_string}\"},\"query-input\":{\"@type\":\"PropertyValueSpecification\",\"valueRequired\":true,\"valueName\":\"search_term_string\"}}],\"inLanguage\":\"pt-BR\"},{\"@type\":\"Organization\",\"@id\":\"https:\/\/www.suno.com.br\/noticias\/#organization\",\"name\":\"Suno Not\u00edcias\",\"url\":\"https:\/\/www.suno.com.br\/noticias\/\",\"logo\":{\"@type\":\"ImageObject\",\"inLanguage\":\"pt-BR\",\"@id\":\"https:\/\/www.suno.com.br\/noticias\/#\/schema\/logo\/image\/\",\"url\":\"https:\/\/files.sunoresearch.com.br\/n\/uploads\/2021\/09\/suno-logo.png\",\"contentUrl\":\"https:\/\/files.sunoresearch.com.br\/n\/uploads\/2021\/09\/suno-logo.png\",\"width\":180,\"height\":180,\"caption\":\"Suno Not\u00edcias\"},\"image\":{\"@id\":\"https:\/\/www.suno.com.br\/noticias\/#\/schema\/logo\/image\/\"},\"sameAs\":[\"https:\/\/facebook.com\/sunoresearch\",\"https:\/\/x.com\/sunoresearch\",\"https:\/\/www.instagram.com\/suno\",\"https:\/\/www.linkedin.com\/company\/suno-research\/\",\"https:\/\/www.youtube.com\/c\/sunoresearch\"]},{\"@type\":\"Person\",\"@id\":\"https:\/\/www.suno.com.br\/noticias\/#\/schema\/person\/098743caeed97b37f51315c9576c4078\",\"name\":\"Rafael Lara\",\"image\":{\"@type\":\"ImageObject\",\"inLanguage\":\"pt-BR\",\"@id\":\"https:\/\/www.suno.com.br\/noticias\/#\/schema\/person\/image\/\",\"url\":\"https:\/\/secure.gravatar.com\/avatar\/dfc254ab9bb2ea1895d98b9e9dae4bdd?s=96&r=g\",\"contentUrl\":\"https:\/\/secure.gravatar.com\/avatar\/dfc254ab9bb2ea1895d98b9e9dae4bdd?s=96&r=g\",\"caption\":\"Rafael Lara\"},\"description\":\"Rafael Lara cursa jornalismo na Faculdade C\u00e1sper L\u00edbero. Escreve sobre pol\u00edtica, economia e neg\u00f3cios para o portal Suno Not\u00edcias. Antes, colaborou na TV Gazeta na produ\u00e7\u00e3o do programa Edi\u00e7\u00e3o Extra.\",\"url\":\"https:\/\/www.suno.com.br\/noticias\/author\/rafael\/\"}]}<\/script>\n<!-- \/ Yoast SEO plugin. -->","yoast_head_json":{"title":"Por que os brasileiros n\u00e3o investem na Bolsa de Valores?","description":"Em 2018, o Brasil registrou um aumento de 38% no n\u00famero de pessoas que investem na Bolsa de Valores de S\u00e3o Paulo. Clique para saber mais.","robots":{"index":"index","follow":"follow","max-snippet":"max-snippet:-1","max-image-preview":"max-image-preview:large","max-video-preview":"max-video-preview:-1"},"canonical":"https:\/\/www.suno.com.br\/noticias\/por-que-brasileiros-nao-investem-bolsa-valores\/","og_locale":"pt_BR","og_type":"article","og_title":"Por que os brasileiros n\u00e3o investem na Bolsa de Valores?","og_description":"Em 2018, o Brasil registrou um aumento de 38% no n\u00famero de pessoas que investem na Bolsa de Valores de S\u00e3o Paulo. Clique para saber mais.","og_url":"https:\/\/www.suno.com.br\/noticias\/por-que-brasileiros-nao-investem-bolsa-valores\/","og_site_name":"Suno Not\u00edcias","article_publisher":"https:\/\/facebook.com\/sunoresearch","og_image":[{"width":754,"height":413,"url":"https:\/\/files.sunoresearch.com.br\/n\/uploads\/2019\/06\/7e809285-bolsa-de-valores.jpg","type":"image\/jpeg"}],"author":"Rafael Lara","twitter_card":"summary_large_image","twitter_creator":"@sunoresearch","twitter_site":"@sunoresearch","twitter_misc":{"Escrito por":"Rafael Lara","Est. tempo de leitura":"3 minutos"},"schema":{"@context":"https:\/\/schema.org","@graph":[{"@type":"NewsArticle","@id":"https:\/\/www.suno.com.br\/noticias\/por-que-brasileiros-nao-investem-bolsa-valores\/#article","isPartOf":{"@id":"https:\/\/www.suno.com.br\/noticias\/por-que-brasileiros-nao-investem-bolsa-valores\/"},"author":{"name":"Rafael Lara","@id":"https:\/\/www.suno.com.br\/noticias\/#\/schema\/person\/098743caeed97b37f51315c9576c4078"},"headline":"Por que os brasileiros n\u00e3o investem na Bolsa de Valores?","datePublished":"2019-08-18T20:58:24+00:00","dateModified":"2019-08-18T20:58:41+00:00","mainEntityOfPage":{"@id":"https:\/\/www.suno.com.br\/noticias\/por-que-brasileiros-nao-investem-bolsa-valores\/"},"wordCount":661,"publisher":{"@id":"https:\/\/www.suno.com.br\/noticias\/#organization"},"image":{"@id":"https:\/\/www.suno.com.br\/noticias\/por-que-brasileiros-nao-investem-bolsa-valores\/#primaryimage"},"thumbnailUrl":"https:\/\/files.sunoresearch.com.br\/n\/uploads\/2019\/06\/7e809285-bolsa-de-valores-jpg.webp","keywords":["Bolsa de Valores","Poupan\u00e7a"],"articleSection":["Finan\u00e7as Pessoais"],"inLanguage":"pt-BR"},{"@type":"WebPage","@id":"https:\/\/www.suno.com.br\/noticias\/por-que-brasileiros-nao-investem-bolsa-valores\/","url":"https:\/\/www.suno.com.br\/noticias\/por-que-brasileiros-nao-investem-bolsa-valores\/","name":"Por que os brasileiros n\u00e3o investem na Bolsa de Valores?","isPartOf":{"@id":"https:\/\/www.suno.com.br\/noticias\/#website"},"primaryImageOfPage":{"@id":"https:\/\/www.suno.com.br\/noticias\/por-que-brasileiros-nao-investem-bolsa-valores\/#primaryimage"},"image":{"@id":"https:\/\/www.suno.com.br\/noticias\/por-que-brasileiros-nao-investem-bolsa-valores\/#primaryimage"},"thumbnailUrl":"https:\/\/files.sunoresearch.com.br\/n\/uploads\/2019\/06\/7e809285-bolsa-de-valores-jpg.webp","datePublished":"2019-08-18T20:58:24+00:00","dateModified":"2019-08-18T20:58:41+00:00","description":"Em 2018, o Brasil registrou um aumento de 38% no n\u00famero de pessoas que investem na Bolsa de Valores de S\u00e3o Paulo. Clique para saber mais.","breadcrumb":{"@id":"https:\/\/www.suno.com.br\/noticias\/por-que-brasileiros-nao-investem-bolsa-valores\/#breadcrumb"},"inLanguage":"pt-BR","potentialAction":[{"@type":"ReadAction","target":["https:\/\/www.suno.com.br\/noticias\/por-que-brasileiros-nao-investem-bolsa-valores\/"]}]},{"@type":"ImageObject","inLanguage":"pt-BR","@id":"https:\/\/www.suno.com.br\/noticias\/por-que-brasileiros-nao-investem-bolsa-valores\/#primaryimage","url":"https:\/\/files.sunoresearch.com.br\/n\/uploads\/2019\/06\/7e809285-bolsa-de-valores-jpg.webp","contentUrl":"https:\/\/files.sunoresearch.com.br\/n\/uploads\/2019\/06\/7e809285-bolsa-de-valores-jpg.webp","width":754,"height":413,"caption":"Por que os brasileiros n\u00e3o investem na Bolsa de Valores?"},{"@type":"BreadcrumbList","@id":"https:\/\/www.suno.com.br\/noticias\/por-que-brasileiros-nao-investem-bolsa-valores\/#breadcrumb","itemListElement":[{"@type":"ListItem","position":1,"name":"Not\u00edcias","item":"https:\/\/www.suno.com.br\/noticias\/"},{"@type":"ListItem","position":2,"name":"Finan\u00e7as Pessoais","item":"https:\/\/www.suno.com.br\/noticias\/financas-pessoais\/"},{"@type":"ListItem","position":3,"name":"Por que os brasileiros n\u00e3o investem na Bolsa de Valores?"}]},{"@type":"WebSite","@id":"https:\/\/www.suno.com.br\/noticias\/#website","url":"https:\/\/www.suno.com.br\/noticias\/","name":"Suno Not\u00edcias","description":"Seu portal de informa\u00e7\u00e3o sobre o mundo dos investimentos","publisher":{"@id":"https:\/\/www.suno.com.br\/noticias\/#organization"},"potentialAction":[{"@type":"SearchAction","target":{"@type":"EntryPoint","urlTemplate":"https:\/\/www.suno.com.br\/noticias\/?s={search_term_string}"},"query-input":{"@type":"PropertyValueSpecification","valueRequired":true,"valueName":"search_term_string"}}],"inLanguage":"pt-BR"},{"@type":"Organization","@id":"https:\/\/www.suno.com.br\/noticias\/#organization","name":"Suno Not\u00edcias","url":"https:\/\/www.suno.com.br\/noticias\/","logo":{"@type":"ImageObject","inLanguage":"pt-BR","@id":"https:\/\/www.suno.com.br\/noticias\/#\/schema\/logo\/image\/","url":"https:\/\/files.sunoresearch.com.br\/n\/uploads\/2021\/09\/suno-logo.png","contentUrl":"https:\/\/files.sunoresearch.com.br\/n\/uploads\/2021\/09\/suno-logo.png","width":180,"height":180,"caption":"Suno Not\u00edcias"},"image":{"@id":"https:\/\/www.suno.com.br\/noticias\/#\/schema\/logo\/image\/"},"sameAs":["https:\/\/facebook.com\/sunoresearch","https:\/\/x.com\/sunoresearch","https:\/\/www.instagram.com\/suno","https:\/\/www.linkedin.com\/company\/suno-research\/","https:\/\/www.youtube.com\/c\/sunoresearch"]},{"@type":"Person","@id":"https:\/\/www.suno.com.br\/noticias\/#\/schema\/person\/098743caeed97b37f51315c9576c4078","name":"Rafael Lara","image":{"@type":"ImageObject","inLanguage":"pt-BR","@id":"https:\/\/www.suno.com.br\/noticias\/#\/schema\/person\/image\/","url":"https:\/\/secure.gravatar.com\/avatar\/dfc254ab9bb2ea1895d98b9e9dae4bdd?s=96&r=g","contentUrl":"https:\/\/secure.gravatar.com\/avatar\/dfc254ab9bb2ea1895d98b9e9dae4bdd?s=96&r=g","caption":"Rafael Lara"},"description":"Rafael Lara cursa jornalismo na Faculdade C\u00e1sper L\u00edbero. Escreve sobre pol\u00edtica, economia e neg\u00f3cios para o portal Suno Not\u00edcias. Antes, colaborou na TV Gazeta na produ\u00e7\u00e3o do programa Edi\u00e7\u00e3o Extra.","url":"https:\/\/www.suno.com.br\/noticias\/author\/rafael\/"}]}},"default_loop_html":"<div class=\"cardsPage__listCard__boxs\"><div class=\"cardsPage__listCard__boxs__img\"><a href=\"https:\/\/www.suno.com.br\/noticias\/por-que-brasileiros-nao-investem-bolsa-valores\/\"><img class=\"mask\" src=\"https:\/\/www.suno.com.br\/noticias\/wp-content\/themes\/suno\/resources\/images\/spotlight\/spotlight1img\/bg-mask.png\" alt=\"Image Mask\"\/><img src=\"https:\/\/files.sunoresearch.com.br\/n\/uploads\/2019\/06\/7e809285-bolsa-de-valores-400x200.webp\" alt=\"Por que os brasileiros n\u00e3o investem na Bolsa de Valores?\"\/><\/a><span class=\"spotlightCategory\"><a href=\"https:\/\/www.suno.com.br\/noticias\/financas-pessoais\/\">Finan\u00e7as Pessoais<\/a><\/span><\/div><div class=\"cardsPage__listCard__boxs__content\"><a href=\"https:\/\/www.suno.com.br\/noticias\/por-que-brasileiros-nao-investem-bolsa-valores\/\"><h2 class=\"content__title\">Por que os brasileiros n\u00e3o investem na Bolsa de Valores?<\/h2><\/a><div class=\"newsContent__article__meta\"><div class=\"newsContent__article__meta__authorBox\"><a href=\"https:\/\/www.suno.com.br\/noticias\/author\/rafael\/\" class=\"authorBox__avatar noMobi\"><img src=\"https:\/\/secure.gravatar.com\/avatar\/dfc254ab9bb2ea1895d98b9e9dae4bdd?s=96&#038;r=g\" alt=\"Rafael Lara\"><\/a><div class=\"authorBox__name\"><span>por\n\t\t\t<a href=\"https:\/\/www.suno.com.br\/noticias\/author\/rafael\/\"><span itemprop=\"author\">Rafael Lara<\/span><\/a><\/span><time datetime=\"2019-08-18T17:58:24-03:00\" itemprop=\"datePublished\">18\/08\/2019 17:58<\/time><\/div><\/div><\/div><\/div><\/div>","single_layout":"posts","amp_enabled":true,"_links":{"self":[{"href":"https:\/\/www.suno.com.br\/noticias\/wp-json\/wp\/v2\/posts\/33960"}],"collection":[{"href":"https:\/\/www.suno.com.br\/noticias\/wp-json\/wp\/v2\/posts"}],"about":[{"href":"https:\/\/www.suno.com.br\/noticias\/wp-json\/wp\/v2\/types\/post"}],"author":[{"embeddable":true,"href":"https:\/\/www.suno.com.br\/noticias\/wp-json\/wp\/v2\/users\/23"}],"replies":[{"embeddable":true,"href":"https:\/\/www.suno.com.br\/noticias\/wp-json\/wp\/v2\/comments?post=33960"}],"version-history":[{"count":0,"href":"https:\/\/www.suno.com.br\/noticias\/wp-json\/wp\/v2\/posts\/33960\/revisions"}],"wp:featuredmedia":[{"embeddable":true,"href":"https:\/\/www.suno.com.br\/noticias\/wp-json\/wp\/v2\/media\/27818"}],"wp:attachment":[{"href":"https:\/\/www.suno.com.br\/noticias\/wp-json\/wp\/v2\/media?parent=33960"}],"wp:term":[{"taxonomy":"category","embeddable":true,"href":"https:\/\/www.suno.com.br\/noticias\/wp-json\/wp\/v2\/categories?post=33960"},{"taxonomy":"post_tag","embeddable":true,"href":"https:\/\/www.suno.com.br\/noticias\/wp-json\/wp\/v2\/tags?post=33960"},{"taxonomy":"suno_strategy","embeddable":true,"href":"https:\/\/www.suno.com.br\/noticias\/wp-json\/wp\/v2\/suno_strategy?post=33960"}],"curies":[{"name":"wp","href":"https:\/\/api.w.org\/{rel}","templated":true}]}}