{"id":3395,"date":"2018-09-03T17:41:53","date_gmt":"2018-09-03T20:41:53","guid":{"rendered":"https:\/\/www.suno.com.br\/noticias\/?p=3395"},"modified":"2021-05-30T21:15:19","modified_gmt":"2021-05-31T00:15:19","slug":"banco-safra-mudancas-carteira","status":"publish","type":"post","link":"https:\/\/www.suno.com.br\/noticias\/banco-safra-mudancas-carteira\/","title":{"rendered":"Banco Safra faz mudan\u00e7as em carteira recomendada de setembro"},"content":{"rendered":"<p>O Banco Safra substituiu duas a\u00e7\u00f5es de sua carteira recomendada para o m\u00eas de setembro, segundo relat\u00f3rio enviado aos clientes nesta segunda-feira e creditado aos estrategistas Luis F. Azevedo e Yuri Pereira.<\/p>\t<div class=\"wrapper-featured-image\">\n\t\t<figure class=\"spotlightImg\">\n\n\t\t\t<picture>\n\t\t\t\t<source media=\"(max-width: 768px)\" srcset=\"https:\/\/files.sunoresearch.com.br\/n\/uploads\/2018\/09\/bf29dcff-investing-1-1239039-400x200.webp\">\n\t\t\t\t<img loading=\"lazy\" decoding=\"async\" class=\"newsContent__article__imgCapa lazyloadDisabled newsContent__article__imgCapa--noCaption\" src=\"https:\/\/files.sunoresearch.com.br\/n\/uploads\/2018\/09\/bf29dcff-investing-1-1239039-800x450.webp\" width=\"800\" height=\"450\" alt=\"Banco Safra faz mudan\u00e7as em carteira recomendada de setembro\" fetchpriority=high \/>\n\t\t\t<\/picture>\n\n\t\t\t<figcaption class=\"wp-caption-text wp-caption-text--hide\">Fundos de investimento t\u00eam capta\u00e7\u00e3o l\u00edquida de R$ 1,4 bi<\/figcaption>\n\t\t<\/figure>\n\t<\/div>\n\n\n<p>Sa\u00edram os papeis do Banco do Brasil ( BBAS3) e Equatorial (EQTL3) e entraram as a\u00e7\u00f5es do Bradesco (BBDC4) e Engie Brasil Energia (EGIE3). Em agosto, o portf\u00f3lio do banco apresentou varia\u00e7\u00e3o de -5,49% contra -3,21% do Ibovespa.<\/p>\n<p>O relat\u00f3rio do Banco Safra diz que a sa\u00edda do Banco do Brasil da carteira se d\u00e1 em car\u00e1ter de evitar um grau elevado de volatilidade nos papeis do banco em per\u00edodo eleitoral. J\u00e1 a Equatorial foi retirada por n\u00e3o apresentar drivers claros sobre a valoriza\u00e7\u00e3o das a\u00e7\u00f5es no momento, apesar do Safra avaliar a empresa com \u201c\u00f3tima gest\u00e3o\u201d.<\/p>\n<p>O Bradesco entrou na carteira recomendada do Safra pois, segundo o relat\u00f3rio, o banco deve continuar aproveitando as oportunidades de expandir os seus lucros e rentabilidade, apoiados na belo desempenho operacional. J\u00e1 a Engie \u00e9 vista como uma empresa s\u00f3lida e com experi\u00eancia na estrat\u00e9gia de aloca\u00e7\u00e3o e com um dos portf\u00f3lios mais eficientes do setor.<\/p>\n<p>As a\u00e7\u00f5es recomendadas pelo Banco Safra para setembro s\u00e3o: Ita\u00fa Unibanco, Bradesco, IRB Brasil-RE, TIM, P\u00e3o de A\u00e7ucar, Localiza, Iguatemi, Est\u00e1cio, Qualicorp, Weg, Petrobras, Engie, Usiminas e Bradespar.<\/p>\n","protected":false},"excerpt":{"rendered":"<p>O Banco Safra substituiu duas a\u00e7\u00f5es de sua carteira recomendada para o m\u00eas de setembro, segundo relat\u00f3rio enviado aos clientes nesta segunda-feira e creditado aos estrategistas Luis F. Azevedo e Yuri Pereira. Fundos de investimento t\u00eam capta\u00e7\u00e3o l\u00edquida de R$ 1,4 bi Sa\u00edram os papeis do Banco do Brasil ( BBAS3) e Equatorial (EQTL3) e [&hellip;]<\/p>\n","protected":false},"author":6,"featured_media":3396,"comment_status":"closed","ping_status":"closed","sticky":false,"template":"","format":"standard","meta":[],"categories":[65],"tags":[392,519,663,675,2363],"suno_strategy":[],"class_list":["post-3395","post","type-post","status-publish","format-standard","has-post-thumbnail","hentry","category-financas-pessoais","tag-bradesco-bbdc3-bbdc4","tag-itau-unibanco-itub3-itub4","tag-tim-tims3","tag-usiminas","tag-yduqs-yduq3"],"yoast_head":"<!-- This site is optimized with the Yoast SEO plugin v24.4 - https:\/\/yoast.com\/wordpress\/plugins\/seo\/ -->\n<title>Banco Safra faz mudan\u00e7as em carteira recomendada de setembro<\/title>\n<meta name=\"robots\" content=\"index, follow, max-snippet:-1, max-image-preview:large, max-video-preview:-1\" \/>\n<link rel=\"canonical\" href=\"https:\/\/www.suno.com.br\/noticias\/banco-safra-mudancas-carteira\/\" \/>\n<meta property=\"og:locale\" content=\"pt_BR\" \/>\n<meta property=\"og:type\" content=\"article\" \/>\n<meta property=\"og:title\" content=\"Banco Safra faz mudan\u00e7as em carteira recomendada de setembro\" \/>\n<meta property=\"og:description\" content=\"O Banco Safra substituiu duas a\u00e7\u00f5es de sua carteira recomendada para o m\u00eas de setembro, segundo relat\u00f3rio enviado aos clientes nesta segunda-feira e creditado aos estrategistas Luis F. Azevedo e Yuri Pereira. Fundos de investimento t\u00eam capta\u00e7\u00e3o l\u00edquida de R$ 1,4 bi Sa\u00edram os papeis do Banco do Brasil ( BBAS3) e Equatorial (EQTL3) e [&hellip;]\" \/>\n<meta property=\"og:url\" content=\"https:\/\/www.suno.com.br\/noticias\/banco-safra-mudancas-carteira\/\" \/>\n<meta property=\"og:site_name\" content=\"Suno Not\u00edcias\" \/>\n<meta property=\"article:publisher\" content=\"https:\/\/facebook.com\/sunoresearch\" \/>\n<meta property=\"article:author\" content=\"https:\/\/www.linkedin.com\/in\/paulo-jaschke-328221168\/\" \/>\n<meta property=\"og:image\" content=\"https:\/\/files.sunoresearch.com.br\/n\/uploads\/2018\/09\/bf29dcff-investing-1-1239039.jpg\" \/>\n\t<meta property=\"og:image:width\" content=\"1300\" \/>\n\t<meta property=\"og:image:height\" content=\"867\" \/>\n\t<meta property=\"og:image:type\" content=\"image\/jpeg\" \/>\n<meta name=\"author\" content=\"Paulo Jaschke\" \/>\n<meta name=\"twitter:card\" content=\"summary_large_image\" \/>\n<meta name=\"twitter:creator\" content=\"@sunoresearch\" \/>\n<meta name=\"twitter:site\" content=\"@sunoresearch\" \/>\n<meta name=\"twitter:label1\" content=\"Escrito por\" \/>\n\t<meta name=\"twitter:data1\" content=\"Paulo Jaschke\" \/>\n\t<meta name=\"twitter:label2\" content=\"Est. tempo de leitura\" \/>\n\t<meta name=\"twitter:data2\" content=\"1 minuto\" \/>\n<script type=\"application\/ld+json\" class=\"yoast-schema-graph\">{\"@context\":\"https:\/\/schema.org\",\"@graph\":[{\"@type\":\"NewsArticle\",\"@id\":\"https:\/\/www.suno.com.br\/noticias\/banco-safra-mudancas-carteira\/#article\",\"isPartOf\":{\"@id\":\"https:\/\/www.suno.com.br\/noticias\/banco-safra-mudancas-carteira\/\"},\"author\":{\"name\":\"Paulo Jaschke\",\"@id\":\"https:\/\/www.suno.com.br\/noticias\/#\/schema\/person\/edc78e26bff487bcad4a7d5e75ca2938\"},\"headline\":\"Banco Safra faz mudan\u00e7as em carteira recomendada de setembro\",\"datePublished\":\"2018-09-03T20:41:53+00:00\",\"dateModified\":\"2021-05-31T00:15:19+00:00\",\"mainEntityOfPage\":{\"@id\":\"https:\/\/www.suno.com.br\/noticias\/banco-safra-mudancas-carteira\/\"},\"wordCount\":247,\"publisher\":{\"@id\":\"https:\/\/www.suno.com.br\/noticias\/#organization\"},\"image\":{\"@id\":\"https:\/\/www.suno.com.br\/noticias\/banco-safra-mudancas-carteira\/#primaryimage\"},\"thumbnailUrl\":\"https:\/\/files.sunoresearch.com.br\/n\/uploads\/2018\/09\/bf29dcff-investing-1-1239039-jpg.webp\",\"keywords\":[\"Bradesco (BBDC3\/BBDC4)\",\"Ita\u00fa Unibanco (ITUB3\/ITUB4)\",\"TIM (TIMS3)\",\"Usiminas\",\"Yduqs (YDUQ3)\"],\"articleSection\":[\"Finan\u00e7as Pessoais\"],\"inLanguage\":\"pt-BR\"},{\"@type\":\"WebPage\",\"@id\":\"https:\/\/www.suno.com.br\/noticias\/banco-safra-mudancas-carteira\/\",\"url\":\"https:\/\/www.suno.com.br\/noticias\/banco-safra-mudancas-carteira\/\",\"name\":\"Banco Safra faz mudan\u00e7as em carteira recomendada de setembro\",\"isPartOf\":{\"@id\":\"https:\/\/www.suno.com.br\/noticias\/#website\"},\"primaryImageOfPage\":{\"@id\":\"https:\/\/www.suno.com.br\/noticias\/banco-safra-mudancas-carteira\/#primaryimage\"},\"image\":{\"@id\":\"https:\/\/www.suno.com.br\/noticias\/banco-safra-mudancas-carteira\/#primaryimage\"},\"thumbnailUrl\":\"https:\/\/files.sunoresearch.com.br\/n\/uploads\/2018\/09\/bf29dcff-investing-1-1239039-jpg.webp\",\"datePublished\":\"2018-09-03T20:41:53+00:00\",\"dateModified\":\"2021-05-31T00:15:19+00:00\",\"breadcrumb\":{\"@id\":\"https:\/\/www.suno.com.br\/noticias\/banco-safra-mudancas-carteira\/#breadcrumb\"},\"inLanguage\":\"pt-BR\",\"potentialAction\":[{\"@type\":\"ReadAction\",\"target\":[\"https:\/\/www.suno.com.br\/noticias\/banco-safra-mudancas-carteira\/\"]}]},{\"@type\":\"ImageObject\",\"inLanguage\":\"pt-BR\",\"@id\":\"https:\/\/www.suno.com.br\/noticias\/banco-safra-mudancas-carteira\/#primaryimage\",\"url\":\"https:\/\/files.sunoresearch.com.br\/n\/uploads\/2018\/09\/bf29dcff-investing-1-1239039-jpg.webp\",\"contentUrl\":\"https:\/\/files.sunoresearch.com.br\/n\/uploads\/2018\/09\/bf29dcff-investing-1-1239039-jpg.webp\",\"width\":1300,\"height\":867,\"caption\":\"Fundos de investimento t\u00eam capta\u00e7\u00e3o l\u00edquida de R$ 1,4 bi\"},{\"@type\":\"BreadcrumbList\",\"@id\":\"https:\/\/www.suno.com.br\/noticias\/banco-safra-mudancas-carteira\/#breadcrumb\",\"itemListElement\":[{\"@type\":\"ListItem\",\"position\":1,\"name\":\"Not\u00edcias\",\"item\":\"https:\/\/www.suno.com.br\/noticias\/\"},{\"@type\":\"ListItem\",\"position\":2,\"name\":\"Finan\u00e7as Pessoais\",\"item\":\"https:\/\/www.suno.com.br\/noticias\/financas-pessoais\/\"},{\"@type\":\"ListItem\",\"position\":3,\"name\":\"Banco Safra faz mudan\u00e7as em carteira recomendada de setembro\"}]},{\"@type\":\"WebSite\",\"@id\":\"https:\/\/www.suno.com.br\/noticias\/#website\",\"url\":\"https:\/\/www.suno.com.br\/noticias\/\",\"name\":\"Suno Not\u00edcias\",\"description\":\"Seu portal de informa\u00e7\u00e3o sobre o mundo dos investimentos\",\"publisher\":{\"@id\":\"https:\/\/www.suno.com.br\/noticias\/#organization\"},\"potentialAction\":[{\"@type\":\"SearchAction\",\"target\":{\"@type\":\"EntryPoint\",\"urlTemplate\":\"https:\/\/www.suno.com.br\/noticias\/?s={search_term_string}\"},\"query-input\":{\"@type\":\"PropertyValueSpecification\",\"valueRequired\":true,\"valueName\":\"search_term_string\"}}],\"inLanguage\":\"pt-BR\"},{\"@type\":\"Organization\",\"@id\":\"https:\/\/www.suno.com.br\/noticias\/#organization\",\"name\":\"Suno Not\u00edcias\",\"url\":\"https:\/\/www.suno.com.br\/noticias\/\",\"logo\":{\"@type\":\"ImageObject\",\"inLanguage\":\"pt-BR\",\"@id\":\"https:\/\/www.suno.com.br\/noticias\/#\/schema\/logo\/image\/\",\"url\":\"https:\/\/files.sunoresearch.com.br\/n\/uploads\/2021\/09\/suno-logo.png\",\"contentUrl\":\"https:\/\/files.sunoresearch.com.br\/n\/uploads\/2021\/09\/suno-logo.png\",\"width\":180,\"height\":180,\"caption\":\"Suno Not\u00edcias\"},\"image\":{\"@id\":\"https:\/\/www.suno.com.br\/noticias\/#\/schema\/logo\/image\/\"},\"sameAs\":[\"https:\/\/facebook.com\/sunoresearch\",\"https:\/\/x.com\/sunoresearch\",\"https:\/\/www.instagram.com\/suno\",\"https:\/\/www.linkedin.com\/company\/suno-research\/\",\"https:\/\/www.youtube.com\/c\/sunoresearch\"]},{\"@type\":\"Person\",\"@id\":\"https:\/\/www.suno.com.br\/noticias\/#\/schema\/person\/edc78e26bff487bcad4a7d5e75ca2938\",\"name\":\"Paulo Jaschke\",\"image\":{\"@type\":\"ImageObject\",\"inLanguage\":\"pt-BR\",\"@id\":\"https:\/\/www.suno.com.br\/noticias\/#\/schema\/person\/image\/\",\"url\":\"https:\/\/secure.gravatar.com\/avatar\/d866ede420b0a0e4741620ba27841b8f?s=96&r=g\",\"contentUrl\":\"https:\/\/secure.gravatar.com\/avatar\/d866ede420b0a0e4741620ba27841b8f?s=96&r=g\",\"caption\":\"Paulo Jaschke\"},\"description\":\"Paulo Jaschke \u00e9 estudante de jornalismo na ESPM-SP. Escreve sobre o mercado financeiro, economia e pol\u00edtica internacional para o portal da Suno Research. Tamb\u00e9m escreve sobre economia internacional na ag\u00eancia CMA e \u00e9 rep\u00f3rter esportivo pela Web r\u00e1dio EsportesNet. Em 2018, foi rep\u00f3rter esportivo pela R\u00e1dio ESPM na Copa do Mundo 2018 e escreveu para a Revista Plural ESPM.\",\"sameAs\":[\"https:\/\/www.suno.com.br\/\",\"https:\/\/www.linkedin.com\/in\/paulo-jaschke-328221168\/\"],\"url\":\"https:\/\/www.suno.com.br\/noticias\/author\/paulo-jaschke\/\"}]}<\/script>\n<!-- \/ Yoast SEO plugin. -->","yoast_head_json":{"title":"Banco Safra faz mudan\u00e7as em carteira recomendada de setembro","robots":{"index":"index","follow":"follow","max-snippet":"max-snippet:-1","max-image-preview":"max-image-preview:large","max-video-preview":"max-video-preview:-1"},"canonical":"https:\/\/www.suno.com.br\/noticias\/banco-safra-mudancas-carteira\/","og_locale":"pt_BR","og_type":"article","og_title":"Banco Safra faz mudan\u00e7as em carteira recomendada de setembro","og_description":"O Banco Safra substituiu duas a\u00e7\u00f5es de sua carteira recomendada para o m\u00eas de setembro, segundo relat\u00f3rio enviado aos clientes nesta segunda-feira e creditado aos estrategistas Luis F. Azevedo e Yuri Pereira. Fundos de investimento t\u00eam capta\u00e7\u00e3o l\u00edquida de R$ 1,4 bi Sa\u00edram os papeis do Banco do Brasil ( BBAS3) e Equatorial (EQTL3) e [&hellip;]","og_url":"https:\/\/www.suno.com.br\/noticias\/banco-safra-mudancas-carteira\/","og_site_name":"Suno Not\u00edcias","article_publisher":"https:\/\/facebook.com\/sunoresearch","article_author":"https:\/\/www.linkedin.com\/in\/paulo-jaschke-328221168\/","og_image":[{"width":1300,"height":867,"url":"https:\/\/files.sunoresearch.com.br\/n\/uploads\/2018\/09\/bf29dcff-investing-1-1239039.jpg","type":"image\/jpeg"}],"author":"Paulo Jaschke","twitter_card":"summary_large_image","twitter_creator":"@sunoresearch","twitter_site":"@sunoresearch","twitter_misc":{"Escrito por":"Paulo Jaschke","Est. tempo de leitura":"1 minuto"},"schema":{"@context":"https:\/\/schema.org","@graph":[{"@type":"NewsArticle","@id":"https:\/\/www.suno.com.br\/noticias\/banco-safra-mudancas-carteira\/#article","isPartOf":{"@id":"https:\/\/www.suno.com.br\/noticias\/banco-safra-mudancas-carteira\/"},"author":{"name":"Paulo Jaschke","@id":"https:\/\/www.suno.com.br\/noticias\/#\/schema\/person\/edc78e26bff487bcad4a7d5e75ca2938"},"headline":"Banco Safra faz mudan\u00e7as em carteira recomendada de setembro","datePublished":"2018-09-03T20:41:53+00:00","dateModified":"2021-05-31T00:15:19+00:00","mainEntityOfPage":{"@id":"https:\/\/www.suno.com.br\/noticias\/banco-safra-mudancas-carteira\/"},"wordCount":247,"publisher":{"@id":"https:\/\/www.suno.com.br\/noticias\/#organization"},"image":{"@id":"https:\/\/www.suno.com.br\/noticias\/banco-safra-mudancas-carteira\/#primaryimage"},"thumbnailUrl":"https:\/\/files.sunoresearch.com.br\/n\/uploads\/2018\/09\/bf29dcff-investing-1-1239039-jpg.webp","keywords":["Bradesco (BBDC3\/BBDC4)","Ita\u00fa Unibanco (ITUB3\/ITUB4)","TIM (TIMS3)","Usiminas","Yduqs (YDUQ3)"],"articleSection":["Finan\u00e7as Pessoais"],"inLanguage":"pt-BR"},{"@type":"WebPage","@id":"https:\/\/www.suno.com.br\/noticias\/banco-safra-mudancas-carteira\/","url":"https:\/\/www.suno.com.br\/noticias\/banco-safra-mudancas-carteira\/","name":"Banco Safra faz mudan\u00e7as em carteira recomendada de setembro","isPartOf":{"@id":"https:\/\/www.suno.com.br\/noticias\/#website"},"primaryImageOfPage":{"@id":"https:\/\/www.suno.com.br\/noticias\/banco-safra-mudancas-carteira\/#primaryimage"},"image":{"@id":"https:\/\/www.suno.com.br\/noticias\/banco-safra-mudancas-carteira\/#primaryimage"},"thumbnailUrl":"https:\/\/files.sunoresearch.com.br\/n\/uploads\/2018\/09\/bf29dcff-investing-1-1239039-jpg.webp","datePublished":"2018-09-03T20:41:53+00:00","dateModified":"2021-05-31T00:15:19+00:00","breadcrumb":{"@id":"https:\/\/www.suno.com.br\/noticias\/banco-safra-mudancas-carteira\/#breadcrumb"},"inLanguage":"pt-BR","potentialAction":[{"@type":"ReadAction","target":["https:\/\/www.suno.com.br\/noticias\/banco-safra-mudancas-carteira\/"]}]},{"@type":"ImageObject","inLanguage":"pt-BR","@id":"https:\/\/www.suno.com.br\/noticias\/banco-safra-mudancas-carteira\/#primaryimage","url":"https:\/\/files.sunoresearch.com.br\/n\/uploads\/2018\/09\/bf29dcff-investing-1-1239039-jpg.webp","contentUrl":"https:\/\/files.sunoresearch.com.br\/n\/uploads\/2018\/09\/bf29dcff-investing-1-1239039-jpg.webp","width":1300,"height":867,"caption":"Fundos de investimento t\u00eam capta\u00e7\u00e3o l\u00edquida de R$ 1,4 bi"},{"@type":"BreadcrumbList","@id":"https:\/\/www.suno.com.br\/noticias\/banco-safra-mudancas-carteira\/#breadcrumb","itemListElement":[{"@type":"ListItem","position":1,"name":"Not\u00edcias","item":"https:\/\/www.suno.com.br\/noticias\/"},{"@type":"ListItem","position":2,"name":"Finan\u00e7as Pessoais","item":"https:\/\/www.suno.com.br\/noticias\/financas-pessoais\/"},{"@type":"ListItem","position":3,"name":"Banco Safra faz mudan\u00e7as em carteira recomendada de setembro"}]},{"@type":"WebSite","@id":"https:\/\/www.suno.com.br\/noticias\/#website","url":"https:\/\/www.suno.com.br\/noticias\/","name":"Suno Not\u00edcias","description":"Seu portal de informa\u00e7\u00e3o sobre o mundo dos investimentos","publisher":{"@id":"https:\/\/www.suno.com.br\/noticias\/#organization"},"potentialAction":[{"@type":"SearchAction","target":{"@type":"EntryPoint","urlTemplate":"https:\/\/www.suno.com.br\/noticias\/?s={search_term_string}"},"query-input":{"@type":"PropertyValueSpecification","valueRequired":true,"valueName":"search_term_string"}}],"inLanguage":"pt-BR"},{"@type":"Organization","@id":"https:\/\/www.suno.com.br\/noticias\/#organization","name":"Suno Not\u00edcias","url":"https:\/\/www.suno.com.br\/noticias\/","logo":{"@type":"ImageObject","inLanguage":"pt-BR","@id":"https:\/\/www.suno.com.br\/noticias\/#\/schema\/logo\/image\/","url":"https:\/\/files.sunoresearch.com.br\/n\/uploads\/2021\/09\/suno-logo.png","contentUrl":"https:\/\/files.sunoresearch.com.br\/n\/uploads\/2021\/09\/suno-logo.png","width":180,"height":180,"caption":"Suno Not\u00edcias"},"image":{"@id":"https:\/\/www.suno.com.br\/noticias\/#\/schema\/logo\/image\/"},"sameAs":["https:\/\/facebook.com\/sunoresearch","https:\/\/x.com\/sunoresearch","https:\/\/www.instagram.com\/suno","https:\/\/www.linkedin.com\/company\/suno-research\/","https:\/\/www.youtube.com\/c\/sunoresearch"]},{"@type":"Person","@id":"https:\/\/www.suno.com.br\/noticias\/#\/schema\/person\/edc78e26bff487bcad4a7d5e75ca2938","name":"Paulo Jaschke","image":{"@type":"ImageObject","inLanguage":"pt-BR","@id":"https:\/\/www.suno.com.br\/noticias\/#\/schema\/person\/image\/","url":"https:\/\/secure.gravatar.com\/avatar\/d866ede420b0a0e4741620ba27841b8f?s=96&r=g","contentUrl":"https:\/\/secure.gravatar.com\/avatar\/d866ede420b0a0e4741620ba27841b8f?s=96&r=g","caption":"Paulo Jaschke"},"description":"Paulo Jaschke \u00e9 estudante de jornalismo na ESPM-SP. Escreve sobre o mercado financeiro, economia e pol\u00edtica internacional para o portal da Suno Research. Tamb\u00e9m escreve sobre economia internacional na ag\u00eancia CMA e \u00e9 rep\u00f3rter esportivo pela Web r\u00e1dio EsportesNet. Em 2018, foi rep\u00f3rter esportivo pela R\u00e1dio ESPM na Copa do Mundo 2018 e escreveu para a Revista Plural ESPM.","sameAs":["https:\/\/www.suno.com.br\/","https:\/\/www.linkedin.com\/in\/paulo-jaschke-328221168\/"],"url":"https:\/\/www.suno.com.br\/noticias\/author\/paulo-jaschke\/"}]}},"default_loop_html":"<div class=\"cardsPage__listCard__boxs\"><div class=\"cardsPage__listCard__boxs__img\"><a href=\"https:\/\/www.suno.com.br\/noticias\/banco-safra-mudancas-carteira\/\"><img class=\"mask\" src=\"https:\/\/www.suno.com.br\/noticias\/wp-content\/themes\/suno\/resources\/images\/spotlight\/spotlight1img\/bg-mask.png\" alt=\"Image Mask\"\/><img src=\"https:\/\/files.sunoresearch.com.br\/n\/uploads\/2018\/09\/bf29dcff-investing-1-1239039-400x200.webp\" alt=\"Banco Safra faz mudan\u00e7as em carteira recomendada de setembro\"\/><\/a><span class=\"spotlightCategory\"><a href=\"https:\/\/www.suno.com.br\/noticias\/financas-pessoais\/\">Finan\u00e7as Pessoais<\/a><\/span><\/div><div class=\"cardsPage__listCard__boxs__content\"><a href=\"https:\/\/www.suno.com.br\/noticias\/banco-safra-mudancas-carteira\/\"><h2 class=\"content__title\">Banco Safra faz mudan\u00e7as em carteira recomendada de setembro<\/h2><\/a><div class=\"newsContent__article__meta\"><div class=\"newsContent__article__meta__authorBox\"><a href=\"https:\/\/www.suno.com.br\/noticias\/author\/paulo-jaschke\/\" class=\"authorBox__avatar noMobi\"><img src=\"https:\/\/secure.gravatar.com\/avatar\/d866ede420b0a0e4741620ba27841b8f?s=96&#038;r=g\" alt=\"Paulo Jaschke\"><\/a><div class=\"authorBox__name\"><span>por\n\t\t\t<a href=\"https:\/\/www.suno.com.br\/noticias\/author\/paulo-jaschke\/\"><span itemprop=\"author\">Paulo Jaschke<\/span><\/a><\/span><time datetime=\"2018-09-03T17:41:53-03:00\" itemprop=\"datePublished\">03\/09\/2018 17:41<\/time><\/div><\/div><\/div><\/div><\/div>","single_layout":"posts","amp_enabled":true,"_links":{"self":[{"href":"https:\/\/www.suno.com.br\/noticias\/wp-json\/wp\/v2\/posts\/3395"}],"collection":[{"href":"https:\/\/www.suno.com.br\/noticias\/wp-json\/wp\/v2\/posts"}],"about":[{"href":"https:\/\/www.suno.com.br\/noticias\/wp-json\/wp\/v2\/types\/post"}],"author":[{"embeddable":true,"href":"https:\/\/www.suno.com.br\/noticias\/wp-json\/wp\/v2\/users\/6"}],"replies":[{"embeddable":true,"href":"https:\/\/www.suno.com.br\/noticias\/wp-json\/wp\/v2\/comments?post=3395"}],"version-history":[{"count":1,"href":"https:\/\/www.suno.com.br\/noticias\/wp-json\/wp\/v2\/posts\/3395\/revisions"}],"predecessor-version":[{"id":152638,"href":"https:\/\/www.suno.com.br\/noticias\/wp-json\/wp\/v2\/posts\/3395\/revisions\/152638"}],"wp:featuredmedia":[{"embeddable":true,"href":"https:\/\/www.suno.com.br\/noticias\/wp-json\/wp\/v2\/media\/3396"}],"wp:attachment":[{"href":"https:\/\/www.suno.com.br\/noticias\/wp-json\/wp\/v2\/media?parent=3395"}],"wp:term":[{"taxonomy":"category","embeddable":true,"href":"https:\/\/www.suno.com.br\/noticias\/wp-json\/wp\/v2\/categories?post=3395"},{"taxonomy":"post_tag","embeddable":true,"href":"https:\/\/www.suno.com.br\/noticias\/wp-json\/wp\/v2\/tags?post=3395"},{"taxonomy":"suno_strategy","embeddable":true,"href":"https:\/\/www.suno.com.br\/noticias\/wp-json\/wp\/v2\/suno_strategy?post=3395"}],"curies":[{"name":"wp","href":"https:\/\/api.w.org\/{rel}","templated":true}]}}