{"id":33936,"date":"2019-08-13T19:08:13","date_gmt":"2019-08-13T22:08:13","guid":{"rendered":"https:\/\/www.suno.com.br\/noticias\/?p=33936"},"modified":"2019-08-13T19:08:13","modified_gmt":"2019-08-13T22:08:13","slug":"privatizacao-eletrobras-definida-setembro-presidente","status":"publish","type":"post","link":"https:\/\/www.suno.com.br\/noticias\/privatizacao-eletrobras-definida-setembro-presidente\/","title":{"rendered":"Privatiza\u00e7\u00e3o da Eletrobras deve ser definida em setembro, diz presidente"},"content":{"rendered":"<p>O presidente da Eletrobras, Wilson Ferreira J\u00fanior, declarou que o plano de <strong>privatiza\u00e7\u00e3o<\/strong> da <strong>estatal<\/strong> deve ser conclu\u00eddo em setembro. A declara\u00e7\u00e3o ocorreu durante uma teleconfer\u00eancia para os acionistas da empresa nesta ter\u00e7a-feira (13).<\/p>\t<div class=\"wrapper-featured-image\">\n\t\t<figure class=\"spotlightImg\">\n\n\t\t\t<picture>\n\t\t\t\t<source media=\"(max-width: 768px)\" srcset=\"https:\/\/files.sunoresearch.com.br\/n\/uploads\/2019\/08\/b69fb402-eletrobras-e1541444415929-1024x992-400x200.webp\">\n\t\t\t\t<img loading=\"lazy\" decoding=\"async\" class=\"newsContent__article__imgCapa lazyloadDisabled newsContent__article__imgCapa--noCaption\" src=\"https:\/\/files.sunoresearch.com.br\/n\/uploads\/2019\/08\/b69fb402-eletrobras-e1541444415929-1024x992-800x450.webp\" width=\"800\" height=\"450\" alt=\"Privatiza\u00e7\u00e3o da Eletrobras deve ser definida em setembro, diz presidente\" fetchpriority=high \/>\n\t\t\t<\/picture>\n\n\t\t\t<figcaption class=\"wp-caption-text wp-caption-text--hide\">Eletrobras (ELET3) (Foto: Divulga\u00e7\u00e3o)<\/figcaption>\n\t\t<\/figure>\n\t<\/div>\n\n\n<p>Ferreira J\u00fanior afirmou que o processo da <strong>Eletrobras<\/strong> dever\u00e1 ser semelhante ao de capitaliza\u00e7\u00e3o da BR Distribuidora. No entanto, o presidente ressaltou que o plano ser\u00e1 definido pelos minist\u00e9rios de <strong>Minas e Energia<\/strong> e da <strong>Economia<\/strong>.<\/p>\n\n<p>&#8220;A decis\u00e3o \u00e9 de capitaliza\u00e7\u00e3o. O que significa? Que a companhia \u00e9 aberta. Voc\u00eas acompanharam a BR Distribuidora. A opera\u00e7\u00e3o com a Eletrobras \u00e9 semelhante, n\u00e3o igual&#8221;, explicou o presidente da empresa.<\/p>\n<p>Segundo o ministro de Minas e Energia, Bento Albuquerque, a privatiza\u00e7\u00e3o da Eletrobras deve ser finalizada at\u00e9 fevereiro de 2020.<\/p>\n<h2>Angra 3<\/h2>\n<p>Al\u00e9m disso, Ferreira Junior afirmou que a desestatiza\u00e7\u00e3o permitir\u00e1 um s\u00f3cio privado na usina nuclear de <strong>Angra 3<\/strong>.<\/p>\n<p>\u201cEsperamos nesse semestre ter a defini\u00e7\u00e3o do modelo de neg\u00f3cios, que \u00e9 a maneira que vamos abrigar um s\u00f3cio e o andamento do leil\u00e3o internacional que vai escolher um parceiro privado&#8221;, afirmou o presidente.<\/p>\n\t<p>\n\t\t<a href=\"https:\/\/lp2.suno.com.br\/pv\/curso-zero-ao-primeiro-rendimento\/?utm_source=suno-noticias&#038;utm_medium=banner&#038;utm_campaign=_SNC4CCF8112_\" target=\"_blank\" data-element=\"shortcode-suno-banner\" title=\"Banner SUNO, clique e saiba mais\">\n\t\t\t<picture>\n\t\t\t\t<source media=\"(max-width: 500px)\" srcset=\"https:\/\/files.sunoresearch.com.br\/n\/uploads\/2025\/12\/Artigos-e-Noticias-Banner-Materias-02-Mobile_-400x300-1-png.webp\">\n\t\t\t\t<img class=\"newsContent__article__imgCapa newsContent__article__imgCapa--banner\"\n\t\t\t\t\tsrc=\"https:\/\/files.sunoresearch.com.br\/n\/uploads\/2025\/12\/Artigos-e-Noticias-Banner-Materias-01-Desktop_-1420x240-1-png.webp\"\n\t\t\t\t\tdata-promo-id=\"635313\"\t\t\t\t\t\t\t\t\t\twidth='1420' height='240'\t\t\t\t\talt=\"https:\/\/files.sunoresearch.com.br\/n\/uploads\/2025\/12\/Artigos-e-Noticias-Banner-Materias-01-Desktop_-1420x240-1-png.webp\"\n\t\t\t\t>\n\t\t\t<\/picture>\n\t\t<\/a>\n\t<\/p>\n\n\n<p>A usina, localizada em Angra dos Reis, no Rio de Janeiro, ter\u00e1 pot\u00eancia de 1.405 megawatts (MW). A constru\u00e7\u00e3o teve in\u00edcio em 1984, mas as obras duraram dois anos, sendo que, em 1986, foram paralisadas.<\/p>\n<p>Em 2009, as obras retornaram, entretanto, foram interrompidas novamente por conta da Opera\u00e7\u00e3o Lava Jato. Agora a expectativa \u00e9 de que a usina nuclear deve ser conclu\u00edda at\u00e9 2026.<\/p>\n<h2>Resultados do 2T19 da Eletrobras<\/h2>\n<p>A Centrais El\u00e9tricas Brasileiras (Eletrobras) elevou seu lucro l\u00edquido em 305% no segundo trimestre de 2019 ante o mesmo per\u00edodo de 2018. Com isso, o resultado obtido entre abril e junho foi de R$ 5,5 bilh\u00f5es. Nos mesmos meses de 2018, a companhia informou um resultado de R$ 1,3 bilh\u00e3o.<\/p>\n<p><a href=\"https:\/\/www.suno.com.br\/noticias\/eletrobras-lucra-55-bilhoes-segundo-trimestre\/\">Saiba mais: Eletrobras lucra R$ 5,5 bilh\u00f5es no segundo trimestre<\/a><\/p>\n<p>O resultado obtido pela maior empresa de eletricidade da Am\u00e9rica Latina foi impulsionado pela privatiza\u00e7\u00e3o da Amazonas Energia. O lucro obtido atrav\u00e9s do processo foi de R$ 5,2 bilh\u00f5es.<\/p>\n<p>A <strong>Eletrobras<\/strong> apresentou uma <a href=\"https:\/\/www.suno.com.br\/artigos\/receita-operacional\/\">receita operacional<\/a> l\u00edquida de R$ 6,6 bilh\u00f5es. Isso representa uma alta de 12% na compara\u00e7\u00e3o anual.<\/p>\n","protected":false},"excerpt":{"rendered":"<p>O presidente da Eletrobras, Wilson Ferreira J\u00fanior, declarou que o plano de privatiza\u00e7\u00e3o da estatal deve ser conclu\u00eddo em setembro. A declara\u00e7\u00e3o ocorreu durante uma teleconfer\u00eancia para os acionistas da empresa nesta ter\u00e7a-feira (13). Eletrobras (ELET3) (Foto: Divulga\u00e7\u00e3o) Ferreira J\u00fanior afirmou que o processo da Eletrobras dever\u00e1 ser semelhante ao de capitaliza\u00e7\u00e3o da BR Distribuidora. [&hellip;]<\/p>\n","protected":false},"author":18,"featured_media":32791,"comment_status":"closed","ping_status":"closed","sticky":false,"template":"","format":"standard","meta":[],"categories":[64],"tags":[1256,740,455,1227,945],"suno_strategy":[],"class_list":["post-33936","post","type-post","status-publish","format-standard","has-post-thumbnail","hentry","category-negocios","tag-angra-3","tag-economia","tag-eletrobras-elet3-elet5-elet6","tag-ministerio-de-minas-e-energia","tag-privatizacoes"],"yoast_head":"<!-- This site is optimized with the Yoast SEO plugin v24.4 - https:\/\/yoast.com\/wordpress\/plugins\/seo\/ -->\n<title>Privatiza\u00e7\u00e3o da Eletrobras deve ser definida em setembro, diz presidente<\/title>\n<meta name=\"description\" content=\"O presidente da Eletrobras declarou que o plano de privatiza\u00e7\u00e3o da estatal deve ser conclu\u00eddo em setembro. Clique para saber mais.\" \/>\n<meta name=\"robots\" content=\"index, follow, max-snippet:-1, max-image-preview:large, max-video-preview:-1\" \/>\n<link rel=\"canonical\" href=\"https:\/\/www.suno.com.br\/noticias\/privatizacao-eletrobras-definida-setembro-presidente\/\" \/>\n<meta property=\"og:locale\" content=\"pt_BR\" \/>\n<meta property=\"og:type\" content=\"article\" \/>\n<meta property=\"og:title\" content=\"Privatiza\u00e7\u00e3o da Eletrobras deve ser definida em setembro, diz presidente\" \/>\n<meta property=\"og:description\" content=\"O presidente da Eletrobras declarou que o plano de privatiza\u00e7\u00e3o da estatal deve ser conclu\u00eddo em setembro. Clique para saber mais.\" \/>\n<meta property=\"og:url\" content=\"https:\/\/www.suno.com.br\/noticias\/privatizacao-eletrobras-definida-setembro-presidente\/\" \/>\n<meta property=\"og:site_name\" content=\"Suno Not\u00edcias\" \/>\n<meta property=\"article:publisher\" content=\"https:\/\/facebook.com\/sunoresearch\" \/>\n<meta property=\"og:image\" content=\"https:\/\/files.sunoresearch.com.br\/n\/uploads\/2019\/08\/b69fb402-eletrobras-e1541444415929-1024x992.jpg\" \/>\n\t<meta property=\"og:image:width\" content=\"1024\" \/>\n\t<meta property=\"og:image:height\" content=\"992\" \/>\n\t<meta property=\"og:image:type\" content=\"image\/jpeg\" \/>\n<meta name=\"author\" content=\"Giovanna Oliveira\" \/>\n<meta name=\"twitter:card\" content=\"summary_large_image\" \/>\n<meta name=\"twitter:creator\" content=\"@sunoresearch\" \/>\n<meta name=\"twitter:site\" content=\"@sunoresearch\" \/>\n<meta name=\"twitter:label1\" content=\"Escrito por\" \/>\n\t<meta name=\"twitter:data1\" content=\"Giovanna Oliveira\" \/>\n\t<meta name=\"twitter:label2\" content=\"Est. tempo de leitura\" \/>\n\t<meta name=\"twitter:data2\" content=\"2 minutos\" \/>\n<script type=\"application\/ld+json\" class=\"yoast-schema-graph\">{\"@context\":\"https:\/\/schema.org\",\"@graph\":[{\"@type\":\"NewsArticle\",\"@id\":\"https:\/\/www.suno.com.br\/noticias\/privatizacao-eletrobras-definida-setembro-presidente\/#article\",\"isPartOf\":{\"@id\":\"https:\/\/www.suno.com.br\/noticias\/privatizacao-eletrobras-definida-setembro-presidente\/\"},\"author\":{\"name\":\"Giovanna Oliveira\",\"@id\":\"https:\/\/www.suno.com.br\/noticias\/#\/schema\/person\/4e19e3d2575736e5283d58eb3199d120\"},\"headline\":\"Privatiza\u00e7\u00e3o da Eletrobras deve ser definida em setembro, diz presidente\",\"datePublished\":\"2019-08-13T22:08:13+00:00\",\"mainEntityOfPage\":{\"@id\":\"https:\/\/www.suno.com.br\/noticias\/privatizacao-eletrobras-definida-setembro-presidente\/\"},\"wordCount\":386,\"publisher\":{\"@id\":\"https:\/\/www.suno.com.br\/noticias\/#organization\"},\"image\":{\"@id\":\"https:\/\/www.suno.com.br\/noticias\/privatizacao-eletrobras-definida-setembro-presidente\/#primaryimage\"},\"thumbnailUrl\":\"https:\/\/files.sunoresearch.com.br\/n\/uploads\/2019\/08\/b69fb402-eletrobras-e1541444415929-1024x992-jpg.webp\",\"keywords\":[\"Angra 3\",\"Economia\",\"Eletrobras (ELET3\/ELET5\/ELET6)\",\"Minist\u00e9rio de Minas e Energia\",\"privatiza\u00e7\u00f5es\"],\"articleSection\":[\"Neg\u00f3cios\"],\"inLanguage\":\"pt-BR\"},{\"@type\":\"WebPage\",\"@id\":\"https:\/\/www.suno.com.br\/noticias\/privatizacao-eletrobras-definida-setembro-presidente\/\",\"url\":\"https:\/\/www.suno.com.br\/noticias\/privatizacao-eletrobras-definida-setembro-presidente\/\",\"name\":\"Privatiza\u00e7\u00e3o da Eletrobras deve ser definida em setembro, diz presidente\",\"isPartOf\":{\"@id\":\"https:\/\/www.suno.com.br\/noticias\/#website\"},\"primaryImageOfPage\":{\"@id\":\"https:\/\/www.suno.com.br\/noticias\/privatizacao-eletrobras-definida-setembro-presidente\/#primaryimage\"},\"image\":{\"@id\":\"https:\/\/www.suno.com.br\/noticias\/privatizacao-eletrobras-definida-setembro-presidente\/#primaryimage\"},\"thumbnailUrl\":\"https:\/\/files.sunoresearch.com.br\/n\/uploads\/2019\/08\/b69fb402-eletrobras-e1541444415929-1024x992-jpg.webp\",\"datePublished\":\"2019-08-13T22:08:13+00:00\",\"description\":\"O presidente da Eletrobras declarou que o plano de privatiza\u00e7\u00e3o da estatal deve ser conclu\u00eddo em setembro. Clique para saber mais.\",\"breadcrumb\":{\"@id\":\"https:\/\/www.suno.com.br\/noticias\/privatizacao-eletrobras-definida-setembro-presidente\/#breadcrumb\"},\"inLanguage\":\"pt-BR\",\"potentialAction\":[{\"@type\":\"ReadAction\",\"target\":[\"https:\/\/www.suno.com.br\/noticias\/privatizacao-eletrobras-definida-setembro-presidente\/\"]}]},{\"@type\":\"ImageObject\",\"inLanguage\":\"pt-BR\",\"@id\":\"https:\/\/www.suno.com.br\/noticias\/privatizacao-eletrobras-definida-setembro-presidente\/#primaryimage\",\"url\":\"https:\/\/files.sunoresearch.com.br\/n\/uploads\/2019\/08\/b69fb402-eletrobras-e1541444415929-1024x992-jpg.webp\",\"contentUrl\":\"https:\/\/files.sunoresearch.com.br\/n\/uploads\/2019\/08\/b69fb402-eletrobras-e1541444415929-1024x992-jpg.webp\",\"width\":1024,\"height\":992,\"caption\":\"Eletrobras (ELET3) (Foto: Divulga\u00e7\u00e3o)\"},{\"@type\":\"BreadcrumbList\",\"@id\":\"https:\/\/www.suno.com.br\/noticias\/privatizacao-eletrobras-definida-setembro-presidente\/#breadcrumb\",\"itemListElement\":[{\"@type\":\"ListItem\",\"position\":1,\"name\":\"Not\u00edcias\",\"item\":\"https:\/\/www.suno.com.br\/noticias\/\"},{\"@type\":\"ListItem\",\"position\":2,\"name\":\"Neg\u00f3cios\",\"item\":\"https:\/\/www.suno.com.br\/noticias\/negocios\/\"},{\"@type\":\"ListItem\",\"position\":3,\"name\":\"Privatiza\u00e7\u00e3o da Eletrobras deve ser definida em setembro, diz presidente\"}]},{\"@type\":\"WebSite\",\"@id\":\"https:\/\/www.suno.com.br\/noticias\/#website\",\"url\":\"https:\/\/www.suno.com.br\/noticias\/\",\"name\":\"Suno Not\u00edcias\",\"description\":\"Seu portal de informa\u00e7\u00e3o sobre o mundo dos investimentos\",\"publisher\":{\"@id\":\"https:\/\/www.suno.com.br\/noticias\/#organization\"},\"potentialAction\":[{\"@type\":\"SearchAction\",\"target\":{\"@type\":\"EntryPoint\",\"urlTemplate\":\"https:\/\/www.suno.com.br\/noticias\/?s={search_term_string}\"},\"query-input\":{\"@type\":\"PropertyValueSpecification\",\"valueRequired\":true,\"valueName\":\"search_term_string\"}}],\"inLanguage\":\"pt-BR\"},{\"@type\":\"Organization\",\"@id\":\"https:\/\/www.suno.com.br\/noticias\/#organization\",\"name\":\"Suno Not\u00edcias\",\"url\":\"https:\/\/www.suno.com.br\/noticias\/\",\"logo\":{\"@type\":\"ImageObject\",\"inLanguage\":\"pt-BR\",\"@id\":\"https:\/\/www.suno.com.br\/noticias\/#\/schema\/logo\/image\/\",\"url\":\"https:\/\/files.sunoresearch.com.br\/n\/uploads\/2021\/09\/suno-logo.png\",\"contentUrl\":\"https:\/\/files.sunoresearch.com.br\/n\/uploads\/2021\/09\/suno-logo.png\",\"width\":180,\"height\":180,\"caption\":\"Suno Not\u00edcias\"},\"image\":{\"@id\":\"https:\/\/www.suno.com.br\/noticias\/#\/schema\/logo\/image\/\"},\"sameAs\":[\"https:\/\/facebook.com\/sunoresearch\",\"https:\/\/x.com\/sunoresearch\",\"https:\/\/www.instagram.com\/suno\",\"https:\/\/www.linkedin.com\/company\/suno-research\/\",\"https:\/\/www.youtube.com\/c\/sunoresearch\"]},{\"@type\":\"Person\",\"@id\":\"https:\/\/www.suno.com.br\/noticias\/#\/schema\/person\/4e19e3d2575736e5283d58eb3199d120\",\"name\":\"Giovanna Oliveira\",\"image\":{\"@type\":\"ImageObject\",\"inLanguage\":\"pt-BR\",\"@id\":\"https:\/\/www.suno.com.br\/noticias\/#\/schema\/person\/image\/\",\"url\":\"https:\/\/secure.gravatar.com\/avatar\/9a37b3ae208962ac568992d0ffdbc2eb?s=96&r=g\",\"contentUrl\":\"https:\/\/secure.gravatar.com\/avatar\/9a37b3ae208962ac568992d0ffdbc2eb?s=96&r=g\",\"caption\":\"Giovanna Oliveira\"},\"description\":\"Giovanna Oliveira escreve sobre economia e pol\u00edtica. Foi rep\u00f3rter do portal de jornalismo da ESPM-SP e produziu conte\u00fado para a Corinthians TV. \u00c9 estudante da ESPM.\",\"url\":\"https:\/\/www.suno.com.br\/noticias\/author\/giovanna\/\"}]}<\/script>\n<!-- \/ Yoast SEO plugin. -->","yoast_head_json":{"title":"Privatiza\u00e7\u00e3o da Eletrobras deve ser definida em setembro, diz presidente","description":"O presidente da Eletrobras declarou que o plano de privatiza\u00e7\u00e3o da estatal deve ser conclu\u00eddo em setembro. Clique para saber mais.","robots":{"index":"index","follow":"follow","max-snippet":"max-snippet:-1","max-image-preview":"max-image-preview:large","max-video-preview":"max-video-preview:-1"},"canonical":"https:\/\/www.suno.com.br\/noticias\/privatizacao-eletrobras-definida-setembro-presidente\/","og_locale":"pt_BR","og_type":"article","og_title":"Privatiza\u00e7\u00e3o da Eletrobras deve ser definida em setembro, diz presidente","og_description":"O presidente da Eletrobras declarou que o plano de privatiza\u00e7\u00e3o da estatal deve ser conclu\u00eddo em setembro. Clique para saber mais.","og_url":"https:\/\/www.suno.com.br\/noticias\/privatizacao-eletrobras-definida-setembro-presidente\/","og_site_name":"Suno Not\u00edcias","article_publisher":"https:\/\/facebook.com\/sunoresearch","og_image":[{"width":1024,"height":992,"url":"https:\/\/files.sunoresearch.com.br\/n\/uploads\/2019\/08\/b69fb402-eletrobras-e1541444415929-1024x992.jpg","type":"image\/jpeg"}],"author":"Giovanna Oliveira","twitter_card":"summary_large_image","twitter_creator":"@sunoresearch","twitter_site":"@sunoresearch","twitter_misc":{"Escrito por":"Giovanna Oliveira","Est. tempo de leitura":"2 minutos"},"schema":{"@context":"https:\/\/schema.org","@graph":[{"@type":"NewsArticle","@id":"https:\/\/www.suno.com.br\/noticias\/privatizacao-eletrobras-definida-setembro-presidente\/#article","isPartOf":{"@id":"https:\/\/www.suno.com.br\/noticias\/privatizacao-eletrobras-definida-setembro-presidente\/"},"author":{"name":"Giovanna Oliveira","@id":"https:\/\/www.suno.com.br\/noticias\/#\/schema\/person\/4e19e3d2575736e5283d58eb3199d120"},"headline":"Privatiza\u00e7\u00e3o da Eletrobras deve ser definida em setembro, diz presidente","datePublished":"2019-08-13T22:08:13+00:00","mainEntityOfPage":{"@id":"https:\/\/www.suno.com.br\/noticias\/privatizacao-eletrobras-definida-setembro-presidente\/"},"wordCount":386,"publisher":{"@id":"https:\/\/www.suno.com.br\/noticias\/#organization"},"image":{"@id":"https:\/\/www.suno.com.br\/noticias\/privatizacao-eletrobras-definida-setembro-presidente\/#primaryimage"},"thumbnailUrl":"https:\/\/files.sunoresearch.com.br\/n\/uploads\/2019\/08\/b69fb402-eletrobras-e1541444415929-1024x992-jpg.webp","keywords":["Angra 3","Economia","Eletrobras (ELET3\/ELET5\/ELET6)","Minist\u00e9rio de Minas e Energia","privatiza\u00e7\u00f5es"],"articleSection":["Neg\u00f3cios"],"inLanguage":"pt-BR"},{"@type":"WebPage","@id":"https:\/\/www.suno.com.br\/noticias\/privatizacao-eletrobras-definida-setembro-presidente\/","url":"https:\/\/www.suno.com.br\/noticias\/privatizacao-eletrobras-definida-setembro-presidente\/","name":"Privatiza\u00e7\u00e3o da Eletrobras deve ser definida em setembro, diz presidente","isPartOf":{"@id":"https:\/\/www.suno.com.br\/noticias\/#website"},"primaryImageOfPage":{"@id":"https:\/\/www.suno.com.br\/noticias\/privatizacao-eletrobras-definida-setembro-presidente\/#primaryimage"},"image":{"@id":"https:\/\/www.suno.com.br\/noticias\/privatizacao-eletrobras-definida-setembro-presidente\/#primaryimage"},"thumbnailUrl":"https:\/\/files.sunoresearch.com.br\/n\/uploads\/2019\/08\/b69fb402-eletrobras-e1541444415929-1024x992-jpg.webp","datePublished":"2019-08-13T22:08:13+00:00","description":"O presidente da Eletrobras declarou que o plano de privatiza\u00e7\u00e3o da estatal deve ser conclu\u00eddo em setembro. Clique para saber mais.","breadcrumb":{"@id":"https:\/\/www.suno.com.br\/noticias\/privatizacao-eletrobras-definida-setembro-presidente\/#breadcrumb"},"inLanguage":"pt-BR","potentialAction":[{"@type":"ReadAction","target":["https:\/\/www.suno.com.br\/noticias\/privatizacao-eletrobras-definida-setembro-presidente\/"]}]},{"@type":"ImageObject","inLanguage":"pt-BR","@id":"https:\/\/www.suno.com.br\/noticias\/privatizacao-eletrobras-definida-setembro-presidente\/#primaryimage","url":"https:\/\/files.sunoresearch.com.br\/n\/uploads\/2019\/08\/b69fb402-eletrobras-e1541444415929-1024x992-jpg.webp","contentUrl":"https:\/\/files.sunoresearch.com.br\/n\/uploads\/2019\/08\/b69fb402-eletrobras-e1541444415929-1024x992-jpg.webp","width":1024,"height":992,"caption":"Eletrobras (ELET3) (Foto: Divulga\u00e7\u00e3o)"},{"@type":"BreadcrumbList","@id":"https:\/\/www.suno.com.br\/noticias\/privatizacao-eletrobras-definida-setembro-presidente\/#breadcrumb","itemListElement":[{"@type":"ListItem","position":1,"name":"Not\u00edcias","item":"https:\/\/www.suno.com.br\/noticias\/"},{"@type":"ListItem","position":2,"name":"Neg\u00f3cios","item":"https:\/\/www.suno.com.br\/noticias\/negocios\/"},{"@type":"ListItem","position":3,"name":"Privatiza\u00e7\u00e3o da Eletrobras deve ser definida em setembro, diz presidente"}]},{"@type":"WebSite","@id":"https:\/\/www.suno.com.br\/noticias\/#website","url":"https:\/\/www.suno.com.br\/noticias\/","name":"Suno Not\u00edcias","description":"Seu portal de informa\u00e7\u00e3o sobre o mundo dos investimentos","publisher":{"@id":"https:\/\/www.suno.com.br\/noticias\/#organization"},"potentialAction":[{"@type":"SearchAction","target":{"@type":"EntryPoint","urlTemplate":"https:\/\/www.suno.com.br\/noticias\/?s={search_term_string}"},"query-input":{"@type":"PropertyValueSpecification","valueRequired":true,"valueName":"search_term_string"}}],"inLanguage":"pt-BR"},{"@type":"Organization","@id":"https:\/\/www.suno.com.br\/noticias\/#organization","name":"Suno Not\u00edcias","url":"https:\/\/www.suno.com.br\/noticias\/","logo":{"@type":"ImageObject","inLanguage":"pt-BR","@id":"https:\/\/www.suno.com.br\/noticias\/#\/schema\/logo\/image\/","url":"https:\/\/files.sunoresearch.com.br\/n\/uploads\/2021\/09\/suno-logo.png","contentUrl":"https:\/\/files.sunoresearch.com.br\/n\/uploads\/2021\/09\/suno-logo.png","width":180,"height":180,"caption":"Suno Not\u00edcias"},"image":{"@id":"https:\/\/www.suno.com.br\/noticias\/#\/schema\/logo\/image\/"},"sameAs":["https:\/\/facebook.com\/sunoresearch","https:\/\/x.com\/sunoresearch","https:\/\/www.instagram.com\/suno","https:\/\/www.linkedin.com\/company\/suno-research\/","https:\/\/www.youtube.com\/c\/sunoresearch"]},{"@type":"Person","@id":"https:\/\/www.suno.com.br\/noticias\/#\/schema\/person\/4e19e3d2575736e5283d58eb3199d120","name":"Giovanna Oliveira","image":{"@type":"ImageObject","inLanguage":"pt-BR","@id":"https:\/\/www.suno.com.br\/noticias\/#\/schema\/person\/image\/","url":"https:\/\/secure.gravatar.com\/avatar\/9a37b3ae208962ac568992d0ffdbc2eb?s=96&r=g","contentUrl":"https:\/\/secure.gravatar.com\/avatar\/9a37b3ae208962ac568992d0ffdbc2eb?s=96&r=g","caption":"Giovanna Oliveira"},"description":"Giovanna Oliveira escreve sobre economia e pol\u00edtica. Foi rep\u00f3rter do portal de jornalismo da ESPM-SP e produziu conte\u00fado para a Corinthians TV. \u00c9 estudante da ESPM.","url":"https:\/\/www.suno.com.br\/noticias\/author\/giovanna\/"}]}},"default_loop_html":"<div class=\"cardsPage__listCard__boxs\"><div class=\"cardsPage__listCard__boxs__img\"><a href=\"https:\/\/www.suno.com.br\/noticias\/privatizacao-eletrobras-definida-setembro-presidente\/\"><img class=\"mask\" src=\"https:\/\/www.suno.com.br\/noticias\/wp-content\/themes\/suno\/resources\/images\/spotlight\/spotlight1img\/bg-mask.png\" alt=\"Image Mask\"\/><img src=\"https:\/\/files.sunoresearch.com.br\/n\/uploads\/2019\/08\/b69fb402-eletrobras-e1541444415929-1024x992-400x200.webp\" alt=\"Privatiza\u00e7\u00e3o da Eletrobras deve ser definida em setembro, diz presidente\"\/><\/a><span class=\"spotlightCategory\"><a href=\"https:\/\/www.suno.com.br\/noticias\/negocios\/\">Neg\u00f3cios<\/a><\/span><\/div><div class=\"cardsPage__listCard__boxs__content\"><a href=\"https:\/\/www.suno.com.br\/noticias\/privatizacao-eletrobras-definida-setembro-presidente\/\"><h2 class=\"content__title\">Privatiza\u00e7\u00e3o da Eletrobras deve ser definida em setembro, diz presidente<\/h2><\/a><div class=\"newsContent__article__meta\"><div class=\"newsContent__article__meta__authorBox\"><a href=\"https:\/\/www.suno.com.br\/noticias\/author\/giovanna\/\" class=\"authorBox__avatar noMobi\"><img src=\"https:\/\/files.sunoresearch.com.br\/n\/uploads\/2019\/06\/952a89ca-screenshot_20190608-171507-150x150.webp\" alt=\"Giovanna Oliveira\"><\/a><div class=\"authorBox__name\"><span>por\n\t\t\t<a href=\"https:\/\/www.suno.com.br\/noticias\/author\/giovanna\/\"><span itemprop=\"author\">Giovanna Oliveira<\/span><\/a><\/span><time datetime=\"2019-08-13T19:08:13-03:00\" itemprop=\"datePublished\">13\/08\/2019 19:08<\/time><\/div><\/div><\/div><\/div><\/div>","single_layout":"posts","amp_enabled":true,"_links":{"self":[{"href":"https:\/\/www.suno.com.br\/noticias\/wp-json\/wp\/v2\/posts\/33936"}],"collection":[{"href":"https:\/\/www.suno.com.br\/noticias\/wp-json\/wp\/v2\/posts"}],"about":[{"href":"https:\/\/www.suno.com.br\/noticias\/wp-json\/wp\/v2\/types\/post"}],"author":[{"embeddable":true,"href":"https:\/\/www.suno.com.br\/noticias\/wp-json\/wp\/v2\/users\/18"}],"replies":[{"embeddable":true,"href":"https:\/\/www.suno.com.br\/noticias\/wp-json\/wp\/v2\/comments?post=33936"}],"version-history":[{"count":0,"href":"https:\/\/www.suno.com.br\/noticias\/wp-json\/wp\/v2\/posts\/33936\/revisions"}],"wp:featuredmedia":[{"embeddable":true,"href":"https:\/\/www.suno.com.br\/noticias\/wp-json\/wp\/v2\/media\/32791"}],"wp:attachment":[{"href":"https:\/\/www.suno.com.br\/noticias\/wp-json\/wp\/v2\/media?parent=33936"}],"wp:term":[{"taxonomy":"category","embeddable":true,"href":"https:\/\/www.suno.com.br\/noticias\/wp-json\/wp\/v2\/categories?post=33936"},{"taxonomy":"post_tag","embeddable":true,"href":"https:\/\/www.suno.com.br\/noticias\/wp-json\/wp\/v2\/tags?post=33936"},{"taxonomy":"suno_strategy","embeddable":true,"href":"https:\/\/www.suno.com.br\/noticias\/wp-json\/wp\/v2\/suno_strategy?post=33936"}],"curies":[{"name":"wp","href":"https:\/\/api.w.org\/{rel}","templated":true}]}}