{"id":33913,"date":"2019-08-13T15:51:58","date_gmt":"2019-08-13T18:51:58","guid":{"rendered":"https:\/\/www.suno.com.br\/noticias\/?p=33913"},"modified":"2019-08-13T16:16:26","modified_gmt":"2019-08-13T19:16:26","slug":"governo-nao-desmontando-petrobras-castello-branco","status":"publish","type":"post","link":"https:\/\/www.suno.com.br\/noticias\/governo-nao-desmontando-petrobras-castello-branco\/","title":{"rendered":"O governo n\u00e3o est\u00e1 desmontando a Petrobras, afirma Castello Branco"},"content":{"rendered":"<p>O presidente da Petrobras, <strong>Roberto Castello Branco<\/strong>, afirmou nesta ter\u00e7a-feira (13) que o governo n\u00e3o est\u00e1 desmontando a petrol\u00edfera <strong>estatal<\/strong>. A declara\u00e7\u00e3o ocorreu durante uma audi\u00eancia p\u00fablica na Comiss\u00e3o de Infraestrutura do Senado.<\/p>\t<div class=\"wrapper-featured-image\">\n\t\t<figure class=\"spotlightImg\">\n\n\t\t\t<picture>\n\t\t\t\t<source media=\"(max-width: 768px)\" srcset=\"https:\/\/files.sunoresearch.com.br\/n\/uploads\/2019\/08\/022eb9f8-castello-400x200.webp\">\n\t\t\t\t<img loading=\"lazy\" decoding=\"async\" class=\"newsContent__article__imgCapa lazyloadDisabled newsContent__article__imgCapa--noCaption\" src=\"https:\/\/files.sunoresearch.com.br\/n\/uploads\/2019\/08\/022eb9f8-castello-800x450.webp\" width=\"800\" height=\"450\" alt=\"O governo n\u00e3o est\u00e1 desmontando a Petrobras, afirma Castello Branco\" fetchpriority=high \/>\n\t\t\t<\/picture>\n\n\t\t\t<figcaption class=\"wp-caption-text wp-caption-text--hide\">N\u00e3o recebi pedido para baixar pre\u00e7o dos combust\u00edveis, diz Castello Branco<\/figcaption>\n\t\t<\/figure>\n\t<\/div>\n\n\n<p>Castello Branco ressaltou que o plano de <strong>desinvestimentos<\/strong> servir\u00e1 para melhorar a <strong>Petrobras<\/strong>. \u201cN\u00e3o estamos desmontando a Petrobras, estamos transformando numa empresa melhor\u201d, explicou o presidente.<\/p>\n\n<p>O CEO da estatal falou sobre a <strong>cess\u00e3o onerosa<\/strong>. Segundo ele, os recursos obtidos atrav\u00e9s do leil\u00e3o n\u00e3o ser\u00e3o utilizados para diminuir as d\u00edvidas da empresa ou financiar investimentos.<\/p>\n<p>O leil\u00e3o ocorrer\u00e1 no dia 6 de novembro com uma concess\u00e3o de R$ 106,5 bilh\u00f5es.<\/p>\n<p>Al\u00e9m disso, o presidente defendeu o fim do monop\u00f3lio do setor de g\u00e1s. Para ele, \u00e9 mais importante deter os servi\u00e7os do que a infraestrutura. \u201cPetrobras era respons\u00e1vel por 98% da capacidade de refino, uma anomalia&#8221;, disse Castello Branco.<\/p>\n<h2>Venda de quatro refinarias<\/h2>\n<p>Durante a Comiss\u00e3o no Senado, Castello Branco falou sobre os planos de venda de quatro refinarias. Sendo elas:<\/p>\n<ul>\n<li>Rnest, em Pernambuco;<\/li>\n<li>Rlam, na Bahia;<\/li>\n<li>Repar, no Paran\u00e1;<\/li>\n<li>e Refap, no Rio Grande do Sul.<\/li>\n<\/ul>\n<p>Segundo ele, existem mais de 20 interessados na compra das refinarias. O programa de vendas teve in\u00edcio em junho deste ano.<\/p>\n\t<p>\n\t\t<a href=\"https:\/\/lp2.suno.com.br\/cl\/black-friday-2025\/?utm_campaign=_SNCDF0E4858_\" target=\"_blank\" data-element=\"shortcode-suno-banner\" title=\"Banner SUNO, clique e saiba mais\">\n\t\t\t<picture>\n\t\t\t\t<source media=\"(max-width: 500px)\" srcset=\"https:\/\/files.sunoresearch.com.br\/n\/uploads\/2025\/10\/Artigos-e-Noticias-Banner-Home-artigos-01-Mobile_-400x300-1-png.webp\">\n\t\t\t\t<img class=\"newsContent__article__imgCapa newsContent__article__imgCapa--banner\"\n\t\t\t\t\tsrc=\"https:\/\/files.sunoresearch.com.br\/n\/uploads\/2025\/10\/Artigos-e-Noticias-Banner-Home-artigos-01-Desktop_-1420x240-1-png.webp\"\n\t\t\t\t\tdata-promo-id=\"311259\"\t\t\t\t\t\t\t\t\t\twidth='1420' height='240'\t\t\t\t\talt=\"https:\/\/files.sunoresearch.com.br\/n\/uploads\/2025\/10\/Artigos-e-Noticias-Banner-Home-artigos-01-Desktop_-1420x240-1-png.webp\"\n\t\t\t\t>\n\t\t\t<\/picture>\n\t\t<\/a>\n\t<\/p>\n\n\n<h2>Plano de desinvestimentos da Petrobras<\/h2>\n<p>O presidente da estatal disse que os desinvestimentos devem atingir entre US$ 30 bilh\u00f5es e US$ 35 bilh\u00f5es em um per\u00edodo de 5 anos. Em contrapartida, os investimentos devem somar US$ 100 bilh\u00f5es no mesmo per\u00edodo.<\/p>\n<p>\u201cS\u00e3o escolhas. Voc\u00ea tira dinheiro de um lugar e coloca em outros mais rent\u00e1veis. \u00c9 a busca do investimento \u00f3timo que maximiza o retorno ao acionista\u201d, afirmou.<\/p>\n<p>Como parte do plano de desinvestimentos, na \u00faltima sexta-feira (9), a estatal anunciou a venda de sete campos de produ\u00e7\u00e3o. Os campos est\u00e3o localizados no Rio Grande do Norte e foram vendidos para a SPE 3R Petroleum por cerca de R$ 753,2 milh\u00f5es.<\/p>\n<p><a href=\"https:\/\/www.suno.com.br\/noticias\/petrobras-vendera-campos-producao-rn-191-mi\/\">Saiba mais: Petrobras vender\u00e1 sete campos de produ\u00e7\u00e3o no RN por US$ 191 mi<\/a><\/p>\n<p>De acordo com Castello Branco, a venda da rede de gasodutos consiste na gest\u00e3o de portf\u00f3lio da companhia. Isso se d\u00e1 pois a explora\u00e7\u00e3o de petr\u00f3leo e g\u00e1s em \u00e1guas profundas gera mais retorno quando comparado a outros meios, como gasodutos.<\/p>\n<h2>Plataformas desativadas at\u00e9 2020<\/h2>\n<p>No in\u00edcio deste m\u00eas, a petrol\u00edfera comunicou que ir\u00e1 desativar dez plataformas antigas at\u00e9 o ano que vem.<\/p>\n<p>Conforme o gerente da companhia, Eduardo Zacaron, a mudan\u00e7a n\u00e3o atingir\u00e1 a produ\u00e7\u00e3o, pois as \u00e1reas n\u00e3o est\u00e3o mais em atua\u00e7\u00e3o h\u00e1 algum tempo.<\/p>\n\t<p>\n\t\t<a href=\"https:\/\/lp.suno.com.br\/4-emissao-snel11\/\" target=\"_blank\" data-element=\"shortcode-suno-banner\" title=\"Banner SUNO, clique e saiba mais\">\n\t\t\t<picture>\n\t\t\t\t<source media=\"(max-width: 500px)\" srcset=\"https:\/\/files.sunoresearch.com.br\/n\/uploads\/2025\/07\/400x300-Mobile-Artigos-7.webp\">\n\t\t\t\t<img class=\"newsContent__article__imgCapa newsContent__article__imgCapa--banner\"\n\t\t\t\t\tsrc=\"https:\/\/files.sunoresearch.com.br\/n\/uploads\/2025\/07\/1420x240-Banner-Artigos-1-_-Banner-Materias-5.webp\"\n\t\t\t\t\tdata-promo-id=\"613822\"\t\t\t\t\t\t\t\t\t\twidth='1420' height='240'\t\t\t\t\talt=\"https:\/\/files.sunoresearch.com.br\/n\/uploads\/2025\/07\/1420x240-Banner-Artigos-1-_-Banner-Materias-5.webp\"\n\t\t\t\t>\n\t\t\t<\/picture>\n\t\t<\/a>\n\t<\/p>\n\n\n<p>As plataformas que ser\u00e3o desativadas est\u00e3o localizadas nas seguintes bacias:<\/p>\n<ul>\n<li>Campos<\/li>\n<li>Sergipe-Alagoas<\/li>\n<li>Esp\u00edrito Santo<\/li>\n<\/ul>\n<p>Segundo o gerante da <strong>Petrobras<\/strong>, a empresa possui planos de desativar outras plataformas. No entanto, ainda n\u00e3o h\u00e1 nada definido.<\/p>\n","protected":false},"excerpt":{"rendered":"<p>O presidente da Petrobras, Roberto Castello Branco, afirmou nesta ter\u00e7a-feira (13) que o governo n\u00e3o est\u00e1 desmontando a petrol\u00edfera estatal. A declara\u00e7\u00e3o ocorreu durante uma audi\u00eancia p\u00fablica na Comiss\u00e3o de Infraestrutura do Senado. N\u00e3o recebi pedido para baixar pre\u00e7o dos combust\u00edveis, diz Castello Branco Castello Branco ressaltou que o plano de desinvestimentos servir\u00e1 para melhorar [&hellip;]<\/p>\n","protected":false},"author":18,"featured_media":33918,"comment_status":"closed","ping_status":"closed","sticky":false,"template":"","format":"standard","meta":[],"categories":[64],"tags":[1309,1834,595,946],"suno_strategy":[],"class_list":["post-33913","post","type-post","status-publish","format-standard","has-post-thumbnail","hentry","category-negocios","tag-cessao-onerosa","tag-desinvestimentos","tag-petrobras-petr4","tag-roberto-castello-branco"],"yoast_head":"<!-- This site is optimized with the Yoast SEO plugin v24.4 - https:\/\/yoast.com\/wordpress\/plugins\/seo\/ -->\n<title>O governo n\u00e3o est\u00e1 desmontando a Petrobras, afirma Castello Branco<\/title>\n<meta name=\"description\" content=\"O presidente da Petrobras, Roberto Castello Branco, afirmou que o governo n\u00e3o est\u00e1 desmontando a petrol\u00edfera estatal. Clique para saber mais.\" \/>\n<meta name=\"robots\" content=\"index, follow, max-snippet:-1, max-image-preview:large, max-video-preview:-1\" \/>\n<link rel=\"canonical\" href=\"https:\/\/www.suno.com.br\/noticias\/governo-nao-desmontando-petrobras-castello-branco\/\" \/>\n<meta property=\"og:locale\" content=\"pt_BR\" \/>\n<meta property=\"og:type\" content=\"article\" \/>\n<meta property=\"og:title\" content=\"O governo n\u00e3o est\u00e1 desmontando a Petrobras, afirma Castello Branco\" \/>\n<meta property=\"og:description\" content=\"O presidente da Petrobras, Roberto Castello Branco, afirmou que o governo n\u00e3o est\u00e1 desmontando a petrol\u00edfera estatal. Clique para saber mais.\" \/>\n<meta property=\"og:url\" content=\"https:\/\/www.suno.com.br\/noticias\/governo-nao-desmontando-petrobras-castello-branco\/\" \/>\n<meta property=\"og:site_name\" content=\"Suno Not\u00edcias\" \/>\n<meta property=\"article:publisher\" content=\"https:\/\/facebook.com\/sunoresearch\" \/>\n<meta property=\"og:image\" content=\"https:\/\/files.sunoresearch.com.br\/n\/uploads\/2019\/08\/022eb9f8-castello.jpg\" \/>\n\t<meta property=\"og:image:width\" content=\"868\" \/>\n\t<meta property=\"og:image:height\" content=\"644\" \/>\n\t<meta property=\"og:image:type\" content=\"image\/jpeg\" \/>\n<meta name=\"author\" content=\"Giovanna Oliveira\" \/>\n<meta name=\"twitter:card\" content=\"summary_large_image\" \/>\n<meta name=\"twitter:creator\" content=\"@sunoresearch\" \/>\n<meta name=\"twitter:site\" content=\"@sunoresearch\" \/>\n<meta name=\"twitter:label1\" content=\"Escrito por\" \/>\n\t<meta name=\"twitter:data1\" content=\"Giovanna Oliveira\" \/>\n\t<meta name=\"twitter:label2\" content=\"Est. tempo de leitura\" \/>\n\t<meta name=\"twitter:data2\" content=\"2 minutos\" \/>\n<script type=\"application\/ld+json\" class=\"yoast-schema-graph\">{\"@context\":\"https:\/\/schema.org\",\"@graph\":[{\"@type\":\"NewsArticle\",\"@id\":\"https:\/\/www.suno.com.br\/noticias\/governo-nao-desmontando-petrobras-castello-branco\/#article\",\"isPartOf\":{\"@id\":\"https:\/\/www.suno.com.br\/noticias\/governo-nao-desmontando-petrobras-castello-branco\/\"},\"author\":{\"name\":\"Giovanna Oliveira\",\"@id\":\"https:\/\/www.suno.com.br\/noticias\/#\/schema\/person\/4e19e3d2575736e5283d58eb3199d120\"},\"headline\":\"O governo n\u00e3o est\u00e1 desmontando a Petrobras, afirma Castello Branco\",\"datePublished\":\"2019-08-13T18:51:58+00:00\",\"dateModified\":\"2019-08-13T19:16:26+00:00\",\"mainEntityOfPage\":{\"@id\":\"https:\/\/www.suno.com.br\/noticias\/governo-nao-desmontando-petrobras-castello-branco\/\"},\"wordCount\":504,\"publisher\":{\"@id\":\"https:\/\/www.suno.com.br\/noticias\/#organization\"},\"image\":{\"@id\":\"https:\/\/www.suno.com.br\/noticias\/governo-nao-desmontando-petrobras-castello-branco\/#primaryimage\"},\"thumbnailUrl\":\"https:\/\/files.sunoresearch.com.br\/n\/uploads\/2019\/08\/022eb9f8-castello-jpg.webp\",\"keywords\":[\"cess\u00e3o onerosa\",\"desinvestimentos\",\"Petrobras (PETR4)\",\"Roberto Castello Branco\"],\"articleSection\":[\"Neg\u00f3cios\"],\"inLanguage\":\"pt-BR\"},{\"@type\":\"WebPage\",\"@id\":\"https:\/\/www.suno.com.br\/noticias\/governo-nao-desmontando-petrobras-castello-branco\/\",\"url\":\"https:\/\/www.suno.com.br\/noticias\/governo-nao-desmontando-petrobras-castello-branco\/\",\"name\":\"O governo n\u00e3o est\u00e1 desmontando a Petrobras, afirma Castello Branco\",\"isPartOf\":{\"@id\":\"https:\/\/www.suno.com.br\/noticias\/#website\"},\"primaryImageOfPage\":{\"@id\":\"https:\/\/www.suno.com.br\/noticias\/governo-nao-desmontando-petrobras-castello-branco\/#primaryimage\"},\"image\":{\"@id\":\"https:\/\/www.suno.com.br\/noticias\/governo-nao-desmontando-petrobras-castello-branco\/#primaryimage\"},\"thumbnailUrl\":\"https:\/\/files.sunoresearch.com.br\/n\/uploads\/2019\/08\/022eb9f8-castello-jpg.webp\",\"datePublished\":\"2019-08-13T18:51:58+00:00\",\"dateModified\":\"2019-08-13T19:16:26+00:00\",\"description\":\"O presidente da Petrobras, Roberto Castello Branco, afirmou que o governo n\u00e3o est\u00e1 desmontando a petrol\u00edfera estatal. Clique para saber mais.\",\"breadcrumb\":{\"@id\":\"https:\/\/www.suno.com.br\/noticias\/governo-nao-desmontando-petrobras-castello-branco\/#breadcrumb\"},\"inLanguage\":\"pt-BR\",\"potentialAction\":[{\"@type\":\"ReadAction\",\"target\":[\"https:\/\/www.suno.com.br\/noticias\/governo-nao-desmontando-petrobras-castello-branco\/\"]}]},{\"@type\":\"ImageObject\",\"inLanguage\":\"pt-BR\",\"@id\":\"https:\/\/www.suno.com.br\/noticias\/governo-nao-desmontando-petrobras-castello-branco\/#primaryimage\",\"url\":\"https:\/\/files.sunoresearch.com.br\/n\/uploads\/2019\/08\/022eb9f8-castello-jpg.webp\",\"contentUrl\":\"https:\/\/files.sunoresearch.com.br\/n\/uploads\/2019\/08\/022eb9f8-castello-jpg.webp\",\"width\":868,\"height\":644,\"caption\":\"N\u00e3o recebi pedido para baixar pre\u00e7o dos combust\u00edveis, diz Castello Branco\"},{\"@type\":\"BreadcrumbList\",\"@id\":\"https:\/\/www.suno.com.br\/noticias\/governo-nao-desmontando-petrobras-castello-branco\/#breadcrumb\",\"itemListElement\":[{\"@type\":\"ListItem\",\"position\":1,\"name\":\"Not\u00edcias\",\"item\":\"https:\/\/www.suno.com.br\/noticias\/\"},{\"@type\":\"ListItem\",\"position\":2,\"name\":\"Neg\u00f3cios\",\"item\":\"https:\/\/www.suno.com.br\/noticias\/negocios\/\"},{\"@type\":\"ListItem\",\"position\":3,\"name\":\"O governo n\u00e3o est\u00e1 desmontando a Petrobras, afirma Castello Branco\"}]},{\"@type\":\"WebSite\",\"@id\":\"https:\/\/www.suno.com.br\/noticias\/#website\",\"url\":\"https:\/\/www.suno.com.br\/noticias\/\",\"name\":\"Suno Not\u00edcias\",\"description\":\"Seu portal de informa\u00e7\u00e3o sobre o mundo dos investimentos\",\"publisher\":{\"@id\":\"https:\/\/www.suno.com.br\/noticias\/#organization\"},\"potentialAction\":[{\"@type\":\"SearchAction\",\"target\":{\"@type\":\"EntryPoint\",\"urlTemplate\":\"https:\/\/www.suno.com.br\/noticias\/?s={search_term_string}\"},\"query-input\":{\"@type\":\"PropertyValueSpecification\",\"valueRequired\":true,\"valueName\":\"search_term_string\"}}],\"inLanguage\":\"pt-BR\"},{\"@type\":\"Organization\",\"@id\":\"https:\/\/www.suno.com.br\/noticias\/#organization\",\"name\":\"Suno Not\u00edcias\",\"url\":\"https:\/\/www.suno.com.br\/noticias\/\",\"logo\":{\"@type\":\"ImageObject\",\"inLanguage\":\"pt-BR\",\"@id\":\"https:\/\/www.suno.com.br\/noticias\/#\/schema\/logo\/image\/\",\"url\":\"https:\/\/files.sunoresearch.com.br\/n\/uploads\/2021\/09\/suno-logo.png\",\"contentUrl\":\"https:\/\/files.sunoresearch.com.br\/n\/uploads\/2021\/09\/suno-logo.png\",\"width\":180,\"height\":180,\"caption\":\"Suno Not\u00edcias\"},\"image\":{\"@id\":\"https:\/\/www.suno.com.br\/noticias\/#\/schema\/logo\/image\/\"},\"sameAs\":[\"https:\/\/facebook.com\/sunoresearch\",\"https:\/\/x.com\/sunoresearch\",\"https:\/\/www.instagram.com\/suno\",\"https:\/\/www.linkedin.com\/company\/suno-research\/\",\"https:\/\/www.youtube.com\/c\/sunoresearch\"]},{\"@type\":\"Person\",\"@id\":\"https:\/\/www.suno.com.br\/noticias\/#\/schema\/person\/4e19e3d2575736e5283d58eb3199d120\",\"name\":\"Giovanna Oliveira\",\"image\":{\"@type\":\"ImageObject\",\"inLanguage\":\"pt-BR\",\"@id\":\"https:\/\/www.suno.com.br\/noticias\/#\/schema\/person\/image\/\",\"url\":\"https:\/\/secure.gravatar.com\/avatar\/9a37b3ae208962ac568992d0ffdbc2eb?s=96&r=g\",\"contentUrl\":\"https:\/\/secure.gravatar.com\/avatar\/9a37b3ae208962ac568992d0ffdbc2eb?s=96&r=g\",\"caption\":\"Giovanna Oliveira\"},\"description\":\"Giovanna Oliveira escreve sobre economia e pol\u00edtica. Foi rep\u00f3rter do portal de jornalismo da ESPM-SP e produziu conte\u00fado para a Corinthians TV. \u00c9 estudante da ESPM.\",\"url\":\"https:\/\/www.suno.com.br\/noticias\/author\/giovanna\/\"}]}<\/script>\n<!-- \/ Yoast SEO plugin. -->","yoast_head_json":{"title":"O governo n\u00e3o est\u00e1 desmontando a Petrobras, afirma Castello Branco","description":"O presidente da Petrobras, Roberto Castello Branco, afirmou que o governo n\u00e3o est\u00e1 desmontando a petrol\u00edfera estatal. Clique para saber mais.","robots":{"index":"index","follow":"follow","max-snippet":"max-snippet:-1","max-image-preview":"max-image-preview:large","max-video-preview":"max-video-preview:-1"},"canonical":"https:\/\/www.suno.com.br\/noticias\/governo-nao-desmontando-petrobras-castello-branco\/","og_locale":"pt_BR","og_type":"article","og_title":"O governo n\u00e3o est\u00e1 desmontando a Petrobras, afirma Castello Branco","og_description":"O presidente da Petrobras, Roberto Castello Branco, afirmou que o governo n\u00e3o est\u00e1 desmontando a petrol\u00edfera estatal. Clique para saber mais.","og_url":"https:\/\/www.suno.com.br\/noticias\/governo-nao-desmontando-petrobras-castello-branco\/","og_site_name":"Suno Not\u00edcias","article_publisher":"https:\/\/facebook.com\/sunoresearch","og_image":[{"width":868,"height":644,"url":"https:\/\/files.sunoresearch.com.br\/n\/uploads\/2019\/08\/022eb9f8-castello.jpg","type":"image\/jpeg"}],"author":"Giovanna Oliveira","twitter_card":"summary_large_image","twitter_creator":"@sunoresearch","twitter_site":"@sunoresearch","twitter_misc":{"Escrito por":"Giovanna Oliveira","Est. tempo de leitura":"2 minutos"},"schema":{"@context":"https:\/\/schema.org","@graph":[{"@type":"NewsArticle","@id":"https:\/\/www.suno.com.br\/noticias\/governo-nao-desmontando-petrobras-castello-branco\/#article","isPartOf":{"@id":"https:\/\/www.suno.com.br\/noticias\/governo-nao-desmontando-petrobras-castello-branco\/"},"author":{"name":"Giovanna Oliveira","@id":"https:\/\/www.suno.com.br\/noticias\/#\/schema\/person\/4e19e3d2575736e5283d58eb3199d120"},"headline":"O governo n\u00e3o est\u00e1 desmontando a Petrobras, afirma Castello Branco","datePublished":"2019-08-13T18:51:58+00:00","dateModified":"2019-08-13T19:16:26+00:00","mainEntityOfPage":{"@id":"https:\/\/www.suno.com.br\/noticias\/governo-nao-desmontando-petrobras-castello-branco\/"},"wordCount":504,"publisher":{"@id":"https:\/\/www.suno.com.br\/noticias\/#organization"},"image":{"@id":"https:\/\/www.suno.com.br\/noticias\/governo-nao-desmontando-petrobras-castello-branco\/#primaryimage"},"thumbnailUrl":"https:\/\/files.sunoresearch.com.br\/n\/uploads\/2019\/08\/022eb9f8-castello-jpg.webp","keywords":["cess\u00e3o onerosa","desinvestimentos","Petrobras (PETR4)","Roberto Castello Branco"],"articleSection":["Neg\u00f3cios"],"inLanguage":"pt-BR"},{"@type":"WebPage","@id":"https:\/\/www.suno.com.br\/noticias\/governo-nao-desmontando-petrobras-castello-branco\/","url":"https:\/\/www.suno.com.br\/noticias\/governo-nao-desmontando-petrobras-castello-branco\/","name":"O governo n\u00e3o est\u00e1 desmontando a Petrobras, afirma Castello Branco","isPartOf":{"@id":"https:\/\/www.suno.com.br\/noticias\/#website"},"primaryImageOfPage":{"@id":"https:\/\/www.suno.com.br\/noticias\/governo-nao-desmontando-petrobras-castello-branco\/#primaryimage"},"image":{"@id":"https:\/\/www.suno.com.br\/noticias\/governo-nao-desmontando-petrobras-castello-branco\/#primaryimage"},"thumbnailUrl":"https:\/\/files.sunoresearch.com.br\/n\/uploads\/2019\/08\/022eb9f8-castello-jpg.webp","datePublished":"2019-08-13T18:51:58+00:00","dateModified":"2019-08-13T19:16:26+00:00","description":"O presidente da Petrobras, Roberto Castello Branco, afirmou que o governo n\u00e3o est\u00e1 desmontando a petrol\u00edfera estatal. Clique para saber mais.","breadcrumb":{"@id":"https:\/\/www.suno.com.br\/noticias\/governo-nao-desmontando-petrobras-castello-branco\/#breadcrumb"},"inLanguage":"pt-BR","potentialAction":[{"@type":"ReadAction","target":["https:\/\/www.suno.com.br\/noticias\/governo-nao-desmontando-petrobras-castello-branco\/"]}]},{"@type":"ImageObject","inLanguage":"pt-BR","@id":"https:\/\/www.suno.com.br\/noticias\/governo-nao-desmontando-petrobras-castello-branco\/#primaryimage","url":"https:\/\/files.sunoresearch.com.br\/n\/uploads\/2019\/08\/022eb9f8-castello-jpg.webp","contentUrl":"https:\/\/files.sunoresearch.com.br\/n\/uploads\/2019\/08\/022eb9f8-castello-jpg.webp","width":868,"height":644,"caption":"N\u00e3o recebi pedido para baixar pre\u00e7o dos combust\u00edveis, diz Castello Branco"},{"@type":"BreadcrumbList","@id":"https:\/\/www.suno.com.br\/noticias\/governo-nao-desmontando-petrobras-castello-branco\/#breadcrumb","itemListElement":[{"@type":"ListItem","position":1,"name":"Not\u00edcias","item":"https:\/\/www.suno.com.br\/noticias\/"},{"@type":"ListItem","position":2,"name":"Neg\u00f3cios","item":"https:\/\/www.suno.com.br\/noticias\/negocios\/"},{"@type":"ListItem","position":3,"name":"O governo n\u00e3o est\u00e1 desmontando a Petrobras, afirma Castello Branco"}]},{"@type":"WebSite","@id":"https:\/\/www.suno.com.br\/noticias\/#website","url":"https:\/\/www.suno.com.br\/noticias\/","name":"Suno Not\u00edcias","description":"Seu portal de informa\u00e7\u00e3o sobre o mundo dos investimentos","publisher":{"@id":"https:\/\/www.suno.com.br\/noticias\/#organization"},"potentialAction":[{"@type":"SearchAction","target":{"@type":"EntryPoint","urlTemplate":"https:\/\/www.suno.com.br\/noticias\/?s={search_term_string}"},"query-input":{"@type":"PropertyValueSpecification","valueRequired":true,"valueName":"search_term_string"}}],"inLanguage":"pt-BR"},{"@type":"Organization","@id":"https:\/\/www.suno.com.br\/noticias\/#organization","name":"Suno Not\u00edcias","url":"https:\/\/www.suno.com.br\/noticias\/","logo":{"@type":"ImageObject","inLanguage":"pt-BR","@id":"https:\/\/www.suno.com.br\/noticias\/#\/schema\/logo\/image\/","url":"https:\/\/files.sunoresearch.com.br\/n\/uploads\/2021\/09\/suno-logo.png","contentUrl":"https:\/\/files.sunoresearch.com.br\/n\/uploads\/2021\/09\/suno-logo.png","width":180,"height":180,"caption":"Suno Not\u00edcias"},"image":{"@id":"https:\/\/www.suno.com.br\/noticias\/#\/schema\/logo\/image\/"},"sameAs":["https:\/\/facebook.com\/sunoresearch","https:\/\/x.com\/sunoresearch","https:\/\/www.instagram.com\/suno","https:\/\/www.linkedin.com\/company\/suno-research\/","https:\/\/www.youtube.com\/c\/sunoresearch"]},{"@type":"Person","@id":"https:\/\/www.suno.com.br\/noticias\/#\/schema\/person\/4e19e3d2575736e5283d58eb3199d120","name":"Giovanna Oliveira","image":{"@type":"ImageObject","inLanguage":"pt-BR","@id":"https:\/\/www.suno.com.br\/noticias\/#\/schema\/person\/image\/","url":"https:\/\/secure.gravatar.com\/avatar\/9a37b3ae208962ac568992d0ffdbc2eb?s=96&r=g","contentUrl":"https:\/\/secure.gravatar.com\/avatar\/9a37b3ae208962ac568992d0ffdbc2eb?s=96&r=g","caption":"Giovanna Oliveira"},"description":"Giovanna Oliveira escreve sobre economia e pol\u00edtica. Foi rep\u00f3rter do portal de jornalismo da ESPM-SP e produziu conte\u00fado para a Corinthians TV. \u00c9 estudante da ESPM.","url":"https:\/\/www.suno.com.br\/noticias\/author\/giovanna\/"}]}},"default_loop_html":"<div class=\"cardsPage__listCard__boxs\"><div class=\"cardsPage__listCard__boxs__img\"><a href=\"https:\/\/www.suno.com.br\/noticias\/governo-nao-desmontando-petrobras-castello-branco\/\"><img class=\"mask\" src=\"https:\/\/www.suno.com.br\/noticias\/wp-content\/themes\/suno\/resources\/images\/spotlight\/spotlight1img\/bg-mask.png\" alt=\"Image Mask\"\/><img src=\"https:\/\/files.sunoresearch.com.br\/n\/uploads\/2019\/08\/022eb9f8-castello-400x200.webp\" alt=\"O governo n\u00e3o est\u00e1 desmontando a Petrobras, afirma Castello Branco\"\/><\/a><span class=\"spotlightCategory\"><a href=\"https:\/\/www.suno.com.br\/noticias\/negocios\/\">Neg\u00f3cios<\/a><\/span><\/div><div class=\"cardsPage__listCard__boxs__content\"><a href=\"https:\/\/www.suno.com.br\/noticias\/governo-nao-desmontando-petrobras-castello-branco\/\"><h2 class=\"content__title\">O governo n\u00e3o est\u00e1 desmontando a Petrobras, afirma Castello Branco<\/h2><\/a><div class=\"newsContent__article__meta\"><div class=\"newsContent__article__meta__authorBox\"><a href=\"https:\/\/www.suno.com.br\/noticias\/author\/giovanna\/\" class=\"authorBox__avatar noMobi\"><img src=\"https:\/\/files.sunoresearch.com.br\/n\/uploads\/2019\/06\/952a89ca-screenshot_20190608-171507-150x150.webp\" alt=\"Giovanna Oliveira\"><\/a><div class=\"authorBox__name\"><span>por\n\t\t\t<a href=\"https:\/\/www.suno.com.br\/noticias\/author\/giovanna\/\"><span itemprop=\"author\">Giovanna Oliveira<\/span><\/a><\/span><time datetime=\"2019-08-13T15:51:58-03:00\" itemprop=\"datePublished\">13\/08\/2019 15:51<\/time><\/div><\/div><\/div><\/div><\/div>","single_layout":"posts","amp_enabled":true,"_links":{"self":[{"href":"https:\/\/www.suno.com.br\/noticias\/wp-json\/wp\/v2\/posts\/33913"}],"collection":[{"href":"https:\/\/www.suno.com.br\/noticias\/wp-json\/wp\/v2\/posts"}],"about":[{"href":"https:\/\/www.suno.com.br\/noticias\/wp-json\/wp\/v2\/types\/post"}],"author":[{"embeddable":true,"href":"https:\/\/www.suno.com.br\/noticias\/wp-json\/wp\/v2\/users\/18"}],"replies":[{"embeddable":true,"href":"https:\/\/www.suno.com.br\/noticias\/wp-json\/wp\/v2\/comments?post=33913"}],"version-history":[{"count":0,"href":"https:\/\/www.suno.com.br\/noticias\/wp-json\/wp\/v2\/posts\/33913\/revisions"}],"wp:featuredmedia":[{"embeddable":true,"href":"https:\/\/www.suno.com.br\/noticias\/wp-json\/wp\/v2\/media\/33918"}],"wp:attachment":[{"href":"https:\/\/www.suno.com.br\/noticias\/wp-json\/wp\/v2\/media?parent=33913"}],"wp:term":[{"taxonomy":"category","embeddable":true,"href":"https:\/\/www.suno.com.br\/noticias\/wp-json\/wp\/v2\/categories?post=33913"},{"taxonomy":"post_tag","embeddable":true,"href":"https:\/\/www.suno.com.br\/noticias\/wp-json\/wp\/v2\/tags?post=33913"},{"taxonomy":"suno_strategy","embeddable":true,"href":"https:\/\/www.suno.com.br\/noticias\/wp-json\/wp\/v2\/suno_strategy?post=33913"}],"curies":[{"name":"wp","href":"https:\/\/api.w.org\/{rel}","templated":true}]}}