{"id":33906,"date":"2019-08-13T15:14:03","date_gmt":"2019-08-13T18:14:03","guid":{"rendered":"https:\/\/www.suno.com.br\/noticias\/?p=33906"},"modified":"2019-08-13T15:30:22","modified_gmt":"2019-08-13T18:30:22","slug":"bndes-agilizar-venda-acoes","status":"publish","type":"post","link":"https:\/\/www.suno.com.br\/noticias\/bndes-agilizar-venda-acoes\/","title":{"rendered":"BNDES deve agilizar venda de a\u00e7\u00f5es at\u00e9 o final do ano"},"content":{"rendered":"<p>A acelera\u00e7\u00e3o nas vendas de participa\u00e7\u00f5es do <strong>Banco Nacional de Desenvolvimento Econ\u00f4mico e Social<\/strong> (BNDES) dever\u00e1 acontecer at\u00e9 o final deste ano. O presidente Gustavo Montezano, que assumiu o banco no dia 16 de julho, tem como um de seus objetivos vender at\u00e9 R$ 35 bilh\u00f5es em ativos.<\/p>\t<div class=\"wrapper-featured-image\">\n\t\t<figure class=\"spotlightImg\">\n\n\t\t\t<picture>\n\t\t\t\t<source media=\"(max-width: 768px)\" srcset=\"https:\/\/files.sunoresearch.com.br\/n\/uploads\/2019\/06\/37c8431f-bndes-400x200.webp\">\n\t\t\t\t<img loading=\"lazy\" decoding=\"async\" class=\"newsContent__article__imgCapa lazyloadDisabled newsContent__article__imgCapa--noCaption\" src=\"https:\/\/files.sunoresearch.com.br\/n\/uploads\/2019\/06\/37c8431f-bndes-800x450.webp\" width=\"800\" height=\"450\" alt=\"BNDES deve agilizar venda de a\u00e7\u00f5es at\u00e9 o final do ano\" fetchpriority=high \/>\n\t\t\t<\/picture>\n\n\t\t\t<figcaption class=\"wp-caption-text wp-caption-text--hide\">BNDES (Divulga\u00e7\u00e3o)<\/figcaption>\n\t\t<\/figure>\n\t<\/div>\n\n\n\n<p>As ofertas de a\u00e7\u00f5es na <strong>bolsa<\/strong> j\u00e1 atingiram o valor de R$ 57,4 bilh\u00f5es neste ano. Com a agiliza\u00e7\u00e3o do <strong>BNDES<\/strong> em seu plano de desinvestimentos, o valor total de ofertas deste ano pode ultrapassar o de 2007. No ano em quest\u00e3o, o valor chegou a R$ 70 bilh\u00f5es em 76 opera\u00e7\u00f5es.<\/p>\n<p>&#8220;N\u00e3o h\u00e1, contudo, uma meta para este ou para o pr\u00f3ximo ano, j\u00e1 que o processo vai depender da din\u00e2mica do mercado&#8221;, disse em nota o BNDES.<\/p>\n\t<p>\n\t\t<a href=\"https:\/\/www.seculus.com.br\/blackfriday\" target=\"_blank\" data-element=\"shortcode-suno-banner\" title=\"Banner SUNO, clique e saiba mais\">\n\t\t\t<picture>\n\t\t\t\t<source media=\"(max-width: 500px)\" srcset=\"https:\/\/files.sunoresearch.com.br\/n\/uploads\/2023\/11\/seculus_suno_mobile_3.jpg\">\n\t\t\t\t<img class=\"newsContent__article__imgCapa newsContent__article__imgCapa--banner\"\n\t\t\t\t\tsrc=\"https:\/\/files.sunoresearch.com.br\/n\/uploads\/2023\/11\/seculus_suno_desktop_3.jpg\"\n\t\t\t\t\tdata-promo-id=\"474124\"\t\t\t\t\t\t\t\t\t\twidth='1420' height='240'\t\t\t\t\talt=\"https:\/\/files.sunoresearch.com.br\/n\/uploads\/2023\/11\/seculus_suno_desktop_3.jpg\"\n\t\t\t\t>\n\t\t\t<\/picture>\n\t\t<\/a>\n\t<\/p>\n\n\n<p>O BNDES come\u00e7ou a agilizar seus desinvestimentos h\u00e1 dois anos. Entretanto, foi neste ano que o plano come\u00e7ou a entrar no foco do banco. Dessa forma, o banco arrecadou R$ 13,3 bilh\u00f5es s\u00f3 no primeiro trimestre de 2019. No ano inteiro de 2018, o valor vendido foi de R$ 11,6 bilh\u00f5es.<\/p>\n<p><a href=\"https:\/\/www.suno.com.br\/noticias\/banco-mundial-emprestara-us-500-milhoes-a-argentina\/\">Veja tamb\u00e9m: Banco Mundial emprestar\u00e1 US$ 500 milh\u00f5es \u00e0 Argentina\u00a0<\/a><\/p>\n<p>Al\u00e9m das participa\u00e7\u00f5es da <strong>Petrobras<\/strong> e da <strong>JBS<\/strong>, o BNDES tamb\u00e9m deve vender pap\u00e9is na <strong>Vale<\/strong>, na Copela e na Cemig. Al\u00e9m disso, tamb\u00e9m h\u00e1 a parte da <strong>Eletrobras<\/strong>, que deve ser colocado em pauta mais adiante.<\/p>\n<h2>Pagamento de R$ 40 bilh\u00f5es ao Tesouro Nacional<\/h2>\n<p>O Banco Nacional de Desenvolvimento Econ\u00f4mico e Social (BNDES) ir\u00e1 devolver R$ 40 bilh\u00f5es ao <strong><a href=\"https:\/\/www.suno.com.br\/artigos\/tesouro-nacional\/\">Tesouro Nacional<\/a><\/strong> antecipadamente. O an\u00fancio foi realizado pelo banco no dia 2 de agosto.<\/p>\n<p>Durante seu discurso de posse, o novo presidente da institui\u00e7\u00e3o, <strong>Gustavo Montezano<\/strong>, afirmou que pretende pagar toda a d\u00edvida at\u00e9 o fim de seu mandato.<\/p>\n<h2>BNDES pode vender R$ 35 bi em ativos<\/h2>\n<p>O BNDES deve vender, junto ao <strong>BNDESPar<\/strong>, uma quantia aproximada de R$ 35 bilh\u00f5es em t\u00edtulos e participa\u00e7\u00f5es. As vendas devem abranger empresas estatais e privadas.<\/p>\n<p>O desinvestimento faz parte do ideal da nova gest\u00e3o, de Gustavo Montezano. Em julho, o presidente do BNDES teve uma reuni\u00e3o com presidentes de bancos de investimento e a expectativa \u00e9 que novas negocia\u00e7\u00f5es sejam feitas para colocar o plano de desinvestimento em pr\u00e1tica.<\/p>\n<p>Mesmo assim, a expectativa que mais atrai o mercado \u00e9 a venda, por parte do <strong>BNDES<\/strong>, de 21,32% da JBS. O valor equivale a R$ 14,7 bilh\u00f5es.<\/p>\n","protected":false},"excerpt":{"rendered":"<p>A acelera\u00e7\u00e3o nas vendas de participa\u00e7\u00f5es do Banco Nacional de Desenvolvimento Econ\u00f4mico e Social (BNDES) dever\u00e1 acontecer at\u00e9 o final deste ano. O presidente Gustavo Montezano, que assumiu o banco no dia 16 de julho, tem como um de seus objetivos vender at\u00e9 R$ 35 bilh\u00f5es em ativos. BNDES (Divulga\u00e7\u00e3o) As ofertas de a\u00e7\u00f5es na [&hellip;]<\/p>\n","protected":false},"author":19,"featured_media":28406,"comment_status":"closed","ping_status":"closed","sticky":false,"template":"","format":"standard","meta":[],"categories":[64],"tags":[757,1834,1457,521,595,676],"suno_strategy":[],"class_list":["post-33906","post","type-post","status-publish","format-standard","has-post-thumbnail","hentry","category-negocios","tag-bndes","tag-desinvestimentos","tag-gustavo-montezano","tag-jbs-jbss3","tag-petrobras-petr4","tag-vale-vale3"],"yoast_head":"<!-- This site is optimized with the Yoast SEO plugin v24.4 - https:\/\/yoast.com\/wordpress\/plugins\/seo\/ -->\n<title>BNDES deve agilizar venda de a\u00e7\u00f5es at\u00e9 o final do ano<\/title>\n<meta name=\"description\" content=\"A acelera\u00e7\u00e3o nas vendas de participa\u00e7\u00f5es do BNDES dever\u00e1 acontecer at\u00e9 o final deste ano. Clique aqui para saber mais.\" \/>\n<meta name=\"robots\" content=\"index, follow, max-snippet:-1, max-image-preview:large, max-video-preview:-1\" \/>\n<link rel=\"canonical\" href=\"https:\/\/www.suno.com.br\/noticias\/bndes-agilizar-venda-acoes\/\" \/>\n<meta property=\"og:locale\" content=\"pt_BR\" \/>\n<meta property=\"og:type\" content=\"article\" \/>\n<meta property=\"og:title\" content=\"BNDES deve agilizar venda de a\u00e7\u00f5es at\u00e9 o final do ano\" \/>\n<meta property=\"og:description\" content=\"A acelera\u00e7\u00e3o nas vendas de participa\u00e7\u00f5es do BNDES dever\u00e1 acontecer at\u00e9 o final deste ano. Clique aqui para saber mais.\" \/>\n<meta property=\"og:url\" content=\"https:\/\/www.suno.com.br\/noticias\/bndes-agilizar-venda-acoes\/\" \/>\n<meta property=\"og:site_name\" content=\"Suno Not\u00edcias\" \/>\n<meta property=\"article:publisher\" content=\"https:\/\/facebook.com\/sunoresearch\" \/>\n<meta property=\"og:image\" content=\"https:\/\/files.sunoresearch.com.br\/n\/uploads\/2019\/06\/37c8431f-bndes.jpg\" \/>\n\t<meta property=\"og:image:width\" content=\"2048\" \/>\n\t<meta property=\"og:image:height\" content=\"1536\" \/>\n\t<meta property=\"og:image:type\" content=\"image\/jpeg\" \/>\n<meta name=\"author\" content=\"Juliano Passaro\" \/>\n<meta name=\"twitter:card\" content=\"summary_large_image\" \/>\n<meta name=\"twitter:creator\" content=\"@sunoresearch\" \/>\n<meta name=\"twitter:site\" content=\"@sunoresearch\" \/>\n<meta name=\"twitter:label1\" content=\"Escrito por\" \/>\n\t<meta name=\"twitter:data1\" content=\"Juliano Passaro\" \/>\n\t<meta name=\"twitter:label2\" content=\"Est. tempo de leitura\" \/>\n\t<meta name=\"twitter:data2\" content=\"2 minutos\" \/>\n<script type=\"application\/ld+json\" class=\"yoast-schema-graph\">{\"@context\":\"https:\/\/schema.org\",\"@graph\":[{\"@type\":\"NewsArticle\",\"@id\":\"https:\/\/www.suno.com.br\/noticias\/bndes-agilizar-venda-acoes\/#article\",\"isPartOf\":{\"@id\":\"https:\/\/www.suno.com.br\/noticias\/bndes-agilizar-venda-acoes\/\"},\"author\":{\"name\":\"Juliano Passaro\",\"@id\":\"https:\/\/www.suno.com.br\/noticias\/#\/schema\/person\/1db762f78ffd8919a648a63e425953e3\"},\"headline\":\"BNDES deve agilizar venda de a\u00e7\u00f5es at\u00e9 o final do ano\",\"datePublished\":\"2019-08-13T18:14:03+00:00\",\"dateModified\":\"2019-08-13T18:30:22+00:00\",\"mainEntityOfPage\":{\"@id\":\"https:\/\/www.suno.com.br\/noticias\/bndes-agilizar-venda-acoes\/\"},\"wordCount\":427,\"publisher\":{\"@id\":\"https:\/\/www.suno.com.br\/noticias\/#organization\"},\"image\":{\"@id\":\"https:\/\/www.suno.com.br\/noticias\/bndes-agilizar-venda-acoes\/#primaryimage\"},\"thumbnailUrl\":\"https:\/\/files.sunoresearch.com.br\/n\/uploads\/2019\/06\/37c8431f-bndes-jpg.webp\",\"keywords\":[\"BNDES\",\"desinvestimentos\",\"Gustavo Montezano\",\"JBS (JBSS3)\",\"Petrobras (PETR4)\",\"Vale (VALE3)\"],\"articleSection\":[\"Neg\u00f3cios\"],\"inLanguage\":\"pt-BR\"},{\"@type\":\"WebPage\",\"@id\":\"https:\/\/www.suno.com.br\/noticias\/bndes-agilizar-venda-acoes\/\",\"url\":\"https:\/\/www.suno.com.br\/noticias\/bndes-agilizar-venda-acoes\/\",\"name\":\"BNDES deve agilizar venda de a\u00e7\u00f5es at\u00e9 o final do ano\",\"isPartOf\":{\"@id\":\"https:\/\/www.suno.com.br\/noticias\/#website\"},\"primaryImageOfPage\":{\"@id\":\"https:\/\/www.suno.com.br\/noticias\/bndes-agilizar-venda-acoes\/#primaryimage\"},\"image\":{\"@id\":\"https:\/\/www.suno.com.br\/noticias\/bndes-agilizar-venda-acoes\/#primaryimage\"},\"thumbnailUrl\":\"https:\/\/files.sunoresearch.com.br\/n\/uploads\/2019\/06\/37c8431f-bndes-jpg.webp\",\"datePublished\":\"2019-08-13T18:14:03+00:00\",\"dateModified\":\"2019-08-13T18:30:22+00:00\",\"description\":\"A acelera\u00e7\u00e3o nas vendas de participa\u00e7\u00f5es do BNDES dever\u00e1 acontecer at\u00e9 o final deste ano. Clique aqui para saber mais.\",\"breadcrumb\":{\"@id\":\"https:\/\/www.suno.com.br\/noticias\/bndes-agilizar-venda-acoes\/#breadcrumb\"},\"inLanguage\":\"pt-BR\",\"potentialAction\":[{\"@type\":\"ReadAction\",\"target\":[\"https:\/\/www.suno.com.br\/noticias\/bndes-agilizar-venda-acoes\/\"]}]},{\"@type\":\"ImageObject\",\"inLanguage\":\"pt-BR\",\"@id\":\"https:\/\/www.suno.com.br\/noticias\/bndes-agilizar-venda-acoes\/#primaryimage\",\"url\":\"https:\/\/files.sunoresearch.com.br\/n\/uploads\/2019\/06\/37c8431f-bndes-jpg.webp\",\"contentUrl\":\"https:\/\/files.sunoresearch.com.br\/n\/uploads\/2019\/06\/37c8431f-bndes-jpg.webp\",\"width\":2048,\"height\":1536,\"caption\":\"BNDES (Divulga\u00e7\u00e3o)\"},{\"@type\":\"BreadcrumbList\",\"@id\":\"https:\/\/www.suno.com.br\/noticias\/bndes-agilizar-venda-acoes\/#breadcrumb\",\"itemListElement\":[{\"@type\":\"ListItem\",\"position\":1,\"name\":\"Not\u00edcias\",\"item\":\"https:\/\/www.suno.com.br\/noticias\/\"},{\"@type\":\"ListItem\",\"position\":2,\"name\":\"Neg\u00f3cios\",\"item\":\"https:\/\/www.suno.com.br\/noticias\/negocios\/\"},{\"@type\":\"ListItem\",\"position\":3,\"name\":\"BNDES deve agilizar venda de a\u00e7\u00f5es at\u00e9 o final do ano\"}]},{\"@type\":\"WebSite\",\"@id\":\"https:\/\/www.suno.com.br\/noticias\/#website\",\"url\":\"https:\/\/www.suno.com.br\/noticias\/\",\"name\":\"Suno Not\u00edcias\",\"description\":\"Seu portal de informa\u00e7\u00e3o sobre o mundo dos investimentos\",\"publisher\":{\"@id\":\"https:\/\/www.suno.com.br\/noticias\/#organization\"},\"potentialAction\":[{\"@type\":\"SearchAction\",\"target\":{\"@type\":\"EntryPoint\",\"urlTemplate\":\"https:\/\/www.suno.com.br\/noticias\/?s={search_term_string}\"},\"query-input\":{\"@type\":\"PropertyValueSpecification\",\"valueRequired\":true,\"valueName\":\"search_term_string\"}}],\"inLanguage\":\"pt-BR\"},{\"@type\":\"Organization\",\"@id\":\"https:\/\/www.suno.com.br\/noticias\/#organization\",\"name\":\"Suno Not\u00edcias\",\"url\":\"https:\/\/www.suno.com.br\/noticias\/\",\"logo\":{\"@type\":\"ImageObject\",\"inLanguage\":\"pt-BR\",\"@id\":\"https:\/\/www.suno.com.br\/noticias\/#\/schema\/logo\/image\/\",\"url\":\"https:\/\/files.sunoresearch.com.br\/n\/uploads\/2021\/09\/suno-logo.png\",\"contentUrl\":\"https:\/\/files.sunoresearch.com.br\/n\/uploads\/2021\/09\/suno-logo.png\",\"width\":180,\"height\":180,\"caption\":\"Suno Not\u00edcias\"},\"image\":{\"@id\":\"https:\/\/www.suno.com.br\/noticias\/#\/schema\/logo\/image\/\"},\"sameAs\":[\"https:\/\/facebook.com\/sunoresearch\",\"https:\/\/x.com\/sunoresearch\",\"https:\/\/www.instagram.com\/suno\",\"https:\/\/www.linkedin.com\/company\/suno-research\/\",\"https:\/\/www.youtube.com\/c\/sunoresearch\"]},{\"@type\":\"Person\",\"@id\":\"https:\/\/www.suno.com.br\/noticias\/#\/schema\/person\/1db762f78ffd8919a648a63e425953e3\",\"name\":\"Juliano Passaro\",\"image\":{\"@type\":\"ImageObject\",\"inLanguage\":\"pt-BR\",\"@id\":\"https:\/\/www.suno.com.br\/noticias\/#\/schema\/person\/image\/\",\"url\":\"https:\/\/secure.gravatar.com\/avatar\/743d4df28eebf6dcc46b4ad03c319e92?s=96&r=g\",\"contentUrl\":\"https:\/\/secure.gravatar.com\/avatar\/743d4df28eebf6dcc46b4ad03c319e92?s=96&r=g\",\"caption\":\"Juliano Passaro\"},\"description\":\"Juliano Passaro escreve sobre pol\u00edtica, economia e neg\u00f3cios para o portal da Suno Research. Antes da Suno, trabalhou no Portal da Band. \u00c9 formado em jornalismo pela Universidade Presbiteriana Mackenzie.\",\"url\":\"https:\/\/www.suno.com.br\/noticias\/author\/juliano\/\"}]}<\/script>\n<!-- \/ Yoast SEO plugin. -->","yoast_head_json":{"title":"BNDES deve agilizar venda de a\u00e7\u00f5es at\u00e9 o final do ano","description":"A acelera\u00e7\u00e3o nas vendas de participa\u00e7\u00f5es do BNDES dever\u00e1 acontecer at\u00e9 o final deste ano. Clique aqui para saber mais.","robots":{"index":"index","follow":"follow","max-snippet":"max-snippet:-1","max-image-preview":"max-image-preview:large","max-video-preview":"max-video-preview:-1"},"canonical":"https:\/\/www.suno.com.br\/noticias\/bndes-agilizar-venda-acoes\/","og_locale":"pt_BR","og_type":"article","og_title":"BNDES deve agilizar venda de a\u00e7\u00f5es at\u00e9 o final do ano","og_description":"A acelera\u00e7\u00e3o nas vendas de participa\u00e7\u00f5es do BNDES dever\u00e1 acontecer at\u00e9 o final deste ano. Clique aqui para saber mais.","og_url":"https:\/\/www.suno.com.br\/noticias\/bndes-agilizar-venda-acoes\/","og_site_name":"Suno Not\u00edcias","article_publisher":"https:\/\/facebook.com\/sunoresearch","og_image":[{"width":2048,"height":1536,"url":"https:\/\/files.sunoresearch.com.br\/n\/uploads\/2019\/06\/37c8431f-bndes.jpg","type":"image\/jpeg"}],"author":"Juliano Passaro","twitter_card":"summary_large_image","twitter_creator":"@sunoresearch","twitter_site":"@sunoresearch","twitter_misc":{"Escrito por":"Juliano Passaro","Est. tempo de leitura":"2 minutos"},"schema":{"@context":"https:\/\/schema.org","@graph":[{"@type":"NewsArticle","@id":"https:\/\/www.suno.com.br\/noticias\/bndes-agilizar-venda-acoes\/#article","isPartOf":{"@id":"https:\/\/www.suno.com.br\/noticias\/bndes-agilizar-venda-acoes\/"},"author":{"name":"Juliano Passaro","@id":"https:\/\/www.suno.com.br\/noticias\/#\/schema\/person\/1db762f78ffd8919a648a63e425953e3"},"headline":"BNDES deve agilizar venda de a\u00e7\u00f5es at\u00e9 o final do ano","datePublished":"2019-08-13T18:14:03+00:00","dateModified":"2019-08-13T18:30:22+00:00","mainEntityOfPage":{"@id":"https:\/\/www.suno.com.br\/noticias\/bndes-agilizar-venda-acoes\/"},"wordCount":427,"publisher":{"@id":"https:\/\/www.suno.com.br\/noticias\/#organization"},"image":{"@id":"https:\/\/www.suno.com.br\/noticias\/bndes-agilizar-venda-acoes\/#primaryimage"},"thumbnailUrl":"https:\/\/files.sunoresearch.com.br\/n\/uploads\/2019\/06\/37c8431f-bndes-jpg.webp","keywords":["BNDES","desinvestimentos","Gustavo Montezano","JBS (JBSS3)","Petrobras (PETR4)","Vale (VALE3)"],"articleSection":["Neg\u00f3cios"],"inLanguage":"pt-BR"},{"@type":"WebPage","@id":"https:\/\/www.suno.com.br\/noticias\/bndes-agilizar-venda-acoes\/","url":"https:\/\/www.suno.com.br\/noticias\/bndes-agilizar-venda-acoes\/","name":"BNDES deve agilizar venda de a\u00e7\u00f5es at\u00e9 o final do ano","isPartOf":{"@id":"https:\/\/www.suno.com.br\/noticias\/#website"},"primaryImageOfPage":{"@id":"https:\/\/www.suno.com.br\/noticias\/bndes-agilizar-venda-acoes\/#primaryimage"},"image":{"@id":"https:\/\/www.suno.com.br\/noticias\/bndes-agilizar-venda-acoes\/#primaryimage"},"thumbnailUrl":"https:\/\/files.sunoresearch.com.br\/n\/uploads\/2019\/06\/37c8431f-bndes-jpg.webp","datePublished":"2019-08-13T18:14:03+00:00","dateModified":"2019-08-13T18:30:22+00:00","description":"A acelera\u00e7\u00e3o nas vendas de participa\u00e7\u00f5es do BNDES dever\u00e1 acontecer at\u00e9 o final deste ano. Clique aqui para saber mais.","breadcrumb":{"@id":"https:\/\/www.suno.com.br\/noticias\/bndes-agilizar-venda-acoes\/#breadcrumb"},"inLanguage":"pt-BR","potentialAction":[{"@type":"ReadAction","target":["https:\/\/www.suno.com.br\/noticias\/bndes-agilizar-venda-acoes\/"]}]},{"@type":"ImageObject","inLanguage":"pt-BR","@id":"https:\/\/www.suno.com.br\/noticias\/bndes-agilizar-venda-acoes\/#primaryimage","url":"https:\/\/files.sunoresearch.com.br\/n\/uploads\/2019\/06\/37c8431f-bndes-jpg.webp","contentUrl":"https:\/\/files.sunoresearch.com.br\/n\/uploads\/2019\/06\/37c8431f-bndes-jpg.webp","width":2048,"height":1536,"caption":"BNDES (Divulga\u00e7\u00e3o)"},{"@type":"BreadcrumbList","@id":"https:\/\/www.suno.com.br\/noticias\/bndes-agilizar-venda-acoes\/#breadcrumb","itemListElement":[{"@type":"ListItem","position":1,"name":"Not\u00edcias","item":"https:\/\/www.suno.com.br\/noticias\/"},{"@type":"ListItem","position":2,"name":"Neg\u00f3cios","item":"https:\/\/www.suno.com.br\/noticias\/negocios\/"},{"@type":"ListItem","position":3,"name":"BNDES deve agilizar venda de a\u00e7\u00f5es at\u00e9 o final do ano"}]},{"@type":"WebSite","@id":"https:\/\/www.suno.com.br\/noticias\/#website","url":"https:\/\/www.suno.com.br\/noticias\/","name":"Suno Not\u00edcias","description":"Seu portal de informa\u00e7\u00e3o sobre o mundo dos investimentos","publisher":{"@id":"https:\/\/www.suno.com.br\/noticias\/#organization"},"potentialAction":[{"@type":"SearchAction","target":{"@type":"EntryPoint","urlTemplate":"https:\/\/www.suno.com.br\/noticias\/?s={search_term_string}"},"query-input":{"@type":"PropertyValueSpecification","valueRequired":true,"valueName":"search_term_string"}}],"inLanguage":"pt-BR"},{"@type":"Organization","@id":"https:\/\/www.suno.com.br\/noticias\/#organization","name":"Suno Not\u00edcias","url":"https:\/\/www.suno.com.br\/noticias\/","logo":{"@type":"ImageObject","inLanguage":"pt-BR","@id":"https:\/\/www.suno.com.br\/noticias\/#\/schema\/logo\/image\/","url":"https:\/\/files.sunoresearch.com.br\/n\/uploads\/2021\/09\/suno-logo.png","contentUrl":"https:\/\/files.sunoresearch.com.br\/n\/uploads\/2021\/09\/suno-logo.png","width":180,"height":180,"caption":"Suno Not\u00edcias"},"image":{"@id":"https:\/\/www.suno.com.br\/noticias\/#\/schema\/logo\/image\/"},"sameAs":["https:\/\/facebook.com\/sunoresearch","https:\/\/x.com\/sunoresearch","https:\/\/www.instagram.com\/suno","https:\/\/www.linkedin.com\/company\/suno-research\/","https:\/\/www.youtube.com\/c\/sunoresearch"]},{"@type":"Person","@id":"https:\/\/www.suno.com.br\/noticias\/#\/schema\/person\/1db762f78ffd8919a648a63e425953e3","name":"Juliano Passaro","image":{"@type":"ImageObject","inLanguage":"pt-BR","@id":"https:\/\/www.suno.com.br\/noticias\/#\/schema\/person\/image\/","url":"https:\/\/secure.gravatar.com\/avatar\/743d4df28eebf6dcc46b4ad03c319e92?s=96&r=g","contentUrl":"https:\/\/secure.gravatar.com\/avatar\/743d4df28eebf6dcc46b4ad03c319e92?s=96&r=g","caption":"Juliano Passaro"},"description":"Juliano Passaro escreve sobre pol\u00edtica, economia e neg\u00f3cios para o portal da Suno Research. Antes da Suno, trabalhou no Portal da Band. \u00c9 formado em jornalismo pela Universidade Presbiteriana Mackenzie.","url":"https:\/\/www.suno.com.br\/noticias\/author\/juliano\/"}]}},"default_loop_html":"<div class=\"cardsPage__listCard__boxs\"><div class=\"cardsPage__listCard__boxs__img\"><a href=\"https:\/\/www.suno.com.br\/noticias\/bndes-agilizar-venda-acoes\/\"><img class=\"mask\" src=\"https:\/\/www.suno.com.br\/noticias\/wp-content\/themes\/suno\/resources\/images\/spotlight\/spotlight1img\/bg-mask.png\" alt=\"Image Mask\"\/><img src=\"https:\/\/files.sunoresearch.com.br\/n\/uploads\/2019\/06\/37c8431f-bndes-400x200.webp\" alt=\"BNDES deve agilizar venda de a\u00e7\u00f5es at\u00e9 o final do ano\"\/><\/a><span class=\"spotlightCategory\"><a href=\"https:\/\/www.suno.com.br\/noticias\/negocios\/\">Neg\u00f3cios<\/a><\/span><\/div><div class=\"cardsPage__listCard__boxs__content\"><a href=\"https:\/\/www.suno.com.br\/noticias\/bndes-agilizar-venda-acoes\/\"><h2 class=\"content__title\">BNDES deve agilizar venda de a\u00e7\u00f5es at\u00e9 o final do ano<\/h2><\/a><div class=\"newsContent__article__meta\"><div class=\"newsContent__article__meta__authorBox\"><a href=\"https:\/\/www.suno.com.br\/noticias\/author\/juliano\/\" class=\"authorBox__avatar noMobi\"><img src=\"https:\/\/files.sunoresearch.com.br\/n\/uploads\/2019\/06\/7cc3efea-whatsapp-image-2019-07-18-at-21.59.33-e1563499821209-150x150.webp\" alt=\"Juliano Passaro\"><\/a><div class=\"authorBox__name\"><span>por\n\t\t\t<a href=\"https:\/\/www.suno.com.br\/noticias\/author\/juliano\/\"><span itemprop=\"author\">Juliano Passaro<\/span><\/a><\/span><time datetime=\"2019-08-13T15:14:03-03:00\" itemprop=\"datePublished\">13\/08\/2019 15:14<\/time><\/div><\/div><\/div><\/div><\/div>","single_layout":"posts","amp_enabled":true,"_links":{"self":[{"href":"https:\/\/www.suno.com.br\/noticias\/wp-json\/wp\/v2\/posts\/33906"}],"collection":[{"href":"https:\/\/www.suno.com.br\/noticias\/wp-json\/wp\/v2\/posts"}],"about":[{"href":"https:\/\/www.suno.com.br\/noticias\/wp-json\/wp\/v2\/types\/post"}],"author":[{"embeddable":true,"href":"https:\/\/www.suno.com.br\/noticias\/wp-json\/wp\/v2\/users\/19"}],"replies":[{"embeddable":true,"href":"https:\/\/www.suno.com.br\/noticias\/wp-json\/wp\/v2\/comments?post=33906"}],"version-history":[{"count":0,"href":"https:\/\/www.suno.com.br\/noticias\/wp-json\/wp\/v2\/posts\/33906\/revisions"}],"wp:featuredmedia":[{"embeddable":true,"href":"https:\/\/www.suno.com.br\/noticias\/wp-json\/wp\/v2\/media\/28406"}],"wp:attachment":[{"href":"https:\/\/www.suno.com.br\/noticias\/wp-json\/wp\/v2\/media?parent=33906"}],"wp:term":[{"taxonomy":"category","embeddable":true,"href":"https:\/\/www.suno.com.br\/noticias\/wp-json\/wp\/v2\/categories?post=33906"},{"taxonomy":"post_tag","embeddable":true,"href":"https:\/\/www.suno.com.br\/noticias\/wp-json\/wp\/v2\/tags?post=33906"},{"taxonomy":"suno_strategy","embeddable":true,"href":"https:\/\/www.suno.com.br\/noticias\/wp-json\/wp\/v2\/suno_strategy?post=33906"}],"curies":[{"name":"wp","href":"https:\/\/api.w.org\/{rel}","templated":true}]}}