{"id":339054,"date":"2022-12-29T10:17:29","date_gmt":"2022-12-29T13:17:29","guid":{"rendered":"https:\/\/www.suno.com.br\/noticias\/?p=339054"},"modified":"2022-12-29T10:19:05","modified_gmt":"2022-12-29T13:19:05","slug":"fernando-haddad-taxacao-dividendos","status":"publish","type":"post","link":"https:\/\/www.suno.com.br\/noticias\/fernando-haddad-taxacao-dividendos\/","title":{"rendered":"Haddad diz que n\u00e3o tratar\u00e1 de taxa\u00e7\u00e3o de dividendos \u201cno primeiro momento\u201d"},"content":{"rendered":"<p>O futuro ministro da Fazenda, Fernando <strong>Haddad<\/strong>, afirmou que \u201cno primeiro momento\u201d, n\u00e3o tratar\u00e1 da poss\u00edvel cria\u00e7\u00e3o do imposto sobre <a class=\"suno-keyword\" target=\"_blank\" data-force=\"no\" data-priority=\"1\" href=\"https:\/\/www.suno.com.br\/guias\/dividendos\/\" rel=\"noopener\">dividendos<\/a>. A declara\u00e7\u00e3o foi realizada em entrevista ao jornal O Globo.<\/p>\t<div class=\"wrapper-featured-image\">\n\t\t<figure class=\"spotlightImg\">\n\n\t\t\t<picture>\n\t\t\t\t<source media=\"(max-width: 768px)\" srcset=\"https:\/\/files.sunoresearch.com.br\/n\/uploads\/2022\/12\/fernando-haddad-transicao-foto-marcelo-camargo-agencia-brasil-400x200.jpg\">\n\t\t\t\t<img loading=\"lazy\" decoding=\"async\" class=\"newsContent__article__imgCapa lazyloadDisabled \" src=\"https:\/\/files.sunoresearch.com.br\/n\/uploads\/2022\/12\/fernando-haddad-transicao-foto-marcelo-camargo-agencia-brasil-800x450.jpg\" width=\"800\" height=\"450\" alt=\"Haddad diz que n\u00e3o tratar\u00e1 de taxa\u00e7\u00e3o de dividendos \u201cno primeiro momento\u201d\" fetchpriority=high \/>\n\t\t\t<\/picture>\n\n\t\t\t<figcaption class=\"wp-caption-text wp-caption-text--show\">Haddad. Foto: Marcelo Camargo\/Ag\u00eancia Brasil<\/figcaption>\n\t\t<\/figure>\n\t<\/div>\n\n\n\n\n\n\t<p>\n\t\t<a href=\"\" target=\"_blank\" data-element=\"shortcode-suno-banner\" title=\"Banner SUNO, clique e saiba mais\">\n\t\t\t<picture>\n\t\t\t\t<source media=\"(max-width: 500px)\" srcset=\"\">\n\t\t\t\t<img class=\"newsContent__article__imgCapa newsContent__article__imgCapa--banner\"\n\t\t\t\t\tsrc=\"\"\n\t\t\t\t\tdata-promo-id=\"240038\"\t\t\t\t\t\t\t\t\t\t\t\t\t\t\talt=\"\"\n\t\t\t\t>\n\t\t\t<\/picture>\n\t\t<\/a>\n\t<\/p>\n\n\n\n\n\n<p>Haddad informa que, a partir de abril, dar\u00e1 andamento \u00e0s reformas estruturais, come\u00e7ando por regras fiscais e reforma tribut\u00e1ria.<\/p>\n\n\n\n<p>\u201cQue parte da reforma tribut\u00e1ria? Impostos indiretos\u201d, revela o futuro ministro. Haddad comenta que a quest\u00e3o da taxa\u00e7\u00e3o de dividendos diz \u201crespeito a impostos diretos\u201d.<\/p>\n\n\n\n<p>Ao longo da campanha eleitoral, a poss\u00edvel taxa\u00e7\u00e3o de dividendos foi um dos assuntos comentados pelo mercado. O presidente eleito, Luiz In\u00e1cio Lula da Silva, chegou a realizar declara\u00e7\u00f5es p\u00fablicas favor\u00e1veis \u00e0 taxa\u00e7\u00e3o de lucros e dividendos. De qualquer modo, esse tipo de tributa\u00e7\u00e3o n\u00e3o esteve presente no plano de governo do petista.<\/p>\n\n\n\n<p>Atualmente, a lei estabelece que os lucros e dividendos pagos ou creditados por pessoas jur\u00eddicas n\u00e3o est\u00e3o sujeitos \u00e0 incid\u00eancia de Imposto de Renda Retido na Fonte (IRRF).<\/p>\n\n\n\t<p>\n\t\t<a href=\"https:\/\/lp.suno.com.br\/planilha-controle-gastos\/\" target=\"_blank\" data-element=\"shortcode-suno-banner\" title=\"Banner SUNO, clique e saiba mais\">\n\t\t\t<picture>\n\t\t\t\t<source media=\"(max-width: 500px)\" srcset=\"https:\/\/files.sunoresearch.com.br\/n\/uploads\/2023\/03\/400x300-Planilha-controle-de-gastos.png\">\n\t\t\t\t<img class=\"newsContent__article__imgCapa newsContent__article__imgCapa--banner\"\n\t\t\t\t\tsrc=\"https:\/\/files.sunoresearch.com.br\/n\/uploads\/2023\/03\/1420x240-Planilha-controle-de-gastos.png\"\n\t\t\t\t\tdata-promo-id=\"101751\"\t\t\t\t\t\t\t\t\t\twidth='1420' height='240'\t\t\t\t\talt=\"https:\/\/files.sunoresearch.com.br\/n\/uploads\/2023\/03\/1420x240-Planilha-controle-de-gastos.png\"\n\t\t\t\t>\n\t\t\t<\/picture>\n\t\t<\/a>\n\t<\/p>\n\n\n\n\n\n<h2 class=\"wp-block-heading\" id=\"h-haddad-comenta-sobre-a-lei-das-estatais\">Haddad comenta sobre a lei das estatais<\/h2>\n\n\n\n<p>Neste m\u00eas, a C\u00e2mara dos Deputados aprovou um projeto de lei que modifica a Lei das Estatais. De modo pr\u00e1tico, a altera\u00e7\u00e3o torna as indica\u00e7\u00f5es de pol\u00edticos, para fun\u00e7\u00f5es de alto escal\u00e3o de companhias p\u00fablicas, facilitadas.<\/p>\n\n\n\n<p>Ao ser questionado sobre o motivo da mudan\u00e7a na lei das estatais, Haddad declara que \u201caquela iniciativa foi da C\u00e2mara, n\u00e3o partiu do governo de transi\u00e7\u00e3o\u201d.<\/p>\n\n\n\n<p>\u201cChegaram a tentar vincular aquela mudan\u00e7a ao an\u00fancio do Mercadante como presidente do BNDES\u201d, afirma o futuro ministro.<\/p>\n\n\n\n<p>Haddad considera isso \u201ccomo uma fal\u00e1cia porque o Mercadante poderia ser presidente do banco com a velha lei. \u00c9 uma hist\u00f3ria que ainda est\u00e1 por ser esclarecida\u201d.<\/p>\n\n\n\n<p>Quando foi perguntado se o que est\u00e1 por tr\u00e1s da discuss\u00e3o da lei das estatais \u00e9 o temor de ocupa\u00e7\u00e3o pol\u00edtica das diretorias das empresas, Haddad disse que \u201ca maioria dos condenados por corrup\u00e7\u00e3o, eram [funcion\u00e1rios] de carreira das empresas estatais, n\u00e9? Eu sei que \u00e9 importante blindar\u201d.<\/p>\n\n\n\n<p>\u201cN\u00e3o estou negando que seja importante, mas \u00e9 muito importante a <a class=\"suno-keyword\" target=\"_blank\" data-force=\"no\" data-priority=\"2\" href=\"https:\/\/www.suno.com.br\/artigos\/governanca-corporativa\/\" rel=\"noopener\">governan\u00e7a corporativa<\/a>, um bom compliance\u201d, complementa Haddad.<\/p>\n\n\n\t<p>\n\t\t<a href=\"https:\/\/lp.suno.com.br\/planilha-da-vida-financeira\/\" target=\"_blank\" data-element=\"shortcode-suno-banner\" title=\"Banner SUNO, clique e saiba mais\">\n\t\t\t<picture>\n\t\t\t\t<source media=\"(max-width: 500px)\" srcset=\"https:\/\/files.sunoresearch.com.br\/n\/uploads\/2023\/04\/400x300-Planilha-vida-financeira-true.png\">\n\t\t\t\t<img class=\"newsContent__article__imgCapa newsContent__article__imgCapa--banner\"\n\t\t\t\t\tsrc=\"https:\/\/files.sunoresearch.com.br\/n\/uploads\/2023\/04\/1420x240-Planilha-vida-financeira-true.png\"\n\t\t\t\t\tdata-promo-id=\"106682\"\t\t\t\t\t\t\t\t\t\twidth='1420' height='240'\t\t\t\t\talt=\"https:\/\/files.sunoresearch.com.br\/n\/uploads\/2023\/04\/1420x240-Planilha-vida-financeira-true.png\"\n\t\t\t\t>\n\t\t\t<\/picture>\n\t\t<\/a>\n\t<\/p>\n\n\n","protected":false},"excerpt":{"rendered":"<p>O futuro ministro da Fazenda, Fernando Haddad, afirmou que \u201cno primeiro momento\u201d, n\u00e3o tratar\u00e1 da poss\u00edvel cria\u00e7\u00e3o do imposto sobre dividendos. A declara\u00e7\u00e3o foi realizada em entrevista ao jornal O Globo. Haddad. Foto: Marcelo Camargo\/Ag\u00eancia Brasil Haddad informa que, a partir de abril, dar\u00e1 andamento \u00e0s reformas estruturais, come\u00e7ando por regras fiscais e reforma tribut\u00e1ria. [&hellip;]<\/p>\n","protected":false},"author":224,"featured_media":327855,"comment_status":"closed","ping_status":"closed","sticky":false,"template":"","format":"standard","meta":[],"categories":[61],"tags":[295],"suno_strategy":[],"class_list":["post-339054","post","type-post","status-publish","format-standard","has-post-thumbnail","hentry","category-politica","tag-dividendos"],"yoast_head":"<!-- This site is optimized with the Yoast SEO plugin v24.4 - https:\/\/yoast.com\/wordpress\/plugins\/seo\/ -->\n<title>Haddad diz que n\u00e3o tratar\u00e1 da taxa\u00e7\u00e3o de dividendos \u201cno primeiro momento\u201d<\/title>\n<meta name=\"description\" content=\"Futuro ministro da Fazenda, Fernando Haddad, disse que \u201cno primeiro momento\u201d, n\u00e3o tratar\u00e1 da cria\u00e7\u00e3o do imposto sobre dividendos. Saiba mais.\" \/>\n<meta name=\"robots\" content=\"index, follow, max-snippet:-1, max-image-preview:large, max-video-preview:-1\" \/>\n<link rel=\"canonical\" href=\"https:\/\/www.suno.com.br\/noticias\/fernando-haddad-taxacao-dividendos\/\" \/>\n<meta property=\"og:locale\" content=\"pt_BR\" \/>\n<meta property=\"og:type\" content=\"article\" \/>\n<meta property=\"og:title\" content=\"Haddad diz que n\u00e3o tratar\u00e1 da taxa\u00e7\u00e3o de dividendos \u201cno primeiro momento\u201d\" \/>\n<meta property=\"og:description\" content=\"Futuro ministro da Fazenda, Fernando Haddad, disse que \u201cno primeiro momento\u201d, n\u00e3o tratar\u00e1 da cria\u00e7\u00e3o do imposto sobre dividendos. Saiba mais.\" \/>\n<meta property=\"og:url\" content=\"https:\/\/www.suno.com.br\/noticias\/fernando-haddad-taxacao-dividendos\/\" \/>\n<meta property=\"og:site_name\" content=\"Suno Not\u00edcias\" \/>\n<meta property=\"article:publisher\" content=\"https:\/\/facebook.com\/sunoresearch\" \/>\n<meta property=\"og:image\" content=\"https:\/\/files.sunoresearch.com.br\/n\/uploads\/2022\/12\/fernando-haddad-transicao-foto-marcelo-camargo-agencia-brasil.jpg\" \/>\n\t<meta property=\"og:image:width\" content=\"1200\" \/>\n\t<meta property=\"og:image:height\" content=\"675\" \/>\n\t<meta property=\"og:image:type\" content=\"image\/jpeg\" \/>\n<meta name=\"author\" content=\"Silvio Suehiro\" \/>\n<meta name=\"twitter:card\" content=\"summary_large_image\" \/>\n<meta name=\"twitter:creator\" content=\"@sunoresearch\" \/>\n<meta name=\"twitter:site\" content=\"@sunoresearch\" \/>\n<meta name=\"twitter:label1\" content=\"Escrito por\" \/>\n\t<meta name=\"twitter:data1\" content=\"Silvio Suehiro\" \/>\n\t<meta name=\"twitter:label2\" content=\"Est. tempo de leitura\" \/>\n\t<meta name=\"twitter:data2\" content=\"2 minutos\" \/>\n<script type=\"application\/ld+json\" class=\"yoast-schema-graph\">{\"@context\":\"https:\/\/schema.org\",\"@graph\":[{\"@type\":\"NewsArticle\",\"@id\":\"https:\/\/www.suno.com.br\/noticias\/fernando-haddad-taxacao-dividendos\/#article\",\"isPartOf\":{\"@id\":\"https:\/\/www.suno.com.br\/noticias\/fernando-haddad-taxacao-dividendos\/\"},\"author\":{\"name\":\"Silvio Suehiro\",\"@id\":\"https:\/\/www.suno.com.br\/noticias\/#\/schema\/person\/c94f387eeb0598ad381eac3e47a8686c\"},\"headline\":\"Haddad diz que n\u00e3o tratar\u00e1 de taxa\u00e7\u00e3o de dividendos \u201cno primeiro momento\u201d\",\"datePublished\":\"2022-12-29T13:17:29+00:00\",\"dateModified\":\"2022-12-29T13:19:05+00:00\",\"mainEntityOfPage\":{\"@id\":\"https:\/\/www.suno.com.br\/noticias\/fernando-haddad-taxacao-dividendos\/\"},\"wordCount\":400,\"publisher\":{\"@id\":\"https:\/\/www.suno.com.br\/noticias\/#organization\"},\"image\":{\"@id\":\"https:\/\/www.suno.com.br\/noticias\/fernando-haddad-taxacao-dividendos\/#primaryimage\"},\"thumbnailUrl\":\"https:\/\/files.sunoresearch.com.br\/n\/uploads\/2022\/12\/fernando-haddad-transicao-foto-marcelo-camargo-agencia-brasil.jpg\",\"keywords\":[\"dividendos\"],\"articleSection\":[\"Pol\u00edtica\"],\"inLanguage\":\"pt-BR\"},{\"@type\":\"WebPage\",\"@id\":\"https:\/\/www.suno.com.br\/noticias\/fernando-haddad-taxacao-dividendos\/\",\"url\":\"https:\/\/www.suno.com.br\/noticias\/fernando-haddad-taxacao-dividendos\/\",\"name\":\"Haddad diz que n\u00e3o tratar\u00e1 da taxa\u00e7\u00e3o de dividendos \u201cno primeiro momento\u201d\",\"isPartOf\":{\"@id\":\"https:\/\/www.suno.com.br\/noticias\/#website\"},\"primaryImageOfPage\":{\"@id\":\"https:\/\/www.suno.com.br\/noticias\/fernando-haddad-taxacao-dividendos\/#primaryimage\"},\"image\":{\"@id\":\"https:\/\/www.suno.com.br\/noticias\/fernando-haddad-taxacao-dividendos\/#primaryimage\"},\"thumbnailUrl\":\"https:\/\/files.sunoresearch.com.br\/n\/uploads\/2022\/12\/fernando-haddad-transicao-foto-marcelo-camargo-agencia-brasil.jpg\",\"datePublished\":\"2022-12-29T13:17:29+00:00\",\"dateModified\":\"2022-12-29T13:19:05+00:00\",\"description\":\"Futuro ministro da Fazenda, Fernando Haddad, disse que \u201cno primeiro momento\u201d, n\u00e3o tratar\u00e1 da cria\u00e7\u00e3o do imposto sobre dividendos. Saiba mais.\",\"breadcrumb\":{\"@id\":\"https:\/\/www.suno.com.br\/noticias\/fernando-haddad-taxacao-dividendos\/#breadcrumb\"},\"inLanguage\":\"pt-BR\",\"potentialAction\":[{\"@type\":\"ReadAction\",\"target\":[\"https:\/\/www.suno.com.br\/noticias\/fernando-haddad-taxacao-dividendos\/\"]}]},{\"@type\":\"ImageObject\",\"inLanguage\":\"pt-BR\",\"@id\":\"https:\/\/www.suno.com.br\/noticias\/fernando-haddad-taxacao-dividendos\/#primaryimage\",\"url\":\"https:\/\/files.sunoresearch.com.br\/n\/uploads\/2022\/12\/fernando-haddad-transicao-foto-marcelo-camargo-agencia-brasil.jpg\",\"contentUrl\":\"https:\/\/files.sunoresearch.com.br\/n\/uploads\/2022\/12\/fernando-haddad-transicao-foto-marcelo-camargo-agencia-brasil.jpg\",\"width\":1200,\"height\":675,\"caption\":\"Haddad. Foto: Marcelo Camargo\/Ag\u00eancia Brasil\"},{\"@type\":\"BreadcrumbList\",\"@id\":\"https:\/\/www.suno.com.br\/noticias\/fernando-haddad-taxacao-dividendos\/#breadcrumb\",\"itemListElement\":[{\"@type\":\"ListItem\",\"position\":1,\"name\":\"Not\u00edcias\",\"item\":\"https:\/\/www.suno.com.br\/noticias\/\"},{\"@type\":\"ListItem\",\"position\":2,\"name\":\"Pol\u00edtica\",\"item\":\"https:\/\/www.suno.com.br\/noticias\/politica\/\"},{\"@type\":\"ListItem\",\"position\":3,\"name\":\"Haddad diz que n\u00e3o tratar\u00e1 de taxa\u00e7\u00e3o de dividendos \u201cno primeiro momento\u201d\"}]},{\"@type\":\"WebSite\",\"@id\":\"https:\/\/www.suno.com.br\/noticias\/#website\",\"url\":\"https:\/\/www.suno.com.br\/noticias\/\",\"name\":\"Suno Not\u00edcias\",\"description\":\"Seu portal de informa\u00e7\u00e3o sobre o mundo dos investimentos\",\"publisher\":{\"@id\":\"https:\/\/www.suno.com.br\/noticias\/#organization\"},\"potentialAction\":[{\"@type\":\"SearchAction\",\"target\":{\"@type\":\"EntryPoint\",\"urlTemplate\":\"https:\/\/www.suno.com.br\/noticias\/?s={search_term_string}\"},\"query-input\":{\"@type\":\"PropertyValueSpecification\",\"valueRequired\":true,\"valueName\":\"search_term_string\"}}],\"inLanguage\":\"pt-BR\"},{\"@type\":\"Organization\",\"@id\":\"https:\/\/www.suno.com.br\/noticias\/#organization\",\"name\":\"Suno Not\u00edcias\",\"url\":\"https:\/\/www.suno.com.br\/noticias\/\",\"logo\":{\"@type\":\"ImageObject\",\"inLanguage\":\"pt-BR\",\"@id\":\"https:\/\/www.suno.com.br\/noticias\/#\/schema\/logo\/image\/\",\"url\":\"https:\/\/files.sunoresearch.com.br\/n\/uploads\/2021\/09\/suno-logo.png\",\"contentUrl\":\"https:\/\/files.sunoresearch.com.br\/n\/uploads\/2021\/09\/suno-logo.png\",\"width\":180,\"height\":180,\"caption\":\"Suno Not\u00edcias\"},\"image\":{\"@id\":\"https:\/\/www.suno.com.br\/noticias\/#\/schema\/logo\/image\/\"},\"sameAs\":[\"https:\/\/facebook.com\/sunoresearch\",\"https:\/\/x.com\/sunoresearch\",\"https:\/\/www.instagram.com\/suno\",\"https:\/\/www.linkedin.com\/company\/suno-research\/\",\"https:\/\/www.youtube.com\/c\/sunoresearch\"]},{\"@type\":\"Person\",\"@id\":\"https:\/\/www.suno.com.br\/noticias\/#\/schema\/person\/c94f387eeb0598ad381eac3e47a8686c\",\"name\":\"Silvio Suehiro\",\"image\":{\"@type\":\"ImageObject\",\"inLanguage\":\"pt-BR\",\"@id\":\"https:\/\/www.suno.com.br\/noticias\/#\/schema\/person\/image\/\",\"url\":\"https:\/\/secure.gravatar.com\/avatar\/06585eb21140975c6be6bb79a07edac1?s=96&r=g\",\"contentUrl\":\"https:\/\/secure.gravatar.com\/avatar\/06585eb21140975c6be6bb79a07edac1?s=96&r=g\",\"caption\":\"Silvio Suehiro\"},\"description\":\"Redator freelancer, com experi\u00eancia na produ\u00e7\u00e3o de not\u00edcias e artigos para as \u00e1reas de economia, finan\u00e7as e investimentos. Graduado em Comunica\u00e7\u00e3o Social - Jornalismo pela Universidade de Mogi das Cruzes (UMC), e p\u00f3s-graduado em Produ\u00e7\u00e3o Audiovisual Multiplataforma pela Universidade Anhembi Morumbi (UAM).\",\"url\":\"https:\/\/www.suno.com.br\/noticias\/author\/silvio-suehiro\/\"}]}<\/script>\n<!-- \/ Yoast SEO plugin. -->","yoast_head_json":{"title":"Haddad diz que n\u00e3o tratar\u00e1 da taxa\u00e7\u00e3o de dividendos \u201cno primeiro momento\u201d","description":"Futuro ministro da Fazenda, Fernando Haddad, disse que \u201cno primeiro momento\u201d, n\u00e3o tratar\u00e1 da cria\u00e7\u00e3o do imposto sobre dividendos. Saiba mais.","robots":{"index":"index","follow":"follow","max-snippet":"max-snippet:-1","max-image-preview":"max-image-preview:large","max-video-preview":"max-video-preview:-1"},"canonical":"https:\/\/www.suno.com.br\/noticias\/fernando-haddad-taxacao-dividendos\/","og_locale":"pt_BR","og_type":"article","og_title":"Haddad diz que n\u00e3o tratar\u00e1 da taxa\u00e7\u00e3o de dividendos \u201cno primeiro momento\u201d","og_description":"Futuro ministro da Fazenda, Fernando Haddad, disse que \u201cno primeiro momento\u201d, n\u00e3o tratar\u00e1 da cria\u00e7\u00e3o do imposto sobre dividendos. Saiba mais.","og_url":"https:\/\/www.suno.com.br\/noticias\/fernando-haddad-taxacao-dividendos\/","og_site_name":"Suno Not\u00edcias","article_publisher":"https:\/\/facebook.com\/sunoresearch","og_image":[{"width":1200,"height":675,"url":"https:\/\/files.sunoresearch.com.br\/n\/uploads\/2022\/12\/fernando-haddad-transicao-foto-marcelo-camargo-agencia-brasil.jpg","type":"image\/jpeg"}],"author":"Silvio Suehiro","twitter_card":"summary_large_image","twitter_creator":"@sunoresearch","twitter_site":"@sunoresearch","twitter_misc":{"Escrito por":"Silvio Suehiro","Est. tempo de leitura":"2 minutos"},"schema":{"@context":"https:\/\/schema.org","@graph":[{"@type":"NewsArticle","@id":"https:\/\/www.suno.com.br\/noticias\/fernando-haddad-taxacao-dividendos\/#article","isPartOf":{"@id":"https:\/\/www.suno.com.br\/noticias\/fernando-haddad-taxacao-dividendos\/"},"author":{"name":"Silvio Suehiro","@id":"https:\/\/www.suno.com.br\/noticias\/#\/schema\/person\/c94f387eeb0598ad381eac3e47a8686c"},"headline":"Haddad diz que n\u00e3o tratar\u00e1 de taxa\u00e7\u00e3o de dividendos \u201cno primeiro momento\u201d","datePublished":"2022-12-29T13:17:29+00:00","dateModified":"2022-12-29T13:19:05+00:00","mainEntityOfPage":{"@id":"https:\/\/www.suno.com.br\/noticias\/fernando-haddad-taxacao-dividendos\/"},"wordCount":400,"publisher":{"@id":"https:\/\/www.suno.com.br\/noticias\/#organization"},"image":{"@id":"https:\/\/www.suno.com.br\/noticias\/fernando-haddad-taxacao-dividendos\/#primaryimage"},"thumbnailUrl":"https:\/\/files.sunoresearch.com.br\/n\/uploads\/2022\/12\/fernando-haddad-transicao-foto-marcelo-camargo-agencia-brasil.jpg","keywords":["dividendos"],"articleSection":["Pol\u00edtica"],"inLanguage":"pt-BR"},{"@type":"WebPage","@id":"https:\/\/www.suno.com.br\/noticias\/fernando-haddad-taxacao-dividendos\/","url":"https:\/\/www.suno.com.br\/noticias\/fernando-haddad-taxacao-dividendos\/","name":"Haddad diz que n\u00e3o tratar\u00e1 da taxa\u00e7\u00e3o de dividendos \u201cno primeiro momento\u201d","isPartOf":{"@id":"https:\/\/www.suno.com.br\/noticias\/#website"},"primaryImageOfPage":{"@id":"https:\/\/www.suno.com.br\/noticias\/fernando-haddad-taxacao-dividendos\/#primaryimage"},"image":{"@id":"https:\/\/www.suno.com.br\/noticias\/fernando-haddad-taxacao-dividendos\/#primaryimage"},"thumbnailUrl":"https:\/\/files.sunoresearch.com.br\/n\/uploads\/2022\/12\/fernando-haddad-transicao-foto-marcelo-camargo-agencia-brasil.jpg","datePublished":"2022-12-29T13:17:29+00:00","dateModified":"2022-12-29T13:19:05+00:00","description":"Futuro ministro da Fazenda, Fernando Haddad, disse que \u201cno primeiro momento\u201d, n\u00e3o tratar\u00e1 da cria\u00e7\u00e3o do imposto sobre dividendos. Saiba mais.","breadcrumb":{"@id":"https:\/\/www.suno.com.br\/noticias\/fernando-haddad-taxacao-dividendos\/#breadcrumb"},"inLanguage":"pt-BR","potentialAction":[{"@type":"ReadAction","target":["https:\/\/www.suno.com.br\/noticias\/fernando-haddad-taxacao-dividendos\/"]}]},{"@type":"ImageObject","inLanguage":"pt-BR","@id":"https:\/\/www.suno.com.br\/noticias\/fernando-haddad-taxacao-dividendos\/#primaryimage","url":"https:\/\/files.sunoresearch.com.br\/n\/uploads\/2022\/12\/fernando-haddad-transicao-foto-marcelo-camargo-agencia-brasil.jpg","contentUrl":"https:\/\/files.sunoresearch.com.br\/n\/uploads\/2022\/12\/fernando-haddad-transicao-foto-marcelo-camargo-agencia-brasil.jpg","width":1200,"height":675,"caption":"Haddad. Foto: Marcelo Camargo\/Ag\u00eancia Brasil"},{"@type":"BreadcrumbList","@id":"https:\/\/www.suno.com.br\/noticias\/fernando-haddad-taxacao-dividendos\/#breadcrumb","itemListElement":[{"@type":"ListItem","position":1,"name":"Not\u00edcias","item":"https:\/\/www.suno.com.br\/noticias\/"},{"@type":"ListItem","position":2,"name":"Pol\u00edtica","item":"https:\/\/www.suno.com.br\/noticias\/politica\/"},{"@type":"ListItem","position":3,"name":"Haddad diz que n\u00e3o tratar\u00e1 de taxa\u00e7\u00e3o de dividendos \u201cno primeiro momento\u201d"}]},{"@type":"WebSite","@id":"https:\/\/www.suno.com.br\/noticias\/#website","url":"https:\/\/www.suno.com.br\/noticias\/","name":"Suno Not\u00edcias","description":"Seu portal de informa\u00e7\u00e3o sobre o mundo dos investimentos","publisher":{"@id":"https:\/\/www.suno.com.br\/noticias\/#organization"},"potentialAction":[{"@type":"SearchAction","target":{"@type":"EntryPoint","urlTemplate":"https:\/\/www.suno.com.br\/noticias\/?s={search_term_string}"},"query-input":{"@type":"PropertyValueSpecification","valueRequired":true,"valueName":"search_term_string"}}],"inLanguage":"pt-BR"},{"@type":"Organization","@id":"https:\/\/www.suno.com.br\/noticias\/#organization","name":"Suno Not\u00edcias","url":"https:\/\/www.suno.com.br\/noticias\/","logo":{"@type":"ImageObject","inLanguage":"pt-BR","@id":"https:\/\/www.suno.com.br\/noticias\/#\/schema\/logo\/image\/","url":"https:\/\/files.sunoresearch.com.br\/n\/uploads\/2021\/09\/suno-logo.png","contentUrl":"https:\/\/files.sunoresearch.com.br\/n\/uploads\/2021\/09\/suno-logo.png","width":180,"height":180,"caption":"Suno Not\u00edcias"},"image":{"@id":"https:\/\/www.suno.com.br\/noticias\/#\/schema\/logo\/image\/"},"sameAs":["https:\/\/facebook.com\/sunoresearch","https:\/\/x.com\/sunoresearch","https:\/\/www.instagram.com\/suno","https:\/\/www.linkedin.com\/company\/suno-research\/","https:\/\/www.youtube.com\/c\/sunoresearch"]},{"@type":"Person","@id":"https:\/\/www.suno.com.br\/noticias\/#\/schema\/person\/c94f387eeb0598ad381eac3e47a8686c","name":"Silvio Suehiro","image":{"@type":"ImageObject","inLanguage":"pt-BR","@id":"https:\/\/www.suno.com.br\/noticias\/#\/schema\/person\/image\/","url":"https:\/\/secure.gravatar.com\/avatar\/06585eb21140975c6be6bb79a07edac1?s=96&r=g","contentUrl":"https:\/\/secure.gravatar.com\/avatar\/06585eb21140975c6be6bb79a07edac1?s=96&r=g","caption":"Silvio Suehiro"},"description":"Redator freelancer, com experi\u00eancia na produ\u00e7\u00e3o de not\u00edcias e artigos para as \u00e1reas de economia, finan\u00e7as e investimentos. Graduado em Comunica\u00e7\u00e3o Social - Jornalismo pela Universidade de Mogi das Cruzes (UMC), e p\u00f3s-graduado em Produ\u00e7\u00e3o Audiovisual Multiplataforma pela Universidade Anhembi Morumbi (UAM).","url":"https:\/\/www.suno.com.br\/noticias\/author\/silvio-suehiro\/"}]}},"default_loop_html":"<div class=\"cardsPage__listCard__boxs\"><div class=\"cardsPage__listCard__boxs__img\"><a href=\"https:\/\/www.suno.com.br\/noticias\/fernando-haddad-taxacao-dividendos\/\"><img class=\"mask\" src=\"https:\/\/www.suno.com.br\/noticias\/wp-content\/themes\/suno\/resources\/images\/spotlight\/spotlight1img\/bg-mask.png\" alt=\"Image Mask\"\/><img src=\"https:\/\/files.sunoresearch.com.br\/n\/uploads\/2022\/12\/fernando-haddad-transicao-foto-marcelo-camargo-agencia-brasil-400x200.jpg\" alt=\"Haddad diz que n\u00e3o tratar\u00e1 de taxa\u00e7\u00e3o de dividendos \u201cno primeiro momento\u201d\"\/><\/a><span class=\"spotlightCategory\"><a href=\"https:\/\/www.suno.com.br\/noticias\/politica\/\">Pol\u00edtica<\/a><\/span><\/div><div class=\"cardsPage__listCard__boxs__content\"><a href=\"https:\/\/www.suno.com.br\/noticias\/fernando-haddad-taxacao-dividendos\/\"><h2 class=\"content__title\">Haddad diz que n\u00e3o tratar\u00e1 de taxa\u00e7\u00e3o de dividendos \u201cno primeiro momento\u201d<\/h2><\/a><div class=\"newsContent__article__meta\"><div class=\"newsContent__article__meta__authorBox\"><a href=\"https:\/\/www.suno.com.br\/noticias\/author\/silvio-suehiro\/\" class=\"authorBox__avatar noMobi\"><img src=\"https:\/\/secure.gravatar.com\/avatar\/06585eb21140975c6be6bb79a07edac1?s=96&#038;r=g\" alt=\"Silvio Suehiro\"><\/a><div class=\"authorBox__name\"><span>por\n\t\t\t<a href=\"https:\/\/www.suno.com.br\/noticias\/author\/silvio-suehiro\/\"><span itemprop=\"author\">Silvio Suehiro<\/span><\/a><\/span><time datetime=\"2022-12-29T10:17:29-03:00\" itemprop=\"datePublished\">29\/12\/2022 10:17<\/time><\/div><\/div><\/div><\/div><\/div>","single_layout":"posts","amp_enabled":true,"_links":{"self":[{"href":"https:\/\/www.suno.com.br\/noticias\/wp-json\/wp\/v2\/posts\/339054"}],"collection":[{"href":"https:\/\/www.suno.com.br\/noticias\/wp-json\/wp\/v2\/posts"}],"about":[{"href":"https:\/\/www.suno.com.br\/noticias\/wp-json\/wp\/v2\/types\/post"}],"author":[{"embeddable":true,"href":"https:\/\/www.suno.com.br\/noticias\/wp-json\/wp\/v2\/users\/224"}],"replies":[{"embeddable":true,"href":"https:\/\/www.suno.com.br\/noticias\/wp-json\/wp\/v2\/comments?post=339054"}],"version-history":[{"count":3,"href":"https:\/\/www.suno.com.br\/noticias\/wp-json\/wp\/v2\/posts\/339054\/revisions"}],"predecessor-version":[{"id":339063,"href":"https:\/\/www.suno.com.br\/noticias\/wp-json\/wp\/v2\/posts\/339054\/revisions\/339063"}],"wp:featuredmedia":[{"embeddable":true,"href":"https:\/\/www.suno.com.br\/noticias\/wp-json\/wp\/v2\/media\/327855"}],"wp:attachment":[{"href":"https:\/\/www.suno.com.br\/noticias\/wp-json\/wp\/v2\/media?parent=339054"}],"wp:term":[{"taxonomy":"category","embeddable":true,"href":"https:\/\/www.suno.com.br\/noticias\/wp-json\/wp\/v2\/categories?post=339054"},{"taxonomy":"post_tag","embeddable":true,"href":"https:\/\/www.suno.com.br\/noticias\/wp-json\/wp\/v2\/tags?post=339054"},{"taxonomy":"suno_strategy","embeddable":true,"href":"https:\/\/www.suno.com.br\/noticias\/wp-json\/wp\/v2\/suno_strategy?post=339054"}],"curies":[{"name":"wp","href":"https:\/\/api.w.org\/{rel}","templated":true}]}}