{"id":338811,"date":"2022-12-27T14:45:59","date_gmt":"2022-12-27T17:45:59","guid":{"rendered":"https:\/\/www.suno.com.br\/noticias\/?p=338811"},"modified":"2022-12-27T14:50:50","modified_gmt":"2022-12-27T17:50:50","slug":"simone-tebet-ministra-planejamento","status":"publish","type":"post","link":"https:\/\/www.suno.com.br\/noticias\/simone-tebet-ministra-planejamento\/","title":{"rendered":"Simone Tebet aceita convite de Lula para ser ministra do Planejamento"},"content":{"rendered":"<p>A senadora Simone <strong>Tebet<\/strong> (MDB-MS) aceitou o convite do presidente diplomado, Luiz In\u00e1cio Lula da Silva (PT), para ser ministra do Planejamento. O an\u00fancio foi feito nesta ter\u00e7a-feira, dia 27, pelo deputado Alexandre Padilha (PT-SP), futuro titular da Secretaria das Rela\u00e7\u00f5es Institucionais na Presid\u00eancia da Rep\u00fablica. Ele negou, por\u00e9m, que Lula tenha discutido com Tebet mudar a estrutura atual do minist\u00e9rio.<\/p>\t<div class=\"wrapper-featured-image\">\n\t\t<figure class=\"spotlightImg\">\n\n\t\t\t<picture>\n\t\t\t\t<source media=\"(max-width: 768px)\" srcset=\"https:\/\/files.sunoresearch.com.br\/n\/uploads\/2022\/12\/Simone-Tebet-400x200.jpg\">\n\t\t\t\t<img loading=\"lazy\" decoding=\"async\" class=\"newsContent__article__imgCapa lazyloadDisabled \" src=\"https:\/\/files.sunoresearch.com.br\/n\/uploads\/2022\/12\/Simone-Tebet-800x450.jpg\" width=\"800\" height=\"450\" alt=\"Simone Tebet aceita convite de Lula para ser ministra do Planejamento\" fetchpriority=high \/>\n\t\t\t<\/picture>\n\n\t\t\t<figcaption class=\"wp-caption-text wp-caption-text--show\">Simone Tebet. Foto: Fabio Rodrigues Pozzebom\/Ag\u00eancia Brasil<\/figcaption>\n\t\t<\/figure>\n\t<\/div>\n\n\n\t<p>\n\t\t<a href=\"\" target=\"_blank\" data-element=\"shortcode-suno-banner\" title=\"Banner SUNO, clique e saiba mais\">\n\t\t\t<picture>\n\t\t\t\t<source media=\"(max-width: 500px)\" srcset=\"\">\n\t\t\t\t<img class=\"newsContent__article__imgCapa newsContent__article__imgCapa--banner\"\n\t\t\t\t\tsrc=\"\"\n\t\t\t\t\tdata-promo-id=\"240038\"\t\t\t\t\t\t\t\t\t\t\t\t\t\t\talt=\"\"\n\t\t\t\t>\n\t\t\t<\/picture>\n\t\t<\/a>\n\t<\/p>\n\n\n<p>&#8220;Temos uma sinaliza\u00e7\u00e3o positiva de que ela aceitou o minist\u00e9rio do Planejamento&#8221;, disse Padilha. &#8220;O presidente Lula fez o convite \u00e0 senadora Simone Tebet pelo papel que ela teve no segundo turno e como prefeita, como senadora e capacidade como gestora.&#8221;<\/p>\n<p>O futuro ministro disse que n\u00e3o haver\u00e1 mudan\u00e7a, por enquanto, na estrutura j\u00e1 debatida do governo com Lula e demais ministros. O Programa de Parcerias e Investimentos (PPI), que Tebet teria sinalizado interesse em levar para o Planejamento como forma de robustecer a pasta, continua na Casa Civil.<\/p>\n<p>Segundo Padilha, a senadora conversar\u00e1 com Lula ainda nesta ter\u00e7a-feira, em encontro sem hor\u00e1rio definido. O convite foi feito na sexta-feira passada, dia 23, para que Tebet avaliasse assumir a pasta com o desenho e organograma montados previamente por Lula e outros ministros. Ele negou que tenham sido discutidos transfer\u00eancias de \u00f3rg\u00e3os do governo para a pasta a ser chefiada por Tebet.<\/p>\n<p>&#8220;N\u00e3o tem acordo. Tem um convite feito para o Planejamento, na estrutura e nas responsabilidades do Minist\u00e9rio do Planejamento, que tem um papel decisivo de acompanhamento, participa dos comit\u00eas gestores coordenados pela Casa Civil. Inclusive do comit\u00ea gestor do PPI, que \u00e9 coordenado pela Casa Civil e executado pelo minist\u00e9rio que est\u00e1 na ponta. O convite foi feito para essa estrutura do Planejamento e tivemos uma sinaliza\u00e7\u00e3o positiva&#8221;, afirmou Padilha.<\/p>\n<p>&#8220;Recebi uma sinaliza\u00e7\u00e3o de que (ela) tem a vontade de compor o Minist\u00e9rio do Planejamento e estaria aceitando o convite feito sexta-feira, quando o presidente mostrou o organograma, os pap\u00e9is e responsabilidades do minist\u00e9rio&#8221;, complementou.<\/p>\n\t<p>\n\t\t<a href=\"https:\/\/lp.suno.com.br\/planilha-controle-gastos\/\" target=\"_blank\" data-element=\"shortcode-suno-banner\" title=\"Banner SUNO, clique e saiba mais\">\n\t\t\t<picture>\n\t\t\t\t<source media=\"(max-width: 500px)\" srcset=\"https:\/\/files.sunoresearch.com.br\/n\/uploads\/2023\/03\/400x300-Planilha-controle-de-gastos.png\">\n\t\t\t\t<img class=\"newsContent__article__imgCapa newsContent__article__imgCapa--banner\"\n\t\t\t\t\tsrc=\"https:\/\/files.sunoresearch.com.br\/n\/uploads\/2023\/03\/1420x240-Planilha-controle-de-gastos.png\"\n\t\t\t\t\tdata-promo-id=\"101751\"\t\t\t\t\t\t\t\t\t\twidth='1420' height='240'\t\t\t\t\talt=\"https:\/\/files.sunoresearch.com.br\/n\/uploads\/2023\/03\/1420x240-Planilha-controle-de-gastos.png\"\n\t\t\t\t>\n\t\t\t<\/picture>\n\t\t<\/a>\n\t<\/p>\n\n\n<h2>Outras confirma\u00e7\u00f5es al\u00e9m de Tebet<\/h2>\n<p>A confirma\u00e7\u00e3o de Tebet no Planejamento encerra longas semanas de discuss\u00f5es e pode destravar a montagem final da composi\u00e7\u00e3o da equipe de Lula, em negocia\u00e7\u00f5es com o MDB, PSD e Uni\u00e3o Brasil. Lula vai dar sequ\u00eancia a reuni\u00f5es com lideran\u00e7as partid\u00e1rias para concluir o an\u00fancio dos 16 minist\u00e9rios pendentes.<\/p>\n<p>O Planejamento foi uma das op\u00e7\u00f5es aventadas a Tebet pelo gabinete de transi\u00e7\u00e3o, depois que a senadora foi preterida do Desenvolvimento Social, pasta que mais desejava. A parlamentar foi cogitada no Meio Ambiente, Cidades e Turismo.<\/p>\n<p><strong>Tebet<\/strong> buscava uma posi\u00e7\u00e3o com destaque e visibilidade pol\u00edtica, com capacidade de tocar programas e entregar diretamente \u00e0 popula\u00e7\u00e3o, embora o Planejamento tenha perfil mais burocr\u00e1tico.<\/p>\n<p class=\"newsProviderSignature\">Com Estad\u00e3o Conte\u00fado<\/p>\n\t<p>\n\t\t<a href=\"https:\/\/lp.suno.com.br\/planilha-da-vida-financeira\/\" target=\"_blank\" data-element=\"shortcode-suno-banner\" title=\"Banner SUNO, clique e saiba mais\">\n\t\t\t<picture>\n\t\t\t\t<source media=\"(max-width: 500px)\" srcset=\"https:\/\/files.sunoresearch.com.br\/n\/uploads\/2023\/04\/400x300-Planilha-vida-financeira-true.png\">\n\t\t\t\t<img class=\"newsContent__article__imgCapa newsContent__article__imgCapa--banner\"\n\t\t\t\t\tsrc=\"https:\/\/files.sunoresearch.com.br\/n\/uploads\/2023\/04\/1420x240-Planilha-vida-financeira-true.png\"\n\t\t\t\t\tdata-promo-id=\"106682\"\t\t\t\t\t\t\t\t\t\twidth='1420' height='240'\t\t\t\t\talt=\"https:\/\/files.sunoresearch.com.br\/n\/uploads\/2023\/04\/1420x240-Planilha-vida-financeira-true.png\"\n\t\t\t\t>\n\t\t\t<\/picture>\n\t\t<\/a>\n\t<\/p>\n\n\n","protected":false},"excerpt":{"rendered":"<p>A senadora Simone Tebet (MDB-MS) aceitou o convite do presidente diplomado, Luiz In\u00e1cio Lula da Silva (PT), para ser ministra do Planejamento. O an\u00fancio foi feito nesta ter\u00e7a-feira, dia 27, pelo deputado Alexandre Padilha (PT-SP), futuro titular da Secretaria das Rela\u00e7\u00f5es Institucionais na Presid\u00eancia da Rep\u00fablica. Ele negou, por\u00e9m, que Lula tenha discutido com Tebet [&hellip;]<\/p>\n","protected":false},"author":43,"featured_media":338819,"comment_status":"closed","ping_status":"closed","sticky":false,"template":"","format":"standard","meta":[],"categories":[61],"tags":[709],"suno_strategy":[],"class_list":["post-338811","post","type-post","status-publish","format-standard","has-post-thumbnail","hentry","category-politica","tag-lula"],"yoast_head":"<!-- This site is optimized with the Yoast SEO plugin v24.4 - https:\/\/yoast.com\/wordpress\/plugins\/seo\/ -->\n<title>Simone Tebet aceita convite de Lula para ser ministra do Planejamento<\/title>\n<meta name=\"description\" content=\"Simone Tebet (MDB-MS) aceitou o convite do presidente eleito, Luiz In\u00e1cio Lula da Silva (PT), para ser ministra do Planejamento. Saiba mais.\" \/>\n<meta name=\"robots\" content=\"index, follow, max-snippet:-1, max-image-preview:large, max-video-preview:-1\" \/>\n<link rel=\"canonical\" href=\"https:\/\/www.suno.com.br\/noticias\/simone-tebet-ministra-planejamento\/\" \/>\n<meta property=\"og:locale\" content=\"pt_BR\" \/>\n<meta property=\"og:type\" content=\"article\" \/>\n<meta property=\"og:title\" content=\"Simone Tebet aceita convite de Lula para ser ministra do Planejamento\" \/>\n<meta property=\"og:description\" content=\"Simone Tebet (MDB-MS) aceitou o convite do presidente eleito, Luiz In\u00e1cio Lula da Silva (PT), para ser ministra do Planejamento. Saiba mais.\" \/>\n<meta property=\"og:url\" content=\"https:\/\/www.suno.com.br\/noticias\/simone-tebet-ministra-planejamento\/\" \/>\n<meta property=\"og:site_name\" content=\"Suno Not\u00edcias\" \/>\n<meta property=\"article:publisher\" content=\"https:\/\/facebook.com\/sunoresearch\" \/>\n<meta property=\"article:author\" content=\"https:\/\/www.facebook.com\/sunonoticias\/\" \/>\n<meta property=\"og:image\" content=\"https:\/\/files.sunoresearch.com.br\/n\/uploads\/2022\/12\/Simone-Tebet-scaled.jpg\" \/>\n\t<meta property=\"og:image:width\" content=\"2560\" \/>\n\t<meta property=\"og:image:height\" content=\"1707\" \/>\n\t<meta property=\"og:image:type\" content=\"image\/jpeg\" \/>\n<meta name=\"author\" content=\"Reda\u00e7\u00e3o Suno Not\u00edcias\" \/>\n<meta name=\"twitter:card\" content=\"summary_large_image\" \/>\n<meta name=\"twitter:creator\" content=\"@https:\/\/twitter.com\/sunoresearch\" \/>\n<meta name=\"twitter:site\" content=\"@sunoresearch\" \/>\n<meta name=\"twitter:label1\" content=\"Escrito por\" \/>\n\t<meta name=\"twitter:data1\" content=\"Reda\u00e7\u00e3o Suno Not\u00edcias\" \/>\n\t<meta name=\"twitter:label2\" content=\"Est. tempo de leitura\" \/>\n\t<meta name=\"twitter:data2\" content=\"3 minutos\" \/>\n<script type=\"application\/ld+json\" class=\"yoast-schema-graph\">{\"@context\":\"https:\/\/schema.org\",\"@graph\":[{\"@type\":\"NewsArticle\",\"@id\":\"https:\/\/www.suno.com.br\/noticias\/simone-tebet-ministra-planejamento\/#article\",\"isPartOf\":{\"@id\":\"https:\/\/www.suno.com.br\/noticias\/simone-tebet-ministra-planejamento\/\"},\"author\":{\"name\":\"Reda\u00e7\u00e3o Suno Not\u00edcias\",\"@id\":\"https:\/\/www.suno.com.br\/noticias\/#\/schema\/person\/c1b1bd3727fa852bd045e9dbff3673ea\"},\"headline\":\"Simone Tebet aceita convite de Lula para ser ministra do Planejamento\",\"datePublished\":\"2022-12-27T17:45:59+00:00\",\"dateModified\":\"2022-12-27T17:50:50+00:00\",\"mainEntityOfPage\":{\"@id\":\"https:\/\/www.suno.com.br\/noticias\/simone-tebet-ministra-planejamento\/\"},\"wordCount\":496,\"publisher\":{\"@id\":\"https:\/\/www.suno.com.br\/noticias\/#organization\"},\"image\":{\"@id\":\"https:\/\/www.suno.com.br\/noticias\/simone-tebet-ministra-planejamento\/#primaryimage\"},\"thumbnailUrl\":\"https:\/\/files.sunoresearch.com.br\/n\/uploads\/2022\/12\/Simone-Tebet-scaled.jpg\",\"keywords\":[\"Lula\"],\"articleSection\":[\"Pol\u00edtica\"],\"inLanguage\":\"pt-BR\"},{\"@type\":\"WebPage\",\"@id\":\"https:\/\/www.suno.com.br\/noticias\/simone-tebet-ministra-planejamento\/\",\"url\":\"https:\/\/www.suno.com.br\/noticias\/simone-tebet-ministra-planejamento\/\",\"name\":\"Simone Tebet aceita convite de Lula para ser ministra do Planejamento\",\"isPartOf\":{\"@id\":\"https:\/\/www.suno.com.br\/noticias\/#website\"},\"primaryImageOfPage\":{\"@id\":\"https:\/\/www.suno.com.br\/noticias\/simone-tebet-ministra-planejamento\/#primaryimage\"},\"image\":{\"@id\":\"https:\/\/www.suno.com.br\/noticias\/simone-tebet-ministra-planejamento\/#primaryimage\"},\"thumbnailUrl\":\"https:\/\/files.sunoresearch.com.br\/n\/uploads\/2022\/12\/Simone-Tebet-scaled.jpg\",\"datePublished\":\"2022-12-27T17:45:59+00:00\",\"dateModified\":\"2022-12-27T17:50:50+00:00\",\"description\":\"Simone Tebet (MDB-MS) aceitou o convite do presidente eleito, Luiz In\u00e1cio Lula da Silva (PT), para ser ministra do Planejamento. Saiba mais.\",\"breadcrumb\":{\"@id\":\"https:\/\/www.suno.com.br\/noticias\/simone-tebet-ministra-planejamento\/#breadcrumb\"},\"inLanguage\":\"pt-BR\",\"potentialAction\":[{\"@type\":\"ReadAction\",\"target\":[\"https:\/\/www.suno.com.br\/noticias\/simone-tebet-ministra-planejamento\/\"]}]},{\"@type\":\"ImageObject\",\"inLanguage\":\"pt-BR\",\"@id\":\"https:\/\/www.suno.com.br\/noticias\/simone-tebet-ministra-planejamento\/#primaryimage\",\"url\":\"https:\/\/files.sunoresearch.com.br\/n\/uploads\/2022\/12\/Simone-Tebet-scaled.jpg\",\"contentUrl\":\"https:\/\/files.sunoresearch.com.br\/n\/uploads\/2022\/12\/Simone-Tebet-scaled.jpg\",\"width\":2560,\"height\":1707,\"caption\":\"Simone Tebet. Foto: Fabio Rodrigues Pozzebom\/Ag\u00eancia Brasil\"},{\"@type\":\"BreadcrumbList\",\"@id\":\"https:\/\/www.suno.com.br\/noticias\/simone-tebet-ministra-planejamento\/#breadcrumb\",\"itemListElement\":[{\"@type\":\"ListItem\",\"position\":1,\"name\":\"Not\u00edcias\",\"item\":\"https:\/\/www.suno.com.br\/noticias\/\"},{\"@type\":\"ListItem\",\"position\":2,\"name\":\"Pol\u00edtica\",\"item\":\"https:\/\/www.suno.com.br\/noticias\/politica\/\"},{\"@type\":\"ListItem\",\"position\":3,\"name\":\"Simone Tebet aceita convite de Lula para ser ministra do Planejamento\"}]},{\"@type\":\"WebSite\",\"@id\":\"https:\/\/www.suno.com.br\/noticias\/#website\",\"url\":\"https:\/\/www.suno.com.br\/noticias\/\",\"name\":\"Suno Not\u00edcias\",\"description\":\"Seu portal de informa\u00e7\u00e3o sobre o mundo dos investimentos\",\"publisher\":{\"@id\":\"https:\/\/www.suno.com.br\/noticias\/#organization\"},\"potentialAction\":[{\"@type\":\"SearchAction\",\"target\":{\"@type\":\"EntryPoint\",\"urlTemplate\":\"https:\/\/www.suno.com.br\/noticias\/?s={search_term_string}\"},\"query-input\":{\"@type\":\"PropertyValueSpecification\",\"valueRequired\":true,\"valueName\":\"search_term_string\"}}],\"inLanguage\":\"pt-BR\"},{\"@type\":\"Organization\",\"@id\":\"https:\/\/www.suno.com.br\/noticias\/#organization\",\"name\":\"Suno Not\u00edcias\",\"url\":\"https:\/\/www.suno.com.br\/noticias\/\",\"logo\":{\"@type\":\"ImageObject\",\"inLanguage\":\"pt-BR\",\"@id\":\"https:\/\/www.suno.com.br\/noticias\/#\/schema\/logo\/image\/\",\"url\":\"https:\/\/files.sunoresearch.com.br\/n\/uploads\/2021\/09\/suno-logo.png\",\"contentUrl\":\"https:\/\/files.sunoresearch.com.br\/n\/uploads\/2021\/09\/suno-logo.png\",\"width\":180,\"height\":180,\"caption\":\"Suno Not\u00edcias\"},\"image\":{\"@id\":\"https:\/\/www.suno.com.br\/noticias\/#\/schema\/logo\/image\/\"},\"sameAs\":[\"https:\/\/facebook.com\/sunoresearch\",\"https:\/\/x.com\/sunoresearch\",\"https:\/\/www.instagram.com\/suno\",\"https:\/\/www.linkedin.com\/company\/suno-research\/\",\"https:\/\/www.youtube.com\/c\/sunoresearch\"]},{\"@type\":\"Person\",\"@id\":\"https:\/\/www.suno.com.br\/noticias\/#\/schema\/person\/c1b1bd3727fa852bd045e9dbff3673ea\",\"name\":\"Reda\u00e7\u00e3o Suno Not\u00edcias\",\"image\":{\"@type\":\"ImageObject\",\"inLanguage\":\"pt-BR\",\"@id\":\"https:\/\/www.suno.com.br\/noticias\/#\/schema\/person\/image\/\",\"url\":\"https:\/\/secure.gravatar.com\/avatar\/b8104b9b5a71985d5238ee59fbe418af?s=96&r=g\",\"contentUrl\":\"https:\/\/secure.gravatar.com\/avatar\/b8104b9b5a71985d5238ee59fbe418af?s=96&r=g\",\"caption\":\"Reda\u00e7\u00e3o Suno Not\u00edcias\"},\"description\":\"O Suno Not\u00edcias \u00e9 um portal de informa\u00e7\u00f5es sobre Mercado Financeiro, Pol\u00edtica, Neg\u00f3cios, Economia e Finan\u00e7as Pessoais.\",\"sameAs\":[\"https:\/\/www.suno.com.br\/noticias\",\"https:\/\/www.facebook.com\/sunonoticias\/\",\"https:\/\/www.instagram.com\/sunonoticias\/\",\"https:\/\/x.com\/https:\/\/twitter.com\/sunoresearch\",\"https:\/\/www.youtube.com\/sunonoticias\"],\"url\":\"https:\/\/www.suno.com.br\/noticias\/author\/redacao-suno\/\"}]}<\/script>\n<!-- \/ Yoast SEO plugin. -->","yoast_head_json":{"title":"Simone Tebet aceita convite de Lula para ser ministra do Planejamento","description":"Simone Tebet (MDB-MS) aceitou o convite do presidente eleito, Luiz In\u00e1cio Lula da Silva (PT), para ser ministra do Planejamento. Saiba mais.","robots":{"index":"index","follow":"follow","max-snippet":"max-snippet:-1","max-image-preview":"max-image-preview:large","max-video-preview":"max-video-preview:-1"},"canonical":"https:\/\/www.suno.com.br\/noticias\/simone-tebet-ministra-planejamento\/","og_locale":"pt_BR","og_type":"article","og_title":"Simone Tebet aceita convite de Lula para ser ministra do Planejamento","og_description":"Simone Tebet (MDB-MS) aceitou o convite do presidente eleito, Luiz In\u00e1cio Lula da Silva (PT), para ser ministra do Planejamento. Saiba mais.","og_url":"https:\/\/www.suno.com.br\/noticias\/simone-tebet-ministra-planejamento\/","og_site_name":"Suno Not\u00edcias","article_publisher":"https:\/\/facebook.com\/sunoresearch","article_author":"https:\/\/www.facebook.com\/sunonoticias\/","og_image":[{"width":2560,"height":1707,"url":"https:\/\/files.sunoresearch.com.br\/n\/uploads\/2022\/12\/Simone-Tebet-scaled.jpg","type":"image\/jpeg"}],"author":"Reda\u00e7\u00e3o Suno Not\u00edcias","twitter_card":"summary_large_image","twitter_creator":"@https:\/\/twitter.com\/sunoresearch","twitter_site":"@sunoresearch","twitter_misc":{"Escrito por":"Reda\u00e7\u00e3o Suno Not\u00edcias","Est. tempo de leitura":"3 minutos"},"schema":{"@context":"https:\/\/schema.org","@graph":[{"@type":"NewsArticle","@id":"https:\/\/www.suno.com.br\/noticias\/simone-tebet-ministra-planejamento\/#article","isPartOf":{"@id":"https:\/\/www.suno.com.br\/noticias\/simone-tebet-ministra-planejamento\/"},"author":{"name":"Reda\u00e7\u00e3o Suno Not\u00edcias","@id":"https:\/\/www.suno.com.br\/noticias\/#\/schema\/person\/c1b1bd3727fa852bd045e9dbff3673ea"},"headline":"Simone Tebet aceita convite de Lula para ser ministra do Planejamento","datePublished":"2022-12-27T17:45:59+00:00","dateModified":"2022-12-27T17:50:50+00:00","mainEntityOfPage":{"@id":"https:\/\/www.suno.com.br\/noticias\/simone-tebet-ministra-planejamento\/"},"wordCount":496,"publisher":{"@id":"https:\/\/www.suno.com.br\/noticias\/#organization"},"image":{"@id":"https:\/\/www.suno.com.br\/noticias\/simone-tebet-ministra-planejamento\/#primaryimage"},"thumbnailUrl":"https:\/\/files.sunoresearch.com.br\/n\/uploads\/2022\/12\/Simone-Tebet-scaled.jpg","keywords":["Lula"],"articleSection":["Pol\u00edtica"],"inLanguage":"pt-BR"},{"@type":"WebPage","@id":"https:\/\/www.suno.com.br\/noticias\/simone-tebet-ministra-planejamento\/","url":"https:\/\/www.suno.com.br\/noticias\/simone-tebet-ministra-planejamento\/","name":"Simone Tebet aceita convite de Lula para ser ministra do Planejamento","isPartOf":{"@id":"https:\/\/www.suno.com.br\/noticias\/#website"},"primaryImageOfPage":{"@id":"https:\/\/www.suno.com.br\/noticias\/simone-tebet-ministra-planejamento\/#primaryimage"},"image":{"@id":"https:\/\/www.suno.com.br\/noticias\/simone-tebet-ministra-planejamento\/#primaryimage"},"thumbnailUrl":"https:\/\/files.sunoresearch.com.br\/n\/uploads\/2022\/12\/Simone-Tebet-scaled.jpg","datePublished":"2022-12-27T17:45:59+00:00","dateModified":"2022-12-27T17:50:50+00:00","description":"Simone Tebet (MDB-MS) aceitou o convite do presidente eleito, Luiz In\u00e1cio Lula da Silva (PT), para ser ministra do Planejamento. Saiba mais.","breadcrumb":{"@id":"https:\/\/www.suno.com.br\/noticias\/simone-tebet-ministra-planejamento\/#breadcrumb"},"inLanguage":"pt-BR","potentialAction":[{"@type":"ReadAction","target":["https:\/\/www.suno.com.br\/noticias\/simone-tebet-ministra-planejamento\/"]}]},{"@type":"ImageObject","inLanguage":"pt-BR","@id":"https:\/\/www.suno.com.br\/noticias\/simone-tebet-ministra-planejamento\/#primaryimage","url":"https:\/\/files.sunoresearch.com.br\/n\/uploads\/2022\/12\/Simone-Tebet-scaled.jpg","contentUrl":"https:\/\/files.sunoresearch.com.br\/n\/uploads\/2022\/12\/Simone-Tebet-scaled.jpg","width":2560,"height":1707,"caption":"Simone Tebet. Foto: Fabio Rodrigues Pozzebom\/Ag\u00eancia Brasil"},{"@type":"BreadcrumbList","@id":"https:\/\/www.suno.com.br\/noticias\/simone-tebet-ministra-planejamento\/#breadcrumb","itemListElement":[{"@type":"ListItem","position":1,"name":"Not\u00edcias","item":"https:\/\/www.suno.com.br\/noticias\/"},{"@type":"ListItem","position":2,"name":"Pol\u00edtica","item":"https:\/\/www.suno.com.br\/noticias\/politica\/"},{"@type":"ListItem","position":3,"name":"Simone Tebet aceita convite de Lula para ser ministra do Planejamento"}]},{"@type":"WebSite","@id":"https:\/\/www.suno.com.br\/noticias\/#website","url":"https:\/\/www.suno.com.br\/noticias\/","name":"Suno Not\u00edcias","description":"Seu portal de informa\u00e7\u00e3o sobre o mundo dos investimentos","publisher":{"@id":"https:\/\/www.suno.com.br\/noticias\/#organization"},"potentialAction":[{"@type":"SearchAction","target":{"@type":"EntryPoint","urlTemplate":"https:\/\/www.suno.com.br\/noticias\/?s={search_term_string}"},"query-input":{"@type":"PropertyValueSpecification","valueRequired":true,"valueName":"search_term_string"}}],"inLanguage":"pt-BR"},{"@type":"Organization","@id":"https:\/\/www.suno.com.br\/noticias\/#organization","name":"Suno Not\u00edcias","url":"https:\/\/www.suno.com.br\/noticias\/","logo":{"@type":"ImageObject","inLanguage":"pt-BR","@id":"https:\/\/www.suno.com.br\/noticias\/#\/schema\/logo\/image\/","url":"https:\/\/files.sunoresearch.com.br\/n\/uploads\/2021\/09\/suno-logo.png","contentUrl":"https:\/\/files.sunoresearch.com.br\/n\/uploads\/2021\/09\/suno-logo.png","width":180,"height":180,"caption":"Suno Not\u00edcias"},"image":{"@id":"https:\/\/www.suno.com.br\/noticias\/#\/schema\/logo\/image\/"},"sameAs":["https:\/\/facebook.com\/sunoresearch","https:\/\/x.com\/sunoresearch","https:\/\/www.instagram.com\/suno","https:\/\/www.linkedin.com\/company\/suno-research\/","https:\/\/www.youtube.com\/c\/sunoresearch"]},{"@type":"Person","@id":"https:\/\/www.suno.com.br\/noticias\/#\/schema\/person\/c1b1bd3727fa852bd045e9dbff3673ea","name":"Reda\u00e7\u00e3o Suno Not\u00edcias","image":{"@type":"ImageObject","inLanguage":"pt-BR","@id":"https:\/\/www.suno.com.br\/noticias\/#\/schema\/person\/image\/","url":"https:\/\/secure.gravatar.com\/avatar\/b8104b9b5a71985d5238ee59fbe418af?s=96&r=g","contentUrl":"https:\/\/secure.gravatar.com\/avatar\/b8104b9b5a71985d5238ee59fbe418af?s=96&r=g","caption":"Reda\u00e7\u00e3o Suno Not\u00edcias"},"description":"O Suno Not\u00edcias \u00e9 um portal de informa\u00e7\u00f5es sobre Mercado Financeiro, Pol\u00edtica, Neg\u00f3cios, Economia e Finan\u00e7as Pessoais.","sameAs":["https:\/\/www.suno.com.br\/noticias","https:\/\/www.facebook.com\/sunonoticias\/","https:\/\/www.instagram.com\/sunonoticias\/","https:\/\/x.com\/https:\/\/twitter.com\/sunoresearch","https:\/\/www.youtube.com\/sunonoticias"],"url":"https:\/\/www.suno.com.br\/noticias\/author\/redacao-suno\/"}]}},"default_loop_html":"<div class=\"cardsPage__listCard__boxs\"><div class=\"cardsPage__listCard__boxs__img\"><a href=\"https:\/\/www.suno.com.br\/noticias\/simone-tebet-ministra-planejamento\/\"><img class=\"mask\" src=\"https:\/\/www.suno.com.br\/noticias\/wp-content\/themes\/suno\/resources\/images\/spotlight\/spotlight1img\/bg-mask.png\" alt=\"Image Mask\"\/><img src=\"https:\/\/files.sunoresearch.com.br\/n\/uploads\/2022\/12\/Simone-Tebet-400x200.jpg\" alt=\"Simone Tebet aceita convite de Lula para ser ministra do Planejamento\"\/><\/a><span class=\"spotlightCategory\"><a href=\"https:\/\/www.suno.com.br\/noticias\/politica\/\">Pol\u00edtica<\/a><\/span><\/div><div class=\"cardsPage__listCard__boxs__content\"><a href=\"https:\/\/www.suno.com.br\/noticias\/simone-tebet-ministra-planejamento\/\"><h2 class=\"content__title\">Simone Tebet aceita convite de Lula para ser ministra do Planejamento<\/h2><\/a><div class=\"newsContent__article__meta\"><div class=\"newsContent__article__meta__authorBox\"><a href=\"https:\/\/www.suno.com.br\/noticias\/author\/redacao-suno\/\" class=\"authorBox__avatar noMobi\"><img src=\"https:\/\/files.sunoresearch.com.br\/n\/uploads\/2020\/08\/0ace682d-redacao-1-150x150.webp\" alt=\"Reda\u00e7\u00e3o Suno Not\u00edcias\"><\/a><div class=\"authorBox__name\"><span>por\n\t\t\t<a href=\"https:\/\/www.suno.com.br\/noticias\/author\/redacao-suno\/\"><span itemprop=\"author\">Reda\u00e7\u00e3o Suno Not\u00edcias<\/span><\/a><\/span><time datetime=\"2022-12-27T14:45:59-03:00\" itemprop=\"datePublished\">27\/12\/2022 14:45<\/time><\/div><\/div><\/div><\/div><\/div>","single_layout":"posts","amp_enabled":true,"_links":{"self":[{"href":"https:\/\/www.suno.com.br\/noticias\/wp-json\/wp\/v2\/posts\/338811"}],"collection":[{"href":"https:\/\/www.suno.com.br\/noticias\/wp-json\/wp\/v2\/posts"}],"about":[{"href":"https:\/\/www.suno.com.br\/noticias\/wp-json\/wp\/v2\/types\/post"}],"author":[{"embeddable":true,"href":"https:\/\/www.suno.com.br\/noticias\/wp-json\/wp\/v2\/users\/43"}],"replies":[{"embeddable":true,"href":"https:\/\/www.suno.com.br\/noticias\/wp-json\/wp\/v2\/comments?post=338811"}],"version-history":[{"count":3,"href":"https:\/\/www.suno.com.br\/noticias\/wp-json\/wp\/v2\/posts\/338811\/revisions"}],"predecessor-version":[{"id":338824,"href":"https:\/\/www.suno.com.br\/noticias\/wp-json\/wp\/v2\/posts\/338811\/revisions\/338824"}],"wp:featuredmedia":[{"embeddable":true,"href":"https:\/\/www.suno.com.br\/noticias\/wp-json\/wp\/v2\/media\/338819"}],"wp:attachment":[{"href":"https:\/\/www.suno.com.br\/noticias\/wp-json\/wp\/v2\/media?parent=338811"}],"wp:term":[{"taxonomy":"category","embeddable":true,"href":"https:\/\/www.suno.com.br\/noticias\/wp-json\/wp\/v2\/categories?post=338811"},{"taxonomy":"post_tag","embeddable":true,"href":"https:\/\/www.suno.com.br\/noticias\/wp-json\/wp\/v2\/tags?post=338811"},{"taxonomy":"suno_strategy","embeddable":true,"href":"https:\/\/www.suno.com.br\/noticias\/wp-json\/wp\/v2\/suno_strategy?post=338811"}],"curies":[{"name":"wp","href":"https:\/\/api.w.org\/{rel}","templated":true}]}}