{"id":338439,"date":"2022-12-23T09:59:59","date_gmt":"2022-12-23T12:59:59","guid":{"rendered":"https:\/\/www.suno.com.br\/noticias\/?p=338439"},"modified":"2022-12-23T10:18:04","modified_gmt":"2022-12-23T13:18:04","slug":"embraer-embr3-bndes-financiamento-490-milhoes-eve","status":"publish","type":"post","link":"https:\/\/www.suno.com.br\/noticias\/embraer-embr3-bndes-financiamento-490-milhoes-eve\/","title":{"rendered":"BNDES aprova financiamento de R$ 490 milh\u00f5es para controlada da Embraer (EMBR3)"},"content":{"rendered":"<p>O Banco Nacional de <a href=\"https:\/\/www.suno.com.br\/artigos\/desenvolvimento-economico\/\" target=\"_blank\" rel=\"noopener\">Desenvolvimento Econ\u00f4mico<\/a> e Social (<strong>BNDES<\/strong>) aprovou financiamento de R$ 490 milh\u00f5es \u00e0 <strong>Eve Solu\u00e7\u00f5es de Mobilidade A\u00e9rea Urbana<\/strong>, controlada da <strong>Embraer<\/strong> (<a href=\"https:\/\/www.suno.com.br\/acoes\/embr3\/\" target=\"_blank\" rel=\"noopener\">EMBR3<\/a>), para a primeira fase do desenvolvimento de aeronaves el\u00e9tricas de decolagem e pouso vertical (eVTOL da sigla em ingl\u00eas).<\/p>\t<div class=\"wrapper-featured-image\">\n\t\t<figure class=\"spotlightImg\">\n\n\t\t\t<picture>\n\t\t\t\t<source media=\"(max-width: 768px)\" srcset=\"https:\/\/files.sunoresearch.com.br\/n\/uploads\/2021\/05\/90793dc2-186551469_3625427630896041_6722251706334548378_n-e1697205852968-400x200.jpg\">\n\t\t\t\t<img loading=\"lazy\" decoding=\"async\" class=\"newsContent__article__imgCapa lazyloadDisabled \" src=\"https:\/\/files.sunoresearch.com.br\/n\/uploads\/2021\/05\/90793dc2-186551469_3625427630896041_6722251706334548378_n-e1697205852968-800x450.jpg\" width=\"800\" height=\"450\" alt=\"BNDES aprova financiamento de R$ 490 milh\u00f5es para controlada da Embraer (EMBR3)\" fetchpriority=high \/>\n\t\t\t<\/picture>\n\n\t\t\t<figcaption class=\"wp-caption-text wp-caption-text--show\">Embraer (EMBR3). Foto: Reprodu\u00e7\u00e3o Facebook<\/figcaption>\n\t\t<\/figure>\n\t<\/div>\n\n\n\t<p>\n\t\t<a href=\"https:\/\/lp2.suno.com.br\/cl\/black-friday-2025\/?utm_campaign=_SNCDF0E4858_\" target=\"_blank\" data-element=\"shortcode-suno-banner\" title=\"Banner SUNO, clique e saiba mais\">\n\t\t\t<picture>\n\t\t\t\t<source media=\"(max-width: 500px)\" srcset=\"https:\/\/files.sunoresearch.com.br\/n\/uploads\/2025\/10\/Artigos-e-Noticias-Banner-Home-artigos-01-Mobile_-400x300-1-png.webp\">\n\t\t\t\t<img class=\"newsContent__article__imgCapa newsContent__article__imgCapa--banner\"\n\t\t\t\t\tsrc=\"https:\/\/files.sunoresearch.com.br\/n\/uploads\/2025\/10\/Artigos-e-Noticias-Banner-Home-artigos-01-Desktop_-1420x240-1-png.webp\"\n\t\t\t\t\tdata-promo-id=\"311259\"\t\t\t\t\t\t\t\t\t\twidth='1420' height='240'\t\t\t\t\talt=\"https:\/\/files.sunoresearch.com.br\/n\/uploads\/2025\/10\/Artigos-e-Noticias-Banner-Home-artigos-01-Desktop_-1420x240-1-png.webp\"\n\t\t\t\t>\n\t\t\t<\/picture>\n\t\t<\/a>\n\t<\/p>\n\n\n<p>O valor do financiamento para a <strong>controlada da Embraer<\/strong> corresponde a 75% do total investido nesta fase do desenvolvimento do projeto, voltada \u00e0 pesquisa e desenvolvimento (P&amp;D), que \u00e9 de R$ 652 milh\u00f5es. Desse valor R$ 80 milh\u00f5es ser\u00e3o oriundos do Programa <a href=\"https:\/\/www.suno.com.br\/artigos\/bndes\/\" target=\"_blank\" rel=\"noopener\"><strong>BNDES<\/strong><\/a> Fundo Clima (subprograma Mobilidade Urbana) e R$ 410 milh\u00f5es ser\u00e3o provenientes da Linha Finem &#8211; Incentivada A\/Inova\u00e7\u00e3o.<\/p>\n<p>Conhecido tamb\u00e9m como carro voador, o eVTOL da<strong> empresa controlada pela Embraer<\/strong>, a Eve, ser\u00e1 projetado para realizar voos urbanos e proporcionar\u00e1 baixos n\u00edveis de ru\u00eddo e maior sustentabilidade em rela\u00e7\u00e3o aos ve\u00edculos tradicionais. Com zero emiss\u00f5es locais, o ve\u00edculo dever\u00e1 estar dispon\u00edvel no mercado a partir de 2026.<\/p>\n\t<div data-element=\"shortcode-read-more\" class=\"knowMore\">\n\t\t\t\t<span class=\"knowMore__title\">Leia mais:<\/span>\n\t\t\t\t<a class=\"knowMore__link\" href=\"https:\/\/www.suno.com.br\/noticias\/irb-irbr3-aprova-grupamento-acoes\/\">\n\t\t\tIRB (IRBR3) aprova grupamento de a\u00e7\u00f5es na propor\u00e7\u00e3o de 30 para 1; Veja detalhes\t\t<\/a>\n\t<\/div>\n\n\n<p>O ve\u00edculo ser\u00e1 100% el\u00e9trico \u00e0 bateria e inicialmente capaz de transportar quatro passageiros e mais o piloto, por uma dist\u00e2ncia de at\u00e9 100 quil\u00f4metros. Os ru\u00eddos emitidos pela aeronave ser\u00e3o em at\u00e9 90% inferiores aos de helic\u00f3pteros.<\/p>\n<p>O BNDES destaca que o mercado de mobilidade a\u00e9rea urbana ser\u00e1 impulsionado nas pr\u00f3ximas d\u00e9cadas por fatores como crescentes popula\u00e7\u00f5es urbanas, limita\u00e7\u00f5es de espa\u00e7o terrestre e altos custos de aperfei\u00e7oamento de infraestrutura, bem como altos \u00edndices de polui\u00e7\u00e3o local dos meios de transporte tradicionais.<\/p>\n<p>Com uma tecnologia inovadora, os <strong>eVTOLs<\/strong> possibilitar\u00e3o viagens curtas mais r\u00e1pidas que os meios tradicionais e com zero emiss\u00f5es locais de gases de efeito estufa.<\/p>\n<p>Em nota, Bruno Aranha, diretor de cr\u00e9dito produtivo e socioambiental do BNDES ressalta que a opera\u00e7\u00e3o da controlada da Embraer \u00e9 especialmente emblem\u00e1tica no \u00e2mbito do Fundo Clima, ao contemplar o desenvolvimento de um produto disruptivo e que mitigar\u00e1 a emiss\u00e3o de gases de efeito estufa.<\/p>\n<p>&#8220;Trata-se de um enorme esfor\u00e7o inovador realizado no Brasil. O sucesso no desenvolvimento do eVTOL permitir\u00e1 o ingresso num segmento de mercado de alta intensidade tecnol\u00f3gica&#8221;, afirma<\/p>\n<p>Andr\u00e9 Stein, co-CEO da Eve, avalia que o apoio vai n\u00e3o s\u00f3 acelerar a inova\u00e7\u00e3o, mas tamb\u00e9m a ascens\u00e3o de uma nova forma de avia\u00e7\u00e3o mais sustent\u00e1vel com as aeronaves eVTOL, ajudando a transformar a ind\u00fastria e a mobilidade urbana, e reduzindo a polui\u00e7\u00e3o sonora e o custo dos voos urbanos. &#8220;O BNDES ser\u00e1 um parceiro fundamental para completarmos o desenvolvimento do nosso portf\u00f3lio de produtos e servi\u00e7os&#8221;, afirma<\/p>\n<p>A consuma\u00e7\u00e3o do financiamento para a controlada da <strong>Embraer<\/strong> est\u00e1 sujeita ao cumprimento de condi\u00e7\u00f5es pr\u00e9vias fixadas pelo BNDES, dentre outros, e \u00e0 assinatura do respectivo contrato.<\/p>\n<p class=\"newsProviderSignature\">(Com informa\u00e7\u00f5es de Estad\u00e3o Conte\u00fado)<\/p>\n\t<p>\n\t\t<a href=\"https:\/\/lp.suno.com.br\/ebook-como-analisar-uma-acao\/\" target=\"_blank\" data-element=\"shortcode-suno-banner\" title=\"Banner SUNO, clique e saiba mais\">\n\t\t\t<picture>\n\t\t\t\t<source media=\"(max-width: 500px)\" srcset=\"https:\/\/files.sunoresearch.com.br\/n\/uploads\/2023\/12\/Ebook-Acoes-Mobile.jpg\">\n\t\t\t\t<img class=\"newsContent__article__imgCapa newsContent__article__imgCapa--banner\"\n\t\t\t\t\tsrc=\"https:\/\/files.sunoresearch.com.br\/n\/uploads\/2023\/12\/Ebook-Acoes-Desktop.webp\"\n\t\t\t\t\tdata-promo-id=\"311260\"\t\t\t\t\t\t\t\t\t\twidth='1420' height='286'\t\t\t\t\talt=\"https:\/\/files.sunoresearch.com.br\/n\/uploads\/2023\/12\/Ebook-Acoes-Desktop.webp\"\n\t\t\t\t>\n\t\t\t<\/picture>\n\t\t<\/a>\n\t<\/p>\n\n\n","protected":false},"excerpt":{"rendered":"<p>O Banco Nacional de Desenvolvimento Econ\u00f4mico e Social (BNDES) aprovou financiamento de R$ 490 milh\u00f5es \u00e0 Eve Solu\u00e7\u00f5es de Mobilidade A\u00e9rea Urbana, controlada da Embraer (EMBR3), para a primeira fase do desenvolvimento de aeronaves el\u00e9tricas de decolagem e pouso vertical (eVTOL da sigla em ingl\u00eas). Embraer (EMBR3). Foto: Reprodu\u00e7\u00e3o Facebook O valor do financiamento para [&hellip;]<\/p>\n","protected":false},"author":173,"featured_media":150054,"comment_status":"closed","ping_status":"closed","sticky":false,"template":"","format":"standard","meta":[],"categories":[64],"tags":[460],"suno_strategy":[],"class_list":["post-338439","post","type-post","status-publish","format-standard","has-post-thumbnail","hentry","category-negocios","tag-embraer-embr3"],"yoast_head":"<!-- This site is optimized with the Yoast SEO plugin v24.4 - https:\/\/yoast.com\/wordpress\/plugins\/seo\/ -->\n<title>Embraer (EMBR3): BNDES aprova financiamento de R$ 490 milh\u00f5es para controlada<\/title>\n<meta name=\"description\" content=\"O BNDES aprovou um financiamento de R$ 490 milh\u00f5es para a controlada da Embraer (EMBR3), a Eve. Clique e veja detalhes da opera\u00e7\u00e3o.\" \/>\n<meta name=\"robots\" content=\"index, follow, max-snippet:-1, max-image-preview:large, max-video-preview:-1\" \/>\n<link rel=\"canonical\" href=\"https:\/\/www.suno.com.br\/noticias\/embraer-embr3-bndes-financiamento-490-milhoes-eve\/\" \/>\n<meta property=\"og:locale\" content=\"pt_BR\" \/>\n<meta property=\"og:type\" content=\"article\" \/>\n<meta property=\"og:title\" content=\"Embraer (EMBR3): BNDES aprova financiamento de R$ 490 milh\u00f5es para controlada\" \/>\n<meta property=\"og:description\" content=\"O BNDES aprovou um financiamento de R$ 490 milh\u00f5es para a controlada da Embraer (EMBR3), a Eve. Clique e veja detalhes da opera\u00e7\u00e3o.\" \/>\n<meta property=\"og:url\" content=\"https:\/\/www.suno.com.br\/noticias\/embraer-embr3-bndes-financiamento-490-milhoes-eve\/\" \/>\n<meta property=\"og:site_name\" content=\"Suno Not\u00edcias\" \/>\n<meta property=\"article:publisher\" content=\"https:\/\/facebook.com\/sunoresearch\" \/>\n<meta property=\"og:image\" content=\"https:\/\/files.sunoresearch.com.br\/n\/uploads\/2021\/05\/90793dc2-186551469_3625427630896041_6722251706334548378_n.jpg\" \/>\n\t<meta property=\"og:image:width\" content=\"1685\" \/>\n\t<meta property=\"og:image:height\" content=\"1124\" \/>\n\t<meta property=\"og:image:type\" content=\"image\/jpeg\" \/>\n<meta name=\"author\" content=\"Jo\u00e3o Vitor\" \/>\n<meta name=\"twitter:card\" content=\"summary_large_image\" \/>\n<meta name=\"twitter:creator\" content=\"@sunoresearch\" \/>\n<meta name=\"twitter:site\" content=\"@sunoresearch\" \/>\n<meta name=\"twitter:label1\" content=\"Escrito por\" \/>\n\t<meta name=\"twitter:data1\" content=\"Jo\u00e3o Vitor\" \/>\n\t<meta name=\"twitter:label2\" content=\"Est. tempo de leitura\" \/>\n\t<meta name=\"twitter:data2\" content=\"3 minutos\" \/>\n<script type=\"application\/ld+json\" class=\"yoast-schema-graph\">{\"@context\":\"https:\/\/schema.org\",\"@graph\":[{\"@type\":\"NewsArticle\",\"@id\":\"https:\/\/www.suno.com.br\/noticias\/embraer-embr3-bndes-financiamento-490-milhoes-eve\/#article\",\"isPartOf\":{\"@id\":\"https:\/\/www.suno.com.br\/noticias\/embraer-embr3-bndes-financiamento-490-milhoes-eve\/\"},\"author\":{\"name\":\"Jo\u00e3o Vitor\",\"@id\":\"https:\/\/www.suno.com.br\/noticias\/#\/schema\/person\/87fc6973867c52dd884811905c43afba\"},\"headline\":\"BNDES aprova financiamento de R$ 490 milh\u00f5es para controlada da Embraer (EMBR3)\",\"datePublished\":\"2022-12-23T12:59:59+00:00\",\"dateModified\":\"2022-12-23T13:18:04+00:00\",\"mainEntityOfPage\":{\"@id\":\"https:\/\/www.suno.com.br\/noticias\/embraer-embr3-bndes-financiamento-490-milhoes-eve\/\"},\"wordCount\":508,\"publisher\":{\"@id\":\"https:\/\/www.suno.com.br\/noticias\/#organization\"},\"image\":{\"@id\":\"https:\/\/www.suno.com.br\/noticias\/embraer-embr3-bndes-financiamento-490-milhoes-eve\/#primaryimage\"},\"thumbnailUrl\":\"https:\/\/files.sunoresearch.com.br\/n\/uploads\/2021\/05\/90793dc2-186551469_3625427630896041_6722251706334548378_n-e1697205852968.jpg\",\"keywords\":[\"Embraer (EMBR3)\"],\"articleSection\":[\"Neg\u00f3cios\"],\"inLanguage\":\"pt-BR\"},{\"@type\":\"WebPage\",\"@id\":\"https:\/\/www.suno.com.br\/noticias\/embraer-embr3-bndes-financiamento-490-milhoes-eve\/\",\"url\":\"https:\/\/www.suno.com.br\/noticias\/embraer-embr3-bndes-financiamento-490-milhoes-eve\/\",\"name\":\"Embraer (EMBR3): BNDES aprova financiamento de R$ 490 milh\u00f5es para controlada\",\"isPartOf\":{\"@id\":\"https:\/\/www.suno.com.br\/noticias\/#website\"},\"primaryImageOfPage\":{\"@id\":\"https:\/\/www.suno.com.br\/noticias\/embraer-embr3-bndes-financiamento-490-milhoes-eve\/#primaryimage\"},\"image\":{\"@id\":\"https:\/\/www.suno.com.br\/noticias\/embraer-embr3-bndes-financiamento-490-milhoes-eve\/#primaryimage\"},\"thumbnailUrl\":\"https:\/\/files.sunoresearch.com.br\/n\/uploads\/2021\/05\/90793dc2-186551469_3625427630896041_6722251706334548378_n-e1697205852968.jpg\",\"datePublished\":\"2022-12-23T12:59:59+00:00\",\"dateModified\":\"2022-12-23T13:18:04+00:00\",\"description\":\"O BNDES aprovou um financiamento de R$ 490 milh\u00f5es para a controlada da Embraer (EMBR3), a Eve. Clique e veja detalhes da opera\u00e7\u00e3o.\",\"breadcrumb\":{\"@id\":\"https:\/\/www.suno.com.br\/noticias\/embraer-embr3-bndes-financiamento-490-milhoes-eve\/#breadcrumb\"},\"inLanguage\":\"pt-BR\",\"potentialAction\":[{\"@type\":\"ReadAction\",\"target\":[\"https:\/\/www.suno.com.br\/noticias\/embraer-embr3-bndes-financiamento-490-milhoes-eve\/\"]}]},{\"@type\":\"ImageObject\",\"inLanguage\":\"pt-BR\",\"@id\":\"https:\/\/www.suno.com.br\/noticias\/embraer-embr3-bndes-financiamento-490-milhoes-eve\/#primaryimage\",\"url\":\"https:\/\/files.sunoresearch.com.br\/n\/uploads\/2021\/05\/90793dc2-186551469_3625427630896041_6722251706334548378_n-e1697205852968.jpg\",\"contentUrl\":\"https:\/\/files.sunoresearch.com.br\/n\/uploads\/2021\/05\/90793dc2-186551469_3625427630896041_6722251706334548378_n-e1697205852968.jpg\",\"width\":1200,\"height\":800,\"caption\":\"Embraer (EMBR3). Foto: Reprodu\u00e7\u00e3o Facebook\"},{\"@type\":\"BreadcrumbList\",\"@id\":\"https:\/\/www.suno.com.br\/noticias\/embraer-embr3-bndes-financiamento-490-milhoes-eve\/#breadcrumb\",\"itemListElement\":[{\"@type\":\"ListItem\",\"position\":1,\"name\":\"Not\u00edcias\",\"item\":\"https:\/\/www.suno.com.br\/noticias\/\"},{\"@type\":\"ListItem\",\"position\":2,\"name\":\"Neg\u00f3cios\",\"item\":\"https:\/\/www.suno.com.br\/noticias\/negocios\/\"},{\"@type\":\"ListItem\",\"position\":3,\"name\":\"BNDES aprova financiamento de R$ 490 milh\u00f5es para controlada da Embraer (EMBR3)\"}]},{\"@type\":\"WebSite\",\"@id\":\"https:\/\/www.suno.com.br\/noticias\/#website\",\"url\":\"https:\/\/www.suno.com.br\/noticias\/\",\"name\":\"Suno Not\u00edcias\",\"description\":\"Seu portal de informa\u00e7\u00e3o sobre o mundo dos investimentos\",\"publisher\":{\"@id\":\"https:\/\/www.suno.com.br\/noticias\/#organization\"},\"potentialAction\":[{\"@type\":\"SearchAction\",\"target\":{\"@type\":\"EntryPoint\",\"urlTemplate\":\"https:\/\/www.suno.com.br\/noticias\/?s={search_term_string}\"},\"query-input\":{\"@type\":\"PropertyValueSpecification\",\"valueRequired\":true,\"valueName\":\"search_term_string\"}}],\"inLanguage\":\"pt-BR\"},{\"@type\":\"Organization\",\"@id\":\"https:\/\/www.suno.com.br\/noticias\/#organization\",\"name\":\"Suno Not\u00edcias\",\"url\":\"https:\/\/www.suno.com.br\/noticias\/\",\"logo\":{\"@type\":\"ImageObject\",\"inLanguage\":\"pt-BR\",\"@id\":\"https:\/\/www.suno.com.br\/noticias\/#\/schema\/logo\/image\/\",\"url\":\"https:\/\/files.sunoresearch.com.br\/n\/uploads\/2021\/09\/suno-logo.png\",\"contentUrl\":\"https:\/\/files.sunoresearch.com.br\/n\/uploads\/2021\/09\/suno-logo.png\",\"width\":180,\"height\":180,\"caption\":\"Suno Not\u00edcias\"},\"image\":{\"@id\":\"https:\/\/www.suno.com.br\/noticias\/#\/schema\/logo\/image\/\"},\"sameAs\":[\"https:\/\/facebook.com\/sunoresearch\",\"https:\/\/x.com\/sunoresearch\",\"https:\/\/www.instagram.com\/suno\",\"https:\/\/www.linkedin.com\/company\/suno-research\/\",\"https:\/\/www.youtube.com\/c\/sunoresearch\"]},{\"@type\":\"Person\",\"@id\":\"https:\/\/www.suno.com.br\/noticias\/#\/schema\/person\/87fc6973867c52dd884811905c43afba\",\"name\":\"Jo\u00e3o Vitor\",\"image\":{\"@type\":\"ImageObject\",\"inLanguage\":\"pt-BR\",\"@id\":\"https:\/\/www.suno.com.br\/noticias\/#\/schema\/person\/image\/\",\"url\":\"https:\/\/secure.gravatar.com\/avatar\/2843227ca03ccf8cc7ccca45204c127e?s=96&r=g\",\"contentUrl\":\"https:\/\/secure.gravatar.com\/avatar\/2843227ca03ccf8cc7ccca45204c127e?s=96&r=g\",\"caption\":\"Jo\u00e3o Vitor\"},\"description\":\"Redator profissional, com atua\u00e7\u00e3o no mercado editorial na produ\u00e7\u00e3o de not\u00edcias e conte\u00fados sobre o mercado de a\u00e7\u00f5es, fundos imobili\u00e1rios e economia popular. Graduando em Engenharia Qu\u00edmica pela Unesp, tamb\u00e9m j\u00e1 atuou como consultor financeiro.\",\"url\":\"https:\/\/www.suno.com.br\/noticias\/author\/joao-vitor-jacintho\/\"}]}<\/script>\n<!-- \/ Yoast SEO plugin. -->","yoast_head_json":{"title":"Embraer (EMBR3): BNDES aprova financiamento de R$ 490 milh\u00f5es para controlada","description":"O BNDES aprovou um financiamento de R$ 490 milh\u00f5es para a controlada da Embraer (EMBR3), a Eve. Clique e veja detalhes da opera\u00e7\u00e3o.","robots":{"index":"index","follow":"follow","max-snippet":"max-snippet:-1","max-image-preview":"max-image-preview:large","max-video-preview":"max-video-preview:-1"},"canonical":"https:\/\/www.suno.com.br\/noticias\/embraer-embr3-bndes-financiamento-490-milhoes-eve\/","og_locale":"pt_BR","og_type":"article","og_title":"Embraer (EMBR3): BNDES aprova financiamento de R$ 490 milh\u00f5es para controlada","og_description":"O BNDES aprovou um financiamento de R$ 490 milh\u00f5es para a controlada da Embraer (EMBR3), a Eve. Clique e veja detalhes da opera\u00e7\u00e3o.","og_url":"https:\/\/www.suno.com.br\/noticias\/embraer-embr3-bndes-financiamento-490-milhoes-eve\/","og_site_name":"Suno Not\u00edcias","article_publisher":"https:\/\/facebook.com\/sunoresearch","og_image":[{"width":1685,"height":1124,"url":"https:\/\/files.sunoresearch.com.br\/n\/uploads\/2021\/05\/90793dc2-186551469_3625427630896041_6722251706334548378_n.jpg","type":"image\/jpeg"}],"author":"Jo\u00e3o Vitor","twitter_card":"summary_large_image","twitter_creator":"@sunoresearch","twitter_site":"@sunoresearch","twitter_misc":{"Escrito por":"Jo\u00e3o Vitor","Est. tempo de leitura":"3 minutos"},"schema":{"@context":"https:\/\/schema.org","@graph":[{"@type":"NewsArticle","@id":"https:\/\/www.suno.com.br\/noticias\/embraer-embr3-bndes-financiamento-490-milhoes-eve\/#article","isPartOf":{"@id":"https:\/\/www.suno.com.br\/noticias\/embraer-embr3-bndes-financiamento-490-milhoes-eve\/"},"author":{"name":"Jo\u00e3o Vitor","@id":"https:\/\/www.suno.com.br\/noticias\/#\/schema\/person\/87fc6973867c52dd884811905c43afba"},"headline":"BNDES aprova financiamento de R$ 490 milh\u00f5es para controlada da Embraer (EMBR3)","datePublished":"2022-12-23T12:59:59+00:00","dateModified":"2022-12-23T13:18:04+00:00","mainEntityOfPage":{"@id":"https:\/\/www.suno.com.br\/noticias\/embraer-embr3-bndes-financiamento-490-milhoes-eve\/"},"wordCount":508,"publisher":{"@id":"https:\/\/www.suno.com.br\/noticias\/#organization"},"image":{"@id":"https:\/\/www.suno.com.br\/noticias\/embraer-embr3-bndes-financiamento-490-milhoes-eve\/#primaryimage"},"thumbnailUrl":"https:\/\/files.sunoresearch.com.br\/n\/uploads\/2021\/05\/90793dc2-186551469_3625427630896041_6722251706334548378_n-e1697205852968.jpg","keywords":["Embraer (EMBR3)"],"articleSection":["Neg\u00f3cios"],"inLanguage":"pt-BR"},{"@type":"WebPage","@id":"https:\/\/www.suno.com.br\/noticias\/embraer-embr3-bndes-financiamento-490-milhoes-eve\/","url":"https:\/\/www.suno.com.br\/noticias\/embraer-embr3-bndes-financiamento-490-milhoes-eve\/","name":"Embraer (EMBR3): BNDES aprova financiamento de R$ 490 milh\u00f5es para controlada","isPartOf":{"@id":"https:\/\/www.suno.com.br\/noticias\/#website"},"primaryImageOfPage":{"@id":"https:\/\/www.suno.com.br\/noticias\/embraer-embr3-bndes-financiamento-490-milhoes-eve\/#primaryimage"},"image":{"@id":"https:\/\/www.suno.com.br\/noticias\/embraer-embr3-bndes-financiamento-490-milhoes-eve\/#primaryimage"},"thumbnailUrl":"https:\/\/files.sunoresearch.com.br\/n\/uploads\/2021\/05\/90793dc2-186551469_3625427630896041_6722251706334548378_n-e1697205852968.jpg","datePublished":"2022-12-23T12:59:59+00:00","dateModified":"2022-12-23T13:18:04+00:00","description":"O BNDES aprovou um financiamento de R$ 490 milh\u00f5es para a controlada da Embraer (EMBR3), a Eve. Clique e veja detalhes da opera\u00e7\u00e3o.","breadcrumb":{"@id":"https:\/\/www.suno.com.br\/noticias\/embraer-embr3-bndes-financiamento-490-milhoes-eve\/#breadcrumb"},"inLanguage":"pt-BR","potentialAction":[{"@type":"ReadAction","target":["https:\/\/www.suno.com.br\/noticias\/embraer-embr3-bndes-financiamento-490-milhoes-eve\/"]}]},{"@type":"ImageObject","inLanguage":"pt-BR","@id":"https:\/\/www.suno.com.br\/noticias\/embraer-embr3-bndes-financiamento-490-milhoes-eve\/#primaryimage","url":"https:\/\/files.sunoresearch.com.br\/n\/uploads\/2021\/05\/90793dc2-186551469_3625427630896041_6722251706334548378_n-e1697205852968.jpg","contentUrl":"https:\/\/files.sunoresearch.com.br\/n\/uploads\/2021\/05\/90793dc2-186551469_3625427630896041_6722251706334548378_n-e1697205852968.jpg","width":1200,"height":800,"caption":"Embraer (EMBR3). Foto: Reprodu\u00e7\u00e3o Facebook"},{"@type":"BreadcrumbList","@id":"https:\/\/www.suno.com.br\/noticias\/embraer-embr3-bndes-financiamento-490-milhoes-eve\/#breadcrumb","itemListElement":[{"@type":"ListItem","position":1,"name":"Not\u00edcias","item":"https:\/\/www.suno.com.br\/noticias\/"},{"@type":"ListItem","position":2,"name":"Neg\u00f3cios","item":"https:\/\/www.suno.com.br\/noticias\/negocios\/"},{"@type":"ListItem","position":3,"name":"BNDES aprova financiamento de R$ 490 milh\u00f5es para controlada da Embraer (EMBR3)"}]},{"@type":"WebSite","@id":"https:\/\/www.suno.com.br\/noticias\/#website","url":"https:\/\/www.suno.com.br\/noticias\/","name":"Suno Not\u00edcias","description":"Seu portal de informa\u00e7\u00e3o sobre o mundo dos investimentos","publisher":{"@id":"https:\/\/www.suno.com.br\/noticias\/#organization"},"potentialAction":[{"@type":"SearchAction","target":{"@type":"EntryPoint","urlTemplate":"https:\/\/www.suno.com.br\/noticias\/?s={search_term_string}"},"query-input":{"@type":"PropertyValueSpecification","valueRequired":true,"valueName":"search_term_string"}}],"inLanguage":"pt-BR"},{"@type":"Organization","@id":"https:\/\/www.suno.com.br\/noticias\/#organization","name":"Suno Not\u00edcias","url":"https:\/\/www.suno.com.br\/noticias\/","logo":{"@type":"ImageObject","inLanguage":"pt-BR","@id":"https:\/\/www.suno.com.br\/noticias\/#\/schema\/logo\/image\/","url":"https:\/\/files.sunoresearch.com.br\/n\/uploads\/2021\/09\/suno-logo.png","contentUrl":"https:\/\/files.sunoresearch.com.br\/n\/uploads\/2021\/09\/suno-logo.png","width":180,"height":180,"caption":"Suno Not\u00edcias"},"image":{"@id":"https:\/\/www.suno.com.br\/noticias\/#\/schema\/logo\/image\/"},"sameAs":["https:\/\/facebook.com\/sunoresearch","https:\/\/x.com\/sunoresearch","https:\/\/www.instagram.com\/suno","https:\/\/www.linkedin.com\/company\/suno-research\/","https:\/\/www.youtube.com\/c\/sunoresearch"]},{"@type":"Person","@id":"https:\/\/www.suno.com.br\/noticias\/#\/schema\/person\/87fc6973867c52dd884811905c43afba","name":"Jo\u00e3o Vitor","image":{"@type":"ImageObject","inLanguage":"pt-BR","@id":"https:\/\/www.suno.com.br\/noticias\/#\/schema\/person\/image\/","url":"https:\/\/secure.gravatar.com\/avatar\/2843227ca03ccf8cc7ccca45204c127e?s=96&r=g","contentUrl":"https:\/\/secure.gravatar.com\/avatar\/2843227ca03ccf8cc7ccca45204c127e?s=96&r=g","caption":"Jo\u00e3o Vitor"},"description":"Redator profissional, com atua\u00e7\u00e3o no mercado editorial na produ\u00e7\u00e3o de not\u00edcias e conte\u00fados sobre o mercado de a\u00e7\u00f5es, fundos imobili\u00e1rios e economia popular. Graduando em Engenharia Qu\u00edmica pela Unesp, tamb\u00e9m j\u00e1 atuou como consultor financeiro.","url":"https:\/\/www.suno.com.br\/noticias\/author\/joao-vitor-jacintho\/"}]}},"default_loop_html":"<div class=\"cardsPage__listCard__boxs\"><div class=\"cardsPage__listCard__boxs__img\"><a href=\"https:\/\/www.suno.com.br\/noticias\/embraer-embr3-bndes-financiamento-490-milhoes-eve\/\"><img class=\"mask\" src=\"https:\/\/www.suno.com.br\/noticias\/wp-content\/themes\/suno\/resources\/images\/spotlight\/spotlight1img\/bg-mask.png\" alt=\"Image Mask\"\/><img src=\"https:\/\/files.sunoresearch.com.br\/n\/uploads\/2021\/05\/90793dc2-186551469_3625427630896041_6722251706334548378_n-e1697205852968-400x200.jpg\" alt=\"BNDES aprova financiamento de R$ 490 milh\u00f5es para controlada da Embraer (EMBR3)\"\/><\/a><span class=\"spotlightCategory\"><a href=\"https:\/\/www.suno.com.br\/noticias\/negocios\/\">Neg\u00f3cios<\/a><\/span><\/div><div class=\"cardsPage__listCard__boxs__content\"><a href=\"https:\/\/www.suno.com.br\/noticias\/embraer-embr3-bndes-financiamento-490-milhoes-eve\/\"><h2 class=\"content__title\">BNDES aprova financiamento de R$ 490 milh\u00f5es para controlada da Embraer (EMBR3)<\/h2><\/a><div class=\"newsContent__article__meta\"><div class=\"newsContent__article__meta__authorBox\"><a href=\"https:\/\/www.suno.com.br\/noticias\/author\/joao-vitor-jacintho\/\" class=\"authorBox__avatar noMobi\"><img src=\"https:\/\/secure.gravatar.com\/avatar\/2843227ca03ccf8cc7ccca45204c127e?s=96&#038;r=g\" alt=\"Jo\u00e3o Vitor Jacintho\"><\/a><div class=\"authorBox__name\"><span>por\n\t\t\t<a href=\"https:\/\/www.suno.com.br\/noticias\/author\/joao-vitor-jacintho\/\"><span itemprop=\"author\">Jo\u00e3o Vitor Jacintho<\/span><\/a><\/span><time datetime=\"2022-12-23T09:59:59-03:00\" itemprop=\"datePublished\">23\/12\/2022 09:59<\/time><\/div><\/div><\/div><\/div><\/div>","single_layout":"posts","amp_enabled":true,"_links":{"self":[{"href":"https:\/\/www.suno.com.br\/noticias\/wp-json\/wp\/v2\/posts\/338439"}],"collection":[{"href":"https:\/\/www.suno.com.br\/noticias\/wp-json\/wp\/v2\/posts"}],"about":[{"href":"https:\/\/www.suno.com.br\/noticias\/wp-json\/wp\/v2\/types\/post"}],"author":[{"embeddable":true,"href":"https:\/\/www.suno.com.br\/noticias\/wp-json\/wp\/v2\/users\/173"}],"replies":[{"embeddable":true,"href":"https:\/\/www.suno.com.br\/noticias\/wp-json\/wp\/v2\/comments?post=338439"}],"version-history":[{"count":3,"href":"https:\/\/www.suno.com.br\/noticias\/wp-json\/wp\/v2\/posts\/338439\/revisions"}],"predecessor-version":[{"id":338474,"href":"https:\/\/www.suno.com.br\/noticias\/wp-json\/wp\/v2\/posts\/338439\/revisions\/338474"}],"wp:featuredmedia":[{"embeddable":true,"href":"https:\/\/www.suno.com.br\/noticias\/wp-json\/wp\/v2\/media\/150054"}],"wp:attachment":[{"href":"https:\/\/www.suno.com.br\/noticias\/wp-json\/wp\/v2\/media?parent=338439"}],"wp:term":[{"taxonomy":"category","embeddable":true,"href":"https:\/\/www.suno.com.br\/noticias\/wp-json\/wp\/v2\/categories?post=338439"},{"taxonomy":"post_tag","embeddable":true,"href":"https:\/\/www.suno.com.br\/noticias\/wp-json\/wp\/v2\/tags?post=338439"},{"taxonomy":"suno_strategy","embeddable":true,"href":"https:\/\/www.suno.com.br\/noticias\/wp-json\/wp\/v2\/suno_strategy?post=338439"}],"curies":[{"name":"wp","href":"https:\/\/api.w.org\/{rel}","templated":true}]}}