{"id":338425,"date":"2022-12-23T10:13:46","date_gmt":"2022-12-23T13:13:46","guid":{"rendered":"https:\/\/www.suno.com.br\/noticias\/?p=338425"},"modified":"2022-12-23T10:20:29","modified_gmt":"2022-12-23T13:20:29","slug":"cvm-acordo-diretora-oi-oibr3-tim-tims3","status":"publish","type":"post","link":"https:\/\/www.suno.com.br\/noticias\/cvm-acordo-diretora-oi-oibr3-tim-tims3\/","title":{"rendered":"CVM faz acordo de R$ 1,4 milh\u00e3o com diretora da Oi (OIBR3) e TIM (TIMS3)"},"content":{"rendered":"<p>A Comiss\u00e3o de Valores Mobili\u00e1rios (<a href=\"https:\/\/www.suno.com.br\/artigos\/cvm\/\" target=\"_blank\" rel=\"noopener\">CVM<\/a>) fechou acordo de R$ 1,38 milh\u00e3o com Camille Loyo Faria, ex-diretora de rela\u00e7\u00f5es com investidores da <strong>Oi<\/strong> (<a href=\"https:\/\/www.suno.com.br\/acoes\/oibr3\/\" target=\"_blank\" rel=\"noopener\">OIBR3<\/a>) e da TIM (<a href=\"https:\/\/www.suno.com.br\/acoes\/tims3\/\" target=\"_blank\" rel=\"noopener\">TIMS3<\/a>), para encerrar dois processos relacionados \u00e0 divulga\u00e7\u00e3o de fato relevante. O \u00f3rg\u00e3o regulador do mercado de capitais tamb\u00e9m rejeitou acordo com Tang David, diretor de rela\u00e7\u00f5es com investidores da Marfrig (<a href=\"https:\/\/www.suno.com.br\/acoes\/mrfg3\/\" target=\"_blank\" rel=\"noopener\">MRFG3<\/a>), por falhas na comunica\u00e7\u00e3o no dia da compra da BRF (<a href=\"https:\/\/www.suno.com.br\/acoes\/brfs3\/\" target=\"_blank\" rel=\"noopener\">BRFS3<\/a>).<\/p>\t<div class=\"wrapper-featured-image\">\n\t\t<figure class=\"spotlightImg\">\n\n\t\t\t<picture>\n\t\t\t\t<source media=\"(max-width: 768px)\" srcset=\"https:\/\/files.sunoresearch.com.br\/n\/uploads\/2022\/11\/oi-acoes-fecham-em-queda-400x200.jpg\">\n\t\t\t\t<img loading=\"lazy\" decoding=\"async\" class=\"newsContent__article__imgCapa lazyloadDisabled \" src=\"https:\/\/files.sunoresearch.com.br\/n\/uploads\/2022\/11\/oi-acoes-fecham-em-queda-800x450.jpg\" width=\"800\" height=\"450\" alt=\"CVM faz acordo de R$ 1,4 milh\u00e3o com diretora da Oi (OIBR3) e TIM (TIMS3)\" fetchpriority=high \/>\n\t\t\t<\/picture>\n\n\t\t\t<figcaption class=\"wp-caption-text wp-caption-text--show\">Oi (OIBR3). Foto: Divulga\u00e7\u00e3o<\/figcaption>\n\t\t<\/figure>\n\t<\/div>\n\n\n\t<p>\n\t\t<a href=\"https:\/\/lp2.suno.com.br\/cl\/black-friday-2025\/?utm_campaign=_SNCDF0E4858_\" target=\"_blank\" data-element=\"shortcode-suno-banner\" title=\"Banner SUNO, clique e saiba mais\">\n\t\t\t<picture>\n\t\t\t\t<source media=\"(max-width: 500px)\" srcset=\"https:\/\/files.sunoresearch.com.br\/n\/uploads\/2025\/10\/Artigos-e-Noticias-Banner-Home-artigos-01-Mobile_-400x300-1-png.webp\">\n\t\t\t\t<img class=\"newsContent__article__imgCapa newsContent__article__imgCapa--banner\"\n\t\t\t\t\tsrc=\"https:\/\/files.sunoresearch.com.br\/n\/uploads\/2025\/10\/Artigos-e-Noticias-Banner-Home-artigos-01-Desktop_-1420x240-1-png.webp\"\n\t\t\t\t\tdata-promo-id=\"311259\"\t\t\t\t\t\t\t\t\t\twidth='1420' height='240'\t\t\t\t\talt=\"https:\/\/files.sunoresearch.com.br\/n\/uploads\/2025\/10\/Artigos-e-Noticias-Banner-Home-artigos-01-Desktop_-1420x240-1-png.webp\"\n\t\t\t\t>\n\t\t\t<\/picture>\n\t\t<\/a>\n\t<\/p>\n\n\n<p>A primeira acusa\u00e7\u00e3o contra Camille Faria, que era diretora de rela\u00e7\u00f5es com <strong>investidores da Oi<\/strong>, foi de divulga\u00e7\u00e3o tardia da oferta de Claro, Vivo e Tim pela <strong>rede m\u00f3vel da Oi<\/strong>.<\/p>\n<p>O fato relevante da Oi s\u00f3 saiu em 28 de julho de 2020, um dia ap\u00f3s os proponentes informarem ao mercado sobre a oferta.<\/p>\n\t<div data-element=\"shortcode-read-more\" class=\"knowMore\">\n\t\t\t\t<span class=\"knowMore__title\">Leia mais:<\/span>\n\t\t\t\t<a class=\"knowMore__link\" href=\"https:\/\/www.suno.com.br\/noticias\/embraer-embr3-bndes-financiamento-490-milhoes-eve\/\">\n\t\t\tBNDES aprova financiamento de R$ 490 milh\u00f5es para controlada da Embraer (EMBR3)\t\t<\/a>\n\t<\/div>\n\n\n<p>Al\u00e9m do caso na Oi, em outro processo, a acusa\u00e7\u00e3o se deveu \u00e0 aus\u00eancia de fato relevante, em novembro do ano passado, quando foi noticiado que a Telecom Italia, controladora da Tim, teria recebido uma oferta de compra da telef\u00f4nica brasileira. Faria era diretora de rela\u00e7\u00f5es com investidores da Tim na \u00e9poca.<\/p>\n<p>Na mesma reuni\u00e3o do Comit\u00ea de Termo de Compromisso da <strong>CVM<\/strong>, na ter\u00e7a-feira, foi rejeitada a proposta do diretor de rela\u00e7\u00f5es com investidores da Marfrig, Tang David, acusado de falhas na comunica\u00e7\u00e3o durante o processo de compra da BRF, em maio do ano passado.<\/p>\n<p>Uma acusa\u00e7\u00e3o se refere \u00e0 omiss\u00e3o, na comunica\u00e7\u00e3o \u00e0 <strong>BRF<\/strong>, das opera\u00e7\u00f5es com derivativos contratadas com o J.P. Morgan. Conforme o Parecer do Termo de Compromisso, a companhia esclareceu que os instrumentos eram acess\u00f3rios \u00e0 opera\u00e7\u00e3o de <a href=\"https:\/\/www.suno.com.br\/artigos\/emprestimo-e-financiamento\/\" target=\"_blank\" rel=\"noopener\">financiamento<\/a> firmada com o banco. Contudo, o Comit\u00ea avaliou que isso n\u00e3o desobriga a comunica\u00e7\u00e3o.<\/p>\n<p>Al\u00e9m disso, a <strong>Marfrig<\/strong> s\u00f3 publicou fato relevante sobre a aquisi\u00e7\u00e3o de <strong>a\u00e7\u00f5es da BRF<\/strong> \u00e0s 19h53. As not\u00edcias sobre a opera\u00e7\u00e3o corriam desde cedo, o que evidenciou vazamento de informa\u00e7\u00f5es ao longo do dia, de acordo com o relat\u00f3rio.<\/p>\n<p>Tang prop\u00f4s encerrar o processo, sem assun\u00e7\u00e3o de culpa, com um acordo de R$ 400 mil, depois elevado para R$ 900 mil. O executivo afirmou que a oferta &#8220;atende \u00e0 finalidade preventiva do instituto, norteando adequadamente a conduta dos participantes do mercado de valores mobili\u00e1rios, assim como representa compromisso oportuno e conveniente, tendo em vista que n\u00e3o se configura as supostas irregularidades e n\u00e3o houve preju\u00edzo informacional ao mercado&#8221;.<\/p>\n<p>Por\u00e9m, o Comit\u00ea rejeitou a proposta. &#8220;Em linha com orienta\u00e7\u00e3o do Colegiado, as propostas de Termo de Compromisso devem contemplar obriga\u00e7\u00e3o que venha a surtir importante e vis\u00edvel efeito paradigm\u00e1tico junto aos participantes do mercado de valores mobili\u00e1rios, desestimulando pr\u00e1ticas semelhantes. &#8221;<\/p>\n<h2>Cota\u00e7\u00e3o da Oi<\/h2>\n<p>As a\u00e7\u00f5es ordin\u00e1rias da <strong>Oi<\/strong> (OIBR3) encerraram a sess\u00e3o da \u00faltima quinta-feira (22) est\u00e1veis, enquanto as preferenciais (OIBR4) tiveram alta de 5,77%, a R$ 0,55.<\/p>\n<p class=\"newsProviderSignature\">(Com informa\u00e7\u00f5es de Estad\u00e3o Conte\u00fado)<\/p>\n\t<p>\n\t\t<a href=\"https:\/\/lp.suno.com.br\/ebook-como-analisar-uma-acao\/\" target=\"_blank\" data-element=\"shortcode-suno-banner\" title=\"Banner SUNO, clique e saiba mais\">\n\t\t\t<picture>\n\t\t\t\t<source media=\"(max-width: 500px)\" srcset=\"https:\/\/files.sunoresearch.com.br\/n\/uploads\/2023\/12\/Ebook-Acoes-Mobile.jpg\">\n\t\t\t\t<img class=\"newsContent__article__imgCapa newsContent__article__imgCapa--banner\"\n\t\t\t\t\tsrc=\"https:\/\/files.sunoresearch.com.br\/n\/uploads\/2023\/12\/Ebook-Acoes-Desktop.webp\"\n\t\t\t\t\tdata-promo-id=\"311260\"\t\t\t\t\t\t\t\t\t\twidth='1420' height='286'\t\t\t\t\talt=\"https:\/\/files.sunoresearch.com.br\/n\/uploads\/2023\/12\/Ebook-Acoes-Desktop.webp\"\n\t\t\t\t>\n\t\t\t<\/picture>\n\t\t<\/a>\n\t<\/p>\n\n\n","protected":false},"excerpt":{"rendered":"<p>A Comiss\u00e3o de Valores Mobili\u00e1rios (CVM) fechou acordo de R$ 1,38 milh\u00e3o com Camille Loyo Faria, ex-diretora de rela\u00e7\u00f5es com investidores da Oi (OIBR3) e da TIM (TIMS3), para encerrar dois processos relacionados \u00e0 divulga\u00e7\u00e3o de fato relevante. O \u00f3rg\u00e3o regulador do mercado de capitais tamb\u00e9m rejeitou acordo com Tang David, diretor de rela\u00e7\u00f5es com [&hellip;]<\/p>\n","protected":false},"author":173,"featured_media":321709,"comment_status":"closed","ping_status":"closed","sticky":false,"template":"","format":"standard","meta":[],"categories":[64],"tags":[397,552,584,663],"suno_strategy":[],"class_list":["post-338425","post","type-post","status-publish","format-standard","has-post-thumbnail","hentry","category-negocios","tag-brf-brfs3","tag-marfrig-mrfg3","tag-oi-oibr3-oibr4","tag-tim-tims3"],"yoast_head":"<!-- This site is optimized with the Yoast SEO plugin v24.4 - https:\/\/yoast.com\/wordpress\/plugins\/seo\/ -->\n<title>CVM faz acordo de R$ 1,4 mi com diretora da Oi (OIBR3) e TIM (TIMS3)<\/title>\n<meta name=\"description\" content=\"A CVM fez um acordo de R$ 1,4 milh\u00e3o com diretora da Oi (OIBR3) e TIM (TIMS3). Veja detalhes de como foi esse caso.\" \/>\n<meta name=\"robots\" content=\"index, follow, max-snippet:-1, max-image-preview:large, max-video-preview:-1\" \/>\n<link rel=\"canonical\" href=\"https:\/\/www.suno.com.br\/noticias\/cvm-acordo-diretora-oi-oibr3-tim-tims3\/\" \/>\n<meta property=\"og:locale\" content=\"pt_BR\" \/>\n<meta property=\"og:type\" content=\"article\" \/>\n<meta property=\"og:title\" content=\"CVM faz acordo de R$ 1,4 mi com diretora da Oi (OIBR3) e TIM (TIMS3)\" \/>\n<meta property=\"og:description\" content=\"A CVM fez um acordo de R$ 1,4 milh\u00e3o com diretora da Oi (OIBR3) e TIM (TIMS3). Veja detalhes de como foi esse caso.\" \/>\n<meta property=\"og:url\" content=\"https:\/\/www.suno.com.br\/noticias\/cvm-acordo-diretora-oi-oibr3-tim-tims3\/\" \/>\n<meta property=\"og:site_name\" content=\"Suno Not\u00edcias\" \/>\n<meta property=\"article:publisher\" content=\"https:\/\/facebook.com\/sunoresearch\" \/>\n<meta property=\"og:image\" content=\"https:\/\/files.sunoresearch.com.br\/n\/uploads\/2022\/11\/oi-acoes-fecham-em-queda.jpg\" \/>\n\t<meta property=\"og:image:width\" content=\"1500\" \/>\n\t<meta property=\"og:image:height\" content=\"1000\" \/>\n\t<meta property=\"og:image:type\" content=\"image\/jpeg\" \/>\n<meta name=\"author\" content=\"Jo\u00e3o Vitor\" \/>\n<meta name=\"twitter:card\" content=\"summary_large_image\" \/>\n<meta name=\"twitter:creator\" content=\"@sunoresearch\" \/>\n<meta name=\"twitter:site\" content=\"@sunoresearch\" \/>\n<meta name=\"twitter:label1\" content=\"Escrito por\" \/>\n\t<meta name=\"twitter:data1\" content=\"Jo\u00e3o Vitor\" \/>\n\t<meta name=\"twitter:label2\" content=\"Est. tempo de leitura\" \/>\n\t<meta name=\"twitter:data2\" content=\"3 minutos\" \/>\n<script type=\"application\/ld+json\" class=\"yoast-schema-graph\">{\"@context\":\"https:\/\/schema.org\",\"@graph\":[{\"@type\":\"NewsArticle\",\"@id\":\"https:\/\/www.suno.com.br\/noticias\/cvm-acordo-diretora-oi-oibr3-tim-tims3\/#article\",\"isPartOf\":{\"@id\":\"https:\/\/www.suno.com.br\/noticias\/cvm-acordo-diretora-oi-oibr3-tim-tims3\/\"},\"author\":{\"name\":\"Jo\u00e3o Vitor\",\"@id\":\"https:\/\/www.suno.com.br\/noticias\/#\/schema\/person\/87fc6973867c52dd884811905c43afba\"},\"headline\":\"CVM faz acordo de R$ 1,4 milh\u00e3o com diretora da Oi (OIBR3) e TIM (TIMS3)\",\"datePublished\":\"2022-12-23T13:13:46+00:00\",\"dateModified\":\"2022-12-23T13:20:29+00:00\",\"mainEntityOfPage\":{\"@id\":\"https:\/\/www.suno.com.br\/noticias\/cvm-acordo-diretora-oi-oibr3-tim-tims3\/\"},\"wordCount\":530,\"publisher\":{\"@id\":\"https:\/\/www.suno.com.br\/noticias\/#organization\"},\"image\":{\"@id\":\"https:\/\/www.suno.com.br\/noticias\/cvm-acordo-diretora-oi-oibr3-tim-tims3\/#primaryimage\"},\"thumbnailUrl\":\"https:\/\/files.sunoresearch.com.br\/n\/uploads\/2022\/11\/oi-acoes-fecham-em-queda.jpg\",\"keywords\":[\"BRF (BRFS3)\",\"Marfrig (MRFG3)\",\"Oi (OIBR3\/OIBR4)\",\"TIM (TIMS3)\"],\"articleSection\":[\"Neg\u00f3cios\"],\"inLanguage\":\"pt-BR\"},{\"@type\":\"WebPage\",\"@id\":\"https:\/\/www.suno.com.br\/noticias\/cvm-acordo-diretora-oi-oibr3-tim-tims3\/\",\"url\":\"https:\/\/www.suno.com.br\/noticias\/cvm-acordo-diretora-oi-oibr3-tim-tims3\/\",\"name\":\"CVM faz acordo de R$ 1,4 mi com diretora da Oi (OIBR3) e TIM (TIMS3)\",\"isPartOf\":{\"@id\":\"https:\/\/www.suno.com.br\/noticias\/#website\"},\"primaryImageOfPage\":{\"@id\":\"https:\/\/www.suno.com.br\/noticias\/cvm-acordo-diretora-oi-oibr3-tim-tims3\/#primaryimage\"},\"image\":{\"@id\":\"https:\/\/www.suno.com.br\/noticias\/cvm-acordo-diretora-oi-oibr3-tim-tims3\/#primaryimage\"},\"thumbnailUrl\":\"https:\/\/files.sunoresearch.com.br\/n\/uploads\/2022\/11\/oi-acoes-fecham-em-queda.jpg\",\"datePublished\":\"2022-12-23T13:13:46+00:00\",\"dateModified\":\"2022-12-23T13:20:29+00:00\",\"description\":\"A CVM fez um acordo de R$ 1,4 milh\u00e3o com diretora da Oi (OIBR3) e TIM (TIMS3). Veja detalhes de como foi esse caso.\",\"breadcrumb\":{\"@id\":\"https:\/\/www.suno.com.br\/noticias\/cvm-acordo-diretora-oi-oibr3-tim-tims3\/#breadcrumb\"},\"inLanguage\":\"pt-BR\",\"potentialAction\":[{\"@type\":\"ReadAction\",\"target\":[\"https:\/\/www.suno.com.br\/noticias\/cvm-acordo-diretora-oi-oibr3-tim-tims3\/\"]}]},{\"@type\":\"ImageObject\",\"inLanguage\":\"pt-BR\",\"@id\":\"https:\/\/www.suno.com.br\/noticias\/cvm-acordo-diretora-oi-oibr3-tim-tims3\/#primaryimage\",\"url\":\"https:\/\/files.sunoresearch.com.br\/n\/uploads\/2022\/11\/oi-acoes-fecham-em-queda.jpg\",\"contentUrl\":\"https:\/\/files.sunoresearch.com.br\/n\/uploads\/2022\/11\/oi-acoes-fecham-em-queda.jpg\",\"width\":1500,\"height\":1000,\"caption\":\"Oi (OIBR3). Foto: Divulga\u00e7\u00e3o\"},{\"@type\":\"BreadcrumbList\",\"@id\":\"https:\/\/www.suno.com.br\/noticias\/cvm-acordo-diretora-oi-oibr3-tim-tims3\/#breadcrumb\",\"itemListElement\":[{\"@type\":\"ListItem\",\"position\":1,\"name\":\"Not\u00edcias\",\"item\":\"https:\/\/www.suno.com.br\/noticias\/\"},{\"@type\":\"ListItem\",\"position\":2,\"name\":\"Neg\u00f3cios\",\"item\":\"https:\/\/www.suno.com.br\/noticias\/negocios\/\"},{\"@type\":\"ListItem\",\"position\":3,\"name\":\"CVM faz acordo de R$ 1,4 milh\u00e3o com diretora da Oi (OIBR3) e TIM (TIMS3)\"}]},{\"@type\":\"WebSite\",\"@id\":\"https:\/\/www.suno.com.br\/noticias\/#website\",\"url\":\"https:\/\/www.suno.com.br\/noticias\/\",\"name\":\"Suno Not\u00edcias\",\"description\":\"Seu portal de informa\u00e7\u00e3o sobre o mundo dos investimentos\",\"publisher\":{\"@id\":\"https:\/\/www.suno.com.br\/noticias\/#organization\"},\"potentialAction\":[{\"@type\":\"SearchAction\",\"target\":{\"@type\":\"EntryPoint\",\"urlTemplate\":\"https:\/\/www.suno.com.br\/noticias\/?s={search_term_string}\"},\"query-input\":{\"@type\":\"PropertyValueSpecification\",\"valueRequired\":true,\"valueName\":\"search_term_string\"}}],\"inLanguage\":\"pt-BR\"},{\"@type\":\"Organization\",\"@id\":\"https:\/\/www.suno.com.br\/noticias\/#organization\",\"name\":\"Suno Not\u00edcias\",\"url\":\"https:\/\/www.suno.com.br\/noticias\/\",\"logo\":{\"@type\":\"ImageObject\",\"inLanguage\":\"pt-BR\",\"@id\":\"https:\/\/www.suno.com.br\/noticias\/#\/schema\/logo\/image\/\",\"url\":\"https:\/\/files.sunoresearch.com.br\/n\/uploads\/2021\/09\/suno-logo.png\",\"contentUrl\":\"https:\/\/files.sunoresearch.com.br\/n\/uploads\/2021\/09\/suno-logo.png\",\"width\":180,\"height\":180,\"caption\":\"Suno Not\u00edcias\"},\"image\":{\"@id\":\"https:\/\/www.suno.com.br\/noticias\/#\/schema\/logo\/image\/\"},\"sameAs\":[\"https:\/\/facebook.com\/sunoresearch\",\"https:\/\/x.com\/sunoresearch\",\"https:\/\/www.instagram.com\/suno\",\"https:\/\/www.linkedin.com\/company\/suno-research\/\",\"https:\/\/www.youtube.com\/c\/sunoresearch\"]},{\"@type\":\"Person\",\"@id\":\"https:\/\/www.suno.com.br\/noticias\/#\/schema\/person\/87fc6973867c52dd884811905c43afba\",\"name\":\"Jo\u00e3o Vitor\",\"image\":{\"@type\":\"ImageObject\",\"inLanguage\":\"pt-BR\",\"@id\":\"https:\/\/www.suno.com.br\/noticias\/#\/schema\/person\/image\/\",\"url\":\"https:\/\/secure.gravatar.com\/avatar\/2843227ca03ccf8cc7ccca45204c127e?s=96&r=g\",\"contentUrl\":\"https:\/\/secure.gravatar.com\/avatar\/2843227ca03ccf8cc7ccca45204c127e?s=96&r=g\",\"caption\":\"Jo\u00e3o Vitor\"},\"description\":\"Redator profissional, com atua\u00e7\u00e3o no mercado editorial na produ\u00e7\u00e3o de not\u00edcias e conte\u00fados sobre o mercado de a\u00e7\u00f5es, fundos imobili\u00e1rios e economia popular. Graduando em Engenharia Qu\u00edmica pela Unesp, tamb\u00e9m j\u00e1 atuou como consultor financeiro.\",\"url\":\"https:\/\/www.suno.com.br\/noticias\/author\/joao-vitor-jacintho\/\"}]}<\/script>\n<!-- \/ Yoast SEO plugin. -->","yoast_head_json":{"title":"CVM faz acordo de R$ 1,4 mi com diretora da Oi (OIBR3) e TIM (TIMS3)","description":"A CVM fez um acordo de R$ 1,4 milh\u00e3o com diretora da Oi (OIBR3) e TIM (TIMS3). Veja detalhes de como foi esse caso.","robots":{"index":"index","follow":"follow","max-snippet":"max-snippet:-1","max-image-preview":"max-image-preview:large","max-video-preview":"max-video-preview:-1"},"canonical":"https:\/\/www.suno.com.br\/noticias\/cvm-acordo-diretora-oi-oibr3-tim-tims3\/","og_locale":"pt_BR","og_type":"article","og_title":"CVM faz acordo de R$ 1,4 mi com diretora da Oi (OIBR3) e TIM (TIMS3)","og_description":"A CVM fez um acordo de R$ 1,4 milh\u00e3o com diretora da Oi (OIBR3) e TIM (TIMS3). Veja detalhes de como foi esse caso.","og_url":"https:\/\/www.suno.com.br\/noticias\/cvm-acordo-diretora-oi-oibr3-tim-tims3\/","og_site_name":"Suno Not\u00edcias","article_publisher":"https:\/\/facebook.com\/sunoresearch","og_image":[{"width":1500,"height":1000,"url":"https:\/\/files.sunoresearch.com.br\/n\/uploads\/2022\/11\/oi-acoes-fecham-em-queda.jpg","type":"image\/jpeg"}],"author":"Jo\u00e3o Vitor","twitter_card":"summary_large_image","twitter_creator":"@sunoresearch","twitter_site":"@sunoresearch","twitter_misc":{"Escrito por":"Jo\u00e3o Vitor","Est. tempo de leitura":"3 minutos"},"schema":{"@context":"https:\/\/schema.org","@graph":[{"@type":"NewsArticle","@id":"https:\/\/www.suno.com.br\/noticias\/cvm-acordo-diretora-oi-oibr3-tim-tims3\/#article","isPartOf":{"@id":"https:\/\/www.suno.com.br\/noticias\/cvm-acordo-diretora-oi-oibr3-tim-tims3\/"},"author":{"name":"Jo\u00e3o Vitor","@id":"https:\/\/www.suno.com.br\/noticias\/#\/schema\/person\/87fc6973867c52dd884811905c43afba"},"headline":"CVM faz acordo de R$ 1,4 milh\u00e3o com diretora da Oi (OIBR3) e TIM (TIMS3)","datePublished":"2022-12-23T13:13:46+00:00","dateModified":"2022-12-23T13:20:29+00:00","mainEntityOfPage":{"@id":"https:\/\/www.suno.com.br\/noticias\/cvm-acordo-diretora-oi-oibr3-tim-tims3\/"},"wordCount":530,"publisher":{"@id":"https:\/\/www.suno.com.br\/noticias\/#organization"},"image":{"@id":"https:\/\/www.suno.com.br\/noticias\/cvm-acordo-diretora-oi-oibr3-tim-tims3\/#primaryimage"},"thumbnailUrl":"https:\/\/files.sunoresearch.com.br\/n\/uploads\/2022\/11\/oi-acoes-fecham-em-queda.jpg","keywords":["BRF (BRFS3)","Marfrig (MRFG3)","Oi (OIBR3\/OIBR4)","TIM (TIMS3)"],"articleSection":["Neg\u00f3cios"],"inLanguage":"pt-BR"},{"@type":"WebPage","@id":"https:\/\/www.suno.com.br\/noticias\/cvm-acordo-diretora-oi-oibr3-tim-tims3\/","url":"https:\/\/www.suno.com.br\/noticias\/cvm-acordo-diretora-oi-oibr3-tim-tims3\/","name":"CVM faz acordo de R$ 1,4 mi com diretora da Oi (OIBR3) e TIM (TIMS3)","isPartOf":{"@id":"https:\/\/www.suno.com.br\/noticias\/#website"},"primaryImageOfPage":{"@id":"https:\/\/www.suno.com.br\/noticias\/cvm-acordo-diretora-oi-oibr3-tim-tims3\/#primaryimage"},"image":{"@id":"https:\/\/www.suno.com.br\/noticias\/cvm-acordo-diretora-oi-oibr3-tim-tims3\/#primaryimage"},"thumbnailUrl":"https:\/\/files.sunoresearch.com.br\/n\/uploads\/2022\/11\/oi-acoes-fecham-em-queda.jpg","datePublished":"2022-12-23T13:13:46+00:00","dateModified":"2022-12-23T13:20:29+00:00","description":"A CVM fez um acordo de R$ 1,4 milh\u00e3o com diretora da Oi (OIBR3) e TIM (TIMS3). Veja detalhes de como foi esse caso.","breadcrumb":{"@id":"https:\/\/www.suno.com.br\/noticias\/cvm-acordo-diretora-oi-oibr3-tim-tims3\/#breadcrumb"},"inLanguage":"pt-BR","potentialAction":[{"@type":"ReadAction","target":["https:\/\/www.suno.com.br\/noticias\/cvm-acordo-diretora-oi-oibr3-tim-tims3\/"]}]},{"@type":"ImageObject","inLanguage":"pt-BR","@id":"https:\/\/www.suno.com.br\/noticias\/cvm-acordo-diretora-oi-oibr3-tim-tims3\/#primaryimage","url":"https:\/\/files.sunoresearch.com.br\/n\/uploads\/2022\/11\/oi-acoes-fecham-em-queda.jpg","contentUrl":"https:\/\/files.sunoresearch.com.br\/n\/uploads\/2022\/11\/oi-acoes-fecham-em-queda.jpg","width":1500,"height":1000,"caption":"Oi (OIBR3). Foto: Divulga\u00e7\u00e3o"},{"@type":"BreadcrumbList","@id":"https:\/\/www.suno.com.br\/noticias\/cvm-acordo-diretora-oi-oibr3-tim-tims3\/#breadcrumb","itemListElement":[{"@type":"ListItem","position":1,"name":"Not\u00edcias","item":"https:\/\/www.suno.com.br\/noticias\/"},{"@type":"ListItem","position":2,"name":"Neg\u00f3cios","item":"https:\/\/www.suno.com.br\/noticias\/negocios\/"},{"@type":"ListItem","position":3,"name":"CVM faz acordo de R$ 1,4 milh\u00e3o com diretora da Oi (OIBR3) e TIM (TIMS3)"}]},{"@type":"WebSite","@id":"https:\/\/www.suno.com.br\/noticias\/#website","url":"https:\/\/www.suno.com.br\/noticias\/","name":"Suno Not\u00edcias","description":"Seu portal de informa\u00e7\u00e3o sobre o mundo dos investimentos","publisher":{"@id":"https:\/\/www.suno.com.br\/noticias\/#organization"},"potentialAction":[{"@type":"SearchAction","target":{"@type":"EntryPoint","urlTemplate":"https:\/\/www.suno.com.br\/noticias\/?s={search_term_string}"},"query-input":{"@type":"PropertyValueSpecification","valueRequired":true,"valueName":"search_term_string"}}],"inLanguage":"pt-BR"},{"@type":"Organization","@id":"https:\/\/www.suno.com.br\/noticias\/#organization","name":"Suno Not\u00edcias","url":"https:\/\/www.suno.com.br\/noticias\/","logo":{"@type":"ImageObject","inLanguage":"pt-BR","@id":"https:\/\/www.suno.com.br\/noticias\/#\/schema\/logo\/image\/","url":"https:\/\/files.sunoresearch.com.br\/n\/uploads\/2021\/09\/suno-logo.png","contentUrl":"https:\/\/files.sunoresearch.com.br\/n\/uploads\/2021\/09\/suno-logo.png","width":180,"height":180,"caption":"Suno Not\u00edcias"},"image":{"@id":"https:\/\/www.suno.com.br\/noticias\/#\/schema\/logo\/image\/"},"sameAs":["https:\/\/facebook.com\/sunoresearch","https:\/\/x.com\/sunoresearch","https:\/\/www.instagram.com\/suno","https:\/\/www.linkedin.com\/company\/suno-research\/","https:\/\/www.youtube.com\/c\/sunoresearch"]},{"@type":"Person","@id":"https:\/\/www.suno.com.br\/noticias\/#\/schema\/person\/87fc6973867c52dd884811905c43afba","name":"Jo\u00e3o Vitor","image":{"@type":"ImageObject","inLanguage":"pt-BR","@id":"https:\/\/www.suno.com.br\/noticias\/#\/schema\/person\/image\/","url":"https:\/\/secure.gravatar.com\/avatar\/2843227ca03ccf8cc7ccca45204c127e?s=96&r=g","contentUrl":"https:\/\/secure.gravatar.com\/avatar\/2843227ca03ccf8cc7ccca45204c127e?s=96&r=g","caption":"Jo\u00e3o Vitor"},"description":"Redator profissional, com atua\u00e7\u00e3o no mercado editorial na produ\u00e7\u00e3o de not\u00edcias e conte\u00fados sobre o mercado de a\u00e7\u00f5es, fundos imobili\u00e1rios e economia popular. Graduando em Engenharia Qu\u00edmica pela Unesp, tamb\u00e9m j\u00e1 atuou como consultor financeiro.","url":"https:\/\/www.suno.com.br\/noticias\/author\/joao-vitor-jacintho\/"}]}},"default_loop_html":"<div class=\"cardsPage__listCard__boxs\"><div class=\"cardsPage__listCard__boxs__img\"><a href=\"https:\/\/www.suno.com.br\/noticias\/cvm-acordo-diretora-oi-oibr3-tim-tims3\/\"><img class=\"mask\" src=\"https:\/\/www.suno.com.br\/noticias\/wp-content\/themes\/suno\/resources\/images\/spotlight\/spotlight1img\/bg-mask.png\" alt=\"Image Mask\"\/><img src=\"https:\/\/files.sunoresearch.com.br\/n\/uploads\/2022\/11\/oi-acoes-fecham-em-queda-400x200.jpg\" alt=\"CVM faz acordo de R$ 1,4 milh\u00e3o com diretora da Oi (OIBR3) e TIM (TIMS3)\"\/><\/a><span class=\"spotlightCategory\"><a href=\"https:\/\/www.suno.com.br\/noticias\/negocios\/\">Neg\u00f3cios<\/a><\/span><\/div><div class=\"cardsPage__listCard__boxs__content\"><a href=\"https:\/\/www.suno.com.br\/noticias\/cvm-acordo-diretora-oi-oibr3-tim-tims3\/\"><h2 class=\"content__title\">CVM faz acordo de R$ 1,4 milh\u00e3o com diretora da Oi (OIBR3) e TIM (TIMS3)<\/h2><\/a><div class=\"newsContent__article__meta\"><div class=\"newsContent__article__meta__authorBox\"><a href=\"https:\/\/www.suno.com.br\/noticias\/author\/joao-vitor-jacintho\/\" class=\"authorBox__avatar noMobi\"><img src=\"https:\/\/secure.gravatar.com\/avatar\/2843227ca03ccf8cc7ccca45204c127e?s=96&#038;r=g\" alt=\"Jo\u00e3o Vitor Jacintho\"><\/a><div class=\"authorBox__name\"><span>por\n\t\t\t<a href=\"https:\/\/www.suno.com.br\/noticias\/author\/joao-vitor-jacintho\/\"><span itemprop=\"author\">Jo\u00e3o Vitor Jacintho<\/span><\/a><\/span><time datetime=\"2022-12-23T10:13:46-03:00\" itemprop=\"datePublished\">23\/12\/2022 10:13<\/time><\/div><\/div><\/div><\/div><\/div>","single_layout":"posts","amp_enabled":true,"_links":{"self":[{"href":"https:\/\/www.suno.com.br\/noticias\/wp-json\/wp\/v2\/posts\/338425"}],"collection":[{"href":"https:\/\/www.suno.com.br\/noticias\/wp-json\/wp\/v2\/posts"}],"about":[{"href":"https:\/\/www.suno.com.br\/noticias\/wp-json\/wp\/v2\/types\/post"}],"author":[{"embeddable":true,"href":"https:\/\/www.suno.com.br\/noticias\/wp-json\/wp\/v2\/users\/173"}],"replies":[{"embeddable":true,"href":"https:\/\/www.suno.com.br\/noticias\/wp-json\/wp\/v2\/comments?post=338425"}],"version-history":[{"count":3,"href":"https:\/\/www.suno.com.br\/noticias\/wp-json\/wp\/v2\/posts\/338425\/revisions"}],"predecessor-version":[{"id":338468,"href":"https:\/\/www.suno.com.br\/noticias\/wp-json\/wp\/v2\/posts\/338425\/revisions\/338468"}],"wp:featuredmedia":[{"embeddable":true,"href":"https:\/\/www.suno.com.br\/noticias\/wp-json\/wp\/v2\/media\/321709"}],"wp:attachment":[{"href":"https:\/\/www.suno.com.br\/noticias\/wp-json\/wp\/v2\/media?parent=338425"}],"wp:term":[{"taxonomy":"category","embeddable":true,"href":"https:\/\/www.suno.com.br\/noticias\/wp-json\/wp\/v2\/categories?post=338425"},{"taxonomy":"post_tag","embeddable":true,"href":"https:\/\/www.suno.com.br\/noticias\/wp-json\/wp\/v2\/tags?post=338425"},{"taxonomy":"suno_strategy","embeddable":true,"href":"https:\/\/www.suno.com.br\/noticias\/wp-json\/wp\/v2\/suno_strategy?post=338425"}],"curies":[{"name":"wp","href":"https:\/\/api.w.org\/{rel}","templated":true}]}}