{"id":338217,"date":"2022-12-22T08:27:38","date_gmt":"2022-12-22T11:27:38","guid":{"rendered":"https:\/\/www.suno.com.br\/noticias\/?p=338217"},"modified":"2022-12-22T08:35:25","modified_gmt":"2022-12-22T11:35:25","slug":"senado-aprova-pec-da-transicao-2","status":"publish","type":"post","link":"https:\/\/www.suno.com.br\/noticias\/senado-aprova-pec-da-transicao-2\/","title":{"rendered":"Senado aprova PEC da Transi\u00e7\u00e3o em segundo turno, com 63 votos a favor; Veja detalhes"},"content":{"rendered":"<p>O Senado aprovou na noite desta quarta-feira (21), em segundo turno, a <strong>PEC da Transi\u00e7\u00e3o<\/strong> com placar bastante favor\u00e1vel ao governo eleito, com 63 votos a favor e 11 contr\u00e1rios &#8211; para ser aprovada a PEC precisava do aval de, pelo menos, 49 senadores. Assim, encerra-se a vota\u00e7\u00e3o da mat\u00e9ria no Congresso.<\/p>\t<div class=\"wrapper-featured-image\">\n\t\t<figure class=\"spotlightImg\">\n\n\t\t\t<picture>\n\t\t\t\t<source media=\"(max-width: 768px)\" srcset=\"https:\/\/files.sunoresearch.com.br\/n\/uploads\/2022\/11\/senado-institucional-pec-transicao-foto-jefferson-rudy-agencia-senado-400x200.jpg\">\n\t\t\t\t<img loading=\"lazy\" decoding=\"async\" class=\"newsContent__article__imgCapa lazyloadDisabled \" src=\"https:\/\/files.sunoresearch.com.br\/n\/uploads\/2022\/11\/senado-institucional-pec-transicao-foto-jefferson-rudy-agencia-senado-800x450.jpg\" width=\"800\" height=\"450\" alt=\"Senado aprova PEC da Transi\u00e7\u00e3o em segundo turno, com 63 votos a favor; Veja detalhes\" fetchpriority=high \/>\n\t\t\t<\/picture>\n\n\t\t\t<figcaption class=\"wp-caption-text wp-caption-text--show\">Senado. Foto: Jefferson Rudy\/Ag\u00eancia Senado<\/figcaption>\n\t\t<\/figure>\n\t<\/div>\n\n\n\t<p>\n\t\t<a href=\"https:\/\/lp2.suno.com.br\/cl\/black-friday-2025\/?utm_campaign=_SNCDF0E4858_\" target=\"_blank\" data-element=\"shortcode-suno-banner\" title=\"Banner SUNO, clique e saiba mais\">\n\t\t\t<picture>\n\t\t\t\t<source media=\"(max-width: 500px)\" srcset=\"https:\/\/files.sunoresearch.com.br\/n\/uploads\/2025\/10\/Artigos-e-Noticias-Banner-Home-artigos-01-Mobile_-400x300-1-png.webp\">\n\t\t\t\t<img class=\"newsContent__article__imgCapa newsContent__article__imgCapa--banner\"\n\t\t\t\t\tsrc=\"https:\/\/files.sunoresearch.com.br\/n\/uploads\/2025\/10\/Artigos-e-Noticias-Banner-Home-artigos-01-Desktop_-1420x240-1-png.webp\"\n\t\t\t\t\tdata-promo-id=\"311259\"\t\t\t\t\t\t\t\t\t\twidth='1420' height='240'\t\t\t\t\talt=\"https:\/\/files.sunoresearch.com.br\/n\/uploads\/2025\/10\/Artigos-e-Noticias-Banner-Home-artigos-01-Desktop_-1420x240-1-png.webp\"\n\t\t\t\t>\n\t\t\t<\/picture>\n\t\t<\/a>\n\t<\/p>\n\n\n<p>No final da noite desta quarta, o Congresso Nacional promulgou PEC da Transi\u00e7\u00e3o, tamb\u00e9m chamada de <strong>PEC fura-teto<\/strong>, em sess\u00e3o aberta pelo presidente, senador Rodrigo Pacheco (PSD-MG), exclusivamente para isso. Mais cedo, C\u00e2mara e Senado avalizaram a PEC depois de longas negocia\u00e7\u00f5es com o presidente eleito, <strong>Luiz In\u00e1cio Lula da Silva<\/strong> (PT).<\/p>\n<p>A promulga\u00e7\u00e3o da proposta abriu espa\u00e7o para a vota\u00e7\u00e3o do <a href=\"https:\/\/www.suno.com.br\/artigos\/lei-orcamentaria-anual\/\" target=\"_blank\" rel=\"noopener\">Or\u00e7amento<\/a> de 2023, que ainda est\u00e1 pendente de an\u00e1lise. Est\u00e1 convocada uma reuni\u00e3o da Comiss\u00e3o Mista de Or\u00e7amento para esta quinta-feira (22), \u00e0s 10h. Pacheco tamb\u00e9m agendou uma sess\u00e3o de vota\u00e7\u00e3o do Congresso para o meio-dia, mas n\u00e3o incluiu a PEC na pauta.<\/p>\n\t<div data-element=\"shortcode-read-more\" class=\"knowMore\">\n\t\t\t\t<span class=\"knowMore__title\">Leia mais:<\/span>\n\t\t\t\t<a class=\"knowMore__link\" href=\"https:\/\/www.suno.com.br\/noticias\/arrecadacao-federal-impostos-novembro-2022\/\">\n\t\t\tArrecada\u00e7\u00e3o federal de impostos atinge R$ 172 bilh\u00f5es em novembro, a maior desde 2013\t\t<\/a>\n\t<\/div>\n\n\n<p>Ainda existe d\u00favida se os parlamentares terminar\u00e3o a an\u00e1lise do Or\u00e7amento nesta quinta, \u00faltimo dia de trabalhos do ano legislativo. O Broadcast Pol\u00edtico, sistema de not\u00edcias em tempo real do Grupo Estado, ouviu de congressistas sobre a possibilidade de convoca\u00e7\u00e3o de sess\u00e3o extraordin\u00e1ria na pr\u00f3xima semana para isso.<\/p>\n<p>O relator do Or\u00e7amento, Marcelo Castro (MDB-PI), contudo, est\u00e1 otimista e disse na quarta, que h\u00e1 &#8220;alta probabilidade&#8221; de tudo ser votado nesta quinta-feira.<\/p>\n<p>A <strong>vota\u00e7\u00e3o da PEC da Transi\u00e7\u00e3o<\/strong> testou o capital pol\u00edtico do presidente eleito <strong>Luiz In\u00e1cio Lula da Silva (PT)<\/strong>, que fez a aposta paralelamente \u00e0 montagem de sua equipe de governo.<\/p>\n<p>As exig\u00eancias de parlamentares por espa\u00e7os na nova Esplanada dos Minist\u00e9rios obrigaram o petista a entrar pessoalmente nas negocia\u00e7\u00f5es. Ele, contudo, n\u00e3o tem demonstrado inten\u00e7\u00e3o de ceder. Amanh\u00e3, est\u00e1 previsto o an\u00fancio de nomes de mais ministros.<\/p>\n<p>A PEC da Transi\u00e7\u00e3o encurta de dois para um ano a <strong>amplia\u00e7\u00e3o do <a href=\"https:\/\/www.suno.com.br\/noticias\/teto-de-gastos-governo-entenda\/\" target=\"_blank\" rel=\"noopener\">teto de gastos<\/a><\/strong> de R$ 145 bilh\u00f5es. Tamb\u00e9m prev\u00ea que at\u00e9 6,5% das receitas extraordin\u00e1rias ficar\u00e3o fora da regra fiscal, o que pode chegar a R$ 23 bilh\u00f5es. Assim, a proposta abre uma brecha de R$ 168 bilh\u00f5es.<\/p>\n<p>A decis\u00e3o do Supremo Tribunal Federal, que acabou com o or\u00e7amento secreto, levou os parlamentares a fecharem um acordo com o governo eleito para manter controle sobre parte dos recursos.<\/p>\n<p>Eles acrescentaram trechos para realocar a RP9. Dos R$ 19,4 bilh\u00f5es previstos para a modalidade neste ano, a previs\u00e3o na PEC \u00e9 que R$ 9,85 bilh\u00f5es sejam transferidos para despesas discricion\u00e1rias (RP2) e R$ 9,55 bilh\u00f5es para as emendas individuais impositivas (RP6).<\/p>\n<p>Essa foi a mudan\u00e7a que fez a PEC da Transi\u00e7\u00e3o ter de passar por uma nova an\u00e1lise no Senado &#8211; os senadores aprovaram a proposta em 7 de dezembro. Por se tratar de PEC, o texto da mat\u00e9ria precisa ser igual nas duas Casas.<\/p>\n<p>Veja abaixo os demais principais pontos da PEC:<\/p>\n<p>A PEC determina que o novo governo envie ao Congresso at\u00e9 31 de agosto de 2023 um projeto de lei complementar com a proposta de <strong>substitui\u00e7\u00e3o do teto de gastos<\/strong> por um novo arcabou\u00e7o fiscal, sem estabelecer qual seria a nova regra.<\/p>\n<p>A proposta mant\u00e9m o limite de pagamento de precat\u00f3rios, d\u00edvidas do governo reconhecidas judicialmente, at\u00e9 o fim de 2026, mesmo com o poss\u00edvel <strong>fim do teto de gastos<\/strong>.<\/p>\n<p>A PEC da Transi\u00e7\u00e3o estende a Desvincula\u00e7\u00e3o de Recursos da Uni\u00e3o (DRU) at\u00e9 o fim de 2024 com o objetivo de permitir a compatibiliza\u00e7\u00e3o de fontes de recursos com a expans\u00e3o do teto.<\/p>\n<p>A proposta deixa <strong>fora do teto de gastos<\/strong> despesas com projetos socioambientais custeadas por doa\u00e7\u00f5es e despesas com projetos custeados com recursos decorrentes de <a href=\"https:\/\/www.suno.com.br\/artigos\/quebra-de-acordo\/\" target=\"_blank\" rel=\"noopener\">acordos<\/a> judiciais ou extrajudiciais firmados em fun\u00e7\u00e3o de desastres ambientais.<\/p>\n<p>A proposta deixa fora da \u00e2ncora fiscal as despesas das institui\u00e7\u00f5es federais de ensino custeadas por receitas pr\u00f3prias, de doa\u00e7\u00f5es ou de conv\u00eanios celebrados com demais entes da Federa\u00e7\u00e3o, ou entidades privadas.<\/p>\n<p>A proposta tira do teto despesas custeadas por recursos oriundos de transfer\u00eancias dos demais entes da Federa\u00e7\u00e3o para a <a href=\"https:\/\/www.suno.com.br\/artigos\/divida-ativa\/\" target=\"_blank\" rel=\"noopener\">Uni\u00e3o<\/a> destinados \u00e0 execu\u00e7\u00e3o direta de obras e servi\u00e7os de engenharia.<\/p>\n<p>A <strong>PEC da Transi\u00e7\u00e3o<\/strong> inclui a possibilidade de as comiss\u00f5es permanentes do Congresso poderem fazer sugest\u00f5es de aloca\u00e7\u00e3o dos recursos do Or\u00e7amento que ficar\u00e3o livres com a amplia\u00e7\u00e3o do teto para pagar o Bolsa Fam\u00edlia (R$ 105 bilh\u00f5es). A ideia inicial era que fossem atendidas somente as solicita\u00e7\u00f5es da equipe de <strong>transi\u00e7\u00e3o de governo<\/strong>.<\/p>\n<p class=\"newsProviderSignature\">(Com informa\u00e7\u00f5es de Estad\u00e3o Conte\u00fado)<\/p>\n\t<p>\n\t\t<a href=\"https:\/\/lp.suno.com.br\/ebook-como-analisar-uma-acao\/\" target=\"_blank\" data-element=\"shortcode-suno-banner\" title=\"Banner SUNO, clique e saiba mais\">\n\t\t\t<picture>\n\t\t\t\t<source media=\"(max-width: 500px)\" srcset=\"https:\/\/files.sunoresearch.com.br\/n\/uploads\/2023\/12\/Ebook-Acoes-Mobile.jpg\">\n\t\t\t\t<img class=\"newsContent__article__imgCapa newsContent__article__imgCapa--banner\"\n\t\t\t\t\tsrc=\"https:\/\/files.sunoresearch.com.br\/n\/uploads\/2023\/12\/Ebook-Acoes-Desktop.webp\"\n\t\t\t\t\tdata-promo-id=\"311260\"\t\t\t\t\t\t\t\t\t\twidth='1420' height='286'\t\t\t\t\talt=\"https:\/\/files.sunoresearch.com.br\/n\/uploads\/2023\/12\/Ebook-Acoes-Desktop.webp\"\n\t\t\t\t>\n\t\t\t<\/picture>\n\t\t<\/a>\n\t<\/p>\n\n\n","protected":false},"excerpt":{"rendered":"<p>O Senado aprovou na noite desta quarta-feira (21), em segundo turno, a PEC da Transi\u00e7\u00e3o com placar bastante favor\u00e1vel ao governo eleito, com 63 votos a favor e 11 contr\u00e1rios &#8211; para ser aprovada a PEC precisava do aval de, pelo menos, 49 senadores. Assim, encerra-se a vota\u00e7\u00e3o da mat\u00e9ria no Congresso. Senado. Foto: Jefferson [&hellip;]<\/p>\n","protected":false},"author":173,"featured_media":325483,"comment_status":"closed","ping_status":"closed","sticky":false,"template":"","format":"standard","meta":[],"categories":[64],"tags":[1127,1068,83329],"suno_strategy":[],"class_list":["post-338217","post","type-post","status-publish","format-standard","has-post-thumbnail","hentry","category-negocios","tag-pec-do-teto","tag-senado-federal","tag-teto-de-gastos"],"yoast_head":"<!-- This site is optimized with the Yoast SEO plugin v24.4 - https:\/\/yoast.com\/wordpress\/plugins\/seo\/ -->\n<title>Senado aprova PEC da Transi\u00e7\u00e3o, com 63 votos a favor; Veja detalhes<\/title>\n<meta name=\"description\" content=\"O Senado aprovou a PEC da Transi\u00e7\u00e3o, com 63 votos a favor. Veja detalhes do que ficou decidido sobre a amplia\u00e7\u00e3o do teto de gastos.\" \/>\n<meta name=\"robots\" content=\"index, follow, max-snippet:-1, max-image-preview:large, max-video-preview:-1\" \/>\n<link rel=\"canonical\" href=\"https:\/\/www.suno.com.br\/noticias\/senado-aprova-pec-da-transicao-2\/\" \/>\n<meta property=\"og:locale\" content=\"pt_BR\" \/>\n<meta property=\"og:type\" content=\"article\" \/>\n<meta property=\"og:title\" content=\"Senado aprova PEC da Transi\u00e7\u00e3o, com 63 votos a favor; Veja detalhes\" \/>\n<meta property=\"og:description\" content=\"O Senado aprovou a PEC da Transi\u00e7\u00e3o, com 63 votos a favor. Veja detalhes do que ficou decidido sobre a amplia\u00e7\u00e3o do teto de gastos.\" \/>\n<meta property=\"og:url\" content=\"https:\/\/www.suno.com.br\/noticias\/senado-aprova-pec-da-transicao-2\/\" \/>\n<meta property=\"og:site_name\" content=\"Suno Not\u00edcias\" \/>\n<meta property=\"article:publisher\" content=\"https:\/\/facebook.com\/sunoresearch\" \/>\n<meta property=\"og:image\" content=\"https:\/\/files.sunoresearch.com.br\/n\/uploads\/2022\/11\/senado-institucional-pec-transicao-foto-jefferson-rudy-agencia-senado.jpg\" \/>\n\t<meta property=\"og:image:width\" content=\"1200\" \/>\n\t<meta property=\"og:image:height\" content=\"675\" \/>\n\t<meta property=\"og:image:type\" content=\"image\/jpeg\" \/>\n<meta name=\"author\" content=\"Jo\u00e3o Vitor\" \/>\n<meta name=\"twitter:card\" content=\"summary_large_image\" \/>\n<meta name=\"twitter:creator\" content=\"@sunoresearch\" \/>\n<meta name=\"twitter:site\" content=\"@sunoresearch\" \/>\n<meta name=\"twitter:label1\" content=\"Escrito por\" \/>\n\t<meta name=\"twitter:data1\" content=\"Jo\u00e3o Vitor\" \/>\n\t<meta name=\"twitter:label2\" content=\"Est. tempo de leitura\" \/>\n\t<meta name=\"twitter:data2\" content=\"5 minutos\" \/>\n<script type=\"application\/ld+json\" class=\"yoast-schema-graph\">{\"@context\":\"https:\/\/schema.org\",\"@graph\":[{\"@type\":\"NewsArticle\",\"@id\":\"https:\/\/www.suno.com.br\/noticias\/senado-aprova-pec-da-transicao-2\/#article\",\"isPartOf\":{\"@id\":\"https:\/\/www.suno.com.br\/noticias\/senado-aprova-pec-da-transicao-2\/\"},\"author\":{\"name\":\"Jo\u00e3o Vitor\",\"@id\":\"https:\/\/www.suno.com.br\/noticias\/#\/schema\/person\/87fc6973867c52dd884811905c43afba\"},\"headline\":\"Senado aprova PEC da Transi\u00e7\u00e3o em segundo turno, com 63 votos a favor; Veja detalhes\",\"datePublished\":\"2022-12-22T11:27:38+00:00\",\"dateModified\":\"2022-12-22T11:35:25+00:00\",\"mainEntityOfPage\":{\"@id\":\"https:\/\/www.suno.com.br\/noticias\/senado-aprova-pec-da-transicao-2\/\"},\"wordCount\":837,\"publisher\":{\"@id\":\"https:\/\/www.suno.com.br\/noticias\/#organization\"},\"image\":{\"@id\":\"https:\/\/www.suno.com.br\/noticias\/senado-aprova-pec-da-transicao-2\/#primaryimage\"},\"thumbnailUrl\":\"https:\/\/files.sunoresearch.com.br\/n\/uploads\/2022\/11\/senado-institucional-pec-transicao-foto-jefferson-rudy-agencia-senado.jpg\",\"keywords\":[\"PEC do teto\",\"Senado Federal\",\"teto de gastos\"],\"articleSection\":[\"Neg\u00f3cios\"],\"inLanguage\":\"pt-BR\"},{\"@type\":\"WebPage\",\"@id\":\"https:\/\/www.suno.com.br\/noticias\/senado-aprova-pec-da-transicao-2\/\",\"url\":\"https:\/\/www.suno.com.br\/noticias\/senado-aprova-pec-da-transicao-2\/\",\"name\":\"Senado aprova PEC da Transi\u00e7\u00e3o, com 63 votos a favor; Veja detalhes\",\"isPartOf\":{\"@id\":\"https:\/\/www.suno.com.br\/noticias\/#website\"},\"primaryImageOfPage\":{\"@id\":\"https:\/\/www.suno.com.br\/noticias\/senado-aprova-pec-da-transicao-2\/#primaryimage\"},\"image\":{\"@id\":\"https:\/\/www.suno.com.br\/noticias\/senado-aprova-pec-da-transicao-2\/#primaryimage\"},\"thumbnailUrl\":\"https:\/\/files.sunoresearch.com.br\/n\/uploads\/2022\/11\/senado-institucional-pec-transicao-foto-jefferson-rudy-agencia-senado.jpg\",\"datePublished\":\"2022-12-22T11:27:38+00:00\",\"dateModified\":\"2022-12-22T11:35:25+00:00\",\"description\":\"O Senado aprovou a PEC da Transi\u00e7\u00e3o, com 63 votos a favor. Veja detalhes do que ficou decidido sobre a amplia\u00e7\u00e3o do teto de gastos.\",\"breadcrumb\":{\"@id\":\"https:\/\/www.suno.com.br\/noticias\/senado-aprova-pec-da-transicao-2\/#breadcrumb\"},\"inLanguage\":\"pt-BR\",\"potentialAction\":[{\"@type\":\"ReadAction\",\"target\":[\"https:\/\/www.suno.com.br\/noticias\/senado-aprova-pec-da-transicao-2\/\"]}]},{\"@type\":\"ImageObject\",\"inLanguage\":\"pt-BR\",\"@id\":\"https:\/\/www.suno.com.br\/noticias\/senado-aprova-pec-da-transicao-2\/#primaryimage\",\"url\":\"https:\/\/files.sunoresearch.com.br\/n\/uploads\/2022\/11\/senado-institucional-pec-transicao-foto-jefferson-rudy-agencia-senado.jpg\",\"contentUrl\":\"https:\/\/files.sunoresearch.com.br\/n\/uploads\/2022\/11\/senado-institucional-pec-transicao-foto-jefferson-rudy-agencia-senado.jpg\",\"width\":1200,\"height\":675,\"caption\":\"Senado. Foto: Jefferson Rudy\/Ag\u00eancia Senado\"},{\"@type\":\"BreadcrumbList\",\"@id\":\"https:\/\/www.suno.com.br\/noticias\/senado-aprova-pec-da-transicao-2\/#breadcrumb\",\"itemListElement\":[{\"@type\":\"ListItem\",\"position\":1,\"name\":\"Not\u00edcias\",\"item\":\"https:\/\/www.suno.com.br\/noticias\/\"},{\"@type\":\"ListItem\",\"position\":2,\"name\":\"Neg\u00f3cios\",\"item\":\"https:\/\/www.suno.com.br\/noticias\/negocios\/\"},{\"@type\":\"ListItem\",\"position\":3,\"name\":\"Senado aprova PEC da Transi\u00e7\u00e3o em segundo turno, com 63 votos a favor; Veja detalhes\"}]},{\"@type\":\"WebSite\",\"@id\":\"https:\/\/www.suno.com.br\/noticias\/#website\",\"url\":\"https:\/\/www.suno.com.br\/noticias\/\",\"name\":\"Suno Not\u00edcias\",\"description\":\"Seu portal de informa\u00e7\u00e3o sobre o mundo dos investimentos\",\"publisher\":{\"@id\":\"https:\/\/www.suno.com.br\/noticias\/#organization\"},\"potentialAction\":[{\"@type\":\"SearchAction\",\"target\":{\"@type\":\"EntryPoint\",\"urlTemplate\":\"https:\/\/www.suno.com.br\/noticias\/?s={search_term_string}\"},\"query-input\":{\"@type\":\"PropertyValueSpecification\",\"valueRequired\":true,\"valueName\":\"search_term_string\"}}],\"inLanguage\":\"pt-BR\"},{\"@type\":\"Organization\",\"@id\":\"https:\/\/www.suno.com.br\/noticias\/#organization\",\"name\":\"Suno Not\u00edcias\",\"url\":\"https:\/\/www.suno.com.br\/noticias\/\",\"logo\":{\"@type\":\"ImageObject\",\"inLanguage\":\"pt-BR\",\"@id\":\"https:\/\/www.suno.com.br\/noticias\/#\/schema\/logo\/image\/\",\"url\":\"https:\/\/files.sunoresearch.com.br\/n\/uploads\/2021\/09\/suno-logo.png\",\"contentUrl\":\"https:\/\/files.sunoresearch.com.br\/n\/uploads\/2021\/09\/suno-logo.png\",\"width\":180,\"height\":180,\"caption\":\"Suno Not\u00edcias\"},\"image\":{\"@id\":\"https:\/\/www.suno.com.br\/noticias\/#\/schema\/logo\/image\/\"},\"sameAs\":[\"https:\/\/facebook.com\/sunoresearch\",\"https:\/\/x.com\/sunoresearch\",\"https:\/\/www.instagram.com\/suno\",\"https:\/\/www.linkedin.com\/company\/suno-research\/\",\"https:\/\/www.youtube.com\/c\/sunoresearch\"]},{\"@type\":\"Person\",\"@id\":\"https:\/\/www.suno.com.br\/noticias\/#\/schema\/person\/87fc6973867c52dd884811905c43afba\",\"name\":\"Jo\u00e3o Vitor\",\"image\":{\"@type\":\"ImageObject\",\"inLanguage\":\"pt-BR\",\"@id\":\"https:\/\/www.suno.com.br\/noticias\/#\/schema\/person\/image\/\",\"url\":\"https:\/\/secure.gravatar.com\/avatar\/2843227ca03ccf8cc7ccca45204c127e?s=96&r=g\",\"contentUrl\":\"https:\/\/secure.gravatar.com\/avatar\/2843227ca03ccf8cc7ccca45204c127e?s=96&r=g\",\"caption\":\"Jo\u00e3o Vitor\"},\"description\":\"Redator profissional, com atua\u00e7\u00e3o no mercado editorial na produ\u00e7\u00e3o de not\u00edcias e conte\u00fados sobre o mercado de a\u00e7\u00f5es, fundos imobili\u00e1rios e economia popular. Graduando em Engenharia Qu\u00edmica pela Unesp, tamb\u00e9m j\u00e1 atuou como consultor financeiro.\",\"url\":\"https:\/\/www.suno.com.br\/noticias\/author\/joao-vitor-jacintho\/\"}]}<\/script>\n<!-- \/ Yoast SEO plugin. -->","yoast_head_json":{"title":"Senado aprova PEC da Transi\u00e7\u00e3o, com 63 votos a favor; Veja detalhes","description":"O Senado aprovou a PEC da Transi\u00e7\u00e3o, com 63 votos a favor. Veja detalhes do que ficou decidido sobre a amplia\u00e7\u00e3o do teto de gastos.","robots":{"index":"index","follow":"follow","max-snippet":"max-snippet:-1","max-image-preview":"max-image-preview:large","max-video-preview":"max-video-preview:-1"},"canonical":"https:\/\/www.suno.com.br\/noticias\/senado-aprova-pec-da-transicao-2\/","og_locale":"pt_BR","og_type":"article","og_title":"Senado aprova PEC da Transi\u00e7\u00e3o, com 63 votos a favor; Veja detalhes","og_description":"O Senado aprovou a PEC da Transi\u00e7\u00e3o, com 63 votos a favor. Veja detalhes do que ficou decidido sobre a amplia\u00e7\u00e3o do teto de gastos.","og_url":"https:\/\/www.suno.com.br\/noticias\/senado-aprova-pec-da-transicao-2\/","og_site_name":"Suno Not\u00edcias","article_publisher":"https:\/\/facebook.com\/sunoresearch","og_image":[{"width":1200,"height":675,"url":"https:\/\/files.sunoresearch.com.br\/n\/uploads\/2022\/11\/senado-institucional-pec-transicao-foto-jefferson-rudy-agencia-senado.jpg","type":"image\/jpeg"}],"author":"Jo\u00e3o Vitor","twitter_card":"summary_large_image","twitter_creator":"@sunoresearch","twitter_site":"@sunoresearch","twitter_misc":{"Escrito por":"Jo\u00e3o Vitor","Est. tempo de leitura":"5 minutos"},"schema":{"@context":"https:\/\/schema.org","@graph":[{"@type":"NewsArticle","@id":"https:\/\/www.suno.com.br\/noticias\/senado-aprova-pec-da-transicao-2\/#article","isPartOf":{"@id":"https:\/\/www.suno.com.br\/noticias\/senado-aprova-pec-da-transicao-2\/"},"author":{"name":"Jo\u00e3o Vitor","@id":"https:\/\/www.suno.com.br\/noticias\/#\/schema\/person\/87fc6973867c52dd884811905c43afba"},"headline":"Senado aprova PEC da Transi\u00e7\u00e3o em segundo turno, com 63 votos a favor; Veja detalhes","datePublished":"2022-12-22T11:27:38+00:00","dateModified":"2022-12-22T11:35:25+00:00","mainEntityOfPage":{"@id":"https:\/\/www.suno.com.br\/noticias\/senado-aprova-pec-da-transicao-2\/"},"wordCount":837,"publisher":{"@id":"https:\/\/www.suno.com.br\/noticias\/#organization"},"image":{"@id":"https:\/\/www.suno.com.br\/noticias\/senado-aprova-pec-da-transicao-2\/#primaryimage"},"thumbnailUrl":"https:\/\/files.sunoresearch.com.br\/n\/uploads\/2022\/11\/senado-institucional-pec-transicao-foto-jefferson-rudy-agencia-senado.jpg","keywords":["PEC do teto","Senado Federal","teto de gastos"],"articleSection":["Neg\u00f3cios"],"inLanguage":"pt-BR"},{"@type":"WebPage","@id":"https:\/\/www.suno.com.br\/noticias\/senado-aprova-pec-da-transicao-2\/","url":"https:\/\/www.suno.com.br\/noticias\/senado-aprova-pec-da-transicao-2\/","name":"Senado aprova PEC da Transi\u00e7\u00e3o, com 63 votos a favor; Veja detalhes","isPartOf":{"@id":"https:\/\/www.suno.com.br\/noticias\/#website"},"primaryImageOfPage":{"@id":"https:\/\/www.suno.com.br\/noticias\/senado-aprova-pec-da-transicao-2\/#primaryimage"},"image":{"@id":"https:\/\/www.suno.com.br\/noticias\/senado-aprova-pec-da-transicao-2\/#primaryimage"},"thumbnailUrl":"https:\/\/files.sunoresearch.com.br\/n\/uploads\/2022\/11\/senado-institucional-pec-transicao-foto-jefferson-rudy-agencia-senado.jpg","datePublished":"2022-12-22T11:27:38+00:00","dateModified":"2022-12-22T11:35:25+00:00","description":"O Senado aprovou a PEC da Transi\u00e7\u00e3o, com 63 votos a favor. Veja detalhes do que ficou decidido sobre a amplia\u00e7\u00e3o do teto de gastos.","breadcrumb":{"@id":"https:\/\/www.suno.com.br\/noticias\/senado-aprova-pec-da-transicao-2\/#breadcrumb"},"inLanguage":"pt-BR","potentialAction":[{"@type":"ReadAction","target":["https:\/\/www.suno.com.br\/noticias\/senado-aprova-pec-da-transicao-2\/"]}]},{"@type":"ImageObject","inLanguage":"pt-BR","@id":"https:\/\/www.suno.com.br\/noticias\/senado-aprova-pec-da-transicao-2\/#primaryimage","url":"https:\/\/files.sunoresearch.com.br\/n\/uploads\/2022\/11\/senado-institucional-pec-transicao-foto-jefferson-rudy-agencia-senado.jpg","contentUrl":"https:\/\/files.sunoresearch.com.br\/n\/uploads\/2022\/11\/senado-institucional-pec-transicao-foto-jefferson-rudy-agencia-senado.jpg","width":1200,"height":675,"caption":"Senado. Foto: Jefferson Rudy\/Ag\u00eancia Senado"},{"@type":"BreadcrumbList","@id":"https:\/\/www.suno.com.br\/noticias\/senado-aprova-pec-da-transicao-2\/#breadcrumb","itemListElement":[{"@type":"ListItem","position":1,"name":"Not\u00edcias","item":"https:\/\/www.suno.com.br\/noticias\/"},{"@type":"ListItem","position":2,"name":"Neg\u00f3cios","item":"https:\/\/www.suno.com.br\/noticias\/negocios\/"},{"@type":"ListItem","position":3,"name":"Senado aprova PEC da Transi\u00e7\u00e3o em segundo turno, com 63 votos a favor; Veja detalhes"}]},{"@type":"WebSite","@id":"https:\/\/www.suno.com.br\/noticias\/#website","url":"https:\/\/www.suno.com.br\/noticias\/","name":"Suno Not\u00edcias","description":"Seu portal de informa\u00e7\u00e3o sobre o mundo dos investimentos","publisher":{"@id":"https:\/\/www.suno.com.br\/noticias\/#organization"},"potentialAction":[{"@type":"SearchAction","target":{"@type":"EntryPoint","urlTemplate":"https:\/\/www.suno.com.br\/noticias\/?s={search_term_string}"},"query-input":{"@type":"PropertyValueSpecification","valueRequired":true,"valueName":"search_term_string"}}],"inLanguage":"pt-BR"},{"@type":"Organization","@id":"https:\/\/www.suno.com.br\/noticias\/#organization","name":"Suno Not\u00edcias","url":"https:\/\/www.suno.com.br\/noticias\/","logo":{"@type":"ImageObject","inLanguage":"pt-BR","@id":"https:\/\/www.suno.com.br\/noticias\/#\/schema\/logo\/image\/","url":"https:\/\/files.sunoresearch.com.br\/n\/uploads\/2021\/09\/suno-logo.png","contentUrl":"https:\/\/files.sunoresearch.com.br\/n\/uploads\/2021\/09\/suno-logo.png","width":180,"height":180,"caption":"Suno Not\u00edcias"},"image":{"@id":"https:\/\/www.suno.com.br\/noticias\/#\/schema\/logo\/image\/"},"sameAs":["https:\/\/facebook.com\/sunoresearch","https:\/\/x.com\/sunoresearch","https:\/\/www.instagram.com\/suno","https:\/\/www.linkedin.com\/company\/suno-research\/","https:\/\/www.youtube.com\/c\/sunoresearch"]},{"@type":"Person","@id":"https:\/\/www.suno.com.br\/noticias\/#\/schema\/person\/87fc6973867c52dd884811905c43afba","name":"Jo\u00e3o Vitor","image":{"@type":"ImageObject","inLanguage":"pt-BR","@id":"https:\/\/www.suno.com.br\/noticias\/#\/schema\/person\/image\/","url":"https:\/\/secure.gravatar.com\/avatar\/2843227ca03ccf8cc7ccca45204c127e?s=96&r=g","contentUrl":"https:\/\/secure.gravatar.com\/avatar\/2843227ca03ccf8cc7ccca45204c127e?s=96&r=g","caption":"Jo\u00e3o Vitor"},"description":"Redator profissional, com atua\u00e7\u00e3o no mercado editorial na produ\u00e7\u00e3o de not\u00edcias e conte\u00fados sobre o mercado de a\u00e7\u00f5es, fundos imobili\u00e1rios e economia popular. Graduando em Engenharia Qu\u00edmica pela Unesp, tamb\u00e9m j\u00e1 atuou como consultor financeiro.","url":"https:\/\/www.suno.com.br\/noticias\/author\/joao-vitor-jacintho\/"}]}},"default_loop_html":"<div class=\"cardsPage__listCard__boxs\"><div class=\"cardsPage__listCard__boxs__img\"><a href=\"https:\/\/www.suno.com.br\/noticias\/senado-aprova-pec-da-transicao-2\/\"><img class=\"mask\" src=\"https:\/\/www.suno.com.br\/noticias\/wp-content\/themes\/suno\/resources\/images\/spotlight\/spotlight1img\/bg-mask.png\" alt=\"Image Mask\"\/><img src=\"https:\/\/files.sunoresearch.com.br\/n\/uploads\/2022\/11\/senado-institucional-pec-transicao-foto-jefferson-rudy-agencia-senado-400x200.jpg\" alt=\"Senado aprova PEC da Transi\u00e7\u00e3o em segundo turno, com 63 votos a favor; Veja detalhes\"\/><\/a><span class=\"spotlightCategory\"><a href=\"https:\/\/www.suno.com.br\/noticias\/negocios\/\">Neg\u00f3cios<\/a><\/span><\/div><div class=\"cardsPage__listCard__boxs__content\"><a href=\"https:\/\/www.suno.com.br\/noticias\/senado-aprova-pec-da-transicao-2\/\"><h2 class=\"content__title\">Senado aprova PEC da Transi\u00e7\u00e3o em segundo turno, com 63 votos a favor; Veja detalhes<\/h2><\/a><div class=\"newsContent__article__meta\"><div class=\"newsContent__article__meta__authorBox\"><a href=\"https:\/\/www.suno.com.br\/noticias\/author\/joao-vitor-jacintho\/\" class=\"authorBox__avatar noMobi\"><img src=\"https:\/\/secure.gravatar.com\/avatar\/2843227ca03ccf8cc7ccca45204c127e?s=96&#038;r=g\" alt=\"Jo\u00e3o Vitor Jacintho\"><\/a><div class=\"authorBox__name\"><span>por\n\t\t\t<a href=\"https:\/\/www.suno.com.br\/noticias\/author\/joao-vitor-jacintho\/\"><span itemprop=\"author\">Jo\u00e3o Vitor Jacintho<\/span><\/a><\/span><time datetime=\"2022-12-22T08:27:38-03:00\" itemprop=\"datePublished\">22\/12\/2022 08:27<\/time><\/div><\/div><\/div><\/div><\/div>","single_layout":"posts","amp_enabled":true,"_links":{"self":[{"href":"https:\/\/www.suno.com.br\/noticias\/wp-json\/wp\/v2\/posts\/338217"}],"collection":[{"href":"https:\/\/www.suno.com.br\/noticias\/wp-json\/wp\/v2\/posts"}],"about":[{"href":"https:\/\/www.suno.com.br\/noticias\/wp-json\/wp\/v2\/types\/post"}],"author":[{"embeddable":true,"href":"https:\/\/www.suno.com.br\/noticias\/wp-json\/wp\/v2\/users\/173"}],"replies":[{"embeddable":true,"href":"https:\/\/www.suno.com.br\/noticias\/wp-json\/wp\/v2\/comments?post=338217"}],"version-history":[{"count":3,"href":"https:\/\/www.suno.com.br\/noticias\/wp-json\/wp\/v2\/posts\/338217\/revisions"}],"predecessor-version":[{"id":338236,"href":"https:\/\/www.suno.com.br\/noticias\/wp-json\/wp\/v2\/posts\/338217\/revisions\/338236"}],"wp:featuredmedia":[{"embeddable":true,"href":"https:\/\/www.suno.com.br\/noticias\/wp-json\/wp\/v2\/media\/325483"}],"wp:attachment":[{"href":"https:\/\/www.suno.com.br\/noticias\/wp-json\/wp\/v2\/media?parent=338217"}],"wp:term":[{"taxonomy":"category","embeddable":true,"href":"https:\/\/www.suno.com.br\/noticias\/wp-json\/wp\/v2\/categories?post=338217"},{"taxonomy":"post_tag","embeddable":true,"href":"https:\/\/www.suno.com.br\/noticias\/wp-json\/wp\/v2\/tags?post=338217"},{"taxonomy":"suno_strategy","embeddable":true,"href":"https:\/\/www.suno.com.br\/noticias\/wp-json\/wp\/v2\/suno_strategy?post=338217"}],"curies":[{"name":"wp","href":"https:\/\/api.w.org\/{rel}","templated":true}]}}