{"id":338043,"date":"2022-12-21T08:34:40","date_gmt":"2022-12-21T11:34:40","guid":{"rendered":"https:\/\/www.suno.com.br\/noticias\/?p=338043"},"modified":"2022-12-21T08:36:53","modified_gmt":"2022-12-21T11:36:53","slug":"elon-musk-deixara-comando-twitter","status":"publish","type":"post","link":"https:\/\/www.suno.com.br\/noticias\/elon-musk-deixara-comando-twitter\/","title":{"rendered":"Elon Musk afirma que deixar\u00e1 o comando do Twitter, ap\u00f3s enquete"},"content":{"rendered":"<p><strong>Elon Musk<\/strong> disse que vai deixar de ser presidente do Twitter quando encontrar \u201calgu\u00e9m tolo o suficiente\u201d que queira assumir a fun\u00e7\u00e3o. A declara\u00e7\u00e3o foi feita em sua conta da rede social, na noite desta ter\u00e7a-feira (20).<\/p>\t<div class=\"wrapper-featured-image\">\n\t\t<figure class=\"spotlightImg\">\n\n\t\t\t<picture>\n\t\t\t\t<source media=\"(max-width: 768px)\" srcset=\"https:\/\/files.sunoresearch.com.br\/n\/uploads\/2022\/11\/Elon-Musk-400x200.jpg\">\n\t\t\t\t<img loading=\"lazy\" decoding=\"async\" class=\"newsContent__article__imgCapa lazyloadDisabled \" src=\"https:\/\/files.sunoresearch.com.br\/n\/uploads\/2022\/11\/Elon-Musk-800x450.jpg\" width=\"800\" height=\"450\" alt=\"Elon Musk afirma que deixar\u00e1 o comando do Twitter, ap\u00f3s enquete\" fetchpriority=high \/>\n\t\t\t<\/picture>\n\n\t\t\t<figcaption class=\"wp-caption-text wp-caption-text--show\">Intelig\u00eancia artificial (IA): carta de Elon Musk completa 6 meses e ainda quer saber se tecnologia vai nos destruir. Foto: Divulga\u00e7\u00e3o<\/figcaption>\n\t\t<\/figure>\n\t<\/div>\n\n\n\n\n\n\t<p>\n\t\t<a href=\"https:\/\/lp2.suno.com.br\/cl\/black-friday-2025\/?utm_campaign=_SNCDF0E4858_\" target=\"_blank\" data-element=\"shortcode-suno-banner\" title=\"Banner SUNO, clique e saiba mais\">\n\t\t\t<picture>\n\t\t\t\t<source media=\"(max-width: 500px)\" srcset=\"https:\/\/files.sunoresearch.com.br\/n\/uploads\/2025\/10\/Artigos-e-Noticias-Banner-Home-artigos-01-Mobile_-400x300-1-png.webp\">\n\t\t\t\t<img class=\"newsContent__article__imgCapa newsContent__article__imgCapa--banner\"\n\t\t\t\t\tsrc=\"https:\/\/files.sunoresearch.com.br\/n\/uploads\/2025\/10\/Artigos-e-Noticias-Banner-Home-artigos-01-Desktop_-1420x240-1-png.webp\"\n\t\t\t\t\tdata-promo-id=\"311259\"\t\t\t\t\t\t\t\t\t\twidth='1420' height='240'\t\t\t\t\talt=\"https:\/\/files.sunoresearch.com.br\/n\/uploads\/2025\/10\/Artigos-e-Noticias-Banner-Home-artigos-01-Desktop_-1420x240-1-png.webp\"\n\t\t\t\t>\n\t\t\t<\/picture>\n\t\t<\/a>\n\t<\/p>\n\n\n\n\n\n<p>Caso deixasse a <strong>presid\u00eancia do Twitter<\/strong>, <a class=\"suno-keyword\" target=\"_blank\" data-force=\"no\" data-priority=\"2\" href=\"https:\/\/www.suno.com.br\/tudo-sobre\/elon-musk\/\" rel=\"noopener\">Elon Musk<\/a> diz que comandaria somente as equipes de software e servidores.<\/p>\n\n\n\n<p>O bilion\u00e1rio e <strong>CEO da <a href=\"https:\/\/www.suno.com.br\/bdrs\/tsla34\/\" target=\"_blank\" rel=\"noreferrer noopener\">Tesla<\/a><\/strong> e SpaceX ainda criou uma enquete questionando se os usu\u00e1rios do Twitter apoiavam ou n\u00e3o sua sa\u00edda do comando da rede social. \u201cVou respeitar os resultados\u201d, diz.<\/p>\n\n\n\t<div data-element=\"shortcode-read-more\" class=\"knowMore\">\n\t\t\t\t<span class=\"knowMore__title\">Leia mais<\/span>\n\t\t\t\t<a class=\"knowMore__link\" href=\"https:\/\/www.suno.com.br\/noticias\/camara-votacao-pec-da-transicao\/\">\n\t\t\tC\u00e2mara aprova PEC da Transi\u00e7\u00e3o em 1\u00ba turno; vota\u00e7\u00e3o ser\u00e1 retomada nesta quarta (21)\t\t<\/a>\n\t<\/div>\n\n\n\n\n<p>A enquete contou com a participa\u00e7\u00e3o de 17,5 milh\u00f5es de <strong>usu\u00e1rios do Twitter<\/strong>, tendo como resultado 57,5% a favor de que Elon Musk deixasse de ser \u201cchefe\u201d da rede social e 42,5% contr\u00e1rios \u00e0 sua sa\u00edda.<\/p>\n\n\n\n<p>Ap\u00f3s a vota\u00e7\u00e3o ter sido encerrada, o bilion\u00e1rio ainda publicou: \u201cComo diz o ditado, cuidado com o que voc\u00ea deseja, pois voc\u00ea pode conseguir\u201d. Posteriormente acrescentou: \u201cQuem quer poder \u00e9 quem menos merece\u201d.<\/p>\n\n\n\n<p>No \u00faltimo domingo (18), Elon Musk respondeu uma publica\u00e7\u00e3o afirmando que \u201cningu\u00e9m quer o trabalho que pode realmente manter o Twitter vivo\u201d, e que, dessa forma, n\u00e3o existiria um sucessor.<\/p>\n\n\n\n<h2 class=\"wp-block-heading\" id=\"h-contas-suspensas-do-twitter\"><a><\/a>Contas suspensas do Twitter<\/h2>\n\n\n\n<p>Algumas contas v\u00eam sendo suspensas do Twitter nos \u00faltimos dias, inclusive aquelas associadas ao rastreio de avi\u00f5es de algumas personalidades bilion\u00e1rias, como do pr\u00f3prio Elon Musk.<\/p>\n\n\n\n<p>Al\u00e9m disso, alguns jornalistas dos EUA, como do Washington Post e New York Times, tamb\u00e9m tiveram suas contas suspensas.<\/p>\n\n\n\n<p>Na lista de contas que tamb\u00e9m podem ser tiradas do ar est\u00e3o:<\/p>\n\n\n\n<ul class=\"wp-block-list\">\n<li>Instagram<\/li>\n\n\n\n<li>Mastodon<\/li>\n\n\n\n<li>Facebook<\/li>\n\n\n\n<li>Mastodon<\/li>\n\n\n\n<li>Tribel<\/li>\n\n\n\n<li>Truth Social<\/li>\n\n\n\n<li>Post<\/li>\n\n\n\n<li>Nostr<\/li>\n<\/ul>\n\n\n\n<p>Nesse caso, o motivo seria porque o Twitter proibiu que os usu\u00e1rios postem links para outras redes sociais.<\/p>\n\n\n\n<p>Al\u00e9m de vedar publica\u00e7\u00f5es que levem a outras redes, a <strong>nova regra do Twitter<\/strong> tamb\u00e9m prev\u00ea a suspens\u00e3o de contas que publicarem prints que promovam essas plataformas.<\/p>\n\n\n\n<h2 class=\"wp-block-heading\" id=\"h-elon-musk-vai-procurar-um-novo-lider-para-o-twitter\"><a><\/a>Elon Musk vai procurar um novo l\u00edder para o Twitter?<\/h2>\n\n\n\n<p>Ap\u00f3s diversas idas e vindas com rela\u00e7\u00e3o ao fechamento do neg\u00f3cio, Elon Musk confirmou a <strong>compra do Twitter<\/strong> em 27 de outubro de 2022, pelo valor de US$ 44 bilh\u00f5es.<\/p>\n\n\n\n<p>Uma das primeiras medidas adotadas pelo novo <strong>CEO do Twitter<\/strong> foi a demiss\u00e3o de executivos de alto escal\u00e3o. Al\u00e9m disso, as demiss\u00f5es em massa tamb\u00e9m chegaram a milhares de outros funcion\u00e1rios da companhia.<\/p>\n\n\n\n<p>Em meados de novembro, o bilion\u00e1rio disse no tribunal Delaware que espera diminuir seu tempo no Twitter, e que, depois de encerrar seu processo de reestrutura\u00e7\u00e3o organizacional na empresa, poderia eventualmente procurar por um novo l\u00edder para administr\u00e1-la.<\/p>\n\n\n\n<p>A afirma\u00e7\u00e3o ocorreu em meio a sua defesa contra as acusa\u00e7\u00f5es de que o pacote de pagamento na Tesla de US$ 56 bilh\u00f5es teria sido aprovado por um conselho de diretores submisso, e que teria levado como base metas de performance supostamente f\u00e1ceis de alcan\u00e7ar.<\/p>\n\n\n\n<p>Suas falas tamb\u00e9m ocorreram ap\u00f3s o aumento da insatisfa\u00e7\u00e3o de <strong>investidores da Tesla<\/strong>, que ficaram preocupados com o tempo que o bilion\u00e1rio estaria utilizando no comando do Twitter.<\/p>\n\n\n\n<p><strong>Elon Musk<\/strong> explica que haveria uma \u201cexplos\u00e3o\u201d inicial de atividade necess\u00e1ria depois da compra realizada, visando reorganizar a companhia, mas que espera reduzir seu tempo no Twitter.<\/p>\n\n\n\t<p>\n\t\t<a href=\"https:\/\/lp.suno.com.br\/ebook-como-analisar-uma-acao\/\" target=\"_blank\" data-element=\"shortcode-suno-banner\" title=\"Banner SUNO, clique e saiba mais\">\n\t\t\t<picture>\n\t\t\t\t<source media=\"(max-width: 500px)\" srcset=\"https:\/\/files.sunoresearch.com.br\/n\/uploads\/2023\/12\/Ebook-Acoes-Mobile.jpg\">\n\t\t\t\t<img class=\"newsContent__article__imgCapa newsContent__article__imgCapa--banner\"\n\t\t\t\t\tsrc=\"https:\/\/files.sunoresearch.com.br\/n\/uploads\/2023\/12\/Ebook-Acoes-Desktop.webp\"\n\t\t\t\t\tdata-promo-id=\"311260\"\t\t\t\t\t\t\t\t\t\twidth='1420' height='286'\t\t\t\t\talt=\"https:\/\/files.sunoresearch.com.br\/n\/uploads\/2023\/12\/Ebook-Acoes-Desktop.webp\"\n\t\t\t\t>\n\t\t\t<\/picture>\n\t\t<\/a>\n\t<\/p>\n\n\n","protected":false},"excerpt":{"rendered":"<p>Elon Musk disse que vai deixar de ser presidente do Twitter quando encontrar \u201calgu\u00e9m tolo o suficiente\u201d que queira assumir a fun\u00e7\u00e3o. A declara\u00e7\u00e3o foi feita em sua conta da rede social, na noite desta ter\u00e7a-feira (20). Intelig\u00eancia artificial (IA): carta de Elon Musk completa 6 meses e ainda quer saber se tecnologia vai nos [&hellip;]<\/p>\n","protected":false},"author":173,"featured_media":319531,"comment_status":"closed","ping_status":"closed","sticky":false,"template":"","format":"standard","meta":[],"categories":[64],"tags":[726,1110],"suno_strategy":[],"class_list":["post-338043","post","type-post","status-publish","format-standard","has-post-thumbnail","hentry","category-negocios","tag-elon-musk","tag-twitter-twtr34"],"yoast_head":"<!-- This site is optimized with the Yoast SEO plugin v24.4 - https:\/\/yoast.com\/wordpress\/plugins\/seo\/ -->\n<title>Elon Musk afirma que deixar\u00e1 o comando do Twitter, ap\u00f3s enquete<\/title>\n<meta name=\"description\" content=\"Elon Musk afirmou que deixar\u00e1 o comando do Twitter, ap\u00f3s enquete. Entenda o que foi dito por Elon Musk e o resultado da enquete de sua sa\u00edda.\" \/>\n<meta name=\"robots\" content=\"index, follow, max-snippet:-1, max-image-preview:large, max-video-preview:-1\" \/>\n<link rel=\"canonical\" href=\"https:\/\/www.suno.com.br\/noticias\/elon-musk-deixara-comando-twitter\/\" \/>\n<meta property=\"og:locale\" content=\"pt_BR\" \/>\n<meta property=\"og:type\" content=\"article\" \/>\n<meta property=\"og:title\" content=\"Elon Musk afirma que deixar\u00e1 o comando do Twitter, ap\u00f3s enquete\" \/>\n<meta property=\"og:description\" content=\"Elon Musk afirmou que deixar\u00e1 o comando do Twitter, ap\u00f3s enquete. Entenda o que foi dito por Elon Musk e o resultado da enquete de sua sa\u00edda.\" \/>\n<meta property=\"og:url\" content=\"https:\/\/www.suno.com.br\/noticias\/elon-musk-deixara-comando-twitter\/\" \/>\n<meta property=\"og:site_name\" content=\"Suno Not\u00edcias\" \/>\n<meta property=\"article:publisher\" content=\"https:\/\/facebook.com\/sunoresearch\" \/>\n<meta property=\"og:image\" content=\"https:\/\/files.sunoresearch.com.br\/n\/uploads\/2022\/11\/Elon-Musk.jpg\" \/>\n\t<meta property=\"og:image:width\" content=\"1450\" \/>\n\t<meta property=\"og:image:height\" content=\"807\" \/>\n\t<meta property=\"og:image:type\" content=\"image\/jpeg\" \/>\n<meta name=\"author\" content=\"Jo\u00e3o Vitor\" \/>\n<meta name=\"twitter:card\" content=\"summary_large_image\" \/>\n<meta name=\"twitter:creator\" content=\"@sunoresearch\" \/>\n<meta name=\"twitter:site\" content=\"@sunoresearch\" \/>\n<meta name=\"twitter:label1\" content=\"Escrito por\" \/>\n\t<meta name=\"twitter:data1\" content=\"Jo\u00e3o Vitor\" \/>\n\t<meta name=\"twitter:label2\" content=\"Est. tempo de leitura\" \/>\n\t<meta name=\"twitter:data2\" content=\"3 minutos\" \/>\n<script type=\"application\/ld+json\" class=\"yoast-schema-graph\">{\"@context\":\"https:\/\/schema.org\",\"@graph\":[{\"@type\":\"NewsArticle\",\"@id\":\"https:\/\/www.suno.com.br\/noticias\/elon-musk-deixara-comando-twitter\/#article\",\"isPartOf\":{\"@id\":\"https:\/\/www.suno.com.br\/noticias\/elon-musk-deixara-comando-twitter\/\"},\"author\":{\"name\":\"Jo\u00e3o Vitor\",\"@id\":\"https:\/\/www.suno.com.br\/noticias\/#\/schema\/person\/87fc6973867c52dd884811905c43afba\"},\"headline\":\"Elon Musk afirma que deixar\u00e1 o comando do Twitter, ap\u00f3s enquete\",\"datePublished\":\"2022-12-21T11:34:40+00:00\",\"dateModified\":\"2022-12-21T11:36:53+00:00\",\"mainEntityOfPage\":{\"@id\":\"https:\/\/www.suno.com.br\/noticias\/elon-musk-deixara-comando-twitter\/\"},\"wordCount\":579,\"publisher\":{\"@id\":\"https:\/\/www.suno.com.br\/noticias\/#organization\"},\"image\":{\"@id\":\"https:\/\/www.suno.com.br\/noticias\/elon-musk-deixara-comando-twitter\/#primaryimage\"},\"thumbnailUrl\":\"https:\/\/files.sunoresearch.com.br\/n\/uploads\/2022\/11\/Elon-Musk.jpg\",\"keywords\":[\"Elon Musk\",\"Twitter (TWTR34)\"],\"articleSection\":[\"Neg\u00f3cios\"],\"inLanguage\":\"pt-BR\"},{\"@type\":\"WebPage\",\"@id\":\"https:\/\/www.suno.com.br\/noticias\/elon-musk-deixara-comando-twitter\/\",\"url\":\"https:\/\/www.suno.com.br\/noticias\/elon-musk-deixara-comando-twitter\/\",\"name\":\"Elon Musk afirma que deixar\u00e1 o comando do Twitter, ap\u00f3s enquete\",\"isPartOf\":{\"@id\":\"https:\/\/www.suno.com.br\/noticias\/#website\"},\"primaryImageOfPage\":{\"@id\":\"https:\/\/www.suno.com.br\/noticias\/elon-musk-deixara-comando-twitter\/#primaryimage\"},\"image\":{\"@id\":\"https:\/\/www.suno.com.br\/noticias\/elon-musk-deixara-comando-twitter\/#primaryimage\"},\"thumbnailUrl\":\"https:\/\/files.sunoresearch.com.br\/n\/uploads\/2022\/11\/Elon-Musk.jpg\",\"datePublished\":\"2022-12-21T11:34:40+00:00\",\"dateModified\":\"2022-12-21T11:36:53+00:00\",\"description\":\"Elon Musk afirmou que deixar\u00e1 o comando do Twitter, ap\u00f3s enquete. Entenda o que foi dito por Elon Musk e o resultado da enquete de sua sa\u00edda.\",\"breadcrumb\":{\"@id\":\"https:\/\/www.suno.com.br\/noticias\/elon-musk-deixara-comando-twitter\/#breadcrumb\"},\"inLanguage\":\"pt-BR\",\"potentialAction\":[{\"@type\":\"ReadAction\",\"target\":[\"https:\/\/www.suno.com.br\/noticias\/elon-musk-deixara-comando-twitter\/\"]}]},{\"@type\":\"ImageObject\",\"inLanguage\":\"pt-BR\",\"@id\":\"https:\/\/www.suno.com.br\/noticias\/elon-musk-deixara-comando-twitter\/#primaryimage\",\"url\":\"https:\/\/files.sunoresearch.com.br\/n\/uploads\/2022\/11\/Elon-Musk.jpg\",\"contentUrl\":\"https:\/\/files.sunoresearch.com.br\/n\/uploads\/2022\/11\/Elon-Musk.jpg\",\"width\":1450,\"height\":807,\"caption\":\"Intelig\u00eancia artificial (IA): carta de Elon Musk completa 6 meses e ainda quer saber se tecnologia vai nos destruir. Foto: Divulga\u00e7\u00e3o\"},{\"@type\":\"BreadcrumbList\",\"@id\":\"https:\/\/www.suno.com.br\/noticias\/elon-musk-deixara-comando-twitter\/#breadcrumb\",\"itemListElement\":[{\"@type\":\"ListItem\",\"position\":1,\"name\":\"Not\u00edcias\",\"item\":\"https:\/\/www.suno.com.br\/noticias\/\"},{\"@type\":\"ListItem\",\"position\":2,\"name\":\"Neg\u00f3cios\",\"item\":\"https:\/\/www.suno.com.br\/noticias\/negocios\/\"},{\"@type\":\"ListItem\",\"position\":3,\"name\":\"Elon Musk afirma que deixar\u00e1 o comando do Twitter, ap\u00f3s enquete\"}]},{\"@type\":\"WebSite\",\"@id\":\"https:\/\/www.suno.com.br\/noticias\/#website\",\"url\":\"https:\/\/www.suno.com.br\/noticias\/\",\"name\":\"Suno Not\u00edcias\",\"description\":\"Seu portal de informa\u00e7\u00e3o sobre o mundo dos investimentos\",\"publisher\":{\"@id\":\"https:\/\/www.suno.com.br\/noticias\/#organization\"},\"potentialAction\":[{\"@type\":\"SearchAction\",\"target\":{\"@type\":\"EntryPoint\",\"urlTemplate\":\"https:\/\/www.suno.com.br\/noticias\/?s={search_term_string}\"},\"query-input\":{\"@type\":\"PropertyValueSpecification\",\"valueRequired\":true,\"valueName\":\"search_term_string\"}}],\"inLanguage\":\"pt-BR\"},{\"@type\":\"Organization\",\"@id\":\"https:\/\/www.suno.com.br\/noticias\/#organization\",\"name\":\"Suno Not\u00edcias\",\"url\":\"https:\/\/www.suno.com.br\/noticias\/\",\"logo\":{\"@type\":\"ImageObject\",\"inLanguage\":\"pt-BR\",\"@id\":\"https:\/\/www.suno.com.br\/noticias\/#\/schema\/logo\/image\/\",\"url\":\"https:\/\/files.sunoresearch.com.br\/n\/uploads\/2021\/09\/suno-logo.png\",\"contentUrl\":\"https:\/\/files.sunoresearch.com.br\/n\/uploads\/2021\/09\/suno-logo.png\",\"width\":180,\"height\":180,\"caption\":\"Suno Not\u00edcias\"},\"image\":{\"@id\":\"https:\/\/www.suno.com.br\/noticias\/#\/schema\/logo\/image\/\"},\"sameAs\":[\"https:\/\/facebook.com\/sunoresearch\",\"https:\/\/x.com\/sunoresearch\",\"https:\/\/www.instagram.com\/suno\",\"https:\/\/www.linkedin.com\/company\/suno-research\/\",\"https:\/\/www.youtube.com\/c\/sunoresearch\"]},{\"@type\":\"Person\",\"@id\":\"https:\/\/www.suno.com.br\/noticias\/#\/schema\/person\/87fc6973867c52dd884811905c43afba\",\"name\":\"Jo\u00e3o Vitor\",\"image\":{\"@type\":\"ImageObject\",\"inLanguage\":\"pt-BR\",\"@id\":\"https:\/\/www.suno.com.br\/noticias\/#\/schema\/person\/image\/\",\"url\":\"https:\/\/secure.gravatar.com\/avatar\/2843227ca03ccf8cc7ccca45204c127e?s=96&r=g\",\"contentUrl\":\"https:\/\/secure.gravatar.com\/avatar\/2843227ca03ccf8cc7ccca45204c127e?s=96&r=g\",\"caption\":\"Jo\u00e3o Vitor\"},\"description\":\"Redator profissional, com atua\u00e7\u00e3o no mercado editorial na produ\u00e7\u00e3o de not\u00edcias e conte\u00fados sobre o mercado de a\u00e7\u00f5es, fundos imobili\u00e1rios e economia popular. Graduando em Engenharia Qu\u00edmica pela Unesp, tamb\u00e9m j\u00e1 atuou como consultor financeiro.\",\"url\":\"https:\/\/www.suno.com.br\/noticias\/author\/joao-vitor-jacintho\/\"}]}<\/script>\n<!-- \/ Yoast SEO plugin. -->","yoast_head_json":{"title":"Elon Musk afirma que deixar\u00e1 o comando do Twitter, ap\u00f3s enquete","description":"Elon Musk afirmou que deixar\u00e1 o comando do Twitter, ap\u00f3s enquete. Entenda o que foi dito por Elon Musk e o resultado da enquete de sua sa\u00edda.","robots":{"index":"index","follow":"follow","max-snippet":"max-snippet:-1","max-image-preview":"max-image-preview:large","max-video-preview":"max-video-preview:-1"},"canonical":"https:\/\/www.suno.com.br\/noticias\/elon-musk-deixara-comando-twitter\/","og_locale":"pt_BR","og_type":"article","og_title":"Elon Musk afirma que deixar\u00e1 o comando do Twitter, ap\u00f3s enquete","og_description":"Elon Musk afirmou que deixar\u00e1 o comando do Twitter, ap\u00f3s enquete. Entenda o que foi dito por Elon Musk e o resultado da enquete de sua sa\u00edda.","og_url":"https:\/\/www.suno.com.br\/noticias\/elon-musk-deixara-comando-twitter\/","og_site_name":"Suno Not\u00edcias","article_publisher":"https:\/\/facebook.com\/sunoresearch","og_image":[{"width":1450,"height":807,"url":"https:\/\/files.sunoresearch.com.br\/n\/uploads\/2022\/11\/Elon-Musk.jpg","type":"image\/jpeg"}],"author":"Jo\u00e3o Vitor","twitter_card":"summary_large_image","twitter_creator":"@sunoresearch","twitter_site":"@sunoresearch","twitter_misc":{"Escrito por":"Jo\u00e3o Vitor","Est. tempo de leitura":"3 minutos"},"schema":{"@context":"https:\/\/schema.org","@graph":[{"@type":"NewsArticle","@id":"https:\/\/www.suno.com.br\/noticias\/elon-musk-deixara-comando-twitter\/#article","isPartOf":{"@id":"https:\/\/www.suno.com.br\/noticias\/elon-musk-deixara-comando-twitter\/"},"author":{"name":"Jo\u00e3o Vitor","@id":"https:\/\/www.suno.com.br\/noticias\/#\/schema\/person\/87fc6973867c52dd884811905c43afba"},"headline":"Elon Musk afirma que deixar\u00e1 o comando do Twitter, ap\u00f3s enquete","datePublished":"2022-12-21T11:34:40+00:00","dateModified":"2022-12-21T11:36:53+00:00","mainEntityOfPage":{"@id":"https:\/\/www.suno.com.br\/noticias\/elon-musk-deixara-comando-twitter\/"},"wordCount":579,"publisher":{"@id":"https:\/\/www.suno.com.br\/noticias\/#organization"},"image":{"@id":"https:\/\/www.suno.com.br\/noticias\/elon-musk-deixara-comando-twitter\/#primaryimage"},"thumbnailUrl":"https:\/\/files.sunoresearch.com.br\/n\/uploads\/2022\/11\/Elon-Musk.jpg","keywords":["Elon Musk","Twitter (TWTR34)"],"articleSection":["Neg\u00f3cios"],"inLanguage":"pt-BR"},{"@type":"WebPage","@id":"https:\/\/www.suno.com.br\/noticias\/elon-musk-deixara-comando-twitter\/","url":"https:\/\/www.suno.com.br\/noticias\/elon-musk-deixara-comando-twitter\/","name":"Elon Musk afirma que deixar\u00e1 o comando do Twitter, ap\u00f3s enquete","isPartOf":{"@id":"https:\/\/www.suno.com.br\/noticias\/#website"},"primaryImageOfPage":{"@id":"https:\/\/www.suno.com.br\/noticias\/elon-musk-deixara-comando-twitter\/#primaryimage"},"image":{"@id":"https:\/\/www.suno.com.br\/noticias\/elon-musk-deixara-comando-twitter\/#primaryimage"},"thumbnailUrl":"https:\/\/files.sunoresearch.com.br\/n\/uploads\/2022\/11\/Elon-Musk.jpg","datePublished":"2022-12-21T11:34:40+00:00","dateModified":"2022-12-21T11:36:53+00:00","description":"Elon Musk afirmou que deixar\u00e1 o comando do Twitter, ap\u00f3s enquete. Entenda o que foi dito por Elon Musk e o resultado da enquete de sua sa\u00edda.","breadcrumb":{"@id":"https:\/\/www.suno.com.br\/noticias\/elon-musk-deixara-comando-twitter\/#breadcrumb"},"inLanguage":"pt-BR","potentialAction":[{"@type":"ReadAction","target":["https:\/\/www.suno.com.br\/noticias\/elon-musk-deixara-comando-twitter\/"]}]},{"@type":"ImageObject","inLanguage":"pt-BR","@id":"https:\/\/www.suno.com.br\/noticias\/elon-musk-deixara-comando-twitter\/#primaryimage","url":"https:\/\/files.sunoresearch.com.br\/n\/uploads\/2022\/11\/Elon-Musk.jpg","contentUrl":"https:\/\/files.sunoresearch.com.br\/n\/uploads\/2022\/11\/Elon-Musk.jpg","width":1450,"height":807,"caption":"Intelig\u00eancia artificial (IA): carta de Elon Musk completa 6 meses e ainda quer saber se tecnologia vai nos destruir. Foto: Divulga\u00e7\u00e3o"},{"@type":"BreadcrumbList","@id":"https:\/\/www.suno.com.br\/noticias\/elon-musk-deixara-comando-twitter\/#breadcrumb","itemListElement":[{"@type":"ListItem","position":1,"name":"Not\u00edcias","item":"https:\/\/www.suno.com.br\/noticias\/"},{"@type":"ListItem","position":2,"name":"Neg\u00f3cios","item":"https:\/\/www.suno.com.br\/noticias\/negocios\/"},{"@type":"ListItem","position":3,"name":"Elon Musk afirma que deixar\u00e1 o comando do Twitter, ap\u00f3s enquete"}]},{"@type":"WebSite","@id":"https:\/\/www.suno.com.br\/noticias\/#website","url":"https:\/\/www.suno.com.br\/noticias\/","name":"Suno Not\u00edcias","description":"Seu portal de informa\u00e7\u00e3o sobre o mundo dos investimentos","publisher":{"@id":"https:\/\/www.suno.com.br\/noticias\/#organization"},"potentialAction":[{"@type":"SearchAction","target":{"@type":"EntryPoint","urlTemplate":"https:\/\/www.suno.com.br\/noticias\/?s={search_term_string}"},"query-input":{"@type":"PropertyValueSpecification","valueRequired":true,"valueName":"search_term_string"}}],"inLanguage":"pt-BR"},{"@type":"Organization","@id":"https:\/\/www.suno.com.br\/noticias\/#organization","name":"Suno Not\u00edcias","url":"https:\/\/www.suno.com.br\/noticias\/","logo":{"@type":"ImageObject","inLanguage":"pt-BR","@id":"https:\/\/www.suno.com.br\/noticias\/#\/schema\/logo\/image\/","url":"https:\/\/files.sunoresearch.com.br\/n\/uploads\/2021\/09\/suno-logo.png","contentUrl":"https:\/\/files.sunoresearch.com.br\/n\/uploads\/2021\/09\/suno-logo.png","width":180,"height":180,"caption":"Suno Not\u00edcias"},"image":{"@id":"https:\/\/www.suno.com.br\/noticias\/#\/schema\/logo\/image\/"},"sameAs":["https:\/\/facebook.com\/sunoresearch","https:\/\/x.com\/sunoresearch","https:\/\/www.instagram.com\/suno","https:\/\/www.linkedin.com\/company\/suno-research\/","https:\/\/www.youtube.com\/c\/sunoresearch"]},{"@type":"Person","@id":"https:\/\/www.suno.com.br\/noticias\/#\/schema\/person\/87fc6973867c52dd884811905c43afba","name":"Jo\u00e3o Vitor","image":{"@type":"ImageObject","inLanguage":"pt-BR","@id":"https:\/\/www.suno.com.br\/noticias\/#\/schema\/person\/image\/","url":"https:\/\/secure.gravatar.com\/avatar\/2843227ca03ccf8cc7ccca45204c127e?s=96&r=g","contentUrl":"https:\/\/secure.gravatar.com\/avatar\/2843227ca03ccf8cc7ccca45204c127e?s=96&r=g","caption":"Jo\u00e3o Vitor"},"description":"Redator profissional, com atua\u00e7\u00e3o no mercado editorial na produ\u00e7\u00e3o de not\u00edcias e conte\u00fados sobre o mercado de a\u00e7\u00f5es, fundos imobili\u00e1rios e economia popular. Graduando em Engenharia Qu\u00edmica pela Unesp, tamb\u00e9m j\u00e1 atuou como consultor financeiro.","url":"https:\/\/www.suno.com.br\/noticias\/author\/joao-vitor-jacintho\/"}]}},"default_loop_html":"<div class=\"cardsPage__listCard__boxs\"><div class=\"cardsPage__listCard__boxs__img\"><a href=\"https:\/\/www.suno.com.br\/noticias\/elon-musk-deixara-comando-twitter\/\"><img class=\"mask\" src=\"https:\/\/www.suno.com.br\/noticias\/wp-content\/themes\/suno\/resources\/images\/spotlight\/spotlight1img\/bg-mask.png\" alt=\"Image Mask\"\/><img src=\"https:\/\/files.sunoresearch.com.br\/n\/uploads\/2022\/11\/Elon-Musk-400x200.jpg\" alt=\"Elon Musk afirma que deixar\u00e1 o comando do Twitter, ap\u00f3s enquete\"\/><\/a><span class=\"spotlightCategory\"><a href=\"https:\/\/www.suno.com.br\/noticias\/negocios\/\">Neg\u00f3cios<\/a><\/span><\/div><div class=\"cardsPage__listCard__boxs__content\"><a href=\"https:\/\/www.suno.com.br\/noticias\/elon-musk-deixara-comando-twitter\/\"><h2 class=\"content__title\">Elon Musk afirma que deixar\u00e1 o comando do Twitter, ap\u00f3s enquete<\/h2><\/a><div class=\"newsContent__article__meta\"><div class=\"newsContent__article__meta__authorBox\"><a href=\"https:\/\/www.suno.com.br\/noticias\/author\/joao-vitor-jacintho\/\" class=\"authorBox__avatar noMobi\"><img src=\"https:\/\/secure.gravatar.com\/avatar\/2843227ca03ccf8cc7ccca45204c127e?s=96&#038;r=g\" alt=\"Jo\u00e3o Vitor Jacintho\"><\/a><div class=\"authorBox__name\"><span>por\n\t\t\t<a href=\"https:\/\/www.suno.com.br\/noticias\/author\/joao-vitor-jacintho\/\"><span itemprop=\"author\">Jo\u00e3o Vitor Jacintho<\/span><\/a><\/span><time datetime=\"2022-12-21T08:34:40-03:00\" itemprop=\"datePublished\">21\/12\/2022 08:34<\/time><\/div><\/div><\/div><\/div><\/div>","single_layout":"posts","amp_enabled":true,"_links":{"self":[{"href":"https:\/\/www.suno.com.br\/noticias\/wp-json\/wp\/v2\/posts\/338043"}],"collection":[{"href":"https:\/\/www.suno.com.br\/noticias\/wp-json\/wp\/v2\/posts"}],"about":[{"href":"https:\/\/www.suno.com.br\/noticias\/wp-json\/wp\/v2\/types\/post"}],"author":[{"embeddable":true,"href":"https:\/\/www.suno.com.br\/noticias\/wp-json\/wp\/v2\/users\/173"}],"replies":[{"embeddable":true,"href":"https:\/\/www.suno.com.br\/noticias\/wp-json\/wp\/v2\/comments?post=338043"}],"version-history":[{"count":2,"href":"https:\/\/www.suno.com.br\/noticias\/wp-json\/wp\/v2\/posts\/338043\/revisions"}],"predecessor-version":[{"id":338052,"href":"https:\/\/www.suno.com.br\/noticias\/wp-json\/wp\/v2\/posts\/338043\/revisions\/338052"}],"wp:featuredmedia":[{"embeddable":true,"href":"https:\/\/www.suno.com.br\/noticias\/wp-json\/wp\/v2\/media\/319531"}],"wp:attachment":[{"href":"https:\/\/www.suno.com.br\/noticias\/wp-json\/wp\/v2\/media?parent=338043"}],"wp:term":[{"taxonomy":"category","embeddable":true,"href":"https:\/\/www.suno.com.br\/noticias\/wp-json\/wp\/v2\/categories?post=338043"},{"taxonomy":"post_tag","embeddable":true,"href":"https:\/\/www.suno.com.br\/noticias\/wp-json\/wp\/v2\/tags?post=338043"},{"taxonomy":"suno_strategy","embeddable":true,"href":"https:\/\/www.suno.com.br\/noticias\/wp-json\/wp\/v2\/suno_strategy?post=338043"}],"curies":[{"name":"wp","href":"https:\/\/api.w.org\/{rel}","templated":true}]}}