{"id":337544,"date":"2022-12-20T14:14:42","date_gmt":"2022-12-20T17:14:42","guid":{"rendered":"https:\/\/www.suno.com.br\/noticias\/?p=337544"},"modified":"2022-12-20T16:24:33","modified_gmt":"2022-12-20T19:24:33","slug":"pec-transicao-desidratada-um-ano","status":"publish","type":"post","link":"https:\/\/www.suno.com.br\/noticias\/pec-transicao-desidratada-um-ano\/","title":{"rendered":"PEC da Transi\u00e7\u00e3o \u00e9 desidratada para 1 ano ap\u00f3s acordo; texto deve ser aprovado nesta ter\u00e7a (20) na C\u00e2mara"},"content":{"rendered":"<p>O <a href=\"https:\/\/www.suno.com.br\/noticias\/ibovespa-hoje-via-viia3-20122022\/\" target=\"_blank\" rel=\"noreferrer noopener\">Ibovespa opera o dia em alta<\/a>, com a expectativa de que ocorra a aprova\u00e7\u00e3o do <strong>PEC da Transi\u00e7\u00e3o<\/strong> ainda nesta ter\u00e7a-feira (19). Ap\u00f3s reuni\u00e3o do futuro ministro da Fazenda, Fernando Haddad, com deputados na resid\u00eancia oficial do presidente da C\u00e2mara, Arthur Lira (PP-AL), a proposta foi desidratada e dever\u00e1 ter dura\u00e7\u00e3o de um ano, em vez dos dois anos previstos no texto aprovado no Senado.<\/p>\t<div class=\"wrapper-featured-image\">\n\t\t<figure class=\"spotlightImg\">\n\n\t\t\t<picture>\n\t\t\t\t<source media=\"(max-width: 768px)\" srcset=\"https:\/\/files.sunoresearch.com.br\/n\/uploads\/2022\/12\/congresso-nacional-400x200.jpg\">\n\t\t\t\t<img loading=\"lazy\" decoding=\"async\" class=\"newsContent__article__imgCapa lazyloadDisabled \" src=\"https:\/\/files.sunoresearch.com.br\/n\/uploads\/2022\/12\/congresso-nacional-800x450.jpg\" width=\"800\" height=\"450\" alt=\"PEC da Transi\u00e7\u00e3o \u00e9 desidratada para 1 ano ap\u00f3s acordo; texto deve ser aprovado nesta ter\u00e7a (20) na C\u00e2mara\" fetchpriority=high \/>\n\t\t\t<\/picture>\n\n\t\t\t<figcaption class=\"wp-caption-text wp-caption-text--show\">PEC de Transi\u00e7\u00e3o pode ser votada hoje. Foto: Marcelo Camargo\/Ag\u00eancia Brasil<\/figcaption>\n\t\t<\/figure>\n\t<\/div>\n\n\n\n\n\n\t<p>\n\t\t<a href=\"\" target=\"_blank\" data-element=\"shortcode-suno-banner\" title=\"Banner SUNO, clique e saiba mais\">\n\t\t\t<picture>\n\t\t\t\t<source media=\"(max-width: 500px)\" srcset=\"\">\n\t\t\t\t<img class=\"newsContent__article__imgCapa newsContent__article__imgCapa--banner\"\n\t\t\t\t\tsrc=\"\"\n\t\t\t\t\tdata-promo-id=\"89005\"\t\t\t\t\t\t\t\t\t\t\t\t\t\t\talt=\"\"\n\t\t\t\t>\n\t\t\t<\/picture>\n\t\t<\/a>\n\t<\/p>\n\n\n\n\n\n<p>Segundo informa\u00e7\u00f5es do<em> Valor Econ\u00f4mico<\/em>, Haddad falou rapidamente \u00e0 imprensa ao chegar no centro de transi\u00e7\u00e3o. Questionado se o prazo de validade havia sido reduzido, Haddad afirmou que \u201cn\u00e3o \u00e9 hora [de comentar]\u201d.<\/p>\n\n\n\n<p>Embora investidores estejam animados com valores e prazos menores para a PEC, no Congresso Arthur Lira e parlamentares articulam mudan\u00e7as que permitam que recursos do chamado or\u00e7amento secreto sejam destinados \u00e0 emendas de comiss\u00e3o.<\/p>\n\n\n\t<div data-element=\"shortcode-read-more\" class=\"knowMore\">\n\t\t\t\t<span class=\"knowMore__title\">Leia mais<\/span>\n\t\t\t\t<a class=\"knowMore__link\" href=\"https:\/\/www.suno.com.br\/noticias\/stf-maioria-derrubar-orcamento-secreto\/\">\n\t\t\tSTF derruba or\u00e7amento secreto e enfraquece posi\u00e7\u00e3o de Lira na C\u00e2mara\t\t<\/a>\n\t<\/div>\n\n\n\n\n<h2 class=\"wp-block-heading\">Os bastidores da PEC: or\u00e7amento secreto pode ser redistribu\u00eddo <\/h2>\n\n\n\n<p>Na noite de ontem, o futuro ministro da Fazenda, Fernando Haddad, afirmou que os recursos das emendas de relator permanecer\u00e3o no Or\u00e7amento e ser\u00e3o destinados aos pr\u00f3prios parlamentares. A declara\u00e7\u00e3o foi feita ap\u00f3s Haddad se reunir com Lira para <strong>discutir a PEC da Transi\u00e7\u00e3o<\/strong>.<\/p>\n\n\n\n<p>&#8220;Amanh\u00e3 vamos falar com os l\u00edderes, explicar os conceitos que est\u00e3o por tr\u00e1s da PEC da Transi\u00e7\u00e3o e o que vamos fazer com a RP9. O recurso vai ficar no or\u00e7amento e vamos definir a destina\u00e7\u00e3o desse recurso para melhorar as obras de infraestrutura, concluir as obras que est\u00e3o paradas, definir a destina\u00e7\u00e3o desses recursos&#8221;, disse.<\/p>\n\n\n\n<p>Foi o que disse ontem orelator do Or\u00e7amento da Uni\u00e3o de 2023, senador Marcelo Castro (MDB-PI). Ele afirmou que os recursos previstos na emenda de relator ser\u00e3o redistribu\u00eddos para o atendimento de emendas de bancada e emendas de comiss\u00e3o. O relat\u00f3rio de Castro prev\u00ea a destina\u00e7\u00e3o de R$ 19,4 bilh\u00f5es para o or\u00e7amento secreto.<\/p>\n\n\n\t<p>\n\t\t<a href=\"https:\/\/lp.suno.com.br\/planilha-controle-gastos\/\" target=\"_blank\" data-element=\"shortcode-suno-banner\" title=\"Banner SUNO, clique e saiba mais\">\n\t\t\t<picture>\n\t\t\t\t<source media=\"(max-width: 500px)\" srcset=\"https:\/\/files.sunoresearch.com.br\/n\/uploads\/2023\/03\/400x300-Planilha-controle-de-gastos.png\">\n\t\t\t\t<img class=\"newsContent__article__imgCapa newsContent__article__imgCapa--banner\"\n\t\t\t\t\tsrc=\"https:\/\/files.sunoresearch.com.br\/n\/uploads\/2023\/03\/1420x240-Planilha-controle-de-gastos.png\"\n\t\t\t\t\tdata-promo-id=\"101751\"\t\t\t\t\t\t\t\t\t\twidth='1420' height='240'\t\t\t\t\talt=\"https:\/\/files.sunoresearch.com.br\/n\/uploads\/2023\/03\/1420x240-Planilha-controle-de-gastos.png\"\n\t\t\t\t>\n\t\t\t<\/picture>\n\t\t<\/a>\n\t<\/p>\n\n\n\n\n\n<h2 class=\"wp-block-heading\">Para onde podem ir os recursos do or\u00e7amento secreto?<\/h2>\n\n\n\n<p>A mudan\u00e7a na destina\u00e7\u00e3o dos recursos foi definida ap\u00f3s decis\u00e3o do Supremo Tribunal Federal (STF), que <a href=\"https:\/\/www.suno.com.br\/noticias\/stf-maioria-derrubar-orcamento-secreto\/\" target=\"_blank\" rel=\"noreferrer noopener\">derrubou o modelo atual de distribui\u00e7\u00e3o das emendas de relator<\/a>. Por 6 votos a 5, a corte finalizou ontem (19) o julgamento de que as emendas de relator \u2014 ou or\u00e7amento secreto \u2014 s\u00e3o ilegais e n\u00e3o est\u00e3o previstas na Constitui\u00e7\u00e3o.<\/p>\n\n\n\n<p>\u201cEu n\u00e3o posso, por iniciativa pr\u00f3pria, colocar [os recursos] onde eu quiser. Eu s\u00f3 posso alocar esse recurso onde houver emenda. Onde houver solicita\u00e7\u00e3o. Ent\u00e3o, o que remanesce hoje s\u00e3o emendas de bancadas e emendas de comiss\u00e3o&#8221;, afirmou Castro. <\/p>\n\n\n\n<p>Segundo ele, as emendas de comiss\u00e3o s\u00e3o de car\u00e1ter geral, nacional, e ser\u00e1 dado prefer\u00eancia ao atendimento \u00e0s emendas de comiss\u00e3o. <\/p>\n\n\n\n<blockquote class=\"wp-block-quote is-layout-flow wp-block-quote-is-layout-flow\">\n<p>N\u00f3s vamos pegar esses R$ 19,4 bi e distribuir pelas emendas de comiss\u00e3o do Congresso Nacional, tanto da C\u00e2mara&nbsp;quanto do Senado.<\/p>\n<\/blockquote>\n\n\n\t<p>\n\t\t<a href=\"https:\/\/lp.suno.com.br\/planilha-da-vida-financeira\/\" target=\"_blank\" data-element=\"shortcode-suno-banner\" title=\"Banner SUNO, clique e saiba mais\">\n\t\t\t<picture>\n\t\t\t\t<source media=\"(max-width: 500px)\" srcset=\"https:\/\/files.sunoresearch.com.br\/n\/uploads\/2023\/04\/400x300-Planilha-vida-financeira-true.png\">\n\t\t\t\t<img class=\"newsContent__article__imgCapa newsContent__article__imgCapa--banner\"\n\t\t\t\t\tsrc=\"https:\/\/files.sunoresearch.com.br\/n\/uploads\/2023\/04\/1420x240-Planilha-vida-financeira-true.png\"\n\t\t\t\t\tdata-promo-id=\"106682\"\t\t\t\t\t\t\t\t\t\twidth='1420' height='240'\t\t\t\t\talt=\"https:\/\/files.sunoresearch.com.br\/n\/uploads\/2023\/04\/1420x240-Planilha-vida-financeira-true.png\"\n\t\t\t\t>\n\t\t\t<\/picture>\n\t\t<\/a>\n\t<\/p>\n\n\n\n\n\n<h2 class=\"wp-block-heading\" id=\"h-mercado-tem-expectativa-de-uma-pec-desidratada\">Mercado tem expectativa de uma PEC &#8216;desidratada&#8217;<\/h2>\n\n\n\n<p>Hoje, diz Rodrigo Ashikawa, economista da Principal Claritas, \u00e9 um dia decisivo, com expectativa de vota\u00e7\u00e3o da PEC. &#8220;O mercado est\u00e1 querendo comprar a ideia de uma <strong>PEC da Transi\u00e7\u00e3o desidratada<\/strong>. Deve ficar o dia todo lendo especula\u00e7\u00f5es neste sentido&#8221;, afirma.<\/p>\n\n\n\n<p>De todo modo, Ashikawa pondera que, mesmo que isso aconte\u00e7a, de redu\u00e7\u00e3o no valor e do prazo, o cen\u00e1rio fiscal do Brasil continuar\u00e1 preocupante. &#8220;Ainda tende a seguir deteriorado. Temos de entender como tudo isso se dar\u00e1, como ficar\u00e1 essa quest\u00e3o&#8221;, diz.<\/p>\n\n\n\n<p>Al\u00e9m disso, conforme aponta Rodrigo Cohen, analista CNPI e co-fundador da Escola de Investimentos, hoje a bolsa est\u00e1 subindo porque Haddad est\u00e1 articulando com Lira de  forma mais racional e com maior bom senso.<\/p>\n\n\n\n<blockquote class=\"wp-block-quote is-layout-flow wp-block-quote-is-layout-flow\">\n<p>Isso faz com que as bolsas se animem. Sabemos que a PEC da Transi\u00e7\u00e3o caiu de quatro anos para um e agora, possivelmente, ser\u00e1 aprovada de forma desidratada.<\/p>\n<\/blockquote>\n\n\n\n<p>Cohen tamb\u00e9m destaca a rea\u00e7\u00e3o em cadeia: &#8220;mercado se anima e talvez os juros no ano que vem n\u00e3o subam muito. Isso facilita cr\u00e9dito, d\u00e1 for\u00e7a para empresas subirem, como as varejistas, avia\u00e7\u00e3o, tecnologia e, principalmente, construtoras.&#8221;<\/p>\n\n\n\t<p>\n\t\t<a href=\"https:\/\/lp.suno.com.br\/ebook-como-analisar-uma-acao\/\" target=\"_blank\" data-element=\"shortcode-suno-banner\" title=\"Banner SUNO, clique e saiba mais\">\n\t\t\t<picture>\n\t\t\t\t<source media=\"(max-width: 500px)\" srcset=\"https:\/\/files.sunoresearch.com.br\/n\/uploads\/2023\/03\/Ebook-Acoes-Mobile-1.jpg\">\n\t\t\t\t<img class=\"newsContent__article__imgCapa newsContent__article__imgCapa--banner\"\n\t\t\t\t\tsrc=\"https:\/\/files.sunoresearch.com.br\/n\/uploads\/2023\/03\/Ebook-Acoes-Desktop-1.jpg\"\n\t\t\t\t\tdata-promo-id=\"171998\"\t\t\t\t\t\t\t\t\t\twidth='1420' height='286'\t\t\t\t\talt=\"https:\/\/files.sunoresearch.com.br\/n\/uploads\/2023\/03\/Ebook-Acoes-Desktop-1.jpg\"\n\t\t\t\t>\n\t\t\t<\/picture>\n\t\t<\/a>\n\t<\/p>\n\n\n\n\n\n<h2 class=\"wp-block-heading\">PEC da Transi\u00e7\u00e3o na mira do Congresso e do novo governo<\/h2>\n\n\n\n<p>Nesta ter\u00e7a-feira, Haddad se reuniu com deputados na resid\u00eancia oficial da C\u00e2mara a fim de negociar <strong>pontos da PEC da Transi\u00e7\u00e3o<\/strong>. Segundo informa\u00e7\u00f5es do <em>Broadcast Estad\u00e3o<\/em>, mais de 25 deputados participam do encontro \u2014 que tamb\u00e9m conta com a presen\u00e7a do presidente da Casa, Arthur Lira.<\/p>\n\n\n\n<p>Mesmo com a <a href=\"https:\/\/www.suno.com.br\/noticias\/auxilio-brasil-fora-teto-gastos-stf\/\" target=\"_blank\" rel=\"noreferrer noopener\">decis\u00e3o do ministro Gilmar Mendes, do Supremo Tribunal Federal (STF)<\/a>, que abre caminho para que Lula financie o Aux\u00edlio Brasil de R$ 600 com a abertura de cr\u00e9dito extraordin\u00e1rio por meio de medida provis\u00f3ria, o &#8220;plano A&#8221; do governo eleito para ampliar o Or\u00e7amento de 2023 continua a ser a <strong>aprova\u00e7\u00e3o da PEC da Transi\u00e7\u00e3o<\/strong>.<\/p>\n\n\n\n<p>Ap\u00f3s reuni\u00e3o com Lira, o futuro ministro confirmou que o <strong>prazo da PEC da Transi\u00e7\u00e3o<\/strong> deve cair para um ano. Ao chegar ao Centro Cultural do Banco do Brasil (CCBB), onde funciona o gabinete de transi\u00e7\u00e3o, Haddad n\u00e3o respondeu \u00e0s perguntas dos jornalistas, mas confirmou que o prazo da PEC cair\u00e1 pela metade.<\/p>\n\n\n\n<blockquote class=\"wp-block-quote is-layout-flow wp-block-quote-is-layout-flow\">\n<p>Um ano, afirmou Haddad, ao entrar no pr\u00e9dio.<\/p>\n<\/blockquote>\n\n\n\n<p>O PT buscava formas de evitar a desidrata\u00e7\u00e3o da proposta, mas j\u00e1 era dado como certa a aprova\u00e7\u00e3o de uma emenda supressiva para reduzir de dois para um ano a amplia\u00e7\u00e3o do teto de gastos em R$ 145 bilh\u00f5es.<\/p>\n\n\n\n<p>A proposta est\u00e1 na pauta da Casa, os debates j\u00e1 tiveram in\u00edcio no plen\u00e1rio, e a vota\u00e7\u00e3o em dois turnos \u00e9 dada como certa ainda hoje. Para ser aprovada, a <strong>PEC da Transi\u00e7\u00e3o <\/strong>precisa do aval de pelo menos 308 deputados.<\/p>\n\n\n\n<p><em>Com informa\u00e7\u00f5es da Ag\u00eancia Brasil e Estad\u00e3o Conte\u00fado<\/em><\/p>\n\n\n\t<p>\n\t\t<a href=\"https:\/\/lp.suno.com.br\/planilha-de-controle-de-investimentos\/\" target=\"_blank\" data-element=\"shortcode-suno-banner\" title=\"Banner SUNO, clique e saiba mais\">\n\t\t\t<picture>\n\t\t\t\t<source media=\"(max-width: 500px)\" srcset=\"https:\/\/files.sunoresearch.com.br\/n\/uploads\/2023\/03\/400x300-Controle-de-Investimentos.png\">\n\t\t\t\t<img class=\"newsContent__article__imgCapa newsContent__article__imgCapa--banner\"\n\t\t\t\t\tsrc=\"https:\/\/files.sunoresearch.com.br\/n\/uploads\/2023\/03\/1420x240-Controle-de-Investimentos.png\"\n\t\t\t\t\tdata-promo-id=\"75934\"\t\t\t\t\t\t\t\t\t\twidth='1420' height='240'\t\t\t\t\talt=\"https:\/\/files.sunoresearch.com.br\/n\/uploads\/2023\/03\/1420x240-Controle-de-Investimentos.png\"\n\t\t\t\t>\n\t\t\t<\/picture>\n\t\t<\/a>\n\t<\/p>\n\n\n","protected":false},"excerpt":{"rendered":"<p>O Ibovespa opera o dia em alta, com a expectativa de que ocorra a aprova\u00e7\u00e3o do PEC da Transi\u00e7\u00e3o ainda nesta ter\u00e7a-feira (19). Ap\u00f3s reuni\u00e3o do futuro ministro da Fazenda, Fernando Haddad, com deputados na resid\u00eancia oficial do presidente da C\u00e2mara, Arthur Lira (PP-AL), a proposta foi desidratada e dever\u00e1 ter dura\u00e7\u00e3o de um ano, [&hellip;]<\/p>\n","protected":false},"author":233,"featured_media":333242,"comment_status":"closed","ping_status":"closed","sticky":false,"template":"","format":"standard","meta":[],"categories":[61],"tags":[105816,1128,83329],"suno_strategy":[],"class_list":["post-337544","post","type-post","status-publish","format-standard","has-post-thumbnail","hentry","category-politica","tag-especialistas","tag-orcamento-publico","tag-teto-de-gastos"],"yoast_head":"<!-- This site is optimized with the Yoast SEO plugin v24.4 - https:\/\/yoast.com\/wordpress\/plugins\/seo\/ -->\n<title>Mercado est\u00e1 animado com a PEC da Transi\u00e7\u00e3o, mas Congresso articula<\/title>\n<meta name=\"description\" content=\"O Ibovespa iniciou o dia em alta, com a expectativa da aprova\u00e7\u00e3o da PEC da Transi\u00e7\u00e3o ainda hoje (19). Por\u00e9m o Congresso est\u00e1 articulando\" \/>\n<meta name=\"robots\" content=\"index, follow, max-snippet:-1, max-image-preview:large, max-video-preview:-1\" \/>\n<link rel=\"canonical\" href=\"https:\/\/www.suno.com.br\/noticias\/pec-transicao-desidratada-um-ano\/\" \/>\n<meta property=\"og:locale\" content=\"pt_BR\" \/>\n<meta property=\"og:type\" content=\"article\" \/>\n<meta property=\"og:title\" content=\"Mercado est\u00e1 animado com a PEC da Transi\u00e7\u00e3o, mas Congresso articula\" \/>\n<meta property=\"og:description\" content=\"O Ibovespa iniciou o dia em alta, com a expectativa da aprova\u00e7\u00e3o da PEC da Transi\u00e7\u00e3o ainda hoje (19). Por\u00e9m o Congresso est\u00e1 articulando\" \/>\n<meta property=\"og:url\" content=\"https:\/\/www.suno.com.br\/noticias\/pec-transicao-desidratada-um-ano\/\" \/>\n<meta property=\"og:site_name\" content=\"Suno Not\u00edcias\" \/>\n<meta property=\"article:publisher\" content=\"https:\/\/facebook.com\/sunoresearch\" \/>\n<meta property=\"og:image\" content=\"https:\/\/files.sunoresearch.com.br\/n\/uploads\/2022\/12\/congresso-nacional.jpg\" \/>\n\t<meta property=\"og:image:width\" content=\"1200\" \/>\n\t<meta property=\"og:image:height\" content=\"800\" \/>\n\t<meta property=\"og:image:type\" content=\"image\/jpeg\" \/>\n<meta name=\"author\" content=\"Janize Cola\u00e7o\" \/>\n<meta name=\"twitter:card\" content=\"summary_large_image\" \/>\n<meta name=\"twitter:creator\" content=\"@sunoresearch\" \/>\n<meta name=\"twitter:site\" content=\"@sunoresearch\" \/>\n<meta name=\"twitter:label1\" content=\"Escrito por\" \/>\n\t<meta name=\"twitter:data1\" content=\"Janize Cola\u00e7o\" \/>\n\t<meta name=\"twitter:label2\" content=\"Est. tempo de leitura\" \/>\n\t<meta name=\"twitter:data2\" content=\"5 minutos\" \/>\n<script type=\"application\/ld+json\" class=\"yoast-schema-graph\">{\"@context\":\"https:\/\/schema.org\",\"@graph\":[{\"@type\":\"NewsArticle\",\"@id\":\"https:\/\/www.suno.com.br\/noticias\/pec-transicao-desidratada-um-ano\/#article\",\"isPartOf\":{\"@id\":\"https:\/\/www.suno.com.br\/noticias\/pec-transicao-desidratada-um-ano\/\"},\"author\":{\"name\":\"Janize Cola\u00e7o\",\"@id\":\"https:\/\/www.suno.com.br\/noticias\/#\/schema\/person\/d689f06da5678e1f0b1ee402f001d676\"},\"headline\":\"PEC da Transi\u00e7\u00e3o \u00e9 desidratada para 1 ano ap\u00f3s acordo; texto deve ser aprovado nesta ter\u00e7a (20) na C\u00e2mara\",\"datePublished\":\"2022-12-20T17:14:42+00:00\",\"dateModified\":\"2022-12-20T19:24:33+00:00\",\"mainEntityOfPage\":{\"@id\":\"https:\/\/www.suno.com.br\/noticias\/pec-transicao-desidratada-um-ano\/\"},\"wordCount\":1029,\"publisher\":{\"@id\":\"https:\/\/www.suno.com.br\/noticias\/#organization\"},\"image\":{\"@id\":\"https:\/\/www.suno.com.br\/noticias\/pec-transicao-desidratada-um-ano\/#primaryimage\"},\"thumbnailUrl\":\"https:\/\/files.sunoresearch.com.br\/n\/uploads\/2022\/12\/congresso-nacional.jpg\",\"keywords\":[\"Especialistas\",\"Or\u00e7amento P\u00fablico\",\"teto de gastos\"],\"articleSection\":[\"Pol\u00edtica\"],\"inLanguage\":\"pt-BR\"},{\"@type\":\"WebPage\",\"@id\":\"https:\/\/www.suno.com.br\/noticias\/pec-transicao-desidratada-um-ano\/\",\"url\":\"https:\/\/www.suno.com.br\/noticias\/pec-transicao-desidratada-um-ano\/\",\"name\":\"Mercado est\u00e1 animado com a PEC da Transi\u00e7\u00e3o, mas Congresso articula\",\"isPartOf\":{\"@id\":\"https:\/\/www.suno.com.br\/noticias\/#website\"},\"primaryImageOfPage\":{\"@id\":\"https:\/\/www.suno.com.br\/noticias\/pec-transicao-desidratada-um-ano\/#primaryimage\"},\"image\":{\"@id\":\"https:\/\/www.suno.com.br\/noticias\/pec-transicao-desidratada-um-ano\/#primaryimage\"},\"thumbnailUrl\":\"https:\/\/files.sunoresearch.com.br\/n\/uploads\/2022\/12\/congresso-nacional.jpg\",\"datePublished\":\"2022-12-20T17:14:42+00:00\",\"dateModified\":\"2022-12-20T19:24:33+00:00\",\"description\":\"O Ibovespa iniciou o dia em alta, com a expectativa da aprova\u00e7\u00e3o da PEC da Transi\u00e7\u00e3o ainda hoje (19). Por\u00e9m o Congresso est\u00e1 articulando\",\"breadcrumb\":{\"@id\":\"https:\/\/www.suno.com.br\/noticias\/pec-transicao-desidratada-um-ano\/#breadcrumb\"},\"inLanguage\":\"pt-BR\",\"potentialAction\":[{\"@type\":\"ReadAction\",\"target\":[\"https:\/\/www.suno.com.br\/noticias\/pec-transicao-desidratada-um-ano\/\"]}]},{\"@type\":\"ImageObject\",\"inLanguage\":\"pt-BR\",\"@id\":\"https:\/\/www.suno.com.br\/noticias\/pec-transicao-desidratada-um-ano\/#primaryimage\",\"url\":\"https:\/\/files.sunoresearch.com.br\/n\/uploads\/2022\/12\/congresso-nacional.jpg\",\"contentUrl\":\"https:\/\/files.sunoresearch.com.br\/n\/uploads\/2022\/12\/congresso-nacional.jpg\",\"width\":1200,\"height\":800,\"caption\":\"PEC de Transi\u00e7\u00e3o pode ser votada hoje. Foto: Marcelo Camargo\/Ag\u00eancia Brasil\"},{\"@type\":\"BreadcrumbList\",\"@id\":\"https:\/\/www.suno.com.br\/noticias\/pec-transicao-desidratada-um-ano\/#breadcrumb\",\"itemListElement\":[{\"@type\":\"ListItem\",\"position\":1,\"name\":\"Not\u00edcias\",\"item\":\"https:\/\/www.suno.com.br\/noticias\/\"},{\"@type\":\"ListItem\",\"position\":2,\"name\":\"Pol\u00edtica\",\"item\":\"https:\/\/www.suno.com.br\/noticias\/politica\/\"},{\"@type\":\"ListItem\",\"position\":3,\"name\":\"PEC da Transi\u00e7\u00e3o \u00e9 desidratada para 1 ano ap\u00f3s acordo; texto deve ser aprovado nesta ter\u00e7a (20) na C\u00e2mara\"}]},{\"@type\":\"WebSite\",\"@id\":\"https:\/\/www.suno.com.br\/noticias\/#website\",\"url\":\"https:\/\/www.suno.com.br\/noticias\/\",\"name\":\"Suno Not\u00edcias\",\"description\":\"Seu portal de informa\u00e7\u00e3o sobre o mundo dos investimentos\",\"publisher\":{\"@id\":\"https:\/\/www.suno.com.br\/noticias\/#organization\"},\"potentialAction\":[{\"@type\":\"SearchAction\",\"target\":{\"@type\":\"EntryPoint\",\"urlTemplate\":\"https:\/\/www.suno.com.br\/noticias\/?s={search_term_string}\"},\"query-input\":{\"@type\":\"PropertyValueSpecification\",\"valueRequired\":true,\"valueName\":\"search_term_string\"}}],\"inLanguage\":\"pt-BR\"},{\"@type\":\"Organization\",\"@id\":\"https:\/\/www.suno.com.br\/noticias\/#organization\",\"name\":\"Suno Not\u00edcias\",\"url\":\"https:\/\/www.suno.com.br\/noticias\/\",\"logo\":{\"@type\":\"ImageObject\",\"inLanguage\":\"pt-BR\",\"@id\":\"https:\/\/www.suno.com.br\/noticias\/#\/schema\/logo\/image\/\",\"url\":\"https:\/\/files.sunoresearch.com.br\/n\/uploads\/2021\/09\/suno-logo.png\",\"contentUrl\":\"https:\/\/files.sunoresearch.com.br\/n\/uploads\/2021\/09\/suno-logo.png\",\"width\":180,\"height\":180,\"caption\":\"Suno Not\u00edcias\"},\"image\":{\"@id\":\"https:\/\/www.suno.com.br\/noticias\/#\/schema\/logo\/image\/\"},\"sameAs\":[\"https:\/\/facebook.com\/sunoresearch\",\"https:\/\/x.com\/sunoresearch\",\"https:\/\/www.instagram.com\/suno\",\"https:\/\/www.linkedin.com\/company\/suno-research\/\",\"https:\/\/www.youtube.com\/c\/sunoresearch\"]},{\"@type\":\"Person\",\"@id\":\"https:\/\/www.suno.com.br\/noticias\/#\/schema\/person\/d689f06da5678e1f0b1ee402f001d676\",\"name\":\"Janize Cola\u00e7o\",\"image\":{\"@type\":\"ImageObject\",\"inLanguage\":\"pt-BR\",\"@id\":\"https:\/\/www.suno.com.br\/noticias\/#\/schema\/person\/image\/\",\"url\":\"https:\/\/secure.gravatar.com\/avatar\/32b3bf89abae63ca2cf961bc051522d0?s=96&r=g\",\"contentUrl\":\"https:\/\/secure.gravatar.com\/avatar\/32b3bf89abae63ca2cf961bc051522d0?s=96&r=g\",\"caption\":\"Janize Cola\u00e7o\"},\"description\":\"Jornalista formada pela PUC-SP com passagens pela Record TV, Globo Cond\u00e9 Nast, Revista Panrotas e Editora Via. Hoje, \u00e9 rep\u00f3rter no Suno Not\u00edcias, cobrindo pautas sobre mercado, pol\u00edtica, economia e bolsa de valores.\",\"url\":\"https:\/\/www.suno.com.br\/noticias\/author\/janize-colaco\/\"}]}<\/script>\n<!-- \/ Yoast SEO plugin. -->","yoast_head_json":{"title":"Mercado est\u00e1 animado com a PEC da Transi\u00e7\u00e3o, mas Congresso articula","description":"O Ibovespa iniciou o dia em alta, com a expectativa da aprova\u00e7\u00e3o da PEC da Transi\u00e7\u00e3o ainda hoje (19). Por\u00e9m o Congresso est\u00e1 articulando","robots":{"index":"index","follow":"follow","max-snippet":"max-snippet:-1","max-image-preview":"max-image-preview:large","max-video-preview":"max-video-preview:-1"},"canonical":"https:\/\/www.suno.com.br\/noticias\/pec-transicao-desidratada-um-ano\/","og_locale":"pt_BR","og_type":"article","og_title":"Mercado est\u00e1 animado com a PEC da Transi\u00e7\u00e3o, mas Congresso articula","og_description":"O Ibovespa iniciou o dia em alta, com a expectativa da aprova\u00e7\u00e3o da PEC da Transi\u00e7\u00e3o ainda hoje (19). Por\u00e9m o Congresso est\u00e1 articulando","og_url":"https:\/\/www.suno.com.br\/noticias\/pec-transicao-desidratada-um-ano\/","og_site_name":"Suno Not\u00edcias","article_publisher":"https:\/\/facebook.com\/sunoresearch","og_image":[{"width":1200,"height":800,"url":"https:\/\/files.sunoresearch.com.br\/n\/uploads\/2022\/12\/congresso-nacional.jpg","type":"image\/jpeg"}],"author":"Janize Cola\u00e7o","twitter_card":"summary_large_image","twitter_creator":"@sunoresearch","twitter_site":"@sunoresearch","twitter_misc":{"Escrito por":"Janize Cola\u00e7o","Est. tempo de leitura":"5 minutos"},"schema":{"@context":"https:\/\/schema.org","@graph":[{"@type":"NewsArticle","@id":"https:\/\/www.suno.com.br\/noticias\/pec-transicao-desidratada-um-ano\/#article","isPartOf":{"@id":"https:\/\/www.suno.com.br\/noticias\/pec-transicao-desidratada-um-ano\/"},"author":{"name":"Janize Cola\u00e7o","@id":"https:\/\/www.suno.com.br\/noticias\/#\/schema\/person\/d689f06da5678e1f0b1ee402f001d676"},"headline":"PEC da Transi\u00e7\u00e3o \u00e9 desidratada para 1 ano ap\u00f3s acordo; texto deve ser aprovado nesta ter\u00e7a (20) na C\u00e2mara","datePublished":"2022-12-20T17:14:42+00:00","dateModified":"2022-12-20T19:24:33+00:00","mainEntityOfPage":{"@id":"https:\/\/www.suno.com.br\/noticias\/pec-transicao-desidratada-um-ano\/"},"wordCount":1029,"publisher":{"@id":"https:\/\/www.suno.com.br\/noticias\/#organization"},"image":{"@id":"https:\/\/www.suno.com.br\/noticias\/pec-transicao-desidratada-um-ano\/#primaryimage"},"thumbnailUrl":"https:\/\/files.sunoresearch.com.br\/n\/uploads\/2022\/12\/congresso-nacional.jpg","keywords":["Especialistas","Or\u00e7amento P\u00fablico","teto de gastos"],"articleSection":["Pol\u00edtica"],"inLanguage":"pt-BR"},{"@type":"WebPage","@id":"https:\/\/www.suno.com.br\/noticias\/pec-transicao-desidratada-um-ano\/","url":"https:\/\/www.suno.com.br\/noticias\/pec-transicao-desidratada-um-ano\/","name":"Mercado est\u00e1 animado com a PEC da Transi\u00e7\u00e3o, mas Congresso articula","isPartOf":{"@id":"https:\/\/www.suno.com.br\/noticias\/#website"},"primaryImageOfPage":{"@id":"https:\/\/www.suno.com.br\/noticias\/pec-transicao-desidratada-um-ano\/#primaryimage"},"image":{"@id":"https:\/\/www.suno.com.br\/noticias\/pec-transicao-desidratada-um-ano\/#primaryimage"},"thumbnailUrl":"https:\/\/files.sunoresearch.com.br\/n\/uploads\/2022\/12\/congresso-nacional.jpg","datePublished":"2022-12-20T17:14:42+00:00","dateModified":"2022-12-20T19:24:33+00:00","description":"O Ibovespa iniciou o dia em alta, com a expectativa da aprova\u00e7\u00e3o da PEC da Transi\u00e7\u00e3o ainda hoje (19). Por\u00e9m o Congresso est\u00e1 articulando","breadcrumb":{"@id":"https:\/\/www.suno.com.br\/noticias\/pec-transicao-desidratada-um-ano\/#breadcrumb"},"inLanguage":"pt-BR","potentialAction":[{"@type":"ReadAction","target":["https:\/\/www.suno.com.br\/noticias\/pec-transicao-desidratada-um-ano\/"]}]},{"@type":"ImageObject","inLanguage":"pt-BR","@id":"https:\/\/www.suno.com.br\/noticias\/pec-transicao-desidratada-um-ano\/#primaryimage","url":"https:\/\/files.sunoresearch.com.br\/n\/uploads\/2022\/12\/congresso-nacional.jpg","contentUrl":"https:\/\/files.sunoresearch.com.br\/n\/uploads\/2022\/12\/congresso-nacional.jpg","width":1200,"height":800,"caption":"PEC de Transi\u00e7\u00e3o pode ser votada hoje. Foto: Marcelo Camargo\/Ag\u00eancia Brasil"},{"@type":"BreadcrumbList","@id":"https:\/\/www.suno.com.br\/noticias\/pec-transicao-desidratada-um-ano\/#breadcrumb","itemListElement":[{"@type":"ListItem","position":1,"name":"Not\u00edcias","item":"https:\/\/www.suno.com.br\/noticias\/"},{"@type":"ListItem","position":2,"name":"Pol\u00edtica","item":"https:\/\/www.suno.com.br\/noticias\/politica\/"},{"@type":"ListItem","position":3,"name":"PEC da Transi\u00e7\u00e3o \u00e9 desidratada para 1 ano ap\u00f3s acordo; texto deve ser aprovado nesta ter\u00e7a (20) na C\u00e2mara"}]},{"@type":"WebSite","@id":"https:\/\/www.suno.com.br\/noticias\/#website","url":"https:\/\/www.suno.com.br\/noticias\/","name":"Suno Not\u00edcias","description":"Seu portal de informa\u00e7\u00e3o sobre o mundo dos investimentos","publisher":{"@id":"https:\/\/www.suno.com.br\/noticias\/#organization"},"potentialAction":[{"@type":"SearchAction","target":{"@type":"EntryPoint","urlTemplate":"https:\/\/www.suno.com.br\/noticias\/?s={search_term_string}"},"query-input":{"@type":"PropertyValueSpecification","valueRequired":true,"valueName":"search_term_string"}}],"inLanguage":"pt-BR"},{"@type":"Organization","@id":"https:\/\/www.suno.com.br\/noticias\/#organization","name":"Suno Not\u00edcias","url":"https:\/\/www.suno.com.br\/noticias\/","logo":{"@type":"ImageObject","inLanguage":"pt-BR","@id":"https:\/\/www.suno.com.br\/noticias\/#\/schema\/logo\/image\/","url":"https:\/\/files.sunoresearch.com.br\/n\/uploads\/2021\/09\/suno-logo.png","contentUrl":"https:\/\/files.sunoresearch.com.br\/n\/uploads\/2021\/09\/suno-logo.png","width":180,"height":180,"caption":"Suno Not\u00edcias"},"image":{"@id":"https:\/\/www.suno.com.br\/noticias\/#\/schema\/logo\/image\/"},"sameAs":["https:\/\/facebook.com\/sunoresearch","https:\/\/x.com\/sunoresearch","https:\/\/www.instagram.com\/suno","https:\/\/www.linkedin.com\/company\/suno-research\/","https:\/\/www.youtube.com\/c\/sunoresearch"]},{"@type":"Person","@id":"https:\/\/www.suno.com.br\/noticias\/#\/schema\/person\/d689f06da5678e1f0b1ee402f001d676","name":"Janize Cola\u00e7o","image":{"@type":"ImageObject","inLanguage":"pt-BR","@id":"https:\/\/www.suno.com.br\/noticias\/#\/schema\/person\/image\/","url":"https:\/\/secure.gravatar.com\/avatar\/32b3bf89abae63ca2cf961bc051522d0?s=96&r=g","contentUrl":"https:\/\/secure.gravatar.com\/avatar\/32b3bf89abae63ca2cf961bc051522d0?s=96&r=g","caption":"Janize Cola\u00e7o"},"description":"Jornalista formada pela PUC-SP com passagens pela Record TV, Globo Cond\u00e9 Nast, Revista Panrotas e Editora Via. Hoje, \u00e9 rep\u00f3rter no Suno Not\u00edcias, cobrindo pautas sobre mercado, pol\u00edtica, economia e bolsa de valores.","url":"https:\/\/www.suno.com.br\/noticias\/author\/janize-colaco\/"}]}},"default_loop_html":"<div class=\"cardsPage__listCard__boxs\"><div class=\"cardsPage__listCard__boxs__img\"><a href=\"https:\/\/www.suno.com.br\/noticias\/pec-transicao-desidratada-um-ano\/\"><img class=\"mask\" src=\"https:\/\/www.suno.com.br\/noticias\/wp-content\/themes\/suno\/resources\/images\/spotlight\/spotlight1img\/bg-mask.png\" alt=\"Image Mask\"\/><img src=\"https:\/\/files.sunoresearch.com.br\/n\/uploads\/2022\/12\/congresso-nacional-400x200.jpg\" alt=\"PEC da Transi\u00e7\u00e3o \u00e9 desidratada para 1 ano ap\u00f3s acordo; texto deve ser aprovado nesta ter\u00e7a (20) na C\u00e2mara\"\/><\/a><span class=\"spotlightCategory\"><a href=\"https:\/\/www.suno.com.br\/noticias\/politica\/\">Pol\u00edtica<\/a><\/span><\/div><div class=\"cardsPage__listCard__boxs__content\"><a href=\"https:\/\/www.suno.com.br\/noticias\/pec-transicao-desidratada-um-ano\/\"><h2 class=\"content__title\">PEC da Transi\u00e7\u00e3o \u00e9 desidratada para 1 ano ap\u00f3s acordo; texto deve ser aprovado nesta ter\u00e7a (20) na C\u00e2mara<\/h2><\/a><div class=\"newsContent__article__meta\"><div class=\"newsContent__article__meta__authorBox\"><a href=\"https:\/\/www.suno.com.br\/noticias\/author\/janize-colaco\/\" class=\"authorBox__avatar noMobi\"><img src=\"https:\/\/files.sunoresearch.com.br\/n\/uploads\/2022\/11\/20221120_111807-1-150x150.jpg\" alt=\"Janize Cola\u00e7o\"><\/a><div class=\"authorBox__name\"><span>por\n\t\t\t<a href=\"https:\/\/www.suno.com.br\/noticias\/author\/janize-colaco\/\"><span itemprop=\"author\">Janize Cola\u00e7o<\/span><\/a><\/span><time datetime=\"2022-12-20T14:14:42-03:00\" itemprop=\"datePublished\">20\/12\/2022 14:14<\/time><\/div><\/div><\/div><\/div><\/div>","single_layout":"posts","amp_enabled":true,"_links":{"self":[{"href":"https:\/\/www.suno.com.br\/noticias\/wp-json\/wp\/v2\/posts\/337544"}],"collection":[{"href":"https:\/\/www.suno.com.br\/noticias\/wp-json\/wp\/v2\/posts"}],"about":[{"href":"https:\/\/www.suno.com.br\/noticias\/wp-json\/wp\/v2\/types\/post"}],"author":[{"embeddable":true,"href":"https:\/\/www.suno.com.br\/noticias\/wp-json\/wp\/v2\/users\/233"}],"replies":[{"embeddable":true,"href":"https:\/\/www.suno.com.br\/noticias\/wp-json\/wp\/v2\/comments?post=337544"}],"version-history":[{"count":4,"href":"https:\/\/www.suno.com.br\/noticias\/wp-json\/wp\/v2\/posts\/337544\/revisions"}],"predecessor-version":[{"id":337737,"href":"https:\/\/www.suno.com.br\/noticias\/wp-json\/wp\/v2\/posts\/337544\/revisions\/337737"}],"wp:featuredmedia":[{"embeddable":true,"href":"https:\/\/www.suno.com.br\/noticias\/wp-json\/wp\/v2\/media\/333242"}],"wp:attachment":[{"href":"https:\/\/www.suno.com.br\/noticias\/wp-json\/wp\/v2\/media?parent=337544"}],"wp:term":[{"taxonomy":"category","embeddable":true,"href":"https:\/\/www.suno.com.br\/noticias\/wp-json\/wp\/v2\/categories?post=337544"},{"taxonomy":"post_tag","embeddable":true,"href":"https:\/\/www.suno.com.br\/noticias\/wp-json\/wp\/v2\/tags?post=337544"},{"taxonomy":"suno_strategy","embeddable":true,"href":"https:\/\/www.suno.com.br\/noticias\/wp-json\/wp\/v2\/suno_strategy?post=337544"}],"curies":[{"name":"wp","href":"https:\/\/api.w.org\/{rel}","templated":true}]}}