{"id":33753,"date":"2019-08-12T17:09:14","date_gmt":"2019-08-12T20:09:14","guid":{"rendered":"https:\/\/www.suno.com.br\/noticias\/?p=33753"},"modified":"2019-08-15T15:33:56","modified_gmt":"2019-08-15T18:33:56","slug":"dolar-r-4-b3-cai-eleicoes-argentina","status":"publish","type":"post","link":"https:\/\/www.suno.com.br\/noticias\/dolar-r-4-b3-cai-eleicoes-argentina\/","title":{"rendered":"D\u00f3lar atinge R$ 4,00 e B3 cai 2% ap\u00f3s elei\u00e7\u00f5es prim\u00e1rias na Argentina"},"content":{"rendered":"<p>O <a href=\"https:\/\/www.suno.com.br\/artigos\/dolar\/\"><strong>d\u00f3lar<\/strong><\/a> atingiu mais de R$ 4,00 e o <strong><a href=\"https:\/\/www.suno.com.br\/artigos\/bovespa-precedente-b3\/\">Ibovespa<\/a> <\/strong>chegou a cair 2% nesta segunda-feira (12). As elei\u00e7\u00f5es pr\u00e9vias que ocorreram na Argentina, no \u00faltimo domingo (11), motivaram os resultados negativos do mercado nacional.<\/p>\t<div class=\"wrapper-featured-image\">\n\t\t<figure class=\"spotlightImg\">\n\n\t\t\t<picture>\n\t\t\t\t<source media=\"(max-width: 768px)\" srcset=\"https:\/\/files.sunoresearch.com.br\/n\/uploads\/2019\/08\/b945385e-brasilargentina-400x200.webp\">\n\t\t\t\t<img loading=\"lazy\" decoding=\"async\" class=\"newsContent__article__imgCapa lazyloadDisabled newsContent__article__imgCapa--noCaption\" src=\"https:\/\/files.sunoresearch.com.br\/n\/uploads\/2019\/08\/b945385e-brasilargentina-800x450.webp\" width=\"800\" height=\"450\" alt=\"D\u00f3lar atinge R$ 4,00 e B3 cai 2% ap\u00f3s elei\u00e7\u00f5es prim\u00e1rias na Argentina\" fetchpriority=high \/>\n\t\t\t<\/picture>\n\n\t\t\t<figcaption class=\"wp-caption-text wp-caption-text--hide\">Brasil e Argentina devem anunciar acordo automotivo nesta sexta.<\/figcaption>\n\t\t<\/figure>\n\t<\/div>\n\n\n<p>As <strong>elei\u00e7\u00f5es<\/strong> prim\u00e1rias na\u00a0<strong>Argentina\u00a0<\/strong>indicam a derrota do atual presidente do pa\u00eds, Mauricio Macri, na pr\u00f3xima corrida presidencial. O candidato de centro-esquerda, Alberto Fern\u00e1ndez, obteve 47,35% dos votos contra 32,33% do &#8220;Juntos por el Cambio&#8221;, coaliz\u00e3o de Macri.<\/p>\n<p>A vice-presidente da chapa de Fern\u00e1ndez \u00e9 a ex-presidente do pa\u00eds, Cristina Kirchner, que governou entre 2007 e 2015. Dessa forma, a rea\u00e7\u00e3o negativa do mercado refletiu o receio de uma\u00a0piora na situa\u00e7\u00e3o econ\u00f4mica da Argentina.<\/p>\n\n<p>Como consequ\u00eancia, no <strong>Brasil<\/strong>, o d\u00f3lar registrou alta de mais de 1%. Por volta das 10h50, a moeda norte-americana era negociada a R$ 4,0118. Al\u00e9m disso, em menos de 20 minutos, a Bolsa de Valores de S\u00e3o Paulo despencou de 103.910,422 pontos, \u00e0s 10h07, para 101.923,562 por volta das 10h20.<\/p>\n<p>Em rela\u00e7\u00e3o ao real, o <strong>peso argentino<\/strong> caiu 22,15% por volta das 11h30. Nesse hor\u00e1rio, a moeda argentina era comprada a R$ 0,0678 e vendida a R$ 0,0678.<\/p>\n<h2>Bolsonaro fala em crise migrat\u00f3ria caso Macri seja derrotado<\/h2>\n<p>O presidente Jair Bolsonaro comentou nesta segunda-feira as elei\u00e7\u00f5es pr\u00e9vias argentinas. Segundo Bolsonaro, a coliga\u00e7\u00e3o da ex-presidente Cristina Kirchner far\u00e1 com que a Argentina caminhe na mesma dire\u00e7\u00e3o da Venezuela.<\/p>\n<p>O presidente ressaltou ainda que n\u00e3o quer &#8220;irm\u00e3os argentinos fugindo para o Brasil&#8221;. &#8220;Povo ga\u00facho, se essa &#8216;esquerdalha&#8217; voltar aqui na Argentina, n\u00f3s poderemos ter, sim, no Rio Grande do Sul, um novo estado de Roraima&#8221;, disse o mandat\u00e1rio citando a crise migrat\u00f3ria que atinge o norte do Pa\u00eds.<\/p>\n\t<p>\n\t\t<a href=\"https:\/\/www.suno.com.br\/wealth\/\" target=\"_blank\" data-element=\"shortcode-suno-banner\" title=\"Banner SUNO, clique e saiba mais\">\n\t\t\t<picture>\n\t\t\t\t<source media=\"(max-width: 500px)\" srcset=\"https:\/\/files.sunoresearch.com.br\/n\/uploads\/2024\/01\/400x300-Mobile-WEALTH.png\">\n\t\t\t\t<img class=\"newsContent__article__imgCapa newsContent__article__imgCapa--banner\"\n\t\t\t\t\tsrc=\"https:\/\/files.sunoresearch.com.br\/n\/uploads\/2024\/01\/1420x240-Banner-Artigos-1-_-Banner-Materias-1-6.png\"\n\t\t\t\t\tdata-promo-id=\"512147\"\t\t\t\t\t\t\t\t\t\twidth='1420' height='240'\t\t\t\t\talt=\"https:\/\/files.sunoresearch.com.br\/n\/uploads\/2024\/01\/1420x240-Banner-Artigos-1-_-Banner-Materias-1-6.png\"\n\t\t\t\t>\n\t\t\t<\/picture>\n\t\t<\/a>\n\t<\/p>\n\n\n<p>O presidente mencionou tamb\u00e9m governos anteriores da Am\u00e9rica Latina. &#8220;N\u00e3o se esque\u00e7am que aqui, mais ao Sul, na Argentina \u2013 o que aconteceu nas elei\u00e7\u00f5es de ontem. O que aconteceu nas elei\u00e7\u00f5es de ontem&#8230; A turma da Cristina Kirchner, que \u00e9 a mesma da Dilma Rousseff, que \u00e9 a mesma de [Nicol\u00e1s] Maduro e [Hugo] Ch\u00e1vez, e Fidel Castro, deram sinal de vida aqui&#8221;, disse.<\/p>\n<h2>Elei\u00e7\u00f5es presidenciais na Argentina<\/h2>\n<p>O primeiro turno das elei\u00e7\u00f5es presidenciais ocorrer\u00e1 no dia 27 de outubro e, caso necess\u00e1rio, o segundo ser\u00e1 em 24 de novembro.<\/p>\n<p><a href=\"https:\/\/www.suno.com.br\/noticias\/macri-derrotado-oposicao-eleicoes-primarias-argentinas\/\">Saiba mais: Macri \u00e9 derrotado pela oposi\u00e7\u00e3o nas elei\u00e7\u00f5es prim\u00e1rias argentinas<\/a><\/p>\n<p>As pr\u00e9vias eleitorais, que ocorreram no \u00faltimo domingo, s\u00e3o uma forma de escolher quais dos pr\u00e9-candidatos poder\u00e3o participar da disputa. De acordo com dados oficiais, 75% de um total de 33,8 milh\u00f5es de pessoas fizeram parte da vota\u00e7\u00e3o.<\/p>\n<p>As elei\u00e7\u00f5es prim\u00e1rias servem tamb\u00e9m como uma forma de pesquisa eleitoral. Afinal, \u00e9 poss\u00edvel medir a afinidade dos eleitores com cada um dos candidatos.<\/p>\n<p>Em outubro, a elei\u00e7\u00e3o na\u00a0<strong>Argentina<\/strong> poder\u00e1 ser definida em primeiro turno caso a chapa obtenha 40% dos votos com ao menos 10 pontos percentuais de diferen\u00e7a do segundo colocado.<\/p>\n","protected":false},"excerpt":{"rendered":"<p>O d\u00f3lar atingiu mais de R$ 4,00 e o Ibovespa chegou a cair 2% nesta segunda-feira (12). As elei\u00e7\u00f5es pr\u00e9vias que ocorreram na Argentina, no \u00faltimo domingo (11), motivaram os resultados negativos do mercado nacional. Brasil e Argentina devem anunciar acordo automotivo nesta sexta. As elei\u00e7\u00f5es prim\u00e1rias na\u00a0Argentina\u00a0indicam a derrota do atual presidente do pa\u00eds, [&hellip;]<\/p>\n","protected":false},"author":18,"featured_media":33761,"comment_status":"closed","ping_status":"closed","sticky":false,"template":"","format":"standard","meta":[],"categories":[60],"tags":[699,326,697,721],"suno_strategy":[],"class_list":["post-33753","post","type-post","status-publish","format-standard","has-post-thumbnail","hentry","category-mercado","tag-argentina","tag-dolar","tag-eleicoes","tag-ibovespa"],"yoast_head":"<!-- This site is optimized with the Yoast SEO plugin v24.4 - https:\/\/yoast.com\/wordpress\/plugins\/seo\/ -->\n<title>D\u00f3lar atinge R$ 4,00 e B3 cai 2% ap\u00f3s elei\u00e7\u00f5es prim\u00e1rias na Argentina<\/title>\n<meta name=\"description\" content=\"O d\u00f3lar atingiu mais de R$ 4,00 e o Ibovespa chegou a cair 2% ap\u00f3s as elei\u00e7\u00f5es pr\u00e9vias que ocorreram na Argentina. Clique para saber mais.\" \/>\n<meta name=\"robots\" content=\"index, follow, max-snippet:-1, max-image-preview:large, max-video-preview:-1\" \/>\n<link rel=\"canonical\" href=\"https:\/\/www.suno.com.br\/noticias\/dolar-r-4-b3-cai-eleicoes-argentina\/\" \/>\n<meta property=\"og:locale\" content=\"pt_BR\" \/>\n<meta property=\"og:type\" content=\"article\" \/>\n<meta property=\"og:title\" content=\"D\u00f3lar atinge R$ 4,00 e B3 cai 2% ap\u00f3s elei\u00e7\u00f5es prim\u00e1rias na Argentina\" \/>\n<meta property=\"og:description\" content=\"O d\u00f3lar atingiu mais de R$ 4,00 e o Ibovespa chegou a cair 2% ap\u00f3s as elei\u00e7\u00f5es pr\u00e9vias que ocorreram na Argentina. Clique para saber mais.\" \/>\n<meta property=\"og:url\" content=\"https:\/\/www.suno.com.br\/noticias\/dolar-r-4-b3-cai-eleicoes-argentina\/\" \/>\n<meta property=\"og:site_name\" content=\"Suno Not\u00edcias\" \/>\n<meta property=\"article:publisher\" content=\"https:\/\/facebook.com\/sunoresearch\" \/>\n<meta property=\"og:image\" content=\"https:\/\/files.sunoresearch.com.br\/n\/uploads\/2019\/08\/b945385e-brasilargentina.jpg\" \/>\n\t<meta property=\"og:image:width\" content=\"1920\" \/>\n\t<meta property=\"og:image:height\" content=\"1080\" \/>\n\t<meta property=\"og:image:type\" content=\"image\/jpeg\" \/>\n<meta name=\"author\" content=\"Giovanna Oliveira\" \/>\n<meta name=\"twitter:card\" content=\"summary_large_image\" \/>\n<meta name=\"twitter:creator\" content=\"@sunoresearch\" \/>\n<meta name=\"twitter:site\" content=\"@sunoresearch\" \/>\n<meta name=\"twitter:label1\" content=\"Escrito por\" \/>\n\t<meta name=\"twitter:data1\" content=\"Giovanna Oliveira\" \/>\n\t<meta name=\"twitter:label2\" content=\"Est. tempo de leitura\" \/>\n\t<meta name=\"twitter:data2\" content=\"3 minutos\" \/>\n<script type=\"application\/ld+json\" class=\"yoast-schema-graph\">{\"@context\":\"https:\/\/schema.org\",\"@graph\":[{\"@type\":\"NewsArticle\",\"@id\":\"https:\/\/www.suno.com.br\/noticias\/dolar-r-4-b3-cai-eleicoes-argentina\/#article\",\"isPartOf\":{\"@id\":\"https:\/\/www.suno.com.br\/noticias\/dolar-r-4-b3-cai-eleicoes-argentina\/\"},\"author\":{\"name\":\"Giovanna Oliveira\",\"@id\":\"https:\/\/www.suno.com.br\/noticias\/#\/schema\/person\/4e19e3d2575736e5283d58eb3199d120\"},\"headline\":\"D\u00f3lar atinge R$ 4,00 e B3 cai 2% ap\u00f3s elei\u00e7\u00f5es prim\u00e1rias na Argentina\",\"datePublished\":\"2019-08-12T20:09:14+00:00\",\"dateModified\":\"2019-08-15T18:33:56+00:00\",\"mainEntityOfPage\":{\"@id\":\"https:\/\/www.suno.com.br\/noticias\/dolar-r-4-b3-cai-eleicoes-argentina\/\"},\"wordCount\":521,\"publisher\":{\"@id\":\"https:\/\/www.suno.com.br\/noticias\/#organization\"},\"image\":{\"@id\":\"https:\/\/www.suno.com.br\/noticias\/dolar-r-4-b3-cai-eleicoes-argentina\/#primaryimage\"},\"thumbnailUrl\":\"https:\/\/files.sunoresearch.com.br\/n\/uploads\/2019\/08\/b945385e-brasilargentina.jpg\",\"keywords\":[\"Argentina\",\"d\u00f3lar\",\"Elei\u00e7\u00f5es\",\"Ibovespa\"],\"articleSection\":[\"Mercado\"],\"inLanguage\":\"pt-BR\"},{\"@type\":\"WebPage\",\"@id\":\"https:\/\/www.suno.com.br\/noticias\/dolar-r-4-b3-cai-eleicoes-argentina\/\",\"url\":\"https:\/\/www.suno.com.br\/noticias\/dolar-r-4-b3-cai-eleicoes-argentina\/\",\"name\":\"D\u00f3lar atinge R$ 4,00 e B3 cai 2% ap\u00f3s elei\u00e7\u00f5es prim\u00e1rias na Argentina\",\"isPartOf\":{\"@id\":\"https:\/\/www.suno.com.br\/noticias\/#website\"},\"primaryImageOfPage\":{\"@id\":\"https:\/\/www.suno.com.br\/noticias\/dolar-r-4-b3-cai-eleicoes-argentina\/#primaryimage\"},\"image\":{\"@id\":\"https:\/\/www.suno.com.br\/noticias\/dolar-r-4-b3-cai-eleicoes-argentina\/#primaryimage\"},\"thumbnailUrl\":\"https:\/\/files.sunoresearch.com.br\/n\/uploads\/2019\/08\/b945385e-brasilargentina.jpg\",\"datePublished\":\"2019-08-12T20:09:14+00:00\",\"dateModified\":\"2019-08-15T18:33:56+00:00\",\"description\":\"O d\u00f3lar atingiu mais de R$ 4,00 e o Ibovespa chegou a cair 2% ap\u00f3s as elei\u00e7\u00f5es pr\u00e9vias que ocorreram na Argentina. Clique para saber mais.\",\"breadcrumb\":{\"@id\":\"https:\/\/www.suno.com.br\/noticias\/dolar-r-4-b3-cai-eleicoes-argentina\/#breadcrumb\"},\"inLanguage\":\"pt-BR\",\"potentialAction\":[{\"@type\":\"ReadAction\",\"target\":[\"https:\/\/www.suno.com.br\/noticias\/dolar-r-4-b3-cai-eleicoes-argentina\/\"]}]},{\"@type\":\"ImageObject\",\"inLanguage\":\"pt-BR\",\"@id\":\"https:\/\/www.suno.com.br\/noticias\/dolar-r-4-b3-cai-eleicoes-argentina\/#primaryimage\",\"url\":\"https:\/\/files.sunoresearch.com.br\/n\/uploads\/2019\/08\/b945385e-brasilargentina.jpg\",\"contentUrl\":\"https:\/\/files.sunoresearch.com.br\/n\/uploads\/2019\/08\/b945385e-brasilargentina.jpg\",\"width\":1920,\"height\":1080,\"caption\":\"Brasil e Argentina devem anunciar acordo automotivo nesta sexta.\"},{\"@type\":\"BreadcrumbList\",\"@id\":\"https:\/\/www.suno.com.br\/noticias\/dolar-r-4-b3-cai-eleicoes-argentina\/#breadcrumb\",\"itemListElement\":[{\"@type\":\"ListItem\",\"position\":1,\"name\":\"Not\u00edcias\",\"item\":\"https:\/\/www.suno.com.br\/noticias\/\"},{\"@type\":\"ListItem\",\"position\":2,\"name\":\"Mercado\",\"item\":\"https:\/\/www.suno.com.br\/noticias\/mercado\/\"},{\"@type\":\"ListItem\",\"position\":3,\"name\":\"D\u00f3lar atinge R$ 4,00 e B3 cai 2% ap\u00f3s elei\u00e7\u00f5es prim\u00e1rias na Argentina\"}]},{\"@type\":\"WebSite\",\"@id\":\"https:\/\/www.suno.com.br\/noticias\/#website\",\"url\":\"https:\/\/www.suno.com.br\/noticias\/\",\"name\":\"Suno Not\u00edcias\",\"description\":\"Seu portal de informa\u00e7\u00e3o sobre o mundo dos investimentos\",\"publisher\":{\"@id\":\"https:\/\/www.suno.com.br\/noticias\/#organization\"},\"potentialAction\":[{\"@type\":\"SearchAction\",\"target\":{\"@type\":\"EntryPoint\",\"urlTemplate\":\"https:\/\/www.suno.com.br\/noticias\/?s={search_term_string}\"},\"query-input\":{\"@type\":\"PropertyValueSpecification\",\"valueRequired\":true,\"valueName\":\"search_term_string\"}}],\"inLanguage\":\"pt-BR\"},{\"@type\":\"Organization\",\"@id\":\"https:\/\/www.suno.com.br\/noticias\/#organization\",\"name\":\"Suno Not\u00edcias\",\"url\":\"https:\/\/www.suno.com.br\/noticias\/\",\"logo\":{\"@type\":\"ImageObject\",\"inLanguage\":\"pt-BR\",\"@id\":\"https:\/\/www.suno.com.br\/noticias\/#\/schema\/logo\/image\/\",\"url\":\"https:\/\/files.sunoresearch.com.br\/n\/uploads\/2021\/09\/suno-logo.png\",\"contentUrl\":\"https:\/\/files.sunoresearch.com.br\/n\/uploads\/2021\/09\/suno-logo.png\",\"width\":180,\"height\":180,\"caption\":\"Suno Not\u00edcias\"},\"image\":{\"@id\":\"https:\/\/www.suno.com.br\/noticias\/#\/schema\/logo\/image\/\"},\"sameAs\":[\"https:\/\/facebook.com\/sunoresearch\",\"https:\/\/x.com\/sunoresearch\",\"https:\/\/www.instagram.com\/suno\",\"https:\/\/www.linkedin.com\/company\/suno-research\/\",\"https:\/\/www.youtube.com\/c\/sunoresearch\"]},{\"@type\":\"Person\",\"@id\":\"https:\/\/www.suno.com.br\/noticias\/#\/schema\/person\/4e19e3d2575736e5283d58eb3199d120\",\"name\":\"Giovanna Oliveira\",\"image\":{\"@type\":\"ImageObject\",\"inLanguage\":\"pt-BR\",\"@id\":\"https:\/\/www.suno.com.br\/noticias\/#\/schema\/person\/image\/\",\"url\":\"https:\/\/secure.gravatar.com\/avatar\/9a37b3ae208962ac568992d0ffdbc2eb?s=96&r=g\",\"contentUrl\":\"https:\/\/secure.gravatar.com\/avatar\/9a37b3ae208962ac568992d0ffdbc2eb?s=96&r=g\",\"caption\":\"Giovanna Oliveira\"},\"description\":\"Giovanna Oliveira escreve sobre economia e pol\u00edtica. Foi rep\u00f3rter do portal de jornalismo da ESPM-SP e produziu conte\u00fado para a Corinthians TV. \u00c9 estudante da ESPM.\",\"url\":\"https:\/\/www.suno.com.br\/noticias\/author\/giovanna\/\"}]}<\/script>\n<!-- \/ Yoast SEO plugin. -->","yoast_head_json":{"title":"D\u00f3lar atinge R$ 4,00 e B3 cai 2% ap\u00f3s elei\u00e7\u00f5es prim\u00e1rias na Argentina","description":"O d\u00f3lar atingiu mais de R$ 4,00 e o Ibovespa chegou a cair 2% ap\u00f3s as elei\u00e7\u00f5es pr\u00e9vias que ocorreram na Argentina. Clique para saber mais.","robots":{"index":"index","follow":"follow","max-snippet":"max-snippet:-1","max-image-preview":"max-image-preview:large","max-video-preview":"max-video-preview:-1"},"canonical":"https:\/\/www.suno.com.br\/noticias\/dolar-r-4-b3-cai-eleicoes-argentina\/","og_locale":"pt_BR","og_type":"article","og_title":"D\u00f3lar atinge R$ 4,00 e B3 cai 2% ap\u00f3s elei\u00e7\u00f5es prim\u00e1rias na Argentina","og_description":"O d\u00f3lar atingiu mais de R$ 4,00 e o Ibovespa chegou a cair 2% ap\u00f3s as elei\u00e7\u00f5es pr\u00e9vias que ocorreram na Argentina. Clique para saber mais.","og_url":"https:\/\/www.suno.com.br\/noticias\/dolar-r-4-b3-cai-eleicoes-argentina\/","og_site_name":"Suno Not\u00edcias","article_publisher":"https:\/\/facebook.com\/sunoresearch","og_image":[{"width":1920,"height":1080,"url":"https:\/\/files.sunoresearch.com.br\/n\/uploads\/2019\/08\/b945385e-brasilargentina.jpg","type":"image\/jpeg"}],"author":"Giovanna Oliveira","twitter_card":"summary_large_image","twitter_creator":"@sunoresearch","twitter_site":"@sunoresearch","twitter_misc":{"Escrito por":"Giovanna Oliveira","Est. tempo de leitura":"3 minutos"},"schema":{"@context":"https:\/\/schema.org","@graph":[{"@type":"NewsArticle","@id":"https:\/\/www.suno.com.br\/noticias\/dolar-r-4-b3-cai-eleicoes-argentina\/#article","isPartOf":{"@id":"https:\/\/www.suno.com.br\/noticias\/dolar-r-4-b3-cai-eleicoes-argentina\/"},"author":{"name":"Giovanna Oliveira","@id":"https:\/\/www.suno.com.br\/noticias\/#\/schema\/person\/4e19e3d2575736e5283d58eb3199d120"},"headline":"D\u00f3lar atinge R$ 4,00 e B3 cai 2% ap\u00f3s elei\u00e7\u00f5es prim\u00e1rias na Argentina","datePublished":"2019-08-12T20:09:14+00:00","dateModified":"2019-08-15T18:33:56+00:00","mainEntityOfPage":{"@id":"https:\/\/www.suno.com.br\/noticias\/dolar-r-4-b3-cai-eleicoes-argentina\/"},"wordCount":521,"publisher":{"@id":"https:\/\/www.suno.com.br\/noticias\/#organization"},"image":{"@id":"https:\/\/www.suno.com.br\/noticias\/dolar-r-4-b3-cai-eleicoes-argentina\/#primaryimage"},"thumbnailUrl":"https:\/\/files.sunoresearch.com.br\/n\/uploads\/2019\/08\/b945385e-brasilargentina.jpg","keywords":["Argentina","d\u00f3lar","Elei\u00e7\u00f5es","Ibovespa"],"articleSection":["Mercado"],"inLanguage":"pt-BR"},{"@type":"WebPage","@id":"https:\/\/www.suno.com.br\/noticias\/dolar-r-4-b3-cai-eleicoes-argentina\/","url":"https:\/\/www.suno.com.br\/noticias\/dolar-r-4-b3-cai-eleicoes-argentina\/","name":"D\u00f3lar atinge R$ 4,00 e B3 cai 2% ap\u00f3s elei\u00e7\u00f5es prim\u00e1rias na Argentina","isPartOf":{"@id":"https:\/\/www.suno.com.br\/noticias\/#website"},"primaryImageOfPage":{"@id":"https:\/\/www.suno.com.br\/noticias\/dolar-r-4-b3-cai-eleicoes-argentina\/#primaryimage"},"image":{"@id":"https:\/\/www.suno.com.br\/noticias\/dolar-r-4-b3-cai-eleicoes-argentina\/#primaryimage"},"thumbnailUrl":"https:\/\/files.sunoresearch.com.br\/n\/uploads\/2019\/08\/b945385e-brasilargentina.jpg","datePublished":"2019-08-12T20:09:14+00:00","dateModified":"2019-08-15T18:33:56+00:00","description":"O d\u00f3lar atingiu mais de R$ 4,00 e o Ibovespa chegou a cair 2% ap\u00f3s as elei\u00e7\u00f5es pr\u00e9vias que ocorreram na Argentina. Clique para saber mais.","breadcrumb":{"@id":"https:\/\/www.suno.com.br\/noticias\/dolar-r-4-b3-cai-eleicoes-argentina\/#breadcrumb"},"inLanguage":"pt-BR","potentialAction":[{"@type":"ReadAction","target":["https:\/\/www.suno.com.br\/noticias\/dolar-r-4-b3-cai-eleicoes-argentina\/"]}]},{"@type":"ImageObject","inLanguage":"pt-BR","@id":"https:\/\/www.suno.com.br\/noticias\/dolar-r-4-b3-cai-eleicoes-argentina\/#primaryimage","url":"https:\/\/files.sunoresearch.com.br\/n\/uploads\/2019\/08\/b945385e-brasilargentina.jpg","contentUrl":"https:\/\/files.sunoresearch.com.br\/n\/uploads\/2019\/08\/b945385e-brasilargentina.jpg","width":1920,"height":1080,"caption":"Brasil e Argentina devem anunciar acordo automotivo nesta sexta."},{"@type":"BreadcrumbList","@id":"https:\/\/www.suno.com.br\/noticias\/dolar-r-4-b3-cai-eleicoes-argentina\/#breadcrumb","itemListElement":[{"@type":"ListItem","position":1,"name":"Not\u00edcias","item":"https:\/\/www.suno.com.br\/noticias\/"},{"@type":"ListItem","position":2,"name":"Mercado","item":"https:\/\/www.suno.com.br\/noticias\/mercado\/"},{"@type":"ListItem","position":3,"name":"D\u00f3lar atinge R$ 4,00 e B3 cai 2% ap\u00f3s elei\u00e7\u00f5es prim\u00e1rias na Argentina"}]},{"@type":"WebSite","@id":"https:\/\/www.suno.com.br\/noticias\/#website","url":"https:\/\/www.suno.com.br\/noticias\/","name":"Suno Not\u00edcias","description":"Seu portal de informa\u00e7\u00e3o sobre o mundo dos investimentos","publisher":{"@id":"https:\/\/www.suno.com.br\/noticias\/#organization"},"potentialAction":[{"@type":"SearchAction","target":{"@type":"EntryPoint","urlTemplate":"https:\/\/www.suno.com.br\/noticias\/?s={search_term_string}"},"query-input":{"@type":"PropertyValueSpecification","valueRequired":true,"valueName":"search_term_string"}}],"inLanguage":"pt-BR"},{"@type":"Organization","@id":"https:\/\/www.suno.com.br\/noticias\/#organization","name":"Suno Not\u00edcias","url":"https:\/\/www.suno.com.br\/noticias\/","logo":{"@type":"ImageObject","inLanguage":"pt-BR","@id":"https:\/\/www.suno.com.br\/noticias\/#\/schema\/logo\/image\/","url":"https:\/\/files.sunoresearch.com.br\/n\/uploads\/2021\/09\/suno-logo.png","contentUrl":"https:\/\/files.sunoresearch.com.br\/n\/uploads\/2021\/09\/suno-logo.png","width":180,"height":180,"caption":"Suno Not\u00edcias"},"image":{"@id":"https:\/\/www.suno.com.br\/noticias\/#\/schema\/logo\/image\/"},"sameAs":["https:\/\/facebook.com\/sunoresearch","https:\/\/x.com\/sunoresearch","https:\/\/www.instagram.com\/suno","https:\/\/www.linkedin.com\/company\/suno-research\/","https:\/\/www.youtube.com\/c\/sunoresearch"]},{"@type":"Person","@id":"https:\/\/www.suno.com.br\/noticias\/#\/schema\/person\/4e19e3d2575736e5283d58eb3199d120","name":"Giovanna Oliveira","image":{"@type":"ImageObject","inLanguage":"pt-BR","@id":"https:\/\/www.suno.com.br\/noticias\/#\/schema\/person\/image\/","url":"https:\/\/secure.gravatar.com\/avatar\/9a37b3ae208962ac568992d0ffdbc2eb?s=96&r=g","contentUrl":"https:\/\/secure.gravatar.com\/avatar\/9a37b3ae208962ac568992d0ffdbc2eb?s=96&r=g","caption":"Giovanna Oliveira"},"description":"Giovanna Oliveira escreve sobre economia e pol\u00edtica. Foi rep\u00f3rter do portal de jornalismo da ESPM-SP e produziu conte\u00fado para a Corinthians TV. \u00c9 estudante da ESPM.","url":"https:\/\/www.suno.com.br\/noticias\/author\/giovanna\/"}]}},"default_loop_html":"<div class=\"cardsPage__listCard__boxs\"><div class=\"cardsPage__listCard__boxs__img\"><a href=\"https:\/\/www.suno.com.br\/noticias\/dolar-r-4-b3-cai-eleicoes-argentina\/\"><img class=\"mask\" src=\"https:\/\/www.suno.com.br\/noticias\/wp-content\/themes\/suno\/resources\/images\/spotlight\/spotlight1img\/bg-mask.png\" alt=\"Image Mask\"\/><img src=\"https:\/\/files.sunoresearch.com.br\/n\/uploads\/2019\/08\/b945385e-brasilargentina-400x200.webp\" alt=\"D\u00f3lar atinge R$ 4,00 e B3 cai 2% ap\u00f3s elei\u00e7\u00f5es prim\u00e1rias na Argentina\"\/><\/a><span class=\"spotlightCategory\"><a href=\"https:\/\/www.suno.com.br\/noticias\/mercado\/\">Mercado<\/a><\/span><\/div><div class=\"cardsPage__listCard__boxs__content\"><a href=\"https:\/\/www.suno.com.br\/noticias\/dolar-r-4-b3-cai-eleicoes-argentina\/\"><h2 class=\"content__title\">D\u00f3lar atinge R$ 4,00 e B3 cai 2% ap\u00f3s elei\u00e7\u00f5es prim\u00e1rias na Argentina<\/h2><\/a><div class=\"newsContent__article__meta\"><div class=\"newsContent__article__meta__authorBox\"><a href=\"https:\/\/www.suno.com.br\/noticias\/author\/giovanna\/\" class=\"authorBox__avatar noMobi\"><img src=\"https:\/\/files.sunoresearch.com.br\/n\/uploads\/2019\/06\/952a89ca-screenshot_20190608-171507-150x150.webp\" alt=\"Giovanna Oliveira\"><\/a><div class=\"authorBox__name\"><span>por\n\t\t\t<a href=\"https:\/\/www.suno.com.br\/noticias\/author\/giovanna\/\"><span itemprop=\"author\">Giovanna Oliveira<\/span><\/a><\/span><time datetime=\"2019-08-12T17:09:14-03:00\" itemprop=\"datePublished\">12\/08\/2019 17:09<\/time><\/div><\/div><\/div><\/div><\/div>","single_layout":"posts","amp_enabled":true,"_links":{"self":[{"href":"https:\/\/www.suno.com.br\/noticias\/wp-json\/wp\/v2\/posts\/33753"}],"collection":[{"href":"https:\/\/www.suno.com.br\/noticias\/wp-json\/wp\/v2\/posts"}],"about":[{"href":"https:\/\/www.suno.com.br\/noticias\/wp-json\/wp\/v2\/types\/post"}],"author":[{"embeddable":true,"href":"https:\/\/www.suno.com.br\/noticias\/wp-json\/wp\/v2\/users\/18"}],"replies":[{"embeddable":true,"href":"https:\/\/www.suno.com.br\/noticias\/wp-json\/wp\/v2\/comments?post=33753"}],"version-history":[{"count":0,"href":"https:\/\/www.suno.com.br\/noticias\/wp-json\/wp\/v2\/posts\/33753\/revisions"}],"wp:featuredmedia":[{"embeddable":true,"href":"https:\/\/www.suno.com.br\/noticias\/wp-json\/wp\/v2\/media\/33761"}],"wp:attachment":[{"href":"https:\/\/www.suno.com.br\/noticias\/wp-json\/wp\/v2\/media?parent=33753"}],"wp:term":[{"taxonomy":"category","embeddable":true,"href":"https:\/\/www.suno.com.br\/noticias\/wp-json\/wp\/v2\/categories?post=33753"},{"taxonomy":"post_tag","embeddable":true,"href":"https:\/\/www.suno.com.br\/noticias\/wp-json\/wp\/v2\/tags?post=33753"},{"taxonomy":"suno_strategy","embeddable":true,"href":"https:\/\/www.suno.com.br\/noticias\/wp-json\/wp\/v2\/suno_strategy?post=33753"}],"curies":[{"name":"wp","href":"https:\/\/api.w.org\/{rel}","templated":true}]}}