{"id":337453,"date":"2022-12-20T10:58:35","date_gmt":"2022-12-20T13:58:35","guid":{"rendered":"https:\/\/www.suno.com.br\/noticias\/?p=337453"},"modified":"2022-12-20T15:02:34","modified_gmt":"2022-12-20T18:02:34","slug":"ibovespa-hoje-via-viia3-20122022","status":"publish","type":"post","link":"https:\/\/www.suno.com.br\/noticias\/ibovespa-hoje-via-viia3-20122022\/","title":{"rendered":"Ibovespa avan\u00e7a 2% aos 106 mil pontos; Via (VIIA3) sobe 11% e puxa varejistas"},"content":{"rendered":"<p>O <a href=\"https:\/\/www.suno.com.br\/artigos\/ibovespa\" target=\"_blank\" rel=\"noreferrer noopener\"><strong>Ibovespa<\/strong> <\/a>opera em forte alta de 2,3%, aos 106.872 pontos nesta ter\u00e7a-feira (20), com varejistas na ponta positiva do \u00edndice. Apenas seis a\u00e7\u00f5es est\u00e3o no negativo: a maior queda \u00e9 da Marfrig (MRFG3), que recua 1,3%.<\/p><div class=\"videoFull \">\n\t\t\t<div class=\"videoWrapper yt-lazyload center\"\n\t\t\t\tdata-width=\"960\"\n\t\t\t\tdata-height=\"540\"\n\t\t\t\tdata-id=\"UKm5GoA1lqA\"\n\t\t\t\tdata-alt=\"V\u00eddeo do YouTube - clique para reproduzir\"\n\t\t\t\tdata-logo=\"3\"\n\t\t\t\tdata-imagequality=\"maxres\">\n\t\t\t<\/div>\n\t\t<\/div><script type=\"application\/ld+json\">{\"@context\":\"https:\/\/schema.org\",\"@type\":\"VideoObject\",\"name\":\"Fim do or\u00e7amento secreto e vota\u00e7\u00e3o da PEC da Transi\u00e7\u00e3o | Compra da SULA11 pela Rede D'Or (RDOR3)\",\"description\":\"\ud83d\udcb8 \ud83d\udcca\ud835\udc00\ud835\udc29\ud835\udc2b\ud835\udc28\ud835\udc2f\ud835\udc1e\ud835\udc22\ud835\udc2d\ud835\udc1e \ud835\udc1a \ud835\udc0f\ud835\udc11\ud835\udc0e\ud835\udc0c\ud835\udc0e\u00c7\u00c3\ud835\udc0e \ud835\udc1d\ud835\udc1e \ud835\udfd1\ud835\udfce% \ud835\udc03\ud835\udc04 \ud835\udc03\ud835\udc04\ud835\udc12\ud835\udc02\ud835\udc0e\ud835\udc0d\ud835\udc13\ud835\udc0e \ud835\udc27\ud835\udc1a \ud835\udc00\ud835\udc2c\ud835\udc2c\ud835\udc22\ud835\udc27\ud835\udc1a\ud835\udc2d\ud835\udc2e\ud835\udc2b\ud835\udc1a \ud835\udc1d\ud835\udc1e \ud835\udc12\ud835\udc14\ud835\udc0d\ud835\udc0e \ud835\udc05\ud835\udc08\ud835\udc08\ud835\udc2c \ud835\udc27\ud835\udc28 \ud835\udc25\ud835\udc22\ud835\udc27\ud835\udc24 \ud83d\udc47 https:\/\/lp.suno.com.br\/pv\/dinheiro-extra-todos-os-meses\/?utm_source=youtube.noticias&utm_medium=live&utm_campaign=RS.SFII22.ns.20221219&utm_content=ytnoticias.morning.20122022 #morningcall #or\u00e7amentosecreto #pecdatransi\u00e7\u00e3o #pec #pol\u00edtica #investimentos #bolsadevalores #dividendos #lula #sula11 #rdor3 #b3 #b3sa3 #gilmarmendes #arthurlira \ud83d\udd34\ud835\udc08\ud835\udc0d\ud835\udc12\ud835\udc02\ud835\udc11\ud835\udc04\ud835\udc15\ud835\udc00-\ud835\udc12\ud835\udc04 \ud835\udc0d\ud835\udc0e \ud835\udc02\ud835\udc00\ud835\udc0d\ud835\udc00\ud835\udc0b \ud835\udc04 \ud835\udc00\ud835\udc13\ud835\udc08\ud835\udc15\ud835\udc04 \ud835\udc0e \ud835\udc12\ud835\udc08\ud835\udc0d\ud835\udc0e \ud83d\udc47 https:\/\/bit.ly\/INSCREVA-SEATIVEOSINO \ud83d\udcda \ud83d\udcb8 \ud83d\udcca \ud835\udde3\ud835\udddf\ud835\uddd4\ud835\udde1\ud835\udddc\ud835\udddf\ud835\udddb\ud835\uddd4 \ud835\uddd7\ud835\uddd8 \ud835\uddd6\ud835\udde2\ud835\udde1\ud835\udde7\ud835\udde5\ud835\udde2\ud835\udddf\ud835\uddd8 \ud835\uddd9\ud835\udddc\ud835\udde1\ud835\uddd4\ud835\udde1\ud835\uddd6\ud835\uddd8\ud835\udddc\ud835\udde5\ud835\udde2: \ud835\uddd5\ud835\uddee\ud835\uddf6\ud835\ude05\ud835\uddf2 \ud835\uddee \ud835\uddfd\ud835\uddf9\ud835\uddee\ud835\uddfb\ud835\uddf6\ud835\uddf9\ud835\uddf5\ud835\uddee AGORA antes que acabe!\u2026\",\"duration\":\"PT38M5S\",\"embedUrl\":\"https:\/\/www.youtube.com\/embed\/UKm5GoA1lqA\",\"regionsAllowed\":\"pt-BR\",\"interactionStatistic\":{\"@type\":\"InteractionCounter\",\"interactionType\":{\"@type\":\"WatchAction\"},\"userInteractionCount\":2554},\"thumbnailUrl\":\"https:\/\/i.ytimg.com\/vi\/UKm5GoA1lqA\/default.jpg\",\"uploadDate\":\"2022-12-20T12:46:31Z\"}<\/script>\n\n\n\n\n\t<p>\n\t\t<a href=\"\" target=\"_blank\" data-element=\"shortcode-suno-banner\" title=\"Banner SUNO, clique e saiba mais\">\n\t\t\t<picture>\n\t\t\t\t<source media=\"(max-width: 500px)\" srcset=\"\">\n\t\t\t\t<img class=\"newsContent__article__imgCapa newsContent__article__imgCapa--banner\"\n\t\t\t\t\tsrc=\"\"\n\t\t\t\t\tdata-promo-id=\"138420\"\t\t\t\t\t\t\t\t\t\t\t\t\t\t\talt=\"\"\n\t\t\t\t>\n\t\t\t<\/picture>\n\t\t<\/a>\n\t<\/p>\n\n\n\n\n\n<p>O <strong>Ibovespa hoje<\/strong>, assim, segue o movimento da v\u00e9spera, com al\u00edvio nos juros futuros e ganhos para companhias de varejo e crescimento, al\u00e9m das a\u00e9reas.<\/p>\n\n\n\n<p>O <strong>dia \u00e9 de bolsas internacionais<\/strong> mistas, com o Dow Jones est\u00e1vel e o S&amp;P em queda de 0,17% nas negocia\u00e7\u00f5es pr\u00e9-mercado.<\/p>\n\n\n\n<p>Na Europa, quedas de 0,4% na Bolsa de Frankfurt e de 0,3% na Bolsa de Paris, ante estabilidade em Londres e Mil\u00e3o. O \u00edndice pan-europeu Stox-600, nesse contexto, cai 0,2%.<\/p>\n\n\n\n<p>O barril de <strong>petr\u00f3leo <\/strong>sobe 0,86% aos US$ 80 (Brent).<\/p>\n\n\n\n<p>O <strong>d\u00f3lar <\/strong>cai a R$ 5,271 no intradia, representando um recuo de 0,82%.<\/p>\n\n\n\n<p>No radar pol\u00edtico, a <a href=\"https:\/\/www.suno.com.br\/noticias\/pec-transicao-decisao-gilmar-mendes\/\" target=\"_blank\" rel=\"noreferrer noopener\">PEC da Transi\u00e7\u00e3o<\/a> deve ser votada ainda hoje. Lembrando que na v\u00e9spera <a href=\"https:\/\/www.suno.com.br\/noticias\/stf-maioria-derrubar-orcamento-secreto\/\" target=\"_blank\" rel=\"noreferrer noopener\">o STF j\u00e1 decidiu por deixar o Aux\u00edlio Brasil (ou Bolsa Fam\u00edlia, como deve voltar a se chamar) fora do teto de gastos<\/a>.<\/p>\n\n\n\n<p>O dia n\u00e3o conta com indicadores econ\u00f4micos do mercado dom\u00e9stico.<\/p>\n\n\n\n<p>Contudo, nos EUA, ocorreu a divulga\u00e7\u00e3o das licen\u00e7as de constru\u00e7\u00e3o de novembro, que vieram abaixo do esperado, em 1,342 milh\u00e3o.<\/p>\n\n\n\n<p>As vendas do varejo do Canad\u00e1, da mesma forma, ficaram abaixo do consenso Refinitiv.<\/p>\n\n\n\n<h2 class=\"wp-block-heading\">Not\u00edcias que movimentam a Bolsa de Valores hoje<\/h2>\n\n\n\n<ul class=\"wp-block-list\">\n<li>Petrobras (PETR4) desiste de vender empresa de fertilizantes<\/li>\n\n\n\n<li>PEC da Transi\u00e7\u00e3o sofre reviravolta com STF<\/li>\n\n\n\n<li>Klabin vender\u00e1 8 mil hectares<\/li>\n<\/ul>\n\n\n\n<h2 class=\"wp-block-heading\">Vendas da Petrobras<\/h2>\n\n\n\n<p>A <strong>Petrobras (<a href=\"https:\/\/www.suno.com.br\/acoes\/petr4\/\" target=\"_blank\" rel=\"noreferrer noopener\">PETR4<\/a>)<\/strong> desistiu de vender suas a\u00e7\u00f5es na Arauc\u00e1ria Nitrogenados S.A (ANSA). A decis\u00e3o foi tomada em observ\u00e2ncia com a &#8220;governan\u00e7a interna aplic\u00e1vel&#8221;.<\/p>\n\n\n\n<p>&#8220;A Petrobras avaliar\u00e1 seus pr\u00f3ximos passos relacionados ao <strong>desinvestimento<\/strong> do ativo em quest\u00e3o e refor\u00e7a o seu compromisso com a ampla transpar\u00eancia de seus projetos de desinvestimento e de gest\u00e3o de seu portf\u00f3lio&#8221;, destacou a petroleira no comunicado, no qual encerrou o processo competitivo para a venda desse ativo. <\/p>\n\n\n\n<p>Em outubro de 2020, a <strong>gest\u00e3o da Petrobras<\/strong> havia informado ao mercado que tinha iniciado a fase vinculante para a venda da totalidade das suas a\u00e7\u00f5es na ANSA, procedimento encerrado com a decis\u00e3o publicada ontem.<\/p>\n\n\n\t<p>\n\t\t<a href=\"https:\/\/lp.suno.com.br\/planilha-controle-gastos\/\" target=\"_blank\" data-element=\"shortcode-suno-banner\" title=\"Banner SUNO, clique e saiba mais\">\n\t\t\t<picture>\n\t\t\t\t<source media=\"(max-width: 500px)\" srcset=\"https:\/\/files.sunoresearch.com.br\/n\/uploads\/2023\/03\/400x300-Planilha-controle-de-gastos.png\">\n\t\t\t\t<img class=\"newsContent__article__imgCapa newsContent__article__imgCapa--banner\"\n\t\t\t\t\tsrc=\"https:\/\/files.sunoresearch.com.br\/n\/uploads\/2023\/03\/1420x240-Planilha-controle-de-gastos.png\"\n\t\t\t\t\tdata-promo-id=\"101751\"\t\t\t\t\t\t\t\t\t\twidth='1420' height='240'\t\t\t\t\talt=\"https:\/\/files.sunoresearch.com.br\/n\/uploads\/2023\/03\/1420x240-Planilha-controle-de-gastos.png\"\n\t\t\t\t>\n\t\t\t<\/picture>\n\t\t<\/a>\n\t<\/p>\n\n\n\n\n\n<h2 class=\"wp-block-heading\">PEC da Transi\u00e7\u00e3o no radar<\/h2>\n\n\n\n<p>No domingo, a decis\u00e3o de Gilmar Mendes,  ministro do Supremo Tribunal Federal (STF), foi de que os recursos utilizados em programas sociais, como o Bolsa Fam\u00edlia e o&nbsp;Aux\u00edlio Brasil, n\u00e3o est\u00e3o inscritos na regra do&nbsp;<a href=\"https:\/\/www.suno.com.br\/artigos\/teto-de-gastos\/\" target=\"_blank\" rel=\"noreferrer noopener\">teto de gastos<\/a>.<\/p>\n\n\n\n<p>Com isso, \u00e9 tirada a press\u00e3o do presidente eleito da Rep\u00fablica, Luiz In\u00e1cio Lula da Silva (PT), para <strong>aprovar a PEC da Transi\u00e7\u00e3o.<\/strong> Desta forma, caso ele opte por um plano B para financiar o pagamento de R$ 600 do benef\u00edcio, ele ter\u00e1 agora maior seguran\u00e7a jur\u00eddica.<\/p>\n\n\n\n<p>A <strong>decis\u00e3o de Gilmar<\/strong> <strong>Mendes<\/strong> ocorre em meio \u00e0 dificuldade do governo eleito em negociar a PEC da Transi\u00e7\u00e3o na C\u00e2mara, pela press\u00e3o do Centr\u00e3o por cargos na Esplanada dos Minist\u00e9rios em troca de apoio \u00e0 proposta. O plano B de Lula, respaldado pela decis\u00e3o do ministro, \u00e9 a abertura de um cr\u00e9dito extraordin\u00e1rio por meio de uma medida provis\u00f3ria (MP) para bancar o programa.<\/p>\n\n\n\n<p>A PEC, por\u00e9m, deve continuar a ser o plano A do novo governo, afirmou nesta segunda-feira o futuro ministro da Fazenda, Fernando Haddad. O <strong>parecer de Gilmar Mendes<\/strong> sobre a PEC da Transi\u00e7\u00e3o tamb\u00e9m abre caminho para que a C\u00e2mara dos Deputados tente reduzir o valor da proposta.<\/p>\n\n\n\n<h2 class=\"wp-block-heading\">Klabin finaliza venda<\/h2>\n\n\n\n<p>A <strong>Klabin <\/strong>(KLBN11), ainda na segunda (19), celebrou os procedimentos finais para venda de cerca de 8 mil hectares de florestas em p\u00e9 pelo valor de R$ 230 milh\u00f5es.<\/p>\n\n\n\n<p>A opera\u00e7\u00e3o da companhia prev\u00ea op\u00e7\u00e3o de recompra at\u00e9 2036 de at\u00e9 2,2 milh\u00f5es de metros c\u00fabicos de madeira, dos 3,2 milh\u00f5es vendidos.<\/p>\n\n\n\n<h2 class=\"wp-block-heading\" id=\"h-maiores-altas-do-ibovespa\">Maiores altas do Ibovespa<\/h2>\n\n\n\n<ul class=\"wp-block-list\">\n<li>VIIA3: +12%<\/li>\n\n\n\n<li>AMER3 +11,2<\/li>\n\n\n\n<li>MGLU3: 11%<\/li>\n\n\n\n<li>GOLL4: +9,3%<\/li>\n\n\n\n<li>NTCO3: +8,8%<\/li>\n<\/ul>\n\n\n\n<h2 class=\"wp-block-heading\" id=\"h-maiores-baixas-do-ibovespa\">Maiores baixas do Ibovespa<\/h2>\n\n\n\n<ul class=\"wp-block-list\">\n<li>MRFG3: -1,7%<\/li>\n\n\n\n<li>FLRY3 -1,5%<\/li>\n\n\n\n<li>SUZB3: 1,4%<\/li>\n\n\n\n<li>KLBN11: -0,7%<\/li>\n\n\n\n<li>ABEV3 -0,3%<\/li>\n<\/ul>\n\n\n\n<h2 class=\"wp-block-heading\" id=\"h-ultima-cotacao-do-ibovespa\">\u00daltima cota\u00e7\u00e3o do Ibovespa<\/h2>\n\n\n\n<p>O <strong>Ibovespa<\/strong> encerrou o preg\u00e3o da segunda-feira (20) em alta de 1,83% aos 104.739 pontos.<\/p>\n\n\n\t<p>\n\t\t<a href=\"https:\/\/lp.suno.com.br\/planilha-da-vida-financeira\/\" target=\"_blank\" data-element=\"shortcode-suno-banner\" title=\"Banner SUNO, clique e saiba mais\">\n\t\t\t<picture>\n\t\t\t\t<source media=\"(max-width: 500px)\" srcset=\"https:\/\/files.sunoresearch.com.br\/n\/uploads\/2023\/04\/400x300-Planilha-vida-financeira-true.png\">\n\t\t\t\t<img class=\"newsContent__article__imgCapa newsContent__article__imgCapa--banner\"\n\t\t\t\t\tsrc=\"https:\/\/files.sunoresearch.com.br\/n\/uploads\/2023\/04\/1420x240-Planilha-vida-financeira-true.png\"\n\t\t\t\t\tdata-promo-id=\"106682\"\t\t\t\t\t\t\t\t\t\twidth='1420' height='240'\t\t\t\t\talt=\"https:\/\/files.sunoresearch.com.br\/n\/uploads\/2023\/04\/1420x240-Planilha-vida-financeira-true.png\"\n\t\t\t\t>\n\t\t\t<\/picture>\n\t\t<\/a>\n\t<\/p>\n\n\n","protected":false},"excerpt":{"rendered":"<p>O Ibovespa opera em forte alta de 2,3%, aos 106.872 pontos nesta ter\u00e7a-feira (20), com varejistas na ponta positiva do \u00edndice. Apenas seis a\u00e7\u00f5es est\u00e3o no negativo: a maior queda \u00e9 da Marfrig (MRFG3), que recua 1,3%. O Ibovespa hoje, assim, segue o movimento da v\u00e9spera, com al\u00edvio nos juros futuros e ganhos para companhias [&hellip;]<\/p>\n","protected":false},"author":73,"featured_media":322230,"comment_status":"closed","ping_status":"closed","sticky":false,"template":"","format":"standard","meta":[],"categories":[60],"tags":[106946,721,106948],"suno_strategy":[],"class_list":["post-337453","post","type-post","status-publish","format-standard","has-post-thumbnail","hentry","category-mercado","tag-ibov-alta","tag-ibovespa","tag-ibovespa-abertura"],"yoast_head":"<!-- This site is optimized with the Yoast SEO plugin v24.4 - https:\/\/yoast.com\/wordpress\/plugins\/seo\/ -->\n<title>Ibovespa avan\u00e7a 1,5% aos 106 mil pontos; Via (VIIA3) dispara 7% e puxa varejistas<\/title>\n<meta name=\"description\" content=\"Clique aqui e acompanhe as principais not\u00edcias do Ibovespa e das bolsas de valores mundiais, com not\u00edcias e cota\u00e7\u00f5es de a\u00e7\u00f5es!\" \/>\n<meta name=\"robots\" content=\"index, follow, max-snippet:-1, max-image-preview:large, max-video-preview:-1\" \/>\n<link rel=\"canonical\" href=\"https:\/\/www.suno.com.br\/noticias\/ibovespa-hoje-via-viia3-20122022\/\" \/>\n<meta property=\"og:locale\" content=\"pt_BR\" \/>\n<meta property=\"og:type\" content=\"article\" \/>\n<meta property=\"og:title\" content=\"Ibovespa avan\u00e7a 1,5% aos 106 mil pontos; Via (VIIA3) dispara 7% e puxa varejistas\" \/>\n<meta property=\"og:description\" content=\"Clique aqui e acompanhe as principais not\u00edcias do Ibovespa e das bolsas de valores mundiais, com not\u00edcias e cota\u00e7\u00f5es de a\u00e7\u00f5es!\" \/>\n<meta property=\"og:url\" content=\"https:\/\/www.suno.com.br\/noticias\/ibovespa-hoje-via-viia3-20122022\/\" \/>\n<meta property=\"og:site_name\" content=\"Suno Not\u00edcias\" \/>\n<meta property=\"article:publisher\" content=\"https:\/\/facebook.com\/sunoresearch\" \/>\n<meta property=\"og:image\" content=\"https:\/\/files.sunoresearch.com.br\/n\/uploads\/2022\/11\/Ibovespa-B3-fachada.jpg\" \/>\n\t<meta property=\"og:image:width\" content=\"1200\" \/>\n\t<meta property=\"og:image:height\" content=\"800\" \/>\n\t<meta property=\"og:image:type\" content=\"image\/jpeg\" \/>\n<meta name=\"author\" content=\"Eduardo Vargas\" \/>\n<meta name=\"twitter:card\" content=\"summary_large_image\" \/>\n<meta name=\"twitter:creator\" content=\"@sunoresearch\" \/>\n<meta name=\"twitter:site\" content=\"@sunoresearch\" \/>\n<meta name=\"twitter:label1\" content=\"Escrito por\" \/>\n\t<meta name=\"twitter:data1\" content=\"Eduardo Vargas\" \/>\n\t<meta name=\"twitter:label2\" content=\"Est. tempo de leitura\" \/>\n\t<meta name=\"twitter:data2\" content=\"4 minutos\" \/>\n<script type=\"application\/ld+json\" class=\"yoast-schema-graph\">{\"@context\":\"https:\/\/schema.org\",\"@graph\":[{\"@type\":\"NewsArticle\",\"@id\":\"https:\/\/www.suno.com.br\/noticias\/ibovespa-hoje-via-viia3-20122022\/#article\",\"isPartOf\":{\"@id\":\"https:\/\/www.suno.com.br\/noticias\/ibovespa-hoje-via-viia3-20122022\/\"},\"author\":{\"name\":\"Eduardo Vargas\",\"@id\":\"https:\/\/www.suno.com.br\/noticias\/#\/schema\/person\/7f4d362bf3518e76090143ae77bb49a5\"},\"headline\":\"Ibovespa avan\u00e7a 2% aos 106 mil pontos; Via (VIIA3) sobe 11% e puxa varejistas\",\"datePublished\":\"2022-12-20T13:58:35+00:00\",\"dateModified\":\"2022-12-20T18:02:34+00:00\",\"mainEntityOfPage\":{\"@id\":\"https:\/\/www.suno.com.br\/noticias\/ibovespa-hoje-via-viia3-20122022\/\"},\"wordCount\":731,\"publisher\":{\"@id\":\"https:\/\/www.suno.com.br\/noticias\/#organization\"},\"image\":{\"@id\":\"https:\/\/www.suno.com.br\/noticias\/ibovespa-hoje-via-viia3-20122022\/#primaryimage\"},\"thumbnailUrl\":\"https:\/\/files.sunoresearch.com.br\/n\/uploads\/2022\/11\/Ibovespa-B3-fachada.jpg\",\"keywords\":[\"Ibov alta\",\"Ibovespa\",\"Ibovespa abertura\"],\"articleSection\":[\"Mercado\"],\"inLanguage\":\"pt-BR\"},{\"@type\":\"WebPage\",\"@id\":\"https:\/\/www.suno.com.br\/noticias\/ibovespa-hoje-via-viia3-20122022\/\",\"url\":\"https:\/\/www.suno.com.br\/noticias\/ibovespa-hoje-via-viia3-20122022\/\",\"name\":\"Ibovespa avan\u00e7a 1,5% aos 106 mil pontos; Via (VIIA3) dispara 7% e puxa varejistas\",\"isPartOf\":{\"@id\":\"https:\/\/www.suno.com.br\/noticias\/#website\"},\"primaryImageOfPage\":{\"@id\":\"https:\/\/www.suno.com.br\/noticias\/ibovespa-hoje-via-viia3-20122022\/#primaryimage\"},\"image\":{\"@id\":\"https:\/\/www.suno.com.br\/noticias\/ibovespa-hoje-via-viia3-20122022\/#primaryimage\"},\"thumbnailUrl\":\"https:\/\/files.sunoresearch.com.br\/n\/uploads\/2022\/11\/Ibovespa-B3-fachada.jpg\",\"datePublished\":\"2022-12-20T13:58:35+00:00\",\"dateModified\":\"2022-12-20T18:02:34+00:00\",\"description\":\"Clique aqui e acompanhe as principais not\u00edcias do Ibovespa e das bolsas de valores mundiais, com not\u00edcias e cota\u00e7\u00f5es de a\u00e7\u00f5es!\",\"breadcrumb\":{\"@id\":\"https:\/\/www.suno.com.br\/noticias\/ibovespa-hoje-via-viia3-20122022\/#breadcrumb\"},\"inLanguage\":\"pt-BR\",\"potentialAction\":[{\"@type\":\"ReadAction\",\"target\":[\"https:\/\/www.suno.com.br\/noticias\/ibovespa-hoje-via-viia3-20122022\/\"]}]},{\"@type\":\"ImageObject\",\"inLanguage\":\"pt-BR\",\"@id\":\"https:\/\/www.suno.com.br\/noticias\/ibovespa-hoje-via-viia3-20122022\/#primaryimage\",\"url\":\"https:\/\/files.sunoresearch.com.br\/n\/uploads\/2022\/11\/Ibovespa-B3-fachada.jpg\",\"contentUrl\":\"https:\/\/files.sunoresearch.com.br\/n\/uploads\/2022\/11\/Ibovespa-B3-fachada.jpg\",\"width\":1200,\"height\":800,\"caption\":\"Ibovespa hoje. foto: Divulga\u00e7\u00e3o\"},{\"@type\":\"BreadcrumbList\",\"@id\":\"https:\/\/www.suno.com.br\/noticias\/ibovespa-hoje-via-viia3-20122022\/#breadcrumb\",\"itemListElement\":[{\"@type\":\"ListItem\",\"position\":1,\"name\":\"Not\u00edcias\",\"item\":\"https:\/\/www.suno.com.br\/noticias\/\"},{\"@type\":\"ListItem\",\"position\":2,\"name\":\"Mercado\",\"item\":\"https:\/\/www.suno.com.br\/noticias\/mercado\/\"},{\"@type\":\"ListItem\",\"position\":3,\"name\":\"Ibovespa avan\u00e7a 2% aos 106 mil pontos; Via (VIIA3) sobe 11% e puxa varejistas\"}]},{\"@type\":\"WebSite\",\"@id\":\"https:\/\/www.suno.com.br\/noticias\/#website\",\"url\":\"https:\/\/www.suno.com.br\/noticias\/\",\"name\":\"Suno Not\u00edcias\",\"description\":\"Seu portal de informa\u00e7\u00e3o sobre o mundo dos investimentos\",\"publisher\":{\"@id\":\"https:\/\/www.suno.com.br\/noticias\/#organization\"},\"potentialAction\":[{\"@type\":\"SearchAction\",\"target\":{\"@type\":\"EntryPoint\",\"urlTemplate\":\"https:\/\/www.suno.com.br\/noticias\/?s={search_term_string}\"},\"query-input\":{\"@type\":\"PropertyValueSpecification\",\"valueRequired\":true,\"valueName\":\"search_term_string\"}}],\"inLanguage\":\"pt-BR\"},{\"@type\":\"Organization\",\"@id\":\"https:\/\/www.suno.com.br\/noticias\/#organization\",\"name\":\"Suno Not\u00edcias\",\"url\":\"https:\/\/www.suno.com.br\/noticias\/\",\"logo\":{\"@type\":\"ImageObject\",\"inLanguage\":\"pt-BR\",\"@id\":\"https:\/\/www.suno.com.br\/noticias\/#\/schema\/logo\/image\/\",\"url\":\"https:\/\/files.sunoresearch.com.br\/n\/uploads\/2021\/09\/suno-logo.png\",\"contentUrl\":\"https:\/\/files.sunoresearch.com.br\/n\/uploads\/2021\/09\/suno-logo.png\",\"width\":180,\"height\":180,\"caption\":\"Suno Not\u00edcias\"},\"image\":{\"@id\":\"https:\/\/www.suno.com.br\/noticias\/#\/schema\/logo\/image\/\"},\"sameAs\":[\"https:\/\/facebook.com\/sunoresearch\",\"https:\/\/x.com\/sunoresearch\",\"https:\/\/www.instagram.com\/suno\",\"https:\/\/www.linkedin.com\/company\/suno-research\/\",\"https:\/\/www.youtube.com\/c\/sunoresearch\"]},{\"@type\":\"Person\",\"@id\":\"https:\/\/www.suno.com.br\/noticias\/#\/schema\/person\/7f4d362bf3518e76090143ae77bb49a5\",\"name\":\"Eduardo Vargas\",\"image\":{\"@type\":\"ImageObject\",\"inLanguage\":\"pt-BR\",\"@id\":\"https:\/\/www.suno.com.br\/noticias\/#\/schema\/person\/image\/\",\"url\":\"https:\/\/secure.gravatar.com\/avatar\/dac340933427a22924c9f99d1eb2e3f2?s=96&r=g\",\"contentUrl\":\"https:\/\/secure.gravatar.com\/avatar\/dac340933427a22924c9f99d1eb2e3f2?s=96&r=g\",\"caption\":\"Eduardo Vargas\"},\"description\":\"Jornalista formado pela UFSC, cobre macroeconomia, neg\u00f3cios e startups para o Suno Not\u00edcias, escrevendo principalmente not\u00edcias sobre o mercado financeiro e a bolsa de valores. No YouTube e no Instagram, \u00e9 respons\u00e1vel pela produ\u00e7\u00e3o de Reels e Shorts do Suno Not\u00edcias. Anteriormente, trabalhou cobrindo economia e cotidiano no ND+ e para o ND, maior jornal impresso de Santa Catarina. Cursou um semestre letivo de Estudos de M\u00eddia na Universidad de Buenos Aires.\",\"url\":\"https:\/\/www.suno.com.br\/noticias\/author\/eduardo-vargas\/\"}]}<\/script>\n<!-- \/ Yoast SEO plugin. -->","yoast_head_json":{"title":"Ibovespa avan\u00e7a 1,5% aos 106 mil pontos; Via (VIIA3) dispara 7% e puxa varejistas","description":"Clique aqui e acompanhe as principais not\u00edcias do Ibovespa e das bolsas de valores mundiais, com not\u00edcias e cota\u00e7\u00f5es de a\u00e7\u00f5es!","robots":{"index":"index","follow":"follow","max-snippet":"max-snippet:-1","max-image-preview":"max-image-preview:large","max-video-preview":"max-video-preview:-1"},"canonical":"https:\/\/www.suno.com.br\/noticias\/ibovespa-hoje-via-viia3-20122022\/","og_locale":"pt_BR","og_type":"article","og_title":"Ibovespa avan\u00e7a 1,5% aos 106 mil pontos; Via (VIIA3) dispara 7% e puxa varejistas","og_description":"Clique aqui e acompanhe as principais not\u00edcias do Ibovespa e das bolsas de valores mundiais, com not\u00edcias e cota\u00e7\u00f5es de a\u00e7\u00f5es!","og_url":"https:\/\/www.suno.com.br\/noticias\/ibovespa-hoje-via-viia3-20122022\/","og_site_name":"Suno Not\u00edcias","article_publisher":"https:\/\/facebook.com\/sunoresearch","og_image":[{"width":1200,"height":800,"url":"https:\/\/files.sunoresearch.com.br\/n\/uploads\/2022\/11\/Ibovespa-B3-fachada.jpg","type":"image\/jpeg"}],"author":"Eduardo Vargas","twitter_card":"summary_large_image","twitter_creator":"@sunoresearch","twitter_site":"@sunoresearch","twitter_misc":{"Escrito por":"Eduardo Vargas","Est. tempo de leitura":"4 minutos"},"schema":{"@context":"https:\/\/schema.org","@graph":[{"@type":"NewsArticle","@id":"https:\/\/www.suno.com.br\/noticias\/ibovespa-hoje-via-viia3-20122022\/#article","isPartOf":{"@id":"https:\/\/www.suno.com.br\/noticias\/ibovespa-hoje-via-viia3-20122022\/"},"author":{"name":"Eduardo Vargas","@id":"https:\/\/www.suno.com.br\/noticias\/#\/schema\/person\/7f4d362bf3518e76090143ae77bb49a5"},"headline":"Ibovespa avan\u00e7a 2% aos 106 mil pontos; Via (VIIA3) sobe 11% e puxa varejistas","datePublished":"2022-12-20T13:58:35+00:00","dateModified":"2022-12-20T18:02:34+00:00","mainEntityOfPage":{"@id":"https:\/\/www.suno.com.br\/noticias\/ibovespa-hoje-via-viia3-20122022\/"},"wordCount":731,"publisher":{"@id":"https:\/\/www.suno.com.br\/noticias\/#organization"},"image":{"@id":"https:\/\/www.suno.com.br\/noticias\/ibovespa-hoje-via-viia3-20122022\/#primaryimage"},"thumbnailUrl":"https:\/\/files.sunoresearch.com.br\/n\/uploads\/2022\/11\/Ibovespa-B3-fachada.jpg","keywords":["Ibov alta","Ibovespa","Ibovespa abertura"],"articleSection":["Mercado"],"inLanguage":"pt-BR"},{"@type":"WebPage","@id":"https:\/\/www.suno.com.br\/noticias\/ibovespa-hoje-via-viia3-20122022\/","url":"https:\/\/www.suno.com.br\/noticias\/ibovespa-hoje-via-viia3-20122022\/","name":"Ibovespa avan\u00e7a 1,5% aos 106 mil pontos; Via (VIIA3) dispara 7% e puxa varejistas","isPartOf":{"@id":"https:\/\/www.suno.com.br\/noticias\/#website"},"primaryImageOfPage":{"@id":"https:\/\/www.suno.com.br\/noticias\/ibovespa-hoje-via-viia3-20122022\/#primaryimage"},"image":{"@id":"https:\/\/www.suno.com.br\/noticias\/ibovespa-hoje-via-viia3-20122022\/#primaryimage"},"thumbnailUrl":"https:\/\/files.sunoresearch.com.br\/n\/uploads\/2022\/11\/Ibovespa-B3-fachada.jpg","datePublished":"2022-12-20T13:58:35+00:00","dateModified":"2022-12-20T18:02:34+00:00","description":"Clique aqui e acompanhe as principais not\u00edcias do Ibovespa e das bolsas de valores mundiais, com not\u00edcias e cota\u00e7\u00f5es de a\u00e7\u00f5es!","breadcrumb":{"@id":"https:\/\/www.suno.com.br\/noticias\/ibovespa-hoje-via-viia3-20122022\/#breadcrumb"},"inLanguage":"pt-BR","potentialAction":[{"@type":"ReadAction","target":["https:\/\/www.suno.com.br\/noticias\/ibovespa-hoje-via-viia3-20122022\/"]}]},{"@type":"ImageObject","inLanguage":"pt-BR","@id":"https:\/\/www.suno.com.br\/noticias\/ibovespa-hoje-via-viia3-20122022\/#primaryimage","url":"https:\/\/files.sunoresearch.com.br\/n\/uploads\/2022\/11\/Ibovespa-B3-fachada.jpg","contentUrl":"https:\/\/files.sunoresearch.com.br\/n\/uploads\/2022\/11\/Ibovespa-B3-fachada.jpg","width":1200,"height":800,"caption":"Ibovespa hoje. foto: Divulga\u00e7\u00e3o"},{"@type":"BreadcrumbList","@id":"https:\/\/www.suno.com.br\/noticias\/ibovespa-hoje-via-viia3-20122022\/#breadcrumb","itemListElement":[{"@type":"ListItem","position":1,"name":"Not\u00edcias","item":"https:\/\/www.suno.com.br\/noticias\/"},{"@type":"ListItem","position":2,"name":"Mercado","item":"https:\/\/www.suno.com.br\/noticias\/mercado\/"},{"@type":"ListItem","position":3,"name":"Ibovespa avan\u00e7a 2% aos 106 mil pontos; Via (VIIA3) sobe 11% e puxa varejistas"}]},{"@type":"WebSite","@id":"https:\/\/www.suno.com.br\/noticias\/#website","url":"https:\/\/www.suno.com.br\/noticias\/","name":"Suno Not\u00edcias","description":"Seu portal de informa\u00e7\u00e3o sobre o mundo dos investimentos","publisher":{"@id":"https:\/\/www.suno.com.br\/noticias\/#organization"},"potentialAction":[{"@type":"SearchAction","target":{"@type":"EntryPoint","urlTemplate":"https:\/\/www.suno.com.br\/noticias\/?s={search_term_string}"},"query-input":{"@type":"PropertyValueSpecification","valueRequired":true,"valueName":"search_term_string"}}],"inLanguage":"pt-BR"},{"@type":"Organization","@id":"https:\/\/www.suno.com.br\/noticias\/#organization","name":"Suno Not\u00edcias","url":"https:\/\/www.suno.com.br\/noticias\/","logo":{"@type":"ImageObject","inLanguage":"pt-BR","@id":"https:\/\/www.suno.com.br\/noticias\/#\/schema\/logo\/image\/","url":"https:\/\/files.sunoresearch.com.br\/n\/uploads\/2021\/09\/suno-logo.png","contentUrl":"https:\/\/files.sunoresearch.com.br\/n\/uploads\/2021\/09\/suno-logo.png","width":180,"height":180,"caption":"Suno Not\u00edcias"},"image":{"@id":"https:\/\/www.suno.com.br\/noticias\/#\/schema\/logo\/image\/"},"sameAs":["https:\/\/facebook.com\/sunoresearch","https:\/\/x.com\/sunoresearch","https:\/\/www.instagram.com\/suno","https:\/\/www.linkedin.com\/company\/suno-research\/","https:\/\/www.youtube.com\/c\/sunoresearch"]},{"@type":"Person","@id":"https:\/\/www.suno.com.br\/noticias\/#\/schema\/person\/7f4d362bf3518e76090143ae77bb49a5","name":"Eduardo Vargas","image":{"@type":"ImageObject","inLanguage":"pt-BR","@id":"https:\/\/www.suno.com.br\/noticias\/#\/schema\/person\/image\/","url":"https:\/\/secure.gravatar.com\/avatar\/dac340933427a22924c9f99d1eb2e3f2?s=96&r=g","contentUrl":"https:\/\/secure.gravatar.com\/avatar\/dac340933427a22924c9f99d1eb2e3f2?s=96&r=g","caption":"Eduardo Vargas"},"description":"Jornalista formado pela UFSC, cobre macroeconomia, neg\u00f3cios e startups para o Suno Not\u00edcias, escrevendo principalmente not\u00edcias sobre o mercado financeiro e a bolsa de valores. No YouTube e no Instagram, \u00e9 respons\u00e1vel pela produ\u00e7\u00e3o de Reels e Shorts do Suno Not\u00edcias. Anteriormente, trabalhou cobrindo economia e cotidiano no ND+ e para o ND, maior jornal impresso de Santa Catarina. Cursou um semestre letivo de Estudos de M\u00eddia na Universidad de Buenos Aires.","url":"https:\/\/www.suno.com.br\/noticias\/author\/eduardo-vargas\/"}]}},"default_loop_html":"<div class=\"cardsPage__listCard__boxs\"><div class=\"cardsPage__listCard__boxs__img\"><a href=\"https:\/\/www.suno.com.br\/noticias\/ibovespa-hoje-via-viia3-20122022\/\"><img class=\"mask\" src=\"https:\/\/www.suno.com.br\/noticias\/wp-content\/themes\/suno\/resources\/images\/spotlight\/spotlight1img\/bg-mask.png\" alt=\"Image Mask\"\/><img src=\"https:\/\/files.sunoresearch.com.br\/n\/uploads\/2022\/11\/Ibovespa-B3-fachada-400x200.jpg\" alt=\"Ibovespa avan\u00e7a 2% aos 106 mil pontos; Via (VIIA3) sobe 11% e puxa varejistas\"\/><\/a><span class=\"spotlightCategory\"><a href=\"https:\/\/www.suno.com.br\/noticias\/mercado\/\">Mercado<\/a><\/span><\/div><div class=\"cardsPage__listCard__boxs__content\"><a href=\"https:\/\/www.suno.com.br\/noticias\/ibovespa-hoje-via-viia3-20122022\/\"><h2 class=\"content__title\">Ibovespa avan\u00e7a 2% aos 106 mil pontos; Via (VIIA3) sobe 11% e puxa varejistas<\/h2><\/a><div class=\"newsContent__article__meta\"><div class=\"newsContent__article__meta__authorBox\"><a href=\"https:\/\/www.suno.com.br\/noticias\/author\/eduardo-vargas\/\" class=\"authorBox__avatar noMobi\"><img src=\"https:\/\/secure.gravatar.com\/avatar\/dac340933427a22924c9f99d1eb2e3f2?s=96&#038;r=g\" alt=\"Eduardo Vargas\"><\/a><div class=\"authorBox__name\"><span>por\n\t\t\t<a href=\"https:\/\/www.suno.com.br\/noticias\/author\/eduardo-vargas\/\"><span itemprop=\"author\">Eduardo Vargas<\/span><\/a><\/span><time datetime=\"2022-12-20T10:58:35-03:00\" itemprop=\"datePublished\">20\/12\/2022 10:58<\/time><\/div><\/div><\/div><\/div><\/div>","single_layout":"posts","amp_enabled":true,"_links":{"self":[{"href":"https:\/\/www.suno.com.br\/noticias\/wp-json\/wp\/v2\/posts\/337453"}],"collection":[{"href":"https:\/\/www.suno.com.br\/noticias\/wp-json\/wp\/v2\/posts"}],"about":[{"href":"https:\/\/www.suno.com.br\/noticias\/wp-json\/wp\/v2\/types\/post"}],"author":[{"embeddable":true,"href":"https:\/\/www.suno.com.br\/noticias\/wp-json\/wp\/v2\/users\/73"}],"replies":[{"embeddable":true,"href":"https:\/\/www.suno.com.br\/noticias\/wp-json\/wp\/v2\/comments?post=337453"}],"version-history":[{"count":3,"href":"https:\/\/www.suno.com.br\/noticias\/wp-json\/wp\/v2\/posts\/337453\/revisions"}],"predecessor-version":[{"id":337637,"href":"https:\/\/www.suno.com.br\/noticias\/wp-json\/wp\/v2\/posts\/337453\/revisions\/337637"}],"wp:featuredmedia":[{"embeddable":true,"href":"https:\/\/www.suno.com.br\/noticias\/wp-json\/wp\/v2\/media\/322230"}],"wp:attachment":[{"href":"https:\/\/www.suno.com.br\/noticias\/wp-json\/wp\/v2\/media?parent=337453"}],"wp:term":[{"taxonomy":"category","embeddable":true,"href":"https:\/\/www.suno.com.br\/noticias\/wp-json\/wp\/v2\/categories?post=337453"},{"taxonomy":"post_tag","embeddable":true,"href":"https:\/\/www.suno.com.br\/noticias\/wp-json\/wp\/v2\/tags?post=337453"},{"taxonomy":"suno_strategy","embeddable":true,"href":"https:\/\/www.suno.com.br\/noticias\/wp-json\/wp\/v2\/suno_strategy?post=337453"}],"curies":[{"name":"wp","href":"https:\/\/api.w.org\/{rel}","templated":true}]}}