{"id":337371,"date":"2022-12-19T22:53:27","date_gmt":"2022-12-20T01:53:27","guid":{"rendered":"https:\/\/www.suno.com.br\/noticias\/?p=337371"},"modified":"2022-12-19T22:55:01","modified_gmt":"2022-12-20T01:55:01","slug":"radar-b3-b3sa3-rede-dor-rdor3-hypera-hype3-jcp","status":"publish","type":"post","link":"https:\/\/www.suno.com.br\/noticias\/radar-b3-b3sa3-rede-dor-rdor3-hypera-hype3-jcp\/","title":{"rendered":"Radar: B3 (B3SA3) pagar\u00e1 proventos milion\u00e1rios; ANS aprova compra da Rede D&#8217;Or (RDOR3) e Hypera (HYPE3) vai distribuir R$ 194,7 mi em JCP"},"content":{"rendered":"<p>O&nbsp;<a href=\"https:\/\/www.suno.com.br\/artigos\/conselho-administracao\/\" target=\"_blank\" rel=\"noreferrer noopener\">conselho de administra\u00e7\u00e3o<\/a>&nbsp;da <strong>B3 (<a href=\"https:\/\/www.suno.com.br\/acoes\/b3sa3\/\" target=\"_blank\" rel=\"noreferrer noopener\">B3SA3<\/a>)<\/strong> aprovou o pagamento de&nbsp;<strong>juros sobre o capital pr\u00f3prio (JCP)<\/strong>&nbsp;no valor de R$ 370,1 milh\u00f5es. Em&nbsp;<a href=\"https:\/\/www.suno.com.br\/artigos\/fato-relevante\/\" target=\"_blank\" rel=\"noreferrer noopener\">fato relevante<\/a>&nbsp;divulgado nesta segunda-feira (19), a empresa tamb\u00e9m informou o&nbsp;pagamento de dividendos&nbsp;no montante de R$ 140 milh\u00f5es.<\/p>\t<div class=\"wrapper-featured-image\">\n\t\t<figure class=\"spotlightImg\">\n\n\t\t\t<picture>\n\t\t\t\t<source media=\"(max-width: 768px)\" srcset=\"https:\/\/files.sunoresearch.com.br\/n\/uploads\/2022\/12\/Ibovespa-B3-Divulgacao-400x200.jpg\">\n\t\t\t\t<img loading=\"lazy\" decoding=\"async\" class=\"newsContent__article__imgCapa lazyloadDisabled \" src=\"https:\/\/files.sunoresearch.com.br\/n\/uploads\/2022\/12\/Ibovespa-B3-Divulgacao-800x450.jpg\" width=\"800\" height=\"450\" alt=\"Radar: B3 (B3SA3) pagar\u00e1 proventos milion\u00e1rios; ANS aprova compra da Rede D&#8217;Or (RDOR3) e Hypera (HYPE3) vai distribuir R$ 194,7 mi em JCP\" fetchpriority=high \/>\n\t\t\t<\/picture>\n\n\t\t\t<figcaption class=\"wp-caption-text wp-caption-text--show\">Ibovespa cai. Foto: Divulga\u00e7\u00e3o<\/figcaption>\n\t\t<\/figure>\n\t<\/div>\n\n\n\n\n\n\t<p>\n\t\t<a href=\"\" target=\"_blank\" data-element=\"shortcode-suno-banner\" title=\"Banner SUNO, clique e saiba mais\">\n\t\t\t<picture>\n\t\t\t\t<source media=\"(max-width: 500px)\" srcset=\"\">\n\t\t\t\t<img class=\"newsContent__article__imgCapa newsContent__article__imgCapa--banner\"\n\t\t\t\t\tsrc=\"\"\n\t\t\t\t\tdata-promo-id=\"138420\"\t\t\t\t\t\t\t\t\t\t\t\t\t\t\talt=\"\"\n\t\t\t\t>\n\t\t\t<\/picture>\n\t\t<\/a>\n\t<\/p>\n\n\n\n\n\n<p>Segundo o comunicado, ser\u00e1 pago em JCP o valor bruto de R$ 0,06382260 por <strong>a\u00e7\u00e3o da B3<\/strong> \u2014 com a dedu\u00e7\u00e3o do imposto de renda, o valor l\u00edquido por a\u00e7\u00e3o ser\u00e1 de R$ 0,05424921. O pagamento ocorrer\u00e1 em 13 de janeiro de 2023.<\/p>\n\n\n\n<p>Ter\u00e3o direito aos&nbsp;<strong>JCP da <strong>B3 (B3SA3)<\/strong><\/strong>&nbsp;todos os acionistas com base acion\u00e1ria no dia 29 de dezembro de 2022. A partir do dia 2 de janeiro \u201cas a\u00e7\u00f5es ser\u00e3o negociadas \u2018ex&nbsp;<a href=\"https:\/\/www.suno.com.br\/artigos\/entenda-o-jcp\/\" target=\"_blank\" rel=\"noreferrer noopener\">juros sobre capital pr\u00f3prio<\/a>\u2018&#8221;, pontua o comunicado.<\/p>\n\n\n\n<h2 class=\"wp-block-heading\" id=\"h-jcp-da-b3-b3sa3\">JCP da B3 (B3SA3)<\/h2>\n\n\n\n<ul class=\"wp-block-list\">\n<li>Valor total: R$ 370.100.000,00<\/li>\n\n\n\n<li>Valor por a\u00e7\u00e3o: R$ 0,06382260<\/li>\n\n\n\n<li>Data de corte: 29 de dezembro de 2022<\/li>\n\n\n\n<li>Data do pagamento: 13 de janeiro de 2023<\/li>\n<\/ul>\n\n\n\n<p>J\u00e1 em rela\u00e7\u00e3o aos&nbsp;<strong>dividendos<\/strong>&nbsp;<strong>da B3 (B3SA3)<\/strong>, que acumulam um valor de R$ 140 milh\u00f5es, ser\u00e1 pago R$ 0,024 por a\u00e7\u00e3o. Ter\u00e3o direito aos <strong>proventos da B3<\/strong> todos os acionistas com base acion\u00e1ria no dia 22 de dezembro. A partir do dia 23 de dezembro de 2022 as a\u00e7\u00f5es n\u00e3o dar\u00e3o mais direito aos dividendos.<\/p>\n\n\n\n<p>O pagamento dever\u00e1 ocorrer em 29 de dezembro de 2022.<\/p>\n\n\n\n<p>Segundo documento arquivado na Comiss\u00e3o de Valores Mobili\u00e1rios (CVM), tanto os proventos do JCP quanto dos&nbsp;<a href=\"https:\/\/www.suno.com.br\/guias\/dividendos\/\" target=\"_blank\" rel=\"noreferrer noopener\">dividendos<\/a>&nbsp;fazem parte&nbsp;dos pagamentos obrigat\u00f3rios do exerc\u00edcio de 2022.<\/p>\n\n\n\n<h2 class=\"wp-block-heading\" id=\"h-dividendos-da-b3\">Dividendos da B3<\/h2>\n\n\n\n<ul class=\"wp-block-list\">\n<li><strong>Valor total:<\/strong>&nbsp;R$ 140.000.000,00<\/li>\n\n\n\n<li><strong>Valor por a\u00e7\u00e3o:<\/strong>&nbsp;R$ 0,02414257<\/li>\n\n\n\n<li><strong>Data de corte:<\/strong>&nbsp;22 de dezembro de 2022<\/li>\n\n\n\n<li><strong>Data do pagamento:<\/strong>&nbsp;29 de dezembro de 2022<\/li>\n\n\n\n<li><strong>Rendimento (dividend yield) do pagamento:<\/strong>&nbsp;4,92%<\/li>\n<\/ul>\n\n\n\n<p>No preg\u00e3o de hoje, a cota\u00e7\u00e3o das&nbsp;<strong>a\u00e7\u00f5es da B3 (B3SA3)<\/strong>&nbsp;subiu 6,43%, para R$ 12,09. No ano, o papel acumula alta de 5,31%.<\/p>\n\n\n\n<h2 class=\"wp-block-heading\" id=\"h-bolsa-estima-desembolsar-ate-r-2-7-bilhoes-no-ano-de-2023\">Bolsa estima desembolsar at\u00e9 R$ 2,7 bilh\u00f5es no ano de 2023<\/h2>\n\n\n\n<p>De acordo com as informa\u00e7\u00f5es financeiras mais recentes da B3, relativas ao terceiro trimestre de 2022 (3T22), a empresa tinha reservas de capital no valor de R$ 7,9 bilh\u00f5es. Al\u00e9m disso, os&nbsp;<strong>investimentos da B3<\/strong>&nbsp;no neg\u00f3cio principal devem totalizar entre R$ 180 milh\u00f5es e 230 milh\u00f5es.<\/p>\n\n\n\n<p>O valor estimado que pode ser consumido por despesas com novos neg\u00f3cios \u00e9 de R$ 595 milh\u00f5es a R$ 665 milh\u00f5es, al\u00e9m de R$ 20 milh\u00f5es a 60 milh\u00f5es em investimentos. Para 2023, a estimativa de recursos que devem ser destinados a despesas relacionadas ao faturamento \u00e9 de R$ 240 milh\u00f5es a 320 milh\u00f5es.<\/p>\n\n\n\n<p>Outra estimativa da B3 \u00e9 de que os valores para&nbsp;<a href=\"https:\/\/www.suno.com.br\/artigos\/depreciacao-amortizacao\/\" target=\"_blank\" rel=\"noreferrer noopener\">deprecia\u00e7\u00e3o e amortiza\u00e7\u00e3o<\/a>&nbsp;totalizem de R$ 975 milh\u00f5es a R$ 1,055 bilh\u00e3o, com a proje\u00e7\u00e3o de ter uma&nbsp;<a href=\"https:\/\/www.suno.com.br\/artigos\/alavancagem-financeira\/\" target=\"_blank\" rel=\"noreferrer noopener\">alavancagem financeira<\/a>&nbsp;de 1,9 vez, resultante na divis\u00e3o entre a&nbsp;<strong><a href=\"https:\/\/www.suno.com.br\/artigos\/divida-bruta\/\" target=\"_blank\" rel=\"noreferrer noopener\">d\u00edvida bruta<\/a>&nbsp;da B3<\/strong>&nbsp;e seu Ebitda recorrente.<\/p>\n\n\n\n<p>A&nbsp;<strong>B3&nbsp;<\/strong>tamb\u00e9m projeta distribuir de 110% a 140% do&nbsp;<a href=\"https:\/\/www.suno.com.br\/artigos\/lucro-liquido\/\" target=\"_blank\" rel=\"noreferrer noopener\">lucro l\u00edquido<\/a>&nbsp;aos seus acionistas no ano que vem.<\/p>\n\n\n\n<p><em>Al\u00e9m da<\/em><strong><em>&nbsp;B3<\/em><\/strong><em>, confira outros destaques desta segunda-feira<\/em>:<a href=\"https:\/\/lp.suno.com.br\/cl\/sr-guia-como-investir-em-2023\/\" target=\"_blank\" rel=\"noreferrer noopener\"><\/a><\/p>\n\n\n\t<p>\n\t\t<a href=\"https:\/\/lp.suno.com.br\/planilha-controle-gastos\/\" target=\"_blank\" data-element=\"shortcode-suno-banner\" title=\"Banner SUNO, clique e saiba mais\">\n\t\t\t<picture>\n\t\t\t\t<source media=\"(max-width: 500px)\" srcset=\"https:\/\/files.sunoresearch.com.br\/n\/uploads\/2023\/03\/400x300-Planilha-controle-de-gastos.png\">\n\t\t\t\t<img class=\"newsContent__article__imgCapa newsContent__article__imgCapa--banner\"\n\t\t\t\t\tsrc=\"https:\/\/files.sunoresearch.com.br\/n\/uploads\/2023\/03\/1420x240-Planilha-controle-de-gastos.png\"\n\t\t\t\t\tdata-promo-id=\"101751\"\t\t\t\t\t\t\t\t\t\twidth='1420' height='240'\t\t\t\t\talt=\"https:\/\/files.sunoresearch.com.br\/n\/uploads\/2023\/03\/1420x240-Planilha-controle-de-gastos.png\"\n\t\t\t\t>\n\t\t\t<\/picture>\n\t\t<\/a>\n\t<\/p>\n\n\n\n\n\n<h2 class=\"wp-block-heading\">Rede D&#8217;Or (RDOR3): compra da SulAm\u00e9rica (SULA11) \u00e9 aprovada pela ANS com restri\u00e7\u00f5es<\/h2>\n\n\n\n<ul class=\"wp-block-list\">\n<li>A Ag\u00eancia Nacional de Sa\u00fade Suplementar (ANS) aprovou a incorpora\u00e7\u00e3o da <a class=\"suno-keyword\" data-force=\"yes\" data-priority=\"2\" href=\"https:\/\/www.suno.com.br\/acoes\/SULA11\/\" target=\"_blank\" rel=\"noopener\">SulAm\u00e9rica (SULA11)<\/a>, operadora de planos de sa\u00fade, pela <a class=\"suno-keyword\" data-force=\"yes\" data-priority=\"2\" href=\"https:\/\/www.suno.com.br\/acoes\/RDOR3\/\" target=\"_blank\" rel=\"noopener\"><strong>Rede D&#8217;Or <\/strong>(RDOR3)<\/a>, com restri\u00e7\u00f5es.<\/li>\n\n\n\n<li>Na semana passada, o Conselho Administrativo de Defesa Econ\u00f4mica (Cade) tinha aprovado oficialmente a opera\u00e7\u00e3o sem restri\u00e7\u00f5es. <\/li>\n\n\n\n<li>A Rede D&#8217;Or possui cerca de 30% do capital da <strong>Qualicorp<\/strong> (QUAL4), administradora de planos de sa\u00fade. Analistas disseram que havia possibilidade de a Rede D&#8217;Or ser for\u00e7ada a vender a fatia na Qualicorp, pelo risco de troca de informa\u00e7\u00f5es relevantes entre as empresas.<\/li>\n\n\n\n<li>Entretanto, as condi\u00e7\u00f5es da ANS para a <strong>incorpora\u00e7\u00e3o da SulAm\u00e9rica<\/strong> pela Rede D&#8217;or foram mais brandas do que o mercado esperava. As restri\u00e7\u00f5es definidas pela ANS para a <strong>opera\u00e7\u00e3o da Rede D&#8217;Or<\/strong> e da SulAm\u00e9rica<strong> <\/strong>s\u00e3o:<\/li>\n\n\n\n<li>Que o representante da Rede D\u2019Or S\u00e3o Luiz S.A. no Conselho de Administra\u00e7\u00e3o da Qualicorp (QUAL3) se abstenha de votar em assuntos que deliberem exclusivamente sobre as operadoras da SulAm\u00e9rica.<\/li>\n\n\n\n<li>Que a Qualicorp n\u00e3o comercialize exclusivamente os planos de sa\u00fade das operadoras da SulAm\u00e9rica.<\/li>\n\n\n\n<li>Que os planos da SulAm\u00e9rica n\u00e3o sejam comercializados apenas pela Qualicorp.<\/li>\n\n\n\n<li>A ANS tamb\u00e9m determinou que seja realizado, no prazo de 30 dias, a contar desta segunda-feira (19), medidas para &#8220;saneamento econ\u00f4mico-financeiro&#8221; da Paran\u00e1 Cl\u00ednicas, empresa da SulAm\u00e9rica.<\/li>\n\n\n\n<li>A ag\u00eancia tamb\u00e9m estabeleceu que a opera\u00e7\u00e3o seja monitorada por 2 anos ap\u00f3s a aprova\u00e7\u00e3o, podendo solicitar relat\u00f3rios que subsidiem o acompanhamento.<\/li>\n\n\n\n<li><strong>Qualicorp sobe 15% na bolsa<\/strong><\/li>\n\n\n\n<li>Depois da aprova\u00e7\u00e3o da ANS ser anunciada, as a\u00e7\u00f5es da Qualicorp subiram cerca de 15%. O Ita\u00fa BBA afirmou que as restri\u00e7\u00f5es anunciadas estabeleceram condi\u00e7\u00f5es melhores do que se estimava.<\/li>\n\n\n\n<li>A&nbsp;<strong>aquisi\u00e7\u00e3o da&nbsp;SulAm\u00e9rica<\/strong>, avaliada em R$ 15 bilh\u00f5es, foi anunciada em fevereiro pela Rede D\u2019Or. Em novembro, o&nbsp;<strong>Cade&nbsp;<\/strong>recomendou aval \u00e0 transa\u00e7\u00e3o sem restri\u00e7\u00f5es. A Superintend\u00eancia de Seguros Privados (Susep) tamb\u00e9m aprovou a&nbsp;<strong>fus\u00e3o entre as empresas<\/strong>&nbsp;em agosto.<\/li>\n\n\n\n<li>Os conselheiros do Cade entenderam que n\u00e3o procediam os questionamentos apresentados no processo por hospitais e planos de sa\u00fade de que a opera\u00e7\u00e3o poderia prejudicar a concorr\u00eancia.<\/li>\n\n\n\n<li>O Cade recomendou, no entanto, \u00e0 Ag\u00eancia Nacional de Sa\u00fade Suplementar (ANS) que adotasse uma  norma espec\u00edfica para mitigar o risco de trocas de informa\u00e7\u00f5es sens\u00edveis entre hospitais, como a Rede D\u2019Or, e planos de sa\u00fade, como a SulAm\u00e9rica, que perten\u00e7am a um mesmo grupo.<\/li>\n\n\n\n<li>Em seu voto, o relator do caso, Luiz Hoffmann, destacou que a participa\u00e7\u00e3o de mercado da Rede D\u2019Or e da SulAm\u00e9rica, na grande maioria dos munic\u00edpios em que elas atuam, n\u00e3o ultrapassa os 20%, limite acima do qual o Cade considera que pode haver excesso de concentra\u00e7\u00e3o. \u201cN\u00e3o h\u00e1 elementos que justifiquem interven\u00e7\u00e3o do Cade, sob pena de inviabilizar poss\u00edveis efeitos ben\u00e9ficos aos consumidores\u201d, afirmou.<\/li>\n\n\n\n<li>Hoffmann tamb\u00e9m ressaltou que h\u00e1 outros casos de&nbsp;<strong>planos de sa\u00fade<\/strong>&nbsp;que t\u00eam participa\u00e7\u00e3o em hospitais e vice-versa. \u201cDe todo modo, entendo que cabe ao Cade monitorar o setor, e esse conselho devera agir caso haja ind\u00edcios de pratica discriminat\u00f3ria\u201d, acrescentou.<\/li>\n\n\n\n<li><strong>A\u00e7\u00f5es da Rede D&#8217;Or<\/strong><\/li>\n\n\n\n<li>As a\u00e7\u00f5es da<strong> Rede D&#8217;Or <\/strong>fecharam em alta de 4,69%, cotadas a R$ 26,10. As units da SulAm\u00e9rica subiram 4,93%, cotadas a R$ 19,59.<\/li>\n<\/ul>\n\n\n\n<h2 class=\"wp-block-heading\">Equatorial (EQTL3) pagar\u00e1 dividendos de R$ 704 milh\u00f5es; confira data<\/h2>\n\n\n\n<ul class=\"wp-block-list\">\n<li>Conforme <a href=\"https:\/\/www.suno.com.br\/noticias\/equatorial-eqtl3-704-mi-dividendos\/\" target=\"_blank\" rel=\"noreferrer noopener\">anunciado em abril<\/a>, a <strong>Equatorial (<a href=\"https:\/\/www.suno.com.br\/acoes\/eqtl3\/\" target=\"_blank\" rel=\"noreferrer noopener\">EQTL3<\/a><\/strong>) refor\u00e7ou nesta segunda-feira (19) o pagamento de <a class=\"suno-keyword\" data-force=\"no\" data-priority=\"1\" href=\"https:\/\/www.suno.com.br\/guias\/dividendos\/\" target=\"_blank\" rel=\"noopener\">dividendos<\/a> de R$ 704 milh\u00f5es. Em <a class=\"suno-keyword\" data-force=\"no\" data-priority=\"1\" href=\"https:\/\/www.suno.com.br\/artigos\/fato-relevante\/\" target=\"_blank\" rel=\"noopener\">fato relevante<\/a>, a companhia estabeleceu a data de pagamento dos proventos.<\/li>\n\n\n\n<li>O valor dos&nbsp;<strong>dividendos da Equatorial<\/strong>&nbsp;por a\u00e7\u00e3o ser\u00e1 de R$ 0,64 que ser\u00e3o pagos no dia 29 de dezembro de 2022.<\/li>\n\n\n\n<li>Apenas os investidores com&nbsp;<strong>a\u00e7\u00f5es da <strong>EQTL3<\/strong> <\/strong>no dia 29 de abril de 2022 ter\u00e3o direito de receber os&nbsp;<strong>rendimentos<\/strong>. A partir de 2 de maio, as a\u00e7\u00f5es passaram a ser negociadas sem direito aos&nbsp;<a href=\"https:\/\/www.suno.com.br\/guias\/dividendos\/\" target=\"_blank\" rel=\"noreferrer noopener\">dividendos<\/a>.<\/li>\n\n\n\n<li>Segundo documento arquivado na&nbsp;<strong>Comiss\u00e3o de Valores Mobili\u00e1rios (CVM)<\/strong>, esses proventos fazem parte dos <a class=\"suno-keyword\" target=\"_blank\" data-force=\"no\" data-priority=\"1\" href=\"https:\/\/www.suno.com.br\/guias\/dividendos\/\" rel=\"noopener\">dividendos<\/a> obrigat\u00f3rios do exerc\u00edcio de 2022.<\/li>\n\n\n\n<li><strong>Dividendos da Equatorial (EQTL3)<\/strong><\/li>\n\n\n\n<li>Valor total: R$ 704.041.270,40<\/li>\n\n\n\n<li>Valor por a\u00e7\u00e3o: R$ 0,64<\/li>\n\n\n\n<li>Data de corte: 29 de abril de 2022<\/li>\n\n\n\n<li>Data do pagamento: 29 de dezembro de 2022<\/li>\n\n\n\n<li>Rendimento (dividend yield): 2,41%<\/li>\n\n\n\n<li>No preg\u00e3o desta segunda-feira, os <strong>ativos da Equatorial <\/strong>subiram 1,22%, negociados a R$ 26,55. No ano, o <strong>papel EQTL3<\/strong> acumula uma valoriza\u00e7\u00e3o de 14,84%.<\/li>\n\n\n\n<li><strong>&#8220;\u00d3timo desempenho operacional no 3T23\u201d, diz XP<\/strong><\/li>\n\n\n\n<li>Ap\u00f3s a Equatorial divulgar os resultados do terceiro trimestre de 2022, a XP afirmou que os n\u00fameros superaram as estimativas e declarou ter uma avalia\u00e7\u00e3o positiva dos resultados. A casa manteve a recomenda\u00e7\u00e3o de compra e pre\u00e7o-alvo de R$ 30\/a\u00e7\u00e3o.<\/li>\n\n\n\n<li>O&nbsp;<strong>Ebitda do trimestre da Equatorial<\/strong>&nbsp;(Lucros antes de juros, impostos, deprecia\u00e7\u00e3o e amortiza\u00e7\u00e3o) foi de R$ 1,710 bilh\u00e3o. Quando ajustado, atinge R$ 1,901 bilh\u00e3o. O resultado supera as estimativas da XP de R$ 1,751 bilh\u00e3o.&nbsp;<\/li>\n\n\n\n<li>De acordo com a XP, a&nbsp;<strong>Equatorial<\/strong>&nbsp;est\u00e1 \u201cfazendo um \u00f3timo trabalho reduzindo custos e melhorando a efici\u00eancia nos ativos em recupera\u00e7\u00e3o\u201d. Olhando para o segmento de distribui\u00e7\u00e3o, o PMSO reduziu significativamente, indo para R$ 138 milh\u00f5es, derivado do PDV implementado na CEEE-D.<\/li>\n\n\n\n<li>O&nbsp;<strong><a href=\"https:\/\/www.suno.com.br\/artigos\/lucro-liquido\/\" target=\"_blank\" rel=\"noreferrer noopener\">lucro l\u00edquido<\/a>&nbsp;ajustado da Equatorial<\/strong>&nbsp;foi de R$ 553 milh\u00f5es, alta de 11,8% se comparado ao mesmo per\u00edodo de 2021. Os investimentos tamb\u00e9m cresceram: neste trimestre a cifra foi de R$ 1,701 bilh\u00e3o, 108,6% maior que o registrado um ano antes.<\/li>\n\n\n\n<li>\u201cTemos uma avalia\u00e7\u00e3o positiva dos&nbsp;resultados da <strong>Equatorial<\/strong>&nbsp;no 3T22. A empresa est\u00e1 provando cada vez mais sua capacidade de realizar&nbsp;<em>turnaround<\/em>s bem-sucedidos em ativos de distribui\u00e7\u00e3o e tem vias de crescimento empolgantes abertas tanto em energias renov\u00e1veis \u200b\u200bquanto em saneamento\u201d, finalizaram os analistas.<\/li>\n<\/ul>\n\n\n\t<p>\n\t\t<a href=\"https:\/\/lp.suno.com.br\/planilha-da-vida-financeira\/\" target=\"_blank\" data-element=\"shortcode-suno-banner\" title=\"Banner SUNO, clique e saiba mais\">\n\t\t\t<picture>\n\t\t\t\t<source media=\"(max-width: 500px)\" srcset=\"https:\/\/files.sunoresearch.com.br\/n\/uploads\/2023\/04\/400x300-Planilha-vida-financeira-true.png\">\n\t\t\t\t<img class=\"newsContent__article__imgCapa newsContent__article__imgCapa--banner\"\n\t\t\t\t\tsrc=\"https:\/\/files.sunoresearch.com.br\/n\/uploads\/2023\/04\/1420x240-Planilha-vida-financeira-true.png\"\n\t\t\t\t\tdata-promo-id=\"106682\"\t\t\t\t\t\t\t\t\t\twidth='1420' height='240'\t\t\t\t\talt=\"https:\/\/files.sunoresearch.com.br\/n\/uploads\/2023\/04\/1420x240-Planilha-vida-financeira-true.png\"\n\t\t\t\t>\n\t\t\t<\/picture>\n\t\t<\/a>\n\t<\/p>\n\n\n\n\n\n<h2 class=\"wp-block-heading\">Hypera (HYPE3) distribuir\u00e1 R$ 194,7 milh\u00f5es em JCP; veja valor por a\u00e7\u00e3o<\/h2>\n\n\n\n<ul class=\"wp-block-list\">\n<li>A <a class=\"suno-keyword\" data-force=\"yes\" data-priority=\"2\" href=\"https:\/\/www.suno.com.br\/acoes\/HYPE3\/\" target=\"_blank\" rel=\"noopener\"><strong>Hypera<\/strong> (HYPE3)<\/a> vai pagar R$ 194,7 milh\u00f5es em <a class=\"suno-keyword\" data-force=\"no\" data-priority=\"1\" href=\"https:\/\/www.suno.com.br\/artigos\/entenda-o-jcp\/\" target=\"_blank\" rel=\"noopener\">Juros Sobre Capital Pr\u00f3prio<\/a> (JCP) aos seus acionistas, segundo <a class=\"suno-keyword\" data-force=\"no\" data-priority=\"1\" href=\"https:\/\/www.suno.com.br\/artigos\/fato-relevante\/\" target=\"_blank\" rel=\"noopener\">fato relevante<\/a> divulgado nesta segunda-feira (19).<\/li>\n\n\n\n<li>O valor dos proventos por <strong>a\u00e7\u00e3o da Hypera<\/strong> ser\u00e1 de R$ 0,30, que ser\u00e3o pagos em 2 de janeiro de 2023.<\/li>\n\n\n\n<li>Apenas os investidores com <strong>a\u00e7\u00f5es da Hypera<\/strong> no dia 22 de dezembro ter\u00e3o direito de receber os rendimentos. A partir do dia 23 de dezembro, as a\u00e7\u00f5es ser\u00e3o negociadas sem direito aos <a class=\"suno-keyword\" target=\"_blank\" data-force=\"no\" data-priority=\"1\" href=\"https:\/\/www.suno.com.br\/guias\/dividendos\/\" rel=\"noopener\">dividendos<\/a>.<\/li>\n\n\n\n<li>Segundo documento arquivado na Comiss\u00e3o de Valores Mobili\u00e1rios (CVM), esses proventos fazem parte dos dividendos obrigat\u00f3rios do exerc\u00edcio de 2022.<\/li>\n\n\n\n<li>O valor dos JCP ter\u00e1 reten\u00e7\u00e3o do imposto de renda na fonte, com al\u00edquota de 15%.<\/li>\n\n\n\n<li><strong>JCP da Hypera<\/strong><\/li>\n\n\n\n<li>Valor total: R$ 194.769.263,08<\/li>\n\n\n\n<li>Valor por a\u00e7\u00e3o: R$ 0,30773<\/li>\n\n\n\n<li>Data de corte: 22 de dezembro de 2022<\/li>\n\n\n\n<li>Data do pagamento: 2 de janeiro de 2023<\/li>\n\n\n\n<li>Rendimento (dividend yield): 2,84%<\/li>\n\n\n\n<li><strong>Analistas reiteram &#8220;compra&#8221;<\/strong><\/li>\n\n\n\n<li>Os analistas do Ita\u00fa BBA reiteraram sua recomenda\u00e7\u00e3o de &#8220;outperform&#8221;, equivalente a &#8220;compra&#8221; para as <strong>a\u00e7\u00f5es da Hypera,<\/strong> com pre\u00e7o-alvo de R$ 54.<\/li>\n\n\n\n<li>O BBA v\u00ea que a empresa \u00e9 uma boa op\u00e7\u00e3o para quem busca um ativo defensivo no setor de sa\u00fade, com menor exposi\u00e7\u00e3o negativa ao cen\u00e1rio vol\u00e1til de infla\u00e7\u00e3o e queda de c\u00e2mbio e com menor <a class=\"suno-keyword\" data-force=\"no\" data-priority=\"1\" href=\"https:\/\/www.suno.com.br\/artigos\/alavancagem-financeira\/\" target=\"_blank\" rel=\"noopener\">alavancagem financeira<\/a>. <\/li>\n\n\n\n<li>A atual alavancagem financeira da companhia est\u00e1 em 2,6x <a class=\"suno-keyword\" data-force=\"no\" data-priority=\"1\" href=\"https:\/\/www.suno.com.br\/artigos\/divida-liquida\/\" target=\"_blank\" rel=\"noopener\">d\u00edvida l\u00edquida<\/a>\/EBITDA, mas o Ita\u00fa BBA espera que empresa termine 2023 em 2,1x.<\/li>\n\n\n\n<li>Al\u00e9m disso, o mercado farmac\u00eautico brasileiro vem crescendo a um ritmo alto de dois d\u00edgitos, dizem os analistas, e a Hypera tem ganhado mais fatia de mercado, superando o mercado e prevendo tend\u00eancias. <\/li>\n\n\n\n<li>&#8220;Olhando para o trimestres mais recentes, a empresa superou consistentemente o setor farmac\u00eautico de varejo geral&#8221;, ressaltam os especialistas.<\/li>\n\n\n\n<li><strong>Cota\u00e7\u00e3o da Hypera<\/strong><\/li>\n\n\n\n<li>No preg\u00e3o de hoje, a cota\u00e7\u00e3o das a\u00e7\u00f5es da<strong> Hypera<\/strong> subiu 1,98%, cotada a R$ 43,35.<\/li>\n<\/ul>\n\n\n\n<h2 class=\"wp-block-heading\">Neoenergia (NEOE3): BTG diz que troca de ativos com a e Eletrobras (ELET3) \u00e9 positiva e recomenda compra<\/h2>\n\n\n\n<ul class=\"wp-block-list\">\n<li>A troca de ativos entre a <strong>Neoenergia (<a href=\"https:\/\/www.suno.com.br\/acoes\/neoe3\/\" target=\"_blank\" rel=\"noreferrer noopener\">NEOE3<\/a>)<\/strong> e a Eletrobras (<strong><a href=\"https:\/\/www.suno.com.br\/acoes\/elet3\/\" target=\"_blank\" rel=\"noreferrer noopener\">ELET3<\/a><\/strong>; <strong><a href=\"https:\/\/www.suno.com.br\/acoes\/elet6\/\" target=\"_blank\" rel=\"noreferrer noopener\">ELET6<\/a><\/strong>), anunciada na sexta-feira (16), foi vista de maneira positiva pelo <a class=\"suno-keyword\" data-force=\"yes\" data-priority=\"2\" href=\"https:\/\/www.suno.com.br\/acoes\/BPAC11\/\" target=\"_blank\" rel=\"noopener\">BTG Pactual (BPAC11)<\/a>. Em relat\u00f3rio publicado hoje, o banco reiterou recomenda\u00e7\u00e3o de compra para Neoenergia, com pre\u00e7o-alvo de R$ 28 \u2014 um upside de cerca de 50%, visto que os pap\u00e9is da empresa fecharam a preg\u00e3o de hoje a R$ 14,74.<\/li>\n\n\n\n<li>A <strong>troca de ativos entre a Neoenergia e a Eletrobras<\/strong> acontecer\u00e1 em tr\u00eas Usinas Hidrel\u00e9tricas UHEs (Dardanelos, Teles Pires e Baguari) e com pequenas participa\u00e7\u00f5es da Eletrobras na Coelba, Cosern e Afluente T.<\/li>\n\n\n\n<li>&#8220;A Eletrobras transferir\u00e1 para a Neoenergia sua participa\u00e7\u00e3o de 49% na Usina Dardanelos (261MW) e participa\u00e7\u00e3o de 0,04% na Coelba (CEEB3), Cosern (CSRN3) e Afluente T. Em contrapartida, a <strong>Neoenergia<\/strong> transferir\u00e1 para a Eletrobras sua participa\u00e7\u00e3o de 51% na Teles Pires (1,82GW) e Baguari (140MW)&#8221;, explicam os analistas do BGT Pactual. <\/li>\n\n\n\n<li><strong>Troca de ativos sem pagamento em dinheiro<\/strong><\/li>\n\n\n\n<li>Com o movimento, a Neoenergia consolidar\u00e1 integralmente Dardanelos (100%) e aumentar\u00e1 ligeiramente sua participa\u00e7\u00e3o na Coelba, Cosern e Afluente T, enquanto a Eletrobras consolidar\u00e1 Teles Pires (100%) e Baguari (66%).<\/li>\n\n\n\n<li>Conforme o <strong>acordo da Neoenergia e a Eletrobras<\/strong>, a transa\u00e7\u00e3o n\u00e3o envolver\u00e1 nenhum pagamento em dinheiro. Assim, os analistas afirmam que mesmo valuation de R$ 788 milh\u00f5es foi alcan\u00e7ado para as participa\u00e7\u00f5es nos ativos permutados. Os m\u00faltiplos EV\/EBITDA [divis\u00e3o do valor atual da empresa sobre o resultado operacional] impl\u00edcitos ficam na seguinte configura\u00e7\u00e3o: <\/li>\n\n\n\n<li>7,8x para Dardanelos; <\/li>\n\n\n\n<li>8,1x para Baguari;<\/li>\n\n\n\n<li>10,3x para Teles Pires.<\/li>\n\n\n\n<li>Al\u00e9m disso, a Neoenergia anunciou que est\u00e1 analisando outras tr\u00eas transa\u00e7\u00f5es: <\/li>\n\n\n\n<li>venda de termel\u00e9trica; <\/li>\n\n\n\n<li>encontrar um parceiro para seus ativos de transmiss\u00e3o; e <\/li>\n\n\n\n<li>venda de sua participa\u00e7\u00e3o de 10% em Belo Monte. <\/li>\n\n\n\n<li>As duas primeiras transa\u00e7\u00f5es est\u00e3o previstas para o primeiro semestre do ano que vem, mas a administra\u00e7\u00e3o disse que o desinvestimento de Belo Monte s\u00f3 pode acontecer em 2024. &#8220;Para a Eletrobras, o neg\u00f3cio representa um avan\u00e7o adicional no objetivo de simplificar sua estrutura societ\u00e1ria, acelerando o processo de retomada&#8221;, pontuam.<\/li>\n\n\n\n<li><strong>Cota\u00e7\u00e3o nesta segunda-feira<\/strong><\/li>\n\n\n\n<li>As&nbsp;a\u00e7\u00f5es da&nbsp;<strong><strong>Neoenergia<\/strong><\/strong>&nbsp;fecharam o preg\u00e3o desta segunda-feira com alta de 1,59%, negociadas a R$ 14,74. Nos \u00faltimos doze meses, o papel teve desvaloriza\u00e7\u00e3o de 13,40%. A Eletrobras encerrou o preg\u00e3o subindo 1,73%, a R$ 41,65.<\/li>\n<\/ul>\n\n\n\t<p>\n\t\t<a href=\"https:\/\/lp.suno.com.br\/ebook-como-analisar-uma-acao\/\" target=\"_blank\" data-element=\"shortcode-suno-banner\" title=\"Banner SUNO, clique e saiba mais\">\n\t\t\t<picture>\n\t\t\t\t<source media=\"(max-width: 500px)\" srcset=\"https:\/\/files.sunoresearch.com.br\/n\/uploads\/2023\/03\/Ebook-Acoes-Mobile-1.jpg\">\n\t\t\t\t<img class=\"newsContent__article__imgCapa newsContent__article__imgCapa--banner\"\n\t\t\t\t\tsrc=\"https:\/\/files.sunoresearch.com.br\/n\/uploads\/2023\/03\/Ebook-Acoes-Desktop-1.jpg\"\n\t\t\t\t\tdata-promo-id=\"171998\"\t\t\t\t\t\t\t\t\t\twidth='1420' height='286'\t\t\t\t\talt=\"https:\/\/files.sunoresearch.com.br\/n\/uploads\/2023\/03\/Ebook-Acoes-Desktop-1.jpg\"\n\t\t\t\t>\n\t\t\t<\/picture>\n\t\t<\/a>\n\t<\/p>\n\n\n\n\n\n<h2 class=\"wp-block-heading\">Do Magazine Luiza (MGLU3) \u00e0 Via (VIIA3): varejo ter\u00e1 ano da virada em 2023?<\/h2>\n\n\n\n<ul class=\"wp-block-list\">\n<li>Ap\u00f3s sofrer com a pandemia da Covid-19 e ver suas a\u00e7\u00f5es derreterem na <a class=\"suno-keyword\" data-force=\"no\" data-priority=\"3\" href=\"https:\/\/www.suno.com.br\/guias\/bolsa-de-valores\/\" target=\"_blank\" rel=\"noopener\">Bolsa de Valores<\/a> ao longo de 2022, as empresas do <strong>varejo<\/strong> esperam por dias melhores em 2023. Contudo, na vis\u00e3o dos analistas, o pr\u00f3ximo ano n\u00e3o ser\u00e1 nada f\u00e1cil para o setor. Infla\u00e7\u00e3o sem tr\u00e9gua, juros altos e incertezas pol\u00edticas aparecem como alguns dos vil\u00f5es de empresas como <a class=\"suno-keyword\" data-force=\"yes\" data-priority=\"2\" href=\"https:\/\/www.suno.com.br\/acoes\/MGLU3\/\" target=\"_blank\" rel=\"noopener\">Magazine Luiza (MGLU3)<\/a>, Via (VIIA3) e Americanas (AMER3).<\/li>\n\n\n\n<li>\u201cAs perspectivas, ao menos por enquanto, s\u00e3o bem ruins para o varejo, por causa da <strong>taxa de juros<\/strong>. Antes, o mercado precificava uma queda da taxa de juros pela frente e, agora, j\u00e1 come\u00e7a a ver uma manuten\u00e7\u00e3o ou at\u00e9 uma alta\u201d, destaca Vitorio Galindo, head de an\u00e1lise fundamentalista da Quantzed, em entrevista ao Suno Not\u00edcias.<\/li>\n\n\n\n<li>Com os juros nas alturas, o custo das d\u00edvidas dessas empresas fica muito alto. \u201cAs <strong>margens do varejo<\/strong> s\u00e3o muito apertadas. \u00c9 dif\u00edcil olhar para o varejo, no geral, e achar que as perspectivas s\u00e3o boas ou que as a\u00e7\u00f5es v\u00e3o perfomar bem. Para acontecer isso, algo tem que mudar\u201d, analisa.<\/li>\n\n\n\n<li>Com a Selic em 13,75%, sem perspectivas de cortes do Banco Central, a <strong>alta de juros<\/strong> tamb\u00e9m atrapalha o consumidor, que fica sem cr\u00e9dito na m\u00e3o. <\/li>\n\n\n\n<li>\u201cJ\u00e1 vemos os bancos apresentando <strong>dados de<\/strong> <strong>inadimpl\u00eancia<\/strong> mais altos, cortando o cr\u00e9dito. Boa parte dos produtos vendidos no varejo s\u00e3o parcelados. Ent\u00e3o a pessoa n\u00e3o vai ter cr\u00e9dito no cart\u00e3o ou, se for comprar, vai pagar muito caro em um carn\u00ea\u201d, recorda o especialista.<\/li>\n\n\n\n<li>Tudo isso acaba desincentivando o consumo, o poder de compra cai, e as <strong>empresas do varejo<\/strong> s\u00e3o penalizadas duas vezes.<\/li>\n\n\n\n<li><strong>S\u00f3 uma empresa no azul em 2022?<\/strong><\/li>\n\n\n\n<li>Segundo um levantamento realizado pela reportagem com dados do Status Invest coletados at\u00e9 o preg\u00e3o de 15 de dezembro, das dez principais varejistas listadas na B3, apenas a <a class=\"suno-keyword\" target=\"_blank\" data-force=\"yes\" data-priority=\"2\" href=\"https:\/\/www.suno.com.br\/acoes\/ARZZ3\/\" rel=\"noopener\">Arezzo (ARZZ3)<\/a> conseguiu se valorizar nos \u00faltimos doze meses. <\/li>\n\n\n\n<li>Em casos como o das <strong>Lojas Americanas (AMER3)<\/strong>, o tombo foi de mais de 70%. Confira o ranking:<\/li>\n\n\n\n<li><a href=\"https:\/\/www.suno.com.br\/acoes\/amer3\/\">Americanas (AMER3)<\/a> &#8211; 73,65%<\/li>\n\n\n\n<li>C&amp;A (CEAB3) &#8211; 67,19%<\/li>\n\n\n\n<li>Magazine Luiza (MGLU3)  &#8211; 60,84%<\/li>\n\n\n\n<li><strong>Via (VIIA3)<\/strong> &#8211; 58,18%<\/li>\n\n\n\n<li><a href=\"https:\/\/www.suno.com.br\/acoes\/sbfg3\/\">Centauro (SBFG3)<\/a>  &#8211; 48,43%<\/li>\n\n\n\n<li>Grupo Soma (SOMA3)  &#8211; 29,47%<\/li>\n\n\n\n<li>Vivara (VIVA3)  -23,14%<\/li>\n\n\n\n<li>Lojas Renner (LREN3)  &#8211; 21,77%<\/li>\n\n\n\n<li>Carrefour (CRFB3)  &#8211; 6,61%<\/li>\n\n\n\n<li>Arezzo (ARZZ3)  + 0,21%<\/li>\n<\/ul>\n\n\n\n<ul class=\"wp-block-list\">\n<li>Os analistas do BTG Pactual esperam &#8220;bastante <strong>volatilidade das a\u00e7\u00f5es do varejo<\/strong>&#8220;, o que faz com que o banco tenha uma vis\u00e3o cautelosa sobre a exposi\u00e7\u00e3o de <a class=\"suno-keyword\" data-force=\"no\" data-priority=\"1\" href=\"https:\/\/www.suno.com.br\/artigos\/curto-prazo\/\" target=\"_blank\" rel=\"noopener\">curto prazo<\/a> ao setor.<\/li>\n\n\n\n<li>Neste cen\u00e1rio, para os analistas do BTG Luiz Guanais, Gabriel Disselli, Victor Rogatis e Luiz Temporini, a\u00e7\u00f5es como a da <a class=\"suno-keyword\" target=\"_blank\" data-force=\"yes\" data-priority=\"2\" href=\"https:\/\/www.suno.com.br\/acoes\/RADL3\/\" rel=\"noopener\">Raia Drogasil (RADL3)<\/a> e da <a class=\"suno-keyword\" target=\"_blank\" data-force=\"yes\" data-priority=\"2\" href=\"https:\/\/www.suno.com.br\/acoes\/asai3\/\" rel=\"noopener\">Assa\u00ed (ASAI3)<\/a> podem ser favorecidas, conforme divulgado em relat\u00f3rio em 15 de dezembro.<\/li>\n\n\n\n<li>Esse fantasma dos juros altos tamb\u00e9m \u00e9 apontado como um dos <a href=\"https:\/\/www.suno.com.br\/noticias\/magazine-luiza-mglu3-rebaixamento-vilao\/\" target=\"_blank\" rel=\"noreferrer noopener\">impeditivos para o crescimento<\/a> do <strong>varejo em 2023<\/strong>, segundo o BB-BI, que aponta uma redu\u00e7\u00e3o do \u00edmpeto de compra do consumidor gra\u00e7as a esse cen\u00e1rio delicado.<\/li>\n\n\n\n<li>&#8220;Do lado da rentabilidade, h\u00e1 eleva\u00e7\u00e3o das estimativas relacionadas \u00e0s <a class=\"suno-keyword\" data-force=\"no\" data-priority=\"1\" href=\"https:\/\/www.suno.com.br\/artigos\/despesas-financeiras\/\" target=\"_blank\" rel=\"noopener\">despesas financeiras<\/a>, o que implica na redu\u00e7\u00e3o de <a class=\"suno-keyword\" data-force=\"no\" data-priority=\"1\" href=\"https:\/\/www.suno.com.br\/artigos\/lucro-liquido\/\" target=\"_blank\" rel=\"noopener\">lucro l\u00edquido<\/a>, j\u00e1 impactado pela menor perspectiva de <a class=\"suno-keyword\" data-force=\"no\" data-priority=\"1\" href=\"https:\/\/www.suno.com.br\/artigos\/alavancagem-operacional\/\" target=\"_blank\" rel=\"noopener\">alavancagem operacional<\/a> por conta das vendas em ritmo mais lento\u201d, detalha a analista do BB-BI Georgia Jorge, em relat\u00f3rio publicado em 16 de dezembro.<\/li>\n\n\n\n<li><strong>Alto escal\u00e3o do varejo pode trazer novidades?<\/strong><\/li>\n\n\n\n<li>No <strong>Magazine Luiza<\/strong>, Luiza Helena Trajano j\u00e1 adiantou que o <a href=\"https:\/\/www.suno.com.br\/noticias\/magazine-luiza-mglu3-planos-2023\/\" target=\"_blank\" rel=\"noreferrer noopener\">foco da empresa em 2023<\/a> ser\u00e1 na consolida\u00e7\u00e3o do marketplace e no cuidado com os vendedores e pequenos empreendedores da plataforma.<\/li>\n\n\n\n<li>J\u00e1 na <a href=\"https:\/\/www.suno.com.br\/noticias\/americanas-amer3-rial\/\" target=\"_blank\" rel=\"noreferrer noopener\">Americanas, a chegada de Sergio Rial<\/a>, ex-<a class=\"suno-keyword\" data-force=\"yes\" data-priority=\"2\" href=\"https:\/\/www.suno.com.br\/acoes\/SANB11\/\" target=\"_blank\" rel=\"noopener\">Santander Brasil (SANB11)<\/a>, ao comando da empresa \u00e9 aguardada com ansiedade pelo mercado.<\/li>\n\n\n\n<li>\u201cPara melhorar de fato, essas empresas v\u00e3o ter que focar em rentabilidade. Ou seja, diminuir custos, enxugar a casa o m\u00e1ximo que puder para aguentar o per\u00edodo ruim\u201d, diz Galindo.<\/li>\n\n\n\n<li><strong>E as mudan\u00e7as no regime fiscal?<\/strong><\/li>\n\n\n\n<li>Al\u00e9m dos temas relacionados ao cen\u00e1rio macroecon\u00f4mico, a <a href=\"https:\/\/www.suno.com.br\/noticias\/fim-jcp-acoes-prejudicadas\/\" target=\"_blank\" rel=\"noreferrer noopener\">agenda pol\u00edtica tamb\u00e9m pode<\/a> provocar ajustes neste voo turbulento das varejistas.<\/li>\n\n\n\n<li>Segundo um estudo realizado pelo time de research do BTG Pactual, caso o governo do presidente eleito Luiz In\u00e1cio Lula da Silva (PT) decida tributar <a class=\"suno-keyword\" target=\"_blank\" data-force=\"no\" data-priority=\"1\" href=\"https:\/\/www.suno.com.br\/guias\/dividendos\/\" rel=\"noopener\">dividendos<\/a> ou acabar com a isen\u00e7\u00e3o fiscal gerada pelo pagamento de <a class=\"suno-keyword\" target=\"_blank\" data-force=\"no\" data-priority=\"1\" href=\"https:\/\/www.suno.com.br\/artigos\/entenda-o-jcp\/\" rel=\"noopener\">Juros sobre Capital Pr\u00f3prio<\/a> (JCP), as Lojas Renner seriam as mais prejudicadas no setor.<\/li>\n\n\n\n<li>\u201cPara que um imposto sobre <a class=\"suno-keyword\" target=\"_blank\" data-force=\"no\" data-priority=\"1\" href=\"https:\/\/www.suno.com.br\/guias\/dividendos\/\" rel=\"noopener\">dividendos<\/a> e o fim do JCP sejam implementados no pr\u00f3ximo ano, o governo teria que aprovar a nova lei nas duas casas do Congresso at\u00e9 dezembro deste ano, algo que consideramos muito improv\u00e1vel, sen\u00e3o imposs\u00edvel\u201d, explicam os analistas.<\/li>\n\n\n\n<li>Pelos c\u00e1lculos do banco, em um cen\u00e1rio no qual os <a class=\"suno-keyword\" data-force=\"no\" data-priority=\"1\" href=\"https:\/\/www.suno.com.br\/guias\/dividendos\/\" target=\"_blank\" rel=\"noopener\">dividendos<\/a> sejam tributados em 15%, ocorra o fim do JCP e nenhuma redu\u00e7\u00e3o no Imposto de Renda corporativo, o <strong>lucro l\u00edquido da Renner<\/strong> (LREN3) cairia 14,5% em 2023, e 15,2% em 2024.<\/li>\n\n\n\n<li>O Magazine Luiza aparece logo atr\u00e1s no ranking hipot\u00e9tico de caos do <strong>varejo<\/strong>, com queda de 11,5% no <a class=\"suno-keyword\" data-force=\"no\" data-priority=\"1\" href=\"https:\/\/www.suno.com.br\/artigos\/lucro-liquido\/\" target=\"_blank\" rel=\"noopener\">lucro l\u00edquido<\/a> em 2023, e recuo de 11,6% em 2024.<\/li>\n<\/ul>\n\n\n\n<p><em>Da&nbsp;<\/em><strong><em>B3<\/em><\/strong><em>&nbsp;a Magazine Luiza, essas foram as empresas que se destacaram hoje. Para ler todas as mat\u00e9rias&nbsp;<\/em><a href=\"https:\/\/www.suno.com.br\/noticias\/todos\/\" target=\"_blank\" rel=\"noreferrer noopener\">clique aqui.<\/a><\/p>\n\n\n\t<p>\n\t\t<a href=\"https:\/\/lp.suno.com.br\/planilha-de-controle-de-investimentos\/\" target=\"_blank\" data-element=\"shortcode-suno-banner\" title=\"Banner SUNO, clique e saiba mais\">\n\t\t\t<picture>\n\t\t\t\t<source media=\"(max-width: 500px)\" srcset=\"https:\/\/files.sunoresearch.com.br\/n\/uploads\/2023\/03\/400x300-Controle-de-Investimentos.png\">\n\t\t\t\t<img class=\"newsContent__article__imgCapa newsContent__article__imgCapa--banner\"\n\t\t\t\t\tsrc=\"https:\/\/files.sunoresearch.com.br\/n\/uploads\/2023\/03\/1420x240-Controle-de-Investimentos.png\"\n\t\t\t\t\tdata-promo-id=\"75934\"\t\t\t\t\t\t\t\t\t\twidth='1420' height='240'\t\t\t\t\talt=\"https:\/\/files.sunoresearch.com.br\/n\/uploads\/2023\/03\/1420x240-Controle-de-Investimentos.png\"\n\t\t\t\t>\n\t\t\t<\/picture>\n\t\t<\/a>\n\t<\/p>\n\n\n","protected":false},"excerpt":{"rendered":"<p>O&nbsp;conselho de administra\u00e7\u00e3o&nbsp;da B3 (B3SA3) aprovou o pagamento de&nbsp;juros sobre o capital pr\u00f3prio (JCP)&nbsp;no valor de R$ 370,1 milh\u00f5es. Em&nbsp;fato relevante&nbsp;divulgado nesta segunda-feira (19), a empresa tamb\u00e9m informou o&nbsp;pagamento de dividendos&nbsp;no montante de R$ 140 milh\u00f5es. Ibovespa cai. Foto: Divulga\u00e7\u00e3o Segundo o comunicado, ser\u00e1 pago em JCP o valor bruto de R$ 0,06382260 por a\u00e7\u00e3o [&hellip;]<\/p>\n","protected":false},"author":194,"featured_media":333208,"comment_status":"closed","ping_status":"closed","sticky":false,"template":"","format":"standard","meta":[],"categories":[64],"tags":[367,455,105039,501,548,575,2312,647,106935],"suno_strategy":[],"class_list":["post-337371","post","type-post","status-publish","format-standard","has-post-thumbnail","hentry","category-negocios","tag-b3-b3sa3","tag-eletrobras-elet3-elet5-elet6","tag-equatorial-eqtl3","tag-hypera-pharma-hype3","tag-magazine-luiza-mglu3","tag-neoenergia-neoe3","tag-rede-dor-rdor3","tag-sulamerica-sula11-sula3-sula4","tag-via-viia3"],"yoast_head":"<!-- This site is optimized with the Yoast SEO plugin v24.4 - https:\/\/yoast.com\/wordpress\/plugins\/seo\/ -->\n<title>Radar: B3 (B3SA3) pagar\u00e1 proventos milion\u00e1rios; ANS aprova compra da Rede D&#039;Or (RDOR3) e Hypera (HYPE3) vai distribuir R$ 194,7 mi em JCP<\/title>\n<meta name=\"description\" content=\"B3 anuncia data em que pagar\u00e1 JCP e dividendos, ANS aprova incorpora\u00e7\u00e3o da SulAm\u00e9rica pela Rede D&#039;Or. Saiba mais not\u00edcias aqui.\" \/>\n<meta name=\"robots\" content=\"index, follow, max-snippet:-1, max-image-preview:large, max-video-preview:-1\" \/>\n<link rel=\"canonical\" href=\"https:\/\/www.suno.com.br\/noticias\/radar-b3-b3sa3-rede-dor-rdor3-hypera-hype3-jcp\/\" \/>\n<meta property=\"og:locale\" content=\"pt_BR\" \/>\n<meta property=\"og:type\" content=\"article\" \/>\n<meta property=\"og:title\" content=\"Radar: B3 (B3SA3) pagar\u00e1 proventos milion\u00e1rios; ANS aprova compra da Rede D&#039;Or (RDOR3) e Hypera (HYPE3) vai distribuir R$ 194,7 mi em JCP\" \/>\n<meta property=\"og:description\" content=\"B3 anuncia data em que pagar\u00e1 JCP e dividendos, ANS aprova incorpora\u00e7\u00e3o da SulAm\u00e9rica pela Rede D&#039;Or. Saiba mais not\u00edcias aqui.\" \/>\n<meta property=\"og:url\" content=\"https:\/\/www.suno.com.br\/noticias\/radar-b3-b3sa3-rede-dor-rdor3-hypera-hype3-jcp\/\" \/>\n<meta property=\"og:site_name\" content=\"Suno Not\u00edcias\" \/>\n<meta property=\"article:publisher\" content=\"https:\/\/facebook.com\/sunoresearch\" \/>\n<meta property=\"og:image\" content=\"https:\/\/files.sunoresearch.com.br\/n\/uploads\/2022\/12\/Ibovespa-B3-Divulgacao.jpg\" \/>\n\t<meta property=\"og:image:width\" content=\"1200\" \/>\n\t<meta property=\"og:image:height\" content=\"800\" \/>\n\t<meta property=\"og:image:type\" content=\"image\/jpeg\" \/>\n<meta name=\"author\" content=\"Isabella Taglapietra\" \/>\n<meta name=\"twitter:card\" content=\"summary_large_image\" \/>\n<meta name=\"twitter:creator\" content=\"@sunoresearch\" \/>\n<meta name=\"twitter:site\" content=\"@sunoresearch\" \/>\n<meta name=\"twitter:label1\" content=\"Escrito por\" \/>\n\t<meta name=\"twitter:data1\" content=\"Isabella Taglapietra\" \/>\n\t<meta name=\"twitter:label2\" content=\"Est. tempo de leitura\" \/>\n\t<meta name=\"twitter:data2\" content=\"17 minutos\" \/>\n<script type=\"application\/ld+json\" class=\"yoast-schema-graph\">{\"@context\":\"https:\/\/schema.org\",\"@graph\":[{\"@type\":\"NewsArticle\",\"@id\":\"https:\/\/www.suno.com.br\/noticias\/radar-b3-b3sa3-rede-dor-rdor3-hypera-hype3-jcp\/#article\",\"isPartOf\":{\"@id\":\"https:\/\/www.suno.com.br\/noticias\/radar-b3-b3sa3-rede-dor-rdor3-hypera-hype3-jcp\/\"},\"author\":{\"name\":\"Isabella Taglapietra\",\"@id\":\"https:\/\/www.suno.com.br\/noticias\/#\/schema\/person\/a0be106724f6f5d705d70f04333cb249\"},\"headline\":\"Radar: B3 (B3SA3) pagar\u00e1 proventos milion\u00e1rios; ANS aprova compra da Rede D&#8217;Or (RDOR3) e Hypera (HYPE3) vai distribuir R$ 194,7 mi em JCP\",\"datePublished\":\"2022-12-20T01:53:27+00:00\",\"dateModified\":\"2022-12-20T01:55:01+00:00\",\"mainEntityOfPage\":{\"@id\":\"https:\/\/www.suno.com.br\/noticias\/radar-b3-b3sa3-rede-dor-rdor3-hypera-hype3-jcp\/\"},\"wordCount\":3217,\"publisher\":{\"@id\":\"https:\/\/www.suno.com.br\/noticias\/#organization\"},\"image\":{\"@id\":\"https:\/\/www.suno.com.br\/noticias\/radar-b3-b3sa3-rede-dor-rdor3-hypera-hype3-jcp\/#primaryimage\"},\"thumbnailUrl\":\"https:\/\/files.sunoresearch.com.br\/n\/uploads\/2022\/12\/Ibovespa-B3-Divulgacao.jpg\",\"keywords\":[\"B3 (B3SA3)\",\"Eletrobras (ELET3\/ELET5\/ELET6)\",\"Equatorial (EQTL3)\",\"Hypera Pharma (HYPE3)\",\"Magazine Luiza (MGLU3)\",\"Neoenergia (NEOE3)\",\"Rede D'or (RDOR3)\",\"SulAm\u00e9rica (SULA11\/SULA3\/SULA4)\",\"Via (VIIA3)\"],\"articleSection\":[\"Neg\u00f3cios\"],\"inLanguage\":\"pt-BR\"},{\"@type\":\"WebPage\",\"@id\":\"https:\/\/www.suno.com.br\/noticias\/radar-b3-b3sa3-rede-dor-rdor3-hypera-hype3-jcp\/\",\"url\":\"https:\/\/www.suno.com.br\/noticias\/radar-b3-b3sa3-rede-dor-rdor3-hypera-hype3-jcp\/\",\"name\":\"Radar: B3 (B3SA3) pagar\u00e1 proventos milion\u00e1rios; ANS aprova compra da Rede D'Or (RDOR3) e Hypera (HYPE3) vai distribuir R$ 194,7 mi em JCP\",\"isPartOf\":{\"@id\":\"https:\/\/www.suno.com.br\/noticias\/#website\"},\"primaryImageOfPage\":{\"@id\":\"https:\/\/www.suno.com.br\/noticias\/radar-b3-b3sa3-rede-dor-rdor3-hypera-hype3-jcp\/#primaryimage\"},\"image\":{\"@id\":\"https:\/\/www.suno.com.br\/noticias\/radar-b3-b3sa3-rede-dor-rdor3-hypera-hype3-jcp\/#primaryimage\"},\"thumbnailUrl\":\"https:\/\/files.sunoresearch.com.br\/n\/uploads\/2022\/12\/Ibovespa-B3-Divulgacao.jpg\",\"datePublished\":\"2022-12-20T01:53:27+00:00\",\"dateModified\":\"2022-12-20T01:55:01+00:00\",\"description\":\"B3 anuncia data em que pagar\u00e1 JCP e dividendos, ANS aprova incorpora\u00e7\u00e3o da SulAm\u00e9rica pela Rede D'Or. Saiba mais not\u00edcias aqui.\",\"breadcrumb\":{\"@id\":\"https:\/\/www.suno.com.br\/noticias\/radar-b3-b3sa3-rede-dor-rdor3-hypera-hype3-jcp\/#breadcrumb\"},\"inLanguage\":\"pt-BR\",\"potentialAction\":[{\"@type\":\"ReadAction\",\"target\":[\"https:\/\/www.suno.com.br\/noticias\/radar-b3-b3sa3-rede-dor-rdor3-hypera-hype3-jcp\/\"]}]},{\"@type\":\"ImageObject\",\"inLanguage\":\"pt-BR\",\"@id\":\"https:\/\/www.suno.com.br\/noticias\/radar-b3-b3sa3-rede-dor-rdor3-hypera-hype3-jcp\/#primaryimage\",\"url\":\"https:\/\/files.sunoresearch.com.br\/n\/uploads\/2022\/12\/Ibovespa-B3-Divulgacao.jpg\",\"contentUrl\":\"https:\/\/files.sunoresearch.com.br\/n\/uploads\/2022\/12\/Ibovespa-B3-Divulgacao.jpg\",\"width\":1200,\"height\":800,\"caption\":\"Ibovespa cai. Foto: Divulga\u00e7\u00e3o\"},{\"@type\":\"BreadcrumbList\",\"@id\":\"https:\/\/www.suno.com.br\/noticias\/radar-b3-b3sa3-rede-dor-rdor3-hypera-hype3-jcp\/#breadcrumb\",\"itemListElement\":[{\"@type\":\"ListItem\",\"position\":1,\"name\":\"Not\u00edcias\",\"item\":\"https:\/\/www.suno.com.br\/noticias\/\"},{\"@type\":\"ListItem\",\"position\":2,\"name\":\"Neg\u00f3cios\",\"item\":\"https:\/\/www.suno.com.br\/noticias\/negocios\/\"},{\"@type\":\"ListItem\",\"position\":3,\"name\":\"Radar: B3 (B3SA3) pagar\u00e1 proventos milion\u00e1rios; ANS aprova compra da Rede D&#8217;Or (RDOR3) e Hypera (HYPE3) vai distribuir R$ 194,7 mi em JCP\"}]},{\"@type\":\"WebSite\",\"@id\":\"https:\/\/www.suno.com.br\/noticias\/#website\",\"url\":\"https:\/\/www.suno.com.br\/noticias\/\",\"name\":\"Suno Not\u00edcias\",\"description\":\"Seu portal de informa\u00e7\u00e3o sobre o mundo dos investimentos\",\"publisher\":{\"@id\":\"https:\/\/www.suno.com.br\/noticias\/#organization\"},\"potentialAction\":[{\"@type\":\"SearchAction\",\"target\":{\"@type\":\"EntryPoint\",\"urlTemplate\":\"https:\/\/www.suno.com.br\/noticias\/?s={search_term_string}\"},\"query-input\":{\"@type\":\"PropertyValueSpecification\",\"valueRequired\":true,\"valueName\":\"search_term_string\"}}],\"inLanguage\":\"pt-BR\"},{\"@type\":\"Organization\",\"@id\":\"https:\/\/www.suno.com.br\/noticias\/#organization\",\"name\":\"Suno Not\u00edcias\",\"url\":\"https:\/\/www.suno.com.br\/noticias\/\",\"logo\":{\"@type\":\"ImageObject\",\"inLanguage\":\"pt-BR\",\"@id\":\"https:\/\/www.suno.com.br\/noticias\/#\/schema\/logo\/image\/\",\"url\":\"https:\/\/files.sunoresearch.com.br\/n\/uploads\/2021\/09\/suno-logo.png\",\"contentUrl\":\"https:\/\/files.sunoresearch.com.br\/n\/uploads\/2021\/09\/suno-logo.png\",\"width\":180,\"height\":180,\"caption\":\"Suno Not\u00edcias\"},\"image\":{\"@id\":\"https:\/\/www.suno.com.br\/noticias\/#\/schema\/logo\/image\/\"},\"sameAs\":[\"https:\/\/facebook.com\/sunoresearch\",\"https:\/\/x.com\/sunoresearch\",\"https:\/\/www.instagram.com\/suno\",\"https:\/\/www.linkedin.com\/company\/suno-research\/\",\"https:\/\/www.youtube.com\/c\/sunoresearch\"]},{\"@type\":\"Person\",\"@id\":\"https:\/\/www.suno.com.br\/noticias\/#\/schema\/person\/a0be106724f6f5d705d70f04333cb249\",\"name\":\"Isabella Taglapietra\",\"image\":{\"@type\":\"ImageObject\",\"inLanguage\":\"pt-BR\",\"@id\":\"https:\/\/www.suno.com.br\/noticias\/#\/schema\/person\/image\/\",\"url\":\"https:\/\/secure.gravatar.com\/avatar\/089c9e06b71de293117116aaf339e22f?s=96&r=g\",\"contentUrl\":\"https:\/\/secure.gravatar.com\/avatar\/089c9e06b71de293117116aaf339e22f?s=96&r=g\",\"caption\":\"Isabella Taglapietra\"},\"description\":\"Rep\u00f3rter freelancer no Suno Not\u00edcias, cobre not\u00edcias di\u00e1rias sobre economia, balan\u00e7os trimestrais e pesquisas. Formada em jornalismo pela Faculdade C\u00e1sper L\u00edbero e p\u00f3s-graduanda em mercado de capitais pela Fecap, atuou como rep\u00f3rter de economia e finan\u00e7as no portal CRC!News e Elas que Lucrem, al\u00e9m de social media para empresas do mercado financeiro.\",\"url\":\"https:\/\/www.suno.com.br\/noticias\/author\/isabella-taglapietra\/\"}]}<\/script>\n<!-- \/ Yoast SEO plugin. -->","yoast_head_json":{"title":"Radar: B3 (B3SA3) pagar\u00e1 proventos milion\u00e1rios; ANS aprova compra da Rede D'Or (RDOR3) e Hypera (HYPE3) vai distribuir R$ 194,7 mi em JCP","description":"B3 anuncia data em que pagar\u00e1 JCP e dividendos, ANS aprova incorpora\u00e7\u00e3o da SulAm\u00e9rica pela Rede D'Or. Saiba mais not\u00edcias aqui.","robots":{"index":"index","follow":"follow","max-snippet":"max-snippet:-1","max-image-preview":"max-image-preview:large","max-video-preview":"max-video-preview:-1"},"canonical":"https:\/\/www.suno.com.br\/noticias\/radar-b3-b3sa3-rede-dor-rdor3-hypera-hype3-jcp\/","og_locale":"pt_BR","og_type":"article","og_title":"Radar: B3 (B3SA3) pagar\u00e1 proventos milion\u00e1rios; ANS aprova compra da Rede D'Or (RDOR3) e Hypera (HYPE3) vai distribuir R$ 194,7 mi em JCP","og_description":"B3 anuncia data em que pagar\u00e1 JCP e dividendos, ANS aprova incorpora\u00e7\u00e3o da SulAm\u00e9rica pela Rede D'Or. Saiba mais not\u00edcias aqui.","og_url":"https:\/\/www.suno.com.br\/noticias\/radar-b3-b3sa3-rede-dor-rdor3-hypera-hype3-jcp\/","og_site_name":"Suno Not\u00edcias","article_publisher":"https:\/\/facebook.com\/sunoresearch","og_image":[{"width":1200,"height":800,"url":"https:\/\/files.sunoresearch.com.br\/n\/uploads\/2022\/12\/Ibovespa-B3-Divulgacao.jpg","type":"image\/jpeg"}],"author":"Isabella Taglapietra","twitter_card":"summary_large_image","twitter_creator":"@sunoresearch","twitter_site":"@sunoresearch","twitter_misc":{"Escrito por":"Isabella Taglapietra","Est. tempo de leitura":"17 minutos"},"schema":{"@context":"https:\/\/schema.org","@graph":[{"@type":"NewsArticle","@id":"https:\/\/www.suno.com.br\/noticias\/radar-b3-b3sa3-rede-dor-rdor3-hypera-hype3-jcp\/#article","isPartOf":{"@id":"https:\/\/www.suno.com.br\/noticias\/radar-b3-b3sa3-rede-dor-rdor3-hypera-hype3-jcp\/"},"author":{"name":"Isabella Taglapietra","@id":"https:\/\/www.suno.com.br\/noticias\/#\/schema\/person\/a0be106724f6f5d705d70f04333cb249"},"headline":"Radar: B3 (B3SA3) pagar\u00e1 proventos milion\u00e1rios; ANS aprova compra da Rede D&#8217;Or (RDOR3) e Hypera (HYPE3) vai distribuir R$ 194,7 mi em JCP","datePublished":"2022-12-20T01:53:27+00:00","dateModified":"2022-12-20T01:55:01+00:00","mainEntityOfPage":{"@id":"https:\/\/www.suno.com.br\/noticias\/radar-b3-b3sa3-rede-dor-rdor3-hypera-hype3-jcp\/"},"wordCount":3217,"publisher":{"@id":"https:\/\/www.suno.com.br\/noticias\/#organization"},"image":{"@id":"https:\/\/www.suno.com.br\/noticias\/radar-b3-b3sa3-rede-dor-rdor3-hypera-hype3-jcp\/#primaryimage"},"thumbnailUrl":"https:\/\/files.sunoresearch.com.br\/n\/uploads\/2022\/12\/Ibovespa-B3-Divulgacao.jpg","keywords":["B3 (B3SA3)","Eletrobras (ELET3\/ELET5\/ELET6)","Equatorial (EQTL3)","Hypera Pharma (HYPE3)","Magazine Luiza (MGLU3)","Neoenergia (NEOE3)","Rede D'or (RDOR3)","SulAm\u00e9rica (SULA11\/SULA3\/SULA4)","Via (VIIA3)"],"articleSection":["Neg\u00f3cios"],"inLanguage":"pt-BR"},{"@type":"WebPage","@id":"https:\/\/www.suno.com.br\/noticias\/radar-b3-b3sa3-rede-dor-rdor3-hypera-hype3-jcp\/","url":"https:\/\/www.suno.com.br\/noticias\/radar-b3-b3sa3-rede-dor-rdor3-hypera-hype3-jcp\/","name":"Radar: B3 (B3SA3) pagar\u00e1 proventos milion\u00e1rios; ANS aprova compra da Rede D'Or (RDOR3) e Hypera (HYPE3) vai distribuir R$ 194,7 mi em JCP","isPartOf":{"@id":"https:\/\/www.suno.com.br\/noticias\/#website"},"primaryImageOfPage":{"@id":"https:\/\/www.suno.com.br\/noticias\/radar-b3-b3sa3-rede-dor-rdor3-hypera-hype3-jcp\/#primaryimage"},"image":{"@id":"https:\/\/www.suno.com.br\/noticias\/radar-b3-b3sa3-rede-dor-rdor3-hypera-hype3-jcp\/#primaryimage"},"thumbnailUrl":"https:\/\/files.sunoresearch.com.br\/n\/uploads\/2022\/12\/Ibovespa-B3-Divulgacao.jpg","datePublished":"2022-12-20T01:53:27+00:00","dateModified":"2022-12-20T01:55:01+00:00","description":"B3 anuncia data em que pagar\u00e1 JCP e dividendos, ANS aprova incorpora\u00e7\u00e3o da SulAm\u00e9rica pela Rede D'Or. Saiba mais not\u00edcias aqui.","breadcrumb":{"@id":"https:\/\/www.suno.com.br\/noticias\/radar-b3-b3sa3-rede-dor-rdor3-hypera-hype3-jcp\/#breadcrumb"},"inLanguage":"pt-BR","potentialAction":[{"@type":"ReadAction","target":["https:\/\/www.suno.com.br\/noticias\/radar-b3-b3sa3-rede-dor-rdor3-hypera-hype3-jcp\/"]}]},{"@type":"ImageObject","inLanguage":"pt-BR","@id":"https:\/\/www.suno.com.br\/noticias\/radar-b3-b3sa3-rede-dor-rdor3-hypera-hype3-jcp\/#primaryimage","url":"https:\/\/files.sunoresearch.com.br\/n\/uploads\/2022\/12\/Ibovespa-B3-Divulgacao.jpg","contentUrl":"https:\/\/files.sunoresearch.com.br\/n\/uploads\/2022\/12\/Ibovespa-B3-Divulgacao.jpg","width":1200,"height":800,"caption":"Ibovespa cai. Foto: Divulga\u00e7\u00e3o"},{"@type":"BreadcrumbList","@id":"https:\/\/www.suno.com.br\/noticias\/radar-b3-b3sa3-rede-dor-rdor3-hypera-hype3-jcp\/#breadcrumb","itemListElement":[{"@type":"ListItem","position":1,"name":"Not\u00edcias","item":"https:\/\/www.suno.com.br\/noticias\/"},{"@type":"ListItem","position":2,"name":"Neg\u00f3cios","item":"https:\/\/www.suno.com.br\/noticias\/negocios\/"},{"@type":"ListItem","position":3,"name":"Radar: B3 (B3SA3) pagar\u00e1 proventos milion\u00e1rios; ANS aprova compra da Rede D&#8217;Or (RDOR3) e Hypera (HYPE3) vai distribuir R$ 194,7 mi em JCP"}]},{"@type":"WebSite","@id":"https:\/\/www.suno.com.br\/noticias\/#website","url":"https:\/\/www.suno.com.br\/noticias\/","name":"Suno Not\u00edcias","description":"Seu portal de informa\u00e7\u00e3o sobre o mundo dos investimentos","publisher":{"@id":"https:\/\/www.suno.com.br\/noticias\/#organization"},"potentialAction":[{"@type":"SearchAction","target":{"@type":"EntryPoint","urlTemplate":"https:\/\/www.suno.com.br\/noticias\/?s={search_term_string}"},"query-input":{"@type":"PropertyValueSpecification","valueRequired":true,"valueName":"search_term_string"}}],"inLanguage":"pt-BR"},{"@type":"Organization","@id":"https:\/\/www.suno.com.br\/noticias\/#organization","name":"Suno Not\u00edcias","url":"https:\/\/www.suno.com.br\/noticias\/","logo":{"@type":"ImageObject","inLanguage":"pt-BR","@id":"https:\/\/www.suno.com.br\/noticias\/#\/schema\/logo\/image\/","url":"https:\/\/files.sunoresearch.com.br\/n\/uploads\/2021\/09\/suno-logo.png","contentUrl":"https:\/\/files.sunoresearch.com.br\/n\/uploads\/2021\/09\/suno-logo.png","width":180,"height":180,"caption":"Suno Not\u00edcias"},"image":{"@id":"https:\/\/www.suno.com.br\/noticias\/#\/schema\/logo\/image\/"},"sameAs":["https:\/\/facebook.com\/sunoresearch","https:\/\/x.com\/sunoresearch","https:\/\/www.instagram.com\/suno","https:\/\/www.linkedin.com\/company\/suno-research\/","https:\/\/www.youtube.com\/c\/sunoresearch"]},{"@type":"Person","@id":"https:\/\/www.suno.com.br\/noticias\/#\/schema\/person\/a0be106724f6f5d705d70f04333cb249","name":"Isabella Taglapietra","image":{"@type":"ImageObject","inLanguage":"pt-BR","@id":"https:\/\/www.suno.com.br\/noticias\/#\/schema\/person\/image\/","url":"https:\/\/secure.gravatar.com\/avatar\/089c9e06b71de293117116aaf339e22f?s=96&r=g","contentUrl":"https:\/\/secure.gravatar.com\/avatar\/089c9e06b71de293117116aaf339e22f?s=96&r=g","caption":"Isabella Taglapietra"},"description":"Rep\u00f3rter freelancer no Suno Not\u00edcias, cobre not\u00edcias di\u00e1rias sobre economia, balan\u00e7os trimestrais e pesquisas. Formada em jornalismo pela Faculdade C\u00e1sper L\u00edbero e p\u00f3s-graduanda em mercado de capitais pela Fecap, atuou como rep\u00f3rter de economia e finan\u00e7as no portal CRC!News e Elas que Lucrem, al\u00e9m de social media para empresas do mercado financeiro.","url":"https:\/\/www.suno.com.br\/noticias\/author\/isabella-taglapietra\/"}]}},"default_loop_html":"<div class=\"cardsPage__listCard__boxs\"><div class=\"cardsPage__listCard__boxs__img\"><a href=\"https:\/\/www.suno.com.br\/noticias\/radar-b3-b3sa3-rede-dor-rdor3-hypera-hype3-jcp\/\"><img class=\"mask\" src=\"https:\/\/www.suno.com.br\/noticias\/wp-content\/themes\/suno\/resources\/images\/spotlight\/spotlight1img\/bg-mask.png\" alt=\"Image Mask\"\/><img src=\"https:\/\/files.sunoresearch.com.br\/n\/uploads\/2022\/12\/Ibovespa-B3-Divulgacao-400x200.jpg\" alt=\"Radar: B3 (B3SA3) pagar\u00e1 proventos milion\u00e1rios; ANS aprova compra da Rede D&#8217;Or (RDOR3) e Hypera (HYPE3) vai distribuir R$ 194,7 mi em JCP\"\/><\/a><span class=\"spotlightCategory\"><a href=\"https:\/\/www.suno.com.br\/noticias\/negocios\/\">Neg\u00f3cios<\/a><\/span><\/div><div class=\"cardsPage__listCard__boxs__content\"><a href=\"https:\/\/www.suno.com.br\/noticias\/radar-b3-b3sa3-rede-dor-rdor3-hypera-hype3-jcp\/\"><h2 class=\"content__title\">Radar: B3 (B3SA3) pagar\u00e1 proventos milion\u00e1rios; ANS aprova compra da Rede D&#8217;Or (RDOR3) e Hypera (HYPE3) vai distribuir R$ 194,7 mi em JCP<\/h2><\/a><div class=\"newsContent__article__meta\"><div class=\"newsContent__article__meta__authorBox\"><a href=\"https:\/\/www.suno.com.br\/noticias\/author\/isabella-taglapietra\/\" class=\"authorBox__avatar noMobi\"><img src=\"https:\/\/files.sunoresearch.com.br\/n\/uploads\/2022\/08\/WhatsApp-Image-2022-08-04-at-12.40.27-150x150.jpeg\" alt=\"Isabella Taglapietra\"><\/a><div class=\"authorBox__name\"><span>por\n\t\t\t<a href=\"https:\/\/www.suno.com.br\/noticias\/author\/isabella-taglapietra\/\"><span itemprop=\"author\">Isabella Taglapietra<\/span><\/a><\/span><time datetime=\"2022-12-19T22:53:27-03:00\" itemprop=\"datePublished\">19\/12\/2022 22:53<\/time><\/div><\/div><\/div><\/div><\/div>","single_layout":"posts","amp_enabled":true,"_links":{"self":[{"href":"https:\/\/www.suno.com.br\/noticias\/wp-json\/wp\/v2\/posts\/337371"}],"collection":[{"href":"https:\/\/www.suno.com.br\/noticias\/wp-json\/wp\/v2\/posts"}],"about":[{"href":"https:\/\/www.suno.com.br\/noticias\/wp-json\/wp\/v2\/types\/post"}],"author":[{"embeddable":true,"href":"https:\/\/www.suno.com.br\/noticias\/wp-json\/wp\/v2\/users\/194"}],"replies":[{"embeddable":true,"href":"https:\/\/www.suno.com.br\/noticias\/wp-json\/wp\/v2\/comments?post=337371"}],"version-history":[{"count":3,"href":"https:\/\/www.suno.com.br\/noticias\/wp-json\/wp\/v2\/posts\/337371\/revisions"}],"predecessor-version":[{"id":337396,"href":"https:\/\/www.suno.com.br\/noticias\/wp-json\/wp\/v2\/posts\/337371\/revisions\/337396"}],"wp:featuredmedia":[{"embeddable":true,"href":"https:\/\/www.suno.com.br\/noticias\/wp-json\/wp\/v2\/media\/333208"}],"wp:attachment":[{"href":"https:\/\/www.suno.com.br\/noticias\/wp-json\/wp\/v2\/media?parent=337371"}],"wp:term":[{"taxonomy":"category","embeddable":true,"href":"https:\/\/www.suno.com.br\/noticias\/wp-json\/wp\/v2\/categories?post=337371"},{"taxonomy":"post_tag","embeddable":true,"href":"https:\/\/www.suno.com.br\/noticias\/wp-json\/wp\/v2\/tags?post=337371"},{"taxonomy":"suno_strategy","embeddable":true,"href":"https:\/\/www.suno.com.br\/noticias\/wp-json\/wp\/v2\/suno_strategy?post=337371"}],"curies":[{"name":"wp","href":"https:\/\/api.w.org\/{rel}","templated":true}]}}