{"id":33713,"date":"2019-08-12T12:19:08","date_gmt":"2019-08-12T15:19:08","guid":{"rendered":"https:\/\/www.suno.com.br\/noticias\/?p=33713"},"modified":"2019-08-12T12:54:21","modified_gmt":"2019-08-12T15:54:21","slug":"huaewei-americanos-eua-china-guerra-comercial","status":"publish","type":"post","link":"https:\/\/www.suno.com.br\/noticias\/huaewei-americanos-eua-china-guerra-comercial\/","title":{"rendered":"Huawei n\u00e3o contratar\u00e1 mais americanos; economia chinesa pode ser abalada"},"content":{"rendered":"<p>A chinesa Huawei n\u00e3o contratar\u00e1 gigantes de tecnologia dos <strong>EUA<\/strong>, disse o fundador da empresa, <strong>Ren Zhengfei<\/strong>.<\/p>\t<div class=\"wrapper-featured-image\">\n\t\t<figure class=\"spotlightImg\">\n\n\t\t\t<picture>\n\t\t\t\t<source media=\"(max-width: 768px)\" srcset=\"https:\/\/files.sunoresearch.com.br\/n\/uploads\/2019\/08\/2c2401f9-banco-central-da-china-e1565623070289-400x200.webp\">\n\t\t\t\t<img loading=\"lazy\" decoding=\"async\" class=\"newsContent__article__imgCapa lazyloadDisabled newsContent__article__imgCapa--noCaption\" src=\"https:\/\/files.sunoresearch.com.br\/n\/uploads\/2019\/08\/2c2401f9-banco-central-da-china-e1565623070289-800x450.webp\" width=\"800\" height=\"450\" alt=\"Huawei n\u00e3o contratar\u00e1 mais americanos; economia chinesa pode ser abalada\" fetchpriority=high \/>\n\t\t\t<\/picture>\n\n\t\t\t<figcaption class=\"wp-caption-text wp-caption-text--hide\">Huawei n\u00e3o contratar\u00e1 mais americanos; economia chinesa pode ser abalada<\/figcaption>\n\t\t<\/figure>\n\t<\/div>\n\n\n<p>A decis\u00e3o da <strong>Huawei<\/strong> por quebrar o v\u00ednculo com o o maior banco de talentos de tecnologia do mundo \u00e9 um sintoma de que a <strong>disputa comercial<\/strong> entre as duas maiores pot\u00eancias mundiais ir\u00e1 se prolongar mais do que o esperado &#8211; e que causar\u00e1 danos \u00e0 economia chinesa.<\/p>\n\n<h2>Huawei e o desenvolvimento chin\u00eas<\/h2>\n<p>Grande parte dos economistas concordam que as reformas pol\u00edticas e econ\u00f4micas que a <strong>China<\/strong> realizou no fim dos anos 70, colaboraram para a efic\u00e1cia produtiva e inje\u00e7\u00e3o de capital no gigante asi\u00e1tico.<\/p>\n<p>Conforme empresas estrangeiras entraram no pa\u00eds, trouxeram consigo novas tecnologias e talentos, aumentando a concorr\u00eancia interna. Fatores que afetaram os neg\u00f3cios locais, impulsionando-os a melhorar.<\/p>\n\t<p>\n\t\t<a href=\"https:\/\/lp2.suno.com.br\/onde-investir-2026?utm_campaign=_SNC094D2575_rs.ein26&#038;utm_source=suno.com.br&#038;utm_medium=banner.noticias\" target=\"_blank\" data-element=\"shortcode-suno-banner\" title=\"Banner SUNO, clique e saiba mais\">\n\t\t\t<picture>\n\t\t\t\t<source media=\"(max-width: 500px)\" srcset=\"https:\/\/files.sunoresearch.com.br\/n\/uploads\/2026\/01\/Banner-Materias-01-Mbl_-400x300-1-png.webp\">\n\t\t\t\t<img class=\"newsContent__article__imgCapa newsContent__article__imgCapa--banner\"\n\t\t\t\t\tsrc=\"https:\/\/files.sunoresearch.com.br\/n\/uploads\/2026\/01\/Banner-Materias-01-Dkp_-1420x240-1-png.webp\"\n\t\t\t\t\tdata-promo-id=\"638391\"\t\t\t\t\t\t\t\t\t\twidth='1420' height='240'\t\t\t\t\talt=\"https:\/\/files.sunoresearch.com.br\/n\/uploads\/2026\/01\/Banner-Materias-01-Dkp_-1420x240-1-png.webp\"\n\t\t\t\t>\n\t\t\t<\/picture>\n\t\t<\/a>\n\t<\/p>\n\n\n<p>O desenvolvimento chin\u00eas, liderado pelo forte investimento nos \u00faltimos 30 anos, elevou o crescimento econ\u00f4micos a dois d\u00edgitos. Entretanto, esse processo endividou as empresas, fam\u00edlias e governo a uma estimativa de 300% do <a href=\"https:\/\/www.suno.com.br\/artigos\/o-produto-interno-bruto-pib\/\"><strong>PIB<\/strong><\/a>.<\/p>\n<p>Isso impactou diretamente o pr\u00f3prio <a href=\"https:\/\/www.suno.com.br\/artigos\/crescimento-economico\/\">crescimento econ\u00f4mico<\/a>, que caiu ao menor n\u00edvel em 30% no segundo trimestre deste ano.<\/p>\n<p>Isso transformou o crescimento da produtividade total dos fatores &#8211; medi\u00e7\u00e3o dos ganhos de efici\u00eancia em meio \u00e0 inova\u00e7\u00e3o &#8211; como principal motor de crescimento para as pr\u00f3ximas gera\u00e7\u00f5es.<\/p>\n<p>Todavia, de acordo com um c\u00e1lculo do BNP Paribas Asset Management, a produtividade total dos fatores da <strong>China<\/strong> caiu 0,6% em 2017.<\/p>\n<p><a href=\"https:\/\/www.suno.com.br\/noticias\/guerra-comercial-eua-china-brasil-0708\/\">Veja tamb\u00e9m: Guerra comercial entre EUA e China pode beneficiar a exporta\u00e7\u00e3o brasileira<\/a><\/p>\n<p>Segundo <strong>Wang Tao<\/strong>, do banco su\u00ed\u00e7o UBS, &#8220;as verdadeiras fontes de crescimento da produtividade chinesa&#8221; s\u00e3o &#8220;ganhos de produtividade ou efici\u00eancia advindos das reformas e abertura, bem como do progresso tecnol\u00f3gico&#8221; e &#8220;aqueles trazidos pelo investimento&#8221;.<\/p>\n<h2>China pode ter economia abalada na Guerra Comercial<\/h2>\n<p>Ao passo em que <strong>Zhengfei<\/strong> disse, no in\u00edcio do ano, que &#8220;se tiverem cidadania dos EUA, n\u00e3o os contrataremos&#8221; sobre os engenheiros estadunidenses, o banco UBS estima que restri\u00e7\u00f5es \u00e0 transfer\u00eancia de tecnologia poder\u00e3o ser prejudiciais aos chineses.<\/p>\n<p>Ainda segundo o banco, esse processo de bloqueio ao interc\u00e2mbio de tecnologia pode reduzir a produtividade total dos fatores de modo a derrubar em 0,5% o crescimento anual do PIB pelos pr\u00f3ximos dez anos.<\/p>\n<p><a href=\"https:\/\/www.suno.com.br\/noticias\/entenda-guerra-comercial-eua-china-brasil\/\">Saiba mais: Entenda a guerra comercial entre EUA \u2013 China em 5 pontos<\/a><\/p>\n<p>&#8220;Se h\u00e1 menos centros de interc\u00e2mbio, menos graduados chineses no Ocidente e menos multinacionais na China, haver\u00e1 menos capital humano&#8221;, refor\u00e7a Scott Kennedy, do Centro de Estudos Estrat\u00e9gicos e Internacionais, em Washington.<\/p>\n<p>A <strong>Guerra comercial<\/strong> acontece em um momento delicado da hist\u00f3ria econ\u00f4mica moderna da <strong>China<\/strong>. Os grandes retornos das d\u00e9cadas passadas, gerados por sua for\u00e7a de trabalho jovem forte e en\u00e9rgica, est\u00e3o come\u00e7ando a diminuir \u00e0 medida que a popula\u00e7\u00e3o envelhece.<\/p>\n\t<p>\n\t\t<a href=\"https:\/\/www.suno.com.br\/wealth\/\" target=\"_blank\" data-element=\"shortcode-suno-banner\" title=\"Banner SUNO, clique e saiba mais\">\n\t\t\t<picture>\n\t\t\t\t<source media=\"(max-width: 500px)\" srcset=\"https:\/\/files.sunoresearch.com.br\/n\/uploads\/2024\/01\/400x300-Mobile-WEALTH.png\">\n\t\t\t\t<img class=\"newsContent__article__imgCapa newsContent__article__imgCapa--banner\"\n\t\t\t\t\tsrc=\"https:\/\/files.sunoresearch.com.br\/n\/uploads\/2024\/01\/1420x240-Banner-Artigos-1-_-Banner-Materias-1-6.png\"\n\t\t\t\t\tdata-promo-id=\"512147\"\t\t\t\t\t\t\t\t\t\twidth='1420' height='240'\t\t\t\t\talt=\"https:\/\/files.sunoresearch.com.br\/n\/uploads\/2024\/01\/1420x240-Banner-Artigos-1-_-Banner-Materias-1-6.png\"\n\t\t\t\t>\n\t\t\t<\/picture>\n\t\t<\/a>\n\t<\/p>\n\n\n<p>Com menos capital humano, essa situa\u00e7\u00e3o tende a ser acentuada.<\/p>\n<p>A produtividade chinesa n\u00e3o \u00e9 amea\u00e7ada somente pela redu\u00e7\u00e3o do acesso a tecnologias mais avan\u00e7adas. Outros desafios poder\u00e3o vir da queda na troca de talentos por estudantes, engenheiros, professores e multinacionais ocidentais. A op\u00e7\u00e3o da <strong>Huawei<\/strong> de restringir a contrata\u00e7\u00e3o de cidad\u00e3os norte-americanos \u00e9 um agravante.<\/p>\n","protected":false},"excerpt":{"rendered":"<p>A chinesa Huawei n\u00e3o contratar\u00e1 gigantes de tecnologia dos EUA, disse o fundador da empresa, Ren Zhengfei. Huawei n\u00e3o contratar\u00e1 mais americanos; economia chinesa pode ser abalada A decis\u00e3o da Huawei por quebrar o v\u00ednculo com o o maior banco de talentos de tecnologia do mundo \u00e9 um sintoma de que a disputa comercial entre [&hellip;]<\/p>\n","protected":false},"author":24,"featured_media":33092,"comment_status":"closed","ping_status":"closed","sticky":false,"template":"","format":"standard","meta":[],"categories":[63],"tags":[711,724,793,826,1134],"suno_strategy":[],"class_list":["post-33713","post","type-post","status-publish","format-standard","has-post-thumbnail","hentry","category-internacional","tag-china","tag-donald-trump","tag-estados-unidos-eua","tag-huawei","tag-tecnologia"],"yoast_head":"<!-- This site is optimized with the Yoast SEO plugin v24.4 - https:\/\/yoast.com\/wordpress\/plugins\/seo\/ -->\n<title>Huawei n\u00e3o contratar\u00e1 mais americanos; China pode ser abalada<\/title>\n<meta name=\"description\" content=\"A chinesa Huawei n\u00e3o contratar\u00e1 gigantes de tecnologia dos EUA, disse o fundador da empresa, Ren Zhengfei. Clique aqui e saiba mais.\" \/>\n<meta name=\"robots\" content=\"index, follow, max-snippet:-1, max-image-preview:large, max-video-preview:-1\" \/>\n<link rel=\"canonical\" href=\"https:\/\/www.suno.com.br\/noticias\/huaewei-americanos-eua-china-guerra-comercial\/\" \/>\n<meta property=\"og:locale\" content=\"pt_BR\" \/>\n<meta property=\"og:type\" content=\"article\" \/>\n<meta property=\"og:title\" content=\"Huawei n\u00e3o contratar\u00e1 mais americanos; China pode ser abalada\" \/>\n<meta property=\"og:description\" content=\"A chinesa Huawei n\u00e3o contratar\u00e1 gigantes de tecnologia dos EUA, disse o fundador da empresa, Ren Zhengfei. Clique aqui e saiba mais.\" \/>\n<meta property=\"og:url\" content=\"https:\/\/www.suno.com.br\/noticias\/huaewei-americanos-eua-china-guerra-comercial\/\" \/>\n<meta property=\"og:site_name\" content=\"Suno Not\u00edcias\" \/>\n<meta property=\"article:publisher\" content=\"https:\/\/facebook.com\/sunoresearch\" \/>\n<meta property=\"og:image\" content=\"https:\/\/files.sunoresearch.com.br\/n\/uploads\/2019\/08\/2c2401f9-banco-central-da-china-e1565623070289.jpg\" \/>\n\t<meta property=\"og:image:width\" content=\"2040\" \/>\n\t<meta property=\"og:image:height\" content=\"455\" \/>\n\t<meta property=\"og:image:type\" content=\"image\/jpeg\" \/>\n<meta name=\"author\" content=\"Jader Lazarini\" \/>\n<meta name=\"twitter:card\" content=\"summary_large_image\" \/>\n<meta name=\"twitter:creator\" content=\"@sunoresearch\" \/>\n<meta name=\"twitter:site\" content=\"@sunoresearch\" \/>\n<meta name=\"twitter:label1\" content=\"Escrito por\" \/>\n\t<meta name=\"twitter:data1\" content=\"Jader Lazarini\" \/>\n\t<meta name=\"twitter:label2\" content=\"Est. tempo de leitura\" \/>\n\t<meta name=\"twitter:data2\" content=\"3 minutos\" \/>\n<script type=\"application\/ld+json\" class=\"yoast-schema-graph\">{\"@context\":\"https:\/\/schema.org\",\"@graph\":[{\"@type\":\"NewsArticle\",\"@id\":\"https:\/\/www.suno.com.br\/noticias\/huaewei-americanos-eua-china-guerra-comercial\/#article\",\"isPartOf\":{\"@id\":\"https:\/\/www.suno.com.br\/noticias\/huaewei-americanos-eua-china-guerra-comercial\/\"},\"author\":{\"name\":\"Jader Lazarini\",\"@id\":\"https:\/\/www.suno.com.br\/noticias\/#\/schema\/person\/918d79de1f0281f01599b93f9ea6e23f\"},\"headline\":\"Huawei n\u00e3o contratar\u00e1 mais americanos; economia chinesa pode ser abalada\",\"datePublished\":\"2019-08-12T15:19:08+00:00\",\"dateModified\":\"2019-08-12T15:54:21+00:00\",\"mainEntityOfPage\":{\"@id\":\"https:\/\/www.suno.com.br\/noticias\/huaewei-americanos-eua-china-guerra-comercial\/\"},\"wordCount\":564,\"publisher\":{\"@id\":\"https:\/\/www.suno.com.br\/noticias\/#organization\"},\"image\":{\"@id\":\"https:\/\/www.suno.com.br\/noticias\/huaewei-americanos-eua-china-guerra-comercial\/#primaryimage\"},\"thumbnailUrl\":\"https:\/\/files.sunoresearch.com.br\/n\/uploads\/2019\/08\/2c2401f9-banco-central-da-china-e1565623070289-jpg.webp\",\"keywords\":[\"China\",\"Donald Trump\",\"Estados Unidos (EUA)\",\"Huawei\",\"Tecnologia\"],\"articleSection\":[\"Internacional\"],\"inLanguage\":\"pt-BR\"},{\"@type\":\"WebPage\",\"@id\":\"https:\/\/www.suno.com.br\/noticias\/huaewei-americanos-eua-china-guerra-comercial\/\",\"url\":\"https:\/\/www.suno.com.br\/noticias\/huaewei-americanos-eua-china-guerra-comercial\/\",\"name\":\"Huawei n\u00e3o contratar\u00e1 mais americanos; China pode ser abalada\",\"isPartOf\":{\"@id\":\"https:\/\/www.suno.com.br\/noticias\/#website\"},\"primaryImageOfPage\":{\"@id\":\"https:\/\/www.suno.com.br\/noticias\/huaewei-americanos-eua-china-guerra-comercial\/#primaryimage\"},\"image\":{\"@id\":\"https:\/\/www.suno.com.br\/noticias\/huaewei-americanos-eua-china-guerra-comercial\/#primaryimage\"},\"thumbnailUrl\":\"https:\/\/files.sunoresearch.com.br\/n\/uploads\/2019\/08\/2c2401f9-banco-central-da-china-e1565623070289-jpg.webp\",\"datePublished\":\"2019-08-12T15:19:08+00:00\",\"dateModified\":\"2019-08-12T15:54:21+00:00\",\"description\":\"A chinesa Huawei n\u00e3o contratar\u00e1 gigantes de tecnologia dos EUA, disse o fundador da empresa, Ren Zhengfei. Clique aqui e saiba mais.\",\"breadcrumb\":{\"@id\":\"https:\/\/www.suno.com.br\/noticias\/huaewei-americanos-eua-china-guerra-comercial\/#breadcrumb\"},\"inLanguage\":\"pt-BR\",\"potentialAction\":[{\"@type\":\"ReadAction\",\"target\":[\"https:\/\/www.suno.com.br\/noticias\/huaewei-americanos-eua-china-guerra-comercial\/\"]}]},{\"@type\":\"ImageObject\",\"inLanguage\":\"pt-BR\",\"@id\":\"https:\/\/www.suno.com.br\/noticias\/huaewei-americanos-eua-china-guerra-comercial\/#primaryimage\",\"url\":\"https:\/\/files.sunoresearch.com.br\/n\/uploads\/2019\/08\/2c2401f9-banco-central-da-china-e1565623070289-jpg.webp\",\"contentUrl\":\"https:\/\/files.sunoresearch.com.br\/n\/uploads\/2019\/08\/2c2401f9-banco-central-da-china-e1565623070289-jpg.webp\",\"width\":2040,\"height\":455,\"caption\":\"Huawei n\u00e3o contratar\u00e1 mais americanos; economia chinesa pode ser abalada\"},{\"@type\":\"BreadcrumbList\",\"@id\":\"https:\/\/www.suno.com.br\/noticias\/huaewei-americanos-eua-china-guerra-comercial\/#breadcrumb\",\"itemListElement\":[{\"@type\":\"ListItem\",\"position\":1,\"name\":\"Not\u00edcias\",\"item\":\"https:\/\/www.suno.com.br\/noticias\/\"},{\"@type\":\"ListItem\",\"position\":2,\"name\":\"Internacional\",\"item\":\"https:\/\/www.suno.com.br\/noticias\/internacional\/\"},{\"@type\":\"ListItem\",\"position\":3,\"name\":\"Huawei n\u00e3o contratar\u00e1 mais americanos; economia chinesa pode ser abalada\"}]},{\"@type\":\"WebSite\",\"@id\":\"https:\/\/www.suno.com.br\/noticias\/#website\",\"url\":\"https:\/\/www.suno.com.br\/noticias\/\",\"name\":\"Suno Not\u00edcias\",\"description\":\"Seu portal de informa\u00e7\u00e3o sobre o mundo dos investimentos\",\"publisher\":{\"@id\":\"https:\/\/www.suno.com.br\/noticias\/#organization\"},\"potentialAction\":[{\"@type\":\"SearchAction\",\"target\":{\"@type\":\"EntryPoint\",\"urlTemplate\":\"https:\/\/www.suno.com.br\/noticias\/?s={search_term_string}\"},\"query-input\":{\"@type\":\"PropertyValueSpecification\",\"valueRequired\":true,\"valueName\":\"search_term_string\"}}],\"inLanguage\":\"pt-BR\"},{\"@type\":\"Organization\",\"@id\":\"https:\/\/www.suno.com.br\/noticias\/#organization\",\"name\":\"Suno Not\u00edcias\",\"url\":\"https:\/\/www.suno.com.br\/noticias\/\",\"logo\":{\"@type\":\"ImageObject\",\"inLanguage\":\"pt-BR\",\"@id\":\"https:\/\/www.suno.com.br\/noticias\/#\/schema\/logo\/image\/\",\"url\":\"https:\/\/files.sunoresearch.com.br\/n\/uploads\/2021\/09\/suno-logo.png\",\"contentUrl\":\"https:\/\/files.sunoresearch.com.br\/n\/uploads\/2021\/09\/suno-logo.png\",\"width\":180,\"height\":180,\"caption\":\"Suno Not\u00edcias\"},\"image\":{\"@id\":\"https:\/\/www.suno.com.br\/noticias\/#\/schema\/logo\/image\/\"},\"sameAs\":[\"https:\/\/facebook.com\/sunoresearch\",\"https:\/\/x.com\/sunoresearch\",\"https:\/\/www.instagram.com\/suno\",\"https:\/\/www.linkedin.com\/company\/suno-research\/\",\"https:\/\/www.youtube.com\/c\/sunoresearch\"]},{\"@type\":\"Person\",\"@id\":\"https:\/\/www.suno.com.br\/noticias\/#\/schema\/person\/918d79de1f0281f01599b93f9ea6e23f\",\"name\":\"Jader Lazarini\",\"image\":{\"@type\":\"ImageObject\",\"inLanguage\":\"pt-BR\",\"@id\":\"https:\/\/www.suno.com.br\/noticias\/#\/schema\/person\/image\/\",\"url\":\"https:\/\/secure.gravatar.com\/avatar\/3c1ad8caa51589841baeb923fcddea97?s=96&r=g\",\"contentUrl\":\"https:\/\/secure.gravatar.com\/avatar\/3c1ad8caa51589841baeb923fcddea97?s=96&r=g\",\"caption\":\"Jader Lazarini\"},\"description\":\"Jader Lazarini escreve sobre investimentos, finan\u00e7as, economia e neg\u00f3cios. \u00c9 bacharel em Rela\u00e7\u00f5es Internacionais e analista CNPI (2619).\",\"url\":\"https:\/\/www.suno.com.br\/noticias\/author\/jader-lazarini\/\"}]}<\/script>\n<!-- \/ Yoast SEO plugin. -->","yoast_head_json":{"title":"Huawei n\u00e3o contratar\u00e1 mais americanos; China pode ser abalada","description":"A chinesa Huawei n\u00e3o contratar\u00e1 gigantes de tecnologia dos EUA, disse o fundador da empresa, Ren Zhengfei. Clique aqui e saiba mais.","robots":{"index":"index","follow":"follow","max-snippet":"max-snippet:-1","max-image-preview":"max-image-preview:large","max-video-preview":"max-video-preview:-1"},"canonical":"https:\/\/www.suno.com.br\/noticias\/huaewei-americanos-eua-china-guerra-comercial\/","og_locale":"pt_BR","og_type":"article","og_title":"Huawei n\u00e3o contratar\u00e1 mais americanos; China pode ser abalada","og_description":"A chinesa Huawei n\u00e3o contratar\u00e1 gigantes de tecnologia dos EUA, disse o fundador da empresa, Ren Zhengfei. Clique aqui e saiba mais.","og_url":"https:\/\/www.suno.com.br\/noticias\/huaewei-americanos-eua-china-guerra-comercial\/","og_site_name":"Suno Not\u00edcias","article_publisher":"https:\/\/facebook.com\/sunoresearch","og_image":[{"width":2040,"height":455,"url":"https:\/\/files.sunoresearch.com.br\/n\/uploads\/2019\/08\/2c2401f9-banco-central-da-china-e1565623070289.jpg","type":"image\/jpeg"}],"author":"Jader Lazarini","twitter_card":"summary_large_image","twitter_creator":"@sunoresearch","twitter_site":"@sunoresearch","twitter_misc":{"Escrito por":"Jader Lazarini","Est. tempo de leitura":"3 minutos"},"schema":{"@context":"https:\/\/schema.org","@graph":[{"@type":"NewsArticle","@id":"https:\/\/www.suno.com.br\/noticias\/huaewei-americanos-eua-china-guerra-comercial\/#article","isPartOf":{"@id":"https:\/\/www.suno.com.br\/noticias\/huaewei-americanos-eua-china-guerra-comercial\/"},"author":{"name":"Jader Lazarini","@id":"https:\/\/www.suno.com.br\/noticias\/#\/schema\/person\/918d79de1f0281f01599b93f9ea6e23f"},"headline":"Huawei n\u00e3o contratar\u00e1 mais americanos; economia chinesa pode ser abalada","datePublished":"2019-08-12T15:19:08+00:00","dateModified":"2019-08-12T15:54:21+00:00","mainEntityOfPage":{"@id":"https:\/\/www.suno.com.br\/noticias\/huaewei-americanos-eua-china-guerra-comercial\/"},"wordCount":564,"publisher":{"@id":"https:\/\/www.suno.com.br\/noticias\/#organization"},"image":{"@id":"https:\/\/www.suno.com.br\/noticias\/huaewei-americanos-eua-china-guerra-comercial\/#primaryimage"},"thumbnailUrl":"https:\/\/files.sunoresearch.com.br\/n\/uploads\/2019\/08\/2c2401f9-banco-central-da-china-e1565623070289-jpg.webp","keywords":["China","Donald Trump","Estados Unidos (EUA)","Huawei","Tecnologia"],"articleSection":["Internacional"],"inLanguage":"pt-BR"},{"@type":"WebPage","@id":"https:\/\/www.suno.com.br\/noticias\/huaewei-americanos-eua-china-guerra-comercial\/","url":"https:\/\/www.suno.com.br\/noticias\/huaewei-americanos-eua-china-guerra-comercial\/","name":"Huawei n\u00e3o contratar\u00e1 mais americanos; China pode ser abalada","isPartOf":{"@id":"https:\/\/www.suno.com.br\/noticias\/#website"},"primaryImageOfPage":{"@id":"https:\/\/www.suno.com.br\/noticias\/huaewei-americanos-eua-china-guerra-comercial\/#primaryimage"},"image":{"@id":"https:\/\/www.suno.com.br\/noticias\/huaewei-americanos-eua-china-guerra-comercial\/#primaryimage"},"thumbnailUrl":"https:\/\/files.sunoresearch.com.br\/n\/uploads\/2019\/08\/2c2401f9-banco-central-da-china-e1565623070289-jpg.webp","datePublished":"2019-08-12T15:19:08+00:00","dateModified":"2019-08-12T15:54:21+00:00","description":"A chinesa Huawei n\u00e3o contratar\u00e1 gigantes de tecnologia dos EUA, disse o fundador da empresa, Ren Zhengfei. Clique aqui e saiba mais.","breadcrumb":{"@id":"https:\/\/www.suno.com.br\/noticias\/huaewei-americanos-eua-china-guerra-comercial\/#breadcrumb"},"inLanguage":"pt-BR","potentialAction":[{"@type":"ReadAction","target":["https:\/\/www.suno.com.br\/noticias\/huaewei-americanos-eua-china-guerra-comercial\/"]}]},{"@type":"ImageObject","inLanguage":"pt-BR","@id":"https:\/\/www.suno.com.br\/noticias\/huaewei-americanos-eua-china-guerra-comercial\/#primaryimage","url":"https:\/\/files.sunoresearch.com.br\/n\/uploads\/2019\/08\/2c2401f9-banco-central-da-china-e1565623070289-jpg.webp","contentUrl":"https:\/\/files.sunoresearch.com.br\/n\/uploads\/2019\/08\/2c2401f9-banco-central-da-china-e1565623070289-jpg.webp","width":2040,"height":455,"caption":"Huawei n\u00e3o contratar\u00e1 mais americanos; economia chinesa pode ser abalada"},{"@type":"BreadcrumbList","@id":"https:\/\/www.suno.com.br\/noticias\/huaewei-americanos-eua-china-guerra-comercial\/#breadcrumb","itemListElement":[{"@type":"ListItem","position":1,"name":"Not\u00edcias","item":"https:\/\/www.suno.com.br\/noticias\/"},{"@type":"ListItem","position":2,"name":"Internacional","item":"https:\/\/www.suno.com.br\/noticias\/internacional\/"},{"@type":"ListItem","position":3,"name":"Huawei n\u00e3o contratar\u00e1 mais americanos; economia chinesa pode ser abalada"}]},{"@type":"WebSite","@id":"https:\/\/www.suno.com.br\/noticias\/#website","url":"https:\/\/www.suno.com.br\/noticias\/","name":"Suno Not\u00edcias","description":"Seu portal de informa\u00e7\u00e3o sobre o mundo dos investimentos","publisher":{"@id":"https:\/\/www.suno.com.br\/noticias\/#organization"},"potentialAction":[{"@type":"SearchAction","target":{"@type":"EntryPoint","urlTemplate":"https:\/\/www.suno.com.br\/noticias\/?s={search_term_string}"},"query-input":{"@type":"PropertyValueSpecification","valueRequired":true,"valueName":"search_term_string"}}],"inLanguage":"pt-BR"},{"@type":"Organization","@id":"https:\/\/www.suno.com.br\/noticias\/#organization","name":"Suno Not\u00edcias","url":"https:\/\/www.suno.com.br\/noticias\/","logo":{"@type":"ImageObject","inLanguage":"pt-BR","@id":"https:\/\/www.suno.com.br\/noticias\/#\/schema\/logo\/image\/","url":"https:\/\/files.sunoresearch.com.br\/n\/uploads\/2021\/09\/suno-logo.png","contentUrl":"https:\/\/files.sunoresearch.com.br\/n\/uploads\/2021\/09\/suno-logo.png","width":180,"height":180,"caption":"Suno Not\u00edcias"},"image":{"@id":"https:\/\/www.suno.com.br\/noticias\/#\/schema\/logo\/image\/"},"sameAs":["https:\/\/facebook.com\/sunoresearch","https:\/\/x.com\/sunoresearch","https:\/\/www.instagram.com\/suno","https:\/\/www.linkedin.com\/company\/suno-research\/","https:\/\/www.youtube.com\/c\/sunoresearch"]},{"@type":"Person","@id":"https:\/\/www.suno.com.br\/noticias\/#\/schema\/person\/918d79de1f0281f01599b93f9ea6e23f","name":"Jader Lazarini","image":{"@type":"ImageObject","inLanguage":"pt-BR","@id":"https:\/\/www.suno.com.br\/noticias\/#\/schema\/person\/image\/","url":"https:\/\/secure.gravatar.com\/avatar\/3c1ad8caa51589841baeb923fcddea97?s=96&r=g","contentUrl":"https:\/\/secure.gravatar.com\/avatar\/3c1ad8caa51589841baeb923fcddea97?s=96&r=g","caption":"Jader Lazarini"},"description":"Jader Lazarini escreve sobre investimentos, finan\u00e7as, economia e neg\u00f3cios. \u00c9 bacharel em Rela\u00e7\u00f5es Internacionais e analista CNPI (2619).","url":"https:\/\/www.suno.com.br\/noticias\/author\/jader-lazarini\/"}]}},"default_loop_html":"<div class=\"cardsPage__listCard__boxs\"><div class=\"cardsPage__listCard__boxs__img\"><a href=\"https:\/\/www.suno.com.br\/noticias\/huaewei-americanos-eua-china-guerra-comercial\/\"><img class=\"mask\" src=\"https:\/\/www.suno.com.br\/noticias\/wp-content\/themes\/suno\/resources\/images\/spotlight\/spotlight1img\/bg-mask.png\" alt=\"Image Mask\"\/><img src=\"https:\/\/files.sunoresearch.com.br\/n\/uploads\/2019\/08\/2c2401f9-banco-central-da-china-e1565623070289-400x200.webp\" alt=\"Huawei n\u00e3o contratar\u00e1 mais americanos; economia chinesa pode ser abalada\"\/><\/a><span class=\"spotlightCategory\"><a href=\"https:\/\/www.suno.com.br\/noticias\/internacional\/\">Internacional<\/a><\/span><\/div><div class=\"cardsPage__listCard__boxs__content\"><a href=\"https:\/\/www.suno.com.br\/noticias\/huaewei-americanos-eua-china-guerra-comercial\/\"><h2 class=\"content__title\">Huawei n\u00e3o contratar\u00e1 mais americanos; economia chinesa pode ser abalada<\/h2><\/a><div class=\"newsContent__article__meta\"><div class=\"newsContent__article__meta__authorBox\"><a href=\"https:\/\/www.suno.com.br\/noticias\/author\/jader-lazarini\/\" class=\"authorBox__avatar noMobi\"><img src=\"https:\/\/files.sunoresearch.com.br\/n\/uploads\/2021\/01\/178e6598-foto-perfil-2-150x150.jpg\" alt=\"Jader Lazarini\"><\/a><div class=\"authorBox__name\"><span>por\n\t\t\t<a href=\"https:\/\/www.suno.com.br\/noticias\/author\/jader-lazarini\/\"><span itemprop=\"author\">Jader Lazarini<\/span><\/a><\/span><time datetime=\"2019-08-12T12:19:08-03:00\" itemprop=\"datePublished\">12\/08\/2019 12:19<\/time><\/div><\/div><\/div><\/div><\/div>","single_layout":"posts","amp_enabled":true,"_links":{"self":[{"href":"https:\/\/www.suno.com.br\/noticias\/wp-json\/wp\/v2\/posts\/33713"}],"collection":[{"href":"https:\/\/www.suno.com.br\/noticias\/wp-json\/wp\/v2\/posts"}],"about":[{"href":"https:\/\/www.suno.com.br\/noticias\/wp-json\/wp\/v2\/types\/post"}],"author":[{"embeddable":true,"href":"https:\/\/www.suno.com.br\/noticias\/wp-json\/wp\/v2\/users\/24"}],"replies":[{"embeddable":true,"href":"https:\/\/www.suno.com.br\/noticias\/wp-json\/wp\/v2\/comments?post=33713"}],"version-history":[{"count":0,"href":"https:\/\/www.suno.com.br\/noticias\/wp-json\/wp\/v2\/posts\/33713\/revisions"}],"wp:featuredmedia":[{"embeddable":true,"href":"https:\/\/www.suno.com.br\/noticias\/wp-json\/wp\/v2\/media\/33092"}],"wp:attachment":[{"href":"https:\/\/www.suno.com.br\/noticias\/wp-json\/wp\/v2\/media?parent=33713"}],"wp:term":[{"taxonomy":"category","embeddable":true,"href":"https:\/\/www.suno.com.br\/noticias\/wp-json\/wp\/v2\/categories?post=33713"},{"taxonomy":"post_tag","embeddable":true,"href":"https:\/\/www.suno.com.br\/noticias\/wp-json\/wp\/v2\/tags?post=33713"},{"taxonomy":"suno_strategy","embeddable":true,"href":"https:\/\/www.suno.com.br\/noticias\/wp-json\/wp\/v2\/suno_strategy?post=33713"}],"curies":[{"name":"wp","href":"https:\/\/api.w.org\/{rel}","templated":true}]}}