{"id":33709,"date":"2019-08-12T11:47:45","date_gmt":"2019-08-12T14:47:45","guid":{"rendered":"https:\/\/www.suno.com.br\/noticias\/?p=33709"},"modified":"2019-08-16T14:47:22","modified_gmt":"2019-08-16T17:47:22","slug":"peso-argentino-macri-eleicoes","status":"publish","type":"post","link":"https:\/\/www.suno.com.br\/noticias\/peso-argentino-macri-eleicoes\/","title":{"rendered":"Peso argentino registra queda de 22% ap\u00f3s derrota do presidente Macri"},"content":{"rendered":"<p>Ap\u00f3s a derrota do presidente <strong>Mauricio Macri<\/strong> nas <strong>elei\u00e7\u00f5es prim\u00e1rias<\/strong> na Argentina para o candidato de centro-esquerda Alberto Fern\u00e1ndez, que tem como vice a ex-presidente Cristina Kirchner, o peso argentino registrou forte desvaloriza\u00e7\u00e3o.<\/p>\t<div class=\"wrapper-featured-image\">\n\t\t<figure class=\"spotlightImg\">\n\n\t\t\t<picture>\n\t\t\t\t<source media=\"(max-width: 768px)\" srcset=\"https:\/\/files.sunoresearch.com.br\/n\/uploads\/2019\/08\/1995c29a-macri-peso-argentino-desvalorizacao-400x200.webp\">\n\t\t\t\t<img loading=\"lazy\" decoding=\"async\" class=\"newsContent__article__imgCapa lazyloadDisabled newsContent__article__imgCapa--noCaption\" src=\"https:\/\/files.sunoresearch.com.br\/n\/uploads\/2019\/08\/1995c29a-macri-peso-argentino-desvalorizacao-800x450.webp\" width=\"800\" height=\"450\" alt=\"Peso argentino registra queda de 22% ap\u00f3s derrota do presidente Macri\" fetchpriority=high \/>\n\t\t\t<\/picture>\n\n\t\t\t<figcaption class=\"wp-caption-text wp-caption-text--hide\">Agenda do Dia<\/figcaption>\n\t\t<\/figure>\n\t<\/div>\n\n\n<p>Por volta das 11h30, o <strong>peso argentino<\/strong> registrava queda de -22,158% sendo comprado a R$ 0,0678 e vendido a R$ 0,0678. A perspectiva do mercado \u00e9 de que Macri n\u00e3o consiga se reeleger nas elei\u00e7\u00f5es de outubro.<\/p>\n\n<p>No \u00faltimo domingo (11), ocorreram as elei\u00e7\u00f5es prim\u00e1rias para a presid\u00eancia da Argentina. O candidato de centro-esquerda, Alberto Fern\u00e1ndez, registrou 47,36% do votos. Por sua vez, o candidato de direita e atual presidente do pa\u00eds, Mauricio Macri, alcan\u00e7ou apenas 32,23% dos votos.<\/p>\n<p>Para conquistar a presid\u00eancia no primeiro turno, o candidato precisa angariar 45% dos votos ou uma diferen\u00e7a de 10 pontos sobre o segundo colocado. Dessa forma, se os resultados forem os mesmos em outubro, n\u00e3o ser\u00e1 necess\u00e1rio segundo turno e Fern\u00e1ndez se tornaria o novo presidente da Argentina.<\/p>\n<p>De acordo com as sondagens eleitorais a taxa de participa\u00e7\u00e3o nas urnas foi de aproximadamente 75%, entre as 33,8 milh\u00f5es de argentinos aptos a votar.\u00a0A ideia das elei\u00e7\u00f5es prim\u00e1rias na Argentina \u00e9 fazer com que os eleitores possam escolher os candidatos que ir\u00e3o disputar a corrida presidencial no m\u00eas de outubro.<\/p>\n\t<p>\n\t\t<a href=\"https:\/\/lp.suno.com.br\/planilha-de-controle-de-investimentos\/\" target=\"_blank\" data-element=\"shortcode-suno-banner\" title=\"Banner SUNO, clique e saiba mais\">\n\t\t\t<picture>\n\t\t\t\t<source media=\"(max-width: 500px)\" srcset=\"https:\/\/files.sunoresearch.com.br\/n\/uploads\/2023\/03\/400x300-Controle-de-Investimentos.png\">\n\t\t\t\t<img class=\"newsContent__article__imgCapa newsContent__article__imgCapa--banner\"\n\t\t\t\t\tsrc=\"https:\/\/files.sunoresearch.com.br\/n\/uploads\/2023\/03\/1420x240-Controle-de-Investimentos.png\"\n\t\t\t\t\tdata-promo-id=\"75934\"\t\t\t\t\t\t\t\t\t\twidth='1420' height='240'\t\t\t\t\talt=\"https:\/\/files.sunoresearch.com.br\/n\/uploads\/2023\/03\/1420x240-Controle-de-Investimentos.png\"\n\t\t\t\t>\n\t\t\t<\/picture>\n\t\t<\/a>\n\t<\/p>\n\n\n<h2>Derrota de Macri<\/h2>\n<p>Macri j\u00e1 s\u00e1bia que seria derrotado antes do informe dos resultados. &#8220;Tivemos uma vota\u00e7\u00e3o ruim e isso nos obriga, a partir de amanh\u00e3, a redobrar os esfor\u00e7os para que em outubro consigamos o apoio necess\u00e1rio para continuar com a mudan\u00e7a&#8221;, disse o presidente argentino.<\/p>\n<p><a href=\"\/\/www.suno.com.br\/noticias\/macri-derrotado-oposicao-eleicoes-primarias-argentinas\/\">Saiba Mais: Macri \u00e9 derrotado pela oposi\u00e7\u00e3o nas elei\u00e7\u00f5es prim\u00e1rias argentinas<\/a><\/p>\n<p>&#8220;Claramente estamos dando tudo pelo nosso querido pa\u00eds. D\u00f3i que hoje n\u00e3o tenhamos tido todo o apoio que esper\u00e1vamos, mas, a partir de manh\u00e3, todos somos mais respons\u00e1veis por este pa\u00eds avan\u00e7ar. Portanto, \u00e9 dormir e recome\u00e7ar a trabalhar amanh\u00e3 de manh\u00e3&#8221;, reiterou Macri.<\/p>\n<p>A rejei\u00e7\u00e3o de Macri pode ser explicada pelos ruins resultados obtidos em seu plano econ\u00f4mico e tamb\u00e9m social de governo. O crescimento no \u00edndice de desemprego do pa\u00eds tamb\u00e9m pode ser um importante fator nas elei\u00e7\u00f5es.<\/p>\n<h2>Peso argentino e Real<\/h2>\n<p>O presidente da Rep\u00fablica, Jair Bolsonaro, tinha anunciado a possibilidade cria\u00e7\u00e3o de uma moeda \u00fanica para o Brasil e a Argentina, que se chamaria &#8220;peso real&#8221;.<\/p>\n<p><a href=\"\/\/www.suno.com.br\/noticias\/banco-central-moeda-unica-argentina\/\">Saiba Mais: Banco Central: n\u00e3o h\u00e1 projetos sobre moeda \u00fanica com a Argentina<\/a><\/p>\n<p>No entanto, o Banco Central informou que n\u00e3o h\u00e1 estudos sobre a cria\u00e7\u00e3o de uma moeda \u00fanica.&#8221;H\u00e1 t\u00e3o somente, como \u00e9 natural na rela\u00e7\u00e3o entre parceiros, di\u00e1logos sobre estabilidade macroecon\u00f4mica, bem como debates acerca de redu\u00e7\u00e3o de riscos e vulnerabilidades e fortalecimento institucional\u201d, informou a institui\u00e7\u00e3o sobre o<strong> peso real<\/strong>.<\/p>\n","protected":false},"excerpt":{"rendered":"<p>Ap\u00f3s a derrota do presidente Mauricio Macri nas elei\u00e7\u00f5es prim\u00e1rias na Argentina para o candidato de centro-esquerda Alberto Fern\u00e1ndez, que tem como vice a ex-presidente Cristina Kirchner, o peso argentino registrou forte desvaloriza\u00e7\u00e3o. Agenda do Dia Por volta das 11h30, o peso argentino registrava queda de -22,158% sendo comprado a R$ 0,0678 e vendido a [&hellip;]<\/p>\n","protected":false},"author":15,"featured_media":33717,"comment_status":"closed","ping_status":"closed","sticky":false,"template":"","format":"standard","meta":[],"categories":[63],"tags":[699],"suno_strategy":[],"class_list":["post-33709","post","type-post","status-publish","format-standard","has-post-thumbnail","hentry","category-internacional","tag-argentina"],"yoast_head":"<!-- This site is optimized with the Yoast SEO plugin v24.4 - https:\/\/yoast.com\/wordpress\/plugins\/seo\/ -->\n<title>Peso argentino registra queda de 22% ap\u00f3s derrota de Macri<\/title>\n<meta name=\"description\" content=\"or volta das 11h30, o peso argentino registrava queda de -22,158% sendo comprado a R$ 0,0678 e vendido a R$ 0,0678. Clique aqui e saiba mais\" \/>\n<meta name=\"robots\" content=\"index, follow, max-snippet:-1, max-image-preview:large, max-video-preview:-1\" \/>\n<link rel=\"canonical\" href=\"https:\/\/www.suno.com.br\/noticias\/peso-argentino-macri-eleicoes\/\" \/>\n<meta property=\"og:locale\" content=\"pt_BR\" \/>\n<meta property=\"og:type\" content=\"article\" \/>\n<meta property=\"og:title\" content=\"Peso argentino registra queda de 22% ap\u00f3s derrota de Macri\" \/>\n<meta property=\"og:description\" content=\"or volta das 11h30, o peso argentino registrava queda de -22,158% sendo comprado a R$ 0,0678 e vendido a R$ 0,0678. Clique aqui e saiba mais\" \/>\n<meta property=\"og:url\" content=\"https:\/\/www.suno.com.br\/noticias\/peso-argentino-macri-eleicoes\/\" \/>\n<meta property=\"og:site_name\" content=\"Suno Not\u00edcias\" \/>\n<meta property=\"article:publisher\" content=\"https:\/\/facebook.com\/sunoresearch\" \/>\n<meta property=\"og:image\" content=\"https:\/\/files.sunoresearch.com.br\/n\/uploads\/2019\/08\/1995c29a-macri-peso-argentino-desvalorizacao.jpg\" \/>\n\t<meta property=\"og:image:width\" content=\"2291\" \/>\n\t<meta property=\"og:image:height\" content=\"1515\" \/>\n\t<meta property=\"og:image:type\" content=\"image\/jpeg\" \/>\n<meta name=\"author\" content=\"Poliana Santos\" \/>\n<meta name=\"twitter:card\" content=\"summary_large_image\" \/>\n<meta name=\"twitter:creator\" content=\"@sunoresearch\" \/>\n<meta name=\"twitter:site\" content=\"@sunoresearch\" \/>\n<meta name=\"twitter:label1\" content=\"Escrito por\" \/>\n\t<meta name=\"twitter:data1\" content=\"Poliana Santos\" \/>\n\t<meta name=\"twitter:label2\" content=\"Est. tempo de leitura\" \/>\n\t<meta name=\"twitter:data2\" content=\"2 minutos\" \/>\n<script type=\"application\/ld+json\" class=\"yoast-schema-graph\">{\"@context\":\"https:\/\/schema.org\",\"@graph\":[{\"@type\":\"NewsArticle\",\"@id\":\"https:\/\/www.suno.com.br\/noticias\/peso-argentino-macri-eleicoes\/#article\",\"isPartOf\":{\"@id\":\"https:\/\/www.suno.com.br\/noticias\/peso-argentino-macri-eleicoes\/\"},\"author\":{\"name\":\"Poliana Santos\",\"@id\":\"https:\/\/www.suno.com.br\/noticias\/#\/schema\/person\/02ec1f752758247878a2bf4abee1aeda\"},\"headline\":\"Peso argentino registra queda de 22% ap\u00f3s derrota do presidente Macri\",\"datePublished\":\"2019-08-12T14:47:45+00:00\",\"dateModified\":\"2019-08-16T17:47:22+00:00\",\"mainEntityOfPage\":{\"@id\":\"https:\/\/www.suno.com.br\/noticias\/peso-argentino-macri-eleicoes\/\"},\"wordCount\":503,\"publisher\":{\"@id\":\"https:\/\/www.suno.com.br\/noticias\/#organization\"},\"image\":{\"@id\":\"https:\/\/www.suno.com.br\/noticias\/peso-argentino-macri-eleicoes\/#primaryimage\"},\"thumbnailUrl\":\"https:\/\/files.sunoresearch.com.br\/n\/uploads\/2019\/08\/1995c29a-macri-peso-argentino-desvalorizacao-jpg.webp\",\"keywords\":[\"Argentina\"],\"articleSection\":[\"Internacional\"],\"inLanguage\":\"pt-BR\"},{\"@type\":\"WebPage\",\"@id\":\"https:\/\/www.suno.com.br\/noticias\/peso-argentino-macri-eleicoes\/\",\"url\":\"https:\/\/www.suno.com.br\/noticias\/peso-argentino-macri-eleicoes\/\",\"name\":\"Peso argentino registra queda de 22% ap\u00f3s derrota de Macri\",\"isPartOf\":{\"@id\":\"https:\/\/www.suno.com.br\/noticias\/#website\"},\"primaryImageOfPage\":{\"@id\":\"https:\/\/www.suno.com.br\/noticias\/peso-argentino-macri-eleicoes\/#primaryimage\"},\"image\":{\"@id\":\"https:\/\/www.suno.com.br\/noticias\/peso-argentino-macri-eleicoes\/#primaryimage\"},\"thumbnailUrl\":\"https:\/\/files.sunoresearch.com.br\/n\/uploads\/2019\/08\/1995c29a-macri-peso-argentino-desvalorizacao-jpg.webp\",\"datePublished\":\"2019-08-12T14:47:45+00:00\",\"dateModified\":\"2019-08-16T17:47:22+00:00\",\"description\":\"or volta das 11h30, o peso argentino registrava queda de -22,158% sendo comprado a R$ 0,0678 e vendido a R$ 0,0678. Clique aqui e saiba mais\",\"breadcrumb\":{\"@id\":\"https:\/\/www.suno.com.br\/noticias\/peso-argentino-macri-eleicoes\/#breadcrumb\"},\"inLanguage\":\"pt-BR\",\"potentialAction\":[{\"@type\":\"ReadAction\",\"target\":[\"https:\/\/www.suno.com.br\/noticias\/peso-argentino-macri-eleicoes\/\"]}]},{\"@type\":\"ImageObject\",\"inLanguage\":\"pt-BR\",\"@id\":\"https:\/\/www.suno.com.br\/noticias\/peso-argentino-macri-eleicoes\/#primaryimage\",\"url\":\"https:\/\/files.sunoresearch.com.br\/n\/uploads\/2019\/08\/1995c29a-macri-peso-argentino-desvalorizacao-jpg.webp\",\"contentUrl\":\"https:\/\/files.sunoresearch.com.br\/n\/uploads\/2019\/08\/1995c29a-macri-peso-argentino-desvalorizacao-jpg.webp\",\"width\":2291,\"height\":1515,\"caption\":\"Agenda do Dia\"},{\"@type\":\"BreadcrumbList\",\"@id\":\"https:\/\/www.suno.com.br\/noticias\/peso-argentino-macri-eleicoes\/#breadcrumb\",\"itemListElement\":[{\"@type\":\"ListItem\",\"position\":1,\"name\":\"Not\u00edcias\",\"item\":\"https:\/\/www.suno.com.br\/noticias\/\"},{\"@type\":\"ListItem\",\"position\":2,\"name\":\"Internacional\",\"item\":\"https:\/\/www.suno.com.br\/noticias\/internacional\/\"},{\"@type\":\"ListItem\",\"position\":3,\"name\":\"Peso argentino registra queda de 22% ap\u00f3s derrota do presidente Macri\"}]},{\"@type\":\"WebSite\",\"@id\":\"https:\/\/www.suno.com.br\/noticias\/#website\",\"url\":\"https:\/\/www.suno.com.br\/noticias\/\",\"name\":\"Suno Not\u00edcias\",\"description\":\"Seu portal de informa\u00e7\u00e3o sobre o mundo dos investimentos\",\"publisher\":{\"@id\":\"https:\/\/www.suno.com.br\/noticias\/#organization\"},\"potentialAction\":[{\"@type\":\"SearchAction\",\"target\":{\"@type\":\"EntryPoint\",\"urlTemplate\":\"https:\/\/www.suno.com.br\/noticias\/?s={search_term_string}\"},\"query-input\":{\"@type\":\"PropertyValueSpecification\",\"valueRequired\":true,\"valueName\":\"search_term_string\"}}],\"inLanguage\":\"pt-BR\"},{\"@type\":\"Organization\",\"@id\":\"https:\/\/www.suno.com.br\/noticias\/#organization\",\"name\":\"Suno Not\u00edcias\",\"url\":\"https:\/\/www.suno.com.br\/noticias\/\",\"logo\":{\"@type\":\"ImageObject\",\"inLanguage\":\"pt-BR\",\"@id\":\"https:\/\/www.suno.com.br\/noticias\/#\/schema\/logo\/image\/\",\"url\":\"https:\/\/files.sunoresearch.com.br\/n\/uploads\/2021\/09\/suno-logo.png\",\"contentUrl\":\"https:\/\/files.sunoresearch.com.br\/n\/uploads\/2021\/09\/suno-logo.png\",\"width\":180,\"height\":180,\"caption\":\"Suno Not\u00edcias\"},\"image\":{\"@id\":\"https:\/\/www.suno.com.br\/noticias\/#\/schema\/logo\/image\/\"},\"sameAs\":[\"https:\/\/facebook.com\/sunoresearch\",\"https:\/\/x.com\/sunoresearch\",\"https:\/\/www.instagram.com\/suno\",\"https:\/\/www.linkedin.com\/company\/suno-research\/\",\"https:\/\/www.youtube.com\/c\/sunoresearch\"]},{\"@type\":\"Person\",\"@id\":\"https:\/\/www.suno.com.br\/noticias\/#\/schema\/person\/02ec1f752758247878a2bf4abee1aeda\",\"name\":\"Poliana Santos\",\"image\":{\"@type\":\"ImageObject\",\"inLanguage\":\"pt-BR\",\"@id\":\"https:\/\/www.suno.com.br\/noticias\/#\/schema\/person\/image\/\",\"url\":\"https:\/\/secure.gravatar.com\/avatar\/0645bd32f23d87b2130f2b2dff1d3f8d?s=96&r=g\",\"contentUrl\":\"https:\/\/secure.gravatar.com\/avatar\/0645bd32f23d87b2130f2b2dff1d3f8d?s=96&r=g\",\"caption\":\"Poliana Santos\"},\"description\":\"Rep\u00f3rter no Suno Not\u00edcias, com cobertura em mercado financeiro, economia, finan\u00e7as pessoais, renda fixa e varejo. Jornalista formada pela Faculdade C\u00e1sper L\u00edbero e possui passagem na R\u00e1dio Gazeta AM com a produ\u00e7\u00e3o de conte\u00fado sobre economia, pol\u00edtica, sa\u00fade, moda e m\u00fasica. Possui certificado de conclus\u00e3o do curso de An\u00e1lise de Balan\u00e7os pela Funda\u00e7\u00e3o Bradesco, Agenda Brasil pela FAAP, Educa\u00e7\u00e3o Pol\u00edtica por Alexandre Garcia e do Tesouro Direto e Mercado de A\u00e7\u00f5es pela B3.\",\"url\":\"https:\/\/www.suno.com.br\/noticias\/author\/poliana-santos\/\"}]}<\/script>\n<!-- \/ Yoast SEO plugin. -->","yoast_head_json":{"title":"Peso argentino registra queda de 22% ap\u00f3s derrota de Macri","description":"or volta das 11h30, o peso argentino registrava queda de -22,158% sendo comprado a R$ 0,0678 e vendido a R$ 0,0678. Clique aqui e saiba mais","robots":{"index":"index","follow":"follow","max-snippet":"max-snippet:-1","max-image-preview":"max-image-preview:large","max-video-preview":"max-video-preview:-1"},"canonical":"https:\/\/www.suno.com.br\/noticias\/peso-argentino-macri-eleicoes\/","og_locale":"pt_BR","og_type":"article","og_title":"Peso argentino registra queda de 22% ap\u00f3s derrota de Macri","og_description":"or volta das 11h30, o peso argentino registrava queda de -22,158% sendo comprado a R$ 0,0678 e vendido a R$ 0,0678. Clique aqui e saiba mais","og_url":"https:\/\/www.suno.com.br\/noticias\/peso-argentino-macri-eleicoes\/","og_site_name":"Suno Not\u00edcias","article_publisher":"https:\/\/facebook.com\/sunoresearch","og_image":[{"width":2291,"height":1515,"url":"https:\/\/files.sunoresearch.com.br\/n\/uploads\/2019\/08\/1995c29a-macri-peso-argentino-desvalorizacao.jpg","type":"image\/jpeg"}],"author":"Poliana Santos","twitter_card":"summary_large_image","twitter_creator":"@sunoresearch","twitter_site":"@sunoresearch","twitter_misc":{"Escrito por":"Poliana Santos","Est. tempo de leitura":"2 minutos"},"schema":{"@context":"https:\/\/schema.org","@graph":[{"@type":"NewsArticle","@id":"https:\/\/www.suno.com.br\/noticias\/peso-argentino-macri-eleicoes\/#article","isPartOf":{"@id":"https:\/\/www.suno.com.br\/noticias\/peso-argentino-macri-eleicoes\/"},"author":{"name":"Poliana Santos","@id":"https:\/\/www.suno.com.br\/noticias\/#\/schema\/person\/02ec1f752758247878a2bf4abee1aeda"},"headline":"Peso argentino registra queda de 22% ap\u00f3s derrota do presidente Macri","datePublished":"2019-08-12T14:47:45+00:00","dateModified":"2019-08-16T17:47:22+00:00","mainEntityOfPage":{"@id":"https:\/\/www.suno.com.br\/noticias\/peso-argentino-macri-eleicoes\/"},"wordCount":503,"publisher":{"@id":"https:\/\/www.suno.com.br\/noticias\/#organization"},"image":{"@id":"https:\/\/www.suno.com.br\/noticias\/peso-argentino-macri-eleicoes\/#primaryimage"},"thumbnailUrl":"https:\/\/files.sunoresearch.com.br\/n\/uploads\/2019\/08\/1995c29a-macri-peso-argentino-desvalorizacao-jpg.webp","keywords":["Argentina"],"articleSection":["Internacional"],"inLanguage":"pt-BR"},{"@type":"WebPage","@id":"https:\/\/www.suno.com.br\/noticias\/peso-argentino-macri-eleicoes\/","url":"https:\/\/www.suno.com.br\/noticias\/peso-argentino-macri-eleicoes\/","name":"Peso argentino registra queda de 22% ap\u00f3s derrota de Macri","isPartOf":{"@id":"https:\/\/www.suno.com.br\/noticias\/#website"},"primaryImageOfPage":{"@id":"https:\/\/www.suno.com.br\/noticias\/peso-argentino-macri-eleicoes\/#primaryimage"},"image":{"@id":"https:\/\/www.suno.com.br\/noticias\/peso-argentino-macri-eleicoes\/#primaryimage"},"thumbnailUrl":"https:\/\/files.sunoresearch.com.br\/n\/uploads\/2019\/08\/1995c29a-macri-peso-argentino-desvalorizacao-jpg.webp","datePublished":"2019-08-12T14:47:45+00:00","dateModified":"2019-08-16T17:47:22+00:00","description":"or volta das 11h30, o peso argentino registrava queda de -22,158% sendo comprado a R$ 0,0678 e vendido a R$ 0,0678. Clique aqui e saiba mais","breadcrumb":{"@id":"https:\/\/www.suno.com.br\/noticias\/peso-argentino-macri-eleicoes\/#breadcrumb"},"inLanguage":"pt-BR","potentialAction":[{"@type":"ReadAction","target":["https:\/\/www.suno.com.br\/noticias\/peso-argentino-macri-eleicoes\/"]}]},{"@type":"ImageObject","inLanguage":"pt-BR","@id":"https:\/\/www.suno.com.br\/noticias\/peso-argentino-macri-eleicoes\/#primaryimage","url":"https:\/\/files.sunoresearch.com.br\/n\/uploads\/2019\/08\/1995c29a-macri-peso-argentino-desvalorizacao-jpg.webp","contentUrl":"https:\/\/files.sunoresearch.com.br\/n\/uploads\/2019\/08\/1995c29a-macri-peso-argentino-desvalorizacao-jpg.webp","width":2291,"height":1515,"caption":"Agenda do Dia"},{"@type":"BreadcrumbList","@id":"https:\/\/www.suno.com.br\/noticias\/peso-argentino-macri-eleicoes\/#breadcrumb","itemListElement":[{"@type":"ListItem","position":1,"name":"Not\u00edcias","item":"https:\/\/www.suno.com.br\/noticias\/"},{"@type":"ListItem","position":2,"name":"Internacional","item":"https:\/\/www.suno.com.br\/noticias\/internacional\/"},{"@type":"ListItem","position":3,"name":"Peso argentino registra queda de 22% ap\u00f3s derrota do presidente Macri"}]},{"@type":"WebSite","@id":"https:\/\/www.suno.com.br\/noticias\/#website","url":"https:\/\/www.suno.com.br\/noticias\/","name":"Suno Not\u00edcias","description":"Seu portal de informa\u00e7\u00e3o sobre o mundo dos investimentos","publisher":{"@id":"https:\/\/www.suno.com.br\/noticias\/#organization"},"potentialAction":[{"@type":"SearchAction","target":{"@type":"EntryPoint","urlTemplate":"https:\/\/www.suno.com.br\/noticias\/?s={search_term_string}"},"query-input":{"@type":"PropertyValueSpecification","valueRequired":true,"valueName":"search_term_string"}}],"inLanguage":"pt-BR"},{"@type":"Organization","@id":"https:\/\/www.suno.com.br\/noticias\/#organization","name":"Suno Not\u00edcias","url":"https:\/\/www.suno.com.br\/noticias\/","logo":{"@type":"ImageObject","inLanguage":"pt-BR","@id":"https:\/\/www.suno.com.br\/noticias\/#\/schema\/logo\/image\/","url":"https:\/\/files.sunoresearch.com.br\/n\/uploads\/2021\/09\/suno-logo.png","contentUrl":"https:\/\/files.sunoresearch.com.br\/n\/uploads\/2021\/09\/suno-logo.png","width":180,"height":180,"caption":"Suno Not\u00edcias"},"image":{"@id":"https:\/\/www.suno.com.br\/noticias\/#\/schema\/logo\/image\/"},"sameAs":["https:\/\/facebook.com\/sunoresearch","https:\/\/x.com\/sunoresearch","https:\/\/www.instagram.com\/suno","https:\/\/www.linkedin.com\/company\/suno-research\/","https:\/\/www.youtube.com\/c\/sunoresearch"]},{"@type":"Person","@id":"https:\/\/www.suno.com.br\/noticias\/#\/schema\/person\/02ec1f752758247878a2bf4abee1aeda","name":"Poliana Santos","image":{"@type":"ImageObject","inLanguage":"pt-BR","@id":"https:\/\/www.suno.com.br\/noticias\/#\/schema\/person\/image\/","url":"https:\/\/secure.gravatar.com\/avatar\/0645bd32f23d87b2130f2b2dff1d3f8d?s=96&r=g","contentUrl":"https:\/\/secure.gravatar.com\/avatar\/0645bd32f23d87b2130f2b2dff1d3f8d?s=96&r=g","caption":"Poliana Santos"},"description":"Rep\u00f3rter no Suno Not\u00edcias, com cobertura em mercado financeiro, economia, finan\u00e7as pessoais, renda fixa e varejo. Jornalista formada pela Faculdade C\u00e1sper L\u00edbero e possui passagem na R\u00e1dio Gazeta AM com a produ\u00e7\u00e3o de conte\u00fado sobre economia, pol\u00edtica, sa\u00fade, moda e m\u00fasica. Possui certificado de conclus\u00e3o do curso de An\u00e1lise de Balan\u00e7os pela Funda\u00e7\u00e3o Bradesco, Agenda Brasil pela FAAP, Educa\u00e7\u00e3o Pol\u00edtica por Alexandre Garcia e do Tesouro Direto e Mercado de A\u00e7\u00f5es pela B3.","url":"https:\/\/www.suno.com.br\/noticias\/author\/poliana-santos\/"}]}},"default_loop_html":"<div class=\"cardsPage__listCard__boxs\"><div class=\"cardsPage__listCard__boxs__img\"><a href=\"https:\/\/www.suno.com.br\/noticias\/peso-argentino-macri-eleicoes\/\"><img class=\"mask\" src=\"https:\/\/www.suno.com.br\/noticias\/wp-content\/themes\/suno\/resources\/images\/spotlight\/spotlight1img\/bg-mask.png\" alt=\"Image Mask\"\/><img src=\"https:\/\/files.sunoresearch.com.br\/n\/uploads\/2019\/08\/1995c29a-macri-peso-argentino-desvalorizacao-400x200.webp\" alt=\"Peso argentino registra queda de 22% ap\u00f3s derrota do presidente Macri\"\/><\/a><span class=\"spotlightCategory\"><a href=\"https:\/\/www.suno.com.br\/noticias\/internacional\/\">Internacional<\/a><\/span><\/div><div class=\"cardsPage__listCard__boxs__content\"><a href=\"https:\/\/www.suno.com.br\/noticias\/peso-argentino-macri-eleicoes\/\"><h2 class=\"content__title\">Peso argentino registra queda de 22% ap\u00f3s derrota do presidente Macri<\/h2><\/a><div class=\"newsContent__article__meta\"><div class=\"newsContent__article__meta__authorBox\"><a href=\"https:\/\/www.suno.com.br\/noticias\/author\/poliana-santos\/\" class=\"authorBox__avatar noMobi\"><img src=\"https:\/\/files.sunoresearch.com.br\/n\/uploads\/2020\/08\/7ef34026-whatsapp-image-2020-08-03-at-12.37.57-150x150.webp\" alt=\"Poliana Santos\"><\/a><div class=\"authorBox__name\"><span>por\n\t\t\t<a href=\"https:\/\/www.suno.com.br\/noticias\/author\/poliana-santos\/\"><span itemprop=\"author\">Poliana Santos<\/span><\/a><\/span><time datetime=\"2019-08-12T11:47:45-03:00\" itemprop=\"datePublished\">12\/08\/2019 11:47<\/time><\/div><\/div><\/div><\/div><\/div>","single_layout":"posts","amp_enabled":true,"_links":{"self":[{"href":"https:\/\/www.suno.com.br\/noticias\/wp-json\/wp\/v2\/posts\/33709"}],"collection":[{"href":"https:\/\/www.suno.com.br\/noticias\/wp-json\/wp\/v2\/posts"}],"about":[{"href":"https:\/\/www.suno.com.br\/noticias\/wp-json\/wp\/v2\/types\/post"}],"author":[{"embeddable":true,"href":"https:\/\/www.suno.com.br\/noticias\/wp-json\/wp\/v2\/users\/15"}],"replies":[{"embeddable":true,"href":"https:\/\/www.suno.com.br\/noticias\/wp-json\/wp\/v2\/comments?post=33709"}],"version-history":[{"count":0,"href":"https:\/\/www.suno.com.br\/noticias\/wp-json\/wp\/v2\/posts\/33709\/revisions"}],"wp:featuredmedia":[{"embeddable":true,"href":"https:\/\/www.suno.com.br\/noticias\/wp-json\/wp\/v2\/media\/33717"}],"wp:attachment":[{"href":"https:\/\/www.suno.com.br\/noticias\/wp-json\/wp\/v2\/media?parent=33709"}],"wp:term":[{"taxonomy":"category","embeddable":true,"href":"https:\/\/www.suno.com.br\/noticias\/wp-json\/wp\/v2\/categories?post=33709"},{"taxonomy":"post_tag","embeddable":true,"href":"https:\/\/www.suno.com.br\/noticias\/wp-json\/wp\/v2\/tags?post=33709"},{"taxonomy":"suno_strategy","embeddable":true,"href":"https:\/\/www.suno.com.br\/noticias\/wp-json\/wp\/v2\/suno_strategy?post=33709"}],"curies":[{"name":"wp","href":"https:\/\/api.w.org\/{rel}","templated":true}]}}