{"id":337005,"date":"2022-12-19T21:18:31","date_gmt":"2022-12-20T00:18:31","guid":{"rendered":"https:\/\/www.suno.com.br\/noticias\/?p=337005"},"modified":"2022-12-20T17:26:23","modified_gmt":"2022-12-20T20:26:23","slug":"pec-transicao-decisao-gilmar-mendes","status":"publish","type":"post","link":"https:\/\/www.suno.com.br\/noticias\/pec-transicao-decisao-gilmar-mendes\/","title":{"rendered":"PEC da Transi\u00e7\u00e3o: entenda o que muda com a decis\u00e3o de Gilmar Mendes"},"content":{"rendered":"<p>A novela da PEC da Transi\u00e7\u00e3o ganhou um novo cap\u00edtulo. No domingo, a decis\u00e3o de Gilmar Mendes,  ministro do Supremo Tribunal Federal (STF), foi de que os recursos utilizados em programas sociais, como o Bolsa Fam\u00edlia e o&nbsp;Aux\u00edlio Brasil, n\u00e3o est\u00e3o inscritos na regra do&nbsp;<a href=\"https:\/\/www.suno.com.br\/artigos\/teto-de-gastos\/\" target=\"_blank\" rel=\"noreferrer noopener\">teto de gastos<\/a>.<\/p>\t<div class=\"wrapper-featured-image\">\n\t\t<figure class=\"spotlightImg\">\n\n\t\t\t<picture>\n\t\t\t\t<source media=\"(max-width: 768px)\" srcset=\"https:\/\/files.sunoresearch.com.br\/n\/uploads\/2022\/12\/gilmar-mendes-400x200.jpg\">\n\t\t\t\t<img loading=\"lazy\" decoding=\"async\" class=\"newsContent__article__imgCapa lazyloadDisabled \" src=\"https:\/\/files.sunoresearch.com.br\/n\/uploads\/2022\/12\/gilmar-mendes-800x450.jpg\" width=\"800\" height=\"450\" alt=\"PEC da Transi\u00e7\u00e3o: entenda o que muda com a decis\u00e3o de Gilmar Mendes\" fetchpriority=high \/>\n\t\t\t<\/picture>\n\n\t\t\t<figcaption class=\"wp-caption-text wp-caption-text--show\">Gilmar Mendes, ministro do Supremo Tribunal Federal (STF). Foto: Nelson Jr.\/SCO\/STF<\/figcaption>\n\t\t<\/figure>\n\t<\/div>\n\n\n\n\n\n\t<p>\n\t\t<a href=\"\" target=\"_blank\" data-element=\"shortcode-suno-banner\" title=\"Banner SUNO, clique e saiba mais\">\n\t\t\t<picture>\n\t\t\t\t<source media=\"(max-width: 500px)\" srcset=\"\">\n\t\t\t\t<img class=\"newsContent__article__imgCapa newsContent__article__imgCapa--banner\"\n\t\t\t\t\tsrc=\"\"\n\t\t\t\t\tdata-promo-id=\"89005\"\t\t\t\t\t\t\t\t\t\t\t\t\t\t\talt=\"\"\n\t\t\t\t>\n\t\t\t<\/picture>\n\t\t<\/a>\n\t<\/p>\n\n\n\n\n\n<p>Com isso, \u00e9 tirada a press\u00e3o do presidente eleito da Rep\u00fablica, Luiz In\u00e1cio Lula da Silva (PT), para <strong>aprovar a PEC da Transi\u00e7\u00e3o.<\/strong> Desta forma, caso ele opte por um plano B para financiar o pagamento de R$ 600 do benef\u00edcio, ele ter\u00e1 agora maior seguran\u00e7a jur\u00eddica.<\/p>\n\n\n\n<p>A <strong>decis\u00e3o de Gilmar<\/strong> <strong>Mendes<\/strong> ocorre em meio \u00e0 dificuldade do governo eleito em negociar a PEC da Transi\u00e7\u00e3o na C\u00e2mara, pela press\u00e3o do Centr\u00e3o por cargos na Esplanada dos Minist\u00e9rios em troca de apoio \u00e0 proposta. O plano B de Lula, respaldado pela decis\u00e3o do ministro, \u00e9 a abertura de um cr\u00e9dito extraordin\u00e1rio por meio de uma medida provis\u00f3ria (MP) para bancar o programa.<\/p>\n\n\n\n<p>A PEC, por\u00e9m, deve continuar a ser o plano A do novo governo, afirmou nesta segunda-feira o futuro ministro da Fazenda, Fernando Haddad. O <strong>parecer de Gilmar Mendes<\/strong> sobre a PEC da Transi\u00e7\u00e3o tamb\u00e9m abre caminho para que a C\u00e2mara dos Deputados tente reduzir o valor da proposta.<\/p>\n\n\n\n<p>Veja, abaixo, o que \u00e9 a decis\u00e3o e como ela mexe com a PEC da Transi\u00e7\u00e3o.<\/p>\n\n\n\t<p>\n\t\t<a href=\"https:\/\/lp.suno.com.br\/planilha-controle-gastos\/\" target=\"_blank\" data-element=\"shortcode-suno-banner\" title=\"Banner SUNO, clique e saiba mais\">\n\t\t\t<picture>\n\t\t\t\t<source media=\"(max-width: 500px)\" srcset=\"https:\/\/files.sunoresearch.com.br\/n\/uploads\/2023\/03\/400x300-Planilha-controle-de-gastos.png\">\n\t\t\t\t<img class=\"newsContent__article__imgCapa newsContent__article__imgCapa--banner\"\n\t\t\t\t\tsrc=\"https:\/\/files.sunoresearch.com.br\/n\/uploads\/2023\/03\/1420x240-Planilha-controle-de-gastos.png\"\n\t\t\t\t\tdata-promo-id=\"101751\"\t\t\t\t\t\t\t\t\t\twidth='1420' height='240'\t\t\t\t\talt=\"https:\/\/files.sunoresearch.com.br\/n\/uploads\/2023\/03\/1420x240-Planilha-controle-de-gastos.png\"\n\t\t\t\t>\n\t\t\t<\/picture>\n\t\t<\/a>\n\t<\/p>\n\n\n\n\n\n<h3 class=\"wp-block-heading\" id=\"h-por-que-o-ministro-gilmar-mendes-determinou-que-o-bolsa-familia-fique-fora-do-teto-de-gastos\">Por que o ministro Gilmar Mendes determinou que o Bolsa Fam\u00edlia fique fora do teto de gastos?<\/h3>\n\n\n\n<p>Gilmar Mendes atendeu a um pedido da Rede Sustentabilidade, partido que apoiou Lula nas elei\u00e7\u00f5es deste ano.<\/p>\n\n\n\n<h3 class=\"wp-block-heading\">Na pr\u00e1tica, o que essa decis\u00e3o permite?<\/h3>\n\n\n\n<p>Essa decis\u00e3o reduz a press\u00e3o sobre o governo eleito para a aprova\u00e7\u00e3o da PEC da Transi\u00e7\u00e3o, que j\u00e1 foi aprovada no Senado, mas est\u00e1 travada na C\u00e2mara a menos de duas semanas da posse de Lula. Ela d\u00e1 mais seguran\u00e7a jur\u00eddica para uma outra alternativa de financiamento do programa: a abertura de cr\u00e9dito extraordin\u00e1rio por medida provis\u00f3ria (MP). <\/p>\n\n\n\n<p>A equipe de Lula temia essa alternativa diante da possibilidade de quebrar regras fiscais, o que poderia levar a crime de responsabilidade. A <strong>decis\u00e3o de Gilmar<\/strong>, portanto, d\u00e1 mais seguran\u00e7a ao governo eleito de que pode lan\u00e7ar m\u00e3o do plano B caso necess\u00e1rio e que conseguir\u00e1 viabilizar sua principal promessa de campanha.<\/p>\n\n\n\t<p>\n\t\t<a href=\"https:\/\/lp.suno.com.br\/planilha-da-vida-financeira\/\" target=\"_blank\" data-element=\"shortcode-suno-banner\" title=\"Banner SUNO, clique e saiba mais\">\n\t\t\t<picture>\n\t\t\t\t<source media=\"(max-width: 500px)\" srcset=\"https:\/\/files.sunoresearch.com.br\/n\/uploads\/2023\/04\/400x300-Planilha-vida-financeira-true.png\">\n\t\t\t\t<img class=\"newsContent__article__imgCapa newsContent__article__imgCapa--banner\"\n\t\t\t\t\tsrc=\"https:\/\/files.sunoresearch.com.br\/n\/uploads\/2023\/04\/1420x240-Planilha-vida-financeira-true.png\"\n\t\t\t\t\tdata-promo-id=\"106682\"\t\t\t\t\t\t\t\t\t\twidth='1420' height='240'\t\t\t\t\talt=\"https:\/\/files.sunoresearch.com.br\/n\/uploads\/2023\/04\/1420x240-Planilha-vida-financeira-true.png\"\n\t\t\t\t>\n\t\t\t<\/picture>\n\t\t<\/a>\n\t<\/p>\n\n\n\n\n\n<h3 class=\"wp-block-heading\">Por que o governo eleito enfrenta impasses na negocia\u00e7\u00e3o da PEC da Transi\u00e7\u00e3o na C\u00e2mara?<\/h3>\n\n\n\n<p>A PEC virou um impasse entre Lula e Lira, que se reuniram no domingo, 18, em Bras\u00edlia &#8211; embora os dois tenham interesse na aprova\u00e7\u00e3o da proposta. Lula, para aumentar as despesas de 2023 e cumprir promessas de campanha. Lira, para destravar as verbas do or\u00e7amento secreto deste ano e ter poder de barganha nos recursos que ser\u00e3o liberados com a PEC. O presidente da C\u00e2mara \u00e9 candidato a novo mandato \u00e0 frente da Casa. A disputa est\u00e1 marcada para 1.\u00ba de fevereiro de 2023.<\/p>\n\n\n\n<p>Os partidos do Centr\u00e3o calculam n\u00e3o ter ainda os 308 votos necess\u00e1rios para a aprova\u00e7\u00e3o da proposta. Nos bastidores, muitos t\u00eam condicionado o apoio \u00e0 PEC da Transi\u00e7\u00e3o, sem mudan\u00e7as, a uma farta distribui\u00e7\u00e3o de cargos na Esplanada.<\/p>\n\n\n\n<p>Lira, por exemplo, calcula conseguir 90 votos do Centr\u00e3o. Ele tenta emplacar o deputado Elmar Nascimento (BA), l\u00edder do Uni\u00e3o Brasil, no Minist\u00e9rio de Minas e Energia. Relator da PEC da Transi\u00e7\u00e3o, Elmar foi chamado no \u00faltimo s\u00e1bado para uma conversa com Lula. H\u00e1 cobran\u00e7as do Centr\u00e3o por pastas com visibilidade e recursos, como Cidades e Transportes, que ser\u00e3o recriadas, al\u00e9m de Sa\u00fade. Lula, por\u00e9m, n\u00e3o aceita entregar Sa\u00fade, que ficar\u00e1 com a soci\u00f3loga N\u00edsia Trindade Lima, presidente da Fiocruz.<\/p>\n\n\n\n<h3 class=\"wp-block-heading\">A decis\u00e3o de Gilmar invalida a PEC da Transi\u00e7\u00e3o?<\/h3>\n\n\n\n<p>N\u00e3o. A PEC, se aprovada como est\u00e1, vai permitir ampliar o teto em 145 bilh\u00f5es para o programa social. A liminar de Gilmar, por\u00e9m, permite abrir cr\u00e9dito extraordin\u00e1rio apenas para pagar o restante para completar os R$ 600 &#8211; valor avaliado em R$ 52 bilh\u00f5es. <\/p>\n\n\n\n<p>Segundo explicou ao jornal O Estado de S. Paulo um t\u00e9cnico respons\u00e1vel pela reda\u00e7\u00e3o da PEC, na pr\u00e1tica, a decis\u00e3o permitiria ao governo eleito &#8220;retirar&#8221; esse valor da proposta em 2023, liberando espa\u00e7o no Or\u00e7amento.<\/p>\n\n\n\n<h3 class=\"wp-block-heading\">O governo eleito pretende insistir na PEC da Transi\u00e7\u00e3o mesmo com a decis\u00e3o de Gilmar?<\/h3>\n\n\n\n<p>A PEC da Transi\u00e7\u00e3o continua a ser o plano A do <strong>governo eleito<\/strong>, como declarou o futuro ministro da Fazenda, Fernando Haddad. Isso porque a decis\u00e3o de Gilmar libera o futuro presidente para aumentar o <strong>Bolsa Fam\u00edlia de R$ 400 <\/strong>para R$ 600, ampliando o valor previsto atualmente no Or\u00e7amento de 2023, fora do teto de gastos, mas n\u00e3o resolve outros gastos que Lula quer liberar com a aprova\u00e7\u00e3o da PEC, como o benef\u00edcio extra de R$ 150 por crian\u00e7a de at\u00e9 seis anos, promessa de Lula os recursos para recompor as \u00e1reas de sa\u00fade e educa\u00e7\u00e3o e a constru\u00e7\u00e3o de obras p\u00fablicas no pr\u00f3ximo mandato.<\/p>\n\n\n\n<p>Aliados de Lula refor\u00e7am que o presidente eleito n\u00e3o vai desistir da PEC, apesar da decis\u00e3o de Gilmar. O despacho poder\u00e1 ser submetido aos outros ministros do Supremo no ano que vem, o que aumenta a incerteza sobre o desfecho, al\u00e9m de n\u00e3o contemplar acomodar outras promessas de Lula.<\/p>\n\n\n\n<h3 class=\"wp-block-heading\">Com a decis\u00e3o de Gilmar, como fica se a PEC for aprovada?<\/h3>\n\n\n\n<p>Ap\u00f3s a decis\u00e3o, se a PEC passar for aprovada como passou pelo Senado, Lula poder\u00e1 assinar uma medida provis\u00f3ria aumentando o Bolsa Fam\u00edlia e usar o valor da PEC em outro lugar. Por conta disso, haver\u00e1 press\u00e3o para desidrata\u00e7\u00e3o do valor da proposta na C\u00e2mara. <\/p>\n\n\n\n<p>O <strong>texto da PEC aprovado no Senado<\/strong> amplia o<strong> teto de gastos<\/strong> em R$ 145 bilh\u00f5es para bancar o Bolsa Fam\u00edlia, e permite R$ 23 bilh\u00f5es em despesas fora da regra fiscal para investimentos, levando o valor a R$ 168 bilh\u00f5es. A PEC, por\u00e9m, permite ainda outras exce\u00e7\u00f5es ao teto, que elevam o impacto fiscal de 193,7 bilh\u00f5es, segundo c\u00e1lculos do <a class=\"suno-keyword\" data-force=\"no\" data-priority=\"2\" href=\"https:\/\/www.suno.com.br\/artigos\/tesouro-nacional\/\" target=\"_blank\" rel=\"noopener\">Tesouro Nacional<\/a>.<\/p>\n\n\n\n<p>Dirigentes do Centr\u00e3o s\u00f3 concordam em aprovar o valor solicitado pelo presidente eleito se o grupo ganhar minist\u00e9rios e cargos e controlar as verbas liberadas pela proposta. Articuladores dizem que o valor aprovado ser\u00e1 proporcional \u00e0s entregas do petista para os pol\u00edticos.<\/p>\n\n\n\t<p>\n\t\t<a href=\"https:\/\/lp.suno.com.br\/ebook-como-analisar-uma-acao\/\" target=\"_blank\" data-element=\"shortcode-suno-banner\" title=\"Banner SUNO, clique e saiba mais\">\n\t\t\t<picture>\n\t\t\t\t<source media=\"(max-width: 500px)\" srcset=\"https:\/\/files.sunoresearch.com.br\/n\/uploads\/2023\/03\/Ebook-Acoes-Mobile-1.jpg\">\n\t\t\t\t<img class=\"newsContent__article__imgCapa newsContent__article__imgCapa--banner\"\n\t\t\t\t\tsrc=\"https:\/\/files.sunoresearch.com.br\/n\/uploads\/2023\/03\/Ebook-Acoes-Desktop-1.jpg\"\n\t\t\t\t\tdata-promo-id=\"171998\"\t\t\t\t\t\t\t\t\t\twidth='1420' height='286'\t\t\t\t\talt=\"https:\/\/files.sunoresearch.com.br\/n\/uploads\/2023\/03\/Ebook-Acoes-Desktop-1.jpg\"\n\t\t\t\t>\n\t\t\t<\/picture>\n\t\t<\/a>\n\t<\/p>\n\n\n\n\n\n<h3 class=\"wp-block-heading\">A decis\u00e3o de Gilmar pode ir a plen\u00e1rio do STF?<\/h3>\n\n\n\n<p>Pode, mas esta segunda (19) foi o \u00faltimo dia de funcionamento do STF em 2023. Portanto, para isso, teria de haver uma sess\u00e3o extraordin\u00e1ria at\u00e9 a meia-noite, ou s\u00f3 no ano que vem. Se fosse para ir a plen\u00e1rio de forma presencial, o julgamento j\u00e1 teria de ter sido pautado anteriormente. <\/p>\n\n\n\n<h3 class=\"wp-block-heading\">Como a decis\u00e3o de Gilmar repercutiu entre os l\u00edderes do Centr\u00e3o?<\/h3>\n\n\n\n<p>A <strong>decis\u00e3o do ministro do STF<\/strong> tamb\u00e9m provocou irrita\u00e7\u00e3o entre l\u00edderes do Centr\u00e3o, que reclamam da interfer\u00eancia do Supremo no assunto no momento em que os parlamentares usam a PEC para for\u00e7ar Lula a fazer uma negocia\u00e7\u00e3o com o Congresso. <\/p>\n\n\n\n<p>O despacho de Gilmar se soma a uma outra insatisfa\u00e7\u00e3o dos parlamentares, que \u00e9 o julgamento do or\u00e7amento secreto na Corte. &#8220;O Supremo poderia se reunir esta semana ainda e votar o Or\u00e7amento de 2023. Se re\u00fanem l\u00e1 os 11, votam o Or\u00e7amento e estamos liberados&#8221;, ironizou Ricardo Barros.<\/p>\n\n\n\n<p>No Senado, aliados de Bolsonaro querem usar a decis\u00e3o de <strong>Gilmar Mendes<\/strong> para aumentar a press\u00e3o contra o STF, incluindo tentativas de abrir processos de impeachment contra ministros e limitar o poder decis\u00f3rio da Corte. <\/p>\n\n\n\n<p><em>Com informa\u00e7\u00f5es Estad\u00e3o Conte\u00fado<\/em><\/p>\n\n\n\t<p>\n\t\t<a href=\"https:\/\/lp.suno.com.br\/planilha-de-controle-de-investimentos\/\" target=\"_blank\" data-element=\"shortcode-suno-banner\" title=\"Banner SUNO, clique e saiba mais\">\n\t\t\t<picture>\n\t\t\t\t<source media=\"(max-width: 500px)\" srcset=\"https:\/\/files.sunoresearch.com.br\/n\/uploads\/2023\/03\/400x300-Controle-de-Investimentos.png\">\n\t\t\t\t<img class=\"newsContent__article__imgCapa newsContent__article__imgCapa--banner\"\n\t\t\t\t\tsrc=\"https:\/\/files.sunoresearch.com.br\/n\/uploads\/2023\/03\/1420x240-Controle-de-Investimentos.png\"\n\t\t\t\t\tdata-promo-id=\"75934\"\t\t\t\t\t\t\t\t\t\twidth='1420' height='240'\t\t\t\t\talt=\"https:\/\/files.sunoresearch.com.br\/n\/uploads\/2023\/03\/1420x240-Controle-de-Investimentos.png\"\n\t\t\t\t>\n\t\t\t<\/picture>\n\t\t<\/a>\n\t<\/p>\n\n\n","protected":false},"excerpt":{"rendered":"<p>A novela da PEC da Transi\u00e7\u00e3o ganhou um novo cap\u00edtulo. No domingo, a decis\u00e3o de Gilmar Mendes, ministro do Supremo Tribunal Federal (STF), foi de que os recursos utilizados em programas sociais, como o Bolsa Fam\u00edlia e o&nbsp;Aux\u00edlio Brasil, n\u00e3o est\u00e3o inscritos na regra do&nbsp;teto de gastos. Gilmar Mendes, ministro do Supremo Tribunal Federal (STF). [&hellip;]<\/p>\n","protected":false},"author":233,"featured_media":337363,"comment_status":"closed","ping_status":"closed","sticky":false,"template":"","format":"standard","meta":[],"categories":[61],"tags":[1128,1127],"suno_strategy":[],"class_list":["post-337005","post","type-post","status-publish","format-standard","has-post-thumbnail","hentry","category-politica","tag-orcamento-publico","tag-pec-do-teto"],"yoast_head":"<!-- This site is optimized with the Yoast SEO plugin v24.4 - https:\/\/yoast.com\/wordpress\/plugins\/seo\/ -->\n<title>PEC da Transi\u00e7\u00e3o: entenda o que muda com a decis\u00e3o de Gilmar Mendes<\/title>\n<meta name=\"description\" content=\"A novela da PEC da Transi\u00e7\u00e3o ganhou um novo cap\u00edtulo: o ministro Gilmar Mendes, ministro do STF, mudou alguns pontos. Entenda!\" \/>\n<meta name=\"robots\" content=\"index, follow, max-snippet:-1, max-image-preview:large, max-video-preview:-1\" \/>\n<link rel=\"canonical\" href=\"https:\/\/www.suno.com.br\/noticias\/pec-transicao-decisao-gilmar-mendes\/\" \/>\n<meta property=\"og:locale\" content=\"pt_BR\" \/>\n<meta property=\"og:type\" content=\"article\" \/>\n<meta property=\"og:title\" content=\"PEC da Transi\u00e7\u00e3o: entenda o que muda com a decis\u00e3o de Gilmar Mendes\" \/>\n<meta property=\"og:description\" content=\"A novela da PEC da Transi\u00e7\u00e3o ganhou um novo cap\u00edtulo: o ministro Gilmar Mendes, ministro do STF, mudou alguns pontos. Entenda!\" \/>\n<meta property=\"og:url\" content=\"https:\/\/www.suno.com.br\/noticias\/pec-transicao-decisao-gilmar-mendes\/\" \/>\n<meta property=\"og:site_name\" content=\"Suno Not\u00edcias\" \/>\n<meta property=\"article:publisher\" content=\"https:\/\/facebook.com\/sunoresearch\" \/>\n<meta property=\"og:image\" content=\"https:\/\/files.sunoresearch.com.br\/n\/uploads\/2022\/12\/gilmar-mendes.jpg\" \/>\n\t<meta property=\"og:image:width\" content=\"1200\" \/>\n\t<meta property=\"og:image:height\" content=\"800\" \/>\n\t<meta property=\"og:image:type\" content=\"image\/jpeg\" \/>\n<meta name=\"author\" content=\"Janize Cola\u00e7o\" \/>\n<meta name=\"twitter:card\" content=\"summary_large_image\" \/>\n<meta name=\"twitter:creator\" content=\"@sunoresearch\" \/>\n<meta name=\"twitter:site\" content=\"@sunoresearch\" \/>\n<meta name=\"twitter:label1\" content=\"Escrito por\" \/>\n\t<meta name=\"twitter:data1\" content=\"Janize Cola\u00e7o\" \/>\n\t<meta name=\"twitter:label2\" content=\"Est. tempo de leitura\" \/>\n\t<meta name=\"twitter:data2\" content=\"7 minutos\" \/>\n<script type=\"application\/ld+json\" class=\"yoast-schema-graph\">{\"@context\":\"https:\/\/schema.org\",\"@graph\":[{\"@type\":\"NewsArticle\",\"@id\":\"https:\/\/www.suno.com.br\/noticias\/pec-transicao-decisao-gilmar-mendes\/#article\",\"isPartOf\":{\"@id\":\"https:\/\/www.suno.com.br\/noticias\/pec-transicao-decisao-gilmar-mendes\/\"},\"author\":{\"name\":\"Janize Cola\u00e7o\",\"@id\":\"https:\/\/www.suno.com.br\/noticias\/#\/schema\/person\/d689f06da5678e1f0b1ee402f001d676\"},\"headline\":\"PEC da Transi\u00e7\u00e3o: entenda o que muda com a decis\u00e3o de Gilmar Mendes\",\"datePublished\":\"2022-12-20T00:18:31+00:00\",\"dateModified\":\"2022-12-20T20:26:23+00:00\",\"mainEntityOfPage\":{\"@id\":\"https:\/\/www.suno.com.br\/noticias\/pec-transicao-decisao-gilmar-mendes\/\"},\"wordCount\":1377,\"publisher\":{\"@id\":\"https:\/\/www.suno.com.br\/noticias\/#organization\"},\"image\":{\"@id\":\"https:\/\/www.suno.com.br\/noticias\/pec-transicao-decisao-gilmar-mendes\/#primaryimage\"},\"thumbnailUrl\":\"https:\/\/files.sunoresearch.com.br\/n\/uploads\/2022\/12\/gilmar-mendes.jpg\",\"keywords\":[\"Or\u00e7amento P\u00fablico\",\"PEC do teto\"],\"articleSection\":[\"Pol\u00edtica\"],\"inLanguage\":\"pt-BR\"},{\"@type\":\"WebPage\",\"@id\":\"https:\/\/www.suno.com.br\/noticias\/pec-transicao-decisao-gilmar-mendes\/\",\"url\":\"https:\/\/www.suno.com.br\/noticias\/pec-transicao-decisao-gilmar-mendes\/\",\"name\":\"PEC da Transi\u00e7\u00e3o: entenda o que muda com a decis\u00e3o de Gilmar Mendes\",\"isPartOf\":{\"@id\":\"https:\/\/www.suno.com.br\/noticias\/#website\"},\"primaryImageOfPage\":{\"@id\":\"https:\/\/www.suno.com.br\/noticias\/pec-transicao-decisao-gilmar-mendes\/#primaryimage\"},\"image\":{\"@id\":\"https:\/\/www.suno.com.br\/noticias\/pec-transicao-decisao-gilmar-mendes\/#primaryimage\"},\"thumbnailUrl\":\"https:\/\/files.sunoresearch.com.br\/n\/uploads\/2022\/12\/gilmar-mendes.jpg\",\"datePublished\":\"2022-12-20T00:18:31+00:00\",\"dateModified\":\"2022-12-20T20:26:23+00:00\",\"description\":\"A novela da PEC da Transi\u00e7\u00e3o ganhou um novo cap\u00edtulo: o ministro Gilmar Mendes, ministro do STF, mudou alguns pontos. Entenda!\",\"breadcrumb\":{\"@id\":\"https:\/\/www.suno.com.br\/noticias\/pec-transicao-decisao-gilmar-mendes\/#breadcrumb\"},\"inLanguage\":\"pt-BR\",\"potentialAction\":[{\"@type\":\"ReadAction\",\"target\":[\"https:\/\/www.suno.com.br\/noticias\/pec-transicao-decisao-gilmar-mendes\/\"]}]},{\"@type\":\"ImageObject\",\"inLanguage\":\"pt-BR\",\"@id\":\"https:\/\/www.suno.com.br\/noticias\/pec-transicao-decisao-gilmar-mendes\/#primaryimage\",\"url\":\"https:\/\/files.sunoresearch.com.br\/n\/uploads\/2022\/12\/gilmar-mendes.jpg\",\"contentUrl\":\"https:\/\/files.sunoresearch.com.br\/n\/uploads\/2022\/12\/gilmar-mendes.jpg\",\"width\":1200,\"height\":800,\"caption\":\"Gilmar Mendes, ministro do Supremo Tribunal Federal (STF). Foto: Nelson Jr.\/SCO\/STF\"},{\"@type\":\"BreadcrumbList\",\"@id\":\"https:\/\/www.suno.com.br\/noticias\/pec-transicao-decisao-gilmar-mendes\/#breadcrumb\",\"itemListElement\":[{\"@type\":\"ListItem\",\"position\":1,\"name\":\"Not\u00edcias\",\"item\":\"https:\/\/www.suno.com.br\/noticias\/\"},{\"@type\":\"ListItem\",\"position\":2,\"name\":\"Pol\u00edtica\",\"item\":\"https:\/\/www.suno.com.br\/noticias\/politica\/\"},{\"@type\":\"ListItem\",\"position\":3,\"name\":\"PEC da Transi\u00e7\u00e3o: entenda o que muda com a decis\u00e3o de Gilmar Mendes\"}]},{\"@type\":\"WebSite\",\"@id\":\"https:\/\/www.suno.com.br\/noticias\/#website\",\"url\":\"https:\/\/www.suno.com.br\/noticias\/\",\"name\":\"Suno Not\u00edcias\",\"description\":\"Seu portal de informa\u00e7\u00e3o sobre o mundo dos investimentos\",\"publisher\":{\"@id\":\"https:\/\/www.suno.com.br\/noticias\/#organization\"},\"potentialAction\":[{\"@type\":\"SearchAction\",\"target\":{\"@type\":\"EntryPoint\",\"urlTemplate\":\"https:\/\/www.suno.com.br\/noticias\/?s={search_term_string}\"},\"query-input\":{\"@type\":\"PropertyValueSpecification\",\"valueRequired\":true,\"valueName\":\"search_term_string\"}}],\"inLanguage\":\"pt-BR\"},{\"@type\":\"Organization\",\"@id\":\"https:\/\/www.suno.com.br\/noticias\/#organization\",\"name\":\"Suno Not\u00edcias\",\"url\":\"https:\/\/www.suno.com.br\/noticias\/\",\"logo\":{\"@type\":\"ImageObject\",\"inLanguage\":\"pt-BR\",\"@id\":\"https:\/\/www.suno.com.br\/noticias\/#\/schema\/logo\/image\/\",\"url\":\"https:\/\/files.sunoresearch.com.br\/n\/uploads\/2021\/09\/suno-logo.png\",\"contentUrl\":\"https:\/\/files.sunoresearch.com.br\/n\/uploads\/2021\/09\/suno-logo.png\",\"width\":180,\"height\":180,\"caption\":\"Suno Not\u00edcias\"},\"image\":{\"@id\":\"https:\/\/www.suno.com.br\/noticias\/#\/schema\/logo\/image\/\"},\"sameAs\":[\"https:\/\/facebook.com\/sunoresearch\",\"https:\/\/x.com\/sunoresearch\",\"https:\/\/www.instagram.com\/suno\",\"https:\/\/www.linkedin.com\/company\/suno-research\/\",\"https:\/\/www.youtube.com\/c\/sunoresearch\"]},{\"@type\":\"Person\",\"@id\":\"https:\/\/www.suno.com.br\/noticias\/#\/schema\/person\/d689f06da5678e1f0b1ee402f001d676\",\"name\":\"Janize Cola\u00e7o\",\"image\":{\"@type\":\"ImageObject\",\"inLanguage\":\"pt-BR\",\"@id\":\"https:\/\/www.suno.com.br\/noticias\/#\/schema\/person\/image\/\",\"url\":\"https:\/\/secure.gravatar.com\/avatar\/32b3bf89abae63ca2cf961bc051522d0?s=96&r=g\",\"contentUrl\":\"https:\/\/secure.gravatar.com\/avatar\/32b3bf89abae63ca2cf961bc051522d0?s=96&r=g\",\"caption\":\"Janize Cola\u00e7o\"},\"description\":\"Jornalista formada pela PUC-SP com passagens pela Record TV, Globo Cond\u00e9 Nast, Revista Panrotas e Editora Via. Hoje, \u00e9 rep\u00f3rter no Suno Not\u00edcias, cobrindo pautas sobre mercado, pol\u00edtica, economia e bolsa de valores.\",\"url\":\"https:\/\/www.suno.com.br\/noticias\/author\/janize-colaco\/\"}]}<\/script>\n<!-- \/ Yoast SEO plugin. -->","yoast_head_json":{"title":"PEC da Transi\u00e7\u00e3o: entenda o que muda com a decis\u00e3o de Gilmar Mendes","description":"A novela da PEC da Transi\u00e7\u00e3o ganhou um novo cap\u00edtulo: o ministro Gilmar Mendes, ministro do STF, mudou alguns pontos. Entenda!","robots":{"index":"index","follow":"follow","max-snippet":"max-snippet:-1","max-image-preview":"max-image-preview:large","max-video-preview":"max-video-preview:-1"},"canonical":"https:\/\/www.suno.com.br\/noticias\/pec-transicao-decisao-gilmar-mendes\/","og_locale":"pt_BR","og_type":"article","og_title":"PEC da Transi\u00e7\u00e3o: entenda o que muda com a decis\u00e3o de Gilmar Mendes","og_description":"A novela da PEC da Transi\u00e7\u00e3o ganhou um novo cap\u00edtulo: o ministro Gilmar Mendes, ministro do STF, mudou alguns pontos. Entenda!","og_url":"https:\/\/www.suno.com.br\/noticias\/pec-transicao-decisao-gilmar-mendes\/","og_site_name":"Suno Not\u00edcias","article_publisher":"https:\/\/facebook.com\/sunoresearch","og_image":[{"width":1200,"height":800,"url":"https:\/\/files.sunoresearch.com.br\/n\/uploads\/2022\/12\/gilmar-mendes.jpg","type":"image\/jpeg"}],"author":"Janize Cola\u00e7o","twitter_card":"summary_large_image","twitter_creator":"@sunoresearch","twitter_site":"@sunoresearch","twitter_misc":{"Escrito por":"Janize Cola\u00e7o","Est. tempo de leitura":"7 minutos"},"schema":{"@context":"https:\/\/schema.org","@graph":[{"@type":"NewsArticle","@id":"https:\/\/www.suno.com.br\/noticias\/pec-transicao-decisao-gilmar-mendes\/#article","isPartOf":{"@id":"https:\/\/www.suno.com.br\/noticias\/pec-transicao-decisao-gilmar-mendes\/"},"author":{"name":"Janize Cola\u00e7o","@id":"https:\/\/www.suno.com.br\/noticias\/#\/schema\/person\/d689f06da5678e1f0b1ee402f001d676"},"headline":"PEC da Transi\u00e7\u00e3o: entenda o que muda com a decis\u00e3o de Gilmar Mendes","datePublished":"2022-12-20T00:18:31+00:00","dateModified":"2022-12-20T20:26:23+00:00","mainEntityOfPage":{"@id":"https:\/\/www.suno.com.br\/noticias\/pec-transicao-decisao-gilmar-mendes\/"},"wordCount":1377,"publisher":{"@id":"https:\/\/www.suno.com.br\/noticias\/#organization"},"image":{"@id":"https:\/\/www.suno.com.br\/noticias\/pec-transicao-decisao-gilmar-mendes\/#primaryimage"},"thumbnailUrl":"https:\/\/files.sunoresearch.com.br\/n\/uploads\/2022\/12\/gilmar-mendes.jpg","keywords":["Or\u00e7amento P\u00fablico","PEC do teto"],"articleSection":["Pol\u00edtica"],"inLanguage":"pt-BR"},{"@type":"WebPage","@id":"https:\/\/www.suno.com.br\/noticias\/pec-transicao-decisao-gilmar-mendes\/","url":"https:\/\/www.suno.com.br\/noticias\/pec-transicao-decisao-gilmar-mendes\/","name":"PEC da Transi\u00e7\u00e3o: entenda o que muda com a decis\u00e3o de Gilmar Mendes","isPartOf":{"@id":"https:\/\/www.suno.com.br\/noticias\/#website"},"primaryImageOfPage":{"@id":"https:\/\/www.suno.com.br\/noticias\/pec-transicao-decisao-gilmar-mendes\/#primaryimage"},"image":{"@id":"https:\/\/www.suno.com.br\/noticias\/pec-transicao-decisao-gilmar-mendes\/#primaryimage"},"thumbnailUrl":"https:\/\/files.sunoresearch.com.br\/n\/uploads\/2022\/12\/gilmar-mendes.jpg","datePublished":"2022-12-20T00:18:31+00:00","dateModified":"2022-12-20T20:26:23+00:00","description":"A novela da PEC da Transi\u00e7\u00e3o ganhou um novo cap\u00edtulo: o ministro Gilmar Mendes, ministro do STF, mudou alguns pontos. Entenda!","breadcrumb":{"@id":"https:\/\/www.suno.com.br\/noticias\/pec-transicao-decisao-gilmar-mendes\/#breadcrumb"},"inLanguage":"pt-BR","potentialAction":[{"@type":"ReadAction","target":["https:\/\/www.suno.com.br\/noticias\/pec-transicao-decisao-gilmar-mendes\/"]}]},{"@type":"ImageObject","inLanguage":"pt-BR","@id":"https:\/\/www.suno.com.br\/noticias\/pec-transicao-decisao-gilmar-mendes\/#primaryimage","url":"https:\/\/files.sunoresearch.com.br\/n\/uploads\/2022\/12\/gilmar-mendes.jpg","contentUrl":"https:\/\/files.sunoresearch.com.br\/n\/uploads\/2022\/12\/gilmar-mendes.jpg","width":1200,"height":800,"caption":"Gilmar Mendes, ministro do Supremo Tribunal Federal (STF). Foto: Nelson Jr.\/SCO\/STF"},{"@type":"BreadcrumbList","@id":"https:\/\/www.suno.com.br\/noticias\/pec-transicao-decisao-gilmar-mendes\/#breadcrumb","itemListElement":[{"@type":"ListItem","position":1,"name":"Not\u00edcias","item":"https:\/\/www.suno.com.br\/noticias\/"},{"@type":"ListItem","position":2,"name":"Pol\u00edtica","item":"https:\/\/www.suno.com.br\/noticias\/politica\/"},{"@type":"ListItem","position":3,"name":"PEC da Transi\u00e7\u00e3o: entenda o que muda com a decis\u00e3o de Gilmar Mendes"}]},{"@type":"WebSite","@id":"https:\/\/www.suno.com.br\/noticias\/#website","url":"https:\/\/www.suno.com.br\/noticias\/","name":"Suno Not\u00edcias","description":"Seu portal de informa\u00e7\u00e3o sobre o mundo dos investimentos","publisher":{"@id":"https:\/\/www.suno.com.br\/noticias\/#organization"},"potentialAction":[{"@type":"SearchAction","target":{"@type":"EntryPoint","urlTemplate":"https:\/\/www.suno.com.br\/noticias\/?s={search_term_string}"},"query-input":{"@type":"PropertyValueSpecification","valueRequired":true,"valueName":"search_term_string"}}],"inLanguage":"pt-BR"},{"@type":"Organization","@id":"https:\/\/www.suno.com.br\/noticias\/#organization","name":"Suno Not\u00edcias","url":"https:\/\/www.suno.com.br\/noticias\/","logo":{"@type":"ImageObject","inLanguage":"pt-BR","@id":"https:\/\/www.suno.com.br\/noticias\/#\/schema\/logo\/image\/","url":"https:\/\/files.sunoresearch.com.br\/n\/uploads\/2021\/09\/suno-logo.png","contentUrl":"https:\/\/files.sunoresearch.com.br\/n\/uploads\/2021\/09\/suno-logo.png","width":180,"height":180,"caption":"Suno Not\u00edcias"},"image":{"@id":"https:\/\/www.suno.com.br\/noticias\/#\/schema\/logo\/image\/"},"sameAs":["https:\/\/facebook.com\/sunoresearch","https:\/\/x.com\/sunoresearch","https:\/\/www.instagram.com\/suno","https:\/\/www.linkedin.com\/company\/suno-research\/","https:\/\/www.youtube.com\/c\/sunoresearch"]},{"@type":"Person","@id":"https:\/\/www.suno.com.br\/noticias\/#\/schema\/person\/d689f06da5678e1f0b1ee402f001d676","name":"Janize Cola\u00e7o","image":{"@type":"ImageObject","inLanguage":"pt-BR","@id":"https:\/\/www.suno.com.br\/noticias\/#\/schema\/person\/image\/","url":"https:\/\/secure.gravatar.com\/avatar\/32b3bf89abae63ca2cf961bc051522d0?s=96&r=g","contentUrl":"https:\/\/secure.gravatar.com\/avatar\/32b3bf89abae63ca2cf961bc051522d0?s=96&r=g","caption":"Janize Cola\u00e7o"},"description":"Jornalista formada pela PUC-SP com passagens pela Record TV, Globo Cond\u00e9 Nast, Revista Panrotas e Editora Via. Hoje, \u00e9 rep\u00f3rter no Suno Not\u00edcias, cobrindo pautas sobre mercado, pol\u00edtica, economia e bolsa de valores.","url":"https:\/\/www.suno.com.br\/noticias\/author\/janize-colaco\/"}]}},"default_loop_html":"<div class=\"cardsPage__listCard__boxs\"><div class=\"cardsPage__listCard__boxs__img\"><a href=\"https:\/\/www.suno.com.br\/noticias\/pec-transicao-decisao-gilmar-mendes\/\"><img class=\"mask\" src=\"https:\/\/www.suno.com.br\/noticias\/wp-content\/themes\/suno\/resources\/images\/spotlight\/spotlight1img\/bg-mask.png\" alt=\"Image Mask\"\/><img src=\"https:\/\/files.sunoresearch.com.br\/n\/uploads\/2022\/12\/gilmar-mendes-400x200.jpg\" alt=\"PEC da Transi\u00e7\u00e3o: entenda o que muda com a decis\u00e3o de Gilmar Mendes\"\/><\/a><span class=\"spotlightCategory\"><a href=\"https:\/\/www.suno.com.br\/noticias\/politica\/\">Pol\u00edtica<\/a><\/span><\/div><div class=\"cardsPage__listCard__boxs__content\"><a href=\"https:\/\/www.suno.com.br\/noticias\/pec-transicao-decisao-gilmar-mendes\/\"><h2 class=\"content__title\">PEC da Transi\u00e7\u00e3o: entenda o que muda com a decis\u00e3o de Gilmar Mendes<\/h2><\/a><div class=\"newsContent__article__meta\"><div class=\"newsContent__article__meta__authorBox\"><a href=\"https:\/\/www.suno.com.br\/noticias\/author\/janize-colaco\/\" class=\"authorBox__avatar noMobi\"><img src=\"https:\/\/files.sunoresearch.com.br\/n\/uploads\/2022\/11\/20221120_111807-1-150x150.jpg\" alt=\"Janize Cola\u00e7o\"><\/a><div class=\"authorBox__name\"><span>por\n\t\t\t<a href=\"https:\/\/www.suno.com.br\/noticias\/author\/janize-colaco\/\"><span itemprop=\"author\">Janize Cola\u00e7o<\/span><\/a><\/span><time datetime=\"2022-12-19T21:18:31-03:00\" itemprop=\"datePublished\">19\/12\/2022 21:18<\/time><\/div><\/div><\/div><\/div><\/div>","single_layout":"posts","amp_enabled":true,"_links":{"self":[{"href":"https:\/\/www.suno.com.br\/noticias\/wp-json\/wp\/v2\/posts\/337005"}],"collection":[{"href":"https:\/\/www.suno.com.br\/noticias\/wp-json\/wp\/v2\/posts"}],"about":[{"href":"https:\/\/www.suno.com.br\/noticias\/wp-json\/wp\/v2\/types\/post"}],"author":[{"embeddable":true,"href":"https:\/\/www.suno.com.br\/noticias\/wp-json\/wp\/v2\/users\/233"}],"replies":[{"embeddable":true,"href":"https:\/\/www.suno.com.br\/noticias\/wp-json\/wp\/v2\/comments?post=337005"}],"version-history":[{"count":3,"href":"https:\/\/www.suno.com.br\/noticias\/wp-json\/wp\/v2\/posts\/337005\/revisions"}],"predecessor-version":[{"id":337497,"href":"https:\/\/www.suno.com.br\/noticias\/wp-json\/wp\/v2\/posts\/337005\/revisions\/337497"}],"wp:featuredmedia":[{"embeddable":true,"href":"https:\/\/www.suno.com.br\/noticias\/wp-json\/wp\/v2\/media\/337363"}],"wp:attachment":[{"href":"https:\/\/www.suno.com.br\/noticias\/wp-json\/wp\/v2\/media?parent=337005"}],"wp:term":[{"taxonomy":"category","embeddable":true,"href":"https:\/\/www.suno.com.br\/noticias\/wp-json\/wp\/v2\/categories?post=337005"},{"taxonomy":"post_tag","embeddable":true,"href":"https:\/\/www.suno.com.br\/noticias\/wp-json\/wp\/v2\/tags?post=337005"},{"taxonomy":"suno_strategy","embeddable":true,"href":"https:\/\/www.suno.com.br\/noticias\/wp-json\/wp\/v2\/suno_strategy?post=337005"}],"curies":[{"name":"wp","href":"https:\/\/api.w.org\/{rel}","templated":true}]}}