{"id":33692,"date":"2019-08-12T11:08:20","date_gmt":"2019-08-12T14:08:20","guid":{"rendered":"https:\/\/www.suno.com.br\/noticias\/?p=33692"},"modified":"2019-08-12T11:13:16","modified_gmt":"2019-08-12T14:13:16","slug":"argentina-exportacao-brasil-china-mercosul","status":"publish","type":"post","link":"https:\/\/www.suno.com.br\/noticias\/argentina-exportacao-brasil-china-mercosul\/","title":{"rendered":"Argentina importa menos do Brasil; topo \u00e9 disputado pela China"},"content":{"rendered":"<p>As exporta\u00e7\u00f5es brasileiras para a Argentina ca\u00edram para n\u00edveis pr\u00f3ximos aos de 2002, auge da <strong>crise<\/strong> da na\u00e7\u00e3o vizinha. Com isso, cada vez mais a China amea\u00e7a assumir\u00a0 lideran\u00e7a nas exporta\u00e7\u00f5es aos argentinos.<\/p>\t<div class=\"wrapper-featured-image\">\n\t\t<figure class=\"spotlightImg\">\n\n\t\t\t<picture>\n\t\t\t\t<source media=\"(max-width: 768px)\" srcset=\"https:\/\/files.sunoresearch.com.br\/n\/uploads\/2019\/01\/f31b676f-bolsonaro-e1565618960574-400x200.webp\">\n\t\t\t\t<img loading=\"lazy\" decoding=\"async\" class=\"newsContent__article__imgCapa lazyloadDisabled newsContent__article__imgCapa--noCaption\" src=\"https:\/\/files.sunoresearch.com.br\/n\/uploads\/2019\/01\/f31b676f-bolsonaro-e1565618960574-800x450.webp\" width=\"800\" height=\"450\" alt=\"Argentina importa menos do Brasil; topo \u00e9 disputado pela China\" fetchpriority=high \/>\n\t\t\t<\/picture>\n\n\t\t\t<figcaption class=\"wp-caption-text wp-caption-text--hide\">Argentina importa menos do Brasil; topo \u00e9 disputado pela China<\/figcaption>\n\t\t<\/figure>\n\t<\/div>\n\n\n<p>No in\u00edcio do s\u00e9culo, per\u00edodo conturbado politicamente, a <strong>Argentina<\/strong> observava sucess\u00edveis trocas na presid\u00eancias, aumento do desemprego e da pobreza, e o maior calote na sua d\u00edvida externa.<\/p>\n\n<h2>Argentina recua nas compras sul-americanas<\/h2>\n<p>N\u00e3o somente em rela\u00e7\u00e3o ao <strong>Brasil<\/strong>, a <strong>Argentina<\/strong> tamb\u00e9m consumiu menos de outros pa\u00edses sul-americanos no primeiro semestre desse ano.<\/p>\n<p><a href=\"https:\/\/www.suno.com.br\/noticias\/eua-brasil-mercosul-ue-nao-afetem-livre-comercio\/\">Veja tamb\u00e9m: EUA: Brasil deve garantir que Mercosul e UE n\u00e3o afetem livre com\u00e9rcio<\/a><\/p>\n<p>Segundo o <strong>Instituto Nacional de Estat\u00edsticas (Indec)<\/strong> da Argentina, o Paraguai, quinto pa\u00eds de onde a Argentina mais exporta, viu o seu volume total cair em -16,7%. J\u00e1 a Bol\u00edvia, que movimentou um volume de U$ 666 milh\u00f5es e \u00e9 o sexto pa\u00eds que mais exporta aos argentinos, teve a queda de -14,7% em compara\u00e7\u00e3o ao mesmo per\u00edodo do ano passado.<\/p>\n<p>Por\u00e9m, foi o <strong>Brasil<\/strong> que viu seu volume cair drasticamente.<\/p>\n<p>As importa\u00e7\u00f5es argentinas de produtos brasileiros recuaram 41,7% nos primeiros seis meses, caindo para US$ 5,3 bilh\u00f5es. Isso representa 21% das importa\u00e7\u00f5es totais do pa\u00eds &#8211; o movimento representava 26% no mesmo per\u00edodo em 2018 &#8211; menor participa\u00e7\u00e3o desde o in\u00edcio da s\u00e9rie hist\u00f3rica do Indec, em 2002.<\/p>\n\t<p>\n\t\t<a href=\"https:\/\/lp.statusinvest.com.br\/ao\/assessoria-status-invest\/\" target=\"_blank\" data-element=\"shortcode-suno-banner\" title=\"Banner SUNO, clique e saiba mais\">\n\t\t\t<picture>\n\t\t\t\t<source media=\"(max-width: 500px)\" srcset=\"https:\/\/files.sunoresearch.com.br\/n\/uploads\/2024\/03\/400x300-Mobile.png\">\n\t\t\t\t<img class=\"newsContent__article__imgCapa newsContent__article__imgCapa--banner\"\n\t\t\t\t\tsrc=\"https:\/\/files.sunoresearch.com.br\/n\/uploads\/2024\/03\/1420x240-Desktop.png\"\n\t\t\t\t\tdata-promo-id=\"537248\"\t\t\t\t\t\t\t\t\t\twidth='1400' height='240'\t\t\t\t\talt=\"https:\/\/files.sunoresearch.com.br\/n\/uploads\/2024\/03\/1420x240-Desktop.png\"\n\t\t\t\t>\n\t\t\t<\/picture>\n\t\t<\/a>\n\t<\/p>\n\n\n<p>O cen\u00e1rio \u00e9 parecido em c\u00e1lculos locais: queda de 41,6% no primeiro semestre de 2019, a segunda maior baixa dentre os 60 maiores destinos da produ\u00e7\u00e3o brasileira, somente atr\u00e1s da registrada pela Venezuela (-52,9%)<\/p>\n<h2>Crescimento chin\u00eas devido \u00e0 depend\u00eancia pelo setor automotivo<\/h2>\n<p>Em decorr\u00eancia dessa brusca queda brasileira, o posto de l\u00edder dentre os exportadores \u00e0 <strong>Argentina<\/strong> nunca esteve t\u00e3o perto de ser ocupada por outro pa\u00eds.<\/p>\n<p>Mesmo que as suas vendas tenham regredido mais que a m\u00e9dia (30,4% em compara\u00e7\u00e3o a 27,9% do geral no primeiro semestre), a <strong>China<\/strong> det\u00eam 17,7% das importa\u00e7\u00f5es argentinas, apenas 3,3 pontos percentuais do <strong>Brasil<\/strong>. Na compara\u00e7\u00e3o anual, essa diferen\u00e7a era de 7,7 pontos percentuais.<\/p>\n<p>Segundo <strong>Jos\u00e9 Botafogo Gon\u00e7alves<\/strong>, ex-ministro de Ind\u00fastria e Com\u00e9rcio no fim dos anos 90, e que tamb\u00e9m foi embaixador na <strong>Argentina<\/strong>, a perda de espa\u00e7o do Brasil neste ano \u00e9 agravado pela depend\u00eancia dos neg\u00f3cios no setor automotivo.<\/p>\n<p>Mais de um ter\u00e7o das vendas brasileiras, ou seja, US$ 1,9 bilh\u00e3o, envolveu esse segmento. Isso representa US$ 2,5 bilh\u00f5es a menos que esse mesmo per\u00edodo em 2018.<\/p>\n\t<p>\n\t\t<a href=\"https:\/\/lp.suno.com.br\/asset\/fundos\/suno-fic-fia\/\" target=\"_blank\" data-element=\"shortcode-suno-banner\" title=\"Banner SUNO, clique e saiba mais\">\n\t\t\t<picture>\n\t\t\t\t<source media=\"(max-width: 500px)\" srcset=\"https:\/\/files.sunoresearch.com.br\/n\/uploads\/2023\/10\/SUNO-FIC-FIA-400x300-Mobile-Artigos-5-v3.png\">\n\t\t\t\t<img class=\"newsContent__article__imgCapa newsContent__article__imgCapa--banner\"\n\t\t\t\t\tsrc=\"https:\/\/files.sunoresearch.com.br\/n\/uploads\/2023\/10\/SUNO-FIC-FIA-1420x240-Banner-Artigos-1-_-Banner-Materias-4-v3-png.webp\"\n\t\t\t\t\tdata-promo-id=\"478744\"\t\t\t\t\t\t\t\t\t\twidth='2560' height='433'\t\t\t\t\talt=\"https:\/\/files.sunoresearch.com.br\/n\/uploads\/2023\/10\/SUNO-FIC-FIA-1420x240-Banner-Artigos-1-_-Banner-Materias-4-v3-png.webp\"\n\t\t\t\t>\n\t\t\t<\/picture>\n\t\t<\/a>\n\t<\/p>\n\n\n<p>O decl\u00ednio da procura argentina, principalmente em ve\u00edculos, explica o motivo da ind\u00fastria de transforma\u00e7\u00e3o de alta-m\u00e9dia tecnologia perdeu espa\u00e7o na pauta exportadora do <strong>Brasil<\/strong>. A queda de U$ 2,90 bilh\u00f5es do primeiro semestre em compara\u00e7\u00e3o com 2018 teve participa\u00e7\u00e3o argentina com a retra\u00e7\u00e3o de US$ 2,89 bilh\u00f5es. O peso dessa categoria saiu de 17,4% para 15,4% no per\u00edodo.<\/p>\n<p>Conforme afirma Gon\u00e7alves, para melhorar esses resultados, \u00e9 necess\u00e1ria a converg\u00eancia das pol\u00edticas comerciais entre <strong>Brasil<\/strong> e <strong>Argentina<\/strong>, e que os dois pa\u00edses &#8220;deixem de olhar para seus pr\u00f3prios umbigos&#8221;, especialmente com a oportunidade de aumento da produtividade com o acordo de Livre Com\u00e9rcio entre <a href=\"https:\/\/www.suno.com.br\/artigos\/mercosul\/\">Mercosul<\/a> e Uni\u00e3o Europeia.<\/p>\n","protected":false},"excerpt":{"rendered":"<p>As exporta\u00e7\u00f5es brasileiras para a Argentina ca\u00edram para n\u00edveis pr\u00f3ximos aos de 2002, auge da crise da na\u00e7\u00e3o vizinha. Com isso, cada vez mais a China amea\u00e7a assumir\u00a0 lideran\u00e7a nas exporta\u00e7\u00f5es aos argentinos. Argentina importa menos do Brasil; topo \u00e9 disputado pela China No in\u00edcio do s\u00e9culo, per\u00edodo conturbado politicamente, a Argentina observava sucess\u00edveis trocas [&hellip;]<\/p>\n","protected":false},"author":24,"featured_media":12352,"comment_status":"closed","ping_status":"closed","sticky":false,"template":"","format":"standard","meta":[],"categories":[63],"tags":[699,706,868],"suno_strategy":[],"class_list":["post-33692","post","type-post","status-publish","format-standard","has-post-thumbnail","hentry","category-internacional","tag-argentina","tag-importacoes","tag-mercosul"],"yoast_head":"<!-- This site is optimized with the Yoast SEO plugin v24.4 - https:\/\/yoast.com\/wordpress\/plugins\/seo\/ -->\n<title>Argentina importa menos do Brasil; topo \u00e9 disputado pela China<\/title>\n<meta name=\"description\" content=\"As exporta\u00e7\u00f5es brasileiras para a Argentina ca\u00edram para n\u00edveis pr\u00f3ximos aos de 2002, auge da crise da na\u00e7\u00e3o vizinha. Saiba mais.\" \/>\n<meta name=\"robots\" content=\"index, follow, max-snippet:-1, max-image-preview:large, max-video-preview:-1\" \/>\n<link rel=\"canonical\" href=\"https:\/\/www.suno.com.br\/noticias\/argentina-exportacao-brasil-china-mercosul\/\" \/>\n<meta property=\"og:locale\" content=\"pt_BR\" \/>\n<meta property=\"og:type\" content=\"article\" \/>\n<meta property=\"og:title\" content=\"Argentina importa menos do Brasil; topo \u00e9 disputado pela China\" \/>\n<meta property=\"og:description\" content=\"As exporta\u00e7\u00f5es brasileiras para a Argentina ca\u00edram para n\u00edveis pr\u00f3ximos aos de 2002, auge da crise da na\u00e7\u00e3o vizinha. Saiba mais.\" \/>\n<meta property=\"og:url\" content=\"https:\/\/www.suno.com.br\/noticias\/argentina-exportacao-brasil-china-mercosul\/\" \/>\n<meta property=\"og:site_name\" content=\"Suno Not\u00edcias\" \/>\n<meta property=\"article:publisher\" content=\"https:\/\/facebook.com\/sunoresearch\" \/>\n<meta property=\"og:image\" content=\"https:\/\/files.sunoresearch.com.br\/n\/uploads\/2019\/01\/f31b676f-bolsonaro-e1565618960574.jpg\" \/>\n\t<meta property=\"og:image:width\" content=\"1140\" \/>\n\t<meta property=\"og:image:height\" content=\"555\" \/>\n\t<meta property=\"og:image:type\" content=\"image\/jpeg\" \/>\n<meta name=\"author\" content=\"Jader Lazarini\" \/>\n<meta name=\"twitter:card\" content=\"summary_large_image\" \/>\n<meta name=\"twitter:creator\" content=\"@sunoresearch\" \/>\n<meta name=\"twitter:site\" content=\"@sunoresearch\" \/>\n<meta name=\"twitter:label1\" content=\"Escrito por\" \/>\n\t<meta name=\"twitter:data1\" content=\"Jader Lazarini\" \/>\n\t<meta name=\"twitter:label2\" content=\"Est. tempo de leitura\" \/>\n\t<meta name=\"twitter:data2\" content=\"3 minutos\" \/>\n<script type=\"application\/ld+json\" class=\"yoast-schema-graph\">{\"@context\":\"https:\/\/schema.org\",\"@graph\":[{\"@type\":\"NewsArticle\",\"@id\":\"https:\/\/www.suno.com.br\/noticias\/argentina-exportacao-brasil-china-mercosul\/#article\",\"isPartOf\":{\"@id\":\"https:\/\/www.suno.com.br\/noticias\/argentina-exportacao-brasil-china-mercosul\/\"},\"author\":{\"name\":\"Jader Lazarini\",\"@id\":\"https:\/\/www.suno.com.br\/noticias\/#\/schema\/person\/918d79de1f0281f01599b93f9ea6e23f\"},\"headline\":\"Argentina importa menos do Brasil; topo \u00e9 disputado pela China\",\"datePublished\":\"2019-08-12T14:08:20+00:00\",\"dateModified\":\"2019-08-12T14:13:16+00:00\",\"mainEntityOfPage\":{\"@id\":\"https:\/\/www.suno.com.br\/noticias\/argentina-exportacao-brasil-china-mercosul\/\"},\"wordCount\":575,\"publisher\":{\"@id\":\"https:\/\/www.suno.com.br\/noticias\/#organization\"},\"image\":{\"@id\":\"https:\/\/www.suno.com.br\/noticias\/argentina-exportacao-brasil-china-mercosul\/#primaryimage\"},\"thumbnailUrl\":\"https:\/\/files.sunoresearch.com.br\/n\/uploads\/2019\/01\/f31b676f-bolsonaro-e1565618960574-jpg.webp\",\"keywords\":[\"Argentina\",\"importa\u00e7\u00f5es\",\"Mercosul\"],\"articleSection\":[\"Internacional\"],\"inLanguage\":\"pt-BR\"},{\"@type\":\"WebPage\",\"@id\":\"https:\/\/www.suno.com.br\/noticias\/argentina-exportacao-brasil-china-mercosul\/\",\"url\":\"https:\/\/www.suno.com.br\/noticias\/argentina-exportacao-brasil-china-mercosul\/\",\"name\":\"Argentina importa menos do Brasil; topo \u00e9 disputado pela China\",\"isPartOf\":{\"@id\":\"https:\/\/www.suno.com.br\/noticias\/#website\"},\"primaryImageOfPage\":{\"@id\":\"https:\/\/www.suno.com.br\/noticias\/argentina-exportacao-brasil-china-mercosul\/#primaryimage\"},\"image\":{\"@id\":\"https:\/\/www.suno.com.br\/noticias\/argentina-exportacao-brasil-china-mercosul\/#primaryimage\"},\"thumbnailUrl\":\"https:\/\/files.sunoresearch.com.br\/n\/uploads\/2019\/01\/f31b676f-bolsonaro-e1565618960574-jpg.webp\",\"datePublished\":\"2019-08-12T14:08:20+00:00\",\"dateModified\":\"2019-08-12T14:13:16+00:00\",\"description\":\"As exporta\u00e7\u00f5es brasileiras para a Argentina ca\u00edram para n\u00edveis pr\u00f3ximos aos de 2002, auge da crise da na\u00e7\u00e3o vizinha. Saiba mais.\",\"breadcrumb\":{\"@id\":\"https:\/\/www.suno.com.br\/noticias\/argentina-exportacao-brasil-china-mercosul\/#breadcrumb\"},\"inLanguage\":\"pt-BR\",\"potentialAction\":[{\"@type\":\"ReadAction\",\"target\":[\"https:\/\/www.suno.com.br\/noticias\/argentina-exportacao-brasil-china-mercosul\/\"]}]},{\"@type\":\"ImageObject\",\"inLanguage\":\"pt-BR\",\"@id\":\"https:\/\/www.suno.com.br\/noticias\/argentina-exportacao-brasil-china-mercosul\/#primaryimage\",\"url\":\"https:\/\/files.sunoresearch.com.br\/n\/uploads\/2019\/01\/f31b676f-bolsonaro-e1565618960574-jpg.webp\",\"contentUrl\":\"https:\/\/files.sunoresearch.com.br\/n\/uploads\/2019\/01\/f31b676f-bolsonaro-e1565618960574-jpg.webp\",\"width\":1140,\"height\":555,\"caption\":\"Argentina importa menos do Brasil; topo \u00e9 disputado pela China\"},{\"@type\":\"BreadcrumbList\",\"@id\":\"https:\/\/www.suno.com.br\/noticias\/argentina-exportacao-brasil-china-mercosul\/#breadcrumb\",\"itemListElement\":[{\"@type\":\"ListItem\",\"position\":1,\"name\":\"Not\u00edcias\",\"item\":\"https:\/\/www.suno.com.br\/noticias\/\"},{\"@type\":\"ListItem\",\"position\":2,\"name\":\"Internacional\",\"item\":\"https:\/\/www.suno.com.br\/noticias\/internacional\/\"},{\"@type\":\"ListItem\",\"position\":3,\"name\":\"Argentina importa menos do Brasil; topo \u00e9 disputado pela China\"}]},{\"@type\":\"WebSite\",\"@id\":\"https:\/\/www.suno.com.br\/noticias\/#website\",\"url\":\"https:\/\/www.suno.com.br\/noticias\/\",\"name\":\"Suno Not\u00edcias\",\"description\":\"Seu portal de informa\u00e7\u00e3o sobre o mundo dos investimentos\",\"publisher\":{\"@id\":\"https:\/\/www.suno.com.br\/noticias\/#organization\"},\"potentialAction\":[{\"@type\":\"SearchAction\",\"target\":{\"@type\":\"EntryPoint\",\"urlTemplate\":\"https:\/\/www.suno.com.br\/noticias\/?s={search_term_string}\"},\"query-input\":{\"@type\":\"PropertyValueSpecification\",\"valueRequired\":true,\"valueName\":\"search_term_string\"}}],\"inLanguage\":\"pt-BR\"},{\"@type\":\"Organization\",\"@id\":\"https:\/\/www.suno.com.br\/noticias\/#organization\",\"name\":\"Suno Not\u00edcias\",\"url\":\"https:\/\/www.suno.com.br\/noticias\/\",\"logo\":{\"@type\":\"ImageObject\",\"inLanguage\":\"pt-BR\",\"@id\":\"https:\/\/www.suno.com.br\/noticias\/#\/schema\/logo\/image\/\",\"url\":\"https:\/\/files.sunoresearch.com.br\/n\/uploads\/2021\/09\/suno-logo.png\",\"contentUrl\":\"https:\/\/files.sunoresearch.com.br\/n\/uploads\/2021\/09\/suno-logo.png\",\"width\":180,\"height\":180,\"caption\":\"Suno Not\u00edcias\"},\"image\":{\"@id\":\"https:\/\/www.suno.com.br\/noticias\/#\/schema\/logo\/image\/\"},\"sameAs\":[\"https:\/\/facebook.com\/sunoresearch\",\"https:\/\/x.com\/sunoresearch\",\"https:\/\/www.instagram.com\/suno\",\"https:\/\/www.linkedin.com\/company\/suno-research\/\",\"https:\/\/www.youtube.com\/c\/sunoresearch\"]},{\"@type\":\"Person\",\"@id\":\"https:\/\/www.suno.com.br\/noticias\/#\/schema\/person\/918d79de1f0281f01599b93f9ea6e23f\",\"name\":\"Jader Lazarini\",\"image\":{\"@type\":\"ImageObject\",\"inLanguage\":\"pt-BR\",\"@id\":\"https:\/\/www.suno.com.br\/noticias\/#\/schema\/person\/image\/\",\"url\":\"https:\/\/secure.gravatar.com\/avatar\/3c1ad8caa51589841baeb923fcddea97?s=96&r=g\",\"contentUrl\":\"https:\/\/secure.gravatar.com\/avatar\/3c1ad8caa51589841baeb923fcddea97?s=96&r=g\",\"caption\":\"Jader Lazarini\"},\"description\":\"Jader Lazarini escreve sobre investimentos, finan\u00e7as, economia e neg\u00f3cios. \u00c9 bacharel em Rela\u00e7\u00f5es Internacionais e analista CNPI (2619).\",\"url\":\"https:\/\/www.suno.com.br\/noticias\/author\/jader-lazarini\/\"}]}<\/script>\n<!-- \/ Yoast SEO plugin. -->","yoast_head_json":{"title":"Argentina importa menos do Brasil; topo \u00e9 disputado pela China","description":"As exporta\u00e7\u00f5es brasileiras para a Argentina ca\u00edram para n\u00edveis pr\u00f3ximos aos de 2002, auge da crise da na\u00e7\u00e3o vizinha. Saiba mais.","robots":{"index":"index","follow":"follow","max-snippet":"max-snippet:-1","max-image-preview":"max-image-preview:large","max-video-preview":"max-video-preview:-1"},"canonical":"https:\/\/www.suno.com.br\/noticias\/argentina-exportacao-brasil-china-mercosul\/","og_locale":"pt_BR","og_type":"article","og_title":"Argentina importa menos do Brasil; topo \u00e9 disputado pela China","og_description":"As exporta\u00e7\u00f5es brasileiras para a Argentina ca\u00edram para n\u00edveis pr\u00f3ximos aos de 2002, auge da crise da na\u00e7\u00e3o vizinha. Saiba mais.","og_url":"https:\/\/www.suno.com.br\/noticias\/argentina-exportacao-brasil-china-mercosul\/","og_site_name":"Suno Not\u00edcias","article_publisher":"https:\/\/facebook.com\/sunoresearch","og_image":[{"width":1140,"height":555,"url":"https:\/\/files.sunoresearch.com.br\/n\/uploads\/2019\/01\/f31b676f-bolsonaro-e1565618960574.jpg","type":"image\/jpeg"}],"author":"Jader Lazarini","twitter_card":"summary_large_image","twitter_creator":"@sunoresearch","twitter_site":"@sunoresearch","twitter_misc":{"Escrito por":"Jader Lazarini","Est. tempo de leitura":"3 minutos"},"schema":{"@context":"https:\/\/schema.org","@graph":[{"@type":"NewsArticle","@id":"https:\/\/www.suno.com.br\/noticias\/argentina-exportacao-brasil-china-mercosul\/#article","isPartOf":{"@id":"https:\/\/www.suno.com.br\/noticias\/argentina-exportacao-brasil-china-mercosul\/"},"author":{"name":"Jader Lazarini","@id":"https:\/\/www.suno.com.br\/noticias\/#\/schema\/person\/918d79de1f0281f01599b93f9ea6e23f"},"headline":"Argentina importa menos do Brasil; topo \u00e9 disputado pela China","datePublished":"2019-08-12T14:08:20+00:00","dateModified":"2019-08-12T14:13:16+00:00","mainEntityOfPage":{"@id":"https:\/\/www.suno.com.br\/noticias\/argentina-exportacao-brasil-china-mercosul\/"},"wordCount":575,"publisher":{"@id":"https:\/\/www.suno.com.br\/noticias\/#organization"},"image":{"@id":"https:\/\/www.suno.com.br\/noticias\/argentina-exportacao-brasil-china-mercosul\/#primaryimage"},"thumbnailUrl":"https:\/\/files.sunoresearch.com.br\/n\/uploads\/2019\/01\/f31b676f-bolsonaro-e1565618960574-jpg.webp","keywords":["Argentina","importa\u00e7\u00f5es","Mercosul"],"articleSection":["Internacional"],"inLanguage":"pt-BR"},{"@type":"WebPage","@id":"https:\/\/www.suno.com.br\/noticias\/argentina-exportacao-brasil-china-mercosul\/","url":"https:\/\/www.suno.com.br\/noticias\/argentina-exportacao-brasil-china-mercosul\/","name":"Argentina importa menos do Brasil; topo \u00e9 disputado pela China","isPartOf":{"@id":"https:\/\/www.suno.com.br\/noticias\/#website"},"primaryImageOfPage":{"@id":"https:\/\/www.suno.com.br\/noticias\/argentina-exportacao-brasil-china-mercosul\/#primaryimage"},"image":{"@id":"https:\/\/www.suno.com.br\/noticias\/argentina-exportacao-brasil-china-mercosul\/#primaryimage"},"thumbnailUrl":"https:\/\/files.sunoresearch.com.br\/n\/uploads\/2019\/01\/f31b676f-bolsonaro-e1565618960574-jpg.webp","datePublished":"2019-08-12T14:08:20+00:00","dateModified":"2019-08-12T14:13:16+00:00","description":"As exporta\u00e7\u00f5es brasileiras para a Argentina ca\u00edram para n\u00edveis pr\u00f3ximos aos de 2002, auge da crise da na\u00e7\u00e3o vizinha. Saiba mais.","breadcrumb":{"@id":"https:\/\/www.suno.com.br\/noticias\/argentina-exportacao-brasil-china-mercosul\/#breadcrumb"},"inLanguage":"pt-BR","potentialAction":[{"@type":"ReadAction","target":["https:\/\/www.suno.com.br\/noticias\/argentina-exportacao-brasil-china-mercosul\/"]}]},{"@type":"ImageObject","inLanguage":"pt-BR","@id":"https:\/\/www.suno.com.br\/noticias\/argentina-exportacao-brasil-china-mercosul\/#primaryimage","url":"https:\/\/files.sunoresearch.com.br\/n\/uploads\/2019\/01\/f31b676f-bolsonaro-e1565618960574-jpg.webp","contentUrl":"https:\/\/files.sunoresearch.com.br\/n\/uploads\/2019\/01\/f31b676f-bolsonaro-e1565618960574-jpg.webp","width":1140,"height":555,"caption":"Argentina importa menos do Brasil; topo \u00e9 disputado pela China"},{"@type":"BreadcrumbList","@id":"https:\/\/www.suno.com.br\/noticias\/argentina-exportacao-brasil-china-mercosul\/#breadcrumb","itemListElement":[{"@type":"ListItem","position":1,"name":"Not\u00edcias","item":"https:\/\/www.suno.com.br\/noticias\/"},{"@type":"ListItem","position":2,"name":"Internacional","item":"https:\/\/www.suno.com.br\/noticias\/internacional\/"},{"@type":"ListItem","position":3,"name":"Argentina importa menos do Brasil; topo \u00e9 disputado pela China"}]},{"@type":"WebSite","@id":"https:\/\/www.suno.com.br\/noticias\/#website","url":"https:\/\/www.suno.com.br\/noticias\/","name":"Suno Not\u00edcias","description":"Seu portal de informa\u00e7\u00e3o sobre o mundo dos investimentos","publisher":{"@id":"https:\/\/www.suno.com.br\/noticias\/#organization"},"potentialAction":[{"@type":"SearchAction","target":{"@type":"EntryPoint","urlTemplate":"https:\/\/www.suno.com.br\/noticias\/?s={search_term_string}"},"query-input":{"@type":"PropertyValueSpecification","valueRequired":true,"valueName":"search_term_string"}}],"inLanguage":"pt-BR"},{"@type":"Organization","@id":"https:\/\/www.suno.com.br\/noticias\/#organization","name":"Suno Not\u00edcias","url":"https:\/\/www.suno.com.br\/noticias\/","logo":{"@type":"ImageObject","inLanguage":"pt-BR","@id":"https:\/\/www.suno.com.br\/noticias\/#\/schema\/logo\/image\/","url":"https:\/\/files.sunoresearch.com.br\/n\/uploads\/2021\/09\/suno-logo.png","contentUrl":"https:\/\/files.sunoresearch.com.br\/n\/uploads\/2021\/09\/suno-logo.png","width":180,"height":180,"caption":"Suno Not\u00edcias"},"image":{"@id":"https:\/\/www.suno.com.br\/noticias\/#\/schema\/logo\/image\/"},"sameAs":["https:\/\/facebook.com\/sunoresearch","https:\/\/x.com\/sunoresearch","https:\/\/www.instagram.com\/suno","https:\/\/www.linkedin.com\/company\/suno-research\/","https:\/\/www.youtube.com\/c\/sunoresearch"]},{"@type":"Person","@id":"https:\/\/www.suno.com.br\/noticias\/#\/schema\/person\/918d79de1f0281f01599b93f9ea6e23f","name":"Jader Lazarini","image":{"@type":"ImageObject","inLanguage":"pt-BR","@id":"https:\/\/www.suno.com.br\/noticias\/#\/schema\/person\/image\/","url":"https:\/\/secure.gravatar.com\/avatar\/3c1ad8caa51589841baeb923fcddea97?s=96&r=g","contentUrl":"https:\/\/secure.gravatar.com\/avatar\/3c1ad8caa51589841baeb923fcddea97?s=96&r=g","caption":"Jader Lazarini"},"description":"Jader Lazarini escreve sobre investimentos, finan\u00e7as, economia e neg\u00f3cios. \u00c9 bacharel em Rela\u00e7\u00f5es Internacionais e analista CNPI (2619).","url":"https:\/\/www.suno.com.br\/noticias\/author\/jader-lazarini\/"}]}},"default_loop_html":"<div class=\"cardsPage__listCard__boxs\"><div class=\"cardsPage__listCard__boxs__img\"><a href=\"https:\/\/www.suno.com.br\/noticias\/argentina-exportacao-brasil-china-mercosul\/\"><img class=\"mask\" src=\"https:\/\/www.suno.com.br\/noticias\/wp-content\/themes\/suno\/resources\/images\/spotlight\/spotlight1img\/bg-mask.png\" alt=\"Image Mask\"\/><img src=\"https:\/\/files.sunoresearch.com.br\/n\/uploads\/2019\/01\/f31b676f-bolsonaro-e1565618960574-400x200.webp\" alt=\"Argentina importa menos do Brasil; topo \u00e9 disputado pela China\"\/><\/a><span class=\"spotlightCategory\"><a href=\"https:\/\/www.suno.com.br\/noticias\/internacional\/\">Internacional<\/a><\/span><\/div><div class=\"cardsPage__listCard__boxs__content\"><a href=\"https:\/\/www.suno.com.br\/noticias\/argentina-exportacao-brasil-china-mercosul\/\"><h2 class=\"content__title\">Argentina importa menos do Brasil; topo \u00e9 disputado pela China<\/h2><\/a><div class=\"newsContent__article__meta\"><div class=\"newsContent__article__meta__authorBox\"><a href=\"https:\/\/www.suno.com.br\/noticias\/author\/jader-lazarini\/\" class=\"authorBox__avatar noMobi\"><img src=\"https:\/\/files.sunoresearch.com.br\/n\/uploads\/2021\/01\/178e6598-foto-perfil-2-150x150.jpg\" alt=\"Jader Lazarini\"><\/a><div class=\"authorBox__name\"><span>por\n\t\t\t<a href=\"https:\/\/www.suno.com.br\/noticias\/author\/jader-lazarini\/\"><span itemprop=\"author\">Jader Lazarini<\/span><\/a><\/span><time datetime=\"2019-08-12T11:08:20-03:00\" itemprop=\"datePublished\">12\/08\/2019 11:08<\/time><\/div><\/div><\/div><\/div><\/div>","single_layout":"posts","amp_enabled":true,"_links":{"self":[{"href":"https:\/\/www.suno.com.br\/noticias\/wp-json\/wp\/v2\/posts\/33692"}],"collection":[{"href":"https:\/\/www.suno.com.br\/noticias\/wp-json\/wp\/v2\/posts"}],"about":[{"href":"https:\/\/www.suno.com.br\/noticias\/wp-json\/wp\/v2\/types\/post"}],"author":[{"embeddable":true,"href":"https:\/\/www.suno.com.br\/noticias\/wp-json\/wp\/v2\/users\/24"}],"replies":[{"embeddable":true,"href":"https:\/\/www.suno.com.br\/noticias\/wp-json\/wp\/v2\/comments?post=33692"}],"version-history":[{"count":0,"href":"https:\/\/www.suno.com.br\/noticias\/wp-json\/wp\/v2\/posts\/33692\/revisions"}],"wp:featuredmedia":[{"embeddable":true,"href":"https:\/\/www.suno.com.br\/noticias\/wp-json\/wp\/v2\/media\/12352"}],"wp:attachment":[{"href":"https:\/\/www.suno.com.br\/noticias\/wp-json\/wp\/v2\/media?parent=33692"}],"wp:term":[{"taxonomy":"category","embeddable":true,"href":"https:\/\/www.suno.com.br\/noticias\/wp-json\/wp\/v2\/categories?post=33692"},{"taxonomy":"post_tag","embeddable":true,"href":"https:\/\/www.suno.com.br\/noticias\/wp-json\/wp\/v2\/tags?post=33692"},{"taxonomy":"suno_strategy","embeddable":true,"href":"https:\/\/www.suno.com.br\/noticias\/wp-json\/wp\/v2\/suno_strategy?post=33692"}],"curies":[{"name":"wp","href":"https:\/\/api.w.org\/{rel}","templated":true}]}}