{"id":336829,"date":"2022-12-19T11:47:25","date_gmt":"2022-12-19T14:47:25","guid":{"rendered":"https:\/\/www.suno.com.br\/noticias\/?p=336829"},"modified":"2022-12-19T11:47:30","modified_gmt":"2022-12-19T14:47:30","slug":"greve-pilotos-atrasos-aeroportos","status":"publish","type":"post","link":"https:\/\/www.suno.com.br\/noticias\/greve-pilotos-atrasos-aeroportos\/","title":{"rendered":"Greve de pilotos e comiss\u00e1rios provoca atrasos em aeroportos no Brasil"},"content":{"rendered":"<p>A <a href=\"https:\/\/www.suno.com.br\/noticias\/greve-pilotos-comissarios-tst-operacoes\/\" target=\"_blank\" rel=\"noreferrer noopener\"><strong>greve<\/strong> dos pilotos e comiss\u00e1rios de bordo<\/a> come\u00e7ou nesta segunda (19), e atrasos j\u00e1 foram registrados nos aeroportos brasileiros. Por volta das 9h30, ao menos nove voos encontravam-se nessa situa\u00e7\u00e3o.<\/p>\t<div class=\"wrapper-featured-image\">\n\t\t<figure class=\"spotlightImg\">\n\n\t\t\t<picture>\n\t\t\t\t<source media=\"(max-width: 768px)\" srcset=\"https:\/\/files.sunoresearch.com.br\/n\/uploads\/2022\/12\/greve-pilotos-comissarios-paralisacoes-aeroporto-congonhas-foto-reproducao-cnnbrasil-400x200.jpg\">\n\t\t\t\t<img loading=\"lazy\" decoding=\"async\" class=\"newsContent__article__imgCapa lazyloadDisabled \" src=\"https:\/\/files.sunoresearch.com.br\/n\/uploads\/2022\/12\/greve-pilotos-comissarios-paralisacoes-aeroporto-congonhas-foto-reproducao-cnnbrasil-800x450.jpg\" width=\"800\" height=\"450\" alt=\"Greve de pilotos e comiss\u00e1rios provoca atrasos em aeroportos no Brasil\" fetchpriority=high \/>\n\t\t\t<\/picture>\n\n\t\t\t<figcaption class=\"wp-caption-text wp-caption-text--show\">Pilotos e comiss\u00e1rios protestam no Aeroporto de Congonhas (SP). Foto: Reprodu\u00e7\u00e3o\/CNN Brasil<\/figcaption>\n\t\t<\/figure>\n\t<\/div>\n\n\n\n\n\n\t<p>\n\t\t<a href=\"\" target=\"_blank\" data-element=\"shortcode-suno-banner\" title=\"Banner SUNO, clique e saiba mais\">\n\t\t\t<picture>\n\t\t\t\t<source media=\"(max-width: 500px)\" srcset=\"\">\n\t\t\t\t<img class=\"newsContent__article__imgCapa newsContent__article__imgCapa--banner\"\n\t\t\t\t\tsrc=\"\"\n\t\t\t\t\tdata-promo-id=\"240038\"\t\t\t\t\t\t\t\t\t\t\t\t\t\t\talt=\"\"\n\t\t\t\t>\n\t\t\t<\/picture>\n\t\t<\/a>\n\t<\/p>\n\n\n\n\n\n<p>Por determina\u00e7\u00e3o do Tribunal Superior do Trabalho (TST), as <strong>paralisa\u00e7\u00f5es nos aeroportos<\/strong> podem atingir apenas 10% dos funcion\u00e1rios das companhias a\u00e9reas.<\/p>\n\n\n\n<p>Segundo informa\u00e7\u00f5es do jornal O Estado de S\u00e3o Paulo, os <strong>aerovi\u00e1rios<\/strong> reivindicam melhores sal\u00e1rios e que as companhias respeitem os hor\u00e1rios de descanso dos pilotos e comiss\u00e1rios.<\/p>\n\n\n\t<p>\n\t\t<a href=\"https:\/\/lp.suno.com.br\/planilha-controle-gastos\/\" target=\"_blank\" data-element=\"shortcode-suno-banner\" title=\"Banner SUNO, clique e saiba mais\">\n\t\t\t<picture>\n\t\t\t\t<source media=\"(max-width: 500px)\" srcset=\"https:\/\/files.sunoresearch.com.br\/n\/uploads\/2023\/03\/400x300-Planilha-controle-de-gastos.png\">\n\t\t\t\t<img class=\"newsContent__article__imgCapa newsContent__article__imgCapa--banner\"\n\t\t\t\t\tsrc=\"https:\/\/files.sunoresearch.com.br\/n\/uploads\/2023\/03\/1420x240-Planilha-controle-de-gastos.png\"\n\t\t\t\t\tdata-promo-id=\"101751\"\t\t\t\t\t\t\t\t\t\twidth='1420' height='240'\t\t\t\t\talt=\"https:\/\/files.sunoresearch.com.br\/n\/uploads\/2023\/03\/1420x240-Planilha-controle-de-gastos.png\"\n\t\t\t\t>\n\t\t\t<\/picture>\n\t\t<\/a>\n\t<\/p>\n\n\n\n\n\n<p>&#8220;H\u00e1 um car\u00e1ter financeiro, pois a categoria j\u00e1 n\u00e3o tem uma recomposi\u00e7\u00e3o inflacion\u00e1ria nem qualquer tipo de ganho real h\u00e1 pelo menos tr\u00eas anos. E um car\u00e1ter social, pois tentamos garantir minimamente que as empresas respeitem as folgas e os repousos dos tripulantes&#8221;, detalhou Henrique Hacklaender, diretor presidente do Sindicato Nacional dos Aeronautas (SNA).<\/p>\n\n\n\n<p>Por volta das 9h30, eram registrados <strong>atrasos<\/strong> nos aeroportos de Fortaleza (CE), Bras\u00edlia (DF), Rio-Gale\u00e3o (RJ) e Belo Horizonte (MG).<\/p>\n\n\n\n<p>Nesta manh\u00e3, tamb\u00e9m ocorreram paralisa\u00e7\u00f5es nos aeroportos de Congonhas, Guarulhos e Viracopos, em S\u00e3o Paulo, Rio-Santos Dumont (RJ) e Porto Alegre (RS), mas as opera\u00e7\u00f5es estavam normalizadas por volta das 9h30.<\/p>\n\n\n\t<p>\n\t\t<a href=\"https:\/\/lp.suno.com.br\/ebook-como-analisar-uma-acao\/\" target=\"_blank\" data-element=\"shortcode-suno-banner\" title=\"Banner SUNO, clique e saiba mais\">\n\t\t\t<picture>\n\t\t\t\t<source media=\"(max-width: 500px)\" srcset=\"https:\/\/files.sunoresearch.com.br\/n\/uploads\/2023\/03\/Ebook-Acoes-Mobile-1.jpg\">\n\t\t\t\t<img class=\"newsContent__article__imgCapa newsContent__article__imgCapa--banner\"\n\t\t\t\t\tsrc=\"https:\/\/files.sunoresearch.com.br\/n\/uploads\/2023\/03\/Ebook-Acoes-Desktop-1.jpg\"\n\t\t\t\t\tdata-promo-id=\"171998\"\t\t\t\t\t\t\t\t\t\twidth='1420' height='286'\t\t\t\t\talt=\"https:\/\/files.sunoresearch.com.br\/n\/uploads\/2023\/03\/Ebook-Acoes-Desktop-1.jpg\"\n\t\t\t\t>\n\t\t\t<\/picture>\n\t\t<\/a>\n\t<\/p>\n\n\n\n\n\n<h2 class=\"wp-block-heading\">TST colocou multa de R$ 200 mil <\/h2>\n\n\n\n<p>Pela decis\u00e3o da ministra do TST Maria Cristina Irigoyen Peduzzi, os aerovi\u00e1rios ter\u00e3o que pagar uma multa de R$ 200 mil caso a determina\u00e7\u00e3o de que 90% dos funcion\u00e1rios trabalhem durante a greve seja descumprida.<\/p>\n\n\n\n<p>De acordo com a magistrada, a <strong>greve dos comiss\u00e1rios e pilotos<\/strong> tem aptid\u00e3o para gerar graves impactos na sociedade, tendo em vista que ela foi aprovada no per\u00edodo do final do ano, quando ocorre um aumento da demanda no setor de transporte coletivo a\u00e9reo.<\/p>\n\n\n\t<p>\n\t\t<a href=\"https:\/\/lp.suno.com.br\/planilha-da-vida-financeira\/\" target=\"_blank\" data-element=\"shortcode-suno-banner\" title=\"Banner SUNO, clique e saiba mais\">\n\t\t\t<picture>\n\t\t\t\t<source media=\"(max-width: 500px)\" srcset=\"https:\/\/files.sunoresearch.com.br\/n\/uploads\/2023\/04\/400x300-Planilha-vida-financeira-true.png\">\n\t\t\t\t<img class=\"newsContent__article__imgCapa newsContent__article__imgCapa--banner\"\n\t\t\t\t\tsrc=\"https:\/\/files.sunoresearch.com.br\/n\/uploads\/2023\/04\/1420x240-Planilha-vida-financeira-true.png\"\n\t\t\t\t\tdata-promo-id=\"106682\"\t\t\t\t\t\t\t\t\t\twidth='1420' height='240'\t\t\t\t\talt=\"https:\/\/files.sunoresearch.com.br\/n\/uploads\/2023\/04\/1420x240-Planilha-vida-financeira-true.png\"\n\t\t\t\t>\n\t\t\t<\/picture>\n\t\t<\/a>\n\t<\/p>\n\n\n\n\n\n<h2 class=\"wp-block-heading\" id=\"h-meu-voo-atrasou-com-a-greve-quais-sao-os-meus-direitos\">Meu voo atrasou com a greve, quais s\u00e3o os meus direitos?<\/h2>\n\n\n\n<p>Durante a greve de pilotos e comiss\u00e1rios, as empresas tamb\u00e9m devem prestar <strong>assist\u00eancia material<\/strong> aos passageiros que encontram-se nos aeroportos. Assim, elas s\u00e3o obrigadas a atender as necessidades dos viajantes, de acordo com o tempo do atraso. <\/p>\n\n\n\n<p>Confira os direitos conforme o tempo atraso: <\/p>\n\n\n\n<ul class=\"wp-block-list\">\n<li>Superior a 1 hora: as companhias devem fornecer facilidades de comunica\u00e7\u00e3o, como linha telef\u00f4nica ou internet;<\/li>\n\n\n\n<li>Superior a 2 horas: alimenta\u00e7\u00e3o, de acordo com o hor\u00e1rio, por meio do fornecimento da pr\u00f3pria refei\u00e7\u00e3o ou ent\u00e3o por meio de vouchers;<\/li>\n\n\n\n<li>Superior a 4 horas: hospedagem, somente em caso de pernoite, e traslado de ida e volta do aeroporto at\u00e9 o local de acomoda\u00e7\u00e3o.<\/li>\n<\/ul>\n\n\n\n<p>A previs\u00e3o \u00e9 de que as paralisa\u00e7\u00f5es da <strong>greve<\/strong> ocorram diariamente, das 6h \u00e0s 8h, por prazo indeterminado.<\/p>\n\n\n\n<p><em>Com informa\u00e7\u00f5es do Estad\u00e3o Conte\u00fado<\/em><\/p>\n\n\n\t<p>\n\t\t<a href=\"https:\/\/lp.suno.com.br\/planilha-de-controle-de-investimentos\/\" target=\"_blank\" data-element=\"shortcode-suno-banner\" title=\"Banner SUNO, clique e saiba mais\">\n\t\t\t<picture>\n\t\t\t\t<source media=\"(max-width: 500px)\" srcset=\"https:\/\/files.sunoresearch.com.br\/n\/uploads\/2023\/03\/400x300-Controle-de-Investimentos.png\">\n\t\t\t\t<img class=\"newsContent__article__imgCapa newsContent__article__imgCapa--banner\"\n\t\t\t\t\tsrc=\"https:\/\/files.sunoresearch.com.br\/n\/uploads\/2023\/03\/1420x240-Controle-de-Investimentos.png\"\n\t\t\t\t\tdata-promo-id=\"75934\"\t\t\t\t\t\t\t\t\t\twidth='1420' height='240'\t\t\t\t\talt=\"https:\/\/files.sunoresearch.com.br\/n\/uploads\/2023\/03\/1420x240-Controle-de-Investimentos.png\"\n\t\t\t\t>\n\t\t\t<\/picture>\n\t\t<\/a>\n\t<\/p>\n\n\n","protected":false},"excerpt":{"rendered":"<p>A greve dos pilotos e comiss\u00e1rios de bordo come\u00e7ou nesta segunda (19), e atrasos j\u00e1 foram registrados nos aeroportos brasileiros. Por volta das 9h30, ao menos nove voos encontravam-se nessa situa\u00e7\u00e3o. Pilotos e comiss\u00e1rios protestam no Aeroporto de Congonhas (SP). Foto: Reprodu\u00e7\u00e3o\/CNN Brasil Por determina\u00e7\u00e3o do Tribunal Superior do Trabalho (TST), as paralisa\u00e7\u00f5es nos aeroportos [&hellip;]<\/p>\n","protected":false},"author":232,"featured_media":336842,"comment_status":"closed","ping_status":"closed","sticky":false,"template":"","format":"standard","meta":[],"categories":[60],"tags":[1085,2462],"suno_strategy":[],"class_list":["post-336829","post","type-post","status-publish","format-standard","has-post-thumbnail","hentry","category-mercado","tag-aeroportos","tag-greves"],"yoast_head":"<!-- This site is optimized with the Yoast SEO plugin v24.4 - https:\/\/yoast.com\/wordpress\/plugins\/seo\/ -->\n<title>Greve de pilotos e comiss\u00e1rios provoca atrasos em aeroportos no Brasil<\/title>\n<meta name=\"description\" content=\"A greve dos pilotos e comiss\u00e1rios de bordo come\u00e7ou nesta segunda (19). Atrasos j\u00e1 foram registrados. Saiba os seus direitos.\" \/>\n<meta name=\"robots\" content=\"index, follow, max-snippet:-1, max-image-preview:large, max-video-preview:-1\" \/>\n<link rel=\"canonical\" href=\"https:\/\/www.suno.com.br\/noticias\/greve-pilotos-atrasos-aeroportos\/\" \/>\n<meta property=\"og:locale\" content=\"pt_BR\" \/>\n<meta property=\"og:type\" content=\"article\" \/>\n<meta property=\"og:title\" content=\"Greve de pilotos e comiss\u00e1rios provoca atrasos em aeroportos no Brasil\" \/>\n<meta property=\"og:description\" content=\"A greve dos pilotos e comiss\u00e1rios de bordo come\u00e7ou nesta segunda (19). Atrasos j\u00e1 foram registrados. Saiba os seus direitos.\" \/>\n<meta property=\"og:url\" content=\"https:\/\/www.suno.com.br\/noticias\/greve-pilotos-atrasos-aeroportos\/\" \/>\n<meta property=\"og:site_name\" content=\"Suno Not\u00edcias\" \/>\n<meta property=\"article:publisher\" content=\"https:\/\/facebook.com\/sunoresearch\" \/>\n<meta property=\"og:image\" content=\"https:\/\/files.sunoresearch.com.br\/n\/uploads\/2022\/12\/greve-pilotos-comissarios-paralisacoes-aeroporto-congonhas-foto-reproducao-cnnbrasil.jpg\" \/>\n\t<meta property=\"og:image:width\" content=\"1200\" \/>\n\t<meta property=\"og:image:height\" content=\"675\" \/>\n\t<meta property=\"og:image:type\" content=\"image\/jpeg\" \/>\n<meta name=\"author\" content=\"Erick Matheus Nery\" \/>\n<meta name=\"twitter:card\" content=\"summary_large_image\" \/>\n<meta name=\"twitter:creator\" content=\"@sunoresearch\" \/>\n<meta name=\"twitter:site\" content=\"@sunoresearch\" \/>\n<meta name=\"twitter:label1\" content=\"Escrito por\" \/>\n\t<meta name=\"twitter:data1\" content=\"Erick Matheus Nery\" \/>\n\t<meta name=\"twitter:label2\" content=\"Est. tempo de leitura\" \/>\n\t<meta name=\"twitter:data2\" content=\"3 minutos\" \/>\n<script type=\"application\/ld+json\" class=\"yoast-schema-graph\">{\"@context\":\"https:\/\/schema.org\",\"@graph\":[{\"@type\":\"NewsArticle\",\"@id\":\"https:\/\/www.suno.com.br\/noticias\/greve-pilotos-atrasos-aeroportos\/#article\",\"isPartOf\":{\"@id\":\"https:\/\/www.suno.com.br\/noticias\/greve-pilotos-atrasos-aeroportos\/\"},\"author\":{\"name\":\"Erick Matheus Nery\",\"@id\":\"https:\/\/www.suno.com.br\/noticias\/#\/schema\/person\/6899bc3f19d1a7315f807131c2c013a0\"},\"headline\":\"Greve de pilotos e comiss\u00e1rios provoca atrasos em aeroportos no Brasil\",\"datePublished\":\"2022-12-19T14:47:25+00:00\",\"dateModified\":\"2022-12-19T14:47:30+00:00\",\"mainEntityOfPage\":{\"@id\":\"https:\/\/www.suno.com.br\/noticias\/greve-pilotos-atrasos-aeroportos\/\"},\"wordCount\":480,\"publisher\":{\"@id\":\"https:\/\/www.suno.com.br\/noticias\/#organization\"},\"image\":{\"@id\":\"https:\/\/www.suno.com.br\/noticias\/greve-pilotos-atrasos-aeroportos\/#primaryimage\"},\"thumbnailUrl\":\"https:\/\/files.sunoresearch.com.br\/n\/uploads\/2022\/12\/greve-pilotos-comissarios-paralisacoes-aeroporto-congonhas-foto-reproducao-cnnbrasil.jpg\",\"keywords\":[\"aeroportos\",\"greves\"],\"articleSection\":[\"Mercado\"],\"inLanguage\":\"pt-BR\"},{\"@type\":\"WebPage\",\"@id\":\"https:\/\/www.suno.com.br\/noticias\/greve-pilotos-atrasos-aeroportos\/\",\"url\":\"https:\/\/www.suno.com.br\/noticias\/greve-pilotos-atrasos-aeroportos\/\",\"name\":\"Greve de pilotos e comiss\u00e1rios provoca atrasos em aeroportos no Brasil\",\"isPartOf\":{\"@id\":\"https:\/\/www.suno.com.br\/noticias\/#website\"},\"primaryImageOfPage\":{\"@id\":\"https:\/\/www.suno.com.br\/noticias\/greve-pilotos-atrasos-aeroportos\/#primaryimage\"},\"image\":{\"@id\":\"https:\/\/www.suno.com.br\/noticias\/greve-pilotos-atrasos-aeroportos\/#primaryimage\"},\"thumbnailUrl\":\"https:\/\/files.sunoresearch.com.br\/n\/uploads\/2022\/12\/greve-pilotos-comissarios-paralisacoes-aeroporto-congonhas-foto-reproducao-cnnbrasil.jpg\",\"datePublished\":\"2022-12-19T14:47:25+00:00\",\"dateModified\":\"2022-12-19T14:47:30+00:00\",\"description\":\"A greve dos pilotos e comiss\u00e1rios de bordo come\u00e7ou nesta segunda (19). Atrasos j\u00e1 foram registrados. Saiba os seus direitos.\",\"breadcrumb\":{\"@id\":\"https:\/\/www.suno.com.br\/noticias\/greve-pilotos-atrasos-aeroportos\/#breadcrumb\"},\"inLanguage\":\"pt-BR\",\"potentialAction\":[{\"@type\":\"ReadAction\",\"target\":[\"https:\/\/www.suno.com.br\/noticias\/greve-pilotos-atrasos-aeroportos\/\"]}]},{\"@type\":\"ImageObject\",\"inLanguage\":\"pt-BR\",\"@id\":\"https:\/\/www.suno.com.br\/noticias\/greve-pilotos-atrasos-aeroportos\/#primaryimage\",\"url\":\"https:\/\/files.sunoresearch.com.br\/n\/uploads\/2022\/12\/greve-pilotos-comissarios-paralisacoes-aeroporto-congonhas-foto-reproducao-cnnbrasil.jpg\",\"contentUrl\":\"https:\/\/files.sunoresearch.com.br\/n\/uploads\/2022\/12\/greve-pilotos-comissarios-paralisacoes-aeroporto-congonhas-foto-reproducao-cnnbrasil.jpg\",\"width\":1200,\"height\":675,\"caption\":\"Pilotos e comiss\u00e1rios protestam no Aeroporto de Congonhas (SP). Foto: Reprodu\u00e7\u00e3o\/CNN Brasil\"},{\"@type\":\"BreadcrumbList\",\"@id\":\"https:\/\/www.suno.com.br\/noticias\/greve-pilotos-atrasos-aeroportos\/#breadcrumb\",\"itemListElement\":[{\"@type\":\"ListItem\",\"position\":1,\"name\":\"Not\u00edcias\",\"item\":\"https:\/\/www.suno.com.br\/noticias\/\"},{\"@type\":\"ListItem\",\"position\":2,\"name\":\"Mercado\",\"item\":\"https:\/\/www.suno.com.br\/noticias\/mercado\/\"},{\"@type\":\"ListItem\",\"position\":3,\"name\":\"Greve de pilotos e comiss\u00e1rios provoca atrasos em aeroportos no Brasil\"}]},{\"@type\":\"WebSite\",\"@id\":\"https:\/\/www.suno.com.br\/noticias\/#website\",\"url\":\"https:\/\/www.suno.com.br\/noticias\/\",\"name\":\"Suno Not\u00edcias\",\"description\":\"Seu portal de informa\u00e7\u00e3o sobre o mundo dos investimentos\",\"publisher\":{\"@id\":\"https:\/\/www.suno.com.br\/noticias\/#organization\"},\"potentialAction\":[{\"@type\":\"SearchAction\",\"target\":{\"@type\":\"EntryPoint\",\"urlTemplate\":\"https:\/\/www.suno.com.br\/noticias\/?s={search_term_string}\"},\"query-input\":{\"@type\":\"PropertyValueSpecification\",\"valueRequired\":true,\"valueName\":\"search_term_string\"}}],\"inLanguage\":\"pt-BR\"},{\"@type\":\"Organization\",\"@id\":\"https:\/\/www.suno.com.br\/noticias\/#organization\",\"name\":\"Suno Not\u00edcias\",\"url\":\"https:\/\/www.suno.com.br\/noticias\/\",\"logo\":{\"@type\":\"ImageObject\",\"inLanguage\":\"pt-BR\",\"@id\":\"https:\/\/www.suno.com.br\/noticias\/#\/schema\/logo\/image\/\",\"url\":\"https:\/\/files.sunoresearch.com.br\/n\/uploads\/2021\/09\/suno-logo.png\",\"contentUrl\":\"https:\/\/files.sunoresearch.com.br\/n\/uploads\/2021\/09\/suno-logo.png\",\"width\":180,\"height\":180,\"caption\":\"Suno Not\u00edcias\"},\"image\":{\"@id\":\"https:\/\/www.suno.com.br\/noticias\/#\/schema\/logo\/image\/\"},\"sameAs\":[\"https:\/\/facebook.com\/sunoresearch\",\"https:\/\/x.com\/sunoresearch\",\"https:\/\/www.instagram.com\/suno\",\"https:\/\/www.linkedin.com\/company\/suno-research\/\",\"https:\/\/www.youtube.com\/c\/sunoresearch\"]},{\"@type\":\"Person\",\"@id\":\"https:\/\/www.suno.com.br\/noticias\/#\/schema\/person\/6899bc3f19d1a7315f807131c2c013a0\",\"name\":\"Erick Matheus Nery\",\"image\":{\"@type\":\"ImageObject\",\"inLanguage\":\"pt-BR\",\"@id\":\"https:\/\/www.suno.com.br\/noticias\/#\/schema\/person\/image\/\",\"url\":\"https:\/\/secure.gravatar.com\/avatar\/518ddffe438ccb767782d372a66304d2?s=96&r=g\",\"contentUrl\":\"https:\/\/secure.gravatar.com\/avatar\/518ddffe438ccb767782d372a66304d2?s=96&r=g\",\"caption\":\"Erick Matheus Nery\"},\"description\":\"Formado em Jornalismo pela Universidade Federal do Par\u00e1 (UFPA), conta com extens\u00e3o em Jornalismo Econ\u00f4mico pela Funda\u00e7\u00e3o Get\u00falio Vargas (FGV). No Suno Not\u00edcias, atua como rep\u00f3rter de Mercado, com foco nos setores de telecomunica\u00e7\u00f5es, varejo, alimentos e renda fixa. Conta com passagens pelo jornal O Estado de S\u00e3o Paulo, como trainee de Jornalismo Econ\u00f4mico, e pelo site Not\u00edcias da TV.\",\"url\":\"https:\/\/www.suno.com.br\/noticias\/author\/erick-nery\/\"}]}<\/script>\n<!-- \/ Yoast SEO plugin. -->","yoast_head_json":{"title":"Greve de pilotos e comiss\u00e1rios provoca atrasos em aeroportos no Brasil","description":"A greve dos pilotos e comiss\u00e1rios de bordo come\u00e7ou nesta segunda (19). Atrasos j\u00e1 foram registrados. Saiba os seus direitos.","robots":{"index":"index","follow":"follow","max-snippet":"max-snippet:-1","max-image-preview":"max-image-preview:large","max-video-preview":"max-video-preview:-1"},"canonical":"https:\/\/www.suno.com.br\/noticias\/greve-pilotos-atrasos-aeroportos\/","og_locale":"pt_BR","og_type":"article","og_title":"Greve de pilotos e comiss\u00e1rios provoca atrasos em aeroportos no Brasil","og_description":"A greve dos pilotos e comiss\u00e1rios de bordo come\u00e7ou nesta segunda (19). Atrasos j\u00e1 foram registrados. Saiba os seus direitos.","og_url":"https:\/\/www.suno.com.br\/noticias\/greve-pilotos-atrasos-aeroportos\/","og_site_name":"Suno Not\u00edcias","article_publisher":"https:\/\/facebook.com\/sunoresearch","og_image":[{"width":1200,"height":675,"url":"https:\/\/files.sunoresearch.com.br\/n\/uploads\/2022\/12\/greve-pilotos-comissarios-paralisacoes-aeroporto-congonhas-foto-reproducao-cnnbrasil.jpg","type":"image\/jpeg"}],"author":"Erick Matheus Nery","twitter_card":"summary_large_image","twitter_creator":"@sunoresearch","twitter_site":"@sunoresearch","twitter_misc":{"Escrito por":"Erick Matheus Nery","Est. tempo de leitura":"3 minutos"},"schema":{"@context":"https:\/\/schema.org","@graph":[{"@type":"NewsArticle","@id":"https:\/\/www.suno.com.br\/noticias\/greve-pilotos-atrasos-aeroportos\/#article","isPartOf":{"@id":"https:\/\/www.suno.com.br\/noticias\/greve-pilotos-atrasos-aeroportos\/"},"author":{"name":"Erick Matheus Nery","@id":"https:\/\/www.suno.com.br\/noticias\/#\/schema\/person\/6899bc3f19d1a7315f807131c2c013a0"},"headline":"Greve de pilotos e comiss\u00e1rios provoca atrasos em aeroportos no Brasil","datePublished":"2022-12-19T14:47:25+00:00","dateModified":"2022-12-19T14:47:30+00:00","mainEntityOfPage":{"@id":"https:\/\/www.suno.com.br\/noticias\/greve-pilotos-atrasos-aeroportos\/"},"wordCount":480,"publisher":{"@id":"https:\/\/www.suno.com.br\/noticias\/#organization"},"image":{"@id":"https:\/\/www.suno.com.br\/noticias\/greve-pilotos-atrasos-aeroportos\/#primaryimage"},"thumbnailUrl":"https:\/\/files.sunoresearch.com.br\/n\/uploads\/2022\/12\/greve-pilotos-comissarios-paralisacoes-aeroporto-congonhas-foto-reproducao-cnnbrasil.jpg","keywords":["aeroportos","greves"],"articleSection":["Mercado"],"inLanguage":"pt-BR"},{"@type":"WebPage","@id":"https:\/\/www.suno.com.br\/noticias\/greve-pilotos-atrasos-aeroportos\/","url":"https:\/\/www.suno.com.br\/noticias\/greve-pilotos-atrasos-aeroportos\/","name":"Greve de pilotos e comiss\u00e1rios provoca atrasos em aeroportos no Brasil","isPartOf":{"@id":"https:\/\/www.suno.com.br\/noticias\/#website"},"primaryImageOfPage":{"@id":"https:\/\/www.suno.com.br\/noticias\/greve-pilotos-atrasos-aeroportos\/#primaryimage"},"image":{"@id":"https:\/\/www.suno.com.br\/noticias\/greve-pilotos-atrasos-aeroportos\/#primaryimage"},"thumbnailUrl":"https:\/\/files.sunoresearch.com.br\/n\/uploads\/2022\/12\/greve-pilotos-comissarios-paralisacoes-aeroporto-congonhas-foto-reproducao-cnnbrasil.jpg","datePublished":"2022-12-19T14:47:25+00:00","dateModified":"2022-12-19T14:47:30+00:00","description":"A greve dos pilotos e comiss\u00e1rios de bordo come\u00e7ou nesta segunda (19). Atrasos j\u00e1 foram registrados. Saiba os seus direitos.","breadcrumb":{"@id":"https:\/\/www.suno.com.br\/noticias\/greve-pilotos-atrasos-aeroportos\/#breadcrumb"},"inLanguage":"pt-BR","potentialAction":[{"@type":"ReadAction","target":["https:\/\/www.suno.com.br\/noticias\/greve-pilotos-atrasos-aeroportos\/"]}]},{"@type":"ImageObject","inLanguage":"pt-BR","@id":"https:\/\/www.suno.com.br\/noticias\/greve-pilotos-atrasos-aeroportos\/#primaryimage","url":"https:\/\/files.sunoresearch.com.br\/n\/uploads\/2022\/12\/greve-pilotos-comissarios-paralisacoes-aeroporto-congonhas-foto-reproducao-cnnbrasil.jpg","contentUrl":"https:\/\/files.sunoresearch.com.br\/n\/uploads\/2022\/12\/greve-pilotos-comissarios-paralisacoes-aeroporto-congonhas-foto-reproducao-cnnbrasil.jpg","width":1200,"height":675,"caption":"Pilotos e comiss\u00e1rios protestam no Aeroporto de Congonhas (SP). Foto: Reprodu\u00e7\u00e3o\/CNN Brasil"},{"@type":"BreadcrumbList","@id":"https:\/\/www.suno.com.br\/noticias\/greve-pilotos-atrasos-aeroportos\/#breadcrumb","itemListElement":[{"@type":"ListItem","position":1,"name":"Not\u00edcias","item":"https:\/\/www.suno.com.br\/noticias\/"},{"@type":"ListItem","position":2,"name":"Mercado","item":"https:\/\/www.suno.com.br\/noticias\/mercado\/"},{"@type":"ListItem","position":3,"name":"Greve de pilotos e comiss\u00e1rios provoca atrasos em aeroportos no Brasil"}]},{"@type":"WebSite","@id":"https:\/\/www.suno.com.br\/noticias\/#website","url":"https:\/\/www.suno.com.br\/noticias\/","name":"Suno Not\u00edcias","description":"Seu portal de informa\u00e7\u00e3o sobre o mundo dos investimentos","publisher":{"@id":"https:\/\/www.suno.com.br\/noticias\/#organization"},"potentialAction":[{"@type":"SearchAction","target":{"@type":"EntryPoint","urlTemplate":"https:\/\/www.suno.com.br\/noticias\/?s={search_term_string}"},"query-input":{"@type":"PropertyValueSpecification","valueRequired":true,"valueName":"search_term_string"}}],"inLanguage":"pt-BR"},{"@type":"Organization","@id":"https:\/\/www.suno.com.br\/noticias\/#organization","name":"Suno Not\u00edcias","url":"https:\/\/www.suno.com.br\/noticias\/","logo":{"@type":"ImageObject","inLanguage":"pt-BR","@id":"https:\/\/www.suno.com.br\/noticias\/#\/schema\/logo\/image\/","url":"https:\/\/files.sunoresearch.com.br\/n\/uploads\/2021\/09\/suno-logo.png","contentUrl":"https:\/\/files.sunoresearch.com.br\/n\/uploads\/2021\/09\/suno-logo.png","width":180,"height":180,"caption":"Suno Not\u00edcias"},"image":{"@id":"https:\/\/www.suno.com.br\/noticias\/#\/schema\/logo\/image\/"},"sameAs":["https:\/\/facebook.com\/sunoresearch","https:\/\/x.com\/sunoresearch","https:\/\/www.instagram.com\/suno","https:\/\/www.linkedin.com\/company\/suno-research\/","https:\/\/www.youtube.com\/c\/sunoresearch"]},{"@type":"Person","@id":"https:\/\/www.suno.com.br\/noticias\/#\/schema\/person\/6899bc3f19d1a7315f807131c2c013a0","name":"Erick Matheus Nery","image":{"@type":"ImageObject","inLanguage":"pt-BR","@id":"https:\/\/www.suno.com.br\/noticias\/#\/schema\/person\/image\/","url":"https:\/\/secure.gravatar.com\/avatar\/518ddffe438ccb767782d372a66304d2?s=96&r=g","contentUrl":"https:\/\/secure.gravatar.com\/avatar\/518ddffe438ccb767782d372a66304d2?s=96&r=g","caption":"Erick Matheus Nery"},"description":"Formado em Jornalismo pela Universidade Federal do Par\u00e1 (UFPA), conta com extens\u00e3o em Jornalismo Econ\u00f4mico pela Funda\u00e7\u00e3o Get\u00falio Vargas (FGV). No Suno Not\u00edcias, atua como rep\u00f3rter de Mercado, com foco nos setores de telecomunica\u00e7\u00f5es, varejo, alimentos e renda fixa. Conta com passagens pelo jornal O Estado de S\u00e3o Paulo, como trainee de Jornalismo Econ\u00f4mico, e pelo site Not\u00edcias da TV.","url":"https:\/\/www.suno.com.br\/noticias\/author\/erick-nery\/"}]}},"default_loop_html":"<div class=\"cardsPage__listCard__boxs\"><div class=\"cardsPage__listCard__boxs__img\"><a href=\"https:\/\/www.suno.com.br\/noticias\/greve-pilotos-atrasos-aeroportos\/\"><img class=\"mask\" src=\"https:\/\/www.suno.com.br\/noticias\/wp-content\/themes\/suno\/resources\/images\/spotlight\/spotlight1img\/bg-mask.png\" alt=\"Image Mask\"\/><img src=\"https:\/\/files.sunoresearch.com.br\/n\/uploads\/2022\/12\/greve-pilotos-comissarios-paralisacoes-aeroporto-congonhas-foto-reproducao-cnnbrasil-400x200.jpg\" alt=\"Greve de pilotos e comiss\u00e1rios provoca atrasos em aeroportos no Brasil\"\/><\/a><span class=\"spotlightCategory\"><a href=\"https:\/\/www.suno.com.br\/noticias\/mercado\/\">Mercado<\/a><\/span><\/div><div class=\"cardsPage__listCard__boxs__content\"><a href=\"https:\/\/www.suno.com.br\/noticias\/greve-pilotos-atrasos-aeroportos\/\"><h2 class=\"content__title\">Greve de pilotos e comiss\u00e1rios provoca atrasos em aeroportos no Brasil<\/h2><\/a><div class=\"newsContent__article__meta\"><div class=\"newsContent__article__meta__authorBox\"><a href=\"https:\/\/www.suno.com.br\/noticias\/author\/erick-nery\/\" class=\"authorBox__avatar noMobi\"><img src=\"https:\/\/secure.gravatar.com\/avatar\/518ddffe438ccb767782d372a66304d2?s=96&#038;r=g\" alt=\"Erick Matheus Nery\"><\/a><div class=\"authorBox__name\"><span>por\n\t\t\t<a href=\"https:\/\/www.suno.com.br\/noticias\/author\/erick-nery\/\"><span itemprop=\"author\">Erick Matheus Nery<\/span><\/a><\/span><time datetime=\"2022-12-19T11:47:25-03:00\" itemprop=\"datePublished\">19\/12\/2022 11:47<\/time><\/div><\/div><\/div><\/div><\/div>","single_layout":"posts","amp_enabled":true,"_links":{"self":[{"href":"https:\/\/www.suno.com.br\/noticias\/wp-json\/wp\/v2\/posts\/336829"}],"collection":[{"href":"https:\/\/www.suno.com.br\/noticias\/wp-json\/wp\/v2\/posts"}],"about":[{"href":"https:\/\/www.suno.com.br\/noticias\/wp-json\/wp\/v2\/types\/post"}],"author":[{"embeddable":true,"href":"https:\/\/www.suno.com.br\/noticias\/wp-json\/wp\/v2\/users\/232"}],"replies":[{"embeddable":true,"href":"https:\/\/www.suno.com.br\/noticias\/wp-json\/wp\/v2\/comments?post=336829"}],"version-history":[{"count":3,"href":"https:\/\/www.suno.com.br\/noticias\/wp-json\/wp\/v2\/posts\/336829\/revisions"}],"predecessor-version":[{"id":336863,"href":"https:\/\/www.suno.com.br\/noticias\/wp-json\/wp\/v2\/posts\/336829\/revisions\/336863"}],"wp:featuredmedia":[{"embeddable":true,"href":"https:\/\/www.suno.com.br\/noticias\/wp-json\/wp\/v2\/media\/336842"}],"wp:attachment":[{"href":"https:\/\/www.suno.com.br\/noticias\/wp-json\/wp\/v2\/media?parent=336829"}],"wp:term":[{"taxonomy":"category","embeddable":true,"href":"https:\/\/www.suno.com.br\/noticias\/wp-json\/wp\/v2\/categories?post=336829"},{"taxonomy":"post_tag","embeddable":true,"href":"https:\/\/www.suno.com.br\/noticias\/wp-json\/wp\/v2\/tags?post=336829"},{"taxonomy":"suno_strategy","embeddable":true,"href":"https:\/\/www.suno.com.br\/noticias\/wp-json\/wp\/v2\/suno_strategy?post=336829"}],"curies":[{"name":"wp","href":"https:\/\/api.w.org\/{rel}","templated":true}]}}