{"id":336810,"date":"2022-12-19T10:37:46","date_gmt":"2022-12-19T13:37:46","guid":{"rendered":"https:\/\/www.suno.com.br\/noticias\/?p=336810"},"modified":"2022-12-19T11:54:33","modified_gmt":"2022-12-19T14:54:33","slug":"ibovespa-hoje-19122022-magazine-luiza-mglu3","status":"publish","type":"post","link":"https:\/\/www.suno.com.br\/noticias\/ibovespa-hoje-19122022-magazine-luiza-mglu3\/","title":{"rendered":"Ibovespa sobe aos 103 mil pontos; Magazine Luiza (MGLU3) e varejistas lideram altas"},"content":{"rendered":"<p>O <strong>Ibovespa<\/strong> abre o preg\u00e3o desta segunda-feira (19) em alta de 0,80% aos 103.676 pontos, com varejistas na ponta positiva do \u00edndice, ante uma queda das companhias de commodities e el\u00e9tricas &#8211; especialmente as vinculadas ao min\u00e9rio de ferro.<\/p><div class=\"videoFull \">\n\t\t\t<div class=\"videoWrapper yt-lazyload center\"\n\t\t\t\tdata-width=\"960\"\n\t\t\t\tdata-height=\"540\"\n\t\t\t\tdata-id=\"PrzqZEwec-g\"\n\t\t\t\tdata-alt=\"V\u00eddeo do YouTube - clique para reproduzir\"\n\t\t\t\tdata-logo=\"3\"\n\t\t\t\tdata-imagequality=\"maxres\">\n\t\t\t<\/div>\n\t\t<\/div><script type=\"application\/ld+json\">{\"@context\":\"https:\/\/schema.org\",\"@type\":\"VideoObject\",\"name\":\"GILMAR MENDES GARANTE BOLSA FAM\u00cdLIA FORA DO TETO DE GASTOS | Corte de juros apenas em 2024? | Focus\",\"description\":\"#morningcall #Not\u00edcias #gilmarmendes #bolsafamilia #investimentos #mercadofinanceiro #lula #pol\u00edtica #bancocentral #boletimfocus #focus #haddad #wege3 #oibr3 #prio3 \ud835\udc08\ud835\udc0d\ud835\udc12\ud835\udc02\ud835\udc11\ud835\udc04\ud835\udc15\ud835\udc00-\ud835\udc12\ud835\udc04 \ud835\udc0d\ud835\udc0e \ud835\udc02\ud835\udc00\ud835\udc0d\ud835\udc00\ud835\udc0b \ud835\udc04 \ud835\udc00\ud835\udc13\ud835\udc08\ud835\udc15\ud835\udc04 \ud835\udc0e \ud835\udc12\ud835\udc08\ud835\udc0d\ud835\udc0e \ud83d\udc47 https:\/\/bit.ly\/INSCREVA-SEATIVEOSINO \ud83d\udcda \ud83d\udcb8 \ud83d\udcca \ud835\udde3\ud835\udddf\ud835\uddd4\ud835\udde1\ud835\udddc\ud835\udddf\ud835\udddb\ud835\uddd4 \ud835\uddd7\ud835\uddd8 \ud835\uddd6\ud835\udde2\ud835\udde1\ud835\udde7\ud835\udde5\ud835\udde2\ud835\udddf\ud835\uddd8 \ud835\uddd9\ud835\udddc\ud835\udde1\ud835\uddd4\ud835\udde1\ud835\uddd6\ud835\uddd8\ud835\udddc\ud835\udde5\ud835\udde2: \ud835\uddd5\ud835\uddee\ud835\uddf6\ud835\ude05\ud835\uddf2 \ud835\uddee \ud835\uddfd\ud835\uddf9\ud835\uddee\ud835\uddfb\ud835\uddf6\ud835\uddf9\ud835\uddf5\ud835\uddee AGORA antes que acabe! \ud83d\udc49 https:\/\/lp.suno.com.br\/planilha-da-vida-financeira\/?utm_source=youtube.noticias&utm_medium=live&utm_campaign=planilhadavidafinanceira.20221128&utm_content=ytnoticias.morning.02122022 \ud83d\udcda \ud835\udc04-\ud835\udc1b\ud835\udc28\ud835\udc28\ud835\udc24 \"\ud835\udc02\ud835\udc28\ud835\udc26\ud835\udc28 \ud835\udc22\ud835\udc27\ud835\udc2f\ud835\udc1e\ud835\udc2c\ud835\udc2d\ud835\udc22\ud835\udc2b \ud835\udc1e\ud835\udc26 \ud835\udc03\ud835\udc22\ud835\udc2f\ud835\udc22\ud835\udc1d\ud835\udc1e\ud835\udc27\ud835\udc1d\ud835\udc28\ud835\udc2c?\"\ud83d\udc47 - \ud835\udc1b\ud835\udc1a\ud835\udc22\ud835\udc31\ud835\udc1e \ud835\udc20\ud835\udc2b\ud835\udc1a\ud835\udc2d\ud835\udc2e\ud835\udc22\ud835\udc2d\ud835\udc1a\ud835\udc26\ud835\udc1e\ud835\udc27\ud835\udc2d\ud835\udc1e \ud835\udc1e \ud835\udc1a\ud835\udc29\ud835\udc2b\ud835\udc1e\ud835\udc27\ud835\udc1d\ud835\udc1a: https:\/\/bit.ly\/ebookGRATUITOdoSunoNoticiasComoinvestiremDividendos \ud83d\udc47 \ud835\udc12\ud835\udc22\ud835\udc20\ud835\udc1a \ud835\udc27\ud835\udc28\ud835\udc2c\ud835\udc2c\ud835\udc1a\ud835\udc2c\u2026\",\"duration\":\"PT48M22S\",\"embedUrl\":\"https:\/\/www.youtube.com\/embed\/PrzqZEwec-g\",\"regionsAllowed\":\"pt-BR\",\"interactionStatistic\":{\"@type\":\"InteractionCounter\",\"interactionType\":{\"@type\":\"WatchAction\"},\"userInteractionCount\":2663},\"thumbnailUrl\":\"https:\/\/i.ytimg.com\/vi\/PrzqZEwec-g\/default.jpg\",\"uploadDate\":\"2022-12-19T12:54:11Z\"}<\/script>\n\n\n\n\n\t<p>\n\t\t<a href=\"\" target=\"_blank\" data-element=\"shortcode-suno-banner\" title=\"Banner SUNO, clique e saiba mais\">\n\t\t\t<picture>\n\t\t\t\t<source media=\"(max-width: 500px)\" srcset=\"\">\n\t\t\t\t<img class=\"newsContent__article__imgCapa newsContent__article__imgCapa--banner\"\n\t\t\t\t\tsrc=\"\"\n\t\t\t\t\tdata-promo-id=\"138420\"\t\t\t\t\t\t\t\t\t\t\t\t\t\t\talt=\"\"\n\t\t\t\t>\n\t\t\t<\/picture>\n\t\t<\/a>\n\t<\/p>\n\n\n\n\n\n<p>O <strong>Ibovespa hoje<\/strong> lida com bolsas mundiais no positivo, com alta de 0,14% no S&amp;P nas negocia\u00e7\u00f5es pr\u00e9 mercado dos EUA e avan\u00e7o de todos os \u00edndices europeus na faixa dos 0,5%.<\/p>\n\n\n\n<p>O radar pol\u00edtico conta com diversas movimenta\u00e7\u00f5es em contexto de transi\u00e7\u00e3o de governo.<\/p>\n\n\n\n<p><a href=\"https:\/\/www.suno.com.br\/noticias\/auxilio-brasil-fora-teto-gastos-stf\/\" target=\"_blank\" rel=\"noreferrer noopener\">O ministro do Supremo Tribunal Federal (STF) Gilmar Mendes decidiu<\/a> que os recursos utilizados em programas sociais, como o\u00a0<strong>Aux\u00edlio Brasil<\/strong>, n\u00e3o est\u00e3o inscritos na regra do\u00a0<a href=\"https:\/\/www.suno.com.br\/artigos\/teto-de-gastos\/\" target=\"_blank\" rel=\"noreferrer noopener\">teto de gastos<\/a>. A<\/p>\n\n\n\n<p> decis\u00e3o, publicada no domingo (18), abre portas para que o governo do presidente eleito Luiz In\u00e1cio Lula da Silva (PT) mantenha o pagamento de R$ 600 do futuro Bolsa Fam\u00edlia mesmo que a PEC (Proposta de Emenda \u00e0 Constitui\u00e7\u00e3o) da Transi\u00e7\u00e3o n\u00e3o seja aprovada no Congresso.<\/p>\n\n\n\n<p>Al\u00e9m disso, o STF forma maioria para derrubar as emendas de relator, o chamado or\u00e7amento secreto.<a href=\"https:\/\/lp.suno.com.br\/asset\/suno-energias-limpas-snel11\/\" target=\"_blank\" rel=\"noreferrer noopener\"><\/a><\/p>\n\n\n\n<p>Afora as movimenta\u00e7\u00f5es do judici\u00e1rio, o mercado de d\u00f3lar mostra uma alta de 0,15% na moeda americana, a R$ 5,340.<\/p>\n\n\n\n<p>A agenda de indicadores do dia \u00e9 mais enxuta, com somente a divulga\u00e7\u00e3o do Boletim Focus sendo divulgado no mercado dom\u00e9stico.<\/p>\n\n\n\n<p>O levantamento do BC mostrou pela segunda vez consecutiva proje\u00e7\u00f5es menores para o <a href=\"https:\/\/www.suno.com.br\/artigos\/ipca\/\" target=\"_blank\" rel=\"noreferrer noopener\">\u00cdndice Nacional de Pre\u00e7os ao Consumidor Amplo (IPCA)<\/a> em 2022, estimando 5,76% de infla\u00e7\u00e3o no acumulado do ano.<\/p>\n\n\n\n\t<div data-element=\"shortcode-read-more\" class=\"readToo\">\n\t\t\t\t<span class=\"readToo__title\">Leia mais<\/span>\n\t\t\t\t<ul class=\"readToo__list\">\n\t\t\t<li><a href=\"https:\/\/www.suno.com.br\/noticias\/stf-maioria-derrubar-orcamento-secreto\/\">STF derruba or\u00e7amento secreto e enfraquece posi\u00e7\u00e3o de Lira na C\u00e2mara<\/a><\/li><li><a href=\"https:\/\/www.suno.com.br\/noticias\/impeachment-stf-mudanca-lei\/\">Impeachment: Ministro do STF entrega &#8216;sugest\u00f5es&#8217; para mudar lei ao presidente Senado<\/a><\/li><li><a href=\"https:\/\/www.suno.com.br\/noticias\/petrobras-petr4-ferbasa-fesa4-agenda-dividendos\/\">Petrobras (PETR4), Ferbasa (FESA4): Veja as datas de corte e quem vai pagar dividendos na semana<\/a><\/li>\t\t<\/ul>\n\t<\/div>\n\n\n\n\n<h2 class=\"wp-block-heading\">Not\u00edcias que movimentam a Bolsa de Valores hoje<\/h2>\n\n\n\n<ul class=\"wp-block-list\">\n<li>Or\u00e7amento secreto cai com vota\u00e7\u00e3o do STF<\/li>\n\n\n\n<li>JCP da Localiza<\/li>\n\n\n\n<li>Focus prev\u00ea infla\u00e7\u00e3o menor pela segunda vez<\/li>\n<\/ul>\n\n\n\n<h2 class=\"wp-block-heading\">STF e a vota\u00e7\u00e3o do or\u00e7amento secreto<\/h2>\n\n\n\n<p>O ministro Gilmar Mendes votou nesta segunda (19) no julgamento do <strong>Or\u00e7amento Secreto<\/strong>.<\/p>\n\n\n\n<p>Antes dele Lewandowski tamb\u00e9m acompanhou a relatora e deu parecer no mesmo sentido de Gilmar, acompanhando a relatora e formando maioria pela inconstitucionalidade .<\/p>\n\n\n\n<p>Os dois votaram ap\u00f3s a vota\u00e7\u00e3o ser postergada com 9 votos na semana anterior.<\/p>\n\n\n\n<p>Ou seja, com os novos votos o placar fica 7 a 4.<\/p>\n\n\n\t<p>\n\t\t<a href=\"https:\/\/lp.suno.com.br\/planilha-controle-gastos\/\" target=\"_blank\" data-element=\"shortcode-suno-banner\" title=\"Banner SUNO, clique e saiba mais\">\n\t\t\t<picture>\n\t\t\t\t<source media=\"(max-width: 500px)\" srcset=\"https:\/\/files.sunoresearch.com.br\/n\/uploads\/2023\/03\/400x300-Planilha-controle-de-gastos.png\">\n\t\t\t\t<img class=\"newsContent__article__imgCapa newsContent__article__imgCapa--banner\"\n\t\t\t\t\tsrc=\"https:\/\/files.sunoresearch.com.br\/n\/uploads\/2023\/03\/1420x240-Planilha-controle-de-gastos.png\"\n\t\t\t\t\tdata-promo-id=\"101751\"\t\t\t\t\t\t\t\t\t\twidth='1420' height='240'\t\t\t\t\talt=\"https:\/\/files.sunoresearch.com.br\/n\/uploads\/2023\/03\/1420x240-Planilha-controle-de-gastos.png\"\n\t\t\t\t>\n\t\t\t<\/picture>\n\t\t<\/a>\n\t<\/p>\n\n\n\n\n\n<p>Andr\u00e9 Mendon\u00e7a, Nunes Marques, Dias Toffoli e Alexandre de Moraes votaram por manter o or\u00e7amento como constitucional, mas com mais transpar\u00eancia.<\/p>\n\n\n\n<p>Rosa Weber (relatora), Edson Fachin, Luiz Fux, C\u00e1rmen L\u00facia e Luis Roberto Barroso, Lewandowski e Gilmar Mendes votaram pela inconstitucionalidade.<\/p>\n\n\n\n<p>\u201cNo entanto, quero adiantar, apesar dos esfor\u00e7os, o Congresso n\u00e3o conseguiu se adequar ao que exige a Suprema Corte no que tange aos par\u00e2metros constitucionais que devem enquadrar as iniciativas processo or\u00e7amenta\u00e7\u00e3o. Embora a nova resolu\u00e7\u00e3o tenha representado grande avan\u00e7o, a experi\u00eancia legislativa revela que as normas n\u00e3o foram capazes de evitar a preponder\u00e2ncia dos poderes n\u00e3o institucionais do relator do or\u00e7amento\u201d, disse Lewandowski.<\/p>\n\n\n\n<h2 class=\"wp-block-heading\">Localiza pagar\u00e1 R$ 358 milh\u00f5es em JCP e anuncia aumento de capital<\/h2>\n\n\n\n<p>A <strong>Localiza (<a href=\"https:\/\/suno.com.br\/acoes\/rent3\/\" target=\"_blank\" rel=\"noreferrer noopener\">RENT3<\/a>)<\/strong> anunciou ao mercado que pagar\u00e1 R$ 358 milh\u00f5es em <a class=\"suno-keyword\" data-force=\"no\" data-priority=\"1\" href=\"https:\/\/www.suno.com.br\/artigos\/entenda-o-jcp\/\" target=\"_blank\" rel=\"noopener\">Juros sobre o Capital Pr\u00f3prio<\/a> (JCP) para seus acionistas. Al\u00e9m disso, a empresa pretende aumentar o capital em at\u00e9 R$ 180 milh\u00f5es com a emiss\u00e3o de novas a\u00e7\u00f5es.<\/p>\n\n\n\n<p>No comunicado enviado \u00e0 Comiss\u00e3o de Valores Mobili\u00e1rios (CVM) nesta segunda (19), o <a class=\"suno-keyword\" data-force=\"no\" data-priority=\"1\" href=\"https:\/\/www.suno.com.br\/artigos\/conselho-administracao\/\" target=\"_blank\" rel=\"noopener\">conselho de administra\u00e7\u00e3o<\/a> da Localiza explicou que o valor bruto dos <strong>proventos<\/strong> por a\u00e7\u00e3o ser\u00e1 de R$ 0,36617, que ser\u00e3o pagos em 13\/02\/23.<\/p>\n\n\n\n<p>O <a class=\"suno-keyword\" data-force=\"no\" data-priority=\"1\" href=\"https:\/\/www.suno.com.br\/artigos\/conselho-administracao\/\" target=\"_blank\" rel=\"noopener\">conselho de administra\u00e7\u00e3o<\/a> tamb\u00e9m aprovou o <strong>aumento de capital<\/strong> da Localiza. A ideia \u00e9 que a opera\u00e7\u00e3o arrecade, no m\u00ednimo, R$40.101.122,75 e, no m\u00e1ximo, R$ 180.699.996,75. Ser\u00e3o emitidas <a class=\"suno-keyword\" data-force=\"no\" data-priority=\"1\" href=\"https:\/\/www.suno.com.br\/artigos\/o-que-sao-acoes-ordinarias-preferenciais-e-units\/\" target=\"_blank\" rel=\"noopener\">a\u00e7\u00f5es ordin\u00e1rias<\/a>, nominativas, escriturais e sem <a class=\"suno-keyword\" data-force=\"no\" data-priority=\"1\" href=\"https:\/\/www.suno.com.br\/artigos\/valor-nominal\/\" target=\"_blank\" rel=\"noopener\">valor nominal<\/a>.<\/p>\n\n\n\n<p>No m\u00ednimo, ser\u00e3o emitidas 949.139 a\u00e7\u00f5es e, no m\u00e1ximo, 4.276.932 novos pap\u00e9is. O pre\u00e7o de emiss\u00e3o ser\u00e1 de R$ 42,25.<\/p>\n\n\n\n<h2 class=\"wp-block-heading\">Proje\u00e7\u00f5es do IPCA para 2022<\/h2>\n\n\n\n<p>O <strong><a href=\"https:\/\/www.suno.com.br\/artigos\/boletim-focus\/\" target=\"_blank\" rel=\"noreferrer noopener\">Boletim Focus<\/a><\/strong> divulgado <a href=\"https:\/\/www.bcb.gov.br\/content\/focus\/focus\/R20221216.pdf\" target=\"_blank\" rel=\"noreferrer noopener\">nesta segunda-feira (19)<\/a>, mostra pela segunda vez consecutiva proje\u00e7\u00f5es menores para o <a href=\"https:\/\/www.suno.com.br\/artigos\/ipca\/\" target=\"_blank\" rel=\"noreferrer noopener\">\u00cdndice Nacional de Pre\u00e7os ao Consumidor Amplo (IPCA)<\/a> em 2022, estimando 5,76% de infla\u00e7\u00e3o no acumulado do ano.<\/p>\n\n\n\n<p>Na semana anterior, as <strong>proje\u00e7\u00f5es de IPCA do Boletim Focus<\/strong> estimavam uma infla\u00e7\u00e3o de 5,79%. J\u00e1 h\u00e1 quatro semanas, as proje\u00e7\u00f5es eram de 5,88%.<\/p>\n\n\n\n<p>Veja abaixo as proje\u00e7\u00f5es do mercado financeiro:<\/p>\n\n\n\n<ul class=\"wp-block-list\">\n<li><strong>PIB:<\/strong> a proje\u00e7\u00e3o segue em 3,05%<\/li>\n\n\n\n<li><strong>IPCA: <\/strong>a proje\u00e7\u00e3o caiu para 5,76%<\/li>\n\n\n\n<li><strong>Taxa Selic:<\/strong> sem proje\u00e7\u00f5es (taxa mantida em 13,75% na \u00faltima reuni\u00e3o)<\/li>\n\n\n\n<li><strong>D\u00f3lar:<\/strong> a previs\u00e3o do c\u00e2mbio segue em R$ 5,25<\/li>\n\n\n\n<li><strong>Balan\u00e7a Comercial:<\/strong> a expectativa para o super\u00e1vit segue em US$ 55 bilh\u00f5es<\/li>\n\n\n\n<li><strong><a href=\"https:\/\/www.suno.com.br\/artigos\/investimento-estrangeiro-direto-ied\/\" target=\"_blank\" rel=\"noreferrer noopener\">Investimento Estrangeiro<\/a><\/strong><a href=\"https:\/\/www.suno.com.br\/artigos\/investimento-estrangeiro-direto-ied\/\" target=\"_blank\" rel=\"noreferrer noopener\"><strong> Direto<\/strong>:<\/a> a previs\u00e3o aumentou para US$ 80 bilh\u00f5es<\/li>\n\n\n\n<li><strong><a href=\"https:\/\/www.suno.com.br\/artigos\/deficit-primario\/\">D\u00edvida do Setor P\u00fablico<\/a>: <\/strong>a previs\u00e3o aumentou de 57,30% do PIB para 57,51% do PIB<\/li>\n<\/ul>\n\n\n\n<h2 class=\"wp-block-heading\" id=\"h-maiores-altas-do-ibovespa\">Maiores altas do Ibovespa<\/h2>\n\n\n\n<ul class=\"wp-block-list\">\n<li>AMER3: +4,5%<\/li>\n\n\n\n<li>MGLU3: +3,6%<\/li>\n\n\n\n<li>VIIA3: +3,6%<\/li>\n\n\n\n<li>YDUQ3: +3,5%<\/li>\n\n\n\n<li>SOMA3: +3,3%<\/li>\n<\/ul>\n\n\n\n<h2 class=\"wp-block-heading\" id=\"h-maiores-baixas-do-ibovespa\">Maiores baixas do Ibovespa<\/h2>\n\n\n\n<ul class=\"wp-block-list\">\n<li>USIM5: -2,1%<\/li>\n\n\n\n<li>IRBR3: -1,4%<\/li>\n\n\n\n<li>CMIN3: 1%<\/li>\n\n\n\n<li>BRAP4: -0,7%<\/li>\n\n\n\n<li>VALE3: -0,7%<\/li>\n<\/ul>\n\n\n\n<h2 class=\"wp-block-heading\" id=\"h-ultima-cotacao-do-ibovespa\">\u00daltima cota\u00e7\u00e3o do Ibovespa<\/h2>\n\n\n\n<p>O <strong>Ibovespa<\/strong> encerrou o preg\u00e3o da sexta-feira (16) em queda de 0,85%, aos 102.855 pontos.<\/p>\n\n\n\t<p>\n\t\t<a href=\"https:\/\/lp.suno.com.br\/planilha-da-vida-financeira\/\" target=\"_blank\" data-element=\"shortcode-suno-banner\" title=\"Banner SUNO, clique e saiba mais\">\n\t\t\t<picture>\n\t\t\t\t<source media=\"(max-width: 500px)\" srcset=\"https:\/\/files.sunoresearch.com.br\/n\/uploads\/2023\/04\/400x300-Planilha-vida-financeira-true.png\">\n\t\t\t\t<img class=\"newsContent__article__imgCapa newsContent__article__imgCapa--banner\"\n\t\t\t\t\tsrc=\"https:\/\/files.sunoresearch.com.br\/n\/uploads\/2023\/04\/1420x240-Planilha-vida-financeira-true.png\"\n\t\t\t\t\tdata-promo-id=\"106682\"\t\t\t\t\t\t\t\t\t\twidth='1420' height='240'\t\t\t\t\talt=\"https:\/\/files.sunoresearch.com.br\/n\/uploads\/2023\/04\/1420x240-Planilha-vida-financeira-true.png\"\n\t\t\t\t>\n\t\t\t<\/picture>\n\t\t<\/a>\n\t<\/p>\n\n\n","protected":false},"excerpt":{"rendered":"<p>O Ibovespa abre o preg\u00e3o desta segunda-feira (19) em alta de 0,80% aos 103.676 pontos, com varejistas na ponta positiva do \u00edndice, ante uma queda das companhias de commodities e el\u00e9tricas &#8211; especialmente as vinculadas ao min\u00e9rio de ferro. O Ibovespa hoje lida com bolsas mundiais no positivo, com alta de 0,14% no S&amp;P nas [&hellip;]<\/p>\n","protected":false},"author":73,"featured_media":329419,"comment_status":"closed","ping_status":"closed","sticky":false,"template":"","format":"standard","meta":[],"categories":[60],"tags":[106946,721,106948,548],"suno_strategy":[],"class_list":["post-336810","post","type-post","status-publish","format-standard","has-post-thumbnail","hentry","category-mercado","tag-ibov-alta","tag-ibovespa","tag-ibovespa-abertura","tag-magazine-luiza-mglu3"],"yoast_head":"<!-- This site is optimized with the Yoast SEO plugin v24.4 - https:\/\/yoast.com\/wordpress\/plugins\/seo\/ -->\n<title>Ibovespa sobe aos 103 mil pontos; Magalu (MGLU3) e varejistas lideram altas<\/title>\n<meta name=\"description\" content=\"Clique aqui e acompanhe as principais not\u00edcias do Ibovespa e das bolsas de valores mundiais, com not\u00edcias e cota\u00e7\u00f5es de a\u00e7\u00f5es!\" \/>\n<meta name=\"robots\" content=\"index, follow, max-snippet:-1, max-image-preview:large, max-video-preview:-1\" \/>\n<link rel=\"canonical\" href=\"https:\/\/www.suno.com.br\/noticias\/ibovespa-hoje-19122022-magazine-luiza-mglu3\/\" \/>\n<meta property=\"og:locale\" content=\"pt_BR\" \/>\n<meta property=\"og:type\" content=\"article\" \/>\n<meta property=\"og:title\" content=\"Ibovespa sobe aos 103 mil pontos; Magalu (MGLU3) e varejistas lideram altas\" \/>\n<meta property=\"og:description\" content=\"Clique aqui e acompanhe as principais not\u00edcias do Ibovespa e das bolsas de valores mundiais, com not\u00edcias e cota\u00e7\u00f5es de a\u00e7\u00f5es!\" \/>\n<meta property=\"og:url\" content=\"https:\/\/www.suno.com.br\/noticias\/ibovespa-hoje-19122022-magazine-luiza-mglu3\/\" \/>\n<meta property=\"og:site_name\" content=\"Suno Not\u00edcias\" \/>\n<meta property=\"article:publisher\" content=\"https:\/\/facebook.com\/sunoresearch\" \/>\n<meta property=\"og:image\" content=\"https:\/\/files.sunoresearch.com.br\/n\/uploads\/2022\/12\/Ibovespa-B3.jpg\" \/>\n\t<meta property=\"og:image:width\" content=\"1280\" \/>\n\t<meta property=\"og:image:height\" content=\"854\" \/>\n\t<meta property=\"og:image:type\" content=\"image\/jpeg\" \/>\n<meta name=\"author\" content=\"Eduardo Vargas\" \/>\n<meta name=\"twitter:card\" content=\"summary_large_image\" \/>\n<meta name=\"twitter:creator\" content=\"@sunoresearch\" \/>\n<meta name=\"twitter:site\" content=\"@sunoresearch\" \/>\n<meta name=\"twitter:label1\" content=\"Escrito por\" \/>\n\t<meta name=\"twitter:data1\" content=\"Eduardo Vargas\" \/>\n\t<meta name=\"twitter:label2\" content=\"Est. tempo de leitura\" \/>\n\t<meta name=\"twitter:data2\" content=\"5 minutos\" \/>\n<script type=\"application\/ld+json\" class=\"yoast-schema-graph\">{\"@context\":\"https:\/\/schema.org\",\"@graph\":[{\"@type\":\"NewsArticle\",\"@id\":\"https:\/\/www.suno.com.br\/noticias\/ibovespa-hoje-19122022-magazine-luiza-mglu3\/#article\",\"isPartOf\":{\"@id\":\"https:\/\/www.suno.com.br\/noticias\/ibovespa-hoje-19122022-magazine-luiza-mglu3\/\"},\"author\":{\"name\":\"Eduardo Vargas\",\"@id\":\"https:\/\/www.suno.com.br\/noticias\/#\/schema\/person\/7f4d362bf3518e76090143ae77bb49a5\"},\"headline\":\"Ibovespa sobe aos 103 mil pontos; Magazine Luiza (MGLU3) e varejistas lideram altas\",\"datePublished\":\"2022-12-19T13:37:46+00:00\",\"dateModified\":\"2022-12-19T14:54:33+00:00\",\"mainEntityOfPage\":{\"@id\":\"https:\/\/www.suno.com.br\/noticias\/ibovespa-hoje-19122022-magazine-luiza-mglu3\/\"},\"wordCount\":856,\"publisher\":{\"@id\":\"https:\/\/www.suno.com.br\/noticias\/#organization\"},\"image\":{\"@id\":\"https:\/\/www.suno.com.br\/noticias\/ibovespa-hoje-19122022-magazine-luiza-mglu3\/#primaryimage\"},\"thumbnailUrl\":\"https:\/\/files.sunoresearch.com.br\/n\/uploads\/2022\/12\/Ibovespa-B3.jpg\",\"keywords\":[\"Ibov alta\",\"Ibovespa\",\"Ibovespa abertura\",\"Magazine Luiza (MGLU3)\"],\"articleSection\":[\"Mercado\"],\"inLanguage\":\"pt-BR\"},{\"@type\":\"WebPage\",\"@id\":\"https:\/\/www.suno.com.br\/noticias\/ibovespa-hoje-19122022-magazine-luiza-mglu3\/\",\"url\":\"https:\/\/www.suno.com.br\/noticias\/ibovespa-hoje-19122022-magazine-luiza-mglu3\/\",\"name\":\"Ibovespa sobe aos 103 mil pontos; Magalu (MGLU3) e varejistas lideram altas\",\"isPartOf\":{\"@id\":\"https:\/\/www.suno.com.br\/noticias\/#website\"},\"primaryImageOfPage\":{\"@id\":\"https:\/\/www.suno.com.br\/noticias\/ibovespa-hoje-19122022-magazine-luiza-mglu3\/#primaryimage\"},\"image\":{\"@id\":\"https:\/\/www.suno.com.br\/noticias\/ibovespa-hoje-19122022-magazine-luiza-mglu3\/#primaryimage\"},\"thumbnailUrl\":\"https:\/\/files.sunoresearch.com.br\/n\/uploads\/2022\/12\/Ibovespa-B3.jpg\",\"datePublished\":\"2022-12-19T13:37:46+00:00\",\"dateModified\":\"2022-12-19T14:54:33+00:00\",\"description\":\"Clique aqui e acompanhe as principais not\u00edcias do Ibovespa e das bolsas de valores mundiais, com not\u00edcias e cota\u00e7\u00f5es de a\u00e7\u00f5es!\",\"breadcrumb\":{\"@id\":\"https:\/\/www.suno.com.br\/noticias\/ibovespa-hoje-19122022-magazine-luiza-mglu3\/#breadcrumb\"},\"inLanguage\":\"pt-BR\",\"potentialAction\":[{\"@type\":\"ReadAction\",\"target\":[\"https:\/\/www.suno.com.br\/noticias\/ibovespa-hoje-19122022-magazine-luiza-mglu3\/\"]}]},{\"@type\":\"ImageObject\",\"inLanguage\":\"pt-BR\",\"@id\":\"https:\/\/www.suno.com.br\/noticias\/ibovespa-hoje-19122022-magazine-luiza-mglu3\/#primaryimage\",\"url\":\"https:\/\/files.sunoresearch.com.br\/n\/uploads\/2022\/12\/Ibovespa-B3.jpg\",\"contentUrl\":\"https:\/\/files.sunoresearch.com.br\/n\/uploads\/2022\/12\/Ibovespa-B3.jpg\",\"width\":1280,\"height\":854,\"caption\":\"Ibovespa, a bolsa brasileira. Foto: Divulga\u00e7\u00e3o\"},{\"@type\":\"BreadcrumbList\",\"@id\":\"https:\/\/www.suno.com.br\/noticias\/ibovespa-hoje-19122022-magazine-luiza-mglu3\/#breadcrumb\",\"itemListElement\":[{\"@type\":\"ListItem\",\"position\":1,\"name\":\"Not\u00edcias\",\"item\":\"https:\/\/www.suno.com.br\/noticias\/\"},{\"@type\":\"ListItem\",\"position\":2,\"name\":\"Mercado\",\"item\":\"https:\/\/www.suno.com.br\/noticias\/mercado\/\"},{\"@type\":\"ListItem\",\"position\":3,\"name\":\"Ibovespa sobe aos 103 mil pontos; Magazine Luiza (MGLU3) e varejistas lideram altas\"}]},{\"@type\":\"WebSite\",\"@id\":\"https:\/\/www.suno.com.br\/noticias\/#website\",\"url\":\"https:\/\/www.suno.com.br\/noticias\/\",\"name\":\"Suno Not\u00edcias\",\"description\":\"Seu portal de informa\u00e7\u00e3o sobre o mundo dos investimentos\",\"publisher\":{\"@id\":\"https:\/\/www.suno.com.br\/noticias\/#organization\"},\"potentialAction\":[{\"@type\":\"SearchAction\",\"target\":{\"@type\":\"EntryPoint\",\"urlTemplate\":\"https:\/\/www.suno.com.br\/noticias\/?s={search_term_string}\"},\"query-input\":{\"@type\":\"PropertyValueSpecification\",\"valueRequired\":true,\"valueName\":\"search_term_string\"}}],\"inLanguage\":\"pt-BR\"},{\"@type\":\"Organization\",\"@id\":\"https:\/\/www.suno.com.br\/noticias\/#organization\",\"name\":\"Suno Not\u00edcias\",\"url\":\"https:\/\/www.suno.com.br\/noticias\/\",\"logo\":{\"@type\":\"ImageObject\",\"inLanguage\":\"pt-BR\",\"@id\":\"https:\/\/www.suno.com.br\/noticias\/#\/schema\/logo\/image\/\",\"url\":\"https:\/\/files.sunoresearch.com.br\/n\/uploads\/2021\/09\/suno-logo.png\",\"contentUrl\":\"https:\/\/files.sunoresearch.com.br\/n\/uploads\/2021\/09\/suno-logo.png\",\"width\":180,\"height\":180,\"caption\":\"Suno Not\u00edcias\"},\"image\":{\"@id\":\"https:\/\/www.suno.com.br\/noticias\/#\/schema\/logo\/image\/\"},\"sameAs\":[\"https:\/\/facebook.com\/sunoresearch\",\"https:\/\/x.com\/sunoresearch\",\"https:\/\/www.instagram.com\/suno\",\"https:\/\/www.linkedin.com\/company\/suno-research\/\",\"https:\/\/www.youtube.com\/c\/sunoresearch\"]},{\"@type\":\"Person\",\"@id\":\"https:\/\/www.suno.com.br\/noticias\/#\/schema\/person\/7f4d362bf3518e76090143ae77bb49a5\",\"name\":\"Eduardo Vargas\",\"image\":{\"@type\":\"ImageObject\",\"inLanguage\":\"pt-BR\",\"@id\":\"https:\/\/www.suno.com.br\/noticias\/#\/schema\/person\/image\/\",\"url\":\"https:\/\/secure.gravatar.com\/avatar\/dac340933427a22924c9f99d1eb2e3f2?s=96&r=g\",\"contentUrl\":\"https:\/\/secure.gravatar.com\/avatar\/dac340933427a22924c9f99d1eb2e3f2?s=96&r=g\",\"caption\":\"Eduardo Vargas\"},\"description\":\"Jornalista formado pela UFSC, cobre macroeconomia, neg\u00f3cios e startups para o Suno Not\u00edcias, escrevendo principalmente not\u00edcias sobre o mercado financeiro e a bolsa de valores. No YouTube e no Instagram, \u00e9 respons\u00e1vel pela produ\u00e7\u00e3o de Reels e Shorts do Suno Not\u00edcias. Anteriormente, trabalhou cobrindo economia e cotidiano no ND+ e para o ND, maior jornal impresso de Santa Catarina. Cursou um semestre letivo de Estudos de M\u00eddia na Universidad de Buenos Aires.\",\"url\":\"https:\/\/www.suno.com.br\/noticias\/author\/eduardo-vargas\/\"}]}<\/script>\n<!-- \/ Yoast SEO plugin. -->","yoast_head_json":{"title":"Ibovespa sobe aos 103 mil pontos; Magalu (MGLU3) e varejistas lideram altas","description":"Clique aqui e acompanhe as principais not\u00edcias do Ibovespa e das bolsas de valores mundiais, com not\u00edcias e cota\u00e7\u00f5es de a\u00e7\u00f5es!","robots":{"index":"index","follow":"follow","max-snippet":"max-snippet:-1","max-image-preview":"max-image-preview:large","max-video-preview":"max-video-preview:-1"},"canonical":"https:\/\/www.suno.com.br\/noticias\/ibovespa-hoje-19122022-magazine-luiza-mglu3\/","og_locale":"pt_BR","og_type":"article","og_title":"Ibovespa sobe aos 103 mil pontos; Magalu (MGLU3) e varejistas lideram altas","og_description":"Clique aqui e acompanhe as principais not\u00edcias do Ibovespa e das bolsas de valores mundiais, com not\u00edcias e cota\u00e7\u00f5es de a\u00e7\u00f5es!","og_url":"https:\/\/www.suno.com.br\/noticias\/ibovespa-hoje-19122022-magazine-luiza-mglu3\/","og_site_name":"Suno Not\u00edcias","article_publisher":"https:\/\/facebook.com\/sunoresearch","og_image":[{"width":1280,"height":854,"url":"https:\/\/files.sunoresearch.com.br\/n\/uploads\/2022\/12\/Ibovespa-B3.jpg","type":"image\/jpeg"}],"author":"Eduardo Vargas","twitter_card":"summary_large_image","twitter_creator":"@sunoresearch","twitter_site":"@sunoresearch","twitter_misc":{"Escrito por":"Eduardo Vargas","Est. tempo de leitura":"5 minutos"},"schema":{"@context":"https:\/\/schema.org","@graph":[{"@type":"NewsArticle","@id":"https:\/\/www.suno.com.br\/noticias\/ibovespa-hoje-19122022-magazine-luiza-mglu3\/#article","isPartOf":{"@id":"https:\/\/www.suno.com.br\/noticias\/ibovespa-hoje-19122022-magazine-luiza-mglu3\/"},"author":{"name":"Eduardo Vargas","@id":"https:\/\/www.suno.com.br\/noticias\/#\/schema\/person\/7f4d362bf3518e76090143ae77bb49a5"},"headline":"Ibovespa sobe aos 103 mil pontos; Magazine Luiza (MGLU3) e varejistas lideram altas","datePublished":"2022-12-19T13:37:46+00:00","dateModified":"2022-12-19T14:54:33+00:00","mainEntityOfPage":{"@id":"https:\/\/www.suno.com.br\/noticias\/ibovespa-hoje-19122022-magazine-luiza-mglu3\/"},"wordCount":856,"publisher":{"@id":"https:\/\/www.suno.com.br\/noticias\/#organization"},"image":{"@id":"https:\/\/www.suno.com.br\/noticias\/ibovespa-hoje-19122022-magazine-luiza-mglu3\/#primaryimage"},"thumbnailUrl":"https:\/\/files.sunoresearch.com.br\/n\/uploads\/2022\/12\/Ibovespa-B3.jpg","keywords":["Ibov alta","Ibovespa","Ibovespa abertura","Magazine Luiza (MGLU3)"],"articleSection":["Mercado"],"inLanguage":"pt-BR"},{"@type":"WebPage","@id":"https:\/\/www.suno.com.br\/noticias\/ibovespa-hoje-19122022-magazine-luiza-mglu3\/","url":"https:\/\/www.suno.com.br\/noticias\/ibovespa-hoje-19122022-magazine-luiza-mglu3\/","name":"Ibovespa sobe aos 103 mil pontos; Magalu (MGLU3) e varejistas lideram altas","isPartOf":{"@id":"https:\/\/www.suno.com.br\/noticias\/#website"},"primaryImageOfPage":{"@id":"https:\/\/www.suno.com.br\/noticias\/ibovespa-hoje-19122022-magazine-luiza-mglu3\/#primaryimage"},"image":{"@id":"https:\/\/www.suno.com.br\/noticias\/ibovespa-hoje-19122022-magazine-luiza-mglu3\/#primaryimage"},"thumbnailUrl":"https:\/\/files.sunoresearch.com.br\/n\/uploads\/2022\/12\/Ibovespa-B3.jpg","datePublished":"2022-12-19T13:37:46+00:00","dateModified":"2022-12-19T14:54:33+00:00","description":"Clique aqui e acompanhe as principais not\u00edcias do Ibovespa e das bolsas de valores mundiais, com not\u00edcias e cota\u00e7\u00f5es de a\u00e7\u00f5es!","breadcrumb":{"@id":"https:\/\/www.suno.com.br\/noticias\/ibovespa-hoje-19122022-magazine-luiza-mglu3\/#breadcrumb"},"inLanguage":"pt-BR","potentialAction":[{"@type":"ReadAction","target":["https:\/\/www.suno.com.br\/noticias\/ibovespa-hoje-19122022-magazine-luiza-mglu3\/"]}]},{"@type":"ImageObject","inLanguage":"pt-BR","@id":"https:\/\/www.suno.com.br\/noticias\/ibovespa-hoje-19122022-magazine-luiza-mglu3\/#primaryimage","url":"https:\/\/files.sunoresearch.com.br\/n\/uploads\/2022\/12\/Ibovespa-B3.jpg","contentUrl":"https:\/\/files.sunoresearch.com.br\/n\/uploads\/2022\/12\/Ibovespa-B3.jpg","width":1280,"height":854,"caption":"Ibovespa, a bolsa brasileira. Foto: Divulga\u00e7\u00e3o"},{"@type":"BreadcrumbList","@id":"https:\/\/www.suno.com.br\/noticias\/ibovespa-hoje-19122022-magazine-luiza-mglu3\/#breadcrumb","itemListElement":[{"@type":"ListItem","position":1,"name":"Not\u00edcias","item":"https:\/\/www.suno.com.br\/noticias\/"},{"@type":"ListItem","position":2,"name":"Mercado","item":"https:\/\/www.suno.com.br\/noticias\/mercado\/"},{"@type":"ListItem","position":3,"name":"Ibovespa sobe aos 103 mil pontos; Magazine Luiza (MGLU3) e varejistas lideram altas"}]},{"@type":"WebSite","@id":"https:\/\/www.suno.com.br\/noticias\/#website","url":"https:\/\/www.suno.com.br\/noticias\/","name":"Suno Not\u00edcias","description":"Seu portal de informa\u00e7\u00e3o sobre o mundo dos investimentos","publisher":{"@id":"https:\/\/www.suno.com.br\/noticias\/#organization"},"potentialAction":[{"@type":"SearchAction","target":{"@type":"EntryPoint","urlTemplate":"https:\/\/www.suno.com.br\/noticias\/?s={search_term_string}"},"query-input":{"@type":"PropertyValueSpecification","valueRequired":true,"valueName":"search_term_string"}}],"inLanguage":"pt-BR"},{"@type":"Organization","@id":"https:\/\/www.suno.com.br\/noticias\/#organization","name":"Suno Not\u00edcias","url":"https:\/\/www.suno.com.br\/noticias\/","logo":{"@type":"ImageObject","inLanguage":"pt-BR","@id":"https:\/\/www.suno.com.br\/noticias\/#\/schema\/logo\/image\/","url":"https:\/\/files.sunoresearch.com.br\/n\/uploads\/2021\/09\/suno-logo.png","contentUrl":"https:\/\/files.sunoresearch.com.br\/n\/uploads\/2021\/09\/suno-logo.png","width":180,"height":180,"caption":"Suno Not\u00edcias"},"image":{"@id":"https:\/\/www.suno.com.br\/noticias\/#\/schema\/logo\/image\/"},"sameAs":["https:\/\/facebook.com\/sunoresearch","https:\/\/x.com\/sunoresearch","https:\/\/www.instagram.com\/suno","https:\/\/www.linkedin.com\/company\/suno-research\/","https:\/\/www.youtube.com\/c\/sunoresearch"]},{"@type":"Person","@id":"https:\/\/www.suno.com.br\/noticias\/#\/schema\/person\/7f4d362bf3518e76090143ae77bb49a5","name":"Eduardo Vargas","image":{"@type":"ImageObject","inLanguage":"pt-BR","@id":"https:\/\/www.suno.com.br\/noticias\/#\/schema\/person\/image\/","url":"https:\/\/secure.gravatar.com\/avatar\/dac340933427a22924c9f99d1eb2e3f2?s=96&r=g","contentUrl":"https:\/\/secure.gravatar.com\/avatar\/dac340933427a22924c9f99d1eb2e3f2?s=96&r=g","caption":"Eduardo Vargas"},"description":"Jornalista formado pela UFSC, cobre macroeconomia, neg\u00f3cios e startups para o Suno Not\u00edcias, escrevendo principalmente not\u00edcias sobre o mercado financeiro e a bolsa de valores. No YouTube e no Instagram, \u00e9 respons\u00e1vel pela produ\u00e7\u00e3o de Reels e Shorts do Suno Not\u00edcias. Anteriormente, trabalhou cobrindo economia e cotidiano no ND+ e para o ND, maior jornal impresso de Santa Catarina. Cursou um semestre letivo de Estudos de M\u00eddia na Universidad de Buenos Aires.","url":"https:\/\/www.suno.com.br\/noticias\/author\/eduardo-vargas\/"}]}},"default_loop_html":"<div class=\"cardsPage__listCard__boxs\"><div class=\"cardsPage__listCard__boxs__img\"><a href=\"https:\/\/www.suno.com.br\/noticias\/ibovespa-hoje-19122022-magazine-luiza-mglu3\/\"><img class=\"mask\" src=\"https:\/\/www.suno.com.br\/noticias\/wp-content\/themes\/suno\/resources\/images\/spotlight\/spotlight1img\/bg-mask.png\" alt=\"Image Mask\"\/><img src=\"https:\/\/files.sunoresearch.com.br\/n\/uploads\/2022\/12\/Ibovespa-B3-400x200.jpg\" alt=\"Ibovespa sobe aos 103 mil pontos; Magazine Luiza (MGLU3) e varejistas lideram altas\"\/><\/a><span class=\"spotlightCategory\"><a href=\"https:\/\/www.suno.com.br\/noticias\/mercado\/\">Mercado<\/a><\/span><\/div><div class=\"cardsPage__listCard__boxs__content\"><a href=\"https:\/\/www.suno.com.br\/noticias\/ibovespa-hoje-19122022-magazine-luiza-mglu3\/\"><h2 class=\"content__title\">Ibovespa sobe aos 103 mil pontos; Magazine Luiza (MGLU3) e varejistas lideram altas<\/h2><\/a><div class=\"newsContent__article__meta\"><div class=\"newsContent__article__meta__authorBox\"><a href=\"https:\/\/www.suno.com.br\/noticias\/author\/redacao-suno\/\" class=\"authorBox__avatar noMobi\"><img src=\"https:\/\/files.sunoresearch.com.br\/n\/uploads\/2020\/08\/0ace682d-redacao-1-150x150.webp\" alt=\"Reda\u00e7\u00e3o Suno Not\u00edcias\"><\/a><div class=\"authorBox__name\"><span>por\n\t\t\t<a href=\"https:\/\/www.suno.com.br\/noticias\/author\/redacao-suno\/\"><span itemprop=\"author\">Reda\u00e7\u00e3o Suno Not\u00edcias<\/span><\/a><\/span><time datetime=\"2022-12-19T10:37:46-03:00\" itemprop=\"datePublished\">19\/12\/2022 10:37<\/time><\/div><\/div><\/div><\/div><\/div>","single_layout":"posts","amp_enabled":true,"_links":{"self":[{"href":"https:\/\/www.suno.com.br\/noticias\/wp-json\/wp\/v2\/posts\/336810"}],"collection":[{"href":"https:\/\/www.suno.com.br\/noticias\/wp-json\/wp\/v2\/posts"}],"about":[{"href":"https:\/\/www.suno.com.br\/noticias\/wp-json\/wp\/v2\/types\/post"}],"author":[{"embeddable":true,"href":"https:\/\/www.suno.com.br\/noticias\/wp-json\/wp\/v2\/users\/73"}],"replies":[{"embeddable":true,"href":"https:\/\/www.suno.com.br\/noticias\/wp-json\/wp\/v2\/comments?post=336810"}],"version-history":[{"count":3,"href":"https:\/\/www.suno.com.br\/noticias\/wp-json\/wp\/v2\/posts\/336810\/revisions"}],"predecessor-version":[{"id":336874,"href":"https:\/\/www.suno.com.br\/noticias\/wp-json\/wp\/v2\/posts\/336810\/revisions\/336874"}],"wp:featuredmedia":[{"embeddable":true,"href":"https:\/\/www.suno.com.br\/noticias\/wp-json\/wp\/v2\/media\/329419"}],"wp:attachment":[{"href":"https:\/\/www.suno.com.br\/noticias\/wp-json\/wp\/v2\/media?parent=336810"}],"wp:term":[{"taxonomy":"category","embeddable":true,"href":"https:\/\/www.suno.com.br\/noticias\/wp-json\/wp\/v2\/categories?post=336810"},{"taxonomy":"post_tag","embeddable":true,"href":"https:\/\/www.suno.com.br\/noticias\/wp-json\/wp\/v2\/tags?post=336810"},{"taxonomy":"suno_strategy","embeddable":true,"href":"https:\/\/www.suno.com.br\/noticias\/wp-json\/wp\/v2\/suno_strategy?post=336810"}],"curies":[{"name":"wp","href":"https:\/\/api.w.org\/{rel}","templated":true}]}}